{"id":480977,"date":"2014-01-31T12:50:51","date_gmt":"2014-01-31T13:50:51","guid":{"rendered":"http:\/\/www.eldigitaldeasturias.com\/noticias\/?p=480977"},"modified":"2014-01-31T12:50:51","modified_gmt":"2014-01-31T13:50:51","slug":"ocho-palestinos-heridos-en-ataques-aereos-israelies-en-posiciones-en-gaza","status":"publish","type":"post","link":"https:\/\/www.eldigitaldeasturias.com\/noticias\/ocho-palestinos-heridos-en-ataques-aereos-israelies-en-posiciones-en-gaza\/","title":{"rendered":"Ocho palestinos heridos en ataques a\u00e9reos israel\u00edes en posiciones en Gaza"},"content":{"rendered":"<p><img loading=\"lazy\" decoding=\"async\" class=\"alignleft size-medium wp-image-480978\" alt=\"5894437w\" src=\"https:\/\/www.eldigitaldeasturias.com\/noticias\/wp-content\/uploads\/2014\/01\/5894437w-360x236.jpg\" width=\"360\" height=\"236\" \/>Gaza, 31 ene (EFE).- Al menos ochos personas resultaron heridas hoy en un ataque lanzado por la aviaci\u00f3n de combate israel\u00ed en tres posiciones en Gaza en represalia por el disparo de un cohete que cay\u00f3 en un \u00e1rea deshabitada en el sur del pa\u00eds, sin causar v\u00edctimas.<\/p>\n<p>Fuentes de seguridad en la Franja explicaron que cazabombarderos F-16 dispararon varias salvas de misiles contra posiciones del movimiento islamista Hamas y el grupo radical \u00abYihad Islamiya\u00bb en el norte, el oeste y el sur de Gaza.<\/p>\n<p>Las v\u00edctimas se encontraban en la localidad meridional de Rafah, cercana a la frontera con Egipto, indicaron, por su parte, responsables m\u00e9dicos.<\/p>\n<p>El Ej\u00e9rcito israel\u00ed confirm\u00f3 el ataque y afirm\u00f3 que los objetivos alcanzados eran un dep\u00f3sito de municiones y una f\u00e1brica de armas en el sur de Gaza.<\/p>\n<p>Horas antes, un cohete procedente de la franja hab\u00eda impactado en una zona deshabitada cercana al Consejo Regional de Sdot Neguev, en el sur del pa\u00eds.<\/p>\n<p>A este respecto, el ministro israel\u00ed de Defensa, Moshe Yaalon, volvi\u00f3 a advertir hoy de que su pa\u00eds no permitir\u00e1 el lanzamiento de cohetes desde la Gaza y perseguir\u00e1 a todo aquel que quiera expandir el terror.<\/p>\n<p>\u00abNo toleraremos el disparo de cohetes contra Israel. El Ej\u00e9rcito y otras fuerzas de Seguridad continuar\u00e1n persiguiendo a aquellos que disparan contra Israel o tratan de ejecutar acciones terroristas, y no dudar\u00e1 en atacarlos\u00bb, afirm\u00f3 Yaalon.<\/p>\n<p>En el \u00faltimo mes, m\u00e1s de una veintena de estos proyectiles han sido lanzados desde Gaza a Israel, que responsabiliza de los disparos a los grupos Yihad Islamiya y Hamas, que desde 2007 controla Gaza.<\/p>\n<p>En respuesta, Israel ha realizado una veintena de incursiones y ataques en la Franja, y dos operaciones selectivas contra presuntos miembros de la Yihad.<\/p>\n<p>Esta \u00faltima organizaci\u00f3n ha clamado venganza y ha advertido a Israel de que la continuidad de los ataques puede conducir a la ruptura del alto el fuego pactado en noviembre de 2012 con mediaci\u00f3n egipcia, y que puso fin a diez d\u00edas de combates en los que murieron 180 palestinos.<\/p>\n","protected":false},"excerpt":{"rendered":"<p>Gaza, 31 ene (EFE).- Al menos ochos personas resultaron heridas hoy en un ataque lanzado por la aviaci\u00f3n de combate israel\u00ed en tres posiciones en Gaza en represalia por el disparo de un cohete que cay\u00f3 en un \u00e1rea deshabitada en el sur del pa\u00eds, sin causar v\u00edctimas. Fuentes de seguridad en la Franja explicaron [&hellip;]<\/p>\n","protected":false},"author":1,"featured_media":1132184,"comment_status":"closed","ping_status":"open","sticky":false,"template":"","format":"standard","meta":{"footnotes":""},"categories":[1],"tags":[],"class_list":["post-480977","post","type-post","status-publish","format-standard","has-post-thumbnail","hentry","category-actualidad"],"aioseo_notices":[],"aioseo_head":"\n\t\t<!-- All in One SEO Pro 5.0.1 - aioseo.com -->\n\t<meta name=\"description\" content=\"Gaza, 31 ene (EFE).- Al menos ochos personas resultaron heridas hoy en un ataque lanzado por la aviaci\u00f3n de combate israel\u00ed en tres posiciones en Gaza en represalia por el disparo de un cohete que cay\u00f3 en un \u00e1rea deshabitada en el sur del pa\u00eds, sin causar v\u00edctimas. Fuentes de seguridad en la Franja explicaron\" \/>\n\t<meta name=\"robots\" content=\"max-image-preview:large\" \/>\n\t<meta name=\"author\" content=\"El Digital de Asturias\"\/>\n\t<meta name=\"google-site-verification\" content=\"UA-38556648-1\" \/>\n\t<meta name=\"msvalidate.01\" content=\"7dfe9f3f1b24437ab69f4f2559babe99\" \/>\n\t<meta name=\"keywords\" content=\"actualidad\" \/>\n\t<link rel=\"canonical\" href=\"https:\/\/www.eldigitaldeasturias.com\/noticias\/ocho-palestinos-heridos-en-ataques-aereos-israelies-en-posiciones-en-gaza\/\" \/>\n\t<meta name=\"generator\" content=\"All in One SEO Pro (AIOSEO) 5.0.1\" \/>\n\t\t<meta property=\"og:locale\" content=\"es_ES\" \/>\n\t\t<meta property=\"og:site_name\" content=\"El Digital de Asturias\" \/>\n\t\t<meta property=\"og:type\" content=\"article\" \/>\n\t\t<meta property=\"og:title\" content=\"Ocho palestinos heridos en ataques a\u00e9reos israel\u00edes en posiciones en Gaza - El Digital de Asturias\" \/>\n\t\t<meta property=\"og:description\" content=\"Gaza, 31 ene (EFE).- Al menos ochos personas resultaron heridas hoy en un ataque lanzado por la aviaci\u00f3n de combate israel\u00ed en tres posiciones en Gaza en represalia por el disparo de un cohete que cay\u00f3 en un \u00e1rea deshabitada en el sur del pa\u00eds, sin causar v\u00edctimas. Fuentes de seguridad en la Franja explicaron\" \/>\n\t\t<meta property=\"og:url\" content=\"https:\/\/www.eldigitaldeasturias.com\/noticias\/ocho-palestinos-heridos-en-ataques-aereos-israelies-en-posiciones-en-gaza\/\" \/>\n\t\t<meta property=\"og:image\" content=\"https:\/\/www.eldigitaldeasturias.com\/noticias\/wp-content\/uploads\/2026\/06\/Contenidos.jpg\" \/>\n\t\t<meta property=\"og:image:secure_url\" content=\"https:\/\/www.eldigitaldeasturias.com\/noticias\/wp-content\/uploads\/2026\/06\/Contenidos.jpg\" \/>\n\t\t<meta property=\"og:image:width\" content=\"1265\" \/>\n\t\t<meta property=\"og:image:height\" content=\"697\" \/>\n\t\t<meta property=\"article:tag\" content=\"actualidad\" \/>\n\t\t<meta property=\"article:published_time\" content=\"2014-01-31T13:50:51+00:00\" \/>\n\t\t<meta property=\"article:modified_time\" content=\"2014-01-31T13:50:51+00:00\" \/>\n\t\t<meta property=\"article:publisher\" content=\"https:\/\/facebook.com\/eldigitaldeasturias\" \/>\n\t\t<meta name=\"twitter:card\" content=\"summary_large_image\" \/>\n\t\t<meta name=\"twitter:title\" content=\"Ocho palestinos heridos en ataques a\u00e9reos israel\u00edes en posiciones en Gaza - El Digital de Asturias\" \/>\n\t\t<meta name=\"twitter:description\" content=\"Gaza, 31 ene (EFE).- Al menos ochos personas resultaron heridas hoy en un ataque lanzado por la aviaci\u00f3n de combate israel\u00ed en tres posiciones en Gaza en represalia por el disparo de un cohete que cay\u00f3 en un \u00e1rea deshabitada en el sur del pa\u00eds, sin causar v\u00edctimas. Fuentes de seguridad en la Franja explicaron\" \/>\n\t\t<meta name=\"twitter:image\" content=\"https:\/\/www.eldigitaldeasturias.com\/noticias\/wp-content\/uploads\/2026\/06\/Contenidos.jpg\" \/>\n\t\t<meta name=\"twitter:label1\" content=\"Escrito por\" \/>\n\t\t<meta name=\"twitter:data1\" content=\"El Digital de Asturias\" \/>\n\t\t<meta name=\"twitter:label2\" content=\"Tiempo de lectura estimado\" \/>\n\t\t<meta name=\"twitter:data2\" content=\"2 minutos\" \/>\n\t\t<script type=\"application\/ld+json\" class=\"aioseo-schema\">\n\t\t\t{\"@context\":\"https:\\\/\\\/schema.org\",\"@graph\":[{\"@type\":\"BlogPosting\",\"@id\":\"https:\\\/\\\/www.eldigitaldeasturias.com\\\/noticias\\\/ocho-palestinos-heridos-en-ataques-aereos-israelies-en-posiciones-en-gaza\\\/#blogposting\",\"name\":\"Ocho palestinos heridos en ataques a\\u00e9reos israel\\u00edes en posiciones en Gaza - El Digital de Asturias\",\"headline\":\"Ocho palestinos heridos en ataques a\\u00e9reos israel\\u00edes en posiciones en Gaza\",\"author\":{\"@id\":\"https:\\\/\\\/www.eldigitaldeasturias.com\\\/noticias\\\/author\\\/admin\\\/#author\"},\"publisher\":{\"@id\":\"https:\\\/\\\/www.eldigitaldeasturias.com\\\/noticias\\\/#organization\"},\"image\":{\"@type\":\"ImageObject\",\"url\":\"https:\\\/\\\/www.eldigitaldeasturias.com\\\/noticias\\\/wp-content\\\/uploads\\\/2026\\\/06\\\/Contenidos.jpg\",\"width\":1265,\"height\":697,\"caption\":\"Contenidos\"},\"datePublished\":\"2014-01-31T12:50:51+01:00\",\"dateModified\":\"2014-01-31T12:50:51+01:00\",\"inLanguage\":\"es-ES\",\"mainEntityOfPage\":{\"@id\":\"https:\\\/\\\/www.eldigitaldeasturias.com\\\/noticias\\\/ocho-palestinos-heridos-en-ataques-aereos-israelies-en-posiciones-en-gaza\\\/#webpage\"},\"isPartOf\":{\"@id\":\"https:\\\/\\\/www.eldigitaldeasturias.com\\\/noticias\\\/ocho-palestinos-heridos-en-ataques-aereos-israelies-en-posiciones-en-gaza\\\/#webpage\"},\"articleSection\":\"Actualidad\"},{\"@type\":\"BreadcrumbList\",\"@id\":\"https:\\\/\\\/www.eldigitaldeasturias.com\\\/noticias\\\/ocho-palestinos-heridos-en-ataques-aereos-israelies-en-posiciones-en-gaza\\\/#breadcrumblist\",\"itemListElement\":[{\"@type\":\"ListItem\",\"@id\":\"https:\\\/\\\/www.eldigitaldeasturias.com\\\/noticias#listItem\",\"position\":1,\"name\":\"Home\",\"item\":\"https:\\\/\\\/www.eldigitaldeasturias.com\\\/noticias\",\"nextItem\":{\"@type\":\"ListItem\",\"@id\":\"https:\\\/\\\/www.eldigitaldeasturias.com\\\/noticias\\\/category\\\/actualidad\\\/#listItem\",\"name\":\"Actualidad\"}},{\"@type\":\"ListItem\",\"@id\":\"https:\\\/\\\/www.eldigitaldeasturias.com\\\/noticias\\\/category\\\/actualidad\\\/#listItem\",\"position\":2,\"name\":\"Actualidad\",\"item\":\"https:\\\/\\\/www.eldigitaldeasturias.com\\\/noticias\\\/category\\\/actualidad\\\/\",\"nextItem\":{\"@type\":\"ListItem\",\"@id\":\"https:\\\/\\\/www.eldigitaldeasturias.com\\\/noticias\\\/ocho-palestinos-heridos-en-ataques-aereos-israelies-en-posiciones-en-gaza\\\/#listItem\",\"name\":\"Ocho palestinos heridos en ataques a\\u00e9reos israel\\u00edes en posiciones en Gaza\"},\"previousItem\":{\"@type\":\"ListItem\",\"@id\":\"https:\\\/\\\/www.eldigitaldeasturias.com\\\/noticias#listItem\",\"name\":\"Home\"}},{\"@type\":\"ListItem\",\"@id\":\"https:\\\/\\\/www.eldigitaldeasturias.com\\\/noticias\\\/ocho-palestinos-heridos-en-ataques-aereos-israelies-en-posiciones-en-gaza\\\/#listItem\",\"position\":3,\"name\":\"Ocho palestinos heridos en ataques a\\u00e9reos israel\\u00edes en posiciones en Gaza\",\"previousItem\":{\"@type\":\"ListItem\",\"@id\":\"https:\\\/\\\/www.eldigitaldeasturias.com\\\/noticias\\\/category\\\/actualidad\\\/#listItem\",\"name\":\"Actualidad\"}}]},{\"@type\":\"Organization\",\"@id\":\"https:\\\/\\\/www.eldigitaldeasturias.com\\\/noticias\\\/#organization\",\"name\":\"El Digital de Asturias\",\"description\":\"Hemeroteca\",\"url\":\"https:\\\/\\\/www.eldigitaldeasturias.com\\\/noticias\\\/\",\"email\":\"info@eldigitaldeasturias.com\",\"telephone\":\"+34652131393\",\"logo\":{\"@type\":\"ImageObject\",\"url\":\"https:\\\/\\\/www.eldigitaldeasturias.com\\\/noticias\\\/wp-content\\\/uploads\\\/2020\\\/12\\\/EDA.jpg\",\"@id\":\"https:\\\/\\\/www.eldigitaldeasturias.com\\\/noticias\\\/ocho-palestinos-heridos-en-ataques-aereos-israelies-en-posiciones-en-gaza\\\/#organizationLogo\"},\"image\":{\"@id\":\"https:\\\/\\\/www.eldigitaldeasturias.com\\\/noticias\\\/ocho-palestinos-heridos-en-ataques-aereos-israelies-en-posiciones-en-gaza\\\/#organizationLogo\"},\"sameAs\":[\"https:\\\/\\\/facebook.com\\\/eldigitaldeasturias\",\"https:\\\/\\\/www.youtube.com\\\/channel\\\/UCZP-2wLEB9Rv6erhFmqVnvg\"],\"address\":{\"@id\":\"https:\\\/\\\/www.eldigitaldeasturias.com\\\/noticias\\\/#postaladdress\",\"@type\":\"PostalAddress\",\"streetAddress\":\"san antonio 4\",\"postalCode\":\"33430\",\"addressLocality\":\"Cand\\u00e1s\",\"addressRegion\":\"Asturias\",\"addressCountry\":\"ES\"}},{\"@type\":\"Person\",\"@id\":\"https:\\\/\\\/www.eldigitaldeasturias.com\\\/noticias\\\/author\\\/admin\\\/#author\",\"url\":\"https:\\\/\\\/www.eldigitaldeasturias.com\\\/noticias\\\/author\\\/admin\\\/\",\"name\":\"El Digital de Asturias\",\"image\":{\"@type\":\"ImageObject\",\"@id\":\"https:\\\/\\\/www.eldigitaldeasturias.com\\\/noticias\\\/ocho-palestinos-heridos-en-ataques-aereos-israelies-en-posiciones-en-gaza\\\/#authorImage\",\"url\":\"https:\\\/\\\/secure.gravatar.com\\\/avatar\\\/df2aeffc32bcd13f8d26072ef8a91b623d677766deac7f97ca815868cd41bf5e?s=96&d=mm&r=g\",\"width\":96,\"height\":96,\"caption\":\"El Digital de Asturias\"}},{\"@type\":\"WebPage\",\"@id\":\"https:\\\/\\\/www.eldigitaldeasturias.com\\\/noticias\\\/ocho-palestinos-heridos-en-ataques-aereos-israelies-en-posiciones-en-gaza\\\/#webpage\",\"url\":\"https:\\\/\\\/www.eldigitaldeasturias.com\\\/noticias\\\/ocho-palestinos-heridos-en-ataques-aereos-israelies-en-posiciones-en-gaza\\\/\",\"name\":\"Ocho palestinos heridos en ataques a\\u00e9reos israel\\u00edes en posiciones en Gaza - El Digital de Asturias\",\"description\":\"Gaza, 31 ene (EFE).- Al menos ochos personas resultaron heridas hoy en un ataque lanzado por la aviaci\\u00f3n de combate israel\\u00ed en tres posiciones en Gaza en represalia por el disparo de un cohete que cay\\u00f3 en un \\u00e1rea deshabitada en el sur del pa\\u00eds, sin causar v\\u00edctimas. Fuentes de seguridad en la Franja explicaron\",\"inLanguage\":\"es-ES\",\"isPartOf\":{\"@id\":\"https:\\\/\\\/www.eldigitaldeasturias.com\\\/noticias\\\/#website\"},\"breadcrumb\":{\"@id\":\"https:\\\/\\\/www.eldigitaldeasturias.com\\\/noticias\\\/ocho-palestinos-heridos-en-ataques-aereos-israelies-en-posiciones-en-gaza\\\/#breadcrumblist\"},\"author\":{\"@id\":\"https:\\\/\\\/www.eldigitaldeasturias.com\\\/noticias\\\/author\\\/admin\\\/#author\"},\"creator\":{\"@id\":\"https:\\\/\\\/www.eldigitaldeasturias.com\\\/noticias\\\/author\\\/admin\\\/#author\"},\"image\":{\"@type\":\"ImageObject\",\"url\":\"https:\\\/\\\/www.eldigitaldeasturias.com\\\/noticias\\\/wp-content\\\/uploads\\\/2026\\\/06\\\/Contenidos.jpg\",\"@id\":\"https:\\\/\\\/www.eldigitaldeasturias.com\\\/noticias\\\/ocho-palestinos-heridos-en-ataques-aereos-israelies-en-posiciones-en-gaza\\\/#mainImage\",\"width\":1265,\"height\":697,\"caption\":\"Contenidos\"},\"primaryImageOfPage\":{\"@id\":\"https:\\\/\\\/www.eldigitaldeasturias.com\\\/noticias\\\/ocho-palestinos-heridos-en-ataques-aereos-israelies-en-posiciones-en-gaza\\\/#mainImage\"},\"datePublished\":\"2014-01-31T12:50:51+01:00\",\"dateModified\":\"2014-01-31T12:50:51+01:00\"},{\"@type\":\"WebSite\",\"@id\":\"https:\\\/\\\/www.eldigitaldeasturias.com\\\/noticias\\\/#website\",\"url\":\"https:\\\/\\\/www.eldigitaldeasturias.com\\\/noticias\\\/\",\"name\":\"El Digital de Asturias - Diario de actualidad y noticias\",\"alternateName\":\"El Digital de Asturias - Diario de actualidad y noticias\",\"description\":\"Hemeroteca\",\"inLanguage\":\"es-ES\",\"publisher\":{\"@id\":\"https:\\\/\\\/www.eldigitaldeasturias.com\\\/noticias\\\/#organization\"}}]}\n\t\t<\/script>\n\t\t<!-- All in One SEO Pro -->\r\n\t\t<title>Ocho palestinos heridos en ataques a\u00e9reos israel\u00edes en posiciones en Gaza - El Digital de Asturias<\/title>\n\n","aioseo_head_json":{"title":"Ocho palestinos heridos en ataques a\u00e9reos israel\u00edes en posiciones en Gaza - El Digital de Asturias","description":"Gaza, 31 ene (EFE).- Al menos ochos personas resultaron heridas hoy en un ataque lanzado por la aviaci\u00f3n de combate israel\u00ed en tres posiciones en Gaza en represalia por el disparo de un cohete que cay\u00f3 en un \u00e1rea deshabitada en el sur del pa\u00eds, sin causar v\u00edctimas. Fuentes de seguridad en la Franja explicaron","canonical_url":"https:\/\/www.eldigitaldeasturias.com\/noticias\/ocho-palestinos-heridos-en-ataques-aereos-israelies-en-posiciones-en-gaza\/","robots":"max-image-preview:large","keywords":"actualidad","webmasterTools":{"google-site-verification":"UA-38556648-1","msvalidate.01":"7dfe9f3f1b24437ab69f4f2559babe99","miscellaneous":""},"schema":{"@context":"https:\/\/schema.org","@graph":[{"@type":"BlogPosting","@id":"https:\/\/www.eldigitaldeasturias.com\/noticias\/ocho-palestinos-heridos-en-ataques-aereos-israelies-en-posiciones-en-gaza\/#blogposting","name":"Ocho palestinos heridos en ataques a\u00e9reos israel\u00edes en posiciones en Gaza - El Digital de Asturias","headline":"Ocho palestinos heridos en ataques a\u00e9reos israel\u00edes en posiciones en Gaza","author":{"@id":"https:\/\/www.eldigitaldeasturias.com\/noticias\/author\/admin\/#author"},"publisher":{"@id":"https:\/\/www.eldigitaldeasturias.com\/noticias\/#organization"},"image":{"@type":"ImageObject","url":"https:\/\/www.eldigitaldeasturias.com\/noticias\/wp-content\/uploads\/2026\/06\/Contenidos.jpg","width":1265,"height":697,"caption":"Contenidos"},"datePublished":"2014-01-31T12:50:51+01:00","dateModified":"2014-01-31T12:50:51+01:00","inLanguage":"es-ES","mainEntityOfPage":{"@id":"https:\/\/www.eldigitaldeasturias.com\/noticias\/ocho-palestinos-heridos-en-ataques-aereos-israelies-en-posiciones-en-gaza\/#webpage"},"isPartOf":{"@id":"https:\/\/www.eldigitaldeasturias.com\/noticias\/ocho-palestinos-heridos-en-ataques-aereos-israelies-en-posiciones-en-gaza\/#webpage"},"articleSection":"Actualidad"},{"@type":"BreadcrumbList","@id":"https:\/\/www.eldigitaldeasturias.com\/noticias\/ocho-palestinos-heridos-en-ataques-aereos-israelies-en-posiciones-en-gaza\/#breadcrumblist","itemListElement":[{"@type":"ListItem","@id":"https:\/\/www.eldigitaldeasturias.com\/noticias#listItem","position":1,"name":"Home","item":"https:\/\/www.eldigitaldeasturias.com\/noticias","nextItem":{"@type":"ListItem","@id":"https:\/\/www.eldigitaldeasturias.com\/noticias\/category\/actualidad\/#listItem","name":"Actualidad"}},{"@type":"ListItem","@id":"https:\/\/www.eldigitaldeasturias.com\/noticias\/category\/actualidad\/#listItem","position":2,"name":"Actualidad","item":"https:\/\/www.eldigitaldeasturias.com\/noticias\/category\/actualidad\/","nextItem":{"@type":"ListItem","@id":"https:\/\/www.eldigitaldeasturias.com\/noticias\/ocho-palestinos-heridos-en-ataques-aereos-israelies-en-posiciones-en-gaza\/#listItem","name":"Ocho palestinos heridos en ataques a\u00e9reos israel\u00edes en posiciones en Gaza"},"previousItem":{"@type":"ListItem","@id":"https:\/\/www.eldigitaldeasturias.com\/noticias#listItem","name":"Home"}},{"@type":"ListItem","@id":"https:\/\/www.eldigitaldeasturias.com\/noticias\/ocho-palestinos-heridos-en-ataques-aereos-israelies-en-posiciones-en-gaza\/#listItem","position":3,"name":"Ocho palestinos heridos en ataques a\u00e9reos israel\u00edes en posiciones en Gaza","previousItem":{"@type":"ListItem","@id":"https:\/\/www.eldigitaldeasturias.com\/noticias\/category\/actualidad\/#listItem","name":"Actualidad"}}]},{"@type":"Organization","@id":"https:\/\/www.eldigitaldeasturias.com\/noticias\/#organization","name":"El Digital de Asturias","description":"Hemeroteca","url":"https:\/\/www.eldigitaldeasturias.com\/noticias\/","email":"info@eldigitaldeasturias.com","telephone":"+34652131393","logo":{"@type":"ImageObject","url":"https:\/\/www.eldigitaldeasturias.com\/noticias\/wp-content\/uploads\/2020\/12\/EDA.jpg","@id":"https:\/\/www.eldigitaldeasturias.com\/noticias\/ocho-palestinos-heridos-en-ataques-aereos-israelies-en-posiciones-en-gaza\/#organizationLogo"},"image":{"@id":"https:\/\/www.eldigitaldeasturias.com\/noticias\/ocho-palestinos-heridos-en-ataques-aereos-israelies-en-posiciones-en-gaza\/#organizationLogo"},"sameAs":["https:\/\/facebook.com\/eldigitaldeasturias","https:\/\/www.youtube.com\/channel\/UCZP-2wLEB9Rv6erhFmqVnvg"],"address":{"@id":"https:\/\/www.eldigitaldeasturias.com\/noticias\/#postaladdress","@type":"PostalAddress","streetAddress":"san antonio 4","postalCode":"33430","addressLocality":"Cand\u00e1s","addressRegion":"Asturias","addressCountry":"ES"}},{"@type":"Person","@id":"https:\/\/www.eldigitaldeasturias.com\/noticias\/author\/admin\/#author","url":"https:\/\/www.eldigitaldeasturias.com\/noticias\/author\/admin\/","name":"El Digital de Asturias","image":{"@type":"ImageObject","@id":"https:\/\/www.eldigitaldeasturias.com\/noticias\/ocho-palestinos-heridos-en-ataques-aereos-israelies-en-posiciones-en-gaza\/#authorImage","url":"https:\/\/secure.gravatar.com\/avatar\/df2aeffc32bcd13f8d26072ef8a91b623d677766deac7f97ca815868cd41bf5e?s=96&d=mm&r=g","width":96,"height":96,"caption":"El Digital de Asturias"}},{"@type":"WebPage","@id":"https:\/\/www.eldigitaldeasturias.com\/noticias\/ocho-palestinos-heridos-en-ataques-aereos-israelies-en-posiciones-en-gaza\/#webpage","url":"https:\/\/www.eldigitaldeasturias.com\/noticias\/ocho-palestinos-heridos-en-ataques-aereos-israelies-en-posiciones-en-gaza\/","name":"Ocho palestinos heridos en ataques a\u00e9reos israel\u00edes en posiciones en Gaza - El Digital de Asturias","description":"Gaza, 31 ene (EFE).- Al menos ochos personas resultaron heridas hoy en un ataque lanzado por la aviaci\u00f3n de combate israel\u00ed en tres posiciones en Gaza en represalia por el disparo de un cohete que cay\u00f3 en un \u00e1rea deshabitada en el sur del pa\u00eds, sin causar v\u00edctimas. Fuentes de seguridad en la Franja explicaron","inLanguage":"es-ES","isPartOf":{"@id":"https:\/\/www.eldigitaldeasturias.com\/noticias\/#website"},"breadcrumb":{"@id":"https:\/\/www.eldigitaldeasturias.com\/noticias\/ocho-palestinos-heridos-en-ataques-aereos-israelies-en-posiciones-en-gaza\/#breadcrumblist"},"author":{"@id":"https:\/\/www.eldigitaldeasturias.com\/noticias\/author\/admin\/#author"},"creator":{"@id":"https:\/\/www.eldigitaldeasturias.com\/noticias\/author\/admin\/#author"},"image":{"@type":"ImageObject","url":"https:\/\/www.eldigitaldeasturias.com\/noticias\/wp-content\/uploads\/2026\/06\/Contenidos.jpg","@id":"https:\/\/www.eldigitaldeasturias.com\/noticias\/ocho-palestinos-heridos-en-ataques-aereos-israelies-en-posiciones-en-gaza\/#mainImage","width":1265,"height":697,"caption":"Contenidos"},"primaryImageOfPage":{"@id":"https:\/\/www.eldigitaldeasturias.com\/noticias\/ocho-palestinos-heridos-en-ataques-aereos-israelies-en-posiciones-en-gaza\/#mainImage"},"datePublished":"2014-01-31T12:50:51+01:00","dateModified":"2014-01-31T12:50:51+01:00"},{"@type":"WebSite","@id":"https:\/\/www.eldigitaldeasturias.com\/noticias\/#website","url":"https:\/\/www.eldigitaldeasturias.com\/noticias\/","name":"El Digital de Asturias - Diario de actualidad y noticias","alternateName":"El Digital de Asturias - Diario de actualidad y noticias","description":"Hemeroteca","inLanguage":"es-ES","publisher":{"@id":"https:\/\/www.eldigitaldeasturias.com\/noticias\/#organization"}}]},"og:locale":"es_ES","og:site_name":"El Digital de Asturias","og:type":"article","og:title":"Ocho palestinos heridos en ataques a\u00e9reos israel\u00edes en posiciones en Gaza - El Digital de Asturias","og:description":"Gaza, 31 ene (EFE).- Al menos ochos personas resultaron heridas hoy en un ataque lanzado por la aviaci\u00f3n de combate israel\u00ed en tres posiciones en Gaza en represalia por el disparo de un cohete que cay\u00f3 en un \u00e1rea deshabitada en el sur del pa\u00eds, sin causar v\u00edctimas. Fuentes de seguridad en la Franja explicaron","og:url":"https:\/\/www.eldigitaldeasturias.com\/noticias\/ocho-palestinos-heridos-en-ataques-aereos-israelies-en-posiciones-en-gaza\/","og:image":"https:\/\/www.eldigitaldeasturias.com\/noticias\/wp-content\/uploads\/2026\/06\/Contenidos.jpg","og:image:secure_url":"https:\/\/www.eldigitaldeasturias.com\/noticias\/wp-content\/uploads\/2026\/06\/Contenidos.jpg","og:image:width":1265,"og:image:height":697,"article:tag":["actualidad"],"article:published_time":"2014-01-31T13:50:51+00:00","article:modified_time":"2014-01-31T13:50:51+00:00","article:publisher":"https:\/\/facebook.com\/eldigitaldeasturias","twitter:card":"summary_large_image","twitter:title":"Ocho palestinos heridos en ataques a\u00e9reos israel\u00edes en posiciones en Gaza - El Digital de Asturias","twitter:description":"Gaza, 31 ene (EFE).- Al menos ochos personas resultaron heridas hoy en un ataque lanzado por la aviaci\u00f3n de combate israel\u00ed en tres posiciones en Gaza en represalia por el disparo de un cohete que cay\u00f3 en un \u00e1rea deshabitada en el sur del pa\u00eds, sin causar v\u00edctimas. Fuentes de seguridad en la Franja explicaron","twitter:image":"https:\/\/www.eldigitaldeasturias.com\/noticias\/wp-content\/uploads\/2026\/06\/Contenidos.jpg","twitter:label1":"Escrito por","twitter:data1":"El Digital de Asturias","twitter:label2":"Tiempo de lectura estimado","twitter:data2":"2 minutos"},"aioseo_meta_data":{"post_id":"480977","title":null,"description":null,"keywords":null,"keyphrases":null,"primary_term":null,"canonical_url":null,"og_title":null,"og_description":null,"og_object_type":"default","og_image_type":"default","og_image_url":null,"og_image_width":null,"og_image_height":null,"og_image_custom_url":null,"og_image_custom_fields":null,"og_video":null,"og_custom_url":null,"og_article_section":null,"og_article_tags":null,"twitter_use_og":true,"twitter_card":"default","twitter_image_type":"default","twitter_image_url":null,"twitter_image_custom_url":null,"twitter_image_custom_fields":null,"twitter_title":null,"twitter_description":null,"schema":{"blockGraphs":[],"customGraphs":[],"default":{"data":{"Article":[],"Course":[],"Dataset":[],"FAQPage":[],"Movie":[],"Person":[],"Product":[],"ProductReview":[],"Car":[],"Recipe":[],"Service":[],"SoftwareApplication":[],"WebPage":[]},"graphName":"","isEnabled":true},"graphs":[],"defaultGraph":"","defaultPostTypeGraph":""},"schema_type":null,"schema_type_options":null,"pillar_content":false,"robots_default":true,"robots_noindex":false,"robots_noarchive":false,"robots_nosnippet":false,"robots_nofollow":false,"robots_noimageindex":false,"robots_noodp":false,"robots_notranslate":false,"robots_max_snippet":null,"robots_max_videopreview":null,"robots_max_imagepreview":"none","priority":null,"frequency":null,"local_seo":null,"seo_analyzer_scan_date":"2026-06-02 05:24:09","breadcrumb_settings":null,"limit_modified_date":false,"open_ai":null,"ai":null,"created":"2020-11-14 22:54:16","updated":"2026-06-02 05:24:09","focus_keyword":null,"additional_keywords":null,"truseo_locale":null},"aioseo_breadcrumb":"<div class=\"aioseo-breadcrumbs\"><span class=\"aioseo-breadcrumb\">\n\t<a href=\"https:\/\/www.eldigitaldeasturias.com\/noticias\" title=\"Home\">Home<\/a>\n<\/span><span class=\"aioseo-breadcrumb-separator\">\u2013<\/span><span class=\"aioseo-breadcrumb\">\n\t<a href=\"https:\/\/www.eldigitaldeasturias.com\/noticias\/category\/actualidad\/\" title=\"Actualidad\">Actualidad<\/a>\n<\/span><span class=\"aioseo-breadcrumb-separator\">\u2013<\/span><span class=\"aioseo-breadcrumb\">\n\t<a href=\"https:\/\/www.eldigitaldeasturias.com\/noticias\/ocho-palestinos-heridos-en-ataques-aereos-israelies-en-posiciones-en-gaza\/\" title=\"Ocho palestinos heridos en ataques a\u00e9reos israel\u00edes en posiciones en Gaza\">Ocho palestinos heridos en ataques a\u00e9reos israel\u00edes en posiciones en Gaza<\/a>\n<\/span><\/div>","aioseo_breadcrumb_json":[{"label":"Home","link":"https:\/\/www.eldigitaldeasturias.com\/noticias"},{"label":"Actualidad","link":"https:\/\/www.eldigitaldeasturias.com\/noticias\/category\/actualidad\/"},{"label":"Ocho palestinos heridos en ataques a\u00e9reos israel\u00edes en posiciones en Gaza","link":"https:\/\/www.eldigitaldeasturias.com\/noticias\/ocho-palestinos-heridos-en-ataques-aereos-israelies-en-posiciones-en-gaza\/"}],"_links":{"self":[{"href":"https:\/\/www.eldigitaldeasturias.com\/noticias\/wp-json\/wp\/v2\/posts\/480977","targetHints":{"allow":["GET"]}}],"collection":[{"href":"https:\/\/www.eldigitaldeasturias.com\/noticias\/wp-json\/wp\/v2\/posts"}],"about":[{"href":"https:\/\/www.eldigitaldeasturias.com\/noticias\/wp-json\/wp\/v2\/types\/post"}],"author":[{"embeddable":true,"href":"https:\/\/www.eldigitaldeasturias.com\/noticias\/wp-json\/wp\/v2\/users\/1"}],"replies":[{"embeddable":true,"href":"https:\/\/www.eldigitaldeasturias.com\/noticias\/wp-json\/wp\/v2\/comments?post=480977"}],"version-history":[{"count":0,"href":"https:\/\/www.eldigitaldeasturias.com\/noticias\/wp-json\/wp\/v2\/posts\/480977\/revisions"}],"wp:featuredmedia":[{"embeddable":true,"href":"https:\/\/www.eldigitaldeasturias.com\/noticias\/wp-json\/wp\/v2\/media\/1132184"}],"wp:attachment":[{"href":"https:\/\/www.eldigitaldeasturias.com\/noticias\/wp-json\/wp\/v2\/media?parent=480977"}],"wp:term":[{"taxonomy":"category","embeddable":true,"href":"https:\/\/www.eldigitaldeasturias.com\/noticias\/wp-json\/wp\/v2\/categories?post=480977"},{"taxonomy":"post_tag","embeddable":true,"href":"https:\/\/www.eldigitaldeasturias.com\/noticias\/wp-json\/wp\/v2\/tags?post=480977"}],"curies":[{"name":"wp","href":"https:\/\/api.w.org\/{rel}","templated":true}]}}