{"id":480950,"date":"2014-01-31T12:02:30","date_gmt":"2014-01-31T13:02:30","guid":{"rendered":"http:\/\/www.eldigitaldeasturias.com\/noticias\/?p=480950"},"modified":"2014-01-31T12:02:30","modified_gmt":"2014-01-31T13:02:30","slug":"finaliza-sin-acuerdo-el-acto-de-conciliacion-de-tenneco","status":"publish","type":"post","link":"https:\/\/www.eldigitaldeasturias.com\/noticias\/finaliza-sin-acuerdo-el-acto-de-conciliacion-de-tenneco\/","title":{"rendered":"Finaliza sin acuerdo el acto de conciliaci\u00f3n de Tenneco"},"content":{"rendered":"<p><img loading=\"lazy\" decoding=\"async\" class=\"alignleft size-medium wp-image-370\" alt=\"audienciaprovincialoviedo_20130918194045_800\" src=\"https:\/\/www.eldigitaldeasturias.com\/noticias\/wp-content\/uploads\/2013\/09\/audienciaprovincialoviedo_20130918194045_800-360x240.jpg\" width=\"360\" height=\"240\" \/>Oviedo, 31 ene (EFE).- El acto de conciliaci\u00f3n celebrado en el Tribunal Superior de Justicia de Asturias (TSJA) sobre el Expediente de Regulaci\u00f3n de Empleo (ERE) de extinci\u00f3n que afecta a la totalidad de la plantilla de la f\u00e1brica de Tenneco en Gij\u00f3n ha finalizado sin acuerdo.<\/p>\n<p>En declaraciones a Efe, el presidente del Comit\u00e9 de Empresa, Isaac Pi\u00f1era, ha se\u00f1alado que el acto de conciliaci\u00f3n ha durado escasos minutos, dado que la direcci\u00f3n de la compa\u00f1\u00eda se ha ratificado en su intenci\u00f3n de cerrar la planta de amortiguadores y de no retirar el ERE, en vigor desde el pasado 31 de diciembre para los 220 trabajadores.<\/p>\n<p>Tras el acto de conciliaci\u00f3n sin acuerdo, la sala de lo Social del Alto Tribunal asturiano acoger\u00e1 a lo largo de la ma\u00f1ana el juicio por la demanda colectiva presentada por el Comit\u00e9 contra el ERE.<\/p>\n<p>Con motivo de la vista judicial, la plantilla de Tenneco se ha concentrado, junto con trabajadores de otras empresas asturianas afectadas por cierres o reestructuraciones, en las inmediaciones de la sede del TSJA.<\/p>\n<p>Varios centenares de trabajadores se han reunido a partir de las 10.00 horas con algunas pancartas con el mensaje \u00abMonroe no se cierra. Se defiende. Tenneco Soluci\u00f3n\u00bb y \u00abNo nos mover\u00e1n, Monroe\u00bb.<\/p>\n<p>Adem\u00e1s de trabajadores de la f\u00e1brica gijonesa de amortiguadores, con camisetas negras serigrafiadas, han respaldado la protesta trabajadores de otras empresas, como las subcontratas de Hunosa, Liberbank, el Matadero de Nore\u00f1a y los despedidos de la f\u00e1brica de armas de Trubia.<\/p>\n<p>Los manifestantes han hecho sonar en repetidas ocasiones petardos colocados en la propia plaza de la Catedral as\u00ed como en el lateral del edificio del TSJA.<\/p>\n<p>La entrada de los representantes sindicales a la sede judicial se ha producido entre los aplausos del resto de concentrados, que aguardaban en el exterior del edificio.<\/p>\n<p>La vista por la demanda colectiva se celebra despu\u00e9s de que el propio TSJA aceptara imponer las medidas cautelares solicitadas por el Comit\u00e9 de Empresa de Tenneco sobre la maquinaria de la f\u00e1brica de Gij\u00f3n, de modo que la direcci\u00f3n tiene prohibido moverla \u00abhasta que se dicte sentencia definitiva en el proceso de impugnaci\u00f3n colectiva de los despidos de los trabajadores de su plantilla\u00bb.<\/p>\n","protected":false},"excerpt":{"rendered":"<p>Oviedo, 31 ene (EFE).- El acto de conciliaci\u00f3n celebrado en el Tribunal Superior de Justicia de Asturias (TSJA) sobre el Expediente de Regulaci\u00f3n de Empleo (ERE) de extinci\u00f3n que afecta a la totalidad de la plantilla de la f\u00e1brica de Tenneco en Gij\u00f3n ha finalizado sin acuerdo. En declaraciones a Efe, el presidente del Comit\u00e9 [&hellip;]<\/p>\n","protected":false},"author":1,"featured_media":1132184,"comment_status":"closed","ping_status":"open","sticky":false,"template":"","format":"standard","meta":{"footnotes":""},"categories":[1,12],"tags":[],"class_list":["post-480950","post","type-post","status-publish","format-standard","has-post-thumbnail","hentry","category-actualidad","category-actualidad-asturias"],"aioseo_notices":[],"aioseo_head":"\n\t\t<!-- All in One SEO Pro 5.0.1 - aioseo.com -->\n\t<meta name=\"description\" content=\"Oviedo, 31 ene (EFE).- El acto de conciliaci\u00f3n celebrado en el Tribunal Superior de Justicia de Asturias (TSJA) sobre el Expediente de Regulaci\u00f3n de Empleo (ERE) de extinci\u00f3n que afecta a la totalidad de la plantilla de la f\u00e1brica de Tenneco en Gij\u00f3n ha finalizado sin acuerdo. En declaraciones a Efe, el presidente del Comit\u00e9\" \/>\n\t<meta name=\"robots\" content=\"max-image-preview:large\" \/>\n\t<meta name=\"author\" content=\"El Digital de Asturias\"\/>\n\t<meta name=\"google-site-verification\" content=\"UA-38556648-1\" \/>\n\t<meta name=\"msvalidate.01\" content=\"7dfe9f3f1b24437ab69f4f2559babe99\" \/>\n\t<meta name=\"keywords\" content=\"actualidad,actualidad asturias\" \/>\n\t<link rel=\"canonical\" href=\"https:\/\/www.eldigitaldeasturias.com\/noticias\/finaliza-sin-acuerdo-el-acto-de-conciliacion-de-tenneco\/\" \/>\n\t<meta name=\"generator\" content=\"All in One SEO Pro (AIOSEO) 5.0.1\" \/>\n\t\t<meta property=\"og:locale\" content=\"es_ES\" \/>\n\t\t<meta property=\"og:site_name\" content=\"El Digital de Asturias\" \/>\n\t\t<meta property=\"og:type\" content=\"article\" \/>\n\t\t<meta property=\"og:title\" content=\"Finaliza sin acuerdo el acto de conciliaci\u00f3n de Tenneco - El Digital de Asturias\" \/>\n\t\t<meta property=\"og:description\" content=\"Oviedo, 31 ene (EFE).- El acto de conciliaci\u00f3n celebrado en el Tribunal Superior de Justicia de Asturias (TSJA) sobre el Expediente de Regulaci\u00f3n de Empleo (ERE) de extinci\u00f3n que afecta a la totalidad de la plantilla de la f\u00e1brica de Tenneco en Gij\u00f3n ha finalizado sin acuerdo. En declaraciones a Efe, el presidente del Comit\u00e9\" \/>\n\t\t<meta property=\"og:url\" content=\"https:\/\/www.eldigitaldeasturias.com\/noticias\/finaliza-sin-acuerdo-el-acto-de-conciliacion-de-tenneco\/\" \/>\n\t\t<meta property=\"og:image\" content=\"https:\/\/www.eldigitaldeasturias.com\/noticias\/wp-content\/uploads\/2026\/06\/Contenidos.jpg\" \/>\n\t\t<meta property=\"og:image:secure_url\" content=\"https:\/\/www.eldigitaldeasturias.com\/noticias\/wp-content\/uploads\/2026\/06\/Contenidos.jpg\" \/>\n\t\t<meta property=\"og:image:width\" content=\"1265\" \/>\n\t\t<meta property=\"og:image:height\" content=\"697\" \/>\n\t\t<meta property=\"article:tag\" content=\"actualidad\" \/>\n\t\t<meta property=\"article:tag\" content=\"actualidad asturias\" \/>\n\t\t<meta property=\"article:published_time\" content=\"2014-01-31T13:02:30+00:00\" \/>\n\t\t<meta property=\"article:modified_time\" content=\"2014-01-31T13:02:30+00:00\" \/>\n\t\t<meta property=\"article:publisher\" content=\"https:\/\/facebook.com\/eldigitaldeasturias\" \/>\n\t\t<meta name=\"twitter:card\" content=\"summary_large_image\" \/>\n\t\t<meta name=\"twitter:title\" content=\"Finaliza sin acuerdo el acto de conciliaci\u00f3n de Tenneco - El Digital de Asturias\" \/>\n\t\t<meta name=\"twitter:description\" content=\"Oviedo, 31 ene (EFE).- El acto de conciliaci\u00f3n celebrado en el Tribunal Superior de Justicia de Asturias (TSJA) sobre el Expediente de Regulaci\u00f3n de Empleo (ERE) de extinci\u00f3n que afecta a la totalidad de la plantilla de la f\u00e1brica de Tenneco en Gij\u00f3n ha finalizado sin acuerdo. En declaraciones a Efe, el presidente del Comit\u00e9\" \/>\n\t\t<meta name=\"twitter:image\" content=\"https:\/\/www.eldigitaldeasturias.com\/noticias\/wp-content\/uploads\/2026\/06\/Contenidos.jpg\" \/>\n\t\t<meta name=\"twitter:label1\" content=\"Escrito por\" \/>\n\t\t<meta name=\"twitter:data1\" content=\"El Digital de Asturias\" \/>\n\t\t<meta name=\"twitter:label2\" content=\"Tiempo de lectura estimado\" \/>\n\t\t<meta name=\"twitter:data2\" content=\"2 minutos\" \/>\n\t\t<script type=\"application\/ld+json\" class=\"aioseo-schema\">\n\t\t\t{\"@context\":\"https:\\\/\\\/schema.org\",\"@graph\":[{\"@type\":\"BlogPosting\",\"@id\":\"https:\\\/\\\/www.eldigitaldeasturias.com\\\/noticias\\\/finaliza-sin-acuerdo-el-acto-de-conciliacion-de-tenneco\\\/#blogposting\",\"name\":\"Finaliza sin acuerdo el acto de conciliaci\\u00f3n de Tenneco - El Digital de Asturias\",\"headline\":\"Finaliza sin acuerdo el acto de conciliaci\\u00f3n de Tenneco\",\"author\":{\"@id\":\"https:\\\/\\\/www.eldigitaldeasturias.com\\\/noticias\\\/author\\\/admin\\\/#author\"},\"publisher\":{\"@id\":\"https:\\\/\\\/www.eldigitaldeasturias.com\\\/noticias\\\/#organization\"},\"image\":{\"@type\":\"ImageObject\",\"url\":\"https:\\\/\\\/www.eldigitaldeasturias.com\\\/noticias\\\/wp-content\\\/uploads\\\/2026\\\/06\\\/Contenidos.jpg\",\"width\":1265,\"height\":697,\"caption\":\"Contenidos\"},\"datePublished\":\"2014-01-31T12:02:30+01:00\",\"dateModified\":\"2014-01-31T12:02:30+01:00\",\"inLanguage\":\"es-ES\",\"mainEntityOfPage\":{\"@id\":\"https:\\\/\\\/www.eldigitaldeasturias.com\\\/noticias\\\/finaliza-sin-acuerdo-el-acto-de-conciliacion-de-tenneco\\\/#webpage\"},\"isPartOf\":{\"@id\":\"https:\\\/\\\/www.eldigitaldeasturias.com\\\/noticias\\\/finaliza-sin-acuerdo-el-acto-de-conciliacion-de-tenneco\\\/#webpage\"},\"articleSection\":\"Actualidad, Actualidad Asturias\"},{\"@type\":\"BreadcrumbList\",\"@id\":\"https:\\\/\\\/www.eldigitaldeasturias.com\\\/noticias\\\/finaliza-sin-acuerdo-el-acto-de-conciliacion-de-tenneco\\\/#breadcrumblist\",\"itemListElement\":[{\"@type\":\"ListItem\",\"@id\":\"https:\\\/\\\/www.eldigitaldeasturias.com\\\/noticias#listItem\",\"position\":1,\"name\":\"Home\",\"item\":\"https:\\\/\\\/www.eldigitaldeasturias.com\\\/noticias\",\"nextItem\":{\"@type\":\"ListItem\",\"@id\":\"https:\\\/\\\/www.eldigitaldeasturias.com\\\/noticias\\\/category\\\/actualidad\\\/#listItem\",\"name\":\"Actualidad\"}},{\"@type\":\"ListItem\",\"@id\":\"https:\\\/\\\/www.eldigitaldeasturias.com\\\/noticias\\\/category\\\/actualidad\\\/#listItem\",\"position\":2,\"name\":\"Actualidad\",\"item\":\"https:\\\/\\\/www.eldigitaldeasturias.com\\\/noticias\\\/category\\\/actualidad\\\/\",\"nextItem\":{\"@type\":\"ListItem\",\"@id\":\"https:\\\/\\\/www.eldigitaldeasturias.com\\\/noticias\\\/finaliza-sin-acuerdo-el-acto-de-conciliacion-de-tenneco\\\/#listItem\",\"name\":\"Finaliza sin acuerdo el acto de conciliaci\\u00f3n de Tenneco\"},\"previousItem\":{\"@type\":\"ListItem\",\"@id\":\"https:\\\/\\\/www.eldigitaldeasturias.com\\\/noticias#listItem\",\"name\":\"Home\"}},{\"@type\":\"ListItem\",\"@id\":\"https:\\\/\\\/www.eldigitaldeasturias.com\\\/noticias\\\/finaliza-sin-acuerdo-el-acto-de-conciliacion-de-tenneco\\\/#listItem\",\"position\":3,\"name\":\"Finaliza sin acuerdo el acto de conciliaci\\u00f3n de Tenneco\",\"previousItem\":{\"@type\":\"ListItem\",\"@id\":\"https:\\\/\\\/www.eldigitaldeasturias.com\\\/noticias\\\/category\\\/actualidad\\\/#listItem\",\"name\":\"Actualidad\"}}]},{\"@type\":\"Organization\",\"@id\":\"https:\\\/\\\/www.eldigitaldeasturias.com\\\/noticias\\\/#organization\",\"name\":\"El Digital de Asturias\",\"description\":\"Hemeroteca\",\"url\":\"https:\\\/\\\/www.eldigitaldeasturias.com\\\/noticias\\\/\",\"email\":\"info@eldigitaldeasturias.com\",\"telephone\":\"+34652131393\",\"logo\":{\"@type\":\"ImageObject\",\"url\":\"https:\\\/\\\/www.eldigitaldeasturias.com\\\/noticias\\\/wp-content\\\/uploads\\\/2020\\\/12\\\/EDA.jpg\",\"@id\":\"https:\\\/\\\/www.eldigitaldeasturias.com\\\/noticias\\\/finaliza-sin-acuerdo-el-acto-de-conciliacion-de-tenneco\\\/#organizationLogo\"},\"image\":{\"@id\":\"https:\\\/\\\/www.eldigitaldeasturias.com\\\/noticias\\\/finaliza-sin-acuerdo-el-acto-de-conciliacion-de-tenneco\\\/#organizationLogo\"},\"sameAs\":[\"https:\\\/\\\/facebook.com\\\/eldigitaldeasturias\",\"https:\\\/\\\/www.youtube.com\\\/channel\\\/UCZP-2wLEB9Rv6erhFmqVnvg\"],\"address\":{\"@id\":\"https:\\\/\\\/www.eldigitaldeasturias.com\\\/noticias\\\/#postaladdress\",\"@type\":\"PostalAddress\",\"streetAddress\":\"san antonio 4\",\"postalCode\":\"33430\",\"addressLocality\":\"Cand\\u00e1s\",\"addressRegion\":\"Asturias\",\"addressCountry\":\"ES\"}},{\"@type\":\"Person\",\"@id\":\"https:\\\/\\\/www.eldigitaldeasturias.com\\\/noticias\\\/author\\\/admin\\\/#author\",\"url\":\"https:\\\/\\\/www.eldigitaldeasturias.com\\\/noticias\\\/author\\\/admin\\\/\",\"name\":\"El Digital de Asturias\",\"image\":{\"@type\":\"ImageObject\",\"@id\":\"https:\\\/\\\/www.eldigitaldeasturias.com\\\/noticias\\\/finaliza-sin-acuerdo-el-acto-de-conciliacion-de-tenneco\\\/#authorImage\",\"url\":\"https:\\\/\\\/secure.gravatar.com\\\/avatar\\\/df2aeffc32bcd13f8d26072ef8a91b623d677766deac7f97ca815868cd41bf5e?s=96&d=mm&r=g\",\"width\":96,\"height\":96,\"caption\":\"El Digital de Asturias\"}},{\"@type\":\"WebPage\",\"@id\":\"https:\\\/\\\/www.eldigitaldeasturias.com\\\/noticias\\\/finaliza-sin-acuerdo-el-acto-de-conciliacion-de-tenneco\\\/#webpage\",\"url\":\"https:\\\/\\\/www.eldigitaldeasturias.com\\\/noticias\\\/finaliza-sin-acuerdo-el-acto-de-conciliacion-de-tenneco\\\/\",\"name\":\"Finaliza sin acuerdo el acto de conciliaci\\u00f3n de Tenneco - El Digital de Asturias\",\"description\":\"Oviedo, 31 ene (EFE).- El acto de conciliaci\\u00f3n celebrado en el Tribunal Superior de Justicia de Asturias (TSJA) sobre el Expediente de Regulaci\\u00f3n de Empleo (ERE) de extinci\\u00f3n que afecta a la totalidad de la plantilla de la f\\u00e1brica de Tenneco en Gij\\u00f3n ha finalizado sin acuerdo. En declaraciones a Efe, el presidente del Comit\\u00e9\",\"inLanguage\":\"es-ES\",\"isPartOf\":{\"@id\":\"https:\\\/\\\/www.eldigitaldeasturias.com\\\/noticias\\\/#website\"},\"breadcrumb\":{\"@id\":\"https:\\\/\\\/www.eldigitaldeasturias.com\\\/noticias\\\/finaliza-sin-acuerdo-el-acto-de-conciliacion-de-tenneco\\\/#breadcrumblist\"},\"author\":{\"@id\":\"https:\\\/\\\/www.eldigitaldeasturias.com\\\/noticias\\\/author\\\/admin\\\/#author\"},\"creator\":{\"@id\":\"https:\\\/\\\/www.eldigitaldeasturias.com\\\/noticias\\\/author\\\/admin\\\/#author\"},\"image\":{\"@type\":\"ImageObject\",\"url\":\"https:\\\/\\\/www.eldigitaldeasturias.com\\\/noticias\\\/wp-content\\\/uploads\\\/2026\\\/06\\\/Contenidos.jpg\",\"@id\":\"https:\\\/\\\/www.eldigitaldeasturias.com\\\/noticias\\\/finaliza-sin-acuerdo-el-acto-de-conciliacion-de-tenneco\\\/#mainImage\",\"width\":1265,\"height\":697,\"caption\":\"Contenidos\"},\"primaryImageOfPage\":{\"@id\":\"https:\\\/\\\/www.eldigitaldeasturias.com\\\/noticias\\\/finaliza-sin-acuerdo-el-acto-de-conciliacion-de-tenneco\\\/#mainImage\"},\"datePublished\":\"2014-01-31T12:02:30+01:00\",\"dateModified\":\"2014-01-31T12:02:30+01:00\"},{\"@type\":\"WebSite\",\"@id\":\"https:\\\/\\\/www.eldigitaldeasturias.com\\\/noticias\\\/#website\",\"url\":\"https:\\\/\\\/www.eldigitaldeasturias.com\\\/noticias\\\/\",\"name\":\"El Digital de Asturias - Diario de actualidad y noticias\",\"alternateName\":\"El Digital de Asturias - Diario de actualidad y noticias\",\"description\":\"Hemeroteca\",\"inLanguage\":\"es-ES\",\"publisher\":{\"@id\":\"https:\\\/\\\/www.eldigitaldeasturias.com\\\/noticias\\\/#organization\"}}]}\n\t\t<\/script>\n\t\t<!-- All in One SEO Pro -->\r\n\t\t<title>Finaliza sin acuerdo el acto de conciliaci\u00f3n de Tenneco - El Digital de Asturias<\/title>\n\n","aioseo_head_json":{"title":"Finaliza sin acuerdo el acto de conciliaci\u00f3n de Tenneco - El Digital de Asturias","description":"Oviedo, 31 ene (EFE).- El acto de conciliaci\u00f3n celebrado en el Tribunal Superior de Justicia de Asturias (TSJA) sobre el Expediente de Regulaci\u00f3n de Empleo (ERE) de extinci\u00f3n que afecta a la totalidad de la plantilla de la f\u00e1brica de Tenneco en Gij\u00f3n ha finalizado sin acuerdo. En declaraciones a Efe, el presidente del Comit\u00e9","canonical_url":"https:\/\/www.eldigitaldeasturias.com\/noticias\/finaliza-sin-acuerdo-el-acto-de-conciliacion-de-tenneco\/","robots":"max-image-preview:large","keywords":"actualidad,actualidad asturias","webmasterTools":{"google-site-verification":"UA-38556648-1","msvalidate.01":"7dfe9f3f1b24437ab69f4f2559babe99","miscellaneous":""},"schema":{"@context":"https:\/\/schema.org","@graph":[{"@type":"BlogPosting","@id":"https:\/\/www.eldigitaldeasturias.com\/noticias\/finaliza-sin-acuerdo-el-acto-de-conciliacion-de-tenneco\/#blogposting","name":"Finaliza sin acuerdo el acto de conciliaci\u00f3n de Tenneco - El Digital de Asturias","headline":"Finaliza sin acuerdo el acto de conciliaci\u00f3n de Tenneco","author":{"@id":"https:\/\/www.eldigitaldeasturias.com\/noticias\/author\/admin\/#author"},"publisher":{"@id":"https:\/\/www.eldigitaldeasturias.com\/noticias\/#organization"},"image":{"@type":"ImageObject","url":"https:\/\/www.eldigitaldeasturias.com\/noticias\/wp-content\/uploads\/2026\/06\/Contenidos.jpg","width":1265,"height":697,"caption":"Contenidos"},"datePublished":"2014-01-31T12:02:30+01:00","dateModified":"2014-01-31T12:02:30+01:00","inLanguage":"es-ES","mainEntityOfPage":{"@id":"https:\/\/www.eldigitaldeasturias.com\/noticias\/finaliza-sin-acuerdo-el-acto-de-conciliacion-de-tenneco\/#webpage"},"isPartOf":{"@id":"https:\/\/www.eldigitaldeasturias.com\/noticias\/finaliza-sin-acuerdo-el-acto-de-conciliacion-de-tenneco\/#webpage"},"articleSection":"Actualidad, Actualidad Asturias"},{"@type":"BreadcrumbList","@id":"https:\/\/www.eldigitaldeasturias.com\/noticias\/finaliza-sin-acuerdo-el-acto-de-conciliacion-de-tenneco\/#breadcrumblist","itemListElement":[{"@type":"ListItem","@id":"https:\/\/www.eldigitaldeasturias.com\/noticias#listItem","position":1,"name":"Home","item":"https:\/\/www.eldigitaldeasturias.com\/noticias","nextItem":{"@type":"ListItem","@id":"https:\/\/www.eldigitaldeasturias.com\/noticias\/category\/actualidad\/#listItem","name":"Actualidad"}},{"@type":"ListItem","@id":"https:\/\/www.eldigitaldeasturias.com\/noticias\/category\/actualidad\/#listItem","position":2,"name":"Actualidad","item":"https:\/\/www.eldigitaldeasturias.com\/noticias\/category\/actualidad\/","nextItem":{"@type":"ListItem","@id":"https:\/\/www.eldigitaldeasturias.com\/noticias\/finaliza-sin-acuerdo-el-acto-de-conciliacion-de-tenneco\/#listItem","name":"Finaliza sin acuerdo el acto de conciliaci\u00f3n de Tenneco"},"previousItem":{"@type":"ListItem","@id":"https:\/\/www.eldigitaldeasturias.com\/noticias#listItem","name":"Home"}},{"@type":"ListItem","@id":"https:\/\/www.eldigitaldeasturias.com\/noticias\/finaliza-sin-acuerdo-el-acto-de-conciliacion-de-tenneco\/#listItem","position":3,"name":"Finaliza sin acuerdo el acto de conciliaci\u00f3n de Tenneco","previousItem":{"@type":"ListItem","@id":"https:\/\/www.eldigitaldeasturias.com\/noticias\/category\/actualidad\/#listItem","name":"Actualidad"}}]},{"@type":"Organization","@id":"https:\/\/www.eldigitaldeasturias.com\/noticias\/#organization","name":"El Digital de Asturias","description":"Hemeroteca","url":"https:\/\/www.eldigitaldeasturias.com\/noticias\/","email":"info@eldigitaldeasturias.com","telephone":"+34652131393","logo":{"@type":"ImageObject","url":"https:\/\/www.eldigitaldeasturias.com\/noticias\/wp-content\/uploads\/2020\/12\/EDA.jpg","@id":"https:\/\/www.eldigitaldeasturias.com\/noticias\/finaliza-sin-acuerdo-el-acto-de-conciliacion-de-tenneco\/#organizationLogo"},"image":{"@id":"https:\/\/www.eldigitaldeasturias.com\/noticias\/finaliza-sin-acuerdo-el-acto-de-conciliacion-de-tenneco\/#organizationLogo"},"sameAs":["https:\/\/facebook.com\/eldigitaldeasturias","https:\/\/www.youtube.com\/channel\/UCZP-2wLEB9Rv6erhFmqVnvg"],"address":{"@id":"https:\/\/www.eldigitaldeasturias.com\/noticias\/#postaladdress","@type":"PostalAddress","streetAddress":"san antonio 4","postalCode":"33430","addressLocality":"Cand\u00e1s","addressRegion":"Asturias","addressCountry":"ES"}},{"@type":"Person","@id":"https:\/\/www.eldigitaldeasturias.com\/noticias\/author\/admin\/#author","url":"https:\/\/www.eldigitaldeasturias.com\/noticias\/author\/admin\/","name":"El Digital de Asturias","image":{"@type":"ImageObject","@id":"https:\/\/www.eldigitaldeasturias.com\/noticias\/finaliza-sin-acuerdo-el-acto-de-conciliacion-de-tenneco\/#authorImage","url":"https:\/\/secure.gravatar.com\/avatar\/df2aeffc32bcd13f8d26072ef8a91b623d677766deac7f97ca815868cd41bf5e?s=96&d=mm&r=g","width":96,"height":96,"caption":"El Digital de Asturias"}},{"@type":"WebPage","@id":"https:\/\/www.eldigitaldeasturias.com\/noticias\/finaliza-sin-acuerdo-el-acto-de-conciliacion-de-tenneco\/#webpage","url":"https:\/\/www.eldigitaldeasturias.com\/noticias\/finaliza-sin-acuerdo-el-acto-de-conciliacion-de-tenneco\/","name":"Finaliza sin acuerdo el acto de conciliaci\u00f3n de Tenneco - El Digital de Asturias","description":"Oviedo, 31 ene (EFE).- El acto de conciliaci\u00f3n celebrado en el Tribunal Superior de Justicia de Asturias (TSJA) sobre el Expediente de Regulaci\u00f3n de Empleo (ERE) de extinci\u00f3n que afecta a la totalidad de la plantilla de la f\u00e1brica de Tenneco en Gij\u00f3n ha finalizado sin acuerdo. En declaraciones a Efe, el presidente del Comit\u00e9","inLanguage":"es-ES","isPartOf":{"@id":"https:\/\/www.eldigitaldeasturias.com\/noticias\/#website"},"breadcrumb":{"@id":"https:\/\/www.eldigitaldeasturias.com\/noticias\/finaliza-sin-acuerdo-el-acto-de-conciliacion-de-tenneco\/#breadcrumblist"},"author":{"@id":"https:\/\/www.eldigitaldeasturias.com\/noticias\/author\/admin\/#author"},"creator":{"@id":"https:\/\/www.eldigitaldeasturias.com\/noticias\/author\/admin\/#author"},"image":{"@type":"ImageObject","url":"https:\/\/www.eldigitaldeasturias.com\/noticias\/wp-content\/uploads\/2026\/06\/Contenidos.jpg","@id":"https:\/\/www.eldigitaldeasturias.com\/noticias\/finaliza-sin-acuerdo-el-acto-de-conciliacion-de-tenneco\/#mainImage","width":1265,"height":697,"caption":"Contenidos"},"primaryImageOfPage":{"@id":"https:\/\/www.eldigitaldeasturias.com\/noticias\/finaliza-sin-acuerdo-el-acto-de-conciliacion-de-tenneco\/#mainImage"},"datePublished":"2014-01-31T12:02:30+01:00","dateModified":"2014-01-31T12:02:30+01:00"},{"@type":"WebSite","@id":"https:\/\/www.eldigitaldeasturias.com\/noticias\/#website","url":"https:\/\/www.eldigitaldeasturias.com\/noticias\/","name":"El Digital de Asturias - Diario de actualidad y noticias","alternateName":"El Digital de Asturias - Diario de actualidad y noticias","description":"Hemeroteca","inLanguage":"es-ES","publisher":{"@id":"https:\/\/www.eldigitaldeasturias.com\/noticias\/#organization"}}]},"og:locale":"es_ES","og:site_name":"El Digital de Asturias","og:type":"article","og:title":"Finaliza sin acuerdo el acto de conciliaci\u00f3n de Tenneco - El Digital de Asturias","og:description":"Oviedo, 31 ene (EFE).- El acto de conciliaci\u00f3n celebrado en el Tribunal Superior de Justicia de Asturias (TSJA) sobre el Expediente de Regulaci\u00f3n de Empleo (ERE) de extinci\u00f3n que afecta a la totalidad de la plantilla de la f\u00e1brica de Tenneco en Gij\u00f3n ha finalizado sin acuerdo. En declaraciones a Efe, el presidente del Comit\u00e9","og:url":"https:\/\/www.eldigitaldeasturias.com\/noticias\/finaliza-sin-acuerdo-el-acto-de-conciliacion-de-tenneco\/","og:image":"https:\/\/www.eldigitaldeasturias.com\/noticias\/wp-content\/uploads\/2026\/06\/Contenidos.jpg","og:image:secure_url":"https:\/\/www.eldigitaldeasturias.com\/noticias\/wp-content\/uploads\/2026\/06\/Contenidos.jpg","og:image:width":1265,"og:image:height":697,"article:tag":["actualidad","actualidad asturias"],"article:published_time":"2014-01-31T13:02:30+00:00","article:modified_time":"2014-01-31T13:02:30+00:00","article:publisher":"https:\/\/facebook.com\/eldigitaldeasturias","twitter:card":"summary_large_image","twitter:title":"Finaliza sin acuerdo el acto de conciliaci\u00f3n de Tenneco - El Digital de Asturias","twitter:description":"Oviedo, 31 ene (EFE).- El acto de conciliaci\u00f3n celebrado en el Tribunal Superior de Justicia de Asturias (TSJA) sobre el Expediente de Regulaci\u00f3n de Empleo (ERE) de extinci\u00f3n que afecta a la totalidad de la plantilla de la f\u00e1brica de Tenneco en Gij\u00f3n ha finalizado sin acuerdo. En declaraciones a Efe, el presidente del Comit\u00e9","twitter:image":"https:\/\/www.eldigitaldeasturias.com\/noticias\/wp-content\/uploads\/2026\/06\/Contenidos.jpg","twitter:label1":"Escrito por","twitter:data1":"El Digital de Asturias","twitter:label2":"Tiempo de lectura estimado","twitter:data2":"2 minutos"},"aioseo_meta_data":{"post_id":"480950","title":null,"description":null,"keywords":null,"keyphrases":null,"primary_term":null,"canonical_url":null,"og_title":null,"og_description":null,"og_object_type":"default","og_image_type":"default","og_image_url":null,"og_image_width":null,"og_image_height":null,"og_image_custom_url":null,"og_image_custom_fields":null,"og_video":null,"og_custom_url":null,"og_article_section":null,"og_article_tags":null,"twitter_use_og":true,"twitter_card":"default","twitter_image_type":"default","twitter_image_url":null,"twitter_image_custom_url":null,"twitter_image_custom_fields":null,"twitter_title":null,"twitter_description":null,"schema":{"blockGraphs":[],"customGraphs":[],"default":{"data":{"Article":[],"Course":[],"Dataset":[],"FAQPage":[],"Movie":[],"Person":[],"Product":[],"ProductReview":[],"Car":[],"Recipe":[],"Service":[],"SoftwareApplication":[],"WebPage":[]},"graphName":"","isEnabled":true},"graphs":[],"defaultGraph":"","defaultPostTypeGraph":""},"schema_type":null,"schema_type_options":null,"pillar_content":false,"robots_default":true,"robots_noindex":false,"robots_noarchive":false,"robots_nosnippet":false,"robots_nofollow":false,"robots_noimageindex":false,"robots_noodp":false,"robots_notranslate":false,"robots_max_snippet":null,"robots_max_videopreview":null,"robots_max_imagepreview":"none","priority":null,"frequency":null,"local_seo":null,"seo_analyzer_scan_date":"2026-06-02 05:17:53","breadcrumb_settings":null,"limit_modified_date":false,"open_ai":null,"ai":null,"created":"2020-11-14 22:54:15","updated":"2026-06-02 05:17:53","focus_keyword":null,"additional_keywords":null,"truseo_locale":null},"aioseo_breadcrumb":"<div class=\"aioseo-breadcrumbs\"><span class=\"aioseo-breadcrumb\">\n\t<a href=\"https:\/\/www.eldigitaldeasturias.com\/noticias\" title=\"Home\">Home<\/a>\n<\/span><span class=\"aioseo-breadcrumb-separator\">\u2013<\/span><span class=\"aioseo-breadcrumb\">\n\t<a href=\"https:\/\/www.eldigitaldeasturias.com\/noticias\/category\/actualidad\/\" title=\"Actualidad\">Actualidad<\/a>\n<\/span><span class=\"aioseo-breadcrumb-separator\">\u2013<\/span><span class=\"aioseo-breadcrumb\">\n\t<a href=\"https:\/\/www.eldigitaldeasturias.com\/noticias\/finaliza-sin-acuerdo-el-acto-de-conciliacion-de-tenneco\/\" title=\"Finaliza sin acuerdo el acto de conciliaci\u00f3n de Tenneco\">Finaliza sin acuerdo el acto de conciliaci\u00f3n de Tenneco<\/a>\n<\/span><\/div>","aioseo_breadcrumb_json":[{"label":"Home","link":"https:\/\/www.eldigitaldeasturias.com\/noticias"},{"label":"Actualidad","link":"https:\/\/www.eldigitaldeasturias.com\/noticias\/category\/actualidad\/"},{"label":"Finaliza sin acuerdo el acto de conciliaci\u00f3n de Tenneco","link":"https:\/\/www.eldigitaldeasturias.com\/noticias\/finaliza-sin-acuerdo-el-acto-de-conciliacion-de-tenneco\/"}],"_links":{"self":[{"href":"https:\/\/www.eldigitaldeasturias.com\/noticias\/wp-json\/wp\/v2\/posts\/480950","targetHints":{"allow":["GET"]}}],"collection":[{"href":"https:\/\/www.eldigitaldeasturias.com\/noticias\/wp-json\/wp\/v2\/posts"}],"about":[{"href":"https:\/\/www.eldigitaldeasturias.com\/noticias\/wp-json\/wp\/v2\/types\/post"}],"author":[{"embeddable":true,"href":"https:\/\/www.eldigitaldeasturias.com\/noticias\/wp-json\/wp\/v2\/users\/1"}],"replies":[{"embeddable":true,"href":"https:\/\/www.eldigitaldeasturias.com\/noticias\/wp-json\/wp\/v2\/comments?post=480950"}],"version-history":[{"count":0,"href":"https:\/\/www.eldigitaldeasturias.com\/noticias\/wp-json\/wp\/v2\/posts\/480950\/revisions"}],"wp:featuredmedia":[{"embeddable":true,"href":"https:\/\/www.eldigitaldeasturias.com\/noticias\/wp-json\/wp\/v2\/media\/1132184"}],"wp:attachment":[{"href":"https:\/\/www.eldigitaldeasturias.com\/noticias\/wp-json\/wp\/v2\/media?parent=480950"}],"wp:term":[{"taxonomy":"category","embeddable":true,"href":"https:\/\/www.eldigitaldeasturias.com\/noticias\/wp-json\/wp\/v2\/categories?post=480950"},{"taxonomy":"post_tag","embeddable":true,"href":"https:\/\/www.eldigitaldeasturias.com\/noticias\/wp-json\/wp\/v2\/tags?post=480950"}],"curies":[{"name":"wp","href":"https:\/\/api.w.org\/{rel}","templated":true}]}}