{"id":480945,"date":"2014-01-31T11:59:14","date_gmt":"2014-01-31T12:59:14","guid":{"rendered":"http:\/\/www.eldigitaldeasturias.com\/noticias\/?p=480945"},"modified":"2014-01-31T11:59:14","modified_gmt":"2014-01-31T12:59:14","slug":"el-precio-del-transporte-vuelve-a-desencadenar-protestas-en-rio-de-janeiro","status":"publish","type":"post","link":"https:\/\/www.eldigitaldeasturias.com\/noticias\/el-precio-del-transporte-vuelve-a-desencadenar-protestas-en-rio-de-janeiro\/","title":{"rendered":"El precio del transporte vuelve a desencadenar protestas en R\u00edo de Janeiro"},"content":{"rendered":"<p><img loading=\"lazy\" decoding=\"async\" class=\"alignleft size-medium wp-image-480946\" alt=\"5894168w\" src=\"https:\/\/www.eldigitaldeasturias.com\/noticias\/wp-content\/uploads\/2014\/01\/5894168w-360x239.jpg\" width=\"360\" height=\"239\" \/>R\u00edo de Janeiro, 31 ene (EFE).- El aumento del precio del autob\u00fas en R\u00edo de Janeiro volvi\u00f3 hoy a desencadenar una protesta en la capital carioca, una acci\u00f3n que se produce siete meses despu\u00e9s de que miles de ciudadanos salieran a las calles de Brasil para manifestarse en contra del alza del transporte p\u00fablico.<\/p>\n<p>Bajo el grito \u00abSi el pasaje aumenta, R\u00edo va a parar\u00bb y \u00abSalta, que esto es gratis\u00bb, un grupo de unas cien personas pasaron hoy las barreras de la principal estaci\u00f3n de ferrocarril de R\u00edo de Janeiro sin pagar el correspondiente billete.<\/p>\n<p>Esta acci\u00f3n se produce despu\u00e9s de que la alcald\u00eda de la ciudad anunciara ayer mi\u00e9rcoles que la tarifa de autob\u00fas pasar\u00e1 de 2,75 reales (cerca de 1,13 d\u00f3lares) a 3 reales (unos 1,24 d\u00f3lares) a partir del pr\u00f3ximo 8 de febrero.<\/p>\n<p>La protesta, que hasta las 21.15 hora local (23.15 GMT) transcurr\u00eda de forma pac\u00edfica, estuvo acompa\u00f1ada de cerca por un grupo de Polic\u00edas Militares (PM), quienes no intervinieron.<\/p>\n<p>Algunos de los manifestantes animaron a otros usuarios a no pagar el billete como rechazo a la medida, una acci\u00f3n que ya se repiti\u00f3 el pasado martes.<\/p>\n<p>El aumento del precio del autob\u00fas el a\u00f1o pasado desencaden\u00f3 el pasado mes de junio una ola de manifestaciones en todo el pa\u00eds, coincidiendo con la celebraci\u00f3n de la Copa de las Confederaciones.<\/p>\n<p>Aunque el aumento del billete fue el detonante, miles de personas en todo Brasil salieron a las calles para pedir mejores servicios p\u00fablicos, como educaci\u00f3n y sanidad, y criticar el gasto en infraestructuras para eventos futbol\u00edsticos.<\/p>\n","protected":false},"excerpt":{"rendered":"<p>R\u00edo de Janeiro, 31 ene (EFE).- El aumento del precio del autob\u00fas en R\u00edo de Janeiro volvi\u00f3 hoy a desencadenar una protesta en la capital carioca, una acci\u00f3n que se produce siete meses despu\u00e9s de que miles de ciudadanos salieran a las calles de Brasil para manifestarse en contra del alza del transporte p\u00fablico. Bajo [&hellip;]<\/p>\n","protected":false},"author":1,"featured_media":1132184,"comment_status":"closed","ping_status":"open","sticky":false,"template":"","format":"standard","meta":{"footnotes":""},"categories":[1],"tags":[],"class_list":["post-480945","post","type-post","status-publish","format-standard","has-post-thumbnail","hentry","category-actualidad"],"aioseo_notices":[],"aioseo_head":"\n\t\t<!-- All in One SEO Pro 5.0.1 - aioseo.com -->\n\t<meta name=\"description\" content=\"R\u00edo de Janeiro, 31 ene (EFE).- El aumento del precio del autob\u00fas en R\u00edo de Janeiro volvi\u00f3 hoy a desencadenar una protesta en la capital carioca, una acci\u00f3n que se produce siete meses despu\u00e9s de que miles de ciudadanos salieran a las calles de Brasil para manifestarse en contra del alza del transporte p\u00fablico. Bajo\" \/>\n\t<meta name=\"robots\" content=\"max-image-preview:large\" \/>\n\t<meta name=\"author\" content=\"El Digital de Asturias\"\/>\n\t<meta name=\"google-site-verification\" content=\"UA-38556648-1\" \/>\n\t<meta name=\"msvalidate.01\" content=\"7dfe9f3f1b24437ab69f4f2559babe99\" \/>\n\t<meta name=\"keywords\" content=\"actualidad\" \/>\n\t<link rel=\"canonical\" href=\"https:\/\/www.eldigitaldeasturias.com\/noticias\/el-precio-del-transporte-vuelve-a-desencadenar-protestas-en-rio-de-janeiro\/\" \/>\n\t<meta name=\"generator\" content=\"All in One SEO Pro (AIOSEO) 5.0.1\" \/>\n\t\t<meta property=\"og:locale\" content=\"es_ES\" \/>\n\t\t<meta property=\"og:site_name\" content=\"El Digital de Asturias\" \/>\n\t\t<meta property=\"og:type\" content=\"article\" \/>\n\t\t<meta property=\"og:title\" content=\"El precio del transporte vuelve a desencadenar protestas en R\u00edo de Janeiro - El Digital de Asturias\" \/>\n\t\t<meta property=\"og:description\" content=\"R\u00edo de Janeiro, 31 ene (EFE).- El aumento del precio del autob\u00fas en R\u00edo de Janeiro volvi\u00f3 hoy a desencadenar una protesta en la capital carioca, una acci\u00f3n que se produce siete meses despu\u00e9s de que miles de ciudadanos salieran a las calles de Brasil para manifestarse en contra del alza del transporte p\u00fablico. Bajo\" \/>\n\t\t<meta property=\"og:url\" content=\"https:\/\/www.eldigitaldeasturias.com\/noticias\/el-precio-del-transporte-vuelve-a-desencadenar-protestas-en-rio-de-janeiro\/\" \/>\n\t\t<meta property=\"og:image\" content=\"https:\/\/www.eldigitaldeasturias.com\/noticias\/wp-content\/uploads\/2026\/06\/Contenidos.jpg\" \/>\n\t\t<meta property=\"og:image:secure_url\" content=\"https:\/\/www.eldigitaldeasturias.com\/noticias\/wp-content\/uploads\/2026\/06\/Contenidos.jpg\" \/>\n\t\t<meta property=\"og:image:width\" content=\"1265\" \/>\n\t\t<meta property=\"og:image:height\" content=\"697\" \/>\n\t\t<meta property=\"article:tag\" content=\"actualidad\" \/>\n\t\t<meta property=\"article:published_time\" content=\"2014-01-31T12:59:14+00:00\" \/>\n\t\t<meta property=\"article:modified_time\" content=\"2014-01-31T12:59:14+00:00\" \/>\n\t\t<meta property=\"article:publisher\" content=\"https:\/\/facebook.com\/eldigitaldeasturias\" \/>\n\t\t<meta name=\"twitter:card\" content=\"summary_large_image\" \/>\n\t\t<meta name=\"twitter:title\" content=\"El precio del transporte vuelve a desencadenar protestas en R\u00edo de Janeiro - El Digital de Asturias\" \/>\n\t\t<meta name=\"twitter:description\" content=\"R\u00edo de Janeiro, 31 ene (EFE).- El aumento del precio del autob\u00fas en R\u00edo de Janeiro volvi\u00f3 hoy a desencadenar una protesta en la capital carioca, una acci\u00f3n que se produce siete meses despu\u00e9s de que miles de ciudadanos salieran a las calles de Brasil para manifestarse en contra del alza del transporte p\u00fablico. Bajo\" \/>\n\t\t<meta name=\"twitter:image\" content=\"https:\/\/www.eldigitaldeasturias.com\/noticias\/wp-content\/uploads\/2026\/06\/Contenidos.jpg\" \/>\n\t\t<meta name=\"twitter:label1\" content=\"Escrito por\" \/>\n\t\t<meta name=\"twitter:data1\" content=\"El Digital de Asturias\" \/>\n\t\t<meta name=\"twitter:label2\" content=\"Tiempo de lectura estimado\" \/>\n\t\t<meta name=\"twitter:data2\" content=\"1 minuto\" \/>\n\t\t<script type=\"application\/ld+json\" class=\"aioseo-schema\">\n\t\t\t{\"@context\":\"https:\\\/\\\/schema.org\",\"@graph\":[{\"@type\":\"BlogPosting\",\"@id\":\"https:\\\/\\\/www.eldigitaldeasturias.com\\\/noticias\\\/el-precio-del-transporte-vuelve-a-desencadenar-protestas-en-rio-de-janeiro\\\/#blogposting\",\"name\":\"El precio del transporte vuelve a desencadenar protestas en R\\u00edo de Janeiro - El Digital de Asturias\",\"headline\":\"El precio del transporte vuelve a desencadenar protestas en R\\u00edo de Janeiro\",\"author\":{\"@id\":\"https:\\\/\\\/www.eldigitaldeasturias.com\\\/noticias\\\/author\\\/admin\\\/#author\"},\"publisher\":{\"@id\":\"https:\\\/\\\/www.eldigitaldeasturias.com\\\/noticias\\\/#organization\"},\"image\":{\"@type\":\"ImageObject\",\"url\":\"https:\\\/\\\/www.eldigitaldeasturias.com\\\/noticias\\\/wp-content\\\/uploads\\\/2026\\\/06\\\/Contenidos.jpg\",\"width\":1265,\"height\":697,\"caption\":\"Contenidos\"},\"datePublished\":\"2014-01-31T11:59:14+01:00\",\"dateModified\":\"2014-01-31T11:59:14+01:00\",\"inLanguage\":\"es-ES\",\"mainEntityOfPage\":{\"@id\":\"https:\\\/\\\/www.eldigitaldeasturias.com\\\/noticias\\\/el-precio-del-transporte-vuelve-a-desencadenar-protestas-en-rio-de-janeiro\\\/#webpage\"},\"isPartOf\":{\"@id\":\"https:\\\/\\\/www.eldigitaldeasturias.com\\\/noticias\\\/el-precio-del-transporte-vuelve-a-desencadenar-protestas-en-rio-de-janeiro\\\/#webpage\"},\"articleSection\":\"Actualidad\"},{\"@type\":\"BreadcrumbList\",\"@id\":\"https:\\\/\\\/www.eldigitaldeasturias.com\\\/noticias\\\/el-precio-del-transporte-vuelve-a-desencadenar-protestas-en-rio-de-janeiro\\\/#breadcrumblist\",\"itemListElement\":[{\"@type\":\"ListItem\",\"@id\":\"https:\\\/\\\/www.eldigitaldeasturias.com\\\/noticias#listItem\",\"position\":1,\"name\":\"Home\",\"item\":\"https:\\\/\\\/www.eldigitaldeasturias.com\\\/noticias\",\"nextItem\":{\"@type\":\"ListItem\",\"@id\":\"https:\\\/\\\/www.eldigitaldeasturias.com\\\/noticias\\\/category\\\/actualidad\\\/#listItem\",\"name\":\"Actualidad\"}},{\"@type\":\"ListItem\",\"@id\":\"https:\\\/\\\/www.eldigitaldeasturias.com\\\/noticias\\\/category\\\/actualidad\\\/#listItem\",\"position\":2,\"name\":\"Actualidad\",\"item\":\"https:\\\/\\\/www.eldigitaldeasturias.com\\\/noticias\\\/category\\\/actualidad\\\/\",\"nextItem\":{\"@type\":\"ListItem\",\"@id\":\"https:\\\/\\\/www.eldigitaldeasturias.com\\\/noticias\\\/el-precio-del-transporte-vuelve-a-desencadenar-protestas-en-rio-de-janeiro\\\/#listItem\",\"name\":\"El precio del transporte vuelve a desencadenar protestas en R\\u00edo de Janeiro\"},\"previousItem\":{\"@type\":\"ListItem\",\"@id\":\"https:\\\/\\\/www.eldigitaldeasturias.com\\\/noticias#listItem\",\"name\":\"Home\"}},{\"@type\":\"ListItem\",\"@id\":\"https:\\\/\\\/www.eldigitaldeasturias.com\\\/noticias\\\/el-precio-del-transporte-vuelve-a-desencadenar-protestas-en-rio-de-janeiro\\\/#listItem\",\"position\":3,\"name\":\"El precio del transporte vuelve a desencadenar protestas en R\\u00edo de Janeiro\",\"previousItem\":{\"@type\":\"ListItem\",\"@id\":\"https:\\\/\\\/www.eldigitaldeasturias.com\\\/noticias\\\/category\\\/actualidad\\\/#listItem\",\"name\":\"Actualidad\"}}]},{\"@type\":\"Organization\",\"@id\":\"https:\\\/\\\/www.eldigitaldeasturias.com\\\/noticias\\\/#organization\",\"name\":\"El Digital de Asturias\",\"description\":\"Hemeroteca\",\"url\":\"https:\\\/\\\/www.eldigitaldeasturias.com\\\/noticias\\\/\",\"email\":\"info@eldigitaldeasturias.com\",\"telephone\":\"+34652131393\",\"logo\":{\"@type\":\"ImageObject\",\"url\":\"https:\\\/\\\/www.eldigitaldeasturias.com\\\/noticias\\\/wp-content\\\/uploads\\\/2020\\\/12\\\/EDA.jpg\",\"@id\":\"https:\\\/\\\/www.eldigitaldeasturias.com\\\/noticias\\\/el-precio-del-transporte-vuelve-a-desencadenar-protestas-en-rio-de-janeiro\\\/#organizationLogo\"},\"image\":{\"@id\":\"https:\\\/\\\/www.eldigitaldeasturias.com\\\/noticias\\\/el-precio-del-transporte-vuelve-a-desencadenar-protestas-en-rio-de-janeiro\\\/#organizationLogo\"},\"sameAs\":[\"https:\\\/\\\/facebook.com\\\/eldigitaldeasturias\",\"https:\\\/\\\/www.youtube.com\\\/channel\\\/UCZP-2wLEB9Rv6erhFmqVnvg\"],\"address\":{\"@id\":\"https:\\\/\\\/www.eldigitaldeasturias.com\\\/noticias\\\/#postaladdress\",\"@type\":\"PostalAddress\",\"streetAddress\":\"san antonio 4\",\"postalCode\":\"33430\",\"addressLocality\":\"Cand\\u00e1s\",\"addressRegion\":\"Asturias\",\"addressCountry\":\"ES\"}},{\"@type\":\"Person\",\"@id\":\"https:\\\/\\\/www.eldigitaldeasturias.com\\\/noticias\\\/author\\\/admin\\\/#author\",\"url\":\"https:\\\/\\\/www.eldigitaldeasturias.com\\\/noticias\\\/author\\\/admin\\\/\",\"name\":\"El Digital de Asturias\",\"image\":{\"@type\":\"ImageObject\",\"@id\":\"https:\\\/\\\/www.eldigitaldeasturias.com\\\/noticias\\\/el-precio-del-transporte-vuelve-a-desencadenar-protestas-en-rio-de-janeiro\\\/#authorImage\",\"url\":\"https:\\\/\\\/secure.gravatar.com\\\/avatar\\\/df2aeffc32bcd13f8d26072ef8a91b623d677766deac7f97ca815868cd41bf5e?s=96&d=mm&r=g\",\"width\":96,\"height\":96,\"caption\":\"El Digital de Asturias\"}},{\"@type\":\"WebPage\",\"@id\":\"https:\\\/\\\/www.eldigitaldeasturias.com\\\/noticias\\\/el-precio-del-transporte-vuelve-a-desencadenar-protestas-en-rio-de-janeiro\\\/#webpage\",\"url\":\"https:\\\/\\\/www.eldigitaldeasturias.com\\\/noticias\\\/el-precio-del-transporte-vuelve-a-desencadenar-protestas-en-rio-de-janeiro\\\/\",\"name\":\"El precio del transporte vuelve a desencadenar protestas en R\\u00edo de Janeiro - El Digital de Asturias\",\"description\":\"R\\u00edo de Janeiro, 31 ene (EFE).- El aumento del precio del autob\\u00fas en R\\u00edo de Janeiro volvi\\u00f3 hoy a desencadenar una protesta en la capital carioca, una acci\\u00f3n que se produce siete meses despu\\u00e9s de que miles de ciudadanos salieran a las calles de Brasil para manifestarse en contra del alza del transporte p\\u00fablico. Bajo\",\"inLanguage\":\"es-ES\",\"isPartOf\":{\"@id\":\"https:\\\/\\\/www.eldigitaldeasturias.com\\\/noticias\\\/#website\"},\"breadcrumb\":{\"@id\":\"https:\\\/\\\/www.eldigitaldeasturias.com\\\/noticias\\\/el-precio-del-transporte-vuelve-a-desencadenar-protestas-en-rio-de-janeiro\\\/#breadcrumblist\"},\"author\":{\"@id\":\"https:\\\/\\\/www.eldigitaldeasturias.com\\\/noticias\\\/author\\\/admin\\\/#author\"},\"creator\":{\"@id\":\"https:\\\/\\\/www.eldigitaldeasturias.com\\\/noticias\\\/author\\\/admin\\\/#author\"},\"image\":{\"@type\":\"ImageObject\",\"url\":\"https:\\\/\\\/www.eldigitaldeasturias.com\\\/noticias\\\/wp-content\\\/uploads\\\/2026\\\/06\\\/Contenidos.jpg\",\"@id\":\"https:\\\/\\\/www.eldigitaldeasturias.com\\\/noticias\\\/el-precio-del-transporte-vuelve-a-desencadenar-protestas-en-rio-de-janeiro\\\/#mainImage\",\"width\":1265,\"height\":697,\"caption\":\"Contenidos\"},\"primaryImageOfPage\":{\"@id\":\"https:\\\/\\\/www.eldigitaldeasturias.com\\\/noticias\\\/el-precio-del-transporte-vuelve-a-desencadenar-protestas-en-rio-de-janeiro\\\/#mainImage\"},\"datePublished\":\"2014-01-31T11:59:14+01:00\",\"dateModified\":\"2014-01-31T11:59:14+01:00\"},{\"@type\":\"WebSite\",\"@id\":\"https:\\\/\\\/www.eldigitaldeasturias.com\\\/noticias\\\/#website\",\"url\":\"https:\\\/\\\/www.eldigitaldeasturias.com\\\/noticias\\\/\",\"name\":\"El Digital de Asturias - Diario de actualidad y noticias\",\"alternateName\":\"El Digital de Asturias - Diario de actualidad y noticias\",\"description\":\"Hemeroteca\",\"inLanguage\":\"es-ES\",\"publisher\":{\"@id\":\"https:\\\/\\\/www.eldigitaldeasturias.com\\\/noticias\\\/#organization\"}}]}\n\t\t<\/script>\n\t\t<!-- All in One SEO Pro -->\r\n\t\t<title>El precio del transporte vuelve a desencadenar protestas en R\u00edo de Janeiro - El Digital de Asturias<\/title>\n\n","aioseo_head_json":{"title":"El precio del transporte vuelve a desencadenar protestas en R\u00edo de Janeiro - El Digital de Asturias","description":"R\u00edo de Janeiro, 31 ene (EFE).- El aumento del precio del autob\u00fas en R\u00edo de Janeiro volvi\u00f3 hoy a desencadenar una protesta en la capital carioca, una acci\u00f3n que se produce siete meses despu\u00e9s de que miles de ciudadanos salieran a las calles de Brasil para manifestarse en contra del alza del transporte p\u00fablico. Bajo","canonical_url":"https:\/\/www.eldigitaldeasturias.com\/noticias\/el-precio-del-transporte-vuelve-a-desencadenar-protestas-en-rio-de-janeiro\/","robots":"max-image-preview:large","keywords":"actualidad","webmasterTools":{"google-site-verification":"UA-38556648-1","msvalidate.01":"7dfe9f3f1b24437ab69f4f2559babe99","miscellaneous":""},"schema":{"@context":"https:\/\/schema.org","@graph":[{"@type":"BlogPosting","@id":"https:\/\/www.eldigitaldeasturias.com\/noticias\/el-precio-del-transporte-vuelve-a-desencadenar-protestas-en-rio-de-janeiro\/#blogposting","name":"El precio del transporte vuelve a desencadenar protestas en R\u00edo de Janeiro - El Digital de Asturias","headline":"El precio del transporte vuelve a desencadenar protestas en R\u00edo de Janeiro","author":{"@id":"https:\/\/www.eldigitaldeasturias.com\/noticias\/author\/admin\/#author"},"publisher":{"@id":"https:\/\/www.eldigitaldeasturias.com\/noticias\/#organization"},"image":{"@type":"ImageObject","url":"https:\/\/www.eldigitaldeasturias.com\/noticias\/wp-content\/uploads\/2026\/06\/Contenidos.jpg","width":1265,"height":697,"caption":"Contenidos"},"datePublished":"2014-01-31T11:59:14+01:00","dateModified":"2014-01-31T11:59:14+01:00","inLanguage":"es-ES","mainEntityOfPage":{"@id":"https:\/\/www.eldigitaldeasturias.com\/noticias\/el-precio-del-transporte-vuelve-a-desencadenar-protestas-en-rio-de-janeiro\/#webpage"},"isPartOf":{"@id":"https:\/\/www.eldigitaldeasturias.com\/noticias\/el-precio-del-transporte-vuelve-a-desencadenar-protestas-en-rio-de-janeiro\/#webpage"},"articleSection":"Actualidad"},{"@type":"BreadcrumbList","@id":"https:\/\/www.eldigitaldeasturias.com\/noticias\/el-precio-del-transporte-vuelve-a-desencadenar-protestas-en-rio-de-janeiro\/#breadcrumblist","itemListElement":[{"@type":"ListItem","@id":"https:\/\/www.eldigitaldeasturias.com\/noticias#listItem","position":1,"name":"Home","item":"https:\/\/www.eldigitaldeasturias.com\/noticias","nextItem":{"@type":"ListItem","@id":"https:\/\/www.eldigitaldeasturias.com\/noticias\/category\/actualidad\/#listItem","name":"Actualidad"}},{"@type":"ListItem","@id":"https:\/\/www.eldigitaldeasturias.com\/noticias\/category\/actualidad\/#listItem","position":2,"name":"Actualidad","item":"https:\/\/www.eldigitaldeasturias.com\/noticias\/category\/actualidad\/","nextItem":{"@type":"ListItem","@id":"https:\/\/www.eldigitaldeasturias.com\/noticias\/el-precio-del-transporte-vuelve-a-desencadenar-protestas-en-rio-de-janeiro\/#listItem","name":"El precio del transporte vuelve a desencadenar protestas en R\u00edo de Janeiro"},"previousItem":{"@type":"ListItem","@id":"https:\/\/www.eldigitaldeasturias.com\/noticias#listItem","name":"Home"}},{"@type":"ListItem","@id":"https:\/\/www.eldigitaldeasturias.com\/noticias\/el-precio-del-transporte-vuelve-a-desencadenar-protestas-en-rio-de-janeiro\/#listItem","position":3,"name":"El precio del transporte vuelve a desencadenar protestas en R\u00edo de Janeiro","previousItem":{"@type":"ListItem","@id":"https:\/\/www.eldigitaldeasturias.com\/noticias\/category\/actualidad\/#listItem","name":"Actualidad"}}]},{"@type":"Organization","@id":"https:\/\/www.eldigitaldeasturias.com\/noticias\/#organization","name":"El Digital de Asturias","description":"Hemeroteca","url":"https:\/\/www.eldigitaldeasturias.com\/noticias\/","email":"info@eldigitaldeasturias.com","telephone":"+34652131393","logo":{"@type":"ImageObject","url":"https:\/\/www.eldigitaldeasturias.com\/noticias\/wp-content\/uploads\/2020\/12\/EDA.jpg","@id":"https:\/\/www.eldigitaldeasturias.com\/noticias\/el-precio-del-transporte-vuelve-a-desencadenar-protestas-en-rio-de-janeiro\/#organizationLogo"},"image":{"@id":"https:\/\/www.eldigitaldeasturias.com\/noticias\/el-precio-del-transporte-vuelve-a-desencadenar-protestas-en-rio-de-janeiro\/#organizationLogo"},"sameAs":["https:\/\/facebook.com\/eldigitaldeasturias","https:\/\/www.youtube.com\/channel\/UCZP-2wLEB9Rv6erhFmqVnvg"],"address":{"@id":"https:\/\/www.eldigitaldeasturias.com\/noticias\/#postaladdress","@type":"PostalAddress","streetAddress":"san antonio 4","postalCode":"33430","addressLocality":"Cand\u00e1s","addressRegion":"Asturias","addressCountry":"ES"}},{"@type":"Person","@id":"https:\/\/www.eldigitaldeasturias.com\/noticias\/author\/admin\/#author","url":"https:\/\/www.eldigitaldeasturias.com\/noticias\/author\/admin\/","name":"El Digital de Asturias","image":{"@type":"ImageObject","@id":"https:\/\/www.eldigitaldeasturias.com\/noticias\/el-precio-del-transporte-vuelve-a-desencadenar-protestas-en-rio-de-janeiro\/#authorImage","url":"https:\/\/secure.gravatar.com\/avatar\/df2aeffc32bcd13f8d26072ef8a91b623d677766deac7f97ca815868cd41bf5e?s=96&d=mm&r=g","width":96,"height":96,"caption":"El Digital de Asturias"}},{"@type":"WebPage","@id":"https:\/\/www.eldigitaldeasturias.com\/noticias\/el-precio-del-transporte-vuelve-a-desencadenar-protestas-en-rio-de-janeiro\/#webpage","url":"https:\/\/www.eldigitaldeasturias.com\/noticias\/el-precio-del-transporte-vuelve-a-desencadenar-protestas-en-rio-de-janeiro\/","name":"El precio del transporte vuelve a desencadenar protestas en R\u00edo de Janeiro - El Digital de Asturias","description":"R\u00edo de Janeiro, 31 ene (EFE).- El aumento del precio del autob\u00fas en R\u00edo de Janeiro volvi\u00f3 hoy a desencadenar una protesta en la capital carioca, una acci\u00f3n que se produce siete meses despu\u00e9s de que miles de ciudadanos salieran a las calles de Brasil para manifestarse en contra del alza del transporte p\u00fablico. Bajo","inLanguage":"es-ES","isPartOf":{"@id":"https:\/\/www.eldigitaldeasturias.com\/noticias\/#website"},"breadcrumb":{"@id":"https:\/\/www.eldigitaldeasturias.com\/noticias\/el-precio-del-transporte-vuelve-a-desencadenar-protestas-en-rio-de-janeiro\/#breadcrumblist"},"author":{"@id":"https:\/\/www.eldigitaldeasturias.com\/noticias\/author\/admin\/#author"},"creator":{"@id":"https:\/\/www.eldigitaldeasturias.com\/noticias\/author\/admin\/#author"},"image":{"@type":"ImageObject","url":"https:\/\/www.eldigitaldeasturias.com\/noticias\/wp-content\/uploads\/2026\/06\/Contenidos.jpg","@id":"https:\/\/www.eldigitaldeasturias.com\/noticias\/el-precio-del-transporte-vuelve-a-desencadenar-protestas-en-rio-de-janeiro\/#mainImage","width":1265,"height":697,"caption":"Contenidos"},"primaryImageOfPage":{"@id":"https:\/\/www.eldigitaldeasturias.com\/noticias\/el-precio-del-transporte-vuelve-a-desencadenar-protestas-en-rio-de-janeiro\/#mainImage"},"datePublished":"2014-01-31T11:59:14+01:00","dateModified":"2014-01-31T11:59:14+01:00"},{"@type":"WebSite","@id":"https:\/\/www.eldigitaldeasturias.com\/noticias\/#website","url":"https:\/\/www.eldigitaldeasturias.com\/noticias\/","name":"El Digital de Asturias - Diario de actualidad y noticias","alternateName":"El Digital de Asturias - Diario de actualidad y noticias","description":"Hemeroteca","inLanguage":"es-ES","publisher":{"@id":"https:\/\/www.eldigitaldeasturias.com\/noticias\/#organization"}}]},"og:locale":"es_ES","og:site_name":"El Digital de Asturias","og:type":"article","og:title":"El precio del transporte vuelve a desencadenar protestas en R\u00edo de Janeiro - El Digital de Asturias","og:description":"R\u00edo de Janeiro, 31 ene (EFE).- El aumento del precio del autob\u00fas en R\u00edo de Janeiro volvi\u00f3 hoy a desencadenar una protesta en la capital carioca, una acci\u00f3n que se produce siete meses despu\u00e9s de que miles de ciudadanos salieran a las calles de Brasil para manifestarse en contra del alza del transporte p\u00fablico. Bajo","og:url":"https:\/\/www.eldigitaldeasturias.com\/noticias\/el-precio-del-transporte-vuelve-a-desencadenar-protestas-en-rio-de-janeiro\/","og:image":"https:\/\/www.eldigitaldeasturias.com\/noticias\/wp-content\/uploads\/2026\/06\/Contenidos.jpg","og:image:secure_url":"https:\/\/www.eldigitaldeasturias.com\/noticias\/wp-content\/uploads\/2026\/06\/Contenidos.jpg","og:image:width":1265,"og:image:height":697,"article:tag":["actualidad"],"article:published_time":"2014-01-31T12:59:14+00:00","article:modified_time":"2014-01-31T12:59:14+00:00","article:publisher":"https:\/\/facebook.com\/eldigitaldeasturias","twitter:card":"summary_large_image","twitter:title":"El precio del transporte vuelve a desencadenar protestas en R\u00edo de Janeiro - El Digital de Asturias","twitter:description":"R\u00edo de Janeiro, 31 ene (EFE).- El aumento del precio del autob\u00fas en R\u00edo de Janeiro volvi\u00f3 hoy a desencadenar una protesta en la capital carioca, una acci\u00f3n que se produce siete meses despu\u00e9s de que miles de ciudadanos salieran a las calles de Brasil para manifestarse en contra del alza del transporte p\u00fablico. Bajo","twitter:image":"https:\/\/www.eldigitaldeasturias.com\/noticias\/wp-content\/uploads\/2026\/06\/Contenidos.jpg","twitter:label1":"Escrito por","twitter:data1":"El Digital de Asturias","twitter:label2":"Tiempo de lectura estimado","twitter:data2":"1 minuto"},"aioseo_meta_data":{"post_id":"480945","title":null,"description":null,"keywords":null,"keyphrases":null,"primary_term":null,"canonical_url":null,"og_title":null,"og_description":null,"og_object_type":"default","og_image_type":"default","og_image_url":null,"og_image_width":null,"og_image_height":null,"og_image_custom_url":null,"og_image_custom_fields":null,"og_video":null,"og_custom_url":null,"og_article_section":null,"og_article_tags":null,"twitter_use_og":true,"twitter_card":"default","twitter_image_type":"default","twitter_image_url":null,"twitter_image_custom_url":null,"twitter_image_custom_fields":null,"twitter_title":null,"twitter_description":null,"schema":{"blockGraphs":[],"customGraphs":[],"default":{"data":{"Article":[],"Course":[],"Dataset":[],"FAQPage":[],"Movie":[],"Person":[],"Product":[],"ProductReview":[],"Car":[],"Recipe":[],"Service":[],"SoftwareApplication":[],"WebPage":[]},"graphName":"","isEnabled":true},"graphs":[],"defaultGraph":"","defaultPostTypeGraph":""},"schema_type":null,"schema_type_options":null,"pillar_content":false,"robots_default":true,"robots_noindex":false,"robots_noarchive":false,"robots_nosnippet":false,"robots_nofollow":false,"robots_noimageindex":false,"robots_noodp":false,"robots_notranslate":false,"robots_max_snippet":null,"robots_max_videopreview":null,"robots_max_imagepreview":"none","priority":null,"frequency":null,"local_seo":null,"seo_analyzer_scan_date":"2026-06-02 05:17:49","breadcrumb_settings":null,"limit_modified_date":false,"open_ai":null,"ai":null,"created":"2020-11-14 22:54:15","updated":"2026-06-02 05:17:49","focus_keyword":null,"additional_keywords":null,"truseo_locale":null},"aioseo_breadcrumb":"<div class=\"aioseo-breadcrumbs\"><span class=\"aioseo-breadcrumb\">\n\t<a href=\"https:\/\/www.eldigitaldeasturias.com\/noticias\" title=\"Home\">Home<\/a>\n<\/span><span class=\"aioseo-breadcrumb-separator\">\u2013<\/span><span class=\"aioseo-breadcrumb\">\n\t<a href=\"https:\/\/www.eldigitaldeasturias.com\/noticias\/category\/actualidad\/\" title=\"Actualidad\">Actualidad<\/a>\n<\/span><span class=\"aioseo-breadcrumb-separator\">\u2013<\/span><span class=\"aioseo-breadcrumb\">\n\t<a href=\"https:\/\/www.eldigitaldeasturias.com\/noticias\/el-precio-del-transporte-vuelve-a-desencadenar-protestas-en-rio-de-janeiro\/\" title=\"El precio del transporte vuelve a desencadenar protestas en R\u00edo de Janeiro\">El precio del transporte vuelve a desencadenar protestas en R\u00edo de Janeiro<\/a>\n<\/span><\/div>","aioseo_breadcrumb_json":[{"label":"Home","link":"https:\/\/www.eldigitaldeasturias.com\/noticias"},{"label":"Actualidad","link":"https:\/\/www.eldigitaldeasturias.com\/noticias\/category\/actualidad\/"},{"label":"El precio del transporte vuelve a desencadenar protestas en R\u00edo de Janeiro","link":"https:\/\/www.eldigitaldeasturias.com\/noticias\/el-precio-del-transporte-vuelve-a-desencadenar-protestas-en-rio-de-janeiro\/"}],"_links":{"self":[{"href":"https:\/\/www.eldigitaldeasturias.com\/noticias\/wp-json\/wp\/v2\/posts\/480945","targetHints":{"allow":["GET"]}}],"collection":[{"href":"https:\/\/www.eldigitaldeasturias.com\/noticias\/wp-json\/wp\/v2\/posts"}],"about":[{"href":"https:\/\/www.eldigitaldeasturias.com\/noticias\/wp-json\/wp\/v2\/types\/post"}],"author":[{"embeddable":true,"href":"https:\/\/www.eldigitaldeasturias.com\/noticias\/wp-json\/wp\/v2\/users\/1"}],"replies":[{"embeddable":true,"href":"https:\/\/www.eldigitaldeasturias.com\/noticias\/wp-json\/wp\/v2\/comments?post=480945"}],"version-history":[{"count":0,"href":"https:\/\/www.eldigitaldeasturias.com\/noticias\/wp-json\/wp\/v2\/posts\/480945\/revisions"}],"wp:featuredmedia":[{"embeddable":true,"href":"https:\/\/www.eldigitaldeasturias.com\/noticias\/wp-json\/wp\/v2\/media\/1132184"}],"wp:attachment":[{"href":"https:\/\/www.eldigitaldeasturias.com\/noticias\/wp-json\/wp\/v2\/media?parent=480945"}],"wp:term":[{"taxonomy":"category","embeddable":true,"href":"https:\/\/www.eldigitaldeasturias.com\/noticias\/wp-json\/wp\/v2\/categories?post=480945"},{"taxonomy":"post_tag","embeddable":true,"href":"https:\/\/www.eldigitaldeasturias.com\/noticias\/wp-json\/wp\/v2\/tags?post=480945"}],"curies":[{"name":"wp","href":"https:\/\/api.w.org\/{rel}","templated":true}]}}