{"id":480942,"date":"2014-01-31T11:57:57","date_gmt":"2014-01-31T12:57:57","guid":{"rendered":"http:\/\/www.eldigitaldeasturias.com\/noticias\/?p=480942"},"modified":"2014-01-31T11:57:57","modified_gmt":"2014-01-31T12:57:57","slug":"las-negociaciones-para-relanzar-la-ampliacion-del-canal-de-panama-siguen-en-silencio","status":"publish","type":"post","link":"https:\/\/www.eldigitaldeasturias.com\/noticias\/las-negociaciones-para-relanzar-la-ampliacion-del-canal-de-panama-siguen-en-silencio\/","title":{"rendered":"Las negociaciones para relanzar la ampliaci\u00f3n del Canal de Panam\u00e1 siguen en silencio"},"content":{"rendered":"<p><img loading=\"lazy\" decoding=\"async\" class=\"alignleft size-medium wp-image-480943\" alt=\"5894216w\" src=\"https:\/\/www.eldigitaldeasturias.com\/noticias\/wp-content\/uploads\/2014\/01\/5894216w-360x203.jpg\" width=\"360\" height=\"203\" \/>Panam\u00e1, 31 ene (EFE).- Los representantes de la Autoridad del Canal de Panam\u00e1 (ACP) y del consorcio Grupo Unidos por el Canal (GUPC) celebraron hoy, sin anunciar resultados, una nueva reuni\u00f3n para tratar de evitar la suspensi\u00f3n total de la ampliaci\u00f3n de la v\u00eda interoce\u00e1nica, confirmaron fuentes de las partes.<\/p>\n<p>El administrador del Canal de Panam\u00e1, Jorge Quijano, dijo brevemente a periodistas que continuaban las conversaciones y que en la ACP \u00abno buscamos una extensi\u00f3n del plazo\u00bb para encontrar una soluci\u00f3n, fijado para el 1 de febrero pr\u00f3ximo.<\/p>\n<p>Quijano adelant\u00f3 que este viernes la cita \u00abser\u00eda en horas de la tarde\u00bb, porque tiene otros compromisos en la ma\u00f1ana.<\/p>\n<p>Por su lado, el ministro de Asuntos del Canal y presidente de la Junta Directiva de la ACP, Roberto Roy, reiter\u00f3 escuetamente que la intenci\u00f3n es terminar la ampliaci\u00f3n de la v\u00eda interoce\u00e1nica en el plazo previsto y con el contratista escogido, GUPC, liderado por la espa\u00f1ola Sacyr y la italiana Impregilo.<\/p>\n<p>La Junta Directiva del Canal celebr\u00f3 hoy una reuni\u00f3n en el edificio de administraci\u00f3n, sobre cuyos resultados no se inform\u00f3, mientras los representantes de GUPC tambi\u00e9n hicieron lo mismo en sus oficinas, a puerta cerrada, de acuerdo con las fuentes.<\/p>\n<p>En tanto, el presidente paname\u00f1o, Ricardo Martinelli, declar\u00f3 a periodistas durante un acto p\u00fablico que su Gobierno da \u00abel apoyo total\u00bb a \u00abtodas las decisiones\u00bb que tome la Junta Directiva de la ACP respecto a las obras de la ampliaci\u00f3n de la v\u00eda, que GUPC ha reducido a un 25 % aduciendo falta de liquidez por \u00absobrecostes\u00bb.<\/p>\n<p>El consorcio sigue pidiendo financiaci\u00f3n por 1.600 millones de d\u00f3lares, mientras que la ACP sostiene su posici\u00f3n de no dar mas de 100 millones de d\u00f3lares de adelanto y diferir en dos meses la devoluci\u00f3n de 83 millones de d\u00f3lares que debe cumplir GUPC.<\/p>\n<p>Quijano reconoci\u00f3 ayer que tanto el GUPC como la ACP quieren terminar esta obra, y que lo m\u00e1s conveniente ser\u00eda \u00abterminarla juntos porque es lo m\u00e1s r\u00e1pido\u00bb, pero dentro de las normas establecidas en el contrato por 3.118 millones de d\u00f3lares que se suscribi\u00f3 en 2009.<\/p>\n<p>La crisis inici\u00f3 el pasado 30 de diciembre cuando el GUPC comunic\u00f3 que sobrecostes por 1.600 millones de d\u00f3lares hab\u00edan dejado al consorcio sin liquidez que la ACP debe cubrir para poder terminar las obras.<\/p>\n<p>La ACP considera que los montos extra presentados por GUPC no est\u00e1n justificados y exige que el asunto lo diriman las instancias internacionales de resoluci\u00f3n de conflicto previstas en el contrato, sin que de por medio haya paro de las obras.<\/p>\n<p>El proyecto tiene un avance de casi 70 %, seg\u00fan el contratista.<\/p>\n<p>En la primera reuni\u00f3n del martes de la semana pasada, la aseguradora Zurich American present\u00f3 un plan cuyos t\u00e9rminos no han sido revelados oficialmente, pero que en su momento Quijano tild\u00f3 como viable y posible soluci\u00f3n \u00aba largo plazo\u00bb del conflicto contractual.<\/p>\n<p>Zurich custodia los 600 millones de d\u00f3lares que GUPC tuvo que poner como fianza para iniciar la construcci\u00f3n del tercer juego de gigantescas esclusas.<\/p>\n<p>La ampliaci\u00f3n consiste en la construcci\u00f3n de un tercer carril que dar\u00e1 paso a barcos con m\u00e1s de 12.600 contenedores, casi el triple de la capacidad actual del Canal de Panam\u00e1, por donde pasa cerca del 6 % del comercio mundial.<\/p>\n<p>La obra ten\u00eda que terminarse en agosto pr\u00f3ximo, pero ya tiene un atraso hasta junio de 2015 por parte de GUPC.<\/p>\n","protected":false},"excerpt":{"rendered":"<p>Panam\u00e1, 31 ene (EFE).- Los representantes de la Autoridad del Canal de Panam\u00e1 (ACP) y del consorcio Grupo Unidos por el Canal (GUPC) celebraron hoy, sin anunciar resultados, una nueva reuni\u00f3n para tratar de evitar la suspensi\u00f3n total de la ampliaci\u00f3n de la v\u00eda interoce\u00e1nica, confirmaron fuentes de las partes. El administrador del Canal de [&hellip;]<\/p>\n","protected":false},"author":1,"featured_media":1132184,"comment_status":"closed","ping_status":"open","sticky":false,"template":"","format":"standard","meta":{"footnotes":""},"categories":[1],"tags":[],"class_list":["post-480942","post","type-post","status-publish","format-standard","has-post-thumbnail","hentry","category-actualidad"],"aioseo_notices":[],"aioseo_head":"\n\t\t<!-- All in One SEO Pro 5.0.1 - aioseo.com -->\n\t<meta name=\"description\" content=\"Panam\u00e1, 31 ene (EFE).- Los representantes de la Autoridad del Canal de Panam\u00e1 (ACP) y del consorcio Grupo Unidos por el Canal (GUPC) celebraron hoy, sin anunciar resultados, una nueva reuni\u00f3n para tratar de evitar la suspensi\u00f3n total de la ampliaci\u00f3n de la v\u00eda interoce\u00e1nica, confirmaron fuentes de las partes. El administrador del Canal de\" \/>\n\t<meta name=\"robots\" content=\"max-image-preview:large\" \/>\n\t<meta name=\"author\" content=\"El Digital de Asturias\"\/>\n\t<meta name=\"google-site-verification\" content=\"UA-38556648-1\" \/>\n\t<meta name=\"msvalidate.01\" content=\"7dfe9f3f1b24437ab69f4f2559babe99\" \/>\n\t<meta name=\"keywords\" content=\"actualidad\" \/>\n\t<link rel=\"canonical\" href=\"https:\/\/www.eldigitaldeasturias.com\/noticias\/las-negociaciones-para-relanzar-la-ampliacion-del-canal-de-panama-siguen-en-silencio\/\" \/>\n\t<meta name=\"generator\" content=\"All in One SEO Pro (AIOSEO) 5.0.1\" \/>\n\t\t<meta property=\"og:locale\" content=\"es_ES\" \/>\n\t\t<meta property=\"og:site_name\" content=\"El Digital de Asturias\" \/>\n\t\t<meta property=\"og:type\" content=\"article\" \/>\n\t\t<meta property=\"og:title\" content=\"Las negociaciones para relanzar la ampliaci\u00f3n del Canal de Panam\u00e1 siguen en silencio - El Digital de Asturias\" \/>\n\t\t<meta property=\"og:description\" content=\"Panam\u00e1, 31 ene (EFE).- Los representantes de la Autoridad del Canal de Panam\u00e1 (ACP) y del consorcio Grupo Unidos por el Canal (GUPC) celebraron hoy, sin anunciar resultados, una nueva reuni\u00f3n para tratar de evitar la suspensi\u00f3n total de la ampliaci\u00f3n de la v\u00eda interoce\u00e1nica, confirmaron fuentes de las partes. El administrador del Canal de\" \/>\n\t\t<meta property=\"og:url\" content=\"https:\/\/www.eldigitaldeasturias.com\/noticias\/las-negociaciones-para-relanzar-la-ampliacion-del-canal-de-panama-siguen-en-silencio\/\" \/>\n\t\t<meta property=\"og:image\" content=\"https:\/\/www.eldigitaldeasturias.com\/noticias\/wp-content\/uploads\/2026\/06\/Contenidos.jpg\" \/>\n\t\t<meta property=\"og:image:secure_url\" content=\"https:\/\/www.eldigitaldeasturias.com\/noticias\/wp-content\/uploads\/2026\/06\/Contenidos.jpg\" \/>\n\t\t<meta property=\"og:image:width\" content=\"1265\" \/>\n\t\t<meta property=\"og:image:height\" content=\"697\" \/>\n\t\t<meta property=\"article:tag\" content=\"actualidad\" \/>\n\t\t<meta property=\"article:published_time\" content=\"2014-01-31T12:57:57+00:00\" \/>\n\t\t<meta property=\"article:modified_time\" content=\"2014-01-31T12:57:57+00:00\" \/>\n\t\t<meta property=\"article:publisher\" content=\"https:\/\/facebook.com\/eldigitaldeasturias\" \/>\n\t\t<meta name=\"twitter:card\" content=\"summary_large_image\" \/>\n\t\t<meta name=\"twitter:title\" content=\"Las negociaciones para relanzar la ampliaci\u00f3n del Canal de Panam\u00e1 siguen en silencio - El Digital de Asturias\" \/>\n\t\t<meta name=\"twitter:description\" content=\"Panam\u00e1, 31 ene (EFE).- Los representantes de la Autoridad del Canal de Panam\u00e1 (ACP) y del consorcio Grupo Unidos por el Canal (GUPC) celebraron hoy, sin anunciar resultados, una nueva reuni\u00f3n para tratar de evitar la suspensi\u00f3n total de la ampliaci\u00f3n de la v\u00eda interoce\u00e1nica, confirmaron fuentes de las partes. El administrador del Canal de\" \/>\n\t\t<meta name=\"twitter:image\" content=\"https:\/\/www.eldigitaldeasturias.com\/noticias\/wp-content\/uploads\/2026\/06\/Contenidos.jpg\" \/>\n\t\t<meta name=\"twitter:label1\" content=\"Escrito por\" \/>\n\t\t<meta name=\"twitter:data1\" content=\"El Digital de Asturias\" \/>\n\t\t<meta name=\"twitter:label2\" content=\"Tiempo de lectura estimado\" \/>\n\t\t<meta name=\"twitter:data2\" content=\"3 minutos\" \/>\n\t\t<script type=\"application\/ld+json\" class=\"aioseo-schema\">\n\t\t\t{\"@context\":\"https:\\\/\\\/schema.org\",\"@graph\":[{\"@type\":\"BlogPosting\",\"@id\":\"https:\\\/\\\/www.eldigitaldeasturias.com\\\/noticias\\\/las-negociaciones-para-relanzar-la-ampliacion-del-canal-de-panama-siguen-en-silencio\\\/#blogposting\",\"name\":\"Las negociaciones para relanzar la ampliaci\\u00f3n del Canal de Panam\\u00e1 siguen en silencio - El Digital de Asturias\",\"headline\":\"Las negociaciones para relanzar la ampliaci\\u00f3n del Canal de Panam\\u00e1 siguen en silencio\",\"author\":{\"@id\":\"https:\\\/\\\/www.eldigitaldeasturias.com\\\/noticias\\\/author\\\/admin\\\/#author\"},\"publisher\":{\"@id\":\"https:\\\/\\\/www.eldigitaldeasturias.com\\\/noticias\\\/#organization\"},\"image\":{\"@type\":\"ImageObject\",\"url\":\"https:\\\/\\\/www.eldigitaldeasturias.com\\\/noticias\\\/wp-content\\\/uploads\\\/2026\\\/06\\\/Contenidos.jpg\",\"width\":1265,\"height\":697,\"caption\":\"Contenidos\"},\"datePublished\":\"2014-01-31T11:57:57+01:00\",\"dateModified\":\"2014-01-31T11:57:57+01:00\",\"inLanguage\":\"es-ES\",\"mainEntityOfPage\":{\"@id\":\"https:\\\/\\\/www.eldigitaldeasturias.com\\\/noticias\\\/las-negociaciones-para-relanzar-la-ampliacion-del-canal-de-panama-siguen-en-silencio\\\/#webpage\"},\"isPartOf\":{\"@id\":\"https:\\\/\\\/www.eldigitaldeasturias.com\\\/noticias\\\/las-negociaciones-para-relanzar-la-ampliacion-del-canal-de-panama-siguen-en-silencio\\\/#webpage\"},\"articleSection\":\"Actualidad\"},{\"@type\":\"BreadcrumbList\",\"@id\":\"https:\\\/\\\/www.eldigitaldeasturias.com\\\/noticias\\\/las-negociaciones-para-relanzar-la-ampliacion-del-canal-de-panama-siguen-en-silencio\\\/#breadcrumblist\",\"itemListElement\":[{\"@type\":\"ListItem\",\"@id\":\"https:\\\/\\\/www.eldigitaldeasturias.com\\\/noticias#listItem\",\"position\":1,\"name\":\"Home\",\"item\":\"https:\\\/\\\/www.eldigitaldeasturias.com\\\/noticias\",\"nextItem\":{\"@type\":\"ListItem\",\"@id\":\"https:\\\/\\\/www.eldigitaldeasturias.com\\\/noticias\\\/category\\\/actualidad\\\/#listItem\",\"name\":\"Actualidad\"}},{\"@type\":\"ListItem\",\"@id\":\"https:\\\/\\\/www.eldigitaldeasturias.com\\\/noticias\\\/category\\\/actualidad\\\/#listItem\",\"position\":2,\"name\":\"Actualidad\",\"item\":\"https:\\\/\\\/www.eldigitaldeasturias.com\\\/noticias\\\/category\\\/actualidad\\\/\",\"nextItem\":{\"@type\":\"ListItem\",\"@id\":\"https:\\\/\\\/www.eldigitaldeasturias.com\\\/noticias\\\/las-negociaciones-para-relanzar-la-ampliacion-del-canal-de-panama-siguen-en-silencio\\\/#listItem\",\"name\":\"Las negociaciones para relanzar la ampliaci\\u00f3n del Canal de Panam\\u00e1 siguen en silencio\"},\"previousItem\":{\"@type\":\"ListItem\",\"@id\":\"https:\\\/\\\/www.eldigitaldeasturias.com\\\/noticias#listItem\",\"name\":\"Home\"}},{\"@type\":\"ListItem\",\"@id\":\"https:\\\/\\\/www.eldigitaldeasturias.com\\\/noticias\\\/las-negociaciones-para-relanzar-la-ampliacion-del-canal-de-panama-siguen-en-silencio\\\/#listItem\",\"position\":3,\"name\":\"Las negociaciones para relanzar la ampliaci\\u00f3n del Canal de Panam\\u00e1 siguen en silencio\",\"previousItem\":{\"@type\":\"ListItem\",\"@id\":\"https:\\\/\\\/www.eldigitaldeasturias.com\\\/noticias\\\/category\\\/actualidad\\\/#listItem\",\"name\":\"Actualidad\"}}]},{\"@type\":\"Organization\",\"@id\":\"https:\\\/\\\/www.eldigitaldeasturias.com\\\/noticias\\\/#organization\",\"name\":\"El Digital de Asturias\",\"description\":\"Hemeroteca\",\"url\":\"https:\\\/\\\/www.eldigitaldeasturias.com\\\/noticias\\\/\",\"email\":\"info@eldigitaldeasturias.com\",\"telephone\":\"+34652131393\",\"logo\":{\"@type\":\"ImageObject\",\"url\":\"https:\\\/\\\/www.eldigitaldeasturias.com\\\/noticias\\\/wp-content\\\/uploads\\\/2020\\\/12\\\/EDA.jpg\",\"@id\":\"https:\\\/\\\/www.eldigitaldeasturias.com\\\/noticias\\\/las-negociaciones-para-relanzar-la-ampliacion-del-canal-de-panama-siguen-en-silencio\\\/#organizationLogo\"},\"image\":{\"@id\":\"https:\\\/\\\/www.eldigitaldeasturias.com\\\/noticias\\\/las-negociaciones-para-relanzar-la-ampliacion-del-canal-de-panama-siguen-en-silencio\\\/#organizationLogo\"},\"sameAs\":[\"https:\\\/\\\/facebook.com\\\/eldigitaldeasturias\",\"https:\\\/\\\/www.youtube.com\\\/channel\\\/UCZP-2wLEB9Rv6erhFmqVnvg\"],\"address\":{\"@id\":\"https:\\\/\\\/www.eldigitaldeasturias.com\\\/noticias\\\/#postaladdress\",\"@type\":\"PostalAddress\",\"streetAddress\":\"san antonio 4\",\"postalCode\":\"33430\",\"addressLocality\":\"Cand\\u00e1s\",\"addressRegion\":\"Asturias\",\"addressCountry\":\"ES\"}},{\"@type\":\"Person\",\"@id\":\"https:\\\/\\\/www.eldigitaldeasturias.com\\\/noticias\\\/author\\\/admin\\\/#author\",\"url\":\"https:\\\/\\\/www.eldigitaldeasturias.com\\\/noticias\\\/author\\\/admin\\\/\",\"name\":\"El Digital de Asturias\",\"image\":{\"@type\":\"ImageObject\",\"@id\":\"https:\\\/\\\/www.eldigitaldeasturias.com\\\/noticias\\\/las-negociaciones-para-relanzar-la-ampliacion-del-canal-de-panama-siguen-en-silencio\\\/#authorImage\",\"url\":\"https:\\\/\\\/secure.gravatar.com\\\/avatar\\\/df2aeffc32bcd13f8d26072ef8a91b623d677766deac7f97ca815868cd41bf5e?s=96&d=mm&r=g\",\"width\":96,\"height\":96,\"caption\":\"El Digital de Asturias\"}},{\"@type\":\"WebPage\",\"@id\":\"https:\\\/\\\/www.eldigitaldeasturias.com\\\/noticias\\\/las-negociaciones-para-relanzar-la-ampliacion-del-canal-de-panama-siguen-en-silencio\\\/#webpage\",\"url\":\"https:\\\/\\\/www.eldigitaldeasturias.com\\\/noticias\\\/las-negociaciones-para-relanzar-la-ampliacion-del-canal-de-panama-siguen-en-silencio\\\/\",\"name\":\"Las negociaciones para relanzar la ampliaci\\u00f3n del Canal de Panam\\u00e1 siguen en silencio - El Digital de Asturias\",\"description\":\"Panam\\u00e1, 31 ene (EFE).- Los representantes de la Autoridad del Canal de Panam\\u00e1 (ACP) y del consorcio Grupo Unidos por el Canal (GUPC) celebraron hoy, sin anunciar resultados, una nueva reuni\\u00f3n para tratar de evitar la suspensi\\u00f3n total de la ampliaci\\u00f3n de la v\\u00eda interoce\\u00e1nica, confirmaron fuentes de las partes. El administrador del Canal de\",\"inLanguage\":\"es-ES\",\"isPartOf\":{\"@id\":\"https:\\\/\\\/www.eldigitaldeasturias.com\\\/noticias\\\/#website\"},\"breadcrumb\":{\"@id\":\"https:\\\/\\\/www.eldigitaldeasturias.com\\\/noticias\\\/las-negociaciones-para-relanzar-la-ampliacion-del-canal-de-panama-siguen-en-silencio\\\/#breadcrumblist\"},\"author\":{\"@id\":\"https:\\\/\\\/www.eldigitaldeasturias.com\\\/noticias\\\/author\\\/admin\\\/#author\"},\"creator\":{\"@id\":\"https:\\\/\\\/www.eldigitaldeasturias.com\\\/noticias\\\/author\\\/admin\\\/#author\"},\"image\":{\"@type\":\"ImageObject\",\"url\":\"https:\\\/\\\/www.eldigitaldeasturias.com\\\/noticias\\\/wp-content\\\/uploads\\\/2026\\\/06\\\/Contenidos.jpg\",\"@id\":\"https:\\\/\\\/www.eldigitaldeasturias.com\\\/noticias\\\/las-negociaciones-para-relanzar-la-ampliacion-del-canal-de-panama-siguen-en-silencio\\\/#mainImage\",\"width\":1265,\"height\":697,\"caption\":\"Contenidos\"},\"primaryImageOfPage\":{\"@id\":\"https:\\\/\\\/www.eldigitaldeasturias.com\\\/noticias\\\/las-negociaciones-para-relanzar-la-ampliacion-del-canal-de-panama-siguen-en-silencio\\\/#mainImage\"},\"datePublished\":\"2014-01-31T11:57:57+01:00\",\"dateModified\":\"2014-01-31T11:57:57+01:00\"},{\"@type\":\"WebSite\",\"@id\":\"https:\\\/\\\/www.eldigitaldeasturias.com\\\/noticias\\\/#website\",\"url\":\"https:\\\/\\\/www.eldigitaldeasturias.com\\\/noticias\\\/\",\"name\":\"El Digital de Asturias - Diario de actualidad y noticias\",\"alternateName\":\"El Digital de Asturias - Diario de actualidad y noticias\",\"description\":\"Hemeroteca\",\"inLanguage\":\"es-ES\",\"publisher\":{\"@id\":\"https:\\\/\\\/www.eldigitaldeasturias.com\\\/noticias\\\/#organization\"}}]}\n\t\t<\/script>\n\t\t<!-- All in One SEO Pro -->\r\n\t\t<title>Las negociaciones para relanzar la ampliaci\u00f3n del Canal de Panam\u00e1 siguen en silencio - El Digital de Asturias<\/title>\n\n","aioseo_head_json":{"title":"Las negociaciones para relanzar la ampliaci\u00f3n del Canal de Panam\u00e1 siguen en silencio - El Digital de Asturias","description":"Panam\u00e1, 31 ene (EFE).- Los representantes de la Autoridad del Canal de Panam\u00e1 (ACP) y del consorcio Grupo Unidos por el Canal (GUPC) celebraron hoy, sin anunciar resultados, una nueva reuni\u00f3n para tratar de evitar la suspensi\u00f3n total de la ampliaci\u00f3n de la v\u00eda interoce\u00e1nica, confirmaron fuentes de las partes. El administrador del Canal de","canonical_url":"https:\/\/www.eldigitaldeasturias.com\/noticias\/las-negociaciones-para-relanzar-la-ampliacion-del-canal-de-panama-siguen-en-silencio\/","robots":"max-image-preview:large","keywords":"actualidad","webmasterTools":{"google-site-verification":"UA-38556648-1","msvalidate.01":"7dfe9f3f1b24437ab69f4f2559babe99","miscellaneous":""},"schema":{"@context":"https:\/\/schema.org","@graph":[{"@type":"BlogPosting","@id":"https:\/\/www.eldigitaldeasturias.com\/noticias\/las-negociaciones-para-relanzar-la-ampliacion-del-canal-de-panama-siguen-en-silencio\/#blogposting","name":"Las negociaciones para relanzar la ampliaci\u00f3n del Canal de Panam\u00e1 siguen en silencio - El Digital de Asturias","headline":"Las negociaciones para relanzar la ampliaci\u00f3n del Canal de Panam\u00e1 siguen en silencio","author":{"@id":"https:\/\/www.eldigitaldeasturias.com\/noticias\/author\/admin\/#author"},"publisher":{"@id":"https:\/\/www.eldigitaldeasturias.com\/noticias\/#organization"},"image":{"@type":"ImageObject","url":"https:\/\/www.eldigitaldeasturias.com\/noticias\/wp-content\/uploads\/2026\/06\/Contenidos.jpg","width":1265,"height":697,"caption":"Contenidos"},"datePublished":"2014-01-31T11:57:57+01:00","dateModified":"2014-01-31T11:57:57+01:00","inLanguage":"es-ES","mainEntityOfPage":{"@id":"https:\/\/www.eldigitaldeasturias.com\/noticias\/las-negociaciones-para-relanzar-la-ampliacion-del-canal-de-panama-siguen-en-silencio\/#webpage"},"isPartOf":{"@id":"https:\/\/www.eldigitaldeasturias.com\/noticias\/las-negociaciones-para-relanzar-la-ampliacion-del-canal-de-panama-siguen-en-silencio\/#webpage"},"articleSection":"Actualidad"},{"@type":"BreadcrumbList","@id":"https:\/\/www.eldigitaldeasturias.com\/noticias\/las-negociaciones-para-relanzar-la-ampliacion-del-canal-de-panama-siguen-en-silencio\/#breadcrumblist","itemListElement":[{"@type":"ListItem","@id":"https:\/\/www.eldigitaldeasturias.com\/noticias#listItem","position":1,"name":"Home","item":"https:\/\/www.eldigitaldeasturias.com\/noticias","nextItem":{"@type":"ListItem","@id":"https:\/\/www.eldigitaldeasturias.com\/noticias\/category\/actualidad\/#listItem","name":"Actualidad"}},{"@type":"ListItem","@id":"https:\/\/www.eldigitaldeasturias.com\/noticias\/category\/actualidad\/#listItem","position":2,"name":"Actualidad","item":"https:\/\/www.eldigitaldeasturias.com\/noticias\/category\/actualidad\/","nextItem":{"@type":"ListItem","@id":"https:\/\/www.eldigitaldeasturias.com\/noticias\/las-negociaciones-para-relanzar-la-ampliacion-del-canal-de-panama-siguen-en-silencio\/#listItem","name":"Las negociaciones para relanzar la ampliaci\u00f3n del Canal de Panam\u00e1 siguen en silencio"},"previousItem":{"@type":"ListItem","@id":"https:\/\/www.eldigitaldeasturias.com\/noticias#listItem","name":"Home"}},{"@type":"ListItem","@id":"https:\/\/www.eldigitaldeasturias.com\/noticias\/las-negociaciones-para-relanzar-la-ampliacion-del-canal-de-panama-siguen-en-silencio\/#listItem","position":3,"name":"Las negociaciones para relanzar la ampliaci\u00f3n del Canal de Panam\u00e1 siguen en silencio","previousItem":{"@type":"ListItem","@id":"https:\/\/www.eldigitaldeasturias.com\/noticias\/category\/actualidad\/#listItem","name":"Actualidad"}}]},{"@type":"Organization","@id":"https:\/\/www.eldigitaldeasturias.com\/noticias\/#organization","name":"El Digital de Asturias","description":"Hemeroteca","url":"https:\/\/www.eldigitaldeasturias.com\/noticias\/","email":"info@eldigitaldeasturias.com","telephone":"+34652131393","logo":{"@type":"ImageObject","url":"https:\/\/www.eldigitaldeasturias.com\/noticias\/wp-content\/uploads\/2020\/12\/EDA.jpg","@id":"https:\/\/www.eldigitaldeasturias.com\/noticias\/las-negociaciones-para-relanzar-la-ampliacion-del-canal-de-panama-siguen-en-silencio\/#organizationLogo"},"image":{"@id":"https:\/\/www.eldigitaldeasturias.com\/noticias\/las-negociaciones-para-relanzar-la-ampliacion-del-canal-de-panama-siguen-en-silencio\/#organizationLogo"},"sameAs":["https:\/\/facebook.com\/eldigitaldeasturias","https:\/\/www.youtube.com\/channel\/UCZP-2wLEB9Rv6erhFmqVnvg"],"address":{"@id":"https:\/\/www.eldigitaldeasturias.com\/noticias\/#postaladdress","@type":"PostalAddress","streetAddress":"san antonio 4","postalCode":"33430","addressLocality":"Cand\u00e1s","addressRegion":"Asturias","addressCountry":"ES"}},{"@type":"Person","@id":"https:\/\/www.eldigitaldeasturias.com\/noticias\/author\/admin\/#author","url":"https:\/\/www.eldigitaldeasturias.com\/noticias\/author\/admin\/","name":"El Digital de Asturias","image":{"@type":"ImageObject","@id":"https:\/\/www.eldigitaldeasturias.com\/noticias\/las-negociaciones-para-relanzar-la-ampliacion-del-canal-de-panama-siguen-en-silencio\/#authorImage","url":"https:\/\/secure.gravatar.com\/avatar\/df2aeffc32bcd13f8d26072ef8a91b623d677766deac7f97ca815868cd41bf5e?s=96&d=mm&r=g","width":96,"height":96,"caption":"El Digital de Asturias"}},{"@type":"WebPage","@id":"https:\/\/www.eldigitaldeasturias.com\/noticias\/las-negociaciones-para-relanzar-la-ampliacion-del-canal-de-panama-siguen-en-silencio\/#webpage","url":"https:\/\/www.eldigitaldeasturias.com\/noticias\/las-negociaciones-para-relanzar-la-ampliacion-del-canal-de-panama-siguen-en-silencio\/","name":"Las negociaciones para relanzar la ampliaci\u00f3n del Canal de Panam\u00e1 siguen en silencio - El Digital de Asturias","description":"Panam\u00e1, 31 ene (EFE).- Los representantes de la Autoridad del Canal de Panam\u00e1 (ACP) y del consorcio Grupo Unidos por el Canal (GUPC) celebraron hoy, sin anunciar resultados, una nueva reuni\u00f3n para tratar de evitar la suspensi\u00f3n total de la ampliaci\u00f3n de la v\u00eda interoce\u00e1nica, confirmaron fuentes de las partes. El administrador del Canal de","inLanguage":"es-ES","isPartOf":{"@id":"https:\/\/www.eldigitaldeasturias.com\/noticias\/#website"},"breadcrumb":{"@id":"https:\/\/www.eldigitaldeasturias.com\/noticias\/las-negociaciones-para-relanzar-la-ampliacion-del-canal-de-panama-siguen-en-silencio\/#breadcrumblist"},"author":{"@id":"https:\/\/www.eldigitaldeasturias.com\/noticias\/author\/admin\/#author"},"creator":{"@id":"https:\/\/www.eldigitaldeasturias.com\/noticias\/author\/admin\/#author"},"image":{"@type":"ImageObject","url":"https:\/\/www.eldigitaldeasturias.com\/noticias\/wp-content\/uploads\/2026\/06\/Contenidos.jpg","@id":"https:\/\/www.eldigitaldeasturias.com\/noticias\/las-negociaciones-para-relanzar-la-ampliacion-del-canal-de-panama-siguen-en-silencio\/#mainImage","width":1265,"height":697,"caption":"Contenidos"},"primaryImageOfPage":{"@id":"https:\/\/www.eldigitaldeasturias.com\/noticias\/las-negociaciones-para-relanzar-la-ampliacion-del-canal-de-panama-siguen-en-silencio\/#mainImage"},"datePublished":"2014-01-31T11:57:57+01:00","dateModified":"2014-01-31T11:57:57+01:00"},{"@type":"WebSite","@id":"https:\/\/www.eldigitaldeasturias.com\/noticias\/#website","url":"https:\/\/www.eldigitaldeasturias.com\/noticias\/","name":"El Digital de Asturias - Diario de actualidad y noticias","alternateName":"El Digital de Asturias - Diario de actualidad y noticias","description":"Hemeroteca","inLanguage":"es-ES","publisher":{"@id":"https:\/\/www.eldigitaldeasturias.com\/noticias\/#organization"}}]},"og:locale":"es_ES","og:site_name":"El Digital de Asturias","og:type":"article","og:title":"Las negociaciones para relanzar la ampliaci\u00f3n del Canal de Panam\u00e1 siguen en silencio - El Digital de Asturias","og:description":"Panam\u00e1, 31 ene (EFE).- Los representantes de la Autoridad del Canal de Panam\u00e1 (ACP) y del consorcio Grupo Unidos por el Canal (GUPC) celebraron hoy, sin anunciar resultados, una nueva reuni\u00f3n para tratar de evitar la suspensi\u00f3n total de la ampliaci\u00f3n de la v\u00eda interoce\u00e1nica, confirmaron fuentes de las partes. El administrador del Canal de","og:url":"https:\/\/www.eldigitaldeasturias.com\/noticias\/las-negociaciones-para-relanzar-la-ampliacion-del-canal-de-panama-siguen-en-silencio\/","og:image":"https:\/\/www.eldigitaldeasturias.com\/noticias\/wp-content\/uploads\/2026\/06\/Contenidos.jpg","og:image:secure_url":"https:\/\/www.eldigitaldeasturias.com\/noticias\/wp-content\/uploads\/2026\/06\/Contenidos.jpg","og:image:width":1265,"og:image:height":697,"article:tag":["actualidad"],"article:published_time":"2014-01-31T12:57:57+00:00","article:modified_time":"2014-01-31T12:57:57+00:00","article:publisher":"https:\/\/facebook.com\/eldigitaldeasturias","twitter:card":"summary_large_image","twitter:title":"Las negociaciones para relanzar la ampliaci\u00f3n del Canal de Panam\u00e1 siguen en silencio - El Digital de Asturias","twitter:description":"Panam\u00e1, 31 ene (EFE).- Los representantes de la Autoridad del Canal de Panam\u00e1 (ACP) y del consorcio Grupo Unidos por el Canal (GUPC) celebraron hoy, sin anunciar resultados, una nueva reuni\u00f3n para tratar de evitar la suspensi\u00f3n total de la ampliaci\u00f3n de la v\u00eda interoce\u00e1nica, confirmaron fuentes de las partes. El administrador del Canal de","twitter:image":"https:\/\/www.eldigitaldeasturias.com\/noticias\/wp-content\/uploads\/2026\/06\/Contenidos.jpg","twitter:label1":"Escrito por","twitter:data1":"El Digital de Asturias","twitter:label2":"Tiempo de lectura estimado","twitter:data2":"3 minutos"},"aioseo_meta_data":{"post_id":"480942","title":null,"description":null,"keywords":null,"keyphrases":null,"primary_term":null,"canonical_url":null,"og_title":null,"og_description":null,"og_object_type":"default","og_image_type":"default","og_image_url":null,"og_image_width":null,"og_image_height":null,"og_image_custom_url":null,"og_image_custom_fields":null,"og_video":null,"og_custom_url":null,"og_article_section":null,"og_article_tags":null,"twitter_use_og":true,"twitter_card":"default","twitter_image_type":"default","twitter_image_url":null,"twitter_image_custom_url":null,"twitter_image_custom_fields":null,"twitter_title":null,"twitter_description":null,"schema":{"blockGraphs":[],"customGraphs":[],"default":{"data":{"Article":[],"Course":[],"Dataset":[],"FAQPage":[],"Movie":[],"Person":[],"Product":[],"ProductReview":[],"Car":[],"Recipe":[],"Service":[],"SoftwareApplication":[],"WebPage":[]},"graphName":"","isEnabled":true},"graphs":[],"defaultGraph":"","defaultPostTypeGraph":""},"schema_type":null,"schema_type_options":null,"pillar_content":false,"robots_default":true,"robots_noindex":false,"robots_noarchive":false,"robots_nosnippet":false,"robots_nofollow":false,"robots_noimageindex":false,"robots_noodp":false,"robots_notranslate":false,"robots_max_snippet":null,"robots_max_videopreview":null,"robots_max_imagepreview":"none","priority":null,"frequency":null,"local_seo":null,"seo_analyzer_scan_date":"2026-06-02 05:16:02","breadcrumb_settings":null,"limit_modified_date":false,"open_ai":null,"ai":null,"created":"2020-11-14 22:54:15","updated":"2026-06-02 05:16:02","focus_keyword":null,"additional_keywords":null,"truseo_locale":null},"aioseo_breadcrumb":"<div class=\"aioseo-breadcrumbs\"><span class=\"aioseo-breadcrumb\">\n\t<a href=\"https:\/\/www.eldigitaldeasturias.com\/noticias\" title=\"Home\">Home<\/a>\n<\/span><span class=\"aioseo-breadcrumb-separator\">\u2013<\/span><span class=\"aioseo-breadcrumb\">\n\t<a href=\"https:\/\/www.eldigitaldeasturias.com\/noticias\/category\/actualidad\/\" title=\"Actualidad\">Actualidad<\/a>\n<\/span><span class=\"aioseo-breadcrumb-separator\">\u2013<\/span><span class=\"aioseo-breadcrumb\">\n\t<a href=\"https:\/\/www.eldigitaldeasturias.com\/noticias\/las-negociaciones-para-relanzar-la-ampliacion-del-canal-de-panama-siguen-en-silencio\/\" title=\"Las negociaciones para relanzar la ampliaci\u00f3n del Canal de Panam\u00e1 siguen en silencio\">Las negociaciones para relanzar la ampliaci\u00f3n del Canal de Panam\u00e1 siguen en silencio<\/a>\n<\/span><\/div>","aioseo_breadcrumb_json":[{"label":"Home","link":"https:\/\/www.eldigitaldeasturias.com\/noticias"},{"label":"Actualidad","link":"https:\/\/www.eldigitaldeasturias.com\/noticias\/category\/actualidad\/"},{"label":"Las negociaciones para relanzar la ampliaci\u00f3n del Canal de Panam\u00e1 siguen en silencio","link":"https:\/\/www.eldigitaldeasturias.com\/noticias\/las-negociaciones-para-relanzar-la-ampliacion-del-canal-de-panama-siguen-en-silencio\/"}],"_links":{"self":[{"href":"https:\/\/www.eldigitaldeasturias.com\/noticias\/wp-json\/wp\/v2\/posts\/480942","targetHints":{"allow":["GET"]}}],"collection":[{"href":"https:\/\/www.eldigitaldeasturias.com\/noticias\/wp-json\/wp\/v2\/posts"}],"about":[{"href":"https:\/\/www.eldigitaldeasturias.com\/noticias\/wp-json\/wp\/v2\/types\/post"}],"author":[{"embeddable":true,"href":"https:\/\/www.eldigitaldeasturias.com\/noticias\/wp-json\/wp\/v2\/users\/1"}],"replies":[{"embeddable":true,"href":"https:\/\/www.eldigitaldeasturias.com\/noticias\/wp-json\/wp\/v2\/comments?post=480942"}],"version-history":[{"count":0,"href":"https:\/\/www.eldigitaldeasturias.com\/noticias\/wp-json\/wp\/v2\/posts\/480942\/revisions"}],"wp:featuredmedia":[{"embeddable":true,"href":"https:\/\/www.eldigitaldeasturias.com\/noticias\/wp-json\/wp\/v2\/media\/1132184"}],"wp:attachment":[{"href":"https:\/\/www.eldigitaldeasturias.com\/noticias\/wp-json\/wp\/v2\/media?parent=480942"}],"wp:term":[{"taxonomy":"category","embeddable":true,"href":"https:\/\/www.eldigitaldeasturias.com\/noticias\/wp-json\/wp\/v2\/categories?post=480942"},{"taxonomy":"post_tag","embeddable":true,"href":"https:\/\/www.eldigitaldeasturias.com\/noticias\/wp-json\/wp\/v2\/tags?post=480942"}],"curies":[{"name":"wp","href":"https:\/\/api.w.org\/{rel}","templated":true}]}}