{"id":480924,"date":"2014-01-31T11:48:24","date_gmt":"2014-01-31T12:48:24","guid":{"rendered":"http:\/\/www.eldigitaldeasturias.com\/noticias\/?p=480924"},"modified":"2014-01-31T11:48:24","modified_gmt":"2014-01-31T12:48:24","slug":"maduro-se-reunio-dos-horas-con-fidel-castro-y-lo-encontro-feliz-y-rozagante","status":"publish","type":"post","link":"https:\/\/www.eldigitaldeasturias.com\/noticias\/maduro-se-reunio-dos-horas-con-fidel-castro-y-lo-encontro-feliz-y-rozagante\/","title":{"rendered":"Maduro se reuni\u00f3 dos horas con Fidel Castro y lo encontr\u00f3 \u00abfeliz y rozagante\u00bb"},"content":{"rendered":"<p><img loading=\"lazy\" decoding=\"async\" class=\"alignleft size-medium wp-image-480925\" alt=\"5894342w\" src=\"https:\/\/www.eldigitaldeasturias.com\/noticias\/wp-content\/uploads\/2014\/01\/5894342w-360x271.jpg\" width=\"360\" height=\"271\" \/>La Habana, 31 ene (EFE).- El l\u00edder cubano, Fidel Castro, se encuentra \u00abfeliz\u00bb y \u00abrozagante\u00bb seg\u00fan el presidente de Venezuela, Nicol\u00e1s Maduro, que se reuni\u00f3 hoy con \u00e9l en La Habana durante m\u00e1s de dos horas en las que hablaron, entre otros temas, sobre la reciente cumbre de la Celac celebrada en Cuba.<\/p>\n<p>Maduro inform\u00f3 de su encuentro con Fidel Castro en una entrevista con la televisi\u00f3n estatal de la isla, donde afirm\u00f3 que el expresidente cubano ha visto en estos \u00faltimos d\u00edas a m\u00e1s de quince jefes de estado, de \u00abtodas las ideolog\u00edas\u00bb, de la Comunidad de Estados Latinoamericanos y Caribe\u00f1os (Celac).<\/p>\n<p>El presidente de Venezuela acudi\u00f3 al encuentro con Castro, de 87 a\u00f1os y retirado del poder desde 2006, acompa\u00f1ado de su canciller, El\u00edas Jaua, y de miembros de su familia como su esposa, Cilia Flores, un nieto y una hermana.<\/p>\n<p>Maduro y Castro intercambiaron impresiones sobre el desarrollo de la cita regional de la Celac que para el gobernante de Venezuela ha supuesto \u00abuna extraordinaria victoria de la unidad latinoamericana y caribe\u00f1a de la dimensi\u00f3n que so\u00f1aron\u00bb los libertadores Sim\u00f3n Bol\u00edvar y Jos\u00e9 Mart\u00ed.<\/p>\n<p>Seg\u00fan el mandatario venezolano, Fidel Castro resalt\u00f3 el discurso que el presidente de Uruguay, Jos\u00e9 Mujica, pronunci\u00f3 durante el evento y que al l\u00edder cubano le pareci\u00f3 \u00abmuy vehemente y claro\u00bb.<\/p>\n<p>Tambi\u00e9n repasaron temas de la actualidad mundial y regional y recordaron al fallecido presidente venezolano, Hugo Ch\u00e1vez.<\/p>\n<p>En la entrevista televisiva, el presidente de Venezuela volvi\u00f3 a reivindicar a Fidel Castro como \u00abun gigante de la historia\u00bb.<\/p>\n<p>\u00abEl siglo XX lo marc\u00f3 completico. Hay que hablar del siglo XX americano y de nuestro mundo antes y despu\u00e9s de Fidel, sin lugar a dudas, as\u00ed griten, chillen, lloren, se revuelquen contra la tierra los fascistas, la derecha y toda la gente derrotada durante d\u00e9cadas por este gigante\u00bb, dijo.<\/p>\n<p>Desde el pasado domingo, Fidel Castro ha recibido en La Habana continuas visitas de presidentes latinoamericanos y caribe\u00f1os que participaron en la II Cumbre de la Celac clausurada el pasado mi\u00e9rcoles.<\/p>\n<p>Tambi\u00e9n se reuni\u00f3 con el l\u00edder cubano el secretario general de Naciones Unidas, Ban Ki-moon, que acudi\u00f3 como invitado a la cita regional.<\/p>\n","protected":false},"excerpt":{"rendered":"<p>La Habana, 31 ene (EFE).- El l\u00edder cubano, Fidel Castro, se encuentra \u00abfeliz\u00bb y \u00abrozagante\u00bb seg\u00fan el presidente de Venezuela, Nicol\u00e1s Maduro, que se reuni\u00f3 hoy con \u00e9l en La Habana durante m\u00e1s de dos horas en las que hablaron, entre otros temas, sobre la reciente cumbre de la Celac celebrada en Cuba. Maduro inform\u00f3 [&hellip;]<\/p>\n","protected":false},"author":1,"featured_media":1132184,"comment_status":"closed","ping_status":"open","sticky":false,"template":"","format":"standard","meta":{"footnotes":""},"categories":[1],"tags":[],"class_list":["post-480924","post","type-post","status-publish","format-standard","has-post-thumbnail","hentry","category-actualidad"],"aioseo_notices":[],"aioseo_head":"\n\t\t<!-- All in One SEO Pro 5.0.1 - aioseo.com -->\n\t<meta name=\"description\" content=\"La Habana, 31 ene (EFE).- El l\u00edder cubano, Fidel Castro, se encuentra &quot;feliz&quot; y &quot;rozagante&quot; seg\u00fan el presidente de Venezuela, Nicol\u00e1s Maduro, que se reuni\u00f3 hoy con \u00e9l en La Habana durante m\u00e1s de dos horas en las que hablaron, entre otros temas, sobre la reciente cumbre de la Celac celebrada en Cuba. Maduro inform\u00f3\" \/>\n\t<meta name=\"robots\" content=\"max-image-preview:large\" \/>\n\t<meta name=\"author\" content=\"El Digital de Asturias\"\/>\n\t<meta name=\"google-site-verification\" content=\"UA-38556648-1\" \/>\n\t<meta name=\"msvalidate.01\" content=\"7dfe9f3f1b24437ab69f4f2559babe99\" \/>\n\t<meta name=\"keywords\" content=\"actualidad\" \/>\n\t<link rel=\"canonical\" href=\"https:\/\/www.eldigitaldeasturias.com\/noticias\/maduro-se-reunio-dos-horas-con-fidel-castro-y-lo-encontro-feliz-y-rozagante\/\" \/>\n\t<meta name=\"generator\" content=\"All in One SEO Pro (AIOSEO) 5.0.1\" \/>\n\t\t<meta property=\"og:locale\" content=\"es_ES\" \/>\n\t\t<meta property=\"og:site_name\" content=\"El Digital de Asturias\" \/>\n\t\t<meta property=\"og:type\" content=\"article\" \/>\n\t\t<meta property=\"og:title\" content=\"Maduro se reuni\u00f3 dos horas con Fidel Castro y lo encontr\u00f3 \u00abfeliz y rozagante\u00bb - El Digital de Asturias\" \/>\n\t\t<meta property=\"og:description\" content=\"La Habana, 31 ene (EFE).- El l\u00edder cubano, Fidel Castro, se encuentra &quot;feliz&quot; y &quot;rozagante&quot; seg\u00fan el presidente de Venezuela, Nicol\u00e1s Maduro, que se reuni\u00f3 hoy con \u00e9l en La Habana durante m\u00e1s de dos horas en las que hablaron, entre otros temas, sobre la reciente cumbre de la Celac celebrada en Cuba. Maduro inform\u00f3\" \/>\n\t\t<meta property=\"og:url\" content=\"https:\/\/www.eldigitaldeasturias.com\/noticias\/maduro-se-reunio-dos-horas-con-fidel-castro-y-lo-encontro-feliz-y-rozagante\/\" \/>\n\t\t<meta property=\"og:image\" content=\"https:\/\/www.eldigitaldeasturias.com\/noticias\/wp-content\/uploads\/2026\/06\/Contenidos.jpg\" \/>\n\t\t<meta property=\"og:image:secure_url\" content=\"https:\/\/www.eldigitaldeasturias.com\/noticias\/wp-content\/uploads\/2026\/06\/Contenidos.jpg\" \/>\n\t\t<meta property=\"og:image:width\" content=\"1265\" \/>\n\t\t<meta property=\"og:image:height\" content=\"697\" \/>\n\t\t<meta property=\"article:tag\" content=\"actualidad\" \/>\n\t\t<meta property=\"article:published_time\" content=\"2014-01-31T12:48:24+00:00\" \/>\n\t\t<meta property=\"article:modified_time\" content=\"2014-01-31T12:48:24+00:00\" \/>\n\t\t<meta property=\"article:publisher\" content=\"https:\/\/facebook.com\/eldigitaldeasturias\" \/>\n\t\t<meta name=\"twitter:card\" content=\"summary_large_image\" \/>\n\t\t<meta name=\"twitter:title\" content=\"Maduro se reuni\u00f3 dos horas con Fidel Castro y lo encontr\u00f3 \u00abfeliz y rozagante\u00bb - El Digital de Asturias\" \/>\n\t\t<meta name=\"twitter:description\" content=\"La Habana, 31 ene (EFE).- El l\u00edder cubano, Fidel Castro, se encuentra &quot;feliz&quot; y &quot;rozagante&quot; seg\u00fan el presidente de Venezuela, Nicol\u00e1s Maduro, que se reuni\u00f3 hoy con \u00e9l en La Habana durante m\u00e1s de dos horas en las que hablaron, entre otros temas, sobre la reciente cumbre de la Celac celebrada en Cuba. Maduro inform\u00f3\" \/>\n\t\t<meta name=\"twitter:image\" content=\"https:\/\/www.eldigitaldeasturias.com\/noticias\/wp-content\/uploads\/2026\/06\/Contenidos.jpg\" \/>\n\t\t<meta name=\"twitter:label1\" content=\"Escrito por\" \/>\n\t\t<meta name=\"twitter:data1\" content=\"El Digital de Asturias\" \/>\n\t\t<meta name=\"twitter:label2\" content=\"Tiempo de lectura estimado\" \/>\n\t\t<meta name=\"twitter:data2\" content=\"2 minutos\" \/>\n\t\t<script type=\"application\/ld+json\" class=\"aioseo-schema\">\n\t\t\t{\"@context\":\"https:\\\/\\\/schema.org\",\"@graph\":[{\"@type\":\"BlogPosting\",\"@id\":\"https:\\\/\\\/www.eldigitaldeasturias.com\\\/noticias\\\/maduro-se-reunio-dos-horas-con-fidel-castro-y-lo-encontro-feliz-y-rozagante\\\/#blogposting\",\"name\":\"Maduro se reuni\\u00f3 dos horas con Fidel Castro y lo encontr\\u00f3 \\u00abfeliz y rozagante\\u00bb - El Digital de Asturias\",\"headline\":\"Maduro se reuni\\u00f3 dos horas con Fidel Castro y lo encontr\\u00f3 \\u00abfeliz y rozagante\\u00bb\",\"author\":{\"@id\":\"https:\\\/\\\/www.eldigitaldeasturias.com\\\/noticias\\\/author\\\/admin\\\/#author\"},\"publisher\":{\"@id\":\"https:\\\/\\\/www.eldigitaldeasturias.com\\\/noticias\\\/#organization\"},\"image\":{\"@type\":\"ImageObject\",\"url\":\"https:\\\/\\\/www.eldigitaldeasturias.com\\\/noticias\\\/wp-content\\\/uploads\\\/2026\\\/06\\\/Contenidos.jpg\",\"width\":1265,\"height\":697,\"caption\":\"Contenidos\"},\"datePublished\":\"2014-01-31T11:48:24+01:00\",\"dateModified\":\"2014-01-31T11:48:24+01:00\",\"inLanguage\":\"es-ES\",\"mainEntityOfPage\":{\"@id\":\"https:\\\/\\\/www.eldigitaldeasturias.com\\\/noticias\\\/maduro-se-reunio-dos-horas-con-fidel-castro-y-lo-encontro-feliz-y-rozagante\\\/#webpage\"},\"isPartOf\":{\"@id\":\"https:\\\/\\\/www.eldigitaldeasturias.com\\\/noticias\\\/maduro-se-reunio-dos-horas-con-fidel-castro-y-lo-encontro-feliz-y-rozagante\\\/#webpage\"},\"articleSection\":\"Actualidad\"},{\"@type\":\"BreadcrumbList\",\"@id\":\"https:\\\/\\\/www.eldigitaldeasturias.com\\\/noticias\\\/maduro-se-reunio-dos-horas-con-fidel-castro-y-lo-encontro-feliz-y-rozagante\\\/#breadcrumblist\",\"itemListElement\":[{\"@type\":\"ListItem\",\"@id\":\"https:\\\/\\\/www.eldigitaldeasturias.com\\\/noticias#listItem\",\"position\":1,\"name\":\"Home\",\"item\":\"https:\\\/\\\/www.eldigitaldeasturias.com\\\/noticias\",\"nextItem\":{\"@type\":\"ListItem\",\"@id\":\"https:\\\/\\\/www.eldigitaldeasturias.com\\\/noticias\\\/category\\\/actualidad\\\/#listItem\",\"name\":\"Actualidad\"}},{\"@type\":\"ListItem\",\"@id\":\"https:\\\/\\\/www.eldigitaldeasturias.com\\\/noticias\\\/category\\\/actualidad\\\/#listItem\",\"position\":2,\"name\":\"Actualidad\",\"item\":\"https:\\\/\\\/www.eldigitaldeasturias.com\\\/noticias\\\/category\\\/actualidad\\\/\",\"nextItem\":{\"@type\":\"ListItem\",\"@id\":\"https:\\\/\\\/www.eldigitaldeasturias.com\\\/noticias\\\/maduro-se-reunio-dos-horas-con-fidel-castro-y-lo-encontro-feliz-y-rozagante\\\/#listItem\",\"name\":\"Maduro se reuni\\u00f3 dos horas con Fidel Castro y lo encontr\\u00f3 \\u00abfeliz y rozagante\\u00bb\"},\"previousItem\":{\"@type\":\"ListItem\",\"@id\":\"https:\\\/\\\/www.eldigitaldeasturias.com\\\/noticias#listItem\",\"name\":\"Home\"}},{\"@type\":\"ListItem\",\"@id\":\"https:\\\/\\\/www.eldigitaldeasturias.com\\\/noticias\\\/maduro-se-reunio-dos-horas-con-fidel-castro-y-lo-encontro-feliz-y-rozagante\\\/#listItem\",\"position\":3,\"name\":\"Maduro se reuni\\u00f3 dos horas con Fidel Castro y lo encontr\\u00f3 \\u00abfeliz y rozagante\\u00bb\",\"previousItem\":{\"@type\":\"ListItem\",\"@id\":\"https:\\\/\\\/www.eldigitaldeasturias.com\\\/noticias\\\/category\\\/actualidad\\\/#listItem\",\"name\":\"Actualidad\"}}]},{\"@type\":\"Organization\",\"@id\":\"https:\\\/\\\/www.eldigitaldeasturias.com\\\/noticias\\\/#organization\",\"name\":\"El Digital de Asturias\",\"description\":\"Hemeroteca\",\"url\":\"https:\\\/\\\/www.eldigitaldeasturias.com\\\/noticias\\\/\",\"email\":\"info@eldigitaldeasturias.com\",\"telephone\":\"+34652131393\",\"logo\":{\"@type\":\"ImageObject\",\"url\":\"https:\\\/\\\/www.eldigitaldeasturias.com\\\/noticias\\\/wp-content\\\/uploads\\\/2020\\\/12\\\/EDA.jpg\",\"@id\":\"https:\\\/\\\/www.eldigitaldeasturias.com\\\/noticias\\\/maduro-se-reunio-dos-horas-con-fidel-castro-y-lo-encontro-feliz-y-rozagante\\\/#organizationLogo\"},\"image\":{\"@id\":\"https:\\\/\\\/www.eldigitaldeasturias.com\\\/noticias\\\/maduro-se-reunio-dos-horas-con-fidel-castro-y-lo-encontro-feliz-y-rozagante\\\/#organizationLogo\"},\"sameAs\":[\"https:\\\/\\\/facebook.com\\\/eldigitaldeasturias\",\"https:\\\/\\\/www.youtube.com\\\/channel\\\/UCZP-2wLEB9Rv6erhFmqVnvg\"],\"address\":{\"@id\":\"https:\\\/\\\/www.eldigitaldeasturias.com\\\/noticias\\\/#postaladdress\",\"@type\":\"PostalAddress\",\"streetAddress\":\"san antonio 4\",\"postalCode\":\"33430\",\"addressLocality\":\"Cand\\u00e1s\",\"addressRegion\":\"Asturias\",\"addressCountry\":\"ES\"}},{\"@type\":\"Person\",\"@id\":\"https:\\\/\\\/www.eldigitaldeasturias.com\\\/noticias\\\/author\\\/admin\\\/#author\",\"url\":\"https:\\\/\\\/www.eldigitaldeasturias.com\\\/noticias\\\/author\\\/admin\\\/\",\"name\":\"El Digital de Asturias\",\"image\":{\"@type\":\"ImageObject\",\"@id\":\"https:\\\/\\\/www.eldigitaldeasturias.com\\\/noticias\\\/maduro-se-reunio-dos-horas-con-fidel-castro-y-lo-encontro-feliz-y-rozagante\\\/#authorImage\",\"url\":\"https:\\\/\\\/secure.gravatar.com\\\/avatar\\\/df2aeffc32bcd13f8d26072ef8a91b623d677766deac7f97ca815868cd41bf5e?s=96&d=mm&r=g\",\"width\":96,\"height\":96,\"caption\":\"El Digital de Asturias\"}},{\"@type\":\"WebPage\",\"@id\":\"https:\\\/\\\/www.eldigitaldeasturias.com\\\/noticias\\\/maduro-se-reunio-dos-horas-con-fidel-castro-y-lo-encontro-feliz-y-rozagante\\\/#webpage\",\"url\":\"https:\\\/\\\/www.eldigitaldeasturias.com\\\/noticias\\\/maduro-se-reunio-dos-horas-con-fidel-castro-y-lo-encontro-feliz-y-rozagante\\\/\",\"name\":\"Maduro se reuni\\u00f3 dos horas con Fidel Castro y lo encontr\\u00f3 \\u00abfeliz y rozagante\\u00bb - El Digital de Asturias\",\"description\":\"La Habana, 31 ene (EFE).- El l\\u00edder cubano, Fidel Castro, se encuentra \\\"feliz\\\" y \\\"rozagante\\\" seg\\u00fan el presidente de Venezuela, Nicol\\u00e1s Maduro, que se reuni\\u00f3 hoy con \\u00e9l en La Habana durante m\\u00e1s de dos horas en las que hablaron, entre otros temas, sobre la reciente cumbre de la Celac celebrada en Cuba. Maduro inform\\u00f3\",\"inLanguage\":\"es-ES\",\"isPartOf\":{\"@id\":\"https:\\\/\\\/www.eldigitaldeasturias.com\\\/noticias\\\/#website\"},\"breadcrumb\":{\"@id\":\"https:\\\/\\\/www.eldigitaldeasturias.com\\\/noticias\\\/maduro-se-reunio-dos-horas-con-fidel-castro-y-lo-encontro-feliz-y-rozagante\\\/#breadcrumblist\"},\"author\":{\"@id\":\"https:\\\/\\\/www.eldigitaldeasturias.com\\\/noticias\\\/author\\\/admin\\\/#author\"},\"creator\":{\"@id\":\"https:\\\/\\\/www.eldigitaldeasturias.com\\\/noticias\\\/author\\\/admin\\\/#author\"},\"image\":{\"@type\":\"ImageObject\",\"url\":\"https:\\\/\\\/www.eldigitaldeasturias.com\\\/noticias\\\/wp-content\\\/uploads\\\/2026\\\/06\\\/Contenidos.jpg\",\"@id\":\"https:\\\/\\\/www.eldigitaldeasturias.com\\\/noticias\\\/maduro-se-reunio-dos-horas-con-fidel-castro-y-lo-encontro-feliz-y-rozagante\\\/#mainImage\",\"width\":1265,\"height\":697,\"caption\":\"Contenidos\"},\"primaryImageOfPage\":{\"@id\":\"https:\\\/\\\/www.eldigitaldeasturias.com\\\/noticias\\\/maduro-se-reunio-dos-horas-con-fidel-castro-y-lo-encontro-feliz-y-rozagante\\\/#mainImage\"},\"datePublished\":\"2014-01-31T11:48:24+01:00\",\"dateModified\":\"2014-01-31T11:48:24+01:00\"},{\"@type\":\"WebSite\",\"@id\":\"https:\\\/\\\/www.eldigitaldeasturias.com\\\/noticias\\\/#website\",\"url\":\"https:\\\/\\\/www.eldigitaldeasturias.com\\\/noticias\\\/\",\"name\":\"El Digital de Asturias - Diario de actualidad y noticias\",\"alternateName\":\"El Digital de Asturias - Diario de actualidad y noticias\",\"description\":\"Hemeroteca\",\"inLanguage\":\"es-ES\",\"publisher\":{\"@id\":\"https:\\\/\\\/www.eldigitaldeasturias.com\\\/noticias\\\/#organization\"}}]}\n\t\t<\/script>\n\t\t<!-- All in One SEO Pro -->\r\n\t\t<title>Maduro se reuni\u00f3 dos horas con Fidel Castro y lo encontr\u00f3 \u00abfeliz y rozagante\u00bb - El Digital de Asturias<\/title>\n\n","aioseo_head_json":{"title":"Maduro se reuni\u00f3 dos horas con Fidel Castro y lo encontr\u00f3 \u00abfeliz y rozagante\u00bb - El Digital de Asturias","description":"La Habana, 31 ene (EFE).- El l\u00edder cubano, Fidel Castro, se encuentra \"feliz\" y \"rozagante\" seg\u00fan el presidente de Venezuela, Nicol\u00e1s Maduro, que se reuni\u00f3 hoy con \u00e9l en La Habana durante m\u00e1s de dos horas en las que hablaron, entre otros temas, sobre la reciente cumbre de la Celac celebrada en Cuba. Maduro inform\u00f3","canonical_url":"https:\/\/www.eldigitaldeasturias.com\/noticias\/maduro-se-reunio-dos-horas-con-fidel-castro-y-lo-encontro-feliz-y-rozagante\/","robots":"max-image-preview:large","keywords":"actualidad","webmasterTools":{"google-site-verification":"UA-38556648-1","msvalidate.01":"7dfe9f3f1b24437ab69f4f2559babe99","miscellaneous":""},"schema":{"@context":"https:\/\/schema.org","@graph":[{"@type":"BlogPosting","@id":"https:\/\/www.eldigitaldeasturias.com\/noticias\/maduro-se-reunio-dos-horas-con-fidel-castro-y-lo-encontro-feliz-y-rozagante\/#blogposting","name":"Maduro se reuni\u00f3 dos horas con Fidel Castro y lo encontr\u00f3 \u00abfeliz y rozagante\u00bb - El Digital de Asturias","headline":"Maduro se reuni\u00f3 dos horas con Fidel Castro y lo encontr\u00f3 \u00abfeliz y rozagante\u00bb","author":{"@id":"https:\/\/www.eldigitaldeasturias.com\/noticias\/author\/admin\/#author"},"publisher":{"@id":"https:\/\/www.eldigitaldeasturias.com\/noticias\/#organization"},"image":{"@type":"ImageObject","url":"https:\/\/www.eldigitaldeasturias.com\/noticias\/wp-content\/uploads\/2026\/06\/Contenidos.jpg","width":1265,"height":697,"caption":"Contenidos"},"datePublished":"2014-01-31T11:48:24+01:00","dateModified":"2014-01-31T11:48:24+01:00","inLanguage":"es-ES","mainEntityOfPage":{"@id":"https:\/\/www.eldigitaldeasturias.com\/noticias\/maduro-se-reunio-dos-horas-con-fidel-castro-y-lo-encontro-feliz-y-rozagante\/#webpage"},"isPartOf":{"@id":"https:\/\/www.eldigitaldeasturias.com\/noticias\/maduro-se-reunio-dos-horas-con-fidel-castro-y-lo-encontro-feliz-y-rozagante\/#webpage"},"articleSection":"Actualidad"},{"@type":"BreadcrumbList","@id":"https:\/\/www.eldigitaldeasturias.com\/noticias\/maduro-se-reunio-dos-horas-con-fidel-castro-y-lo-encontro-feliz-y-rozagante\/#breadcrumblist","itemListElement":[{"@type":"ListItem","@id":"https:\/\/www.eldigitaldeasturias.com\/noticias#listItem","position":1,"name":"Home","item":"https:\/\/www.eldigitaldeasturias.com\/noticias","nextItem":{"@type":"ListItem","@id":"https:\/\/www.eldigitaldeasturias.com\/noticias\/category\/actualidad\/#listItem","name":"Actualidad"}},{"@type":"ListItem","@id":"https:\/\/www.eldigitaldeasturias.com\/noticias\/category\/actualidad\/#listItem","position":2,"name":"Actualidad","item":"https:\/\/www.eldigitaldeasturias.com\/noticias\/category\/actualidad\/","nextItem":{"@type":"ListItem","@id":"https:\/\/www.eldigitaldeasturias.com\/noticias\/maduro-se-reunio-dos-horas-con-fidel-castro-y-lo-encontro-feliz-y-rozagante\/#listItem","name":"Maduro se reuni\u00f3 dos horas con Fidel Castro y lo encontr\u00f3 \u00abfeliz y rozagante\u00bb"},"previousItem":{"@type":"ListItem","@id":"https:\/\/www.eldigitaldeasturias.com\/noticias#listItem","name":"Home"}},{"@type":"ListItem","@id":"https:\/\/www.eldigitaldeasturias.com\/noticias\/maduro-se-reunio-dos-horas-con-fidel-castro-y-lo-encontro-feliz-y-rozagante\/#listItem","position":3,"name":"Maduro se reuni\u00f3 dos horas con Fidel Castro y lo encontr\u00f3 \u00abfeliz y rozagante\u00bb","previousItem":{"@type":"ListItem","@id":"https:\/\/www.eldigitaldeasturias.com\/noticias\/category\/actualidad\/#listItem","name":"Actualidad"}}]},{"@type":"Organization","@id":"https:\/\/www.eldigitaldeasturias.com\/noticias\/#organization","name":"El Digital de Asturias","description":"Hemeroteca","url":"https:\/\/www.eldigitaldeasturias.com\/noticias\/","email":"info@eldigitaldeasturias.com","telephone":"+34652131393","logo":{"@type":"ImageObject","url":"https:\/\/www.eldigitaldeasturias.com\/noticias\/wp-content\/uploads\/2020\/12\/EDA.jpg","@id":"https:\/\/www.eldigitaldeasturias.com\/noticias\/maduro-se-reunio-dos-horas-con-fidel-castro-y-lo-encontro-feliz-y-rozagante\/#organizationLogo"},"image":{"@id":"https:\/\/www.eldigitaldeasturias.com\/noticias\/maduro-se-reunio-dos-horas-con-fidel-castro-y-lo-encontro-feliz-y-rozagante\/#organizationLogo"},"sameAs":["https:\/\/facebook.com\/eldigitaldeasturias","https:\/\/www.youtube.com\/channel\/UCZP-2wLEB9Rv6erhFmqVnvg"],"address":{"@id":"https:\/\/www.eldigitaldeasturias.com\/noticias\/#postaladdress","@type":"PostalAddress","streetAddress":"san antonio 4","postalCode":"33430","addressLocality":"Cand\u00e1s","addressRegion":"Asturias","addressCountry":"ES"}},{"@type":"Person","@id":"https:\/\/www.eldigitaldeasturias.com\/noticias\/author\/admin\/#author","url":"https:\/\/www.eldigitaldeasturias.com\/noticias\/author\/admin\/","name":"El Digital de Asturias","image":{"@type":"ImageObject","@id":"https:\/\/www.eldigitaldeasturias.com\/noticias\/maduro-se-reunio-dos-horas-con-fidel-castro-y-lo-encontro-feliz-y-rozagante\/#authorImage","url":"https:\/\/secure.gravatar.com\/avatar\/df2aeffc32bcd13f8d26072ef8a91b623d677766deac7f97ca815868cd41bf5e?s=96&d=mm&r=g","width":96,"height":96,"caption":"El Digital de Asturias"}},{"@type":"WebPage","@id":"https:\/\/www.eldigitaldeasturias.com\/noticias\/maduro-se-reunio-dos-horas-con-fidel-castro-y-lo-encontro-feliz-y-rozagante\/#webpage","url":"https:\/\/www.eldigitaldeasturias.com\/noticias\/maduro-se-reunio-dos-horas-con-fidel-castro-y-lo-encontro-feliz-y-rozagante\/","name":"Maduro se reuni\u00f3 dos horas con Fidel Castro y lo encontr\u00f3 \u00abfeliz y rozagante\u00bb - El Digital de Asturias","description":"La Habana, 31 ene (EFE).- El l\u00edder cubano, Fidel Castro, se encuentra \"feliz\" y \"rozagante\" seg\u00fan el presidente de Venezuela, Nicol\u00e1s Maduro, que se reuni\u00f3 hoy con \u00e9l en La Habana durante m\u00e1s de dos horas en las que hablaron, entre otros temas, sobre la reciente cumbre de la Celac celebrada en Cuba. Maduro inform\u00f3","inLanguage":"es-ES","isPartOf":{"@id":"https:\/\/www.eldigitaldeasturias.com\/noticias\/#website"},"breadcrumb":{"@id":"https:\/\/www.eldigitaldeasturias.com\/noticias\/maduro-se-reunio-dos-horas-con-fidel-castro-y-lo-encontro-feliz-y-rozagante\/#breadcrumblist"},"author":{"@id":"https:\/\/www.eldigitaldeasturias.com\/noticias\/author\/admin\/#author"},"creator":{"@id":"https:\/\/www.eldigitaldeasturias.com\/noticias\/author\/admin\/#author"},"image":{"@type":"ImageObject","url":"https:\/\/www.eldigitaldeasturias.com\/noticias\/wp-content\/uploads\/2026\/06\/Contenidos.jpg","@id":"https:\/\/www.eldigitaldeasturias.com\/noticias\/maduro-se-reunio-dos-horas-con-fidel-castro-y-lo-encontro-feliz-y-rozagante\/#mainImage","width":1265,"height":697,"caption":"Contenidos"},"primaryImageOfPage":{"@id":"https:\/\/www.eldigitaldeasturias.com\/noticias\/maduro-se-reunio-dos-horas-con-fidel-castro-y-lo-encontro-feliz-y-rozagante\/#mainImage"},"datePublished":"2014-01-31T11:48:24+01:00","dateModified":"2014-01-31T11:48:24+01:00"},{"@type":"WebSite","@id":"https:\/\/www.eldigitaldeasturias.com\/noticias\/#website","url":"https:\/\/www.eldigitaldeasturias.com\/noticias\/","name":"El Digital de Asturias - Diario de actualidad y noticias","alternateName":"El Digital de Asturias - Diario de actualidad y noticias","description":"Hemeroteca","inLanguage":"es-ES","publisher":{"@id":"https:\/\/www.eldigitaldeasturias.com\/noticias\/#organization"}}]},"og:locale":"es_ES","og:site_name":"El Digital de Asturias","og:type":"article","og:title":"Maduro se reuni\u00f3 dos horas con Fidel Castro y lo encontr\u00f3 \u00abfeliz y rozagante\u00bb - El Digital de Asturias","og:description":"La Habana, 31 ene (EFE).- El l\u00edder cubano, Fidel Castro, se encuentra &quot;feliz&quot; y &quot;rozagante&quot; seg\u00fan el presidente de Venezuela, Nicol\u00e1s Maduro, que se reuni\u00f3 hoy con \u00e9l en La Habana durante m\u00e1s de dos horas en las que hablaron, entre otros temas, sobre la reciente cumbre de la Celac celebrada en Cuba. Maduro inform\u00f3","og:url":"https:\/\/www.eldigitaldeasturias.com\/noticias\/maduro-se-reunio-dos-horas-con-fidel-castro-y-lo-encontro-feliz-y-rozagante\/","og:image":"https:\/\/www.eldigitaldeasturias.com\/noticias\/wp-content\/uploads\/2026\/06\/Contenidos.jpg","og:image:secure_url":"https:\/\/www.eldigitaldeasturias.com\/noticias\/wp-content\/uploads\/2026\/06\/Contenidos.jpg","og:image:width":1265,"og:image:height":697,"article:tag":["actualidad"],"article:published_time":"2014-01-31T12:48:24+00:00","article:modified_time":"2014-01-31T12:48:24+00:00","article:publisher":"https:\/\/facebook.com\/eldigitaldeasturias","twitter:card":"summary_large_image","twitter:title":"Maduro se reuni\u00f3 dos horas con Fidel Castro y lo encontr\u00f3 \u00abfeliz y rozagante\u00bb - El Digital de Asturias","twitter:description":"La Habana, 31 ene (EFE).- El l\u00edder cubano, Fidel Castro, se encuentra &quot;feliz&quot; y &quot;rozagante&quot; seg\u00fan el presidente de Venezuela, Nicol\u00e1s Maduro, que se reuni\u00f3 hoy con \u00e9l en La Habana durante m\u00e1s de dos horas en las que hablaron, entre otros temas, sobre la reciente cumbre de la Celac celebrada en Cuba. Maduro inform\u00f3","twitter:image":"https:\/\/www.eldigitaldeasturias.com\/noticias\/wp-content\/uploads\/2026\/06\/Contenidos.jpg","twitter:label1":"Escrito por","twitter:data1":"El Digital de Asturias","twitter:label2":"Tiempo de lectura estimado","twitter:data2":"2 minutos"},"aioseo_meta_data":{"post_id":"480924","title":null,"description":null,"keywords":null,"keyphrases":null,"primary_term":null,"canonical_url":null,"og_title":null,"og_description":null,"og_object_type":"default","og_image_type":"default","og_image_url":null,"og_image_width":null,"og_image_height":null,"og_image_custom_url":null,"og_image_custom_fields":null,"og_video":null,"og_custom_url":null,"og_article_section":null,"og_article_tags":null,"twitter_use_og":true,"twitter_card":"default","twitter_image_type":"default","twitter_image_url":null,"twitter_image_custom_url":null,"twitter_image_custom_fields":null,"twitter_title":null,"twitter_description":null,"schema":{"blockGraphs":[],"customGraphs":[],"default":{"data":{"Article":[],"Course":[],"Dataset":[],"FAQPage":[],"Movie":[],"Person":[],"Product":[],"ProductReview":[],"Car":[],"Recipe":[],"Service":[],"SoftwareApplication":[],"WebPage":[]},"graphName":"","isEnabled":true},"graphs":[],"defaultGraph":"","defaultPostTypeGraph":""},"schema_type":null,"schema_type_options":null,"pillar_content":false,"robots_default":true,"robots_noindex":false,"robots_noarchive":false,"robots_nosnippet":false,"robots_nofollow":false,"robots_noimageindex":false,"robots_noodp":false,"robots_notranslate":false,"robots_max_snippet":null,"robots_max_videopreview":null,"robots_max_imagepreview":"none","priority":null,"frequency":null,"local_seo":null,"seo_analyzer_scan_date":"2026-06-02 05:13:58","breadcrumb_settings":null,"limit_modified_date":false,"open_ai":null,"ai":null,"created":"2020-11-14 22:54:15","updated":"2026-06-02 05:13:58","focus_keyword":null,"additional_keywords":null,"truseo_locale":null},"aioseo_breadcrumb":"<div class=\"aioseo-breadcrumbs\"><span class=\"aioseo-breadcrumb\">\n\t<a href=\"https:\/\/www.eldigitaldeasturias.com\/noticias\" title=\"Home\">Home<\/a>\n<\/span><span class=\"aioseo-breadcrumb-separator\">\u2013<\/span><span class=\"aioseo-breadcrumb\">\n\t<a href=\"https:\/\/www.eldigitaldeasturias.com\/noticias\/category\/actualidad\/\" title=\"Actualidad\">Actualidad<\/a>\n<\/span><span class=\"aioseo-breadcrumb-separator\">\u2013<\/span><span class=\"aioseo-breadcrumb\">\n\t<a href=\"https:\/\/www.eldigitaldeasturias.com\/noticias\/maduro-se-reunio-dos-horas-con-fidel-castro-y-lo-encontro-feliz-y-rozagante\/\" title=\"Maduro se reuni\u00f3 dos horas con Fidel Castro y lo encontr\u00f3 \u00abfeliz y rozagante\u00bb\">Maduro se reuni\u00f3 dos horas con Fidel Castro y lo encontr\u00f3 \u00abfeliz y rozagante\u00bb<\/a>\n<\/span><\/div>","aioseo_breadcrumb_json":[{"label":"Home","link":"https:\/\/www.eldigitaldeasturias.com\/noticias"},{"label":"Actualidad","link":"https:\/\/www.eldigitaldeasturias.com\/noticias\/category\/actualidad\/"},{"label":"Maduro se reuni\u00f3 dos horas con Fidel Castro y lo encontr\u00f3 \u00abfeliz y rozagante\u00bb","link":"https:\/\/www.eldigitaldeasturias.com\/noticias\/maduro-se-reunio-dos-horas-con-fidel-castro-y-lo-encontro-feliz-y-rozagante\/"}],"_links":{"self":[{"href":"https:\/\/www.eldigitaldeasturias.com\/noticias\/wp-json\/wp\/v2\/posts\/480924","targetHints":{"allow":["GET"]}}],"collection":[{"href":"https:\/\/www.eldigitaldeasturias.com\/noticias\/wp-json\/wp\/v2\/posts"}],"about":[{"href":"https:\/\/www.eldigitaldeasturias.com\/noticias\/wp-json\/wp\/v2\/types\/post"}],"author":[{"embeddable":true,"href":"https:\/\/www.eldigitaldeasturias.com\/noticias\/wp-json\/wp\/v2\/users\/1"}],"replies":[{"embeddable":true,"href":"https:\/\/www.eldigitaldeasturias.com\/noticias\/wp-json\/wp\/v2\/comments?post=480924"}],"version-history":[{"count":0,"href":"https:\/\/www.eldigitaldeasturias.com\/noticias\/wp-json\/wp\/v2\/posts\/480924\/revisions"}],"wp:featuredmedia":[{"embeddable":true,"href":"https:\/\/www.eldigitaldeasturias.com\/noticias\/wp-json\/wp\/v2\/media\/1132184"}],"wp:attachment":[{"href":"https:\/\/www.eldigitaldeasturias.com\/noticias\/wp-json\/wp\/v2\/media?parent=480924"}],"wp:term":[{"taxonomy":"category","embeddable":true,"href":"https:\/\/www.eldigitaldeasturias.com\/noticias\/wp-json\/wp\/v2\/categories?post=480924"},{"taxonomy":"post_tag","embeddable":true,"href":"https:\/\/www.eldigitaldeasturias.com\/noticias\/wp-json\/wp\/v2\/tags?post=480924"}],"curies":[{"name":"wp","href":"https:\/\/api.w.org\/{rel}","templated":true}]}}