{"id":480900,"date":"2014-01-31T10:46:34","date_gmt":"2014-01-31T11:46:34","guid":{"rendered":"http:\/\/www.eldigitaldeasturias.com\/noticias\/?p=480900"},"modified":"2014-01-31T10:46:34","modified_gmt":"2014-01-31T11:46:34","slug":"el-pp-abre-hoy-en-valladolid-su-convencion-nacional","status":"publish","type":"post","link":"https:\/\/www.eldigitaldeasturias.com\/noticias\/el-pp-abre-hoy-en-valladolid-su-convencion-nacional\/","title":{"rendered":"El PP abre hoy en Valladolid su convenci\u00f3n nacional"},"content":{"rendered":"<p><img loading=\"lazy\" decoding=\"async\" class=\"alignleft size-medium wp-image-480901\" alt=\"5894335w\" src=\"https:\/\/www.eldigitaldeasturias.com\/noticias\/wp-content\/uploads\/2014\/01\/5894335w-360x180.jpg\" width=\"360\" height=\"180\" \/>Madrid, 31 ene (EFE).- M\u00e1s de 2.000 cargos y militantes del PP asisten a la convenci\u00f3n nacional que el partido celebra desde hoy y hasta el domingo en Valladolid tras una semana de conmoci\u00f3n interna provocada por la decisi\u00f3n de Jaime Mayor Oreja de no concurrir a las europeas, y la ausencia de Jos\u00e9 Mar\u00eda Aznar a este c\u00f3nclave.<\/p>\n<p>En estos tres d\u00edas el PP buscar\u00e1 rearmarse y dar el pistoletazo de salida ante las elecciones al Parlamento Europeo del 25 de mayo con un mensaje centrado en el inicio de la recuperaci\u00f3n econ\u00f3mica, la puesta en valor de las reformas del Gobierno de Mariano Rajoy y una defensa de la unidad de Espa\u00f1a frente al desaf\u00edo soberanista catal\u00e1n.<\/p>\n<p>Para ello, el partido ha movilizado a sus principales dirigentes y a pr\u00e1cticamente todo el Gobierno, para impulsar en esta convenci\u00f3n el mensaje de que Espa\u00f1a va \u00aben la buena direcci\u00f3n\u00bb ante la atenta mirada de los m\u00e1s de 300 periodistas y reporteros gr\u00e1ficos de 70 medios de comunicaci\u00f3n que se han acreditado para cubrir el acontecimiento.<\/p>\n<p>\u00c9se es el lema del c\u00f3nclave en el que se debatir\u00e1n los principales ejes de la pol\u00edtica del PP y los retos de cara al futuro, y que se abre esta tarde con las intervenciones de los anfitriones -el alcalde de Valladolid y el presidente de Castilla y Le\u00f3n- y de la secretaria general del partido, Mar\u00eda Dolores de Cospedal.<\/p>\n<p>Todos los grandes temas, desde la pol\u00edtica social, el crecimiento y el empleo hasta el debate territorial -centrado en que Espa\u00f1a es una gran naci\u00f3n-, pasando por la \u00abvocaci\u00f3n reformista\u00bb del Gobierno, o la \u00abfuerza\u00bb de la Marca Espa\u00f1a ser\u00e1n analizados a fondo en las distintas comisiones que se han organizado en este encuentro.<\/p>\n<p>Adem\u00e1s de Cospedal, tendr\u00e1n un papel preponderante en estos debates los tres vicesecretarios del partido -Esteban Gonz\u00e1lez Pons, Javier Arenas y Carlos Floriano-.<\/p>\n<p>La convenci\u00f3n contar\u00e1 tambi\u00e9n con la participaci\u00f3n de los ministros del Interior,Jorge Fern\u00e1ndez D\u00edaz; Empleo, F\u00e1tima B\u00e1\u00f1ez; Fomento, Ana Pastor; Hacienda, Cristobal Montoro; Agricultura, Miguel Arias Ca\u00f1et; Sanidad, Ana mato, y la vicepresidenta, Soraya S\u00e1enz de Santamar\u00eda.<\/p>\n<p>Todos barones regionales intervendr\u00e1n tambi\u00e9n en alguno de los encuentros organizados y el cierre corresponder\u00e1 al jefe del Ejecutivo, Mariano Rajoy, quien como presidente del partido ser\u00e1 el encargado de clausurar el domingo con el mensaje que el PP quiere hacer llegar a la sociedad.<\/p>\n","protected":false},"excerpt":{"rendered":"<p>Madrid, 31 ene (EFE).- M\u00e1s de 2.000 cargos y militantes del PP asisten a la convenci\u00f3n nacional que el partido celebra desde hoy y hasta el domingo en Valladolid tras una semana de conmoci\u00f3n interna provocada por la decisi\u00f3n de Jaime Mayor Oreja de no concurrir a las europeas, y la ausencia de Jos\u00e9 Mar\u00eda [&hellip;]<\/p>\n","protected":false},"author":1,"featured_media":1132184,"comment_status":"closed","ping_status":"open","sticky":false,"template":"","format":"standard","meta":{"footnotes":""},"categories":[1],"tags":[],"class_list":["post-480900","post","type-post","status-publish","format-standard","has-post-thumbnail","hentry","category-actualidad"],"aioseo_notices":[],"aioseo_head":"\n\t\t<!-- All in One SEO Pro 5.0.1 - aioseo.com -->\n\t<meta name=\"description\" content=\"Madrid, 31 ene (EFE).- M\u00e1s de 2.000 cargos y militantes del PP asisten a la convenci\u00f3n nacional que el partido celebra desde hoy y hasta el domingo en Valladolid tras una semana de conmoci\u00f3n interna provocada por la decisi\u00f3n de Jaime Mayor Oreja de no concurrir a las europeas, y la ausencia de Jos\u00e9 Mar\u00eda\" \/>\n\t<meta name=\"robots\" content=\"max-image-preview:large\" \/>\n\t<meta name=\"author\" content=\"El Digital de Asturias\"\/>\n\t<meta name=\"google-site-verification\" content=\"UA-38556648-1\" \/>\n\t<meta name=\"msvalidate.01\" content=\"7dfe9f3f1b24437ab69f4f2559babe99\" \/>\n\t<meta name=\"keywords\" content=\"actualidad\" \/>\n\t<link rel=\"canonical\" href=\"https:\/\/www.eldigitaldeasturias.com\/noticias\/el-pp-abre-hoy-en-valladolid-su-convencion-nacional\/\" \/>\n\t<meta name=\"generator\" content=\"All in One SEO Pro (AIOSEO) 5.0.1\" \/>\n\t\t<meta property=\"og:locale\" content=\"es_ES\" \/>\n\t\t<meta property=\"og:site_name\" content=\"El Digital de Asturias\" \/>\n\t\t<meta property=\"og:type\" content=\"article\" \/>\n\t\t<meta property=\"og:title\" content=\"El PP abre hoy en Valladolid su convenci\u00f3n nacional - El Digital de Asturias\" \/>\n\t\t<meta property=\"og:description\" content=\"Madrid, 31 ene (EFE).- M\u00e1s de 2.000 cargos y militantes del PP asisten a la convenci\u00f3n nacional que el partido celebra desde hoy y hasta el domingo en Valladolid tras una semana de conmoci\u00f3n interna provocada por la decisi\u00f3n de Jaime Mayor Oreja de no concurrir a las europeas, y la ausencia de Jos\u00e9 Mar\u00eda\" \/>\n\t\t<meta property=\"og:url\" content=\"https:\/\/www.eldigitaldeasturias.com\/noticias\/el-pp-abre-hoy-en-valladolid-su-convencion-nacional\/\" \/>\n\t\t<meta property=\"og:image\" content=\"https:\/\/www.eldigitaldeasturias.com\/noticias\/wp-content\/uploads\/2026\/06\/Contenidos.jpg\" \/>\n\t\t<meta property=\"og:image:secure_url\" content=\"https:\/\/www.eldigitaldeasturias.com\/noticias\/wp-content\/uploads\/2026\/06\/Contenidos.jpg\" \/>\n\t\t<meta property=\"og:image:width\" content=\"1265\" \/>\n\t\t<meta property=\"og:image:height\" content=\"697\" \/>\n\t\t<meta property=\"article:tag\" content=\"actualidad\" \/>\n\t\t<meta property=\"article:published_time\" content=\"2014-01-31T11:46:34+00:00\" \/>\n\t\t<meta property=\"article:modified_time\" content=\"2014-01-31T11:46:34+00:00\" \/>\n\t\t<meta property=\"article:publisher\" content=\"https:\/\/facebook.com\/eldigitaldeasturias\" \/>\n\t\t<meta name=\"twitter:card\" content=\"summary_large_image\" \/>\n\t\t<meta name=\"twitter:title\" content=\"El PP abre hoy en Valladolid su convenci\u00f3n nacional - El Digital de Asturias\" \/>\n\t\t<meta name=\"twitter:description\" content=\"Madrid, 31 ene (EFE).- M\u00e1s de 2.000 cargos y militantes del PP asisten a la convenci\u00f3n nacional que el partido celebra desde hoy y hasta el domingo en Valladolid tras una semana de conmoci\u00f3n interna provocada por la decisi\u00f3n de Jaime Mayor Oreja de no concurrir a las europeas, y la ausencia de Jos\u00e9 Mar\u00eda\" \/>\n\t\t<meta name=\"twitter:image\" content=\"https:\/\/www.eldigitaldeasturias.com\/noticias\/wp-content\/uploads\/2026\/06\/Contenidos.jpg\" \/>\n\t\t<meta name=\"twitter:label1\" content=\"Escrito por\" \/>\n\t\t<meta name=\"twitter:data1\" content=\"El Digital de Asturias\" \/>\n\t\t<meta name=\"twitter:label2\" content=\"Tiempo de lectura estimado\" \/>\n\t\t<meta name=\"twitter:data2\" content=\"2 minutos\" \/>\n\t\t<script type=\"application\/ld+json\" class=\"aioseo-schema\">\n\t\t\t{\"@context\":\"https:\\\/\\\/schema.org\",\"@graph\":[{\"@type\":\"BlogPosting\",\"@id\":\"https:\\\/\\\/www.eldigitaldeasturias.com\\\/noticias\\\/el-pp-abre-hoy-en-valladolid-su-convencion-nacional\\\/#blogposting\",\"name\":\"El PP abre hoy en Valladolid su convenci\\u00f3n nacional - El Digital de Asturias\",\"headline\":\"El PP abre hoy en Valladolid su convenci\\u00f3n nacional\",\"author\":{\"@id\":\"https:\\\/\\\/www.eldigitaldeasturias.com\\\/noticias\\\/author\\\/admin\\\/#author\"},\"publisher\":{\"@id\":\"https:\\\/\\\/www.eldigitaldeasturias.com\\\/noticias\\\/#organization\"},\"image\":{\"@type\":\"ImageObject\",\"url\":\"https:\\\/\\\/www.eldigitaldeasturias.com\\\/noticias\\\/wp-content\\\/uploads\\\/2026\\\/06\\\/Contenidos.jpg\",\"width\":1265,\"height\":697,\"caption\":\"Contenidos\"},\"datePublished\":\"2014-01-31T10:46:34+01:00\",\"dateModified\":\"2014-01-31T10:46:34+01:00\",\"inLanguage\":\"es-ES\",\"mainEntityOfPage\":{\"@id\":\"https:\\\/\\\/www.eldigitaldeasturias.com\\\/noticias\\\/el-pp-abre-hoy-en-valladolid-su-convencion-nacional\\\/#webpage\"},\"isPartOf\":{\"@id\":\"https:\\\/\\\/www.eldigitaldeasturias.com\\\/noticias\\\/el-pp-abre-hoy-en-valladolid-su-convencion-nacional\\\/#webpage\"},\"articleSection\":\"Actualidad\"},{\"@type\":\"BreadcrumbList\",\"@id\":\"https:\\\/\\\/www.eldigitaldeasturias.com\\\/noticias\\\/el-pp-abre-hoy-en-valladolid-su-convencion-nacional\\\/#breadcrumblist\",\"itemListElement\":[{\"@type\":\"ListItem\",\"@id\":\"https:\\\/\\\/www.eldigitaldeasturias.com\\\/noticias#listItem\",\"position\":1,\"name\":\"Home\",\"item\":\"https:\\\/\\\/www.eldigitaldeasturias.com\\\/noticias\",\"nextItem\":{\"@type\":\"ListItem\",\"@id\":\"https:\\\/\\\/www.eldigitaldeasturias.com\\\/noticias\\\/category\\\/actualidad\\\/#listItem\",\"name\":\"Actualidad\"}},{\"@type\":\"ListItem\",\"@id\":\"https:\\\/\\\/www.eldigitaldeasturias.com\\\/noticias\\\/category\\\/actualidad\\\/#listItem\",\"position\":2,\"name\":\"Actualidad\",\"item\":\"https:\\\/\\\/www.eldigitaldeasturias.com\\\/noticias\\\/category\\\/actualidad\\\/\",\"nextItem\":{\"@type\":\"ListItem\",\"@id\":\"https:\\\/\\\/www.eldigitaldeasturias.com\\\/noticias\\\/el-pp-abre-hoy-en-valladolid-su-convencion-nacional\\\/#listItem\",\"name\":\"El PP abre hoy en Valladolid su convenci\\u00f3n nacional\"},\"previousItem\":{\"@type\":\"ListItem\",\"@id\":\"https:\\\/\\\/www.eldigitaldeasturias.com\\\/noticias#listItem\",\"name\":\"Home\"}},{\"@type\":\"ListItem\",\"@id\":\"https:\\\/\\\/www.eldigitaldeasturias.com\\\/noticias\\\/el-pp-abre-hoy-en-valladolid-su-convencion-nacional\\\/#listItem\",\"position\":3,\"name\":\"El PP abre hoy en Valladolid su convenci\\u00f3n nacional\",\"previousItem\":{\"@type\":\"ListItem\",\"@id\":\"https:\\\/\\\/www.eldigitaldeasturias.com\\\/noticias\\\/category\\\/actualidad\\\/#listItem\",\"name\":\"Actualidad\"}}]},{\"@type\":\"Organization\",\"@id\":\"https:\\\/\\\/www.eldigitaldeasturias.com\\\/noticias\\\/#organization\",\"name\":\"El Digital de Asturias\",\"description\":\"Hemeroteca\",\"url\":\"https:\\\/\\\/www.eldigitaldeasturias.com\\\/noticias\\\/\",\"email\":\"info@eldigitaldeasturias.com\",\"telephone\":\"+34652131393\",\"logo\":{\"@type\":\"ImageObject\",\"url\":\"https:\\\/\\\/www.eldigitaldeasturias.com\\\/noticias\\\/wp-content\\\/uploads\\\/2020\\\/12\\\/EDA.jpg\",\"@id\":\"https:\\\/\\\/www.eldigitaldeasturias.com\\\/noticias\\\/el-pp-abre-hoy-en-valladolid-su-convencion-nacional\\\/#organizationLogo\"},\"image\":{\"@id\":\"https:\\\/\\\/www.eldigitaldeasturias.com\\\/noticias\\\/el-pp-abre-hoy-en-valladolid-su-convencion-nacional\\\/#organizationLogo\"},\"sameAs\":[\"https:\\\/\\\/facebook.com\\\/eldigitaldeasturias\",\"https:\\\/\\\/www.youtube.com\\\/channel\\\/UCZP-2wLEB9Rv6erhFmqVnvg\"],\"address\":{\"@id\":\"https:\\\/\\\/www.eldigitaldeasturias.com\\\/noticias\\\/#postaladdress\",\"@type\":\"PostalAddress\",\"streetAddress\":\"san antonio 4\",\"postalCode\":\"33430\",\"addressLocality\":\"Cand\\u00e1s\",\"addressRegion\":\"Asturias\",\"addressCountry\":\"ES\"}},{\"@type\":\"Person\",\"@id\":\"https:\\\/\\\/www.eldigitaldeasturias.com\\\/noticias\\\/author\\\/admin\\\/#author\",\"url\":\"https:\\\/\\\/www.eldigitaldeasturias.com\\\/noticias\\\/author\\\/admin\\\/\",\"name\":\"El Digital de Asturias\",\"image\":{\"@type\":\"ImageObject\",\"@id\":\"https:\\\/\\\/www.eldigitaldeasturias.com\\\/noticias\\\/el-pp-abre-hoy-en-valladolid-su-convencion-nacional\\\/#authorImage\",\"url\":\"https:\\\/\\\/secure.gravatar.com\\\/avatar\\\/df2aeffc32bcd13f8d26072ef8a91b623d677766deac7f97ca815868cd41bf5e?s=96&d=mm&r=g\",\"width\":96,\"height\":96,\"caption\":\"El Digital de Asturias\"}},{\"@type\":\"WebPage\",\"@id\":\"https:\\\/\\\/www.eldigitaldeasturias.com\\\/noticias\\\/el-pp-abre-hoy-en-valladolid-su-convencion-nacional\\\/#webpage\",\"url\":\"https:\\\/\\\/www.eldigitaldeasturias.com\\\/noticias\\\/el-pp-abre-hoy-en-valladolid-su-convencion-nacional\\\/\",\"name\":\"El PP abre hoy en Valladolid su convenci\\u00f3n nacional - El Digital de Asturias\",\"description\":\"Madrid, 31 ene (EFE).- M\\u00e1s de 2.000 cargos y militantes del PP asisten a la convenci\\u00f3n nacional que el partido celebra desde hoy y hasta el domingo en Valladolid tras una semana de conmoci\\u00f3n interna provocada por la decisi\\u00f3n de Jaime Mayor Oreja de no concurrir a las europeas, y la ausencia de Jos\\u00e9 Mar\\u00eda\",\"inLanguage\":\"es-ES\",\"isPartOf\":{\"@id\":\"https:\\\/\\\/www.eldigitaldeasturias.com\\\/noticias\\\/#website\"},\"breadcrumb\":{\"@id\":\"https:\\\/\\\/www.eldigitaldeasturias.com\\\/noticias\\\/el-pp-abre-hoy-en-valladolid-su-convencion-nacional\\\/#breadcrumblist\"},\"author\":{\"@id\":\"https:\\\/\\\/www.eldigitaldeasturias.com\\\/noticias\\\/author\\\/admin\\\/#author\"},\"creator\":{\"@id\":\"https:\\\/\\\/www.eldigitaldeasturias.com\\\/noticias\\\/author\\\/admin\\\/#author\"},\"image\":{\"@type\":\"ImageObject\",\"url\":\"https:\\\/\\\/www.eldigitaldeasturias.com\\\/noticias\\\/wp-content\\\/uploads\\\/2026\\\/06\\\/Contenidos.jpg\",\"@id\":\"https:\\\/\\\/www.eldigitaldeasturias.com\\\/noticias\\\/el-pp-abre-hoy-en-valladolid-su-convencion-nacional\\\/#mainImage\",\"width\":1265,\"height\":697,\"caption\":\"Contenidos\"},\"primaryImageOfPage\":{\"@id\":\"https:\\\/\\\/www.eldigitaldeasturias.com\\\/noticias\\\/el-pp-abre-hoy-en-valladolid-su-convencion-nacional\\\/#mainImage\"},\"datePublished\":\"2014-01-31T10:46:34+01:00\",\"dateModified\":\"2014-01-31T10:46:34+01:00\"},{\"@type\":\"WebSite\",\"@id\":\"https:\\\/\\\/www.eldigitaldeasturias.com\\\/noticias\\\/#website\",\"url\":\"https:\\\/\\\/www.eldigitaldeasturias.com\\\/noticias\\\/\",\"name\":\"El Digital de Asturias - Diario de actualidad y noticias\",\"alternateName\":\"El Digital de Asturias - Diario de actualidad y noticias\",\"description\":\"Hemeroteca\",\"inLanguage\":\"es-ES\",\"publisher\":{\"@id\":\"https:\\\/\\\/www.eldigitaldeasturias.com\\\/noticias\\\/#organization\"}}]}\n\t\t<\/script>\n\t\t<!-- All in One SEO Pro -->\r\n\t\t<title>El PP abre hoy en Valladolid su convenci\u00f3n nacional - El Digital de Asturias<\/title>\n\n","aioseo_head_json":{"title":"El PP abre hoy en Valladolid su convenci\u00f3n nacional - El Digital de Asturias","description":"Madrid, 31 ene (EFE).- M\u00e1s de 2.000 cargos y militantes del PP asisten a la convenci\u00f3n nacional que el partido celebra desde hoy y hasta el domingo en Valladolid tras una semana de conmoci\u00f3n interna provocada por la decisi\u00f3n de Jaime Mayor Oreja de no concurrir a las europeas, y la ausencia de Jos\u00e9 Mar\u00eda","canonical_url":"https:\/\/www.eldigitaldeasturias.com\/noticias\/el-pp-abre-hoy-en-valladolid-su-convencion-nacional\/","robots":"max-image-preview:large","keywords":"actualidad","webmasterTools":{"google-site-verification":"UA-38556648-1","msvalidate.01":"7dfe9f3f1b24437ab69f4f2559babe99","miscellaneous":""},"schema":{"@context":"https:\/\/schema.org","@graph":[{"@type":"BlogPosting","@id":"https:\/\/www.eldigitaldeasturias.com\/noticias\/el-pp-abre-hoy-en-valladolid-su-convencion-nacional\/#blogposting","name":"El PP abre hoy en Valladolid su convenci\u00f3n nacional - El Digital de Asturias","headline":"El PP abre hoy en Valladolid su convenci\u00f3n nacional","author":{"@id":"https:\/\/www.eldigitaldeasturias.com\/noticias\/author\/admin\/#author"},"publisher":{"@id":"https:\/\/www.eldigitaldeasturias.com\/noticias\/#organization"},"image":{"@type":"ImageObject","url":"https:\/\/www.eldigitaldeasturias.com\/noticias\/wp-content\/uploads\/2026\/06\/Contenidos.jpg","width":1265,"height":697,"caption":"Contenidos"},"datePublished":"2014-01-31T10:46:34+01:00","dateModified":"2014-01-31T10:46:34+01:00","inLanguage":"es-ES","mainEntityOfPage":{"@id":"https:\/\/www.eldigitaldeasturias.com\/noticias\/el-pp-abre-hoy-en-valladolid-su-convencion-nacional\/#webpage"},"isPartOf":{"@id":"https:\/\/www.eldigitaldeasturias.com\/noticias\/el-pp-abre-hoy-en-valladolid-su-convencion-nacional\/#webpage"},"articleSection":"Actualidad"},{"@type":"BreadcrumbList","@id":"https:\/\/www.eldigitaldeasturias.com\/noticias\/el-pp-abre-hoy-en-valladolid-su-convencion-nacional\/#breadcrumblist","itemListElement":[{"@type":"ListItem","@id":"https:\/\/www.eldigitaldeasturias.com\/noticias#listItem","position":1,"name":"Home","item":"https:\/\/www.eldigitaldeasturias.com\/noticias","nextItem":{"@type":"ListItem","@id":"https:\/\/www.eldigitaldeasturias.com\/noticias\/category\/actualidad\/#listItem","name":"Actualidad"}},{"@type":"ListItem","@id":"https:\/\/www.eldigitaldeasturias.com\/noticias\/category\/actualidad\/#listItem","position":2,"name":"Actualidad","item":"https:\/\/www.eldigitaldeasturias.com\/noticias\/category\/actualidad\/","nextItem":{"@type":"ListItem","@id":"https:\/\/www.eldigitaldeasturias.com\/noticias\/el-pp-abre-hoy-en-valladolid-su-convencion-nacional\/#listItem","name":"El PP abre hoy en Valladolid su convenci\u00f3n nacional"},"previousItem":{"@type":"ListItem","@id":"https:\/\/www.eldigitaldeasturias.com\/noticias#listItem","name":"Home"}},{"@type":"ListItem","@id":"https:\/\/www.eldigitaldeasturias.com\/noticias\/el-pp-abre-hoy-en-valladolid-su-convencion-nacional\/#listItem","position":3,"name":"El PP abre hoy en Valladolid su convenci\u00f3n nacional","previousItem":{"@type":"ListItem","@id":"https:\/\/www.eldigitaldeasturias.com\/noticias\/category\/actualidad\/#listItem","name":"Actualidad"}}]},{"@type":"Organization","@id":"https:\/\/www.eldigitaldeasturias.com\/noticias\/#organization","name":"El Digital de Asturias","description":"Hemeroteca","url":"https:\/\/www.eldigitaldeasturias.com\/noticias\/","email":"info@eldigitaldeasturias.com","telephone":"+34652131393","logo":{"@type":"ImageObject","url":"https:\/\/www.eldigitaldeasturias.com\/noticias\/wp-content\/uploads\/2020\/12\/EDA.jpg","@id":"https:\/\/www.eldigitaldeasturias.com\/noticias\/el-pp-abre-hoy-en-valladolid-su-convencion-nacional\/#organizationLogo"},"image":{"@id":"https:\/\/www.eldigitaldeasturias.com\/noticias\/el-pp-abre-hoy-en-valladolid-su-convencion-nacional\/#organizationLogo"},"sameAs":["https:\/\/facebook.com\/eldigitaldeasturias","https:\/\/www.youtube.com\/channel\/UCZP-2wLEB9Rv6erhFmqVnvg"],"address":{"@id":"https:\/\/www.eldigitaldeasturias.com\/noticias\/#postaladdress","@type":"PostalAddress","streetAddress":"san antonio 4","postalCode":"33430","addressLocality":"Cand\u00e1s","addressRegion":"Asturias","addressCountry":"ES"}},{"@type":"Person","@id":"https:\/\/www.eldigitaldeasturias.com\/noticias\/author\/admin\/#author","url":"https:\/\/www.eldigitaldeasturias.com\/noticias\/author\/admin\/","name":"El Digital de Asturias","image":{"@type":"ImageObject","@id":"https:\/\/www.eldigitaldeasturias.com\/noticias\/el-pp-abre-hoy-en-valladolid-su-convencion-nacional\/#authorImage","url":"https:\/\/secure.gravatar.com\/avatar\/df2aeffc32bcd13f8d26072ef8a91b623d677766deac7f97ca815868cd41bf5e?s=96&d=mm&r=g","width":96,"height":96,"caption":"El Digital de Asturias"}},{"@type":"WebPage","@id":"https:\/\/www.eldigitaldeasturias.com\/noticias\/el-pp-abre-hoy-en-valladolid-su-convencion-nacional\/#webpage","url":"https:\/\/www.eldigitaldeasturias.com\/noticias\/el-pp-abre-hoy-en-valladolid-su-convencion-nacional\/","name":"El PP abre hoy en Valladolid su convenci\u00f3n nacional - El Digital de Asturias","description":"Madrid, 31 ene (EFE).- M\u00e1s de 2.000 cargos y militantes del PP asisten a la convenci\u00f3n nacional que el partido celebra desde hoy y hasta el domingo en Valladolid tras una semana de conmoci\u00f3n interna provocada por la decisi\u00f3n de Jaime Mayor Oreja de no concurrir a las europeas, y la ausencia de Jos\u00e9 Mar\u00eda","inLanguage":"es-ES","isPartOf":{"@id":"https:\/\/www.eldigitaldeasturias.com\/noticias\/#website"},"breadcrumb":{"@id":"https:\/\/www.eldigitaldeasturias.com\/noticias\/el-pp-abre-hoy-en-valladolid-su-convencion-nacional\/#breadcrumblist"},"author":{"@id":"https:\/\/www.eldigitaldeasturias.com\/noticias\/author\/admin\/#author"},"creator":{"@id":"https:\/\/www.eldigitaldeasturias.com\/noticias\/author\/admin\/#author"},"image":{"@type":"ImageObject","url":"https:\/\/www.eldigitaldeasturias.com\/noticias\/wp-content\/uploads\/2026\/06\/Contenidos.jpg","@id":"https:\/\/www.eldigitaldeasturias.com\/noticias\/el-pp-abre-hoy-en-valladolid-su-convencion-nacional\/#mainImage","width":1265,"height":697,"caption":"Contenidos"},"primaryImageOfPage":{"@id":"https:\/\/www.eldigitaldeasturias.com\/noticias\/el-pp-abre-hoy-en-valladolid-su-convencion-nacional\/#mainImage"},"datePublished":"2014-01-31T10:46:34+01:00","dateModified":"2014-01-31T10:46:34+01:00"},{"@type":"WebSite","@id":"https:\/\/www.eldigitaldeasturias.com\/noticias\/#website","url":"https:\/\/www.eldigitaldeasturias.com\/noticias\/","name":"El Digital de Asturias - Diario de actualidad y noticias","alternateName":"El Digital de Asturias - Diario de actualidad y noticias","description":"Hemeroteca","inLanguage":"es-ES","publisher":{"@id":"https:\/\/www.eldigitaldeasturias.com\/noticias\/#organization"}}]},"og:locale":"es_ES","og:site_name":"El Digital de Asturias","og:type":"article","og:title":"El PP abre hoy en Valladolid su convenci\u00f3n nacional - El Digital de Asturias","og:description":"Madrid, 31 ene (EFE).- M\u00e1s de 2.000 cargos y militantes del PP asisten a la convenci\u00f3n nacional que el partido celebra desde hoy y hasta el domingo en Valladolid tras una semana de conmoci\u00f3n interna provocada por la decisi\u00f3n de Jaime Mayor Oreja de no concurrir a las europeas, y la ausencia de Jos\u00e9 Mar\u00eda","og:url":"https:\/\/www.eldigitaldeasturias.com\/noticias\/el-pp-abre-hoy-en-valladolid-su-convencion-nacional\/","og:image":"https:\/\/www.eldigitaldeasturias.com\/noticias\/wp-content\/uploads\/2026\/06\/Contenidos.jpg","og:image:secure_url":"https:\/\/www.eldigitaldeasturias.com\/noticias\/wp-content\/uploads\/2026\/06\/Contenidos.jpg","og:image:width":1265,"og:image:height":697,"article:tag":["actualidad"],"article:published_time":"2014-01-31T11:46:34+00:00","article:modified_time":"2014-01-31T11:46:34+00:00","article:publisher":"https:\/\/facebook.com\/eldigitaldeasturias","twitter:card":"summary_large_image","twitter:title":"El PP abre hoy en Valladolid su convenci\u00f3n nacional - El Digital de Asturias","twitter:description":"Madrid, 31 ene (EFE).- M\u00e1s de 2.000 cargos y militantes del PP asisten a la convenci\u00f3n nacional que el partido celebra desde hoy y hasta el domingo en Valladolid tras una semana de conmoci\u00f3n interna provocada por la decisi\u00f3n de Jaime Mayor Oreja de no concurrir a las europeas, y la ausencia de Jos\u00e9 Mar\u00eda","twitter:image":"https:\/\/www.eldigitaldeasturias.com\/noticias\/wp-content\/uploads\/2026\/06\/Contenidos.jpg","twitter:label1":"Escrito por","twitter:data1":"El Digital de Asturias","twitter:label2":"Tiempo de lectura estimado","twitter:data2":"2 minutos"},"aioseo_meta_data":{"post_id":"480900","title":null,"description":null,"keywords":null,"keyphrases":null,"primary_term":null,"canonical_url":null,"og_title":null,"og_description":null,"og_object_type":"default","og_image_type":"default","og_image_url":null,"og_image_width":null,"og_image_height":null,"og_image_custom_url":null,"og_image_custom_fields":null,"og_video":null,"og_custom_url":null,"og_article_section":null,"og_article_tags":null,"twitter_use_og":true,"twitter_card":"default","twitter_image_type":"default","twitter_image_url":null,"twitter_image_custom_url":null,"twitter_image_custom_fields":null,"twitter_title":null,"twitter_description":null,"schema":{"blockGraphs":[],"customGraphs":[],"default":{"data":{"Article":[],"Course":[],"Dataset":[],"FAQPage":[],"Movie":[],"Person":[],"Product":[],"ProductReview":[],"Car":[],"Recipe":[],"Service":[],"SoftwareApplication":[],"WebPage":[]},"graphName":"","isEnabled":true},"graphs":[],"defaultGraph":"","defaultPostTypeGraph":""},"schema_type":null,"schema_type_options":null,"pillar_content":false,"robots_default":true,"robots_noindex":false,"robots_noarchive":false,"robots_nosnippet":false,"robots_nofollow":false,"robots_noimageindex":false,"robots_noodp":false,"robots_notranslate":false,"robots_max_snippet":null,"robots_max_videopreview":null,"robots_max_imagepreview":"none","priority":null,"frequency":null,"local_seo":null,"seo_analyzer_scan_date":"2026-06-02 05:10:10","breadcrumb_settings":null,"limit_modified_date":false,"open_ai":null,"ai":null,"created":"2020-11-14 22:54:15","updated":"2026-06-02 05:10:10","focus_keyword":null,"additional_keywords":null,"truseo_locale":null},"aioseo_breadcrumb":"<div class=\"aioseo-breadcrumbs\"><span class=\"aioseo-breadcrumb\">\n\t<a href=\"https:\/\/www.eldigitaldeasturias.com\/noticias\" title=\"Home\">Home<\/a>\n<\/span><span class=\"aioseo-breadcrumb-separator\">\u2013<\/span><span class=\"aioseo-breadcrumb\">\n\t<a href=\"https:\/\/www.eldigitaldeasturias.com\/noticias\/category\/actualidad\/\" title=\"Actualidad\">Actualidad<\/a>\n<\/span><span class=\"aioseo-breadcrumb-separator\">\u2013<\/span><span class=\"aioseo-breadcrumb\">\n\t<a href=\"https:\/\/www.eldigitaldeasturias.com\/noticias\/el-pp-abre-hoy-en-valladolid-su-convencion-nacional\/\" title=\"El PP abre hoy en Valladolid su convenci\u00f3n nacional\">El PP abre hoy en Valladolid su convenci\u00f3n nacional<\/a>\n<\/span><\/div>","aioseo_breadcrumb_json":[{"label":"Home","link":"https:\/\/www.eldigitaldeasturias.com\/noticias"},{"label":"Actualidad","link":"https:\/\/www.eldigitaldeasturias.com\/noticias\/category\/actualidad\/"},{"label":"El PP abre hoy en Valladolid su convenci\u00f3n nacional","link":"https:\/\/www.eldigitaldeasturias.com\/noticias\/el-pp-abre-hoy-en-valladolid-su-convencion-nacional\/"}],"_links":{"self":[{"href":"https:\/\/www.eldigitaldeasturias.com\/noticias\/wp-json\/wp\/v2\/posts\/480900","targetHints":{"allow":["GET"]}}],"collection":[{"href":"https:\/\/www.eldigitaldeasturias.com\/noticias\/wp-json\/wp\/v2\/posts"}],"about":[{"href":"https:\/\/www.eldigitaldeasturias.com\/noticias\/wp-json\/wp\/v2\/types\/post"}],"author":[{"embeddable":true,"href":"https:\/\/www.eldigitaldeasturias.com\/noticias\/wp-json\/wp\/v2\/users\/1"}],"replies":[{"embeddable":true,"href":"https:\/\/www.eldigitaldeasturias.com\/noticias\/wp-json\/wp\/v2\/comments?post=480900"}],"version-history":[{"count":0,"href":"https:\/\/www.eldigitaldeasturias.com\/noticias\/wp-json\/wp\/v2\/posts\/480900\/revisions"}],"wp:featuredmedia":[{"embeddable":true,"href":"https:\/\/www.eldigitaldeasturias.com\/noticias\/wp-json\/wp\/v2\/media\/1132184"}],"wp:attachment":[{"href":"https:\/\/www.eldigitaldeasturias.com\/noticias\/wp-json\/wp\/v2\/media?parent=480900"}],"wp:term":[{"taxonomy":"category","embeddable":true,"href":"https:\/\/www.eldigitaldeasturias.com\/noticias\/wp-json\/wp\/v2\/categories?post=480900"},{"taxonomy":"post_tag","embeddable":true,"href":"https:\/\/www.eldigitaldeasturias.com\/noticias\/wp-json\/wp\/v2\/tags?post=480900"}],"curies":[{"name":"wp","href":"https:\/\/api.w.org\/{rel}","templated":true}]}}