{"id":480894,"date":"2014-01-31T10:43:17","date_gmt":"2014-01-31T11:43:17","guid":{"rendered":"http:\/\/www.eldigitaldeasturias.com\/noticias\/?p=480894"},"modified":"2014-01-31T10:43:17","modified_gmt":"2014-01-31T11:43:17","slug":"peru-entrego-144-000-dolares-en-indemnizaciones-a-victimas-del-terrorismo","status":"publish","type":"post","link":"https:\/\/www.eldigitaldeasturias.com\/noticias\/peru-entrego-144-000-dolares-en-indemnizaciones-a-victimas-del-terrorismo\/","title":{"rendered":"Per\u00fa entreg\u00f3 144.000 d\u00f3lares en indemnizaciones a v\u00edctimas del terrorismo"},"content":{"rendered":"<p><img loading=\"lazy\" decoding=\"async\" class=\"alignleft size-medium wp-image-480895\" alt=\"5894286w\" src=\"https:\/\/www.eldigitaldeasturias.com\/noticias\/wp-content\/uploads\/2014\/01\/5894286w-360x240.jpg\" width=\"360\" height=\"240\" \/>Lima, 30 ene (EFE).- El jefe del Comando Conjunto de las Fuerzas Armadas de Per\u00fa, general Leonel Cabrera, entreg\u00f3 hoy m\u00e1s de 144.000 d\u00f3lares en indemnizaciones a 11 v\u00edctimas del terrorismo y sus familiares.<\/p>\n<p>Las indemnizaciones se entregaron a exmiembros de los Comit\u00e9s de Autodefensa de la regi\u00f3n Ayacucho que combatieron al terrorismo y apoyaron a las Fuerzas Armadas y la Polic\u00eda Nacional en las tareas de pacificaci\u00f3n, se\u00f1al\u00f3 un comunicado del Comando Conjunto.<\/p>\n<p>Los cheques entregados por Cabrera sumaron un total de 405.600 soles (m\u00e1s de 144.000 d\u00f3lares) por concepto de incapacidad temporal (7.400 d\u00f3lares por v\u00edctima), incapacidad permanente (11.142 d\u00f3lares) o fallecimiento (13.900 d\u00f3lares).<\/p>\n<p>\u00abEl Comando Conjunto de las Fuerzas Armadas, en representaci\u00f3n del Estado Peruano, reconoce la labor de los once bravos combatientes de los Comit\u00e9s de Autodefensa de Ayacucho, resarciendo a los que en cumplimiento del deber, quedaron discapacitados y hasta ofrendaron lo m\u00e1s valioso que un ser puede dar a su patria, la propia vida\u00bb, declar\u00f3 Cabrera durante la ceremonia de entrega de las indemnizaciones.<\/p>\n<p>El representante del Comit\u00e9 de Autodefensa de Canaire, Nic\u00e9foro Medrano Huam\u00e1n, agradeci\u00f3 al Comando Conjunto y se comprometi\u00f3 a seguir apoyando a las Fuerzas Armadas para frenar la presencia terrorista en el Valle de los r\u00edos Apur\u00edmac, Ene y Mantaro (VRAEM), donde las fuerzas remanentes de la banda armada Sendero Luminoso act\u00faan aliadas con el narcotr\u00e1fico.<\/p>\n<p>Sendero Luminoso es el principal responsable de las 69.000 v\u00edctimas de la violencia terrorista en Per\u00fa entre 1980 y 2000, seg\u00fan el informe final de la Comisi\u00f3n de la Verdad y Reconciliaci\u00f3n.<\/p>\n","protected":false},"excerpt":{"rendered":"<p>Lima, 30 ene (EFE).- El jefe del Comando Conjunto de las Fuerzas Armadas de Per\u00fa, general Leonel Cabrera, entreg\u00f3 hoy m\u00e1s de 144.000 d\u00f3lares en indemnizaciones a 11 v\u00edctimas del terrorismo y sus familiares. Las indemnizaciones se entregaron a exmiembros de los Comit\u00e9s de Autodefensa de la regi\u00f3n Ayacucho que combatieron al terrorismo y apoyaron [&hellip;]<\/p>\n","protected":false},"author":1,"featured_media":1132184,"comment_status":"closed","ping_status":"open","sticky":false,"template":"","format":"standard","meta":{"footnotes":""},"categories":[1],"tags":[],"class_list":["post-480894","post","type-post","status-publish","format-standard","has-post-thumbnail","hentry","category-actualidad"],"aioseo_notices":[],"aioseo_head":"\n\t\t<!-- All in One SEO Pro 5.0.1 - aioseo.com -->\n\t<meta name=\"description\" content=\"Lima, 30 ene (EFE).- El jefe del Comando Conjunto de las Fuerzas Armadas de Per\u00fa, general Leonel Cabrera, entreg\u00f3 hoy m\u00e1s de 144.000 d\u00f3lares en indemnizaciones a 11 v\u00edctimas del terrorismo y sus familiares. Las indemnizaciones se entregaron a exmiembros de los Comit\u00e9s de Autodefensa de la regi\u00f3n Ayacucho que combatieron al terrorismo y apoyaron\" \/>\n\t<meta name=\"robots\" content=\"max-image-preview:large\" \/>\n\t<meta name=\"author\" content=\"El Digital de Asturias\"\/>\n\t<meta name=\"google-site-verification\" content=\"UA-38556648-1\" \/>\n\t<meta name=\"msvalidate.01\" content=\"7dfe9f3f1b24437ab69f4f2559babe99\" \/>\n\t<meta name=\"keywords\" content=\"actualidad\" \/>\n\t<link rel=\"canonical\" href=\"https:\/\/www.eldigitaldeasturias.com\/noticias\/peru-entrego-144-000-dolares-en-indemnizaciones-a-victimas-del-terrorismo\/\" \/>\n\t<meta name=\"generator\" content=\"All in One SEO Pro (AIOSEO) 5.0.1\" \/>\n\t\t<meta property=\"og:locale\" content=\"es_ES\" \/>\n\t\t<meta property=\"og:site_name\" content=\"El Digital de Asturias\" \/>\n\t\t<meta property=\"og:type\" content=\"article\" \/>\n\t\t<meta property=\"og:title\" content=\"Per\u00fa entreg\u00f3 144.000 d\u00f3lares en indemnizaciones a v\u00edctimas del terrorismo - El Digital de Asturias\" \/>\n\t\t<meta property=\"og:description\" content=\"Lima, 30 ene (EFE).- El jefe del Comando Conjunto de las Fuerzas Armadas de Per\u00fa, general Leonel Cabrera, entreg\u00f3 hoy m\u00e1s de 144.000 d\u00f3lares en indemnizaciones a 11 v\u00edctimas del terrorismo y sus familiares. Las indemnizaciones se entregaron a exmiembros de los Comit\u00e9s de Autodefensa de la regi\u00f3n Ayacucho que combatieron al terrorismo y apoyaron\" \/>\n\t\t<meta property=\"og:url\" content=\"https:\/\/www.eldigitaldeasturias.com\/noticias\/peru-entrego-144-000-dolares-en-indemnizaciones-a-victimas-del-terrorismo\/\" \/>\n\t\t<meta property=\"og:image\" content=\"https:\/\/www.eldigitaldeasturias.com\/noticias\/wp-content\/uploads\/2026\/06\/Contenidos.jpg\" \/>\n\t\t<meta property=\"og:image:secure_url\" content=\"https:\/\/www.eldigitaldeasturias.com\/noticias\/wp-content\/uploads\/2026\/06\/Contenidos.jpg\" \/>\n\t\t<meta property=\"og:image:width\" content=\"1265\" \/>\n\t\t<meta property=\"og:image:height\" content=\"697\" \/>\n\t\t<meta property=\"article:tag\" content=\"actualidad\" \/>\n\t\t<meta property=\"article:published_time\" content=\"2014-01-31T11:43:17+00:00\" \/>\n\t\t<meta property=\"article:modified_time\" content=\"2014-01-31T11:43:17+00:00\" \/>\n\t\t<meta property=\"article:publisher\" content=\"https:\/\/facebook.com\/eldigitaldeasturias\" \/>\n\t\t<meta name=\"twitter:card\" content=\"summary_large_image\" \/>\n\t\t<meta name=\"twitter:title\" content=\"Per\u00fa entreg\u00f3 144.000 d\u00f3lares en indemnizaciones a v\u00edctimas del terrorismo - El Digital de Asturias\" \/>\n\t\t<meta name=\"twitter:description\" content=\"Lima, 30 ene (EFE).- El jefe del Comando Conjunto de las Fuerzas Armadas de Per\u00fa, general Leonel Cabrera, entreg\u00f3 hoy m\u00e1s de 144.000 d\u00f3lares en indemnizaciones a 11 v\u00edctimas del terrorismo y sus familiares. Las indemnizaciones se entregaron a exmiembros de los Comit\u00e9s de Autodefensa de la regi\u00f3n Ayacucho que combatieron al terrorismo y apoyaron\" \/>\n\t\t<meta name=\"twitter:image\" content=\"https:\/\/www.eldigitaldeasturias.com\/noticias\/wp-content\/uploads\/2026\/06\/Contenidos.jpg\" \/>\n\t\t<meta name=\"twitter:label1\" content=\"Escrito por\" \/>\n\t\t<meta name=\"twitter:data1\" content=\"El Digital de Asturias\" \/>\n\t\t<meta name=\"twitter:label2\" content=\"Tiempo de lectura estimado\" \/>\n\t\t<meta name=\"twitter:data2\" content=\"1 minuto\" \/>\n\t\t<script type=\"application\/ld+json\" class=\"aioseo-schema\">\n\t\t\t{\"@context\":\"https:\\\/\\\/schema.org\",\"@graph\":[{\"@type\":\"BlogPosting\",\"@id\":\"https:\\\/\\\/www.eldigitaldeasturias.com\\\/noticias\\\/peru-entrego-144-000-dolares-en-indemnizaciones-a-victimas-del-terrorismo\\\/#blogposting\",\"name\":\"Per\\u00fa entreg\\u00f3 144.000 d\\u00f3lares en indemnizaciones a v\\u00edctimas del terrorismo - El Digital de Asturias\",\"headline\":\"Per\\u00fa entreg\\u00f3 144.000 d\\u00f3lares en indemnizaciones a v\\u00edctimas del terrorismo\",\"author\":{\"@id\":\"https:\\\/\\\/www.eldigitaldeasturias.com\\\/noticias\\\/author\\\/admin\\\/#author\"},\"publisher\":{\"@id\":\"https:\\\/\\\/www.eldigitaldeasturias.com\\\/noticias\\\/#organization\"},\"image\":{\"@type\":\"ImageObject\",\"url\":\"https:\\\/\\\/www.eldigitaldeasturias.com\\\/noticias\\\/wp-content\\\/uploads\\\/2026\\\/06\\\/Contenidos.jpg\",\"width\":1265,\"height\":697,\"caption\":\"Contenidos\"},\"datePublished\":\"2014-01-31T10:43:17+01:00\",\"dateModified\":\"2014-01-31T10:43:17+01:00\",\"inLanguage\":\"es-ES\",\"mainEntityOfPage\":{\"@id\":\"https:\\\/\\\/www.eldigitaldeasturias.com\\\/noticias\\\/peru-entrego-144-000-dolares-en-indemnizaciones-a-victimas-del-terrorismo\\\/#webpage\"},\"isPartOf\":{\"@id\":\"https:\\\/\\\/www.eldigitaldeasturias.com\\\/noticias\\\/peru-entrego-144-000-dolares-en-indemnizaciones-a-victimas-del-terrorismo\\\/#webpage\"},\"articleSection\":\"Actualidad\"},{\"@type\":\"BreadcrumbList\",\"@id\":\"https:\\\/\\\/www.eldigitaldeasturias.com\\\/noticias\\\/peru-entrego-144-000-dolares-en-indemnizaciones-a-victimas-del-terrorismo\\\/#breadcrumblist\",\"itemListElement\":[{\"@type\":\"ListItem\",\"@id\":\"https:\\\/\\\/www.eldigitaldeasturias.com\\\/noticias#listItem\",\"position\":1,\"name\":\"Home\",\"item\":\"https:\\\/\\\/www.eldigitaldeasturias.com\\\/noticias\",\"nextItem\":{\"@type\":\"ListItem\",\"@id\":\"https:\\\/\\\/www.eldigitaldeasturias.com\\\/noticias\\\/category\\\/actualidad\\\/#listItem\",\"name\":\"Actualidad\"}},{\"@type\":\"ListItem\",\"@id\":\"https:\\\/\\\/www.eldigitaldeasturias.com\\\/noticias\\\/category\\\/actualidad\\\/#listItem\",\"position\":2,\"name\":\"Actualidad\",\"item\":\"https:\\\/\\\/www.eldigitaldeasturias.com\\\/noticias\\\/category\\\/actualidad\\\/\",\"nextItem\":{\"@type\":\"ListItem\",\"@id\":\"https:\\\/\\\/www.eldigitaldeasturias.com\\\/noticias\\\/peru-entrego-144-000-dolares-en-indemnizaciones-a-victimas-del-terrorismo\\\/#listItem\",\"name\":\"Per\\u00fa entreg\\u00f3 144.000 d\\u00f3lares en indemnizaciones a v\\u00edctimas del terrorismo\"},\"previousItem\":{\"@type\":\"ListItem\",\"@id\":\"https:\\\/\\\/www.eldigitaldeasturias.com\\\/noticias#listItem\",\"name\":\"Home\"}},{\"@type\":\"ListItem\",\"@id\":\"https:\\\/\\\/www.eldigitaldeasturias.com\\\/noticias\\\/peru-entrego-144-000-dolares-en-indemnizaciones-a-victimas-del-terrorismo\\\/#listItem\",\"position\":3,\"name\":\"Per\\u00fa entreg\\u00f3 144.000 d\\u00f3lares en indemnizaciones a v\\u00edctimas del terrorismo\",\"previousItem\":{\"@type\":\"ListItem\",\"@id\":\"https:\\\/\\\/www.eldigitaldeasturias.com\\\/noticias\\\/category\\\/actualidad\\\/#listItem\",\"name\":\"Actualidad\"}}]},{\"@type\":\"Organization\",\"@id\":\"https:\\\/\\\/www.eldigitaldeasturias.com\\\/noticias\\\/#organization\",\"name\":\"El Digital de Asturias\",\"description\":\"Hemeroteca\",\"url\":\"https:\\\/\\\/www.eldigitaldeasturias.com\\\/noticias\\\/\",\"email\":\"info@eldigitaldeasturias.com\",\"telephone\":\"+34652131393\",\"logo\":{\"@type\":\"ImageObject\",\"url\":\"https:\\\/\\\/www.eldigitaldeasturias.com\\\/noticias\\\/wp-content\\\/uploads\\\/2020\\\/12\\\/EDA.jpg\",\"@id\":\"https:\\\/\\\/www.eldigitaldeasturias.com\\\/noticias\\\/peru-entrego-144-000-dolares-en-indemnizaciones-a-victimas-del-terrorismo\\\/#organizationLogo\"},\"image\":{\"@id\":\"https:\\\/\\\/www.eldigitaldeasturias.com\\\/noticias\\\/peru-entrego-144-000-dolares-en-indemnizaciones-a-victimas-del-terrorismo\\\/#organizationLogo\"},\"sameAs\":[\"https:\\\/\\\/facebook.com\\\/eldigitaldeasturias\",\"https:\\\/\\\/www.youtube.com\\\/channel\\\/UCZP-2wLEB9Rv6erhFmqVnvg\"],\"address\":{\"@id\":\"https:\\\/\\\/www.eldigitaldeasturias.com\\\/noticias\\\/#postaladdress\",\"@type\":\"PostalAddress\",\"streetAddress\":\"san antonio 4\",\"postalCode\":\"33430\",\"addressLocality\":\"Cand\\u00e1s\",\"addressRegion\":\"Asturias\",\"addressCountry\":\"ES\"}},{\"@type\":\"Person\",\"@id\":\"https:\\\/\\\/www.eldigitaldeasturias.com\\\/noticias\\\/author\\\/admin\\\/#author\",\"url\":\"https:\\\/\\\/www.eldigitaldeasturias.com\\\/noticias\\\/author\\\/admin\\\/\",\"name\":\"El Digital de Asturias\",\"image\":{\"@type\":\"ImageObject\",\"@id\":\"https:\\\/\\\/www.eldigitaldeasturias.com\\\/noticias\\\/peru-entrego-144-000-dolares-en-indemnizaciones-a-victimas-del-terrorismo\\\/#authorImage\",\"url\":\"https:\\\/\\\/secure.gravatar.com\\\/avatar\\\/df2aeffc32bcd13f8d26072ef8a91b623d677766deac7f97ca815868cd41bf5e?s=96&d=mm&r=g\",\"width\":96,\"height\":96,\"caption\":\"El Digital de Asturias\"}},{\"@type\":\"WebPage\",\"@id\":\"https:\\\/\\\/www.eldigitaldeasturias.com\\\/noticias\\\/peru-entrego-144-000-dolares-en-indemnizaciones-a-victimas-del-terrorismo\\\/#webpage\",\"url\":\"https:\\\/\\\/www.eldigitaldeasturias.com\\\/noticias\\\/peru-entrego-144-000-dolares-en-indemnizaciones-a-victimas-del-terrorismo\\\/\",\"name\":\"Per\\u00fa entreg\\u00f3 144.000 d\\u00f3lares en indemnizaciones a v\\u00edctimas del terrorismo - El Digital de Asturias\",\"description\":\"Lima, 30 ene (EFE).- El jefe del Comando Conjunto de las Fuerzas Armadas de Per\\u00fa, general Leonel Cabrera, entreg\\u00f3 hoy m\\u00e1s de 144.000 d\\u00f3lares en indemnizaciones a 11 v\\u00edctimas del terrorismo y sus familiares. Las indemnizaciones se entregaron a exmiembros de los Comit\\u00e9s de Autodefensa de la regi\\u00f3n Ayacucho que combatieron al terrorismo y apoyaron\",\"inLanguage\":\"es-ES\",\"isPartOf\":{\"@id\":\"https:\\\/\\\/www.eldigitaldeasturias.com\\\/noticias\\\/#website\"},\"breadcrumb\":{\"@id\":\"https:\\\/\\\/www.eldigitaldeasturias.com\\\/noticias\\\/peru-entrego-144-000-dolares-en-indemnizaciones-a-victimas-del-terrorismo\\\/#breadcrumblist\"},\"author\":{\"@id\":\"https:\\\/\\\/www.eldigitaldeasturias.com\\\/noticias\\\/author\\\/admin\\\/#author\"},\"creator\":{\"@id\":\"https:\\\/\\\/www.eldigitaldeasturias.com\\\/noticias\\\/author\\\/admin\\\/#author\"},\"image\":{\"@type\":\"ImageObject\",\"url\":\"https:\\\/\\\/www.eldigitaldeasturias.com\\\/noticias\\\/wp-content\\\/uploads\\\/2026\\\/06\\\/Contenidos.jpg\",\"@id\":\"https:\\\/\\\/www.eldigitaldeasturias.com\\\/noticias\\\/peru-entrego-144-000-dolares-en-indemnizaciones-a-victimas-del-terrorismo\\\/#mainImage\",\"width\":1265,\"height\":697,\"caption\":\"Contenidos\"},\"primaryImageOfPage\":{\"@id\":\"https:\\\/\\\/www.eldigitaldeasturias.com\\\/noticias\\\/peru-entrego-144-000-dolares-en-indemnizaciones-a-victimas-del-terrorismo\\\/#mainImage\"},\"datePublished\":\"2014-01-31T10:43:17+01:00\",\"dateModified\":\"2014-01-31T10:43:17+01:00\"},{\"@type\":\"WebSite\",\"@id\":\"https:\\\/\\\/www.eldigitaldeasturias.com\\\/noticias\\\/#website\",\"url\":\"https:\\\/\\\/www.eldigitaldeasturias.com\\\/noticias\\\/\",\"name\":\"El Digital de Asturias - Diario de actualidad y noticias\",\"alternateName\":\"El Digital de Asturias - Diario de actualidad y noticias\",\"description\":\"Hemeroteca\",\"inLanguage\":\"es-ES\",\"publisher\":{\"@id\":\"https:\\\/\\\/www.eldigitaldeasturias.com\\\/noticias\\\/#organization\"}}]}\n\t\t<\/script>\n\t\t<!-- All in One SEO Pro -->\r\n\t\t<title>Per\u00fa entreg\u00f3 144.000 d\u00f3lares en indemnizaciones a v\u00edctimas del terrorismo - El Digital de Asturias<\/title>\n\n","aioseo_head_json":{"title":"Per\u00fa entreg\u00f3 144.000 d\u00f3lares en indemnizaciones a v\u00edctimas del terrorismo - El Digital de Asturias","description":"Lima, 30 ene (EFE).- El jefe del Comando Conjunto de las Fuerzas Armadas de Per\u00fa, general Leonel Cabrera, entreg\u00f3 hoy m\u00e1s de 144.000 d\u00f3lares en indemnizaciones a 11 v\u00edctimas del terrorismo y sus familiares. Las indemnizaciones se entregaron a exmiembros de los Comit\u00e9s de Autodefensa de la regi\u00f3n Ayacucho que combatieron al terrorismo y apoyaron","canonical_url":"https:\/\/www.eldigitaldeasturias.com\/noticias\/peru-entrego-144-000-dolares-en-indemnizaciones-a-victimas-del-terrorismo\/","robots":"max-image-preview:large","keywords":"actualidad","webmasterTools":{"google-site-verification":"UA-38556648-1","msvalidate.01":"7dfe9f3f1b24437ab69f4f2559babe99","miscellaneous":""},"schema":{"@context":"https:\/\/schema.org","@graph":[{"@type":"BlogPosting","@id":"https:\/\/www.eldigitaldeasturias.com\/noticias\/peru-entrego-144-000-dolares-en-indemnizaciones-a-victimas-del-terrorismo\/#blogposting","name":"Per\u00fa entreg\u00f3 144.000 d\u00f3lares en indemnizaciones a v\u00edctimas del terrorismo - El Digital de Asturias","headline":"Per\u00fa entreg\u00f3 144.000 d\u00f3lares en indemnizaciones a v\u00edctimas del terrorismo","author":{"@id":"https:\/\/www.eldigitaldeasturias.com\/noticias\/author\/admin\/#author"},"publisher":{"@id":"https:\/\/www.eldigitaldeasturias.com\/noticias\/#organization"},"image":{"@type":"ImageObject","url":"https:\/\/www.eldigitaldeasturias.com\/noticias\/wp-content\/uploads\/2026\/06\/Contenidos.jpg","width":1265,"height":697,"caption":"Contenidos"},"datePublished":"2014-01-31T10:43:17+01:00","dateModified":"2014-01-31T10:43:17+01:00","inLanguage":"es-ES","mainEntityOfPage":{"@id":"https:\/\/www.eldigitaldeasturias.com\/noticias\/peru-entrego-144-000-dolares-en-indemnizaciones-a-victimas-del-terrorismo\/#webpage"},"isPartOf":{"@id":"https:\/\/www.eldigitaldeasturias.com\/noticias\/peru-entrego-144-000-dolares-en-indemnizaciones-a-victimas-del-terrorismo\/#webpage"},"articleSection":"Actualidad"},{"@type":"BreadcrumbList","@id":"https:\/\/www.eldigitaldeasturias.com\/noticias\/peru-entrego-144-000-dolares-en-indemnizaciones-a-victimas-del-terrorismo\/#breadcrumblist","itemListElement":[{"@type":"ListItem","@id":"https:\/\/www.eldigitaldeasturias.com\/noticias#listItem","position":1,"name":"Home","item":"https:\/\/www.eldigitaldeasturias.com\/noticias","nextItem":{"@type":"ListItem","@id":"https:\/\/www.eldigitaldeasturias.com\/noticias\/category\/actualidad\/#listItem","name":"Actualidad"}},{"@type":"ListItem","@id":"https:\/\/www.eldigitaldeasturias.com\/noticias\/category\/actualidad\/#listItem","position":2,"name":"Actualidad","item":"https:\/\/www.eldigitaldeasturias.com\/noticias\/category\/actualidad\/","nextItem":{"@type":"ListItem","@id":"https:\/\/www.eldigitaldeasturias.com\/noticias\/peru-entrego-144-000-dolares-en-indemnizaciones-a-victimas-del-terrorismo\/#listItem","name":"Per\u00fa entreg\u00f3 144.000 d\u00f3lares en indemnizaciones a v\u00edctimas del terrorismo"},"previousItem":{"@type":"ListItem","@id":"https:\/\/www.eldigitaldeasturias.com\/noticias#listItem","name":"Home"}},{"@type":"ListItem","@id":"https:\/\/www.eldigitaldeasturias.com\/noticias\/peru-entrego-144-000-dolares-en-indemnizaciones-a-victimas-del-terrorismo\/#listItem","position":3,"name":"Per\u00fa entreg\u00f3 144.000 d\u00f3lares en indemnizaciones a v\u00edctimas del terrorismo","previousItem":{"@type":"ListItem","@id":"https:\/\/www.eldigitaldeasturias.com\/noticias\/category\/actualidad\/#listItem","name":"Actualidad"}}]},{"@type":"Organization","@id":"https:\/\/www.eldigitaldeasturias.com\/noticias\/#organization","name":"El Digital de Asturias","description":"Hemeroteca","url":"https:\/\/www.eldigitaldeasturias.com\/noticias\/","email":"info@eldigitaldeasturias.com","telephone":"+34652131393","logo":{"@type":"ImageObject","url":"https:\/\/www.eldigitaldeasturias.com\/noticias\/wp-content\/uploads\/2020\/12\/EDA.jpg","@id":"https:\/\/www.eldigitaldeasturias.com\/noticias\/peru-entrego-144-000-dolares-en-indemnizaciones-a-victimas-del-terrorismo\/#organizationLogo"},"image":{"@id":"https:\/\/www.eldigitaldeasturias.com\/noticias\/peru-entrego-144-000-dolares-en-indemnizaciones-a-victimas-del-terrorismo\/#organizationLogo"},"sameAs":["https:\/\/facebook.com\/eldigitaldeasturias","https:\/\/www.youtube.com\/channel\/UCZP-2wLEB9Rv6erhFmqVnvg"],"address":{"@id":"https:\/\/www.eldigitaldeasturias.com\/noticias\/#postaladdress","@type":"PostalAddress","streetAddress":"san antonio 4","postalCode":"33430","addressLocality":"Cand\u00e1s","addressRegion":"Asturias","addressCountry":"ES"}},{"@type":"Person","@id":"https:\/\/www.eldigitaldeasturias.com\/noticias\/author\/admin\/#author","url":"https:\/\/www.eldigitaldeasturias.com\/noticias\/author\/admin\/","name":"El Digital de Asturias","image":{"@type":"ImageObject","@id":"https:\/\/www.eldigitaldeasturias.com\/noticias\/peru-entrego-144-000-dolares-en-indemnizaciones-a-victimas-del-terrorismo\/#authorImage","url":"https:\/\/secure.gravatar.com\/avatar\/df2aeffc32bcd13f8d26072ef8a91b623d677766deac7f97ca815868cd41bf5e?s=96&d=mm&r=g","width":96,"height":96,"caption":"El Digital de Asturias"}},{"@type":"WebPage","@id":"https:\/\/www.eldigitaldeasturias.com\/noticias\/peru-entrego-144-000-dolares-en-indemnizaciones-a-victimas-del-terrorismo\/#webpage","url":"https:\/\/www.eldigitaldeasturias.com\/noticias\/peru-entrego-144-000-dolares-en-indemnizaciones-a-victimas-del-terrorismo\/","name":"Per\u00fa entreg\u00f3 144.000 d\u00f3lares en indemnizaciones a v\u00edctimas del terrorismo - El Digital de Asturias","description":"Lima, 30 ene (EFE).- El jefe del Comando Conjunto de las Fuerzas Armadas de Per\u00fa, general Leonel Cabrera, entreg\u00f3 hoy m\u00e1s de 144.000 d\u00f3lares en indemnizaciones a 11 v\u00edctimas del terrorismo y sus familiares. Las indemnizaciones se entregaron a exmiembros de los Comit\u00e9s de Autodefensa de la regi\u00f3n Ayacucho que combatieron al terrorismo y apoyaron","inLanguage":"es-ES","isPartOf":{"@id":"https:\/\/www.eldigitaldeasturias.com\/noticias\/#website"},"breadcrumb":{"@id":"https:\/\/www.eldigitaldeasturias.com\/noticias\/peru-entrego-144-000-dolares-en-indemnizaciones-a-victimas-del-terrorismo\/#breadcrumblist"},"author":{"@id":"https:\/\/www.eldigitaldeasturias.com\/noticias\/author\/admin\/#author"},"creator":{"@id":"https:\/\/www.eldigitaldeasturias.com\/noticias\/author\/admin\/#author"},"image":{"@type":"ImageObject","url":"https:\/\/www.eldigitaldeasturias.com\/noticias\/wp-content\/uploads\/2026\/06\/Contenidos.jpg","@id":"https:\/\/www.eldigitaldeasturias.com\/noticias\/peru-entrego-144-000-dolares-en-indemnizaciones-a-victimas-del-terrorismo\/#mainImage","width":1265,"height":697,"caption":"Contenidos"},"primaryImageOfPage":{"@id":"https:\/\/www.eldigitaldeasturias.com\/noticias\/peru-entrego-144-000-dolares-en-indemnizaciones-a-victimas-del-terrorismo\/#mainImage"},"datePublished":"2014-01-31T10:43:17+01:00","dateModified":"2014-01-31T10:43:17+01:00"},{"@type":"WebSite","@id":"https:\/\/www.eldigitaldeasturias.com\/noticias\/#website","url":"https:\/\/www.eldigitaldeasturias.com\/noticias\/","name":"El Digital de Asturias - Diario de actualidad y noticias","alternateName":"El Digital de Asturias - Diario de actualidad y noticias","description":"Hemeroteca","inLanguage":"es-ES","publisher":{"@id":"https:\/\/www.eldigitaldeasturias.com\/noticias\/#organization"}}]},"og:locale":"es_ES","og:site_name":"El Digital de Asturias","og:type":"article","og:title":"Per\u00fa entreg\u00f3 144.000 d\u00f3lares en indemnizaciones a v\u00edctimas del terrorismo - El Digital de Asturias","og:description":"Lima, 30 ene (EFE).- El jefe del Comando Conjunto de las Fuerzas Armadas de Per\u00fa, general Leonel Cabrera, entreg\u00f3 hoy m\u00e1s de 144.000 d\u00f3lares en indemnizaciones a 11 v\u00edctimas del terrorismo y sus familiares. Las indemnizaciones se entregaron a exmiembros de los Comit\u00e9s de Autodefensa de la regi\u00f3n Ayacucho que combatieron al terrorismo y apoyaron","og:url":"https:\/\/www.eldigitaldeasturias.com\/noticias\/peru-entrego-144-000-dolares-en-indemnizaciones-a-victimas-del-terrorismo\/","og:image":"https:\/\/www.eldigitaldeasturias.com\/noticias\/wp-content\/uploads\/2026\/06\/Contenidos.jpg","og:image:secure_url":"https:\/\/www.eldigitaldeasturias.com\/noticias\/wp-content\/uploads\/2026\/06\/Contenidos.jpg","og:image:width":1265,"og:image:height":697,"article:tag":["actualidad"],"article:published_time":"2014-01-31T11:43:17+00:00","article:modified_time":"2014-01-31T11:43:17+00:00","article:publisher":"https:\/\/facebook.com\/eldigitaldeasturias","twitter:card":"summary_large_image","twitter:title":"Per\u00fa entreg\u00f3 144.000 d\u00f3lares en indemnizaciones a v\u00edctimas del terrorismo - El Digital de Asturias","twitter:description":"Lima, 30 ene (EFE).- El jefe del Comando Conjunto de las Fuerzas Armadas de Per\u00fa, general Leonel Cabrera, entreg\u00f3 hoy m\u00e1s de 144.000 d\u00f3lares en indemnizaciones a 11 v\u00edctimas del terrorismo y sus familiares. Las indemnizaciones se entregaron a exmiembros de los Comit\u00e9s de Autodefensa de la regi\u00f3n Ayacucho que combatieron al terrorismo y apoyaron","twitter:image":"https:\/\/www.eldigitaldeasturias.com\/noticias\/wp-content\/uploads\/2026\/06\/Contenidos.jpg","twitter:label1":"Escrito por","twitter:data1":"El Digital de Asturias","twitter:label2":"Tiempo de lectura estimado","twitter:data2":"1 minuto"},"aioseo_meta_data":{"post_id":"480894","title":null,"description":null,"keywords":null,"keyphrases":null,"primary_term":null,"canonical_url":null,"og_title":null,"og_description":null,"og_object_type":"default","og_image_type":"default","og_image_url":null,"og_image_width":null,"og_image_height":null,"og_image_custom_url":null,"og_image_custom_fields":null,"og_video":null,"og_custom_url":null,"og_article_section":null,"og_article_tags":null,"twitter_use_og":true,"twitter_card":"default","twitter_image_type":"default","twitter_image_url":null,"twitter_image_custom_url":null,"twitter_image_custom_fields":null,"twitter_title":null,"twitter_description":null,"schema":{"blockGraphs":[],"customGraphs":[],"default":{"data":{"Article":[],"Course":[],"Dataset":[],"FAQPage":[],"Movie":[],"Person":[],"Product":[],"ProductReview":[],"Car":[],"Recipe":[],"Service":[],"SoftwareApplication":[],"WebPage":[]},"graphName":"","isEnabled":true},"graphs":[],"defaultGraph":"","defaultPostTypeGraph":""},"schema_type":null,"schema_type_options":null,"pillar_content":false,"robots_default":true,"robots_noindex":false,"robots_noarchive":false,"robots_nosnippet":false,"robots_nofollow":false,"robots_noimageindex":false,"robots_noodp":false,"robots_notranslate":false,"robots_max_snippet":null,"robots_max_videopreview":null,"robots_max_imagepreview":"none","priority":null,"frequency":null,"local_seo":null,"seo_analyzer_scan_date":"2026-06-02 05:07:59","breadcrumb_settings":null,"limit_modified_date":false,"open_ai":null,"ai":null,"created":"2020-11-14 22:54:15","updated":"2026-06-02 05:07:59","focus_keyword":null,"additional_keywords":null,"truseo_locale":null},"aioseo_breadcrumb":"<div class=\"aioseo-breadcrumbs\"><span class=\"aioseo-breadcrumb\">\n\t<a href=\"https:\/\/www.eldigitaldeasturias.com\/noticias\" title=\"Home\">Home<\/a>\n<\/span><span class=\"aioseo-breadcrumb-separator\">\u2013<\/span><span class=\"aioseo-breadcrumb\">\n\t<a href=\"https:\/\/www.eldigitaldeasturias.com\/noticias\/category\/actualidad\/\" title=\"Actualidad\">Actualidad<\/a>\n<\/span><span class=\"aioseo-breadcrumb-separator\">\u2013<\/span><span class=\"aioseo-breadcrumb\">\n\t<a href=\"https:\/\/www.eldigitaldeasturias.com\/noticias\/peru-entrego-144-000-dolares-en-indemnizaciones-a-victimas-del-terrorismo\/\" title=\"Per\u00fa entreg\u00f3 144.000 d\u00f3lares en indemnizaciones a v\u00edctimas del terrorismo\">Per\u00fa entreg\u00f3 144.000 d\u00f3lares en indemnizaciones a v\u00edctimas del terrorismo<\/a>\n<\/span><\/div>","aioseo_breadcrumb_json":[{"label":"Home","link":"https:\/\/www.eldigitaldeasturias.com\/noticias"},{"label":"Actualidad","link":"https:\/\/www.eldigitaldeasturias.com\/noticias\/category\/actualidad\/"},{"label":"Per\u00fa entreg\u00f3 144.000 d\u00f3lares en indemnizaciones a v\u00edctimas del terrorismo","link":"https:\/\/www.eldigitaldeasturias.com\/noticias\/peru-entrego-144-000-dolares-en-indemnizaciones-a-victimas-del-terrorismo\/"}],"_links":{"self":[{"href":"https:\/\/www.eldigitaldeasturias.com\/noticias\/wp-json\/wp\/v2\/posts\/480894","targetHints":{"allow":["GET"]}}],"collection":[{"href":"https:\/\/www.eldigitaldeasturias.com\/noticias\/wp-json\/wp\/v2\/posts"}],"about":[{"href":"https:\/\/www.eldigitaldeasturias.com\/noticias\/wp-json\/wp\/v2\/types\/post"}],"author":[{"embeddable":true,"href":"https:\/\/www.eldigitaldeasturias.com\/noticias\/wp-json\/wp\/v2\/users\/1"}],"replies":[{"embeddable":true,"href":"https:\/\/www.eldigitaldeasturias.com\/noticias\/wp-json\/wp\/v2\/comments?post=480894"}],"version-history":[{"count":0,"href":"https:\/\/www.eldigitaldeasturias.com\/noticias\/wp-json\/wp\/v2\/posts\/480894\/revisions"}],"wp:featuredmedia":[{"embeddable":true,"href":"https:\/\/www.eldigitaldeasturias.com\/noticias\/wp-json\/wp\/v2\/media\/1132184"}],"wp:attachment":[{"href":"https:\/\/www.eldigitaldeasturias.com\/noticias\/wp-json\/wp\/v2\/media?parent=480894"}],"wp:term":[{"taxonomy":"category","embeddable":true,"href":"https:\/\/www.eldigitaldeasturias.com\/noticias\/wp-json\/wp\/v2\/categories?post=480894"},{"taxonomy":"post_tag","embeddable":true,"href":"https:\/\/www.eldigitaldeasturias.com\/noticias\/wp-json\/wp\/v2\/tags?post=480894"}],"curies":[{"name":"wp","href":"https:\/\/api.w.org\/{rel}","templated":true}]}}