{"id":480891,"date":"2014-01-31T10:42:15","date_gmt":"2014-01-31T11:42:15","guid":{"rendered":"http:\/\/www.eldigitaldeasturias.com\/noticias\/?p=480891"},"modified":"2014-01-31T10:42:15","modified_gmt":"2014-01-31T11:42:15","slug":"el-colectivo-de-presos-de-eta-ve-al-gobierno-espanol-solo-con-su-violencia","status":"publish","type":"post","link":"https:\/\/www.eldigitaldeasturias.com\/noticias\/el-colectivo-de-presos-de-eta-ve-al-gobierno-espanol-solo-con-su-violencia\/","title":{"rendered":"El colectivo de presos de ETA ve al Gobierno espa\u00f1ol \u00absolo con su violencia\u00bb"},"content":{"rendered":"<p><img loading=\"lazy\" decoding=\"async\" class=\"alignleft size-medium wp-image-480892\" alt=\"5894273w\" src=\"https:\/\/www.eldigitaldeasturias.com\/noticias\/wp-content\/uploads\/2014\/01\/5894273w-360x247.jpg\" width=\"360\" height=\"247\" \/>Madrid, 31 ene (EFE).- El colectivo de presos de ETA (EPPK por sus siglas en euskera) ha difundido un comunicado recogido hoy por el diario GARA en el que asegura que el Gobierno espa\u00f1ol \u00abest\u00e1 solo con su violencia\u00bb.<\/p>\n<p>\u00abLa redada que ha derivado en el encarcelamiento de ocho personas que ejerc\u00edan funciones de mediaci\u00f3n para EPPK pretend\u00eda \u00abreventar\u00bb el cambio abierto por la declaraci\u00f3n del 28 de diciembre, en la que el Colectivo se mostraba abierto a explorar las v\u00edas legales para lograr acercamientos y excarcelaciones. No obstante, la ofensiva llega \u00abtarde\u00bb y de modo \u00abtorpe\u00bb, dado que \u00abla determinaci\u00f3n de EPPK es total\u00bb\u00bb. As\u00ed lo indica el EPPK en el comunicado remitido a GARA.<\/p>\n<p>A\u00f1ade el diario que \u00abpese a remarcar la gravedad de la operaci\u00f3n, el Colectivo destaca que uno de los objetivos era \u00abaislar a EPPK\u00bb y el efecto producido ha sido justo el contrario: \u00abEl Gobierno est\u00e1 solo con su violencia, una vez m\u00e1s\u00bb\u00bb.<\/p>\n<p>\u00ab\u00abEPPK -a\u00f1ade Gara- seguir\u00e1 desarrollando su l\u00ednea, con el apoyo de la ciudadan\u00eda, y al Gobierno espa\u00f1ol el tiempo se le escapa entre las manos. Cada vez que dice que no cambiar\u00e1 la pol\u00edtica carcelaria, est\u00e1 anticipando que tendr\u00e1 que cambiarla. Tiene que entender que, pronto o tarde, deber\u00e1 responder positivamente a la voluntad ciudadana: ha llegado el momento de acabar con la dispersi\u00f3n\u00bb\u00bb, advierte el Colectivo en el comunicado.<\/p>\n<p>En un repaso cronol\u00f3gico, EPPK saluda que su declaraci\u00f3n de diciembre \u00abha hecho moverse los cimientos\u00bb. Considera que su aportaci\u00f3n, \u00abcon gran esfuerzo\u00bb, ha conectado con la mayor\u00eda social y pol\u00edtica, y destaca que tambi\u00e9n haya logrado reacciones positivas en el \u00e1mbito internacional, incluido los estados espa\u00f1ol y franc\u00e9s. \u00abCada uno ha hecho su propia lectura. Ahora avanzamos con amplio apoyo social y pol\u00edtico. El Gobierno espa\u00f1ol se ha quedado al margen, atrapado en su no\u00bb\u00bb.<\/p>\n<p>Gara resalta tambi\u00e9n que el comunicado alude a \u00abla rueda de prensa ofrecida en Durango por \u00ablos amigos que han hablado sin cadenas, los expresos\u00bb. EPPK saluda el eco obtenido y destaca que \u00abel Gobierno no quer\u00eda ver esa imagen, pero sobre todo no quer\u00eda o\u00edr el mensaje\u00bb. Concluye igualmente de esta comparecencia que \u00abel largo encarcelamiento no ha provocado una ruptura con la ciudadan\u00eda. Ha sido una iniciativa digna, responsable, constructiva y positiva, de gran valor para nosotros\u00bb, dicen las presas y presos vascos en este comunicado\u00bb.<\/p>\n<p>EPPK, seg\u00fan Gara, \u00abotorga gran importancia tambi\u00e9n a la manifestaci\u00f3n del 11 de enero. Tras constatar que con el veto a Tantaz Tanta el Estado espa\u00f1ol buscaba \u00abparalizar\u00bb cualquier impulso al proceso pol\u00edtico, no elude elogios por la respuesta. Califica la actitud de los agentes pol\u00edticos y sociales de \u00abejemplar\u00bb, y la de la ciudadan\u00eda de \u00abincre\u00edble\u00bb (135.000 manifestantes calcul\u00f3 GARA)\u00bb.<\/p>\n<p>\u00ab\u00abSe ha acertado, ha sido importante, adecuado estrat\u00e9gicamente y positivo\u00bb, indica EPPK. En su opini\u00f3n, la movilizaci\u00f3n ha marcado un nuevo jal\u00f3n que reclama ahora \u00abcontinuidad\u00bb de modo que pueda convertirse en eficaz e irreversible\u00bb.<\/p>\n","protected":false},"excerpt":{"rendered":"<p>Madrid, 31 ene (EFE).- El colectivo de presos de ETA (EPPK por sus siglas en euskera) ha difundido un comunicado recogido hoy por el diario GARA en el que asegura que el Gobierno espa\u00f1ol \u00abest\u00e1 solo con su violencia\u00bb. \u00abLa redada que ha derivado en el encarcelamiento de ocho personas que ejerc\u00edan funciones de mediaci\u00f3n [&hellip;]<\/p>\n","protected":false},"author":1,"featured_media":1132184,"comment_status":"closed","ping_status":"open","sticky":false,"template":"","format":"standard","meta":{"footnotes":""},"categories":[1],"tags":[],"class_list":["post-480891","post","type-post","status-publish","format-standard","has-post-thumbnail","hentry","category-actualidad"],"aioseo_notices":[],"aioseo_head":"\n\t\t<!-- All in One SEO Pro 5.0.1 - aioseo.com -->\n\t<meta name=\"description\" content=\"Madrid, 31 ene (EFE).- El colectivo de presos de ETA (EPPK por sus siglas en euskera) ha difundido un comunicado recogido hoy por el diario GARA en el que asegura que el Gobierno espa\u00f1ol &quot;est\u00e1 solo con su violencia&quot;. &quot;La redada que ha derivado en el encarcelamiento de ocho personas que ejerc\u00edan funciones de mediaci\u00f3n\" \/>\n\t<meta name=\"robots\" content=\"max-image-preview:large\" \/>\n\t<meta name=\"author\" content=\"El Digital de Asturias\"\/>\n\t<meta name=\"google-site-verification\" content=\"UA-38556648-1\" \/>\n\t<meta name=\"msvalidate.01\" content=\"7dfe9f3f1b24437ab69f4f2559babe99\" \/>\n\t<meta name=\"keywords\" content=\"actualidad\" \/>\n\t<link rel=\"canonical\" href=\"https:\/\/www.eldigitaldeasturias.com\/noticias\/el-colectivo-de-presos-de-eta-ve-al-gobierno-espanol-solo-con-su-violencia\/\" \/>\n\t<meta name=\"generator\" content=\"All in One SEO Pro (AIOSEO) 5.0.1\" \/>\n\t\t<meta property=\"og:locale\" content=\"es_ES\" \/>\n\t\t<meta property=\"og:site_name\" content=\"El Digital de Asturias\" \/>\n\t\t<meta property=\"og:type\" content=\"article\" \/>\n\t\t<meta property=\"og:title\" content=\"El colectivo de presos de ETA ve al Gobierno espa\u00f1ol \u00absolo con su violencia\u00bb - El Digital de Asturias\" \/>\n\t\t<meta property=\"og:description\" content=\"Madrid, 31 ene (EFE).- El colectivo de presos de ETA (EPPK por sus siglas en euskera) ha difundido un comunicado recogido hoy por el diario GARA en el que asegura que el Gobierno espa\u00f1ol &quot;est\u00e1 solo con su violencia&quot;. &quot;La redada que ha derivado en el encarcelamiento de ocho personas que ejerc\u00edan funciones de mediaci\u00f3n\" \/>\n\t\t<meta property=\"og:url\" content=\"https:\/\/www.eldigitaldeasturias.com\/noticias\/el-colectivo-de-presos-de-eta-ve-al-gobierno-espanol-solo-con-su-violencia\/\" \/>\n\t\t<meta property=\"og:image\" content=\"https:\/\/www.eldigitaldeasturias.com\/noticias\/wp-content\/uploads\/2026\/06\/Contenidos.jpg\" \/>\n\t\t<meta property=\"og:image:secure_url\" content=\"https:\/\/www.eldigitaldeasturias.com\/noticias\/wp-content\/uploads\/2026\/06\/Contenidos.jpg\" \/>\n\t\t<meta property=\"og:image:width\" content=\"1265\" \/>\n\t\t<meta property=\"og:image:height\" content=\"697\" \/>\n\t\t<meta property=\"article:tag\" content=\"actualidad\" \/>\n\t\t<meta property=\"article:published_time\" content=\"2014-01-31T11:42:15+00:00\" \/>\n\t\t<meta property=\"article:modified_time\" content=\"2014-01-31T11:42:15+00:00\" \/>\n\t\t<meta property=\"article:publisher\" content=\"https:\/\/facebook.com\/eldigitaldeasturias\" \/>\n\t\t<meta name=\"twitter:card\" content=\"summary_large_image\" \/>\n\t\t<meta name=\"twitter:title\" content=\"El colectivo de presos de ETA ve al Gobierno espa\u00f1ol \u00absolo con su violencia\u00bb - El Digital de Asturias\" \/>\n\t\t<meta name=\"twitter:description\" content=\"Madrid, 31 ene (EFE).- El colectivo de presos de ETA (EPPK por sus siglas en euskera) ha difundido un comunicado recogido hoy por el diario GARA en el que asegura que el Gobierno espa\u00f1ol &quot;est\u00e1 solo con su violencia&quot;. &quot;La redada que ha derivado en el encarcelamiento de ocho personas que ejerc\u00edan funciones de mediaci\u00f3n\" \/>\n\t\t<meta name=\"twitter:image\" content=\"https:\/\/www.eldigitaldeasturias.com\/noticias\/wp-content\/uploads\/2026\/06\/Contenidos.jpg\" \/>\n\t\t<meta name=\"twitter:label1\" content=\"Escrito por\" \/>\n\t\t<meta name=\"twitter:data1\" content=\"El Digital de Asturias\" \/>\n\t\t<meta name=\"twitter:label2\" content=\"Tiempo de lectura estimado\" \/>\n\t\t<meta name=\"twitter:data2\" content=\"3 minutos\" \/>\n\t\t<script type=\"application\/ld+json\" class=\"aioseo-schema\">\n\t\t\t{\"@context\":\"https:\\\/\\\/schema.org\",\"@graph\":[{\"@type\":\"BlogPosting\",\"@id\":\"https:\\\/\\\/www.eldigitaldeasturias.com\\\/noticias\\\/el-colectivo-de-presos-de-eta-ve-al-gobierno-espanol-solo-con-su-violencia\\\/#blogposting\",\"name\":\"El colectivo de presos de ETA ve al Gobierno espa\\u00f1ol \\u00absolo con su violencia\\u00bb - El Digital de Asturias\",\"headline\":\"El colectivo de presos de ETA ve al Gobierno espa\\u00f1ol \\u00absolo con su violencia\\u00bb\",\"author\":{\"@id\":\"https:\\\/\\\/www.eldigitaldeasturias.com\\\/noticias\\\/author\\\/admin\\\/#author\"},\"publisher\":{\"@id\":\"https:\\\/\\\/www.eldigitaldeasturias.com\\\/noticias\\\/#organization\"},\"image\":{\"@type\":\"ImageObject\",\"url\":\"https:\\\/\\\/www.eldigitaldeasturias.com\\\/noticias\\\/wp-content\\\/uploads\\\/2026\\\/06\\\/Contenidos.jpg\",\"width\":1265,\"height\":697,\"caption\":\"Contenidos\"},\"datePublished\":\"2014-01-31T10:42:15+01:00\",\"dateModified\":\"2014-01-31T10:42:15+01:00\",\"inLanguage\":\"es-ES\",\"mainEntityOfPage\":{\"@id\":\"https:\\\/\\\/www.eldigitaldeasturias.com\\\/noticias\\\/el-colectivo-de-presos-de-eta-ve-al-gobierno-espanol-solo-con-su-violencia\\\/#webpage\"},\"isPartOf\":{\"@id\":\"https:\\\/\\\/www.eldigitaldeasturias.com\\\/noticias\\\/el-colectivo-de-presos-de-eta-ve-al-gobierno-espanol-solo-con-su-violencia\\\/#webpage\"},\"articleSection\":\"Actualidad\"},{\"@type\":\"BreadcrumbList\",\"@id\":\"https:\\\/\\\/www.eldigitaldeasturias.com\\\/noticias\\\/el-colectivo-de-presos-de-eta-ve-al-gobierno-espanol-solo-con-su-violencia\\\/#breadcrumblist\",\"itemListElement\":[{\"@type\":\"ListItem\",\"@id\":\"https:\\\/\\\/www.eldigitaldeasturias.com\\\/noticias#listItem\",\"position\":1,\"name\":\"Home\",\"item\":\"https:\\\/\\\/www.eldigitaldeasturias.com\\\/noticias\",\"nextItem\":{\"@type\":\"ListItem\",\"@id\":\"https:\\\/\\\/www.eldigitaldeasturias.com\\\/noticias\\\/category\\\/actualidad\\\/#listItem\",\"name\":\"Actualidad\"}},{\"@type\":\"ListItem\",\"@id\":\"https:\\\/\\\/www.eldigitaldeasturias.com\\\/noticias\\\/category\\\/actualidad\\\/#listItem\",\"position\":2,\"name\":\"Actualidad\",\"item\":\"https:\\\/\\\/www.eldigitaldeasturias.com\\\/noticias\\\/category\\\/actualidad\\\/\",\"nextItem\":{\"@type\":\"ListItem\",\"@id\":\"https:\\\/\\\/www.eldigitaldeasturias.com\\\/noticias\\\/el-colectivo-de-presos-de-eta-ve-al-gobierno-espanol-solo-con-su-violencia\\\/#listItem\",\"name\":\"El colectivo de presos de ETA ve al Gobierno espa\\u00f1ol \\u00absolo con su violencia\\u00bb\"},\"previousItem\":{\"@type\":\"ListItem\",\"@id\":\"https:\\\/\\\/www.eldigitaldeasturias.com\\\/noticias#listItem\",\"name\":\"Home\"}},{\"@type\":\"ListItem\",\"@id\":\"https:\\\/\\\/www.eldigitaldeasturias.com\\\/noticias\\\/el-colectivo-de-presos-de-eta-ve-al-gobierno-espanol-solo-con-su-violencia\\\/#listItem\",\"position\":3,\"name\":\"El colectivo de presos de ETA ve al Gobierno espa\\u00f1ol \\u00absolo con su violencia\\u00bb\",\"previousItem\":{\"@type\":\"ListItem\",\"@id\":\"https:\\\/\\\/www.eldigitaldeasturias.com\\\/noticias\\\/category\\\/actualidad\\\/#listItem\",\"name\":\"Actualidad\"}}]},{\"@type\":\"Organization\",\"@id\":\"https:\\\/\\\/www.eldigitaldeasturias.com\\\/noticias\\\/#organization\",\"name\":\"El Digital de Asturias\",\"description\":\"Hemeroteca\",\"url\":\"https:\\\/\\\/www.eldigitaldeasturias.com\\\/noticias\\\/\",\"email\":\"info@eldigitaldeasturias.com\",\"telephone\":\"+34652131393\",\"logo\":{\"@type\":\"ImageObject\",\"url\":\"https:\\\/\\\/www.eldigitaldeasturias.com\\\/noticias\\\/wp-content\\\/uploads\\\/2020\\\/12\\\/EDA.jpg\",\"@id\":\"https:\\\/\\\/www.eldigitaldeasturias.com\\\/noticias\\\/el-colectivo-de-presos-de-eta-ve-al-gobierno-espanol-solo-con-su-violencia\\\/#organizationLogo\"},\"image\":{\"@id\":\"https:\\\/\\\/www.eldigitaldeasturias.com\\\/noticias\\\/el-colectivo-de-presos-de-eta-ve-al-gobierno-espanol-solo-con-su-violencia\\\/#organizationLogo\"},\"sameAs\":[\"https:\\\/\\\/facebook.com\\\/eldigitaldeasturias\",\"https:\\\/\\\/www.youtube.com\\\/channel\\\/UCZP-2wLEB9Rv6erhFmqVnvg\"],\"address\":{\"@id\":\"https:\\\/\\\/www.eldigitaldeasturias.com\\\/noticias\\\/#postaladdress\",\"@type\":\"PostalAddress\",\"streetAddress\":\"san antonio 4\",\"postalCode\":\"33430\",\"addressLocality\":\"Cand\\u00e1s\",\"addressRegion\":\"Asturias\",\"addressCountry\":\"ES\"}},{\"@type\":\"Person\",\"@id\":\"https:\\\/\\\/www.eldigitaldeasturias.com\\\/noticias\\\/author\\\/admin\\\/#author\",\"url\":\"https:\\\/\\\/www.eldigitaldeasturias.com\\\/noticias\\\/author\\\/admin\\\/\",\"name\":\"El Digital de Asturias\",\"image\":{\"@type\":\"ImageObject\",\"@id\":\"https:\\\/\\\/www.eldigitaldeasturias.com\\\/noticias\\\/el-colectivo-de-presos-de-eta-ve-al-gobierno-espanol-solo-con-su-violencia\\\/#authorImage\",\"url\":\"https:\\\/\\\/secure.gravatar.com\\\/avatar\\\/df2aeffc32bcd13f8d26072ef8a91b623d677766deac7f97ca815868cd41bf5e?s=96&d=mm&r=g\",\"width\":96,\"height\":96,\"caption\":\"El Digital de Asturias\"}},{\"@type\":\"WebPage\",\"@id\":\"https:\\\/\\\/www.eldigitaldeasturias.com\\\/noticias\\\/el-colectivo-de-presos-de-eta-ve-al-gobierno-espanol-solo-con-su-violencia\\\/#webpage\",\"url\":\"https:\\\/\\\/www.eldigitaldeasturias.com\\\/noticias\\\/el-colectivo-de-presos-de-eta-ve-al-gobierno-espanol-solo-con-su-violencia\\\/\",\"name\":\"El colectivo de presos de ETA ve al Gobierno espa\\u00f1ol \\u00absolo con su violencia\\u00bb - El Digital de Asturias\",\"description\":\"Madrid, 31 ene (EFE).- El colectivo de presos de ETA (EPPK por sus siglas en euskera) ha difundido un comunicado recogido hoy por el diario GARA en el que asegura que el Gobierno espa\\u00f1ol \\\"est\\u00e1 solo con su violencia\\\". \\\"La redada que ha derivado en el encarcelamiento de ocho personas que ejerc\\u00edan funciones de mediaci\\u00f3n\",\"inLanguage\":\"es-ES\",\"isPartOf\":{\"@id\":\"https:\\\/\\\/www.eldigitaldeasturias.com\\\/noticias\\\/#website\"},\"breadcrumb\":{\"@id\":\"https:\\\/\\\/www.eldigitaldeasturias.com\\\/noticias\\\/el-colectivo-de-presos-de-eta-ve-al-gobierno-espanol-solo-con-su-violencia\\\/#breadcrumblist\"},\"author\":{\"@id\":\"https:\\\/\\\/www.eldigitaldeasturias.com\\\/noticias\\\/author\\\/admin\\\/#author\"},\"creator\":{\"@id\":\"https:\\\/\\\/www.eldigitaldeasturias.com\\\/noticias\\\/author\\\/admin\\\/#author\"},\"image\":{\"@type\":\"ImageObject\",\"url\":\"https:\\\/\\\/www.eldigitaldeasturias.com\\\/noticias\\\/wp-content\\\/uploads\\\/2026\\\/06\\\/Contenidos.jpg\",\"@id\":\"https:\\\/\\\/www.eldigitaldeasturias.com\\\/noticias\\\/el-colectivo-de-presos-de-eta-ve-al-gobierno-espanol-solo-con-su-violencia\\\/#mainImage\",\"width\":1265,\"height\":697,\"caption\":\"Contenidos\"},\"primaryImageOfPage\":{\"@id\":\"https:\\\/\\\/www.eldigitaldeasturias.com\\\/noticias\\\/el-colectivo-de-presos-de-eta-ve-al-gobierno-espanol-solo-con-su-violencia\\\/#mainImage\"},\"datePublished\":\"2014-01-31T10:42:15+01:00\",\"dateModified\":\"2014-01-31T10:42:15+01:00\"},{\"@type\":\"WebSite\",\"@id\":\"https:\\\/\\\/www.eldigitaldeasturias.com\\\/noticias\\\/#website\",\"url\":\"https:\\\/\\\/www.eldigitaldeasturias.com\\\/noticias\\\/\",\"name\":\"El Digital de Asturias - Diario de actualidad y noticias\",\"alternateName\":\"El Digital de Asturias - Diario de actualidad y noticias\",\"description\":\"Hemeroteca\",\"inLanguage\":\"es-ES\",\"publisher\":{\"@id\":\"https:\\\/\\\/www.eldigitaldeasturias.com\\\/noticias\\\/#organization\"}}]}\n\t\t<\/script>\n\t\t<!-- All in One SEO Pro -->\r\n\t\t<title>El colectivo de presos de ETA ve al Gobierno espa\u00f1ol \u00absolo con su violencia\u00bb - El Digital de Asturias<\/title>\n\n","aioseo_head_json":{"title":"El colectivo de presos de ETA ve al Gobierno espa\u00f1ol \u00absolo con su violencia\u00bb - El Digital de Asturias","description":"Madrid, 31 ene (EFE).- El colectivo de presos de ETA (EPPK por sus siglas en euskera) ha difundido un comunicado recogido hoy por el diario GARA en el que asegura que el Gobierno espa\u00f1ol \"est\u00e1 solo con su violencia\". \"La redada que ha derivado en el encarcelamiento de ocho personas que ejerc\u00edan funciones de mediaci\u00f3n","canonical_url":"https:\/\/www.eldigitaldeasturias.com\/noticias\/el-colectivo-de-presos-de-eta-ve-al-gobierno-espanol-solo-con-su-violencia\/","robots":"max-image-preview:large","keywords":"actualidad","webmasterTools":{"google-site-verification":"UA-38556648-1","msvalidate.01":"7dfe9f3f1b24437ab69f4f2559babe99","miscellaneous":""},"schema":{"@context":"https:\/\/schema.org","@graph":[{"@type":"BlogPosting","@id":"https:\/\/www.eldigitaldeasturias.com\/noticias\/el-colectivo-de-presos-de-eta-ve-al-gobierno-espanol-solo-con-su-violencia\/#blogposting","name":"El colectivo de presos de ETA ve al Gobierno espa\u00f1ol \u00absolo con su violencia\u00bb - El Digital de Asturias","headline":"El colectivo de presos de ETA ve al Gobierno espa\u00f1ol \u00absolo con su violencia\u00bb","author":{"@id":"https:\/\/www.eldigitaldeasturias.com\/noticias\/author\/admin\/#author"},"publisher":{"@id":"https:\/\/www.eldigitaldeasturias.com\/noticias\/#organization"},"image":{"@type":"ImageObject","url":"https:\/\/www.eldigitaldeasturias.com\/noticias\/wp-content\/uploads\/2026\/06\/Contenidos.jpg","width":1265,"height":697,"caption":"Contenidos"},"datePublished":"2014-01-31T10:42:15+01:00","dateModified":"2014-01-31T10:42:15+01:00","inLanguage":"es-ES","mainEntityOfPage":{"@id":"https:\/\/www.eldigitaldeasturias.com\/noticias\/el-colectivo-de-presos-de-eta-ve-al-gobierno-espanol-solo-con-su-violencia\/#webpage"},"isPartOf":{"@id":"https:\/\/www.eldigitaldeasturias.com\/noticias\/el-colectivo-de-presos-de-eta-ve-al-gobierno-espanol-solo-con-su-violencia\/#webpage"},"articleSection":"Actualidad"},{"@type":"BreadcrumbList","@id":"https:\/\/www.eldigitaldeasturias.com\/noticias\/el-colectivo-de-presos-de-eta-ve-al-gobierno-espanol-solo-con-su-violencia\/#breadcrumblist","itemListElement":[{"@type":"ListItem","@id":"https:\/\/www.eldigitaldeasturias.com\/noticias#listItem","position":1,"name":"Home","item":"https:\/\/www.eldigitaldeasturias.com\/noticias","nextItem":{"@type":"ListItem","@id":"https:\/\/www.eldigitaldeasturias.com\/noticias\/category\/actualidad\/#listItem","name":"Actualidad"}},{"@type":"ListItem","@id":"https:\/\/www.eldigitaldeasturias.com\/noticias\/category\/actualidad\/#listItem","position":2,"name":"Actualidad","item":"https:\/\/www.eldigitaldeasturias.com\/noticias\/category\/actualidad\/","nextItem":{"@type":"ListItem","@id":"https:\/\/www.eldigitaldeasturias.com\/noticias\/el-colectivo-de-presos-de-eta-ve-al-gobierno-espanol-solo-con-su-violencia\/#listItem","name":"El colectivo de presos de ETA ve al Gobierno espa\u00f1ol \u00absolo con su violencia\u00bb"},"previousItem":{"@type":"ListItem","@id":"https:\/\/www.eldigitaldeasturias.com\/noticias#listItem","name":"Home"}},{"@type":"ListItem","@id":"https:\/\/www.eldigitaldeasturias.com\/noticias\/el-colectivo-de-presos-de-eta-ve-al-gobierno-espanol-solo-con-su-violencia\/#listItem","position":3,"name":"El colectivo de presos de ETA ve al Gobierno espa\u00f1ol \u00absolo con su violencia\u00bb","previousItem":{"@type":"ListItem","@id":"https:\/\/www.eldigitaldeasturias.com\/noticias\/category\/actualidad\/#listItem","name":"Actualidad"}}]},{"@type":"Organization","@id":"https:\/\/www.eldigitaldeasturias.com\/noticias\/#organization","name":"El Digital de Asturias","description":"Hemeroteca","url":"https:\/\/www.eldigitaldeasturias.com\/noticias\/","email":"info@eldigitaldeasturias.com","telephone":"+34652131393","logo":{"@type":"ImageObject","url":"https:\/\/www.eldigitaldeasturias.com\/noticias\/wp-content\/uploads\/2020\/12\/EDA.jpg","@id":"https:\/\/www.eldigitaldeasturias.com\/noticias\/el-colectivo-de-presos-de-eta-ve-al-gobierno-espanol-solo-con-su-violencia\/#organizationLogo"},"image":{"@id":"https:\/\/www.eldigitaldeasturias.com\/noticias\/el-colectivo-de-presos-de-eta-ve-al-gobierno-espanol-solo-con-su-violencia\/#organizationLogo"},"sameAs":["https:\/\/facebook.com\/eldigitaldeasturias","https:\/\/www.youtube.com\/channel\/UCZP-2wLEB9Rv6erhFmqVnvg"],"address":{"@id":"https:\/\/www.eldigitaldeasturias.com\/noticias\/#postaladdress","@type":"PostalAddress","streetAddress":"san antonio 4","postalCode":"33430","addressLocality":"Cand\u00e1s","addressRegion":"Asturias","addressCountry":"ES"}},{"@type":"Person","@id":"https:\/\/www.eldigitaldeasturias.com\/noticias\/author\/admin\/#author","url":"https:\/\/www.eldigitaldeasturias.com\/noticias\/author\/admin\/","name":"El Digital de Asturias","image":{"@type":"ImageObject","@id":"https:\/\/www.eldigitaldeasturias.com\/noticias\/el-colectivo-de-presos-de-eta-ve-al-gobierno-espanol-solo-con-su-violencia\/#authorImage","url":"https:\/\/secure.gravatar.com\/avatar\/df2aeffc32bcd13f8d26072ef8a91b623d677766deac7f97ca815868cd41bf5e?s=96&d=mm&r=g","width":96,"height":96,"caption":"El Digital de Asturias"}},{"@type":"WebPage","@id":"https:\/\/www.eldigitaldeasturias.com\/noticias\/el-colectivo-de-presos-de-eta-ve-al-gobierno-espanol-solo-con-su-violencia\/#webpage","url":"https:\/\/www.eldigitaldeasturias.com\/noticias\/el-colectivo-de-presos-de-eta-ve-al-gobierno-espanol-solo-con-su-violencia\/","name":"El colectivo de presos de ETA ve al Gobierno espa\u00f1ol \u00absolo con su violencia\u00bb - El Digital de Asturias","description":"Madrid, 31 ene (EFE).- El colectivo de presos de ETA (EPPK por sus siglas en euskera) ha difundido un comunicado recogido hoy por el diario GARA en el que asegura que el Gobierno espa\u00f1ol \"est\u00e1 solo con su violencia\". \"La redada que ha derivado en el encarcelamiento de ocho personas que ejerc\u00edan funciones de mediaci\u00f3n","inLanguage":"es-ES","isPartOf":{"@id":"https:\/\/www.eldigitaldeasturias.com\/noticias\/#website"},"breadcrumb":{"@id":"https:\/\/www.eldigitaldeasturias.com\/noticias\/el-colectivo-de-presos-de-eta-ve-al-gobierno-espanol-solo-con-su-violencia\/#breadcrumblist"},"author":{"@id":"https:\/\/www.eldigitaldeasturias.com\/noticias\/author\/admin\/#author"},"creator":{"@id":"https:\/\/www.eldigitaldeasturias.com\/noticias\/author\/admin\/#author"},"image":{"@type":"ImageObject","url":"https:\/\/www.eldigitaldeasturias.com\/noticias\/wp-content\/uploads\/2026\/06\/Contenidos.jpg","@id":"https:\/\/www.eldigitaldeasturias.com\/noticias\/el-colectivo-de-presos-de-eta-ve-al-gobierno-espanol-solo-con-su-violencia\/#mainImage","width":1265,"height":697,"caption":"Contenidos"},"primaryImageOfPage":{"@id":"https:\/\/www.eldigitaldeasturias.com\/noticias\/el-colectivo-de-presos-de-eta-ve-al-gobierno-espanol-solo-con-su-violencia\/#mainImage"},"datePublished":"2014-01-31T10:42:15+01:00","dateModified":"2014-01-31T10:42:15+01:00"},{"@type":"WebSite","@id":"https:\/\/www.eldigitaldeasturias.com\/noticias\/#website","url":"https:\/\/www.eldigitaldeasturias.com\/noticias\/","name":"El Digital de Asturias - Diario de actualidad y noticias","alternateName":"El Digital de Asturias - Diario de actualidad y noticias","description":"Hemeroteca","inLanguage":"es-ES","publisher":{"@id":"https:\/\/www.eldigitaldeasturias.com\/noticias\/#organization"}}]},"og:locale":"es_ES","og:site_name":"El Digital de Asturias","og:type":"article","og:title":"El colectivo de presos de ETA ve al Gobierno espa\u00f1ol \u00absolo con su violencia\u00bb - El Digital de Asturias","og:description":"Madrid, 31 ene (EFE).- El colectivo de presos de ETA (EPPK por sus siglas en euskera) ha difundido un comunicado recogido hoy por el diario GARA en el que asegura que el Gobierno espa\u00f1ol &quot;est\u00e1 solo con su violencia&quot;. &quot;La redada que ha derivado en el encarcelamiento de ocho personas que ejerc\u00edan funciones de mediaci\u00f3n","og:url":"https:\/\/www.eldigitaldeasturias.com\/noticias\/el-colectivo-de-presos-de-eta-ve-al-gobierno-espanol-solo-con-su-violencia\/","og:image":"https:\/\/www.eldigitaldeasturias.com\/noticias\/wp-content\/uploads\/2026\/06\/Contenidos.jpg","og:image:secure_url":"https:\/\/www.eldigitaldeasturias.com\/noticias\/wp-content\/uploads\/2026\/06\/Contenidos.jpg","og:image:width":1265,"og:image:height":697,"article:tag":["actualidad"],"article:published_time":"2014-01-31T11:42:15+00:00","article:modified_time":"2014-01-31T11:42:15+00:00","article:publisher":"https:\/\/facebook.com\/eldigitaldeasturias","twitter:card":"summary_large_image","twitter:title":"El colectivo de presos de ETA ve al Gobierno espa\u00f1ol \u00absolo con su violencia\u00bb - El Digital de Asturias","twitter:description":"Madrid, 31 ene (EFE).- El colectivo de presos de ETA (EPPK por sus siglas en euskera) ha difundido un comunicado recogido hoy por el diario GARA en el que asegura que el Gobierno espa\u00f1ol &quot;est\u00e1 solo con su violencia&quot;. &quot;La redada que ha derivado en el encarcelamiento de ocho personas que ejerc\u00edan funciones de mediaci\u00f3n","twitter:image":"https:\/\/www.eldigitaldeasturias.com\/noticias\/wp-content\/uploads\/2026\/06\/Contenidos.jpg","twitter:label1":"Escrito por","twitter:data1":"El Digital de Asturias","twitter:label2":"Tiempo de lectura estimado","twitter:data2":"3 minutos"},"aioseo_meta_data":{"post_id":"480891","title":null,"description":null,"keywords":null,"keyphrases":null,"primary_term":null,"canonical_url":null,"og_title":null,"og_description":null,"og_object_type":"default","og_image_type":"default","og_image_url":null,"og_image_width":null,"og_image_height":null,"og_image_custom_url":null,"og_image_custom_fields":null,"og_video":null,"og_custom_url":null,"og_article_section":null,"og_article_tags":null,"twitter_use_og":true,"twitter_card":"default","twitter_image_type":"default","twitter_image_url":null,"twitter_image_custom_url":null,"twitter_image_custom_fields":null,"twitter_title":null,"twitter_description":null,"schema":{"blockGraphs":[],"customGraphs":[],"default":{"data":{"Article":[],"Course":[],"Dataset":[],"FAQPage":[],"Movie":[],"Person":[],"Product":[],"ProductReview":[],"Car":[],"Recipe":[],"Service":[],"SoftwareApplication":[],"WebPage":[]},"graphName":"","isEnabled":true},"graphs":[],"defaultGraph":"","defaultPostTypeGraph":""},"schema_type":null,"schema_type_options":null,"pillar_content":false,"robots_default":true,"robots_noindex":false,"robots_noarchive":false,"robots_nosnippet":false,"robots_nofollow":false,"robots_noimageindex":false,"robots_noodp":false,"robots_notranslate":false,"robots_max_snippet":null,"robots_max_videopreview":null,"robots_max_imagepreview":"none","priority":null,"frequency":null,"local_seo":null,"seo_analyzer_scan_date":"2026-06-02 05:07:57","breadcrumb_settings":null,"limit_modified_date":false,"open_ai":null,"ai":null,"created":"2020-11-14 22:54:15","updated":"2026-06-02 05:07:57","focus_keyword":null,"additional_keywords":null,"truseo_locale":null},"aioseo_breadcrumb":"<div class=\"aioseo-breadcrumbs\"><span class=\"aioseo-breadcrumb\">\n\t<a href=\"https:\/\/www.eldigitaldeasturias.com\/noticias\" title=\"Home\">Home<\/a>\n<\/span><span class=\"aioseo-breadcrumb-separator\">\u2013<\/span><span class=\"aioseo-breadcrumb\">\n\t<a href=\"https:\/\/www.eldigitaldeasturias.com\/noticias\/category\/actualidad\/\" title=\"Actualidad\">Actualidad<\/a>\n<\/span><span class=\"aioseo-breadcrumb-separator\">\u2013<\/span><span class=\"aioseo-breadcrumb\">\n\t<a href=\"https:\/\/www.eldigitaldeasturias.com\/noticias\/el-colectivo-de-presos-de-eta-ve-al-gobierno-espanol-solo-con-su-violencia\/\" title=\"El colectivo de presos de ETA ve al Gobierno espa\u00f1ol \u00absolo con su violencia\u00bb\">El colectivo de presos de ETA ve al Gobierno espa\u00f1ol \u00absolo con su violencia\u00bb<\/a>\n<\/span><\/div>","aioseo_breadcrumb_json":[{"label":"Home","link":"https:\/\/www.eldigitaldeasturias.com\/noticias"},{"label":"Actualidad","link":"https:\/\/www.eldigitaldeasturias.com\/noticias\/category\/actualidad\/"},{"label":"El colectivo de presos de ETA ve al Gobierno espa\u00f1ol \u00absolo con su violencia\u00bb","link":"https:\/\/www.eldigitaldeasturias.com\/noticias\/el-colectivo-de-presos-de-eta-ve-al-gobierno-espanol-solo-con-su-violencia\/"}],"_links":{"self":[{"href":"https:\/\/www.eldigitaldeasturias.com\/noticias\/wp-json\/wp\/v2\/posts\/480891","targetHints":{"allow":["GET"]}}],"collection":[{"href":"https:\/\/www.eldigitaldeasturias.com\/noticias\/wp-json\/wp\/v2\/posts"}],"about":[{"href":"https:\/\/www.eldigitaldeasturias.com\/noticias\/wp-json\/wp\/v2\/types\/post"}],"author":[{"embeddable":true,"href":"https:\/\/www.eldigitaldeasturias.com\/noticias\/wp-json\/wp\/v2\/users\/1"}],"replies":[{"embeddable":true,"href":"https:\/\/www.eldigitaldeasturias.com\/noticias\/wp-json\/wp\/v2\/comments?post=480891"}],"version-history":[{"count":0,"href":"https:\/\/www.eldigitaldeasturias.com\/noticias\/wp-json\/wp\/v2\/posts\/480891\/revisions"}],"wp:featuredmedia":[{"embeddable":true,"href":"https:\/\/www.eldigitaldeasturias.com\/noticias\/wp-json\/wp\/v2\/media\/1132184"}],"wp:attachment":[{"href":"https:\/\/www.eldigitaldeasturias.com\/noticias\/wp-json\/wp\/v2\/media?parent=480891"}],"wp:term":[{"taxonomy":"category","embeddable":true,"href":"https:\/\/www.eldigitaldeasturias.com\/noticias\/wp-json\/wp\/v2\/categories?post=480891"},{"taxonomy":"post_tag","embeddable":true,"href":"https:\/\/www.eldigitaldeasturias.com\/noticias\/wp-json\/wp\/v2\/tags?post=480891"}],"curies":[{"name":"wp","href":"https:\/\/api.w.org\/{rel}","templated":true}]}}