{"id":480858,"date":"2014-01-31T00:47:11","date_gmt":"2014-01-31T01:47:11","guid":{"rendered":"http:\/\/www.eldigitaldeasturias.com\/noticias\/?p=480858"},"modified":"2014-01-31T00:47:11","modified_gmt":"2014-01-31T01:47:11","slug":"el-principe-celebra-su-cumpleanos-muy-bien-acompanado-por-los-paracaidistas","status":"publish","type":"post","link":"https:\/\/www.eldigitaldeasturias.com\/noticias\/el-principe-celebra-su-cumpleanos-muy-bien-acompanado-por-los-paracaidistas\/","title":{"rendered":"El Pr\u00edncipe celebra su cumplea\u00f1os \u00abmuy bien acompa\u00f1ado\u00bb por los paracaidistas"},"content":{"rendered":"<p><img loading=\"lazy\" decoding=\"async\" class=\"alignleft size-medium wp-image-480859\" alt=\"5892011w\" src=\"https:\/\/www.eldigitaldeasturias.com\/noticias\/wp-content\/uploads\/2014\/01\/5892011w-360x246.jpg\" width=\"360\" height=\"246\" \/>Paracuellos del Jarama (Madrid), 30 ene (EFE).- El Pr\u00edncipe de Asturias ha pasado la ma\u00f1ana del d\u00eda de su cumplea\u00f1os \u00abmuy bien acompa\u00f1ado\u00bb, seg\u00fan ha dicho \u00e9l mismo, junto a los caballeros legionarios de la Brigada Paracaidista \u00abAlmog\u00e1vares VI\u00bb (Bripac), cuya base en Paracuellos del Jarama ha visitado por vez primera.<\/p>\n<p>Aunque no ha habido tarta, don Felipe s\u00ed ha sido agasajado en su aniversario, primero por los periodistas -con silbido incluido de la melod\u00eda del \u00abcumplea\u00f1os feliz\u00bb- mientras se retrataba con sus anfitriones al t\u00e9rmino de la visita.<\/p>\n<p>Despu\u00e9s, durante un vino de honor, por el general responsable de la brigada, Juan Cifuentes \u00c1lvarez, que en nombre de la unidad le han regalado una equipaci\u00f3n deportiva de \u00abparacas\u00bb, negra y con los emblemas y el nombre bordados, y un cuadro con im\u00e1genes de sus visitas a unidades del Ej\u00e9rcito de Tierra.<\/p>\n<p>Con buen humor, el Heredero de la Corona ha respondido a una periodista que le ha preguntado si alg\u00fan d\u00eda se le ver\u00eda saltar en paraca\u00eddas invitando a \u00abtodos\u00bb los informadores presentes a acompa\u00f1arle en la experiencia.<\/p>\n<p>De hecho, el coronel Alejandro Esc\u00e1mez, segundo jefe de la BRIPAC, hab\u00eda asegurado a la prensa que el Pr\u00edncipe \u00abest\u00e1 dispuesto a saltar, primero en t\u00e1ndem, y despu\u00e9s solo; su Alteza siempre se presta a cualquier actividad que se le proponga\u00bb.<\/p>\n<p>Este mando ha agradecido que hubiera elegido el d\u00eda de su 46 cumplea\u00f1os para conocer de cerca el funcionamiento de la brigada, y coincidiendo con el 60 aniversario del primer salto en paraca\u00eddas de unidades del Ej\u00e9rcito de Tierra, el 23 de febrero de 1954, en los or\u00edgenes de la unidad.<\/p>\n<p>El Pr\u00edncipe, que por lo dem\u00e1s celebrar\u00e1 hoy \u00aben privado\u00bb, seg\u00fan fuentes de Zarzuela, su cumplea\u00f1os, ha hecho un completo recorrido por las instalaciones de la Bripac, consideradas las m\u00e1s modernas y equipadas del Ej\u00e9rcito de Tierra, junto al jefe del Estado Mayor del Ej\u00e9rcito (JEME), general Jaime Dom\u00ednguez Buj, al general Cifuentes y otros mandos.<\/p>\n<p>Se trataba, seg\u00fan el coronel Esc\u00e1mez, de que pudiera comprobar la evoluci\u00f3n de las capacidades que tiene esta unidad, con muy diversos recursos y unos medios para el adiestramiento especialmente avanzados, como los simuladores de salto en paraca\u00eddas, que han concitado especial inter\u00e9s en el Heredero de la Corona.<\/p>\n<p>Don Felipe, vestido con uniforme de instrucci\u00f3n de teniente coronel del Ej\u00e9rcito de Tierra, y tocado con la boina azul de la Guardia Real, ha sido recibido en el patio de armas de la base con las 19 salvas de ordenanza y la interpretaci\u00f3n del himno nacional.<\/p>\n<p>Tras pasar revista a una bater\u00eda de paracaidistas y recibir informaci\u00f3n sobre la Bripac, que cuenta con 2.450 efectivos -el seis por ciento mujeres- ha accedido al polideportivo donde los soldados cumplen con su duro entrenamiento f\u00edsico diario, para despu\u00e9s visitar una exposici\u00f3n al aire libre de material, con armamento, veh\u00edculos, equipos de transmisiones, observaci\u00f3n y camuflaje.<\/p>\n<p>Una demostraci\u00f3n de combate, a cargo de una secci\u00f3n de fusiles, ha proporcionado las im\u00e1genes m\u00e1s realistas sobre la capacidad de los paracaidistas sobre el terreno.<\/p>\n<p>Los soldados han asaltado un edificio, en un simulacro de rescate, con disparos, botes de humo, explosiones, v\u00edctimas simuladas y evacuaci\u00f3n de bajas con ayuda de veh\u00edculos blindados.<\/p>\n<p>La Bripac cuenta con unos simuladores de lanzamiento que cuentan entre los m\u00e1s sofisticado del mundo; se trata de unas plataformas situadas a gran altura desde las que los \u00abparacas\u00bb saltan, sujetos por sus arneses, de forma que pueden sentir la misma fuerza que experimentan al tocar suelo.<\/p>\n<p>Tras ver a los soldados entrenarse con estos dispositivos, el Pr\u00edncipe ha asistido a una demostraci\u00f3n de los artificieros, con manejo remoto de un robot de 400 kilos de peso en un campo de minas simulado, una labor de la que la Bripac tiene nutrida experiencia, como demuestra una mina desactivada en 1999 en Bosnia con 2.600 kilos de explosivo que se exhibe en esta base de Paracuellos.<\/p>\n<p>Para completar su recorrido por el \u00abd\u00eda a d\u00eda\u00bb del millar de paracaidistas que alberga el recinto, se ha mostrado a don Felipe la \u00absala de plegados\u00bb, donde los militares preparan su material de salto en unas largas mesas; logran guardar en una bolsa los 89 metros cuadrados de tela que mide cada paraca\u00eddas (52 metros cuadrados el de reserva).<\/p>\n<p>Una exhibici\u00f3n de saltos con lanzamientos desde helic\u00f3ptero y dos fotos de familia, con los mandos y con los paracaidistas que acababan de aterrizar en el patio de armas, han cerrado el acto oficial del d\u00eda del aniversario del Pr\u00edncipe, en el que, tal y como ha dicho mientras posaba, hab\u00eda estado \u00abmuy bien acompa\u00f1ado\u00bb.<\/p>\n","protected":false},"excerpt":{"rendered":"<p>Paracuellos del Jarama (Madrid), 30 ene (EFE).- El Pr\u00edncipe de Asturias ha pasado la ma\u00f1ana del d\u00eda de su cumplea\u00f1os \u00abmuy bien acompa\u00f1ado\u00bb, seg\u00fan ha dicho \u00e9l mismo, junto a los caballeros legionarios de la Brigada Paracaidista \u00abAlmog\u00e1vares VI\u00bb (Bripac), cuya base en Paracuellos del Jarama ha visitado por vez primera. Aunque no ha habido [&hellip;]<\/p>\n","protected":false},"author":1,"featured_media":1132184,"comment_status":"closed","ping_status":"open","sticky":false,"template":"","format":"standard","meta":{"footnotes":""},"categories":[1],"tags":[],"class_list":["post-480858","post","type-post","status-publish","format-standard","has-post-thumbnail","hentry","category-actualidad"],"aioseo_notices":[],"aioseo_head":"\n\t\t<!-- All in One SEO Pro 5.0.1 - aioseo.com -->\n\t<meta name=\"description\" content=\"Paracuellos del Jarama (Madrid), 30 ene (EFE).- El Pr\u00edncipe de Asturias ha pasado la ma\u00f1ana del d\u00eda de su cumplea\u00f1os &quot;muy bien acompa\u00f1ado&quot;, seg\u00fan ha dicho \u00e9l mismo, junto a los caballeros legionarios de la Brigada Paracaidista &quot;Almog\u00e1vares VI&quot; (Bripac), cuya base en Paracuellos del Jarama ha visitado por vez primera. Aunque no ha habido\" \/>\n\t<meta name=\"robots\" content=\"max-image-preview:large\" \/>\n\t<meta name=\"author\" content=\"El Digital de Asturias\"\/>\n\t<meta name=\"google-site-verification\" content=\"UA-38556648-1\" \/>\n\t<meta name=\"msvalidate.01\" content=\"7dfe9f3f1b24437ab69f4f2559babe99\" \/>\n\t<meta name=\"keywords\" content=\"actualidad\" \/>\n\t<link rel=\"canonical\" href=\"https:\/\/www.eldigitaldeasturias.com\/noticias\/el-principe-celebra-su-cumpleanos-muy-bien-acompanado-por-los-paracaidistas\/\" \/>\n\t<meta name=\"generator\" content=\"All in One SEO Pro (AIOSEO) 5.0.1\" \/>\n\t\t<meta property=\"og:locale\" content=\"es_ES\" \/>\n\t\t<meta property=\"og:site_name\" content=\"El Digital de Asturias\" \/>\n\t\t<meta property=\"og:type\" content=\"article\" \/>\n\t\t<meta property=\"og:title\" content=\"El Pr\u00edncipe celebra su cumplea\u00f1os \u00abmuy bien acompa\u00f1ado\u00bb por los paracaidistas - El Digital de Asturias\" \/>\n\t\t<meta property=\"og:description\" content=\"Paracuellos del Jarama (Madrid), 30 ene (EFE).- El Pr\u00edncipe de Asturias ha pasado la ma\u00f1ana del d\u00eda de su cumplea\u00f1os &quot;muy bien acompa\u00f1ado&quot;, seg\u00fan ha dicho \u00e9l mismo, junto a los caballeros legionarios de la Brigada Paracaidista &quot;Almog\u00e1vares VI&quot; (Bripac), cuya base en Paracuellos del Jarama ha visitado por vez primera. Aunque no ha habido\" \/>\n\t\t<meta property=\"og:url\" content=\"https:\/\/www.eldigitaldeasturias.com\/noticias\/el-principe-celebra-su-cumpleanos-muy-bien-acompanado-por-los-paracaidistas\/\" \/>\n\t\t<meta property=\"og:image\" content=\"https:\/\/www.eldigitaldeasturias.com\/noticias\/wp-content\/uploads\/2026\/06\/Contenidos.jpg\" \/>\n\t\t<meta property=\"og:image:secure_url\" content=\"https:\/\/www.eldigitaldeasturias.com\/noticias\/wp-content\/uploads\/2026\/06\/Contenidos.jpg\" \/>\n\t\t<meta property=\"og:image:width\" content=\"1265\" \/>\n\t\t<meta property=\"og:image:height\" content=\"697\" \/>\n\t\t<meta property=\"article:tag\" content=\"actualidad\" \/>\n\t\t<meta property=\"article:published_time\" content=\"2014-01-31T01:47:11+00:00\" \/>\n\t\t<meta property=\"article:modified_time\" content=\"2014-01-31T01:47:11+00:00\" \/>\n\t\t<meta property=\"article:publisher\" content=\"https:\/\/facebook.com\/eldigitaldeasturias\" \/>\n\t\t<meta name=\"twitter:card\" content=\"summary_large_image\" \/>\n\t\t<meta name=\"twitter:title\" content=\"El Pr\u00edncipe celebra su cumplea\u00f1os \u00abmuy bien acompa\u00f1ado\u00bb por los paracaidistas - El Digital de Asturias\" \/>\n\t\t<meta name=\"twitter:description\" content=\"Paracuellos del Jarama (Madrid), 30 ene (EFE).- El Pr\u00edncipe de Asturias ha pasado la ma\u00f1ana del d\u00eda de su cumplea\u00f1os &quot;muy bien acompa\u00f1ado&quot;, seg\u00fan ha dicho \u00e9l mismo, junto a los caballeros legionarios de la Brigada Paracaidista &quot;Almog\u00e1vares VI&quot; (Bripac), cuya base en Paracuellos del Jarama ha visitado por vez primera. Aunque no ha habido\" \/>\n\t\t<meta name=\"twitter:image\" content=\"https:\/\/www.eldigitaldeasturias.com\/noticias\/wp-content\/uploads\/2026\/06\/Contenidos.jpg\" \/>\n\t\t<meta name=\"twitter:label1\" content=\"Escrito por\" \/>\n\t\t<meta name=\"twitter:data1\" content=\"El Digital de Asturias\" \/>\n\t\t<meta name=\"twitter:label2\" content=\"Tiempo de lectura estimado\" \/>\n\t\t<meta name=\"twitter:data2\" content=\"4 minutos\" \/>\n\t\t<script type=\"application\/ld+json\" class=\"aioseo-schema\">\n\t\t\t{\"@context\":\"https:\\\/\\\/schema.org\",\"@graph\":[{\"@type\":\"BlogPosting\",\"@id\":\"https:\\\/\\\/www.eldigitaldeasturias.com\\\/noticias\\\/el-principe-celebra-su-cumpleanos-muy-bien-acompanado-por-los-paracaidistas\\\/#blogposting\",\"name\":\"El Pr\\u00edncipe celebra su cumplea\\u00f1os \\u00abmuy bien acompa\\u00f1ado\\u00bb por los paracaidistas - El Digital de Asturias\",\"headline\":\"El Pr\\u00edncipe celebra su cumplea\\u00f1os \\u00abmuy bien acompa\\u00f1ado\\u00bb por los paracaidistas\",\"author\":{\"@id\":\"https:\\\/\\\/www.eldigitaldeasturias.com\\\/noticias\\\/author\\\/admin\\\/#author\"},\"publisher\":{\"@id\":\"https:\\\/\\\/www.eldigitaldeasturias.com\\\/noticias\\\/#organization\"},\"image\":{\"@type\":\"ImageObject\",\"url\":\"https:\\\/\\\/www.eldigitaldeasturias.com\\\/noticias\\\/wp-content\\\/uploads\\\/2026\\\/06\\\/Contenidos.jpg\",\"width\":1265,\"height\":697,\"caption\":\"Contenidos\"},\"datePublished\":\"2014-01-31T00:47:11+01:00\",\"dateModified\":\"2014-01-31T00:47:11+01:00\",\"inLanguage\":\"es-ES\",\"mainEntityOfPage\":{\"@id\":\"https:\\\/\\\/www.eldigitaldeasturias.com\\\/noticias\\\/el-principe-celebra-su-cumpleanos-muy-bien-acompanado-por-los-paracaidistas\\\/#webpage\"},\"isPartOf\":{\"@id\":\"https:\\\/\\\/www.eldigitaldeasturias.com\\\/noticias\\\/el-principe-celebra-su-cumpleanos-muy-bien-acompanado-por-los-paracaidistas\\\/#webpage\"},\"articleSection\":\"Actualidad\"},{\"@type\":\"BreadcrumbList\",\"@id\":\"https:\\\/\\\/www.eldigitaldeasturias.com\\\/noticias\\\/el-principe-celebra-su-cumpleanos-muy-bien-acompanado-por-los-paracaidistas\\\/#breadcrumblist\",\"itemListElement\":[{\"@type\":\"ListItem\",\"@id\":\"https:\\\/\\\/www.eldigitaldeasturias.com\\\/noticias#listItem\",\"position\":1,\"name\":\"Home\",\"item\":\"https:\\\/\\\/www.eldigitaldeasturias.com\\\/noticias\",\"nextItem\":{\"@type\":\"ListItem\",\"@id\":\"https:\\\/\\\/www.eldigitaldeasturias.com\\\/noticias\\\/category\\\/actualidad\\\/#listItem\",\"name\":\"Actualidad\"}},{\"@type\":\"ListItem\",\"@id\":\"https:\\\/\\\/www.eldigitaldeasturias.com\\\/noticias\\\/category\\\/actualidad\\\/#listItem\",\"position\":2,\"name\":\"Actualidad\",\"item\":\"https:\\\/\\\/www.eldigitaldeasturias.com\\\/noticias\\\/category\\\/actualidad\\\/\",\"nextItem\":{\"@type\":\"ListItem\",\"@id\":\"https:\\\/\\\/www.eldigitaldeasturias.com\\\/noticias\\\/el-principe-celebra-su-cumpleanos-muy-bien-acompanado-por-los-paracaidistas\\\/#listItem\",\"name\":\"El Pr\\u00edncipe celebra su cumplea\\u00f1os \\u00abmuy bien acompa\\u00f1ado\\u00bb por los paracaidistas\"},\"previousItem\":{\"@type\":\"ListItem\",\"@id\":\"https:\\\/\\\/www.eldigitaldeasturias.com\\\/noticias#listItem\",\"name\":\"Home\"}},{\"@type\":\"ListItem\",\"@id\":\"https:\\\/\\\/www.eldigitaldeasturias.com\\\/noticias\\\/el-principe-celebra-su-cumpleanos-muy-bien-acompanado-por-los-paracaidistas\\\/#listItem\",\"position\":3,\"name\":\"El Pr\\u00edncipe celebra su cumplea\\u00f1os \\u00abmuy bien acompa\\u00f1ado\\u00bb por los paracaidistas\",\"previousItem\":{\"@type\":\"ListItem\",\"@id\":\"https:\\\/\\\/www.eldigitaldeasturias.com\\\/noticias\\\/category\\\/actualidad\\\/#listItem\",\"name\":\"Actualidad\"}}]},{\"@type\":\"Organization\",\"@id\":\"https:\\\/\\\/www.eldigitaldeasturias.com\\\/noticias\\\/#organization\",\"name\":\"El Digital de Asturias\",\"description\":\"Hemeroteca\",\"url\":\"https:\\\/\\\/www.eldigitaldeasturias.com\\\/noticias\\\/\",\"email\":\"info@eldigitaldeasturias.com\",\"telephone\":\"+34652131393\",\"logo\":{\"@type\":\"ImageObject\",\"url\":\"https:\\\/\\\/www.eldigitaldeasturias.com\\\/noticias\\\/wp-content\\\/uploads\\\/2020\\\/12\\\/EDA.jpg\",\"@id\":\"https:\\\/\\\/www.eldigitaldeasturias.com\\\/noticias\\\/el-principe-celebra-su-cumpleanos-muy-bien-acompanado-por-los-paracaidistas\\\/#organizationLogo\"},\"image\":{\"@id\":\"https:\\\/\\\/www.eldigitaldeasturias.com\\\/noticias\\\/el-principe-celebra-su-cumpleanos-muy-bien-acompanado-por-los-paracaidistas\\\/#organizationLogo\"},\"sameAs\":[\"https:\\\/\\\/facebook.com\\\/eldigitaldeasturias\",\"https:\\\/\\\/www.youtube.com\\\/channel\\\/UCZP-2wLEB9Rv6erhFmqVnvg\"],\"address\":{\"@id\":\"https:\\\/\\\/www.eldigitaldeasturias.com\\\/noticias\\\/#postaladdress\",\"@type\":\"PostalAddress\",\"streetAddress\":\"san antonio 4\",\"postalCode\":\"33430\",\"addressLocality\":\"Cand\\u00e1s\",\"addressRegion\":\"Asturias\",\"addressCountry\":\"ES\"}},{\"@type\":\"Person\",\"@id\":\"https:\\\/\\\/www.eldigitaldeasturias.com\\\/noticias\\\/author\\\/admin\\\/#author\",\"url\":\"https:\\\/\\\/www.eldigitaldeasturias.com\\\/noticias\\\/author\\\/admin\\\/\",\"name\":\"El Digital de Asturias\",\"image\":{\"@type\":\"ImageObject\",\"@id\":\"https:\\\/\\\/www.eldigitaldeasturias.com\\\/noticias\\\/el-principe-celebra-su-cumpleanos-muy-bien-acompanado-por-los-paracaidistas\\\/#authorImage\",\"url\":\"https:\\\/\\\/secure.gravatar.com\\\/avatar\\\/df2aeffc32bcd13f8d26072ef8a91b623d677766deac7f97ca815868cd41bf5e?s=96&d=mm&r=g\",\"width\":96,\"height\":96,\"caption\":\"El Digital de Asturias\"}},{\"@type\":\"WebPage\",\"@id\":\"https:\\\/\\\/www.eldigitaldeasturias.com\\\/noticias\\\/el-principe-celebra-su-cumpleanos-muy-bien-acompanado-por-los-paracaidistas\\\/#webpage\",\"url\":\"https:\\\/\\\/www.eldigitaldeasturias.com\\\/noticias\\\/el-principe-celebra-su-cumpleanos-muy-bien-acompanado-por-los-paracaidistas\\\/\",\"name\":\"El Pr\\u00edncipe celebra su cumplea\\u00f1os \\u00abmuy bien acompa\\u00f1ado\\u00bb por los paracaidistas - El Digital de Asturias\",\"description\":\"Paracuellos del Jarama (Madrid), 30 ene (EFE).- El Pr\\u00edncipe de Asturias ha pasado la ma\\u00f1ana del d\\u00eda de su cumplea\\u00f1os \\\"muy bien acompa\\u00f1ado\\\", seg\\u00fan ha dicho \\u00e9l mismo, junto a los caballeros legionarios de la Brigada Paracaidista \\\"Almog\\u00e1vares VI\\\" (Bripac), cuya base en Paracuellos del Jarama ha visitado por vez primera. Aunque no ha habido\",\"inLanguage\":\"es-ES\",\"isPartOf\":{\"@id\":\"https:\\\/\\\/www.eldigitaldeasturias.com\\\/noticias\\\/#website\"},\"breadcrumb\":{\"@id\":\"https:\\\/\\\/www.eldigitaldeasturias.com\\\/noticias\\\/el-principe-celebra-su-cumpleanos-muy-bien-acompanado-por-los-paracaidistas\\\/#breadcrumblist\"},\"author\":{\"@id\":\"https:\\\/\\\/www.eldigitaldeasturias.com\\\/noticias\\\/author\\\/admin\\\/#author\"},\"creator\":{\"@id\":\"https:\\\/\\\/www.eldigitaldeasturias.com\\\/noticias\\\/author\\\/admin\\\/#author\"},\"image\":{\"@type\":\"ImageObject\",\"url\":\"https:\\\/\\\/www.eldigitaldeasturias.com\\\/noticias\\\/wp-content\\\/uploads\\\/2026\\\/06\\\/Contenidos.jpg\",\"@id\":\"https:\\\/\\\/www.eldigitaldeasturias.com\\\/noticias\\\/el-principe-celebra-su-cumpleanos-muy-bien-acompanado-por-los-paracaidistas\\\/#mainImage\",\"width\":1265,\"height\":697,\"caption\":\"Contenidos\"},\"primaryImageOfPage\":{\"@id\":\"https:\\\/\\\/www.eldigitaldeasturias.com\\\/noticias\\\/el-principe-celebra-su-cumpleanos-muy-bien-acompanado-por-los-paracaidistas\\\/#mainImage\"},\"datePublished\":\"2014-01-31T00:47:11+01:00\",\"dateModified\":\"2014-01-31T00:47:11+01:00\"},{\"@type\":\"WebSite\",\"@id\":\"https:\\\/\\\/www.eldigitaldeasturias.com\\\/noticias\\\/#website\",\"url\":\"https:\\\/\\\/www.eldigitaldeasturias.com\\\/noticias\\\/\",\"name\":\"El Digital de Asturias - Diario de actualidad y noticias\",\"alternateName\":\"El Digital de Asturias - Diario de actualidad y noticias\",\"description\":\"Hemeroteca\",\"inLanguage\":\"es-ES\",\"publisher\":{\"@id\":\"https:\\\/\\\/www.eldigitaldeasturias.com\\\/noticias\\\/#organization\"}}]}\n\t\t<\/script>\n\t\t<!-- All in One SEO Pro -->\r\n\t\t<title>El Pr\u00edncipe celebra su cumplea\u00f1os \u00abmuy bien acompa\u00f1ado\u00bb por los paracaidistas - El Digital de Asturias<\/title>\n\n","aioseo_head_json":{"title":"El Pr\u00edncipe celebra su cumplea\u00f1os \u00abmuy bien acompa\u00f1ado\u00bb por los paracaidistas - El Digital de Asturias","description":"Paracuellos del Jarama (Madrid), 30 ene (EFE).- El Pr\u00edncipe de Asturias ha pasado la ma\u00f1ana del d\u00eda de su cumplea\u00f1os \"muy bien acompa\u00f1ado\", seg\u00fan ha dicho \u00e9l mismo, junto a los caballeros legionarios de la Brigada Paracaidista \"Almog\u00e1vares VI\" (Bripac), cuya base en Paracuellos del Jarama ha visitado por vez primera. Aunque no ha habido","canonical_url":"https:\/\/www.eldigitaldeasturias.com\/noticias\/el-principe-celebra-su-cumpleanos-muy-bien-acompanado-por-los-paracaidistas\/","robots":"max-image-preview:large","keywords":"actualidad","webmasterTools":{"google-site-verification":"UA-38556648-1","msvalidate.01":"7dfe9f3f1b24437ab69f4f2559babe99","miscellaneous":""},"schema":{"@context":"https:\/\/schema.org","@graph":[{"@type":"BlogPosting","@id":"https:\/\/www.eldigitaldeasturias.com\/noticias\/el-principe-celebra-su-cumpleanos-muy-bien-acompanado-por-los-paracaidistas\/#blogposting","name":"El Pr\u00edncipe celebra su cumplea\u00f1os \u00abmuy bien acompa\u00f1ado\u00bb por los paracaidistas - El Digital de Asturias","headline":"El Pr\u00edncipe celebra su cumplea\u00f1os \u00abmuy bien acompa\u00f1ado\u00bb por los paracaidistas","author":{"@id":"https:\/\/www.eldigitaldeasturias.com\/noticias\/author\/admin\/#author"},"publisher":{"@id":"https:\/\/www.eldigitaldeasturias.com\/noticias\/#organization"},"image":{"@type":"ImageObject","url":"https:\/\/www.eldigitaldeasturias.com\/noticias\/wp-content\/uploads\/2026\/06\/Contenidos.jpg","width":1265,"height":697,"caption":"Contenidos"},"datePublished":"2014-01-31T00:47:11+01:00","dateModified":"2014-01-31T00:47:11+01:00","inLanguage":"es-ES","mainEntityOfPage":{"@id":"https:\/\/www.eldigitaldeasturias.com\/noticias\/el-principe-celebra-su-cumpleanos-muy-bien-acompanado-por-los-paracaidistas\/#webpage"},"isPartOf":{"@id":"https:\/\/www.eldigitaldeasturias.com\/noticias\/el-principe-celebra-su-cumpleanos-muy-bien-acompanado-por-los-paracaidistas\/#webpage"},"articleSection":"Actualidad"},{"@type":"BreadcrumbList","@id":"https:\/\/www.eldigitaldeasturias.com\/noticias\/el-principe-celebra-su-cumpleanos-muy-bien-acompanado-por-los-paracaidistas\/#breadcrumblist","itemListElement":[{"@type":"ListItem","@id":"https:\/\/www.eldigitaldeasturias.com\/noticias#listItem","position":1,"name":"Home","item":"https:\/\/www.eldigitaldeasturias.com\/noticias","nextItem":{"@type":"ListItem","@id":"https:\/\/www.eldigitaldeasturias.com\/noticias\/category\/actualidad\/#listItem","name":"Actualidad"}},{"@type":"ListItem","@id":"https:\/\/www.eldigitaldeasturias.com\/noticias\/category\/actualidad\/#listItem","position":2,"name":"Actualidad","item":"https:\/\/www.eldigitaldeasturias.com\/noticias\/category\/actualidad\/","nextItem":{"@type":"ListItem","@id":"https:\/\/www.eldigitaldeasturias.com\/noticias\/el-principe-celebra-su-cumpleanos-muy-bien-acompanado-por-los-paracaidistas\/#listItem","name":"El Pr\u00edncipe celebra su cumplea\u00f1os \u00abmuy bien acompa\u00f1ado\u00bb por los paracaidistas"},"previousItem":{"@type":"ListItem","@id":"https:\/\/www.eldigitaldeasturias.com\/noticias#listItem","name":"Home"}},{"@type":"ListItem","@id":"https:\/\/www.eldigitaldeasturias.com\/noticias\/el-principe-celebra-su-cumpleanos-muy-bien-acompanado-por-los-paracaidistas\/#listItem","position":3,"name":"El Pr\u00edncipe celebra su cumplea\u00f1os \u00abmuy bien acompa\u00f1ado\u00bb por los paracaidistas","previousItem":{"@type":"ListItem","@id":"https:\/\/www.eldigitaldeasturias.com\/noticias\/category\/actualidad\/#listItem","name":"Actualidad"}}]},{"@type":"Organization","@id":"https:\/\/www.eldigitaldeasturias.com\/noticias\/#organization","name":"El Digital de Asturias","description":"Hemeroteca","url":"https:\/\/www.eldigitaldeasturias.com\/noticias\/","email":"info@eldigitaldeasturias.com","telephone":"+34652131393","logo":{"@type":"ImageObject","url":"https:\/\/www.eldigitaldeasturias.com\/noticias\/wp-content\/uploads\/2020\/12\/EDA.jpg","@id":"https:\/\/www.eldigitaldeasturias.com\/noticias\/el-principe-celebra-su-cumpleanos-muy-bien-acompanado-por-los-paracaidistas\/#organizationLogo"},"image":{"@id":"https:\/\/www.eldigitaldeasturias.com\/noticias\/el-principe-celebra-su-cumpleanos-muy-bien-acompanado-por-los-paracaidistas\/#organizationLogo"},"sameAs":["https:\/\/facebook.com\/eldigitaldeasturias","https:\/\/www.youtube.com\/channel\/UCZP-2wLEB9Rv6erhFmqVnvg"],"address":{"@id":"https:\/\/www.eldigitaldeasturias.com\/noticias\/#postaladdress","@type":"PostalAddress","streetAddress":"san antonio 4","postalCode":"33430","addressLocality":"Cand\u00e1s","addressRegion":"Asturias","addressCountry":"ES"}},{"@type":"Person","@id":"https:\/\/www.eldigitaldeasturias.com\/noticias\/author\/admin\/#author","url":"https:\/\/www.eldigitaldeasturias.com\/noticias\/author\/admin\/","name":"El Digital de Asturias","image":{"@type":"ImageObject","@id":"https:\/\/www.eldigitaldeasturias.com\/noticias\/el-principe-celebra-su-cumpleanos-muy-bien-acompanado-por-los-paracaidistas\/#authorImage","url":"https:\/\/secure.gravatar.com\/avatar\/df2aeffc32bcd13f8d26072ef8a91b623d677766deac7f97ca815868cd41bf5e?s=96&d=mm&r=g","width":96,"height":96,"caption":"El Digital de Asturias"}},{"@type":"WebPage","@id":"https:\/\/www.eldigitaldeasturias.com\/noticias\/el-principe-celebra-su-cumpleanos-muy-bien-acompanado-por-los-paracaidistas\/#webpage","url":"https:\/\/www.eldigitaldeasturias.com\/noticias\/el-principe-celebra-su-cumpleanos-muy-bien-acompanado-por-los-paracaidistas\/","name":"El Pr\u00edncipe celebra su cumplea\u00f1os \u00abmuy bien acompa\u00f1ado\u00bb por los paracaidistas - El Digital de Asturias","description":"Paracuellos del Jarama (Madrid), 30 ene (EFE).- El Pr\u00edncipe de Asturias ha pasado la ma\u00f1ana del d\u00eda de su cumplea\u00f1os \"muy bien acompa\u00f1ado\", seg\u00fan ha dicho \u00e9l mismo, junto a los caballeros legionarios de la Brigada Paracaidista \"Almog\u00e1vares VI\" (Bripac), cuya base en Paracuellos del Jarama ha visitado por vez primera. Aunque no ha habido","inLanguage":"es-ES","isPartOf":{"@id":"https:\/\/www.eldigitaldeasturias.com\/noticias\/#website"},"breadcrumb":{"@id":"https:\/\/www.eldigitaldeasturias.com\/noticias\/el-principe-celebra-su-cumpleanos-muy-bien-acompanado-por-los-paracaidistas\/#breadcrumblist"},"author":{"@id":"https:\/\/www.eldigitaldeasturias.com\/noticias\/author\/admin\/#author"},"creator":{"@id":"https:\/\/www.eldigitaldeasturias.com\/noticias\/author\/admin\/#author"},"image":{"@type":"ImageObject","url":"https:\/\/www.eldigitaldeasturias.com\/noticias\/wp-content\/uploads\/2026\/06\/Contenidos.jpg","@id":"https:\/\/www.eldigitaldeasturias.com\/noticias\/el-principe-celebra-su-cumpleanos-muy-bien-acompanado-por-los-paracaidistas\/#mainImage","width":1265,"height":697,"caption":"Contenidos"},"primaryImageOfPage":{"@id":"https:\/\/www.eldigitaldeasturias.com\/noticias\/el-principe-celebra-su-cumpleanos-muy-bien-acompanado-por-los-paracaidistas\/#mainImage"},"datePublished":"2014-01-31T00:47:11+01:00","dateModified":"2014-01-31T00:47:11+01:00"},{"@type":"WebSite","@id":"https:\/\/www.eldigitaldeasturias.com\/noticias\/#website","url":"https:\/\/www.eldigitaldeasturias.com\/noticias\/","name":"El Digital de Asturias - Diario de actualidad y noticias","alternateName":"El Digital de Asturias - Diario de actualidad y noticias","description":"Hemeroteca","inLanguage":"es-ES","publisher":{"@id":"https:\/\/www.eldigitaldeasturias.com\/noticias\/#organization"}}]},"og:locale":"es_ES","og:site_name":"El Digital de Asturias","og:type":"article","og:title":"El Pr\u00edncipe celebra su cumplea\u00f1os \u00abmuy bien acompa\u00f1ado\u00bb por los paracaidistas - El Digital de Asturias","og:description":"Paracuellos del Jarama (Madrid), 30 ene (EFE).- El Pr\u00edncipe de Asturias ha pasado la ma\u00f1ana del d\u00eda de su cumplea\u00f1os &quot;muy bien acompa\u00f1ado&quot;, seg\u00fan ha dicho \u00e9l mismo, junto a los caballeros legionarios de la Brigada Paracaidista &quot;Almog\u00e1vares VI&quot; (Bripac), cuya base en Paracuellos del Jarama ha visitado por vez primera. Aunque no ha habido","og:url":"https:\/\/www.eldigitaldeasturias.com\/noticias\/el-principe-celebra-su-cumpleanos-muy-bien-acompanado-por-los-paracaidistas\/","og:image":"https:\/\/www.eldigitaldeasturias.com\/noticias\/wp-content\/uploads\/2026\/06\/Contenidos.jpg","og:image:secure_url":"https:\/\/www.eldigitaldeasturias.com\/noticias\/wp-content\/uploads\/2026\/06\/Contenidos.jpg","og:image:width":1265,"og:image:height":697,"article:tag":["actualidad"],"article:published_time":"2014-01-31T01:47:11+00:00","article:modified_time":"2014-01-31T01:47:11+00:00","article:publisher":"https:\/\/facebook.com\/eldigitaldeasturias","twitter:card":"summary_large_image","twitter:title":"El Pr\u00edncipe celebra su cumplea\u00f1os \u00abmuy bien acompa\u00f1ado\u00bb por los paracaidistas - El Digital de Asturias","twitter:description":"Paracuellos del Jarama (Madrid), 30 ene (EFE).- El Pr\u00edncipe de Asturias ha pasado la ma\u00f1ana del d\u00eda de su cumplea\u00f1os &quot;muy bien acompa\u00f1ado&quot;, seg\u00fan ha dicho \u00e9l mismo, junto a los caballeros legionarios de la Brigada Paracaidista &quot;Almog\u00e1vares VI&quot; (Bripac), cuya base en Paracuellos del Jarama ha visitado por vez primera. Aunque no ha habido","twitter:image":"https:\/\/www.eldigitaldeasturias.com\/noticias\/wp-content\/uploads\/2026\/06\/Contenidos.jpg","twitter:label1":"Escrito por","twitter:data1":"El Digital de Asturias","twitter:label2":"Tiempo de lectura estimado","twitter:data2":"4 minutos"},"aioseo_meta_data":{"post_id":"480858","title":null,"description":null,"keywords":null,"keyphrases":null,"primary_term":null,"canonical_url":null,"og_title":null,"og_description":null,"og_object_type":"default","og_image_type":"default","og_image_url":null,"og_image_width":null,"og_image_height":null,"og_image_custom_url":null,"og_image_custom_fields":null,"og_video":null,"og_custom_url":null,"og_article_section":null,"og_article_tags":null,"twitter_use_og":true,"twitter_card":"default","twitter_image_type":"default","twitter_image_url":null,"twitter_image_custom_url":null,"twitter_image_custom_fields":null,"twitter_title":null,"twitter_description":null,"schema":{"blockGraphs":[],"customGraphs":[],"default":{"data":{"Article":[],"Course":[],"Dataset":[],"FAQPage":[],"Movie":[],"Person":[],"Product":[],"ProductReview":[],"Car":[],"Recipe":[],"Service":[],"SoftwareApplication":[],"WebPage":[]},"graphName":"","isEnabled":true},"graphs":[],"defaultGraph":"","defaultPostTypeGraph":""},"schema_type":null,"schema_type_options":null,"pillar_content":false,"robots_default":true,"robots_noindex":false,"robots_noarchive":false,"robots_nosnippet":false,"robots_nofollow":false,"robots_noimageindex":false,"robots_noodp":false,"robots_notranslate":false,"robots_max_snippet":null,"robots_max_videopreview":null,"robots_max_imagepreview":"none","priority":null,"frequency":null,"local_seo":null,"seo_analyzer_scan_date":"2026-06-02 05:01:56","breadcrumb_settings":null,"limit_modified_date":false,"open_ai":null,"ai":null,"created":"2020-11-14 22:54:15","updated":"2026-06-02 05:01:56","focus_keyword":null,"additional_keywords":null,"truseo_locale":null},"aioseo_breadcrumb":"<div class=\"aioseo-breadcrumbs\"><span class=\"aioseo-breadcrumb\">\n\t<a href=\"https:\/\/www.eldigitaldeasturias.com\/noticias\" title=\"Home\">Home<\/a>\n<\/span><span class=\"aioseo-breadcrumb-separator\">\u2013<\/span><span class=\"aioseo-breadcrumb\">\n\t<a href=\"https:\/\/www.eldigitaldeasturias.com\/noticias\/category\/actualidad\/\" title=\"Actualidad\">Actualidad<\/a>\n<\/span><span class=\"aioseo-breadcrumb-separator\">\u2013<\/span><span class=\"aioseo-breadcrumb\">\n\t<a href=\"https:\/\/www.eldigitaldeasturias.com\/noticias\/el-principe-celebra-su-cumpleanos-muy-bien-acompanado-por-los-paracaidistas\/\" title=\"El Pr\u00edncipe celebra su cumplea\u00f1os \u00abmuy bien acompa\u00f1ado\u00bb por los paracaidistas\">El Pr\u00edncipe celebra su cumplea\u00f1os \u00abmuy bien acompa\u00f1ado\u00bb por los paracaidistas<\/a>\n<\/span><\/div>","aioseo_breadcrumb_json":[{"label":"Home","link":"https:\/\/www.eldigitaldeasturias.com\/noticias"},{"label":"Actualidad","link":"https:\/\/www.eldigitaldeasturias.com\/noticias\/category\/actualidad\/"},{"label":"El Pr\u00edncipe celebra su cumplea\u00f1os \u00abmuy bien acompa\u00f1ado\u00bb por los paracaidistas","link":"https:\/\/www.eldigitaldeasturias.com\/noticias\/el-principe-celebra-su-cumpleanos-muy-bien-acompanado-por-los-paracaidistas\/"}],"_links":{"self":[{"href":"https:\/\/www.eldigitaldeasturias.com\/noticias\/wp-json\/wp\/v2\/posts\/480858","targetHints":{"allow":["GET"]}}],"collection":[{"href":"https:\/\/www.eldigitaldeasturias.com\/noticias\/wp-json\/wp\/v2\/posts"}],"about":[{"href":"https:\/\/www.eldigitaldeasturias.com\/noticias\/wp-json\/wp\/v2\/types\/post"}],"author":[{"embeddable":true,"href":"https:\/\/www.eldigitaldeasturias.com\/noticias\/wp-json\/wp\/v2\/users\/1"}],"replies":[{"embeddable":true,"href":"https:\/\/www.eldigitaldeasturias.com\/noticias\/wp-json\/wp\/v2\/comments?post=480858"}],"version-history":[{"count":0,"href":"https:\/\/www.eldigitaldeasturias.com\/noticias\/wp-json\/wp\/v2\/posts\/480858\/revisions"}],"wp:featuredmedia":[{"embeddable":true,"href":"https:\/\/www.eldigitaldeasturias.com\/noticias\/wp-json\/wp\/v2\/media\/1132184"}],"wp:attachment":[{"href":"https:\/\/www.eldigitaldeasturias.com\/noticias\/wp-json\/wp\/v2\/media?parent=480858"}],"wp:term":[{"taxonomy":"category","embeddable":true,"href":"https:\/\/www.eldigitaldeasturias.com\/noticias\/wp-json\/wp\/v2\/categories?post=480858"},{"taxonomy":"post_tag","embeddable":true,"href":"https:\/\/www.eldigitaldeasturias.com\/noticias\/wp-json\/wp\/v2\/tags?post=480858"}],"curies":[{"name":"wp","href":"https:\/\/api.w.org\/{rel}","templated":true}]}}