{"id":480815,"date":"2014-01-31T00:22:52","date_gmt":"2014-01-31T01:22:52","guid":{"rendered":"http:\/\/www.eldigitaldeasturias.com\/noticias\/?p=480815"},"modified":"2014-01-31T00:22:52","modified_gmt":"2014-01-31T01:22:52","slug":"feijoo-asegura-que-la-responsabilidad-de-aznar-esta-blindando-la-unidad-del-partido","status":"publish","type":"post","link":"https:\/\/www.eldigitaldeasturias.com\/noticias\/feijoo-asegura-que-la-responsabilidad-de-aznar-esta-blindando-la-unidad-del-partido\/","title":{"rendered":"Feij\u00f3o asegura que \u00abla responsabilidad de Aznar est\u00e1 blindando la unidad del partido\u00bb"},"content":{"rendered":"<p><img loading=\"lazy\" decoding=\"async\" class=\"alignleft size-medium wp-image-480816\" alt=\"5891927w\" src=\"https:\/\/www.eldigitaldeasturias.com\/noticias\/wp-content\/uploads\/2014\/01\/5891927w-360x288.jpg\" width=\"360\" height=\"288\" \/>Santiago de Compostela, 30 ene (EFE).- El presidente de la Xunta, Alberto N\u00fa\u00f1ez Feij\u00f3o, ha asegurado hoy que una de las facetas que caracterizan a Jos\u00e9 Mar\u00eda Aznar es su \u00abresponsabilidad\u00bb y ha explicado que una de las cuestiones m\u00e1s importantes en las que puede contribuir todav\u00eda hoy en su puesto de presidente de honor del PP \u00abes a la unidad\u00bb<\/p>\n<p>\u00abLa responsabilidad de Aznar est\u00e1 blindando la unidad del partido desde su puesto de presidente de honor. Estoy convencido de que nadie puede ir contra su familia y, mucho menos, alguien tan responsable como el presidente Aznar\u00bb, ha se\u00f1alado N\u00fa\u00f1ez Feij\u00f3o en conferencia prensa tras el Consello de la Xunta.<\/p>\n<p>N\u00fa\u00f1ez Feij\u00f3o ha explicado que Aznar ha excusado su presencia en la convenci\u00f3n que el PP celebra este fin de semana en Valladolid porque tiene uno o varios viajes concatenados que le impiden acudir.<\/p>\n<p>En opini\u00f3n del presidente gallego, Aznar, tanto en su \u00e9poca al frente del Gobierno como despu\u00e9s, se caracteriza \u00abno por callar, sino por decir lo que piensa\u00bb.<\/p>\n<p>\u00abNo creo que este personaje se caracterice por no decir las cosas que piensa y de modo contundente. Si eso es as\u00ed debemos aplicar la misma teor\u00eda para su presencia en varios viajes que parece ser concatena; por lo tanto, normalidad\u00bb, ha concluido.<\/p>\n<p>N\u00fa\u00f1ez Feij\u00f3o ha explicado que en la convenci\u00f3n habr\u00e1 ausencias justificadas y otras \u00absuficientemente aclaradas o aclaradas, al menos\u00bb.<\/p>\n<p>De este modo ha avanzado que el presidente de honor del PP gallego y extitular de la Xunta, Xerardo Fern\u00e1ndez Albor, que iba a intervenir en un foro en la convenci\u00f3n, con m\u00e1s de 90 a\u00f1os, no podr\u00e1 asistir \u00abpor una patolog\u00eda banal sobrevenida\u00bb.<\/p>\n","protected":false},"excerpt":{"rendered":"<p>Santiago de Compostela, 30 ene (EFE).- El presidente de la Xunta, Alberto N\u00fa\u00f1ez Feij\u00f3o, ha asegurado hoy que una de las facetas que caracterizan a Jos\u00e9 Mar\u00eda Aznar es su \u00abresponsabilidad\u00bb y ha explicado que una de las cuestiones m\u00e1s importantes en las que puede contribuir todav\u00eda hoy en su puesto de presidente de honor [&hellip;]<\/p>\n","protected":false},"author":1,"featured_media":1132184,"comment_status":"closed","ping_status":"open","sticky":false,"template":"","format":"standard","meta":{"footnotes":""},"categories":[1],"tags":[],"class_list":["post-480815","post","type-post","status-publish","format-standard","has-post-thumbnail","hentry","category-actualidad"],"aioseo_notices":[],"aioseo_head":"\n\t\t<!-- All in One SEO Pro 5.0.1 - aioseo.com -->\n\t<meta name=\"description\" content=\"Santiago de Compostela, 30 ene (EFE).- El presidente de la Xunta, Alberto N\u00fa\u00f1ez Feij\u00f3o, ha asegurado hoy que una de las facetas que caracterizan a Jos\u00e9 Mar\u00eda Aznar es su &quot;responsabilidad&quot; y ha explicado que una de las cuestiones m\u00e1s importantes en las que puede contribuir todav\u00eda hoy en su puesto de presidente de honor\" \/>\n\t<meta name=\"robots\" content=\"max-image-preview:large\" \/>\n\t<meta name=\"author\" content=\"El Digital de Asturias\"\/>\n\t<meta name=\"google-site-verification\" content=\"UA-38556648-1\" \/>\n\t<meta name=\"msvalidate.01\" content=\"7dfe9f3f1b24437ab69f4f2559babe99\" \/>\n\t<meta name=\"keywords\" content=\"actualidad\" \/>\n\t<link rel=\"canonical\" href=\"https:\/\/www.eldigitaldeasturias.com\/noticias\/feijoo-asegura-que-la-responsabilidad-de-aznar-esta-blindando-la-unidad-del-partido\/\" \/>\n\t<meta name=\"generator\" content=\"All in One SEO Pro (AIOSEO) 5.0.1\" \/>\n\t\t<meta property=\"og:locale\" content=\"es_ES\" \/>\n\t\t<meta property=\"og:site_name\" content=\"El Digital de Asturias\" \/>\n\t\t<meta property=\"og:type\" content=\"article\" \/>\n\t\t<meta property=\"og:title\" content=\"Feij\u00f3o asegura que \u00abla responsabilidad de Aznar est\u00e1 blindando la unidad del partido\u00bb - El Digital de Asturias\" \/>\n\t\t<meta property=\"og:description\" content=\"Santiago de Compostela, 30 ene (EFE).- El presidente de la Xunta, Alberto N\u00fa\u00f1ez Feij\u00f3o, ha asegurado hoy que una de las facetas que caracterizan a Jos\u00e9 Mar\u00eda Aznar es su &quot;responsabilidad&quot; y ha explicado que una de las cuestiones m\u00e1s importantes en las que puede contribuir todav\u00eda hoy en su puesto de presidente de honor\" \/>\n\t\t<meta property=\"og:url\" content=\"https:\/\/www.eldigitaldeasturias.com\/noticias\/feijoo-asegura-que-la-responsabilidad-de-aznar-esta-blindando-la-unidad-del-partido\/\" \/>\n\t\t<meta property=\"og:image\" content=\"https:\/\/www.eldigitaldeasturias.com\/noticias\/wp-content\/uploads\/2026\/06\/Contenidos.jpg\" \/>\n\t\t<meta property=\"og:image:secure_url\" content=\"https:\/\/www.eldigitaldeasturias.com\/noticias\/wp-content\/uploads\/2026\/06\/Contenidos.jpg\" \/>\n\t\t<meta property=\"og:image:width\" content=\"1265\" \/>\n\t\t<meta property=\"og:image:height\" content=\"697\" \/>\n\t\t<meta property=\"article:tag\" content=\"actualidad\" \/>\n\t\t<meta property=\"article:published_time\" content=\"2014-01-31T01:22:52+00:00\" \/>\n\t\t<meta property=\"article:modified_time\" content=\"2014-01-31T01:22:52+00:00\" \/>\n\t\t<meta property=\"article:publisher\" content=\"https:\/\/facebook.com\/eldigitaldeasturias\" \/>\n\t\t<meta name=\"twitter:card\" content=\"summary_large_image\" \/>\n\t\t<meta name=\"twitter:title\" content=\"Feij\u00f3o asegura que \u00abla responsabilidad de Aznar est\u00e1 blindando la unidad del partido\u00bb - El Digital de Asturias\" \/>\n\t\t<meta name=\"twitter:description\" content=\"Santiago de Compostela, 30 ene (EFE).- El presidente de la Xunta, Alberto N\u00fa\u00f1ez Feij\u00f3o, ha asegurado hoy que una de las facetas que caracterizan a Jos\u00e9 Mar\u00eda Aznar es su &quot;responsabilidad&quot; y ha explicado que una de las cuestiones m\u00e1s importantes en las que puede contribuir todav\u00eda hoy en su puesto de presidente de honor\" \/>\n\t\t<meta name=\"twitter:image\" content=\"https:\/\/www.eldigitaldeasturias.com\/noticias\/wp-content\/uploads\/2026\/06\/Contenidos.jpg\" \/>\n\t\t<meta name=\"twitter:label1\" content=\"Escrito por\" \/>\n\t\t<meta name=\"twitter:data1\" content=\"El Digital de Asturias\" \/>\n\t\t<meta name=\"twitter:label2\" content=\"Tiempo de lectura estimado\" \/>\n\t\t<meta name=\"twitter:data2\" content=\"1 minuto\" \/>\n\t\t<script type=\"application\/ld+json\" class=\"aioseo-schema\">\n\t\t\t{\"@context\":\"https:\\\/\\\/schema.org\",\"@graph\":[{\"@type\":\"BlogPosting\",\"@id\":\"https:\\\/\\\/www.eldigitaldeasturias.com\\\/noticias\\\/feijoo-asegura-que-la-responsabilidad-de-aznar-esta-blindando-la-unidad-del-partido\\\/#blogposting\",\"name\":\"Feij\\u00f3o asegura que \\u00abla responsabilidad de Aznar est\\u00e1 blindando la unidad del partido\\u00bb - El Digital de Asturias\",\"headline\":\"Feij\\u00f3o asegura que \\u00abla responsabilidad de Aznar est\\u00e1 blindando la unidad del partido\\u00bb\",\"author\":{\"@id\":\"https:\\\/\\\/www.eldigitaldeasturias.com\\\/noticias\\\/author\\\/admin\\\/#author\"},\"publisher\":{\"@id\":\"https:\\\/\\\/www.eldigitaldeasturias.com\\\/noticias\\\/#organization\"},\"image\":{\"@type\":\"ImageObject\",\"url\":\"https:\\\/\\\/www.eldigitaldeasturias.com\\\/noticias\\\/wp-content\\\/uploads\\\/2026\\\/06\\\/Contenidos.jpg\",\"width\":1265,\"height\":697,\"caption\":\"Contenidos\"},\"datePublished\":\"2014-01-31T00:22:52+01:00\",\"dateModified\":\"2014-01-31T00:22:52+01:00\",\"inLanguage\":\"es-ES\",\"mainEntityOfPage\":{\"@id\":\"https:\\\/\\\/www.eldigitaldeasturias.com\\\/noticias\\\/feijoo-asegura-que-la-responsabilidad-de-aznar-esta-blindando-la-unidad-del-partido\\\/#webpage\"},\"isPartOf\":{\"@id\":\"https:\\\/\\\/www.eldigitaldeasturias.com\\\/noticias\\\/feijoo-asegura-que-la-responsabilidad-de-aznar-esta-blindando-la-unidad-del-partido\\\/#webpage\"},\"articleSection\":\"Actualidad\"},{\"@type\":\"BreadcrumbList\",\"@id\":\"https:\\\/\\\/www.eldigitaldeasturias.com\\\/noticias\\\/feijoo-asegura-que-la-responsabilidad-de-aznar-esta-blindando-la-unidad-del-partido\\\/#breadcrumblist\",\"itemListElement\":[{\"@type\":\"ListItem\",\"@id\":\"https:\\\/\\\/www.eldigitaldeasturias.com\\\/noticias#listItem\",\"position\":1,\"name\":\"Home\",\"item\":\"https:\\\/\\\/www.eldigitaldeasturias.com\\\/noticias\",\"nextItem\":{\"@type\":\"ListItem\",\"@id\":\"https:\\\/\\\/www.eldigitaldeasturias.com\\\/noticias\\\/category\\\/actualidad\\\/#listItem\",\"name\":\"Actualidad\"}},{\"@type\":\"ListItem\",\"@id\":\"https:\\\/\\\/www.eldigitaldeasturias.com\\\/noticias\\\/category\\\/actualidad\\\/#listItem\",\"position\":2,\"name\":\"Actualidad\",\"item\":\"https:\\\/\\\/www.eldigitaldeasturias.com\\\/noticias\\\/category\\\/actualidad\\\/\",\"nextItem\":{\"@type\":\"ListItem\",\"@id\":\"https:\\\/\\\/www.eldigitaldeasturias.com\\\/noticias\\\/feijoo-asegura-que-la-responsabilidad-de-aznar-esta-blindando-la-unidad-del-partido\\\/#listItem\",\"name\":\"Feij\\u00f3o asegura que \\u00abla responsabilidad de Aznar est\\u00e1 blindando la unidad del partido\\u00bb\"},\"previousItem\":{\"@type\":\"ListItem\",\"@id\":\"https:\\\/\\\/www.eldigitaldeasturias.com\\\/noticias#listItem\",\"name\":\"Home\"}},{\"@type\":\"ListItem\",\"@id\":\"https:\\\/\\\/www.eldigitaldeasturias.com\\\/noticias\\\/feijoo-asegura-que-la-responsabilidad-de-aznar-esta-blindando-la-unidad-del-partido\\\/#listItem\",\"position\":3,\"name\":\"Feij\\u00f3o asegura que \\u00abla responsabilidad de Aznar est\\u00e1 blindando la unidad del partido\\u00bb\",\"previousItem\":{\"@type\":\"ListItem\",\"@id\":\"https:\\\/\\\/www.eldigitaldeasturias.com\\\/noticias\\\/category\\\/actualidad\\\/#listItem\",\"name\":\"Actualidad\"}}]},{\"@type\":\"Organization\",\"@id\":\"https:\\\/\\\/www.eldigitaldeasturias.com\\\/noticias\\\/#organization\",\"name\":\"El Digital de Asturias\",\"description\":\"Hemeroteca\",\"url\":\"https:\\\/\\\/www.eldigitaldeasturias.com\\\/noticias\\\/\",\"email\":\"info@eldigitaldeasturias.com\",\"telephone\":\"+34652131393\",\"logo\":{\"@type\":\"ImageObject\",\"url\":\"https:\\\/\\\/www.eldigitaldeasturias.com\\\/noticias\\\/wp-content\\\/uploads\\\/2020\\\/12\\\/EDA.jpg\",\"@id\":\"https:\\\/\\\/www.eldigitaldeasturias.com\\\/noticias\\\/feijoo-asegura-que-la-responsabilidad-de-aznar-esta-blindando-la-unidad-del-partido\\\/#organizationLogo\"},\"image\":{\"@id\":\"https:\\\/\\\/www.eldigitaldeasturias.com\\\/noticias\\\/feijoo-asegura-que-la-responsabilidad-de-aznar-esta-blindando-la-unidad-del-partido\\\/#organizationLogo\"},\"sameAs\":[\"https:\\\/\\\/facebook.com\\\/eldigitaldeasturias\",\"https:\\\/\\\/www.youtube.com\\\/channel\\\/UCZP-2wLEB9Rv6erhFmqVnvg\"],\"address\":{\"@id\":\"https:\\\/\\\/www.eldigitaldeasturias.com\\\/noticias\\\/#postaladdress\",\"@type\":\"PostalAddress\",\"streetAddress\":\"san antonio 4\",\"postalCode\":\"33430\",\"addressLocality\":\"Cand\\u00e1s\",\"addressRegion\":\"Asturias\",\"addressCountry\":\"ES\"}},{\"@type\":\"Person\",\"@id\":\"https:\\\/\\\/www.eldigitaldeasturias.com\\\/noticias\\\/author\\\/admin\\\/#author\",\"url\":\"https:\\\/\\\/www.eldigitaldeasturias.com\\\/noticias\\\/author\\\/admin\\\/\",\"name\":\"El Digital de Asturias\",\"image\":{\"@type\":\"ImageObject\",\"@id\":\"https:\\\/\\\/www.eldigitaldeasturias.com\\\/noticias\\\/feijoo-asegura-que-la-responsabilidad-de-aznar-esta-blindando-la-unidad-del-partido\\\/#authorImage\",\"url\":\"https:\\\/\\\/secure.gravatar.com\\\/avatar\\\/df2aeffc32bcd13f8d26072ef8a91b623d677766deac7f97ca815868cd41bf5e?s=96&d=mm&r=g\",\"width\":96,\"height\":96,\"caption\":\"El Digital de Asturias\"}},{\"@type\":\"WebPage\",\"@id\":\"https:\\\/\\\/www.eldigitaldeasturias.com\\\/noticias\\\/feijoo-asegura-que-la-responsabilidad-de-aznar-esta-blindando-la-unidad-del-partido\\\/#webpage\",\"url\":\"https:\\\/\\\/www.eldigitaldeasturias.com\\\/noticias\\\/feijoo-asegura-que-la-responsabilidad-de-aznar-esta-blindando-la-unidad-del-partido\\\/\",\"name\":\"Feij\\u00f3o asegura que \\u00abla responsabilidad de Aznar est\\u00e1 blindando la unidad del partido\\u00bb - El Digital de Asturias\",\"description\":\"Santiago de Compostela, 30 ene (EFE).- El presidente de la Xunta, Alberto N\\u00fa\\u00f1ez Feij\\u00f3o, ha asegurado hoy que una de las facetas que caracterizan a Jos\\u00e9 Mar\\u00eda Aznar es su \\\"responsabilidad\\\" y ha explicado que una de las cuestiones m\\u00e1s importantes en las que puede contribuir todav\\u00eda hoy en su puesto de presidente de honor\",\"inLanguage\":\"es-ES\",\"isPartOf\":{\"@id\":\"https:\\\/\\\/www.eldigitaldeasturias.com\\\/noticias\\\/#website\"},\"breadcrumb\":{\"@id\":\"https:\\\/\\\/www.eldigitaldeasturias.com\\\/noticias\\\/feijoo-asegura-que-la-responsabilidad-de-aznar-esta-blindando-la-unidad-del-partido\\\/#breadcrumblist\"},\"author\":{\"@id\":\"https:\\\/\\\/www.eldigitaldeasturias.com\\\/noticias\\\/author\\\/admin\\\/#author\"},\"creator\":{\"@id\":\"https:\\\/\\\/www.eldigitaldeasturias.com\\\/noticias\\\/author\\\/admin\\\/#author\"},\"image\":{\"@type\":\"ImageObject\",\"url\":\"https:\\\/\\\/www.eldigitaldeasturias.com\\\/noticias\\\/wp-content\\\/uploads\\\/2026\\\/06\\\/Contenidos.jpg\",\"@id\":\"https:\\\/\\\/www.eldigitaldeasturias.com\\\/noticias\\\/feijoo-asegura-que-la-responsabilidad-de-aznar-esta-blindando-la-unidad-del-partido\\\/#mainImage\",\"width\":1265,\"height\":697,\"caption\":\"Contenidos\"},\"primaryImageOfPage\":{\"@id\":\"https:\\\/\\\/www.eldigitaldeasturias.com\\\/noticias\\\/feijoo-asegura-que-la-responsabilidad-de-aznar-esta-blindando-la-unidad-del-partido\\\/#mainImage\"},\"datePublished\":\"2014-01-31T00:22:52+01:00\",\"dateModified\":\"2014-01-31T00:22:52+01:00\"},{\"@type\":\"WebSite\",\"@id\":\"https:\\\/\\\/www.eldigitaldeasturias.com\\\/noticias\\\/#website\",\"url\":\"https:\\\/\\\/www.eldigitaldeasturias.com\\\/noticias\\\/\",\"name\":\"El Digital de Asturias - Diario de actualidad y noticias\",\"alternateName\":\"El Digital de Asturias - Diario de actualidad y noticias\",\"description\":\"Hemeroteca\",\"inLanguage\":\"es-ES\",\"publisher\":{\"@id\":\"https:\\\/\\\/www.eldigitaldeasturias.com\\\/noticias\\\/#organization\"}}]}\n\t\t<\/script>\n\t\t<!-- All in One SEO Pro -->\r\n\t\t<title>Feij\u00f3o asegura que \u00abla responsabilidad de Aznar est\u00e1 blindando la unidad del partido\u00bb - El Digital de Asturias<\/title>\n\n","aioseo_head_json":{"title":"Feij\u00f3o asegura que \u00abla responsabilidad de Aznar est\u00e1 blindando la unidad del partido\u00bb - El Digital de Asturias","description":"Santiago de Compostela, 30 ene (EFE).- El presidente de la Xunta, Alberto N\u00fa\u00f1ez Feij\u00f3o, ha asegurado hoy que una de las facetas que caracterizan a Jos\u00e9 Mar\u00eda Aznar es su \"responsabilidad\" y ha explicado que una de las cuestiones m\u00e1s importantes en las que puede contribuir todav\u00eda hoy en su puesto de presidente de honor","canonical_url":"https:\/\/www.eldigitaldeasturias.com\/noticias\/feijoo-asegura-que-la-responsabilidad-de-aznar-esta-blindando-la-unidad-del-partido\/","robots":"max-image-preview:large","keywords":"actualidad","webmasterTools":{"google-site-verification":"UA-38556648-1","msvalidate.01":"7dfe9f3f1b24437ab69f4f2559babe99","miscellaneous":""},"schema":{"@context":"https:\/\/schema.org","@graph":[{"@type":"BlogPosting","@id":"https:\/\/www.eldigitaldeasturias.com\/noticias\/feijoo-asegura-que-la-responsabilidad-de-aznar-esta-blindando-la-unidad-del-partido\/#blogposting","name":"Feij\u00f3o asegura que \u00abla responsabilidad de Aznar est\u00e1 blindando la unidad del partido\u00bb - El Digital de Asturias","headline":"Feij\u00f3o asegura que \u00abla responsabilidad de Aznar est\u00e1 blindando la unidad del partido\u00bb","author":{"@id":"https:\/\/www.eldigitaldeasturias.com\/noticias\/author\/admin\/#author"},"publisher":{"@id":"https:\/\/www.eldigitaldeasturias.com\/noticias\/#organization"},"image":{"@type":"ImageObject","url":"https:\/\/www.eldigitaldeasturias.com\/noticias\/wp-content\/uploads\/2026\/06\/Contenidos.jpg","width":1265,"height":697,"caption":"Contenidos"},"datePublished":"2014-01-31T00:22:52+01:00","dateModified":"2014-01-31T00:22:52+01:00","inLanguage":"es-ES","mainEntityOfPage":{"@id":"https:\/\/www.eldigitaldeasturias.com\/noticias\/feijoo-asegura-que-la-responsabilidad-de-aznar-esta-blindando-la-unidad-del-partido\/#webpage"},"isPartOf":{"@id":"https:\/\/www.eldigitaldeasturias.com\/noticias\/feijoo-asegura-que-la-responsabilidad-de-aznar-esta-blindando-la-unidad-del-partido\/#webpage"},"articleSection":"Actualidad"},{"@type":"BreadcrumbList","@id":"https:\/\/www.eldigitaldeasturias.com\/noticias\/feijoo-asegura-que-la-responsabilidad-de-aznar-esta-blindando-la-unidad-del-partido\/#breadcrumblist","itemListElement":[{"@type":"ListItem","@id":"https:\/\/www.eldigitaldeasturias.com\/noticias#listItem","position":1,"name":"Home","item":"https:\/\/www.eldigitaldeasturias.com\/noticias","nextItem":{"@type":"ListItem","@id":"https:\/\/www.eldigitaldeasturias.com\/noticias\/category\/actualidad\/#listItem","name":"Actualidad"}},{"@type":"ListItem","@id":"https:\/\/www.eldigitaldeasturias.com\/noticias\/category\/actualidad\/#listItem","position":2,"name":"Actualidad","item":"https:\/\/www.eldigitaldeasturias.com\/noticias\/category\/actualidad\/","nextItem":{"@type":"ListItem","@id":"https:\/\/www.eldigitaldeasturias.com\/noticias\/feijoo-asegura-que-la-responsabilidad-de-aznar-esta-blindando-la-unidad-del-partido\/#listItem","name":"Feij\u00f3o asegura que \u00abla responsabilidad de Aznar est\u00e1 blindando la unidad del partido\u00bb"},"previousItem":{"@type":"ListItem","@id":"https:\/\/www.eldigitaldeasturias.com\/noticias#listItem","name":"Home"}},{"@type":"ListItem","@id":"https:\/\/www.eldigitaldeasturias.com\/noticias\/feijoo-asegura-que-la-responsabilidad-de-aznar-esta-blindando-la-unidad-del-partido\/#listItem","position":3,"name":"Feij\u00f3o asegura que \u00abla responsabilidad de Aznar est\u00e1 blindando la unidad del partido\u00bb","previousItem":{"@type":"ListItem","@id":"https:\/\/www.eldigitaldeasturias.com\/noticias\/category\/actualidad\/#listItem","name":"Actualidad"}}]},{"@type":"Organization","@id":"https:\/\/www.eldigitaldeasturias.com\/noticias\/#organization","name":"El Digital de Asturias","description":"Hemeroteca","url":"https:\/\/www.eldigitaldeasturias.com\/noticias\/","email":"info@eldigitaldeasturias.com","telephone":"+34652131393","logo":{"@type":"ImageObject","url":"https:\/\/www.eldigitaldeasturias.com\/noticias\/wp-content\/uploads\/2020\/12\/EDA.jpg","@id":"https:\/\/www.eldigitaldeasturias.com\/noticias\/feijoo-asegura-que-la-responsabilidad-de-aznar-esta-blindando-la-unidad-del-partido\/#organizationLogo"},"image":{"@id":"https:\/\/www.eldigitaldeasturias.com\/noticias\/feijoo-asegura-que-la-responsabilidad-de-aznar-esta-blindando-la-unidad-del-partido\/#organizationLogo"},"sameAs":["https:\/\/facebook.com\/eldigitaldeasturias","https:\/\/www.youtube.com\/channel\/UCZP-2wLEB9Rv6erhFmqVnvg"],"address":{"@id":"https:\/\/www.eldigitaldeasturias.com\/noticias\/#postaladdress","@type":"PostalAddress","streetAddress":"san antonio 4","postalCode":"33430","addressLocality":"Cand\u00e1s","addressRegion":"Asturias","addressCountry":"ES"}},{"@type":"Person","@id":"https:\/\/www.eldigitaldeasturias.com\/noticias\/author\/admin\/#author","url":"https:\/\/www.eldigitaldeasturias.com\/noticias\/author\/admin\/","name":"El Digital de Asturias","image":{"@type":"ImageObject","@id":"https:\/\/www.eldigitaldeasturias.com\/noticias\/feijoo-asegura-que-la-responsabilidad-de-aznar-esta-blindando-la-unidad-del-partido\/#authorImage","url":"https:\/\/secure.gravatar.com\/avatar\/df2aeffc32bcd13f8d26072ef8a91b623d677766deac7f97ca815868cd41bf5e?s=96&d=mm&r=g","width":96,"height":96,"caption":"El Digital de Asturias"}},{"@type":"WebPage","@id":"https:\/\/www.eldigitaldeasturias.com\/noticias\/feijoo-asegura-que-la-responsabilidad-de-aznar-esta-blindando-la-unidad-del-partido\/#webpage","url":"https:\/\/www.eldigitaldeasturias.com\/noticias\/feijoo-asegura-que-la-responsabilidad-de-aznar-esta-blindando-la-unidad-del-partido\/","name":"Feij\u00f3o asegura que \u00abla responsabilidad de Aznar est\u00e1 blindando la unidad del partido\u00bb - El Digital de Asturias","description":"Santiago de Compostela, 30 ene (EFE).- El presidente de la Xunta, Alberto N\u00fa\u00f1ez Feij\u00f3o, ha asegurado hoy que una de las facetas que caracterizan a Jos\u00e9 Mar\u00eda Aznar es su \"responsabilidad\" y ha explicado que una de las cuestiones m\u00e1s importantes en las que puede contribuir todav\u00eda hoy en su puesto de presidente de honor","inLanguage":"es-ES","isPartOf":{"@id":"https:\/\/www.eldigitaldeasturias.com\/noticias\/#website"},"breadcrumb":{"@id":"https:\/\/www.eldigitaldeasturias.com\/noticias\/feijoo-asegura-que-la-responsabilidad-de-aznar-esta-blindando-la-unidad-del-partido\/#breadcrumblist"},"author":{"@id":"https:\/\/www.eldigitaldeasturias.com\/noticias\/author\/admin\/#author"},"creator":{"@id":"https:\/\/www.eldigitaldeasturias.com\/noticias\/author\/admin\/#author"},"image":{"@type":"ImageObject","url":"https:\/\/www.eldigitaldeasturias.com\/noticias\/wp-content\/uploads\/2026\/06\/Contenidos.jpg","@id":"https:\/\/www.eldigitaldeasturias.com\/noticias\/feijoo-asegura-que-la-responsabilidad-de-aznar-esta-blindando-la-unidad-del-partido\/#mainImage","width":1265,"height":697,"caption":"Contenidos"},"primaryImageOfPage":{"@id":"https:\/\/www.eldigitaldeasturias.com\/noticias\/feijoo-asegura-que-la-responsabilidad-de-aznar-esta-blindando-la-unidad-del-partido\/#mainImage"},"datePublished":"2014-01-31T00:22:52+01:00","dateModified":"2014-01-31T00:22:52+01:00"},{"@type":"WebSite","@id":"https:\/\/www.eldigitaldeasturias.com\/noticias\/#website","url":"https:\/\/www.eldigitaldeasturias.com\/noticias\/","name":"El Digital de Asturias - Diario de actualidad y noticias","alternateName":"El Digital de Asturias - Diario de actualidad y noticias","description":"Hemeroteca","inLanguage":"es-ES","publisher":{"@id":"https:\/\/www.eldigitaldeasturias.com\/noticias\/#organization"}}]},"og:locale":"es_ES","og:site_name":"El Digital de Asturias","og:type":"article","og:title":"Feij\u00f3o asegura que \u00abla responsabilidad de Aznar est\u00e1 blindando la unidad del partido\u00bb - El Digital de Asturias","og:description":"Santiago de Compostela, 30 ene (EFE).- El presidente de la Xunta, Alberto N\u00fa\u00f1ez Feij\u00f3o, ha asegurado hoy que una de las facetas que caracterizan a Jos\u00e9 Mar\u00eda Aznar es su &quot;responsabilidad&quot; y ha explicado que una de las cuestiones m\u00e1s importantes en las que puede contribuir todav\u00eda hoy en su puesto de presidente de honor","og:url":"https:\/\/www.eldigitaldeasturias.com\/noticias\/feijoo-asegura-que-la-responsabilidad-de-aznar-esta-blindando-la-unidad-del-partido\/","og:image":"https:\/\/www.eldigitaldeasturias.com\/noticias\/wp-content\/uploads\/2026\/06\/Contenidos.jpg","og:image:secure_url":"https:\/\/www.eldigitaldeasturias.com\/noticias\/wp-content\/uploads\/2026\/06\/Contenidos.jpg","og:image:width":1265,"og:image:height":697,"article:tag":["actualidad"],"article:published_time":"2014-01-31T01:22:52+00:00","article:modified_time":"2014-01-31T01:22:52+00:00","article:publisher":"https:\/\/facebook.com\/eldigitaldeasturias","twitter:card":"summary_large_image","twitter:title":"Feij\u00f3o asegura que \u00abla responsabilidad de Aznar est\u00e1 blindando la unidad del partido\u00bb - El Digital de Asturias","twitter:description":"Santiago de Compostela, 30 ene (EFE).- El presidente de la Xunta, Alberto N\u00fa\u00f1ez Feij\u00f3o, ha asegurado hoy que una de las facetas que caracterizan a Jos\u00e9 Mar\u00eda Aznar es su &quot;responsabilidad&quot; y ha explicado que una de las cuestiones m\u00e1s importantes en las que puede contribuir todav\u00eda hoy en su puesto de presidente de honor","twitter:image":"https:\/\/www.eldigitaldeasturias.com\/noticias\/wp-content\/uploads\/2026\/06\/Contenidos.jpg","twitter:label1":"Escrito por","twitter:data1":"El Digital de Asturias","twitter:label2":"Tiempo de lectura estimado","twitter:data2":"1 minuto"},"aioseo_meta_data":{"post_id":"480815","title":null,"description":null,"keywords":null,"keyphrases":null,"primary_term":null,"canonical_url":null,"og_title":null,"og_description":null,"og_object_type":"default","og_image_type":"default","og_image_url":null,"og_image_width":null,"og_image_height":null,"og_image_custom_url":null,"og_image_custom_fields":null,"og_video":null,"og_custom_url":null,"og_article_section":null,"og_article_tags":null,"twitter_use_og":true,"twitter_card":"default","twitter_image_type":"default","twitter_image_url":null,"twitter_image_custom_url":null,"twitter_image_custom_fields":null,"twitter_title":null,"twitter_description":null,"schema":{"blockGraphs":[],"customGraphs":[],"default":{"data":{"Article":[],"Course":[],"Dataset":[],"FAQPage":[],"Movie":[],"Person":[],"Product":[],"ProductReview":[],"Car":[],"Recipe":[],"Service":[],"SoftwareApplication":[],"WebPage":[]},"graphName":"","isEnabled":true},"graphs":[],"defaultGraph":"","defaultPostTypeGraph":""},"schema_type":null,"schema_type_options":null,"pillar_content":false,"robots_default":true,"robots_noindex":false,"robots_noarchive":false,"robots_nosnippet":false,"robots_nofollow":false,"robots_noimageindex":false,"robots_noodp":false,"robots_notranslate":false,"robots_max_snippet":null,"robots_max_videopreview":null,"robots_max_imagepreview":"none","priority":null,"frequency":null,"local_seo":null,"seo_analyzer_scan_date":"2026-06-02 04:55:50","breadcrumb_settings":null,"limit_modified_date":false,"open_ai":null,"ai":null,"created":"2020-11-14 22:54:15","updated":"2026-06-02 04:55:50","focus_keyword":null,"additional_keywords":null,"truseo_locale":null},"aioseo_breadcrumb":"<div class=\"aioseo-breadcrumbs\"><span class=\"aioseo-breadcrumb\">\n\t<a href=\"https:\/\/www.eldigitaldeasturias.com\/noticias\" title=\"Home\">Home<\/a>\n<\/span><span class=\"aioseo-breadcrumb-separator\">\u2013<\/span><span class=\"aioseo-breadcrumb\">\n\t<a href=\"https:\/\/www.eldigitaldeasturias.com\/noticias\/category\/actualidad\/\" title=\"Actualidad\">Actualidad<\/a>\n<\/span><span class=\"aioseo-breadcrumb-separator\">\u2013<\/span><span class=\"aioseo-breadcrumb\">\n\t<a href=\"https:\/\/www.eldigitaldeasturias.com\/noticias\/feijoo-asegura-que-la-responsabilidad-de-aznar-esta-blindando-la-unidad-del-partido\/\" title=\"Feij\u00f3o asegura que \u00abla responsabilidad de Aznar est\u00e1 blindando la unidad del partido\u00bb\">Feij\u00f3o asegura que \u00abla responsabilidad de Aznar est\u00e1 blindando la unidad del partido\u00bb<\/a>\n<\/span><\/div>","aioseo_breadcrumb_json":[{"label":"Home","link":"https:\/\/www.eldigitaldeasturias.com\/noticias"},{"label":"Actualidad","link":"https:\/\/www.eldigitaldeasturias.com\/noticias\/category\/actualidad\/"},{"label":"Feij\u00f3o asegura que \u00abla responsabilidad de Aznar est\u00e1 blindando la unidad del partido\u00bb","link":"https:\/\/www.eldigitaldeasturias.com\/noticias\/feijoo-asegura-que-la-responsabilidad-de-aznar-esta-blindando-la-unidad-del-partido\/"}],"_links":{"self":[{"href":"https:\/\/www.eldigitaldeasturias.com\/noticias\/wp-json\/wp\/v2\/posts\/480815","targetHints":{"allow":["GET"]}}],"collection":[{"href":"https:\/\/www.eldigitaldeasturias.com\/noticias\/wp-json\/wp\/v2\/posts"}],"about":[{"href":"https:\/\/www.eldigitaldeasturias.com\/noticias\/wp-json\/wp\/v2\/types\/post"}],"author":[{"embeddable":true,"href":"https:\/\/www.eldigitaldeasturias.com\/noticias\/wp-json\/wp\/v2\/users\/1"}],"replies":[{"embeddable":true,"href":"https:\/\/www.eldigitaldeasturias.com\/noticias\/wp-json\/wp\/v2\/comments?post=480815"}],"version-history":[{"count":0,"href":"https:\/\/www.eldigitaldeasturias.com\/noticias\/wp-json\/wp\/v2\/posts\/480815\/revisions"}],"wp:featuredmedia":[{"embeddable":true,"href":"https:\/\/www.eldigitaldeasturias.com\/noticias\/wp-json\/wp\/v2\/media\/1132184"}],"wp:attachment":[{"href":"https:\/\/www.eldigitaldeasturias.com\/noticias\/wp-json\/wp\/v2\/media?parent=480815"}],"wp:term":[{"taxonomy":"category","embeddable":true,"href":"https:\/\/www.eldigitaldeasturias.com\/noticias\/wp-json\/wp\/v2\/categories?post=480815"},{"taxonomy":"post_tag","embeddable":true,"href":"https:\/\/www.eldigitaldeasturias.com\/noticias\/wp-json\/wp\/v2\/tags?post=480815"}],"curies":[{"name":"wp","href":"https:\/\/api.w.org\/{rel}","templated":true}]}}