{"id":480800,"date":"2014-01-31T00:15:24","date_gmt":"2014-01-31T01:15:24","guid":{"rendered":"http:\/\/www.eldigitaldeasturias.com\/noticias\/?p=480800"},"modified":"2014-01-31T00:15:24","modified_gmt":"2014-01-31T01:15:24","slug":"aznar-dice-en-londres-que-la-ue-debe-mejorar-la-relacion-con-israel","status":"publish","type":"post","link":"https:\/\/www.eldigitaldeasturias.com\/noticias\/aznar-dice-en-londres-que-la-ue-debe-mejorar-la-relacion-con-israel\/","title":{"rendered":"Aznar dice en Londres que la UE debe mejorar la relaci\u00f3n con Israel"},"content":{"rendered":"<p><img loading=\"lazy\" decoding=\"async\" class=\"alignleft size-medium wp-image-480801\" alt=\"5891899w\" src=\"https:\/\/www.eldigitaldeasturias.com\/noticias\/wp-content\/uploads\/2014\/01\/5891899w-360x239.jpg\" width=\"360\" height=\"239\" \/>Londres, 30 ene (EFE).- El expresidente del Gobierno espa\u00f1ol Jos\u00e9 Mar\u00eda Aznar afirm\u00f3 hoy en una conferencia en Londres que la Uni\u00f3n Europea (UE) debe mejorar su relaci\u00f3n con Israel pues este pa\u00eds \u00abtiene un valor estrat\u00e9gico\u00bb para el bloque comunitario.<\/p>\n<p>Aznar present\u00f3 en la capital brit\u00e1nica el \u00faltimo informe del grupo \u00abAmigos de Israel\u00bb, que \u00e9l mismo fund\u00f3 y dirige desde 2010 y cuya misi\u00f3n es \u00abdefender el derecho de Israel a existir\u00bb y fomentar un di\u00e1logo \u00abnormal\u00bb sobre el Estado jud\u00edo.<\/p>\n<p>Ante una audiencia dominada por simpatizantes proisrael\u00edes, el exl\u00edder del Partido Popular (PP) espa\u00f1ol asegur\u00f3 que, tras analizar sus aportaciones en materia de seguridad, econ\u00f3micas y en ciencia y tecnolog\u00eda, se concluye que \u00abla UE quita m\u00e1s a Israel de lo que le da\u00bb.<\/p>\n<p>Aznar inst\u00f3 a Bruselas a considerar el valor estrat\u00e9gico que para la Uni\u00f3n Europea tiene Israel, \u00abque es una democracia occidental\u00bb, y lo recomend\u00f3 como miembro de la UE \u00absin condiciones previas\u00bb.<\/p>\n<p>El pol\u00edtico explic\u00f3 que decidi\u00f3 fundar el grupo \u00abAmigos de Israel\u00bb porque piensa que el Estado jud\u00edo \u00abnecesita amigos dedicados\u00bb e insisti\u00f3 en que \u00abal defender a Israel se defiende el modo de vida y los intereses occidentales\u00bb.<\/p>\n<p>Aznar recal\u00f3 en Londres como parte de una gira internacional que le ha llevado ya a Israel y en la que visitar\u00e1 Filipinas y Estados Unidos, raz\u00f3n que ha esgrimido para no asistir este fin de semana a la Convenci\u00f3n Nacional del PP, partido del que es presidente honor\u00edfico.<\/p>\n<p>Aunque no quiso hacer declaraciones sobre esta ausencia, que ha causado revuelo en Espa\u00f1a, el expresidente del Gobierno afirm\u00f3 que el de hoy era un acto \u00abprevisto desde hace mucho tiempo\u00bb.<\/p>\n","protected":false},"excerpt":{"rendered":"<p>Londres, 30 ene (EFE).- El expresidente del Gobierno espa\u00f1ol Jos\u00e9 Mar\u00eda Aznar afirm\u00f3 hoy en una conferencia en Londres que la Uni\u00f3n Europea (UE) debe mejorar su relaci\u00f3n con Israel pues este pa\u00eds \u00abtiene un valor estrat\u00e9gico\u00bb para el bloque comunitario. Aznar present\u00f3 en la capital brit\u00e1nica el \u00faltimo informe del grupo \u00abAmigos de Israel\u00bb, [&hellip;]<\/p>\n","protected":false},"author":1,"featured_media":1132184,"comment_status":"closed","ping_status":"open","sticky":false,"template":"","format":"standard","meta":{"footnotes":""},"categories":[1],"tags":[],"class_list":["post-480800","post","type-post","status-publish","format-standard","has-post-thumbnail","hentry","category-actualidad"],"aioseo_notices":[],"aioseo_head":"\n\t\t<!-- All in One SEO Pro 5.0.1 - aioseo.com -->\n\t<meta name=\"description\" content=\"Londres, 30 ene (EFE).- El expresidente del Gobierno espa\u00f1ol Jos\u00e9 Mar\u00eda Aznar afirm\u00f3 hoy en una conferencia en Londres que la Uni\u00f3n Europea (UE) debe mejorar su relaci\u00f3n con Israel pues este pa\u00eds &quot;tiene un valor estrat\u00e9gico&quot; para el bloque comunitario. Aznar present\u00f3 en la capital brit\u00e1nica el \u00faltimo informe del grupo &quot;Amigos de Israel&quot;,\" \/>\n\t<meta name=\"robots\" content=\"max-image-preview:large\" \/>\n\t<meta name=\"author\" content=\"El Digital de Asturias\"\/>\n\t<meta name=\"google-site-verification\" content=\"UA-38556648-1\" \/>\n\t<meta name=\"msvalidate.01\" content=\"7dfe9f3f1b24437ab69f4f2559babe99\" \/>\n\t<meta name=\"keywords\" content=\"actualidad\" \/>\n\t<link rel=\"canonical\" href=\"https:\/\/www.eldigitaldeasturias.com\/noticias\/aznar-dice-en-londres-que-la-ue-debe-mejorar-la-relacion-con-israel\/\" \/>\n\t<meta name=\"generator\" content=\"All in One SEO Pro (AIOSEO) 5.0.1\" \/>\n\t\t<meta property=\"og:locale\" content=\"es_ES\" \/>\n\t\t<meta property=\"og:site_name\" content=\"El Digital de Asturias\" \/>\n\t\t<meta property=\"og:type\" content=\"article\" \/>\n\t\t<meta property=\"og:title\" content=\"Aznar dice en Londres que la UE debe mejorar la relaci\u00f3n con Israel - El Digital de Asturias\" \/>\n\t\t<meta property=\"og:description\" content=\"Londres, 30 ene (EFE).- El expresidente del Gobierno espa\u00f1ol Jos\u00e9 Mar\u00eda Aznar afirm\u00f3 hoy en una conferencia en Londres que la Uni\u00f3n Europea (UE) debe mejorar su relaci\u00f3n con Israel pues este pa\u00eds &quot;tiene un valor estrat\u00e9gico&quot; para el bloque comunitario. Aznar present\u00f3 en la capital brit\u00e1nica el \u00faltimo informe del grupo &quot;Amigos de Israel&quot;,\" \/>\n\t\t<meta property=\"og:url\" content=\"https:\/\/www.eldigitaldeasturias.com\/noticias\/aznar-dice-en-londres-que-la-ue-debe-mejorar-la-relacion-con-israel\/\" \/>\n\t\t<meta property=\"og:image\" content=\"https:\/\/www.eldigitaldeasturias.com\/noticias\/wp-content\/uploads\/2026\/06\/Contenidos.jpg\" \/>\n\t\t<meta property=\"og:image:secure_url\" content=\"https:\/\/www.eldigitaldeasturias.com\/noticias\/wp-content\/uploads\/2026\/06\/Contenidos.jpg\" \/>\n\t\t<meta property=\"og:image:width\" content=\"1265\" \/>\n\t\t<meta property=\"og:image:height\" content=\"697\" \/>\n\t\t<meta property=\"article:tag\" content=\"actualidad\" \/>\n\t\t<meta property=\"article:published_time\" content=\"2014-01-31T01:15:24+00:00\" \/>\n\t\t<meta property=\"article:modified_time\" content=\"2014-01-31T01:15:24+00:00\" \/>\n\t\t<meta property=\"article:publisher\" content=\"https:\/\/facebook.com\/eldigitaldeasturias\" \/>\n\t\t<meta name=\"twitter:card\" content=\"summary_large_image\" \/>\n\t\t<meta name=\"twitter:title\" content=\"Aznar dice en Londres que la UE debe mejorar la relaci\u00f3n con Israel - El Digital de Asturias\" \/>\n\t\t<meta name=\"twitter:description\" content=\"Londres, 30 ene (EFE).- El expresidente del Gobierno espa\u00f1ol Jos\u00e9 Mar\u00eda Aznar afirm\u00f3 hoy en una conferencia en Londres que la Uni\u00f3n Europea (UE) debe mejorar su relaci\u00f3n con Israel pues este pa\u00eds &quot;tiene un valor estrat\u00e9gico&quot; para el bloque comunitario. Aznar present\u00f3 en la capital brit\u00e1nica el \u00faltimo informe del grupo &quot;Amigos de Israel&quot;,\" \/>\n\t\t<meta name=\"twitter:image\" content=\"https:\/\/www.eldigitaldeasturias.com\/noticias\/wp-content\/uploads\/2026\/06\/Contenidos.jpg\" \/>\n\t\t<meta name=\"twitter:label1\" content=\"Escrito por\" \/>\n\t\t<meta name=\"twitter:data1\" content=\"El Digital de Asturias\" \/>\n\t\t<meta name=\"twitter:label2\" content=\"Tiempo de lectura estimado\" \/>\n\t\t<meta name=\"twitter:data2\" content=\"2 minutos\" \/>\n\t\t<script type=\"application\/ld+json\" class=\"aioseo-schema\">\n\t\t\t{\"@context\":\"https:\\\/\\\/schema.org\",\"@graph\":[{\"@type\":\"BlogPosting\",\"@id\":\"https:\\\/\\\/www.eldigitaldeasturias.com\\\/noticias\\\/aznar-dice-en-londres-que-la-ue-debe-mejorar-la-relacion-con-israel\\\/#blogposting\",\"name\":\"Aznar dice en Londres que la UE debe mejorar la relaci\\u00f3n con Israel - El Digital de Asturias\",\"headline\":\"Aznar dice en Londres que la UE debe mejorar la relaci\\u00f3n con Israel\",\"author\":{\"@id\":\"https:\\\/\\\/www.eldigitaldeasturias.com\\\/noticias\\\/author\\\/admin\\\/#author\"},\"publisher\":{\"@id\":\"https:\\\/\\\/www.eldigitaldeasturias.com\\\/noticias\\\/#organization\"},\"image\":{\"@type\":\"ImageObject\",\"url\":\"https:\\\/\\\/www.eldigitaldeasturias.com\\\/noticias\\\/wp-content\\\/uploads\\\/2026\\\/06\\\/Contenidos.jpg\",\"width\":1265,\"height\":697,\"caption\":\"Contenidos\"},\"datePublished\":\"2014-01-31T00:15:24+01:00\",\"dateModified\":\"2014-01-31T00:15:24+01:00\",\"inLanguage\":\"es-ES\",\"mainEntityOfPage\":{\"@id\":\"https:\\\/\\\/www.eldigitaldeasturias.com\\\/noticias\\\/aznar-dice-en-londres-que-la-ue-debe-mejorar-la-relacion-con-israel\\\/#webpage\"},\"isPartOf\":{\"@id\":\"https:\\\/\\\/www.eldigitaldeasturias.com\\\/noticias\\\/aznar-dice-en-londres-que-la-ue-debe-mejorar-la-relacion-con-israel\\\/#webpage\"},\"articleSection\":\"Actualidad\"},{\"@type\":\"BreadcrumbList\",\"@id\":\"https:\\\/\\\/www.eldigitaldeasturias.com\\\/noticias\\\/aznar-dice-en-londres-que-la-ue-debe-mejorar-la-relacion-con-israel\\\/#breadcrumblist\",\"itemListElement\":[{\"@type\":\"ListItem\",\"@id\":\"https:\\\/\\\/www.eldigitaldeasturias.com\\\/noticias#listItem\",\"position\":1,\"name\":\"Home\",\"item\":\"https:\\\/\\\/www.eldigitaldeasturias.com\\\/noticias\",\"nextItem\":{\"@type\":\"ListItem\",\"@id\":\"https:\\\/\\\/www.eldigitaldeasturias.com\\\/noticias\\\/category\\\/actualidad\\\/#listItem\",\"name\":\"Actualidad\"}},{\"@type\":\"ListItem\",\"@id\":\"https:\\\/\\\/www.eldigitaldeasturias.com\\\/noticias\\\/category\\\/actualidad\\\/#listItem\",\"position\":2,\"name\":\"Actualidad\",\"item\":\"https:\\\/\\\/www.eldigitaldeasturias.com\\\/noticias\\\/category\\\/actualidad\\\/\",\"nextItem\":{\"@type\":\"ListItem\",\"@id\":\"https:\\\/\\\/www.eldigitaldeasturias.com\\\/noticias\\\/aznar-dice-en-londres-que-la-ue-debe-mejorar-la-relacion-con-israel\\\/#listItem\",\"name\":\"Aznar dice en Londres que la UE debe mejorar la relaci\\u00f3n con Israel\"},\"previousItem\":{\"@type\":\"ListItem\",\"@id\":\"https:\\\/\\\/www.eldigitaldeasturias.com\\\/noticias#listItem\",\"name\":\"Home\"}},{\"@type\":\"ListItem\",\"@id\":\"https:\\\/\\\/www.eldigitaldeasturias.com\\\/noticias\\\/aznar-dice-en-londres-que-la-ue-debe-mejorar-la-relacion-con-israel\\\/#listItem\",\"position\":3,\"name\":\"Aznar dice en Londres que la UE debe mejorar la relaci\\u00f3n con Israel\",\"previousItem\":{\"@type\":\"ListItem\",\"@id\":\"https:\\\/\\\/www.eldigitaldeasturias.com\\\/noticias\\\/category\\\/actualidad\\\/#listItem\",\"name\":\"Actualidad\"}}]},{\"@type\":\"Organization\",\"@id\":\"https:\\\/\\\/www.eldigitaldeasturias.com\\\/noticias\\\/#organization\",\"name\":\"El Digital de Asturias\",\"description\":\"Hemeroteca\",\"url\":\"https:\\\/\\\/www.eldigitaldeasturias.com\\\/noticias\\\/\",\"email\":\"info@eldigitaldeasturias.com\",\"telephone\":\"+34652131393\",\"logo\":{\"@type\":\"ImageObject\",\"url\":\"https:\\\/\\\/www.eldigitaldeasturias.com\\\/noticias\\\/wp-content\\\/uploads\\\/2020\\\/12\\\/EDA.jpg\",\"@id\":\"https:\\\/\\\/www.eldigitaldeasturias.com\\\/noticias\\\/aznar-dice-en-londres-que-la-ue-debe-mejorar-la-relacion-con-israel\\\/#organizationLogo\"},\"image\":{\"@id\":\"https:\\\/\\\/www.eldigitaldeasturias.com\\\/noticias\\\/aznar-dice-en-londres-que-la-ue-debe-mejorar-la-relacion-con-israel\\\/#organizationLogo\"},\"sameAs\":[\"https:\\\/\\\/facebook.com\\\/eldigitaldeasturias\",\"https:\\\/\\\/www.youtube.com\\\/channel\\\/UCZP-2wLEB9Rv6erhFmqVnvg\"],\"address\":{\"@id\":\"https:\\\/\\\/www.eldigitaldeasturias.com\\\/noticias\\\/#postaladdress\",\"@type\":\"PostalAddress\",\"streetAddress\":\"san antonio 4\",\"postalCode\":\"33430\",\"addressLocality\":\"Cand\\u00e1s\",\"addressRegion\":\"Asturias\",\"addressCountry\":\"ES\"}},{\"@type\":\"Person\",\"@id\":\"https:\\\/\\\/www.eldigitaldeasturias.com\\\/noticias\\\/author\\\/admin\\\/#author\",\"url\":\"https:\\\/\\\/www.eldigitaldeasturias.com\\\/noticias\\\/author\\\/admin\\\/\",\"name\":\"El Digital de Asturias\",\"image\":{\"@type\":\"ImageObject\",\"@id\":\"https:\\\/\\\/www.eldigitaldeasturias.com\\\/noticias\\\/aznar-dice-en-londres-que-la-ue-debe-mejorar-la-relacion-con-israel\\\/#authorImage\",\"url\":\"https:\\\/\\\/secure.gravatar.com\\\/avatar\\\/df2aeffc32bcd13f8d26072ef8a91b623d677766deac7f97ca815868cd41bf5e?s=96&d=mm&r=g\",\"width\":96,\"height\":96,\"caption\":\"El Digital de Asturias\"}},{\"@type\":\"WebPage\",\"@id\":\"https:\\\/\\\/www.eldigitaldeasturias.com\\\/noticias\\\/aznar-dice-en-londres-que-la-ue-debe-mejorar-la-relacion-con-israel\\\/#webpage\",\"url\":\"https:\\\/\\\/www.eldigitaldeasturias.com\\\/noticias\\\/aznar-dice-en-londres-que-la-ue-debe-mejorar-la-relacion-con-israel\\\/\",\"name\":\"Aznar dice en Londres que la UE debe mejorar la relaci\\u00f3n con Israel - El Digital de Asturias\",\"description\":\"Londres, 30 ene (EFE).- El expresidente del Gobierno espa\\u00f1ol Jos\\u00e9 Mar\\u00eda Aznar afirm\\u00f3 hoy en una conferencia en Londres que la Uni\\u00f3n Europea (UE) debe mejorar su relaci\\u00f3n con Israel pues este pa\\u00eds \\\"tiene un valor estrat\\u00e9gico\\\" para el bloque comunitario. Aznar present\\u00f3 en la capital brit\\u00e1nica el \\u00faltimo informe del grupo \\\"Amigos de Israel\\\",\",\"inLanguage\":\"es-ES\",\"isPartOf\":{\"@id\":\"https:\\\/\\\/www.eldigitaldeasturias.com\\\/noticias\\\/#website\"},\"breadcrumb\":{\"@id\":\"https:\\\/\\\/www.eldigitaldeasturias.com\\\/noticias\\\/aznar-dice-en-londres-que-la-ue-debe-mejorar-la-relacion-con-israel\\\/#breadcrumblist\"},\"author\":{\"@id\":\"https:\\\/\\\/www.eldigitaldeasturias.com\\\/noticias\\\/author\\\/admin\\\/#author\"},\"creator\":{\"@id\":\"https:\\\/\\\/www.eldigitaldeasturias.com\\\/noticias\\\/author\\\/admin\\\/#author\"},\"image\":{\"@type\":\"ImageObject\",\"url\":\"https:\\\/\\\/www.eldigitaldeasturias.com\\\/noticias\\\/wp-content\\\/uploads\\\/2026\\\/06\\\/Contenidos.jpg\",\"@id\":\"https:\\\/\\\/www.eldigitaldeasturias.com\\\/noticias\\\/aznar-dice-en-londres-que-la-ue-debe-mejorar-la-relacion-con-israel\\\/#mainImage\",\"width\":1265,\"height\":697,\"caption\":\"Contenidos\"},\"primaryImageOfPage\":{\"@id\":\"https:\\\/\\\/www.eldigitaldeasturias.com\\\/noticias\\\/aznar-dice-en-londres-que-la-ue-debe-mejorar-la-relacion-con-israel\\\/#mainImage\"},\"datePublished\":\"2014-01-31T00:15:24+01:00\",\"dateModified\":\"2014-01-31T00:15:24+01:00\"},{\"@type\":\"WebSite\",\"@id\":\"https:\\\/\\\/www.eldigitaldeasturias.com\\\/noticias\\\/#website\",\"url\":\"https:\\\/\\\/www.eldigitaldeasturias.com\\\/noticias\\\/\",\"name\":\"El Digital de Asturias - Diario de actualidad y noticias\",\"alternateName\":\"El Digital de Asturias - Diario de actualidad y noticias\",\"description\":\"Hemeroteca\",\"inLanguage\":\"es-ES\",\"publisher\":{\"@id\":\"https:\\\/\\\/www.eldigitaldeasturias.com\\\/noticias\\\/#organization\"}}]}\n\t\t<\/script>\n\t\t<!-- All in One SEO Pro -->\r\n\t\t<title>Aznar dice en Londres que la UE debe mejorar la relaci\u00f3n con Israel - El Digital de Asturias<\/title>\n\n","aioseo_head_json":{"title":"Aznar dice en Londres que la UE debe mejorar la relaci\u00f3n con Israel - El Digital de Asturias","description":"Londres, 30 ene (EFE).- El expresidente del Gobierno espa\u00f1ol Jos\u00e9 Mar\u00eda Aznar afirm\u00f3 hoy en una conferencia en Londres que la Uni\u00f3n Europea (UE) debe mejorar su relaci\u00f3n con Israel pues este pa\u00eds \"tiene un valor estrat\u00e9gico\" para el bloque comunitario. Aznar present\u00f3 en la capital brit\u00e1nica el \u00faltimo informe del grupo \"Amigos de Israel\",","canonical_url":"https:\/\/www.eldigitaldeasturias.com\/noticias\/aznar-dice-en-londres-que-la-ue-debe-mejorar-la-relacion-con-israel\/","robots":"max-image-preview:large","keywords":"actualidad","webmasterTools":{"google-site-verification":"UA-38556648-1","msvalidate.01":"7dfe9f3f1b24437ab69f4f2559babe99","miscellaneous":""},"schema":{"@context":"https:\/\/schema.org","@graph":[{"@type":"BlogPosting","@id":"https:\/\/www.eldigitaldeasturias.com\/noticias\/aznar-dice-en-londres-que-la-ue-debe-mejorar-la-relacion-con-israel\/#blogposting","name":"Aznar dice en Londres que la UE debe mejorar la relaci\u00f3n con Israel - El Digital de Asturias","headline":"Aznar dice en Londres que la UE debe mejorar la relaci\u00f3n con Israel","author":{"@id":"https:\/\/www.eldigitaldeasturias.com\/noticias\/author\/admin\/#author"},"publisher":{"@id":"https:\/\/www.eldigitaldeasturias.com\/noticias\/#organization"},"image":{"@type":"ImageObject","url":"https:\/\/www.eldigitaldeasturias.com\/noticias\/wp-content\/uploads\/2026\/06\/Contenidos.jpg","width":1265,"height":697,"caption":"Contenidos"},"datePublished":"2014-01-31T00:15:24+01:00","dateModified":"2014-01-31T00:15:24+01:00","inLanguage":"es-ES","mainEntityOfPage":{"@id":"https:\/\/www.eldigitaldeasturias.com\/noticias\/aznar-dice-en-londres-que-la-ue-debe-mejorar-la-relacion-con-israel\/#webpage"},"isPartOf":{"@id":"https:\/\/www.eldigitaldeasturias.com\/noticias\/aznar-dice-en-londres-que-la-ue-debe-mejorar-la-relacion-con-israel\/#webpage"},"articleSection":"Actualidad"},{"@type":"BreadcrumbList","@id":"https:\/\/www.eldigitaldeasturias.com\/noticias\/aznar-dice-en-londres-que-la-ue-debe-mejorar-la-relacion-con-israel\/#breadcrumblist","itemListElement":[{"@type":"ListItem","@id":"https:\/\/www.eldigitaldeasturias.com\/noticias#listItem","position":1,"name":"Home","item":"https:\/\/www.eldigitaldeasturias.com\/noticias","nextItem":{"@type":"ListItem","@id":"https:\/\/www.eldigitaldeasturias.com\/noticias\/category\/actualidad\/#listItem","name":"Actualidad"}},{"@type":"ListItem","@id":"https:\/\/www.eldigitaldeasturias.com\/noticias\/category\/actualidad\/#listItem","position":2,"name":"Actualidad","item":"https:\/\/www.eldigitaldeasturias.com\/noticias\/category\/actualidad\/","nextItem":{"@type":"ListItem","@id":"https:\/\/www.eldigitaldeasturias.com\/noticias\/aznar-dice-en-londres-que-la-ue-debe-mejorar-la-relacion-con-israel\/#listItem","name":"Aznar dice en Londres que la UE debe mejorar la relaci\u00f3n con Israel"},"previousItem":{"@type":"ListItem","@id":"https:\/\/www.eldigitaldeasturias.com\/noticias#listItem","name":"Home"}},{"@type":"ListItem","@id":"https:\/\/www.eldigitaldeasturias.com\/noticias\/aznar-dice-en-londres-que-la-ue-debe-mejorar-la-relacion-con-israel\/#listItem","position":3,"name":"Aznar dice en Londres que la UE debe mejorar la relaci\u00f3n con Israel","previousItem":{"@type":"ListItem","@id":"https:\/\/www.eldigitaldeasturias.com\/noticias\/category\/actualidad\/#listItem","name":"Actualidad"}}]},{"@type":"Organization","@id":"https:\/\/www.eldigitaldeasturias.com\/noticias\/#organization","name":"El Digital de Asturias","description":"Hemeroteca","url":"https:\/\/www.eldigitaldeasturias.com\/noticias\/","email":"info@eldigitaldeasturias.com","telephone":"+34652131393","logo":{"@type":"ImageObject","url":"https:\/\/www.eldigitaldeasturias.com\/noticias\/wp-content\/uploads\/2020\/12\/EDA.jpg","@id":"https:\/\/www.eldigitaldeasturias.com\/noticias\/aznar-dice-en-londres-que-la-ue-debe-mejorar-la-relacion-con-israel\/#organizationLogo"},"image":{"@id":"https:\/\/www.eldigitaldeasturias.com\/noticias\/aznar-dice-en-londres-que-la-ue-debe-mejorar-la-relacion-con-israel\/#organizationLogo"},"sameAs":["https:\/\/facebook.com\/eldigitaldeasturias","https:\/\/www.youtube.com\/channel\/UCZP-2wLEB9Rv6erhFmqVnvg"],"address":{"@id":"https:\/\/www.eldigitaldeasturias.com\/noticias\/#postaladdress","@type":"PostalAddress","streetAddress":"san antonio 4","postalCode":"33430","addressLocality":"Cand\u00e1s","addressRegion":"Asturias","addressCountry":"ES"}},{"@type":"Person","@id":"https:\/\/www.eldigitaldeasturias.com\/noticias\/author\/admin\/#author","url":"https:\/\/www.eldigitaldeasturias.com\/noticias\/author\/admin\/","name":"El Digital de Asturias","image":{"@type":"ImageObject","@id":"https:\/\/www.eldigitaldeasturias.com\/noticias\/aznar-dice-en-londres-que-la-ue-debe-mejorar-la-relacion-con-israel\/#authorImage","url":"https:\/\/secure.gravatar.com\/avatar\/df2aeffc32bcd13f8d26072ef8a91b623d677766deac7f97ca815868cd41bf5e?s=96&d=mm&r=g","width":96,"height":96,"caption":"El Digital de Asturias"}},{"@type":"WebPage","@id":"https:\/\/www.eldigitaldeasturias.com\/noticias\/aznar-dice-en-londres-que-la-ue-debe-mejorar-la-relacion-con-israel\/#webpage","url":"https:\/\/www.eldigitaldeasturias.com\/noticias\/aznar-dice-en-londres-que-la-ue-debe-mejorar-la-relacion-con-israel\/","name":"Aznar dice en Londres que la UE debe mejorar la relaci\u00f3n con Israel - El Digital de Asturias","description":"Londres, 30 ene (EFE).- El expresidente del Gobierno espa\u00f1ol Jos\u00e9 Mar\u00eda Aznar afirm\u00f3 hoy en una conferencia en Londres que la Uni\u00f3n Europea (UE) debe mejorar su relaci\u00f3n con Israel pues este pa\u00eds \"tiene un valor estrat\u00e9gico\" para el bloque comunitario. Aznar present\u00f3 en la capital brit\u00e1nica el \u00faltimo informe del grupo \"Amigos de Israel\",","inLanguage":"es-ES","isPartOf":{"@id":"https:\/\/www.eldigitaldeasturias.com\/noticias\/#website"},"breadcrumb":{"@id":"https:\/\/www.eldigitaldeasturias.com\/noticias\/aznar-dice-en-londres-que-la-ue-debe-mejorar-la-relacion-con-israel\/#breadcrumblist"},"author":{"@id":"https:\/\/www.eldigitaldeasturias.com\/noticias\/author\/admin\/#author"},"creator":{"@id":"https:\/\/www.eldigitaldeasturias.com\/noticias\/author\/admin\/#author"},"image":{"@type":"ImageObject","url":"https:\/\/www.eldigitaldeasturias.com\/noticias\/wp-content\/uploads\/2026\/06\/Contenidos.jpg","@id":"https:\/\/www.eldigitaldeasturias.com\/noticias\/aznar-dice-en-londres-que-la-ue-debe-mejorar-la-relacion-con-israel\/#mainImage","width":1265,"height":697,"caption":"Contenidos"},"primaryImageOfPage":{"@id":"https:\/\/www.eldigitaldeasturias.com\/noticias\/aznar-dice-en-londres-que-la-ue-debe-mejorar-la-relacion-con-israel\/#mainImage"},"datePublished":"2014-01-31T00:15:24+01:00","dateModified":"2014-01-31T00:15:24+01:00"},{"@type":"WebSite","@id":"https:\/\/www.eldigitaldeasturias.com\/noticias\/#website","url":"https:\/\/www.eldigitaldeasturias.com\/noticias\/","name":"El Digital de Asturias - Diario de actualidad y noticias","alternateName":"El Digital de Asturias - Diario de actualidad y noticias","description":"Hemeroteca","inLanguage":"es-ES","publisher":{"@id":"https:\/\/www.eldigitaldeasturias.com\/noticias\/#organization"}}]},"og:locale":"es_ES","og:site_name":"El Digital de Asturias","og:type":"article","og:title":"Aznar dice en Londres que la UE debe mejorar la relaci\u00f3n con Israel - El Digital de Asturias","og:description":"Londres, 30 ene (EFE).- El expresidente del Gobierno espa\u00f1ol Jos\u00e9 Mar\u00eda Aznar afirm\u00f3 hoy en una conferencia en Londres que la Uni\u00f3n Europea (UE) debe mejorar su relaci\u00f3n con Israel pues este pa\u00eds &quot;tiene un valor estrat\u00e9gico&quot; para el bloque comunitario. Aznar present\u00f3 en la capital brit\u00e1nica el \u00faltimo informe del grupo &quot;Amigos de Israel&quot;,","og:url":"https:\/\/www.eldigitaldeasturias.com\/noticias\/aznar-dice-en-londres-que-la-ue-debe-mejorar-la-relacion-con-israel\/","og:image":"https:\/\/www.eldigitaldeasturias.com\/noticias\/wp-content\/uploads\/2026\/06\/Contenidos.jpg","og:image:secure_url":"https:\/\/www.eldigitaldeasturias.com\/noticias\/wp-content\/uploads\/2026\/06\/Contenidos.jpg","og:image:width":1265,"og:image:height":697,"article:tag":["actualidad"],"article:published_time":"2014-01-31T01:15:24+00:00","article:modified_time":"2014-01-31T01:15:24+00:00","article:publisher":"https:\/\/facebook.com\/eldigitaldeasturias","twitter:card":"summary_large_image","twitter:title":"Aznar dice en Londres que la UE debe mejorar la relaci\u00f3n con Israel - El Digital de Asturias","twitter:description":"Londres, 30 ene (EFE).- El expresidente del Gobierno espa\u00f1ol Jos\u00e9 Mar\u00eda Aznar afirm\u00f3 hoy en una conferencia en Londres que la Uni\u00f3n Europea (UE) debe mejorar su relaci\u00f3n con Israel pues este pa\u00eds &quot;tiene un valor estrat\u00e9gico&quot; para el bloque comunitario. Aznar present\u00f3 en la capital brit\u00e1nica el \u00faltimo informe del grupo &quot;Amigos de Israel&quot;,","twitter:image":"https:\/\/www.eldigitaldeasturias.com\/noticias\/wp-content\/uploads\/2026\/06\/Contenidos.jpg","twitter:label1":"Escrito por","twitter:data1":"El Digital de Asturias","twitter:label2":"Tiempo de lectura estimado","twitter:data2":"2 minutos"},"aioseo_meta_data":{"post_id":"480800","title":null,"description":null,"keywords":null,"keyphrases":null,"primary_term":null,"canonical_url":null,"og_title":null,"og_description":null,"og_object_type":"default","og_image_type":"default","og_image_url":null,"og_image_width":null,"og_image_height":null,"og_image_custom_url":null,"og_image_custom_fields":null,"og_video":null,"og_custom_url":null,"og_article_section":null,"og_article_tags":null,"twitter_use_og":true,"twitter_card":"default","twitter_image_type":"default","twitter_image_url":null,"twitter_image_custom_url":null,"twitter_image_custom_fields":null,"twitter_title":null,"twitter_description":null,"schema":{"blockGraphs":[],"customGraphs":[],"default":{"data":{"Article":[],"Course":[],"Dataset":[],"FAQPage":[],"Movie":[],"Person":[],"Product":[],"ProductReview":[],"Car":[],"Recipe":[],"Service":[],"SoftwareApplication":[],"WebPage":[]},"graphName":"","isEnabled":true},"graphs":[],"defaultGraph":"","defaultPostTypeGraph":""},"schema_type":null,"schema_type_options":null,"pillar_content":false,"robots_default":true,"robots_noindex":false,"robots_noarchive":false,"robots_nosnippet":false,"robots_nofollow":false,"robots_noimageindex":false,"robots_noodp":false,"robots_notranslate":false,"robots_max_snippet":null,"robots_max_videopreview":null,"robots_max_imagepreview":"none","priority":null,"frequency":null,"local_seo":null,"seo_analyzer_scan_date":"2026-06-02 04:51:53","breadcrumb_settings":null,"limit_modified_date":false,"open_ai":null,"ai":null,"created":"2020-11-14 22:54:14","updated":"2026-06-02 04:51:53","focus_keyword":null,"additional_keywords":null,"truseo_locale":null},"aioseo_breadcrumb":"<div class=\"aioseo-breadcrumbs\"><span class=\"aioseo-breadcrumb\">\n\t<a href=\"https:\/\/www.eldigitaldeasturias.com\/noticias\" title=\"Home\">Home<\/a>\n<\/span><span class=\"aioseo-breadcrumb-separator\">\u2013<\/span><span class=\"aioseo-breadcrumb\">\n\t<a href=\"https:\/\/www.eldigitaldeasturias.com\/noticias\/category\/actualidad\/\" title=\"Actualidad\">Actualidad<\/a>\n<\/span><span class=\"aioseo-breadcrumb-separator\">\u2013<\/span><span class=\"aioseo-breadcrumb\">\n\t<a href=\"https:\/\/www.eldigitaldeasturias.com\/noticias\/aznar-dice-en-londres-que-la-ue-debe-mejorar-la-relacion-con-israel\/\" title=\"Aznar dice en Londres que la UE debe mejorar la relaci\u00f3n con Israel\">Aznar dice en Londres que la UE debe mejorar la relaci\u00f3n con Israel<\/a>\n<\/span><\/div>","aioseo_breadcrumb_json":[{"label":"Home","link":"https:\/\/www.eldigitaldeasturias.com\/noticias"},{"label":"Actualidad","link":"https:\/\/www.eldigitaldeasturias.com\/noticias\/category\/actualidad\/"},{"label":"Aznar dice en Londres que la UE debe mejorar la relaci\u00f3n con Israel","link":"https:\/\/www.eldigitaldeasturias.com\/noticias\/aznar-dice-en-londres-que-la-ue-debe-mejorar-la-relacion-con-israel\/"}],"_links":{"self":[{"href":"https:\/\/www.eldigitaldeasturias.com\/noticias\/wp-json\/wp\/v2\/posts\/480800","targetHints":{"allow":["GET"]}}],"collection":[{"href":"https:\/\/www.eldigitaldeasturias.com\/noticias\/wp-json\/wp\/v2\/posts"}],"about":[{"href":"https:\/\/www.eldigitaldeasturias.com\/noticias\/wp-json\/wp\/v2\/types\/post"}],"author":[{"embeddable":true,"href":"https:\/\/www.eldigitaldeasturias.com\/noticias\/wp-json\/wp\/v2\/users\/1"}],"replies":[{"embeddable":true,"href":"https:\/\/www.eldigitaldeasturias.com\/noticias\/wp-json\/wp\/v2\/comments?post=480800"}],"version-history":[{"count":0,"href":"https:\/\/www.eldigitaldeasturias.com\/noticias\/wp-json\/wp\/v2\/posts\/480800\/revisions"}],"wp:featuredmedia":[{"embeddable":true,"href":"https:\/\/www.eldigitaldeasturias.com\/noticias\/wp-json\/wp\/v2\/media\/1132184"}],"wp:attachment":[{"href":"https:\/\/www.eldigitaldeasturias.com\/noticias\/wp-json\/wp\/v2\/media?parent=480800"}],"wp:term":[{"taxonomy":"category","embeddable":true,"href":"https:\/\/www.eldigitaldeasturias.com\/noticias\/wp-json\/wp\/v2\/categories?post=480800"},{"taxonomy":"post_tag","embeddable":true,"href":"https:\/\/www.eldigitaldeasturias.com\/noticias\/wp-json\/wp\/v2\/tags?post=480800"}],"curies":[{"name":"wp","href":"https:\/\/api.w.org\/{rel}","templated":true}]}}