{"id":480794,"date":"2014-01-31T00:13:11","date_gmt":"2014-01-31T01:13:11","guid":{"rendered":"http:\/\/www.eldigitaldeasturias.com\/noticias\/?p=480794"},"modified":"2014-01-31T00:13:11","modified_gmt":"2014-01-31T01:13:11","slug":"el-gobierno-argentino-acusa-a-empresarios-de-perjudicar-a-la-economia","status":"publish","type":"post","link":"https:\/\/www.eldigitaldeasturias.com\/noticias\/el-gobierno-argentino-acusa-a-empresarios-de-perjudicar-a-la-economia\/","title":{"rendered":"El Gobierno argentino acusa a empresarios de perjudicar a la econom\u00eda"},"content":{"rendered":"<p><img loading=\"lazy\" decoding=\"async\" class=\"alignleft size-medium wp-image-480795\" alt=\"5891868w\" src=\"https:\/\/www.eldigitaldeasturias.com\/noticias\/wp-content\/uploads\/2014\/01\/5891868w-360x235.jpg\" width=\"360\" height=\"235\" \/>Buenos Aires, 30 ene (EFE).- El jefe de Gabinete argentino, Jorge Capitanich, acus\u00f3 hoy a los empresarios de tener conductas \u00abnocivas\u00bb e \u00abinescrupulosas\u00bb que perjudican la econom\u00eda del pa\u00eds y defendi\u00f3 la intervenci\u00f3n estatal para frenar la escalada inflacionaria.<\/p>\n<p>\u00abLas conductas empresariales en la Rep\u00fablica Argentina son nocivas para el funcionamiento del sistema econ\u00f3mico\u00bb, dijo Capitanich en rueda de prensa.<\/p>\n<p>\u00abLa intervenci\u00f3n del Estado va a permitir regular el comportamiento de la cadena (de valor)\u00bb, continu\u00f3.<\/p>\n<p>El jefe de Gabinete arremeti\u00f3 especialmente contra los representantes de los laboratorios, a los que convocar\u00e1 para un encuentro en los pr\u00f3ximos d\u00edas, al asegurar que tienen una \u00abclara propensi\u00f3n a la inconducta de car\u00e1cter empresarial\u00bb.<\/p>\n<p>El Gobierno argentino se reunir\u00e1 hoy con empresarios y sindicalistas del sector de la construcci\u00f3n para pactar una lista de precios de materiales que ser\u00e1 difundida el pr\u00f3ximo lunes, anticip\u00f3 el jefe de Gabinete.<\/p>\n<p>Capitanich inform\u00f3 tambi\u00e9n de encuentros del ministro de Agricultura, Ganader\u00eda y Pesca, Carlos Casamiquela, con proveedores de agroqu\u00edmicos, fertilizantes e insumos veterinarios.<\/p>\n<p>Adem\u00e1s, subray\u00f3 que \u00abno hay variaciones\u00bb en el precio de los combustibles y rechaz\u00f3 la posibilidad de alterar las negociaciones colectivas de trabajo para agregar un pago extra, tal y como exigen los sindicatos opositores.<\/p>\n<p>El Ejecutivo encabezado por Cristina Fern\u00e1ndez busca cerrar acuerdos de precios con todos los sectores econ\u00f3micos para evitar una aceleraci\u00f3n de la inflaci\u00f3n tras la devaluaci\u00f3n del peso, que se ha depreciado m\u00e1s de un 34 % este mes frente al d\u00f3lar.<\/p>\n<p>En el presupuesto para 2014, el Gobierno argentino estim\u00f3 para este a\u00f1o una inflaci\u00f3n del 10,4 %, pero las consultoras prev\u00e9n que el aumento de precios en el pa\u00eds suramericano rondar\u00e1 el 30 %.<\/p>\n","protected":false},"excerpt":{"rendered":"<p>Buenos Aires, 30 ene (EFE).- El jefe de Gabinete argentino, Jorge Capitanich, acus\u00f3 hoy a los empresarios de tener conductas \u00abnocivas\u00bb e \u00abinescrupulosas\u00bb que perjudican la econom\u00eda del pa\u00eds y defendi\u00f3 la intervenci\u00f3n estatal para frenar la escalada inflacionaria. \u00abLas conductas empresariales en la Rep\u00fablica Argentina son nocivas para el funcionamiento del sistema econ\u00f3mico\u00bb, dijo [&hellip;]<\/p>\n","protected":false},"author":1,"featured_media":1132184,"comment_status":"closed","ping_status":"open","sticky":false,"template":"","format":"standard","meta":{"footnotes":""},"categories":[1],"tags":[],"class_list":["post-480794","post","type-post","status-publish","format-standard","has-post-thumbnail","hentry","category-actualidad"],"aioseo_notices":[],"aioseo_head":"\n\t\t<!-- All in One SEO Pro 5.0.1 - aioseo.com -->\n\t<meta name=\"description\" content=\"Buenos Aires, 30 ene (EFE).- El jefe de Gabinete argentino, Jorge Capitanich, acus\u00f3 hoy a los empresarios de tener conductas &quot;nocivas&quot; e &quot;inescrupulosas&quot; que perjudican la econom\u00eda del pa\u00eds y defendi\u00f3 la intervenci\u00f3n estatal para frenar la escalada inflacionaria. &quot;Las conductas empresariales en la Rep\u00fablica Argentina son nocivas para el funcionamiento del sistema econ\u00f3mico&quot;, dijo\" \/>\n\t<meta name=\"robots\" content=\"max-image-preview:large\" \/>\n\t<meta name=\"author\" content=\"El Digital de Asturias\"\/>\n\t<meta name=\"google-site-verification\" content=\"UA-38556648-1\" \/>\n\t<meta name=\"msvalidate.01\" content=\"7dfe9f3f1b24437ab69f4f2559babe99\" \/>\n\t<meta name=\"keywords\" content=\"actualidad\" \/>\n\t<link rel=\"canonical\" href=\"https:\/\/www.eldigitaldeasturias.com\/noticias\/el-gobierno-argentino-acusa-a-empresarios-de-perjudicar-a-la-economia\/\" \/>\n\t<meta name=\"generator\" content=\"All in One SEO Pro (AIOSEO) 5.0.1\" \/>\n\t\t<meta property=\"og:locale\" content=\"es_ES\" \/>\n\t\t<meta property=\"og:site_name\" content=\"El Digital de Asturias\" \/>\n\t\t<meta property=\"og:type\" content=\"article\" \/>\n\t\t<meta property=\"og:title\" content=\"El Gobierno argentino acusa a empresarios de perjudicar a la econom\u00eda - El Digital de Asturias\" \/>\n\t\t<meta property=\"og:description\" content=\"Buenos Aires, 30 ene (EFE).- El jefe de Gabinete argentino, Jorge Capitanich, acus\u00f3 hoy a los empresarios de tener conductas &quot;nocivas&quot; e &quot;inescrupulosas&quot; que perjudican la econom\u00eda del pa\u00eds y defendi\u00f3 la intervenci\u00f3n estatal para frenar la escalada inflacionaria. &quot;Las conductas empresariales en la Rep\u00fablica Argentina son nocivas para el funcionamiento del sistema econ\u00f3mico&quot;, dijo\" \/>\n\t\t<meta property=\"og:url\" content=\"https:\/\/www.eldigitaldeasturias.com\/noticias\/el-gobierno-argentino-acusa-a-empresarios-de-perjudicar-a-la-economia\/\" \/>\n\t\t<meta property=\"og:image\" content=\"https:\/\/www.eldigitaldeasturias.com\/noticias\/wp-content\/uploads\/2026\/06\/Contenidos.jpg\" \/>\n\t\t<meta property=\"og:image:secure_url\" content=\"https:\/\/www.eldigitaldeasturias.com\/noticias\/wp-content\/uploads\/2026\/06\/Contenidos.jpg\" \/>\n\t\t<meta property=\"og:image:width\" content=\"1265\" \/>\n\t\t<meta property=\"og:image:height\" content=\"697\" \/>\n\t\t<meta property=\"article:tag\" content=\"actualidad\" \/>\n\t\t<meta property=\"article:published_time\" content=\"2014-01-31T01:13:11+00:00\" \/>\n\t\t<meta property=\"article:modified_time\" content=\"2014-01-31T01:13:11+00:00\" \/>\n\t\t<meta property=\"article:publisher\" content=\"https:\/\/facebook.com\/eldigitaldeasturias\" \/>\n\t\t<meta name=\"twitter:card\" content=\"summary_large_image\" \/>\n\t\t<meta name=\"twitter:title\" content=\"El Gobierno argentino acusa a empresarios de perjudicar a la econom\u00eda - El Digital de Asturias\" \/>\n\t\t<meta name=\"twitter:description\" content=\"Buenos Aires, 30 ene (EFE).- El jefe de Gabinete argentino, Jorge Capitanich, acus\u00f3 hoy a los empresarios de tener conductas &quot;nocivas&quot; e &quot;inescrupulosas&quot; que perjudican la econom\u00eda del pa\u00eds y defendi\u00f3 la intervenci\u00f3n estatal para frenar la escalada inflacionaria. &quot;Las conductas empresariales en la Rep\u00fablica Argentina son nocivas para el funcionamiento del sistema econ\u00f3mico&quot;, dijo\" \/>\n\t\t<meta name=\"twitter:image\" content=\"https:\/\/www.eldigitaldeasturias.com\/noticias\/wp-content\/uploads\/2026\/06\/Contenidos.jpg\" \/>\n\t\t<meta name=\"twitter:label1\" content=\"Escrito por\" \/>\n\t\t<meta name=\"twitter:data1\" content=\"El Digital de Asturias\" \/>\n\t\t<meta name=\"twitter:label2\" content=\"Tiempo de lectura estimado\" \/>\n\t\t<meta name=\"twitter:data2\" content=\"1 minuto\" \/>\n\t\t<script type=\"application\/ld+json\" class=\"aioseo-schema\">\n\t\t\t{\"@context\":\"https:\\\/\\\/schema.org\",\"@graph\":[{\"@type\":\"BlogPosting\",\"@id\":\"https:\\\/\\\/www.eldigitaldeasturias.com\\\/noticias\\\/el-gobierno-argentino-acusa-a-empresarios-de-perjudicar-a-la-economia\\\/#blogposting\",\"name\":\"El Gobierno argentino acusa a empresarios de perjudicar a la econom\\u00eda - El Digital de Asturias\",\"headline\":\"El Gobierno argentino acusa a empresarios de perjudicar a la econom\\u00eda\",\"author\":{\"@id\":\"https:\\\/\\\/www.eldigitaldeasturias.com\\\/noticias\\\/author\\\/admin\\\/#author\"},\"publisher\":{\"@id\":\"https:\\\/\\\/www.eldigitaldeasturias.com\\\/noticias\\\/#organization\"},\"image\":{\"@type\":\"ImageObject\",\"url\":\"https:\\\/\\\/www.eldigitaldeasturias.com\\\/noticias\\\/wp-content\\\/uploads\\\/2026\\\/06\\\/Contenidos.jpg\",\"width\":1265,\"height\":697,\"caption\":\"Contenidos\"},\"datePublished\":\"2014-01-31T00:13:11+01:00\",\"dateModified\":\"2014-01-31T00:13:11+01:00\",\"inLanguage\":\"es-ES\",\"mainEntityOfPage\":{\"@id\":\"https:\\\/\\\/www.eldigitaldeasturias.com\\\/noticias\\\/el-gobierno-argentino-acusa-a-empresarios-de-perjudicar-a-la-economia\\\/#webpage\"},\"isPartOf\":{\"@id\":\"https:\\\/\\\/www.eldigitaldeasturias.com\\\/noticias\\\/el-gobierno-argentino-acusa-a-empresarios-de-perjudicar-a-la-economia\\\/#webpage\"},\"articleSection\":\"Actualidad\"},{\"@type\":\"BreadcrumbList\",\"@id\":\"https:\\\/\\\/www.eldigitaldeasturias.com\\\/noticias\\\/el-gobierno-argentino-acusa-a-empresarios-de-perjudicar-a-la-economia\\\/#breadcrumblist\",\"itemListElement\":[{\"@type\":\"ListItem\",\"@id\":\"https:\\\/\\\/www.eldigitaldeasturias.com\\\/noticias#listItem\",\"position\":1,\"name\":\"Home\",\"item\":\"https:\\\/\\\/www.eldigitaldeasturias.com\\\/noticias\",\"nextItem\":{\"@type\":\"ListItem\",\"@id\":\"https:\\\/\\\/www.eldigitaldeasturias.com\\\/noticias\\\/category\\\/actualidad\\\/#listItem\",\"name\":\"Actualidad\"}},{\"@type\":\"ListItem\",\"@id\":\"https:\\\/\\\/www.eldigitaldeasturias.com\\\/noticias\\\/category\\\/actualidad\\\/#listItem\",\"position\":2,\"name\":\"Actualidad\",\"item\":\"https:\\\/\\\/www.eldigitaldeasturias.com\\\/noticias\\\/category\\\/actualidad\\\/\",\"nextItem\":{\"@type\":\"ListItem\",\"@id\":\"https:\\\/\\\/www.eldigitaldeasturias.com\\\/noticias\\\/el-gobierno-argentino-acusa-a-empresarios-de-perjudicar-a-la-economia\\\/#listItem\",\"name\":\"El Gobierno argentino acusa a empresarios de perjudicar a la econom\\u00eda\"},\"previousItem\":{\"@type\":\"ListItem\",\"@id\":\"https:\\\/\\\/www.eldigitaldeasturias.com\\\/noticias#listItem\",\"name\":\"Home\"}},{\"@type\":\"ListItem\",\"@id\":\"https:\\\/\\\/www.eldigitaldeasturias.com\\\/noticias\\\/el-gobierno-argentino-acusa-a-empresarios-de-perjudicar-a-la-economia\\\/#listItem\",\"position\":3,\"name\":\"El Gobierno argentino acusa a empresarios de perjudicar a la econom\\u00eda\",\"previousItem\":{\"@type\":\"ListItem\",\"@id\":\"https:\\\/\\\/www.eldigitaldeasturias.com\\\/noticias\\\/category\\\/actualidad\\\/#listItem\",\"name\":\"Actualidad\"}}]},{\"@type\":\"Organization\",\"@id\":\"https:\\\/\\\/www.eldigitaldeasturias.com\\\/noticias\\\/#organization\",\"name\":\"El Digital de Asturias\",\"description\":\"Hemeroteca\",\"url\":\"https:\\\/\\\/www.eldigitaldeasturias.com\\\/noticias\\\/\",\"email\":\"info@eldigitaldeasturias.com\",\"telephone\":\"+34652131393\",\"logo\":{\"@type\":\"ImageObject\",\"url\":\"https:\\\/\\\/www.eldigitaldeasturias.com\\\/noticias\\\/wp-content\\\/uploads\\\/2020\\\/12\\\/EDA.jpg\",\"@id\":\"https:\\\/\\\/www.eldigitaldeasturias.com\\\/noticias\\\/el-gobierno-argentino-acusa-a-empresarios-de-perjudicar-a-la-economia\\\/#organizationLogo\"},\"image\":{\"@id\":\"https:\\\/\\\/www.eldigitaldeasturias.com\\\/noticias\\\/el-gobierno-argentino-acusa-a-empresarios-de-perjudicar-a-la-economia\\\/#organizationLogo\"},\"sameAs\":[\"https:\\\/\\\/facebook.com\\\/eldigitaldeasturias\",\"https:\\\/\\\/www.youtube.com\\\/channel\\\/UCZP-2wLEB9Rv6erhFmqVnvg\"],\"address\":{\"@id\":\"https:\\\/\\\/www.eldigitaldeasturias.com\\\/noticias\\\/#postaladdress\",\"@type\":\"PostalAddress\",\"streetAddress\":\"san antonio 4\",\"postalCode\":\"33430\",\"addressLocality\":\"Cand\\u00e1s\",\"addressRegion\":\"Asturias\",\"addressCountry\":\"ES\"}},{\"@type\":\"Person\",\"@id\":\"https:\\\/\\\/www.eldigitaldeasturias.com\\\/noticias\\\/author\\\/admin\\\/#author\",\"url\":\"https:\\\/\\\/www.eldigitaldeasturias.com\\\/noticias\\\/author\\\/admin\\\/\",\"name\":\"El Digital de Asturias\",\"image\":{\"@type\":\"ImageObject\",\"@id\":\"https:\\\/\\\/www.eldigitaldeasturias.com\\\/noticias\\\/el-gobierno-argentino-acusa-a-empresarios-de-perjudicar-a-la-economia\\\/#authorImage\",\"url\":\"https:\\\/\\\/secure.gravatar.com\\\/avatar\\\/df2aeffc32bcd13f8d26072ef8a91b623d677766deac7f97ca815868cd41bf5e?s=96&d=mm&r=g\",\"width\":96,\"height\":96,\"caption\":\"El Digital de Asturias\"}},{\"@type\":\"WebPage\",\"@id\":\"https:\\\/\\\/www.eldigitaldeasturias.com\\\/noticias\\\/el-gobierno-argentino-acusa-a-empresarios-de-perjudicar-a-la-economia\\\/#webpage\",\"url\":\"https:\\\/\\\/www.eldigitaldeasturias.com\\\/noticias\\\/el-gobierno-argentino-acusa-a-empresarios-de-perjudicar-a-la-economia\\\/\",\"name\":\"El Gobierno argentino acusa a empresarios de perjudicar a la econom\\u00eda - El Digital de Asturias\",\"description\":\"Buenos Aires, 30 ene (EFE).- El jefe de Gabinete argentino, Jorge Capitanich, acus\\u00f3 hoy a los empresarios de tener conductas \\\"nocivas\\\" e \\\"inescrupulosas\\\" que perjudican la econom\\u00eda del pa\\u00eds y defendi\\u00f3 la intervenci\\u00f3n estatal para frenar la escalada inflacionaria. \\\"Las conductas empresariales en la Rep\\u00fablica Argentina son nocivas para el funcionamiento del sistema econ\\u00f3mico\\\", dijo\",\"inLanguage\":\"es-ES\",\"isPartOf\":{\"@id\":\"https:\\\/\\\/www.eldigitaldeasturias.com\\\/noticias\\\/#website\"},\"breadcrumb\":{\"@id\":\"https:\\\/\\\/www.eldigitaldeasturias.com\\\/noticias\\\/el-gobierno-argentino-acusa-a-empresarios-de-perjudicar-a-la-economia\\\/#breadcrumblist\"},\"author\":{\"@id\":\"https:\\\/\\\/www.eldigitaldeasturias.com\\\/noticias\\\/author\\\/admin\\\/#author\"},\"creator\":{\"@id\":\"https:\\\/\\\/www.eldigitaldeasturias.com\\\/noticias\\\/author\\\/admin\\\/#author\"},\"image\":{\"@type\":\"ImageObject\",\"url\":\"https:\\\/\\\/www.eldigitaldeasturias.com\\\/noticias\\\/wp-content\\\/uploads\\\/2026\\\/06\\\/Contenidos.jpg\",\"@id\":\"https:\\\/\\\/www.eldigitaldeasturias.com\\\/noticias\\\/el-gobierno-argentino-acusa-a-empresarios-de-perjudicar-a-la-economia\\\/#mainImage\",\"width\":1265,\"height\":697,\"caption\":\"Contenidos\"},\"primaryImageOfPage\":{\"@id\":\"https:\\\/\\\/www.eldigitaldeasturias.com\\\/noticias\\\/el-gobierno-argentino-acusa-a-empresarios-de-perjudicar-a-la-economia\\\/#mainImage\"},\"datePublished\":\"2014-01-31T00:13:11+01:00\",\"dateModified\":\"2014-01-31T00:13:11+01:00\"},{\"@type\":\"WebSite\",\"@id\":\"https:\\\/\\\/www.eldigitaldeasturias.com\\\/noticias\\\/#website\",\"url\":\"https:\\\/\\\/www.eldigitaldeasturias.com\\\/noticias\\\/\",\"name\":\"El Digital de Asturias - Diario de actualidad y noticias\",\"alternateName\":\"El Digital de Asturias - Diario de actualidad y noticias\",\"description\":\"Hemeroteca\",\"inLanguage\":\"es-ES\",\"publisher\":{\"@id\":\"https:\\\/\\\/www.eldigitaldeasturias.com\\\/noticias\\\/#organization\"}}]}\n\t\t<\/script>\n\t\t<!-- All in One SEO Pro -->\r\n\t\t<title>El Gobierno argentino acusa a empresarios de perjudicar a la econom\u00eda - El Digital de Asturias<\/title>\n\n","aioseo_head_json":{"title":"El Gobierno argentino acusa a empresarios de perjudicar a la econom\u00eda - El Digital de Asturias","description":"Buenos Aires, 30 ene (EFE).- El jefe de Gabinete argentino, Jorge Capitanich, acus\u00f3 hoy a los empresarios de tener conductas \"nocivas\" e \"inescrupulosas\" que perjudican la econom\u00eda del pa\u00eds y defendi\u00f3 la intervenci\u00f3n estatal para frenar la escalada inflacionaria. \"Las conductas empresariales en la Rep\u00fablica Argentina son nocivas para el funcionamiento del sistema econ\u00f3mico\", dijo","canonical_url":"https:\/\/www.eldigitaldeasturias.com\/noticias\/el-gobierno-argentino-acusa-a-empresarios-de-perjudicar-a-la-economia\/","robots":"max-image-preview:large","keywords":"actualidad","webmasterTools":{"google-site-verification":"UA-38556648-1","msvalidate.01":"7dfe9f3f1b24437ab69f4f2559babe99","miscellaneous":""},"schema":{"@context":"https:\/\/schema.org","@graph":[{"@type":"BlogPosting","@id":"https:\/\/www.eldigitaldeasturias.com\/noticias\/el-gobierno-argentino-acusa-a-empresarios-de-perjudicar-a-la-economia\/#blogposting","name":"El Gobierno argentino acusa a empresarios de perjudicar a la econom\u00eda - El Digital de Asturias","headline":"El Gobierno argentino acusa a empresarios de perjudicar a la econom\u00eda","author":{"@id":"https:\/\/www.eldigitaldeasturias.com\/noticias\/author\/admin\/#author"},"publisher":{"@id":"https:\/\/www.eldigitaldeasturias.com\/noticias\/#organization"},"image":{"@type":"ImageObject","url":"https:\/\/www.eldigitaldeasturias.com\/noticias\/wp-content\/uploads\/2026\/06\/Contenidos.jpg","width":1265,"height":697,"caption":"Contenidos"},"datePublished":"2014-01-31T00:13:11+01:00","dateModified":"2014-01-31T00:13:11+01:00","inLanguage":"es-ES","mainEntityOfPage":{"@id":"https:\/\/www.eldigitaldeasturias.com\/noticias\/el-gobierno-argentino-acusa-a-empresarios-de-perjudicar-a-la-economia\/#webpage"},"isPartOf":{"@id":"https:\/\/www.eldigitaldeasturias.com\/noticias\/el-gobierno-argentino-acusa-a-empresarios-de-perjudicar-a-la-economia\/#webpage"},"articleSection":"Actualidad"},{"@type":"BreadcrumbList","@id":"https:\/\/www.eldigitaldeasturias.com\/noticias\/el-gobierno-argentino-acusa-a-empresarios-de-perjudicar-a-la-economia\/#breadcrumblist","itemListElement":[{"@type":"ListItem","@id":"https:\/\/www.eldigitaldeasturias.com\/noticias#listItem","position":1,"name":"Home","item":"https:\/\/www.eldigitaldeasturias.com\/noticias","nextItem":{"@type":"ListItem","@id":"https:\/\/www.eldigitaldeasturias.com\/noticias\/category\/actualidad\/#listItem","name":"Actualidad"}},{"@type":"ListItem","@id":"https:\/\/www.eldigitaldeasturias.com\/noticias\/category\/actualidad\/#listItem","position":2,"name":"Actualidad","item":"https:\/\/www.eldigitaldeasturias.com\/noticias\/category\/actualidad\/","nextItem":{"@type":"ListItem","@id":"https:\/\/www.eldigitaldeasturias.com\/noticias\/el-gobierno-argentino-acusa-a-empresarios-de-perjudicar-a-la-economia\/#listItem","name":"El Gobierno argentino acusa a empresarios de perjudicar a la econom\u00eda"},"previousItem":{"@type":"ListItem","@id":"https:\/\/www.eldigitaldeasturias.com\/noticias#listItem","name":"Home"}},{"@type":"ListItem","@id":"https:\/\/www.eldigitaldeasturias.com\/noticias\/el-gobierno-argentino-acusa-a-empresarios-de-perjudicar-a-la-economia\/#listItem","position":3,"name":"El Gobierno argentino acusa a empresarios de perjudicar a la econom\u00eda","previousItem":{"@type":"ListItem","@id":"https:\/\/www.eldigitaldeasturias.com\/noticias\/category\/actualidad\/#listItem","name":"Actualidad"}}]},{"@type":"Organization","@id":"https:\/\/www.eldigitaldeasturias.com\/noticias\/#organization","name":"El Digital de Asturias","description":"Hemeroteca","url":"https:\/\/www.eldigitaldeasturias.com\/noticias\/","email":"info@eldigitaldeasturias.com","telephone":"+34652131393","logo":{"@type":"ImageObject","url":"https:\/\/www.eldigitaldeasturias.com\/noticias\/wp-content\/uploads\/2020\/12\/EDA.jpg","@id":"https:\/\/www.eldigitaldeasturias.com\/noticias\/el-gobierno-argentino-acusa-a-empresarios-de-perjudicar-a-la-economia\/#organizationLogo"},"image":{"@id":"https:\/\/www.eldigitaldeasturias.com\/noticias\/el-gobierno-argentino-acusa-a-empresarios-de-perjudicar-a-la-economia\/#organizationLogo"},"sameAs":["https:\/\/facebook.com\/eldigitaldeasturias","https:\/\/www.youtube.com\/channel\/UCZP-2wLEB9Rv6erhFmqVnvg"],"address":{"@id":"https:\/\/www.eldigitaldeasturias.com\/noticias\/#postaladdress","@type":"PostalAddress","streetAddress":"san antonio 4","postalCode":"33430","addressLocality":"Cand\u00e1s","addressRegion":"Asturias","addressCountry":"ES"}},{"@type":"Person","@id":"https:\/\/www.eldigitaldeasturias.com\/noticias\/author\/admin\/#author","url":"https:\/\/www.eldigitaldeasturias.com\/noticias\/author\/admin\/","name":"El Digital de Asturias","image":{"@type":"ImageObject","@id":"https:\/\/www.eldigitaldeasturias.com\/noticias\/el-gobierno-argentino-acusa-a-empresarios-de-perjudicar-a-la-economia\/#authorImage","url":"https:\/\/secure.gravatar.com\/avatar\/df2aeffc32bcd13f8d26072ef8a91b623d677766deac7f97ca815868cd41bf5e?s=96&d=mm&r=g","width":96,"height":96,"caption":"El Digital de Asturias"}},{"@type":"WebPage","@id":"https:\/\/www.eldigitaldeasturias.com\/noticias\/el-gobierno-argentino-acusa-a-empresarios-de-perjudicar-a-la-economia\/#webpage","url":"https:\/\/www.eldigitaldeasturias.com\/noticias\/el-gobierno-argentino-acusa-a-empresarios-de-perjudicar-a-la-economia\/","name":"El Gobierno argentino acusa a empresarios de perjudicar a la econom\u00eda - El Digital de Asturias","description":"Buenos Aires, 30 ene (EFE).- El jefe de Gabinete argentino, Jorge Capitanich, acus\u00f3 hoy a los empresarios de tener conductas \"nocivas\" e \"inescrupulosas\" que perjudican la econom\u00eda del pa\u00eds y defendi\u00f3 la intervenci\u00f3n estatal para frenar la escalada inflacionaria. \"Las conductas empresariales en la Rep\u00fablica Argentina son nocivas para el funcionamiento del sistema econ\u00f3mico\", dijo","inLanguage":"es-ES","isPartOf":{"@id":"https:\/\/www.eldigitaldeasturias.com\/noticias\/#website"},"breadcrumb":{"@id":"https:\/\/www.eldigitaldeasturias.com\/noticias\/el-gobierno-argentino-acusa-a-empresarios-de-perjudicar-a-la-economia\/#breadcrumblist"},"author":{"@id":"https:\/\/www.eldigitaldeasturias.com\/noticias\/author\/admin\/#author"},"creator":{"@id":"https:\/\/www.eldigitaldeasturias.com\/noticias\/author\/admin\/#author"},"image":{"@type":"ImageObject","url":"https:\/\/www.eldigitaldeasturias.com\/noticias\/wp-content\/uploads\/2026\/06\/Contenidos.jpg","@id":"https:\/\/www.eldigitaldeasturias.com\/noticias\/el-gobierno-argentino-acusa-a-empresarios-de-perjudicar-a-la-economia\/#mainImage","width":1265,"height":697,"caption":"Contenidos"},"primaryImageOfPage":{"@id":"https:\/\/www.eldigitaldeasturias.com\/noticias\/el-gobierno-argentino-acusa-a-empresarios-de-perjudicar-a-la-economia\/#mainImage"},"datePublished":"2014-01-31T00:13:11+01:00","dateModified":"2014-01-31T00:13:11+01:00"},{"@type":"WebSite","@id":"https:\/\/www.eldigitaldeasturias.com\/noticias\/#website","url":"https:\/\/www.eldigitaldeasturias.com\/noticias\/","name":"El Digital de Asturias - Diario de actualidad y noticias","alternateName":"El Digital de Asturias - Diario de actualidad y noticias","description":"Hemeroteca","inLanguage":"es-ES","publisher":{"@id":"https:\/\/www.eldigitaldeasturias.com\/noticias\/#organization"}}]},"og:locale":"es_ES","og:site_name":"El Digital de Asturias","og:type":"article","og:title":"El Gobierno argentino acusa a empresarios de perjudicar a la econom\u00eda - El Digital de Asturias","og:description":"Buenos Aires, 30 ene (EFE).- El jefe de Gabinete argentino, Jorge Capitanich, acus\u00f3 hoy a los empresarios de tener conductas &quot;nocivas&quot; e &quot;inescrupulosas&quot; que perjudican la econom\u00eda del pa\u00eds y defendi\u00f3 la intervenci\u00f3n estatal para frenar la escalada inflacionaria. &quot;Las conductas empresariales en la Rep\u00fablica Argentina son nocivas para el funcionamiento del sistema econ\u00f3mico&quot;, dijo","og:url":"https:\/\/www.eldigitaldeasturias.com\/noticias\/el-gobierno-argentino-acusa-a-empresarios-de-perjudicar-a-la-economia\/","og:image":"https:\/\/www.eldigitaldeasturias.com\/noticias\/wp-content\/uploads\/2026\/06\/Contenidos.jpg","og:image:secure_url":"https:\/\/www.eldigitaldeasturias.com\/noticias\/wp-content\/uploads\/2026\/06\/Contenidos.jpg","og:image:width":1265,"og:image:height":697,"article:tag":["actualidad"],"article:published_time":"2014-01-31T01:13:11+00:00","article:modified_time":"2014-01-31T01:13:11+00:00","article:publisher":"https:\/\/facebook.com\/eldigitaldeasturias","twitter:card":"summary_large_image","twitter:title":"El Gobierno argentino acusa a empresarios de perjudicar a la econom\u00eda - El Digital de Asturias","twitter:description":"Buenos Aires, 30 ene (EFE).- El jefe de Gabinete argentino, Jorge Capitanich, acus\u00f3 hoy a los empresarios de tener conductas &quot;nocivas&quot; e &quot;inescrupulosas&quot; que perjudican la econom\u00eda del pa\u00eds y defendi\u00f3 la intervenci\u00f3n estatal para frenar la escalada inflacionaria. &quot;Las conductas empresariales en la Rep\u00fablica Argentina son nocivas para el funcionamiento del sistema econ\u00f3mico&quot;, dijo","twitter:image":"https:\/\/www.eldigitaldeasturias.com\/noticias\/wp-content\/uploads\/2026\/06\/Contenidos.jpg","twitter:label1":"Escrito por","twitter:data1":"El Digital de Asturias","twitter:label2":"Tiempo de lectura estimado","twitter:data2":"1 minuto"},"aioseo_meta_data":{"post_id":"480794","title":null,"description":null,"keywords":null,"keyphrases":null,"primary_term":null,"canonical_url":null,"og_title":null,"og_description":null,"og_object_type":"default","og_image_type":"default","og_image_url":null,"og_image_width":null,"og_image_height":null,"og_image_custom_url":null,"og_image_custom_fields":null,"og_video":null,"og_custom_url":null,"og_article_section":null,"og_article_tags":null,"twitter_use_og":true,"twitter_card":"default","twitter_image_type":"default","twitter_image_url":null,"twitter_image_custom_url":null,"twitter_image_custom_fields":null,"twitter_title":null,"twitter_description":null,"schema":{"blockGraphs":[],"customGraphs":[],"default":{"data":{"Article":[],"Course":[],"Dataset":[],"FAQPage":[],"Movie":[],"Person":[],"Product":[],"ProductReview":[],"Car":[],"Recipe":[],"Service":[],"SoftwareApplication":[],"WebPage":[]},"graphName":"","isEnabled":true},"graphs":[],"defaultGraph":"","defaultPostTypeGraph":""},"schema_type":null,"schema_type_options":null,"pillar_content":false,"robots_default":true,"robots_noindex":false,"robots_noarchive":false,"robots_nosnippet":false,"robots_nofollow":false,"robots_noimageindex":false,"robots_noodp":false,"robots_notranslate":false,"robots_max_snippet":null,"robots_max_videopreview":null,"robots_max_imagepreview":"none","priority":null,"frequency":null,"local_seo":null,"seo_analyzer_scan_date":"2026-06-02 04:51:52","breadcrumb_settings":null,"limit_modified_date":false,"open_ai":null,"ai":null,"created":"2020-11-14 22:54:14","updated":"2026-06-02 04:51:52","focus_keyword":null,"additional_keywords":null,"truseo_locale":null},"aioseo_breadcrumb":"<div class=\"aioseo-breadcrumbs\"><span class=\"aioseo-breadcrumb\">\n\t<a href=\"https:\/\/www.eldigitaldeasturias.com\/noticias\" title=\"Home\">Home<\/a>\n<\/span><span class=\"aioseo-breadcrumb-separator\">\u2013<\/span><span class=\"aioseo-breadcrumb\">\n\t<a href=\"https:\/\/www.eldigitaldeasturias.com\/noticias\/category\/actualidad\/\" title=\"Actualidad\">Actualidad<\/a>\n<\/span><span class=\"aioseo-breadcrumb-separator\">\u2013<\/span><span class=\"aioseo-breadcrumb\">\n\t<a href=\"https:\/\/www.eldigitaldeasturias.com\/noticias\/el-gobierno-argentino-acusa-a-empresarios-de-perjudicar-a-la-economia\/\" title=\"El Gobierno argentino acusa a empresarios de perjudicar a la econom\u00eda\">El Gobierno argentino acusa a empresarios de perjudicar a la econom\u00eda<\/a>\n<\/span><\/div>","aioseo_breadcrumb_json":[{"label":"Home","link":"https:\/\/www.eldigitaldeasturias.com\/noticias"},{"label":"Actualidad","link":"https:\/\/www.eldigitaldeasturias.com\/noticias\/category\/actualidad\/"},{"label":"El Gobierno argentino acusa a empresarios de perjudicar a la econom\u00eda","link":"https:\/\/www.eldigitaldeasturias.com\/noticias\/el-gobierno-argentino-acusa-a-empresarios-de-perjudicar-a-la-economia\/"}],"_links":{"self":[{"href":"https:\/\/www.eldigitaldeasturias.com\/noticias\/wp-json\/wp\/v2\/posts\/480794","targetHints":{"allow":["GET"]}}],"collection":[{"href":"https:\/\/www.eldigitaldeasturias.com\/noticias\/wp-json\/wp\/v2\/posts"}],"about":[{"href":"https:\/\/www.eldigitaldeasturias.com\/noticias\/wp-json\/wp\/v2\/types\/post"}],"author":[{"embeddable":true,"href":"https:\/\/www.eldigitaldeasturias.com\/noticias\/wp-json\/wp\/v2\/users\/1"}],"replies":[{"embeddable":true,"href":"https:\/\/www.eldigitaldeasturias.com\/noticias\/wp-json\/wp\/v2\/comments?post=480794"}],"version-history":[{"count":0,"href":"https:\/\/www.eldigitaldeasturias.com\/noticias\/wp-json\/wp\/v2\/posts\/480794\/revisions"}],"wp:featuredmedia":[{"embeddable":true,"href":"https:\/\/www.eldigitaldeasturias.com\/noticias\/wp-json\/wp\/v2\/media\/1132184"}],"wp:attachment":[{"href":"https:\/\/www.eldigitaldeasturias.com\/noticias\/wp-json\/wp\/v2\/media?parent=480794"}],"wp:term":[{"taxonomy":"category","embeddable":true,"href":"https:\/\/www.eldigitaldeasturias.com\/noticias\/wp-json\/wp\/v2\/categories?post=480794"},{"taxonomy":"post_tag","embeddable":true,"href":"https:\/\/www.eldigitaldeasturias.com\/noticias\/wp-json\/wp\/v2\/tags?post=480794"}],"curies":[{"name":"wp","href":"https:\/\/api.w.org\/{rel}","templated":true}]}}