{"id":480782,"date":"2014-01-31T00:05:04","date_gmt":"2014-01-31T01:05:04","guid":{"rendered":"http:\/\/www.eldigitaldeasturias.com\/noticias\/?p=480782"},"modified":"2014-01-31T00:05:04","modified_gmt":"2014-01-31T01:05:04","slug":"rufete-confirma-que-la-salida-de-canales-esta-muy-avanzada","status":"publish","type":"post","link":"https:\/\/www.eldigitaldeasturias.com\/noticias\/rufete-confirma-que-la-salida-de-canales-esta-muy-avanzada\/","title":{"rendered":"Rufete confirma que la salida de Canales est\u00e1 \u00abmuy avanzada\u00bb"},"content":{"rendered":"<p><img loading=\"lazy\" decoding=\"async\" class=\"alignleft size-medium wp-image-480783\" alt=\"5891359w\" src=\"https:\/\/www.eldigitaldeasturias.com\/noticias\/wp-content\/uploads\/2014\/01\/5891359w-360x283.jpg\" width=\"360\" height=\"283\" \/>Valencia, 30 ene (EFE).- Francisco Joaqu\u00edn P\u00e9rez Rufete, director general deportivo del Valencia, asegur\u00f3 hoy en declaraciones a los medios que la salida del club de Sergio Canales en este mercado de invierno est\u00e1 \u00abmuy avanzada\u00bb y admiti\u00f3 que la entidad busca un delantero.<\/p>\n<p>Al respecto se\u00f1al\u00f3 que los ingresos que dejen la venta de Canales, que no ha sido convocado para jugar el s\u00e1bado en Barcelona, se destinar\u00e1n a la contrataci\u00f3n del delantero que sustituya a H\u00e9lder Postiga, que acaba de ser cedido al Lazio.<\/p>\n<p>Rufete indic\u00f3 que el club trabaja en la llegada de un ariete de garant\u00edas, aunque el fichaje no ser\u00e1 sencillo porque el Valencia \u00abpelea con grandes clubes\u00bb.<\/p>\n<p>Respecto a \u00c9ver Banega, quien tampoco ha sido citado por el t\u00e9cnico Juan Antonio Pizzi para el encuentro del Camp Nopu, coment\u00f3 que es \u00abel mejor jugador\u00bb con el que cuenta la plantilla valencianista.<\/p>\n<p>Tambi\u00e9n indic\u00f3 que el club no tiene intenci\u00f3n de devaluar al futbolista argentino. \u00abSi alguien lo quiere, deber\u00e1 presentar una oferta tal y como hacemos nosotros con otros clubes\u00bb, dijo.<\/p>\n<p>Rufete reconoci\u00f3 finalmente que la cesi\u00f3n de Andr\u00e9s Guardado al Bayer Leverkusen alem\u00e1n reportar\u00e1 ingresos para las arcas valencianistas.<\/p>\n","protected":false},"excerpt":{"rendered":"<p>Valencia, 30 ene (EFE).- Francisco Joaqu\u00edn P\u00e9rez Rufete, director general deportivo del Valencia, asegur\u00f3 hoy en declaraciones a los medios que la salida del club de Sergio Canales en este mercado de invierno est\u00e1 \u00abmuy avanzada\u00bb y admiti\u00f3 que la entidad busca un delantero. Al respecto se\u00f1al\u00f3 que los ingresos que dejen la venta de [&hellip;]<\/p>\n","protected":false},"author":1,"featured_media":1132184,"comment_status":"closed","ping_status":"open","sticky":false,"template":"","format":"standard","meta":{"footnotes":""},"categories":[1],"tags":[],"class_list":["post-480782","post","type-post","status-publish","format-standard","has-post-thumbnail","hentry","category-actualidad"],"aioseo_notices":[],"aioseo_head":"\n\t\t<!-- All in One SEO Pro 5.0.1 - aioseo.com -->\n\t<meta name=\"description\" content=\"Valencia, 30 ene (EFE).- Francisco Joaqu\u00edn P\u00e9rez Rufete, director general deportivo del Valencia, asegur\u00f3 hoy en declaraciones a los medios que la salida del club de Sergio Canales en este mercado de invierno est\u00e1 &quot;muy avanzada&quot; y admiti\u00f3 que la entidad busca un delantero. Al respecto se\u00f1al\u00f3 que los ingresos que dejen la venta de\" \/>\n\t<meta name=\"robots\" content=\"max-image-preview:large\" \/>\n\t<meta name=\"author\" content=\"El Digital de Asturias\"\/>\n\t<meta name=\"google-site-verification\" content=\"UA-38556648-1\" \/>\n\t<meta name=\"msvalidate.01\" content=\"7dfe9f3f1b24437ab69f4f2559babe99\" \/>\n\t<meta name=\"keywords\" content=\"actualidad\" \/>\n\t<link rel=\"canonical\" href=\"https:\/\/www.eldigitaldeasturias.com\/noticias\/rufete-confirma-que-la-salida-de-canales-esta-muy-avanzada\/\" \/>\n\t<meta name=\"generator\" content=\"All in One SEO Pro (AIOSEO) 5.0.1\" \/>\n\t\t<meta property=\"og:locale\" content=\"es_ES\" \/>\n\t\t<meta property=\"og:site_name\" content=\"El Digital de Asturias\" \/>\n\t\t<meta property=\"og:type\" content=\"article\" \/>\n\t\t<meta property=\"og:title\" content=\"Rufete confirma que la salida de Canales est\u00e1 \u00abmuy avanzada\u00bb - El Digital de Asturias\" \/>\n\t\t<meta property=\"og:description\" content=\"Valencia, 30 ene (EFE).- Francisco Joaqu\u00edn P\u00e9rez Rufete, director general deportivo del Valencia, asegur\u00f3 hoy en declaraciones a los medios que la salida del club de Sergio Canales en este mercado de invierno est\u00e1 &quot;muy avanzada&quot; y admiti\u00f3 que la entidad busca un delantero. Al respecto se\u00f1al\u00f3 que los ingresos que dejen la venta de\" \/>\n\t\t<meta property=\"og:url\" content=\"https:\/\/www.eldigitaldeasturias.com\/noticias\/rufete-confirma-que-la-salida-de-canales-esta-muy-avanzada\/\" \/>\n\t\t<meta property=\"og:image\" content=\"https:\/\/www.eldigitaldeasturias.com\/noticias\/wp-content\/uploads\/2026\/06\/Contenidos.jpg\" \/>\n\t\t<meta property=\"og:image:secure_url\" content=\"https:\/\/www.eldigitaldeasturias.com\/noticias\/wp-content\/uploads\/2026\/06\/Contenidos.jpg\" \/>\n\t\t<meta property=\"og:image:width\" content=\"1265\" \/>\n\t\t<meta property=\"og:image:height\" content=\"697\" \/>\n\t\t<meta property=\"article:tag\" content=\"actualidad\" \/>\n\t\t<meta property=\"article:published_time\" content=\"2014-01-31T01:05:04+00:00\" \/>\n\t\t<meta property=\"article:modified_time\" content=\"2014-01-31T01:05:04+00:00\" \/>\n\t\t<meta property=\"article:publisher\" content=\"https:\/\/facebook.com\/eldigitaldeasturias\" \/>\n\t\t<meta name=\"twitter:card\" content=\"summary_large_image\" \/>\n\t\t<meta name=\"twitter:title\" content=\"Rufete confirma que la salida de Canales est\u00e1 \u00abmuy avanzada\u00bb - El Digital de Asturias\" \/>\n\t\t<meta name=\"twitter:description\" content=\"Valencia, 30 ene (EFE).- Francisco Joaqu\u00edn P\u00e9rez Rufete, director general deportivo del Valencia, asegur\u00f3 hoy en declaraciones a los medios que la salida del club de Sergio Canales en este mercado de invierno est\u00e1 &quot;muy avanzada&quot; y admiti\u00f3 que la entidad busca un delantero. Al respecto se\u00f1al\u00f3 que los ingresos que dejen la venta de\" \/>\n\t\t<meta name=\"twitter:image\" content=\"https:\/\/www.eldigitaldeasturias.com\/noticias\/wp-content\/uploads\/2026\/06\/Contenidos.jpg\" \/>\n\t\t<meta name=\"twitter:label1\" content=\"Escrito por\" \/>\n\t\t<meta name=\"twitter:data1\" content=\"El Digital de Asturias\" \/>\n\t\t<meta name=\"twitter:label2\" content=\"Tiempo de lectura estimado\" \/>\n\t\t<meta name=\"twitter:data2\" content=\"1 minuto\" \/>\n\t\t<script type=\"application\/ld+json\" class=\"aioseo-schema\">\n\t\t\t{\"@context\":\"https:\\\/\\\/schema.org\",\"@graph\":[{\"@type\":\"BlogPosting\",\"@id\":\"https:\\\/\\\/www.eldigitaldeasturias.com\\\/noticias\\\/rufete-confirma-que-la-salida-de-canales-esta-muy-avanzada\\\/#blogposting\",\"name\":\"Rufete confirma que la salida de Canales est\\u00e1 \\u00abmuy avanzada\\u00bb - El Digital de Asturias\",\"headline\":\"Rufete confirma que la salida de Canales est\\u00e1 \\u00abmuy avanzada\\u00bb\",\"author\":{\"@id\":\"https:\\\/\\\/www.eldigitaldeasturias.com\\\/noticias\\\/author\\\/admin\\\/#author\"},\"publisher\":{\"@id\":\"https:\\\/\\\/www.eldigitaldeasturias.com\\\/noticias\\\/#organization\"},\"image\":{\"@type\":\"ImageObject\",\"url\":\"https:\\\/\\\/www.eldigitaldeasturias.com\\\/noticias\\\/wp-content\\\/uploads\\\/2026\\\/06\\\/Contenidos.jpg\",\"width\":1265,\"height\":697,\"caption\":\"Contenidos\"},\"datePublished\":\"2014-01-31T00:05:04+01:00\",\"dateModified\":\"2014-01-31T00:05:04+01:00\",\"inLanguage\":\"es-ES\",\"mainEntityOfPage\":{\"@id\":\"https:\\\/\\\/www.eldigitaldeasturias.com\\\/noticias\\\/rufete-confirma-que-la-salida-de-canales-esta-muy-avanzada\\\/#webpage\"},\"isPartOf\":{\"@id\":\"https:\\\/\\\/www.eldigitaldeasturias.com\\\/noticias\\\/rufete-confirma-que-la-salida-de-canales-esta-muy-avanzada\\\/#webpage\"},\"articleSection\":\"Actualidad\"},{\"@type\":\"BreadcrumbList\",\"@id\":\"https:\\\/\\\/www.eldigitaldeasturias.com\\\/noticias\\\/rufete-confirma-que-la-salida-de-canales-esta-muy-avanzada\\\/#breadcrumblist\",\"itemListElement\":[{\"@type\":\"ListItem\",\"@id\":\"https:\\\/\\\/www.eldigitaldeasturias.com\\\/noticias#listItem\",\"position\":1,\"name\":\"Home\",\"item\":\"https:\\\/\\\/www.eldigitaldeasturias.com\\\/noticias\",\"nextItem\":{\"@type\":\"ListItem\",\"@id\":\"https:\\\/\\\/www.eldigitaldeasturias.com\\\/noticias\\\/category\\\/actualidad\\\/#listItem\",\"name\":\"Actualidad\"}},{\"@type\":\"ListItem\",\"@id\":\"https:\\\/\\\/www.eldigitaldeasturias.com\\\/noticias\\\/category\\\/actualidad\\\/#listItem\",\"position\":2,\"name\":\"Actualidad\",\"item\":\"https:\\\/\\\/www.eldigitaldeasturias.com\\\/noticias\\\/category\\\/actualidad\\\/\",\"nextItem\":{\"@type\":\"ListItem\",\"@id\":\"https:\\\/\\\/www.eldigitaldeasturias.com\\\/noticias\\\/rufete-confirma-que-la-salida-de-canales-esta-muy-avanzada\\\/#listItem\",\"name\":\"Rufete confirma que la salida de Canales est\\u00e1 \\u00abmuy avanzada\\u00bb\"},\"previousItem\":{\"@type\":\"ListItem\",\"@id\":\"https:\\\/\\\/www.eldigitaldeasturias.com\\\/noticias#listItem\",\"name\":\"Home\"}},{\"@type\":\"ListItem\",\"@id\":\"https:\\\/\\\/www.eldigitaldeasturias.com\\\/noticias\\\/rufete-confirma-que-la-salida-de-canales-esta-muy-avanzada\\\/#listItem\",\"position\":3,\"name\":\"Rufete confirma que la salida de Canales est\\u00e1 \\u00abmuy avanzada\\u00bb\",\"previousItem\":{\"@type\":\"ListItem\",\"@id\":\"https:\\\/\\\/www.eldigitaldeasturias.com\\\/noticias\\\/category\\\/actualidad\\\/#listItem\",\"name\":\"Actualidad\"}}]},{\"@type\":\"Organization\",\"@id\":\"https:\\\/\\\/www.eldigitaldeasturias.com\\\/noticias\\\/#organization\",\"name\":\"El Digital de Asturias\",\"description\":\"Hemeroteca\",\"url\":\"https:\\\/\\\/www.eldigitaldeasturias.com\\\/noticias\\\/\",\"email\":\"info@eldigitaldeasturias.com\",\"telephone\":\"+34652131393\",\"logo\":{\"@type\":\"ImageObject\",\"url\":\"https:\\\/\\\/www.eldigitaldeasturias.com\\\/noticias\\\/wp-content\\\/uploads\\\/2020\\\/12\\\/EDA.jpg\",\"@id\":\"https:\\\/\\\/www.eldigitaldeasturias.com\\\/noticias\\\/rufete-confirma-que-la-salida-de-canales-esta-muy-avanzada\\\/#organizationLogo\"},\"image\":{\"@id\":\"https:\\\/\\\/www.eldigitaldeasturias.com\\\/noticias\\\/rufete-confirma-que-la-salida-de-canales-esta-muy-avanzada\\\/#organizationLogo\"},\"sameAs\":[\"https:\\\/\\\/facebook.com\\\/eldigitaldeasturias\",\"https:\\\/\\\/www.youtube.com\\\/channel\\\/UCZP-2wLEB9Rv6erhFmqVnvg\"],\"address\":{\"@id\":\"https:\\\/\\\/www.eldigitaldeasturias.com\\\/noticias\\\/#postaladdress\",\"@type\":\"PostalAddress\",\"streetAddress\":\"san antonio 4\",\"postalCode\":\"33430\",\"addressLocality\":\"Cand\\u00e1s\",\"addressRegion\":\"Asturias\",\"addressCountry\":\"ES\"}},{\"@type\":\"Person\",\"@id\":\"https:\\\/\\\/www.eldigitaldeasturias.com\\\/noticias\\\/author\\\/admin\\\/#author\",\"url\":\"https:\\\/\\\/www.eldigitaldeasturias.com\\\/noticias\\\/author\\\/admin\\\/\",\"name\":\"El Digital de Asturias\",\"image\":{\"@type\":\"ImageObject\",\"@id\":\"https:\\\/\\\/www.eldigitaldeasturias.com\\\/noticias\\\/rufete-confirma-que-la-salida-de-canales-esta-muy-avanzada\\\/#authorImage\",\"url\":\"https:\\\/\\\/secure.gravatar.com\\\/avatar\\\/df2aeffc32bcd13f8d26072ef8a91b623d677766deac7f97ca815868cd41bf5e?s=96&d=mm&r=g\",\"width\":96,\"height\":96,\"caption\":\"El Digital de Asturias\"}},{\"@type\":\"WebPage\",\"@id\":\"https:\\\/\\\/www.eldigitaldeasturias.com\\\/noticias\\\/rufete-confirma-que-la-salida-de-canales-esta-muy-avanzada\\\/#webpage\",\"url\":\"https:\\\/\\\/www.eldigitaldeasturias.com\\\/noticias\\\/rufete-confirma-que-la-salida-de-canales-esta-muy-avanzada\\\/\",\"name\":\"Rufete confirma que la salida de Canales est\\u00e1 \\u00abmuy avanzada\\u00bb - El Digital de Asturias\",\"description\":\"Valencia, 30 ene (EFE).- Francisco Joaqu\\u00edn P\\u00e9rez Rufete, director general deportivo del Valencia, asegur\\u00f3 hoy en declaraciones a los medios que la salida del club de Sergio Canales en este mercado de invierno est\\u00e1 \\\"muy avanzada\\\" y admiti\\u00f3 que la entidad busca un delantero. Al respecto se\\u00f1al\\u00f3 que los ingresos que dejen la venta de\",\"inLanguage\":\"es-ES\",\"isPartOf\":{\"@id\":\"https:\\\/\\\/www.eldigitaldeasturias.com\\\/noticias\\\/#website\"},\"breadcrumb\":{\"@id\":\"https:\\\/\\\/www.eldigitaldeasturias.com\\\/noticias\\\/rufete-confirma-que-la-salida-de-canales-esta-muy-avanzada\\\/#breadcrumblist\"},\"author\":{\"@id\":\"https:\\\/\\\/www.eldigitaldeasturias.com\\\/noticias\\\/author\\\/admin\\\/#author\"},\"creator\":{\"@id\":\"https:\\\/\\\/www.eldigitaldeasturias.com\\\/noticias\\\/author\\\/admin\\\/#author\"},\"image\":{\"@type\":\"ImageObject\",\"url\":\"https:\\\/\\\/www.eldigitaldeasturias.com\\\/noticias\\\/wp-content\\\/uploads\\\/2026\\\/06\\\/Contenidos.jpg\",\"@id\":\"https:\\\/\\\/www.eldigitaldeasturias.com\\\/noticias\\\/rufete-confirma-que-la-salida-de-canales-esta-muy-avanzada\\\/#mainImage\",\"width\":1265,\"height\":697,\"caption\":\"Contenidos\"},\"primaryImageOfPage\":{\"@id\":\"https:\\\/\\\/www.eldigitaldeasturias.com\\\/noticias\\\/rufete-confirma-que-la-salida-de-canales-esta-muy-avanzada\\\/#mainImage\"},\"datePublished\":\"2014-01-31T00:05:04+01:00\",\"dateModified\":\"2014-01-31T00:05:04+01:00\"},{\"@type\":\"WebSite\",\"@id\":\"https:\\\/\\\/www.eldigitaldeasturias.com\\\/noticias\\\/#website\",\"url\":\"https:\\\/\\\/www.eldigitaldeasturias.com\\\/noticias\\\/\",\"name\":\"El Digital de Asturias - Diario de actualidad y noticias\",\"alternateName\":\"El Digital de Asturias - Diario de actualidad y noticias\",\"description\":\"Hemeroteca\",\"inLanguage\":\"es-ES\",\"publisher\":{\"@id\":\"https:\\\/\\\/www.eldigitaldeasturias.com\\\/noticias\\\/#organization\"}}]}\n\t\t<\/script>\n\t\t<!-- All in One SEO Pro -->\r\n\t\t<title>Rufete confirma que la salida de Canales est\u00e1 \u00abmuy avanzada\u00bb - El Digital de Asturias<\/title>\n\n","aioseo_head_json":{"title":"Rufete confirma que la salida de Canales est\u00e1 \u00abmuy avanzada\u00bb - El Digital de Asturias","description":"Valencia, 30 ene (EFE).- Francisco Joaqu\u00edn P\u00e9rez Rufete, director general deportivo del Valencia, asegur\u00f3 hoy en declaraciones a los medios que la salida del club de Sergio Canales en este mercado de invierno est\u00e1 \"muy avanzada\" y admiti\u00f3 que la entidad busca un delantero. Al respecto se\u00f1al\u00f3 que los ingresos que dejen la venta de","canonical_url":"https:\/\/www.eldigitaldeasturias.com\/noticias\/rufete-confirma-que-la-salida-de-canales-esta-muy-avanzada\/","robots":"max-image-preview:large","keywords":"actualidad","webmasterTools":{"google-site-verification":"UA-38556648-1","msvalidate.01":"7dfe9f3f1b24437ab69f4f2559babe99","miscellaneous":""},"schema":{"@context":"https:\/\/schema.org","@graph":[{"@type":"BlogPosting","@id":"https:\/\/www.eldigitaldeasturias.com\/noticias\/rufete-confirma-que-la-salida-de-canales-esta-muy-avanzada\/#blogposting","name":"Rufete confirma que la salida de Canales est\u00e1 \u00abmuy avanzada\u00bb - El Digital de Asturias","headline":"Rufete confirma que la salida de Canales est\u00e1 \u00abmuy avanzada\u00bb","author":{"@id":"https:\/\/www.eldigitaldeasturias.com\/noticias\/author\/admin\/#author"},"publisher":{"@id":"https:\/\/www.eldigitaldeasturias.com\/noticias\/#organization"},"image":{"@type":"ImageObject","url":"https:\/\/www.eldigitaldeasturias.com\/noticias\/wp-content\/uploads\/2026\/06\/Contenidos.jpg","width":1265,"height":697,"caption":"Contenidos"},"datePublished":"2014-01-31T00:05:04+01:00","dateModified":"2014-01-31T00:05:04+01:00","inLanguage":"es-ES","mainEntityOfPage":{"@id":"https:\/\/www.eldigitaldeasturias.com\/noticias\/rufete-confirma-que-la-salida-de-canales-esta-muy-avanzada\/#webpage"},"isPartOf":{"@id":"https:\/\/www.eldigitaldeasturias.com\/noticias\/rufete-confirma-que-la-salida-de-canales-esta-muy-avanzada\/#webpage"},"articleSection":"Actualidad"},{"@type":"BreadcrumbList","@id":"https:\/\/www.eldigitaldeasturias.com\/noticias\/rufete-confirma-que-la-salida-de-canales-esta-muy-avanzada\/#breadcrumblist","itemListElement":[{"@type":"ListItem","@id":"https:\/\/www.eldigitaldeasturias.com\/noticias#listItem","position":1,"name":"Home","item":"https:\/\/www.eldigitaldeasturias.com\/noticias","nextItem":{"@type":"ListItem","@id":"https:\/\/www.eldigitaldeasturias.com\/noticias\/category\/actualidad\/#listItem","name":"Actualidad"}},{"@type":"ListItem","@id":"https:\/\/www.eldigitaldeasturias.com\/noticias\/category\/actualidad\/#listItem","position":2,"name":"Actualidad","item":"https:\/\/www.eldigitaldeasturias.com\/noticias\/category\/actualidad\/","nextItem":{"@type":"ListItem","@id":"https:\/\/www.eldigitaldeasturias.com\/noticias\/rufete-confirma-que-la-salida-de-canales-esta-muy-avanzada\/#listItem","name":"Rufete confirma que la salida de Canales est\u00e1 \u00abmuy avanzada\u00bb"},"previousItem":{"@type":"ListItem","@id":"https:\/\/www.eldigitaldeasturias.com\/noticias#listItem","name":"Home"}},{"@type":"ListItem","@id":"https:\/\/www.eldigitaldeasturias.com\/noticias\/rufete-confirma-que-la-salida-de-canales-esta-muy-avanzada\/#listItem","position":3,"name":"Rufete confirma que la salida de Canales est\u00e1 \u00abmuy avanzada\u00bb","previousItem":{"@type":"ListItem","@id":"https:\/\/www.eldigitaldeasturias.com\/noticias\/category\/actualidad\/#listItem","name":"Actualidad"}}]},{"@type":"Organization","@id":"https:\/\/www.eldigitaldeasturias.com\/noticias\/#organization","name":"El Digital de Asturias","description":"Hemeroteca","url":"https:\/\/www.eldigitaldeasturias.com\/noticias\/","email":"info@eldigitaldeasturias.com","telephone":"+34652131393","logo":{"@type":"ImageObject","url":"https:\/\/www.eldigitaldeasturias.com\/noticias\/wp-content\/uploads\/2020\/12\/EDA.jpg","@id":"https:\/\/www.eldigitaldeasturias.com\/noticias\/rufete-confirma-que-la-salida-de-canales-esta-muy-avanzada\/#organizationLogo"},"image":{"@id":"https:\/\/www.eldigitaldeasturias.com\/noticias\/rufete-confirma-que-la-salida-de-canales-esta-muy-avanzada\/#organizationLogo"},"sameAs":["https:\/\/facebook.com\/eldigitaldeasturias","https:\/\/www.youtube.com\/channel\/UCZP-2wLEB9Rv6erhFmqVnvg"],"address":{"@id":"https:\/\/www.eldigitaldeasturias.com\/noticias\/#postaladdress","@type":"PostalAddress","streetAddress":"san antonio 4","postalCode":"33430","addressLocality":"Cand\u00e1s","addressRegion":"Asturias","addressCountry":"ES"}},{"@type":"Person","@id":"https:\/\/www.eldigitaldeasturias.com\/noticias\/author\/admin\/#author","url":"https:\/\/www.eldigitaldeasturias.com\/noticias\/author\/admin\/","name":"El Digital de Asturias","image":{"@type":"ImageObject","@id":"https:\/\/www.eldigitaldeasturias.com\/noticias\/rufete-confirma-que-la-salida-de-canales-esta-muy-avanzada\/#authorImage","url":"https:\/\/secure.gravatar.com\/avatar\/df2aeffc32bcd13f8d26072ef8a91b623d677766deac7f97ca815868cd41bf5e?s=96&d=mm&r=g","width":96,"height":96,"caption":"El Digital de Asturias"}},{"@type":"WebPage","@id":"https:\/\/www.eldigitaldeasturias.com\/noticias\/rufete-confirma-que-la-salida-de-canales-esta-muy-avanzada\/#webpage","url":"https:\/\/www.eldigitaldeasturias.com\/noticias\/rufete-confirma-que-la-salida-de-canales-esta-muy-avanzada\/","name":"Rufete confirma que la salida de Canales est\u00e1 \u00abmuy avanzada\u00bb - El Digital de Asturias","description":"Valencia, 30 ene (EFE).- Francisco Joaqu\u00edn P\u00e9rez Rufete, director general deportivo del Valencia, asegur\u00f3 hoy en declaraciones a los medios que la salida del club de Sergio Canales en este mercado de invierno est\u00e1 \"muy avanzada\" y admiti\u00f3 que la entidad busca un delantero. Al respecto se\u00f1al\u00f3 que los ingresos que dejen la venta de","inLanguage":"es-ES","isPartOf":{"@id":"https:\/\/www.eldigitaldeasturias.com\/noticias\/#website"},"breadcrumb":{"@id":"https:\/\/www.eldigitaldeasturias.com\/noticias\/rufete-confirma-que-la-salida-de-canales-esta-muy-avanzada\/#breadcrumblist"},"author":{"@id":"https:\/\/www.eldigitaldeasturias.com\/noticias\/author\/admin\/#author"},"creator":{"@id":"https:\/\/www.eldigitaldeasturias.com\/noticias\/author\/admin\/#author"},"image":{"@type":"ImageObject","url":"https:\/\/www.eldigitaldeasturias.com\/noticias\/wp-content\/uploads\/2026\/06\/Contenidos.jpg","@id":"https:\/\/www.eldigitaldeasturias.com\/noticias\/rufete-confirma-que-la-salida-de-canales-esta-muy-avanzada\/#mainImage","width":1265,"height":697,"caption":"Contenidos"},"primaryImageOfPage":{"@id":"https:\/\/www.eldigitaldeasturias.com\/noticias\/rufete-confirma-que-la-salida-de-canales-esta-muy-avanzada\/#mainImage"},"datePublished":"2014-01-31T00:05:04+01:00","dateModified":"2014-01-31T00:05:04+01:00"},{"@type":"WebSite","@id":"https:\/\/www.eldigitaldeasturias.com\/noticias\/#website","url":"https:\/\/www.eldigitaldeasturias.com\/noticias\/","name":"El Digital de Asturias - Diario de actualidad y noticias","alternateName":"El Digital de Asturias - Diario de actualidad y noticias","description":"Hemeroteca","inLanguage":"es-ES","publisher":{"@id":"https:\/\/www.eldigitaldeasturias.com\/noticias\/#organization"}}]},"og:locale":"es_ES","og:site_name":"El Digital de Asturias","og:type":"article","og:title":"Rufete confirma que la salida de Canales est\u00e1 \u00abmuy avanzada\u00bb - El Digital de Asturias","og:description":"Valencia, 30 ene (EFE).- Francisco Joaqu\u00edn P\u00e9rez Rufete, director general deportivo del Valencia, asegur\u00f3 hoy en declaraciones a los medios que la salida del club de Sergio Canales en este mercado de invierno est\u00e1 &quot;muy avanzada&quot; y admiti\u00f3 que la entidad busca un delantero. Al respecto se\u00f1al\u00f3 que los ingresos que dejen la venta de","og:url":"https:\/\/www.eldigitaldeasturias.com\/noticias\/rufete-confirma-que-la-salida-de-canales-esta-muy-avanzada\/","og:image":"https:\/\/www.eldigitaldeasturias.com\/noticias\/wp-content\/uploads\/2026\/06\/Contenidos.jpg","og:image:secure_url":"https:\/\/www.eldigitaldeasturias.com\/noticias\/wp-content\/uploads\/2026\/06\/Contenidos.jpg","og:image:width":1265,"og:image:height":697,"article:tag":["actualidad"],"article:published_time":"2014-01-31T01:05:04+00:00","article:modified_time":"2014-01-31T01:05:04+00:00","article:publisher":"https:\/\/facebook.com\/eldigitaldeasturias","twitter:card":"summary_large_image","twitter:title":"Rufete confirma que la salida de Canales est\u00e1 \u00abmuy avanzada\u00bb - El Digital de Asturias","twitter:description":"Valencia, 30 ene (EFE).- Francisco Joaqu\u00edn P\u00e9rez Rufete, director general deportivo del Valencia, asegur\u00f3 hoy en declaraciones a los medios que la salida del club de Sergio Canales en este mercado de invierno est\u00e1 &quot;muy avanzada&quot; y admiti\u00f3 que la entidad busca un delantero. Al respecto se\u00f1al\u00f3 que los ingresos que dejen la venta de","twitter:image":"https:\/\/www.eldigitaldeasturias.com\/noticias\/wp-content\/uploads\/2026\/06\/Contenidos.jpg","twitter:label1":"Escrito por","twitter:data1":"El Digital de Asturias","twitter:label2":"Tiempo de lectura estimado","twitter:data2":"1 minuto"},"aioseo_meta_data":{"post_id":"480782","title":null,"description":null,"keywords":null,"keyphrases":null,"primary_term":null,"canonical_url":null,"og_title":null,"og_description":null,"og_object_type":"default","og_image_type":"default","og_image_url":null,"og_image_width":null,"og_image_height":null,"og_image_custom_url":null,"og_image_custom_fields":null,"og_video":null,"og_custom_url":null,"og_article_section":null,"og_article_tags":null,"twitter_use_og":true,"twitter_card":"default","twitter_image_type":"default","twitter_image_url":null,"twitter_image_custom_url":null,"twitter_image_custom_fields":null,"twitter_title":null,"twitter_description":null,"schema":{"blockGraphs":[],"customGraphs":[],"default":{"data":{"Article":[],"Course":[],"Dataset":[],"FAQPage":[],"Movie":[],"Person":[],"Product":[],"ProductReview":[],"Car":[],"Recipe":[],"Service":[],"SoftwareApplication":[],"WebPage":[]},"graphName":"","isEnabled":true},"graphs":[],"defaultGraph":"","defaultPostTypeGraph":""},"schema_type":null,"schema_type_options":null,"pillar_content":false,"robots_default":true,"robots_noindex":false,"robots_noarchive":false,"robots_nosnippet":false,"robots_nofollow":false,"robots_noimageindex":false,"robots_noodp":false,"robots_notranslate":false,"robots_max_snippet":null,"robots_max_videopreview":null,"robots_max_imagepreview":"none","priority":null,"frequency":null,"local_seo":null,"seo_analyzer_scan_date":"2026-06-02 04:49:45","breadcrumb_settings":null,"limit_modified_date":false,"open_ai":null,"ai":null,"created":"2020-11-14 22:54:14","updated":"2026-06-02 04:49:45","focus_keyword":null,"additional_keywords":null,"truseo_locale":null},"aioseo_breadcrumb":"<div class=\"aioseo-breadcrumbs\"><span class=\"aioseo-breadcrumb\">\n\t<a href=\"https:\/\/www.eldigitaldeasturias.com\/noticias\" title=\"Home\">Home<\/a>\n<\/span><span class=\"aioseo-breadcrumb-separator\">\u2013<\/span><span class=\"aioseo-breadcrumb\">\n\t<a href=\"https:\/\/www.eldigitaldeasturias.com\/noticias\/category\/actualidad\/\" title=\"Actualidad\">Actualidad<\/a>\n<\/span><span class=\"aioseo-breadcrumb-separator\">\u2013<\/span><span class=\"aioseo-breadcrumb\">\n\t<a href=\"https:\/\/www.eldigitaldeasturias.com\/noticias\/rufete-confirma-que-la-salida-de-canales-esta-muy-avanzada\/\" title=\"Rufete confirma que la salida de Canales est\u00e1 \u00abmuy avanzada\u00bb\">Rufete confirma que la salida de Canales est\u00e1 \u00abmuy avanzada\u00bb<\/a>\n<\/span><\/div>","aioseo_breadcrumb_json":[{"label":"Home","link":"https:\/\/www.eldigitaldeasturias.com\/noticias"},{"label":"Actualidad","link":"https:\/\/www.eldigitaldeasturias.com\/noticias\/category\/actualidad\/"},{"label":"Rufete confirma que la salida de Canales est\u00e1 \u00abmuy avanzada\u00bb","link":"https:\/\/www.eldigitaldeasturias.com\/noticias\/rufete-confirma-que-la-salida-de-canales-esta-muy-avanzada\/"}],"_links":{"self":[{"href":"https:\/\/www.eldigitaldeasturias.com\/noticias\/wp-json\/wp\/v2\/posts\/480782","targetHints":{"allow":["GET"]}}],"collection":[{"href":"https:\/\/www.eldigitaldeasturias.com\/noticias\/wp-json\/wp\/v2\/posts"}],"about":[{"href":"https:\/\/www.eldigitaldeasturias.com\/noticias\/wp-json\/wp\/v2\/types\/post"}],"author":[{"embeddable":true,"href":"https:\/\/www.eldigitaldeasturias.com\/noticias\/wp-json\/wp\/v2\/users\/1"}],"replies":[{"embeddable":true,"href":"https:\/\/www.eldigitaldeasturias.com\/noticias\/wp-json\/wp\/v2\/comments?post=480782"}],"version-history":[{"count":0,"href":"https:\/\/www.eldigitaldeasturias.com\/noticias\/wp-json\/wp\/v2\/posts\/480782\/revisions"}],"wp:featuredmedia":[{"embeddable":true,"href":"https:\/\/www.eldigitaldeasturias.com\/noticias\/wp-json\/wp\/v2\/media\/1132184"}],"wp:attachment":[{"href":"https:\/\/www.eldigitaldeasturias.com\/noticias\/wp-json\/wp\/v2\/media?parent=480782"}],"wp:term":[{"taxonomy":"category","embeddable":true,"href":"https:\/\/www.eldigitaldeasturias.com\/noticias\/wp-json\/wp\/v2\/categories?post=480782"},{"taxonomy":"post_tag","embeddable":true,"href":"https:\/\/www.eldigitaldeasturias.com\/noticias\/wp-json\/wp\/v2\/tags?post=480782"}],"curies":[{"name":"wp","href":"https:\/\/api.w.org\/{rel}","templated":true}]}}