{"id":480770,"date":"2014-01-30T23:59:25","date_gmt":"2014-01-31T00:59:25","guid":{"rendered":"http:\/\/www.eldigitaldeasturias.com\/noticias\/?p=480770"},"modified":"2014-01-30T23:59:25","modified_gmt":"2014-01-31T00:59:25","slug":"la-ce-niega-a-alemania-la-posibilidad-de-investigar-la-compra-de-e-plus-por-telefonica","status":"publish","type":"post","link":"https:\/\/www.eldigitaldeasturias.com\/noticias\/la-ce-niega-a-alemania-la-posibilidad-de-investigar-la-compra-de-e-plus-por-telefonica\/","title":{"rendered":"La CE niega a Alemania la posibilidad de investigar la compra de E-Plus por Telef\u00f3nica"},"content":{"rendered":"<p><img loading=\"lazy\" decoding=\"async\" class=\"alignleft size-medium wp-image-480771\" alt=\"5891682w\" src=\"https:\/\/www.eldigitaldeasturias.com\/noticias\/wp-content\/uploads\/2014\/01\/5891682w-360x258.jpg\" width=\"360\" height=\"258\" \/>Bruselas, 30 ene (EFE).- La Comisi\u00f3n Europea (CE) rechaz\u00f3 hoy la petici\u00f3n de Alemania de hacerse cargo de la investigaci\u00f3n sobre el acuerdo de venta a Telef\u00f3nica de la filial alemana de m\u00f3viles de KPN, E-Plus.<\/p>\n<p>El Ejecutivo comunitario considera que est\u00e1 mejor situado que Berl\u00edn para inspeccionar la transacci\u00f3n y decidir si infringe las normas europeas de competencia, seg\u00fan explic\u00f3 en un comunicado.<\/p>\n<p>Alemania hab\u00eda reclamado el pasado 20 de noviembre hacerse cargo de la investigaci\u00f3n con el argumento de que el impacto de la operaci\u00f3n se limitaba a su mercado nacional.<\/p>\n<p>La Comisi\u00f3n entiende que, dada su experiencia en la evaluaci\u00f3n de este tipo de casos en el sector y la necesidad de ser coherente con las normas comunitarias, est\u00e1 mejor situada para llevar a cabo la investigaci\u00f3n que las autoridades alemanas.<\/p>\n<p>Recalca no obstante que se mantendr\u00e1 un contacto estrecho con Alemania.<\/p>\n<p>La CE tiene hasta el pr\u00f3ximo 14 de mayo para decidir si el acuerdo al que llegaron ambas compa\u00f1\u00edas se ajusta al derecho comunitario o si debe ser modificado.<\/p>\n<p>Bruselas abri\u00f3 una investigaci\u00f3n en profundidad sobre el caso el pasado 20 de diciembre al considerar que podr\u00eda reducir la competencia en el mercado minorista, as\u00ed como el acceso al mayorista.<\/p>\n<p>La Comisi\u00f3n teme el impacto que pueda tener la operaci\u00f3n en el mercado alem\u00e1n porque unir\u00eda a dos compa\u00f1\u00edas, Telef\u00f3nica y E-Plus, que ahora son competidoras y crear\u00eda un nuevo operador de tama\u00f1o similar a los dos m\u00e1s grandes, Deutsche Telekom y Vodafone.<\/p>\n<p>Telef\u00f3nica hizo p\u00fablica en julio pasado su oferta de compra de E-Plus a la holandesa KPN para crear la primera operadora m\u00f3vil de Alemania por 8.100 millones de euros, pero luego acept\u00f3 mejorar ligeramente los t\u00e9rminos del acuerdo y llegar hasta los 8.550 millones.<\/p>\n","protected":false},"excerpt":{"rendered":"<p>Bruselas, 30 ene (EFE).- La Comisi\u00f3n Europea (CE) rechaz\u00f3 hoy la petici\u00f3n de Alemania de hacerse cargo de la investigaci\u00f3n sobre el acuerdo de venta a Telef\u00f3nica de la filial alemana de m\u00f3viles de KPN, E-Plus. El Ejecutivo comunitario considera que est\u00e1 mejor situado que Berl\u00edn para inspeccionar la transacci\u00f3n y decidir si infringe las [&hellip;]<\/p>\n","protected":false},"author":1,"featured_media":1132184,"comment_status":"closed","ping_status":"open","sticky":false,"template":"","format":"standard","meta":{"footnotes":""},"categories":[1],"tags":[],"class_list":["post-480770","post","type-post","status-publish","format-standard","has-post-thumbnail","hentry","category-actualidad"],"aioseo_notices":[],"aioseo_head":"\n\t\t<!-- All in One SEO Pro 5.0.1 - aioseo.com -->\n\t<meta name=\"description\" content=\"Bruselas, 30 ene (EFE).- La Comisi\u00f3n Europea (CE) rechaz\u00f3 hoy la petici\u00f3n de Alemania de hacerse cargo de la investigaci\u00f3n sobre el acuerdo de venta a Telef\u00f3nica de la filial alemana de m\u00f3viles de KPN, E-Plus. El Ejecutivo comunitario considera que est\u00e1 mejor situado que Berl\u00edn para inspeccionar la transacci\u00f3n y decidir si infringe las\" \/>\n\t<meta name=\"robots\" content=\"max-image-preview:large\" \/>\n\t<meta name=\"author\" content=\"El Digital de Asturias\"\/>\n\t<meta name=\"google-site-verification\" content=\"UA-38556648-1\" \/>\n\t<meta name=\"msvalidate.01\" content=\"7dfe9f3f1b24437ab69f4f2559babe99\" \/>\n\t<meta name=\"keywords\" content=\"actualidad\" \/>\n\t<link rel=\"canonical\" href=\"https:\/\/www.eldigitaldeasturias.com\/noticias\/la-ce-niega-a-alemania-la-posibilidad-de-investigar-la-compra-de-e-plus-por-telefonica\/\" \/>\n\t<meta name=\"generator\" content=\"All in One SEO Pro (AIOSEO) 5.0.1\" \/>\n\t\t<meta property=\"og:locale\" content=\"es_ES\" \/>\n\t\t<meta property=\"og:site_name\" content=\"El Digital de Asturias\" \/>\n\t\t<meta property=\"og:type\" content=\"article\" \/>\n\t\t<meta property=\"og:title\" content=\"La CE niega a Alemania la posibilidad de investigar la compra de E-Plus por Telef\u00f3nica - El Digital de Asturias\" \/>\n\t\t<meta property=\"og:description\" content=\"Bruselas, 30 ene (EFE).- La Comisi\u00f3n Europea (CE) rechaz\u00f3 hoy la petici\u00f3n de Alemania de hacerse cargo de la investigaci\u00f3n sobre el acuerdo de venta a Telef\u00f3nica de la filial alemana de m\u00f3viles de KPN, E-Plus. El Ejecutivo comunitario considera que est\u00e1 mejor situado que Berl\u00edn para inspeccionar la transacci\u00f3n y decidir si infringe las\" \/>\n\t\t<meta property=\"og:url\" content=\"https:\/\/www.eldigitaldeasturias.com\/noticias\/la-ce-niega-a-alemania-la-posibilidad-de-investigar-la-compra-de-e-plus-por-telefonica\/\" \/>\n\t\t<meta property=\"og:image\" content=\"https:\/\/www.eldigitaldeasturias.com\/noticias\/wp-content\/uploads\/2026\/06\/Contenidos.jpg\" \/>\n\t\t<meta property=\"og:image:secure_url\" content=\"https:\/\/www.eldigitaldeasturias.com\/noticias\/wp-content\/uploads\/2026\/06\/Contenidos.jpg\" \/>\n\t\t<meta property=\"og:image:width\" content=\"1265\" \/>\n\t\t<meta property=\"og:image:height\" content=\"697\" \/>\n\t\t<meta property=\"article:tag\" content=\"actualidad\" \/>\n\t\t<meta property=\"article:published_time\" content=\"2014-01-31T00:59:25+00:00\" \/>\n\t\t<meta property=\"article:modified_time\" content=\"2014-01-31T00:59:25+00:00\" \/>\n\t\t<meta property=\"article:publisher\" content=\"https:\/\/facebook.com\/eldigitaldeasturias\" \/>\n\t\t<meta name=\"twitter:card\" content=\"summary_large_image\" \/>\n\t\t<meta name=\"twitter:title\" content=\"La CE niega a Alemania la posibilidad de investigar la compra de E-Plus por Telef\u00f3nica - El Digital de Asturias\" \/>\n\t\t<meta name=\"twitter:description\" content=\"Bruselas, 30 ene (EFE).- La Comisi\u00f3n Europea (CE) rechaz\u00f3 hoy la petici\u00f3n de Alemania de hacerse cargo de la investigaci\u00f3n sobre el acuerdo de venta a Telef\u00f3nica de la filial alemana de m\u00f3viles de KPN, E-Plus. El Ejecutivo comunitario considera que est\u00e1 mejor situado que Berl\u00edn para inspeccionar la transacci\u00f3n y decidir si infringe las\" \/>\n\t\t<meta name=\"twitter:image\" content=\"https:\/\/www.eldigitaldeasturias.com\/noticias\/wp-content\/uploads\/2026\/06\/Contenidos.jpg\" \/>\n\t\t<meta name=\"twitter:label1\" content=\"Escrito por\" \/>\n\t\t<meta name=\"twitter:data1\" content=\"El Digital de Asturias\" \/>\n\t\t<meta name=\"twitter:label2\" content=\"Tiempo de lectura estimado\" \/>\n\t\t<meta name=\"twitter:data2\" content=\"2 minutos\" \/>\n\t\t<script type=\"application\/ld+json\" class=\"aioseo-schema\">\n\t\t\t{\"@context\":\"https:\\\/\\\/schema.org\",\"@graph\":[{\"@type\":\"BlogPosting\",\"@id\":\"https:\\\/\\\/www.eldigitaldeasturias.com\\\/noticias\\\/la-ce-niega-a-alemania-la-posibilidad-de-investigar-la-compra-de-e-plus-por-telefonica\\\/#blogposting\",\"name\":\"La CE niega a Alemania la posibilidad de investigar la compra de E-Plus por Telef\\u00f3nica - El Digital de Asturias\",\"headline\":\"La CE niega a Alemania la posibilidad de investigar la compra de E-Plus por Telef\\u00f3nica\",\"author\":{\"@id\":\"https:\\\/\\\/www.eldigitaldeasturias.com\\\/noticias\\\/author\\\/admin\\\/#author\"},\"publisher\":{\"@id\":\"https:\\\/\\\/www.eldigitaldeasturias.com\\\/noticias\\\/#organization\"},\"image\":{\"@type\":\"ImageObject\",\"url\":\"https:\\\/\\\/www.eldigitaldeasturias.com\\\/noticias\\\/wp-content\\\/uploads\\\/2026\\\/06\\\/Contenidos.jpg\",\"width\":1265,\"height\":697,\"caption\":\"Contenidos\"},\"datePublished\":\"2014-01-30T23:59:25+01:00\",\"dateModified\":\"2014-01-30T23:59:25+01:00\",\"inLanguage\":\"es-ES\",\"mainEntityOfPage\":{\"@id\":\"https:\\\/\\\/www.eldigitaldeasturias.com\\\/noticias\\\/la-ce-niega-a-alemania-la-posibilidad-de-investigar-la-compra-de-e-plus-por-telefonica\\\/#webpage\"},\"isPartOf\":{\"@id\":\"https:\\\/\\\/www.eldigitaldeasturias.com\\\/noticias\\\/la-ce-niega-a-alemania-la-posibilidad-de-investigar-la-compra-de-e-plus-por-telefonica\\\/#webpage\"},\"articleSection\":\"Actualidad\"},{\"@type\":\"BreadcrumbList\",\"@id\":\"https:\\\/\\\/www.eldigitaldeasturias.com\\\/noticias\\\/la-ce-niega-a-alemania-la-posibilidad-de-investigar-la-compra-de-e-plus-por-telefonica\\\/#breadcrumblist\",\"itemListElement\":[{\"@type\":\"ListItem\",\"@id\":\"https:\\\/\\\/www.eldigitaldeasturias.com\\\/noticias#listItem\",\"position\":1,\"name\":\"Home\",\"item\":\"https:\\\/\\\/www.eldigitaldeasturias.com\\\/noticias\",\"nextItem\":{\"@type\":\"ListItem\",\"@id\":\"https:\\\/\\\/www.eldigitaldeasturias.com\\\/noticias\\\/category\\\/actualidad\\\/#listItem\",\"name\":\"Actualidad\"}},{\"@type\":\"ListItem\",\"@id\":\"https:\\\/\\\/www.eldigitaldeasturias.com\\\/noticias\\\/category\\\/actualidad\\\/#listItem\",\"position\":2,\"name\":\"Actualidad\",\"item\":\"https:\\\/\\\/www.eldigitaldeasturias.com\\\/noticias\\\/category\\\/actualidad\\\/\",\"nextItem\":{\"@type\":\"ListItem\",\"@id\":\"https:\\\/\\\/www.eldigitaldeasturias.com\\\/noticias\\\/la-ce-niega-a-alemania-la-posibilidad-de-investigar-la-compra-de-e-plus-por-telefonica\\\/#listItem\",\"name\":\"La CE niega a Alemania la posibilidad de investigar la compra de E-Plus por Telef\\u00f3nica\"},\"previousItem\":{\"@type\":\"ListItem\",\"@id\":\"https:\\\/\\\/www.eldigitaldeasturias.com\\\/noticias#listItem\",\"name\":\"Home\"}},{\"@type\":\"ListItem\",\"@id\":\"https:\\\/\\\/www.eldigitaldeasturias.com\\\/noticias\\\/la-ce-niega-a-alemania-la-posibilidad-de-investigar-la-compra-de-e-plus-por-telefonica\\\/#listItem\",\"position\":3,\"name\":\"La CE niega a Alemania la posibilidad de investigar la compra de E-Plus por Telef\\u00f3nica\",\"previousItem\":{\"@type\":\"ListItem\",\"@id\":\"https:\\\/\\\/www.eldigitaldeasturias.com\\\/noticias\\\/category\\\/actualidad\\\/#listItem\",\"name\":\"Actualidad\"}}]},{\"@type\":\"Organization\",\"@id\":\"https:\\\/\\\/www.eldigitaldeasturias.com\\\/noticias\\\/#organization\",\"name\":\"El Digital de Asturias\",\"description\":\"Hemeroteca\",\"url\":\"https:\\\/\\\/www.eldigitaldeasturias.com\\\/noticias\\\/\",\"email\":\"info@eldigitaldeasturias.com\",\"telephone\":\"+34652131393\",\"logo\":{\"@type\":\"ImageObject\",\"url\":\"https:\\\/\\\/www.eldigitaldeasturias.com\\\/noticias\\\/wp-content\\\/uploads\\\/2020\\\/12\\\/EDA.jpg\",\"@id\":\"https:\\\/\\\/www.eldigitaldeasturias.com\\\/noticias\\\/la-ce-niega-a-alemania-la-posibilidad-de-investigar-la-compra-de-e-plus-por-telefonica\\\/#organizationLogo\"},\"image\":{\"@id\":\"https:\\\/\\\/www.eldigitaldeasturias.com\\\/noticias\\\/la-ce-niega-a-alemania-la-posibilidad-de-investigar-la-compra-de-e-plus-por-telefonica\\\/#organizationLogo\"},\"sameAs\":[\"https:\\\/\\\/facebook.com\\\/eldigitaldeasturias\",\"https:\\\/\\\/www.youtube.com\\\/channel\\\/UCZP-2wLEB9Rv6erhFmqVnvg\"],\"address\":{\"@id\":\"https:\\\/\\\/www.eldigitaldeasturias.com\\\/noticias\\\/#postaladdress\",\"@type\":\"PostalAddress\",\"streetAddress\":\"san antonio 4\",\"postalCode\":\"33430\",\"addressLocality\":\"Cand\\u00e1s\",\"addressRegion\":\"Asturias\",\"addressCountry\":\"ES\"}},{\"@type\":\"Person\",\"@id\":\"https:\\\/\\\/www.eldigitaldeasturias.com\\\/noticias\\\/author\\\/admin\\\/#author\",\"url\":\"https:\\\/\\\/www.eldigitaldeasturias.com\\\/noticias\\\/author\\\/admin\\\/\",\"name\":\"El Digital de Asturias\",\"image\":{\"@type\":\"ImageObject\",\"@id\":\"https:\\\/\\\/www.eldigitaldeasturias.com\\\/noticias\\\/la-ce-niega-a-alemania-la-posibilidad-de-investigar-la-compra-de-e-plus-por-telefonica\\\/#authorImage\",\"url\":\"https:\\\/\\\/secure.gravatar.com\\\/avatar\\\/df2aeffc32bcd13f8d26072ef8a91b623d677766deac7f97ca815868cd41bf5e?s=96&d=mm&r=g\",\"width\":96,\"height\":96,\"caption\":\"El Digital de Asturias\"}},{\"@type\":\"WebPage\",\"@id\":\"https:\\\/\\\/www.eldigitaldeasturias.com\\\/noticias\\\/la-ce-niega-a-alemania-la-posibilidad-de-investigar-la-compra-de-e-plus-por-telefonica\\\/#webpage\",\"url\":\"https:\\\/\\\/www.eldigitaldeasturias.com\\\/noticias\\\/la-ce-niega-a-alemania-la-posibilidad-de-investigar-la-compra-de-e-plus-por-telefonica\\\/\",\"name\":\"La CE niega a Alemania la posibilidad de investigar la compra de E-Plus por Telef\\u00f3nica - El Digital de Asturias\",\"description\":\"Bruselas, 30 ene (EFE).- La Comisi\\u00f3n Europea (CE) rechaz\\u00f3 hoy la petici\\u00f3n de Alemania de hacerse cargo de la investigaci\\u00f3n sobre el acuerdo de venta a Telef\\u00f3nica de la filial alemana de m\\u00f3viles de KPN, E-Plus. El Ejecutivo comunitario considera que est\\u00e1 mejor situado que Berl\\u00edn para inspeccionar la transacci\\u00f3n y decidir si infringe las\",\"inLanguage\":\"es-ES\",\"isPartOf\":{\"@id\":\"https:\\\/\\\/www.eldigitaldeasturias.com\\\/noticias\\\/#website\"},\"breadcrumb\":{\"@id\":\"https:\\\/\\\/www.eldigitaldeasturias.com\\\/noticias\\\/la-ce-niega-a-alemania-la-posibilidad-de-investigar-la-compra-de-e-plus-por-telefonica\\\/#breadcrumblist\"},\"author\":{\"@id\":\"https:\\\/\\\/www.eldigitaldeasturias.com\\\/noticias\\\/author\\\/admin\\\/#author\"},\"creator\":{\"@id\":\"https:\\\/\\\/www.eldigitaldeasturias.com\\\/noticias\\\/author\\\/admin\\\/#author\"},\"image\":{\"@type\":\"ImageObject\",\"url\":\"https:\\\/\\\/www.eldigitaldeasturias.com\\\/noticias\\\/wp-content\\\/uploads\\\/2026\\\/06\\\/Contenidos.jpg\",\"@id\":\"https:\\\/\\\/www.eldigitaldeasturias.com\\\/noticias\\\/la-ce-niega-a-alemania-la-posibilidad-de-investigar-la-compra-de-e-plus-por-telefonica\\\/#mainImage\",\"width\":1265,\"height\":697,\"caption\":\"Contenidos\"},\"primaryImageOfPage\":{\"@id\":\"https:\\\/\\\/www.eldigitaldeasturias.com\\\/noticias\\\/la-ce-niega-a-alemania-la-posibilidad-de-investigar-la-compra-de-e-plus-por-telefonica\\\/#mainImage\"},\"datePublished\":\"2014-01-30T23:59:25+01:00\",\"dateModified\":\"2014-01-30T23:59:25+01:00\"},{\"@type\":\"WebSite\",\"@id\":\"https:\\\/\\\/www.eldigitaldeasturias.com\\\/noticias\\\/#website\",\"url\":\"https:\\\/\\\/www.eldigitaldeasturias.com\\\/noticias\\\/\",\"name\":\"El Digital de Asturias - Diario de actualidad y noticias\",\"alternateName\":\"El Digital de Asturias - Diario de actualidad y noticias\",\"description\":\"Hemeroteca\",\"inLanguage\":\"es-ES\",\"publisher\":{\"@id\":\"https:\\\/\\\/www.eldigitaldeasturias.com\\\/noticias\\\/#organization\"}}]}\n\t\t<\/script>\n\t\t<!-- All in One SEO Pro -->\r\n\t\t<title>La CE niega a Alemania la posibilidad de investigar la compra de E-Plus por Telef\u00f3nica - El Digital de Asturias<\/title>\n\n","aioseo_head_json":{"title":"La CE niega a Alemania la posibilidad de investigar la compra de E-Plus por Telef\u00f3nica - El Digital de Asturias","description":"Bruselas, 30 ene (EFE).- La Comisi\u00f3n Europea (CE) rechaz\u00f3 hoy la petici\u00f3n de Alemania de hacerse cargo de la investigaci\u00f3n sobre el acuerdo de venta a Telef\u00f3nica de la filial alemana de m\u00f3viles de KPN, E-Plus. El Ejecutivo comunitario considera que est\u00e1 mejor situado que Berl\u00edn para inspeccionar la transacci\u00f3n y decidir si infringe las","canonical_url":"https:\/\/www.eldigitaldeasturias.com\/noticias\/la-ce-niega-a-alemania-la-posibilidad-de-investigar-la-compra-de-e-plus-por-telefonica\/","robots":"max-image-preview:large","keywords":"actualidad","webmasterTools":{"google-site-verification":"UA-38556648-1","msvalidate.01":"7dfe9f3f1b24437ab69f4f2559babe99","miscellaneous":""},"schema":{"@context":"https:\/\/schema.org","@graph":[{"@type":"BlogPosting","@id":"https:\/\/www.eldigitaldeasturias.com\/noticias\/la-ce-niega-a-alemania-la-posibilidad-de-investigar-la-compra-de-e-plus-por-telefonica\/#blogposting","name":"La CE niega a Alemania la posibilidad de investigar la compra de E-Plus por Telef\u00f3nica - El Digital de Asturias","headline":"La CE niega a Alemania la posibilidad de investigar la compra de E-Plus por Telef\u00f3nica","author":{"@id":"https:\/\/www.eldigitaldeasturias.com\/noticias\/author\/admin\/#author"},"publisher":{"@id":"https:\/\/www.eldigitaldeasturias.com\/noticias\/#organization"},"image":{"@type":"ImageObject","url":"https:\/\/www.eldigitaldeasturias.com\/noticias\/wp-content\/uploads\/2026\/06\/Contenidos.jpg","width":1265,"height":697,"caption":"Contenidos"},"datePublished":"2014-01-30T23:59:25+01:00","dateModified":"2014-01-30T23:59:25+01:00","inLanguage":"es-ES","mainEntityOfPage":{"@id":"https:\/\/www.eldigitaldeasturias.com\/noticias\/la-ce-niega-a-alemania-la-posibilidad-de-investigar-la-compra-de-e-plus-por-telefonica\/#webpage"},"isPartOf":{"@id":"https:\/\/www.eldigitaldeasturias.com\/noticias\/la-ce-niega-a-alemania-la-posibilidad-de-investigar-la-compra-de-e-plus-por-telefonica\/#webpage"},"articleSection":"Actualidad"},{"@type":"BreadcrumbList","@id":"https:\/\/www.eldigitaldeasturias.com\/noticias\/la-ce-niega-a-alemania-la-posibilidad-de-investigar-la-compra-de-e-plus-por-telefonica\/#breadcrumblist","itemListElement":[{"@type":"ListItem","@id":"https:\/\/www.eldigitaldeasturias.com\/noticias#listItem","position":1,"name":"Home","item":"https:\/\/www.eldigitaldeasturias.com\/noticias","nextItem":{"@type":"ListItem","@id":"https:\/\/www.eldigitaldeasturias.com\/noticias\/category\/actualidad\/#listItem","name":"Actualidad"}},{"@type":"ListItem","@id":"https:\/\/www.eldigitaldeasturias.com\/noticias\/category\/actualidad\/#listItem","position":2,"name":"Actualidad","item":"https:\/\/www.eldigitaldeasturias.com\/noticias\/category\/actualidad\/","nextItem":{"@type":"ListItem","@id":"https:\/\/www.eldigitaldeasturias.com\/noticias\/la-ce-niega-a-alemania-la-posibilidad-de-investigar-la-compra-de-e-plus-por-telefonica\/#listItem","name":"La CE niega a Alemania la posibilidad de investigar la compra de E-Plus por Telef\u00f3nica"},"previousItem":{"@type":"ListItem","@id":"https:\/\/www.eldigitaldeasturias.com\/noticias#listItem","name":"Home"}},{"@type":"ListItem","@id":"https:\/\/www.eldigitaldeasturias.com\/noticias\/la-ce-niega-a-alemania-la-posibilidad-de-investigar-la-compra-de-e-plus-por-telefonica\/#listItem","position":3,"name":"La CE niega a Alemania la posibilidad de investigar la compra de E-Plus por Telef\u00f3nica","previousItem":{"@type":"ListItem","@id":"https:\/\/www.eldigitaldeasturias.com\/noticias\/category\/actualidad\/#listItem","name":"Actualidad"}}]},{"@type":"Organization","@id":"https:\/\/www.eldigitaldeasturias.com\/noticias\/#organization","name":"El Digital de Asturias","description":"Hemeroteca","url":"https:\/\/www.eldigitaldeasturias.com\/noticias\/","email":"info@eldigitaldeasturias.com","telephone":"+34652131393","logo":{"@type":"ImageObject","url":"https:\/\/www.eldigitaldeasturias.com\/noticias\/wp-content\/uploads\/2020\/12\/EDA.jpg","@id":"https:\/\/www.eldigitaldeasturias.com\/noticias\/la-ce-niega-a-alemania-la-posibilidad-de-investigar-la-compra-de-e-plus-por-telefonica\/#organizationLogo"},"image":{"@id":"https:\/\/www.eldigitaldeasturias.com\/noticias\/la-ce-niega-a-alemania-la-posibilidad-de-investigar-la-compra-de-e-plus-por-telefonica\/#organizationLogo"},"sameAs":["https:\/\/facebook.com\/eldigitaldeasturias","https:\/\/www.youtube.com\/channel\/UCZP-2wLEB9Rv6erhFmqVnvg"],"address":{"@id":"https:\/\/www.eldigitaldeasturias.com\/noticias\/#postaladdress","@type":"PostalAddress","streetAddress":"san antonio 4","postalCode":"33430","addressLocality":"Cand\u00e1s","addressRegion":"Asturias","addressCountry":"ES"}},{"@type":"Person","@id":"https:\/\/www.eldigitaldeasturias.com\/noticias\/author\/admin\/#author","url":"https:\/\/www.eldigitaldeasturias.com\/noticias\/author\/admin\/","name":"El Digital de Asturias","image":{"@type":"ImageObject","@id":"https:\/\/www.eldigitaldeasturias.com\/noticias\/la-ce-niega-a-alemania-la-posibilidad-de-investigar-la-compra-de-e-plus-por-telefonica\/#authorImage","url":"https:\/\/secure.gravatar.com\/avatar\/df2aeffc32bcd13f8d26072ef8a91b623d677766deac7f97ca815868cd41bf5e?s=96&d=mm&r=g","width":96,"height":96,"caption":"El Digital de Asturias"}},{"@type":"WebPage","@id":"https:\/\/www.eldigitaldeasturias.com\/noticias\/la-ce-niega-a-alemania-la-posibilidad-de-investigar-la-compra-de-e-plus-por-telefonica\/#webpage","url":"https:\/\/www.eldigitaldeasturias.com\/noticias\/la-ce-niega-a-alemania-la-posibilidad-de-investigar-la-compra-de-e-plus-por-telefonica\/","name":"La CE niega a Alemania la posibilidad de investigar la compra de E-Plus por Telef\u00f3nica - El Digital de Asturias","description":"Bruselas, 30 ene (EFE).- La Comisi\u00f3n Europea (CE) rechaz\u00f3 hoy la petici\u00f3n de Alemania de hacerse cargo de la investigaci\u00f3n sobre el acuerdo de venta a Telef\u00f3nica de la filial alemana de m\u00f3viles de KPN, E-Plus. El Ejecutivo comunitario considera que est\u00e1 mejor situado que Berl\u00edn para inspeccionar la transacci\u00f3n y decidir si infringe las","inLanguage":"es-ES","isPartOf":{"@id":"https:\/\/www.eldigitaldeasturias.com\/noticias\/#website"},"breadcrumb":{"@id":"https:\/\/www.eldigitaldeasturias.com\/noticias\/la-ce-niega-a-alemania-la-posibilidad-de-investigar-la-compra-de-e-plus-por-telefonica\/#breadcrumblist"},"author":{"@id":"https:\/\/www.eldigitaldeasturias.com\/noticias\/author\/admin\/#author"},"creator":{"@id":"https:\/\/www.eldigitaldeasturias.com\/noticias\/author\/admin\/#author"},"image":{"@type":"ImageObject","url":"https:\/\/www.eldigitaldeasturias.com\/noticias\/wp-content\/uploads\/2026\/06\/Contenidos.jpg","@id":"https:\/\/www.eldigitaldeasturias.com\/noticias\/la-ce-niega-a-alemania-la-posibilidad-de-investigar-la-compra-de-e-plus-por-telefonica\/#mainImage","width":1265,"height":697,"caption":"Contenidos"},"primaryImageOfPage":{"@id":"https:\/\/www.eldigitaldeasturias.com\/noticias\/la-ce-niega-a-alemania-la-posibilidad-de-investigar-la-compra-de-e-plus-por-telefonica\/#mainImage"},"datePublished":"2014-01-30T23:59:25+01:00","dateModified":"2014-01-30T23:59:25+01:00"},{"@type":"WebSite","@id":"https:\/\/www.eldigitaldeasturias.com\/noticias\/#website","url":"https:\/\/www.eldigitaldeasturias.com\/noticias\/","name":"El Digital de Asturias - Diario de actualidad y noticias","alternateName":"El Digital de Asturias - Diario de actualidad y noticias","description":"Hemeroteca","inLanguage":"es-ES","publisher":{"@id":"https:\/\/www.eldigitaldeasturias.com\/noticias\/#organization"}}]},"og:locale":"es_ES","og:site_name":"El Digital de Asturias","og:type":"article","og:title":"La CE niega a Alemania la posibilidad de investigar la compra de E-Plus por Telef\u00f3nica - El Digital de Asturias","og:description":"Bruselas, 30 ene (EFE).- La Comisi\u00f3n Europea (CE) rechaz\u00f3 hoy la petici\u00f3n de Alemania de hacerse cargo de la investigaci\u00f3n sobre el acuerdo de venta a Telef\u00f3nica de la filial alemana de m\u00f3viles de KPN, E-Plus. El Ejecutivo comunitario considera que est\u00e1 mejor situado que Berl\u00edn para inspeccionar la transacci\u00f3n y decidir si infringe las","og:url":"https:\/\/www.eldigitaldeasturias.com\/noticias\/la-ce-niega-a-alemania-la-posibilidad-de-investigar-la-compra-de-e-plus-por-telefonica\/","og:image":"https:\/\/www.eldigitaldeasturias.com\/noticias\/wp-content\/uploads\/2026\/06\/Contenidos.jpg","og:image:secure_url":"https:\/\/www.eldigitaldeasturias.com\/noticias\/wp-content\/uploads\/2026\/06\/Contenidos.jpg","og:image:width":1265,"og:image:height":697,"article:tag":["actualidad"],"article:published_time":"2014-01-31T00:59:25+00:00","article:modified_time":"2014-01-31T00:59:25+00:00","article:publisher":"https:\/\/facebook.com\/eldigitaldeasturias","twitter:card":"summary_large_image","twitter:title":"La CE niega a Alemania la posibilidad de investigar la compra de E-Plus por Telef\u00f3nica - El Digital de Asturias","twitter:description":"Bruselas, 30 ene (EFE).- La Comisi\u00f3n Europea (CE) rechaz\u00f3 hoy la petici\u00f3n de Alemania de hacerse cargo de la investigaci\u00f3n sobre el acuerdo de venta a Telef\u00f3nica de la filial alemana de m\u00f3viles de KPN, E-Plus. El Ejecutivo comunitario considera que est\u00e1 mejor situado que Berl\u00edn para inspeccionar la transacci\u00f3n y decidir si infringe las","twitter:image":"https:\/\/www.eldigitaldeasturias.com\/noticias\/wp-content\/uploads\/2026\/06\/Contenidos.jpg","twitter:label1":"Escrito por","twitter:data1":"El Digital de Asturias","twitter:label2":"Tiempo de lectura estimado","twitter:data2":"2 minutos"},"aioseo_meta_data":{"post_id":"480770","title":null,"description":null,"keywords":null,"keyphrases":null,"primary_term":null,"canonical_url":null,"og_title":null,"og_description":null,"og_object_type":"default","og_image_type":"default","og_image_url":null,"og_image_width":null,"og_image_height":null,"og_image_custom_url":null,"og_image_custom_fields":null,"og_video":null,"og_custom_url":null,"og_article_section":null,"og_article_tags":null,"twitter_use_og":true,"twitter_card":"default","twitter_image_type":"default","twitter_image_url":null,"twitter_image_custom_url":null,"twitter_image_custom_fields":null,"twitter_title":null,"twitter_description":null,"schema":{"blockGraphs":[],"customGraphs":[],"default":{"data":{"Article":[],"Course":[],"Dataset":[],"FAQPage":[],"Movie":[],"Person":[],"Product":[],"ProductReview":[],"Car":[],"Recipe":[],"Service":[],"SoftwareApplication":[],"WebPage":[]},"graphName":"","isEnabled":true},"graphs":[],"defaultGraph":"","defaultPostTypeGraph":""},"schema_type":null,"schema_type_options":null,"pillar_content":false,"robots_default":true,"robots_noindex":false,"robots_noarchive":false,"robots_nosnippet":false,"robots_nofollow":false,"robots_noimageindex":false,"robots_noodp":false,"robots_notranslate":false,"robots_max_snippet":null,"robots_max_videopreview":null,"robots_max_imagepreview":"none","priority":null,"frequency":null,"local_seo":null,"seo_analyzer_scan_date":"2026-06-02 04:47:48","breadcrumb_settings":null,"limit_modified_date":false,"open_ai":null,"ai":null,"created":"2020-11-14 22:54:14","updated":"2026-06-02 04:47:48","focus_keyword":null,"additional_keywords":null,"truseo_locale":null},"aioseo_breadcrumb":"<div class=\"aioseo-breadcrumbs\"><span class=\"aioseo-breadcrumb\">\n\t<a href=\"https:\/\/www.eldigitaldeasturias.com\/noticias\" title=\"Home\">Home<\/a>\n<\/span><span class=\"aioseo-breadcrumb-separator\">\u2013<\/span><span class=\"aioseo-breadcrumb\">\n\t<a href=\"https:\/\/www.eldigitaldeasturias.com\/noticias\/category\/actualidad\/\" title=\"Actualidad\">Actualidad<\/a>\n<\/span><span class=\"aioseo-breadcrumb-separator\">\u2013<\/span><span class=\"aioseo-breadcrumb\">\n\t<a href=\"https:\/\/www.eldigitaldeasturias.com\/noticias\/la-ce-niega-a-alemania-la-posibilidad-de-investigar-la-compra-de-e-plus-por-telefonica\/\" title=\"La CE niega a Alemania la posibilidad de investigar la compra de E-Plus por Telef\u00f3nica\">La CE niega a Alemania la posibilidad de investigar la compra de E-Plus por Telef\u00f3nica<\/a>\n<\/span><\/div>","aioseo_breadcrumb_json":[{"label":"Home","link":"https:\/\/www.eldigitaldeasturias.com\/noticias"},{"label":"Actualidad","link":"https:\/\/www.eldigitaldeasturias.com\/noticias\/category\/actualidad\/"},{"label":"La CE niega a Alemania la posibilidad de investigar la compra de E-Plus por Telef\u00f3nica","link":"https:\/\/www.eldigitaldeasturias.com\/noticias\/la-ce-niega-a-alemania-la-posibilidad-de-investigar-la-compra-de-e-plus-por-telefonica\/"}],"_links":{"self":[{"href":"https:\/\/www.eldigitaldeasturias.com\/noticias\/wp-json\/wp\/v2\/posts\/480770","targetHints":{"allow":["GET"]}}],"collection":[{"href":"https:\/\/www.eldigitaldeasturias.com\/noticias\/wp-json\/wp\/v2\/posts"}],"about":[{"href":"https:\/\/www.eldigitaldeasturias.com\/noticias\/wp-json\/wp\/v2\/types\/post"}],"author":[{"embeddable":true,"href":"https:\/\/www.eldigitaldeasturias.com\/noticias\/wp-json\/wp\/v2\/users\/1"}],"replies":[{"embeddable":true,"href":"https:\/\/www.eldigitaldeasturias.com\/noticias\/wp-json\/wp\/v2\/comments?post=480770"}],"version-history":[{"count":0,"href":"https:\/\/www.eldigitaldeasturias.com\/noticias\/wp-json\/wp\/v2\/posts\/480770\/revisions"}],"wp:featuredmedia":[{"embeddable":true,"href":"https:\/\/www.eldigitaldeasturias.com\/noticias\/wp-json\/wp\/v2\/media\/1132184"}],"wp:attachment":[{"href":"https:\/\/www.eldigitaldeasturias.com\/noticias\/wp-json\/wp\/v2\/media?parent=480770"}],"wp:term":[{"taxonomy":"category","embeddable":true,"href":"https:\/\/www.eldigitaldeasturias.com\/noticias\/wp-json\/wp\/v2\/categories?post=480770"},{"taxonomy":"post_tag","embeddable":true,"href":"https:\/\/www.eldigitaldeasturias.com\/noticias\/wp-json\/wp\/v2\/tags?post=480770"}],"curies":[{"name":"wp","href":"https:\/\/api.w.org\/{rel}","templated":true}]}}