{"id":480767,"date":"2014-01-30T23:58:22","date_gmt":"2014-01-31T00:58:22","guid":{"rendered":"http:\/\/www.eldigitaldeasturias.com\/noticias\/?p=480767"},"modified":"2014-01-30T23:58:22","modified_gmt":"2014-01-31T00:58:22","slug":"el-dinamo-de-kiev-propone-un-amistoso-entre-manifestantes-y-antidisturbios","status":"publish","type":"post","link":"https:\/\/www.eldigitaldeasturias.com\/noticias\/el-dinamo-de-kiev-propone-un-amistoso-entre-manifestantes-y-antidisturbios\/","title":{"rendered":"El D\u00ednamo de Kiev propone un amistoso entre manifestantes y antidisturbios"},"content":{"rendered":"<p><img loading=\"lazy\" decoding=\"async\" class=\"alignleft size-medium wp-image-480768\" alt=\"5891661w\" src=\"https:\/\/www.eldigitaldeasturias.com\/noticias\/wp-content\/uploads\/2014\/01\/5891661w-360x240.jpg\" width=\"360\" height=\"240\" \/>Kiev, 30 ene (EFE).- El presidente del D\u00ednamo de Kiev, el equipo m\u00e1s importante de Ucrania, propuso hoy a manifestantes y antidisturbios, que protagonizaron violentos enfrentamientos frente a su estadio, jugar un partido amistoso de reconciliaci\u00f3n.<\/p>\n<p>\u00abApoyo la idea del exjugador de la selecci\u00f3n de Ucrania Yevgueni L\u00e9vchenko de celebrar un partido de f\u00fatbol entre el Euromaid\u00e1n (como se conoce el movimiento de protesta popular contra el presidente ucraniano V\u00edktor Yanuk\u00f3vich) y los Berkut (cuerpo especial de polic\u00eda antidisturbios)\u00bb, dijo Igor Surkis a la agencia rusa ITAR-TASS.<\/p>\n<p>L\u00e9vchenko, destacado centrocampista de la selecci\u00f3n ucraniana entre 2002 y 2009, sugiri\u00f3 que los bandos que se enfrentaron en los violentos disturbios que se desataron en Kiev entre el 19 y el 23 de enero \u00abarreglen su conflicto en un campo de f\u00fatbol\u00bb.<\/p>\n<p>Surkis ofreci\u00f3 el campo cubierto de la base de entrenamiento del D\u00ednamo para que el partido de la reconciliaci\u00f3n se juegue en un ambiente \u00abc\u00e1lido, confortable y amistoso\u00bb.<\/p>\n<p>Los disturbios de la semana pasada se desataron justo en las inmediaciones de la entrada principal del m\u00edtico estadio del D\u00ednamo, situado en el mismo coraz\u00f3n de Kiev y a pocos metros de la sede del Gobierno ucraniano.<\/p>\n<p>La columnata del estadio sufri\u00f3 desperfectos y la estatua de Valeri Lobanovski, m\u00edtico jugador y entrenador del D\u00ednamo y tambi\u00e9n de la selecci\u00f3n sovi\u00e9tica, fue ataviada por los manifestantes con un casco, gafas y una bandera ucraniana al cuello.<\/p>\n<p>\u00abCreo que el trato a la estatua de Valeri Lobanovski fue absolutamente vand\u00e1lico. Sacamos a prop\u00f3sito la estatua fuera del estadio para que la gente pudiera verla y poner flores a sus pies. No hay derecho que se tratara de esa manera\u00bb, se quej\u00f3 el presidente del D\u00ednamo, el equipo m\u00e1s laureado de Ucrania, que tambi\u00e9n fue uno de los mejores de la URSS.<\/p>\n<p>Los ucranianos son grandes aficionados al f\u00fatbol, como demuestran los partidos que juegan todos los d\u00edas de forma espont\u00e1nea tanto los manifestantes apostados desde hace dos meses en el centro de Kiev como incluso los antidisturbios.<\/p>\n<p>Algunos activistas opositores que juegan por diversi\u00f3n y para entrar en calor en la misma entrada del estadio Valeri Lobanovski aseguraron a ITAR TASS que se enfrentar\u00edan encantados a sus oponentes de las fuerzas del orden.<\/p>\n<p>Al otro lado de las barricadas, en el extremo opuesto del estadio, los Berkut tambi\u00e9n juegan \u00abpara calentarse\u00bb, en palabras de uno de sus agentes, pero no est\u00e1n por la labor.<\/p>\n<p>\u00abPara empezar los manifestantes m\u00e1s radicales deber\u00edan tranquilizarse y dejar de provocarnos\u00bb, dijo un antidisturbios.<\/p>\n<p>Las protestas opositoras en toda Ucrania estallaron hace poco m\u00e1s de dos meses despu\u00e9s de que el Gobierno del presidente V\u00edktor Yanuk\u00f3vich aplazara de manera indefinida la firma del Acuerdo de Asociaci\u00f3n con la Uni\u00f3n Europea, prevista para fines de noviembre del a\u00f1o pasado.<\/p>\n<p>Antes las creciente manifestaciones europe\u00edstas en el centro de Kiev, ocupado por la oposici\u00f3n, la mayor\u00eda parlamentaria oficialista aprob\u00f3 el pasado d\u00eda 16 una serie de leyes para restringir el derecho de reuni\u00f3n y otras libertades civiles.<\/p>\n<p>Tres d\u00edas despu\u00e9s, la capital ucrania se convirti\u00f3 en escenario de violentos choques entre manifestantes y polic\u00edas antidisturbios que se cobraron varios muertos -seis, seg\u00fan la oposici\u00f3n; tres, de acuerdo a la versi\u00f3n oficial- y centenares de heridos.<\/p>\n<p>El 23 de enero, ante la gravedad de la situaci\u00f3n, las autoridades y los l\u00edderes opositores acordaron una tregua e iniciaron un proceso de negociaciones, en el que la oposici\u00f3n ha conseguido pr\u00e1cticamente todos sus objetivos, salvo la convocatoria de elecciones presidenciales y parlamentarias anticipadas.<\/p>\n","protected":false},"excerpt":{"rendered":"<p>Kiev, 30 ene (EFE).- El presidente del D\u00ednamo de Kiev, el equipo m\u00e1s importante de Ucrania, propuso hoy a manifestantes y antidisturbios, que protagonizaron violentos enfrentamientos frente a su estadio, jugar un partido amistoso de reconciliaci\u00f3n. \u00abApoyo la idea del exjugador de la selecci\u00f3n de Ucrania Yevgueni L\u00e9vchenko de celebrar un partido de f\u00fatbol entre [&hellip;]<\/p>\n","protected":false},"author":1,"featured_media":1132184,"comment_status":"closed","ping_status":"open","sticky":false,"template":"","format":"standard","meta":{"footnotes":""},"categories":[1],"tags":[],"class_list":["post-480767","post","type-post","status-publish","format-standard","has-post-thumbnail","hentry","category-actualidad"],"aioseo_notices":[],"aioseo_head":"\n\t\t<!-- All in One SEO Pro 5.0.1 - aioseo.com -->\n\t<meta name=\"description\" content=\"Kiev, 30 ene (EFE).- El presidente del D\u00ednamo de Kiev, el equipo m\u00e1s importante de Ucrania, propuso hoy a manifestantes y antidisturbios, que protagonizaron violentos enfrentamientos frente a su estadio, jugar un partido amistoso de reconciliaci\u00f3n. &quot;Apoyo la idea del exjugador de la selecci\u00f3n de Ucrania Yevgueni L\u00e9vchenko de celebrar un partido de f\u00fatbol entre\" \/>\n\t<meta name=\"robots\" content=\"max-image-preview:large\" \/>\n\t<meta name=\"author\" content=\"El Digital de Asturias\"\/>\n\t<meta name=\"google-site-verification\" content=\"UA-38556648-1\" \/>\n\t<meta name=\"msvalidate.01\" content=\"7dfe9f3f1b24437ab69f4f2559babe99\" \/>\n\t<meta name=\"keywords\" content=\"actualidad\" \/>\n\t<link rel=\"canonical\" href=\"https:\/\/www.eldigitaldeasturias.com\/noticias\/el-dinamo-de-kiev-propone-un-amistoso-entre-manifestantes-y-antidisturbios\/\" \/>\n\t<meta name=\"generator\" content=\"All in One SEO Pro (AIOSEO) 5.0.1\" \/>\n\t\t<meta property=\"og:locale\" content=\"es_ES\" \/>\n\t\t<meta property=\"og:site_name\" content=\"El Digital de Asturias\" \/>\n\t\t<meta property=\"og:type\" content=\"article\" \/>\n\t\t<meta property=\"og:title\" content=\"El D\u00ednamo de Kiev propone un amistoso entre manifestantes y antidisturbios - El Digital de Asturias\" \/>\n\t\t<meta property=\"og:description\" content=\"Kiev, 30 ene (EFE).- El presidente del D\u00ednamo de Kiev, el equipo m\u00e1s importante de Ucrania, propuso hoy a manifestantes y antidisturbios, que protagonizaron violentos enfrentamientos frente a su estadio, jugar un partido amistoso de reconciliaci\u00f3n. &quot;Apoyo la idea del exjugador de la selecci\u00f3n de Ucrania Yevgueni L\u00e9vchenko de celebrar un partido de f\u00fatbol entre\" \/>\n\t\t<meta property=\"og:url\" content=\"https:\/\/www.eldigitaldeasturias.com\/noticias\/el-dinamo-de-kiev-propone-un-amistoso-entre-manifestantes-y-antidisturbios\/\" \/>\n\t\t<meta property=\"og:image\" content=\"https:\/\/www.eldigitaldeasturias.com\/noticias\/wp-content\/uploads\/2026\/06\/Contenidos.jpg\" \/>\n\t\t<meta property=\"og:image:secure_url\" content=\"https:\/\/www.eldigitaldeasturias.com\/noticias\/wp-content\/uploads\/2026\/06\/Contenidos.jpg\" \/>\n\t\t<meta property=\"og:image:width\" content=\"1265\" \/>\n\t\t<meta property=\"og:image:height\" content=\"697\" \/>\n\t\t<meta property=\"article:tag\" content=\"actualidad\" \/>\n\t\t<meta property=\"article:published_time\" content=\"2014-01-31T00:58:22+00:00\" \/>\n\t\t<meta property=\"article:modified_time\" content=\"2014-01-31T00:58:22+00:00\" \/>\n\t\t<meta property=\"article:publisher\" content=\"https:\/\/facebook.com\/eldigitaldeasturias\" \/>\n\t\t<meta name=\"twitter:card\" content=\"summary_large_image\" \/>\n\t\t<meta name=\"twitter:title\" content=\"El D\u00ednamo de Kiev propone un amistoso entre manifestantes y antidisturbios - El Digital de Asturias\" \/>\n\t\t<meta name=\"twitter:description\" content=\"Kiev, 30 ene (EFE).- El presidente del D\u00ednamo de Kiev, el equipo m\u00e1s importante de Ucrania, propuso hoy a manifestantes y antidisturbios, que protagonizaron violentos enfrentamientos frente a su estadio, jugar un partido amistoso de reconciliaci\u00f3n. &quot;Apoyo la idea del exjugador de la selecci\u00f3n de Ucrania Yevgueni L\u00e9vchenko de celebrar un partido de f\u00fatbol entre\" \/>\n\t\t<meta name=\"twitter:image\" content=\"https:\/\/www.eldigitaldeasturias.com\/noticias\/wp-content\/uploads\/2026\/06\/Contenidos.jpg\" \/>\n\t\t<meta name=\"twitter:label1\" content=\"Escrito por\" \/>\n\t\t<meta name=\"twitter:data1\" content=\"El Digital de Asturias\" \/>\n\t\t<meta name=\"twitter:label2\" content=\"Tiempo de lectura estimado\" \/>\n\t\t<meta name=\"twitter:data2\" content=\"3 minutos\" \/>\n\t\t<script type=\"application\/ld+json\" class=\"aioseo-schema\">\n\t\t\t{\"@context\":\"https:\\\/\\\/schema.org\",\"@graph\":[{\"@type\":\"BlogPosting\",\"@id\":\"https:\\\/\\\/www.eldigitaldeasturias.com\\\/noticias\\\/el-dinamo-de-kiev-propone-un-amistoso-entre-manifestantes-y-antidisturbios\\\/#blogposting\",\"name\":\"El D\\u00ednamo de Kiev propone un amistoso entre manifestantes y antidisturbios - El Digital de Asturias\",\"headline\":\"El D\\u00ednamo de Kiev propone un amistoso entre manifestantes y antidisturbios\",\"author\":{\"@id\":\"https:\\\/\\\/www.eldigitaldeasturias.com\\\/noticias\\\/author\\\/admin\\\/#author\"},\"publisher\":{\"@id\":\"https:\\\/\\\/www.eldigitaldeasturias.com\\\/noticias\\\/#organization\"},\"image\":{\"@type\":\"ImageObject\",\"url\":\"https:\\\/\\\/www.eldigitaldeasturias.com\\\/noticias\\\/wp-content\\\/uploads\\\/2026\\\/06\\\/Contenidos.jpg\",\"width\":1265,\"height\":697,\"caption\":\"Contenidos\"},\"datePublished\":\"2014-01-30T23:58:22+01:00\",\"dateModified\":\"2014-01-30T23:58:22+01:00\",\"inLanguage\":\"es-ES\",\"mainEntityOfPage\":{\"@id\":\"https:\\\/\\\/www.eldigitaldeasturias.com\\\/noticias\\\/el-dinamo-de-kiev-propone-un-amistoso-entre-manifestantes-y-antidisturbios\\\/#webpage\"},\"isPartOf\":{\"@id\":\"https:\\\/\\\/www.eldigitaldeasturias.com\\\/noticias\\\/el-dinamo-de-kiev-propone-un-amistoso-entre-manifestantes-y-antidisturbios\\\/#webpage\"},\"articleSection\":\"Actualidad\"},{\"@type\":\"BreadcrumbList\",\"@id\":\"https:\\\/\\\/www.eldigitaldeasturias.com\\\/noticias\\\/el-dinamo-de-kiev-propone-un-amistoso-entre-manifestantes-y-antidisturbios\\\/#breadcrumblist\",\"itemListElement\":[{\"@type\":\"ListItem\",\"@id\":\"https:\\\/\\\/www.eldigitaldeasturias.com\\\/noticias#listItem\",\"position\":1,\"name\":\"Home\",\"item\":\"https:\\\/\\\/www.eldigitaldeasturias.com\\\/noticias\",\"nextItem\":{\"@type\":\"ListItem\",\"@id\":\"https:\\\/\\\/www.eldigitaldeasturias.com\\\/noticias\\\/category\\\/actualidad\\\/#listItem\",\"name\":\"Actualidad\"}},{\"@type\":\"ListItem\",\"@id\":\"https:\\\/\\\/www.eldigitaldeasturias.com\\\/noticias\\\/category\\\/actualidad\\\/#listItem\",\"position\":2,\"name\":\"Actualidad\",\"item\":\"https:\\\/\\\/www.eldigitaldeasturias.com\\\/noticias\\\/category\\\/actualidad\\\/\",\"nextItem\":{\"@type\":\"ListItem\",\"@id\":\"https:\\\/\\\/www.eldigitaldeasturias.com\\\/noticias\\\/el-dinamo-de-kiev-propone-un-amistoso-entre-manifestantes-y-antidisturbios\\\/#listItem\",\"name\":\"El D\\u00ednamo de Kiev propone un amistoso entre manifestantes y antidisturbios\"},\"previousItem\":{\"@type\":\"ListItem\",\"@id\":\"https:\\\/\\\/www.eldigitaldeasturias.com\\\/noticias#listItem\",\"name\":\"Home\"}},{\"@type\":\"ListItem\",\"@id\":\"https:\\\/\\\/www.eldigitaldeasturias.com\\\/noticias\\\/el-dinamo-de-kiev-propone-un-amistoso-entre-manifestantes-y-antidisturbios\\\/#listItem\",\"position\":3,\"name\":\"El D\\u00ednamo de Kiev propone un amistoso entre manifestantes y antidisturbios\",\"previousItem\":{\"@type\":\"ListItem\",\"@id\":\"https:\\\/\\\/www.eldigitaldeasturias.com\\\/noticias\\\/category\\\/actualidad\\\/#listItem\",\"name\":\"Actualidad\"}}]},{\"@type\":\"Organization\",\"@id\":\"https:\\\/\\\/www.eldigitaldeasturias.com\\\/noticias\\\/#organization\",\"name\":\"El Digital de Asturias\",\"description\":\"Hemeroteca\",\"url\":\"https:\\\/\\\/www.eldigitaldeasturias.com\\\/noticias\\\/\",\"email\":\"info@eldigitaldeasturias.com\",\"telephone\":\"+34652131393\",\"logo\":{\"@type\":\"ImageObject\",\"url\":\"https:\\\/\\\/www.eldigitaldeasturias.com\\\/noticias\\\/wp-content\\\/uploads\\\/2020\\\/12\\\/EDA.jpg\",\"@id\":\"https:\\\/\\\/www.eldigitaldeasturias.com\\\/noticias\\\/el-dinamo-de-kiev-propone-un-amistoso-entre-manifestantes-y-antidisturbios\\\/#organizationLogo\"},\"image\":{\"@id\":\"https:\\\/\\\/www.eldigitaldeasturias.com\\\/noticias\\\/el-dinamo-de-kiev-propone-un-amistoso-entre-manifestantes-y-antidisturbios\\\/#organizationLogo\"},\"sameAs\":[\"https:\\\/\\\/facebook.com\\\/eldigitaldeasturias\",\"https:\\\/\\\/www.youtube.com\\\/channel\\\/UCZP-2wLEB9Rv6erhFmqVnvg\"],\"address\":{\"@id\":\"https:\\\/\\\/www.eldigitaldeasturias.com\\\/noticias\\\/#postaladdress\",\"@type\":\"PostalAddress\",\"streetAddress\":\"san antonio 4\",\"postalCode\":\"33430\",\"addressLocality\":\"Cand\\u00e1s\",\"addressRegion\":\"Asturias\",\"addressCountry\":\"ES\"}},{\"@type\":\"Person\",\"@id\":\"https:\\\/\\\/www.eldigitaldeasturias.com\\\/noticias\\\/author\\\/admin\\\/#author\",\"url\":\"https:\\\/\\\/www.eldigitaldeasturias.com\\\/noticias\\\/author\\\/admin\\\/\",\"name\":\"El Digital de Asturias\",\"image\":{\"@type\":\"ImageObject\",\"@id\":\"https:\\\/\\\/www.eldigitaldeasturias.com\\\/noticias\\\/el-dinamo-de-kiev-propone-un-amistoso-entre-manifestantes-y-antidisturbios\\\/#authorImage\",\"url\":\"https:\\\/\\\/secure.gravatar.com\\\/avatar\\\/df2aeffc32bcd13f8d26072ef8a91b623d677766deac7f97ca815868cd41bf5e?s=96&d=mm&r=g\",\"width\":96,\"height\":96,\"caption\":\"El Digital de Asturias\"}},{\"@type\":\"WebPage\",\"@id\":\"https:\\\/\\\/www.eldigitaldeasturias.com\\\/noticias\\\/el-dinamo-de-kiev-propone-un-amistoso-entre-manifestantes-y-antidisturbios\\\/#webpage\",\"url\":\"https:\\\/\\\/www.eldigitaldeasturias.com\\\/noticias\\\/el-dinamo-de-kiev-propone-un-amistoso-entre-manifestantes-y-antidisturbios\\\/\",\"name\":\"El D\\u00ednamo de Kiev propone un amistoso entre manifestantes y antidisturbios - El Digital de Asturias\",\"description\":\"Kiev, 30 ene (EFE).- El presidente del D\\u00ednamo de Kiev, el equipo m\\u00e1s importante de Ucrania, propuso hoy a manifestantes y antidisturbios, que protagonizaron violentos enfrentamientos frente a su estadio, jugar un partido amistoso de reconciliaci\\u00f3n. \\\"Apoyo la idea del exjugador de la selecci\\u00f3n de Ucrania Yevgueni L\\u00e9vchenko de celebrar un partido de f\\u00fatbol entre\",\"inLanguage\":\"es-ES\",\"isPartOf\":{\"@id\":\"https:\\\/\\\/www.eldigitaldeasturias.com\\\/noticias\\\/#website\"},\"breadcrumb\":{\"@id\":\"https:\\\/\\\/www.eldigitaldeasturias.com\\\/noticias\\\/el-dinamo-de-kiev-propone-un-amistoso-entre-manifestantes-y-antidisturbios\\\/#breadcrumblist\"},\"author\":{\"@id\":\"https:\\\/\\\/www.eldigitaldeasturias.com\\\/noticias\\\/author\\\/admin\\\/#author\"},\"creator\":{\"@id\":\"https:\\\/\\\/www.eldigitaldeasturias.com\\\/noticias\\\/author\\\/admin\\\/#author\"},\"image\":{\"@type\":\"ImageObject\",\"url\":\"https:\\\/\\\/www.eldigitaldeasturias.com\\\/noticias\\\/wp-content\\\/uploads\\\/2026\\\/06\\\/Contenidos.jpg\",\"@id\":\"https:\\\/\\\/www.eldigitaldeasturias.com\\\/noticias\\\/el-dinamo-de-kiev-propone-un-amistoso-entre-manifestantes-y-antidisturbios\\\/#mainImage\",\"width\":1265,\"height\":697,\"caption\":\"Contenidos\"},\"primaryImageOfPage\":{\"@id\":\"https:\\\/\\\/www.eldigitaldeasturias.com\\\/noticias\\\/el-dinamo-de-kiev-propone-un-amistoso-entre-manifestantes-y-antidisturbios\\\/#mainImage\"},\"datePublished\":\"2014-01-30T23:58:22+01:00\",\"dateModified\":\"2014-01-30T23:58:22+01:00\"},{\"@type\":\"WebSite\",\"@id\":\"https:\\\/\\\/www.eldigitaldeasturias.com\\\/noticias\\\/#website\",\"url\":\"https:\\\/\\\/www.eldigitaldeasturias.com\\\/noticias\\\/\",\"name\":\"El Digital de Asturias - Diario de actualidad y noticias\",\"alternateName\":\"El Digital de Asturias - Diario de actualidad y noticias\",\"description\":\"Hemeroteca\",\"inLanguage\":\"es-ES\",\"publisher\":{\"@id\":\"https:\\\/\\\/www.eldigitaldeasturias.com\\\/noticias\\\/#organization\"}}]}\n\t\t<\/script>\n\t\t<!-- All in One SEO Pro -->\r\n\t\t<title>El D\u00ednamo de Kiev propone un amistoso entre manifestantes y antidisturbios - El Digital de Asturias<\/title>\n\n","aioseo_head_json":{"title":"El D\u00ednamo de Kiev propone un amistoso entre manifestantes y antidisturbios - El Digital de Asturias","description":"Kiev, 30 ene (EFE).- El presidente del D\u00ednamo de Kiev, el equipo m\u00e1s importante de Ucrania, propuso hoy a manifestantes y antidisturbios, que protagonizaron violentos enfrentamientos frente a su estadio, jugar un partido amistoso de reconciliaci\u00f3n. \"Apoyo la idea del exjugador de la selecci\u00f3n de Ucrania Yevgueni L\u00e9vchenko de celebrar un partido de f\u00fatbol entre","canonical_url":"https:\/\/www.eldigitaldeasturias.com\/noticias\/el-dinamo-de-kiev-propone-un-amistoso-entre-manifestantes-y-antidisturbios\/","robots":"max-image-preview:large","keywords":"actualidad","webmasterTools":{"google-site-verification":"UA-38556648-1","msvalidate.01":"7dfe9f3f1b24437ab69f4f2559babe99","miscellaneous":""},"schema":{"@context":"https:\/\/schema.org","@graph":[{"@type":"BlogPosting","@id":"https:\/\/www.eldigitaldeasturias.com\/noticias\/el-dinamo-de-kiev-propone-un-amistoso-entre-manifestantes-y-antidisturbios\/#blogposting","name":"El D\u00ednamo de Kiev propone un amistoso entre manifestantes y antidisturbios - El Digital de Asturias","headline":"El D\u00ednamo de Kiev propone un amistoso entre manifestantes y antidisturbios","author":{"@id":"https:\/\/www.eldigitaldeasturias.com\/noticias\/author\/admin\/#author"},"publisher":{"@id":"https:\/\/www.eldigitaldeasturias.com\/noticias\/#organization"},"image":{"@type":"ImageObject","url":"https:\/\/www.eldigitaldeasturias.com\/noticias\/wp-content\/uploads\/2026\/06\/Contenidos.jpg","width":1265,"height":697,"caption":"Contenidos"},"datePublished":"2014-01-30T23:58:22+01:00","dateModified":"2014-01-30T23:58:22+01:00","inLanguage":"es-ES","mainEntityOfPage":{"@id":"https:\/\/www.eldigitaldeasturias.com\/noticias\/el-dinamo-de-kiev-propone-un-amistoso-entre-manifestantes-y-antidisturbios\/#webpage"},"isPartOf":{"@id":"https:\/\/www.eldigitaldeasturias.com\/noticias\/el-dinamo-de-kiev-propone-un-amistoso-entre-manifestantes-y-antidisturbios\/#webpage"},"articleSection":"Actualidad"},{"@type":"BreadcrumbList","@id":"https:\/\/www.eldigitaldeasturias.com\/noticias\/el-dinamo-de-kiev-propone-un-amistoso-entre-manifestantes-y-antidisturbios\/#breadcrumblist","itemListElement":[{"@type":"ListItem","@id":"https:\/\/www.eldigitaldeasturias.com\/noticias#listItem","position":1,"name":"Home","item":"https:\/\/www.eldigitaldeasturias.com\/noticias","nextItem":{"@type":"ListItem","@id":"https:\/\/www.eldigitaldeasturias.com\/noticias\/category\/actualidad\/#listItem","name":"Actualidad"}},{"@type":"ListItem","@id":"https:\/\/www.eldigitaldeasturias.com\/noticias\/category\/actualidad\/#listItem","position":2,"name":"Actualidad","item":"https:\/\/www.eldigitaldeasturias.com\/noticias\/category\/actualidad\/","nextItem":{"@type":"ListItem","@id":"https:\/\/www.eldigitaldeasturias.com\/noticias\/el-dinamo-de-kiev-propone-un-amistoso-entre-manifestantes-y-antidisturbios\/#listItem","name":"El D\u00ednamo de Kiev propone un amistoso entre manifestantes y antidisturbios"},"previousItem":{"@type":"ListItem","@id":"https:\/\/www.eldigitaldeasturias.com\/noticias#listItem","name":"Home"}},{"@type":"ListItem","@id":"https:\/\/www.eldigitaldeasturias.com\/noticias\/el-dinamo-de-kiev-propone-un-amistoso-entre-manifestantes-y-antidisturbios\/#listItem","position":3,"name":"El D\u00ednamo de Kiev propone un amistoso entre manifestantes y antidisturbios","previousItem":{"@type":"ListItem","@id":"https:\/\/www.eldigitaldeasturias.com\/noticias\/category\/actualidad\/#listItem","name":"Actualidad"}}]},{"@type":"Organization","@id":"https:\/\/www.eldigitaldeasturias.com\/noticias\/#organization","name":"El Digital de Asturias","description":"Hemeroteca","url":"https:\/\/www.eldigitaldeasturias.com\/noticias\/","email":"info@eldigitaldeasturias.com","telephone":"+34652131393","logo":{"@type":"ImageObject","url":"https:\/\/www.eldigitaldeasturias.com\/noticias\/wp-content\/uploads\/2020\/12\/EDA.jpg","@id":"https:\/\/www.eldigitaldeasturias.com\/noticias\/el-dinamo-de-kiev-propone-un-amistoso-entre-manifestantes-y-antidisturbios\/#organizationLogo"},"image":{"@id":"https:\/\/www.eldigitaldeasturias.com\/noticias\/el-dinamo-de-kiev-propone-un-amistoso-entre-manifestantes-y-antidisturbios\/#organizationLogo"},"sameAs":["https:\/\/facebook.com\/eldigitaldeasturias","https:\/\/www.youtube.com\/channel\/UCZP-2wLEB9Rv6erhFmqVnvg"],"address":{"@id":"https:\/\/www.eldigitaldeasturias.com\/noticias\/#postaladdress","@type":"PostalAddress","streetAddress":"san antonio 4","postalCode":"33430","addressLocality":"Cand\u00e1s","addressRegion":"Asturias","addressCountry":"ES"}},{"@type":"Person","@id":"https:\/\/www.eldigitaldeasturias.com\/noticias\/author\/admin\/#author","url":"https:\/\/www.eldigitaldeasturias.com\/noticias\/author\/admin\/","name":"El Digital de Asturias","image":{"@type":"ImageObject","@id":"https:\/\/www.eldigitaldeasturias.com\/noticias\/el-dinamo-de-kiev-propone-un-amistoso-entre-manifestantes-y-antidisturbios\/#authorImage","url":"https:\/\/secure.gravatar.com\/avatar\/df2aeffc32bcd13f8d26072ef8a91b623d677766deac7f97ca815868cd41bf5e?s=96&d=mm&r=g","width":96,"height":96,"caption":"El Digital de Asturias"}},{"@type":"WebPage","@id":"https:\/\/www.eldigitaldeasturias.com\/noticias\/el-dinamo-de-kiev-propone-un-amistoso-entre-manifestantes-y-antidisturbios\/#webpage","url":"https:\/\/www.eldigitaldeasturias.com\/noticias\/el-dinamo-de-kiev-propone-un-amistoso-entre-manifestantes-y-antidisturbios\/","name":"El D\u00ednamo de Kiev propone un amistoso entre manifestantes y antidisturbios - El Digital de Asturias","description":"Kiev, 30 ene (EFE).- El presidente del D\u00ednamo de Kiev, el equipo m\u00e1s importante de Ucrania, propuso hoy a manifestantes y antidisturbios, que protagonizaron violentos enfrentamientos frente a su estadio, jugar un partido amistoso de reconciliaci\u00f3n. \"Apoyo la idea del exjugador de la selecci\u00f3n de Ucrania Yevgueni L\u00e9vchenko de celebrar un partido de f\u00fatbol entre","inLanguage":"es-ES","isPartOf":{"@id":"https:\/\/www.eldigitaldeasturias.com\/noticias\/#website"},"breadcrumb":{"@id":"https:\/\/www.eldigitaldeasturias.com\/noticias\/el-dinamo-de-kiev-propone-un-amistoso-entre-manifestantes-y-antidisturbios\/#breadcrumblist"},"author":{"@id":"https:\/\/www.eldigitaldeasturias.com\/noticias\/author\/admin\/#author"},"creator":{"@id":"https:\/\/www.eldigitaldeasturias.com\/noticias\/author\/admin\/#author"},"image":{"@type":"ImageObject","url":"https:\/\/www.eldigitaldeasturias.com\/noticias\/wp-content\/uploads\/2026\/06\/Contenidos.jpg","@id":"https:\/\/www.eldigitaldeasturias.com\/noticias\/el-dinamo-de-kiev-propone-un-amistoso-entre-manifestantes-y-antidisturbios\/#mainImage","width":1265,"height":697,"caption":"Contenidos"},"primaryImageOfPage":{"@id":"https:\/\/www.eldigitaldeasturias.com\/noticias\/el-dinamo-de-kiev-propone-un-amistoso-entre-manifestantes-y-antidisturbios\/#mainImage"},"datePublished":"2014-01-30T23:58:22+01:00","dateModified":"2014-01-30T23:58:22+01:00"},{"@type":"WebSite","@id":"https:\/\/www.eldigitaldeasturias.com\/noticias\/#website","url":"https:\/\/www.eldigitaldeasturias.com\/noticias\/","name":"El Digital de Asturias - Diario de actualidad y noticias","alternateName":"El Digital de Asturias - Diario de actualidad y noticias","description":"Hemeroteca","inLanguage":"es-ES","publisher":{"@id":"https:\/\/www.eldigitaldeasturias.com\/noticias\/#organization"}}]},"og:locale":"es_ES","og:site_name":"El Digital de Asturias","og:type":"article","og:title":"El D\u00ednamo de Kiev propone un amistoso entre manifestantes y antidisturbios - El Digital de Asturias","og:description":"Kiev, 30 ene (EFE).- El presidente del D\u00ednamo de Kiev, el equipo m\u00e1s importante de Ucrania, propuso hoy a manifestantes y antidisturbios, que protagonizaron violentos enfrentamientos frente a su estadio, jugar un partido amistoso de reconciliaci\u00f3n. &quot;Apoyo la idea del exjugador de la selecci\u00f3n de Ucrania Yevgueni L\u00e9vchenko de celebrar un partido de f\u00fatbol entre","og:url":"https:\/\/www.eldigitaldeasturias.com\/noticias\/el-dinamo-de-kiev-propone-un-amistoso-entre-manifestantes-y-antidisturbios\/","og:image":"https:\/\/www.eldigitaldeasturias.com\/noticias\/wp-content\/uploads\/2026\/06\/Contenidos.jpg","og:image:secure_url":"https:\/\/www.eldigitaldeasturias.com\/noticias\/wp-content\/uploads\/2026\/06\/Contenidos.jpg","og:image:width":1265,"og:image:height":697,"article:tag":["actualidad"],"article:published_time":"2014-01-31T00:58:22+00:00","article:modified_time":"2014-01-31T00:58:22+00:00","article:publisher":"https:\/\/facebook.com\/eldigitaldeasturias","twitter:card":"summary_large_image","twitter:title":"El D\u00ednamo de Kiev propone un amistoso entre manifestantes y antidisturbios - El Digital de Asturias","twitter:description":"Kiev, 30 ene (EFE).- El presidente del D\u00ednamo de Kiev, el equipo m\u00e1s importante de Ucrania, propuso hoy a manifestantes y antidisturbios, que protagonizaron violentos enfrentamientos frente a su estadio, jugar un partido amistoso de reconciliaci\u00f3n. &quot;Apoyo la idea del exjugador de la selecci\u00f3n de Ucrania Yevgueni L\u00e9vchenko de celebrar un partido de f\u00fatbol entre","twitter:image":"https:\/\/www.eldigitaldeasturias.com\/noticias\/wp-content\/uploads\/2026\/06\/Contenidos.jpg","twitter:label1":"Escrito por","twitter:data1":"El Digital de Asturias","twitter:label2":"Tiempo de lectura estimado","twitter:data2":"3 minutos"},"aioseo_meta_data":{"post_id":"480767","title":null,"description":null,"keywords":null,"keyphrases":null,"primary_term":null,"canonical_url":null,"og_title":null,"og_description":null,"og_object_type":"default","og_image_type":"default","og_image_url":null,"og_image_width":null,"og_image_height":null,"og_image_custom_url":null,"og_image_custom_fields":null,"og_video":null,"og_custom_url":null,"og_article_section":null,"og_article_tags":null,"twitter_use_og":true,"twitter_card":"default","twitter_image_type":"default","twitter_image_url":null,"twitter_image_custom_url":null,"twitter_image_custom_fields":null,"twitter_title":null,"twitter_description":null,"schema":{"blockGraphs":[],"customGraphs":[],"default":{"data":{"Article":[],"Course":[],"Dataset":[],"FAQPage":[],"Movie":[],"Person":[],"Product":[],"ProductReview":[],"Car":[],"Recipe":[],"Service":[],"SoftwareApplication":[],"WebPage":[]},"graphName":"","isEnabled":true},"graphs":[],"defaultGraph":"","defaultPostTypeGraph":""},"schema_type":null,"schema_type_options":null,"pillar_content":false,"robots_default":true,"robots_noindex":false,"robots_noarchive":false,"robots_nosnippet":false,"robots_nofollow":false,"robots_noimageindex":false,"robots_noodp":false,"robots_notranslate":false,"robots_max_snippet":null,"robots_max_videopreview":null,"robots_max_imagepreview":"none","priority":null,"frequency":null,"local_seo":null,"seo_analyzer_scan_date":"2026-06-02 04:47:47","breadcrumb_settings":null,"limit_modified_date":false,"open_ai":null,"ai":null,"created":"2020-11-14 22:54:14","updated":"2026-06-02 04:47:47","focus_keyword":null,"additional_keywords":null,"truseo_locale":null},"aioseo_breadcrumb":"<div class=\"aioseo-breadcrumbs\"><span class=\"aioseo-breadcrumb\">\n\t<a href=\"https:\/\/www.eldigitaldeasturias.com\/noticias\" title=\"Home\">Home<\/a>\n<\/span><span class=\"aioseo-breadcrumb-separator\">\u2013<\/span><span class=\"aioseo-breadcrumb\">\n\t<a href=\"https:\/\/www.eldigitaldeasturias.com\/noticias\/category\/actualidad\/\" title=\"Actualidad\">Actualidad<\/a>\n<\/span><span class=\"aioseo-breadcrumb-separator\">\u2013<\/span><span class=\"aioseo-breadcrumb\">\n\t<a href=\"https:\/\/www.eldigitaldeasturias.com\/noticias\/el-dinamo-de-kiev-propone-un-amistoso-entre-manifestantes-y-antidisturbios\/\" title=\"El D\u00ednamo de Kiev propone un amistoso entre manifestantes y antidisturbios\">El D\u00ednamo de Kiev propone un amistoso entre manifestantes y antidisturbios<\/a>\n<\/span><\/div>","aioseo_breadcrumb_json":[{"label":"Home","link":"https:\/\/www.eldigitaldeasturias.com\/noticias"},{"label":"Actualidad","link":"https:\/\/www.eldigitaldeasturias.com\/noticias\/category\/actualidad\/"},{"label":"El D\u00ednamo de Kiev propone un amistoso entre manifestantes y antidisturbios","link":"https:\/\/www.eldigitaldeasturias.com\/noticias\/el-dinamo-de-kiev-propone-un-amistoso-entre-manifestantes-y-antidisturbios\/"}],"_links":{"self":[{"href":"https:\/\/www.eldigitaldeasturias.com\/noticias\/wp-json\/wp\/v2\/posts\/480767","targetHints":{"allow":["GET"]}}],"collection":[{"href":"https:\/\/www.eldigitaldeasturias.com\/noticias\/wp-json\/wp\/v2\/posts"}],"about":[{"href":"https:\/\/www.eldigitaldeasturias.com\/noticias\/wp-json\/wp\/v2\/types\/post"}],"author":[{"embeddable":true,"href":"https:\/\/www.eldigitaldeasturias.com\/noticias\/wp-json\/wp\/v2\/users\/1"}],"replies":[{"embeddable":true,"href":"https:\/\/www.eldigitaldeasturias.com\/noticias\/wp-json\/wp\/v2\/comments?post=480767"}],"version-history":[{"count":0,"href":"https:\/\/www.eldigitaldeasturias.com\/noticias\/wp-json\/wp\/v2\/posts\/480767\/revisions"}],"wp:featuredmedia":[{"embeddable":true,"href":"https:\/\/www.eldigitaldeasturias.com\/noticias\/wp-json\/wp\/v2\/media\/1132184"}],"wp:attachment":[{"href":"https:\/\/www.eldigitaldeasturias.com\/noticias\/wp-json\/wp\/v2\/media?parent=480767"}],"wp:term":[{"taxonomy":"category","embeddable":true,"href":"https:\/\/www.eldigitaldeasturias.com\/noticias\/wp-json\/wp\/v2\/categories?post=480767"},{"taxonomy":"post_tag","embeddable":true,"href":"https:\/\/www.eldigitaldeasturias.com\/noticias\/wp-json\/wp\/v2\/tags?post=480767"}],"curies":[{"name":"wp","href":"https:\/\/api.w.org\/{rel}","templated":true}]}}