{"id":480764,"date":"2014-01-30T23:57:27","date_gmt":"2014-01-31T00:57:27","guid":{"rendered":"http:\/\/www.eldigitaldeasturias.com\/noticias\/?p=480764"},"modified":"2014-01-30T23:57:27","modified_gmt":"2014-01-31T00:57:27","slug":"hacienda-informa-al-sector-del-automovil-del-contrato-de-compra-de-vehiculos-sector-publico","status":"publish","type":"post","link":"https:\/\/www.eldigitaldeasturias.com\/noticias\/hacienda-informa-al-sector-del-automovil-del-contrato-de-compra-de-vehiculos-sector-publico\/","title":{"rendered":"Hacienda informa al sector del autom\u00f3vil del contrato de compra de veh\u00edculos sector p\u00fablico"},"content":{"rendered":"<p><img loading=\"lazy\" decoding=\"async\" class=\"alignleft size-medium wp-image-480765\" alt=\"5891653w\" src=\"https:\/\/www.eldigitaldeasturias.com\/noticias\/wp-content\/uploads\/2014\/01\/5891653w-360x239.jpg\" width=\"360\" height=\"239\" \/>Madrid, 30 ene (EFE).- Hacienda ha informado hoy a representantes del sector del autom\u00f3vil del pr\u00f3ximo contrato marco que el Ministerio est\u00e1 dise\u00f1ando para la adquisici\u00f3n centralizada de veh\u00edculos destinados al sector p\u00fablico.<\/p>\n<p>En un comunicado, Hacienda se\u00f1ala que el nuevo contrato, enmarcado en las medidas aprobadas por la Comisi\u00f3n para la Reforma de las Administraciones P\u00fablicas (CORA), atender\u00e1 especialmente las necesidades de la Guardia Civil, la Polic\u00eda Nacional y Tr\u00e1fico.<\/p>\n<p>Asimismo, detalla que se podr\u00e1n adherir de forma voluntaria las comunidades aut\u00f3nomas y las entidades locales.<\/p>\n<p>Hacienda explica que quiere agregar las compras de autom\u00f3viles que hacen algunos organismos para obtener mejores precios.<\/p>\n<p>La licitaci\u00f3n se realizar\u00e1 en dos fases, en la primera se seleccionar\u00e1n los veh\u00edculos con una mejor oferta para la administraci\u00f3n desde el punto de vista econ\u00f3mico, t\u00e9cnico y medioambiental.<\/p>\n<p>Despu\u00e9s se har\u00e1 una segunda licitaci\u00f3n para elegir los m\u00e1s eficientes.<\/p>\n<p>El contrato tendr\u00e1 una duraci\u00f3n de dos a\u00f1os, prorrogables a otros dos, y podr\u00e1 llegar a un importe de 90 millones de euros.<\/p>\n","protected":false},"excerpt":{"rendered":"<p>Madrid, 30 ene (EFE).- Hacienda ha informado hoy a representantes del sector del autom\u00f3vil del pr\u00f3ximo contrato marco que el Ministerio est\u00e1 dise\u00f1ando para la adquisici\u00f3n centralizada de veh\u00edculos destinados al sector p\u00fablico. En un comunicado, Hacienda se\u00f1ala que el nuevo contrato, enmarcado en las medidas aprobadas por la Comisi\u00f3n para la Reforma de las [&hellip;]<\/p>\n","protected":false},"author":1,"featured_media":1132184,"comment_status":"closed","ping_status":"open","sticky":false,"template":"","format":"standard","meta":{"footnotes":""},"categories":[1],"tags":[],"class_list":["post-480764","post","type-post","status-publish","format-standard","has-post-thumbnail","hentry","category-actualidad"],"aioseo_notices":[],"aioseo_head":"\n\t\t<!-- All in One SEO Pro 5.0.1 - aioseo.com -->\n\t<meta name=\"description\" content=\"Madrid, 30 ene (EFE).- Hacienda ha informado hoy a representantes del sector del autom\u00f3vil del pr\u00f3ximo contrato marco que el Ministerio est\u00e1 dise\u00f1ando para la adquisici\u00f3n centralizada de veh\u00edculos destinados al sector p\u00fablico. En un comunicado, Hacienda se\u00f1ala que el nuevo contrato, enmarcado en las medidas aprobadas por la Comisi\u00f3n para la Reforma de las\" \/>\n\t<meta name=\"robots\" content=\"max-image-preview:large\" \/>\n\t<meta name=\"author\" content=\"El Digital de Asturias\"\/>\n\t<meta name=\"google-site-verification\" content=\"UA-38556648-1\" \/>\n\t<meta name=\"msvalidate.01\" content=\"7dfe9f3f1b24437ab69f4f2559babe99\" \/>\n\t<meta name=\"keywords\" content=\"actualidad\" \/>\n\t<link rel=\"canonical\" href=\"https:\/\/www.eldigitaldeasturias.com\/noticias\/hacienda-informa-al-sector-del-automovil-del-contrato-de-compra-de-vehiculos-sector-publico\/\" \/>\n\t<meta name=\"generator\" content=\"All in One SEO Pro (AIOSEO) 5.0.1\" \/>\n\t\t<meta property=\"og:locale\" content=\"es_ES\" \/>\n\t\t<meta property=\"og:site_name\" content=\"El Digital de Asturias\" \/>\n\t\t<meta property=\"og:type\" content=\"article\" \/>\n\t\t<meta property=\"og:title\" content=\"Hacienda informa al sector del autom\u00f3vil del contrato de compra de veh\u00edculos sector p\u00fablico - El Digital de Asturias\" \/>\n\t\t<meta property=\"og:description\" content=\"Madrid, 30 ene (EFE).- Hacienda ha informado hoy a representantes del sector del autom\u00f3vil del pr\u00f3ximo contrato marco que el Ministerio est\u00e1 dise\u00f1ando para la adquisici\u00f3n centralizada de veh\u00edculos destinados al sector p\u00fablico. En un comunicado, Hacienda se\u00f1ala que el nuevo contrato, enmarcado en las medidas aprobadas por la Comisi\u00f3n para la Reforma de las\" \/>\n\t\t<meta property=\"og:url\" content=\"https:\/\/www.eldigitaldeasturias.com\/noticias\/hacienda-informa-al-sector-del-automovil-del-contrato-de-compra-de-vehiculos-sector-publico\/\" \/>\n\t\t<meta property=\"og:image\" content=\"https:\/\/www.eldigitaldeasturias.com\/noticias\/wp-content\/uploads\/2026\/06\/Contenidos.jpg\" \/>\n\t\t<meta property=\"og:image:secure_url\" content=\"https:\/\/www.eldigitaldeasturias.com\/noticias\/wp-content\/uploads\/2026\/06\/Contenidos.jpg\" \/>\n\t\t<meta property=\"og:image:width\" content=\"1265\" \/>\n\t\t<meta property=\"og:image:height\" content=\"697\" \/>\n\t\t<meta property=\"article:tag\" content=\"actualidad\" \/>\n\t\t<meta property=\"article:published_time\" content=\"2014-01-31T00:57:27+00:00\" \/>\n\t\t<meta property=\"article:modified_time\" content=\"2014-01-31T00:57:27+00:00\" \/>\n\t\t<meta property=\"article:publisher\" content=\"https:\/\/facebook.com\/eldigitaldeasturias\" \/>\n\t\t<meta name=\"twitter:card\" content=\"summary_large_image\" \/>\n\t\t<meta name=\"twitter:title\" content=\"Hacienda informa al sector del autom\u00f3vil del contrato de compra de veh\u00edculos sector p\u00fablico - El Digital de Asturias\" \/>\n\t\t<meta name=\"twitter:description\" content=\"Madrid, 30 ene (EFE).- Hacienda ha informado hoy a representantes del sector del autom\u00f3vil del pr\u00f3ximo contrato marco que el Ministerio est\u00e1 dise\u00f1ando para la adquisici\u00f3n centralizada de veh\u00edculos destinados al sector p\u00fablico. En un comunicado, Hacienda se\u00f1ala que el nuevo contrato, enmarcado en las medidas aprobadas por la Comisi\u00f3n para la Reforma de las\" \/>\n\t\t<meta name=\"twitter:image\" content=\"https:\/\/www.eldigitaldeasturias.com\/noticias\/wp-content\/uploads\/2026\/06\/Contenidos.jpg\" \/>\n\t\t<meta name=\"twitter:label1\" content=\"Escrito por\" \/>\n\t\t<meta name=\"twitter:data1\" content=\"El Digital de Asturias\" \/>\n\t\t<meta name=\"twitter:label2\" content=\"Tiempo de lectura estimado\" \/>\n\t\t<meta name=\"twitter:data2\" content=\"1 minuto\" \/>\n\t\t<script type=\"application\/ld+json\" class=\"aioseo-schema\">\n\t\t\t{\"@context\":\"https:\\\/\\\/schema.org\",\"@graph\":[{\"@type\":\"BlogPosting\",\"@id\":\"https:\\\/\\\/www.eldigitaldeasturias.com\\\/noticias\\\/hacienda-informa-al-sector-del-automovil-del-contrato-de-compra-de-vehiculos-sector-publico\\\/#blogposting\",\"name\":\"Hacienda informa al sector del autom\\u00f3vil del contrato de compra de veh\\u00edculos sector p\\u00fablico - El Digital de Asturias\",\"headline\":\"Hacienda informa al sector del autom\\u00f3vil del contrato de compra de veh\\u00edculos sector p\\u00fablico\",\"author\":{\"@id\":\"https:\\\/\\\/www.eldigitaldeasturias.com\\\/noticias\\\/author\\\/admin\\\/#author\"},\"publisher\":{\"@id\":\"https:\\\/\\\/www.eldigitaldeasturias.com\\\/noticias\\\/#organization\"},\"image\":{\"@type\":\"ImageObject\",\"url\":\"https:\\\/\\\/www.eldigitaldeasturias.com\\\/noticias\\\/wp-content\\\/uploads\\\/2026\\\/06\\\/Contenidos.jpg\",\"width\":1265,\"height\":697,\"caption\":\"Contenidos\"},\"datePublished\":\"2014-01-30T23:57:27+01:00\",\"dateModified\":\"2014-01-30T23:57:27+01:00\",\"inLanguage\":\"es-ES\",\"mainEntityOfPage\":{\"@id\":\"https:\\\/\\\/www.eldigitaldeasturias.com\\\/noticias\\\/hacienda-informa-al-sector-del-automovil-del-contrato-de-compra-de-vehiculos-sector-publico\\\/#webpage\"},\"isPartOf\":{\"@id\":\"https:\\\/\\\/www.eldigitaldeasturias.com\\\/noticias\\\/hacienda-informa-al-sector-del-automovil-del-contrato-de-compra-de-vehiculos-sector-publico\\\/#webpage\"},\"articleSection\":\"Actualidad\"},{\"@type\":\"BreadcrumbList\",\"@id\":\"https:\\\/\\\/www.eldigitaldeasturias.com\\\/noticias\\\/hacienda-informa-al-sector-del-automovil-del-contrato-de-compra-de-vehiculos-sector-publico\\\/#breadcrumblist\",\"itemListElement\":[{\"@type\":\"ListItem\",\"@id\":\"https:\\\/\\\/www.eldigitaldeasturias.com\\\/noticias#listItem\",\"position\":1,\"name\":\"Home\",\"item\":\"https:\\\/\\\/www.eldigitaldeasturias.com\\\/noticias\",\"nextItem\":{\"@type\":\"ListItem\",\"@id\":\"https:\\\/\\\/www.eldigitaldeasturias.com\\\/noticias\\\/category\\\/actualidad\\\/#listItem\",\"name\":\"Actualidad\"}},{\"@type\":\"ListItem\",\"@id\":\"https:\\\/\\\/www.eldigitaldeasturias.com\\\/noticias\\\/category\\\/actualidad\\\/#listItem\",\"position\":2,\"name\":\"Actualidad\",\"item\":\"https:\\\/\\\/www.eldigitaldeasturias.com\\\/noticias\\\/category\\\/actualidad\\\/\",\"nextItem\":{\"@type\":\"ListItem\",\"@id\":\"https:\\\/\\\/www.eldigitaldeasturias.com\\\/noticias\\\/hacienda-informa-al-sector-del-automovil-del-contrato-de-compra-de-vehiculos-sector-publico\\\/#listItem\",\"name\":\"Hacienda informa al sector del autom\\u00f3vil del contrato de compra de veh\\u00edculos sector p\\u00fablico\"},\"previousItem\":{\"@type\":\"ListItem\",\"@id\":\"https:\\\/\\\/www.eldigitaldeasturias.com\\\/noticias#listItem\",\"name\":\"Home\"}},{\"@type\":\"ListItem\",\"@id\":\"https:\\\/\\\/www.eldigitaldeasturias.com\\\/noticias\\\/hacienda-informa-al-sector-del-automovil-del-contrato-de-compra-de-vehiculos-sector-publico\\\/#listItem\",\"position\":3,\"name\":\"Hacienda informa al sector del autom\\u00f3vil del contrato de compra de veh\\u00edculos sector p\\u00fablico\",\"previousItem\":{\"@type\":\"ListItem\",\"@id\":\"https:\\\/\\\/www.eldigitaldeasturias.com\\\/noticias\\\/category\\\/actualidad\\\/#listItem\",\"name\":\"Actualidad\"}}]},{\"@type\":\"Organization\",\"@id\":\"https:\\\/\\\/www.eldigitaldeasturias.com\\\/noticias\\\/#organization\",\"name\":\"El Digital de Asturias\",\"description\":\"Hemeroteca\",\"url\":\"https:\\\/\\\/www.eldigitaldeasturias.com\\\/noticias\\\/\",\"email\":\"info@eldigitaldeasturias.com\",\"telephone\":\"+34652131393\",\"logo\":{\"@type\":\"ImageObject\",\"url\":\"https:\\\/\\\/www.eldigitaldeasturias.com\\\/noticias\\\/wp-content\\\/uploads\\\/2020\\\/12\\\/EDA.jpg\",\"@id\":\"https:\\\/\\\/www.eldigitaldeasturias.com\\\/noticias\\\/hacienda-informa-al-sector-del-automovil-del-contrato-de-compra-de-vehiculos-sector-publico\\\/#organizationLogo\"},\"image\":{\"@id\":\"https:\\\/\\\/www.eldigitaldeasturias.com\\\/noticias\\\/hacienda-informa-al-sector-del-automovil-del-contrato-de-compra-de-vehiculos-sector-publico\\\/#organizationLogo\"},\"sameAs\":[\"https:\\\/\\\/facebook.com\\\/eldigitaldeasturias\",\"https:\\\/\\\/www.youtube.com\\\/channel\\\/UCZP-2wLEB9Rv6erhFmqVnvg\"],\"address\":{\"@id\":\"https:\\\/\\\/www.eldigitaldeasturias.com\\\/noticias\\\/#postaladdress\",\"@type\":\"PostalAddress\",\"streetAddress\":\"san antonio 4\",\"postalCode\":\"33430\",\"addressLocality\":\"Cand\\u00e1s\",\"addressRegion\":\"Asturias\",\"addressCountry\":\"ES\"}},{\"@type\":\"Person\",\"@id\":\"https:\\\/\\\/www.eldigitaldeasturias.com\\\/noticias\\\/author\\\/admin\\\/#author\",\"url\":\"https:\\\/\\\/www.eldigitaldeasturias.com\\\/noticias\\\/author\\\/admin\\\/\",\"name\":\"El Digital de Asturias\",\"image\":{\"@type\":\"ImageObject\",\"@id\":\"https:\\\/\\\/www.eldigitaldeasturias.com\\\/noticias\\\/hacienda-informa-al-sector-del-automovil-del-contrato-de-compra-de-vehiculos-sector-publico\\\/#authorImage\",\"url\":\"https:\\\/\\\/secure.gravatar.com\\\/avatar\\\/df2aeffc32bcd13f8d26072ef8a91b623d677766deac7f97ca815868cd41bf5e?s=96&d=mm&r=g\",\"width\":96,\"height\":96,\"caption\":\"El Digital de Asturias\"}},{\"@type\":\"WebPage\",\"@id\":\"https:\\\/\\\/www.eldigitaldeasturias.com\\\/noticias\\\/hacienda-informa-al-sector-del-automovil-del-contrato-de-compra-de-vehiculos-sector-publico\\\/#webpage\",\"url\":\"https:\\\/\\\/www.eldigitaldeasturias.com\\\/noticias\\\/hacienda-informa-al-sector-del-automovil-del-contrato-de-compra-de-vehiculos-sector-publico\\\/\",\"name\":\"Hacienda informa al sector del autom\\u00f3vil del contrato de compra de veh\\u00edculos sector p\\u00fablico - El Digital de Asturias\",\"description\":\"Madrid, 30 ene (EFE).- Hacienda ha informado hoy a representantes del sector del autom\\u00f3vil del pr\\u00f3ximo contrato marco que el Ministerio est\\u00e1 dise\\u00f1ando para la adquisici\\u00f3n centralizada de veh\\u00edculos destinados al sector p\\u00fablico. En un comunicado, Hacienda se\\u00f1ala que el nuevo contrato, enmarcado en las medidas aprobadas por la Comisi\\u00f3n para la Reforma de las\",\"inLanguage\":\"es-ES\",\"isPartOf\":{\"@id\":\"https:\\\/\\\/www.eldigitaldeasturias.com\\\/noticias\\\/#website\"},\"breadcrumb\":{\"@id\":\"https:\\\/\\\/www.eldigitaldeasturias.com\\\/noticias\\\/hacienda-informa-al-sector-del-automovil-del-contrato-de-compra-de-vehiculos-sector-publico\\\/#breadcrumblist\"},\"author\":{\"@id\":\"https:\\\/\\\/www.eldigitaldeasturias.com\\\/noticias\\\/author\\\/admin\\\/#author\"},\"creator\":{\"@id\":\"https:\\\/\\\/www.eldigitaldeasturias.com\\\/noticias\\\/author\\\/admin\\\/#author\"},\"image\":{\"@type\":\"ImageObject\",\"url\":\"https:\\\/\\\/www.eldigitaldeasturias.com\\\/noticias\\\/wp-content\\\/uploads\\\/2026\\\/06\\\/Contenidos.jpg\",\"@id\":\"https:\\\/\\\/www.eldigitaldeasturias.com\\\/noticias\\\/hacienda-informa-al-sector-del-automovil-del-contrato-de-compra-de-vehiculos-sector-publico\\\/#mainImage\",\"width\":1265,\"height\":697,\"caption\":\"Contenidos\"},\"primaryImageOfPage\":{\"@id\":\"https:\\\/\\\/www.eldigitaldeasturias.com\\\/noticias\\\/hacienda-informa-al-sector-del-automovil-del-contrato-de-compra-de-vehiculos-sector-publico\\\/#mainImage\"},\"datePublished\":\"2014-01-30T23:57:27+01:00\",\"dateModified\":\"2014-01-30T23:57:27+01:00\"},{\"@type\":\"WebSite\",\"@id\":\"https:\\\/\\\/www.eldigitaldeasturias.com\\\/noticias\\\/#website\",\"url\":\"https:\\\/\\\/www.eldigitaldeasturias.com\\\/noticias\\\/\",\"name\":\"El Digital de Asturias - Diario de actualidad y noticias\",\"alternateName\":\"El Digital de Asturias - Diario de actualidad y noticias\",\"description\":\"Hemeroteca\",\"inLanguage\":\"es-ES\",\"publisher\":{\"@id\":\"https:\\\/\\\/www.eldigitaldeasturias.com\\\/noticias\\\/#organization\"}}]}\n\t\t<\/script>\n\t\t<!-- All in One SEO Pro -->\r\n\t\t<title>Hacienda informa al sector del autom\u00f3vil del contrato de compra de veh\u00edculos sector p\u00fablico - El Digital de Asturias<\/title>\n\n","aioseo_head_json":{"title":"Hacienda informa al sector del autom\u00f3vil del contrato de compra de veh\u00edculos sector p\u00fablico - El Digital de Asturias","description":"Madrid, 30 ene (EFE).- Hacienda ha informado hoy a representantes del sector del autom\u00f3vil del pr\u00f3ximo contrato marco que el Ministerio est\u00e1 dise\u00f1ando para la adquisici\u00f3n centralizada de veh\u00edculos destinados al sector p\u00fablico. En un comunicado, Hacienda se\u00f1ala que el nuevo contrato, enmarcado en las medidas aprobadas por la Comisi\u00f3n para la Reforma de las","canonical_url":"https:\/\/www.eldigitaldeasturias.com\/noticias\/hacienda-informa-al-sector-del-automovil-del-contrato-de-compra-de-vehiculos-sector-publico\/","robots":"max-image-preview:large","keywords":"actualidad","webmasterTools":{"google-site-verification":"UA-38556648-1","msvalidate.01":"7dfe9f3f1b24437ab69f4f2559babe99","miscellaneous":""},"schema":{"@context":"https:\/\/schema.org","@graph":[{"@type":"BlogPosting","@id":"https:\/\/www.eldigitaldeasturias.com\/noticias\/hacienda-informa-al-sector-del-automovil-del-contrato-de-compra-de-vehiculos-sector-publico\/#blogposting","name":"Hacienda informa al sector del autom\u00f3vil del contrato de compra de veh\u00edculos sector p\u00fablico - El Digital de Asturias","headline":"Hacienda informa al sector del autom\u00f3vil del contrato de compra de veh\u00edculos sector p\u00fablico","author":{"@id":"https:\/\/www.eldigitaldeasturias.com\/noticias\/author\/admin\/#author"},"publisher":{"@id":"https:\/\/www.eldigitaldeasturias.com\/noticias\/#organization"},"image":{"@type":"ImageObject","url":"https:\/\/www.eldigitaldeasturias.com\/noticias\/wp-content\/uploads\/2026\/06\/Contenidos.jpg","width":1265,"height":697,"caption":"Contenidos"},"datePublished":"2014-01-30T23:57:27+01:00","dateModified":"2014-01-30T23:57:27+01:00","inLanguage":"es-ES","mainEntityOfPage":{"@id":"https:\/\/www.eldigitaldeasturias.com\/noticias\/hacienda-informa-al-sector-del-automovil-del-contrato-de-compra-de-vehiculos-sector-publico\/#webpage"},"isPartOf":{"@id":"https:\/\/www.eldigitaldeasturias.com\/noticias\/hacienda-informa-al-sector-del-automovil-del-contrato-de-compra-de-vehiculos-sector-publico\/#webpage"},"articleSection":"Actualidad"},{"@type":"BreadcrumbList","@id":"https:\/\/www.eldigitaldeasturias.com\/noticias\/hacienda-informa-al-sector-del-automovil-del-contrato-de-compra-de-vehiculos-sector-publico\/#breadcrumblist","itemListElement":[{"@type":"ListItem","@id":"https:\/\/www.eldigitaldeasturias.com\/noticias#listItem","position":1,"name":"Home","item":"https:\/\/www.eldigitaldeasturias.com\/noticias","nextItem":{"@type":"ListItem","@id":"https:\/\/www.eldigitaldeasturias.com\/noticias\/category\/actualidad\/#listItem","name":"Actualidad"}},{"@type":"ListItem","@id":"https:\/\/www.eldigitaldeasturias.com\/noticias\/category\/actualidad\/#listItem","position":2,"name":"Actualidad","item":"https:\/\/www.eldigitaldeasturias.com\/noticias\/category\/actualidad\/","nextItem":{"@type":"ListItem","@id":"https:\/\/www.eldigitaldeasturias.com\/noticias\/hacienda-informa-al-sector-del-automovil-del-contrato-de-compra-de-vehiculos-sector-publico\/#listItem","name":"Hacienda informa al sector del autom\u00f3vil del contrato de compra de veh\u00edculos sector p\u00fablico"},"previousItem":{"@type":"ListItem","@id":"https:\/\/www.eldigitaldeasturias.com\/noticias#listItem","name":"Home"}},{"@type":"ListItem","@id":"https:\/\/www.eldigitaldeasturias.com\/noticias\/hacienda-informa-al-sector-del-automovil-del-contrato-de-compra-de-vehiculos-sector-publico\/#listItem","position":3,"name":"Hacienda informa al sector del autom\u00f3vil del contrato de compra de veh\u00edculos sector p\u00fablico","previousItem":{"@type":"ListItem","@id":"https:\/\/www.eldigitaldeasturias.com\/noticias\/category\/actualidad\/#listItem","name":"Actualidad"}}]},{"@type":"Organization","@id":"https:\/\/www.eldigitaldeasturias.com\/noticias\/#organization","name":"El Digital de Asturias","description":"Hemeroteca","url":"https:\/\/www.eldigitaldeasturias.com\/noticias\/","email":"info@eldigitaldeasturias.com","telephone":"+34652131393","logo":{"@type":"ImageObject","url":"https:\/\/www.eldigitaldeasturias.com\/noticias\/wp-content\/uploads\/2020\/12\/EDA.jpg","@id":"https:\/\/www.eldigitaldeasturias.com\/noticias\/hacienda-informa-al-sector-del-automovil-del-contrato-de-compra-de-vehiculos-sector-publico\/#organizationLogo"},"image":{"@id":"https:\/\/www.eldigitaldeasturias.com\/noticias\/hacienda-informa-al-sector-del-automovil-del-contrato-de-compra-de-vehiculos-sector-publico\/#organizationLogo"},"sameAs":["https:\/\/facebook.com\/eldigitaldeasturias","https:\/\/www.youtube.com\/channel\/UCZP-2wLEB9Rv6erhFmqVnvg"],"address":{"@id":"https:\/\/www.eldigitaldeasturias.com\/noticias\/#postaladdress","@type":"PostalAddress","streetAddress":"san antonio 4","postalCode":"33430","addressLocality":"Cand\u00e1s","addressRegion":"Asturias","addressCountry":"ES"}},{"@type":"Person","@id":"https:\/\/www.eldigitaldeasturias.com\/noticias\/author\/admin\/#author","url":"https:\/\/www.eldigitaldeasturias.com\/noticias\/author\/admin\/","name":"El Digital de Asturias","image":{"@type":"ImageObject","@id":"https:\/\/www.eldigitaldeasturias.com\/noticias\/hacienda-informa-al-sector-del-automovil-del-contrato-de-compra-de-vehiculos-sector-publico\/#authorImage","url":"https:\/\/secure.gravatar.com\/avatar\/df2aeffc32bcd13f8d26072ef8a91b623d677766deac7f97ca815868cd41bf5e?s=96&d=mm&r=g","width":96,"height":96,"caption":"El Digital de Asturias"}},{"@type":"WebPage","@id":"https:\/\/www.eldigitaldeasturias.com\/noticias\/hacienda-informa-al-sector-del-automovil-del-contrato-de-compra-de-vehiculos-sector-publico\/#webpage","url":"https:\/\/www.eldigitaldeasturias.com\/noticias\/hacienda-informa-al-sector-del-automovil-del-contrato-de-compra-de-vehiculos-sector-publico\/","name":"Hacienda informa al sector del autom\u00f3vil del contrato de compra de veh\u00edculos sector p\u00fablico - El Digital de Asturias","description":"Madrid, 30 ene (EFE).- Hacienda ha informado hoy a representantes del sector del autom\u00f3vil del pr\u00f3ximo contrato marco que el Ministerio est\u00e1 dise\u00f1ando para la adquisici\u00f3n centralizada de veh\u00edculos destinados al sector p\u00fablico. En un comunicado, Hacienda se\u00f1ala que el nuevo contrato, enmarcado en las medidas aprobadas por la Comisi\u00f3n para la Reforma de las","inLanguage":"es-ES","isPartOf":{"@id":"https:\/\/www.eldigitaldeasturias.com\/noticias\/#website"},"breadcrumb":{"@id":"https:\/\/www.eldigitaldeasturias.com\/noticias\/hacienda-informa-al-sector-del-automovil-del-contrato-de-compra-de-vehiculos-sector-publico\/#breadcrumblist"},"author":{"@id":"https:\/\/www.eldigitaldeasturias.com\/noticias\/author\/admin\/#author"},"creator":{"@id":"https:\/\/www.eldigitaldeasturias.com\/noticias\/author\/admin\/#author"},"image":{"@type":"ImageObject","url":"https:\/\/www.eldigitaldeasturias.com\/noticias\/wp-content\/uploads\/2026\/06\/Contenidos.jpg","@id":"https:\/\/www.eldigitaldeasturias.com\/noticias\/hacienda-informa-al-sector-del-automovil-del-contrato-de-compra-de-vehiculos-sector-publico\/#mainImage","width":1265,"height":697,"caption":"Contenidos"},"primaryImageOfPage":{"@id":"https:\/\/www.eldigitaldeasturias.com\/noticias\/hacienda-informa-al-sector-del-automovil-del-contrato-de-compra-de-vehiculos-sector-publico\/#mainImage"},"datePublished":"2014-01-30T23:57:27+01:00","dateModified":"2014-01-30T23:57:27+01:00"},{"@type":"WebSite","@id":"https:\/\/www.eldigitaldeasturias.com\/noticias\/#website","url":"https:\/\/www.eldigitaldeasturias.com\/noticias\/","name":"El Digital de Asturias - Diario de actualidad y noticias","alternateName":"El Digital de Asturias - Diario de actualidad y noticias","description":"Hemeroteca","inLanguage":"es-ES","publisher":{"@id":"https:\/\/www.eldigitaldeasturias.com\/noticias\/#organization"}}]},"og:locale":"es_ES","og:site_name":"El Digital de Asturias","og:type":"article","og:title":"Hacienda informa al sector del autom\u00f3vil del contrato de compra de veh\u00edculos sector p\u00fablico - El Digital de Asturias","og:description":"Madrid, 30 ene (EFE).- Hacienda ha informado hoy a representantes del sector del autom\u00f3vil del pr\u00f3ximo contrato marco que el Ministerio est\u00e1 dise\u00f1ando para la adquisici\u00f3n centralizada de veh\u00edculos destinados al sector p\u00fablico. En un comunicado, Hacienda se\u00f1ala que el nuevo contrato, enmarcado en las medidas aprobadas por la Comisi\u00f3n para la Reforma de las","og:url":"https:\/\/www.eldigitaldeasturias.com\/noticias\/hacienda-informa-al-sector-del-automovil-del-contrato-de-compra-de-vehiculos-sector-publico\/","og:image":"https:\/\/www.eldigitaldeasturias.com\/noticias\/wp-content\/uploads\/2026\/06\/Contenidos.jpg","og:image:secure_url":"https:\/\/www.eldigitaldeasturias.com\/noticias\/wp-content\/uploads\/2026\/06\/Contenidos.jpg","og:image:width":1265,"og:image:height":697,"article:tag":["actualidad"],"article:published_time":"2014-01-31T00:57:27+00:00","article:modified_time":"2014-01-31T00:57:27+00:00","article:publisher":"https:\/\/facebook.com\/eldigitaldeasturias","twitter:card":"summary_large_image","twitter:title":"Hacienda informa al sector del autom\u00f3vil del contrato de compra de veh\u00edculos sector p\u00fablico - El Digital de Asturias","twitter:description":"Madrid, 30 ene (EFE).- Hacienda ha informado hoy a representantes del sector del autom\u00f3vil del pr\u00f3ximo contrato marco que el Ministerio est\u00e1 dise\u00f1ando para la adquisici\u00f3n centralizada de veh\u00edculos destinados al sector p\u00fablico. En un comunicado, Hacienda se\u00f1ala que el nuevo contrato, enmarcado en las medidas aprobadas por la Comisi\u00f3n para la Reforma de las","twitter:image":"https:\/\/www.eldigitaldeasturias.com\/noticias\/wp-content\/uploads\/2026\/06\/Contenidos.jpg","twitter:label1":"Escrito por","twitter:data1":"El Digital de Asturias","twitter:label2":"Tiempo de lectura estimado","twitter:data2":"1 minuto"},"aioseo_meta_data":{"post_id":"480764","title":null,"description":null,"keywords":null,"keyphrases":null,"primary_term":null,"canonical_url":null,"og_title":null,"og_description":null,"og_object_type":"default","og_image_type":"default","og_image_url":null,"og_image_width":null,"og_image_height":null,"og_image_custom_url":null,"og_image_custom_fields":null,"og_video":null,"og_custom_url":null,"og_article_section":null,"og_article_tags":null,"twitter_use_og":true,"twitter_card":"default","twitter_image_type":"default","twitter_image_url":null,"twitter_image_custom_url":null,"twitter_image_custom_fields":null,"twitter_title":null,"twitter_description":null,"schema":{"blockGraphs":[],"customGraphs":[],"default":{"data":{"Article":[],"Course":[],"Dataset":[],"FAQPage":[],"Movie":[],"Person":[],"Product":[],"ProductReview":[],"Car":[],"Recipe":[],"Service":[],"SoftwareApplication":[],"WebPage":[]},"graphName":"","isEnabled":true},"graphs":[],"defaultGraph":"","defaultPostTypeGraph":""},"schema_type":null,"schema_type_options":null,"pillar_content":false,"robots_default":true,"robots_noindex":false,"robots_noarchive":false,"robots_nosnippet":false,"robots_nofollow":false,"robots_noimageindex":false,"robots_noodp":false,"robots_notranslate":false,"robots_max_snippet":null,"robots_max_videopreview":null,"robots_max_imagepreview":"none","priority":null,"frequency":null,"local_seo":null,"seo_analyzer_scan_date":"2026-06-02 04:46:03","breadcrumb_settings":null,"limit_modified_date":false,"open_ai":null,"ai":null,"created":"2020-11-14 22:54:14","updated":"2026-06-02 04:46:03","focus_keyword":null,"additional_keywords":null,"truseo_locale":null},"aioseo_breadcrumb":"<div class=\"aioseo-breadcrumbs\"><span class=\"aioseo-breadcrumb\">\n\t<a href=\"https:\/\/www.eldigitaldeasturias.com\/noticias\" title=\"Home\">Home<\/a>\n<\/span><span class=\"aioseo-breadcrumb-separator\">\u2013<\/span><span class=\"aioseo-breadcrumb\">\n\t<a href=\"https:\/\/www.eldigitaldeasturias.com\/noticias\/category\/actualidad\/\" title=\"Actualidad\">Actualidad<\/a>\n<\/span><span class=\"aioseo-breadcrumb-separator\">\u2013<\/span><span class=\"aioseo-breadcrumb\">\n\t<a href=\"https:\/\/www.eldigitaldeasturias.com\/noticias\/hacienda-informa-al-sector-del-automovil-del-contrato-de-compra-de-vehiculos-sector-publico\/\" title=\"Hacienda informa al sector del autom\u00f3vil del contrato de compra de veh\u00edculos sector p\u00fablico\">Hacienda informa al sector del autom\u00f3vil del contrato de compra de veh\u00edculos sector p\u00fablico<\/a>\n<\/span><\/div>","aioseo_breadcrumb_json":[{"label":"Home","link":"https:\/\/www.eldigitaldeasturias.com\/noticias"},{"label":"Actualidad","link":"https:\/\/www.eldigitaldeasturias.com\/noticias\/category\/actualidad\/"},{"label":"Hacienda informa al sector del autom\u00f3vil del contrato de compra de veh\u00edculos sector p\u00fablico","link":"https:\/\/www.eldigitaldeasturias.com\/noticias\/hacienda-informa-al-sector-del-automovil-del-contrato-de-compra-de-vehiculos-sector-publico\/"}],"_links":{"self":[{"href":"https:\/\/www.eldigitaldeasturias.com\/noticias\/wp-json\/wp\/v2\/posts\/480764","targetHints":{"allow":["GET"]}}],"collection":[{"href":"https:\/\/www.eldigitaldeasturias.com\/noticias\/wp-json\/wp\/v2\/posts"}],"about":[{"href":"https:\/\/www.eldigitaldeasturias.com\/noticias\/wp-json\/wp\/v2\/types\/post"}],"author":[{"embeddable":true,"href":"https:\/\/www.eldigitaldeasturias.com\/noticias\/wp-json\/wp\/v2\/users\/1"}],"replies":[{"embeddable":true,"href":"https:\/\/www.eldigitaldeasturias.com\/noticias\/wp-json\/wp\/v2\/comments?post=480764"}],"version-history":[{"count":0,"href":"https:\/\/www.eldigitaldeasturias.com\/noticias\/wp-json\/wp\/v2\/posts\/480764\/revisions"}],"wp:featuredmedia":[{"embeddable":true,"href":"https:\/\/www.eldigitaldeasturias.com\/noticias\/wp-json\/wp\/v2\/media\/1132184"}],"wp:attachment":[{"href":"https:\/\/www.eldigitaldeasturias.com\/noticias\/wp-json\/wp\/v2\/media?parent=480764"}],"wp:term":[{"taxonomy":"category","embeddable":true,"href":"https:\/\/www.eldigitaldeasturias.com\/noticias\/wp-json\/wp\/v2\/categories?post=480764"},{"taxonomy":"post_tag","embeddable":true,"href":"https:\/\/www.eldigitaldeasturias.com\/noticias\/wp-json\/wp\/v2\/tags?post=480764"}],"curies":[{"name":"wp","href":"https:\/\/api.w.org\/{rel}","templated":true}]}}