{"id":480761,"date":"2014-01-30T23:56:26","date_gmt":"2014-01-31T00:56:26","guid":{"rendered":"http:\/\/www.eldigitaldeasturias.com\/noticias\/?p=480761"},"modified":"2014-01-30T23:56:26","modified_gmt":"2014-01-31T00:56:26","slug":"la-tasa-de-desempleo-en-brasil-en-2013-fue-la-menor-en-once-anos","status":"publish","type":"post","link":"https:\/\/www.eldigitaldeasturias.com\/noticias\/la-tasa-de-desempleo-en-brasil-en-2013-fue-la-menor-en-once-anos\/","title":{"rendered":"La tasa de desempleo en Brasil en 2013 fue la menor en once a\u00f1os"},"content":{"rendered":"<p><img loading=\"lazy\" decoding=\"async\" class=\"alignleft size-medium wp-image-480762\" alt=\"5891636w\" src=\"https:\/\/www.eldigitaldeasturias.com\/noticias\/wp-content\/uploads\/2014\/01\/5891636w-360x240.jpg\" width=\"360\" height=\"240\" \/>R\u00edo de Janeiro, 30 ene (EFE).- La tasa promedio de desempleo en Brasil en 2013 se ubic\u00f3 en el 5,4 % de la poblaci\u00f3n econ\u00f3micamente activa, la menor en los \u00faltimos once a\u00f1os, desde que el indicador comenz\u00f3 a ser medido con criterios m\u00e1s rigurosos, inform\u00f3 hoy el Gobierno.<\/p>\n<p>El \u00edndice de paro se situ\u00f3 el a\u00f1o pasado ligeramente por debajo del medido en 2012 (5,5 %), pero fue casi la tercera parte del registrado en 2003 (12,4 %), seg\u00fan los datos divulgados por el estatal Instituto Brasile\u00f1o de Geograf\u00eda y Estad\u00edsticas (IBGE).<\/p>\n<p>El organismo inform\u00f3 igualmente de que la tasa de desempleo cay\u00f3 en diciembre pasado al 4,3 %, su menor nivel hist\u00f3rico para un mes y 0,3 puntos porcentuales por debajo de la medida en noviembre (4,6 %) y en el mismo mes de 2012 (4,6 %).<\/p>\n<p>Seg\u00fan el Instituto, el n\u00famero de desempleados en diciembre en las seis mayores regiones metropolitanas del pa\u00eds, en las que se mide el \u00edndice nacional, se ubic\u00f3 en 1,1 millones, con una reducci\u00f3n del 6,2 % frente al de noviembre y estable con respecto al mismo mes de 2012.<\/p>\n<p>El n\u00famero promedio de desempleados en 2013 en las mismas seis ciudades fue de 1,3 millones, por debajo de los 1,32 millones de 2012 y la mitad de los 2,6 millones de 2003.<\/p>\n<p>El n\u00famero de personas ocupadas se ubic\u00f3 en diciembre en 23,3 millones, estable con respecto al mismo mes de 2012 y a noviembre del a\u00f1o pasado.<\/p>\n<p>En el promedio del a\u00f1o, el n\u00famero de ocupados fue de 23,1 millones, por encima de los 23,0 millones de 2012<\/p>\n<p>La renta promedio mensual del trabajador brasile\u00f1o en diciembre fue de 1.966,90 reales (unos 819,5 d\u00f3lares), con una ca\u00edda del 0,7 % con respecto a noviembre pero un crecimiento del 3,2 % en la comparaci\u00f3n con el mismo mes de 2012.<\/p>\n<p>Brasil ha conseguido reducir los \u00edndices de desempleo a sus m\u00ednimos hist\u00f3ricos pese a la crisis internacional y al bajo crecimiento de la econom\u00eda nacional en los \u00faltimos a\u00f1os.<\/p>\n<p>Tras la robusta expansi\u00f3n del 7,5 % en 2010, el crecimiento de la econom\u00eda brasile\u00f1a fue del 2,7 % en 2011 y de s\u00f3lo el 1,0 % en 2012. El crecimiento proyectado para 2013 es de 2,3 %.<\/p>\n<p>El \u00edndice oficial de desempleo mide el n\u00famero de personas que busca trabajo en las ciudades de Recife, Salvador, Belo Horizonte, R\u00edo de Janeiro, Sao Paulo y Porto Alegre, por lo que no tiene en cuenta a los ya absorbidos por el sector informal, a los que desistieron de buscar.<\/p>\n","protected":false},"excerpt":{"rendered":"<p>R\u00edo de Janeiro, 30 ene (EFE).- La tasa promedio de desempleo en Brasil en 2013 se ubic\u00f3 en el 5,4 % de la poblaci\u00f3n econ\u00f3micamente activa, la menor en los \u00faltimos once a\u00f1os, desde que el indicador comenz\u00f3 a ser medido con criterios m\u00e1s rigurosos, inform\u00f3 hoy el Gobierno. El \u00edndice de paro se situ\u00f3 [&hellip;]<\/p>\n","protected":false},"author":1,"featured_media":1132184,"comment_status":"closed","ping_status":"open","sticky":false,"template":"","format":"standard","meta":{"footnotes":""},"categories":[1],"tags":[],"class_list":["post-480761","post","type-post","status-publish","format-standard","has-post-thumbnail","hentry","category-actualidad"],"aioseo_notices":[],"aioseo_head":"\n\t\t<!-- All in One SEO Pro 5.0.1 - aioseo.com -->\n\t<meta name=\"description\" content=\"R\u00edo de Janeiro, 30 ene (EFE).- La tasa promedio de desempleo en Brasil en 2013 se ubic\u00f3 en el 5,4 % de la poblaci\u00f3n econ\u00f3micamente activa, la menor en los \u00faltimos once a\u00f1os, desde que el indicador comenz\u00f3 a ser medido con criterios m\u00e1s rigurosos, inform\u00f3 hoy el Gobierno. El \u00edndice de paro se situ\u00f3\" \/>\n\t<meta name=\"robots\" content=\"max-image-preview:large\" \/>\n\t<meta name=\"author\" content=\"El Digital de Asturias\"\/>\n\t<meta name=\"google-site-verification\" content=\"UA-38556648-1\" \/>\n\t<meta name=\"msvalidate.01\" content=\"7dfe9f3f1b24437ab69f4f2559babe99\" \/>\n\t<meta name=\"keywords\" content=\"actualidad\" \/>\n\t<link rel=\"canonical\" href=\"https:\/\/www.eldigitaldeasturias.com\/noticias\/la-tasa-de-desempleo-en-brasil-en-2013-fue-la-menor-en-once-anos\/\" \/>\n\t<meta name=\"generator\" content=\"All in One SEO Pro (AIOSEO) 5.0.1\" \/>\n\t\t<meta property=\"og:locale\" content=\"es_ES\" \/>\n\t\t<meta property=\"og:site_name\" content=\"El Digital de Asturias\" \/>\n\t\t<meta property=\"og:type\" content=\"article\" \/>\n\t\t<meta property=\"og:title\" content=\"La tasa de desempleo en Brasil en 2013 fue la menor en once a\u00f1os - El Digital de Asturias\" \/>\n\t\t<meta property=\"og:description\" content=\"R\u00edo de Janeiro, 30 ene (EFE).- La tasa promedio de desempleo en Brasil en 2013 se ubic\u00f3 en el 5,4 % de la poblaci\u00f3n econ\u00f3micamente activa, la menor en los \u00faltimos once a\u00f1os, desde que el indicador comenz\u00f3 a ser medido con criterios m\u00e1s rigurosos, inform\u00f3 hoy el Gobierno. El \u00edndice de paro se situ\u00f3\" \/>\n\t\t<meta property=\"og:url\" content=\"https:\/\/www.eldigitaldeasturias.com\/noticias\/la-tasa-de-desempleo-en-brasil-en-2013-fue-la-menor-en-once-anos\/\" \/>\n\t\t<meta property=\"og:image\" content=\"https:\/\/www.eldigitaldeasturias.com\/noticias\/wp-content\/uploads\/2026\/06\/Contenidos.jpg\" \/>\n\t\t<meta property=\"og:image:secure_url\" content=\"https:\/\/www.eldigitaldeasturias.com\/noticias\/wp-content\/uploads\/2026\/06\/Contenidos.jpg\" \/>\n\t\t<meta property=\"og:image:width\" content=\"1265\" \/>\n\t\t<meta property=\"og:image:height\" content=\"697\" \/>\n\t\t<meta property=\"article:tag\" content=\"actualidad\" \/>\n\t\t<meta property=\"article:published_time\" content=\"2014-01-31T00:56:26+00:00\" \/>\n\t\t<meta property=\"article:modified_time\" content=\"2014-01-31T00:56:26+00:00\" \/>\n\t\t<meta property=\"article:publisher\" content=\"https:\/\/facebook.com\/eldigitaldeasturias\" \/>\n\t\t<meta name=\"twitter:card\" content=\"summary_large_image\" \/>\n\t\t<meta name=\"twitter:title\" content=\"La tasa de desempleo en Brasil en 2013 fue la menor en once a\u00f1os - El Digital de Asturias\" \/>\n\t\t<meta name=\"twitter:description\" content=\"R\u00edo de Janeiro, 30 ene (EFE).- La tasa promedio de desempleo en Brasil en 2013 se ubic\u00f3 en el 5,4 % de la poblaci\u00f3n econ\u00f3micamente activa, la menor en los \u00faltimos once a\u00f1os, desde que el indicador comenz\u00f3 a ser medido con criterios m\u00e1s rigurosos, inform\u00f3 hoy el Gobierno. El \u00edndice de paro se situ\u00f3\" \/>\n\t\t<meta name=\"twitter:image\" content=\"https:\/\/www.eldigitaldeasturias.com\/noticias\/wp-content\/uploads\/2026\/06\/Contenidos.jpg\" \/>\n\t\t<meta name=\"twitter:label1\" content=\"Escrito por\" \/>\n\t\t<meta name=\"twitter:data1\" content=\"El Digital de Asturias\" \/>\n\t\t<meta name=\"twitter:label2\" content=\"Tiempo de lectura estimado\" \/>\n\t\t<meta name=\"twitter:data2\" content=\"2 minutos\" \/>\n\t\t<script type=\"application\/ld+json\" class=\"aioseo-schema\">\n\t\t\t{\"@context\":\"https:\\\/\\\/schema.org\",\"@graph\":[{\"@type\":\"BlogPosting\",\"@id\":\"https:\\\/\\\/www.eldigitaldeasturias.com\\\/noticias\\\/la-tasa-de-desempleo-en-brasil-en-2013-fue-la-menor-en-once-anos\\\/#blogposting\",\"name\":\"La tasa de desempleo en Brasil en 2013 fue la menor en once a\\u00f1os - El Digital de Asturias\",\"headline\":\"La tasa de desempleo en Brasil en 2013 fue la menor en once a\\u00f1os\",\"author\":{\"@id\":\"https:\\\/\\\/www.eldigitaldeasturias.com\\\/noticias\\\/author\\\/admin\\\/#author\"},\"publisher\":{\"@id\":\"https:\\\/\\\/www.eldigitaldeasturias.com\\\/noticias\\\/#organization\"},\"image\":{\"@type\":\"ImageObject\",\"url\":\"https:\\\/\\\/www.eldigitaldeasturias.com\\\/noticias\\\/wp-content\\\/uploads\\\/2026\\\/06\\\/Contenidos.jpg\",\"width\":1265,\"height\":697,\"caption\":\"Contenidos\"},\"datePublished\":\"2014-01-30T23:56:26+01:00\",\"dateModified\":\"2014-01-30T23:56:26+01:00\",\"inLanguage\":\"es-ES\",\"mainEntityOfPage\":{\"@id\":\"https:\\\/\\\/www.eldigitaldeasturias.com\\\/noticias\\\/la-tasa-de-desempleo-en-brasil-en-2013-fue-la-menor-en-once-anos\\\/#webpage\"},\"isPartOf\":{\"@id\":\"https:\\\/\\\/www.eldigitaldeasturias.com\\\/noticias\\\/la-tasa-de-desempleo-en-brasil-en-2013-fue-la-menor-en-once-anos\\\/#webpage\"},\"articleSection\":\"Actualidad\"},{\"@type\":\"BreadcrumbList\",\"@id\":\"https:\\\/\\\/www.eldigitaldeasturias.com\\\/noticias\\\/la-tasa-de-desempleo-en-brasil-en-2013-fue-la-menor-en-once-anos\\\/#breadcrumblist\",\"itemListElement\":[{\"@type\":\"ListItem\",\"@id\":\"https:\\\/\\\/www.eldigitaldeasturias.com\\\/noticias#listItem\",\"position\":1,\"name\":\"Home\",\"item\":\"https:\\\/\\\/www.eldigitaldeasturias.com\\\/noticias\",\"nextItem\":{\"@type\":\"ListItem\",\"@id\":\"https:\\\/\\\/www.eldigitaldeasturias.com\\\/noticias\\\/category\\\/actualidad\\\/#listItem\",\"name\":\"Actualidad\"}},{\"@type\":\"ListItem\",\"@id\":\"https:\\\/\\\/www.eldigitaldeasturias.com\\\/noticias\\\/category\\\/actualidad\\\/#listItem\",\"position\":2,\"name\":\"Actualidad\",\"item\":\"https:\\\/\\\/www.eldigitaldeasturias.com\\\/noticias\\\/category\\\/actualidad\\\/\",\"nextItem\":{\"@type\":\"ListItem\",\"@id\":\"https:\\\/\\\/www.eldigitaldeasturias.com\\\/noticias\\\/la-tasa-de-desempleo-en-brasil-en-2013-fue-la-menor-en-once-anos\\\/#listItem\",\"name\":\"La tasa de desempleo en Brasil en 2013 fue la menor en once a\\u00f1os\"},\"previousItem\":{\"@type\":\"ListItem\",\"@id\":\"https:\\\/\\\/www.eldigitaldeasturias.com\\\/noticias#listItem\",\"name\":\"Home\"}},{\"@type\":\"ListItem\",\"@id\":\"https:\\\/\\\/www.eldigitaldeasturias.com\\\/noticias\\\/la-tasa-de-desempleo-en-brasil-en-2013-fue-la-menor-en-once-anos\\\/#listItem\",\"position\":3,\"name\":\"La tasa de desempleo en Brasil en 2013 fue la menor en once a\\u00f1os\",\"previousItem\":{\"@type\":\"ListItem\",\"@id\":\"https:\\\/\\\/www.eldigitaldeasturias.com\\\/noticias\\\/category\\\/actualidad\\\/#listItem\",\"name\":\"Actualidad\"}}]},{\"@type\":\"Organization\",\"@id\":\"https:\\\/\\\/www.eldigitaldeasturias.com\\\/noticias\\\/#organization\",\"name\":\"El Digital de Asturias\",\"description\":\"Hemeroteca\",\"url\":\"https:\\\/\\\/www.eldigitaldeasturias.com\\\/noticias\\\/\",\"email\":\"info@eldigitaldeasturias.com\",\"telephone\":\"+34652131393\",\"logo\":{\"@type\":\"ImageObject\",\"url\":\"https:\\\/\\\/www.eldigitaldeasturias.com\\\/noticias\\\/wp-content\\\/uploads\\\/2020\\\/12\\\/EDA.jpg\",\"@id\":\"https:\\\/\\\/www.eldigitaldeasturias.com\\\/noticias\\\/la-tasa-de-desempleo-en-brasil-en-2013-fue-la-menor-en-once-anos\\\/#organizationLogo\"},\"image\":{\"@id\":\"https:\\\/\\\/www.eldigitaldeasturias.com\\\/noticias\\\/la-tasa-de-desempleo-en-brasil-en-2013-fue-la-menor-en-once-anos\\\/#organizationLogo\"},\"sameAs\":[\"https:\\\/\\\/facebook.com\\\/eldigitaldeasturias\",\"https:\\\/\\\/www.youtube.com\\\/channel\\\/UCZP-2wLEB9Rv6erhFmqVnvg\"],\"address\":{\"@id\":\"https:\\\/\\\/www.eldigitaldeasturias.com\\\/noticias\\\/#postaladdress\",\"@type\":\"PostalAddress\",\"streetAddress\":\"san antonio 4\",\"postalCode\":\"33430\",\"addressLocality\":\"Cand\\u00e1s\",\"addressRegion\":\"Asturias\",\"addressCountry\":\"ES\"}},{\"@type\":\"Person\",\"@id\":\"https:\\\/\\\/www.eldigitaldeasturias.com\\\/noticias\\\/author\\\/admin\\\/#author\",\"url\":\"https:\\\/\\\/www.eldigitaldeasturias.com\\\/noticias\\\/author\\\/admin\\\/\",\"name\":\"El Digital de Asturias\",\"image\":{\"@type\":\"ImageObject\",\"@id\":\"https:\\\/\\\/www.eldigitaldeasturias.com\\\/noticias\\\/la-tasa-de-desempleo-en-brasil-en-2013-fue-la-menor-en-once-anos\\\/#authorImage\",\"url\":\"https:\\\/\\\/secure.gravatar.com\\\/avatar\\\/df2aeffc32bcd13f8d26072ef8a91b623d677766deac7f97ca815868cd41bf5e?s=96&d=mm&r=g\",\"width\":96,\"height\":96,\"caption\":\"El Digital de Asturias\"}},{\"@type\":\"WebPage\",\"@id\":\"https:\\\/\\\/www.eldigitaldeasturias.com\\\/noticias\\\/la-tasa-de-desempleo-en-brasil-en-2013-fue-la-menor-en-once-anos\\\/#webpage\",\"url\":\"https:\\\/\\\/www.eldigitaldeasturias.com\\\/noticias\\\/la-tasa-de-desempleo-en-brasil-en-2013-fue-la-menor-en-once-anos\\\/\",\"name\":\"La tasa de desempleo en Brasil en 2013 fue la menor en once a\\u00f1os - El Digital de Asturias\",\"description\":\"R\\u00edo de Janeiro, 30 ene (EFE).- La tasa promedio de desempleo en Brasil en 2013 se ubic\\u00f3 en el 5,4 % de la poblaci\\u00f3n econ\\u00f3micamente activa, la menor en los \\u00faltimos once a\\u00f1os, desde que el indicador comenz\\u00f3 a ser medido con criterios m\\u00e1s rigurosos, inform\\u00f3 hoy el Gobierno. El \\u00edndice de paro se situ\\u00f3\",\"inLanguage\":\"es-ES\",\"isPartOf\":{\"@id\":\"https:\\\/\\\/www.eldigitaldeasturias.com\\\/noticias\\\/#website\"},\"breadcrumb\":{\"@id\":\"https:\\\/\\\/www.eldigitaldeasturias.com\\\/noticias\\\/la-tasa-de-desempleo-en-brasil-en-2013-fue-la-menor-en-once-anos\\\/#breadcrumblist\"},\"author\":{\"@id\":\"https:\\\/\\\/www.eldigitaldeasturias.com\\\/noticias\\\/author\\\/admin\\\/#author\"},\"creator\":{\"@id\":\"https:\\\/\\\/www.eldigitaldeasturias.com\\\/noticias\\\/author\\\/admin\\\/#author\"},\"image\":{\"@type\":\"ImageObject\",\"url\":\"https:\\\/\\\/www.eldigitaldeasturias.com\\\/noticias\\\/wp-content\\\/uploads\\\/2026\\\/06\\\/Contenidos.jpg\",\"@id\":\"https:\\\/\\\/www.eldigitaldeasturias.com\\\/noticias\\\/la-tasa-de-desempleo-en-brasil-en-2013-fue-la-menor-en-once-anos\\\/#mainImage\",\"width\":1265,\"height\":697,\"caption\":\"Contenidos\"},\"primaryImageOfPage\":{\"@id\":\"https:\\\/\\\/www.eldigitaldeasturias.com\\\/noticias\\\/la-tasa-de-desempleo-en-brasil-en-2013-fue-la-menor-en-once-anos\\\/#mainImage\"},\"datePublished\":\"2014-01-30T23:56:26+01:00\",\"dateModified\":\"2014-01-30T23:56:26+01:00\"},{\"@type\":\"WebSite\",\"@id\":\"https:\\\/\\\/www.eldigitaldeasturias.com\\\/noticias\\\/#website\",\"url\":\"https:\\\/\\\/www.eldigitaldeasturias.com\\\/noticias\\\/\",\"name\":\"El Digital de Asturias - Diario de actualidad y noticias\",\"alternateName\":\"El Digital de Asturias - Diario de actualidad y noticias\",\"description\":\"Hemeroteca\",\"inLanguage\":\"es-ES\",\"publisher\":{\"@id\":\"https:\\\/\\\/www.eldigitaldeasturias.com\\\/noticias\\\/#organization\"}}]}\n\t\t<\/script>\n\t\t<!-- All in One SEO Pro -->\r\n\t\t<title>La tasa de desempleo en Brasil en 2013 fue la menor en once a\u00f1os - El Digital de Asturias<\/title>\n\n","aioseo_head_json":{"title":"La tasa de desempleo en Brasil en 2013 fue la menor en once a\u00f1os - El Digital de Asturias","description":"R\u00edo de Janeiro, 30 ene (EFE).- La tasa promedio de desempleo en Brasil en 2013 se ubic\u00f3 en el 5,4 % de la poblaci\u00f3n econ\u00f3micamente activa, la menor en los \u00faltimos once a\u00f1os, desde que el indicador comenz\u00f3 a ser medido con criterios m\u00e1s rigurosos, inform\u00f3 hoy el Gobierno. El \u00edndice de paro se situ\u00f3","canonical_url":"https:\/\/www.eldigitaldeasturias.com\/noticias\/la-tasa-de-desempleo-en-brasil-en-2013-fue-la-menor-en-once-anos\/","robots":"max-image-preview:large","keywords":"actualidad","webmasterTools":{"google-site-verification":"UA-38556648-1","msvalidate.01":"7dfe9f3f1b24437ab69f4f2559babe99","miscellaneous":""},"schema":{"@context":"https:\/\/schema.org","@graph":[{"@type":"BlogPosting","@id":"https:\/\/www.eldigitaldeasturias.com\/noticias\/la-tasa-de-desempleo-en-brasil-en-2013-fue-la-menor-en-once-anos\/#blogposting","name":"La tasa de desempleo en Brasil en 2013 fue la menor en once a\u00f1os - El Digital de Asturias","headline":"La tasa de desempleo en Brasil en 2013 fue la menor en once a\u00f1os","author":{"@id":"https:\/\/www.eldigitaldeasturias.com\/noticias\/author\/admin\/#author"},"publisher":{"@id":"https:\/\/www.eldigitaldeasturias.com\/noticias\/#organization"},"image":{"@type":"ImageObject","url":"https:\/\/www.eldigitaldeasturias.com\/noticias\/wp-content\/uploads\/2026\/06\/Contenidos.jpg","width":1265,"height":697,"caption":"Contenidos"},"datePublished":"2014-01-30T23:56:26+01:00","dateModified":"2014-01-30T23:56:26+01:00","inLanguage":"es-ES","mainEntityOfPage":{"@id":"https:\/\/www.eldigitaldeasturias.com\/noticias\/la-tasa-de-desempleo-en-brasil-en-2013-fue-la-menor-en-once-anos\/#webpage"},"isPartOf":{"@id":"https:\/\/www.eldigitaldeasturias.com\/noticias\/la-tasa-de-desempleo-en-brasil-en-2013-fue-la-menor-en-once-anos\/#webpage"},"articleSection":"Actualidad"},{"@type":"BreadcrumbList","@id":"https:\/\/www.eldigitaldeasturias.com\/noticias\/la-tasa-de-desempleo-en-brasil-en-2013-fue-la-menor-en-once-anos\/#breadcrumblist","itemListElement":[{"@type":"ListItem","@id":"https:\/\/www.eldigitaldeasturias.com\/noticias#listItem","position":1,"name":"Home","item":"https:\/\/www.eldigitaldeasturias.com\/noticias","nextItem":{"@type":"ListItem","@id":"https:\/\/www.eldigitaldeasturias.com\/noticias\/category\/actualidad\/#listItem","name":"Actualidad"}},{"@type":"ListItem","@id":"https:\/\/www.eldigitaldeasturias.com\/noticias\/category\/actualidad\/#listItem","position":2,"name":"Actualidad","item":"https:\/\/www.eldigitaldeasturias.com\/noticias\/category\/actualidad\/","nextItem":{"@type":"ListItem","@id":"https:\/\/www.eldigitaldeasturias.com\/noticias\/la-tasa-de-desempleo-en-brasil-en-2013-fue-la-menor-en-once-anos\/#listItem","name":"La tasa de desempleo en Brasil en 2013 fue la menor en once a\u00f1os"},"previousItem":{"@type":"ListItem","@id":"https:\/\/www.eldigitaldeasturias.com\/noticias#listItem","name":"Home"}},{"@type":"ListItem","@id":"https:\/\/www.eldigitaldeasturias.com\/noticias\/la-tasa-de-desempleo-en-brasil-en-2013-fue-la-menor-en-once-anos\/#listItem","position":3,"name":"La tasa de desempleo en Brasil en 2013 fue la menor en once a\u00f1os","previousItem":{"@type":"ListItem","@id":"https:\/\/www.eldigitaldeasturias.com\/noticias\/category\/actualidad\/#listItem","name":"Actualidad"}}]},{"@type":"Organization","@id":"https:\/\/www.eldigitaldeasturias.com\/noticias\/#organization","name":"El Digital de Asturias","description":"Hemeroteca","url":"https:\/\/www.eldigitaldeasturias.com\/noticias\/","email":"info@eldigitaldeasturias.com","telephone":"+34652131393","logo":{"@type":"ImageObject","url":"https:\/\/www.eldigitaldeasturias.com\/noticias\/wp-content\/uploads\/2020\/12\/EDA.jpg","@id":"https:\/\/www.eldigitaldeasturias.com\/noticias\/la-tasa-de-desempleo-en-brasil-en-2013-fue-la-menor-en-once-anos\/#organizationLogo"},"image":{"@id":"https:\/\/www.eldigitaldeasturias.com\/noticias\/la-tasa-de-desempleo-en-brasil-en-2013-fue-la-menor-en-once-anos\/#organizationLogo"},"sameAs":["https:\/\/facebook.com\/eldigitaldeasturias","https:\/\/www.youtube.com\/channel\/UCZP-2wLEB9Rv6erhFmqVnvg"],"address":{"@id":"https:\/\/www.eldigitaldeasturias.com\/noticias\/#postaladdress","@type":"PostalAddress","streetAddress":"san antonio 4","postalCode":"33430","addressLocality":"Cand\u00e1s","addressRegion":"Asturias","addressCountry":"ES"}},{"@type":"Person","@id":"https:\/\/www.eldigitaldeasturias.com\/noticias\/author\/admin\/#author","url":"https:\/\/www.eldigitaldeasturias.com\/noticias\/author\/admin\/","name":"El Digital de Asturias","image":{"@type":"ImageObject","@id":"https:\/\/www.eldigitaldeasturias.com\/noticias\/la-tasa-de-desempleo-en-brasil-en-2013-fue-la-menor-en-once-anos\/#authorImage","url":"https:\/\/secure.gravatar.com\/avatar\/df2aeffc32bcd13f8d26072ef8a91b623d677766deac7f97ca815868cd41bf5e?s=96&d=mm&r=g","width":96,"height":96,"caption":"El Digital de Asturias"}},{"@type":"WebPage","@id":"https:\/\/www.eldigitaldeasturias.com\/noticias\/la-tasa-de-desempleo-en-brasil-en-2013-fue-la-menor-en-once-anos\/#webpage","url":"https:\/\/www.eldigitaldeasturias.com\/noticias\/la-tasa-de-desempleo-en-brasil-en-2013-fue-la-menor-en-once-anos\/","name":"La tasa de desempleo en Brasil en 2013 fue la menor en once a\u00f1os - El Digital de Asturias","description":"R\u00edo de Janeiro, 30 ene (EFE).- La tasa promedio de desempleo en Brasil en 2013 se ubic\u00f3 en el 5,4 % de la poblaci\u00f3n econ\u00f3micamente activa, la menor en los \u00faltimos once a\u00f1os, desde que el indicador comenz\u00f3 a ser medido con criterios m\u00e1s rigurosos, inform\u00f3 hoy el Gobierno. El \u00edndice de paro se situ\u00f3","inLanguage":"es-ES","isPartOf":{"@id":"https:\/\/www.eldigitaldeasturias.com\/noticias\/#website"},"breadcrumb":{"@id":"https:\/\/www.eldigitaldeasturias.com\/noticias\/la-tasa-de-desempleo-en-brasil-en-2013-fue-la-menor-en-once-anos\/#breadcrumblist"},"author":{"@id":"https:\/\/www.eldigitaldeasturias.com\/noticias\/author\/admin\/#author"},"creator":{"@id":"https:\/\/www.eldigitaldeasturias.com\/noticias\/author\/admin\/#author"},"image":{"@type":"ImageObject","url":"https:\/\/www.eldigitaldeasturias.com\/noticias\/wp-content\/uploads\/2026\/06\/Contenidos.jpg","@id":"https:\/\/www.eldigitaldeasturias.com\/noticias\/la-tasa-de-desempleo-en-brasil-en-2013-fue-la-menor-en-once-anos\/#mainImage","width":1265,"height":697,"caption":"Contenidos"},"primaryImageOfPage":{"@id":"https:\/\/www.eldigitaldeasturias.com\/noticias\/la-tasa-de-desempleo-en-brasil-en-2013-fue-la-menor-en-once-anos\/#mainImage"},"datePublished":"2014-01-30T23:56:26+01:00","dateModified":"2014-01-30T23:56:26+01:00"},{"@type":"WebSite","@id":"https:\/\/www.eldigitaldeasturias.com\/noticias\/#website","url":"https:\/\/www.eldigitaldeasturias.com\/noticias\/","name":"El Digital de Asturias - Diario de actualidad y noticias","alternateName":"El Digital de Asturias - Diario de actualidad y noticias","description":"Hemeroteca","inLanguage":"es-ES","publisher":{"@id":"https:\/\/www.eldigitaldeasturias.com\/noticias\/#organization"}}]},"og:locale":"es_ES","og:site_name":"El Digital de Asturias","og:type":"article","og:title":"La tasa de desempleo en Brasil en 2013 fue la menor en once a\u00f1os - El Digital de Asturias","og:description":"R\u00edo de Janeiro, 30 ene (EFE).- La tasa promedio de desempleo en Brasil en 2013 se ubic\u00f3 en el 5,4 % de la poblaci\u00f3n econ\u00f3micamente activa, la menor en los \u00faltimos once a\u00f1os, desde que el indicador comenz\u00f3 a ser medido con criterios m\u00e1s rigurosos, inform\u00f3 hoy el Gobierno. El \u00edndice de paro se situ\u00f3","og:url":"https:\/\/www.eldigitaldeasturias.com\/noticias\/la-tasa-de-desempleo-en-brasil-en-2013-fue-la-menor-en-once-anos\/","og:image":"https:\/\/www.eldigitaldeasturias.com\/noticias\/wp-content\/uploads\/2026\/06\/Contenidos.jpg","og:image:secure_url":"https:\/\/www.eldigitaldeasturias.com\/noticias\/wp-content\/uploads\/2026\/06\/Contenidos.jpg","og:image:width":1265,"og:image:height":697,"article:tag":["actualidad"],"article:published_time":"2014-01-31T00:56:26+00:00","article:modified_time":"2014-01-31T00:56:26+00:00","article:publisher":"https:\/\/facebook.com\/eldigitaldeasturias","twitter:card":"summary_large_image","twitter:title":"La tasa de desempleo en Brasil en 2013 fue la menor en once a\u00f1os - El Digital de Asturias","twitter:description":"R\u00edo de Janeiro, 30 ene (EFE).- La tasa promedio de desempleo en Brasil en 2013 se ubic\u00f3 en el 5,4 % de la poblaci\u00f3n econ\u00f3micamente activa, la menor en los \u00faltimos once a\u00f1os, desde que el indicador comenz\u00f3 a ser medido con criterios m\u00e1s rigurosos, inform\u00f3 hoy el Gobierno. El \u00edndice de paro se situ\u00f3","twitter:image":"https:\/\/www.eldigitaldeasturias.com\/noticias\/wp-content\/uploads\/2026\/06\/Contenidos.jpg","twitter:label1":"Escrito por","twitter:data1":"El Digital de Asturias","twitter:label2":"Tiempo de lectura estimado","twitter:data2":"2 minutos"},"aioseo_meta_data":{"post_id":"480761","title":null,"description":null,"keywords":null,"keyphrases":null,"primary_term":null,"canonical_url":null,"og_title":null,"og_description":null,"og_object_type":"default","og_image_type":"default","og_image_url":null,"og_image_width":null,"og_image_height":null,"og_image_custom_url":null,"og_image_custom_fields":null,"og_video":null,"og_custom_url":null,"og_article_section":null,"og_article_tags":null,"twitter_use_og":true,"twitter_card":"default","twitter_image_type":"default","twitter_image_url":null,"twitter_image_custom_url":null,"twitter_image_custom_fields":null,"twitter_title":null,"twitter_description":null,"schema":{"blockGraphs":[],"customGraphs":[],"default":{"data":{"Article":[],"Course":[],"Dataset":[],"FAQPage":[],"Movie":[],"Person":[],"Product":[],"ProductReview":[],"Car":[],"Recipe":[],"Service":[],"SoftwareApplication":[],"WebPage":[]},"graphName":"","isEnabled":true},"graphs":[]},"schema_type":null,"schema_type_options":null,"pillar_content":false,"robots_default":true,"robots_noindex":false,"robots_noarchive":false,"robots_nosnippet":false,"robots_nofollow":false,"robots_noimageindex":false,"robots_noodp":false,"robots_notranslate":false,"robots_max_snippet":null,"robots_max_videopreview":null,"robots_max_imagepreview":"none","priority":null,"frequency":null,"local_seo":null,"seo_analyzer_scan_date":"2026-06-02 04:46:03","breadcrumb_settings":null,"limit_modified_date":false,"open_ai":null,"ai":null,"created":"2020-11-14 22:54:14","updated":"2026-06-02 04:46:03","focus_keyword":null,"additional_keywords":null,"truseo_locale":null},"aioseo_breadcrumb":"<div class=\"aioseo-breadcrumbs\"><span class=\"aioseo-breadcrumb\">\n\t<a href=\"https:\/\/www.eldigitaldeasturias.com\/noticias\" title=\"Home\">Home<\/a>\n<\/span><span class=\"aioseo-breadcrumb-separator\">\u2013<\/span><span class=\"aioseo-breadcrumb\">\n\t<a href=\"https:\/\/www.eldigitaldeasturias.com\/noticias\/category\/actualidad\/\" title=\"Actualidad\">Actualidad<\/a>\n<\/span><span class=\"aioseo-breadcrumb-separator\">\u2013<\/span><span class=\"aioseo-breadcrumb\">\n\t<a href=\"https:\/\/www.eldigitaldeasturias.com\/noticias\/la-tasa-de-desempleo-en-brasil-en-2013-fue-la-menor-en-once-anos\/\" title=\"La tasa de desempleo en Brasil en 2013 fue la menor en once a\u00f1os\">La tasa de desempleo en Brasil en 2013 fue la menor en once a\u00f1os<\/a>\n<\/span><\/div>","aioseo_breadcrumb_json":[{"label":"Home","link":"https:\/\/www.eldigitaldeasturias.com\/noticias"},{"label":"Actualidad","link":"https:\/\/www.eldigitaldeasturias.com\/noticias\/category\/actualidad\/"},{"label":"La tasa de desempleo en Brasil en 2013 fue la menor en once a\u00f1os","link":"https:\/\/www.eldigitaldeasturias.com\/noticias\/la-tasa-de-desempleo-en-brasil-en-2013-fue-la-menor-en-once-anos\/"}],"_links":{"self":[{"href":"https:\/\/www.eldigitaldeasturias.com\/noticias\/wp-json\/wp\/v2\/posts\/480761","targetHints":{"allow":["GET"]}}],"collection":[{"href":"https:\/\/www.eldigitaldeasturias.com\/noticias\/wp-json\/wp\/v2\/posts"}],"about":[{"href":"https:\/\/www.eldigitaldeasturias.com\/noticias\/wp-json\/wp\/v2\/types\/post"}],"author":[{"embeddable":true,"href":"https:\/\/www.eldigitaldeasturias.com\/noticias\/wp-json\/wp\/v2\/users\/1"}],"replies":[{"embeddable":true,"href":"https:\/\/www.eldigitaldeasturias.com\/noticias\/wp-json\/wp\/v2\/comments?post=480761"}],"version-history":[{"count":0,"href":"https:\/\/www.eldigitaldeasturias.com\/noticias\/wp-json\/wp\/v2\/posts\/480761\/revisions"}],"wp:featuredmedia":[{"embeddable":true,"href":"https:\/\/www.eldigitaldeasturias.com\/noticias\/wp-json\/wp\/v2\/media\/1132184"}],"wp:attachment":[{"href":"https:\/\/www.eldigitaldeasturias.com\/noticias\/wp-json\/wp\/v2\/media?parent=480761"}],"wp:term":[{"taxonomy":"category","embeddable":true,"href":"https:\/\/www.eldigitaldeasturias.com\/noticias\/wp-json\/wp\/v2\/categories?post=480761"},{"taxonomy":"post_tag","embeddable":true,"href":"https:\/\/www.eldigitaldeasturias.com\/noticias\/wp-json\/wp\/v2\/tags?post=480761"}],"curies":[{"name":"wp","href":"https:\/\/api.w.org\/{rel}","templated":true}]}}