{"id":480745,"date":"2014-01-30T23:49:43","date_gmt":"2014-01-31T00:49:43","guid":{"rendered":"http:\/\/www.eldigitaldeasturias.com\/noticias\/?p=480745"},"modified":"2014-01-30T23:49:43","modified_gmt":"2014-01-31T00:49:43","slug":"los-medicos-reducen-la-sedacion-a-schumacher","status":"publish","type":"post","link":"https:\/\/www.eldigitaldeasturias.com\/noticias\/los-medicos-reducen-la-sedacion-a-schumacher\/","title":{"rendered":"Los m\u00e9dicos reducen la sedaci\u00f3n a Schumacher"},"content":{"rendered":"<p><img loading=\"lazy\" decoding=\"async\" class=\"alignleft size-medium wp-image-480746\" alt=\"5891445w\" src=\"https:\/\/www.eldigitaldeasturias.com\/noticias\/wp-content\/uploads\/2014\/01\/5891445w-360x292.jpg\" width=\"360\" height=\"292\" \/>Par\u00eds, 30 ene (EFE).- Los m\u00e9dicos que atienden al heptacampe\u00f3n del mundo de F\u00f3rmula Uno Michael Schumacher le han reducido la sedaci\u00f3n, para comenzar el proceso de sacarle del coma, inform\u00f3 hoy su portavoz, cumplido ya un mes del accidente de esqu\u00ed que sufri\u00f3 en los Alpes franceses.<\/p>\n<p>\u00abLos sedantes administrados a Michael se han reducido desde hace poco para emprender el proceso de despertarle, que podr\u00eda durar mucho tiempo\u00bb, indic\u00f3 Sabine Kehm, en un comunicado emitido ante la cascada de informaciones sobre la situaci\u00f3n del expiloto alem\u00e1n<\/p>\n<p>Inicialmente, seg\u00fan detall\u00f3, se hab\u00eda acordado \u00abentre todas las partes implicadas\u00bb no comunicar esta informaci\u00f3n m\u00e9dica hasta que el proceso se hubiera consolidado, para proteger a la familia del deportista.<\/p>\n<p>\u00abNo daremos ning\u00fan dato sobre las etapas intermedias\u00bb, a\u00f1adi\u00f3 Kehm en esa escueta nota, enviada un d\u00eda despu\u00e9s de que precisara en otro comunicado que toda declaraci\u00f3n sobre su estado de salud que no procediera del equipo m\u00e9dico o de su entorno era \u00abpura especulaci\u00f3n\u00bb.<\/p>\n<p>El piloto se encuentra desde el pasado 29 de diciembre en el hospital universitario de Grenoble, en el este franc\u00e9s, donde fue ingresado tras haber sufrido una fuerte ca\u00edda en un sector \u00abfuera de pista\u00bb de la estaci\u00f3n de M\u00e9ribel, donde posee una residencia.<\/p>\n<p>El piloto se encontraba en compa\u00f1\u00eda de su hijo Mick, de 14 a\u00f1os, que, al igual su hermana Gina Maria, dos a\u00f1os mayor, ha retomado sus estudios en Suiza, donde reside la familia, y acude los fines de semana al hospital.<\/p>\n<p>Schumacher se golpe\u00f3 la cabeza contra una piedra y los m\u00e9dicos consideran que puede sufrir da\u00f1os cerebrales, por lo que le indujeron el coma artificial en el que se encuentra.<\/p>\n<p>Desde entonces, Schumacher recibe tambi\u00e9n regularmente visitas de amigos, como el actual presidente de la Federaci\u00f3n Internacional de Automovilismo (FIA), Jean Todt, que durante a\u00f1os le dirigi\u00f3 en la escuder\u00eda Ferrari, o del m\u00e9dico G\u00e9rard Saillant.<\/p>\n<p>Entretanto, avanza la investigaci\u00f3n sobre las circunstancias del accidente, que parece indicar que Schumacher se lanz\u00f3 de forma deliberada por una zona no balizada del trazado, seg\u00fan se desprende de la grabaci\u00f3n de la c\u00e1mara que el expiloto portaba en su casco.<\/p>\n","protected":false},"excerpt":{"rendered":"<p>Par\u00eds, 30 ene (EFE).- Los m\u00e9dicos que atienden al heptacampe\u00f3n del mundo de F\u00f3rmula Uno Michael Schumacher le han reducido la sedaci\u00f3n, para comenzar el proceso de sacarle del coma, inform\u00f3 hoy su portavoz, cumplido ya un mes del accidente de esqu\u00ed que sufri\u00f3 en los Alpes franceses. \u00abLos sedantes administrados a Michael se han [&hellip;]<\/p>\n","protected":false},"author":1,"featured_media":1132184,"comment_status":"closed","ping_status":"open","sticky":false,"template":"","format":"standard","meta":{"footnotes":""},"categories":[1,28],"tags":[],"class_list":["post-480745","post","type-post","status-publish","format-standard","has-post-thumbnail","hentry","category-actualidad","category-sociedad"],"aioseo_notices":[],"aioseo_head":"\n\t\t<!-- All in One SEO Pro 5.0.1 - aioseo.com -->\n\t<meta name=\"description\" content=\"Par\u00eds, 30 ene (EFE).- Los m\u00e9dicos que atienden al heptacampe\u00f3n del mundo de F\u00f3rmula Uno Michael Schumacher le han reducido la sedaci\u00f3n, para comenzar el proceso de sacarle del coma, inform\u00f3 hoy su portavoz, cumplido ya un mes del accidente de esqu\u00ed que sufri\u00f3 en los Alpes franceses. &quot;Los sedantes administrados a Michael se han\" \/>\n\t<meta name=\"robots\" content=\"max-image-preview:large\" \/>\n\t<meta name=\"author\" content=\"El Digital de Asturias\"\/>\n\t<meta name=\"google-site-verification\" content=\"UA-38556648-1\" \/>\n\t<meta name=\"msvalidate.01\" content=\"7dfe9f3f1b24437ab69f4f2559babe99\" \/>\n\t<meta name=\"keywords\" content=\"actualidad,sociedad\" \/>\n\t<link rel=\"canonical\" href=\"https:\/\/www.eldigitaldeasturias.com\/noticias\/los-medicos-reducen-la-sedacion-a-schumacher\/\" \/>\n\t<meta name=\"generator\" content=\"All in One SEO Pro (AIOSEO) 5.0.1\" \/>\n\t\t<meta property=\"og:locale\" content=\"es_ES\" \/>\n\t\t<meta property=\"og:site_name\" content=\"El Digital de Asturias\" \/>\n\t\t<meta property=\"og:type\" content=\"article\" \/>\n\t\t<meta property=\"og:title\" content=\"Los m\u00e9dicos reducen la sedaci\u00f3n a Schumacher - El Digital de Asturias\" \/>\n\t\t<meta property=\"og:description\" content=\"Par\u00eds, 30 ene (EFE).- Los m\u00e9dicos que atienden al heptacampe\u00f3n del mundo de F\u00f3rmula Uno Michael Schumacher le han reducido la sedaci\u00f3n, para comenzar el proceso de sacarle del coma, inform\u00f3 hoy su portavoz, cumplido ya un mes del accidente de esqu\u00ed que sufri\u00f3 en los Alpes franceses. &quot;Los sedantes administrados a Michael se han\" \/>\n\t\t<meta property=\"og:url\" content=\"https:\/\/www.eldigitaldeasturias.com\/noticias\/los-medicos-reducen-la-sedacion-a-schumacher\/\" \/>\n\t\t<meta property=\"og:image\" content=\"https:\/\/www.eldigitaldeasturias.com\/noticias\/wp-content\/uploads\/2026\/06\/Contenidos.jpg\" \/>\n\t\t<meta property=\"og:image:secure_url\" content=\"https:\/\/www.eldigitaldeasturias.com\/noticias\/wp-content\/uploads\/2026\/06\/Contenidos.jpg\" \/>\n\t\t<meta property=\"og:image:width\" content=\"1265\" \/>\n\t\t<meta property=\"og:image:height\" content=\"697\" \/>\n\t\t<meta property=\"article:tag\" content=\"actualidad\" \/>\n\t\t<meta property=\"article:tag\" content=\"sociedad\" \/>\n\t\t<meta property=\"article:published_time\" content=\"2014-01-31T00:49:43+00:00\" \/>\n\t\t<meta property=\"article:modified_time\" content=\"2014-01-31T00:49:43+00:00\" \/>\n\t\t<meta property=\"article:publisher\" content=\"https:\/\/facebook.com\/eldigitaldeasturias\" \/>\n\t\t<meta name=\"twitter:card\" content=\"summary_large_image\" \/>\n\t\t<meta name=\"twitter:title\" content=\"Los m\u00e9dicos reducen la sedaci\u00f3n a Schumacher - El Digital de Asturias\" \/>\n\t\t<meta name=\"twitter:description\" content=\"Par\u00eds, 30 ene (EFE).- Los m\u00e9dicos que atienden al heptacampe\u00f3n del mundo de F\u00f3rmula Uno Michael Schumacher le han reducido la sedaci\u00f3n, para comenzar el proceso de sacarle del coma, inform\u00f3 hoy su portavoz, cumplido ya un mes del accidente de esqu\u00ed que sufri\u00f3 en los Alpes franceses. &quot;Los sedantes administrados a Michael se han\" \/>\n\t\t<meta name=\"twitter:image\" content=\"https:\/\/www.eldigitaldeasturias.com\/noticias\/wp-content\/uploads\/2026\/06\/Contenidos.jpg\" \/>\n\t\t<meta name=\"twitter:label1\" content=\"Escrito por\" \/>\n\t\t<meta name=\"twitter:data1\" content=\"El Digital de Asturias\" \/>\n\t\t<meta name=\"twitter:label2\" content=\"Tiempo de lectura estimado\" \/>\n\t\t<meta name=\"twitter:data2\" content=\"2 minutos\" \/>\n\t\t<script type=\"application\/ld+json\" class=\"aioseo-schema\">\n\t\t\t{\"@context\":\"https:\\\/\\\/schema.org\",\"@graph\":[{\"@type\":\"BlogPosting\",\"@id\":\"https:\\\/\\\/www.eldigitaldeasturias.com\\\/noticias\\\/los-medicos-reducen-la-sedacion-a-schumacher\\\/#blogposting\",\"name\":\"Los m\\u00e9dicos reducen la sedaci\\u00f3n a Schumacher - El Digital de Asturias\",\"headline\":\"Los m\\u00e9dicos reducen la sedaci\\u00f3n a Schumacher\",\"author\":{\"@id\":\"https:\\\/\\\/www.eldigitaldeasturias.com\\\/noticias\\\/author\\\/admin\\\/#author\"},\"publisher\":{\"@id\":\"https:\\\/\\\/www.eldigitaldeasturias.com\\\/noticias\\\/#organization\"},\"image\":{\"@type\":\"ImageObject\",\"url\":\"https:\\\/\\\/www.eldigitaldeasturias.com\\\/noticias\\\/wp-content\\\/uploads\\\/2026\\\/06\\\/Contenidos.jpg\",\"width\":1265,\"height\":697,\"caption\":\"Contenidos\"},\"datePublished\":\"2014-01-30T23:49:43+01:00\",\"dateModified\":\"2014-01-30T23:49:43+01:00\",\"inLanguage\":\"es-ES\",\"mainEntityOfPage\":{\"@id\":\"https:\\\/\\\/www.eldigitaldeasturias.com\\\/noticias\\\/los-medicos-reducen-la-sedacion-a-schumacher\\\/#webpage\"},\"isPartOf\":{\"@id\":\"https:\\\/\\\/www.eldigitaldeasturias.com\\\/noticias\\\/los-medicos-reducen-la-sedacion-a-schumacher\\\/#webpage\"},\"articleSection\":\"Actualidad, Sociedad\"},{\"@type\":\"BreadcrumbList\",\"@id\":\"https:\\\/\\\/www.eldigitaldeasturias.com\\\/noticias\\\/los-medicos-reducen-la-sedacion-a-schumacher\\\/#breadcrumblist\",\"itemListElement\":[{\"@type\":\"ListItem\",\"@id\":\"https:\\\/\\\/www.eldigitaldeasturias.com\\\/noticias#listItem\",\"position\":1,\"name\":\"Home\",\"item\":\"https:\\\/\\\/www.eldigitaldeasturias.com\\\/noticias\",\"nextItem\":{\"@type\":\"ListItem\",\"@id\":\"https:\\\/\\\/www.eldigitaldeasturias.com\\\/noticias\\\/category\\\/actualidad\\\/#listItem\",\"name\":\"Actualidad\"}},{\"@type\":\"ListItem\",\"@id\":\"https:\\\/\\\/www.eldigitaldeasturias.com\\\/noticias\\\/category\\\/actualidad\\\/#listItem\",\"position\":2,\"name\":\"Actualidad\",\"item\":\"https:\\\/\\\/www.eldigitaldeasturias.com\\\/noticias\\\/category\\\/actualidad\\\/\",\"nextItem\":{\"@type\":\"ListItem\",\"@id\":\"https:\\\/\\\/www.eldigitaldeasturias.com\\\/noticias\\\/los-medicos-reducen-la-sedacion-a-schumacher\\\/#listItem\",\"name\":\"Los m\\u00e9dicos reducen la sedaci\\u00f3n a Schumacher\"},\"previousItem\":{\"@type\":\"ListItem\",\"@id\":\"https:\\\/\\\/www.eldigitaldeasturias.com\\\/noticias#listItem\",\"name\":\"Home\"}},{\"@type\":\"ListItem\",\"@id\":\"https:\\\/\\\/www.eldigitaldeasturias.com\\\/noticias\\\/los-medicos-reducen-la-sedacion-a-schumacher\\\/#listItem\",\"position\":3,\"name\":\"Los m\\u00e9dicos reducen la sedaci\\u00f3n a Schumacher\",\"previousItem\":{\"@type\":\"ListItem\",\"@id\":\"https:\\\/\\\/www.eldigitaldeasturias.com\\\/noticias\\\/category\\\/actualidad\\\/#listItem\",\"name\":\"Actualidad\"}}]},{\"@type\":\"Organization\",\"@id\":\"https:\\\/\\\/www.eldigitaldeasturias.com\\\/noticias\\\/#organization\",\"name\":\"El Digital de Asturias\",\"description\":\"Hemeroteca\",\"url\":\"https:\\\/\\\/www.eldigitaldeasturias.com\\\/noticias\\\/\",\"email\":\"info@eldigitaldeasturias.com\",\"telephone\":\"+34652131393\",\"logo\":{\"@type\":\"ImageObject\",\"url\":\"https:\\\/\\\/www.eldigitaldeasturias.com\\\/noticias\\\/wp-content\\\/uploads\\\/2020\\\/12\\\/EDA.jpg\",\"@id\":\"https:\\\/\\\/www.eldigitaldeasturias.com\\\/noticias\\\/los-medicos-reducen-la-sedacion-a-schumacher\\\/#organizationLogo\"},\"image\":{\"@id\":\"https:\\\/\\\/www.eldigitaldeasturias.com\\\/noticias\\\/los-medicos-reducen-la-sedacion-a-schumacher\\\/#organizationLogo\"},\"sameAs\":[\"https:\\\/\\\/facebook.com\\\/eldigitaldeasturias\",\"https:\\\/\\\/www.youtube.com\\\/channel\\\/UCZP-2wLEB9Rv6erhFmqVnvg\"],\"address\":{\"@id\":\"https:\\\/\\\/www.eldigitaldeasturias.com\\\/noticias\\\/#postaladdress\",\"@type\":\"PostalAddress\",\"streetAddress\":\"san antonio 4\",\"postalCode\":\"33430\",\"addressLocality\":\"Cand\\u00e1s\",\"addressRegion\":\"Asturias\",\"addressCountry\":\"ES\"}},{\"@type\":\"Person\",\"@id\":\"https:\\\/\\\/www.eldigitaldeasturias.com\\\/noticias\\\/author\\\/admin\\\/#author\",\"url\":\"https:\\\/\\\/www.eldigitaldeasturias.com\\\/noticias\\\/author\\\/admin\\\/\",\"name\":\"El Digital de Asturias\",\"image\":{\"@type\":\"ImageObject\",\"@id\":\"https:\\\/\\\/www.eldigitaldeasturias.com\\\/noticias\\\/los-medicos-reducen-la-sedacion-a-schumacher\\\/#authorImage\",\"url\":\"https:\\\/\\\/secure.gravatar.com\\\/avatar\\\/df2aeffc32bcd13f8d26072ef8a91b623d677766deac7f97ca815868cd41bf5e?s=96&d=mm&r=g\",\"width\":96,\"height\":96,\"caption\":\"El Digital de Asturias\"}},{\"@type\":\"WebPage\",\"@id\":\"https:\\\/\\\/www.eldigitaldeasturias.com\\\/noticias\\\/los-medicos-reducen-la-sedacion-a-schumacher\\\/#webpage\",\"url\":\"https:\\\/\\\/www.eldigitaldeasturias.com\\\/noticias\\\/los-medicos-reducen-la-sedacion-a-schumacher\\\/\",\"name\":\"Los m\\u00e9dicos reducen la sedaci\\u00f3n a Schumacher - El Digital de Asturias\",\"description\":\"Par\\u00eds, 30 ene (EFE).- Los m\\u00e9dicos que atienden al heptacampe\\u00f3n del mundo de F\\u00f3rmula Uno Michael Schumacher le han reducido la sedaci\\u00f3n, para comenzar el proceso de sacarle del coma, inform\\u00f3 hoy su portavoz, cumplido ya un mes del accidente de esqu\\u00ed que sufri\\u00f3 en los Alpes franceses. \\\"Los sedantes administrados a Michael se han\",\"inLanguage\":\"es-ES\",\"isPartOf\":{\"@id\":\"https:\\\/\\\/www.eldigitaldeasturias.com\\\/noticias\\\/#website\"},\"breadcrumb\":{\"@id\":\"https:\\\/\\\/www.eldigitaldeasturias.com\\\/noticias\\\/los-medicos-reducen-la-sedacion-a-schumacher\\\/#breadcrumblist\"},\"author\":{\"@id\":\"https:\\\/\\\/www.eldigitaldeasturias.com\\\/noticias\\\/author\\\/admin\\\/#author\"},\"creator\":{\"@id\":\"https:\\\/\\\/www.eldigitaldeasturias.com\\\/noticias\\\/author\\\/admin\\\/#author\"},\"image\":{\"@type\":\"ImageObject\",\"url\":\"https:\\\/\\\/www.eldigitaldeasturias.com\\\/noticias\\\/wp-content\\\/uploads\\\/2026\\\/06\\\/Contenidos.jpg\",\"@id\":\"https:\\\/\\\/www.eldigitaldeasturias.com\\\/noticias\\\/los-medicos-reducen-la-sedacion-a-schumacher\\\/#mainImage\",\"width\":1265,\"height\":697,\"caption\":\"Contenidos\"},\"primaryImageOfPage\":{\"@id\":\"https:\\\/\\\/www.eldigitaldeasturias.com\\\/noticias\\\/los-medicos-reducen-la-sedacion-a-schumacher\\\/#mainImage\"},\"datePublished\":\"2014-01-30T23:49:43+01:00\",\"dateModified\":\"2014-01-30T23:49:43+01:00\"},{\"@type\":\"WebSite\",\"@id\":\"https:\\\/\\\/www.eldigitaldeasturias.com\\\/noticias\\\/#website\",\"url\":\"https:\\\/\\\/www.eldigitaldeasturias.com\\\/noticias\\\/\",\"name\":\"El Digital de Asturias - Diario de actualidad y noticias\",\"alternateName\":\"El Digital de Asturias - Diario de actualidad y noticias\",\"description\":\"Hemeroteca\",\"inLanguage\":\"es-ES\",\"publisher\":{\"@id\":\"https:\\\/\\\/www.eldigitaldeasturias.com\\\/noticias\\\/#organization\"}}]}\n\t\t<\/script>\n\t\t<!-- All in One SEO Pro -->\r\n\t\t<title>Los m\u00e9dicos reducen la sedaci\u00f3n a Schumacher - El Digital de Asturias<\/title>\n\n","aioseo_head_json":{"title":"Los m\u00e9dicos reducen la sedaci\u00f3n a Schumacher - El Digital de Asturias","description":"Par\u00eds, 30 ene (EFE).- Los m\u00e9dicos que atienden al heptacampe\u00f3n del mundo de F\u00f3rmula Uno Michael Schumacher le han reducido la sedaci\u00f3n, para comenzar el proceso de sacarle del coma, inform\u00f3 hoy su portavoz, cumplido ya un mes del accidente de esqu\u00ed que sufri\u00f3 en los Alpes franceses. \"Los sedantes administrados a Michael se han","canonical_url":"https:\/\/www.eldigitaldeasturias.com\/noticias\/los-medicos-reducen-la-sedacion-a-schumacher\/","robots":"max-image-preview:large","keywords":"actualidad,sociedad","webmasterTools":{"google-site-verification":"UA-38556648-1","msvalidate.01":"7dfe9f3f1b24437ab69f4f2559babe99","miscellaneous":""},"schema":{"@context":"https:\/\/schema.org","@graph":[{"@type":"BlogPosting","@id":"https:\/\/www.eldigitaldeasturias.com\/noticias\/los-medicos-reducen-la-sedacion-a-schumacher\/#blogposting","name":"Los m\u00e9dicos reducen la sedaci\u00f3n a Schumacher - El Digital de Asturias","headline":"Los m\u00e9dicos reducen la sedaci\u00f3n a Schumacher","author":{"@id":"https:\/\/www.eldigitaldeasturias.com\/noticias\/author\/admin\/#author"},"publisher":{"@id":"https:\/\/www.eldigitaldeasturias.com\/noticias\/#organization"},"image":{"@type":"ImageObject","url":"https:\/\/www.eldigitaldeasturias.com\/noticias\/wp-content\/uploads\/2026\/06\/Contenidos.jpg","width":1265,"height":697,"caption":"Contenidos"},"datePublished":"2014-01-30T23:49:43+01:00","dateModified":"2014-01-30T23:49:43+01:00","inLanguage":"es-ES","mainEntityOfPage":{"@id":"https:\/\/www.eldigitaldeasturias.com\/noticias\/los-medicos-reducen-la-sedacion-a-schumacher\/#webpage"},"isPartOf":{"@id":"https:\/\/www.eldigitaldeasturias.com\/noticias\/los-medicos-reducen-la-sedacion-a-schumacher\/#webpage"},"articleSection":"Actualidad, Sociedad"},{"@type":"BreadcrumbList","@id":"https:\/\/www.eldigitaldeasturias.com\/noticias\/los-medicos-reducen-la-sedacion-a-schumacher\/#breadcrumblist","itemListElement":[{"@type":"ListItem","@id":"https:\/\/www.eldigitaldeasturias.com\/noticias#listItem","position":1,"name":"Home","item":"https:\/\/www.eldigitaldeasturias.com\/noticias","nextItem":{"@type":"ListItem","@id":"https:\/\/www.eldigitaldeasturias.com\/noticias\/category\/actualidad\/#listItem","name":"Actualidad"}},{"@type":"ListItem","@id":"https:\/\/www.eldigitaldeasturias.com\/noticias\/category\/actualidad\/#listItem","position":2,"name":"Actualidad","item":"https:\/\/www.eldigitaldeasturias.com\/noticias\/category\/actualidad\/","nextItem":{"@type":"ListItem","@id":"https:\/\/www.eldigitaldeasturias.com\/noticias\/los-medicos-reducen-la-sedacion-a-schumacher\/#listItem","name":"Los m\u00e9dicos reducen la sedaci\u00f3n a Schumacher"},"previousItem":{"@type":"ListItem","@id":"https:\/\/www.eldigitaldeasturias.com\/noticias#listItem","name":"Home"}},{"@type":"ListItem","@id":"https:\/\/www.eldigitaldeasturias.com\/noticias\/los-medicos-reducen-la-sedacion-a-schumacher\/#listItem","position":3,"name":"Los m\u00e9dicos reducen la sedaci\u00f3n a Schumacher","previousItem":{"@type":"ListItem","@id":"https:\/\/www.eldigitaldeasturias.com\/noticias\/category\/actualidad\/#listItem","name":"Actualidad"}}]},{"@type":"Organization","@id":"https:\/\/www.eldigitaldeasturias.com\/noticias\/#organization","name":"El Digital de Asturias","description":"Hemeroteca","url":"https:\/\/www.eldigitaldeasturias.com\/noticias\/","email":"info@eldigitaldeasturias.com","telephone":"+34652131393","logo":{"@type":"ImageObject","url":"https:\/\/www.eldigitaldeasturias.com\/noticias\/wp-content\/uploads\/2020\/12\/EDA.jpg","@id":"https:\/\/www.eldigitaldeasturias.com\/noticias\/los-medicos-reducen-la-sedacion-a-schumacher\/#organizationLogo"},"image":{"@id":"https:\/\/www.eldigitaldeasturias.com\/noticias\/los-medicos-reducen-la-sedacion-a-schumacher\/#organizationLogo"},"sameAs":["https:\/\/facebook.com\/eldigitaldeasturias","https:\/\/www.youtube.com\/channel\/UCZP-2wLEB9Rv6erhFmqVnvg"],"address":{"@id":"https:\/\/www.eldigitaldeasturias.com\/noticias\/#postaladdress","@type":"PostalAddress","streetAddress":"san antonio 4","postalCode":"33430","addressLocality":"Cand\u00e1s","addressRegion":"Asturias","addressCountry":"ES"}},{"@type":"Person","@id":"https:\/\/www.eldigitaldeasturias.com\/noticias\/author\/admin\/#author","url":"https:\/\/www.eldigitaldeasturias.com\/noticias\/author\/admin\/","name":"El Digital de Asturias","image":{"@type":"ImageObject","@id":"https:\/\/www.eldigitaldeasturias.com\/noticias\/los-medicos-reducen-la-sedacion-a-schumacher\/#authorImage","url":"https:\/\/secure.gravatar.com\/avatar\/df2aeffc32bcd13f8d26072ef8a91b623d677766deac7f97ca815868cd41bf5e?s=96&d=mm&r=g","width":96,"height":96,"caption":"El Digital de Asturias"}},{"@type":"WebPage","@id":"https:\/\/www.eldigitaldeasturias.com\/noticias\/los-medicos-reducen-la-sedacion-a-schumacher\/#webpage","url":"https:\/\/www.eldigitaldeasturias.com\/noticias\/los-medicos-reducen-la-sedacion-a-schumacher\/","name":"Los m\u00e9dicos reducen la sedaci\u00f3n a Schumacher - El Digital de Asturias","description":"Par\u00eds, 30 ene (EFE).- Los m\u00e9dicos que atienden al heptacampe\u00f3n del mundo de F\u00f3rmula Uno Michael Schumacher le han reducido la sedaci\u00f3n, para comenzar el proceso de sacarle del coma, inform\u00f3 hoy su portavoz, cumplido ya un mes del accidente de esqu\u00ed que sufri\u00f3 en los Alpes franceses. \"Los sedantes administrados a Michael se han","inLanguage":"es-ES","isPartOf":{"@id":"https:\/\/www.eldigitaldeasturias.com\/noticias\/#website"},"breadcrumb":{"@id":"https:\/\/www.eldigitaldeasturias.com\/noticias\/los-medicos-reducen-la-sedacion-a-schumacher\/#breadcrumblist"},"author":{"@id":"https:\/\/www.eldigitaldeasturias.com\/noticias\/author\/admin\/#author"},"creator":{"@id":"https:\/\/www.eldigitaldeasturias.com\/noticias\/author\/admin\/#author"},"image":{"@type":"ImageObject","url":"https:\/\/www.eldigitaldeasturias.com\/noticias\/wp-content\/uploads\/2026\/06\/Contenidos.jpg","@id":"https:\/\/www.eldigitaldeasturias.com\/noticias\/los-medicos-reducen-la-sedacion-a-schumacher\/#mainImage","width":1265,"height":697,"caption":"Contenidos"},"primaryImageOfPage":{"@id":"https:\/\/www.eldigitaldeasturias.com\/noticias\/los-medicos-reducen-la-sedacion-a-schumacher\/#mainImage"},"datePublished":"2014-01-30T23:49:43+01:00","dateModified":"2014-01-30T23:49:43+01:00"},{"@type":"WebSite","@id":"https:\/\/www.eldigitaldeasturias.com\/noticias\/#website","url":"https:\/\/www.eldigitaldeasturias.com\/noticias\/","name":"El Digital de Asturias - Diario de actualidad y noticias","alternateName":"El Digital de Asturias - Diario de actualidad y noticias","description":"Hemeroteca","inLanguage":"es-ES","publisher":{"@id":"https:\/\/www.eldigitaldeasturias.com\/noticias\/#organization"}}]},"og:locale":"es_ES","og:site_name":"El Digital de Asturias","og:type":"article","og:title":"Los m\u00e9dicos reducen la sedaci\u00f3n a Schumacher - El Digital de Asturias","og:description":"Par\u00eds, 30 ene (EFE).- Los m\u00e9dicos que atienden al heptacampe\u00f3n del mundo de F\u00f3rmula Uno Michael Schumacher le han reducido la sedaci\u00f3n, para comenzar el proceso de sacarle del coma, inform\u00f3 hoy su portavoz, cumplido ya un mes del accidente de esqu\u00ed que sufri\u00f3 en los Alpes franceses. &quot;Los sedantes administrados a Michael se han","og:url":"https:\/\/www.eldigitaldeasturias.com\/noticias\/los-medicos-reducen-la-sedacion-a-schumacher\/","og:image":"https:\/\/www.eldigitaldeasturias.com\/noticias\/wp-content\/uploads\/2026\/06\/Contenidos.jpg","og:image:secure_url":"https:\/\/www.eldigitaldeasturias.com\/noticias\/wp-content\/uploads\/2026\/06\/Contenidos.jpg","og:image:width":1265,"og:image:height":697,"article:tag":["actualidad","sociedad"],"article:published_time":"2014-01-31T00:49:43+00:00","article:modified_time":"2014-01-31T00:49:43+00:00","article:publisher":"https:\/\/facebook.com\/eldigitaldeasturias","twitter:card":"summary_large_image","twitter:title":"Los m\u00e9dicos reducen la sedaci\u00f3n a Schumacher - El Digital de Asturias","twitter:description":"Par\u00eds, 30 ene (EFE).- Los m\u00e9dicos que atienden al heptacampe\u00f3n del mundo de F\u00f3rmula Uno Michael Schumacher le han reducido la sedaci\u00f3n, para comenzar el proceso de sacarle del coma, inform\u00f3 hoy su portavoz, cumplido ya un mes del accidente de esqu\u00ed que sufri\u00f3 en los Alpes franceses. &quot;Los sedantes administrados a Michael se han","twitter:image":"https:\/\/www.eldigitaldeasturias.com\/noticias\/wp-content\/uploads\/2026\/06\/Contenidos.jpg","twitter:label1":"Escrito por","twitter:data1":"El Digital de Asturias","twitter:label2":"Tiempo de lectura estimado","twitter:data2":"2 minutos"},"aioseo_meta_data":{"post_id":"480745","title":null,"description":null,"keywords":null,"keyphrases":null,"primary_term":null,"canonical_url":null,"og_title":null,"og_description":null,"og_object_type":"default","og_image_type":"default","og_image_url":null,"og_image_width":null,"og_image_height":null,"og_image_custom_url":null,"og_image_custom_fields":null,"og_video":null,"og_custom_url":null,"og_article_section":null,"og_article_tags":null,"twitter_use_og":true,"twitter_card":"default","twitter_image_type":"default","twitter_image_url":null,"twitter_image_custom_url":null,"twitter_image_custom_fields":null,"twitter_title":null,"twitter_description":null,"schema":{"blockGraphs":[],"customGraphs":[],"default":{"data":{"Article":[],"Course":[],"Dataset":[],"FAQPage":[],"Movie":[],"Person":[],"Product":[],"ProductReview":[],"Car":[],"Recipe":[],"Service":[],"SoftwareApplication":[],"WebPage":[]},"graphName":"","isEnabled":true},"graphs":[],"defaultGraph":"","defaultPostTypeGraph":""},"schema_type":null,"schema_type_options":null,"pillar_content":false,"robots_default":true,"robots_noindex":false,"robots_noarchive":false,"robots_nosnippet":false,"robots_nofollow":false,"robots_noimageindex":false,"robots_noodp":false,"robots_notranslate":false,"robots_max_snippet":null,"robots_max_videopreview":null,"robots_max_imagepreview":"none","priority":null,"frequency":null,"local_seo":null,"seo_analyzer_scan_date":"2026-06-02 04:43:45","breadcrumb_settings":null,"limit_modified_date":false,"open_ai":null,"ai":null,"created":"2020-11-14 22:54:14","updated":"2026-06-02 04:43:45","focus_keyword":null,"additional_keywords":null,"truseo_locale":null},"aioseo_breadcrumb":"<div class=\"aioseo-breadcrumbs\"><span class=\"aioseo-breadcrumb\">\n\t<a href=\"https:\/\/www.eldigitaldeasturias.com\/noticias\" title=\"Home\">Home<\/a>\n<\/span><span class=\"aioseo-breadcrumb-separator\">\u2013<\/span><span class=\"aioseo-breadcrumb\">\n\t<a href=\"https:\/\/www.eldigitaldeasturias.com\/noticias\/category\/actualidad\/\" title=\"Actualidad\">Actualidad<\/a>\n<\/span><span class=\"aioseo-breadcrumb-separator\">\u2013<\/span><span class=\"aioseo-breadcrumb\">\n\t<a href=\"https:\/\/www.eldigitaldeasturias.com\/noticias\/los-medicos-reducen-la-sedacion-a-schumacher\/\" title=\"Los m\u00e9dicos reducen la sedaci\u00f3n a Schumacher\">Los m\u00e9dicos reducen la sedaci\u00f3n a Schumacher<\/a>\n<\/span><\/div>","aioseo_breadcrumb_json":[{"label":"Home","link":"https:\/\/www.eldigitaldeasturias.com\/noticias"},{"label":"Actualidad","link":"https:\/\/www.eldigitaldeasturias.com\/noticias\/category\/actualidad\/"},{"label":"Los m\u00e9dicos reducen la sedaci\u00f3n a Schumacher","link":"https:\/\/www.eldigitaldeasturias.com\/noticias\/los-medicos-reducen-la-sedacion-a-schumacher\/"}],"_links":{"self":[{"href":"https:\/\/www.eldigitaldeasturias.com\/noticias\/wp-json\/wp\/v2\/posts\/480745","targetHints":{"allow":["GET"]}}],"collection":[{"href":"https:\/\/www.eldigitaldeasturias.com\/noticias\/wp-json\/wp\/v2\/posts"}],"about":[{"href":"https:\/\/www.eldigitaldeasturias.com\/noticias\/wp-json\/wp\/v2\/types\/post"}],"author":[{"embeddable":true,"href":"https:\/\/www.eldigitaldeasturias.com\/noticias\/wp-json\/wp\/v2\/users\/1"}],"replies":[{"embeddable":true,"href":"https:\/\/www.eldigitaldeasturias.com\/noticias\/wp-json\/wp\/v2\/comments?post=480745"}],"version-history":[{"count":0,"href":"https:\/\/www.eldigitaldeasturias.com\/noticias\/wp-json\/wp\/v2\/posts\/480745\/revisions"}],"wp:featuredmedia":[{"embeddable":true,"href":"https:\/\/www.eldigitaldeasturias.com\/noticias\/wp-json\/wp\/v2\/media\/1132184"}],"wp:attachment":[{"href":"https:\/\/www.eldigitaldeasturias.com\/noticias\/wp-json\/wp\/v2\/media?parent=480745"}],"wp:term":[{"taxonomy":"category","embeddable":true,"href":"https:\/\/www.eldigitaldeasturias.com\/noticias\/wp-json\/wp\/v2\/categories?post=480745"},{"taxonomy":"post_tag","embeddable":true,"href":"https:\/\/www.eldigitaldeasturias.com\/noticias\/wp-json\/wp\/v2\/tags?post=480745"}],"curies":[{"name":"wp","href":"https:\/\/api.w.org\/{rel}","templated":true}]}}