{"id":480742,"date":"2014-01-30T23:48:34","date_gmt":"2014-01-31T00:48:34","guid":{"rendered":"http:\/\/www.eldigitaldeasturias.com\/noticias\/?p=480742"},"modified":"2014-01-30T23:48:34","modified_gmt":"2014-01-31T00:48:34","slug":"lara-dice-que-con-la-infanta-se-demuestra-que-la-prejusticia-no-es-igual-para-todos","status":"publish","type":"post","link":"https:\/\/www.eldigitaldeasturias.com\/noticias\/lara-dice-que-con-la-infanta-se-demuestra-que-la-prejusticia-no-es-igual-para-todos\/","title":{"rendered":"Lara dice que con la infanta se demuestra que la \u00abprejusticia\u00bb no es igual para todos"},"content":{"rendered":"<p><img loading=\"lazy\" decoding=\"async\" class=\"alignleft size-medium wp-image-480743\" alt=\"5891444w\" src=\"https:\/\/www.eldigitaldeasturias.com\/noticias\/wp-content\/uploads\/2014\/01\/5891444w-360x247.jpg\" width=\"360\" height=\"247\" \/>Valencia, 30 ene (EFE).- El coordinador de Izquierda Unida, Cayo Lara, ha considerado hoy que con la decisi\u00f3n de que la infanta Cristina acceda finalmente en coche al juzgado de Palma donde declarar\u00e1 la semana que viene por el caso N\u00f3os \u00abse demuestra una vez m\u00e1s que en este caso la prejusticia no es igual para todos\u00bb.<\/p>\n<p>Lara ha se\u00f1alado a los periodistas tras participar en unas jornadas sobre la sanidad p\u00fablica que llama \u00abpoderosamente la atenci\u00f3n\u00bb que sea ahora cuando se toma \u00abla decisi\u00f3n de que una persona va a ir en coche y no va a pasar por el famoso pase\u00edllo\u00bb.<\/p>\n<p>\u00abPersonalmente, a m\u00ed no me gusta el pase\u00edllo, pero no me gusta para ning\u00fan ciudadano, no me gusta para nadie\u00bb, ha indicado Lara, quien considera que la gente que comete un delito \u00abtiene que sentarse ante el juez\u00bb y se le tiene que aplicar la ley y pagar por las consecuencias de sus actos.<\/p>\n<p>\u00abPero de ah\u00ed al morbo que puede provocar una situaci\u00f3n posterior, o complementaria o paralela a esa situaci\u00f3n me parece que es excesiva, pero no con la infanta\u00bb, sino \u00abcon el conjunto de ciudadanos\u00bb, ha a\u00f1adido Lara, quien ha calificado de \u00abmala decisi\u00f3n\u00bb que se decida ahora que la infanta no haga ese \u00abpase\u00edllo\u00bb.<\/p>\n<p>El dirigente de IU ha considerado que lo que ser\u00eda \u00abcorrecto a lo largo del tiempo es que los pase\u00edllos se acabaran, pero para todos los ciudadanos, porque las penas no se pagan en los pase\u00edllos, se tienen que pagar en la c\u00e1rcel\u00bb o con las penas que impongan los jueces.<\/p>\n<p>Por otra parte, de la investigaci\u00f3n de la fiscal\u00eda sobre si Liberbank contrat\u00f3 \u00aben diferido\u00bb para unos servicios inexistentes a Ignacio L\u00f3pez del Hierro, marido de la secretaria general del PP, Mar\u00eda Dolores de Cospedal, Lara ha opinado que a la dirigente popular \u00abya no le queda nada que le pueda salir, a ella y a sus entornos\u00bb.<\/p>\n<p>Desde \u00abla famosa contrataci\u00f3n en diferido\u00bb de Luis B\u00e1rcenas y la explicaci\u00f3n que dio sobre ella, \u00abtodo lo que le est\u00e1 pasando en su entorno es que est\u00e1 lloviendo sobre mojado\u00bb, ha dicho Lara, quien ha destacado que Cospedal es responsable pol\u00edtica \u00abdirecta\u00bb de \u00abtemas muy graves\u00bb, como las relacionadas con el \u00abcaso de B\u00e1rcenas-PP\u00bb.<\/p>\n<p>\u00abPor tanto, esta es una m\u00e1s\u00bb, que puede estar \u00ab\u00edntimamente relacionada\u00bb con lo que se conoce como \u00abpuerta giratoria\u00bb, ha se\u00f1alado.<\/p>\n<p>Lara ha reivindicado adem\u00e1s la reversi\u00f3n de los conciertos sanitarios en la Comunidad Valenciana, con el fin de \u00abvolver a lo p\u00fablico lo que fue p\u00fablico\u00bb, y ha opinado que la paralizaci\u00f3n de la privatizaci\u00f3n de la sanidad madrile\u00f1a \u00ababre la esperanza\u00bb a mucha gente y evidencia que la \u00fanica batalla que se pierde es la que se abandona.<\/p>\n","protected":false},"excerpt":{"rendered":"<p>Valencia, 30 ene (EFE).- El coordinador de Izquierda Unida, Cayo Lara, ha considerado hoy que con la decisi\u00f3n de que la infanta Cristina acceda finalmente en coche al juzgado de Palma donde declarar\u00e1 la semana que viene por el caso N\u00f3os \u00abse demuestra una vez m\u00e1s que en este caso la prejusticia no es igual [&hellip;]<\/p>\n","protected":false},"author":1,"featured_media":1132184,"comment_status":"closed","ping_status":"open","sticky":false,"template":"","format":"standard","meta":{"footnotes":""},"categories":[1],"tags":[],"class_list":["post-480742","post","type-post","status-publish","format-standard","has-post-thumbnail","hentry","category-actualidad"],"aioseo_notices":[],"aioseo_head":"\n\t\t<!-- All in One SEO Pro 5.0.1 - aioseo.com -->\n\t<meta name=\"description\" content=\"Valencia, 30 ene (EFE).- El coordinador de Izquierda Unida, Cayo Lara, ha considerado hoy que con la decisi\u00f3n de que la infanta Cristina acceda finalmente en coche al juzgado de Palma donde declarar\u00e1 la semana que viene por el caso N\u00f3os &quot;se demuestra una vez m\u00e1s que en este caso la prejusticia no es igual\" \/>\n\t<meta name=\"robots\" content=\"max-image-preview:large\" \/>\n\t<meta name=\"author\" content=\"El Digital de Asturias\"\/>\n\t<meta name=\"google-site-verification\" content=\"UA-38556648-1\" \/>\n\t<meta name=\"msvalidate.01\" content=\"7dfe9f3f1b24437ab69f4f2559babe99\" \/>\n\t<meta name=\"keywords\" content=\"actualidad\" \/>\n\t<link rel=\"canonical\" href=\"https:\/\/www.eldigitaldeasturias.com\/noticias\/lara-dice-que-con-la-infanta-se-demuestra-que-la-prejusticia-no-es-igual-para-todos\/\" \/>\n\t<meta name=\"generator\" content=\"All in One SEO Pro (AIOSEO) 5.0.1\" \/>\n\t\t<meta property=\"og:locale\" content=\"es_ES\" \/>\n\t\t<meta property=\"og:site_name\" content=\"El Digital de Asturias\" \/>\n\t\t<meta property=\"og:type\" content=\"article\" \/>\n\t\t<meta property=\"og:title\" content=\"Lara dice que con la infanta se demuestra que la \u00abprejusticia\u00bb no es igual para todos - El Digital de Asturias\" \/>\n\t\t<meta property=\"og:description\" content=\"Valencia, 30 ene (EFE).- El coordinador de Izquierda Unida, Cayo Lara, ha considerado hoy que con la decisi\u00f3n de que la infanta Cristina acceda finalmente en coche al juzgado de Palma donde declarar\u00e1 la semana que viene por el caso N\u00f3os &quot;se demuestra una vez m\u00e1s que en este caso la prejusticia no es igual\" \/>\n\t\t<meta property=\"og:url\" content=\"https:\/\/www.eldigitaldeasturias.com\/noticias\/lara-dice-que-con-la-infanta-se-demuestra-que-la-prejusticia-no-es-igual-para-todos\/\" \/>\n\t\t<meta property=\"og:image\" content=\"https:\/\/www.eldigitaldeasturias.com\/noticias\/wp-content\/uploads\/2026\/06\/Contenidos.jpg\" \/>\n\t\t<meta property=\"og:image:secure_url\" content=\"https:\/\/www.eldigitaldeasturias.com\/noticias\/wp-content\/uploads\/2026\/06\/Contenidos.jpg\" \/>\n\t\t<meta property=\"og:image:width\" content=\"1265\" \/>\n\t\t<meta property=\"og:image:height\" content=\"697\" \/>\n\t\t<meta property=\"article:tag\" content=\"actualidad\" \/>\n\t\t<meta property=\"article:published_time\" content=\"2014-01-31T00:48:34+00:00\" \/>\n\t\t<meta property=\"article:modified_time\" content=\"2014-01-31T00:48:34+00:00\" \/>\n\t\t<meta property=\"article:publisher\" content=\"https:\/\/facebook.com\/eldigitaldeasturias\" \/>\n\t\t<meta name=\"twitter:card\" content=\"summary_large_image\" \/>\n\t\t<meta name=\"twitter:title\" content=\"Lara dice que con la infanta se demuestra que la \u00abprejusticia\u00bb no es igual para todos - El Digital de Asturias\" \/>\n\t\t<meta name=\"twitter:description\" content=\"Valencia, 30 ene (EFE).- El coordinador de Izquierda Unida, Cayo Lara, ha considerado hoy que con la decisi\u00f3n de que la infanta Cristina acceda finalmente en coche al juzgado de Palma donde declarar\u00e1 la semana que viene por el caso N\u00f3os &quot;se demuestra una vez m\u00e1s que en este caso la prejusticia no es igual\" \/>\n\t\t<meta name=\"twitter:image\" content=\"https:\/\/www.eldigitaldeasturias.com\/noticias\/wp-content\/uploads\/2026\/06\/Contenidos.jpg\" \/>\n\t\t<meta name=\"twitter:label1\" content=\"Escrito por\" \/>\n\t\t<meta name=\"twitter:data1\" content=\"El Digital de Asturias\" \/>\n\t\t<meta name=\"twitter:label2\" content=\"Tiempo de lectura estimado\" \/>\n\t\t<meta name=\"twitter:data2\" content=\"2 minutos\" \/>\n\t\t<script type=\"application\/ld+json\" class=\"aioseo-schema\">\n\t\t\t{\"@context\":\"https:\\\/\\\/schema.org\",\"@graph\":[{\"@type\":\"BlogPosting\",\"@id\":\"https:\\\/\\\/www.eldigitaldeasturias.com\\\/noticias\\\/lara-dice-que-con-la-infanta-se-demuestra-que-la-prejusticia-no-es-igual-para-todos\\\/#blogposting\",\"name\":\"Lara dice que con la infanta se demuestra que la \\u00abprejusticia\\u00bb no es igual para todos - El Digital de Asturias\",\"headline\":\"Lara dice que con la infanta se demuestra que la \\u00abprejusticia\\u00bb no es igual para todos\",\"author\":{\"@id\":\"https:\\\/\\\/www.eldigitaldeasturias.com\\\/noticias\\\/author\\\/admin\\\/#author\"},\"publisher\":{\"@id\":\"https:\\\/\\\/www.eldigitaldeasturias.com\\\/noticias\\\/#organization\"},\"image\":{\"@type\":\"ImageObject\",\"url\":\"https:\\\/\\\/www.eldigitaldeasturias.com\\\/noticias\\\/wp-content\\\/uploads\\\/2026\\\/06\\\/Contenidos.jpg\",\"width\":1265,\"height\":697,\"caption\":\"Contenidos\"},\"datePublished\":\"2014-01-30T23:48:34+01:00\",\"dateModified\":\"2014-01-30T23:48:34+01:00\",\"inLanguage\":\"es-ES\",\"mainEntityOfPage\":{\"@id\":\"https:\\\/\\\/www.eldigitaldeasturias.com\\\/noticias\\\/lara-dice-que-con-la-infanta-se-demuestra-que-la-prejusticia-no-es-igual-para-todos\\\/#webpage\"},\"isPartOf\":{\"@id\":\"https:\\\/\\\/www.eldigitaldeasturias.com\\\/noticias\\\/lara-dice-que-con-la-infanta-se-demuestra-que-la-prejusticia-no-es-igual-para-todos\\\/#webpage\"},\"articleSection\":\"Actualidad\"},{\"@type\":\"BreadcrumbList\",\"@id\":\"https:\\\/\\\/www.eldigitaldeasturias.com\\\/noticias\\\/lara-dice-que-con-la-infanta-se-demuestra-que-la-prejusticia-no-es-igual-para-todos\\\/#breadcrumblist\",\"itemListElement\":[{\"@type\":\"ListItem\",\"@id\":\"https:\\\/\\\/www.eldigitaldeasturias.com\\\/noticias#listItem\",\"position\":1,\"name\":\"Home\",\"item\":\"https:\\\/\\\/www.eldigitaldeasturias.com\\\/noticias\",\"nextItem\":{\"@type\":\"ListItem\",\"@id\":\"https:\\\/\\\/www.eldigitaldeasturias.com\\\/noticias\\\/category\\\/actualidad\\\/#listItem\",\"name\":\"Actualidad\"}},{\"@type\":\"ListItem\",\"@id\":\"https:\\\/\\\/www.eldigitaldeasturias.com\\\/noticias\\\/category\\\/actualidad\\\/#listItem\",\"position\":2,\"name\":\"Actualidad\",\"item\":\"https:\\\/\\\/www.eldigitaldeasturias.com\\\/noticias\\\/category\\\/actualidad\\\/\",\"nextItem\":{\"@type\":\"ListItem\",\"@id\":\"https:\\\/\\\/www.eldigitaldeasturias.com\\\/noticias\\\/lara-dice-que-con-la-infanta-se-demuestra-que-la-prejusticia-no-es-igual-para-todos\\\/#listItem\",\"name\":\"Lara dice que con la infanta se demuestra que la \\u00abprejusticia\\u00bb no es igual para todos\"},\"previousItem\":{\"@type\":\"ListItem\",\"@id\":\"https:\\\/\\\/www.eldigitaldeasturias.com\\\/noticias#listItem\",\"name\":\"Home\"}},{\"@type\":\"ListItem\",\"@id\":\"https:\\\/\\\/www.eldigitaldeasturias.com\\\/noticias\\\/lara-dice-que-con-la-infanta-se-demuestra-que-la-prejusticia-no-es-igual-para-todos\\\/#listItem\",\"position\":3,\"name\":\"Lara dice que con la infanta se demuestra que la \\u00abprejusticia\\u00bb no es igual para todos\",\"previousItem\":{\"@type\":\"ListItem\",\"@id\":\"https:\\\/\\\/www.eldigitaldeasturias.com\\\/noticias\\\/category\\\/actualidad\\\/#listItem\",\"name\":\"Actualidad\"}}]},{\"@type\":\"Organization\",\"@id\":\"https:\\\/\\\/www.eldigitaldeasturias.com\\\/noticias\\\/#organization\",\"name\":\"El Digital de Asturias\",\"description\":\"Hemeroteca\",\"url\":\"https:\\\/\\\/www.eldigitaldeasturias.com\\\/noticias\\\/\",\"email\":\"info@eldigitaldeasturias.com\",\"telephone\":\"+34652131393\",\"logo\":{\"@type\":\"ImageObject\",\"url\":\"https:\\\/\\\/www.eldigitaldeasturias.com\\\/noticias\\\/wp-content\\\/uploads\\\/2020\\\/12\\\/EDA.jpg\",\"@id\":\"https:\\\/\\\/www.eldigitaldeasturias.com\\\/noticias\\\/lara-dice-que-con-la-infanta-se-demuestra-que-la-prejusticia-no-es-igual-para-todos\\\/#organizationLogo\"},\"image\":{\"@id\":\"https:\\\/\\\/www.eldigitaldeasturias.com\\\/noticias\\\/lara-dice-que-con-la-infanta-se-demuestra-que-la-prejusticia-no-es-igual-para-todos\\\/#organizationLogo\"},\"sameAs\":[\"https:\\\/\\\/facebook.com\\\/eldigitaldeasturias\",\"https:\\\/\\\/www.youtube.com\\\/channel\\\/UCZP-2wLEB9Rv6erhFmqVnvg\"],\"address\":{\"@id\":\"https:\\\/\\\/www.eldigitaldeasturias.com\\\/noticias\\\/#postaladdress\",\"@type\":\"PostalAddress\",\"streetAddress\":\"san antonio 4\",\"postalCode\":\"33430\",\"addressLocality\":\"Cand\\u00e1s\",\"addressRegion\":\"Asturias\",\"addressCountry\":\"ES\"}},{\"@type\":\"Person\",\"@id\":\"https:\\\/\\\/www.eldigitaldeasturias.com\\\/noticias\\\/author\\\/admin\\\/#author\",\"url\":\"https:\\\/\\\/www.eldigitaldeasturias.com\\\/noticias\\\/author\\\/admin\\\/\",\"name\":\"El Digital de Asturias\",\"image\":{\"@type\":\"ImageObject\",\"@id\":\"https:\\\/\\\/www.eldigitaldeasturias.com\\\/noticias\\\/lara-dice-que-con-la-infanta-se-demuestra-que-la-prejusticia-no-es-igual-para-todos\\\/#authorImage\",\"url\":\"https:\\\/\\\/secure.gravatar.com\\\/avatar\\\/df2aeffc32bcd13f8d26072ef8a91b623d677766deac7f97ca815868cd41bf5e?s=96&d=mm&r=g\",\"width\":96,\"height\":96,\"caption\":\"El Digital de Asturias\"}},{\"@type\":\"WebPage\",\"@id\":\"https:\\\/\\\/www.eldigitaldeasturias.com\\\/noticias\\\/lara-dice-que-con-la-infanta-se-demuestra-que-la-prejusticia-no-es-igual-para-todos\\\/#webpage\",\"url\":\"https:\\\/\\\/www.eldigitaldeasturias.com\\\/noticias\\\/lara-dice-que-con-la-infanta-se-demuestra-que-la-prejusticia-no-es-igual-para-todos\\\/\",\"name\":\"Lara dice que con la infanta se demuestra que la \\u00abprejusticia\\u00bb no es igual para todos - El Digital de Asturias\",\"description\":\"Valencia, 30 ene (EFE).- El coordinador de Izquierda Unida, Cayo Lara, ha considerado hoy que con la decisi\\u00f3n de que la infanta Cristina acceda finalmente en coche al juzgado de Palma donde declarar\\u00e1 la semana que viene por el caso N\\u00f3os \\\"se demuestra una vez m\\u00e1s que en este caso la prejusticia no es igual\",\"inLanguage\":\"es-ES\",\"isPartOf\":{\"@id\":\"https:\\\/\\\/www.eldigitaldeasturias.com\\\/noticias\\\/#website\"},\"breadcrumb\":{\"@id\":\"https:\\\/\\\/www.eldigitaldeasturias.com\\\/noticias\\\/lara-dice-que-con-la-infanta-se-demuestra-que-la-prejusticia-no-es-igual-para-todos\\\/#breadcrumblist\"},\"author\":{\"@id\":\"https:\\\/\\\/www.eldigitaldeasturias.com\\\/noticias\\\/author\\\/admin\\\/#author\"},\"creator\":{\"@id\":\"https:\\\/\\\/www.eldigitaldeasturias.com\\\/noticias\\\/author\\\/admin\\\/#author\"},\"image\":{\"@type\":\"ImageObject\",\"url\":\"https:\\\/\\\/www.eldigitaldeasturias.com\\\/noticias\\\/wp-content\\\/uploads\\\/2026\\\/06\\\/Contenidos.jpg\",\"@id\":\"https:\\\/\\\/www.eldigitaldeasturias.com\\\/noticias\\\/lara-dice-que-con-la-infanta-se-demuestra-que-la-prejusticia-no-es-igual-para-todos\\\/#mainImage\",\"width\":1265,\"height\":697,\"caption\":\"Contenidos\"},\"primaryImageOfPage\":{\"@id\":\"https:\\\/\\\/www.eldigitaldeasturias.com\\\/noticias\\\/lara-dice-que-con-la-infanta-se-demuestra-que-la-prejusticia-no-es-igual-para-todos\\\/#mainImage\"},\"datePublished\":\"2014-01-30T23:48:34+01:00\",\"dateModified\":\"2014-01-30T23:48:34+01:00\"},{\"@type\":\"WebSite\",\"@id\":\"https:\\\/\\\/www.eldigitaldeasturias.com\\\/noticias\\\/#website\",\"url\":\"https:\\\/\\\/www.eldigitaldeasturias.com\\\/noticias\\\/\",\"name\":\"El Digital de Asturias - Diario de actualidad y noticias\",\"alternateName\":\"El Digital de Asturias - Diario de actualidad y noticias\",\"description\":\"Hemeroteca\",\"inLanguage\":\"es-ES\",\"publisher\":{\"@id\":\"https:\\\/\\\/www.eldigitaldeasturias.com\\\/noticias\\\/#organization\"}}]}\n\t\t<\/script>\n\t\t<!-- All in One SEO Pro -->\r\n\t\t<title>Lara dice que con la infanta se demuestra que la \u00abprejusticia\u00bb no es igual para todos - El Digital de Asturias<\/title>\n\n","aioseo_head_json":{"title":"Lara dice que con la infanta se demuestra que la \u00abprejusticia\u00bb no es igual para todos - El Digital de Asturias","description":"Valencia, 30 ene (EFE).- El coordinador de Izquierda Unida, Cayo Lara, ha considerado hoy que con la decisi\u00f3n de que la infanta Cristina acceda finalmente en coche al juzgado de Palma donde declarar\u00e1 la semana que viene por el caso N\u00f3os \"se demuestra una vez m\u00e1s que en este caso la prejusticia no es igual","canonical_url":"https:\/\/www.eldigitaldeasturias.com\/noticias\/lara-dice-que-con-la-infanta-se-demuestra-que-la-prejusticia-no-es-igual-para-todos\/","robots":"max-image-preview:large","keywords":"actualidad","webmasterTools":{"google-site-verification":"UA-38556648-1","msvalidate.01":"7dfe9f3f1b24437ab69f4f2559babe99","miscellaneous":""},"schema":{"@context":"https:\/\/schema.org","@graph":[{"@type":"BlogPosting","@id":"https:\/\/www.eldigitaldeasturias.com\/noticias\/lara-dice-que-con-la-infanta-se-demuestra-que-la-prejusticia-no-es-igual-para-todos\/#blogposting","name":"Lara dice que con la infanta se demuestra que la \u00abprejusticia\u00bb no es igual para todos - El Digital de Asturias","headline":"Lara dice que con la infanta se demuestra que la \u00abprejusticia\u00bb no es igual para todos","author":{"@id":"https:\/\/www.eldigitaldeasturias.com\/noticias\/author\/admin\/#author"},"publisher":{"@id":"https:\/\/www.eldigitaldeasturias.com\/noticias\/#organization"},"image":{"@type":"ImageObject","url":"https:\/\/www.eldigitaldeasturias.com\/noticias\/wp-content\/uploads\/2026\/06\/Contenidos.jpg","width":1265,"height":697,"caption":"Contenidos"},"datePublished":"2014-01-30T23:48:34+01:00","dateModified":"2014-01-30T23:48:34+01:00","inLanguage":"es-ES","mainEntityOfPage":{"@id":"https:\/\/www.eldigitaldeasturias.com\/noticias\/lara-dice-que-con-la-infanta-se-demuestra-que-la-prejusticia-no-es-igual-para-todos\/#webpage"},"isPartOf":{"@id":"https:\/\/www.eldigitaldeasturias.com\/noticias\/lara-dice-que-con-la-infanta-se-demuestra-que-la-prejusticia-no-es-igual-para-todos\/#webpage"},"articleSection":"Actualidad"},{"@type":"BreadcrumbList","@id":"https:\/\/www.eldigitaldeasturias.com\/noticias\/lara-dice-que-con-la-infanta-se-demuestra-que-la-prejusticia-no-es-igual-para-todos\/#breadcrumblist","itemListElement":[{"@type":"ListItem","@id":"https:\/\/www.eldigitaldeasturias.com\/noticias#listItem","position":1,"name":"Home","item":"https:\/\/www.eldigitaldeasturias.com\/noticias","nextItem":{"@type":"ListItem","@id":"https:\/\/www.eldigitaldeasturias.com\/noticias\/category\/actualidad\/#listItem","name":"Actualidad"}},{"@type":"ListItem","@id":"https:\/\/www.eldigitaldeasturias.com\/noticias\/category\/actualidad\/#listItem","position":2,"name":"Actualidad","item":"https:\/\/www.eldigitaldeasturias.com\/noticias\/category\/actualidad\/","nextItem":{"@type":"ListItem","@id":"https:\/\/www.eldigitaldeasturias.com\/noticias\/lara-dice-que-con-la-infanta-se-demuestra-que-la-prejusticia-no-es-igual-para-todos\/#listItem","name":"Lara dice que con la infanta se demuestra que la \u00abprejusticia\u00bb no es igual para todos"},"previousItem":{"@type":"ListItem","@id":"https:\/\/www.eldigitaldeasturias.com\/noticias#listItem","name":"Home"}},{"@type":"ListItem","@id":"https:\/\/www.eldigitaldeasturias.com\/noticias\/lara-dice-que-con-la-infanta-se-demuestra-que-la-prejusticia-no-es-igual-para-todos\/#listItem","position":3,"name":"Lara dice que con la infanta se demuestra que la \u00abprejusticia\u00bb no es igual para todos","previousItem":{"@type":"ListItem","@id":"https:\/\/www.eldigitaldeasturias.com\/noticias\/category\/actualidad\/#listItem","name":"Actualidad"}}]},{"@type":"Organization","@id":"https:\/\/www.eldigitaldeasturias.com\/noticias\/#organization","name":"El Digital de Asturias","description":"Hemeroteca","url":"https:\/\/www.eldigitaldeasturias.com\/noticias\/","email":"info@eldigitaldeasturias.com","telephone":"+34652131393","logo":{"@type":"ImageObject","url":"https:\/\/www.eldigitaldeasturias.com\/noticias\/wp-content\/uploads\/2020\/12\/EDA.jpg","@id":"https:\/\/www.eldigitaldeasturias.com\/noticias\/lara-dice-que-con-la-infanta-se-demuestra-que-la-prejusticia-no-es-igual-para-todos\/#organizationLogo"},"image":{"@id":"https:\/\/www.eldigitaldeasturias.com\/noticias\/lara-dice-que-con-la-infanta-se-demuestra-que-la-prejusticia-no-es-igual-para-todos\/#organizationLogo"},"sameAs":["https:\/\/facebook.com\/eldigitaldeasturias","https:\/\/www.youtube.com\/channel\/UCZP-2wLEB9Rv6erhFmqVnvg"],"address":{"@id":"https:\/\/www.eldigitaldeasturias.com\/noticias\/#postaladdress","@type":"PostalAddress","streetAddress":"san antonio 4","postalCode":"33430","addressLocality":"Cand\u00e1s","addressRegion":"Asturias","addressCountry":"ES"}},{"@type":"Person","@id":"https:\/\/www.eldigitaldeasturias.com\/noticias\/author\/admin\/#author","url":"https:\/\/www.eldigitaldeasturias.com\/noticias\/author\/admin\/","name":"El Digital de Asturias","image":{"@type":"ImageObject","@id":"https:\/\/www.eldigitaldeasturias.com\/noticias\/lara-dice-que-con-la-infanta-se-demuestra-que-la-prejusticia-no-es-igual-para-todos\/#authorImage","url":"https:\/\/secure.gravatar.com\/avatar\/df2aeffc32bcd13f8d26072ef8a91b623d677766deac7f97ca815868cd41bf5e?s=96&d=mm&r=g","width":96,"height":96,"caption":"El Digital de Asturias"}},{"@type":"WebPage","@id":"https:\/\/www.eldigitaldeasturias.com\/noticias\/lara-dice-que-con-la-infanta-se-demuestra-que-la-prejusticia-no-es-igual-para-todos\/#webpage","url":"https:\/\/www.eldigitaldeasturias.com\/noticias\/lara-dice-que-con-la-infanta-se-demuestra-que-la-prejusticia-no-es-igual-para-todos\/","name":"Lara dice que con la infanta se demuestra que la \u00abprejusticia\u00bb no es igual para todos - El Digital de Asturias","description":"Valencia, 30 ene (EFE).- El coordinador de Izquierda Unida, Cayo Lara, ha considerado hoy que con la decisi\u00f3n de que la infanta Cristina acceda finalmente en coche al juzgado de Palma donde declarar\u00e1 la semana que viene por el caso N\u00f3os \"se demuestra una vez m\u00e1s que en este caso la prejusticia no es igual","inLanguage":"es-ES","isPartOf":{"@id":"https:\/\/www.eldigitaldeasturias.com\/noticias\/#website"},"breadcrumb":{"@id":"https:\/\/www.eldigitaldeasturias.com\/noticias\/lara-dice-que-con-la-infanta-se-demuestra-que-la-prejusticia-no-es-igual-para-todos\/#breadcrumblist"},"author":{"@id":"https:\/\/www.eldigitaldeasturias.com\/noticias\/author\/admin\/#author"},"creator":{"@id":"https:\/\/www.eldigitaldeasturias.com\/noticias\/author\/admin\/#author"},"image":{"@type":"ImageObject","url":"https:\/\/www.eldigitaldeasturias.com\/noticias\/wp-content\/uploads\/2026\/06\/Contenidos.jpg","@id":"https:\/\/www.eldigitaldeasturias.com\/noticias\/lara-dice-que-con-la-infanta-se-demuestra-que-la-prejusticia-no-es-igual-para-todos\/#mainImage","width":1265,"height":697,"caption":"Contenidos"},"primaryImageOfPage":{"@id":"https:\/\/www.eldigitaldeasturias.com\/noticias\/lara-dice-que-con-la-infanta-se-demuestra-que-la-prejusticia-no-es-igual-para-todos\/#mainImage"},"datePublished":"2014-01-30T23:48:34+01:00","dateModified":"2014-01-30T23:48:34+01:00"},{"@type":"WebSite","@id":"https:\/\/www.eldigitaldeasturias.com\/noticias\/#website","url":"https:\/\/www.eldigitaldeasturias.com\/noticias\/","name":"El Digital de Asturias - Diario de actualidad y noticias","alternateName":"El Digital de Asturias - Diario de actualidad y noticias","description":"Hemeroteca","inLanguage":"es-ES","publisher":{"@id":"https:\/\/www.eldigitaldeasturias.com\/noticias\/#organization"}}]},"og:locale":"es_ES","og:site_name":"El Digital de Asturias","og:type":"article","og:title":"Lara dice que con la infanta se demuestra que la \u00abprejusticia\u00bb no es igual para todos - El Digital de Asturias","og:description":"Valencia, 30 ene (EFE).- El coordinador de Izquierda Unida, Cayo Lara, ha considerado hoy que con la decisi\u00f3n de que la infanta Cristina acceda finalmente en coche al juzgado de Palma donde declarar\u00e1 la semana que viene por el caso N\u00f3os &quot;se demuestra una vez m\u00e1s que en este caso la prejusticia no es igual","og:url":"https:\/\/www.eldigitaldeasturias.com\/noticias\/lara-dice-que-con-la-infanta-se-demuestra-que-la-prejusticia-no-es-igual-para-todos\/","og:image":"https:\/\/www.eldigitaldeasturias.com\/noticias\/wp-content\/uploads\/2026\/06\/Contenidos.jpg","og:image:secure_url":"https:\/\/www.eldigitaldeasturias.com\/noticias\/wp-content\/uploads\/2026\/06\/Contenidos.jpg","og:image:width":1265,"og:image:height":697,"article:tag":["actualidad"],"article:published_time":"2014-01-31T00:48:34+00:00","article:modified_time":"2014-01-31T00:48:34+00:00","article:publisher":"https:\/\/facebook.com\/eldigitaldeasturias","twitter:card":"summary_large_image","twitter:title":"Lara dice que con la infanta se demuestra que la \u00abprejusticia\u00bb no es igual para todos - El Digital de Asturias","twitter:description":"Valencia, 30 ene (EFE).- El coordinador de Izquierda Unida, Cayo Lara, ha considerado hoy que con la decisi\u00f3n de que la infanta Cristina acceda finalmente en coche al juzgado de Palma donde declarar\u00e1 la semana que viene por el caso N\u00f3os &quot;se demuestra una vez m\u00e1s que en este caso la prejusticia no es igual","twitter:image":"https:\/\/www.eldigitaldeasturias.com\/noticias\/wp-content\/uploads\/2026\/06\/Contenidos.jpg","twitter:label1":"Escrito por","twitter:data1":"El Digital de Asturias","twitter:label2":"Tiempo de lectura estimado","twitter:data2":"2 minutos"},"aioseo_meta_data":{"post_id":"480742","title":null,"description":null,"keywords":null,"keyphrases":null,"primary_term":null,"canonical_url":null,"og_title":null,"og_description":null,"og_object_type":"default","og_image_type":"default","og_image_url":null,"og_image_width":null,"og_image_height":null,"og_image_custom_url":null,"og_image_custom_fields":null,"og_video":null,"og_custom_url":null,"og_article_section":null,"og_article_tags":null,"twitter_use_og":true,"twitter_card":"default","twitter_image_type":"default","twitter_image_url":null,"twitter_image_custom_url":null,"twitter_image_custom_fields":null,"twitter_title":null,"twitter_description":null,"schema":{"blockGraphs":[],"customGraphs":[],"default":{"data":{"Article":[],"Course":[],"Dataset":[],"FAQPage":[],"Movie":[],"Person":[],"Product":[],"ProductReview":[],"Car":[],"Recipe":[],"Service":[],"SoftwareApplication":[],"WebPage":[]},"graphName":"","isEnabled":true},"graphs":[],"defaultGraph":"","defaultPostTypeGraph":""},"schema_type":null,"schema_type_options":null,"pillar_content":false,"robots_default":true,"robots_noindex":false,"robots_noarchive":false,"robots_nosnippet":false,"robots_nofollow":false,"robots_noimageindex":false,"robots_noodp":false,"robots_notranslate":false,"robots_max_snippet":null,"robots_max_videopreview":null,"robots_max_imagepreview":"none","priority":null,"frequency":null,"local_seo":null,"seo_analyzer_scan_date":"2026-06-02 04:43:43","breadcrumb_settings":null,"limit_modified_date":false,"open_ai":null,"ai":null,"created":"2020-11-14 22:54:14","updated":"2026-06-02 04:43:43","focus_keyword":null,"additional_keywords":null,"truseo_locale":null},"aioseo_breadcrumb":"<div class=\"aioseo-breadcrumbs\"><span class=\"aioseo-breadcrumb\">\n\t<a href=\"https:\/\/www.eldigitaldeasturias.com\/noticias\" title=\"Home\">Home<\/a>\n<\/span><span class=\"aioseo-breadcrumb-separator\">\u2013<\/span><span class=\"aioseo-breadcrumb\">\n\t<a href=\"https:\/\/www.eldigitaldeasturias.com\/noticias\/category\/actualidad\/\" title=\"Actualidad\">Actualidad<\/a>\n<\/span><span class=\"aioseo-breadcrumb-separator\">\u2013<\/span><span class=\"aioseo-breadcrumb\">\n\t<a href=\"https:\/\/www.eldigitaldeasturias.com\/noticias\/lara-dice-que-con-la-infanta-se-demuestra-que-la-prejusticia-no-es-igual-para-todos\/\" title=\"Lara dice que con la infanta se demuestra que la \u00abprejusticia\u00bb no es igual para todos\">Lara dice que con la infanta se demuestra que la \u00abprejusticia\u00bb no es igual para todos<\/a>\n<\/span><\/div>","aioseo_breadcrumb_json":[{"label":"Home","link":"https:\/\/www.eldigitaldeasturias.com\/noticias"},{"label":"Actualidad","link":"https:\/\/www.eldigitaldeasturias.com\/noticias\/category\/actualidad\/"},{"label":"Lara dice que con la infanta se demuestra que la \u00abprejusticia\u00bb no es igual para todos","link":"https:\/\/www.eldigitaldeasturias.com\/noticias\/lara-dice-que-con-la-infanta-se-demuestra-que-la-prejusticia-no-es-igual-para-todos\/"}],"_links":{"self":[{"href":"https:\/\/www.eldigitaldeasturias.com\/noticias\/wp-json\/wp\/v2\/posts\/480742","targetHints":{"allow":["GET"]}}],"collection":[{"href":"https:\/\/www.eldigitaldeasturias.com\/noticias\/wp-json\/wp\/v2\/posts"}],"about":[{"href":"https:\/\/www.eldigitaldeasturias.com\/noticias\/wp-json\/wp\/v2\/types\/post"}],"author":[{"embeddable":true,"href":"https:\/\/www.eldigitaldeasturias.com\/noticias\/wp-json\/wp\/v2\/users\/1"}],"replies":[{"embeddable":true,"href":"https:\/\/www.eldigitaldeasturias.com\/noticias\/wp-json\/wp\/v2\/comments?post=480742"}],"version-history":[{"count":0,"href":"https:\/\/www.eldigitaldeasturias.com\/noticias\/wp-json\/wp\/v2\/posts\/480742\/revisions"}],"wp:featuredmedia":[{"embeddable":true,"href":"https:\/\/www.eldigitaldeasturias.com\/noticias\/wp-json\/wp\/v2\/media\/1132184"}],"wp:attachment":[{"href":"https:\/\/www.eldigitaldeasturias.com\/noticias\/wp-json\/wp\/v2\/media?parent=480742"}],"wp:term":[{"taxonomy":"category","embeddable":true,"href":"https:\/\/www.eldigitaldeasturias.com\/noticias\/wp-json\/wp\/v2\/categories?post=480742"},{"taxonomy":"post_tag","embeddable":true,"href":"https:\/\/www.eldigitaldeasturias.com\/noticias\/wp-json\/wp\/v2\/tags?post=480742"}],"curies":[{"name":"wp","href":"https:\/\/api.w.org\/{rel}","templated":true}]}}