{"id":480739,"date":"2014-01-30T23:47:29","date_gmt":"2014-01-31T00:47:29","guid":{"rendered":"http:\/\/www.eldigitaldeasturias.com\/noticias\/?p=480739"},"modified":"2014-01-30T23:47:29","modified_gmt":"2014-01-31T00:47:29","slug":"el-gobierno-vasco-cree-que-trabajo-de-fernandez-diaz-no-es-constructivo-para-el-fin-de-eta","status":"publish","type":"post","link":"https:\/\/www.eldigitaldeasturias.com\/noticias\/el-gobierno-vasco-cree-que-trabajo-de-fernandez-diaz-no-es-constructivo-para-el-fin-de-eta\/","title":{"rendered":"El Gobierno Vasco cree que trabajo de Fern\u00e1ndez D\u00edaz no es constructivo para el fin de ETA"},"content":{"rendered":"<p><img loading=\"lazy\" decoding=\"async\" class=\"alignleft size-medium wp-image-480740\" alt=\"5891411w\" src=\"https:\/\/www.eldigitaldeasturias.com\/noticias\/wp-content\/uploads\/2014\/01\/5891411w-360x239.jpg\" width=\"360\" height=\"239\" \/>Vitoria, 30 ene (EFE).- El portavoz del Gobierno Vasco, Josu Erkoreka, ha denunciado hoy que el trabajo del ministro del Interior, Jorge Fern\u00e1ndez D\u00edaz, \u00abno est\u00e1 siendo objetivamente constructivo de cara al fin ordenado de ETA y a la construcci\u00f3n de un escenario de paz y convivencia\u00bb.<\/p>\n<p>Erkoreka ha hecho esta reflexi\u00f3n en una en Onda Cero, en la que, ha precisado que, no obstante, no hay que \u00abcebarse con la personalidad del ministro\u00bb, sino que se deben reclamar cambios en la pol\u00edtica antiterrorista al Gobierno central en su conjunto y a su presidente, Mariano Rajoy, en particular.<\/p>\n<p>Precisamente, esta demanda ser\u00e1 una de las que lleve el lehendakari, I\u00f1igo Urkullu, a Rajoy en el encuentro que a petici\u00f3n del mandatario vasco se celebrar\u00e1 de manera discreta antes del 8 de marzo.<\/p>\n<p>Erkoreka no ha querido adelantar fechas para el encuentro y ha recordado que en el mismo, adem\u00e1s de cuestiones relacionadas con la pacificaci\u00f3n, Urkullu quiere hablar de temas como el Cupo, las transferencias pendientes y el Tren de Alta Velocidad, entre otros.<\/p>\n<p>El portavoz tambi\u00e9n ha opinado sobre las cr\u00edticas de la presidenta de Covite, Consuelo Ord\u00f3\u00f1ez, a la pol\u00edtica contra ETA del PP.<\/p>\n<p>De esta pol\u00e9mica, a su juicio, todos los partidos deben extraer la conclusi\u00f3n de que \u00abno es bueno dise\u00f1ar estrategias pol\u00edticas y partidistas que se sirvan de las v\u00edctimas\u00bb, tal y como, a su juicio, ha hecho el PP.<\/p>\n<p>Asimismo, ha reconocido el derecho de los portavoces de las asociaciones de v\u00edctimas del terrorismo a participar en pol\u00edtica y a presentarse a las elecciones, pero ha reclamado que \u00ablo hagan con claridad, contundencia y sin ambages\u00bb.<\/p>\n","protected":false},"excerpt":{"rendered":"<p>Vitoria, 30 ene (EFE).- El portavoz del Gobierno Vasco, Josu Erkoreka, ha denunciado hoy que el trabajo del ministro del Interior, Jorge Fern\u00e1ndez D\u00edaz, \u00abno est\u00e1 siendo objetivamente constructivo de cara al fin ordenado de ETA y a la construcci\u00f3n de un escenario de paz y convivencia\u00bb. Erkoreka ha hecho esta reflexi\u00f3n en una en [&hellip;]<\/p>\n","protected":false},"author":1,"featured_media":1132184,"comment_status":"closed","ping_status":"open","sticky":false,"template":"","format":"standard","meta":{"footnotes":""},"categories":[1],"tags":[],"class_list":["post-480739","post","type-post","status-publish","format-standard","has-post-thumbnail","hentry","category-actualidad"],"aioseo_notices":[],"aioseo_head":"\n\t\t<!-- All in One SEO Pro 5.0.1 - aioseo.com -->\n\t<meta name=\"description\" content=\"Vitoria, 30 ene (EFE).- El portavoz del Gobierno Vasco, Josu Erkoreka, ha denunciado hoy que el trabajo del ministro del Interior, Jorge Fern\u00e1ndez D\u00edaz, &quot;no est\u00e1 siendo objetivamente constructivo de cara al fin ordenado de ETA y a la construcci\u00f3n de un escenario de paz y convivencia&quot;. Erkoreka ha hecho esta reflexi\u00f3n en una en\" \/>\n\t<meta name=\"robots\" content=\"max-image-preview:large\" \/>\n\t<meta name=\"author\" content=\"El Digital de Asturias\"\/>\n\t<meta name=\"google-site-verification\" content=\"UA-38556648-1\" \/>\n\t<meta name=\"msvalidate.01\" content=\"7dfe9f3f1b24437ab69f4f2559babe99\" \/>\n\t<meta name=\"keywords\" content=\"actualidad\" \/>\n\t<link rel=\"canonical\" href=\"https:\/\/www.eldigitaldeasturias.com\/noticias\/el-gobierno-vasco-cree-que-trabajo-de-fernandez-diaz-no-es-constructivo-para-el-fin-de-eta\/\" \/>\n\t<meta name=\"generator\" content=\"All in One SEO Pro (AIOSEO) 5.0.1\" \/>\n\t\t<meta property=\"og:locale\" content=\"es_ES\" \/>\n\t\t<meta property=\"og:site_name\" content=\"El Digital de Asturias\" \/>\n\t\t<meta property=\"og:type\" content=\"article\" \/>\n\t\t<meta property=\"og:title\" content=\"El Gobierno Vasco cree que trabajo de Fern\u00e1ndez D\u00edaz no es constructivo para el fin de ETA - El Digital de Asturias\" \/>\n\t\t<meta property=\"og:description\" content=\"Vitoria, 30 ene (EFE).- El portavoz del Gobierno Vasco, Josu Erkoreka, ha denunciado hoy que el trabajo del ministro del Interior, Jorge Fern\u00e1ndez D\u00edaz, &quot;no est\u00e1 siendo objetivamente constructivo de cara al fin ordenado de ETA y a la construcci\u00f3n de un escenario de paz y convivencia&quot;. Erkoreka ha hecho esta reflexi\u00f3n en una en\" \/>\n\t\t<meta property=\"og:url\" content=\"https:\/\/www.eldigitaldeasturias.com\/noticias\/el-gobierno-vasco-cree-que-trabajo-de-fernandez-diaz-no-es-constructivo-para-el-fin-de-eta\/\" \/>\n\t\t<meta property=\"og:image\" content=\"https:\/\/www.eldigitaldeasturias.com\/noticias\/wp-content\/uploads\/2026\/06\/Contenidos.jpg\" \/>\n\t\t<meta property=\"og:image:secure_url\" content=\"https:\/\/www.eldigitaldeasturias.com\/noticias\/wp-content\/uploads\/2026\/06\/Contenidos.jpg\" \/>\n\t\t<meta property=\"og:image:width\" content=\"1265\" \/>\n\t\t<meta property=\"og:image:height\" content=\"697\" \/>\n\t\t<meta property=\"article:tag\" content=\"actualidad\" \/>\n\t\t<meta property=\"article:published_time\" content=\"2014-01-31T00:47:29+00:00\" \/>\n\t\t<meta property=\"article:modified_time\" content=\"2014-01-31T00:47:29+00:00\" \/>\n\t\t<meta property=\"article:publisher\" content=\"https:\/\/facebook.com\/eldigitaldeasturias\" \/>\n\t\t<meta name=\"twitter:card\" content=\"summary_large_image\" \/>\n\t\t<meta name=\"twitter:title\" content=\"El Gobierno Vasco cree que trabajo de Fern\u00e1ndez D\u00edaz no es constructivo para el fin de ETA - El Digital de Asturias\" \/>\n\t\t<meta name=\"twitter:description\" content=\"Vitoria, 30 ene (EFE).- El portavoz del Gobierno Vasco, Josu Erkoreka, ha denunciado hoy que el trabajo del ministro del Interior, Jorge Fern\u00e1ndez D\u00edaz, &quot;no est\u00e1 siendo objetivamente constructivo de cara al fin ordenado de ETA y a la construcci\u00f3n de un escenario de paz y convivencia&quot;. Erkoreka ha hecho esta reflexi\u00f3n en una en\" \/>\n\t\t<meta name=\"twitter:image\" content=\"https:\/\/www.eldigitaldeasturias.com\/noticias\/wp-content\/uploads\/2026\/06\/Contenidos.jpg\" \/>\n\t\t<meta name=\"twitter:label1\" content=\"Escrito por\" \/>\n\t\t<meta name=\"twitter:data1\" content=\"El Digital de Asturias\" \/>\n\t\t<meta name=\"twitter:label2\" content=\"Tiempo de lectura estimado\" \/>\n\t\t<meta name=\"twitter:data2\" content=\"1 minuto\" \/>\n\t\t<script type=\"application\/ld+json\" class=\"aioseo-schema\">\n\t\t\t{\"@context\":\"https:\\\/\\\/schema.org\",\"@graph\":[{\"@type\":\"BlogPosting\",\"@id\":\"https:\\\/\\\/www.eldigitaldeasturias.com\\\/noticias\\\/el-gobierno-vasco-cree-que-trabajo-de-fernandez-diaz-no-es-constructivo-para-el-fin-de-eta\\\/#blogposting\",\"name\":\"El Gobierno Vasco cree que trabajo de Fern\\u00e1ndez D\\u00edaz no es constructivo para el fin de ETA - El Digital de Asturias\",\"headline\":\"El Gobierno Vasco cree que trabajo de Fern\\u00e1ndez D\\u00edaz no es constructivo para el fin de ETA\",\"author\":{\"@id\":\"https:\\\/\\\/www.eldigitaldeasturias.com\\\/noticias\\\/author\\\/admin\\\/#author\"},\"publisher\":{\"@id\":\"https:\\\/\\\/www.eldigitaldeasturias.com\\\/noticias\\\/#organization\"},\"image\":{\"@type\":\"ImageObject\",\"url\":\"https:\\\/\\\/www.eldigitaldeasturias.com\\\/noticias\\\/wp-content\\\/uploads\\\/2026\\\/06\\\/Contenidos.jpg\",\"width\":1265,\"height\":697,\"caption\":\"Contenidos\"},\"datePublished\":\"2014-01-30T23:47:29+01:00\",\"dateModified\":\"2014-01-30T23:47:29+01:00\",\"inLanguage\":\"es-ES\",\"mainEntityOfPage\":{\"@id\":\"https:\\\/\\\/www.eldigitaldeasturias.com\\\/noticias\\\/el-gobierno-vasco-cree-que-trabajo-de-fernandez-diaz-no-es-constructivo-para-el-fin-de-eta\\\/#webpage\"},\"isPartOf\":{\"@id\":\"https:\\\/\\\/www.eldigitaldeasturias.com\\\/noticias\\\/el-gobierno-vasco-cree-que-trabajo-de-fernandez-diaz-no-es-constructivo-para-el-fin-de-eta\\\/#webpage\"},\"articleSection\":\"Actualidad\"},{\"@type\":\"BreadcrumbList\",\"@id\":\"https:\\\/\\\/www.eldigitaldeasturias.com\\\/noticias\\\/el-gobierno-vasco-cree-que-trabajo-de-fernandez-diaz-no-es-constructivo-para-el-fin-de-eta\\\/#breadcrumblist\",\"itemListElement\":[{\"@type\":\"ListItem\",\"@id\":\"https:\\\/\\\/www.eldigitaldeasturias.com\\\/noticias#listItem\",\"position\":1,\"name\":\"Home\",\"item\":\"https:\\\/\\\/www.eldigitaldeasturias.com\\\/noticias\",\"nextItem\":{\"@type\":\"ListItem\",\"@id\":\"https:\\\/\\\/www.eldigitaldeasturias.com\\\/noticias\\\/category\\\/actualidad\\\/#listItem\",\"name\":\"Actualidad\"}},{\"@type\":\"ListItem\",\"@id\":\"https:\\\/\\\/www.eldigitaldeasturias.com\\\/noticias\\\/category\\\/actualidad\\\/#listItem\",\"position\":2,\"name\":\"Actualidad\",\"item\":\"https:\\\/\\\/www.eldigitaldeasturias.com\\\/noticias\\\/category\\\/actualidad\\\/\",\"nextItem\":{\"@type\":\"ListItem\",\"@id\":\"https:\\\/\\\/www.eldigitaldeasturias.com\\\/noticias\\\/el-gobierno-vasco-cree-que-trabajo-de-fernandez-diaz-no-es-constructivo-para-el-fin-de-eta\\\/#listItem\",\"name\":\"El Gobierno Vasco cree que trabajo de Fern\\u00e1ndez D\\u00edaz no es constructivo para el fin de ETA\"},\"previousItem\":{\"@type\":\"ListItem\",\"@id\":\"https:\\\/\\\/www.eldigitaldeasturias.com\\\/noticias#listItem\",\"name\":\"Home\"}},{\"@type\":\"ListItem\",\"@id\":\"https:\\\/\\\/www.eldigitaldeasturias.com\\\/noticias\\\/el-gobierno-vasco-cree-que-trabajo-de-fernandez-diaz-no-es-constructivo-para-el-fin-de-eta\\\/#listItem\",\"position\":3,\"name\":\"El Gobierno Vasco cree que trabajo de Fern\\u00e1ndez D\\u00edaz no es constructivo para el fin de ETA\",\"previousItem\":{\"@type\":\"ListItem\",\"@id\":\"https:\\\/\\\/www.eldigitaldeasturias.com\\\/noticias\\\/category\\\/actualidad\\\/#listItem\",\"name\":\"Actualidad\"}}]},{\"@type\":\"Organization\",\"@id\":\"https:\\\/\\\/www.eldigitaldeasturias.com\\\/noticias\\\/#organization\",\"name\":\"El Digital de Asturias\",\"description\":\"Hemeroteca\",\"url\":\"https:\\\/\\\/www.eldigitaldeasturias.com\\\/noticias\\\/\",\"email\":\"info@eldigitaldeasturias.com\",\"telephone\":\"+34652131393\",\"logo\":{\"@type\":\"ImageObject\",\"url\":\"https:\\\/\\\/www.eldigitaldeasturias.com\\\/noticias\\\/wp-content\\\/uploads\\\/2020\\\/12\\\/EDA.jpg\",\"@id\":\"https:\\\/\\\/www.eldigitaldeasturias.com\\\/noticias\\\/el-gobierno-vasco-cree-que-trabajo-de-fernandez-diaz-no-es-constructivo-para-el-fin-de-eta\\\/#organizationLogo\"},\"image\":{\"@id\":\"https:\\\/\\\/www.eldigitaldeasturias.com\\\/noticias\\\/el-gobierno-vasco-cree-que-trabajo-de-fernandez-diaz-no-es-constructivo-para-el-fin-de-eta\\\/#organizationLogo\"},\"sameAs\":[\"https:\\\/\\\/facebook.com\\\/eldigitaldeasturias\",\"https:\\\/\\\/www.youtube.com\\\/channel\\\/UCZP-2wLEB9Rv6erhFmqVnvg\"],\"address\":{\"@id\":\"https:\\\/\\\/www.eldigitaldeasturias.com\\\/noticias\\\/#postaladdress\",\"@type\":\"PostalAddress\",\"streetAddress\":\"san antonio 4\",\"postalCode\":\"33430\",\"addressLocality\":\"Cand\\u00e1s\",\"addressRegion\":\"Asturias\",\"addressCountry\":\"ES\"}},{\"@type\":\"Person\",\"@id\":\"https:\\\/\\\/www.eldigitaldeasturias.com\\\/noticias\\\/author\\\/admin\\\/#author\",\"url\":\"https:\\\/\\\/www.eldigitaldeasturias.com\\\/noticias\\\/author\\\/admin\\\/\",\"name\":\"El Digital de Asturias\",\"image\":{\"@type\":\"ImageObject\",\"@id\":\"https:\\\/\\\/www.eldigitaldeasturias.com\\\/noticias\\\/el-gobierno-vasco-cree-que-trabajo-de-fernandez-diaz-no-es-constructivo-para-el-fin-de-eta\\\/#authorImage\",\"url\":\"https:\\\/\\\/secure.gravatar.com\\\/avatar\\\/df2aeffc32bcd13f8d26072ef8a91b623d677766deac7f97ca815868cd41bf5e?s=96&d=mm&r=g\",\"width\":96,\"height\":96,\"caption\":\"El Digital de Asturias\"}},{\"@type\":\"WebPage\",\"@id\":\"https:\\\/\\\/www.eldigitaldeasturias.com\\\/noticias\\\/el-gobierno-vasco-cree-que-trabajo-de-fernandez-diaz-no-es-constructivo-para-el-fin-de-eta\\\/#webpage\",\"url\":\"https:\\\/\\\/www.eldigitaldeasturias.com\\\/noticias\\\/el-gobierno-vasco-cree-que-trabajo-de-fernandez-diaz-no-es-constructivo-para-el-fin-de-eta\\\/\",\"name\":\"El Gobierno Vasco cree que trabajo de Fern\\u00e1ndez D\\u00edaz no es constructivo para el fin de ETA - El Digital de Asturias\",\"description\":\"Vitoria, 30 ene (EFE).- El portavoz del Gobierno Vasco, Josu Erkoreka, ha denunciado hoy que el trabajo del ministro del Interior, Jorge Fern\\u00e1ndez D\\u00edaz, \\\"no est\\u00e1 siendo objetivamente constructivo de cara al fin ordenado de ETA y a la construcci\\u00f3n de un escenario de paz y convivencia\\\". Erkoreka ha hecho esta reflexi\\u00f3n en una en\",\"inLanguage\":\"es-ES\",\"isPartOf\":{\"@id\":\"https:\\\/\\\/www.eldigitaldeasturias.com\\\/noticias\\\/#website\"},\"breadcrumb\":{\"@id\":\"https:\\\/\\\/www.eldigitaldeasturias.com\\\/noticias\\\/el-gobierno-vasco-cree-que-trabajo-de-fernandez-diaz-no-es-constructivo-para-el-fin-de-eta\\\/#breadcrumblist\"},\"author\":{\"@id\":\"https:\\\/\\\/www.eldigitaldeasturias.com\\\/noticias\\\/author\\\/admin\\\/#author\"},\"creator\":{\"@id\":\"https:\\\/\\\/www.eldigitaldeasturias.com\\\/noticias\\\/author\\\/admin\\\/#author\"},\"image\":{\"@type\":\"ImageObject\",\"url\":\"https:\\\/\\\/www.eldigitaldeasturias.com\\\/noticias\\\/wp-content\\\/uploads\\\/2026\\\/06\\\/Contenidos.jpg\",\"@id\":\"https:\\\/\\\/www.eldigitaldeasturias.com\\\/noticias\\\/el-gobierno-vasco-cree-que-trabajo-de-fernandez-diaz-no-es-constructivo-para-el-fin-de-eta\\\/#mainImage\",\"width\":1265,\"height\":697,\"caption\":\"Contenidos\"},\"primaryImageOfPage\":{\"@id\":\"https:\\\/\\\/www.eldigitaldeasturias.com\\\/noticias\\\/el-gobierno-vasco-cree-que-trabajo-de-fernandez-diaz-no-es-constructivo-para-el-fin-de-eta\\\/#mainImage\"},\"datePublished\":\"2014-01-30T23:47:29+01:00\",\"dateModified\":\"2014-01-30T23:47:29+01:00\"},{\"@type\":\"WebSite\",\"@id\":\"https:\\\/\\\/www.eldigitaldeasturias.com\\\/noticias\\\/#website\",\"url\":\"https:\\\/\\\/www.eldigitaldeasturias.com\\\/noticias\\\/\",\"name\":\"El Digital de Asturias - Diario de actualidad y noticias\",\"alternateName\":\"El Digital de Asturias - Diario de actualidad y noticias\",\"description\":\"Hemeroteca\",\"inLanguage\":\"es-ES\",\"publisher\":{\"@id\":\"https:\\\/\\\/www.eldigitaldeasturias.com\\\/noticias\\\/#organization\"}}]}\n\t\t<\/script>\n\t\t<!-- All in One SEO Pro -->\r\n\t\t<title>El Gobierno Vasco cree que trabajo de Fern\u00e1ndez D\u00edaz no es constructivo para el fin de ETA - El Digital de Asturias<\/title>\n\n","aioseo_head_json":{"title":"El Gobierno Vasco cree que trabajo de Fern\u00e1ndez D\u00edaz no es constructivo para el fin de ETA - El Digital de Asturias","description":"Vitoria, 30 ene (EFE).- El portavoz del Gobierno Vasco, Josu Erkoreka, ha denunciado hoy que el trabajo del ministro del Interior, Jorge Fern\u00e1ndez D\u00edaz, \"no est\u00e1 siendo objetivamente constructivo de cara al fin ordenado de ETA y a la construcci\u00f3n de un escenario de paz y convivencia\". Erkoreka ha hecho esta reflexi\u00f3n en una en","canonical_url":"https:\/\/www.eldigitaldeasturias.com\/noticias\/el-gobierno-vasco-cree-que-trabajo-de-fernandez-diaz-no-es-constructivo-para-el-fin-de-eta\/","robots":"max-image-preview:large","keywords":"actualidad","webmasterTools":{"google-site-verification":"UA-38556648-1","msvalidate.01":"7dfe9f3f1b24437ab69f4f2559babe99","miscellaneous":""},"schema":{"@context":"https:\/\/schema.org","@graph":[{"@type":"BlogPosting","@id":"https:\/\/www.eldigitaldeasturias.com\/noticias\/el-gobierno-vasco-cree-que-trabajo-de-fernandez-diaz-no-es-constructivo-para-el-fin-de-eta\/#blogposting","name":"El Gobierno Vasco cree que trabajo de Fern\u00e1ndez D\u00edaz no es constructivo para el fin de ETA - El Digital de Asturias","headline":"El Gobierno Vasco cree que trabajo de Fern\u00e1ndez D\u00edaz no es constructivo para el fin de ETA","author":{"@id":"https:\/\/www.eldigitaldeasturias.com\/noticias\/author\/admin\/#author"},"publisher":{"@id":"https:\/\/www.eldigitaldeasturias.com\/noticias\/#organization"},"image":{"@type":"ImageObject","url":"https:\/\/www.eldigitaldeasturias.com\/noticias\/wp-content\/uploads\/2026\/06\/Contenidos.jpg","width":1265,"height":697,"caption":"Contenidos"},"datePublished":"2014-01-30T23:47:29+01:00","dateModified":"2014-01-30T23:47:29+01:00","inLanguage":"es-ES","mainEntityOfPage":{"@id":"https:\/\/www.eldigitaldeasturias.com\/noticias\/el-gobierno-vasco-cree-que-trabajo-de-fernandez-diaz-no-es-constructivo-para-el-fin-de-eta\/#webpage"},"isPartOf":{"@id":"https:\/\/www.eldigitaldeasturias.com\/noticias\/el-gobierno-vasco-cree-que-trabajo-de-fernandez-diaz-no-es-constructivo-para-el-fin-de-eta\/#webpage"},"articleSection":"Actualidad"},{"@type":"BreadcrumbList","@id":"https:\/\/www.eldigitaldeasturias.com\/noticias\/el-gobierno-vasco-cree-que-trabajo-de-fernandez-diaz-no-es-constructivo-para-el-fin-de-eta\/#breadcrumblist","itemListElement":[{"@type":"ListItem","@id":"https:\/\/www.eldigitaldeasturias.com\/noticias#listItem","position":1,"name":"Home","item":"https:\/\/www.eldigitaldeasturias.com\/noticias","nextItem":{"@type":"ListItem","@id":"https:\/\/www.eldigitaldeasturias.com\/noticias\/category\/actualidad\/#listItem","name":"Actualidad"}},{"@type":"ListItem","@id":"https:\/\/www.eldigitaldeasturias.com\/noticias\/category\/actualidad\/#listItem","position":2,"name":"Actualidad","item":"https:\/\/www.eldigitaldeasturias.com\/noticias\/category\/actualidad\/","nextItem":{"@type":"ListItem","@id":"https:\/\/www.eldigitaldeasturias.com\/noticias\/el-gobierno-vasco-cree-que-trabajo-de-fernandez-diaz-no-es-constructivo-para-el-fin-de-eta\/#listItem","name":"El Gobierno Vasco cree que trabajo de Fern\u00e1ndez D\u00edaz no es constructivo para el fin de ETA"},"previousItem":{"@type":"ListItem","@id":"https:\/\/www.eldigitaldeasturias.com\/noticias#listItem","name":"Home"}},{"@type":"ListItem","@id":"https:\/\/www.eldigitaldeasturias.com\/noticias\/el-gobierno-vasco-cree-que-trabajo-de-fernandez-diaz-no-es-constructivo-para-el-fin-de-eta\/#listItem","position":3,"name":"El Gobierno Vasco cree que trabajo de Fern\u00e1ndez D\u00edaz no es constructivo para el fin de ETA","previousItem":{"@type":"ListItem","@id":"https:\/\/www.eldigitaldeasturias.com\/noticias\/category\/actualidad\/#listItem","name":"Actualidad"}}]},{"@type":"Organization","@id":"https:\/\/www.eldigitaldeasturias.com\/noticias\/#organization","name":"El Digital de Asturias","description":"Hemeroteca","url":"https:\/\/www.eldigitaldeasturias.com\/noticias\/","email":"info@eldigitaldeasturias.com","telephone":"+34652131393","logo":{"@type":"ImageObject","url":"https:\/\/www.eldigitaldeasturias.com\/noticias\/wp-content\/uploads\/2020\/12\/EDA.jpg","@id":"https:\/\/www.eldigitaldeasturias.com\/noticias\/el-gobierno-vasco-cree-que-trabajo-de-fernandez-diaz-no-es-constructivo-para-el-fin-de-eta\/#organizationLogo"},"image":{"@id":"https:\/\/www.eldigitaldeasturias.com\/noticias\/el-gobierno-vasco-cree-que-trabajo-de-fernandez-diaz-no-es-constructivo-para-el-fin-de-eta\/#organizationLogo"},"sameAs":["https:\/\/facebook.com\/eldigitaldeasturias","https:\/\/www.youtube.com\/channel\/UCZP-2wLEB9Rv6erhFmqVnvg"],"address":{"@id":"https:\/\/www.eldigitaldeasturias.com\/noticias\/#postaladdress","@type":"PostalAddress","streetAddress":"san antonio 4","postalCode":"33430","addressLocality":"Cand\u00e1s","addressRegion":"Asturias","addressCountry":"ES"}},{"@type":"Person","@id":"https:\/\/www.eldigitaldeasturias.com\/noticias\/author\/admin\/#author","url":"https:\/\/www.eldigitaldeasturias.com\/noticias\/author\/admin\/","name":"El Digital de Asturias","image":{"@type":"ImageObject","@id":"https:\/\/www.eldigitaldeasturias.com\/noticias\/el-gobierno-vasco-cree-que-trabajo-de-fernandez-diaz-no-es-constructivo-para-el-fin-de-eta\/#authorImage","url":"https:\/\/secure.gravatar.com\/avatar\/df2aeffc32bcd13f8d26072ef8a91b623d677766deac7f97ca815868cd41bf5e?s=96&d=mm&r=g","width":96,"height":96,"caption":"El Digital de Asturias"}},{"@type":"WebPage","@id":"https:\/\/www.eldigitaldeasturias.com\/noticias\/el-gobierno-vasco-cree-que-trabajo-de-fernandez-diaz-no-es-constructivo-para-el-fin-de-eta\/#webpage","url":"https:\/\/www.eldigitaldeasturias.com\/noticias\/el-gobierno-vasco-cree-que-trabajo-de-fernandez-diaz-no-es-constructivo-para-el-fin-de-eta\/","name":"El Gobierno Vasco cree que trabajo de Fern\u00e1ndez D\u00edaz no es constructivo para el fin de ETA - El Digital de Asturias","description":"Vitoria, 30 ene (EFE).- El portavoz del Gobierno Vasco, Josu Erkoreka, ha denunciado hoy que el trabajo del ministro del Interior, Jorge Fern\u00e1ndez D\u00edaz, \"no est\u00e1 siendo objetivamente constructivo de cara al fin ordenado de ETA y a la construcci\u00f3n de un escenario de paz y convivencia\". Erkoreka ha hecho esta reflexi\u00f3n en una en","inLanguage":"es-ES","isPartOf":{"@id":"https:\/\/www.eldigitaldeasturias.com\/noticias\/#website"},"breadcrumb":{"@id":"https:\/\/www.eldigitaldeasturias.com\/noticias\/el-gobierno-vasco-cree-que-trabajo-de-fernandez-diaz-no-es-constructivo-para-el-fin-de-eta\/#breadcrumblist"},"author":{"@id":"https:\/\/www.eldigitaldeasturias.com\/noticias\/author\/admin\/#author"},"creator":{"@id":"https:\/\/www.eldigitaldeasturias.com\/noticias\/author\/admin\/#author"},"image":{"@type":"ImageObject","url":"https:\/\/www.eldigitaldeasturias.com\/noticias\/wp-content\/uploads\/2026\/06\/Contenidos.jpg","@id":"https:\/\/www.eldigitaldeasturias.com\/noticias\/el-gobierno-vasco-cree-que-trabajo-de-fernandez-diaz-no-es-constructivo-para-el-fin-de-eta\/#mainImage","width":1265,"height":697,"caption":"Contenidos"},"primaryImageOfPage":{"@id":"https:\/\/www.eldigitaldeasturias.com\/noticias\/el-gobierno-vasco-cree-que-trabajo-de-fernandez-diaz-no-es-constructivo-para-el-fin-de-eta\/#mainImage"},"datePublished":"2014-01-30T23:47:29+01:00","dateModified":"2014-01-30T23:47:29+01:00"},{"@type":"WebSite","@id":"https:\/\/www.eldigitaldeasturias.com\/noticias\/#website","url":"https:\/\/www.eldigitaldeasturias.com\/noticias\/","name":"El Digital de Asturias - Diario de actualidad y noticias","alternateName":"El Digital de Asturias - Diario de actualidad y noticias","description":"Hemeroteca","inLanguage":"es-ES","publisher":{"@id":"https:\/\/www.eldigitaldeasturias.com\/noticias\/#organization"}}]},"og:locale":"es_ES","og:site_name":"El Digital de Asturias","og:type":"article","og:title":"El Gobierno Vasco cree que trabajo de Fern\u00e1ndez D\u00edaz no es constructivo para el fin de ETA - El Digital de Asturias","og:description":"Vitoria, 30 ene (EFE).- El portavoz del Gobierno Vasco, Josu Erkoreka, ha denunciado hoy que el trabajo del ministro del Interior, Jorge Fern\u00e1ndez D\u00edaz, &quot;no est\u00e1 siendo objetivamente constructivo de cara al fin ordenado de ETA y a la construcci\u00f3n de un escenario de paz y convivencia&quot;. Erkoreka ha hecho esta reflexi\u00f3n en una en","og:url":"https:\/\/www.eldigitaldeasturias.com\/noticias\/el-gobierno-vasco-cree-que-trabajo-de-fernandez-diaz-no-es-constructivo-para-el-fin-de-eta\/","og:image":"https:\/\/www.eldigitaldeasturias.com\/noticias\/wp-content\/uploads\/2026\/06\/Contenidos.jpg","og:image:secure_url":"https:\/\/www.eldigitaldeasturias.com\/noticias\/wp-content\/uploads\/2026\/06\/Contenidos.jpg","og:image:width":1265,"og:image:height":697,"article:tag":["actualidad"],"article:published_time":"2014-01-31T00:47:29+00:00","article:modified_time":"2014-01-31T00:47:29+00:00","article:publisher":"https:\/\/facebook.com\/eldigitaldeasturias","twitter:card":"summary_large_image","twitter:title":"El Gobierno Vasco cree que trabajo de Fern\u00e1ndez D\u00edaz no es constructivo para el fin de ETA - El Digital de Asturias","twitter:description":"Vitoria, 30 ene (EFE).- El portavoz del Gobierno Vasco, Josu Erkoreka, ha denunciado hoy que el trabajo del ministro del Interior, Jorge Fern\u00e1ndez D\u00edaz, &quot;no est\u00e1 siendo objetivamente constructivo de cara al fin ordenado de ETA y a la construcci\u00f3n de un escenario de paz y convivencia&quot;. Erkoreka ha hecho esta reflexi\u00f3n en una en","twitter:image":"https:\/\/www.eldigitaldeasturias.com\/noticias\/wp-content\/uploads\/2026\/06\/Contenidos.jpg","twitter:label1":"Escrito por","twitter:data1":"El Digital de Asturias","twitter:label2":"Tiempo de lectura estimado","twitter:data2":"1 minuto"},"aioseo_meta_data":{"post_id":"480739","title":null,"description":null,"keywords":null,"keyphrases":null,"primary_term":null,"canonical_url":null,"og_title":null,"og_description":null,"og_object_type":"default","og_image_type":"default","og_image_url":null,"og_image_width":null,"og_image_height":null,"og_image_custom_url":null,"og_image_custom_fields":null,"og_video":null,"og_custom_url":null,"og_article_section":null,"og_article_tags":null,"twitter_use_og":true,"twitter_card":"default","twitter_image_type":"default","twitter_image_url":null,"twitter_image_custom_url":null,"twitter_image_custom_fields":null,"twitter_title":null,"twitter_description":null,"schema":{"blockGraphs":[],"customGraphs":[],"default":{"data":{"Article":[],"Course":[],"Dataset":[],"FAQPage":[],"Movie":[],"Person":[],"Product":[],"ProductReview":[],"Car":[],"Recipe":[],"Service":[],"SoftwareApplication":[],"WebPage":[]},"graphName":"","isEnabled":true},"graphs":[],"defaultGraph":"","defaultPostTypeGraph":""},"schema_type":null,"schema_type_options":null,"pillar_content":false,"robots_default":true,"robots_noindex":false,"robots_noarchive":false,"robots_nosnippet":false,"robots_nofollow":false,"robots_noimageindex":false,"robots_noodp":false,"robots_notranslate":false,"robots_max_snippet":null,"robots_max_videopreview":null,"robots_max_imagepreview":"none","priority":null,"frequency":null,"local_seo":null,"seo_analyzer_scan_date":"2026-06-02 04:42:01","breadcrumb_settings":null,"limit_modified_date":false,"open_ai":null,"ai":null,"created":"2020-11-14 22:54:14","updated":"2026-06-02 04:42:01","focus_keyword":null,"additional_keywords":null,"truseo_locale":null},"aioseo_breadcrumb":"<div class=\"aioseo-breadcrumbs\"><span class=\"aioseo-breadcrumb\">\n\t<a href=\"https:\/\/www.eldigitaldeasturias.com\/noticias\" title=\"Home\">Home<\/a>\n<\/span><span class=\"aioseo-breadcrumb-separator\">\u2013<\/span><span class=\"aioseo-breadcrumb\">\n\t<a href=\"https:\/\/www.eldigitaldeasturias.com\/noticias\/category\/actualidad\/\" title=\"Actualidad\">Actualidad<\/a>\n<\/span><span class=\"aioseo-breadcrumb-separator\">\u2013<\/span><span class=\"aioseo-breadcrumb\">\n\t<a href=\"https:\/\/www.eldigitaldeasturias.com\/noticias\/el-gobierno-vasco-cree-que-trabajo-de-fernandez-diaz-no-es-constructivo-para-el-fin-de-eta\/\" title=\"El Gobierno Vasco cree que trabajo de Fern\u00e1ndez D\u00edaz no es constructivo para el fin de ETA\">El Gobierno Vasco cree que trabajo de Fern\u00e1ndez D\u00edaz no es constructivo para el fin de ETA<\/a>\n<\/span><\/div>","aioseo_breadcrumb_json":[{"label":"Home","link":"https:\/\/www.eldigitaldeasturias.com\/noticias"},{"label":"Actualidad","link":"https:\/\/www.eldigitaldeasturias.com\/noticias\/category\/actualidad\/"},{"label":"El Gobierno Vasco cree que trabajo de Fern\u00e1ndez D\u00edaz no es constructivo para el fin de ETA","link":"https:\/\/www.eldigitaldeasturias.com\/noticias\/el-gobierno-vasco-cree-que-trabajo-de-fernandez-diaz-no-es-constructivo-para-el-fin-de-eta\/"}],"_links":{"self":[{"href":"https:\/\/www.eldigitaldeasturias.com\/noticias\/wp-json\/wp\/v2\/posts\/480739","targetHints":{"allow":["GET"]}}],"collection":[{"href":"https:\/\/www.eldigitaldeasturias.com\/noticias\/wp-json\/wp\/v2\/posts"}],"about":[{"href":"https:\/\/www.eldigitaldeasturias.com\/noticias\/wp-json\/wp\/v2\/types\/post"}],"author":[{"embeddable":true,"href":"https:\/\/www.eldigitaldeasturias.com\/noticias\/wp-json\/wp\/v2\/users\/1"}],"replies":[{"embeddable":true,"href":"https:\/\/www.eldigitaldeasturias.com\/noticias\/wp-json\/wp\/v2\/comments?post=480739"}],"version-history":[{"count":0,"href":"https:\/\/www.eldigitaldeasturias.com\/noticias\/wp-json\/wp\/v2\/posts\/480739\/revisions"}],"wp:featuredmedia":[{"embeddable":true,"href":"https:\/\/www.eldigitaldeasturias.com\/noticias\/wp-json\/wp\/v2\/media\/1132184"}],"wp:attachment":[{"href":"https:\/\/www.eldigitaldeasturias.com\/noticias\/wp-json\/wp\/v2\/media?parent=480739"}],"wp:term":[{"taxonomy":"category","embeddable":true,"href":"https:\/\/www.eldigitaldeasturias.com\/noticias\/wp-json\/wp\/v2\/categories?post=480739"},{"taxonomy":"post_tag","embeddable":true,"href":"https:\/\/www.eldigitaldeasturias.com\/noticias\/wp-json\/wp\/v2\/tags?post=480739"}],"curies":[{"name":"wp","href":"https:\/\/api.w.org\/{rel}","templated":true}]}}