{"id":480736,"date":"2014-01-30T23:46:11","date_gmt":"2014-01-31T00:46:11","guid":{"rendered":"http:\/\/www.eldigitaldeasturias.com\/noticias\/?p=480736"},"modified":"2014-01-30T23:46:11","modified_gmt":"2014-01-31T00:46:11","slug":"botella-dice-que-aznar-no-ha-podido-cambiar-su-agenda-para-ir-a-valladolid","status":"publish","type":"post","link":"https:\/\/www.eldigitaldeasturias.com\/noticias\/botella-dice-que-aznar-no-ha-podido-cambiar-su-agenda-para-ir-a-valladolid\/","title":{"rendered":"Botella dice que Aznar no ha podido cambiar su agenda para ir a Valladolid"},"content":{"rendered":"<p><img loading=\"lazy\" decoding=\"async\" class=\"alignleft size-medium wp-image-480737\" alt=\"5891367w\" src=\"https:\/\/www.eldigitaldeasturias.com\/noticias\/wp-content\/uploads\/2014\/01\/5891367w-360x239.jpg\" width=\"360\" height=\"239\" \/>Madrid, 30 ene (EFE).- La alcaldesa de Madrid, Ana Botella, ha dicho hoy que su marido, el expresidente del Gobierno y presidente de Honor del PP Jos\u00e9 Mar\u00eda Aznar, no podr\u00e1 estar en la convenci\u00f3n que su partido celebrar\u00e1 este fin de semana en Valladolid porque no ha podido cambiar su agenda.<\/p>\n<p>\u00abPasa una gran parte de su tiempo fuera y no le ha sido posible cambiar una agenda que ten\u00eda prevista en estos \u00faltimos d\u00edas\u00bb, ha explicado la alcaldesa en rueda de prensa posterior a la reuni\u00f3n semanal de su gobierno.<\/p>\n<p>Ana Botella, que s\u00ed acudir\u00e1 a la apertura y a la clausura de la convenci\u00f3n popular como miembro del Comit\u00e9 Ejecutivo Nacional, ha negado que la sucesi\u00f3n de noticias respecto a la salida de algunos miembros del partido para fundar otro, la renuncia de Jaime Mayor Oreja a encabezar de nuevo la lista del PP al Parlamento Europeo o la no presencia de Aznar en Valladolid signifique que exista \u00abuna ruptura en el partido\u00bb.<\/p>\n<p>Respecto a su marido ha a\u00f1adido: \u00absimplemente puedo decir que est\u00e1 fuera\u00bb; y sobre la salida de Alejo Vidal-Quadras para crear VOX y la renuncia de Mayor Oreja a la lista europea que respeta sus decisiones.<\/p>\n<p>Solo ha a\u00f1adido al respecto su \u00abcari\u00f1o\u00bb hacia Mayor Oreja, del que ha opinado que es \u00abun referente para el Partido Popular\u00bb.<\/p>\n<p>En cuanto a la convenci\u00f3n de este fin de semana, ha indicado que su partido \u00abtiene una tarea importante\u00bb que es \u00abhablar sobre el futuro y dar soluciones a los problemas que tiene Espa\u00f1a: el desempleo, la unidad de Espa\u00f1a y que las v\u00edctimas se sientan queridas y arropadas por toda Espa\u00f1a y tambi\u00e9n por el Partido Popular\u00bb.<\/p>\n","protected":false},"excerpt":{"rendered":"<p>Madrid, 30 ene (EFE).- La alcaldesa de Madrid, Ana Botella, ha dicho hoy que su marido, el expresidente del Gobierno y presidente de Honor del PP Jos\u00e9 Mar\u00eda Aznar, no podr\u00e1 estar en la convenci\u00f3n que su partido celebrar\u00e1 este fin de semana en Valladolid porque no ha podido cambiar su agenda. \u00abPasa una gran [&hellip;]<\/p>\n","protected":false},"author":1,"featured_media":1132184,"comment_status":"closed","ping_status":"open","sticky":false,"template":"","format":"standard","meta":{"footnotes":""},"categories":[1],"tags":[],"class_list":["post-480736","post","type-post","status-publish","format-standard","has-post-thumbnail","hentry","category-actualidad"],"aioseo_notices":[],"aioseo_head":"\n\t\t<!-- All in One SEO Pro 5.0.1 - aioseo.com -->\n\t<meta name=\"description\" content=\"Madrid, 30 ene (EFE).- La alcaldesa de Madrid, Ana Botella, ha dicho hoy que su marido, el expresidente del Gobierno y presidente de Honor del PP Jos\u00e9 Mar\u00eda Aznar, no podr\u00e1 estar en la convenci\u00f3n que su partido celebrar\u00e1 este fin de semana en Valladolid porque no ha podido cambiar su agenda. &quot;Pasa una gran\" \/>\n\t<meta name=\"robots\" content=\"max-image-preview:large\" \/>\n\t<meta name=\"author\" content=\"El Digital de Asturias\"\/>\n\t<meta name=\"google-site-verification\" content=\"UA-38556648-1\" \/>\n\t<meta name=\"msvalidate.01\" content=\"7dfe9f3f1b24437ab69f4f2559babe99\" \/>\n\t<meta name=\"keywords\" content=\"actualidad\" \/>\n\t<link rel=\"canonical\" href=\"https:\/\/www.eldigitaldeasturias.com\/noticias\/botella-dice-que-aznar-no-ha-podido-cambiar-su-agenda-para-ir-a-valladolid\/\" \/>\n\t<meta name=\"generator\" content=\"All in One SEO Pro (AIOSEO) 5.0.1\" \/>\n\t\t<meta property=\"og:locale\" content=\"es_ES\" \/>\n\t\t<meta property=\"og:site_name\" content=\"El Digital de Asturias\" \/>\n\t\t<meta property=\"og:type\" content=\"article\" \/>\n\t\t<meta property=\"og:title\" content=\"Botella dice que Aznar no ha podido cambiar su agenda para ir a Valladolid - El Digital de Asturias\" \/>\n\t\t<meta property=\"og:description\" content=\"Madrid, 30 ene (EFE).- La alcaldesa de Madrid, Ana Botella, ha dicho hoy que su marido, el expresidente del Gobierno y presidente de Honor del PP Jos\u00e9 Mar\u00eda Aznar, no podr\u00e1 estar en la convenci\u00f3n que su partido celebrar\u00e1 este fin de semana en Valladolid porque no ha podido cambiar su agenda. &quot;Pasa una gran\" \/>\n\t\t<meta property=\"og:url\" content=\"https:\/\/www.eldigitaldeasturias.com\/noticias\/botella-dice-que-aznar-no-ha-podido-cambiar-su-agenda-para-ir-a-valladolid\/\" \/>\n\t\t<meta property=\"og:image\" content=\"https:\/\/www.eldigitaldeasturias.com\/noticias\/wp-content\/uploads\/2026\/06\/Contenidos.jpg\" \/>\n\t\t<meta property=\"og:image:secure_url\" content=\"https:\/\/www.eldigitaldeasturias.com\/noticias\/wp-content\/uploads\/2026\/06\/Contenidos.jpg\" \/>\n\t\t<meta property=\"og:image:width\" content=\"1265\" \/>\n\t\t<meta property=\"og:image:height\" content=\"697\" \/>\n\t\t<meta property=\"article:tag\" content=\"actualidad\" \/>\n\t\t<meta property=\"article:published_time\" content=\"2014-01-31T00:46:11+00:00\" \/>\n\t\t<meta property=\"article:modified_time\" content=\"2014-01-31T00:46:11+00:00\" \/>\n\t\t<meta property=\"article:publisher\" content=\"https:\/\/facebook.com\/eldigitaldeasturias\" \/>\n\t\t<meta name=\"twitter:card\" content=\"summary_large_image\" \/>\n\t\t<meta name=\"twitter:title\" content=\"Botella dice que Aznar no ha podido cambiar su agenda para ir a Valladolid - El Digital de Asturias\" \/>\n\t\t<meta name=\"twitter:description\" content=\"Madrid, 30 ene (EFE).- La alcaldesa de Madrid, Ana Botella, ha dicho hoy que su marido, el expresidente del Gobierno y presidente de Honor del PP Jos\u00e9 Mar\u00eda Aznar, no podr\u00e1 estar en la convenci\u00f3n que su partido celebrar\u00e1 este fin de semana en Valladolid porque no ha podido cambiar su agenda. &quot;Pasa una gran\" \/>\n\t\t<meta name=\"twitter:image\" content=\"https:\/\/www.eldigitaldeasturias.com\/noticias\/wp-content\/uploads\/2026\/06\/Contenidos.jpg\" \/>\n\t\t<meta name=\"twitter:label1\" content=\"Escrito por\" \/>\n\t\t<meta name=\"twitter:data1\" content=\"El Digital de Asturias\" \/>\n\t\t<meta name=\"twitter:label2\" content=\"Tiempo de lectura estimado\" \/>\n\t\t<meta name=\"twitter:data2\" content=\"1 minuto\" \/>\n\t\t<script type=\"application\/ld+json\" class=\"aioseo-schema\">\n\t\t\t{\"@context\":\"https:\\\/\\\/schema.org\",\"@graph\":[{\"@type\":\"BlogPosting\",\"@id\":\"https:\\\/\\\/www.eldigitaldeasturias.com\\\/noticias\\\/botella-dice-que-aznar-no-ha-podido-cambiar-su-agenda-para-ir-a-valladolid\\\/#blogposting\",\"name\":\"Botella dice que Aznar no ha podido cambiar su agenda para ir a Valladolid - El Digital de Asturias\",\"headline\":\"Botella dice que Aznar no ha podido cambiar su agenda para ir a Valladolid\",\"author\":{\"@id\":\"https:\\\/\\\/www.eldigitaldeasturias.com\\\/noticias\\\/author\\\/admin\\\/#author\"},\"publisher\":{\"@id\":\"https:\\\/\\\/www.eldigitaldeasturias.com\\\/noticias\\\/#organization\"},\"image\":{\"@type\":\"ImageObject\",\"url\":\"https:\\\/\\\/www.eldigitaldeasturias.com\\\/noticias\\\/wp-content\\\/uploads\\\/2026\\\/06\\\/Contenidos.jpg\",\"width\":1265,\"height\":697,\"caption\":\"Contenidos\"},\"datePublished\":\"2014-01-30T23:46:11+01:00\",\"dateModified\":\"2014-01-30T23:46:11+01:00\",\"inLanguage\":\"es-ES\",\"mainEntityOfPage\":{\"@id\":\"https:\\\/\\\/www.eldigitaldeasturias.com\\\/noticias\\\/botella-dice-que-aznar-no-ha-podido-cambiar-su-agenda-para-ir-a-valladolid\\\/#webpage\"},\"isPartOf\":{\"@id\":\"https:\\\/\\\/www.eldigitaldeasturias.com\\\/noticias\\\/botella-dice-que-aznar-no-ha-podido-cambiar-su-agenda-para-ir-a-valladolid\\\/#webpage\"},\"articleSection\":\"Actualidad\"},{\"@type\":\"BreadcrumbList\",\"@id\":\"https:\\\/\\\/www.eldigitaldeasturias.com\\\/noticias\\\/botella-dice-que-aznar-no-ha-podido-cambiar-su-agenda-para-ir-a-valladolid\\\/#breadcrumblist\",\"itemListElement\":[{\"@type\":\"ListItem\",\"@id\":\"https:\\\/\\\/www.eldigitaldeasturias.com\\\/noticias#listItem\",\"position\":1,\"name\":\"Home\",\"item\":\"https:\\\/\\\/www.eldigitaldeasturias.com\\\/noticias\",\"nextItem\":{\"@type\":\"ListItem\",\"@id\":\"https:\\\/\\\/www.eldigitaldeasturias.com\\\/noticias\\\/category\\\/actualidad\\\/#listItem\",\"name\":\"Actualidad\"}},{\"@type\":\"ListItem\",\"@id\":\"https:\\\/\\\/www.eldigitaldeasturias.com\\\/noticias\\\/category\\\/actualidad\\\/#listItem\",\"position\":2,\"name\":\"Actualidad\",\"item\":\"https:\\\/\\\/www.eldigitaldeasturias.com\\\/noticias\\\/category\\\/actualidad\\\/\",\"nextItem\":{\"@type\":\"ListItem\",\"@id\":\"https:\\\/\\\/www.eldigitaldeasturias.com\\\/noticias\\\/botella-dice-que-aznar-no-ha-podido-cambiar-su-agenda-para-ir-a-valladolid\\\/#listItem\",\"name\":\"Botella dice que Aznar no ha podido cambiar su agenda para ir a Valladolid\"},\"previousItem\":{\"@type\":\"ListItem\",\"@id\":\"https:\\\/\\\/www.eldigitaldeasturias.com\\\/noticias#listItem\",\"name\":\"Home\"}},{\"@type\":\"ListItem\",\"@id\":\"https:\\\/\\\/www.eldigitaldeasturias.com\\\/noticias\\\/botella-dice-que-aznar-no-ha-podido-cambiar-su-agenda-para-ir-a-valladolid\\\/#listItem\",\"position\":3,\"name\":\"Botella dice que Aznar no ha podido cambiar su agenda para ir a Valladolid\",\"previousItem\":{\"@type\":\"ListItem\",\"@id\":\"https:\\\/\\\/www.eldigitaldeasturias.com\\\/noticias\\\/category\\\/actualidad\\\/#listItem\",\"name\":\"Actualidad\"}}]},{\"@type\":\"Organization\",\"@id\":\"https:\\\/\\\/www.eldigitaldeasturias.com\\\/noticias\\\/#organization\",\"name\":\"El Digital de Asturias\",\"description\":\"Hemeroteca\",\"url\":\"https:\\\/\\\/www.eldigitaldeasturias.com\\\/noticias\\\/\",\"email\":\"info@eldigitaldeasturias.com\",\"telephone\":\"+34652131393\",\"logo\":{\"@type\":\"ImageObject\",\"url\":\"https:\\\/\\\/www.eldigitaldeasturias.com\\\/noticias\\\/wp-content\\\/uploads\\\/2020\\\/12\\\/EDA.jpg\",\"@id\":\"https:\\\/\\\/www.eldigitaldeasturias.com\\\/noticias\\\/botella-dice-que-aznar-no-ha-podido-cambiar-su-agenda-para-ir-a-valladolid\\\/#organizationLogo\"},\"image\":{\"@id\":\"https:\\\/\\\/www.eldigitaldeasturias.com\\\/noticias\\\/botella-dice-que-aznar-no-ha-podido-cambiar-su-agenda-para-ir-a-valladolid\\\/#organizationLogo\"},\"sameAs\":[\"https:\\\/\\\/facebook.com\\\/eldigitaldeasturias\",\"https:\\\/\\\/www.youtube.com\\\/channel\\\/UCZP-2wLEB9Rv6erhFmqVnvg\"],\"address\":{\"@id\":\"https:\\\/\\\/www.eldigitaldeasturias.com\\\/noticias\\\/#postaladdress\",\"@type\":\"PostalAddress\",\"streetAddress\":\"san antonio 4\",\"postalCode\":\"33430\",\"addressLocality\":\"Cand\\u00e1s\",\"addressRegion\":\"Asturias\",\"addressCountry\":\"ES\"}},{\"@type\":\"Person\",\"@id\":\"https:\\\/\\\/www.eldigitaldeasturias.com\\\/noticias\\\/author\\\/admin\\\/#author\",\"url\":\"https:\\\/\\\/www.eldigitaldeasturias.com\\\/noticias\\\/author\\\/admin\\\/\",\"name\":\"El Digital de Asturias\",\"image\":{\"@type\":\"ImageObject\",\"@id\":\"https:\\\/\\\/www.eldigitaldeasturias.com\\\/noticias\\\/botella-dice-que-aznar-no-ha-podido-cambiar-su-agenda-para-ir-a-valladolid\\\/#authorImage\",\"url\":\"https:\\\/\\\/secure.gravatar.com\\\/avatar\\\/df2aeffc32bcd13f8d26072ef8a91b623d677766deac7f97ca815868cd41bf5e?s=96&d=mm&r=g\",\"width\":96,\"height\":96,\"caption\":\"El Digital de Asturias\"}},{\"@type\":\"WebPage\",\"@id\":\"https:\\\/\\\/www.eldigitaldeasturias.com\\\/noticias\\\/botella-dice-que-aznar-no-ha-podido-cambiar-su-agenda-para-ir-a-valladolid\\\/#webpage\",\"url\":\"https:\\\/\\\/www.eldigitaldeasturias.com\\\/noticias\\\/botella-dice-que-aznar-no-ha-podido-cambiar-su-agenda-para-ir-a-valladolid\\\/\",\"name\":\"Botella dice que Aznar no ha podido cambiar su agenda para ir a Valladolid - El Digital de Asturias\",\"description\":\"Madrid, 30 ene (EFE).- La alcaldesa de Madrid, Ana Botella, ha dicho hoy que su marido, el expresidente del Gobierno y presidente de Honor del PP Jos\\u00e9 Mar\\u00eda Aznar, no podr\\u00e1 estar en la convenci\\u00f3n que su partido celebrar\\u00e1 este fin de semana en Valladolid porque no ha podido cambiar su agenda. \\\"Pasa una gran\",\"inLanguage\":\"es-ES\",\"isPartOf\":{\"@id\":\"https:\\\/\\\/www.eldigitaldeasturias.com\\\/noticias\\\/#website\"},\"breadcrumb\":{\"@id\":\"https:\\\/\\\/www.eldigitaldeasturias.com\\\/noticias\\\/botella-dice-que-aznar-no-ha-podido-cambiar-su-agenda-para-ir-a-valladolid\\\/#breadcrumblist\"},\"author\":{\"@id\":\"https:\\\/\\\/www.eldigitaldeasturias.com\\\/noticias\\\/author\\\/admin\\\/#author\"},\"creator\":{\"@id\":\"https:\\\/\\\/www.eldigitaldeasturias.com\\\/noticias\\\/author\\\/admin\\\/#author\"},\"image\":{\"@type\":\"ImageObject\",\"url\":\"https:\\\/\\\/www.eldigitaldeasturias.com\\\/noticias\\\/wp-content\\\/uploads\\\/2026\\\/06\\\/Contenidos.jpg\",\"@id\":\"https:\\\/\\\/www.eldigitaldeasturias.com\\\/noticias\\\/botella-dice-que-aznar-no-ha-podido-cambiar-su-agenda-para-ir-a-valladolid\\\/#mainImage\",\"width\":1265,\"height\":697,\"caption\":\"Contenidos\"},\"primaryImageOfPage\":{\"@id\":\"https:\\\/\\\/www.eldigitaldeasturias.com\\\/noticias\\\/botella-dice-que-aznar-no-ha-podido-cambiar-su-agenda-para-ir-a-valladolid\\\/#mainImage\"},\"datePublished\":\"2014-01-30T23:46:11+01:00\",\"dateModified\":\"2014-01-30T23:46:11+01:00\"},{\"@type\":\"WebSite\",\"@id\":\"https:\\\/\\\/www.eldigitaldeasturias.com\\\/noticias\\\/#website\",\"url\":\"https:\\\/\\\/www.eldigitaldeasturias.com\\\/noticias\\\/\",\"name\":\"El Digital de Asturias - Diario de actualidad y noticias\",\"alternateName\":\"El Digital de Asturias - Diario de actualidad y noticias\",\"description\":\"Hemeroteca\",\"inLanguage\":\"es-ES\",\"publisher\":{\"@id\":\"https:\\\/\\\/www.eldigitaldeasturias.com\\\/noticias\\\/#organization\"}}]}\n\t\t<\/script>\n\t\t<!-- All in One SEO Pro -->\r\n\t\t<title>Botella dice que Aznar no ha podido cambiar su agenda para ir a Valladolid - El Digital de Asturias<\/title>\n\n","aioseo_head_json":{"title":"Botella dice que Aznar no ha podido cambiar su agenda para ir a Valladolid - El Digital de Asturias","description":"Madrid, 30 ene (EFE).- La alcaldesa de Madrid, Ana Botella, ha dicho hoy que su marido, el expresidente del Gobierno y presidente de Honor del PP Jos\u00e9 Mar\u00eda Aznar, no podr\u00e1 estar en la convenci\u00f3n que su partido celebrar\u00e1 este fin de semana en Valladolid porque no ha podido cambiar su agenda. \"Pasa una gran","canonical_url":"https:\/\/www.eldigitaldeasturias.com\/noticias\/botella-dice-que-aznar-no-ha-podido-cambiar-su-agenda-para-ir-a-valladolid\/","robots":"max-image-preview:large","keywords":"actualidad","webmasterTools":{"google-site-verification":"UA-38556648-1","msvalidate.01":"7dfe9f3f1b24437ab69f4f2559babe99","miscellaneous":""},"schema":{"@context":"https:\/\/schema.org","@graph":[{"@type":"BlogPosting","@id":"https:\/\/www.eldigitaldeasturias.com\/noticias\/botella-dice-que-aznar-no-ha-podido-cambiar-su-agenda-para-ir-a-valladolid\/#blogposting","name":"Botella dice que Aznar no ha podido cambiar su agenda para ir a Valladolid - El Digital de Asturias","headline":"Botella dice que Aznar no ha podido cambiar su agenda para ir a Valladolid","author":{"@id":"https:\/\/www.eldigitaldeasturias.com\/noticias\/author\/admin\/#author"},"publisher":{"@id":"https:\/\/www.eldigitaldeasturias.com\/noticias\/#organization"},"image":{"@type":"ImageObject","url":"https:\/\/www.eldigitaldeasturias.com\/noticias\/wp-content\/uploads\/2026\/06\/Contenidos.jpg","width":1265,"height":697,"caption":"Contenidos"},"datePublished":"2014-01-30T23:46:11+01:00","dateModified":"2014-01-30T23:46:11+01:00","inLanguage":"es-ES","mainEntityOfPage":{"@id":"https:\/\/www.eldigitaldeasturias.com\/noticias\/botella-dice-que-aznar-no-ha-podido-cambiar-su-agenda-para-ir-a-valladolid\/#webpage"},"isPartOf":{"@id":"https:\/\/www.eldigitaldeasturias.com\/noticias\/botella-dice-que-aznar-no-ha-podido-cambiar-su-agenda-para-ir-a-valladolid\/#webpage"},"articleSection":"Actualidad"},{"@type":"BreadcrumbList","@id":"https:\/\/www.eldigitaldeasturias.com\/noticias\/botella-dice-que-aznar-no-ha-podido-cambiar-su-agenda-para-ir-a-valladolid\/#breadcrumblist","itemListElement":[{"@type":"ListItem","@id":"https:\/\/www.eldigitaldeasturias.com\/noticias#listItem","position":1,"name":"Home","item":"https:\/\/www.eldigitaldeasturias.com\/noticias","nextItem":{"@type":"ListItem","@id":"https:\/\/www.eldigitaldeasturias.com\/noticias\/category\/actualidad\/#listItem","name":"Actualidad"}},{"@type":"ListItem","@id":"https:\/\/www.eldigitaldeasturias.com\/noticias\/category\/actualidad\/#listItem","position":2,"name":"Actualidad","item":"https:\/\/www.eldigitaldeasturias.com\/noticias\/category\/actualidad\/","nextItem":{"@type":"ListItem","@id":"https:\/\/www.eldigitaldeasturias.com\/noticias\/botella-dice-que-aznar-no-ha-podido-cambiar-su-agenda-para-ir-a-valladolid\/#listItem","name":"Botella dice que Aznar no ha podido cambiar su agenda para ir a Valladolid"},"previousItem":{"@type":"ListItem","@id":"https:\/\/www.eldigitaldeasturias.com\/noticias#listItem","name":"Home"}},{"@type":"ListItem","@id":"https:\/\/www.eldigitaldeasturias.com\/noticias\/botella-dice-que-aznar-no-ha-podido-cambiar-su-agenda-para-ir-a-valladolid\/#listItem","position":3,"name":"Botella dice que Aznar no ha podido cambiar su agenda para ir a Valladolid","previousItem":{"@type":"ListItem","@id":"https:\/\/www.eldigitaldeasturias.com\/noticias\/category\/actualidad\/#listItem","name":"Actualidad"}}]},{"@type":"Organization","@id":"https:\/\/www.eldigitaldeasturias.com\/noticias\/#organization","name":"El Digital de Asturias","description":"Hemeroteca","url":"https:\/\/www.eldigitaldeasturias.com\/noticias\/","email":"info@eldigitaldeasturias.com","telephone":"+34652131393","logo":{"@type":"ImageObject","url":"https:\/\/www.eldigitaldeasturias.com\/noticias\/wp-content\/uploads\/2020\/12\/EDA.jpg","@id":"https:\/\/www.eldigitaldeasturias.com\/noticias\/botella-dice-que-aznar-no-ha-podido-cambiar-su-agenda-para-ir-a-valladolid\/#organizationLogo"},"image":{"@id":"https:\/\/www.eldigitaldeasturias.com\/noticias\/botella-dice-que-aznar-no-ha-podido-cambiar-su-agenda-para-ir-a-valladolid\/#organizationLogo"},"sameAs":["https:\/\/facebook.com\/eldigitaldeasturias","https:\/\/www.youtube.com\/channel\/UCZP-2wLEB9Rv6erhFmqVnvg"],"address":{"@id":"https:\/\/www.eldigitaldeasturias.com\/noticias\/#postaladdress","@type":"PostalAddress","streetAddress":"san antonio 4","postalCode":"33430","addressLocality":"Cand\u00e1s","addressRegion":"Asturias","addressCountry":"ES"}},{"@type":"Person","@id":"https:\/\/www.eldigitaldeasturias.com\/noticias\/author\/admin\/#author","url":"https:\/\/www.eldigitaldeasturias.com\/noticias\/author\/admin\/","name":"El Digital de Asturias","image":{"@type":"ImageObject","@id":"https:\/\/www.eldigitaldeasturias.com\/noticias\/botella-dice-que-aznar-no-ha-podido-cambiar-su-agenda-para-ir-a-valladolid\/#authorImage","url":"https:\/\/secure.gravatar.com\/avatar\/df2aeffc32bcd13f8d26072ef8a91b623d677766deac7f97ca815868cd41bf5e?s=96&d=mm&r=g","width":96,"height":96,"caption":"El Digital de Asturias"}},{"@type":"WebPage","@id":"https:\/\/www.eldigitaldeasturias.com\/noticias\/botella-dice-que-aznar-no-ha-podido-cambiar-su-agenda-para-ir-a-valladolid\/#webpage","url":"https:\/\/www.eldigitaldeasturias.com\/noticias\/botella-dice-que-aznar-no-ha-podido-cambiar-su-agenda-para-ir-a-valladolid\/","name":"Botella dice que Aznar no ha podido cambiar su agenda para ir a Valladolid - El Digital de Asturias","description":"Madrid, 30 ene (EFE).- La alcaldesa de Madrid, Ana Botella, ha dicho hoy que su marido, el expresidente del Gobierno y presidente de Honor del PP Jos\u00e9 Mar\u00eda Aznar, no podr\u00e1 estar en la convenci\u00f3n que su partido celebrar\u00e1 este fin de semana en Valladolid porque no ha podido cambiar su agenda. \"Pasa una gran","inLanguage":"es-ES","isPartOf":{"@id":"https:\/\/www.eldigitaldeasturias.com\/noticias\/#website"},"breadcrumb":{"@id":"https:\/\/www.eldigitaldeasturias.com\/noticias\/botella-dice-que-aznar-no-ha-podido-cambiar-su-agenda-para-ir-a-valladolid\/#breadcrumblist"},"author":{"@id":"https:\/\/www.eldigitaldeasturias.com\/noticias\/author\/admin\/#author"},"creator":{"@id":"https:\/\/www.eldigitaldeasturias.com\/noticias\/author\/admin\/#author"},"image":{"@type":"ImageObject","url":"https:\/\/www.eldigitaldeasturias.com\/noticias\/wp-content\/uploads\/2026\/06\/Contenidos.jpg","@id":"https:\/\/www.eldigitaldeasturias.com\/noticias\/botella-dice-que-aznar-no-ha-podido-cambiar-su-agenda-para-ir-a-valladolid\/#mainImage","width":1265,"height":697,"caption":"Contenidos"},"primaryImageOfPage":{"@id":"https:\/\/www.eldigitaldeasturias.com\/noticias\/botella-dice-que-aznar-no-ha-podido-cambiar-su-agenda-para-ir-a-valladolid\/#mainImage"},"datePublished":"2014-01-30T23:46:11+01:00","dateModified":"2014-01-30T23:46:11+01:00"},{"@type":"WebSite","@id":"https:\/\/www.eldigitaldeasturias.com\/noticias\/#website","url":"https:\/\/www.eldigitaldeasturias.com\/noticias\/","name":"El Digital de Asturias - Diario de actualidad y noticias","alternateName":"El Digital de Asturias - Diario de actualidad y noticias","description":"Hemeroteca","inLanguage":"es-ES","publisher":{"@id":"https:\/\/www.eldigitaldeasturias.com\/noticias\/#organization"}}]},"og:locale":"es_ES","og:site_name":"El Digital de Asturias","og:type":"article","og:title":"Botella dice que Aznar no ha podido cambiar su agenda para ir a Valladolid - El Digital de Asturias","og:description":"Madrid, 30 ene (EFE).- La alcaldesa de Madrid, Ana Botella, ha dicho hoy que su marido, el expresidente del Gobierno y presidente de Honor del PP Jos\u00e9 Mar\u00eda Aznar, no podr\u00e1 estar en la convenci\u00f3n que su partido celebrar\u00e1 este fin de semana en Valladolid porque no ha podido cambiar su agenda. &quot;Pasa una gran","og:url":"https:\/\/www.eldigitaldeasturias.com\/noticias\/botella-dice-que-aznar-no-ha-podido-cambiar-su-agenda-para-ir-a-valladolid\/","og:image":"https:\/\/www.eldigitaldeasturias.com\/noticias\/wp-content\/uploads\/2026\/06\/Contenidos.jpg","og:image:secure_url":"https:\/\/www.eldigitaldeasturias.com\/noticias\/wp-content\/uploads\/2026\/06\/Contenidos.jpg","og:image:width":1265,"og:image:height":697,"article:tag":["actualidad"],"article:published_time":"2014-01-31T00:46:11+00:00","article:modified_time":"2014-01-31T00:46:11+00:00","article:publisher":"https:\/\/facebook.com\/eldigitaldeasturias","twitter:card":"summary_large_image","twitter:title":"Botella dice que Aznar no ha podido cambiar su agenda para ir a Valladolid - El Digital de Asturias","twitter:description":"Madrid, 30 ene (EFE).- La alcaldesa de Madrid, Ana Botella, ha dicho hoy que su marido, el expresidente del Gobierno y presidente de Honor del PP Jos\u00e9 Mar\u00eda Aznar, no podr\u00e1 estar en la convenci\u00f3n que su partido celebrar\u00e1 este fin de semana en Valladolid porque no ha podido cambiar su agenda. &quot;Pasa una gran","twitter:image":"https:\/\/www.eldigitaldeasturias.com\/noticias\/wp-content\/uploads\/2026\/06\/Contenidos.jpg","twitter:label1":"Escrito por","twitter:data1":"El Digital de Asturias","twitter:label2":"Tiempo de lectura estimado","twitter:data2":"1 minuto"},"aioseo_meta_data":{"post_id":"480736","title":null,"description":null,"keywords":null,"keyphrases":null,"primary_term":null,"canonical_url":null,"og_title":null,"og_description":null,"og_object_type":"default","og_image_type":"default","og_image_url":null,"og_image_width":null,"og_image_height":null,"og_image_custom_url":null,"og_image_custom_fields":null,"og_video":null,"og_custom_url":null,"og_article_section":null,"og_article_tags":null,"twitter_use_og":true,"twitter_card":"default","twitter_image_type":"default","twitter_image_url":null,"twitter_image_custom_url":null,"twitter_image_custom_fields":null,"twitter_title":null,"twitter_description":null,"schema":{"blockGraphs":[],"customGraphs":[],"default":{"data":{"Article":[],"Course":[],"Dataset":[],"FAQPage":[],"Movie":[],"Person":[],"Product":[],"ProductReview":[],"Car":[],"Recipe":[],"Service":[],"SoftwareApplication":[],"WebPage":[]},"graphName":"","isEnabled":true},"graphs":[],"defaultGraph":"","defaultPostTypeGraph":""},"schema_type":null,"schema_type_options":null,"pillar_content":false,"robots_default":true,"robots_noindex":false,"robots_noarchive":false,"robots_nosnippet":false,"robots_nofollow":false,"robots_noimageindex":false,"robots_noodp":false,"robots_notranslate":false,"robots_max_snippet":null,"robots_max_videopreview":null,"robots_max_imagepreview":"none","priority":null,"frequency":null,"local_seo":null,"seo_analyzer_scan_date":"2026-06-02 04:42:01","breadcrumb_settings":null,"limit_modified_date":false,"open_ai":null,"ai":null,"created":"2020-11-14 22:54:14","updated":"2026-06-02 04:42:01","focus_keyword":null,"additional_keywords":null,"truseo_locale":null},"aioseo_breadcrumb":"<div class=\"aioseo-breadcrumbs\"><span class=\"aioseo-breadcrumb\">\n\t<a href=\"https:\/\/www.eldigitaldeasturias.com\/noticias\" title=\"Home\">Home<\/a>\n<\/span><span class=\"aioseo-breadcrumb-separator\">\u2013<\/span><span class=\"aioseo-breadcrumb\">\n\t<a href=\"https:\/\/www.eldigitaldeasturias.com\/noticias\/category\/actualidad\/\" title=\"Actualidad\">Actualidad<\/a>\n<\/span><span class=\"aioseo-breadcrumb-separator\">\u2013<\/span><span class=\"aioseo-breadcrumb\">\n\t<a href=\"https:\/\/www.eldigitaldeasturias.com\/noticias\/botella-dice-que-aznar-no-ha-podido-cambiar-su-agenda-para-ir-a-valladolid\/\" title=\"Botella dice que Aznar no ha podido cambiar su agenda para ir a Valladolid\">Botella dice que Aznar no ha podido cambiar su agenda para ir a Valladolid<\/a>\n<\/span><\/div>","aioseo_breadcrumb_json":[{"label":"Home","link":"https:\/\/www.eldigitaldeasturias.com\/noticias"},{"label":"Actualidad","link":"https:\/\/www.eldigitaldeasturias.com\/noticias\/category\/actualidad\/"},{"label":"Botella dice que Aznar no ha podido cambiar su agenda para ir a Valladolid","link":"https:\/\/www.eldigitaldeasturias.com\/noticias\/botella-dice-que-aznar-no-ha-podido-cambiar-su-agenda-para-ir-a-valladolid\/"}],"_links":{"self":[{"href":"https:\/\/www.eldigitaldeasturias.com\/noticias\/wp-json\/wp\/v2\/posts\/480736","targetHints":{"allow":["GET"]}}],"collection":[{"href":"https:\/\/www.eldigitaldeasturias.com\/noticias\/wp-json\/wp\/v2\/posts"}],"about":[{"href":"https:\/\/www.eldigitaldeasturias.com\/noticias\/wp-json\/wp\/v2\/types\/post"}],"author":[{"embeddable":true,"href":"https:\/\/www.eldigitaldeasturias.com\/noticias\/wp-json\/wp\/v2\/users\/1"}],"replies":[{"embeddable":true,"href":"https:\/\/www.eldigitaldeasturias.com\/noticias\/wp-json\/wp\/v2\/comments?post=480736"}],"version-history":[{"count":0,"href":"https:\/\/www.eldigitaldeasturias.com\/noticias\/wp-json\/wp\/v2\/posts\/480736\/revisions"}],"wp:featuredmedia":[{"embeddable":true,"href":"https:\/\/www.eldigitaldeasturias.com\/noticias\/wp-json\/wp\/v2\/media\/1132184"}],"wp:attachment":[{"href":"https:\/\/www.eldigitaldeasturias.com\/noticias\/wp-json\/wp\/v2\/media?parent=480736"}],"wp:term":[{"taxonomy":"category","embeddable":true,"href":"https:\/\/www.eldigitaldeasturias.com\/noticias\/wp-json\/wp\/v2\/categories?post=480736"},{"taxonomy":"post_tag","embeddable":true,"href":"https:\/\/www.eldigitaldeasturias.com\/noticias\/wp-json\/wp\/v2\/tags?post=480736"}],"curies":[{"name":"wp","href":"https:\/\/api.w.org\/{rel}","templated":true}]}}