{"id":480718,"date":"2014-01-30T23:39:44","date_gmt":"2014-01-31T00:39:44","guid":{"rendered":"http:\/\/www.eldigitaldeasturias.com\/noticias\/?p=480718"},"modified":"2014-01-30T23:39:44","modified_gmt":"2014-01-31T00:39:44","slug":"alonso-dice-que-el-pp-tiene-marcadas-a-fuego-la-unidad-y-la-cohesion-internas","status":"publish","type":"post","link":"https:\/\/www.eldigitaldeasturias.com\/noticias\/alonso-dice-que-el-pp-tiene-marcadas-a-fuego-la-unidad-y-la-cohesion-internas\/","title":{"rendered":"Alonso dice que el PP tiene \u00abmarcadas a fuego\u00bb la unidad y la cohesi\u00f3n internas"},"content":{"rendered":"<p><img loading=\"lazy\" decoding=\"async\" class=\"alignleft size-medium wp-image-480719\" alt=\"5891270w\" src=\"https:\/\/www.eldigitaldeasturias.com\/noticias\/wp-content\/uploads\/2014\/01\/5891270w-360x239.jpg\" width=\"360\" height=\"239\" \/>Bilbao, 30 ene (EFE).- El portavoz del PP en el Congreso de los Diputados, Alfonso Alonso, ha afirmado hoy en relaci\u00f3n con las supuestas disensiones surgidas en su partido que esta formaci\u00f3n tiene \u00abmarcadas a fuego\u00bb la unidad y cohesi\u00f3n internas.<\/p>\n<p>\u00abSi una persona est\u00e1 en desacuerdo y prefiere participar en otra opci\u00f3n pol\u00edtica, yo lo he de respetar, pero no quiero participar en una ceremonia de cr\u00edticas, discusiones, o como dir\u00eda Rajoy en &#8216;dimes y diretes'\u00bb, ha dicho Alonso en declaraciones a los medios de comunicaci\u00f3n tras asistir en Bilbao a una conferencia pronunciada por la presidenta del PP vasco, Arantza Quiroga.<\/p>\n<p>Tampoco ha querido opinar sobre las recientes cr\u00edticas de la expresidenta del PP vasco, Mar\u00eda San Gil, a la estrategia terrorista actual del PP y ha reiterado que no hablar\u00e1 sobre esos asuntos y \u00abmenos\u00bb referidos a personas con las que ha compartido \u00abtanto\u00bb.<\/p>\n<p>\u00abNosotros nos justificamos con nuestro trabajo de cada d\u00eda, que es dar la cara en el Pa\u00eds Vasco y luchar contra el proyecto pol\u00edtico de ETA, porque ha sido derrotada la ETA de los comandos, pero todav\u00eda queda un proyecto pol\u00edtico y una historia por escribir\u00bb, ha dicho.<\/p>\n<p>En este punto, el portavoz parlamentario ha resaltado que el PP \u00abno se equivoca de adversario\u00bb.<\/p>\n<p>Ha mantenido que decir que el PP est\u00e1 atravesando un \u00abmomento malo\u00bb es un \u00abjuicio de valor\u00bb y, tras ironizar sobre si el momento del PP es dif\u00edcil -\u00abjuzguen cu\u00e1l es el momento del PSOE\u00bb-, ha opinado que \u00ablo que est\u00e1 pasando es el tiempo y las cosas cambian\u00bb.<\/p>\n<p>Ha afirmado que \u00abunas personas est\u00e1n y otras son relevadas\u00bb y en referencia al hecho de que Jaime Mayor Oreja haya anunciado que no se presentar\u00e1 de nuevo a las elecciones europeas, ha relatado que ayer, mi\u00e9rcoles, mantuvo una conversaci\u00f3n con \u00e9l \u00abcordial y sincera\u00bb y le dijo que no abandona el partido.<\/p>\n<p>Sobre la ausencia de Jos\u00e9 Mar\u00eda Aznar en la convenci\u00f3n que celebra el PP el pr\u00f3ximo fin de semana en Valladolid, Alonso ha indicado que \u00abcuando una persona seria como Aznar da una explicaci\u00f3n, lo razonable es creerle\u00bb.<\/p>\n<p>\u00abTiene un problema de agenda por la premura con la que convocamos la convenci\u00f3n\u00bb, ha asegurado.<\/p>\n","protected":false},"excerpt":{"rendered":"<p>Bilbao, 30 ene (EFE).- El portavoz del PP en el Congreso de los Diputados, Alfonso Alonso, ha afirmado hoy en relaci\u00f3n con las supuestas disensiones surgidas en su partido que esta formaci\u00f3n tiene \u00abmarcadas a fuego\u00bb la unidad y cohesi\u00f3n internas. \u00abSi una persona est\u00e1 en desacuerdo y prefiere participar en otra opci\u00f3n pol\u00edtica, yo [&hellip;]<\/p>\n","protected":false},"author":1,"featured_media":1132184,"comment_status":"closed","ping_status":"open","sticky":false,"template":"","format":"standard","meta":{"footnotes":""},"categories":[1],"tags":[],"class_list":["post-480718","post","type-post","status-publish","format-standard","has-post-thumbnail","hentry","category-actualidad"],"aioseo_notices":[],"aioseo_head":"\n\t\t<!-- All in One SEO Pro 5.0.1 - aioseo.com -->\n\t<meta name=\"description\" content=\"Bilbao, 30 ene (EFE).- El portavoz del PP en el Congreso de los Diputados, Alfonso Alonso, ha afirmado hoy en relaci\u00f3n con las supuestas disensiones surgidas en su partido que esta formaci\u00f3n tiene &quot;marcadas a fuego&quot; la unidad y cohesi\u00f3n internas. &quot;Si una persona est\u00e1 en desacuerdo y prefiere participar en otra opci\u00f3n pol\u00edtica, yo\" \/>\n\t<meta name=\"robots\" content=\"max-image-preview:large\" \/>\n\t<meta name=\"author\" content=\"El Digital de Asturias\"\/>\n\t<meta name=\"google-site-verification\" content=\"UA-38556648-1\" \/>\n\t<meta name=\"msvalidate.01\" content=\"7dfe9f3f1b24437ab69f4f2559babe99\" \/>\n\t<meta name=\"keywords\" content=\"actualidad\" \/>\n\t<link rel=\"canonical\" href=\"https:\/\/www.eldigitaldeasturias.com\/noticias\/alonso-dice-que-el-pp-tiene-marcadas-a-fuego-la-unidad-y-la-cohesion-internas\/\" \/>\n\t<meta name=\"generator\" content=\"All in One SEO Pro (AIOSEO) 5.0.1\" \/>\n\t\t<meta property=\"og:locale\" content=\"es_ES\" \/>\n\t\t<meta property=\"og:site_name\" content=\"El Digital de Asturias\" \/>\n\t\t<meta property=\"og:type\" content=\"article\" \/>\n\t\t<meta property=\"og:title\" content=\"Alonso dice que el PP tiene \u00abmarcadas a fuego\u00bb la unidad y la cohesi\u00f3n internas - El Digital de Asturias\" \/>\n\t\t<meta property=\"og:description\" content=\"Bilbao, 30 ene (EFE).- El portavoz del PP en el Congreso de los Diputados, Alfonso Alonso, ha afirmado hoy en relaci\u00f3n con las supuestas disensiones surgidas en su partido que esta formaci\u00f3n tiene &quot;marcadas a fuego&quot; la unidad y cohesi\u00f3n internas. &quot;Si una persona est\u00e1 en desacuerdo y prefiere participar en otra opci\u00f3n pol\u00edtica, yo\" \/>\n\t\t<meta property=\"og:url\" content=\"https:\/\/www.eldigitaldeasturias.com\/noticias\/alonso-dice-que-el-pp-tiene-marcadas-a-fuego-la-unidad-y-la-cohesion-internas\/\" \/>\n\t\t<meta property=\"og:image\" content=\"https:\/\/www.eldigitaldeasturias.com\/noticias\/wp-content\/uploads\/2026\/06\/Contenidos.jpg\" \/>\n\t\t<meta property=\"og:image:secure_url\" content=\"https:\/\/www.eldigitaldeasturias.com\/noticias\/wp-content\/uploads\/2026\/06\/Contenidos.jpg\" \/>\n\t\t<meta property=\"og:image:width\" content=\"1265\" \/>\n\t\t<meta property=\"og:image:height\" content=\"697\" \/>\n\t\t<meta property=\"article:tag\" content=\"actualidad\" \/>\n\t\t<meta property=\"article:published_time\" content=\"2014-01-31T00:39:44+00:00\" \/>\n\t\t<meta property=\"article:modified_time\" content=\"2014-01-31T00:39:44+00:00\" \/>\n\t\t<meta property=\"article:publisher\" content=\"https:\/\/facebook.com\/eldigitaldeasturias\" \/>\n\t\t<meta name=\"twitter:card\" content=\"summary_large_image\" \/>\n\t\t<meta name=\"twitter:title\" content=\"Alonso dice que el PP tiene \u00abmarcadas a fuego\u00bb la unidad y la cohesi\u00f3n internas - El Digital de Asturias\" \/>\n\t\t<meta name=\"twitter:description\" content=\"Bilbao, 30 ene (EFE).- El portavoz del PP en el Congreso de los Diputados, Alfonso Alonso, ha afirmado hoy en relaci\u00f3n con las supuestas disensiones surgidas en su partido que esta formaci\u00f3n tiene &quot;marcadas a fuego&quot; la unidad y cohesi\u00f3n internas. &quot;Si una persona est\u00e1 en desacuerdo y prefiere participar en otra opci\u00f3n pol\u00edtica, yo\" \/>\n\t\t<meta name=\"twitter:image\" content=\"https:\/\/www.eldigitaldeasturias.com\/noticias\/wp-content\/uploads\/2026\/06\/Contenidos.jpg\" \/>\n\t\t<meta name=\"twitter:label1\" content=\"Escrito por\" \/>\n\t\t<meta name=\"twitter:data1\" content=\"El Digital de Asturias\" \/>\n\t\t<meta name=\"twitter:label2\" content=\"Tiempo de lectura estimado\" \/>\n\t\t<meta name=\"twitter:data2\" content=\"2 minutos\" \/>\n\t\t<script type=\"application\/ld+json\" class=\"aioseo-schema\">\n\t\t\t{\"@context\":\"https:\\\/\\\/schema.org\",\"@graph\":[{\"@type\":\"BlogPosting\",\"@id\":\"https:\\\/\\\/www.eldigitaldeasturias.com\\\/noticias\\\/alonso-dice-que-el-pp-tiene-marcadas-a-fuego-la-unidad-y-la-cohesion-internas\\\/#blogposting\",\"name\":\"Alonso dice que el PP tiene \\u00abmarcadas a fuego\\u00bb la unidad y la cohesi\\u00f3n internas - El Digital de Asturias\",\"headline\":\"Alonso dice que el PP tiene \\u00abmarcadas a fuego\\u00bb la unidad y la cohesi\\u00f3n internas\",\"author\":{\"@id\":\"https:\\\/\\\/www.eldigitaldeasturias.com\\\/noticias\\\/author\\\/admin\\\/#author\"},\"publisher\":{\"@id\":\"https:\\\/\\\/www.eldigitaldeasturias.com\\\/noticias\\\/#organization\"},\"image\":{\"@type\":\"ImageObject\",\"url\":\"https:\\\/\\\/www.eldigitaldeasturias.com\\\/noticias\\\/wp-content\\\/uploads\\\/2026\\\/06\\\/Contenidos.jpg\",\"width\":1265,\"height\":697,\"caption\":\"Contenidos\"},\"datePublished\":\"2014-01-30T23:39:44+01:00\",\"dateModified\":\"2014-01-30T23:39:44+01:00\",\"inLanguage\":\"es-ES\",\"mainEntityOfPage\":{\"@id\":\"https:\\\/\\\/www.eldigitaldeasturias.com\\\/noticias\\\/alonso-dice-que-el-pp-tiene-marcadas-a-fuego-la-unidad-y-la-cohesion-internas\\\/#webpage\"},\"isPartOf\":{\"@id\":\"https:\\\/\\\/www.eldigitaldeasturias.com\\\/noticias\\\/alonso-dice-que-el-pp-tiene-marcadas-a-fuego-la-unidad-y-la-cohesion-internas\\\/#webpage\"},\"articleSection\":\"Actualidad\"},{\"@type\":\"BreadcrumbList\",\"@id\":\"https:\\\/\\\/www.eldigitaldeasturias.com\\\/noticias\\\/alonso-dice-que-el-pp-tiene-marcadas-a-fuego-la-unidad-y-la-cohesion-internas\\\/#breadcrumblist\",\"itemListElement\":[{\"@type\":\"ListItem\",\"@id\":\"https:\\\/\\\/www.eldigitaldeasturias.com\\\/noticias#listItem\",\"position\":1,\"name\":\"Home\",\"item\":\"https:\\\/\\\/www.eldigitaldeasturias.com\\\/noticias\",\"nextItem\":{\"@type\":\"ListItem\",\"@id\":\"https:\\\/\\\/www.eldigitaldeasturias.com\\\/noticias\\\/category\\\/actualidad\\\/#listItem\",\"name\":\"Actualidad\"}},{\"@type\":\"ListItem\",\"@id\":\"https:\\\/\\\/www.eldigitaldeasturias.com\\\/noticias\\\/category\\\/actualidad\\\/#listItem\",\"position\":2,\"name\":\"Actualidad\",\"item\":\"https:\\\/\\\/www.eldigitaldeasturias.com\\\/noticias\\\/category\\\/actualidad\\\/\",\"nextItem\":{\"@type\":\"ListItem\",\"@id\":\"https:\\\/\\\/www.eldigitaldeasturias.com\\\/noticias\\\/alonso-dice-que-el-pp-tiene-marcadas-a-fuego-la-unidad-y-la-cohesion-internas\\\/#listItem\",\"name\":\"Alonso dice que el PP tiene \\u00abmarcadas a fuego\\u00bb la unidad y la cohesi\\u00f3n internas\"},\"previousItem\":{\"@type\":\"ListItem\",\"@id\":\"https:\\\/\\\/www.eldigitaldeasturias.com\\\/noticias#listItem\",\"name\":\"Home\"}},{\"@type\":\"ListItem\",\"@id\":\"https:\\\/\\\/www.eldigitaldeasturias.com\\\/noticias\\\/alonso-dice-que-el-pp-tiene-marcadas-a-fuego-la-unidad-y-la-cohesion-internas\\\/#listItem\",\"position\":3,\"name\":\"Alonso dice que el PP tiene \\u00abmarcadas a fuego\\u00bb la unidad y la cohesi\\u00f3n internas\",\"previousItem\":{\"@type\":\"ListItem\",\"@id\":\"https:\\\/\\\/www.eldigitaldeasturias.com\\\/noticias\\\/category\\\/actualidad\\\/#listItem\",\"name\":\"Actualidad\"}}]},{\"@type\":\"Organization\",\"@id\":\"https:\\\/\\\/www.eldigitaldeasturias.com\\\/noticias\\\/#organization\",\"name\":\"El Digital de Asturias\",\"description\":\"Hemeroteca\",\"url\":\"https:\\\/\\\/www.eldigitaldeasturias.com\\\/noticias\\\/\",\"email\":\"info@eldigitaldeasturias.com\",\"telephone\":\"+34652131393\",\"logo\":{\"@type\":\"ImageObject\",\"url\":\"https:\\\/\\\/www.eldigitaldeasturias.com\\\/noticias\\\/wp-content\\\/uploads\\\/2020\\\/12\\\/EDA.jpg\",\"@id\":\"https:\\\/\\\/www.eldigitaldeasturias.com\\\/noticias\\\/alonso-dice-que-el-pp-tiene-marcadas-a-fuego-la-unidad-y-la-cohesion-internas\\\/#organizationLogo\"},\"image\":{\"@id\":\"https:\\\/\\\/www.eldigitaldeasturias.com\\\/noticias\\\/alonso-dice-que-el-pp-tiene-marcadas-a-fuego-la-unidad-y-la-cohesion-internas\\\/#organizationLogo\"},\"sameAs\":[\"https:\\\/\\\/facebook.com\\\/eldigitaldeasturias\",\"https:\\\/\\\/www.youtube.com\\\/channel\\\/UCZP-2wLEB9Rv6erhFmqVnvg\"],\"address\":{\"@id\":\"https:\\\/\\\/www.eldigitaldeasturias.com\\\/noticias\\\/#postaladdress\",\"@type\":\"PostalAddress\",\"streetAddress\":\"san antonio 4\",\"postalCode\":\"33430\",\"addressLocality\":\"Cand\\u00e1s\",\"addressRegion\":\"Asturias\",\"addressCountry\":\"ES\"}},{\"@type\":\"Person\",\"@id\":\"https:\\\/\\\/www.eldigitaldeasturias.com\\\/noticias\\\/author\\\/admin\\\/#author\",\"url\":\"https:\\\/\\\/www.eldigitaldeasturias.com\\\/noticias\\\/author\\\/admin\\\/\",\"name\":\"El Digital de Asturias\",\"image\":{\"@type\":\"ImageObject\",\"@id\":\"https:\\\/\\\/www.eldigitaldeasturias.com\\\/noticias\\\/alonso-dice-que-el-pp-tiene-marcadas-a-fuego-la-unidad-y-la-cohesion-internas\\\/#authorImage\",\"url\":\"https:\\\/\\\/secure.gravatar.com\\\/avatar\\\/df2aeffc32bcd13f8d26072ef8a91b623d677766deac7f97ca815868cd41bf5e?s=96&d=mm&r=g\",\"width\":96,\"height\":96,\"caption\":\"El Digital de Asturias\"}},{\"@type\":\"WebPage\",\"@id\":\"https:\\\/\\\/www.eldigitaldeasturias.com\\\/noticias\\\/alonso-dice-que-el-pp-tiene-marcadas-a-fuego-la-unidad-y-la-cohesion-internas\\\/#webpage\",\"url\":\"https:\\\/\\\/www.eldigitaldeasturias.com\\\/noticias\\\/alonso-dice-que-el-pp-tiene-marcadas-a-fuego-la-unidad-y-la-cohesion-internas\\\/\",\"name\":\"Alonso dice que el PP tiene \\u00abmarcadas a fuego\\u00bb la unidad y la cohesi\\u00f3n internas - El Digital de Asturias\",\"description\":\"Bilbao, 30 ene (EFE).- El portavoz del PP en el Congreso de los Diputados, Alfonso Alonso, ha afirmado hoy en relaci\\u00f3n con las supuestas disensiones surgidas en su partido que esta formaci\\u00f3n tiene \\\"marcadas a fuego\\\" la unidad y cohesi\\u00f3n internas. \\\"Si una persona est\\u00e1 en desacuerdo y prefiere participar en otra opci\\u00f3n pol\\u00edtica, yo\",\"inLanguage\":\"es-ES\",\"isPartOf\":{\"@id\":\"https:\\\/\\\/www.eldigitaldeasturias.com\\\/noticias\\\/#website\"},\"breadcrumb\":{\"@id\":\"https:\\\/\\\/www.eldigitaldeasturias.com\\\/noticias\\\/alonso-dice-que-el-pp-tiene-marcadas-a-fuego-la-unidad-y-la-cohesion-internas\\\/#breadcrumblist\"},\"author\":{\"@id\":\"https:\\\/\\\/www.eldigitaldeasturias.com\\\/noticias\\\/author\\\/admin\\\/#author\"},\"creator\":{\"@id\":\"https:\\\/\\\/www.eldigitaldeasturias.com\\\/noticias\\\/author\\\/admin\\\/#author\"},\"image\":{\"@type\":\"ImageObject\",\"url\":\"https:\\\/\\\/www.eldigitaldeasturias.com\\\/noticias\\\/wp-content\\\/uploads\\\/2026\\\/06\\\/Contenidos.jpg\",\"@id\":\"https:\\\/\\\/www.eldigitaldeasturias.com\\\/noticias\\\/alonso-dice-que-el-pp-tiene-marcadas-a-fuego-la-unidad-y-la-cohesion-internas\\\/#mainImage\",\"width\":1265,\"height\":697,\"caption\":\"Contenidos\"},\"primaryImageOfPage\":{\"@id\":\"https:\\\/\\\/www.eldigitaldeasturias.com\\\/noticias\\\/alonso-dice-que-el-pp-tiene-marcadas-a-fuego-la-unidad-y-la-cohesion-internas\\\/#mainImage\"},\"datePublished\":\"2014-01-30T23:39:44+01:00\",\"dateModified\":\"2014-01-30T23:39:44+01:00\"},{\"@type\":\"WebSite\",\"@id\":\"https:\\\/\\\/www.eldigitaldeasturias.com\\\/noticias\\\/#website\",\"url\":\"https:\\\/\\\/www.eldigitaldeasturias.com\\\/noticias\\\/\",\"name\":\"El Digital de Asturias - Diario de actualidad y noticias\",\"alternateName\":\"El Digital de Asturias - Diario de actualidad y noticias\",\"description\":\"Hemeroteca\",\"inLanguage\":\"es-ES\",\"publisher\":{\"@id\":\"https:\\\/\\\/www.eldigitaldeasturias.com\\\/noticias\\\/#organization\"}}]}\n\t\t<\/script>\n\t\t<!-- All in One SEO Pro -->\r\n\t\t<title>Alonso dice que el PP tiene \u00abmarcadas a fuego\u00bb la unidad y la cohesi\u00f3n internas - El Digital de Asturias<\/title>\n\n","aioseo_head_json":{"title":"Alonso dice que el PP tiene \u00abmarcadas a fuego\u00bb la unidad y la cohesi\u00f3n internas - El Digital de Asturias","description":"Bilbao, 30 ene (EFE).- El portavoz del PP en el Congreso de los Diputados, Alfonso Alonso, ha afirmado hoy en relaci\u00f3n con las supuestas disensiones surgidas en su partido que esta formaci\u00f3n tiene \"marcadas a fuego\" la unidad y cohesi\u00f3n internas. \"Si una persona est\u00e1 en desacuerdo y prefiere participar en otra opci\u00f3n pol\u00edtica, yo","canonical_url":"https:\/\/www.eldigitaldeasturias.com\/noticias\/alonso-dice-que-el-pp-tiene-marcadas-a-fuego-la-unidad-y-la-cohesion-internas\/","robots":"max-image-preview:large","keywords":"actualidad","webmasterTools":{"google-site-verification":"UA-38556648-1","msvalidate.01":"7dfe9f3f1b24437ab69f4f2559babe99","miscellaneous":""},"schema":{"@context":"https:\/\/schema.org","@graph":[{"@type":"BlogPosting","@id":"https:\/\/www.eldigitaldeasturias.com\/noticias\/alonso-dice-que-el-pp-tiene-marcadas-a-fuego-la-unidad-y-la-cohesion-internas\/#blogposting","name":"Alonso dice que el PP tiene \u00abmarcadas a fuego\u00bb la unidad y la cohesi\u00f3n internas - El Digital de Asturias","headline":"Alonso dice que el PP tiene \u00abmarcadas a fuego\u00bb la unidad y la cohesi\u00f3n internas","author":{"@id":"https:\/\/www.eldigitaldeasturias.com\/noticias\/author\/admin\/#author"},"publisher":{"@id":"https:\/\/www.eldigitaldeasturias.com\/noticias\/#organization"},"image":{"@type":"ImageObject","url":"https:\/\/www.eldigitaldeasturias.com\/noticias\/wp-content\/uploads\/2026\/06\/Contenidos.jpg","width":1265,"height":697,"caption":"Contenidos"},"datePublished":"2014-01-30T23:39:44+01:00","dateModified":"2014-01-30T23:39:44+01:00","inLanguage":"es-ES","mainEntityOfPage":{"@id":"https:\/\/www.eldigitaldeasturias.com\/noticias\/alonso-dice-que-el-pp-tiene-marcadas-a-fuego-la-unidad-y-la-cohesion-internas\/#webpage"},"isPartOf":{"@id":"https:\/\/www.eldigitaldeasturias.com\/noticias\/alonso-dice-que-el-pp-tiene-marcadas-a-fuego-la-unidad-y-la-cohesion-internas\/#webpage"},"articleSection":"Actualidad"},{"@type":"BreadcrumbList","@id":"https:\/\/www.eldigitaldeasturias.com\/noticias\/alonso-dice-que-el-pp-tiene-marcadas-a-fuego-la-unidad-y-la-cohesion-internas\/#breadcrumblist","itemListElement":[{"@type":"ListItem","@id":"https:\/\/www.eldigitaldeasturias.com\/noticias#listItem","position":1,"name":"Home","item":"https:\/\/www.eldigitaldeasturias.com\/noticias","nextItem":{"@type":"ListItem","@id":"https:\/\/www.eldigitaldeasturias.com\/noticias\/category\/actualidad\/#listItem","name":"Actualidad"}},{"@type":"ListItem","@id":"https:\/\/www.eldigitaldeasturias.com\/noticias\/category\/actualidad\/#listItem","position":2,"name":"Actualidad","item":"https:\/\/www.eldigitaldeasturias.com\/noticias\/category\/actualidad\/","nextItem":{"@type":"ListItem","@id":"https:\/\/www.eldigitaldeasturias.com\/noticias\/alonso-dice-que-el-pp-tiene-marcadas-a-fuego-la-unidad-y-la-cohesion-internas\/#listItem","name":"Alonso dice que el PP tiene \u00abmarcadas a fuego\u00bb la unidad y la cohesi\u00f3n internas"},"previousItem":{"@type":"ListItem","@id":"https:\/\/www.eldigitaldeasturias.com\/noticias#listItem","name":"Home"}},{"@type":"ListItem","@id":"https:\/\/www.eldigitaldeasturias.com\/noticias\/alonso-dice-que-el-pp-tiene-marcadas-a-fuego-la-unidad-y-la-cohesion-internas\/#listItem","position":3,"name":"Alonso dice que el PP tiene \u00abmarcadas a fuego\u00bb la unidad y la cohesi\u00f3n internas","previousItem":{"@type":"ListItem","@id":"https:\/\/www.eldigitaldeasturias.com\/noticias\/category\/actualidad\/#listItem","name":"Actualidad"}}]},{"@type":"Organization","@id":"https:\/\/www.eldigitaldeasturias.com\/noticias\/#organization","name":"El Digital de Asturias","description":"Hemeroteca","url":"https:\/\/www.eldigitaldeasturias.com\/noticias\/","email":"info@eldigitaldeasturias.com","telephone":"+34652131393","logo":{"@type":"ImageObject","url":"https:\/\/www.eldigitaldeasturias.com\/noticias\/wp-content\/uploads\/2020\/12\/EDA.jpg","@id":"https:\/\/www.eldigitaldeasturias.com\/noticias\/alonso-dice-que-el-pp-tiene-marcadas-a-fuego-la-unidad-y-la-cohesion-internas\/#organizationLogo"},"image":{"@id":"https:\/\/www.eldigitaldeasturias.com\/noticias\/alonso-dice-que-el-pp-tiene-marcadas-a-fuego-la-unidad-y-la-cohesion-internas\/#organizationLogo"},"sameAs":["https:\/\/facebook.com\/eldigitaldeasturias","https:\/\/www.youtube.com\/channel\/UCZP-2wLEB9Rv6erhFmqVnvg"],"address":{"@id":"https:\/\/www.eldigitaldeasturias.com\/noticias\/#postaladdress","@type":"PostalAddress","streetAddress":"san antonio 4","postalCode":"33430","addressLocality":"Cand\u00e1s","addressRegion":"Asturias","addressCountry":"ES"}},{"@type":"Person","@id":"https:\/\/www.eldigitaldeasturias.com\/noticias\/author\/admin\/#author","url":"https:\/\/www.eldigitaldeasturias.com\/noticias\/author\/admin\/","name":"El Digital de Asturias","image":{"@type":"ImageObject","@id":"https:\/\/www.eldigitaldeasturias.com\/noticias\/alonso-dice-que-el-pp-tiene-marcadas-a-fuego-la-unidad-y-la-cohesion-internas\/#authorImage","url":"https:\/\/secure.gravatar.com\/avatar\/df2aeffc32bcd13f8d26072ef8a91b623d677766deac7f97ca815868cd41bf5e?s=96&d=mm&r=g","width":96,"height":96,"caption":"El Digital de Asturias"}},{"@type":"WebPage","@id":"https:\/\/www.eldigitaldeasturias.com\/noticias\/alonso-dice-que-el-pp-tiene-marcadas-a-fuego-la-unidad-y-la-cohesion-internas\/#webpage","url":"https:\/\/www.eldigitaldeasturias.com\/noticias\/alonso-dice-que-el-pp-tiene-marcadas-a-fuego-la-unidad-y-la-cohesion-internas\/","name":"Alonso dice que el PP tiene \u00abmarcadas a fuego\u00bb la unidad y la cohesi\u00f3n internas - El Digital de Asturias","description":"Bilbao, 30 ene (EFE).- El portavoz del PP en el Congreso de los Diputados, Alfonso Alonso, ha afirmado hoy en relaci\u00f3n con las supuestas disensiones surgidas en su partido que esta formaci\u00f3n tiene \"marcadas a fuego\" la unidad y cohesi\u00f3n internas. \"Si una persona est\u00e1 en desacuerdo y prefiere participar en otra opci\u00f3n pol\u00edtica, yo","inLanguage":"es-ES","isPartOf":{"@id":"https:\/\/www.eldigitaldeasturias.com\/noticias\/#website"},"breadcrumb":{"@id":"https:\/\/www.eldigitaldeasturias.com\/noticias\/alonso-dice-que-el-pp-tiene-marcadas-a-fuego-la-unidad-y-la-cohesion-internas\/#breadcrumblist"},"author":{"@id":"https:\/\/www.eldigitaldeasturias.com\/noticias\/author\/admin\/#author"},"creator":{"@id":"https:\/\/www.eldigitaldeasturias.com\/noticias\/author\/admin\/#author"},"image":{"@type":"ImageObject","url":"https:\/\/www.eldigitaldeasturias.com\/noticias\/wp-content\/uploads\/2026\/06\/Contenidos.jpg","@id":"https:\/\/www.eldigitaldeasturias.com\/noticias\/alonso-dice-que-el-pp-tiene-marcadas-a-fuego-la-unidad-y-la-cohesion-internas\/#mainImage","width":1265,"height":697,"caption":"Contenidos"},"primaryImageOfPage":{"@id":"https:\/\/www.eldigitaldeasturias.com\/noticias\/alonso-dice-que-el-pp-tiene-marcadas-a-fuego-la-unidad-y-la-cohesion-internas\/#mainImage"},"datePublished":"2014-01-30T23:39:44+01:00","dateModified":"2014-01-30T23:39:44+01:00"},{"@type":"WebSite","@id":"https:\/\/www.eldigitaldeasturias.com\/noticias\/#website","url":"https:\/\/www.eldigitaldeasturias.com\/noticias\/","name":"El Digital de Asturias - Diario de actualidad y noticias","alternateName":"El Digital de Asturias - Diario de actualidad y noticias","description":"Hemeroteca","inLanguage":"es-ES","publisher":{"@id":"https:\/\/www.eldigitaldeasturias.com\/noticias\/#organization"}}]},"og:locale":"es_ES","og:site_name":"El Digital de Asturias","og:type":"article","og:title":"Alonso dice que el PP tiene \u00abmarcadas a fuego\u00bb la unidad y la cohesi\u00f3n internas - El Digital de Asturias","og:description":"Bilbao, 30 ene (EFE).- El portavoz del PP en el Congreso de los Diputados, Alfonso Alonso, ha afirmado hoy en relaci\u00f3n con las supuestas disensiones surgidas en su partido que esta formaci\u00f3n tiene &quot;marcadas a fuego&quot; la unidad y cohesi\u00f3n internas. &quot;Si una persona est\u00e1 en desacuerdo y prefiere participar en otra opci\u00f3n pol\u00edtica, yo","og:url":"https:\/\/www.eldigitaldeasturias.com\/noticias\/alonso-dice-que-el-pp-tiene-marcadas-a-fuego-la-unidad-y-la-cohesion-internas\/","og:image":"https:\/\/www.eldigitaldeasturias.com\/noticias\/wp-content\/uploads\/2026\/06\/Contenidos.jpg","og:image:secure_url":"https:\/\/www.eldigitaldeasturias.com\/noticias\/wp-content\/uploads\/2026\/06\/Contenidos.jpg","og:image:width":1265,"og:image:height":697,"article:tag":["actualidad"],"article:published_time":"2014-01-31T00:39:44+00:00","article:modified_time":"2014-01-31T00:39:44+00:00","article:publisher":"https:\/\/facebook.com\/eldigitaldeasturias","twitter:card":"summary_large_image","twitter:title":"Alonso dice que el PP tiene \u00abmarcadas a fuego\u00bb la unidad y la cohesi\u00f3n internas - El Digital de Asturias","twitter:description":"Bilbao, 30 ene (EFE).- El portavoz del PP en el Congreso de los Diputados, Alfonso Alonso, ha afirmado hoy en relaci\u00f3n con las supuestas disensiones surgidas en su partido que esta formaci\u00f3n tiene &quot;marcadas a fuego&quot; la unidad y cohesi\u00f3n internas. &quot;Si una persona est\u00e1 en desacuerdo y prefiere participar en otra opci\u00f3n pol\u00edtica, yo","twitter:image":"https:\/\/www.eldigitaldeasturias.com\/noticias\/wp-content\/uploads\/2026\/06\/Contenidos.jpg","twitter:label1":"Escrito por","twitter:data1":"El Digital de Asturias","twitter:label2":"Tiempo de lectura estimado","twitter:data2":"2 minutos"},"aioseo_meta_data":{"post_id":"480718","title":null,"description":null,"keywords":null,"keyphrases":null,"primary_term":null,"canonical_url":null,"og_title":null,"og_description":null,"og_object_type":"default","og_image_type":"default","og_image_url":null,"og_image_width":null,"og_image_height":null,"og_image_custom_url":null,"og_image_custom_fields":null,"og_video":null,"og_custom_url":null,"og_article_section":null,"og_article_tags":null,"twitter_use_og":true,"twitter_card":"default","twitter_image_type":"default","twitter_image_url":null,"twitter_image_custom_url":null,"twitter_image_custom_fields":null,"twitter_title":null,"twitter_description":null,"schema":{"blockGraphs":[],"customGraphs":[],"default":{"data":{"Article":[],"Course":[],"Dataset":[],"FAQPage":[],"Movie":[],"Person":[],"Product":[],"ProductReview":[],"Car":[],"Recipe":[],"Service":[],"SoftwareApplication":[],"WebPage":[]},"graphName":"","isEnabled":true},"graphs":[],"defaultGraph":"","defaultPostTypeGraph":""},"schema_type":null,"schema_type_options":null,"pillar_content":false,"robots_default":true,"robots_noindex":false,"robots_noarchive":false,"robots_nosnippet":false,"robots_nofollow":false,"robots_noimageindex":false,"robots_noodp":false,"robots_notranslate":false,"robots_max_snippet":null,"robots_max_videopreview":null,"robots_max_imagepreview":"none","priority":null,"frequency":null,"local_seo":null,"seo_analyzer_scan_date":"2026-06-02 04:39:49","breadcrumb_settings":null,"limit_modified_date":false,"open_ai":null,"ai":null,"created":"2020-11-14 22:54:14","updated":"2026-06-02 04:39:49","focus_keyword":null,"additional_keywords":null,"truseo_locale":null},"aioseo_breadcrumb":"<div class=\"aioseo-breadcrumbs\"><span class=\"aioseo-breadcrumb\">\n\t<a href=\"https:\/\/www.eldigitaldeasturias.com\/noticias\" title=\"Home\">Home<\/a>\n<\/span><span class=\"aioseo-breadcrumb-separator\">\u2013<\/span><span class=\"aioseo-breadcrumb\">\n\t<a href=\"https:\/\/www.eldigitaldeasturias.com\/noticias\/category\/actualidad\/\" title=\"Actualidad\">Actualidad<\/a>\n<\/span><span class=\"aioseo-breadcrumb-separator\">\u2013<\/span><span class=\"aioseo-breadcrumb\">\n\t<a href=\"https:\/\/www.eldigitaldeasturias.com\/noticias\/alonso-dice-que-el-pp-tiene-marcadas-a-fuego-la-unidad-y-la-cohesion-internas\/\" title=\"Alonso dice que el PP tiene \u00abmarcadas a fuego\u00bb la unidad y la cohesi\u00f3n internas\">Alonso dice que el PP tiene \u00abmarcadas a fuego\u00bb la unidad y la cohesi\u00f3n internas<\/a>\n<\/span><\/div>","aioseo_breadcrumb_json":[{"label":"Home","link":"https:\/\/www.eldigitaldeasturias.com\/noticias"},{"label":"Actualidad","link":"https:\/\/www.eldigitaldeasturias.com\/noticias\/category\/actualidad\/"},{"label":"Alonso dice que el PP tiene \u00abmarcadas a fuego\u00bb la unidad y la cohesi\u00f3n internas","link":"https:\/\/www.eldigitaldeasturias.com\/noticias\/alonso-dice-que-el-pp-tiene-marcadas-a-fuego-la-unidad-y-la-cohesion-internas\/"}],"_links":{"self":[{"href":"https:\/\/www.eldigitaldeasturias.com\/noticias\/wp-json\/wp\/v2\/posts\/480718","targetHints":{"allow":["GET"]}}],"collection":[{"href":"https:\/\/www.eldigitaldeasturias.com\/noticias\/wp-json\/wp\/v2\/posts"}],"about":[{"href":"https:\/\/www.eldigitaldeasturias.com\/noticias\/wp-json\/wp\/v2\/types\/post"}],"author":[{"embeddable":true,"href":"https:\/\/www.eldigitaldeasturias.com\/noticias\/wp-json\/wp\/v2\/users\/1"}],"replies":[{"embeddable":true,"href":"https:\/\/www.eldigitaldeasturias.com\/noticias\/wp-json\/wp\/v2\/comments?post=480718"}],"version-history":[{"count":0,"href":"https:\/\/www.eldigitaldeasturias.com\/noticias\/wp-json\/wp\/v2\/posts\/480718\/revisions"}],"wp:featuredmedia":[{"embeddable":true,"href":"https:\/\/www.eldigitaldeasturias.com\/noticias\/wp-json\/wp\/v2\/media\/1132184"}],"wp:attachment":[{"href":"https:\/\/www.eldigitaldeasturias.com\/noticias\/wp-json\/wp\/v2\/media?parent=480718"}],"wp:term":[{"taxonomy":"category","embeddable":true,"href":"https:\/\/www.eldigitaldeasturias.com\/noticias\/wp-json\/wp\/v2\/categories?post=480718"},{"taxonomy":"post_tag","embeddable":true,"href":"https:\/\/www.eldigitaldeasturias.com\/noticias\/wp-json\/wp\/v2\/tags?post=480718"}],"curies":[{"name":"wp","href":"https:\/\/api.w.org\/{rel}","templated":true}]}}