{"id":480712,"date":"2014-01-30T23:37:37","date_gmt":"2014-01-31T00:37:37","guid":{"rendered":"http:\/\/www.eldigitaldeasturias.com\/noticias\/?p=480712"},"modified":"2014-01-30T23:37:37","modified_gmt":"2014-01-31T00:37:37","slug":"el-congreso-preve-gastar-en-calefaccion-376-000-euros-al-ano-como-maximo","status":"publish","type":"post","link":"https:\/\/www.eldigitaldeasturias.com\/noticias\/el-congreso-preve-gastar-en-calefaccion-376-000-euros-al-ano-como-maximo\/","title":{"rendered":"El Congreso prev\u00e9 gastar en calefacci\u00f3n 376.000 euros al a\u00f1o como m\u00e1ximo"},"content":{"rendered":"<p><img loading=\"lazy\" decoding=\"async\" class=\"alignleft size-medium wp-image-480713\" alt=\"5891154w\" src=\"https:\/\/www.eldigitaldeasturias.com\/noticias\/wp-content\/uploads\/2014\/01\/5891154w-360x232.jpg\" width=\"360\" height=\"232\" \/>Madrid, 30 ene (EFE).- El Congreso de los Diputados ha sacado a concurso el suministro de gas\u00f3leo de calefacci\u00f3n para climatizar cuatro de sus cinco edificios oficiales por un presupuesto m\u00e1ximo de licitaci\u00f3n de 376.512 euros -IVA incluido- con una estimaci\u00f3n de consumo de 309.835 litros de combustible al a\u00f1o.<\/p>\n<p>La C\u00e1mara Baja dispone de cinco edificios, el Palacio de la Carrera de San Jer\u00f3nimo donde se encuentra el sal\u00f3n de plenos, y otras cuatro ampliaciones, con una superficie cercana a los 70.000 metros cuadrados.<\/p>\n<p>Para hacer una estimaci\u00f3n del consumo anual aproximado, el Congreso ha comparado el gas\u00f3leo gastado en los \u00faltimos a\u00f1os.<\/p>\n<p>En los dos primeros edificios de ampliaci\u00f3n -el I y II- situados a continuaci\u00f3n del Palacio, el contrato prev\u00e9 un consumo de 173.232 litros de combustible, mientras que en los otros dos edificios -el III y el IV-, situados enfrente, hace una estimaci\u00f3n de 136.603 litros.<\/p>\n<p>De los 376.512 euros del presupuesto m\u00e1ximo de licitaci\u00f3n, 65.345 corresponden al 21 por ciento de IVA, y se incluyen las tasas especiales aplicables a hidrocarburos y todos los gastos en los que incurra la empresa adjudicataria para la prestaci\u00f3n del servicio.<\/p>\n<p>En las cl\u00e1usulas administrativas del concurso, el Congreso deja claro que se trata del presupuesto m\u00e1ximo que podr\u00e1 asumir la C\u00e1mara en cada ejercicio, no el equivalente al gasto final que efectivamente realice, que puede ser inferior y que depender\u00e1 de las necesidades concretas de suministro a lo largo del a\u00f1o.<\/p>\n<p>No obstante, la Mesa de la C\u00e1mara podr\u00e1, con causa justificada, ampliar para un ejercicio el gasto m\u00e1ximo para este contrato.<\/p>\n<p>En el pliego de condiciones t\u00e9cnicas del concurso, se detalla que el precio unitario por litro de gas\u00f3leo ser\u00e1 el establecido cada semana en el Bolet\u00edn Petrolero de la Direcci\u00f3n General de Energ\u00eda y Transportes de la Comisi\u00f3n Europea, al que habr\u00e1 que aplicar un porcentaje de rebaja.<\/p>\n<p>Ese porcentaje de rebaja ofertado por el licitador permanecer\u00e1 fijo e invariable durante toda la vigencia del contrato.<\/p>\n<p>Los pedidos de combustible -generalmente en cantidades superiores a los 10.000 litros- se har\u00e1n mediante correo electr\u00f3nico y la empresa adjudicataria estar\u00e1 obligada a suministrarlo en un plazo m\u00e1ximo de 24 horas.<\/p>\n<p>El horario de descarga -en los dos puntos habilitados- ser\u00e1 de lunes a viernes de 07.00 a 09.00 de la ma\u00f1ana y los s\u00e1bados de 08.30 a 13.30, al objeto de no interferir en la actividad oficial de la C\u00e1mara Baja.<\/p>\n<p>El contrato de suministro de gas\u00f3leo de calefacci\u00f3n no es el \u00fanico concurso que acaba de publicar el Congreso.<\/p>\n<p>La Mesa de la C\u00e1mara tambi\u00e9n ha aprobado sacar a licitaci\u00f3n el servicio de distribuci\u00f3n multimedia a trav\u00e9s de su p\u00e1gina web, para agilizar la visualizaci\u00f3n y la descarga de estos contenidos, despu\u00e9s de que en 2013 se duplicara el tr\u00e1fico de \u00abstreaming\u00bb previsto inicialmente.<\/p>\n<p>Con este servicio v\u00eda web -que cuenta con un presupuesto m\u00e1ximo de licitaci\u00f3n es de 228.000 euros anuales-, se puede acceder a la emisi\u00f3n en directo del pleno y de hasta cinco comisiones simult\u00e1neas, as\u00ed como a la descarga en diferido de las sesiones plenarias y de todas las comisiones celebradas en el Congreso.<\/p>\n","protected":false},"excerpt":{"rendered":"<p>Madrid, 30 ene (EFE).- El Congreso de los Diputados ha sacado a concurso el suministro de gas\u00f3leo de calefacci\u00f3n para climatizar cuatro de sus cinco edificios oficiales por un presupuesto m\u00e1ximo de licitaci\u00f3n de 376.512 euros -IVA incluido- con una estimaci\u00f3n de consumo de 309.835 litros de combustible al a\u00f1o. La C\u00e1mara Baja dispone de [&hellip;]<\/p>\n","protected":false},"author":1,"featured_media":1132184,"comment_status":"closed","ping_status":"open","sticky":false,"template":"","format":"standard","meta":{"footnotes":""},"categories":[1],"tags":[],"class_list":["post-480712","post","type-post","status-publish","format-standard","has-post-thumbnail","hentry","category-actualidad"],"aioseo_notices":[],"aioseo_head":"\n\t\t<!-- All in One SEO Pro 5.0.1 - aioseo.com -->\n\t<meta name=\"description\" content=\"Madrid, 30 ene (EFE).- El Congreso de los Diputados ha sacado a concurso el suministro de gas\u00f3leo de calefacci\u00f3n para climatizar cuatro de sus cinco edificios oficiales por un presupuesto m\u00e1ximo de licitaci\u00f3n de 376.512 euros -IVA incluido- con una estimaci\u00f3n de consumo de 309.835 litros de combustible al a\u00f1o. La C\u00e1mara Baja dispone de\" \/>\n\t<meta name=\"robots\" content=\"max-image-preview:large\" \/>\n\t<meta name=\"author\" content=\"El Digital de Asturias\"\/>\n\t<meta name=\"google-site-verification\" content=\"UA-38556648-1\" \/>\n\t<meta name=\"msvalidate.01\" content=\"7dfe9f3f1b24437ab69f4f2559babe99\" \/>\n\t<meta name=\"keywords\" content=\"actualidad\" \/>\n\t<link rel=\"canonical\" href=\"https:\/\/www.eldigitaldeasturias.com\/noticias\/el-congreso-preve-gastar-en-calefaccion-376-000-euros-al-ano-como-maximo\/\" \/>\n\t<meta name=\"generator\" content=\"All in One SEO Pro (AIOSEO) 5.0.1\" \/>\n\t\t<meta property=\"og:locale\" content=\"es_ES\" \/>\n\t\t<meta property=\"og:site_name\" content=\"El Digital de Asturias\" \/>\n\t\t<meta property=\"og:type\" content=\"article\" \/>\n\t\t<meta property=\"og:title\" content=\"El Congreso prev\u00e9 gastar en calefacci\u00f3n 376.000 euros al a\u00f1o como m\u00e1ximo - El Digital de Asturias\" \/>\n\t\t<meta property=\"og:description\" content=\"Madrid, 30 ene (EFE).- El Congreso de los Diputados ha sacado a concurso el suministro de gas\u00f3leo de calefacci\u00f3n para climatizar cuatro de sus cinco edificios oficiales por un presupuesto m\u00e1ximo de licitaci\u00f3n de 376.512 euros -IVA incluido- con una estimaci\u00f3n de consumo de 309.835 litros de combustible al a\u00f1o. La C\u00e1mara Baja dispone de\" \/>\n\t\t<meta property=\"og:url\" content=\"https:\/\/www.eldigitaldeasturias.com\/noticias\/el-congreso-preve-gastar-en-calefaccion-376-000-euros-al-ano-como-maximo\/\" \/>\n\t\t<meta property=\"og:image\" content=\"https:\/\/www.eldigitaldeasturias.com\/noticias\/wp-content\/uploads\/2026\/06\/Contenidos.jpg\" \/>\n\t\t<meta property=\"og:image:secure_url\" content=\"https:\/\/www.eldigitaldeasturias.com\/noticias\/wp-content\/uploads\/2026\/06\/Contenidos.jpg\" \/>\n\t\t<meta property=\"og:image:width\" content=\"1265\" \/>\n\t\t<meta property=\"og:image:height\" content=\"697\" \/>\n\t\t<meta property=\"article:tag\" content=\"actualidad\" \/>\n\t\t<meta property=\"article:published_time\" content=\"2014-01-31T00:37:37+00:00\" \/>\n\t\t<meta property=\"article:modified_time\" content=\"2014-01-31T00:37:37+00:00\" \/>\n\t\t<meta property=\"article:publisher\" content=\"https:\/\/facebook.com\/eldigitaldeasturias\" \/>\n\t\t<meta name=\"twitter:card\" content=\"summary_large_image\" \/>\n\t\t<meta name=\"twitter:title\" content=\"El Congreso prev\u00e9 gastar en calefacci\u00f3n 376.000 euros al a\u00f1o como m\u00e1ximo - El Digital de Asturias\" \/>\n\t\t<meta name=\"twitter:description\" content=\"Madrid, 30 ene (EFE).- El Congreso de los Diputados ha sacado a concurso el suministro de gas\u00f3leo de calefacci\u00f3n para climatizar cuatro de sus cinco edificios oficiales por un presupuesto m\u00e1ximo de licitaci\u00f3n de 376.512 euros -IVA incluido- con una estimaci\u00f3n de consumo de 309.835 litros de combustible al a\u00f1o. La C\u00e1mara Baja dispone de\" \/>\n\t\t<meta name=\"twitter:image\" content=\"https:\/\/www.eldigitaldeasturias.com\/noticias\/wp-content\/uploads\/2026\/06\/Contenidos.jpg\" \/>\n\t\t<meta name=\"twitter:label1\" content=\"Escrito por\" \/>\n\t\t<meta name=\"twitter:data1\" content=\"El Digital de Asturias\" \/>\n\t\t<meta name=\"twitter:label2\" content=\"Tiempo de lectura estimado\" \/>\n\t\t<meta name=\"twitter:data2\" content=\"3 minutos\" \/>\n\t\t<script type=\"application\/ld+json\" class=\"aioseo-schema\">\n\t\t\t{\"@context\":\"https:\\\/\\\/schema.org\",\"@graph\":[{\"@type\":\"BlogPosting\",\"@id\":\"https:\\\/\\\/www.eldigitaldeasturias.com\\\/noticias\\\/el-congreso-preve-gastar-en-calefaccion-376-000-euros-al-ano-como-maximo\\\/#blogposting\",\"name\":\"El Congreso prev\\u00e9 gastar en calefacci\\u00f3n 376.000 euros al a\\u00f1o como m\\u00e1ximo - El Digital de Asturias\",\"headline\":\"El Congreso prev\\u00e9 gastar en calefacci\\u00f3n 376.000 euros al a\\u00f1o como m\\u00e1ximo\",\"author\":{\"@id\":\"https:\\\/\\\/www.eldigitaldeasturias.com\\\/noticias\\\/author\\\/admin\\\/#author\"},\"publisher\":{\"@id\":\"https:\\\/\\\/www.eldigitaldeasturias.com\\\/noticias\\\/#organization\"},\"image\":{\"@type\":\"ImageObject\",\"url\":\"https:\\\/\\\/www.eldigitaldeasturias.com\\\/noticias\\\/wp-content\\\/uploads\\\/2026\\\/06\\\/Contenidos.jpg\",\"width\":1265,\"height\":697,\"caption\":\"Contenidos\"},\"datePublished\":\"2014-01-30T23:37:37+01:00\",\"dateModified\":\"2014-01-30T23:37:37+01:00\",\"inLanguage\":\"es-ES\",\"mainEntityOfPage\":{\"@id\":\"https:\\\/\\\/www.eldigitaldeasturias.com\\\/noticias\\\/el-congreso-preve-gastar-en-calefaccion-376-000-euros-al-ano-como-maximo\\\/#webpage\"},\"isPartOf\":{\"@id\":\"https:\\\/\\\/www.eldigitaldeasturias.com\\\/noticias\\\/el-congreso-preve-gastar-en-calefaccion-376-000-euros-al-ano-como-maximo\\\/#webpage\"},\"articleSection\":\"Actualidad\"},{\"@type\":\"BreadcrumbList\",\"@id\":\"https:\\\/\\\/www.eldigitaldeasturias.com\\\/noticias\\\/el-congreso-preve-gastar-en-calefaccion-376-000-euros-al-ano-como-maximo\\\/#breadcrumblist\",\"itemListElement\":[{\"@type\":\"ListItem\",\"@id\":\"https:\\\/\\\/www.eldigitaldeasturias.com\\\/noticias#listItem\",\"position\":1,\"name\":\"Home\",\"item\":\"https:\\\/\\\/www.eldigitaldeasturias.com\\\/noticias\",\"nextItem\":{\"@type\":\"ListItem\",\"@id\":\"https:\\\/\\\/www.eldigitaldeasturias.com\\\/noticias\\\/category\\\/actualidad\\\/#listItem\",\"name\":\"Actualidad\"}},{\"@type\":\"ListItem\",\"@id\":\"https:\\\/\\\/www.eldigitaldeasturias.com\\\/noticias\\\/category\\\/actualidad\\\/#listItem\",\"position\":2,\"name\":\"Actualidad\",\"item\":\"https:\\\/\\\/www.eldigitaldeasturias.com\\\/noticias\\\/category\\\/actualidad\\\/\",\"nextItem\":{\"@type\":\"ListItem\",\"@id\":\"https:\\\/\\\/www.eldigitaldeasturias.com\\\/noticias\\\/el-congreso-preve-gastar-en-calefaccion-376-000-euros-al-ano-como-maximo\\\/#listItem\",\"name\":\"El Congreso prev\\u00e9 gastar en calefacci\\u00f3n 376.000 euros al a\\u00f1o como m\\u00e1ximo\"},\"previousItem\":{\"@type\":\"ListItem\",\"@id\":\"https:\\\/\\\/www.eldigitaldeasturias.com\\\/noticias#listItem\",\"name\":\"Home\"}},{\"@type\":\"ListItem\",\"@id\":\"https:\\\/\\\/www.eldigitaldeasturias.com\\\/noticias\\\/el-congreso-preve-gastar-en-calefaccion-376-000-euros-al-ano-como-maximo\\\/#listItem\",\"position\":3,\"name\":\"El Congreso prev\\u00e9 gastar en calefacci\\u00f3n 376.000 euros al a\\u00f1o como m\\u00e1ximo\",\"previousItem\":{\"@type\":\"ListItem\",\"@id\":\"https:\\\/\\\/www.eldigitaldeasturias.com\\\/noticias\\\/category\\\/actualidad\\\/#listItem\",\"name\":\"Actualidad\"}}]},{\"@type\":\"Organization\",\"@id\":\"https:\\\/\\\/www.eldigitaldeasturias.com\\\/noticias\\\/#organization\",\"name\":\"El Digital de Asturias\",\"description\":\"Hemeroteca\",\"url\":\"https:\\\/\\\/www.eldigitaldeasturias.com\\\/noticias\\\/\",\"email\":\"info@eldigitaldeasturias.com\",\"telephone\":\"+34652131393\",\"logo\":{\"@type\":\"ImageObject\",\"url\":\"https:\\\/\\\/www.eldigitaldeasturias.com\\\/noticias\\\/wp-content\\\/uploads\\\/2020\\\/12\\\/EDA.jpg\",\"@id\":\"https:\\\/\\\/www.eldigitaldeasturias.com\\\/noticias\\\/el-congreso-preve-gastar-en-calefaccion-376-000-euros-al-ano-como-maximo\\\/#organizationLogo\"},\"image\":{\"@id\":\"https:\\\/\\\/www.eldigitaldeasturias.com\\\/noticias\\\/el-congreso-preve-gastar-en-calefaccion-376-000-euros-al-ano-como-maximo\\\/#organizationLogo\"},\"sameAs\":[\"https:\\\/\\\/facebook.com\\\/eldigitaldeasturias\",\"https:\\\/\\\/www.youtube.com\\\/channel\\\/UCZP-2wLEB9Rv6erhFmqVnvg\"],\"address\":{\"@id\":\"https:\\\/\\\/www.eldigitaldeasturias.com\\\/noticias\\\/#postaladdress\",\"@type\":\"PostalAddress\",\"streetAddress\":\"san antonio 4\",\"postalCode\":\"33430\",\"addressLocality\":\"Cand\\u00e1s\",\"addressRegion\":\"Asturias\",\"addressCountry\":\"ES\"}},{\"@type\":\"Person\",\"@id\":\"https:\\\/\\\/www.eldigitaldeasturias.com\\\/noticias\\\/author\\\/admin\\\/#author\",\"url\":\"https:\\\/\\\/www.eldigitaldeasturias.com\\\/noticias\\\/author\\\/admin\\\/\",\"name\":\"El Digital de Asturias\",\"image\":{\"@type\":\"ImageObject\",\"@id\":\"https:\\\/\\\/www.eldigitaldeasturias.com\\\/noticias\\\/el-congreso-preve-gastar-en-calefaccion-376-000-euros-al-ano-como-maximo\\\/#authorImage\",\"url\":\"https:\\\/\\\/secure.gravatar.com\\\/avatar\\\/df2aeffc32bcd13f8d26072ef8a91b623d677766deac7f97ca815868cd41bf5e?s=96&d=mm&r=g\",\"width\":96,\"height\":96,\"caption\":\"El Digital de Asturias\"}},{\"@type\":\"WebPage\",\"@id\":\"https:\\\/\\\/www.eldigitaldeasturias.com\\\/noticias\\\/el-congreso-preve-gastar-en-calefaccion-376-000-euros-al-ano-como-maximo\\\/#webpage\",\"url\":\"https:\\\/\\\/www.eldigitaldeasturias.com\\\/noticias\\\/el-congreso-preve-gastar-en-calefaccion-376-000-euros-al-ano-como-maximo\\\/\",\"name\":\"El Congreso prev\\u00e9 gastar en calefacci\\u00f3n 376.000 euros al a\\u00f1o como m\\u00e1ximo - El Digital de Asturias\",\"description\":\"Madrid, 30 ene (EFE).- El Congreso de los Diputados ha sacado a concurso el suministro de gas\\u00f3leo de calefacci\\u00f3n para climatizar cuatro de sus cinco edificios oficiales por un presupuesto m\\u00e1ximo de licitaci\\u00f3n de 376.512 euros -IVA incluido- con una estimaci\\u00f3n de consumo de 309.835 litros de combustible al a\\u00f1o. La C\\u00e1mara Baja dispone de\",\"inLanguage\":\"es-ES\",\"isPartOf\":{\"@id\":\"https:\\\/\\\/www.eldigitaldeasturias.com\\\/noticias\\\/#website\"},\"breadcrumb\":{\"@id\":\"https:\\\/\\\/www.eldigitaldeasturias.com\\\/noticias\\\/el-congreso-preve-gastar-en-calefaccion-376-000-euros-al-ano-como-maximo\\\/#breadcrumblist\"},\"author\":{\"@id\":\"https:\\\/\\\/www.eldigitaldeasturias.com\\\/noticias\\\/author\\\/admin\\\/#author\"},\"creator\":{\"@id\":\"https:\\\/\\\/www.eldigitaldeasturias.com\\\/noticias\\\/author\\\/admin\\\/#author\"},\"image\":{\"@type\":\"ImageObject\",\"url\":\"https:\\\/\\\/www.eldigitaldeasturias.com\\\/noticias\\\/wp-content\\\/uploads\\\/2026\\\/06\\\/Contenidos.jpg\",\"@id\":\"https:\\\/\\\/www.eldigitaldeasturias.com\\\/noticias\\\/el-congreso-preve-gastar-en-calefaccion-376-000-euros-al-ano-como-maximo\\\/#mainImage\",\"width\":1265,\"height\":697,\"caption\":\"Contenidos\"},\"primaryImageOfPage\":{\"@id\":\"https:\\\/\\\/www.eldigitaldeasturias.com\\\/noticias\\\/el-congreso-preve-gastar-en-calefaccion-376-000-euros-al-ano-como-maximo\\\/#mainImage\"},\"datePublished\":\"2014-01-30T23:37:37+01:00\",\"dateModified\":\"2014-01-30T23:37:37+01:00\"},{\"@type\":\"WebSite\",\"@id\":\"https:\\\/\\\/www.eldigitaldeasturias.com\\\/noticias\\\/#website\",\"url\":\"https:\\\/\\\/www.eldigitaldeasturias.com\\\/noticias\\\/\",\"name\":\"El Digital de Asturias - Diario de actualidad y noticias\",\"alternateName\":\"El Digital de Asturias - Diario de actualidad y noticias\",\"description\":\"Hemeroteca\",\"inLanguage\":\"es-ES\",\"publisher\":{\"@id\":\"https:\\\/\\\/www.eldigitaldeasturias.com\\\/noticias\\\/#organization\"}}]}\n\t\t<\/script>\n\t\t<!-- All in One SEO Pro -->\r\n\t\t<title>El Congreso prev\u00e9 gastar en calefacci\u00f3n 376.000 euros al a\u00f1o como m\u00e1ximo - El Digital de Asturias<\/title>\n\n","aioseo_head_json":{"title":"El Congreso prev\u00e9 gastar en calefacci\u00f3n 376.000 euros al a\u00f1o como m\u00e1ximo - El Digital de Asturias","description":"Madrid, 30 ene (EFE).- El Congreso de los Diputados ha sacado a concurso el suministro de gas\u00f3leo de calefacci\u00f3n para climatizar cuatro de sus cinco edificios oficiales por un presupuesto m\u00e1ximo de licitaci\u00f3n de 376.512 euros -IVA incluido- con una estimaci\u00f3n de consumo de 309.835 litros de combustible al a\u00f1o. La C\u00e1mara Baja dispone de","canonical_url":"https:\/\/www.eldigitaldeasturias.com\/noticias\/el-congreso-preve-gastar-en-calefaccion-376-000-euros-al-ano-como-maximo\/","robots":"max-image-preview:large","keywords":"actualidad","webmasterTools":{"google-site-verification":"UA-38556648-1","msvalidate.01":"7dfe9f3f1b24437ab69f4f2559babe99","miscellaneous":""},"schema":{"@context":"https:\/\/schema.org","@graph":[{"@type":"BlogPosting","@id":"https:\/\/www.eldigitaldeasturias.com\/noticias\/el-congreso-preve-gastar-en-calefaccion-376-000-euros-al-ano-como-maximo\/#blogposting","name":"El Congreso prev\u00e9 gastar en calefacci\u00f3n 376.000 euros al a\u00f1o como m\u00e1ximo - El Digital de Asturias","headline":"El Congreso prev\u00e9 gastar en calefacci\u00f3n 376.000 euros al a\u00f1o como m\u00e1ximo","author":{"@id":"https:\/\/www.eldigitaldeasturias.com\/noticias\/author\/admin\/#author"},"publisher":{"@id":"https:\/\/www.eldigitaldeasturias.com\/noticias\/#organization"},"image":{"@type":"ImageObject","url":"https:\/\/www.eldigitaldeasturias.com\/noticias\/wp-content\/uploads\/2026\/06\/Contenidos.jpg","width":1265,"height":697,"caption":"Contenidos"},"datePublished":"2014-01-30T23:37:37+01:00","dateModified":"2014-01-30T23:37:37+01:00","inLanguage":"es-ES","mainEntityOfPage":{"@id":"https:\/\/www.eldigitaldeasturias.com\/noticias\/el-congreso-preve-gastar-en-calefaccion-376-000-euros-al-ano-como-maximo\/#webpage"},"isPartOf":{"@id":"https:\/\/www.eldigitaldeasturias.com\/noticias\/el-congreso-preve-gastar-en-calefaccion-376-000-euros-al-ano-como-maximo\/#webpage"},"articleSection":"Actualidad"},{"@type":"BreadcrumbList","@id":"https:\/\/www.eldigitaldeasturias.com\/noticias\/el-congreso-preve-gastar-en-calefaccion-376-000-euros-al-ano-como-maximo\/#breadcrumblist","itemListElement":[{"@type":"ListItem","@id":"https:\/\/www.eldigitaldeasturias.com\/noticias#listItem","position":1,"name":"Home","item":"https:\/\/www.eldigitaldeasturias.com\/noticias","nextItem":{"@type":"ListItem","@id":"https:\/\/www.eldigitaldeasturias.com\/noticias\/category\/actualidad\/#listItem","name":"Actualidad"}},{"@type":"ListItem","@id":"https:\/\/www.eldigitaldeasturias.com\/noticias\/category\/actualidad\/#listItem","position":2,"name":"Actualidad","item":"https:\/\/www.eldigitaldeasturias.com\/noticias\/category\/actualidad\/","nextItem":{"@type":"ListItem","@id":"https:\/\/www.eldigitaldeasturias.com\/noticias\/el-congreso-preve-gastar-en-calefaccion-376-000-euros-al-ano-como-maximo\/#listItem","name":"El Congreso prev\u00e9 gastar en calefacci\u00f3n 376.000 euros al a\u00f1o como m\u00e1ximo"},"previousItem":{"@type":"ListItem","@id":"https:\/\/www.eldigitaldeasturias.com\/noticias#listItem","name":"Home"}},{"@type":"ListItem","@id":"https:\/\/www.eldigitaldeasturias.com\/noticias\/el-congreso-preve-gastar-en-calefaccion-376-000-euros-al-ano-como-maximo\/#listItem","position":3,"name":"El Congreso prev\u00e9 gastar en calefacci\u00f3n 376.000 euros al a\u00f1o como m\u00e1ximo","previousItem":{"@type":"ListItem","@id":"https:\/\/www.eldigitaldeasturias.com\/noticias\/category\/actualidad\/#listItem","name":"Actualidad"}}]},{"@type":"Organization","@id":"https:\/\/www.eldigitaldeasturias.com\/noticias\/#organization","name":"El Digital de Asturias","description":"Hemeroteca","url":"https:\/\/www.eldigitaldeasturias.com\/noticias\/","email":"info@eldigitaldeasturias.com","telephone":"+34652131393","logo":{"@type":"ImageObject","url":"https:\/\/www.eldigitaldeasturias.com\/noticias\/wp-content\/uploads\/2020\/12\/EDA.jpg","@id":"https:\/\/www.eldigitaldeasturias.com\/noticias\/el-congreso-preve-gastar-en-calefaccion-376-000-euros-al-ano-como-maximo\/#organizationLogo"},"image":{"@id":"https:\/\/www.eldigitaldeasturias.com\/noticias\/el-congreso-preve-gastar-en-calefaccion-376-000-euros-al-ano-como-maximo\/#organizationLogo"},"sameAs":["https:\/\/facebook.com\/eldigitaldeasturias","https:\/\/www.youtube.com\/channel\/UCZP-2wLEB9Rv6erhFmqVnvg"],"address":{"@id":"https:\/\/www.eldigitaldeasturias.com\/noticias\/#postaladdress","@type":"PostalAddress","streetAddress":"san antonio 4","postalCode":"33430","addressLocality":"Cand\u00e1s","addressRegion":"Asturias","addressCountry":"ES"}},{"@type":"Person","@id":"https:\/\/www.eldigitaldeasturias.com\/noticias\/author\/admin\/#author","url":"https:\/\/www.eldigitaldeasturias.com\/noticias\/author\/admin\/","name":"El Digital de Asturias","image":{"@type":"ImageObject","@id":"https:\/\/www.eldigitaldeasturias.com\/noticias\/el-congreso-preve-gastar-en-calefaccion-376-000-euros-al-ano-como-maximo\/#authorImage","url":"https:\/\/secure.gravatar.com\/avatar\/df2aeffc32bcd13f8d26072ef8a91b623d677766deac7f97ca815868cd41bf5e?s=96&d=mm&r=g","width":96,"height":96,"caption":"El Digital de Asturias"}},{"@type":"WebPage","@id":"https:\/\/www.eldigitaldeasturias.com\/noticias\/el-congreso-preve-gastar-en-calefaccion-376-000-euros-al-ano-como-maximo\/#webpage","url":"https:\/\/www.eldigitaldeasturias.com\/noticias\/el-congreso-preve-gastar-en-calefaccion-376-000-euros-al-ano-como-maximo\/","name":"El Congreso prev\u00e9 gastar en calefacci\u00f3n 376.000 euros al a\u00f1o como m\u00e1ximo - El Digital de Asturias","description":"Madrid, 30 ene (EFE).- El Congreso de los Diputados ha sacado a concurso el suministro de gas\u00f3leo de calefacci\u00f3n para climatizar cuatro de sus cinco edificios oficiales por un presupuesto m\u00e1ximo de licitaci\u00f3n de 376.512 euros -IVA incluido- con una estimaci\u00f3n de consumo de 309.835 litros de combustible al a\u00f1o. La C\u00e1mara Baja dispone de","inLanguage":"es-ES","isPartOf":{"@id":"https:\/\/www.eldigitaldeasturias.com\/noticias\/#website"},"breadcrumb":{"@id":"https:\/\/www.eldigitaldeasturias.com\/noticias\/el-congreso-preve-gastar-en-calefaccion-376-000-euros-al-ano-como-maximo\/#breadcrumblist"},"author":{"@id":"https:\/\/www.eldigitaldeasturias.com\/noticias\/author\/admin\/#author"},"creator":{"@id":"https:\/\/www.eldigitaldeasturias.com\/noticias\/author\/admin\/#author"},"image":{"@type":"ImageObject","url":"https:\/\/www.eldigitaldeasturias.com\/noticias\/wp-content\/uploads\/2026\/06\/Contenidos.jpg","@id":"https:\/\/www.eldigitaldeasturias.com\/noticias\/el-congreso-preve-gastar-en-calefaccion-376-000-euros-al-ano-como-maximo\/#mainImage","width":1265,"height":697,"caption":"Contenidos"},"primaryImageOfPage":{"@id":"https:\/\/www.eldigitaldeasturias.com\/noticias\/el-congreso-preve-gastar-en-calefaccion-376-000-euros-al-ano-como-maximo\/#mainImage"},"datePublished":"2014-01-30T23:37:37+01:00","dateModified":"2014-01-30T23:37:37+01:00"},{"@type":"WebSite","@id":"https:\/\/www.eldigitaldeasturias.com\/noticias\/#website","url":"https:\/\/www.eldigitaldeasturias.com\/noticias\/","name":"El Digital de Asturias - Diario de actualidad y noticias","alternateName":"El Digital de Asturias - Diario de actualidad y noticias","description":"Hemeroteca","inLanguage":"es-ES","publisher":{"@id":"https:\/\/www.eldigitaldeasturias.com\/noticias\/#organization"}}]},"og:locale":"es_ES","og:site_name":"El Digital de Asturias","og:type":"article","og:title":"El Congreso prev\u00e9 gastar en calefacci\u00f3n 376.000 euros al a\u00f1o como m\u00e1ximo - El Digital de Asturias","og:description":"Madrid, 30 ene (EFE).- El Congreso de los Diputados ha sacado a concurso el suministro de gas\u00f3leo de calefacci\u00f3n para climatizar cuatro de sus cinco edificios oficiales por un presupuesto m\u00e1ximo de licitaci\u00f3n de 376.512 euros -IVA incluido- con una estimaci\u00f3n de consumo de 309.835 litros de combustible al a\u00f1o. La C\u00e1mara Baja dispone de","og:url":"https:\/\/www.eldigitaldeasturias.com\/noticias\/el-congreso-preve-gastar-en-calefaccion-376-000-euros-al-ano-como-maximo\/","og:image":"https:\/\/www.eldigitaldeasturias.com\/noticias\/wp-content\/uploads\/2026\/06\/Contenidos.jpg","og:image:secure_url":"https:\/\/www.eldigitaldeasturias.com\/noticias\/wp-content\/uploads\/2026\/06\/Contenidos.jpg","og:image:width":1265,"og:image:height":697,"article:tag":["actualidad"],"article:published_time":"2014-01-31T00:37:37+00:00","article:modified_time":"2014-01-31T00:37:37+00:00","article:publisher":"https:\/\/facebook.com\/eldigitaldeasturias","twitter:card":"summary_large_image","twitter:title":"El Congreso prev\u00e9 gastar en calefacci\u00f3n 376.000 euros al a\u00f1o como m\u00e1ximo - El Digital de Asturias","twitter:description":"Madrid, 30 ene (EFE).- El Congreso de los Diputados ha sacado a concurso el suministro de gas\u00f3leo de calefacci\u00f3n para climatizar cuatro de sus cinco edificios oficiales por un presupuesto m\u00e1ximo de licitaci\u00f3n de 376.512 euros -IVA incluido- con una estimaci\u00f3n de consumo de 309.835 litros de combustible al a\u00f1o. La C\u00e1mara Baja dispone de","twitter:image":"https:\/\/www.eldigitaldeasturias.com\/noticias\/wp-content\/uploads\/2026\/06\/Contenidos.jpg","twitter:label1":"Escrito por","twitter:data1":"El Digital de Asturias","twitter:label2":"Tiempo de lectura estimado","twitter:data2":"3 minutos"},"aioseo_meta_data":{"post_id":"480712","title":null,"description":null,"keywords":null,"keyphrases":null,"primary_term":null,"canonical_url":null,"og_title":null,"og_description":null,"og_object_type":"default","og_image_type":"default","og_image_url":null,"og_image_width":null,"og_image_height":null,"og_image_custom_url":null,"og_image_custom_fields":null,"og_video":null,"og_custom_url":null,"og_article_section":null,"og_article_tags":null,"twitter_use_og":true,"twitter_card":"default","twitter_image_type":"default","twitter_image_url":null,"twitter_image_custom_url":null,"twitter_image_custom_fields":null,"twitter_title":null,"twitter_description":null,"schema":{"blockGraphs":[],"customGraphs":[],"default":{"data":{"Article":[],"Course":[],"Dataset":[],"FAQPage":[],"Movie":[],"Person":[],"Product":[],"ProductReview":[],"Car":[],"Recipe":[],"Service":[],"SoftwareApplication":[],"WebPage":[]},"graphName":"","isEnabled":true},"graphs":[],"defaultGraph":"","defaultPostTypeGraph":""},"schema_type":null,"schema_type_options":null,"pillar_content":false,"robots_default":true,"robots_noindex":false,"robots_noarchive":false,"robots_nosnippet":false,"robots_nofollow":false,"robots_noimageindex":false,"robots_noodp":false,"robots_notranslate":false,"robots_max_snippet":null,"robots_max_videopreview":null,"robots_max_imagepreview":"none","priority":null,"frequency":null,"local_seo":null,"seo_analyzer_scan_date":"2026-06-02 04:37:48","breadcrumb_settings":null,"limit_modified_date":false,"open_ai":null,"ai":null,"created":"2020-11-14 22:54:14","updated":"2026-06-02 04:37:48","focus_keyword":null,"additional_keywords":null,"truseo_locale":null},"aioseo_breadcrumb":"<div class=\"aioseo-breadcrumbs\"><span class=\"aioseo-breadcrumb\">\n\t<a href=\"https:\/\/www.eldigitaldeasturias.com\/noticias\" title=\"Home\">Home<\/a>\n<\/span><span class=\"aioseo-breadcrumb-separator\">\u2013<\/span><span class=\"aioseo-breadcrumb\">\n\t<a href=\"https:\/\/www.eldigitaldeasturias.com\/noticias\/category\/actualidad\/\" title=\"Actualidad\">Actualidad<\/a>\n<\/span><span class=\"aioseo-breadcrumb-separator\">\u2013<\/span><span class=\"aioseo-breadcrumb\">\n\t<a href=\"https:\/\/www.eldigitaldeasturias.com\/noticias\/el-congreso-preve-gastar-en-calefaccion-376-000-euros-al-ano-como-maximo\/\" title=\"El Congreso prev\u00e9 gastar en calefacci\u00f3n 376.000 euros al a\u00f1o como m\u00e1ximo\">El Congreso prev\u00e9 gastar en calefacci\u00f3n 376.000 euros al a\u00f1o como m\u00e1ximo<\/a>\n<\/span><\/div>","aioseo_breadcrumb_json":[{"label":"Home","link":"https:\/\/www.eldigitaldeasturias.com\/noticias"},{"label":"Actualidad","link":"https:\/\/www.eldigitaldeasturias.com\/noticias\/category\/actualidad\/"},{"label":"El Congreso prev\u00e9 gastar en calefacci\u00f3n 376.000 euros al a\u00f1o como m\u00e1ximo","link":"https:\/\/www.eldigitaldeasturias.com\/noticias\/el-congreso-preve-gastar-en-calefaccion-376-000-euros-al-ano-como-maximo\/"}],"_links":{"self":[{"href":"https:\/\/www.eldigitaldeasturias.com\/noticias\/wp-json\/wp\/v2\/posts\/480712","targetHints":{"allow":["GET"]}}],"collection":[{"href":"https:\/\/www.eldigitaldeasturias.com\/noticias\/wp-json\/wp\/v2\/posts"}],"about":[{"href":"https:\/\/www.eldigitaldeasturias.com\/noticias\/wp-json\/wp\/v2\/types\/post"}],"author":[{"embeddable":true,"href":"https:\/\/www.eldigitaldeasturias.com\/noticias\/wp-json\/wp\/v2\/users\/1"}],"replies":[{"embeddable":true,"href":"https:\/\/www.eldigitaldeasturias.com\/noticias\/wp-json\/wp\/v2\/comments?post=480712"}],"version-history":[{"count":0,"href":"https:\/\/www.eldigitaldeasturias.com\/noticias\/wp-json\/wp\/v2\/posts\/480712\/revisions"}],"wp:featuredmedia":[{"embeddable":true,"href":"https:\/\/www.eldigitaldeasturias.com\/noticias\/wp-json\/wp\/v2\/media\/1132184"}],"wp:attachment":[{"href":"https:\/\/www.eldigitaldeasturias.com\/noticias\/wp-json\/wp\/v2\/media?parent=480712"}],"wp:term":[{"taxonomy":"category","embeddable":true,"href":"https:\/\/www.eldigitaldeasturias.com\/noticias\/wp-json\/wp\/v2\/categories?post=480712"},{"taxonomy":"post_tag","embeddable":true,"href":"https:\/\/www.eldigitaldeasturias.com\/noticias\/wp-json\/wp\/v2\/tags?post=480712"}],"curies":[{"name":"wp","href":"https:\/\/api.w.org\/{rel}","templated":true}]}}