{"id":480706,"date":"2014-01-30T23:35:02","date_gmt":"2014-01-31T00:35:02","guid":{"rendered":"http:\/\/www.eldigitaldeasturias.com\/noticias\/?p=480706"},"modified":"2014-01-30T23:35:02","modified_gmt":"2014-01-31T00:35:02","slug":"el-rey-de-jordania-visitara-mexico-y-eeuu-a-partir-del-12-de-febrero","status":"publish","type":"post","link":"https:\/\/www.eldigitaldeasturias.com\/noticias\/el-rey-de-jordania-visitara-mexico-y-eeuu-a-partir-del-12-de-febrero\/","title":{"rendered":"El rey de Jordania visitar\u00e1 M\u00e9xico y EEUU a partir del 12 de febrero"},"content":{"rendered":"<p><img loading=\"lazy\" decoding=\"async\" class=\"alignleft size-medium wp-image-480707\" alt=\"5891112w\" src=\"https:\/\/www.eldigitaldeasturias.com\/noticias\/wp-content\/uploads\/2014\/01\/5891112w-360x267.jpg\" width=\"360\" height=\"267\" \/>Am\u00e1n, 30 ene (EFE).- El rey de Jordania, Abdal\u00e1 II, visitar\u00e1, a partir del 12 de febrero pr\u00f3ximo, M\u00e9xico y EEUU, donde se reunir\u00e1 con los presidentes de ambos pa\u00edses, Enrique Pe\u00f1a Nieto y Barack Obama, respectivamente, para tratar temas como el conflicto sirio y las negociaciones de paz entre Israel y Palestina, inform\u00f3 hoy la Casa Real jordana.<\/p>\n<p>El monarca se desplazar\u00e1 primero a M\u00e9xico, donde tratar\u00e1 de impulsar las relaciones bilaterales entre ambos pa\u00edses y se discutir\u00e1n temas de Oriente Medio, seg\u00fan un comunicado.<\/p>\n<p>Despu\u00e9s, viajar\u00e1 a Washington para reunirse con Obama, previsiblemente el 14 de febrero, con el objetivo de \u00abdiscutir los medios de impulsar la asociaci\u00f3n estrat\u00e9gica entre los dos pa\u00edses, incluida la cooperaci\u00f3n pol\u00edtica, econ\u00f3mica y de seguridad\u00bb.<\/p>\n<p>Ambos l\u00edderes intentar\u00e1n tambi\u00e9n encontrar medidas para lograr que prosperen las actuales conversaciones de paz entre palestinos e israel\u00edes, que ha impulsado el actual secretario de Estado de EEUU, John Kerry.<\/p>\n<p>Kerry, en sus intentos de avanzar en las negociaciones de paz, ya ha mantenido varias reuniones con el presidente de la Autoridad Nacional Palestina (ANP), Mahmud Abas y el primer ministro israel\u00ed, Benjam\u00edn Netanyahu.<\/p>\n<p>Estados Unidos pretende poner fin a la profunda crisis que atraviesa el proceso de paz, que desde el lado palestino se relaciona con la persistencia israel\u00ed en la construcci\u00f3n de asentamientos en Cisjordania y Jerusal\u00e9n Este.<\/p>\n<p>Jordania apoya las negociaciones con vistas a lograr un acuerdo previo para la creaci\u00f3n de un Estado palestino independiente dentro de las fronteras de 1967 y con Jerusal\u00e9n Este como capital.<\/p>\n<p>Del mismo modo, Abdal\u00e1 II y Obama abordar\u00e1n la evoluci\u00f3n de la crisis en Siria, se indica en el comunicado.<\/p>\n<p>Washington y Amm\u00e1n apuestan por una soluci\u00f3n pac\u00edfica al conflicto sirio en la conferencia de Ginebra 2 que comenz\u00f3 el pasado 22 de enero.<\/p>\n<p>Jordania est\u00e1 tambi\u00e9n preocupada por la responsabilidad de su pa\u00eds al respecto de los 600.000 refugiados sirios que acoge actualmente.<\/p>\n","protected":false},"excerpt":{"rendered":"<p>Am\u00e1n, 30 ene (EFE).- El rey de Jordania, Abdal\u00e1 II, visitar\u00e1, a partir del 12 de febrero pr\u00f3ximo, M\u00e9xico y EEUU, donde se reunir\u00e1 con los presidentes de ambos pa\u00edses, Enrique Pe\u00f1a Nieto y Barack Obama, respectivamente, para tratar temas como el conflicto sirio y las negociaciones de paz entre Israel y Palestina, inform\u00f3 hoy [&hellip;]<\/p>\n","protected":false},"author":1,"featured_media":1132184,"comment_status":"closed","ping_status":"open","sticky":false,"template":"","format":"standard","meta":{"footnotes":""},"categories":[1],"tags":[],"class_list":["post-480706","post","type-post","status-publish","format-standard","has-post-thumbnail","hentry","category-actualidad"],"aioseo_notices":[],"aioseo_head":"\n\t\t<!-- All in One SEO Pro 5.0.1 - aioseo.com -->\n\t<meta name=\"description\" content=\"Am\u00e1n, 30 ene (EFE).- El rey de Jordania, Abdal\u00e1 II, visitar\u00e1, a partir del 12 de febrero pr\u00f3ximo, M\u00e9xico y EEUU, donde se reunir\u00e1 con los presidentes de ambos pa\u00edses, Enrique Pe\u00f1a Nieto y Barack Obama, respectivamente, para tratar temas como el conflicto sirio y las negociaciones de paz entre Israel y Palestina, inform\u00f3 hoy\" \/>\n\t<meta name=\"robots\" content=\"max-image-preview:large\" \/>\n\t<meta name=\"author\" content=\"El Digital de Asturias\"\/>\n\t<meta name=\"google-site-verification\" content=\"UA-38556648-1\" \/>\n\t<meta name=\"msvalidate.01\" content=\"7dfe9f3f1b24437ab69f4f2559babe99\" \/>\n\t<meta name=\"keywords\" content=\"actualidad\" \/>\n\t<link rel=\"canonical\" href=\"https:\/\/www.eldigitaldeasturias.com\/noticias\/el-rey-de-jordania-visitara-mexico-y-eeuu-a-partir-del-12-de-febrero\/\" \/>\n\t<meta name=\"generator\" content=\"All in One SEO Pro (AIOSEO) 5.0.1\" \/>\n\t\t<meta property=\"og:locale\" content=\"es_ES\" \/>\n\t\t<meta property=\"og:site_name\" content=\"El Digital de Asturias\" \/>\n\t\t<meta property=\"og:type\" content=\"article\" \/>\n\t\t<meta property=\"og:title\" content=\"El rey de Jordania visitar\u00e1 M\u00e9xico y EEUU a partir del 12 de febrero - El Digital de Asturias\" \/>\n\t\t<meta property=\"og:description\" content=\"Am\u00e1n, 30 ene (EFE).- El rey de Jordania, Abdal\u00e1 II, visitar\u00e1, a partir del 12 de febrero pr\u00f3ximo, M\u00e9xico y EEUU, donde se reunir\u00e1 con los presidentes de ambos pa\u00edses, Enrique Pe\u00f1a Nieto y Barack Obama, respectivamente, para tratar temas como el conflicto sirio y las negociaciones de paz entre Israel y Palestina, inform\u00f3 hoy\" \/>\n\t\t<meta property=\"og:url\" content=\"https:\/\/www.eldigitaldeasturias.com\/noticias\/el-rey-de-jordania-visitara-mexico-y-eeuu-a-partir-del-12-de-febrero\/\" \/>\n\t\t<meta property=\"og:image\" content=\"https:\/\/www.eldigitaldeasturias.com\/noticias\/wp-content\/uploads\/2026\/06\/Contenidos.jpg\" \/>\n\t\t<meta property=\"og:image:secure_url\" content=\"https:\/\/www.eldigitaldeasturias.com\/noticias\/wp-content\/uploads\/2026\/06\/Contenidos.jpg\" \/>\n\t\t<meta property=\"og:image:width\" content=\"1265\" \/>\n\t\t<meta property=\"og:image:height\" content=\"697\" \/>\n\t\t<meta property=\"article:tag\" content=\"actualidad\" \/>\n\t\t<meta property=\"article:published_time\" content=\"2014-01-31T00:35:02+00:00\" \/>\n\t\t<meta property=\"article:modified_time\" content=\"2014-01-31T00:35:02+00:00\" \/>\n\t\t<meta property=\"article:publisher\" content=\"https:\/\/facebook.com\/eldigitaldeasturias\" \/>\n\t\t<meta name=\"twitter:card\" content=\"summary_large_image\" \/>\n\t\t<meta name=\"twitter:title\" content=\"El rey de Jordania visitar\u00e1 M\u00e9xico y EEUU a partir del 12 de febrero - El Digital de Asturias\" \/>\n\t\t<meta name=\"twitter:description\" content=\"Am\u00e1n, 30 ene (EFE).- El rey de Jordania, Abdal\u00e1 II, visitar\u00e1, a partir del 12 de febrero pr\u00f3ximo, M\u00e9xico y EEUU, donde se reunir\u00e1 con los presidentes de ambos pa\u00edses, Enrique Pe\u00f1a Nieto y Barack Obama, respectivamente, para tratar temas como el conflicto sirio y las negociaciones de paz entre Israel y Palestina, inform\u00f3 hoy\" \/>\n\t\t<meta name=\"twitter:image\" content=\"https:\/\/www.eldigitaldeasturias.com\/noticias\/wp-content\/uploads\/2026\/06\/Contenidos.jpg\" \/>\n\t\t<meta name=\"twitter:label1\" content=\"Escrito por\" \/>\n\t\t<meta name=\"twitter:data1\" content=\"El Digital de Asturias\" \/>\n\t\t<meta name=\"twitter:label2\" content=\"Tiempo de lectura estimado\" \/>\n\t\t<meta name=\"twitter:data2\" content=\"2 minutos\" \/>\n\t\t<script type=\"application\/ld+json\" class=\"aioseo-schema\">\n\t\t\t{\"@context\":\"https:\\\/\\\/schema.org\",\"@graph\":[{\"@type\":\"BlogPosting\",\"@id\":\"https:\\\/\\\/www.eldigitaldeasturias.com\\\/noticias\\\/el-rey-de-jordania-visitara-mexico-y-eeuu-a-partir-del-12-de-febrero\\\/#blogposting\",\"name\":\"El rey de Jordania visitar\\u00e1 M\\u00e9xico y EEUU a partir del 12 de febrero - El Digital de Asturias\",\"headline\":\"El rey de Jordania visitar\\u00e1 M\\u00e9xico y EEUU a partir del 12 de febrero\",\"author\":{\"@id\":\"https:\\\/\\\/www.eldigitaldeasturias.com\\\/noticias\\\/author\\\/admin\\\/#author\"},\"publisher\":{\"@id\":\"https:\\\/\\\/www.eldigitaldeasturias.com\\\/noticias\\\/#organization\"},\"image\":{\"@type\":\"ImageObject\",\"url\":\"https:\\\/\\\/www.eldigitaldeasturias.com\\\/noticias\\\/wp-content\\\/uploads\\\/2026\\\/06\\\/Contenidos.jpg\",\"width\":1265,\"height\":697,\"caption\":\"Contenidos\"},\"datePublished\":\"2014-01-30T23:35:02+01:00\",\"dateModified\":\"2014-01-30T23:35:02+01:00\",\"inLanguage\":\"es-ES\",\"mainEntityOfPage\":{\"@id\":\"https:\\\/\\\/www.eldigitaldeasturias.com\\\/noticias\\\/el-rey-de-jordania-visitara-mexico-y-eeuu-a-partir-del-12-de-febrero\\\/#webpage\"},\"isPartOf\":{\"@id\":\"https:\\\/\\\/www.eldigitaldeasturias.com\\\/noticias\\\/el-rey-de-jordania-visitara-mexico-y-eeuu-a-partir-del-12-de-febrero\\\/#webpage\"},\"articleSection\":\"Actualidad\"},{\"@type\":\"BreadcrumbList\",\"@id\":\"https:\\\/\\\/www.eldigitaldeasturias.com\\\/noticias\\\/el-rey-de-jordania-visitara-mexico-y-eeuu-a-partir-del-12-de-febrero\\\/#breadcrumblist\",\"itemListElement\":[{\"@type\":\"ListItem\",\"@id\":\"https:\\\/\\\/www.eldigitaldeasturias.com\\\/noticias#listItem\",\"position\":1,\"name\":\"Home\",\"item\":\"https:\\\/\\\/www.eldigitaldeasturias.com\\\/noticias\",\"nextItem\":{\"@type\":\"ListItem\",\"@id\":\"https:\\\/\\\/www.eldigitaldeasturias.com\\\/noticias\\\/category\\\/actualidad\\\/#listItem\",\"name\":\"Actualidad\"}},{\"@type\":\"ListItem\",\"@id\":\"https:\\\/\\\/www.eldigitaldeasturias.com\\\/noticias\\\/category\\\/actualidad\\\/#listItem\",\"position\":2,\"name\":\"Actualidad\",\"item\":\"https:\\\/\\\/www.eldigitaldeasturias.com\\\/noticias\\\/category\\\/actualidad\\\/\",\"nextItem\":{\"@type\":\"ListItem\",\"@id\":\"https:\\\/\\\/www.eldigitaldeasturias.com\\\/noticias\\\/el-rey-de-jordania-visitara-mexico-y-eeuu-a-partir-del-12-de-febrero\\\/#listItem\",\"name\":\"El rey de Jordania visitar\\u00e1 M\\u00e9xico y EEUU a partir del 12 de febrero\"},\"previousItem\":{\"@type\":\"ListItem\",\"@id\":\"https:\\\/\\\/www.eldigitaldeasturias.com\\\/noticias#listItem\",\"name\":\"Home\"}},{\"@type\":\"ListItem\",\"@id\":\"https:\\\/\\\/www.eldigitaldeasturias.com\\\/noticias\\\/el-rey-de-jordania-visitara-mexico-y-eeuu-a-partir-del-12-de-febrero\\\/#listItem\",\"position\":3,\"name\":\"El rey de Jordania visitar\\u00e1 M\\u00e9xico y EEUU a partir del 12 de febrero\",\"previousItem\":{\"@type\":\"ListItem\",\"@id\":\"https:\\\/\\\/www.eldigitaldeasturias.com\\\/noticias\\\/category\\\/actualidad\\\/#listItem\",\"name\":\"Actualidad\"}}]},{\"@type\":\"Organization\",\"@id\":\"https:\\\/\\\/www.eldigitaldeasturias.com\\\/noticias\\\/#organization\",\"name\":\"El Digital de Asturias\",\"description\":\"Hemeroteca\",\"url\":\"https:\\\/\\\/www.eldigitaldeasturias.com\\\/noticias\\\/\",\"email\":\"info@eldigitaldeasturias.com\",\"telephone\":\"+34652131393\",\"logo\":{\"@type\":\"ImageObject\",\"url\":\"https:\\\/\\\/www.eldigitaldeasturias.com\\\/noticias\\\/wp-content\\\/uploads\\\/2020\\\/12\\\/EDA.jpg\",\"@id\":\"https:\\\/\\\/www.eldigitaldeasturias.com\\\/noticias\\\/el-rey-de-jordania-visitara-mexico-y-eeuu-a-partir-del-12-de-febrero\\\/#organizationLogo\"},\"image\":{\"@id\":\"https:\\\/\\\/www.eldigitaldeasturias.com\\\/noticias\\\/el-rey-de-jordania-visitara-mexico-y-eeuu-a-partir-del-12-de-febrero\\\/#organizationLogo\"},\"sameAs\":[\"https:\\\/\\\/facebook.com\\\/eldigitaldeasturias\",\"https:\\\/\\\/www.youtube.com\\\/channel\\\/UCZP-2wLEB9Rv6erhFmqVnvg\"],\"address\":{\"@id\":\"https:\\\/\\\/www.eldigitaldeasturias.com\\\/noticias\\\/#postaladdress\",\"@type\":\"PostalAddress\",\"streetAddress\":\"san antonio 4\",\"postalCode\":\"33430\",\"addressLocality\":\"Cand\\u00e1s\",\"addressRegion\":\"Asturias\",\"addressCountry\":\"ES\"}},{\"@type\":\"Person\",\"@id\":\"https:\\\/\\\/www.eldigitaldeasturias.com\\\/noticias\\\/author\\\/admin\\\/#author\",\"url\":\"https:\\\/\\\/www.eldigitaldeasturias.com\\\/noticias\\\/author\\\/admin\\\/\",\"name\":\"El Digital de Asturias\",\"image\":{\"@type\":\"ImageObject\",\"@id\":\"https:\\\/\\\/www.eldigitaldeasturias.com\\\/noticias\\\/el-rey-de-jordania-visitara-mexico-y-eeuu-a-partir-del-12-de-febrero\\\/#authorImage\",\"url\":\"https:\\\/\\\/secure.gravatar.com\\\/avatar\\\/df2aeffc32bcd13f8d26072ef8a91b623d677766deac7f97ca815868cd41bf5e?s=96&d=mm&r=g\",\"width\":96,\"height\":96,\"caption\":\"El Digital de Asturias\"}},{\"@type\":\"WebPage\",\"@id\":\"https:\\\/\\\/www.eldigitaldeasturias.com\\\/noticias\\\/el-rey-de-jordania-visitara-mexico-y-eeuu-a-partir-del-12-de-febrero\\\/#webpage\",\"url\":\"https:\\\/\\\/www.eldigitaldeasturias.com\\\/noticias\\\/el-rey-de-jordania-visitara-mexico-y-eeuu-a-partir-del-12-de-febrero\\\/\",\"name\":\"El rey de Jordania visitar\\u00e1 M\\u00e9xico y EEUU a partir del 12 de febrero - El Digital de Asturias\",\"description\":\"Am\\u00e1n, 30 ene (EFE).- El rey de Jordania, Abdal\\u00e1 II, visitar\\u00e1, a partir del 12 de febrero pr\\u00f3ximo, M\\u00e9xico y EEUU, donde se reunir\\u00e1 con los presidentes de ambos pa\\u00edses, Enrique Pe\\u00f1a Nieto y Barack Obama, respectivamente, para tratar temas como el conflicto sirio y las negociaciones de paz entre Israel y Palestina, inform\\u00f3 hoy\",\"inLanguage\":\"es-ES\",\"isPartOf\":{\"@id\":\"https:\\\/\\\/www.eldigitaldeasturias.com\\\/noticias\\\/#website\"},\"breadcrumb\":{\"@id\":\"https:\\\/\\\/www.eldigitaldeasturias.com\\\/noticias\\\/el-rey-de-jordania-visitara-mexico-y-eeuu-a-partir-del-12-de-febrero\\\/#breadcrumblist\"},\"author\":{\"@id\":\"https:\\\/\\\/www.eldigitaldeasturias.com\\\/noticias\\\/author\\\/admin\\\/#author\"},\"creator\":{\"@id\":\"https:\\\/\\\/www.eldigitaldeasturias.com\\\/noticias\\\/author\\\/admin\\\/#author\"},\"image\":{\"@type\":\"ImageObject\",\"url\":\"https:\\\/\\\/www.eldigitaldeasturias.com\\\/noticias\\\/wp-content\\\/uploads\\\/2026\\\/06\\\/Contenidos.jpg\",\"@id\":\"https:\\\/\\\/www.eldigitaldeasturias.com\\\/noticias\\\/el-rey-de-jordania-visitara-mexico-y-eeuu-a-partir-del-12-de-febrero\\\/#mainImage\",\"width\":1265,\"height\":697,\"caption\":\"Contenidos\"},\"primaryImageOfPage\":{\"@id\":\"https:\\\/\\\/www.eldigitaldeasturias.com\\\/noticias\\\/el-rey-de-jordania-visitara-mexico-y-eeuu-a-partir-del-12-de-febrero\\\/#mainImage\"},\"datePublished\":\"2014-01-30T23:35:02+01:00\",\"dateModified\":\"2014-01-30T23:35:02+01:00\"},{\"@type\":\"WebSite\",\"@id\":\"https:\\\/\\\/www.eldigitaldeasturias.com\\\/noticias\\\/#website\",\"url\":\"https:\\\/\\\/www.eldigitaldeasturias.com\\\/noticias\\\/\",\"name\":\"El Digital de Asturias - Diario de actualidad y noticias\",\"alternateName\":\"El Digital de Asturias - Diario de actualidad y noticias\",\"description\":\"Hemeroteca\",\"inLanguage\":\"es-ES\",\"publisher\":{\"@id\":\"https:\\\/\\\/www.eldigitaldeasturias.com\\\/noticias\\\/#organization\"}}]}\n\t\t<\/script>\n\t\t<!-- All in One SEO Pro -->\r\n\t\t<title>El rey de Jordania visitar\u00e1 M\u00e9xico y EEUU a partir del 12 de febrero - El Digital de Asturias<\/title>\n\n","aioseo_head_json":{"title":"El rey de Jordania visitar\u00e1 M\u00e9xico y EEUU a partir del 12 de febrero - El Digital de Asturias","description":"Am\u00e1n, 30 ene (EFE).- El rey de Jordania, Abdal\u00e1 II, visitar\u00e1, a partir del 12 de febrero pr\u00f3ximo, M\u00e9xico y EEUU, donde se reunir\u00e1 con los presidentes de ambos pa\u00edses, Enrique Pe\u00f1a Nieto y Barack Obama, respectivamente, para tratar temas como el conflicto sirio y las negociaciones de paz entre Israel y Palestina, inform\u00f3 hoy","canonical_url":"https:\/\/www.eldigitaldeasturias.com\/noticias\/el-rey-de-jordania-visitara-mexico-y-eeuu-a-partir-del-12-de-febrero\/","robots":"max-image-preview:large","keywords":"actualidad","webmasterTools":{"google-site-verification":"UA-38556648-1","msvalidate.01":"7dfe9f3f1b24437ab69f4f2559babe99","miscellaneous":""},"schema":{"@context":"https:\/\/schema.org","@graph":[{"@type":"BlogPosting","@id":"https:\/\/www.eldigitaldeasturias.com\/noticias\/el-rey-de-jordania-visitara-mexico-y-eeuu-a-partir-del-12-de-febrero\/#blogposting","name":"El rey de Jordania visitar\u00e1 M\u00e9xico y EEUU a partir del 12 de febrero - El Digital de Asturias","headline":"El rey de Jordania visitar\u00e1 M\u00e9xico y EEUU a partir del 12 de febrero","author":{"@id":"https:\/\/www.eldigitaldeasturias.com\/noticias\/author\/admin\/#author"},"publisher":{"@id":"https:\/\/www.eldigitaldeasturias.com\/noticias\/#organization"},"image":{"@type":"ImageObject","url":"https:\/\/www.eldigitaldeasturias.com\/noticias\/wp-content\/uploads\/2026\/06\/Contenidos.jpg","width":1265,"height":697,"caption":"Contenidos"},"datePublished":"2014-01-30T23:35:02+01:00","dateModified":"2014-01-30T23:35:02+01:00","inLanguage":"es-ES","mainEntityOfPage":{"@id":"https:\/\/www.eldigitaldeasturias.com\/noticias\/el-rey-de-jordania-visitara-mexico-y-eeuu-a-partir-del-12-de-febrero\/#webpage"},"isPartOf":{"@id":"https:\/\/www.eldigitaldeasturias.com\/noticias\/el-rey-de-jordania-visitara-mexico-y-eeuu-a-partir-del-12-de-febrero\/#webpage"},"articleSection":"Actualidad"},{"@type":"BreadcrumbList","@id":"https:\/\/www.eldigitaldeasturias.com\/noticias\/el-rey-de-jordania-visitara-mexico-y-eeuu-a-partir-del-12-de-febrero\/#breadcrumblist","itemListElement":[{"@type":"ListItem","@id":"https:\/\/www.eldigitaldeasturias.com\/noticias#listItem","position":1,"name":"Home","item":"https:\/\/www.eldigitaldeasturias.com\/noticias","nextItem":{"@type":"ListItem","@id":"https:\/\/www.eldigitaldeasturias.com\/noticias\/category\/actualidad\/#listItem","name":"Actualidad"}},{"@type":"ListItem","@id":"https:\/\/www.eldigitaldeasturias.com\/noticias\/category\/actualidad\/#listItem","position":2,"name":"Actualidad","item":"https:\/\/www.eldigitaldeasturias.com\/noticias\/category\/actualidad\/","nextItem":{"@type":"ListItem","@id":"https:\/\/www.eldigitaldeasturias.com\/noticias\/el-rey-de-jordania-visitara-mexico-y-eeuu-a-partir-del-12-de-febrero\/#listItem","name":"El rey de Jordania visitar\u00e1 M\u00e9xico y EEUU a partir del 12 de febrero"},"previousItem":{"@type":"ListItem","@id":"https:\/\/www.eldigitaldeasturias.com\/noticias#listItem","name":"Home"}},{"@type":"ListItem","@id":"https:\/\/www.eldigitaldeasturias.com\/noticias\/el-rey-de-jordania-visitara-mexico-y-eeuu-a-partir-del-12-de-febrero\/#listItem","position":3,"name":"El rey de Jordania visitar\u00e1 M\u00e9xico y EEUU a partir del 12 de febrero","previousItem":{"@type":"ListItem","@id":"https:\/\/www.eldigitaldeasturias.com\/noticias\/category\/actualidad\/#listItem","name":"Actualidad"}}]},{"@type":"Organization","@id":"https:\/\/www.eldigitaldeasturias.com\/noticias\/#organization","name":"El Digital de Asturias","description":"Hemeroteca","url":"https:\/\/www.eldigitaldeasturias.com\/noticias\/","email":"info@eldigitaldeasturias.com","telephone":"+34652131393","logo":{"@type":"ImageObject","url":"https:\/\/www.eldigitaldeasturias.com\/noticias\/wp-content\/uploads\/2020\/12\/EDA.jpg","@id":"https:\/\/www.eldigitaldeasturias.com\/noticias\/el-rey-de-jordania-visitara-mexico-y-eeuu-a-partir-del-12-de-febrero\/#organizationLogo"},"image":{"@id":"https:\/\/www.eldigitaldeasturias.com\/noticias\/el-rey-de-jordania-visitara-mexico-y-eeuu-a-partir-del-12-de-febrero\/#organizationLogo"},"sameAs":["https:\/\/facebook.com\/eldigitaldeasturias","https:\/\/www.youtube.com\/channel\/UCZP-2wLEB9Rv6erhFmqVnvg"],"address":{"@id":"https:\/\/www.eldigitaldeasturias.com\/noticias\/#postaladdress","@type":"PostalAddress","streetAddress":"san antonio 4","postalCode":"33430","addressLocality":"Cand\u00e1s","addressRegion":"Asturias","addressCountry":"ES"}},{"@type":"Person","@id":"https:\/\/www.eldigitaldeasturias.com\/noticias\/author\/admin\/#author","url":"https:\/\/www.eldigitaldeasturias.com\/noticias\/author\/admin\/","name":"El Digital de Asturias","image":{"@type":"ImageObject","@id":"https:\/\/www.eldigitaldeasturias.com\/noticias\/el-rey-de-jordania-visitara-mexico-y-eeuu-a-partir-del-12-de-febrero\/#authorImage","url":"https:\/\/secure.gravatar.com\/avatar\/df2aeffc32bcd13f8d26072ef8a91b623d677766deac7f97ca815868cd41bf5e?s=96&d=mm&r=g","width":96,"height":96,"caption":"El Digital de Asturias"}},{"@type":"WebPage","@id":"https:\/\/www.eldigitaldeasturias.com\/noticias\/el-rey-de-jordania-visitara-mexico-y-eeuu-a-partir-del-12-de-febrero\/#webpage","url":"https:\/\/www.eldigitaldeasturias.com\/noticias\/el-rey-de-jordania-visitara-mexico-y-eeuu-a-partir-del-12-de-febrero\/","name":"El rey de Jordania visitar\u00e1 M\u00e9xico y EEUU a partir del 12 de febrero - El Digital de Asturias","description":"Am\u00e1n, 30 ene (EFE).- El rey de Jordania, Abdal\u00e1 II, visitar\u00e1, a partir del 12 de febrero pr\u00f3ximo, M\u00e9xico y EEUU, donde se reunir\u00e1 con los presidentes de ambos pa\u00edses, Enrique Pe\u00f1a Nieto y Barack Obama, respectivamente, para tratar temas como el conflicto sirio y las negociaciones de paz entre Israel y Palestina, inform\u00f3 hoy","inLanguage":"es-ES","isPartOf":{"@id":"https:\/\/www.eldigitaldeasturias.com\/noticias\/#website"},"breadcrumb":{"@id":"https:\/\/www.eldigitaldeasturias.com\/noticias\/el-rey-de-jordania-visitara-mexico-y-eeuu-a-partir-del-12-de-febrero\/#breadcrumblist"},"author":{"@id":"https:\/\/www.eldigitaldeasturias.com\/noticias\/author\/admin\/#author"},"creator":{"@id":"https:\/\/www.eldigitaldeasturias.com\/noticias\/author\/admin\/#author"},"image":{"@type":"ImageObject","url":"https:\/\/www.eldigitaldeasturias.com\/noticias\/wp-content\/uploads\/2026\/06\/Contenidos.jpg","@id":"https:\/\/www.eldigitaldeasturias.com\/noticias\/el-rey-de-jordania-visitara-mexico-y-eeuu-a-partir-del-12-de-febrero\/#mainImage","width":1265,"height":697,"caption":"Contenidos"},"primaryImageOfPage":{"@id":"https:\/\/www.eldigitaldeasturias.com\/noticias\/el-rey-de-jordania-visitara-mexico-y-eeuu-a-partir-del-12-de-febrero\/#mainImage"},"datePublished":"2014-01-30T23:35:02+01:00","dateModified":"2014-01-30T23:35:02+01:00"},{"@type":"WebSite","@id":"https:\/\/www.eldigitaldeasturias.com\/noticias\/#website","url":"https:\/\/www.eldigitaldeasturias.com\/noticias\/","name":"El Digital de Asturias - Diario de actualidad y noticias","alternateName":"El Digital de Asturias - Diario de actualidad y noticias","description":"Hemeroteca","inLanguage":"es-ES","publisher":{"@id":"https:\/\/www.eldigitaldeasturias.com\/noticias\/#organization"}}]},"og:locale":"es_ES","og:site_name":"El Digital de Asturias","og:type":"article","og:title":"El rey de Jordania visitar\u00e1 M\u00e9xico y EEUU a partir del 12 de febrero - El Digital de Asturias","og:description":"Am\u00e1n, 30 ene (EFE).- El rey de Jordania, Abdal\u00e1 II, visitar\u00e1, a partir del 12 de febrero pr\u00f3ximo, M\u00e9xico y EEUU, donde se reunir\u00e1 con los presidentes de ambos pa\u00edses, Enrique Pe\u00f1a Nieto y Barack Obama, respectivamente, para tratar temas como el conflicto sirio y las negociaciones de paz entre Israel y Palestina, inform\u00f3 hoy","og:url":"https:\/\/www.eldigitaldeasturias.com\/noticias\/el-rey-de-jordania-visitara-mexico-y-eeuu-a-partir-del-12-de-febrero\/","og:image":"https:\/\/www.eldigitaldeasturias.com\/noticias\/wp-content\/uploads\/2026\/06\/Contenidos.jpg","og:image:secure_url":"https:\/\/www.eldigitaldeasturias.com\/noticias\/wp-content\/uploads\/2026\/06\/Contenidos.jpg","og:image:width":1265,"og:image:height":697,"article:tag":["actualidad"],"article:published_time":"2014-01-31T00:35:02+00:00","article:modified_time":"2014-01-31T00:35:02+00:00","article:publisher":"https:\/\/facebook.com\/eldigitaldeasturias","twitter:card":"summary_large_image","twitter:title":"El rey de Jordania visitar\u00e1 M\u00e9xico y EEUU a partir del 12 de febrero - El Digital de Asturias","twitter:description":"Am\u00e1n, 30 ene (EFE).- El rey de Jordania, Abdal\u00e1 II, visitar\u00e1, a partir del 12 de febrero pr\u00f3ximo, M\u00e9xico y EEUU, donde se reunir\u00e1 con los presidentes de ambos pa\u00edses, Enrique Pe\u00f1a Nieto y Barack Obama, respectivamente, para tratar temas como el conflicto sirio y las negociaciones de paz entre Israel y Palestina, inform\u00f3 hoy","twitter:image":"https:\/\/www.eldigitaldeasturias.com\/noticias\/wp-content\/uploads\/2026\/06\/Contenidos.jpg","twitter:label1":"Escrito por","twitter:data1":"El Digital de Asturias","twitter:label2":"Tiempo de lectura estimado","twitter:data2":"2 minutos"},"aioseo_meta_data":{"post_id":"480706","title":null,"description":null,"keywords":null,"keyphrases":null,"primary_term":null,"canonical_url":null,"og_title":null,"og_description":null,"og_object_type":"default","og_image_type":"default","og_image_url":null,"og_image_width":null,"og_image_height":null,"og_image_custom_url":null,"og_image_custom_fields":null,"og_video":null,"og_custom_url":null,"og_article_section":null,"og_article_tags":null,"twitter_use_og":true,"twitter_card":"default","twitter_image_type":"default","twitter_image_url":null,"twitter_image_custom_url":null,"twitter_image_custom_fields":null,"twitter_title":null,"twitter_description":null,"schema":{"blockGraphs":[],"customGraphs":[],"default":{"data":{"Article":[],"Course":[],"Dataset":[],"FAQPage":[],"Movie":[],"Person":[],"Product":[],"ProductReview":[],"Car":[],"Recipe":[],"Service":[],"SoftwareApplication":[],"WebPage":[]},"graphName":"","isEnabled":true},"graphs":[],"defaultGraph":"","defaultPostTypeGraph":""},"schema_type":null,"schema_type_options":null,"pillar_content":false,"robots_default":true,"robots_noindex":false,"robots_noarchive":false,"robots_nosnippet":false,"robots_nofollow":false,"robots_noimageindex":false,"robots_noodp":false,"robots_notranslate":false,"robots_max_snippet":null,"robots_max_videopreview":null,"robots_max_imagepreview":"none","priority":null,"frequency":null,"local_seo":null,"seo_analyzer_scan_date":"2026-06-02 04:37:47","breadcrumb_settings":null,"limit_modified_date":false,"open_ai":null,"ai":null,"created":"2020-11-14 22:54:14","updated":"2026-06-02 04:37:47","focus_keyword":null,"additional_keywords":null,"truseo_locale":null},"aioseo_breadcrumb":"<div class=\"aioseo-breadcrumbs\"><span class=\"aioseo-breadcrumb\">\n\t<a href=\"https:\/\/www.eldigitaldeasturias.com\/noticias\" title=\"Home\">Home<\/a>\n<\/span><span class=\"aioseo-breadcrumb-separator\">\u2013<\/span><span class=\"aioseo-breadcrumb\">\n\t<a href=\"https:\/\/www.eldigitaldeasturias.com\/noticias\/category\/actualidad\/\" title=\"Actualidad\">Actualidad<\/a>\n<\/span><span class=\"aioseo-breadcrumb-separator\">\u2013<\/span><span class=\"aioseo-breadcrumb\">\n\t<a href=\"https:\/\/www.eldigitaldeasturias.com\/noticias\/el-rey-de-jordania-visitara-mexico-y-eeuu-a-partir-del-12-de-febrero\/\" title=\"El rey de Jordania visitar\u00e1 M\u00e9xico y EEUU a partir del 12 de febrero\">El rey de Jordania visitar\u00e1 M\u00e9xico y EEUU a partir del 12 de febrero<\/a>\n<\/span><\/div>","aioseo_breadcrumb_json":[{"label":"Home","link":"https:\/\/www.eldigitaldeasturias.com\/noticias"},{"label":"Actualidad","link":"https:\/\/www.eldigitaldeasturias.com\/noticias\/category\/actualidad\/"},{"label":"El rey de Jordania visitar\u00e1 M\u00e9xico y EEUU a partir del 12 de febrero","link":"https:\/\/www.eldigitaldeasturias.com\/noticias\/el-rey-de-jordania-visitara-mexico-y-eeuu-a-partir-del-12-de-febrero\/"}],"_links":{"self":[{"href":"https:\/\/www.eldigitaldeasturias.com\/noticias\/wp-json\/wp\/v2\/posts\/480706","targetHints":{"allow":["GET"]}}],"collection":[{"href":"https:\/\/www.eldigitaldeasturias.com\/noticias\/wp-json\/wp\/v2\/posts"}],"about":[{"href":"https:\/\/www.eldigitaldeasturias.com\/noticias\/wp-json\/wp\/v2\/types\/post"}],"author":[{"embeddable":true,"href":"https:\/\/www.eldigitaldeasturias.com\/noticias\/wp-json\/wp\/v2\/users\/1"}],"replies":[{"embeddable":true,"href":"https:\/\/www.eldigitaldeasturias.com\/noticias\/wp-json\/wp\/v2\/comments?post=480706"}],"version-history":[{"count":0,"href":"https:\/\/www.eldigitaldeasturias.com\/noticias\/wp-json\/wp\/v2\/posts\/480706\/revisions"}],"wp:featuredmedia":[{"embeddable":true,"href":"https:\/\/www.eldigitaldeasturias.com\/noticias\/wp-json\/wp\/v2\/media\/1132184"}],"wp:attachment":[{"href":"https:\/\/www.eldigitaldeasturias.com\/noticias\/wp-json\/wp\/v2\/media?parent=480706"}],"wp:term":[{"taxonomy":"category","embeddable":true,"href":"https:\/\/www.eldigitaldeasturias.com\/noticias\/wp-json\/wp\/v2\/categories?post=480706"},{"taxonomy":"post_tag","embeddable":true,"href":"https:\/\/www.eldigitaldeasturias.com\/noticias\/wp-json\/wp\/v2\/tags?post=480706"}],"curies":[{"name":"wp","href":"https:\/\/api.w.org\/{rel}","templated":true}]}}