{"id":480700,"date":"2014-01-30T23:32:54","date_gmt":"2014-01-31T00:32:54","guid":{"rendered":"http:\/\/www.eldigitaldeasturias.com\/noticias\/?p=480700"},"modified":"2014-01-30T23:32:54","modified_gmt":"2014-01-31T00:32:54","slug":"eurodiputados-avalan-las-medidas-para-impulsar-el-cielo-unico-europeo","status":"publish","type":"post","link":"https:\/\/www.eldigitaldeasturias.com\/noticias\/eurodiputados-avalan-las-medidas-para-impulsar-el-cielo-unico-europeo\/","title":{"rendered":"Eurodiputados avalan las medidas para impulsar el Cielo \u00danico Europeo"},"content":{"rendered":"<p><img loading=\"lazy\" decoding=\"async\" class=\"alignleft size-medium wp-image-480701\" alt=\"5891083w\" src=\"https:\/\/www.eldigitaldeasturias.com\/noticias\/wp-content\/uploads\/2014\/01\/5891083w-360x228.jpg\" width=\"360\" height=\"228\" \/>Bruselas, 30 ene (EFE).- La comisi\u00f3n de Transporte del Parlamento Europeo (PE) aval\u00f3 hoy medidas para impulsar el Cielo \u00danico Europeo, un modelo de gesti\u00f3n del tr\u00e1fico a\u00e9reo que trata de acabar con la fragmentaci\u00f3n del espacio a\u00e9reo en Europa, que est\u00e1 sufriendo grandes retrasos en su aplicaci\u00f3n.<\/p>\n<p>Los eurodiputados respaldaron la propuesta presentada en junio por la Comisi\u00f3n Europea (CE) para desatascar este proyecto, que busca pasar de los 28 sistemas de control de trafico a\u00e9reo nacionales a un modelo m\u00e1s sencillo, flexible e interconectado, pero que cuenta con la oposici\u00f3n de organizaciones de controladores a\u00e9reos.<\/p>\n<p>Aunque los Estados miembros se comprometieron hace unos a\u00f1os a organizarse en solo nueve Bloques Funcionales del Espacio A\u00e9reo (FABs), en la pr\u00e1ctica siguen funcionando los 28 sistemas nacionales de control de tr\u00e1fico a\u00e9reo que prestan servicios a trav\u00e9s de m\u00e1s de 50 puestos.<\/p>\n<p>Los eurodiputados apoyaron medidas para mejorar la flexibilidad de esos bloques (FAB) de forma que los existentes cooperen mejor y se aumente la eficiencia.<\/p>\n<p>La fragmentaci\u00f3n del espacio a\u00e9reo cuesta a los Veintiocho hasta 8.000 millones de euros al a\u00f1o y puede llegar a aumentar la distancia media de vuelo hasta en 42 kil\u00f3metros, lo que multiplica tambi\u00e9n las emisiones contaminantes, seg\u00fan la Comisi\u00f3n Europea.<\/p>\n<p>Estados Unidos gestiona un volumen del doble de tr\u00e1fico a\u00e9reo con s\u00f3lo alrededor de 20 centros de control y con la mitad de gasto, gracias a que su sistema es un 70 % m\u00e1s eficiente que el de la UE, de acuerdo con la CE.<\/p>\n<p>Esta racionalizaci\u00f3n, sin embargo, ha sido contestada por la Federaci\u00f3n Europea de Trabajadores del Transporte (ETF, en ingl\u00e9s) que acus\u00f3 a los eurodiputados y a la Comisi\u00f3n Europea de \u00abdise\u00f1ar un modelo que beneficia a las compa\u00f1\u00edas pero no tiene en cuenta los empleos ni la seguridad\u00bb.<\/p>\n<p>El secretario de ETF, Fran\u00e7ois Ballestero, denunci\u00f3 en un comunicado \u00abla introducci\u00f3n del sistema de navegaci\u00f3n de bajo coste que se intenta imponer en Europa\u00bb.<\/p>\n<p>\u00abLa obligatoria separaci\u00f3n que se quiere introducir entre autoridades de supervisi\u00f3n y proveedores de servicios no tiene ninguna justificaci\u00f3n\u00bb, a\u00f1adi\u00f3 Ballesteros, que pidi\u00f3 a los eurodiputados \u00abremediar la situaci\u00f3n votando en contra de la liberalizaci\u00f3n en el voto en el pleno del PE en las pr\u00f3ximas semanas\u00bb.<\/p>\n<p>Las propuestas legislativas respaldadas hoy por los eurodiputados, las autoridades nacionales tendr\u00e1n independencia para supervisar su espacio a\u00e9reo y la industria jugar\u00e1 un papel m\u00e1s importante a la hora de dise\u00f1ar un espacio de navegaci\u00f3n m\u00e1s eficiente.<\/p>\n<p>Los diputados europeos abogaron asimismo porque los pa\u00edses de la UE alienten a sus autoridades de supervisi\u00f3n a cooperar entre ellas y reducir la fragmentaci\u00f3n del cielo europeo.<\/p>\n<p>La comisi\u00f3n europarlamentaria de Transporte dio luz verde tambi\u00e9n a que la Comisi\u00f3n Europea designe un organismo imparcial e independiente de asistencia que gestione las autoridades nacionales de aviaci\u00f3n y coordine a nivel europeo los esfuerzos de cada pa\u00eds para mejorar la gesti\u00f3n y coordinaci\u00f3n.<\/p>\n<p>Ante la petici\u00f3n de la CE de separar servicios de apoyo como la previsi\u00f3n del tiempo y de informaci\u00f3n de los servicios de navegaci\u00f3n a\u00e9rea para ganar en competencia, los eurodiputados han postergado a 2016 el tomar una decisi\u00f3n sobre ese nuevo paso en la liberalizaci\u00f3n de los servicios.<\/p>\n<p>En junio de 2013, la Comisi\u00f3n Europea propuso las nuevas medidas para intentar, por tercera vez y tras casi una d\u00e9cada de fracasos, crear un verdadero \u00abCielo \u00danico Europeo\u00bb que pueda hacer frente de manera eficaz y segura al creciente tr\u00e1fico a\u00e9reo.<\/p>\n<p>Los motivos del retraso en la aplicaci\u00f3n de las normas europeas, que existen desde 2004 y fueron actualizadas en 2009, son fundamentalmente sociales y econ\u00f3micos, pero tambi\u00e9n existen reticencias estrat\u00e9gicas, ya que ning\u00fan pa\u00eds quiere confiar el control de su espacio a\u00e9reo a un Estado miembro vecino.<\/p>\n","protected":false},"excerpt":{"rendered":"<p>Bruselas, 30 ene (EFE).- La comisi\u00f3n de Transporte del Parlamento Europeo (PE) aval\u00f3 hoy medidas para impulsar el Cielo \u00danico Europeo, un modelo de gesti\u00f3n del tr\u00e1fico a\u00e9reo que trata de acabar con la fragmentaci\u00f3n del espacio a\u00e9reo en Europa, que est\u00e1 sufriendo grandes retrasos en su aplicaci\u00f3n. Los eurodiputados respaldaron la propuesta presentada en [&hellip;]<\/p>\n","protected":false},"author":1,"featured_media":1132184,"comment_status":"closed","ping_status":"open","sticky":false,"template":"","format":"standard","meta":{"footnotes":""},"categories":[1],"tags":[],"class_list":["post-480700","post","type-post","status-publish","format-standard","has-post-thumbnail","hentry","category-actualidad"],"aioseo_notices":[],"aioseo_head":"\n\t\t<!-- All in One SEO Pro 5.0.1 - aioseo.com -->\n\t<meta name=\"description\" content=\"Bruselas, 30 ene (EFE).- La comisi\u00f3n de Transporte del Parlamento Europeo (PE) aval\u00f3 hoy medidas para impulsar el Cielo \u00danico Europeo, un modelo de gesti\u00f3n del tr\u00e1fico a\u00e9reo que trata de acabar con la fragmentaci\u00f3n del espacio a\u00e9reo en Europa, que est\u00e1 sufriendo grandes retrasos en su aplicaci\u00f3n. Los eurodiputados respaldaron la propuesta presentada en\" \/>\n\t<meta name=\"robots\" content=\"max-image-preview:large\" \/>\n\t<meta name=\"author\" content=\"El Digital de Asturias\"\/>\n\t<meta name=\"google-site-verification\" content=\"UA-38556648-1\" \/>\n\t<meta name=\"msvalidate.01\" content=\"7dfe9f3f1b24437ab69f4f2559babe99\" \/>\n\t<meta name=\"keywords\" content=\"actualidad\" \/>\n\t<link rel=\"canonical\" href=\"https:\/\/www.eldigitaldeasturias.com\/noticias\/eurodiputados-avalan-las-medidas-para-impulsar-el-cielo-unico-europeo\/\" \/>\n\t<meta name=\"generator\" content=\"All in One SEO Pro (AIOSEO) 5.0.1\" \/>\n\t\t<meta property=\"og:locale\" content=\"es_ES\" \/>\n\t\t<meta property=\"og:site_name\" content=\"El Digital de Asturias\" \/>\n\t\t<meta property=\"og:type\" content=\"article\" \/>\n\t\t<meta property=\"og:title\" content=\"Eurodiputados avalan las medidas para impulsar el Cielo \u00danico Europeo - El Digital de Asturias\" \/>\n\t\t<meta property=\"og:description\" content=\"Bruselas, 30 ene (EFE).- La comisi\u00f3n de Transporte del Parlamento Europeo (PE) aval\u00f3 hoy medidas para impulsar el Cielo \u00danico Europeo, un modelo de gesti\u00f3n del tr\u00e1fico a\u00e9reo que trata de acabar con la fragmentaci\u00f3n del espacio a\u00e9reo en Europa, que est\u00e1 sufriendo grandes retrasos en su aplicaci\u00f3n. Los eurodiputados respaldaron la propuesta presentada en\" \/>\n\t\t<meta property=\"og:url\" content=\"https:\/\/www.eldigitaldeasturias.com\/noticias\/eurodiputados-avalan-las-medidas-para-impulsar-el-cielo-unico-europeo\/\" \/>\n\t\t<meta property=\"og:image\" content=\"https:\/\/www.eldigitaldeasturias.com\/noticias\/wp-content\/uploads\/2026\/06\/Contenidos.jpg\" \/>\n\t\t<meta property=\"og:image:secure_url\" content=\"https:\/\/www.eldigitaldeasturias.com\/noticias\/wp-content\/uploads\/2026\/06\/Contenidos.jpg\" \/>\n\t\t<meta property=\"og:image:width\" content=\"1265\" \/>\n\t\t<meta property=\"og:image:height\" content=\"697\" \/>\n\t\t<meta property=\"article:tag\" content=\"actualidad\" \/>\n\t\t<meta property=\"article:published_time\" content=\"2014-01-31T00:32:54+00:00\" \/>\n\t\t<meta property=\"article:modified_time\" content=\"2014-01-31T00:32:54+00:00\" \/>\n\t\t<meta property=\"article:publisher\" content=\"https:\/\/facebook.com\/eldigitaldeasturias\" \/>\n\t\t<meta name=\"twitter:card\" content=\"summary_large_image\" \/>\n\t\t<meta name=\"twitter:title\" content=\"Eurodiputados avalan las medidas para impulsar el Cielo \u00danico Europeo - El Digital de Asturias\" \/>\n\t\t<meta name=\"twitter:description\" content=\"Bruselas, 30 ene (EFE).- La comisi\u00f3n de Transporte del Parlamento Europeo (PE) aval\u00f3 hoy medidas para impulsar el Cielo \u00danico Europeo, un modelo de gesti\u00f3n del tr\u00e1fico a\u00e9reo que trata de acabar con la fragmentaci\u00f3n del espacio a\u00e9reo en Europa, que est\u00e1 sufriendo grandes retrasos en su aplicaci\u00f3n. Los eurodiputados respaldaron la propuesta presentada en\" \/>\n\t\t<meta name=\"twitter:image\" content=\"https:\/\/www.eldigitaldeasturias.com\/noticias\/wp-content\/uploads\/2026\/06\/Contenidos.jpg\" \/>\n\t\t<meta name=\"twitter:label1\" content=\"Escrito por\" \/>\n\t\t<meta name=\"twitter:data1\" content=\"El Digital de Asturias\" \/>\n\t\t<meta name=\"twitter:label2\" content=\"Tiempo de lectura estimado\" \/>\n\t\t<meta name=\"twitter:data2\" content=\"3 minutos\" \/>\n\t\t<script type=\"application\/ld+json\" class=\"aioseo-schema\">\n\t\t\t{\"@context\":\"https:\\\/\\\/schema.org\",\"@graph\":[{\"@type\":\"BlogPosting\",\"@id\":\"https:\\\/\\\/www.eldigitaldeasturias.com\\\/noticias\\\/eurodiputados-avalan-las-medidas-para-impulsar-el-cielo-unico-europeo\\\/#blogposting\",\"name\":\"Eurodiputados avalan las medidas para impulsar el Cielo \\u00danico Europeo - El Digital de Asturias\",\"headline\":\"Eurodiputados avalan las medidas para impulsar el Cielo \\u00danico Europeo\",\"author\":{\"@id\":\"https:\\\/\\\/www.eldigitaldeasturias.com\\\/noticias\\\/author\\\/admin\\\/#author\"},\"publisher\":{\"@id\":\"https:\\\/\\\/www.eldigitaldeasturias.com\\\/noticias\\\/#organization\"},\"image\":{\"@type\":\"ImageObject\",\"url\":\"https:\\\/\\\/www.eldigitaldeasturias.com\\\/noticias\\\/wp-content\\\/uploads\\\/2026\\\/06\\\/Contenidos.jpg\",\"width\":1265,\"height\":697,\"caption\":\"Contenidos\"},\"datePublished\":\"2014-01-30T23:32:54+01:00\",\"dateModified\":\"2014-01-30T23:32:54+01:00\",\"inLanguage\":\"es-ES\",\"mainEntityOfPage\":{\"@id\":\"https:\\\/\\\/www.eldigitaldeasturias.com\\\/noticias\\\/eurodiputados-avalan-las-medidas-para-impulsar-el-cielo-unico-europeo\\\/#webpage\"},\"isPartOf\":{\"@id\":\"https:\\\/\\\/www.eldigitaldeasturias.com\\\/noticias\\\/eurodiputados-avalan-las-medidas-para-impulsar-el-cielo-unico-europeo\\\/#webpage\"},\"articleSection\":\"Actualidad\"},{\"@type\":\"BreadcrumbList\",\"@id\":\"https:\\\/\\\/www.eldigitaldeasturias.com\\\/noticias\\\/eurodiputados-avalan-las-medidas-para-impulsar-el-cielo-unico-europeo\\\/#breadcrumblist\",\"itemListElement\":[{\"@type\":\"ListItem\",\"@id\":\"https:\\\/\\\/www.eldigitaldeasturias.com\\\/noticias#listItem\",\"position\":1,\"name\":\"Home\",\"item\":\"https:\\\/\\\/www.eldigitaldeasturias.com\\\/noticias\",\"nextItem\":{\"@type\":\"ListItem\",\"@id\":\"https:\\\/\\\/www.eldigitaldeasturias.com\\\/noticias\\\/category\\\/actualidad\\\/#listItem\",\"name\":\"Actualidad\"}},{\"@type\":\"ListItem\",\"@id\":\"https:\\\/\\\/www.eldigitaldeasturias.com\\\/noticias\\\/category\\\/actualidad\\\/#listItem\",\"position\":2,\"name\":\"Actualidad\",\"item\":\"https:\\\/\\\/www.eldigitaldeasturias.com\\\/noticias\\\/category\\\/actualidad\\\/\",\"nextItem\":{\"@type\":\"ListItem\",\"@id\":\"https:\\\/\\\/www.eldigitaldeasturias.com\\\/noticias\\\/eurodiputados-avalan-las-medidas-para-impulsar-el-cielo-unico-europeo\\\/#listItem\",\"name\":\"Eurodiputados avalan las medidas para impulsar el Cielo \\u00danico Europeo\"},\"previousItem\":{\"@type\":\"ListItem\",\"@id\":\"https:\\\/\\\/www.eldigitaldeasturias.com\\\/noticias#listItem\",\"name\":\"Home\"}},{\"@type\":\"ListItem\",\"@id\":\"https:\\\/\\\/www.eldigitaldeasturias.com\\\/noticias\\\/eurodiputados-avalan-las-medidas-para-impulsar-el-cielo-unico-europeo\\\/#listItem\",\"position\":3,\"name\":\"Eurodiputados avalan las medidas para impulsar el Cielo \\u00danico Europeo\",\"previousItem\":{\"@type\":\"ListItem\",\"@id\":\"https:\\\/\\\/www.eldigitaldeasturias.com\\\/noticias\\\/category\\\/actualidad\\\/#listItem\",\"name\":\"Actualidad\"}}]},{\"@type\":\"Organization\",\"@id\":\"https:\\\/\\\/www.eldigitaldeasturias.com\\\/noticias\\\/#organization\",\"name\":\"El Digital de Asturias\",\"description\":\"Hemeroteca\",\"url\":\"https:\\\/\\\/www.eldigitaldeasturias.com\\\/noticias\\\/\",\"email\":\"info@eldigitaldeasturias.com\",\"telephone\":\"+34652131393\",\"logo\":{\"@type\":\"ImageObject\",\"url\":\"https:\\\/\\\/www.eldigitaldeasturias.com\\\/noticias\\\/wp-content\\\/uploads\\\/2020\\\/12\\\/EDA.jpg\",\"@id\":\"https:\\\/\\\/www.eldigitaldeasturias.com\\\/noticias\\\/eurodiputados-avalan-las-medidas-para-impulsar-el-cielo-unico-europeo\\\/#organizationLogo\"},\"image\":{\"@id\":\"https:\\\/\\\/www.eldigitaldeasturias.com\\\/noticias\\\/eurodiputados-avalan-las-medidas-para-impulsar-el-cielo-unico-europeo\\\/#organizationLogo\"},\"sameAs\":[\"https:\\\/\\\/facebook.com\\\/eldigitaldeasturias\",\"https:\\\/\\\/www.youtube.com\\\/channel\\\/UCZP-2wLEB9Rv6erhFmqVnvg\"],\"address\":{\"@id\":\"https:\\\/\\\/www.eldigitaldeasturias.com\\\/noticias\\\/#postaladdress\",\"@type\":\"PostalAddress\",\"streetAddress\":\"san antonio 4\",\"postalCode\":\"33430\",\"addressLocality\":\"Cand\\u00e1s\",\"addressRegion\":\"Asturias\",\"addressCountry\":\"ES\"}},{\"@type\":\"Person\",\"@id\":\"https:\\\/\\\/www.eldigitaldeasturias.com\\\/noticias\\\/author\\\/admin\\\/#author\",\"url\":\"https:\\\/\\\/www.eldigitaldeasturias.com\\\/noticias\\\/author\\\/admin\\\/\",\"name\":\"El Digital de Asturias\",\"image\":{\"@type\":\"ImageObject\",\"@id\":\"https:\\\/\\\/www.eldigitaldeasturias.com\\\/noticias\\\/eurodiputados-avalan-las-medidas-para-impulsar-el-cielo-unico-europeo\\\/#authorImage\",\"url\":\"https:\\\/\\\/secure.gravatar.com\\\/avatar\\\/df2aeffc32bcd13f8d26072ef8a91b623d677766deac7f97ca815868cd41bf5e?s=96&d=mm&r=g\",\"width\":96,\"height\":96,\"caption\":\"El Digital de Asturias\"}},{\"@type\":\"WebPage\",\"@id\":\"https:\\\/\\\/www.eldigitaldeasturias.com\\\/noticias\\\/eurodiputados-avalan-las-medidas-para-impulsar-el-cielo-unico-europeo\\\/#webpage\",\"url\":\"https:\\\/\\\/www.eldigitaldeasturias.com\\\/noticias\\\/eurodiputados-avalan-las-medidas-para-impulsar-el-cielo-unico-europeo\\\/\",\"name\":\"Eurodiputados avalan las medidas para impulsar el Cielo \\u00danico Europeo - El Digital de Asturias\",\"description\":\"Bruselas, 30 ene (EFE).- La comisi\\u00f3n de Transporte del Parlamento Europeo (PE) aval\\u00f3 hoy medidas para impulsar el Cielo \\u00danico Europeo, un modelo de gesti\\u00f3n del tr\\u00e1fico a\\u00e9reo que trata de acabar con la fragmentaci\\u00f3n del espacio a\\u00e9reo en Europa, que est\\u00e1 sufriendo grandes retrasos en su aplicaci\\u00f3n. Los eurodiputados respaldaron la propuesta presentada en\",\"inLanguage\":\"es-ES\",\"isPartOf\":{\"@id\":\"https:\\\/\\\/www.eldigitaldeasturias.com\\\/noticias\\\/#website\"},\"breadcrumb\":{\"@id\":\"https:\\\/\\\/www.eldigitaldeasturias.com\\\/noticias\\\/eurodiputados-avalan-las-medidas-para-impulsar-el-cielo-unico-europeo\\\/#breadcrumblist\"},\"author\":{\"@id\":\"https:\\\/\\\/www.eldigitaldeasturias.com\\\/noticias\\\/author\\\/admin\\\/#author\"},\"creator\":{\"@id\":\"https:\\\/\\\/www.eldigitaldeasturias.com\\\/noticias\\\/author\\\/admin\\\/#author\"},\"image\":{\"@type\":\"ImageObject\",\"url\":\"https:\\\/\\\/www.eldigitaldeasturias.com\\\/noticias\\\/wp-content\\\/uploads\\\/2026\\\/06\\\/Contenidos.jpg\",\"@id\":\"https:\\\/\\\/www.eldigitaldeasturias.com\\\/noticias\\\/eurodiputados-avalan-las-medidas-para-impulsar-el-cielo-unico-europeo\\\/#mainImage\",\"width\":1265,\"height\":697,\"caption\":\"Contenidos\"},\"primaryImageOfPage\":{\"@id\":\"https:\\\/\\\/www.eldigitaldeasturias.com\\\/noticias\\\/eurodiputados-avalan-las-medidas-para-impulsar-el-cielo-unico-europeo\\\/#mainImage\"},\"datePublished\":\"2014-01-30T23:32:54+01:00\",\"dateModified\":\"2014-01-30T23:32:54+01:00\"},{\"@type\":\"WebSite\",\"@id\":\"https:\\\/\\\/www.eldigitaldeasturias.com\\\/noticias\\\/#website\",\"url\":\"https:\\\/\\\/www.eldigitaldeasturias.com\\\/noticias\\\/\",\"name\":\"El Digital de Asturias - Diario de actualidad y noticias\",\"alternateName\":\"El Digital de Asturias - Diario de actualidad y noticias\",\"description\":\"Hemeroteca\",\"inLanguage\":\"es-ES\",\"publisher\":{\"@id\":\"https:\\\/\\\/www.eldigitaldeasturias.com\\\/noticias\\\/#organization\"}}]}\n\t\t<\/script>\n\t\t<!-- All in One SEO Pro -->\r\n\t\t<title>Eurodiputados avalan las medidas para impulsar el Cielo \u00danico Europeo - El Digital de Asturias<\/title>\n\n","aioseo_head_json":{"title":"Eurodiputados avalan las medidas para impulsar el Cielo \u00danico Europeo - El Digital de Asturias","description":"Bruselas, 30 ene (EFE).- La comisi\u00f3n de Transporte del Parlamento Europeo (PE) aval\u00f3 hoy medidas para impulsar el Cielo \u00danico Europeo, un modelo de gesti\u00f3n del tr\u00e1fico a\u00e9reo que trata de acabar con la fragmentaci\u00f3n del espacio a\u00e9reo en Europa, que est\u00e1 sufriendo grandes retrasos en su aplicaci\u00f3n. Los eurodiputados respaldaron la propuesta presentada en","canonical_url":"https:\/\/www.eldigitaldeasturias.com\/noticias\/eurodiputados-avalan-las-medidas-para-impulsar-el-cielo-unico-europeo\/","robots":"max-image-preview:large","keywords":"actualidad","webmasterTools":{"google-site-verification":"UA-38556648-1","msvalidate.01":"7dfe9f3f1b24437ab69f4f2559babe99","miscellaneous":""},"schema":{"@context":"https:\/\/schema.org","@graph":[{"@type":"BlogPosting","@id":"https:\/\/www.eldigitaldeasturias.com\/noticias\/eurodiputados-avalan-las-medidas-para-impulsar-el-cielo-unico-europeo\/#blogposting","name":"Eurodiputados avalan las medidas para impulsar el Cielo \u00danico Europeo - El Digital de Asturias","headline":"Eurodiputados avalan las medidas para impulsar el Cielo \u00danico Europeo","author":{"@id":"https:\/\/www.eldigitaldeasturias.com\/noticias\/author\/admin\/#author"},"publisher":{"@id":"https:\/\/www.eldigitaldeasturias.com\/noticias\/#organization"},"image":{"@type":"ImageObject","url":"https:\/\/www.eldigitaldeasturias.com\/noticias\/wp-content\/uploads\/2026\/06\/Contenidos.jpg","width":1265,"height":697,"caption":"Contenidos"},"datePublished":"2014-01-30T23:32:54+01:00","dateModified":"2014-01-30T23:32:54+01:00","inLanguage":"es-ES","mainEntityOfPage":{"@id":"https:\/\/www.eldigitaldeasturias.com\/noticias\/eurodiputados-avalan-las-medidas-para-impulsar-el-cielo-unico-europeo\/#webpage"},"isPartOf":{"@id":"https:\/\/www.eldigitaldeasturias.com\/noticias\/eurodiputados-avalan-las-medidas-para-impulsar-el-cielo-unico-europeo\/#webpage"},"articleSection":"Actualidad"},{"@type":"BreadcrumbList","@id":"https:\/\/www.eldigitaldeasturias.com\/noticias\/eurodiputados-avalan-las-medidas-para-impulsar-el-cielo-unico-europeo\/#breadcrumblist","itemListElement":[{"@type":"ListItem","@id":"https:\/\/www.eldigitaldeasturias.com\/noticias#listItem","position":1,"name":"Home","item":"https:\/\/www.eldigitaldeasturias.com\/noticias","nextItem":{"@type":"ListItem","@id":"https:\/\/www.eldigitaldeasturias.com\/noticias\/category\/actualidad\/#listItem","name":"Actualidad"}},{"@type":"ListItem","@id":"https:\/\/www.eldigitaldeasturias.com\/noticias\/category\/actualidad\/#listItem","position":2,"name":"Actualidad","item":"https:\/\/www.eldigitaldeasturias.com\/noticias\/category\/actualidad\/","nextItem":{"@type":"ListItem","@id":"https:\/\/www.eldigitaldeasturias.com\/noticias\/eurodiputados-avalan-las-medidas-para-impulsar-el-cielo-unico-europeo\/#listItem","name":"Eurodiputados avalan las medidas para impulsar el Cielo \u00danico Europeo"},"previousItem":{"@type":"ListItem","@id":"https:\/\/www.eldigitaldeasturias.com\/noticias#listItem","name":"Home"}},{"@type":"ListItem","@id":"https:\/\/www.eldigitaldeasturias.com\/noticias\/eurodiputados-avalan-las-medidas-para-impulsar-el-cielo-unico-europeo\/#listItem","position":3,"name":"Eurodiputados avalan las medidas para impulsar el Cielo \u00danico Europeo","previousItem":{"@type":"ListItem","@id":"https:\/\/www.eldigitaldeasturias.com\/noticias\/category\/actualidad\/#listItem","name":"Actualidad"}}]},{"@type":"Organization","@id":"https:\/\/www.eldigitaldeasturias.com\/noticias\/#organization","name":"El Digital de Asturias","description":"Hemeroteca","url":"https:\/\/www.eldigitaldeasturias.com\/noticias\/","email":"info@eldigitaldeasturias.com","telephone":"+34652131393","logo":{"@type":"ImageObject","url":"https:\/\/www.eldigitaldeasturias.com\/noticias\/wp-content\/uploads\/2020\/12\/EDA.jpg","@id":"https:\/\/www.eldigitaldeasturias.com\/noticias\/eurodiputados-avalan-las-medidas-para-impulsar-el-cielo-unico-europeo\/#organizationLogo"},"image":{"@id":"https:\/\/www.eldigitaldeasturias.com\/noticias\/eurodiputados-avalan-las-medidas-para-impulsar-el-cielo-unico-europeo\/#organizationLogo"},"sameAs":["https:\/\/facebook.com\/eldigitaldeasturias","https:\/\/www.youtube.com\/channel\/UCZP-2wLEB9Rv6erhFmqVnvg"],"address":{"@id":"https:\/\/www.eldigitaldeasturias.com\/noticias\/#postaladdress","@type":"PostalAddress","streetAddress":"san antonio 4","postalCode":"33430","addressLocality":"Cand\u00e1s","addressRegion":"Asturias","addressCountry":"ES"}},{"@type":"Person","@id":"https:\/\/www.eldigitaldeasturias.com\/noticias\/author\/admin\/#author","url":"https:\/\/www.eldigitaldeasturias.com\/noticias\/author\/admin\/","name":"El Digital de Asturias","image":{"@type":"ImageObject","@id":"https:\/\/www.eldigitaldeasturias.com\/noticias\/eurodiputados-avalan-las-medidas-para-impulsar-el-cielo-unico-europeo\/#authorImage","url":"https:\/\/secure.gravatar.com\/avatar\/df2aeffc32bcd13f8d26072ef8a91b623d677766deac7f97ca815868cd41bf5e?s=96&d=mm&r=g","width":96,"height":96,"caption":"El Digital de Asturias"}},{"@type":"WebPage","@id":"https:\/\/www.eldigitaldeasturias.com\/noticias\/eurodiputados-avalan-las-medidas-para-impulsar-el-cielo-unico-europeo\/#webpage","url":"https:\/\/www.eldigitaldeasturias.com\/noticias\/eurodiputados-avalan-las-medidas-para-impulsar-el-cielo-unico-europeo\/","name":"Eurodiputados avalan las medidas para impulsar el Cielo \u00danico Europeo - El Digital de Asturias","description":"Bruselas, 30 ene (EFE).- La comisi\u00f3n de Transporte del Parlamento Europeo (PE) aval\u00f3 hoy medidas para impulsar el Cielo \u00danico Europeo, un modelo de gesti\u00f3n del tr\u00e1fico a\u00e9reo que trata de acabar con la fragmentaci\u00f3n del espacio a\u00e9reo en Europa, que est\u00e1 sufriendo grandes retrasos en su aplicaci\u00f3n. Los eurodiputados respaldaron la propuesta presentada en","inLanguage":"es-ES","isPartOf":{"@id":"https:\/\/www.eldigitaldeasturias.com\/noticias\/#website"},"breadcrumb":{"@id":"https:\/\/www.eldigitaldeasturias.com\/noticias\/eurodiputados-avalan-las-medidas-para-impulsar-el-cielo-unico-europeo\/#breadcrumblist"},"author":{"@id":"https:\/\/www.eldigitaldeasturias.com\/noticias\/author\/admin\/#author"},"creator":{"@id":"https:\/\/www.eldigitaldeasturias.com\/noticias\/author\/admin\/#author"},"image":{"@type":"ImageObject","url":"https:\/\/www.eldigitaldeasturias.com\/noticias\/wp-content\/uploads\/2026\/06\/Contenidos.jpg","@id":"https:\/\/www.eldigitaldeasturias.com\/noticias\/eurodiputados-avalan-las-medidas-para-impulsar-el-cielo-unico-europeo\/#mainImage","width":1265,"height":697,"caption":"Contenidos"},"primaryImageOfPage":{"@id":"https:\/\/www.eldigitaldeasturias.com\/noticias\/eurodiputados-avalan-las-medidas-para-impulsar-el-cielo-unico-europeo\/#mainImage"},"datePublished":"2014-01-30T23:32:54+01:00","dateModified":"2014-01-30T23:32:54+01:00"},{"@type":"WebSite","@id":"https:\/\/www.eldigitaldeasturias.com\/noticias\/#website","url":"https:\/\/www.eldigitaldeasturias.com\/noticias\/","name":"El Digital de Asturias - Diario de actualidad y noticias","alternateName":"El Digital de Asturias - Diario de actualidad y noticias","description":"Hemeroteca","inLanguage":"es-ES","publisher":{"@id":"https:\/\/www.eldigitaldeasturias.com\/noticias\/#organization"}}]},"og:locale":"es_ES","og:site_name":"El Digital de Asturias","og:type":"article","og:title":"Eurodiputados avalan las medidas para impulsar el Cielo \u00danico Europeo - El Digital de Asturias","og:description":"Bruselas, 30 ene (EFE).- La comisi\u00f3n de Transporte del Parlamento Europeo (PE) aval\u00f3 hoy medidas para impulsar el Cielo \u00danico Europeo, un modelo de gesti\u00f3n del tr\u00e1fico a\u00e9reo que trata de acabar con la fragmentaci\u00f3n del espacio a\u00e9reo en Europa, que est\u00e1 sufriendo grandes retrasos en su aplicaci\u00f3n. Los eurodiputados respaldaron la propuesta presentada en","og:url":"https:\/\/www.eldigitaldeasturias.com\/noticias\/eurodiputados-avalan-las-medidas-para-impulsar-el-cielo-unico-europeo\/","og:image":"https:\/\/www.eldigitaldeasturias.com\/noticias\/wp-content\/uploads\/2026\/06\/Contenidos.jpg","og:image:secure_url":"https:\/\/www.eldigitaldeasturias.com\/noticias\/wp-content\/uploads\/2026\/06\/Contenidos.jpg","og:image:width":1265,"og:image:height":697,"article:tag":["actualidad"],"article:published_time":"2014-01-31T00:32:54+00:00","article:modified_time":"2014-01-31T00:32:54+00:00","article:publisher":"https:\/\/facebook.com\/eldigitaldeasturias","twitter:card":"summary_large_image","twitter:title":"Eurodiputados avalan las medidas para impulsar el Cielo \u00danico Europeo - El Digital de Asturias","twitter:description":"Bruselas, 30 ene (EFE).- La comisi\u00f3n de Transporte del Parlamento Europeo (PE) aval\u00f3 hoy medidas para impulsar el Cielo \u00danico Europeo, un modelo de gesti\u00f3n del tr\u00e1fico a\u00e9reo que trata de acabar con la fragmentaci\u00f3n del espacio a\u00e9reo en Europa, que est\u00e1 sufriendo grandes retrasos en su aplicaci\u00f3n. Los eurodiputados respaldaron la propuesta presentada en","twitter:image":"https:\/\/www.eldigitaldeasturias.com\/noticias\/wp-content\/uploads\/2026\/06\/Contenidos.jpg","twitter:label1":"Escrito por","twitter:data1":"El Digital de Asturias","twitter:label2":"Tiempo de lectura estimado","twitter:data2":"3 minutos"},"aioseo_meta_data":{"post_id":"480700","title":null,"description":null,"keywords":null,"keyphrases":null,"primary_term":null,"canonical_url":null,"og_title":null,"og_description":null,"og_object_type":"default","og_image_type":"default","og_image_url":null,"og_image_width":null,"og_image_height":null,"og_image_custom_url":null,"og_image_custom_fields":null,"og_video":null,"og_custom_url":null,"og_article_section":null,"og_article_tags":null,"twitter_use_og":true,"twitter_card":"default","twitter_image_type":"default","twitter_image_url":null,"twitter_image_custom_url":null,"twitter_image_custom_fields":null,"twitter_title":null,"twitter_description":null,"schema":{"blockGraphs":[],"customGraphs":[],"default":{"data":{"Article":[],"Course":[],"Dataset":[],"FAQPage":[],"Movie":[],"Person":[],"Product":[],"ProductReview":[],"Car":[],"Recipe":[],"Service":[],"SoftwareApplication":[],"WebPage":[]},"graphName":"","isEnabled":true},"graphs":[],"defaultGraph":"","defaultPostTypeGraph":""},"schema_type":null,"schema_type_options":null,"pillar_content":false,"robots_default":true,"robots_noindex":false,"robots_noarchive":false,"robots_nosnippet":false,"robots_nofollow":false,"robots_noimageindex":false,"robots_noodp":false,"robots_notranslate":false,"robots_max_snippet":null,"robots_max_videopreview":null,"robots_max_imagepreview":"none","priority":null,"frequency":null,"local_seo":null,"seo_analyzer_scan_date":"2026-06-02 04:35:52","breadcrumb_settings":null,"limit_modified_date":false,"open_ai":null,"ai":null,"created":"2020-11-14 22:54:14","updated":"2026-06-02 04:35:52","focus_keyword":null,"additional_keywords":null,"truseo_locale":null},"aioseo_breadcrumb":"<div class=\"aioseo-breadcrumbs\"><span class=\"aioseo-breadcrumb\">\n\t<a href=\"https:\/\/www.eldigitaldeasturias.com\/noticias\" title=\"Home\">Home<\/a>\n<\/span><span class=\"aioseo-breadcrumb-separator\">\u2013<\/span><span class=\"aioseo-breadcrumb\">\n\t<a href=\"https:\/\/www.eldigitaldeasturias.com\/noticias\/category\/actualidad\/\" title=\"Actualidad\">Actualidad<\/a>\n<\/span><span class=\"aioseo-breadcrumb-separator\">\u2013<\/span><span class=\"aioseo-breadcrumb\">\n\t<a href=\"https:\/\/www.eldigitaldeasturias.com\/noticias\/eurodiputados-avalan-las-medidas-para-impulsar-el-cielo-unico-europeo\/\" title=\"Eurodiputados avalan las medidas para impulsar el Cielo \u00danico Europeo\">Eurodiputados avalan las medidas para impulsar el Cielo \u00danico Europeo<\/a>\n<\/span><\/div>","aioseo_breadcrumb_json":[{"label":"Home","link":"https:\/\/www.eldigitaldeasturias.com\/noticias"},{"label":"Actualidad","link":"https:\/\/www.eldigitaldeasturias.com\/noticias\/category\/actualidad\/"},{"label":"Eurodiputados avalan las medidas para impulsar el Cielo \u00danico Europeo","link":"https:\/\/www.eldigitaldeasturias.com\/noticias\/eurodiputados-avalan-las-medidas-para-impulsar-el-cielo-unico-europeo\/"}],"_links":{"self":[{"href":"https:\/\/www.eldigitaldeasturias.com\/noticias\/wp-json\/wp\/v2\/posts\/480700","targetHints":{"allow":["GET"]}}],"collection":[{"href":"https:\/\/www.eldigitaldeasturias.com\/noticias\/wp-json\/wp\/v2\/posts"}],"about":[{"href":"https:\/\/www.eldigitaldeasturias.com\/noticias\/wp-json\/wp\/v2\/types\/post"}],"author":[{"embeddable":true,"href":"https:\/\/www.eldigitaldeasturias.com\/noticias\/wp-json\/wp\/v2\/users\/1"}],"replies":[{"embeddable":true,"href":"https:\/\/www.eldigitaldeasturias.com\/noticias\/wp-json\/wp\/v2\/comments?post=480700"}],"version-history":[{"count":0,"href":"https:\/\/www.eldigitaldeasturias.com\/noticias\/wp-json\/wp\/v2\/posts\/480700\/revisions"}],"wp:featuredmedia":[{"embeddable":true,"href":"https:\/\/www.eldigitaldeasturias.com\/noticias\/wp-json\/wp\/v2\/media\/1132184"}],"wp:attachment":[{"href":"https:\/\/www.eldigitaldeasturias.com\/noticias\/wp-json\/wp\/v2\/media?parent=480700"}],"wp:term":[{"taxonomy":"category","embeddable":true,"href":"https:\/\/www.eldigitaldeasturias.com\/noticias\/wp-json\/wp\/v2\/categories?post=480700"},{"taxonomy":"post_tag","embeddable":true,"href":"https:\/\/www.eldigitaldeasturias.com\/noticias\/wp-json\/wp\/v2\/tags?post=480700"}],"curies":[{"name":"wp","href":"https:\/\/api.w.org\/{rel}","templated":true}]}}