{"id":480694,"date":"2014-01-30T23:30:52","date_gmt":"2014-01-31T00:30:52","guid":{"rendered":"http:\/\/www.eldigitaldeasturias.com\/noticias\/?p=480694"},"modified":"2014-01-30T23:30:52","modified_gmt":"2014-01-31T00:30:52","slug":"el-gobierno-paquistani-crea-un-comite-para-dialogar-con-los-talibanes","status":"publish","type":"post","link":"https:\/\/www.eldigitaldeasturias.com\/noticias\/el-gobierno-paquistani-crea-un-comite-para-dialogar-con-los-talibanes\/","title":{"rendered":"El Gobierno paquistan\u00ed crea un comit\u00e9 para dialogar con los talibanes"},"content":{"rendered":"<p><img loading=\"lazy\" decoding=\"async\" class=\"alignleft size-medium wp-image-480695\" alt=\"5890956w\" src=\"https:\/\/www.eldigitaldeasturias.com\/noticias\/wp-content\/uploads\/2014\/01\/5890956w-360x239.jpg\" width=\"360\" height=\"239\" \/>Islamabad, 30 ene (EFE).- El primer ministro paquistan\u00ed, Nawaz Sharif, anunci\u00f3 la creaci\u00f3n de un comit\u00e9 integrado por cuatro personas para seguir intentando establecer un di\u00e1logo de paz con el principal grupo talib\u00e1n, el TTP, inform\u00f3 hoy la prensa local.<\/p>\n<p>Sharif hizo su anuncio ayer ante la Asamblea Nacional en el que volvi\u00f3 a apostar por el di\u00e1logo con una insurgencia integrista cuya actividad armada est\u00e1 al alza, a pesar de lo cual ha dado se\u00f1ales de estar dispuesta a entablar negociaciones.<\/p>\n<p>El comit\u00e9 anunciado por el jefe de Gobierno est\u00e1 integrado por el asesor gubernamental en temas nacionales, Irf\u00e1n Sidiqui, un exmiembro del aparato de inteligencia, Mohamed Amir, un exembajador, Rustam Sha, y el veterano periodista Rahimul\u00e1 Yusufzai.<\/p>\n<p>Siddiqui declar\u00f3 a los medios que se trata de un \u00abcomit\u00e9 oficioso\u00bb y que \u00abno hay requisitos previos para el di\u00e1logo\u00bb.<\/p>\n<p>Los talibanes anunciaron por medio de un comunicado de prensa de su portavoz, Shadiul\u00e1 Shaid, que la c\u00fapula del TTP se reunir\u00e1 en breve para designar un equipo negociador.<\/p>\n<p>Este nuevo anuncio de negociaciones por parte del Gobierno, con varios precedentes en los \u00faltimos meses pero ning\u00fan resultado tangible, llega cuando arreciaban en el pa\u00eds los rumores de una operaci\u00f3n militar en el mayor enclave talib\u00e1n de las \u00e1reas tribales.<\/p>\n<p>\u00abSi quisi\u00e9ramos usar la fuerza para eliminar a los terroristas, la naci\u00f3n entera estar\u00eda con nosotros\u00bb, afirm\u00f3 Sharif en el Parlamento al anunciar su nueva iniciativa de paz, bien recibida por la oposici\u00f3n pero vista con escepticismo por los expertos.<\/p>\n<p>En una art\u00edculo en la edici\u00f3n de hoy del diario The News, el analista Amir Mir alerta de que las demandas del TTP ser\u00e1n inasumibles para un Gobierno que, adem\u00e1s, act\u00faa desde cierta inferioridad al no poder frenar las embestidas de la insurgencia.<\/p>\n<p>Entre las posibles demandas enumeradas por Mir est\u00e1 la suspensi\u00f3n de toda actividad militar en las \u00e1reas tribales (incluidos los drones estadounidenses), una amnist\u00eda general de los presos talibanes y cambios en la Constituci\u00f3n para imponer la ley isl\u00e1mica.<\/p>\n<p>El Gobierno y los integristas parecieron llegar a un acercamiento el pasado noviembre, pero cuando las conversaciones parec\u00edan inminentes un dron acab\u00f3 con la vida del jefe del TTP, Hakimul\u00e1 Mehsud, y abort\u00f3 la iniciativa de di\u00e1logo.<\/p>\n<p>Pakist\u00e1n ha experimentado el \u00faltimo a\u00f1o un notable incremento de la actividad terrorista y se ha roto una tendencia a la baja iniciada en 2010.<\/p>\n<p>Seg\u00fan un reciente informe del Instituto Paquistan\u00ed para Estudios de Paz (PIPS), el a\u00f1o pasado hubo en el pa\u00eds asi\u00e1tico m\u00e1s de 1.700 atentados terroristas, un 61 % de los cuales fue perpetrado por el TTP y sus aliados.<\/p>\n<p>En los ataques registrados en 2013 murieron cerca de 2.500 personas, un 19 % m\u00e1s que en 2012.<\/p>\n","protected":false},"excerpt":{"rendered":"<p>Islamabad, 30 ene (EFE).- El primer ministro paquistan\u00ed, Nawaz Sharif, anunci\u00f3 la creaci\u00f3n de un comit\u00e9 integrado por cuatro personas para seguir intentando establecer un di\u00e1logo de paz con el principal grupo talib\u00e1n, el TTP, inform\u00f3 hoy la prensa local. Sharif hizo su anuncio ayer ante la Asamblea Nacional en el que volvi\u00f3 a apostar [&hellip;]<\/p>\n","protected":false},"author":1,"featured_media":1132184,"comment_status":"closed","ping_status":"open","sticky":false,"template":"","format":"standard","meta":{"footnotes":""},"categories":[1],"tags":[],"class_list":["post-480694","post","type-post","status-publish","format-standard","has-post-thumbnail","hentry","category-actualidad"],"aioseo_notices":[],"aioseo_head":"\n\t\t<!-- All in One SEO Pro 5.0.1 - aioseo.com -->\n\t<meta name=\"description\" content=\"Islamabad, 30 ene (EFE).- El primer ministro paquistan\u00ed, Nawaz Sharif, anunci\u00f3 la creaci\u00f3n de un comit\u00e9 integrado por cuatro personas para seguir intentando establecer un di\u00e1logo de paz con el principal grupo talib\u00e1n, el TTP, inform\u00f3 hoy la prensa local. Sharif hizo su anuncio ayer ante la Asamblea Nacional en el que volvi\u00f3 a apostar\" \/>\n\t<meta name=\"robots\" content=\"max-image-preview:large\" \/>\n\t<meta name=\"author\" content=\"El Digital de Asturias\"\/>\n\t<meta name=\"google-site-verification\" content=\"UA-38556648-1\" \/>\n\t<meta name=\"msvalidate.01\" content=\"7dfe9f3f1b24437ab69f4f2559babe99\" \/>\n\t<meta name=\"keywords\" content=\"actualidad\" \/>\n\t<link rel=\"canonical\" href=\"https:\/\/www.eldigitaldeasturias.com\/noticias\/el-gobierno-paquistani-crea-un-comite-para-dialogar-con-los-talibanes\/\" \/>\n\t<meta name=\"generator\" content=\"All in One SEO Pro (AIOSEO) 5.0.1\" \/>\n\t\t<meta property=\"og:locale\" content=\"es_ES\" \/>\n\t\t<meta property=\"og:site_name\" content=\"El Digital de Asturias\" \/>\n\t\t<meta property=\"og:type\" content=\"article\" \/>\n\t\t<meta property=\"og:title\" content=\"El Gobierno paquistan\u00ed crea un comit\u00e9 para dialogar con los talibanes - El Digital de Asturias\" \/>\n\t\t<meta property=\"og:description\" content=\"Islamabad, 30 ene (EFE).- El primer ministro paquistan\u00ed, Nawaz Sharif, anunci\u00f3 la creaci\u00f3n de un comit\u00e9 integrado por cuatro personas para seguir intentando establecer un di\u00e1logo de paz con el principal grupo talib\u00e1n, el TTP, inform\u00f3 hoy la prensa local. Sharif hizo su anuncio ayer ante la Asamblea Nacional en el que volvi\u00f3 a apostar\" \/>\n\t\t<meta property=\"og:url\" content=\"https:\/\/www.eldigitaldeasturias.com\/noticias\/el-gobierno-paquistani-crea-un-comite-para-dialogar-con-los-talibanes\/\" \/>\n\t\t<meta property=\"og:image\" content=\"https:\/\/www.eldigitaldeasturias.com\/noticias\/wp-content\/uploads\/2026\/06\/Contenidos.jpg\" \/>\n\t\t<meta property=\"og:image:secure_url\" content=\"https:\/\/www.eldigitaldeasturias.com\/noticias\/wp-content\/uploads\/2026\/06\/Contenidos.jpg\" \/>\n\t\t<meta property=\"og:image:width\" content=\"1265\" \/>\n\t\t<meta property=\"og:image:height\" content=\"697\" \/>\n\t\t<meta property=\"article:tag\" content=\"actualidad\" \/>\n\t\t<meta property=\"article:published_time\" content=\"2014-01-31T00:30:52+00:00\" \/>\n\t\t<meta property=\"article:modified_time\" content=\"2014-01-31T00:30:52+00:00\" \/>\n\t\t<meta property=\"article:publisher\" content=\"https:\/\/facebook.com\/eldigitaldeasturias\" \/>\n\t\t<meta name=\"twitter:card\" content=\"summary_large_image\" \/>\n\t\t<meta name=\"twitter:title\" content=\"El Gobierno paquistan\u00ed crea un comit\u00e9 para dialogar con los talibanes - El Digital de Asturias\" \/>\n\t\t<meta name=\"twitter:description\" content=\"Islamabad, 30 ene (EFE).- El primer ministro paquistan\u00ed, Nawaz Sharif, anunci\u00f3 la creaci\u00f3n de un comit\u00e9 integrado por cuatro personas para seguir intentando establecer un di\u00e1logo de paz con el principal grupo talib\u00e1n, el TTP, inform\u00f3 hoy la prensa local. Sharif hizo su anuncio ayer ante la Asamblea Nacional en el que volvi\u00f3 a apostar\" \/>\n\t\t<meta name=\"twitter:image\" content=\"https:\/\/www.eldigitaldeasturias.com\/noticias\/wp-content\/uploads\/2026\/06\/Contenidos.jpg\" \/>\n\t\t<meta name=\"twitter:label1\" content=\"Escrito por\" \/>\n\t\t<meta name=\"twitter:data1\" content=\"El Digital de Asturias\" \/>\n\t\t<meta name=\"twitter:label2\" content=\"Tiempo de lectura estimado\" \/>\n\t\t<meta name=\"twitter:data2\" content=\"2 minutos\" \/>\n\t\t<script type=\"application\/ld+json\" class=\"aioseo-schema\">\n\t\t\t{\"@context\":\"https:\\\/\\\/schema.org\",\"@graph\":[{\"@type\":\"BlogPosting\",\"@id\":\"https:\\\/\\\/www.eldigitaldeasturias.com\\\/noticias\\\/el-gobierno-paquistani-crea-un-comite-para-dialogar-con-los-talibanes\\\/#blogposting\",\"name\":\"El Gobierno paquistan\\u00ed crea un comit\\u00e9 para dialogar con los talibanes - El Digital de Asturias\",\"headline\":\"El Gobierno paquistan\\u00ed crea un comit\\u00e9 para dialogar con los talibanes\",\"author\":{\"@id\":\"https:\\\/\\\/www.eldigitaldeasturias.com\\\/noticias\\\/author\\\/admin\\\/#author\"},\"publisher\":{\"@id\":\"https:\\\/\\\/www.eldigitaldeasturias.com\\\/noticias\\\/#organization\"},\"image\":{\"@type\":\"ImageObject\",\"url\":\"https:\\\/\\\/www.eldigitaldeasturias.com\\\/noticias\\\/wp-content\\\/uploads\\\/2026\\\/06\\\/Contenidos.jpg\",\"width\":1265,\"height\":697,\"caption\":\"Contenidos\"},\"datePublished\":\"2014-01-30T23:30:52+01:00\",\"dateModified\":\"2014-01-30T23:30:52+01:00\",\"inLanguage\":\"es-ES\",\"mainEntityOfPage\":{\"@id\":\"https:\\\/\\\/www.eldigitaldeasturias.com\\\/noticias\\\/el-gobierno-paquistani-crea-un-comite-para-dialogar-con-los-talibanes\\\/#webpage\"},\"isPartOf\":{\"@id\":\"https:\\\/\\\/www.eldigitaldeasturias.com\\\/noticias\\\/el-gobierno-paquistani-crea-un-comite-para-dialogar-con-los-talibanes\\\/#webpage\"},\"articleSection\":\"Actualidad\"},{\"@type\":\"BreadcrumbList\",\"@id\":\"https:\\\/\\\/www.eldigitaldeasturias.com\\\/noticias\\\/el-gobierno-paquistani-crea-un-comite-para-dialogar-con-los-talibanes\\\/#breadcrumblist\",\"itemListElement\":[{\"@type\":\"ListItem\",\"@id\":\"https:\\\/\\\/www.eldigitaldeasturias.com\\\/noticias#listItem\",\"position\":1,\"name\":\"Home\",\"item\":\"https:\\\/\\\/www.eldigitaldeasturias.com\\\/noticias\",\"nextItem\":{\"@type\":\"ListItem\",\"@id\":\"https:\\\/\\\/www.eldigitaldeasturias.com\\\/noticias\\\/category\\\/actualidad\\\/#listItem\",\"name\":\"Actualidad\"}},{\"@type\":\"ListItem\",\"@id\":\"https:\\\/\\\/www.eldigitaldeasturias.com\\\/noticias\\\/category\\\/actualidad\\\/#listItem\",\"position\":2,\"name\":\"Actualidad\",\"item\":\"https:\\\/\\\/www.eldigitaldeasturias.com\\\/noticias\\\/category\\\/actualidad\\\/\",\"nextItem\":{\"@type\":\"ListItem\",\"@id\":\"https:\\\/\\\/www.eldigitaldeasturias.com\\\/noticias\\\/el-gobierno-paquistani-crea-un-comite-para-dialogar-con-los-talibanes\\\/#listItem\",\"name\":\"El Gobierno paquistan\\u00ed crea un comit\\u00e9 para dialogar con los talibanes\"},\"previousItem\":{\"@type\":\"ListItem\",\"@id\":\"https:\\\/\\\/www.eldigitaldeasturias.com\\\/noticias#listItem\",\"name\":\"Home\"}},{\"@type\":\"ListItem\",\"@id\":\"https:\\\/\\\/www.eldigitaldeasturias.com\\\/noticias\\\/el-gobierno-paquistani-crea-un-comite-para-dialogar-con-los-talibanes\\\/#listItem\",\"position\":3,\"name\":\"El Gobierno paquistan\\u00ed crea un comit\\u00e9 para dialogar con los talibanes\",\"previousItem\":{\"@type\":\"ListItem\",\"@id\":\"https:\\\/\\\/www.eldigitaldeasturias.com\\\/noticias\\\/category\\\/actualidad\\\/#listItem\",\"name\":\"Actualidad\"}}]},{\"@type\":\"Organization\",\"@id\":\"https:\\\/\\\/www.eldigitaldeasturias.com\\\/noticias\\\/#organization\",\"name\":\"El Digital de Asturias\",\"description\":\"Hemeroteca\",\"url\":\"https:\\\/\\\/www.eldigitaldeasturias.com\\\/noticias\\\/\",\"email\":\"info@eldigitaldeasturias.com\",\"telephone\":\"+34652131393\",\"logo\":{\"@type\":\"ImageObject\",\"url\":\"https:\\\/\\\/www.eldigitaldeasturias.com\\\/noticias\\\/wp-content\\\/uploads\\\/2020\\\/12\\\/EDA.jpg\",\"@id\":\"https:\\\/\\\/www.eldigitaldeasturias.com\\\/noticias\\\/el-gobierno-paquistani-crea-un-comite-para-dialogar-con-los-talibanes\\\/#organizationLogo\"},\"image\":{\"@id\":\"https:\\\/\\\/www.eldigitaldeasturias.com\\\/noticias\\\/el-gobierno-paquistani-crea-un-comite-para-dialogar-con-los-talibanes\\\/#organizationLogo\"},\"sameAs\":[\"https:\\\/\\\/facebook.com\\\/eldigitaldeasturias\",\"https:\\\/\\\/www.youtube.com\\\/channel\\\/UCZP-2wLEB9Rv6erhFmqVnvg\"],\"address\":{\"@id\":\"https:\\\/\\\/www.eldigitaldeasturias.com\\\/noticias\\\/#postaladdress\",\"@type\":\"PostalAddress\",\"streetAddress\":\"san antonio 4\",\"postalCode\":\"33430\",\"addressLocality\":\"Cand\\u00e1s\",\"addressRegion\":\"Asturias\",\"addressCountry\":\"ES\"}},{\"@type\":\"Person\",\"@id\":\"https:\\\/\\\/www.eldigitaldeasturias.com\\\/noticias\\\/author\\\/admin\\\/#author\",\"url\":\"https:\\\/\\\/www.eldigitaldeasturias.com\\\/noticias\\\/author\\\/admin\\\/\",\"name\":\"El Digital de Asturias\",\"image\":{\"@type\":\"ImageObject\",\"@id\":\"https:\\\/\\\/www.eldigitaldeasturias.com\\\/noticias\\\/el-gobierno-paquistani-crea-un-comite-para-dialogar-con-los-talibanes\\\/#authorImage\",\"url\":\"https:\\\/\\\/secure.gravatar.com\\\/avatar\\\/df2aeffc32bcd13f8d26072ef8a91b623d677766deac7f97ca815868cd41bf5e?s=96&d=mm&r=g\",\"width\":96,\"height\":96,\"caption\":\"El Digital de Asturias\"}},{\"@type\":\"WebPage\",\"@id\":\"https:\\\/\\\/www.eldigitaldeasturias.com\\\/noticias\\\/el-gobierno-paquistani-crea-un-comite-para-dialogar-con-los-talibanes\\\/#webpage\",\"url\":\"https:\\\/\\\/www.eldigitaldeasturias.com\\\/noticias\\\/el-gobierno-paquistani-crea-un-comite-para-dialogar-con-los-talibanes\\\/\",\"name\":\"El Gobierno paquistan\\u00ed crea un comit\\u00e9 para dialogar con los talibanes - El Digital de Asturias\",\"description\":\"Islamabad, 30 ene (EFE).- El primer ministro paquistan\\u00ed, Nawaz Sharif, anunci\\u00f3 la creaci\\u00f3n de un comit\\u00e9 integrado por cuatro personas para seguir intentando establecer un di\\u00e1logo de paz con el principal grupo talib\\u00e1n, el TTP, inform\\u00f3 hoy la prensa local. Sharif hizo su anuncio ayer ante la Asamblea Nacional en el que volvi\\u00f3 a apostar\",\"inLanguage\":\"es-ES\",\"isPartOf\":{\"@id\":\"https:\\\/\\\/www.eldigitaldeasturias.com\\\/noticias\\\/#website\"},\"breadcrumb\":{\"@id\":\"https:\\\/\\\/www.eldigitaldeasturias.com\\\/noticias\\\/el-gobierno-paquistani-crea-un-comite-para-dialogar-con-los-talibanes\\\/#breadcrumblist\"},\"author\":{\"@id\":\"https:\\\/\\\/www.eldigitaldeasturias.com\\\/noticias\\\/author\\\/admin\\\/#author\"},\"creator\":{\"@id\":\"https:\\\/\\\/www.eldigitaldeasturias.com\\\/noticias\\\/author\\\/admin\\\/#author\"},\"image\":{\"@type\":\"ImageObject\",\"url\":\"https:\\\/\\\/www.eldigitaldeasturias.com\\\/noticias\\\/wp-content\\\/uploads\\\/2026\\\/06\\\/Contenidos.jpg\",\"@id\":\"https:\\\/\\\/www.eldigitaldeasturias.com\\\/noticias\\\/el-gobierno-paquistani-crea-un-comite-para-dialogar-con-los-talibanes\\\/#mainImage\",\"width\":1265,\"height\":697,\"caption\":\"Contenidos\"},\"primaryImageOfPage\":{\"@id\":\"https:\\\/\\\/www.eldigitaldeasturias.com\\\/noticias\\\/el-gobierno-paquistani-crea-un-comite-para-dialogar-con-los-talibanes\\\/#mainImage\"},\"datePublished\":\"2014-01-30T23:30:52+01:00\",\"dateModified\":\"2014-01-30T23:30:52+01:00\"},{\"@type\":\"WebSite\",\"@id\":\"https:\\\/\\\/www.eldigitaldeasturias.com\\\/noticias\\\/#website\",\"url\":\"https:\\\/\\\/www.eldigitaldeasturias.com\\\/noticias\\\/\",\"name\":\"El Digital de Asturias - Diario de actualidad y noticias\",\"alternateName\":\"El Digital de Asturias - Diario de actualidad y noticias\",\"description\":\"Hemeroteca\",\"inLanguage\":\"es-ES\",\"publisher\":{\"@id\":\"https:\\\/\\\/www.eldigitaldeasturias.com\\\/noticias\\\/#organization\"}}]}\n\t\t<\/script>\n\t\t<!-- All in One SEO Pro -->\r\n\t\t<title>El Gobierno paquistan\u00ed crea un comit\u00e9 para dialogar con los talibanes - El Digital de Asturias<\/title>\n\n","aioseo_head_json":{"title":"El Gobierno paquistan\u00ed crea un comit\u00e9 para dialogar con los talibanes - El Digital de Asturias","description":"Islamabad, 30 ene (EFE).- El primer ministro paquistan\u00ed, Nawaz Sharif, anunci\u00f3 la creaci\u00f3n de un comit\u00e9 integrado por cuatro personas para seguir intentando establecer un di\u00e1logo de paz con el principal grupo talib\u00e1n, el TTP, inform\u00f3 hoy la prensa local. Sharif hizo su anuncio ayer ante la Asamblea Nacional en el que volvi\u00f3 a apostar","canonical_url":"https:\/\/www.eldigitaldeasturias.com\/noticias\/el-gobierno-paquistani-crea-un-comite-para-dialogar-con-los-talibanes\/","robots":"max-image-preview:large","keywords":"actualidad","webmasterTools":{"google-site-verification":"UA-38556648-1","msvalidate.01":"7dfe9f3f1b24437ab69f4f2559babe99","miscellaneous":""},"schema":{"@context":"https:\/\/schema.org","@graph":[{"@type":"BlogPosting","@id":"https:\/\/www.eldigitaldeasturias.com\/noticias\/el-gobierno-paquistani-crea-un-comite-para-dialogar-con-los-talibanes\/#blogposting","name":"El Gobierno paquistan\u00ed crea un comit\u00e9 para dialogar con los talibanes - El Digital de Asturias","headline":"El Gobierno paquistan\u00ed crea un comit\u00e9 para dialogar con los talibanes","author":{"@id":"https:\/\/www.eldigitaldeasturias.com\/noticias\/author\/admin\/#author"},"publisher":{"@id":"https:\/\/www.eldigitaldeasturias.com\/noticias\/#organization"},"image":{"@type":"ImageObject","url":"https:\/\/www.eldigitaldeasturias.com\/noticias\/wp-content\/uploads\/2026\/06\/Contenidos.jpg","width":1265,"height":697,"caption":"Contenidos"},"datePublished":"2014-01-30T23:30:52+01:00","dateModified":"2014-01-30T23:30:52+01:00","inLanguage":"es-ES","mainEntityOfPage":{"@id":"https:\/\/www.eldigitaldeasturias.com\/noticias\/el-gobierno-paquistani-crea-un-comite-para-dialogar-con-los-talibanes\/#webpage"},"isPartOf":{"@id":"https:\/\/www.eldigitaldeasturias.com\/noticias\/el-gobierno-paquistani-crea-un-comite-para-dialogar-con-los-talibanes\/#webpage"},"articleSection":"Actualidad"},{"@type":"BreadcrumbList","@id":"https:\/\/www.eldigitaldeasturias.com\/noticias\/el-gobierno-paquistani-crea-un-comite-para-dialogar-con-los-talibanes\/#breadcrumblist","itemListElement":[{"@type":"ListItem","@id":"https:\/\/www.eldigitaldeasturias.com\/noticias#listItem","position":1,"name":"Home","item":"https:\/\/www.eldigitaldeasturias.com\/noticias","nextItem":{"@type":"ListItem","@id":"https:\/\/www.eldigitaldeasturias.com\/noticias\/category\/actualidad\/#listItem","name":"Actualidad"}},{"@type":"ListItem","@id":"https:\/\/www.eldigitaldeasturias.com\/noticias\/category\/actualidad\/#listItem","position":2,"name":"Actualidad","item":"https:\/\/www.eldigitaldeasturias.com\/noticias\/category\/actualidad\/","nextItem":{"@type":"ListItem","@id":"https:\/\/www.eldigitaldeasturias.com\/noticias\/el-gobierno-paquistani-crea-un-comite-para-dialogar-con-los-talibanes\/#listItem","name":"El Gobierno paquistan\u00ed crea un comit\u00e9 para dialogar con los talibanes"},"previousItem":{"@type":"ListItem","@id":"https:\/\/www.eldigitaldeasturias.com\/noticias#listItem","name":"Home"}},{"@type":"ListItem","@id":"https:\/\/www.eldigitaldeasturias.com\/noticias\/el-gobierno-paquistani-crea-un-comite-para-dialogar-con-los-talibanes\/#listItem","position":3,"name":"El Gobierno paquistan\u00ed crea un comit\u00e9 para dialogar con los talibanes","previousItem":{"@type":"ListItem","@id":"https:\/\/www.eldigitaldeasturias.com\/noticias\/category\/actualidad\/#listItem","name":"Actualidad"}}]},{"@type":"Organization","@id":"https:\/\/www.eldigitaldeasturias.com\/noticias\/#organization","name":"El Digital de Asturias","description":"Hemeroteca","url":"https:\/\/www.eldigitaldeasturias.com\/noticias\/","email":"info@eldigitaldeasturias.com","telephone":"+34652131393","logo":{"@type":"ImageObject","url":"https:\/\/www.eldigitaldeasturias.com\/noticias\/wp-content\/uploads\/2020\/12\/EDA.jpg","@id":"https:\/\/www.eldigitaldeasturias.com\/noticias\/el-gobierno-paquistani-crea-un-comite-para-dialogar-con-los-talibanes\/#organizationLogo"},"image":{"@id":"https:\/\/www.eldigitaldeasturias.com\/noticias\/el-gobierno-paquistani-crea-un-comite-para-dialogar-con-los-talibanes\/#organizationLogo"},"sameAs":["https:\/\/facebook.com\/eldigitaldeasturias","https:\/\/www.youtube.com\/channel\/UCZP-2wLEB9Rv6erhFmqVnvg"],"address":{"@id":"https:\/\/www.eldigitaldeasturias.com\/noticias\/#postaladdress","@type":"PostalAddress","streetAddress":"san antonio 4","postalCode":"33430","addressLocality":"Cand\u00e1s","addressRegion":"Asturias","addressCountry":"ES"}},{"@type":"Person","@id":"https:\/\/www.eldigitaldeasturias.com\/noticias\/author\/admin\/#author","url":"https:\/\/www.eldigitaldeasturias.com\/noticias\/author\/admin\/","name":"El Digital de Asturias","image":{"@type":"ImageObject","@id":"https:\/\/www.eldigitaldeasturias.com\/noticias\/el-gobierno-paquistani-crea-un-comite-para-dialogar-con-los-talibanes\/#authorImage","url":"https:\/\/secure.gravatar.com\/avatar\/df2aeffc32bcd13f8d26072ef8a91b623d677766deac7f97ca815868cd41bf5e?s=96&d=mm&r=g","width":96,"height":96,"caption":"El Digital de Asturias"}},{"@type":"WebPage","@id":"https:\/\/www.eldigitaldeasturias.com\/noticias\/el-gobierno-paquistani-crea-un-comite-para-dialogar-con-los-talibanes\/#webpage","url":"https:\/\/www.eldigitaldeasturias.com\/noticias\/el-gobierno-paquistani-crea-un-comite-para-dialogar-con-los-talibanes\/","name":"El Gobierno paquistan\u00ed crea un comit\u00e9 para dialogar con los talibanes - El Digital de Asturias","description":"Islamabad, 30 ene (EFE).- El primer ministro paquistan\u00ed, Nawaz Sharif, anunci\u00f3 la creaci\u00f3n de un comit\u00e9 integrado por cuatro personas para seguir intentando establecer un di\u00e1logo de paz con el principal grupo talib\u00e1n, el TTP, inform\u00f3 hoy la prensa local. Sharif hizo su anuncio ayer ante la Asamblea Nacional en el que volvi\u00f3 a apostar","inLanguage":"es-ES","isPartOf":{"@id":"https:\/\/www.eldigitaldeasturias.com\/noticias\/#website"},"breadcrumb":{"@id":"https:\/\/www.eldigitaldeasturias.com\/noticias\/el-gobierno-paquistani-crea-un-comite-para-dialogar-con-los-talibanes\/#breadcrumblist"},"author":{"@id":"https:\/\/www.eldigitaldeasturias.com\/noticias\/author\/admin\/#author"},"creator":{"@id":"https:\/\/www.eldigitaldeasturias.com\/noticias\/author\/admin\/#author"},"image":{"@type":"ImageObject","url":"https:\/\/www.eldigitaldeasturias.com\/noticias\/wp-content\/uploads\/2026\/06\/Contenidos.jpg","@id":"https:\/\/www.eldigitaldeasturias.com\/noticias\/el-gobierno-paquistani-crea-un-comite-para-dialogar-con-los-talibanes\/#mainImage","width":1265,"height":697,"caption":"Contenidos"},"primaryImageOfPage":{"@id":"https:\/\/www.eldigitaldeasturias.com\/noticias\/el-gobierno-paquistani-crea-un-comite-para-dialogar-con-los-talibanes\/#mainImage"},"datePublished":"2014-01-30T23:30:52+01:00","dateModified":"2014-01-30T23:30:52+01:00"},{"@type":"WebSite","@id":"https:\/\/www.eldigitaldeasturias.com\/noticias\/#website","url":"https:\/\/www.eldigitaldeasturias.com\/noticias\/","name":"El Digital de Asturias - Diario de actualidad y noticias","alternateName":"El Digital de Asturias - Diario de actualidad y noticias","description":"Hemeroteca","inLanguage":"es-ES","publisher":{"@id":"https:\/\/www.eldigitaldeasturias.com\/noticias\/#organization"}}]},"og:locale":"es_ES","og:site_name":"El Digital de Asturias","og:type":"article","og:title":"El Gobierno paquistan\u00ed crea un comit\u00e9 para dialogar con los talibanes - El Digital de Asturias","og:description":"Islamabad, 30 ene (EFE).- El primer ministro paquistan\u00ed, Nawaz Sharif, anunci\u00f3 la creaci\u00f3n de un comit\u00e9 integrado por cuatro personas para seguir intentando establecer un di\u00e1logo de paz con el principal grupo talib\u00e1n, el TTP, inform\u00f3 hoy la prensa local. Sharif hizo su anuncio ayer ante la Asamblea Nacional en el que volvi\u00f3 a apostar","og:url":"https:\/\/www.eldigitaldeasturias.com\/noticias\/el-gobierno-paquistani-crea-un-comite-para-dialogar-con-los-talibanes\/","og:image":"https:\/\/www.eldigitaldeasturias.com\/noticias\/wp-content\/uploads\/2026\/06\/Contenidos.jpg","og:image:secure_url":"https:\/\/www.eldigitaldeasturias.com\/noticias\/wp-content\/uploads\/2026\/06\/Contenidos.jpg","og:image:width":1265,"og:image:height":697,"article:tag":["actualidad"],"article:published_time":"2014-01-31T00:30:52+00:00","article:modified_time":"2014-01-31T00:30:52+00:00","article:publisher":"https:\/\/facebook.com\/eldigitaldeasturias","twitter:card":"summary_large_image","twitter:title":"El Gobierno paquistan\u00ed crea un comit\u00e9 para dialogar con los talibanes - El Digital de Asturias","twitter:description":"Islamabad, 30 ene (EFE).- El primer ministro paquistan\u00ed, Nawaz Sharif, anunci\u00f3 la creaci\u00f3n de un comit\u00e9 integrado por cuatro personas para seguir intentando establecer un di\u00e1logo de paz con el principal grupo talib\u00e1n, el TTP, inform\u00f3 hoy la prensa local. Sharif hizo su anuncio ayer ante la Asamblea Nacional en el que volvi\u00f3 a apostar","twitter:image":"https:\/\/www.eldigitaldeasturias.com\/noticias\/wp-content\/uploads\/2026\/06\/Contenidos.jpg","twitter:label1":"Escrito por","twitter:data1":"El Digital de Asturias","twitter:label2":"Tiempo de lectura estimado","twitter:data2":"2 minutos"},"aioseo_meta_data":{"post_id":"480694","title":null,"description":null,"keywords":null,"keyphrases":null,"primary_term":null,"canonical_url":null,"og_title":null,"og_description":null,"og_object_type":"default","og_image_type":"default","og_image_url":null,"og_image_width":null,"og_image_height":null,"og_image_custom_url":null,"og_image_custom_fields":null,"og_video":null,"og_custom_url":null,"og_article_section":null,"og_article_tags":null,"twitter_use_og":true,"twitter_card":"default","twitter_image_type":"default","twitter_image_url":null,"twitter_image_custom_url":null,"twitter_image_custom_fields":null,"twitter_title":null,"twitter_description":null,"schema":{"blockGraphs":[],"customGraphs":[],"default":{"data":{"Article":[],"Course":[],"Dataset":[],"FAQPage":[],"Movie":[],"Person":[],"Product":[],"ProductReview":[],"Car":[],"Recipe":[],"Service":[],"SoftwareApplication":[],"WebPage":[]},"graphName":"","isEnabled":true},"graphs":[],"defaultGraph":"","defaultPostTypeGraph":""},"schema_type":null,"schema_type_options":null,"pillar_content":false,"robots_default":true,"robots_noindex":false,"robots_noarchive":false,"robots_nosnippet":false,"robots_nofollow":false,"robots_noimageindex":false,"robots_noodp":false,"robots_notranslate":false,"robots_max_snippet":null,"robots_max_videopreview":null,"robots_max_imagepreview":"none","priority":null,"frequency":null,"local_seo":null,"seo_analyzer_scan_date":"2026-06-02 04:35:48","breadcrumb_settings":null,"limit_modified_date":false,"open_ai":null,"ai":null,"created":"2020-11-14 22:54:14","updated":"2026-06-02 04:35:48","focus_keyword":null,"additional_keywords":null,"truseo_locale":null},"aioseo_breadcrumb":"<div class=\"aioseo-breadcrumbs\"><span class=\"aioseo-breadcrumb\">\n\t<a href=\"https:\/\/www.eldigitaldeasturias.com\/noticias\" title=\"Home\">Home<\/a>\n<\/span><span class=\"aioseo-breadcrumb-separator\">\u2013<\/span><span class=\"aioseo-breadcrumb\">\n\t<a href=\"https:\/\/www.eldigitaldeasturias.com\/noticias\/category\/actualidad\/\" title=\"Actualidad\">Actualidad<\/a>\n<\/span><span class=\"aioseo-breadcrumb-separator\">\u2013<\/span><span class=\"aioseo-breadcrumb\">\n\t<a href=\"https:\/\/www.eldigitaldeasturias.com\/noticias\/el-gobierno-paquistani-crea-un-comite-para-dialogar-con-los-talibanes\/\" title=\"El Gobierno paquistan\u00ed crea un comit\u00e9 para dialogar con los talibanes\">El Gobierno paquistan\u00ed crea un comit\u00e9 para dialogar con los talibanes<\/a>\n<\/span><\/div>","aioseo_breadcrumb_json":[{"label":"Home","link":"https:\/\/www.eldigitaldeasturias.com\/noticias"},{"label":"Actualidad","link":"https:\/\/www.eldigitaldeasturias.com\/noticias\/category\/actualidad\/"},{"label":"El Gobierno paquistan\u00ed crea un comit\u00e9 para dialogar con los talibanes","link":"https:\/\/www.eldigitaldeasturias.com\/noticias\/el-gobierno-paquistani-crea-un-comite-para-dialogar-con-los-talibanes\/"}],"_links":{"self":[{"href":"https:\/\/www.eldigitaldeasturias.com\/noticias\/wp-json\/wp\/v2\/posts\/480694","targetHints":{"allow":["GET"]}}],"collection":[{"href":"https:\/\/www.eldigitaldeasturias.com\/noticias\/wp-json\/wp\/v2\/posts"}],"about":[{"href":"https:\/\/www.eldigitaldeasturias.com\/noticias\/wp-json\/wp\/v2\/types\/post"}],"author":[{"embeddable":true,"href":"https:\/\/www.eldigitaldeasturias.com\/noticias\/wp-json\/wp\/v2\/users\/1"}],"replies":[{"embeddable":true,"href":"https:\/\/www.eldigitaldeasturias.com\/noticias\/wp-json\/wp\/v2\/comments?post=480694"}],"version-history":[{"count":0,"href":"https:\/\/www.eldigitaldeasturias.com\/noticias\/wp-json\/wp\/v2\/posts\/480694\/revisions"}],"wp:featuredmedia":[{"embeddable":true,"href":"https:\/\/www.eldigitaldeasturias.com\/noticias\/wp-json\/wp\/v2\/media\/1132184"}],"wp:attachment":[{"href":"https:\/\/www.eldigitaldeasturias.com\/noticias\/wp-json\/wp\/v2\/media?parent=480694"}],"wp:term":[{"taxonomy":"category","embeddable":true,"href":"https:\/\/www.eldigitaldeasturias.com\/noticias\/wp-json\/wp\/v2\/categories?post=480694"},{"taxonomy":"post_tag","embeddable":true,"href":"https:\/\/www.eldigitaldeasturias.com\/noticias\/wp-json\/wp\/v2\/tags?post=480694"}],"curies":[{"name":"wp","href":"https:\/\/api.w.org\/{rel}","templated":true}]}}