{"id":480691,"date":"2014-01-30T23:29:55","date_gmt":"2014-01-31T00:29:55","guid":{"rendered":"http:\/\/www.eldigitaldeasturias.com\/noticias\/?p=480691"},"modified":"2014-01-30T23:29:55","modified_gmt":"2014-01-31T00:29:55","slug":"gallardon-afirma-que-tiene-el-apoyo-de-rajoy-y-del-gobierno-para-la-reforma-del-aborto","status":"publish","type":"post","link":"https:\/\/www.eldigitaldeasturias.com\/noticias\/gallardon-afirma-que-tiene-el-apoyo-de-rajoy-y-del-gobierno-para-la-reforma-del-aborto\/","title":{"rendered":"Gallard\u00f3n afirma que tiene el apoyo de Rajoy y del Gobierno para la reforma del aborto"},"content":{"rendered":"<p><img loading=\"lazy\" decoding=\"async\" class=\"alignleft size-medium wp-image-480692\" alt=\"5890933w\" src=\"https:\/\/www.eldigitaldeasturias.com\/noticias\/wp-content\/uploads\/2014\/01\/5890933w-248x320.jpg\" width=\"248\" height=\"320\" \/>Madrid, 30 ene (EFE).- El ministro de Justicia, Alberto Ruiz-Gallard\u00f3n, dice sentirse respaldado para sacar adelante la reforma de la ley del aborto porque cuenta con el apoyo \u00abm\u00e1s importante\u00bb, es decir el del presidente del Gobierno, Mariano Rajoy, y el del \u00abGobierno en pleno\u00bb.<\/p>\n<p>\u00abTengo el apoyo m\u00e1s importante que puede tener un ministro para sacar adelante un proyecto, que es el apoyo del presidente del Gobierno y el del Gobierno en pleno\u00bb, ha se\u00f1alado hoy el ministro en declaraciones a los periodistas tras inaugurar en la Casa \u00c1rabe de Madrid el I Congreso Internacional sobre Gesti\u00f3n del Pluralismo Religioso.<\/p>\n<p>De esta forma, Gallard\u00f3n ha querido zanjar la pol\u00e9mica sobre las diferentes sensibilidades que su reforma ha despertado entre algunos miembros de su partido, como el presidente del Gobierno de Extremadura, Jos\u00e9 Antonio Monago, y la vicepresidenta del Congreso, Celia Villalobos.<\/p>\n","protected":false},"excerpt":{"rendered":"<p>Madrid, 30 ene (EFE).- El ministro de Justicia, Alberto Ruiz-Gallard\u00f3n, dice sentirse respaldado para sacar adelante la reforma de la ley del aborto porque cuenta con el apoyo \u00abm\u00e1s importante\u00bb, es decir el del presidente del Gobierno, Mariano Rajoy, y el del \u00abGobierno en pleno\u00bb. \u00abTengo el apoyo m\u00e1s importante que puede tener un ministro [&hellip;]<\/p>\n","protected":false},"author":1,"featured_media":1132184,"comment_status":"closed","ping_status":"open","sticky":false,"template":"","format":"standard","meta":{"footnotes":""},"categories":[1],"tags":[],"class_list":["post-480691","post","type-post","status-publish","format-standard","has-post-thumbnail","hentry","category-actualidad"],"aioseo_notices":[],"aioseo_head":"\n\t\t<!-- All in One SEO Pro 5.0.1 - aioseo.com -->\n\t<meta name=\"description\" content=\"Madrid, 30 ene (EFE).- El ministro de Justicia, Alberto Ruiz-Gallard\u00f3n, dice sentirse respaldado para sacar adelante la reforma de la ley del aborto porque cuenta con el apoyo &quot;m\u00e1s importante&quot;, es decir el del presidente del Gobierno, Mariano Rajoy, y el del &quot;Gobierno en pleno&quot;. &quot;Tengo el apoyo m\u00e1s importante que puede tener un ministro\" \/>\n\t<meta name=\"robots\" content=\"max-image-preview:large\" \/>\n\t<meta name=\"author\" content=\"El Digital de Asturias\"\/>\n\t<meta name=\"google-site-verification\" content=\"UA-38556648-1\" \/>\n\t<meta name=\"msvalidate.01\" content=\"7dfe9f3f1b24437ab69f4f2559babe99\" \/>\n\t<meta name=\"keywords\" content=\"actualidad\" \/>\n\t<link rel=\"canonical\" href=\"https:\/\/www.eldigitaldeasturias.com\/noticias\/gallardon-afirma-que-tiene-el-apoyo-de-rajoy-y-del-gobierno-para-la-reforma-del-aborto\/\" \/>\n\t<meta name=\"generator\" content=\"All in One SEO Pro (AIOSEO) 5.0.1\" \/>\n\t\t<meta property=\"og:locale\" content=\"es_ES\" \/>\n\t\t<meta property=\"og:site_name\" content=\"El Digital de Asturias\" \/>\n\t\t<meta property=\"og:type\" content=\"article\" \/>\n\t\t<meta property=\"og:title\" content=\"Gallard\u00f3n afirma que tiene el apoyo de Rajoy y del Gobierno para la reforma del aborto - El Digital de Asturias\" \/>\n\t\t<meta property=\"og:description\" content=\"Madrid, 30 ene (EFE).- El ministro de Justicia, Alberto Ruiz-Gallard\u00f3n, dice sentirse respaldado para sacar adelante la reforma de la ley del aborto porque cuenta con el apoyo &quot;m\u00e1s importante&quot;, es decir el del presidente del Gobierno, Mariano Rajoy, y el del &quot;Gobierno en pleno&quot;. &quot;Tengo el apoyo m\u00e1s importante que puede tener un ministro\" \/>\n\t\t<meta property=\"og:url\" content=\"https:\/\/www.eldigitaldeasturias.com\/noticias\/gallardon-afirma-que-tiene-el-apoyo-de-rajoy-y-del-gobierno-para-la-reforma-del-aborto\/\" \/>\n\t\t<meta property=\"og:image\" content=\"https:\/\/www.eldigitaldeasturias.com\/noticias\/wp-content\/uploads\/2026\/06\/Contenidos.jpg\" \/>\n\t\t<meta property=\"og:image:secure_url\" content=\"https:\/\/www.eldigitaldeasturias.com\/noticias\/wp-content\/uploads\/2026\/06\/Contenidos.jpg\" \/>\n\t\t<meta property=\"og:image:width\" content=\"1265\" \/>\n\t\t<meta property=\"og:image:height\" content=\"697\" \/>\n\t\t<meta property=\"article:tag\" content=\"actualidad\" \/>\n\t\t<meta property=\"article:published_time\" content=\"2014-01-31T00:29:55+00:00\" \/>\n\t\t<meta property=\"article:modified_time\" content=\"2014-01-31T00:29:55+00:00\" \/>\n\t\t<meta property=\"article:publisher\" content=\"https:\/\/facebook.com\/eldigitaldeasturias\" \/>\n\t\t<meta name=\"twitter:card\" content=\"summary_large_image\" \/>\n\t\t<meta name=\"twitter:title\" content=\"Gallard\u00f3n afirma que tiene el apoyo de Rajoy y del Gobierno para la reforma del aborto - El Digital de Asturias\" \/>\n\t\t<meta name=\"twitter:description\" content=\"Madrid, 30 ene (EFE).- El ministro de Justicia, Alberto Ruiz-Gallard\u00f3n, dice sentirse respaldado para sacar adelante la reforma de la ley del aborto porque cuenta con el apoyo &quot;m\u00e1s importante&quot;, es decir el del presidente del Gobierno, Mariano Rajoy, y el del &quot;Gobierno en pleno&quot;. &quot;Tengo el apoyo m\u00e1s importante que puede tener un ministro\" \/>\n\t\t<meta name=\"twitter:image\" content=\"https:\/\/www.eldigitaldeasturias.com\/noticias\/wp-content\/uploads\/2026\/06\/Contenidos.jpg\" \/>\n\t\t<meta name=\"twitter:label1\" content=\"Escrito por\" \/>\n\t\t<meta name=\"twitter:data1\" content=\"El Digital de Asturias\" \/>\n\t\t<meta name=\"twitter:label2\" content=\"Tiempo de lectura estimado\" \/>\n\t\t<meta name=\"twitter:data2\" content=\"1 minuto\" \/>\n\t\t<script type=\"application\/ld+json\" class=\"aioseo-schema\">\n\t\t\t{\"@context\":\"https:\\\/\\\/schema.org\",\"@graph\":[{\"@type\":\"BlogPosting\",\"@id\":\"https:\\\/\\\/www.eldigitaldeasturias.com\\\/noticias\\\/gallardon-afirma-que-tiene-el-apoyo-de-rajoy-y-del-gobierno-para-la-reforma-del-aborto\\\/#blogposting\",\"name\":\"Gallard\\u00f3n afirma que tiene el apoyo de Rajoy y del Gobierno para la reforma del aborto - El Digital de Asturias\",\"headline\":\"Gallard\\u00f3n afirma que tiene el apoyo de Rajoy y del Gobierno para la reforma del aborto\",\"author\":{\"@id\":\"https:\\\/\\\/www.eldigitaldeasturias.com\\\/noticias\\\/author\\\/admin\\\/#author\"},\"publisher\":{\"@id\":\"https:\\\/\\\/www.eldigitaldeasturias.com\\\/noticias\\\/#organization\"},\"image\":{\"@type\":\"ImageObject\",\"url\":\"https:\\\/\\\/www.eldigitaldeasturias.com\\\/noticias\\\/wp-content\\\/uploads\\\/2026\\\/06\\\/Contenidos.jpg\",\"width\":1265,\"height\":697,\"caption\":\"Contenidos\"},\"datePublished\":\"2014-01-30T23:29:55+01:00\",\"dateModified\":\"2014-01-30T23:29:55+01:00\",\"inLanguage\":\"es-ES\",\"mainEntityOfPage\":{\"@id\":\"https:\\\/\\\/www.eldigitaldeasturias.com\\\/noticias\\\/gallardon-afirma-que-tiene-el-apoyo-de-rajoy-y-del-gobierno-para-la-reforma-del-aborto\\\/#webpage\"},\"isPartOf\":{\"@id\":\"https:\\\/\\\/www.eldigitaldeasturias.com\\\/noticias\\\/gallardon-afirma-que-tiene-el-apoyo-de-rajoy-y-del-gobierno-para-la-reforma-del-aborto\\\/#webpage\"},\"articleSection\":\"Actualidad\"},{\"@type\":\"BreadcrumbList\",\"@id\":\"https:\\\/\\\/www.eldigitaldeasturias.com\\\/noticias\\\/gallardon-afirma-que-tiene-el-apoyo-de-rajoy-y-del-gobierno-para-la-reforma-del-aborto\\\/#breadcrumblist\",\"itemListElement\":[{\"@type\":\"ListItem\",\"@id\":\"https:\\\/\\\/www.eldigitaldeasturias.com\\\/noticias#listItem\",\"position\":1,\"name\":\"Home\",\"item\":\"https:\\\/\\\/www.eldigitaldeasturias.com\\\/noticias\",\"nextItem\":{\"@type\":\"ListItem\",\"@id\":\"https:\\\/\\\/www.eldigitaldeasturias.com\\\/noticias\\\/category\\\/actualidad\\\/#listItem\",\"name\":\"Actualidad\"}},{\"@type\":\"ListItem\",\"@id\":\"https:\\\/\\\/www.eldigitaldeasturias.com\\\/noticias\\\/category\\\/actualidad\\\/#listItem\",\"position\":2,\"name\":\"Actualidad\",\"item\":\"https:\\\/\\\/www.eldigitaldeasturias.com\\\/noticias\\\/category\\\/actualidad\\\/\",\"nextItem\":{\"@type\":\"ListItem\",\"@id\":\"https:\\\/\\\/www.eldigitaldeasturias.com\\\/noticias\\\/gallardon-afirma-que-tiene-el-apoyo-de-rajoy-y-del-gobierno-para-la-reforma-del-aborto\\\/#listItem\",\"name\":\"Gallard\\u00f3n afirma que tiene el apoyo de Rajoy y del Gobierno para la reforma del aborto\"},\"previousItem\":{\"@type\":\"ListItem\",\"@id\":\"https:\\\/\\\/www.eldigitaldeasturias.com\\\/noticias#listItem\",\"name\":\"Home\"}},{\"@type\":\"ListItem\",\"@id\":\"https:\\\/\\\/www.eldigitaldeasturias.com\\\/noticias\\\/gallardon-afirma-que-tiene-el-apoyo-de-rajoy-y-del-gobierno-para-la-reforma-del-aborto\\\/#listItem\",\"position\":3,\"name\":\"Gallard\\u00f3n afirma que tiene el apoyo de Rajoy y del Gobierno para la reforma del aborto\",\"previousItem\":{\"@type\":\"ListItem\",\"@id\":\"https:\\\/\\\/www.eldigitaldeasturias.com\\\/noticias\\\/category\\\/actualidad\\\/#listItem\",\"name\":\"Actualidad\"}}]},{\"@type\":\"Organization\",\"@id\":\"https:\\\/\\\/www.eldigitaldeasturias.com\\\/noticias\\\/#organization\",\"name\":\"El Digital de Asturias\",\"description\":\"Hemeroteca\",\"url\":\"https:\\\/\\\/www.eldigitaldeasturias.com\\\/noticias\\\/\",\"email\":\"info@eldigitaldeasturias.com\",\"telephone\":\"+34652131393\",\"logo\":{\"@type\":\"ImageObject\",\"url\":\"https:\\\/\\\/www.eldigitaldeasturias.com\\\/noticias\\\/wp-content\\\/uploads\\\/2020\\\/12\\\/EDA.jpg\",\"@id\":\"https:\\\/\\\/www.eldigitaldeasturias.com\\\/noticias\\\/gallardon-afirma-que-tiene-el-apoyo-de-rajoy-y-del-gobierno-para-la-reforma-del-aborto\\\/#organizationLogo\"},\"image\":{\"@id\":\"https:\\\/\\\/www.eldigitaldeasturias.com\\\/noticias\\\/gallardon-afirma-que-tiene-el-apoyo-de-rajoy-y-del-gobierno-para-la-reforma-del-aborto\\\/#organizationLogo\"},\"sameAs\":[\"https:\\\/\\\/facebook.com\\\/eldigitaldeasturias\",\"https:\\\/\\\/www.youtube.com\\\/channel\\\/UCZP-2wLEB9Rv6erhFmqVnvg\"],\"address\":{\"@id\":\"https:\\\/\\\/www.eldigitaldeasturias.com\\\/noticias\\\/#postaladdress\",\"@type\":\"PostalAddress\",\"streetAddress\":\"san antonio 4\",\"postalCode\":\"33430\",\"addressLocality\":\"Cand\\u00e1s\",\"addressRegion\":\"Asturias\",\"addressCountry\":\"ES\"}},{\"@type\":\"Person\",\"@id\":\"https:\\\/\\\/www.eldigitaldeasturias.com\\\/noticias\\\/author\\\/admin\\\/#author\",\"url\":\"https:\\\/\\\/www.eldigitaldeasturias.com\\\/noticias\\\/author\\\/admin\\\/\",\"name\":\"El Digital de Asturias\",\"image\":{\"@type\":\"ImageObject\",\"@id\":\"https:\\\/\\\/www.eldigitaldeasturias.com\\\/noticias\\\/gallardon-afirma-que-tiene-el-apoyo-de-rajoy-y-del-gobierno-para-la-reforma-del-aborto\\\/#authorImage\",\"url\":\"https:\\\/\\\/secure.gravatar.com\\\/avatar\\\/df2aeffc32bcd13f8d26072ef8a91b623d677766deac7f97ca815868cd41bf5e?s=96&d=mm&r=g\",\"width\":96,\"height\":96,\"caption\":\"El Digital de Asturias\"}},{\"@type\":\"WebPage\",\"@id\":\"https:\\\/\\\/www.eldigitaldeasturias.com\\\/noticias\\\/gallardon-afirma-que-tiene-el-apoyo-de-rajoy-y-del-gobierno-para-la-reforma-del-aborto\\\/#webpage\",\"url\":\"https:\\\/\\\/www.eldigitaldeasturias.com\\\/noticias\\\/gallardon-afirma-que-tiene-el-apoyo-de-rajoy-y-del-gobierno-para-la-reforma-del-aborto\\\/\",\"name\":\"Gallard\\u00f3n afirma que tiene el apoyo de Rajoy y del Gobierno para la reforma del aborto - El Digital de Asturias\",\"description\":\"Madrid, 30 ene (EFE).- El ministro de Justicia, Alberto Ruiz-Gallard\\u00f3n, dice sentirse respaldado para sacar adelante la reforma de la ley del aborto porque cuenta con el apoyo \\\"m\\u00e1s importante\\\", es decir el del presidente del Gobierno, Mariano Rajoy, y el del \\\"Gobierno en pleno\\\". \\\"Tengo el apoyo m\\u00e1s importante que puede tener un ministro\",\"inLanguage\":\"es-ES\",\"isPartOf\":{\"@id\":\"https:\\\/\\\/www.eldigitaldeasturias.com\\\/noticias\\\/#website\"},\"breadcrumb\":{\"@id\":\"https:\\\/\\\/www.eldigitaldeasturias.com\\\/noticias\\\/gallardon-afirma-que-tiene-el-apoyo-de-rajoy-y-del-gobierno-para-la-reforma-del-aborto\\\/#breadcrumblist\"},\"author\":{\"@id\":\"https:\\\/\\\/www.eldigitaldeasturias.com\\\/noticias\\\/author\\\/admin\\\/#author\"},\"creator\":{\"@id\":\"https:\\\/\\\/www.eldigitaldeasturias.com\\\/noticias\\\/author\\\/admin\\\/#author\"},\"image\":{\"@type\":\"ImageObject\",\"url\":\"https:\\\/\\\/www.eldigitaldeasturias.com\\\/noticias\\\/wp-content\\\/uploads\\\/2026\\\/06\\\/Contenidos.jpg\",\"@id\":\"https:\\\/\\\/www.eldigitaldeasturias.com\\\/noticias\\\/gallardon-afirma-que-tiene-el-apoyo-de-rajoy-y-del-gobierno-para-la-reforma-del-aborto\\\/#mainImage\",\"width\":1265,\"height\":697,\"caption\":\"Contenidos\"},\"primaryImageOfPage\":{\"@id\":\"https:\\\/\\\/www.eldigitaldeasturias.com\\\/noticias\\\/gallardon-afirma-que-tiene-el-apoyo-de-rajoy-y-del-gobierno-para-la-reforma-del-aborto\\\/#mainImage\"},\"datePublished\":\"2014-01-30T23:29:55+01:00\",\"dateModified\":\"2014-01-30T23:29:55+01:00\"},{\"@type\":\"WebSite\",\"@id\":\"https:\\\/\\\/www.eldigitaldeasturias.com\\\/noticias\\\/#website\",\"url\":\"https:\\\/\\\/www.eldigitaldeasturias.com\\\/noticias\\\/\",\"name\":\"El Digital de Asturias - Diario de actualidad y noticias\",\"alternateName\":\"El Digital de Asturias - Diario de actualidad y noticias\",\"description\":\"Hemeroteca\",\"inLanguage\":\"es-ES\",\"publisher\":{\"@id\":\"https:\\\/\\\/www.eldigitaldeasturias.com\\\/noticias\\\/#organization\"}}]}\n\t\t<\/script>\n\t\t<!-- All in One SEO Pro -->\r\n\t\t<title>Gallard\u00f3n afirma que tiene el apoyo de Rajoy y del Gobierno para la reforma del aborto - El Digital de Asturias<\/title>\n\n","aioseo_head_json":{"title":"Gallard\u00f3n afirma que tiene el apoyo de Rajoy y del Gobierno para la reforma del aborto - El Digital de Asturias","description":"Madrid, 30 ene (EFE).- El ministro de Justicia, Alberto Ruiz-Gallard\u00f3n, dice sentirse respaldado para sacar adelante la reforma de la ley del aborto porque cuenta con el apoyo \"m\u00e1s importante\", es decir el del presidente del Gobierno, Mariano Rajoy, y el del \"Gobierno en pleno\". \"Tengo el apoyo m\u00e1s importante que puede tener un ministro","canonical_url":"https:\/\/www.eldigitaldeasturias.com\/noticias\/gallardon-afirma-que-tiene-el-apoyo-de-rajoy-y-del-gobierno-para-la-reforma-del-aborto\/","robots":"max-image-preview:large","keywords":"actualidad","webmasterTools":{"google-site-verification":"UA-38556648-1","msvalidate.01":"7dfe9f3f1b24437ab69f4f2559babe99","miscellaneous":""},"schema":{"@context":"https:\/\/schema.org","@graph":[{"@type":"BlogPosting","@id":"https:\/\/www.eldigitaldeasturias.com\/noticias\/gallardon-afirma-que-tiene-el-apoyo-de-rajoy-y-del-gobierno-para-la-reforma-del-aborto\/#blogposting","name":"Gallard\u00f3n afirma que tiene el apoyo de Rajoy y del Gobierno para la reforma del aborto - El Digital de Asturias","headline":"Gallard\u00f3n afirma que tiene el apoyo de Rajoy y del Gobierno para la reforma del aborto","author":{"@id":"https:\/\/www.eldigitaldeasturias.com\/noticias\/author\/admin\/#author"},"publisher":{"@id":"https:\/\/www.eldigitaldeasturias.com\/noticias\/#organization"},"image":{"@type":"ImageObject","url":"https:\/\/www.eldigitaldeasturias.com\/noticias\/wp-content\/uploads\/2026\/06\/Contenidos.jpg","width":1265,"height":697,"caption":"Contenidos"},"datePublished":"2014-01-30T23:29:55+01:00","dateModified":"2014-01-30T23:29:55+01:00","inLanguage":"es-ES","mainEntityOfPage":{"@id":"https:\/\/www.eldigitaldeasturias.com\/noticias\/gallardon-afirma-que-tiene-el-apoyo-de-rajoy-y-del-gobierno-para-la-reforma-del-aborto\/#webpage"},"isPartOf":{"@id":"https:\/\/www.eldigitaldeasturias.com\/noticias\/gallardon-afirma-que-tiene-el-apoyo-de-rajoy-y-del-gobierno-para-la-reforma-del-aborto\/#webpage"},"articleSection":"Actualidad"},{"@type":"BreadcrumbList","@id":"https:\/\/www.eldigitaldeasturias.com\/noticias\/gallardon-afirma-que-tiene-el-apoyo-de-rajoy-y-del-gobierno-para-la-reforma-del-aborto\/#breadcrumblist","itemListElement":[{"@type":"ListItem","@id":"https:\/\/www.eldigitaldeasturias.com\/noticias#listItem","position":1,"name":"Home","item":"https:\/\/www.eldigitaldeasturias.com\/noticias","nextItem":{"@type":"ListItem","@id":"https:\/\/www.eldigitaldeasturias.com\/noticias\/category\/actualidad\/#listItem","name":"Actualidad"}},{"@type":"ListItem","@id":"https:\/\/www.eldigitaldeasturias.com\/noticias\/category\/actualidad\/#listItem","position":2,"name":"Actualidad","item":"https:\/\/www.eldigitaldeasturias.com\/noticias\/category\/actualidad\/","nextItem":{"@type":"ListItem","@id":"https:\/\/www.eldigitaldeasturias.com\/noticias\/gallardon-afirma-que-tiene-el-apoyo-de-rajoy-y-del-gobierno-para-la-reforma-del-aborto\/#listItem","name":"Gallard\u00f3n afirma que tiene el apoyo de Rajoy y del Gobierno para la reforma del aborto"},"previousItem":{"@type":"ListItem","@id":"https:\/\/www.eldigitaldeasturias.com\/noticias#listItem","name":"Home"}},{"@type":"ListItem","@id":"https:\/\/www.eldigitaldeasturias.com\/noticias\/gallardon-afirma-que-tiene-el-apoyo-de-rajoy-y-del-gobierno-para-la-reforma-del-aborto\/#listItem","position":3,"name":"Gallard\u00f3n afirma que tiene el apoyo de Rajoy y del Gobierno para la reforma del aborto","previousItem":{"@type":"ListItem","@id":"https:\/\/www.eldigitaldeasturias.com\/noticias\/category\/actualidad\/#listItem","name":"Actualidad"}}]},{"@type":"Organization","@id":"https:\/\/www.eldigitaldeasturias.com\/noticias\/#organization","name":"El Digital de Asturias","description":"Hemeroteca","url":"https:\/\/www.eldigitaldeasturias.com\/noticias\/","email":"info@eldigitaldeasturias.com","telephone":"+34652131393","logo":{"@type":"ImageObject","url":"https:\/\/www.eldigitaldeasturias.com\/noticias\/wp-content\/uploads\/2020\/12\/EDA.jpg","@id":"https:\/\/www.eldigitaldeasturias.com\/noticias\/gallardon-afirma-que-tiene-el-apoyo-de-rajoy-y-del-gobierno-para-la-reforma-del-aborto\/#organizationLogo"},"image":{"@id":"https:\/\/www.eldigitaldeasturias.com\/noticias\/gallardon-afirma-que-tiene-el-apoyo-de-rajoy-y-del-gobierno-para-la-reforma-del-aborto\/#organizationLogo"},"sameAs":["https:\/\/facebook.com\/eldigitaldeasturias","https:\/\/www.youtube.com\/channel\/UCZP-2wLEB9Rv6erhFmqVnvg"],"address":{"@id":"https:\/\/www.eldigitaldeasturias.com\/noticias\/#postaladdress","@type":"PostalAddress","streetAddress":"san antonio 4","postalCode":"33430","addressLocality":"Cand\u00e1s","addressRegion":"Asturias","addressCountry":"ES"}},{"@type":"Person","@id":"https:\/\/www.eldigitaldeasturias.com\/noticias\/author\/admin\/#author","url":"https:\/\/www.eldigitaldeasturias.com\/noticias\/author\/admin\/","name":"El Digital de Asturias","image":{"@type":"ImageObject","@id":"https:\/\/www.eldigitaldeasturias.com\/noticias\/gallardon-afirma-que-tiene-el-apoyo-de-rajoy-y-del-gobierno-para-la-reforma-del-aborto\/#authorImage","url":"https:\/\/secure.gravatar.com\/avatar\/df2aeffc32bcd13f8d26072ef8a91b623d677766deac7f97ca815868cd41bf5e?s=96&d=mm&r=g","width":96,"height":96,"caption":"El Digital de Asturias"}},{"@type":"WebPage","@id":"https:\/\/www.eldigitaldeasturias.com\/noticias\/gallardon-afirma-que-tiene-el-apoyo-de-rajoy-y-del-gobierno-para-la-reforma-del-aborto\/#webpage","url":"https:\/\/www.eldigitaldeasturias.com\/noticias\/gallardon-afirma-que-tiene-el-apoyo-de-rajoy-y-del-gobierno-para-la-reforma-del-aborto\/","name":"Gallard\u00f3n afirma que tiene el apoyo de Rajoy y del Gobierno para la reforma del aborto - El Digital de Asturias","description":"Madrid, 30 ene (EFE).- El ministro de Justicia, Alberto Ruiz-Gallard\u00f3n, dice sentirse respaldado para sacar adelante la reforma de la ley del aborto porque cuenta con el apoyo \"m\u00e1s importante\", es decir el del presidente del Gobierno, Mariano Rajoy, y el del \"Gobierno en pleno\". \"Tengo el apoyo m\u00e1s importante que puede tener un ministro","inLanguage":"es-ES","isPartOf":{"@id":"https:\/\/www.eldigitaldeasturias.com\/noticias\/#website"},"breadcrumb":{"@id":"https:\/\/www.eldigitaldeasturias.com\/noticias\/gallardon-afirma-que-tiene-el-apoyo-de-rajoy-y-del-gobierno-para-la-reforma-del-aborto\/#breadcrumblist"},"author":{"@id":"https:\/\/www.eldigitaldeasturias.com\/noticias\/author\/admin\/#author"},"creator":{"@id":"https:\/\/www.eldigitaldeasturias.com\/noticias\/author\/admin\/#author"},"image":{"@type":"ImageObject","url":"https:\/\/www.eldigitaldeasturias.com\/noticias\/wp-content\/uploads\/2026\/06\/Contenidos.jpg","@id":"https:\/\/www.eldigitaldeasturias.com\/noticias\/gallardon-afirma-que-tiene-el-apoyo-de-rajoy-y-del-gobierno-para-la-reforma-del-aborto\/#mainImage","width":1265,"height":697,"caption":"Contenidos"},"primaryImageOfPage":{"@id":"https:\/\/www.eldigitaldeasturias.com\/noticias\/gallardon-afirma-que-tiene-el-apoyo-de-rajoy-y-del-gobierno-para-la-reforma-del-aborto\/#mainImage"},"datePublished":"2014-01-30T23:29:55+01:00","dateModified":"2014-01-30T23:29:55+01:00"},{"@type":"WebSite","@id":"https:\/\/www.eldigitaldeasturias.com\/noticias\/#website","url":"https:\/\/www.eldigitaldeasturias.com\/noticias\/","name":"El Digital de Asturias - Diario de actualidad y noticias","alternateName":"El Digital de Asturias - Diario de actualidad y noticias","description":"Hemeroteca","inLanguage":"es-ES","publisher":{"@id":"https:\/\/www.eldigitaldeasturias.com\/noticias\/#organization"}}]},"og:locale":"es_ES","og:site_name":"El Digital de Asturias","og:type":"article","og:title":"Gallard\u00f3n afirma que tiene el apoyo de Rajoy y del Gobierno para la reforma del aborto - El Digital de Asturias","og:description":"Madrid, 30 ene (EFE).- El ministro de Justicia, Alberto Ruiz-Gallard\u00f3n, dice sentirse respaldado para sacar adelante la reforma de la ley del aborto porque cuenta con el apoyo &quot;m\u00e1s importante&quot;, es decir el del presidente del Gobierno, Mariano Rajoy, y el del &quot;Gobierno en pleno&quot;. &quot;Tengo el apoyo m\u00e1s importante que puede tener un ministro","og:url":"https:\/\/www.eldigitaldeasturias.com\/noticias\/gallardon-afirma-que-tiene-el-apoyo-de-rajoy-y-del-gobierno-para-la-reforma-del-aborto\/","og:image":"https:\/\/www.eldigitaldeasturias.com\/noticias\/wp-content\/uploads\/2026\/06\/Contenidos.jpg","og:image:secure_url":"https:\/\/www.eldigitaldeasturias.com\/noticias\/wp-content\/uploads\/2026\/06\/Contenidos.jpg","og:image:width":1265,"og:image:height":697,"article:tag":["actualidad"],"article:published_time":"2014-01-31T00:29:55+00:00","article:modified_time":"2014-01-31T00:29:55+00:00","article:publisher":"https:\/\/facebook.com\/eldigitaldeasturias","twitter:card":"summary_large_image","twitter:title":"Gallard\u00f3n afirma que tiene el apoyo de Rajoy y del Gobierno para la reforma del aborto - El Digital de Asturias","twitter:description":"Madrid, 30 ene (EFE).- El ministro de Justicia, Alberto Ruiz-Gallard\u00f3n, dice sentirse respaldado para sacar adelante la reforma de la ley del aborto porque cuenta con el apoyo &quot;m\u00e1s importante&quot;, es decir el del presidente del Gobierno, Mariano Rajoy, y el del &quot;Gobierno en pleno&quot;. &quot;Tengo el apoyo m\u00e1s importante que puede tener un ministro","twitter:image":"https:\/\/www.eldigitaldeasturias.com\/noticias\/wp-content\/uploads\/2026\/06\/Contenidos.jpg","twitter:label1":"Escrito por","twitter:data1":"El Digital de Asturias","twitter:label2":"Tiempo de lectura estimado","twitter:data2":"1 minuto"},"aioseo_meta_data":{"post_id":"480691","title":null,"description":null,"keywords":null,"keyphrases":null,"primary_term":null,"canonical_url":null,"og_title":null,"og_description":null,"og_object_type":"default","og_image_type":"default","og_image_url":null,"og_image_width":null,"og_image_height":null,"og_image_custom_url":null,"og_image_custom_fields":null,"og_video":null,"og_custom_url":null,"og_article_section":null,"og_article_tags":null,"twitter_use_og":true,"twitter_card":"default","twitter_image_type":"default","twitter_image_url":null,"twitter_image_custom_url":null,"twitter_image_custom_fields":null,"twitter_title":null,"twitter_description":null,"schema":{"blockGraphs":[],"customGraphs":[],"default":{"data":{"Article":[],"Course":[],"Dataset":[],"FAQPage":[],"Movie":[],"Person":[],"Product":[],"ProductReview":[],"Car":[],"Recipe":[],"Service":[],"SoftwareApplication":[],"WebPage":[]},"graphName":"","isEnabled":true},"graphs":[],"defaultGraph":"","defaultPostTypeGraph":""},"schema_type":null,"schema_type_options":null,"pillar_content":false,"robots_default":true,"robots_noindex":false,"robots_noarchive":false,"robots_nosnippet":false,"robots_nofollow":false,"robots_noimageindex":false,"robots_noodp":false,"robots_notranslate":false,"robots_max_snippet":null,"robots_max_videopreview":null,"robots_max_imagepreview":"none","priority":null,"frequency":null,"local_seo":null,"seo_analyzer_scan_date":"2026-06-02 04:33:56","breadcrumb_settings":null,"limit_modified_date":false,"open_ai":null,"ai":null,"created":"2020-11-14 22:54:14","updated":"2026-06-02 04:33:56","focus_keyword":null,"additional_keywords":null,"truseo_locale":null},"aioseo_breadcrumb":"<div class=\"aioseo-breadcrumbs\"><span class=\"aioseo-breadcrumb\">\n\t<a href=\"https:\/\/www.eldigitaldeasturias.com\/noticias\" title=\"Home\">Home<\/a>\n<\/span><span class=\"aioseo-breadcrumb-separator\">\u2013<\/span><span class=\"aioseo-breadcrumb\">\n\t<a href=\"https:\/\/www.eldigitaldeasturias.com\/noticias\/category\/actualidad\/\" title=\"Actualidad\">Actualidad<\/a>\n<\/span><span class=\"aioseo-breadcrumb-separator\">\u2013<\/span><span class=\"aioseo-breadcrumb\">\n\t<a href=\"https:\/\/www.eldigitaldeasturias.com\/noticias\/gallardon-afirma-que-tiene-el-apoyo-de-rajoy-y-del-gobierno-para-la-reforma-del-aborto\/\" title=\"Gallard\u00f3n afirma que tiene el apoyo de Rajoy y del Gobierno para la reforma del aborto\">Gallard\u00f3n afirma que tiene el apoyo de Rajoy y del Gobierno para la reforma del aborto<\/a>\n<\/span><\/div>","aioseo_breadcrumb_json":[{"label":"Home","link":"https:\/\/www.eldigitaldeasturias.com\/noticias"},{"label":"Actualidad","link":"https:\/\/www.eldigitaldeasturias.com\/noticias\/category\/actualidad\/"},{"label":"Gallard\u00f3n afirma que tiene el apoyo de Rajoy y del Gobierno para la reforma del aborto","link":"https:\/\/www.eldigitaldeasturias.com\/noticias\/gallardon-afirma-que-tiene-el-apoyo-de-rajoy-y-del-gobierno-para-la-reforma-del-aborto\/"}],"_links":{"self":[{"href":"https:\/\/www.eldigitaldeasturias.com\/noticias\/wp-json\/wp\/v2\/posts\/480691","targetHints":{"allow":["GET"]}}],"collection":[{"href":"https:\/\/www.eldigitaldeasturias.com\/noticias\/wp-json\/wp\/v2\/posts"}],"about":[{"href":"https:\/\/www.eldigitaldeasturias.com\/noticias\/wp-json\/wp\/v2\/types\/post"}],"author":[{"embeddable":true,"href":"https:\/\/www.eldigitaldeasturias.com\/noticias\/wp-json\/wp\/v2\/users\/1"}],"replies":[{"embeddable":true,"href":"https:\/\/www.eldigitaldeasturias.com\/noticias\/wp-json\/wp\/v2\/comments?post=480691"}],"version-history":[{"count":0,"href":"https:\/\/www.eldigitaldeasturias.com\/noticias\/wp-json\/wp\/v2\/posts\/480691\/revisions"}],"wp:featuredmedia":[{"embeddable":true,"href":"https:\/\/www.eldigitaldeasturias.com\/noticias\/wp-json\/wp\/v2\/media\/1132184"}],"wp:attachment":[{"href":"https:\/\/www.eldigitaldeasturias.com\/noticias\/wp-json\/wp\/v2\/media?parent=480691"}],"wp:term":[{"taxonomy":"category","embeddable":true,"href":"https:\/\/www.eldigitaldeasturias.com\/noticias\/wp-json\/wp\/v2\/categories?post=480691"},{"taxonomy":"post_tag","embeddable":true,"href":"https:\/\/www.eldigitaldeasturias.com\/noticias\/wp-json\/wp\/v2\/tags?post=480691"}],"curies":[{"name":"wp","href":"https:\/\/api.w.org\/{rel}","templated":true}]}}