{"id":480687,"date":"2014-01-30T23:20:33","date_gmt":"2014-01-31T00:20:33","guid":{"rendered":"http:\/\/www.eldigitaldeasturias.com\/noticias\/?p=480687"},"modified":"2014-01-30T23:20:33","modified_gmt":"2014-01-31T00:20:33","slug":"el-mundo-destituye-a-su-director-estrella","status":"publish","type":"post","link":"https:\/\/www.eldigitaldeasturias.com\/noticias\/el-mundo-destituye-a-su-director-estrella\/","title":{"rendered":"\u00abEl Mundo\u00bb destituye a su director estrella"},"content":{"rendered":"<p><img loading=\"lazy\" decoding=\"async\" class=\"alignleft size-medium wp-image-480484\" alt=\"5890422w\" src=\"https:\/\/www.eldigitaldeasturias.com\/noticias\/wp-content\/uploads\/2014\/01\/5890422w-360x238.jpg\" width=\"360\" height=\"238\" \/>Madrid, 30 ene (dpa) &#8211; Pedro J. Ram\u00edrez, probablemente el periodista m\u00e1s famoso de Espa\u00f1a, dejar\u00e1 la direcci\u00f3n del diario \u00abEl Mundo\u00bb en medio de un duro enfrentamiento con el gobierno de Mariano Rajoy y con el peri\u00f3dico sumido en una crisis econ\u00f3mica.<\/p>\n<p>Unidad Editorial, el grupo al que pertenece el rotativo de centro-derecha, confirm\u00f3 hoy la destituci\u00f3n, casi 24 horas despu\u00e9s de que la noticia estallara en un diario digital y se extendiera por Twitter, agitando el mundo period\u00edstico espa\u00f1ol.<\/p>\n<p>\u00abEntiendo la decisi\u00f3n, pero si de m\u00ed hubiera dependido, habr\u00eda seguido siendo director de &#8216;El Mundo&#8217; toda mi vida\u00bb, manifest\u00f3 Pedro J., como se lo conoce en Espa\u00f1a, en una primera reacci\u00f3n oficial recogida en el comunicado de Unidad Editorial.<\/p>\n<p>El periodista, de 61 a\u00f1os, seguir\u00e1 al frente del diario que \u00e9l mismo fund\u00f3 en 1989 y que convirti\u00f3 en la segunda cabecera de informaci\u00f3n general de Espa\u00f1a hasta el domingo, cuando ser\u00e1 sustituido por Casimiro Garc\u00eda-Abadillo, hasta ahora vicedirector. \u00abPara m\u00ed este es un momento de sentimientos encontrados. De pesar, de orgullo y de gratitud. Tiempo habr\u00e1 de exponerlos\u00bb, se\u00f1al\u00f3 Pedro J. antes de dar las gracias a todos los que lo apoyaron en el casi cuarto de siglo al frente del peri\u00f3dico.<\/p>\n<p>La raz\u00f3n oficial de la destituci\u00f3n, una palabra evitada en el comunicado, es el inicio de \u00abuna nueva etapa\u00bb decidido por el consejo de administraci\u00f3n.<\/p>\n<p>Sin embargo, en los mentideros period\u00edsticos -digitales, blogs, Twitter- se habla de una presunta maniobra para quitar el poder a quien se hab\u00eda erigido en azote del gobierno de Mariano Rajoy.<\/p>\n<p>El propio Pedro J. comenz\u00f3 el d\u00eda con una confirmaci\u00f3n velada de su cese en Twitter, donde sus seguidores superan los 225.000: \u00abMuchas gracias a todos por vuestro apoyo\u00bb. Y durante la jornada retuite\u00f3 mensajes de respaldo que alud\u00edan o directamente denunciaban una supuesta maniobra pol\u00edtica para expulsarlo de su propio peri\u00f3dico.<\/p>\n<p>\u00abPresiones pol\u00edticas y empresariales le apartan de la direcci\u00f3n\u00bb, escrib\u00eda eldiario.es, rotativo digital de izquierdas, recogiendo lo que se asegura en c\u00edrculos period\u00edsticos. \u00abA nivel pol\u00edtico, nadie duda que tambi\u00e9n ha habido intervenciones para que rodara la cabeza del director del diario, porque la l\u00ednea editorial de &#8216;El Mundo&#8217; en la \u00faltima etapa era la m\u00e1s molesta para el gobierno\u00bb.<\/p>\n<p>Pedro J. es desde hace tiempo el \u00abenfant terrible\u00bb del periodismo espa\u00f1ol. Con solo 28 a\u00f1os fue nombrado director de \u00abDiario 16\u00bb, desaparecido ya hace a\u00f1os pero que \u00e9l reflot\u00f3 en un mal momento.<\/p>\n<p>Desde all\u00ed azot\u00f3 al gobierno socialista de Felipe Gonz\u00e1lez durante la guerra sucia contra ETA y fue destituido de hecho casi diez a\u00f1os despu\u00e9s de llegar al puesto por las presiones del Ejecutivo.<\/p>\n<p>Ha sido siempre cercano a Jos\u00e9 Mar\u00eda Aznar, tanto en sus tiempos de oposici\u00f3n, como en los de su gobierno, y tambi\u00e9n en estos \u00faltimos a\u00f1os en los que el ex jefe del Ejecutivo ha acabado complicando la vida a Rajoy, el sucesor que \u00e9l mismo eligi\u00f3.<\/p>\n<p>Pedro J. acab\u00f3 convirti\u00e9ndose tambi\u00e9n en azote de Rajoy, con una dureza incluso mayor que la de peri\u00f3dicos de izquierdas. La guerra era abierta \u00faltimamente, hasta el punto de que el rotativo se queja de vetos a algunos de sus periodistas por parte del Ejecutivo.<\/p>\n<p>La mayor victoria en esa guerra la cosech\u00f3 Pedro J. cuando en julio del a\u00f1o pasado public\u00f3 una conversaci\u00f3n con el ex tesorero del Partido Popular (PP) Luis B\u00e1rcenas en la que admit\u00eda la contabilidad en la sombra de la formaci\u00f3n durante al menos dos d\u00e9cadas, una caja B de la que se llevaba hablando en Espa\u00f1a desde enero de 2013.<\/p>\n<p>B\u00e1rcenas le entreg\u00f3 los originales de las presuntas cuentas paralelas y \u00e9l las llev\u00f3 al juez. Un episodio que golpe\u00f3 a Rajoy, acusado tambi\u00e9n por B\u00e1rcenas de haber cobrado dinero en negro. El asunto sigue en manos de la Justicia, azotando a Rajoy y los suyos.<\/p>\n<p>\u00abEl Mundo\u00bb tambi\u00e9n ha escrito detalladamente y ha publicado exclusivas sobre el esc\u00e1ndalo de corrupci\u00f3n que salpica a la casa real espa\u00f1ola a trav\u00e9s del yerno del rey, I\u00f1aki Urdangarin, y de la propia infanta Cristina.<\/p>\n<p>M\u00e1s all\u00e1, est\u00e1 el tema econ\u00f3mico. \u00abEl Mundo\u00bb y Unidad Editorial, que hicieron ya varias reducciones de plantilla, sufren una crisis desde hace tiempo, y RCS Mediagroup, el grupo italiano al que pertenecen, tuvo que salir en su auxilio en varias ocasiones.<\/p>\n<p>RCS Mediagroup busca desde hace meses un comprador para el diario. Y seg\u00fan el digital \u00abEl Confidencial\u00bb, que dio la noticia de la salida de Pedro J. un d\u00eda antes de que se hiciera oficial, su cese se enmarcar\u00eda \u00aben una operaci\u00f3n de mucho m\u00e1s calado\u00bb.<\/p>\n<p>El periodista de \u00abEl Pa\u00eds\u00bb Ernesto Ekaizer apuntaba hoy en su blog una posible fusi\u00f3n de \u00abEl Mundo\u00bb con \u00abLa Raz\u00f3n\u00bb, rotativo de derechas, e incluso una operaci\u00f3n en la que tambi\u00e9n podr\u00eda jugar un papel \u00abAbc\u00bb, diario mon\u00e1rquico y conservador.<\/p>\n<p>A partir del domingo, cuando deje la direcci\u00f3n de \u00abEl Mundo\u00bb, Pedro J. \u00abmantendr\u00e1 una colaboraci\u00f3n con el grupo\u00bb que no se detall\u00f3. Fuentes de Unidad Editorial lo sit\u00faan al frente de una de sus revistas, hasta que est\u00e9 en disposici\u00f3n de iniciar un nuevo proyecto period\u00edstico propio, probablemente digital.<\/p>\n<p>Por Sara Barderas<\/p>\n","protected":false},"excerpt":{"rendered":"<p>Madrid, 30 ene (dpa) &#8211; Pedro J. Ram\u00edrez, probablemente el periodista m\u00e1s famoso de Espa\u00f1a, dejar\u00e1 la direcci\u00f3n del diario \u00abEl Mundo\u00bb en medio de un duro enfrentamiento con el gobierno de Mariano Rajoy y con el peri\u00f3dico sumido en una crisis econ\u00f3mica. Unidad Editorial, el grupo al que pertenece el rotativo de centro-derecha, confirm\u00f3 [&hellip;]<\/p>\n","protected":false},"author":1,"featured_media":1132184,"comment_status":"closed","ping_status":"open","sticky":false,"template":"","format":"standard","meta":{"footnotes":""},"categories":[1],"tags":[],"class_list":["post-480687","post","type-post","status-publish","format-standard","has-post-thumbnail","hentry","category-actualidad"],"aioseo_notices":[],"aioseo_head":"\n\t\t<!-- All in One SEO Pro 5.0.1 - aioseo.com -->\n\t<meta name=\"description\" content=\"Madrid, 30 ene (dpa) - Pedro J. Ram\u00edrez, probablemente el periodista m\u00e1s famoso de Espa\u00f1a, dejar\u00e1 la direcci\u00f3n del diario &quot;El Mundo&quot; en medio de un duro enfrentamiento con el gobierno de Mariano Rajoy y con el peri\u00f3dico sumido en una crisis econ\u00f3mica. Unidad Editorial, el grupo al que pertenece el rotativo de centro-derecha, confirm\u00f3\" \/>\n\t<meta name=\"robots\" content=\"max-image-preview:large\" \/>\n\t<meta name=\"author\" content=\"El Digital de Asturias\"\/>\n\t<meta name=\"google-site-verification\" content=\"UA-38556648-1\" \/>\n\t<meta name=\"msvalidate.01\" content=\"7dfe9f3f1b24437ab69f4f2559babe99\" \/>\n\t<meta name=\"keywords\" content=\"actualidad\" \/>\n\t<link rel=\"canonical\" href=\"https:\/\/www.eldigitaldeasturias.com\/noticias\/el-mundo-destituye-a-su-director-estrella\/\" \/>\n\t<meta name=\"generator\" content=\"All in One SEO Pro (AIOSEO) 5.0.1\" \/>\n\t\t<meta property=\"og:locale\" content=\"es_ES\" \/>\n\t\t<meta property=\"og:site_name\" content=\"El Digital de Asturias\" \/>\n\t\t<meta property=\"og:type\" content=\"article\" \/>\n\t\t<meta property=\"og:title\" content=\"\u00abEl Mundo\u00bb destituye a su director estrella - El Digital de Asturias\" \/>\n\t\t<meta property=\"og:description\" content=\"Madrid, 30 ene (dpa) - Pedro J. Ram\u00edrez, probablemente el periodista m\u00e1s famoso de Espa\u00f1a, dejar\u00e1 la direcci\u00f3n del diario &quot;El Mundo&quot; en medio de un duro enfrentamiento con el gobierno de Mariano Rajoy y con el peri\u00f3dico sumido en una crisis econ\u00f3mica. Unidad Editorial, el grupo al que pertenece el rotativo de centro-derecha, confirm\u00f3\" \/>\n\t\t<meta property=\"og:url\" content=\"https:\/\/www.eldigitaldeasturias.com\/noticias\/el-mundo-destituye-a-su-director-estrella\/\" \/>\n\t\t<meta property=\"og:image\" content=\"https:\/\/www.eldigitaldeasturias.com\/noticias\/wp-content\/uploads\/2026\/06\/Contenidos.jpg\" \/>\n\t\t<meta property=\"og:image:secure_url\" content=\"https:\/\/www.eldigitaldeasturias.com\/noticias\/wp-content\/uploads\/2026\/06\/Contenidos.jpg\" \/>\n\t\t<meta property=\"og:image:width\" content=\"1265\" \/>\n\t\t<meta property=\"og:image:height\" content=\"697\" \/>\n\t\t<meta property=\"article:tag\" content=\"actualidad\" \/>\n\t\t<meta property=\"article:published_time\" content=\"2014-01-31T00:20:33+00:00\" \/>\n\t\t<meta property=\"article:modified_time\" content=\"2014-01-31T00:20:33+00:00\" \/>\n\t\t<meta property=\"article:publisher\" content=\"https:\/\/facebook.com\/eldigitaldeasturias\" \/>\n\t\t<meta name=\"twitter:card\" content=\"summary_large_image\" \/>\n\t\t<meta name=\"twitter:title\" content=\"\u00abEl Mundo\u00bb destituye a su director estrella - El Digital de Asturias\" \/>\n\t\t<meta name=\"twitter:description\" content=\"Madrid, 30 ene (dpa) - Pedro J. Ram\u00edrez, probablemente el periodista m\u00e1s famoso de Espa\u00f1a, dejar\u00e1 la direcci\u00f3n del diario &quot;El Mundo&quot; en medio de un duro enfrentamiento con el gobierno de Mariano Rajoy y con el peri\u00f3dico sumido en una crisis econ\u00f3mica. Unidad Editorial, el grupo al que pertenece el rotativo de centro-derecha, confirm\u00f3\" \/>\n\t\t<meta name=\"twitter:image\" content=\"https:\/\/www.eldigitaldeasturias.com\/noticias\/wp-content\/uploads\/2026\/06\/Contenidos.jpg\" \/>\n\t\t<meta name=\"twitter:label1\" content=\"Escrito por\" \/>\n\t\t<meta name=\"twitter:data1\" content=\"El Digital de Asturias\" \/>\n\t\t<meta name=\"twitter:label2\" content=\"Tiempo de lectura estimado\" \/>\n\t\t<meta name=\"twitter:data2\" content=\"5 minutos\" \/>\n\t\t<script type=\"application\/ld+json\" class=\"aioseo-schema\">\n\t\t\t{\"@context\":\"https:\\\/\\\/schema.org\",\"@graph\":[{\"@type\":\"BlogPosting\",\"@id\":\"https:\\\/\\\/www.eldigitaldeasturias.com\\\/noticias\\\/el-mundo-destituye-a-su-director-estrella\\\/#blogposting\",\"name\":\"\\u00abEl Mundo\\u00bb destituye a su director estrella - El Digital de Asturias\",\"headline\":\"\\u00abEl Mundo\\u00bb destituye a su director estrella\",\"author\":{\"@id\":\"https:\\\/\\\/www.eldigitaldeasturias.com\\\/noticias\\\/author\\\/admin\\\/#author\"},\"publisher\":{\"@id\":\"https:\\\/\\\/www.eldigitaldeasturias.com\\\/noticias\\\/#organization\"},\"image\":{\"@type\":\"ImageObject\",\"url\":\"https:\\\/\\\/www.eldigitaldeasturias.com\\\/noticias\\\/wp-content\\\/uploads\\\/2026\\\/06\\\/Contenidos.jpg\",\"width\":1265,\"height\":697,\"caption\":\"Contenidos\"},\"datePublished\":\"2014-01-30T23:20:33+01:00\",\"dateModified\":\"2014-01-30T23:20:33+01:00\",\"inLanguage\":\"es-ES\",\"mainEntityOfPage\":{\"@id\":\"https:\\\/\\\/www.eldigitaldeasturias.com\\\/noticias\\\/el-mundo-destituye-a-su-director-estrella\\\/#webpage\"},\"isPartOf\":{\"@id\":\"https:\\\/\\\/www.eldigitaldeasturias.com\\\/noticias\\\/el-mundo-destituye-a-su-director-estrella\\\/#webpage\"},\"articleSection\":\"Actualidad\"},{\"@type\":\"BreadcrumbList\",\"@id\":\"https:\\\/\\\/www.eldigitaldeasturias.com\\\/noticias\\\/el-mundo-destituye-a-su-director-estrella\\\/#breadcrumblist\",\"itemListElement\":[{\"@type\":\"ListItem\",\"@id\":\"https:\\\/\\\/www.eldigitaldeasturias.com\\\/noticias#listItem\",\"position\":1,\"name\":\"Home\",\"item\":\"https:\\\/\\\/www.eldigitaldeasturias.com\\\/noticias\",\"nextItem\":{\"@type\":\"ListItem\",\"@id\":\"https:\\\/\\\/www.eldigitaldeasturias.com\\\/noticias\\\/category\\\/actualidad\\\/#listItem\",\"name\":\"Actualidad\"}},{\"@type\":\"ListItem\",\"@id\":\"https:\\\/\\\/www.eldigitaldeasturias.com\\\/noticias\\\/category\\\/actualidad\\\/#listItem\",\"position\":2,\"name\":\"Actualidad\",\"item\":\"https:\\\/\\\/www.eldigitaldeasturias.com\\\/noticias\\\/category\\\/actualidad\\\/\",\"nextItem\":{\"@type\":\"ListItem\",\"@id\":\"https:\\\/\\\/www.eldigitaldeasturias.com\\\/noticias\\\/el-mundo-destituye-a-su-director-estrella\\\/#listItem\",\"name\":\"\\u00abEl Mundo\\u00bb destituye a su director estrella\"},\"previousItem\":{\"@type\":\"ListItem\",\"@id\":\"https:\\\/\\\/www.eldigitaldeasturias.com\\\/noticias#listItem\",\"name\":\"Home\"}},{\"@type\":\"ListItem\",\"@id\":\"https:\\\/\\\/www.eldigitaldeasturias.com\\\/noticias\\\/el-mundo-destituye-a-su-director-estrella\\\/#listItem\",\"position\":3,\"name\":\"\\u00abEl Mundo\\u00bb destituye a su director estrella\",\"previousItem\":{\"@type\":\"ListItem\",\"@id\":\"https:\\\/\\\/www.eldigitaldeasturias.com\\\/noticias\\\/category\\\/actualidad\\\/#listItem\",\"name\":\"Actualidad\"}}]},{\"@type\":\"Organization\",\"@id\":\"https:\\\/\\\/www.eldigitaldeasturias.com\\\/noticias\\\/#organization\",\"name\":\"El Digital de Asturias\",\"description\":\"Hemeroteca\",\"url\":\"https:\\\/\\\/www.eldigitaldeasturias.com\\\/noticias\\\/\",\"email\":\"info@eldigitaldeasturias.com\",\"telephone\":\"+34652131393\",\"logo\":{\"@type\":\"ImageObject\",\"url\":\"https:\\\/\\\/www.eldigitaldeasturias.com\\\/noticias\\\/wp-content\\\/uploads\\\/2020\\\/12\\\/EDA.jpg\",\"@id\":\"https:\\\/\\\/www.eldigitaldeasturias.com\\\/noticias\\\/el-mundo-destituye-a-su-director-estrella\\\/#organizationLogo\"},\"image\":{\"@id\":\"https:\\\/\\\/www.eldigitaldeasturias.com\\\/noticias\\\/el-mundo-destituye-a-su-director-estrella\\\/#organizationLogo\"},\"sameAs\":[\"https:\\\/\\\/facebook.com\\\/eldigitaldeasturias\",\"https:\\\/\\\/www.youtube.com\\\/channel\\\/UCZP-2wLEB9Rv6erhFmqVnvg\"],\"address\":{\"@id\":\"https:\\\/\\\/www.eldigitaldeasturias.com\\\/noticias\\\/#postaladdress\",\"@type\":\"PostalAddress\",\"streetAddress\":\"san antonio 4\",\"postalCode\":\"33430\",\"addressLocality\":\"Cand\\u00e1s\",\"addressRegion\":\"Asturias\",\"addressCountry\":\"ES\"}},{\"@type\":\"Person\",\"@id\":\"https:\\\/\\\/www.eldigitaldeasturias.com\\\/noticias\\\/author\\\/admin\\\/#author\",\"url\":\"https:\\\/\\\/www.eldigitaldeasturias.com\\\/noticias\\\/author\\\/admin\\\/\",\"name\":\"El Digital de Asturias\",\"image\":{\"@type\":\"ImageObject\",\"@id\":\"https:\\\/\\\/www.eldigitaldeasturias.com\\\/noticias\\\/el-mundo-destituye-a-su-director-estrella\\\/#authorImage\",\"url\":\"https:\\\/\\\/secure.gravatar.com\\\/avatar\\\/df2aeffc32bcd13f8d26072ef8a91b623d677766deac7f97ca815868cd41bf5e?s=96&d=mm&r=g\",\"width\":96,\"height\":96,\"caption\":\"El Digital de Asturias\"}},{\"@type\":\"WebPage\",\"@id\":\"https:\\\/\\\/www.eldigitaldeasturias.com\\\/noticias\\\/el-mundo-destituye-a-su-director-estrella\\\/#webpage\",\"url\":\"https:\\\/\\\/www.eldigitaldeasturias.com\\\/noticias\\\/el-mundo-destituye-a-su-director-estrella\\\/\",\"name\":\"\\u00abEl Mundo\\u00bb destituye a su director estrella - El Digital de Asturias\",\"description\":\"Madrid, 30 ene (dpa) - Pedro J. Ram\\u00edrez, probablemente el periodista m\\u00e1s famoso de Espa\\u00f1a, dejar\\u00e1 la direcci\\u00f3n del diario \\\"El Mundo\\\" en medio de un duro enfrentamiento con el gobierno de Mariano Rajoy y con el peri\\u00f3dico sumido en una crisis econ\\u00f3mica. Unidad Editorial, el grupo al que pertenece el rotativo de centro-derecha, confirm\\u00f3\",\"inLanguage\":\"es-ES\",\"isPartOf\":{\"@id\":\"https:\\\/\\\/www.eldigitaldeasturias.com\\\/noticias\\\/#website\"},\"breadcrumb\":{\"@id\":\"https:\\\/\\\/www.eldigitaldeasturias.com\\\/noticias\\\/el-mundo-destituye-a-su-director-estrella\\\/#breadcrumblist\"},\"author\":{\"@id\":\"https:\\\/\\\/www.eldigitaldeasturias.com\\\/noticias\\\/author\\\/admin\\\/#author\"},\"creator\":{\"@id\":\"https:\\\/\\\/www.eldigitaldeasturias.com\\\/noticias\\\/author\\\/admin\\\/#author\"},\"image\":{\"@type\":\"ImageObject\",\"url\":\"https:\\\/\\\/www.eldigitaldeasturias.com\\\/noticias\\\/wp-content\\\/uploads\\\/2026\\\/06\\\/Contenidos.jpg\",\"@id\":\"https:\\\/\\\/www.eldigitaldeasturias.com\\\/noticias\\\/el-mundo-destituye-a-su-director-estrella\\\/#mainImage\",\"width\":1265,\"height\":697,\"caption\":\"Contenidos\"},\"primaryImageOfPage\":{\"@id\":\"https:\\\/\\\/www.eldigitaldeasturias.com\\\/noticias\\\/el-mundo-destituye-a-su-director-estrella\\\/#mainImage\"},\"datePublished\":\"2014-01-30T23:20:33+01:00\",\"dateModified\":\"2014-01-30T23:20:33+01:00\"},{\"@type\":\"WebSite\",\"@id\":\"https:\\\/\\\/www.eldigitaldeasturias.com\\\/noticias\\\/#website\",\"url\":\"https:\\\/\\\/www.eldigitaldeasturias.com\\\/noticias\\\/\",\"name\":\"El Digital de Asturias - Diario de actualidad y noticias\",\"alternateName\":\"El Digital de Asturias - Diario de actualidad y noticias\",\"description\":\"Hemeroteca\",\"inLanguage\":\"es-ES\",\"publisher\":{\"@id\":\"https:\\\/\\\/www.eldigitaldeasturias.com\\\/noticias\\\/#organization\"}}]}\n\t\t<\/script>\n\t\t<!-- All in One SEO Pro -->\r\n\t\t<title>\u00abEl Mundo\u00bb destituye a su director estrella - El Digital de Asturias<\/title>\n\n","aioseo_head_json":{"title":"\u00abEl Mundo\u00bb destituye a su director estrella - El Digital de Asturias","description":"Madrid, 30 ene (dpa) - Pedro J. Ram\u00edrez, probablemente el periodista m\u00e1s famoso de Espa\u00f1a, dejar\u00e1 la direcci\u00f3n del diario \"El Mundo\" en medio de un duro enfrentamiento con el gobierno de Mariano Rajoy y con el peri\u00f3dico sumido en una crisis econ\u00f3mica. Unidad Editorial, el grupo al que pertenece el rotativo de centro-derecha, confirm\u00f3","canonical_url":"https:\/\/www.eldigitaldeasturias.com\/noticias\/el-mundo-destituye-a-su-director-estrella\/","robots":"max-image-preview:large","keywords":"actualidad","webmasterTools":{"google-site-verification":"UA-38556648-1","msvalidate.01":"7dfe9f3f1b24437ab69f4f2559babe99","miscellaneous":""},"schema":{"@context":"https:\/\/schema.org","@graph":[{"@type":"BlogPosting","@id":"https:\/\/www.eldigitaldeasturias.com\/noticias\/el-mundo-destituye-a-su-director-estrella\/#blogposting","name":"\u00abEl Mundo\u00bb destituye a su director estrella - El Digital de Asturias","headline":"\u00abEl Mundo\u00bb destituye a su director estrella","author":{"@id":"https:\/\/www.eldigitaldeasturias.com\/noticias\/author\/admin\/#author"},"publisher":{"@id":"https:\/\/www.eldigitaldeasturias.com\/noticias\/#organization"},"image":{"@type":"ImageObject","url":"https:\/\/www.eldigitaldeasturias.com\/noticias\/wp-content\/uploads\/2026\/06\/Contenidos.jpg","width":1265,"height":697,"caption":"Contenidos"},"datePublished":"2014-01-30T23:20:33+01:00","dateModified":"2014-01-30T23:20:33+01:00","inLanguage":"es-ES","mainEntityOfPage":{"@id":"https:\/\/www.eldigitaldeasturias.com\/noticias\/el-mundo-destituye-a-su-director-estrella\/#webpage"},"isPartOf":{"@id":"https:\/\/www.eldigitaldeasturias.com\/noticias\/el-mundo-destituye-a-su-director-estrella\/#webpage"},"articleSection":"Actualidad"},{"@type":"BreadcrumbList","@id":"https:\/\/www.eldigitaldeasturias.com\/noticias\/el-mundo-destituye-a-su-director-estrella\/#breadcrumblist","itemListElement":[{"@type":"ListItem","@id":"https:\/\/www.eldigitaldeasturias.com\/noticias#listItem","position":1,"name":"Home","item":"https:\/\/www.eldigitaldeasturias.com\/noticias","nextItem":{"@type":"ListItem","@id":"https:\/\/www.eldigitaldeasturias.com\/noticias\/category\/actualidad\/#listItem","name":"Actualidad"}},{"@type":"ListItem","@id":"https:\/\/www.eldigitaldeasturias.com\/noticias\/category\/actualidad\/#listItem","position":2,"name":"Actualidad","item":"https:\/\/www.eldigitaldeasturias.com\/noticias\/category\/actualidad\/","nextItem":{"@type":"ListItem","@id":"https:\/\/www.eldigitaldeasturias.com\/noticias\/el-mundo-destituye-a-su-director-estrella\/#listItem","name":"\u00abEl Mundo\u00bb destituye a su director estrella"},"previousItem":{"@type":"ListItem","@id":"https:\/\/www.eldigitaldeasturias.com\/noticias#listItem","name":"Home"}},{"@type":"ListItem","@id":"https:\/\/www.eldigitaldeasturias.com\/noticias\/el-mundo-destituye-a-su-director-estrella\/#listItem","position":3,"name":"\u00abEl Mundo\u00bb destituye a su director estrella","previousItem":{"@type":"ListItem","@id":"https:\/\/www.eldigitaldeasturias.com\/noticias\/category\/actualidad\/#listItem","name":"Actualidad"}}]},{"@type":"Organization","@id":"https:\/\/www.eldigitaldeasturias.com\/noticias\/#organization","name":"El Digital de Asturias","description":"Hemeroteca","url":"https:\/\/www.eldigitaldeasturias.com\/noticias\/","email":"info@eldigitaldeasturias.com","telephone":"+34652131393","logo":{"@type":"ImageObject","url":"https:\/\/www.eldigitaldeasturias.com\/noticias\/wp-content\/uploads\/2020\/12\/EDA.jpg","@id":"https:\/\/www.eldigitaldeasturias.com\/noticias\/el-mundo-destituye-a-su-director-estrella\/#organizationLogo"},"image":{"@id":"https:\/\/www.eldigitaldeasturias.com\/noticias\/el-mundo-destituye-a-su-director-estrella\/#organizationLogo"},"sameAs":["https:\/\/facebook.com\/eldigitaldeasturias","https:\/\/www.youtube.com\/channel\/UCZP-2wLEB9Rv6erhFmqVnvg"],"address":{"@id":"https:\/\/www.eldigitaldeasturias.com\/noticias\/#postaladdress","@type":"PostalAddress","streetAddress":"san antonio 4","postalCode":"33430","addressLocality":"Cand\u00e1s","addressRegion":"Asturias","addressCountry":"ES"}},{"@type":"Person","@id":"https:\/\/www.eldigitaldeasturias.com\/noticias\/author\/admin\/#author","url":"https:\/\/www.eldigitaldeasturias.com\/noticias\/author\/admin\/","name":"El Digital de Asturias","image":{"@type":"ImageObject","@id":"https:\/\/www.eldigitaldeasturias.com\/noticias\/el-mundo-destituye-a-su-director-estrella\/#authorImage","url":"https:\/\/secure.gravatar.com\/avatar\/df2aeffc32bcd13f8d26072ef8a91b623d677766deac7f97ca815868cd41bf5e?s=96&d=mm&r=g","width":96,"height":96,"caption":"El Digital de Asturias"}},{"@type":"WebPage","@id":"https:\/\/www.eldigitaldeasturias.com\/noticias\/el-mundo-destituye-a-su-director-estrella\/#webpage","url":"https:\/\/www.eldigitaldeasturias.com\/noticias\/el-mundo-destituye-a-su-director-estrella\/","name":"\u00abEl Mundo\u00bb destituye a su director estrella - El Digital de Asturias","description":"Madrid, 30 ene (dpa) - Pedro J. Ram\u00edrez, probablemente el periodista m\u00e1s famoso de Espa\u00f1a, dejar\u00e1 la direcci\u00f3n del diario \"El Mundo\" en medio de un duro enfrentamiento con el gobierno de Mariano Rajoy y con el peri\u00f3dico sumido en una crisis econ\u00f3mica. Unidad Editorial, el grupo al que pertenece el rotativo de centro-derecha, confirm\u00f3","inLanguage":"es-ES","isPartOf":{"@id":"https:\/\/www.eldigitaldeasturias.com\/noticias\/#website"},"breadcrumb":{"@id":"https:\/\/www.eldigitaldeasturias.com\/noticias\/el-mundo-destituye-a-su-director-estrella\/#breadcrumblist"},"author":{"@id":"https:\/\/www.eldigitaldeasturias.com\/noticias\/author\/admin\/#author"},"creator":{"@id":"https:\/\/www.eldigitaldeasturias.com\/noticias\/author\/admin\/#author"},"image":{"@type":"ImageObject","url":"https:\/\/www.eldigitaldeasturias.com\/noticias\/wp-content\/uploads\/2026\/06\/Contenidos.jpg","@id":"https:\/\/www.eldigitaldeasturias.com\/noticias\/el-mundo-destituye-a-su-director-estrella\/#mainImage","width":1265,"height":697,"caption":"Contenidos"},"primaryImageOfPage":{"@id":"https:\/\/www.eldigitaldeasturias.com\/noticias\/el-mundo-destituye-a-su-director-estrella\/#mainImage"},"datePublished":"2014-01-30T23:20:33+01:00","dateModified":"2014-01-30T23:20:33+01:00"},{"@type":"WebSite","@id":"https:\/\/www.eldigitaldeasturias.com\/noticias\/#website","url":"https:\/\/www.eldigitaldeasturias.com\/noticias\/","name":"El Digital de Asturias - Diario de actualidad y noticias","alternateName":"El Digital de Asturias - Diario de actualidad y noticias","description":"Hemeroteca","inLanguage":"es-ES","publisher":{"@id":"https:\/\/www.eldigitaldeasturias.com\/noticias\/#organization"}}]},"og:locale":"es_ES","og:site_name":"El Digital de Asturias","og:type":"article","og:title":"\u00abEl Mundo\u00bb destituye a su director estrella - El Digital de Asturias","og:description":"Madrid, 30 ene (dpa) - Pedro J. Ram\u00edrez, probablemente el periodista m\u00e1s famoso de Espa\u00f1a, dejar\u00e1 la direcci\u00f3n del diario &quot;El Mundo&quot; en medio de un duro enfrentamiento con el gobierno de Mariano Rajoy y con el peri\u00f3dico sumido en una crisis econ\u00f3mica. Unidad Editorial, el grupo al que pertenece el rotativo de centro-derecha, confirm\u00f3","og:url":"https:\/\/www.eldigitaldeasturias.com\/noticias\/el-mundo-destituye-a-su-director-estrella\/","og:image":"https:\/\/www.eldigitaldeasturias.com\/noticias\/wp-content\/uploads\/2026\/06\/Contenidos.jpg","og:image:secure_url":"https:\/\/www.eldigitaldeasturias.com\/noticias\/wp-content\/uploads\/2026\/06\/Contenidos.jpg","og:image:width":1265,"og:image:height":697,"article:tag":["actualidad"],"article:published_time":"2014-01-31T00:20:33+00:00","article:modified_time":"2014-01-31T00:20:33+00:00","article:publisher":"https:\/\/facebook.com\/eldigitaldeasturias","twitter:card":"summary_large_image","twitter:title":"\u00abEl Mundo\u00bb destituye a su director estrella - El Digital de Asturias","twitter:description":"Madrid, 30 ene (dpa) - Pedro J. Ram\u00edrez, probablemente el periodista m\u00e1s famoso de Espa\u00f1a, dejar\u00e1 la direcci\u00f3n del diario &quot;El Mundo&quot; en medio de un duro enfrentamiento con el gobierno de Mariano Rajoy y con el peri\u00f3dico sumido en una crisis econ\u00f3mica. Unidad Editorial, el grupo al que pertenece el rotativo de centro-derecha, confirm\u00f3","twitter:image":"https:\/\/www.eldigitaldeasturias.com\/noticias\/wp-content\/uploads\/2026\/06\/Contenidos.jpg","twitter:label1":"Escrito por","twitter:data1":"El Digital de Asturias","twitter:label2":"Tiempo de lectura estimado","twitter:data2":"5 minutos"},"aioseo_meta_data":{"post_id":"480687","title":null,"description":null,"keywords":null,"keyphrases":null,"primary_term":null,"canonical_url":null,"og_title":null,"og_description":null,"og_object_type":"default","og_image_type":"default","og_image_url":null,"og_image_width":null,"og_image_height":null,"og_image_custom_url":null,"og_image_custom_fields":null,"og_video":null,"og_custom_url":null,"og_article_section":null,"og_article_tags":null,"twitter_use_og":true,"twitter_card":"default","twitter_image_type":"default","twitter_image_url":null,"twitter_image_custom_url":null,"twitter_image_custom_fields":null,"twitter_title":null,"twitter_description":null,"schema":{"blockGraphs":[],"customGraphs":[],"default":{"data":{"Article":[],"Course":[],"Dataset":[],"FAQPage":[],"Movie":[],"Person":[],"Product":[],"ProductReview":[],"Car":[],"Recipe":[],"Service":[],"SoftwareApplication":[],"WebPage":[]},"graphName":"","isEnabled":true},"graphs":[],"defaultGraph":"","defaultPostTypeGraph":""},"schema_type":null,"schema_type_options":null,"pillar_content":false,"robots_default":true,"robots_noindex":false,"robots_noarchive":false,"robots_nosnippet":false,"robots_nofollow":false,"robots_noimageindex":false,"robots_noodp":false,"robots_notranslate":false,"robots_max_snippet":null,"robots_max_videopreview":null,"robots_max_imagepreview":"none","priority":null,"frequency":null,"local_seo":null,"seo_analyzer_scan_date":"2026-06-02 04:33:54","breadcrumb_settings":null,"limit_modified_date":false,"open_ai":null,"ai":null,"created":"2020-11-14 22:54:14","updated":"2026-06-02 04:33:54","focus_keyword":null,"additional_keywords":null,"truseo_locale":null},"aioseo_breadcrumb":"<div class=\"aioseo-breadcrumbs\"><span class=\"aioseo-breadcrumb\">\n\t<a href=\"https:\/\/www.eldigitaldeasturias.com\/noticias\" title=\"Home\">Home<\/a>\n<\/span><span class=\"aioseo-breadcrumb-separator\">\u2013<\/span><span class=\"aioseo-breadcrumb\">\n\t<a href=\"https:\/\/www.eldigitaldeasturias.com\/noticias\/category\/actualidad\/\" title=\"Actualidad\">Actualidad<\/a>\n<\/span><span class=\"aioseo-breadcrumb-separator\">\u2013<\/span><span class=\"aioseo-breadcrumb\">\n\t<a href=\"https:\/\/www.eldigitaldeasturias.com\/noticias\/el-mundo-destituye-a-su-director-estrella\/\" title=\"\u00abEl Mundo\u00bb destituye a su director estrella\">\u00abEl Mundo\u00bb destituye a su director estrella<\/a>\n<\/span><\/div>","aioseo_breadcrumb_json":[{"label":"Home","link":"https:\/\/www.eldigitaldeasturias.com\/noticias"},{"label":"Actualidad","link":"https:\/\/www.eldigitaldeasturias.com\/noticias\/category\/actualidad\/"},{"label":"\u00abEl Mundo\u00bb destituye a su director estrella","link":"https:\/\/www.eldigitaldeasturias.com\/noticias\/el-mundo-destituye-a-su-director-estrella\/"}],"_links":{"self":[{"href":"https:\/\/www.eldigitaldeasturias.com\/noticias\/wp-json\/wp\/v2\/posts\/480687","targetHints":{"allow":["GET"]}}],"collection":[{"href":"https:\/\/www.eldigitaldeasturias.com\/noticias\/wp-json\/wp\/v2\/posts"}],"about":[{"href":"https:\/\/www.eldigitaldeasturias.com\/noticias\/wp-json\/wp\/v2\/types\/post"}],"author":[{"embeddable":true,"href":"https:\/\/www.eldigitaldeasturias.com\/noticias\/wp-json\/wp\/v2\/users\/1"}],"replies":[{"embeddable":true,"href":"https:\/\/www.eldigitaldeasturias.com\/noticias\/wp-json\/wp\/v2\/comments?post=480687"}],"version-history":[{"count":0,"href":"https:\/\/www.eldigitaldeasturias.com\/noticias\/wp-json\/wp\/v2\/posts\/480687\/revisions"}],"wp:featuredmedia":[{"embeddable":true,"href":"https:\/\/www.eldigitaldeasturias.com\/noticias\/wp-json\/wp\/v2\/media\/1132184"}],"wp:attachment":[{"href":"https:\/\/www.eldigitaldeasturias.com\/noticias\/wp-json\/wp\/v2\/media?parent=480687"}],"wp:term":[{"taxonomy":"category","embeddable":true,"href":"https:\/\/www.eldigitaldeasturias.com\/noticias\/wp-json\/wp\/v2\/categories?post=480687"},{"taxonomy":"post_tag","embeddable":true,"href":"https:\/\/www.eldigitaldeasturias.com\/noticias\/wp-json\/wp\/v2\/tags?post=480687"}],"curies":[{"name":"wp","href":"https:\/\/api.w.org\/{rel}","templated":true}]}}