{"id":480683,"date":"2014-01-30T23:15:04","date_gmt":"2014-01-31T00:15:04","guid":{"rendered":"http:\/\/www.eldigitaldeasturias.com\/noticias\/?p=480683"},"modified":"2014-01-30T23:15:04","modified_gmt":"2014-01-31T00:15:04","slug":"siria-ucrania-e-iran-temas-centrales-de-la-conferencia-seguridad-munich","status":"publish","type":"post","link":"https:\/\/www.eldigitaldeasturias.com\/noticias\/siria-ucrania-e-iran-temas-centrales-de-la-conferencia-seguridad-munich\/","title":{"rendered":"Siria, Ucrania e Ir\u00e1n, temas centrales de la Conferencia Seguridad M\u00fanich"},"content":{"rendered":"<p><img loading=\"lazy\" decoding=\"async\" class=\"alignleft size-medium wp-image-453154\" alt=\"5749312wsiria\" src=\"https:\/\/www.eldigitaldeasturias.com\/noticias\/wp-content\/uploads\/2013\/11\/5749312w-360x239.jpg\" width=\"360\" height=\"239\" \/>Berl\u00edn, 30 ene (dpa) &#8211; El conflicto sirio, la controversia nuclear iran\u00ed y la situaci\u00f3n en Ucrania ser\u00e1n los temas que centrar\u00e1n la 50\u00aa Conferencia de Seguridad de M\u00fanich, que abrir\u00e1 sus puertas este viernes y que espera contar con la asistencia del l\u00edder opositor ucraniano Vitali Klitschko.<\/p>\n<p>Cerca de 20 jefes de Estado y de gobierno y m\u00e1s de 50 ministros de Exteriores y de Defensa participar\u00e1n en el encuentro de expertos en la capital b\u00e1vara, a donde acudir\u00e1n m\u00e1s de 90 delegaciones de gobiernos de todo el mundo.<\/p>\n<p>Entre los invitados al 50 aniversario de la Conferencia de Seguridad, que durar\u00e1 tres d\u00edas, destacan el secretario de Estado norteamericano, John Kerry; el secretario de Defensa estadounidense, Chuk Hagel; el ministro de Exteriores ruso, Serguei Lavrov; el secretario general de la OTAN, Anders Fogh Rasmussen, y el secretario general de la ONU, Ban Ki-moon.<\/p>\n<p>\u00abTenemos un tsunami de ministros de Exteriores debido al aniversario, pero tambi\u00e9n por la dif\u00edcil situaci\u00f3n internacional\u00bb, explic\u00f3 el presidente de la Conferencia de Seguridad de M\u00fanich (MSC), Wolfgang Ischinger.<\/p>\n<p>Por tercera vez consecutiva, la guerra civil en Siria volver\u00e1 a jugar un papel importante en el encuentro. El debate sobre la situaci\u00f3n en ese pa\u00eds est\u00e1 previsto para la noche del viernes.<\/p>\n<p>\u00abEsperamos que algunos de los participantes en las conversaciones de Ginebra 2 puedan acudir a M\u00fanich, como el mediador de la ONU y la Liga \u00c1rabe, Lakhdar Brahimi\u00bb, inform\u00f3 Ischinger esta semana, al se\u00f1alar que se podr\u00eda debatir intensamente sobre la \u00abcat\u00e1strofe siria\u00bb.<\/p>\n<p>Sin embargo, Ischinger rebaj\u00f3 las expectativas: \u00abLas negociaciones transcurren en Ginebra, no queremos sustituirlas. Queremos saber c\u00f3mo es la situaci\u00f3n en Siria. No queremos negociar nada en M\u00fanich\u00bb.<\/p>\n<p>La b\u00fasqueda de una soluci\u00f3n a la disputa en torno al problema nuclear iran\u00ed centrar\u00e1 el debate el \u00faltimo d\u00eda de la conferencia. El ministro de Exteriores de Ir\u00e1n, Mohamad Yavad Zarif, se sentar\u00e1 en el podio de discusi\u00f3n.<\/p>\n<p>\u00abQueremos discutir c\u00f3mo conseguir un acuerdo duradero en materia de energ\u00eda nuclear y qu\u00e9 problemas hay que solucionar para lograrlo\u00bb, explic\u00f3 el presidente de la MSC.<\/p>\n<p>Otro de los temas candentes este a\u00f1o ser\u00e1 la dif\u00edcil situaci\u00f3n que atraviesa Ucrania. El s\u00e1bado por la tarde, el ministro de Exteriores de Ucrania, Leonid Koshara, y el l\u00edder opositor y ex campe\u00f3n mundial de boxeo Vitali Klitschko se sentar\u00e1n para debatir sobre las protestas contra el gobierno ucraniano.<\/p>\n<p>\u00abNo podemos asegurar al cien por cien que las personalidades que quisi\u00e9ramos tener puedan venir finalmente\u00bb, reconoci\u00f3 Ischinger.<\/p>\n<p>A lo largo de su historia, la MSC -creada durante la Guerra Fr\u00eda- se constituy\u00f3 como un lugar de debate sobre la Organizaci\u00f3n del Tratado del Atl\u00e1ntico Norte (OTAN) y las relaciones entre Europa occidental y Estados Unidos.<\/p>\n<p>Las relaciones entre Europa y Estados Unidos volver\u00e1n a estar presentes en la conferencia, sobre todo, por las tensiones provocadas tras el esc\u00e1ndalo del espionaje de la Agencia Nacional de Seguridad (NSA) de Estados Unidos.<\/p>\n<p>\u00abLos estadounidenses saben que se ha producido un gran da\u00f1o a la confianza y que hay aqu\u00ed un mont\u00f3n de cosas por explicar\u00bb, asegur\u00f3 Ischinger. Kerry y Hagel participar\u00e1n el s\u00e1bado en la discusi\u00f3n titulada \u00ab\u00bfUn renacimiento transatl\u00e1ntico?\u00bb.<\/p>\n<p>Tras el discurso inaugural a cargo del presidente federal de Alemania, Joachim Gauck, el primer panel versar\u00e1 sobre el espionaje bajo el t\u00edtulo de \u00abLibertad contra seguridad en el ciberespacio\u00bb.<\/p>\n<p>\u00abMuchos participantes tendr\u00e1n a (Edward) Snowden en la mente\u00bb, reconoci\u00f3 el ex diplom\u00e1tico alem\u00e1n sobre el exconsultor de la NSA que filtr\u00f3 documentos secretos.<\/p>\n<p>Activistas pacifistas tienen previsto protestar el s\u00e1bado en contra de la conferencia, vigilada por m\u00e1s de 3.000 polic\u00edas y extremas medidas de seguridad que dificultar\u00e1n el tr\u00e1nsito por el centro de la capital b\u00e1vara.<\/p>\n<p>Por Almudena de Cabo<\/p>\n","protected":false},"excerpt":{"rendered":"<p>Berl\u00edn, 30 ene (dpa) &#8211; El conflicto sirio, la controversia nuclear iran\u00ed y la situaci\u00f3n en Ucrania ser\u00e1n los temas que centrar\u00e1n la 50\u00aa Conferencia de Seguridad de M\u00fanich, que abrir\u00e1 sus puertas este viernes y que espera contar con la asistencia del l\u00edder opositor ucraniano Vitali Klitschko. Cerca de 20 jefes de Estado y [&hellip;]<\/p>\n","protected":false},"author":1,"featured_media":453154,"comment_status":"closed","ping_status":"open","sticky":false,"template":"","format":"standard","meta":{"footnotes":""},"categories":[1],"tags":[],"class_list":["post-480683","post","type-post","status-publish","format-standard","has-post-thumbnail","hentry","category-actualidad"],"aioseo_notices":[],"aioseo_head":"\n\t\t<!-- All in One SEO Pro 5.0.1 - aioseo.com -->\n\t<meta name=\"description\" content=\"Berl\u00edn, 30 ene (dpa) - El conflicto sirio, la controversia nuclear iran\u00ed y la situaci\u00f3n en Ucrania ser\u00e1n los temas que centrar\u00e1n la 50\u00aa Conferencia de Seguridad de M\u00fanich, que abrir\u00e1 sus puertas este viernes y que espera contar con la asistencia del l\u00edder opositor ucraniano Vitali Klitschko. Cerca de 20 jefes de Estado y\" \/>\n\t<meta name=\"robots\" content=\"max-image-preview:large\" \/>\n\t<meta name=\"author\" content=\"El Digital de Asturias\"\/>\n\t<meta name=\"google-site-verification\" content=\"UA-38556648-1\" \/>\n\t<meta name=\"msvalidate.01\" content=\"7dfe9f3f1b24437ab69f4f2559babe99\" \/>\n\t<meta name=\"keywords\" content=\"actualidad\" \/>\n\t<link rel=\"canonical\" href=\"https:\/\/www.eldigitaldeasturias.com\/noticias\/siria-ucrania-e-iran-temas-centrales-de-la-conferencia-seguridad-munich\/\" \/>\n\t<meta name=\"generator\" content=\"All in One SEO Pro (AIOSEO) 5.0.1\" \/>\n\t\t<meta property=\"og:locale\" content=\"es_ES\" \/>\n\t\t<meta property=\"og:site_name\" content=\"El Digital de Asturias\" \/>\n\t\t<meta property=\"og:type\" content=\"article\" \/>\n\t\t<meta property=\"og:title\" content=\"Siria, Ucrania e Ir\u00e1n, temas centrales de la Conferencia Seguridad M\u00fanich - El Digital de Asturias\" \/>\n\t\t<meta property=\"og:description\" content=\"Berl\u00edn, 30 ene (dpa) - El conflicto sirio, la controversia nuclear iran\u00ed y la situaci\u00f3n en Ucrania ser\u00e1n los temas que centrar\u00e1n la 50\u00aa Conferencia de Seguridad de M\u00fanich, que abrir\u00e1 sus puertas este viernes y que espera contar con la asistencia del l\u00edder opositor ucraniano Vitali Klitschko. Cerca de 20 jefes de Estado y\" \/>\n\t\t<meta property=\"og:url\" content=\"https:\/\/www.eldigitaldeasturias.com\/noticias\/siria-ucrania-e-iran-temas-centrales-de-la-conferencia-seguridad-munich\/\" \/>\n\t\t<meta property=\"article:tag\" content=\"actualidad\" \/>\n\t\t<meta property=\"article:published_time\" content=\"2014-01-31T00:15:04+00:00\" \/>\n\t\t<meta property=\"article:modified_time\" content=\"2014-01-31T00:15:04+00:00\" \/>\n\t\t<meta property=\"article:publisher\" content=\"https:\/\/facebook.com\/eldigitaldeasturias\" \/>\n\t\t<meta name=\"twitter:card\" content=\"summary_large_image\" \/>\n\t\t<meta name=\"twitter:title\" content=\"Siria, Ucrania e Ir\u00e1n, temas centrales de la Conferencia Seguridad M\u00fanich - El Digital de Asturias\" \/>\n\t\t<meta name=\"twitter:description\" content=\"Berl\u00edn, 30 ene (dpa) - El conflicto sirio, la controversia nuclear iran\u00ed y la situaci\u00f3n en Ucrania ser\u00e1n los temas que centrar\u00e1n la 50\u00aa Conferencia de Seguridad de M\u00fanich, que abrir\u00e1 sus puertas este viernes y que espera contar con la asistencia del l\u00edder opositor ucraniano Vitali Klitschko. Cerca de 20 jefes de Estado y\" \/>\n\t\t<meta name=\"twitter:label1\" content=\"Escrito por\" \/>\n\t\t<meta name=\"twitter:data1\" content=\"El Digital de Asturias\" \/>\n\t\t<meta name=\"twitter:label2\" content=\"Tiempo de lectura estimado\" \/>\n\t\t<meta name=\"twitter:data2\" content=\"3 minutos\" \/>\n\t\t<script type=\"application\/ld+json\" class=\"aioseo-schema\">\n\t\t\t{\"@context\":\"https:\\\/\\\/schema.org\",\"@graph\":[{\"@type\":\"BlogPosting\",\"@id\":\"https:\\\/\\\/www.eldigitaldeasturias.com\\\/noticias\\\/siria-ucrania-e-iran-temas-centrales-de-la-conferencia-seguridad-munich\\\/#blogposting\",\"name\":\"Siria, Ucrania e Ir\\u00e1n, temas centrales de la Conferencia Seguridad M\\u00fanich - El Digital de Asturias\",\"headline\":\"Siria, Ucrania e Ir\\u00e1n, temas centrales de la Conferencia Seguridad M\\u00fanich\",\"author\":{\"@id\":\"https:\\\/\\\/www.eldigitaldeasturias.com\\\/noticias\\\/author\\\/admin\\\/#author\"},\"publisher\":{\"@id\":\"https:\\\/\\\/www.eldigitaldeasturias.com\\\/noticias\\\/#organization\"},\"image\":{\"@type\":\"ImageObject\",\"url\":453154},\"datePublished\":\"2014-01-30T23:15:04+01:00\",\"dateModified\":\"2014-01-30T23:15:04+01:00\",\"inLanguage\":\"es-ES\",\"mainEntityOfPage\":{\"@id\":\"https:\\\/\\\/www.eldigitaldeasturias.com\\\/noticias\\\/siria-ucrania-e-iran-temas-centrales-de-la-conferencia-seguridad-munich\\\/#webpage\"},\"isPartOf\":{\"@id\":\"https:\\\/\\\/www.eldigitaldeasturias.com\\\/noticias\\\/siria-ucrania-e-iran-temas-centrales-de-la-conferencia-seguridad-munich\\\/#webpage\"},\"articleSection\":\"Actualidad\"},{\"@type\":\"BreadcrumbList\",\"@id\":\"https:\\\/\\\/www.eldigitaldeasturias.com\\\/noticias\\\/siria-ucrania-e-iran-temas-centrales-de-la-conferencia-seguridad-munich\\\/#breadcrumblist\",\"itemListElement\":[{\"@type\":\"ListItem\",\"@id\":\"https:\\\/\\\/www.eldigitaldeasturias.com\\\/noticias#listItem\",\"position\":1,\"name\":\"Home\",\"item\":\"https:\\\/\\\/www.eldigitaldeasturias.com\\\/noticias\",\"nextItem\":{\"@type\":\"ListItem\",\"@id\":\"https:\\\/\\\/www.eldigitaldeasturias.com\\\/noticias\\\/category\\\/actualidad\\\/#listItem\",\"name\":\"Actualidad\"}},{\"@type\":\"ListItem\",\"@id\":\"https:\\\/\\\/www.eldigitaldeasturias.com\\\/noticias\\\/category\\\/actualidad\\\/#listItem\",\"position\":2,\"name\":\"Actualidad\",\"item\":\"https:\\\/\\\/www.eldigitaldeasturias.com\\\/noticias\\\/category\\\/actualidad\\\/\",\"nextItem\":{\"@type\":\"ListItem\",\"@id\":\"https:\\\/\\\/www.eldigitaldeasturias.com\\\/noticias\\\/siria-ucrania-e-iran-temas-centrales-de-la-conferencia-seguridad-munich\\\/#listItem\",\"name\":\"Siria, Ucrania e Ir\\u00e1n, temas centrales de la Conferencia Seguridad M\\u00fanich\"},\"previousItem\":{\"@type\":\"ListItem\",\"@id\":\"https:\\\/\\\/www.eldigitaldeasturias.com\\\/noticias#listItem\",\"name\":\"Home\"}},{\"@type\":\"ListItem\",\"@id\":\"https:\\\/\\\/www.eldigitaldeasturias.com\\\/noticias\\\/siria-ucrania-e-iran-temas-centrales-de-la-conferencia-seguridad-munich\\\/#listItem\",\"position\":3,\"name\":\"Siria, Ucrania e Ir\\u00e1n, temas centrales de la Conferencia Seguridad M\\u00fanich\",\"previousItem\":{\"@type\":\"ListItem\",\"@id\":\"https:\\\/\\\/www.eldigitaldeasturias.com\\\/noticias\\\/category\\\/actualidad\\\/#listItem\",\"name\":\"Actualidad\"}}]},{\"@type\":\"Organization\",\"@id\":\"https:\\\/\\\/www.eldigitaldeasturias.com\\\/noticias\\\/#organization\",\"name\":\"El Digital de Asturias\",\"description\":\"Hemeroteca\",\"url\":\"https:\\\/\\\/www.eldigitaldeasturias.com\\\/noticias\\\/\",\"email\":\"info@eldigitaldeasturias.com\",\"telephone\":\"+34652131393\",\"logo\":{\"@type\":\"ImageObject\",\"url\":\"https:\\\/\\\/www.eldigitaldeasturias.com\\\/noticias\\\/wp-content\\\/uploads\\\/2020\\\/12\\\/EDA.jpg\",\"@id\":\"https:\\\/\\\/www.eldigitaldeasturias.com\\\/noticias\\\/siria-ucrania-e-iran-temas-centrales-de-la-conferencia-seguridad-munich\\\/#organizationLogo\"},\"image\":{\"@id\":\"https:\\\/\\\/www.eldigitaldeasturias.com\\\/noticias\\\/siria-ucrania-e-iran-temas-centrales-de-la-conferencia-seguridad-munich\\\/#organizationLogo\"},\"sameAs\":[\"https:\\\/\\\/facebook.com\\\/eldigitaldeasturias\",\"https:\\\/\\\/www.youtube.com\\\/channel\\\/UCZP-2wLEB9Rv6erhFmqVnvg\"],\"address\":{\"@id\":\"https:\\\/\\\/www.eldigitaldeasturias.com\\\/noticias\\\/#postaladdress\",\"@type\":\"PostalAddress\",\"streetAddress\":\"san antonio 4\",\"postalCode\":\"33430\",\"addressLocality\":\"Cand\\u00e1s\",\"addressRegion\":\"Asturias\",\"addressCountry\":\"ES\"}},{\"@type\":\"Person\",\"@id\":\"https:\\\/\\\/www.eldigitaldeasturias.com\\\/noticias\\\/author\\\/admin\\\/#author\",\"url\":\"https:\\\/\\\/www.eldigitaldeasturias.com\\\/noticias\\\/author\\\/admin\\\/\",\"name\":\"El Digital de Asturias\",\"image\":{\"@type\":\"ImageObject\",\"@id\":\"https:\\\/\\\/www.eldigitaldeasturias.com\\\/noticias\\\/siria-ucrania-e-iran-temas-centrales-de-la-conferencia-seguridad-munich\\\/#authorImage\",\"url\":\"https:\\\/\\\/secure.gravatar.com\\\/avatar\\\/df2aeffc32bcd13f8d26072ef8a91b623d677766deac7f97ca815868cd41bf5e?s=96&d=mm&r=g\",\"width\":96,\"height\":96,\"caption\":\"El Digital de Asturias\"}},{\"@type\":\"WebPage\",\"@id\":\"https:\\\/\\\/www.eldigitaldeasturias.com\\\/noticias\\\/siria-ucrania-e-iran-temas-centrales-de-la-conferencia-seguridad-munich\\\/#webpage\",\"url\":\"https:\\\/\\\/www.eldigitaldeasturias.com\\\/noticias\\\/siria-ucrania-e-iran-temas-centrales-de-la-conferencia-seguridad-munich\\\/\",\"name\":\"Siria, Ucrania e Ir\\u00e1n, temas centrales de la Conferencia Seguridad M\\u00fanich - El Digital de Asturias\",\"description\":\"Berl\\u00edn, 30 ene (dpa) - El conflicto sirio, la controversia nuclear iran\\u00ed y la situaci\\u00f3n en Ucrania ser\\u00e1n los temas que centrar\\u00e1n la 50\\u00aa Conferencia de Seguridad de M\\u00fanich, que abrir\\u00e1 sus puertas este viernes y que espera contar con la asistencia del l\\u00edder opositor ucraniano Vitali Klitschko. Cerca de 20 jefes de Estado y\",\"inLanguage\":\"es-ES\",\"isPartOf\":{\"@id\":\"https:\\\/\\\/www.eldigitaldeasturias.com\\\/noticias\\\/#website\"},\"breadcrumb\":{\"@id\":\"https:\\\/\\\/www.eldigitaldeasturias.com\\\/noticias\\\/siria-ucrania-e-iran-temas-centrales-de-la-conferencia-seguridad-munich\\\/#breadcrumblist\"},\"author\":{\"@id\":\"https:\\\/\\\/www.eldigitaldeasturias.com\\\/noticias\\\/author\\\/admin\\\/#author\"},\"creator\":{\"@id\":\"https:\\\/\\\/www.eldigitaldeasturias.com\\\/noticias\\\/author\\\/admin\\\/#author\"},\"image\":{\"@type\":\"ImageObject\",\"url\":453154,\"@id\":\"https:\\\/\\\/www.eldigitaldeasturias.com\\\/noticias\\\/siria-ucrania-e-iran-temas-centrales-de-la-conferencia-seguridad-munich\\\/#mainImage\"},\"primaryImageOfPage\":{\"@id\":\"https:\\\/\\\/www.eldigitaldeasturias.com\\\/noticias\\\/siria-ucrania-e-iran-temas-centrales-de-la-conferencia-seguridad-munich\\\/#mainImage\"},\"datePublished\":\"2014-01-30T23:15:04+01:00\",\"dateModified\":\"2014-01-30T23:15:04+01:00\"},{\"@type\":\"WebSite\",\"@id\":\"https:\\\/\\\/www.eldigitaldeasturias.com\\\/noticias\\\/#website\",\"url\":\"https:\\\/\\\/www.eldigitaldeasturias.com\\\/noticias\\\/\",\"name\":\"El Digital de Asturias - Diario de actualidad y noticias\",\"alternateName\":\"El Digital de Asturias - Diario de actualidad y noticias\",\"description\":\"Hemeroteca\",\"inLanguage\":\"es-ES\",\"publisher\":{\"@id\":\"https:\\\/\\\/www.eldigitaldeasturias.com\\\/noticias\\\/#organization\"}}]}\n\t\t<\/script>\n\t\t<!-- All in One SEO Pro -->\r\n\t\t<title>Siria, Ucrania e Ir\u00e1n, temas centrales de la Conferencia Seguridad M\u00fanich - El Digital de Asturias<\/title>\n\n","aioseo_head_json":{"title":"Siria, Ucrania e Ir\u00e1n, temas centrales de la Conferencia Seguridad M\u00fanich - El Digital de Asturias","description":"Berl\u00edn, 30 ene (dpa) - El conflicto sirio, la controversia nuclear iran\u00ed y la situaci\u00f3n en Ucrania ser\u00e1n los temas que centrar\u00e1n la 50\u00aa Conferencia de Seguridad de M\u00fanich, que abrir\u00e1 sus puertas este viernes y que espera contar con la asistencia del l\u00edder opositor ucraniano Vitali Klitschko. Cerca de 20 jefes de Estado y","canonical_url":"https:\/\/www.eldigitaldeasturias.com\/noticias\/siria-ucrania-e-iran-temas-centrales-de-la-conferencia-seguridad-munich\/","robots":"max-image-preview:large","keywords":"actualidad","webmasterTools":{"google-site-verification":"UA-38556648-1","msvalidate.01":"7dfe9f3f1b24437ab69f4f2559babe99","miscellaneous":""},"schema":{"@context":"https:\/\/schema.org","@graph":[{"@type":"BlogPosting","@id":"https:\/\/www.eldigitaldeasturias.com\/noticias\/siria-ucrania-e-iran-temas-centrales-de-la-conferencia-seguridad-munich\/#blogposting","name":"Siria, Ucrania e Ir\u00e1n, temas centrales de la Conferencia Seguridad M\u00fanich - El Digital de Asturias","headline":"Siria, Ucrania e Ir\u00e1n, temas centrales de la Conferencia Seguridad M\u00fanich","author":{"@id":"https:\/\/www.eldigitaldeasturias.com\/noticias\/author\/admin\/#author"},"publisher":{"@id":"https:\/\/www.eldigitaldeasturias.com\/noticias\/#organization"},"image":{"@type":"ImageObject","url":453154},"datePublished":"2014-01-30T23:15:04+01:00","dateModified":"2014-01-30T23:15:04+01:00","inLanguage":"es-ES","mainEntityOfPage":{"@id":"https:\/\/www.eldigitaldeasturias.com\/noticias\/siria-ucrania-e-iran-temas-centrales-de-la-conferencia-seguridad-munich\/#webpage"},"isPartOf":{"@id":"https:\/\/www.eldigitaldeasturias.com\/noticias\/siria-ucrania-e-iran-temas-centrales-de-la-conferencia-seguridad-munich\/#webpage"},"articleSection":"Actualidad"},{"@type":"BreadcrumbList","@id":"https:\/\/www.eldigitaldeasturias.com\/noticias\/siria-ucrania-e-iran-temas-centrales-de-la-conferencia-seguridad-munich\/#breadcrumblist","itemListElement":[{"@type":"ListItem","@id":"https:\/\/www.eldigitaldeasturias.com\/noticias#listItem","position":1,"name":"Home","item":"https:\/\/www.eldigitaldeasturias.com\/noticias","nextItem":{"@type":"ListItem","@id":"https:\/\/www.eldigitaldeasturias.com\/noticias\/category\/actualidad\/#listItem","name":"Actualidad"}},{"@type":"ListItem","@id":"https:\/\/www.eldigitaldeasturias.com\/noticias\/category\/actualidad\/#listItem","position":2,"name":"Actualidad","item":"https:\/\/www.eldigitaldeasturias.com\/noticias\/category\/actualidad\/","nextItem":{"@type":"ListItem","@id":"https:\/\/www.eldigitaldeasturias.com\/noticias\/siria-ucrania-e-iran-temas-centrales-de-la-conferencia-seguridad-munich\/#listItem","name":"Siria, Ucrania e Ir\u00e1n, temas centrales de la Conferencia Seguridad M\u00fanich"},"previousItem":{"@type":"ListItem","@id":"https:\/\/www.eldigitaldeasturias.com\/noticias#listItem","name":"Home"}},{"@type":"ListItem","@id":"https:\/\/www.eldigitaldeasturias.com\/noticias\/siria-ucrania-e-iran-temas-centrales-de-la-conferencia-seguridad-munich\/#listItem","position":3,"name":"Siria, Ucrania e Ir\u00e1n, temas centrales de la Conferencia Seguridad M\u00fanich","previousItem":{"@type":"ListItem","@id":"https:\/\/www.eldigitaldeasturias.com\/noticias\/category\/actualidad\/#listItem","name":"Actualidad"}}]},{"@type":"Organization","@id":"https:\/\/www.eldigitaldeasturias.com\/noticias\/#organization","name":"El Digital de Asturias","description":"Hemeroteca","url":"https:\/\/www.eldigitaldeasturias.com\/noticias\/","email":"info@eldigitaldeasturias.com","telephone":"+34652131393","logo":{"@type":"ImageObject","url":"https:\/\/www.eldigitaldeasturias.com\/noticias\/wp-content\/uploads\/2020\/12\/EDA.jpg","@id":"https:\/\/www.eldigitaldeasturias.com\/noticias\/siria-ucrania-e-iran-temas-centrales-de-la-conferencia-seguridad-munich\/#organizationLogo"},"image":{"@id":"https:\/\/www.eldigitaldeasturias.com\/noticias\/siria-ucrania-e-iran-temas-centrales-de-la-conferencia-seguridad-munich\/#organizationLogo"},"sameAs":["https:\/\/facebook.com\/eldigitaldeasturias","https:\/\/www.youtube.com\/channel\/UCZP-2wLEB9Rv6erhFmqVnvg"],"address":{"@id":"https:\/\/www.eldigitaldeasturias.com\/noticias\/#postaladdress","@type":"PostalAddress","streetAddress":"san antonio 4","postalCode":"33430","addressLocality":"Cand\u00e1s","addressRegion":"Asturias","addressCountry":"ES"}},{"@type":"Person","@id":"https:\/\/www.eldigitaldeasturias.com\/noticias\/author\/admin\/#author","url":"https:\/\/www.eldigitaldeasturias.com\/noticias\/author\/admin\/","name":"El Digital de Asturias","image":{"@type":"ImageObject","@id":"https:\/\/www.eldigitaldeasturias.com\/noticias\/siria-ucrania-e-iran-temas-centrales-de-la-conferencia-seguridad-munich\/#authorImage","url":"https:\/\/secure.gravatar.com\/avatar\/df2aeffc32bcd13f8d26072ef8a91b623d677766deac7f97ca815868cd41bf5e?s=96&d=mm&r=g","width":96,"height":96,"caption":"El Digital de Asturias"}},{"@type":"WebPage","@id":"https:\/\/www.eldigitaldeasturias.com\/noticias\/siria-ucrania-e-iran-temas-centrales-de-la-conferencia-seguridad-munich\/#webpage","url":"https:\/\/www.eldigitaldeasturias.com\/noticias\/siria-ucrania-e-iran-temas-centrales-de-la-conferencia-seguridad-munich\/","name":"Siria, Ucrania e Ir\u00e1n, temas centrales de la Conferencia Seguridad M\u00fanich - El Digital de Asturias","description":"Berl\u00edn, 30 ene (dpa) - El conflicto sirio, la controversia nuclear iran\u00ed y la situaci\u00f3n en Ucrania ser\u00e1n los temas que centrar\u00e1n la 50\u00aa Conferencia de Seguridad de M\u00fanich, que abrir\u00e1 sus puertas este viernes y que espera contar con la asistencia del l\u00edder opositor ucraniano Vitali Klitschko. Cerca de 20 jefes de Estado y","inLanguage":"es-ES","isPartOf":{"@id":"https:\/\/www.eldigitaldeasturias.com\/noticias\/#website"},"breadcrumb":{"@id":"https:\/\/www.eldigitaldeasturias.com\/noticias\/siria-ucrania-e-iran-temas-centrales-de-la-conferencia-seguridad-munich\/#breadcrumblist"},"author":{"@id":"https:\/\/www.eldigitaldeasturias.com\/noticias\/author\/admin\/#author"},"creator":{"@id":"https:\/\/www.eldigitaldeasturias.com\/noticias\/author\/admin\/#author"},"image":{"@type":"ImageObject","url":453154,"@id":"https:\/\/www.eldigitaldeasturias.com\/noticias\/siria-ucrania-e-iran-temas-centrales-de-la-conferencia-seguridad-munich\/#mainImage"},"primaryImageOfPage":{"@id":"https:\/\/www.eldigitaldeasturias.com\/noticias\/siria-ucrania-e-iran-temas-centrales-de-la-conferencia-seguridad-munich\/#mainImage"},"datePublished":"2014-01-30T23:15:04+01:00","dateModified":"2014-01-30T23:15:04+01:00"},{"@type":"WebSite","@id":"https:\/\/www.eldigitaldeasturias.com\/noticias\/#website","url":"https:\/\/www.eldigitaldeasturias.com\/noticias\/","name":"El Digital de Asturias - Diario de actualidad y noticias","alternateName":"El Digital de Asturias - Diario de actualidad y noticias","description":"Hemeroteca","inLanguage":"es-ES","publisher":{"@id":"https:\/\/www.eldigitaldeasturias.com\/noticias\/#organization"}}]},"og:locale":"es_ES","og:site_name":"El Digital de Asturias","og:type":"article","og:title":"Siria, Ucrania e Ir\u00e1n, temas centrales de la Conferencia Seguridad M\u00fanich - El Digital de Asturias","og:description":"Berl\u00edn, 30 ene (dpa) - El conflicto sirio, la controversia nuclear iran\u00ed y la situaci\u00f3n en Ucrania ser\u00e1n los temas que centrar\u00e1n la 50\u00aa Conferencia de Seguridad de M\u00fanich, que abrir\u00e1 sus puertas este viernes y que espera contar con la asistencia del l\u00edder opositor ucraniano Vitali Klitschko. Cerca de 20 jefes de Estado y","og:url":"https:\/\/www.eldigitaldeasturias.com\/noticias\/siria-ucrania-e-iran-temas-centrales-de-la-conferencia-seguridad-munich\/","article:tag":["actualidad"],"article:published_time":"2014-01-31T00:15:04+00:00","article:modified_time":"2014-01-31T00:15:04+00:00","article:publisher":"https:\/\/facebook.com\/eldigitaldeasturias","twitter:card":"summary_large_image","twitter:title":"Siria, Ucrania e Ir\u00e1n, temas centrales de la Conferencia Seguridad M\u00fanich - El Digital de Asturias","twitter:description":"Berl\u00edn, 30 ene (dpa) - El conflicto sirio, la controversia nuclear iran\u00ed y la situaci\u00f3n en Ucrania ser\u00e1n los temas que centrar\u00e1n la 50\u00aa Conferencia de Seguridad de M\u00fanich, que abrir\u00e1 sus puertas este viernes y que espera contar con la asistencia del l\u00edder opositor ucraniano Vitali Klitschko. Cerca de 20 jefes de Estado y","twitter:label1":"Escrito por","twitter:data1":"El Digital de Asturias","twitter:label2":"Tiempo de lectura estimado","twitter:data2":"3 minutos"},"aioseo_meta_data":{"post_id":"480683","title":null,"description":null,"keywords":null,"keyphrases":null,"primary_term":null,"canonical_url":null,"og_title":null,"og_description":null,"og_object_type":"default","og_image_type":"default","og_image_url":null,"og_image_width":null,"og_image_height":null,"og_image_custom_url":null,"og_image_custom_fields":null,"og_video":null,"og_custom_url":null,"og_article_section":null,"og_article_tags":null,"twitter_use_og":true,"twitter_card":"default","twitter_image_type":"default","twitter_image_url":null,"twitter_image_custom_url":null,"twitter_image_custom_fields":null,"twitter_title":null,"twitter_description":null,"schema":{"blockGraphs":[],"customGraphs":[],"default":{"data":{"Article":[],"Course":[],"Dataset":[],"FAQPage":[],"Movie":[],"Person":[],"Product":[],"ProductReview":[],"Car":[],"Recipe":[],"Service":[],"SoftwareApplication":[],"WebPage":[]},"graphName":"","isEnabled":true},"graphs":[],"defaultGraph":"","defaultPostTypeGraph":""},"schema_type":null,"schema_type_options":null,"pillar_content":false,"robots_default":true,"robots_noindex":false,"robots_noarchive":false,"robots_nosnippet":false,"robots_nofollow":false,"robots_noimageindex":false,"robots_noodp":false,"robots_notranslate":false,"robots_max_snippet":null,"robots_max_videopreview":null,"robots_max_imagepreview":"none","priority":null,"frequency":null,"local_seo":null,"seo_analyzer_scan_date":"2026-06-02 04:31:52","breadcrumb_settings":null,"limit_modified_date":false,"open_ai":null,"ai":null,"created":"2020-11-14 22:54:14","updated":"2026-06-02 04:31:52","focus_keyword":null,"additional_keywords":null,"truseo_locale":null},"aioseo_breadcrumb":"<div class=\"aioseo-breadcrumbs\"><span class=\"aioseo-breadcrumb\">\n\t<a href=\"https:\/\/www.eldigitaldeasturias.com\/noticias\" title=\"Home\">Home<\/a>\n<\/span><span class=\"aioseo-breadcrumb-separator\">\u2013<\/span><span class=\"aioseo-breadcrumb\">\n\t<a href=\"https:\/\/www.eldigitaldeasturias.com\/noticias\/category\/actualidad\/\" title=\"Actualidad\">Actualidad<\/a>\n<\/span><span class=\"aioseo-breadcrumb-separator\">\u2013<\/span><span class=\"aioseo-breadcrumb\">\n\t<a href=\"https:\/\/www.eldigitaldeasturias.com\/noticias\/siria-ucrania-e-iran-temas-centrales-de-la-conferencia-seguridad-munich\/\" title=\"Siria, Ucrania e Ir\u00e1n, temas centrales de la Conferencia Seguridad M\u00fanich\">Siria, Ucrania e Ir\u00e1n, temas centrales de la Conferencia Seguridad M\u00fanich<\/a>\n<\/span><\/div>","aioseo_breadcrumb_json":[{"label":"Home","link":"https:\/\/www.eldigitaldeasturias.com\/noticias"},{"label":"Actualidad","link":"https:\/\/www.eldigitaldeasturias.com\/noticias\/category\/actualidad\/"},{"label":"Siria, Ucrania e Ir\u00e1n, temas centrales de la Conferencia Seguridad M\u00fanich","link":"https:\/\/www.eldigitaldeasturias.com\/noticias\/siria-ucrania-e-iran-temas-centrales-de-la-conferencia-seguridad-munich\/"}],"_links":{"self":[{"href":"https:\/\/www.eldigitaldeasturias.com\/noticias\/wp-json\/wp\/v2\/posts\/480683","targetHints":{"allow":["GET"]}}],"collection":[{"href":"https:\/\/www.eldigitaldeasturias.com\/noticias\/wp-json\/wp\/v2\/posts"}],"about":[{"href":"https:\/\/www.eldigitaldeasturias.com\/noticias\/wp-json\/wp\/v2\/types\/post"}],"author":[{"embeddable":true,"href":"https:\/\/www.eldigitaldeasturias.com\/noticias\/wp-json\/wp\/v2\/users\/1"}],"replies":[{"embeddable":true,"href":"https:\/\/www.eldigitaldeasturias.com\/noticias\/wp-json\/wp\/v2\/comments?post=480683"}],"version-history":[{"count":0,"href":"https:\/\/www.eldigitaldeasturias.com\/noticias\/wp-json\/wp\/v2\/posts\/480683\/revisions"}],"wp:attachment":[{"href":"https:\/\/www.eldigitaldeasturias.com\/noticias\/wp-json\/wp\/v2\/media?parent=480683"}],"wp:term":[{"taxonomy":"category","embeddable":true,"href":"https:\/\/www.eldigitaldeasturias.com\/noticias\/wp-json\/wp\/v2\/categories?post=480683"},{"taxonomy":"post_tag","embeddable":true,"href":"https:\/\/www.eldigitaldeasturias.com\/noticias\/wp-json\/wp\/v2\/tags?post=480683"}],"curies":[{"name":"wp","href":"https:\/\/api.w.org\/{rel}","templated":true}]}}