{"id":480677,"date":"2014-01-30T23:09:58","date_gmt":"2014-01-31T00:09:58","guid":{"rendered":"http:\/\/www.eldigitaldeasturias.com\/noticias\/?p=480677"},"modified":"2014-01-30T23:09:58","modified_gmt":"2014-01-31T00:09:58","slug":"el-santos-recurre-a-la-justicia-por-acuerdos-del-padre-de-neymar-con-el-barca","status":"publish","type":"post","link":"https:\/\/www.eldigitaldeasturias.com\/noticias\/el-santos-recurre-a-la-justicia-por-acuerdos-del-padre-de-neymar-con-el-barca\/","title":{"rendered":"El Santos recurre a la Justicia por acuerdos del padre de Neymar con el Bar\u00e7a"},"content":{"rendered":"<p><img loading=\"lazy\" decoding=\"async\" class=\"alignleft size-medium wp-image-440328\" alt=\"neymar\" src=\"https:\/\/www.eldigitaldeasturias.com\/noticias\/wp-content\/uploads\/2013\/10\/neymar-360x240.jpg\" width=\"360\" height=\"240\" \/>Santos (Brasil), 30 ene (dpa) &#8211; El Santos brasile\u00f1o decidi\u00f3 recurrir a la Justicia para acceder a los acuerdos comerciales relativos al traspaso del delantero Neymar al Barcelona, acordado en 2011 y concretado en mayo del a\u00f1o pasado.<\/p>\n<p>El recurso a la Justicia fue anunciado por el presidente en ejercicio del club, Odilio Rodrigues, despu\u00e9s de una reuni\u00f3n sostenida en la noche del martes con el padre y representante del jugador, Neymar Silva Santos, quien se neg\u00f3 a exhibir los documentos.<\/p>\n<p>Rodrigues inform\u00f3 a la prensa que, durante el encuentro, pidi\u00f3 ver los papeles del acuerdo firmado en 2011, para \u00abentender\u00bb por qu\u00e9 Neymar padre recibi\u00f3 40 millones de euros (unos 54 millones de d\u00f3lares) por el traspaso de su hijo al Bar\u00e7a, mientras que el Santos y los dem\u00e1s propietarios de los derechos federativos del delantero recibieron s\u00f3lo 17,1 millones de euros.<\/p>\n<p>Seg\u00fan el dirigente, el padre de Neymar se neg\u00f3 a revelar los documentos: \u00ab\u00c9l aleg\u00f3 que hay una cl\u00e1usula de confidencialidad, por lo cual no lo puede exhibir (el acuerdo). (Pero) existe un camino para que podamos enterarnos\u00bb, dijo Rodrigues, aludiendo al recurso a la Justicia.<\/p>\n<p>El martes pasado, Silva Santos confirm\u00f3 en una rueda de prensa que recibi\u00f3 del Barcelona 40 millones de euros por el fichaje de su hijo.<\/p>\n<p>De este total, diez millones de euros fueron transferidos en noviembre de 2011 a la cuenta de su empresa, y el restante fue pagado en mayo del a\u00f1o pasado, cuando se concret\u00f3 el negocio.<\/p>\n<p>Seg\u00fan Neymar padre, el primer pago correspondi\u00f3 a \u00abun pr\u00e9stamo\u00bb, ya que, de no haberse concretado el pase del delantero, tendr\u00eda que devolver los diez millones de euros al Barcelona, y adem\u00e1s pagarle al club catal\u00e1n una \u00abindemnizaci\u00f3n\u00bb por otros 30 millones de euros.<\/p>\n<p>El Barcelona, a cambio, se comprometi\u00f3 a pagarle 30 millones de euros m\u00e1s al padre del jugador en el momento de la concretaci\u00f3n del fichaje.<\/p>\n<p>\u00abHicimos un acuerdo y lo mantuvimos. Yo corr\u00ed riesgos en esta situaci\u00f3n. Con los diez millones (de euros del adelanto) hice un seguro, para poder pagar los 40 millones si \u00e9l se lesionaba\u00bb, afirm\u00f3 el padre del delantero, quien asegur\u00f3 que el acuerdo no fue un \u00abprecontrato\u00bb, y neg\u00f3 que hubiese \u00abenga\u00f1ado\u00bb al Santos.<\/p>\n<p>Silva Santos asegur\u00f3 asimismo que todo el negocio fue legal, y que no debe nada al fisco, ni de Espa\u00f1a ni de Brasil.<\/p>\n<p>Pese a ello, el Ministerio P\u00fablico brasile\u00f1o anunci\u00f3 este mi\u00e9rcoles que iniciar\u00e1 una investigaci\u00f3n para verificar si el padre y representante de Neymar pag\u00f3 todos los impuestos relativos a los 40 millones de euros que admiti\u00f3 haber recibido del Barcelona.<\/p>\n","protected":false},"excerpt":{"rendered":"<p>Santos (Brasil), 30 ene (dpa) &#8211; El Santos brasile\u00f1o decidi\u00f3 recurrir a la Justicia para acceder a los acuerdos comerciales relativos al traspaso del delantero Neymar al Barcelona, acordado en 2011 y concretado en mayo del a\u00f1o pasado. El recurso a la Justicia fue anunciado por el presidente en ejercicio del club, Odilio Rodrigues, despu\u00e9s [&hellip;]<\/p>\n","protected":false},"author":1,"featured_media":440328,"comment_status":"closed","ping_status":"open","sticky":false,"template":"","format":"standard","meta":{"footnotes":""},"categories":[1],"tags":[],"class_list":["post-480677","post","type-post","status-publish","format-standard","has-post-thumbnail","hentry","category-actualidad"],"aioseo_notices":[],"aioseo_head":"\n\t\t<!-- All in One SEO Pro 5.0.1 - aioseo.com -->\n\t<meta name=\"description\" content=\"Santos (Brasil), 30 ene (dpa) - El Santos brasile\u00f1o decidi\u00f3 recurrir a la Justicia para acceder a los acuerdos comerciales relativos al traspaso del delantero Neymar al Barcelona, acordado en 2011 y concretado en mayo del a\u00f1o pasado. El recurso a la Justicia fue anunciado por el presidente en ejercicio del club, Odilio Rodrigues, despu\u00e9s\" \/>\n\t<meta name=\"robots\" content=\"max-image-preview:large\" \/>\n\t<meta name=\"author\" content=\"El Digital de Asturias\"\/>\n\t<meta name=\"google-site-verification\" content=\"UA-38556648-1\" \/>\n\t<meta name=\"msvalidate.01\" content=\"7dfe9f3f1b24437ab69f4f2559babe99\" \/>\n\t<meta name=\"keywords\" content=\"actualidad\" \/>\n\t<link rel=\"canonical\" href=\"https:\/\/www.eldigitaldeasturias.com\/noticias\/el-santos-recurre-a-la-justicia-por-acuerdos-del-padre-de-neymar-con-el-barca\/\" \/>\n\t<meta name=\"generator\" content=\"All in One SEO Pro (AIOSEO) 5.0.1\" \/>\n\t\t<meta property=\"og:locale\" content=\"es_ES\" \/>\n\t\t<meta property=\"og:site_name\" content=\"El Digital de Asturias\" \/>\n\t\t<meta property=\"og:type\" content=\"article\" \/>\n\t\t<meta property=\"og:title\" content=\"El Santos recurre a la Justicia por acuerdos del padre de Neymar con el Bar\u00e7a - El Digital de Asturias\" \/>\n\t\t<meta property=\"og:description\" content=\"Santos (Brasil), 30 ene (dpa) - El Santos brasile\u00f1o decidi\u00f3 recurrir a la Justicia para acceder a los acuerdos comerciales relativos al traspaso del delantero Neymar al Barcelona, acordado en 2011 y concretado en mayo del a\u00f1o pasado. El recurso a la Justicia fue anunciado por el presidente en ejercicio del club, Odilio Rodrigues, despu\u00e9s\" \/>\n\t\t<meta property=\"og:url\" content=\"https:\/\/www.eldigitaldeasturias.com\/noticias\/el-santos-recurre-a-la-justicia-por-acuerdos-del-padre-de-neymar-con-el-barca\/\" \/>\n\t\t<meta property=\"article:tag\" content=\"actualidad\" \/>\n\t\t<meta property=\"article:published_time\" content=\"2014-01-31T00:09:58+00:00\" \/>\n\t\t<meta property=\"article:modified_time\" content=\"2014-01-31T00:09:58+00:00\" \/>\n\t\t<meta property=\"article:publisher\" content=\"https:\/\/facebook.com\/eldigitaldeasturias\" \/>\n\t\t<meta name=\"twitter:card\" content=\"summary_large_image\" \/>\n\t\t<meta name=\"twitter:title\" content=\"El Santos recurre a la Justicia por acuerdos del padre de Neymar con el Bar\u00e7a - El Digital de Asturias\" \/>\n\t\t<meta name=\"twitter:description\" content=\"Santos (Brasil), 30 ene (dpa) - El Santos brasile\u00f1o decidi\u00f3 recurrir a la Justicia para acceder a los acuerdos comerciales relativos al traspaso del delantero Neymar al Barcelona, acordado en 2011 y concretado en mayo del a\u00f1o pasado. El recurso a la Justicia fue anunciado por el presidente en ejercicio del club, Odilio Rodrigues, despu\u00e9s\" \/>\n\t\t<meta name=\"twitter:label1\" content=\"Escrito por\" \/>\n\t\t<meta name=\"twitter:data1\" content=\"El Digital de Asturias\" \/>\n\t\t<meta name=\"twitter:label2\" content=\"Tiempo de lectura estimado\" \/>\n\t\t<meta name=\"twitter:data2\" content=\"2 minutos\" \/>\n\t\t<script type=\"application\/ld+json\" class=\"aioseo-schema\">\n\t\t\t{\"@context\":\"https:\\\/\\\/schema.org\",\"@graph\":[{\"@type\":\"BlogPosting\",\"@id\":\"https:\\\/\\\/www.eldigitaldeasturias.com\\\/noticias\\\/el-santos-recurre-a-la-justicia-por-acuerdos-del-padre-de-neymar-con-el-barca\\\/#blogposting\",\"name\":\"El Santos recurre a la Justicia por acuerdos del padre de Neymar con el Bar\\u00e7a - El Digital de Asturias\",\"headline\":\"El Santos recurre a la Justicia por acuerdos del padre de Neymar con el Bar\\u00e7a\",\"author\":{\"@id\":\"https:\\\/\\\/www.eldigitaldeasturias.com\\\/noticias\\\/author\\\/admin\\\/#author\"},\"publisher\":{\"@id\":\"https:\\\/\\\/www.eldigitaldeasturias.com\\\/noticias\\\/#organization\"},\"image\":{\"@type\":\"ImageObject\",\"url\":440328},\"datePublished\":\"2014-01-30T23:09:58+01:00\",\"dateModified\":\"2014-01-30T23:09:58+01:00\",\"inLanguage\":\"es-ES\",\"mainEntityOfPage\":{\"@id\":\"https:\\\/\\\/www.eldigitaldeasturias.com\\\/noticias\\\/el-santos-recurre-a-la-justicia-por-acuerdos-del-padre-de-neymar-con-el-barca\\\/#webpage\"},\"isPartOf\":{\"@id\":\"https:\\\/\\\/www.eldigitaldeasturias.com\\\/noticias\\\/el-santos-recurre-a-la-justicia-por-acuerdos-del-padre-de-neymar-con-el-barca\\\/#webpage\"},\"articleSection\":\"Actualidad\"},{\"@type\":\"BreadcrumbList\",\"@id\":\"https:\\\/\\\/www.eldigitaldeasturias.com\\\/noticias\\\/el-santos-recurre-a-la-justicia-por-acuerdos-del-padre-de-neymar-con-el-barca\\\/#breadcrumblist\",\"itemListElement\":[{\"@type\":\"ListItem\",\"@id\":\"https:\\\/\\\/www.eldigitaldeasturias.com\\\/noticias#listItem\",\"position\":1,\"name\":\"Home\",\"item\":\"https:\\\/\\\/www.eldigitaldeasturias.com\\\/noticias\",\"nextItem\":{\"@type\":\"ListItem\",\"@id\":\"https:\\\/\\\/www.eldigitaldeasturias.com\\\/noticias\\\/category\\\/actualidad\\\/#listItem\",\"name\":\"Actualidad\"}},{\"@type\":\"ListItem\",\"@id\":\"https:\\\/\\\/www.eldigitaldeasturias.com\\\/noticias\\\/category\\\/actualidad\\\/#listItem\",\"position\":2,\"name\":\"Actualidad\",\"item\":\"https:\\\/\\\/www.eldigitaldeasturias.com\\\/noticias\\\/category\\\/actualidad\\\/\",\"nextItem\":{\"@type\":\"ListItem\",\"@id\":\"https:\\\/\\\/www.eldigitaldeasturias.com\\\/noticias\\\/el-santos-recurre-a-la-justicia-por-acuerdos-del-padre-de-neymar-con-el-barca\\\/#listItem\",\"name\":\"El Santos recurre a la Justicia por acuerdos del padre de Neymar con el Bar\\u00e7a\"},\"previousItem\":{\"@type\":\"ListItem\",\"@id\":\"https:\\\/\\\/www.eldigitaldeasturias.com\\\/noticias#listItem\",\"name\":\"Home\"}},{\"@type\":\"ListItem\",\"@id\":\"https:\\\/\\\/www.eldigitaldeasturias.com\\\/noticias\\\/el-santos-recurre-a-la-justicia-por-acuerdos-del-padre-de-neymar-con-el-barca\\\/#listItem\",\"position\":3,\"name\":\"El Santos recurre a la Justicia por acuerdos del padre de Neymar con el Bar\\u00e7a\",\"previousItem\":{\"@type\":\"ListItem\",\"@id\":\"https:\\\/\\\/www.eldigitaldeasturias.com\\\/noticias\\\/category\\\/actualidad\\\/#listItem\",\"name\":\"Actualidad\"}}]},{\"@type\":\"Organization\",\"@id\":\"https:\\\/\\\/www.eldigitaldeasturias.com\\\/noticias\\\/#organization\",\"name\":\"El Digital de Asturias\",\"description\":\"Hemeroteca\",\"url\":\"https:\\\/\\\/www.eldigitaldeasturias.com\\\/noticias\\\/\",\"email\":\"info@eldigitaldeasturias.com\",\"telephone\":\"+34652131393\",\"logo\":{\"@type\":\"ImageObject\",\"url\":\"https:\\\/\\\/www.eldigitaldeasturias.com\\\/noticias\\\/wp-content\\\/uploads\\\/2020\\\/12\\\/EDA.jpg\",\"@id\":\"https:\\\/\\\/www.eldigitaldeasturias.com\\\/noticias\\\/el-santos-recurre-a-la-justicia-por-acuerdos-del-padre-de-neymar-con-el-barca\\\/#organizationLogo\"},\"image\":{\"@id\":\"https:\\\/\\\/www.eldigitaldeasturias.com\\\/noticias\\\/el-santos-recurre-a-la-justicia-por-acuerdos-del-padre-de-neymar-con-el-barca\\\/#organizationLogo\"},\"sameAs\":[\"https:\\\/\\\/facebook.com\\\/eldigitaldeasturias\",\"https:\\\/\\\/www.youtube.com\\\/channel\\\/UCZP-2wLEB9Rv6erhFmqVnvg\"],\"address\":{\"@id\":\"https:\\\/\\\/www.eldigitaldeasturias.com\\\/noticias\\\/#postaladdress\",\"@type\":\"PostalAddress\",\"streetAddress\":\"san antonio 4\",\"postalCode\":\"33430\",\"addressLocality\":\"Cand\\u00e1s\",\"addressRegion\":\"Asturias\",\"addressCountry\":\"ES\"}},{\"@type\":\"Person\",\"@id\":\"https:\\\/\\\/www.eldigitaldeasturias.com\\\/noticias\\\/author\\\/admin\\\/#author\",\"url\":\"https:\\\/\\\/www.eldigitaldeasturias.com\\\/noticias\\\/author\\\/admin\\\/\",\"name\":\"El Digital de Asturias\",\"image\":{\"@type\":\"ImageObject\",\"@id\":\"https:\\\/\\\/www.eldigitaldeasturias.com\\\/noticias\\\/el-santos-recurre-a-la-justicia-por-acuerdos-del-padre-de-neymar-con-el-barca\\\/#authorImage\",\"url\":\"https:\\\/\\\/secure.gravatar.com\\\/avatar\\\/df2aeffc32bcd13f8d26072ef8a91b623d677766deac7f97ca815868cd41bf5e?s=96&d=mm&r=g\",\"width\":96,\"height\":96,\"caption\":\"El Digital de Asturias\"}},{\"@type\":\"WebPage\",\"@id\":\"https:\\\/\\\/www.eldigitaldeasturias.com\\\/noticias\\\/el-santos-recurre-a-la-justicia-por-acuerdos-del-padre-de-neymar-con-el-barca\\\/#webpage\",\"url\":\"https:\\\/\\\/www.eldigitaldeasturias.com\\\/noticias\\\/el-santos-recurre-a-la-justicia-por-acuerdos-del-padre-de-neymar-con-el-barca\\\/\",\"name\":\"El Santos recurre a la Justicia por acuerdos del padre de Neymar con el Bar\\u00e7a - El Digital de Asturias\",\"description\":\"Santos (Brasil), 30 ene (dpa) - El Santos brasile\\u00f1o decidi\\u00f3 recurrir a la Justicia para acceder a los acuerdos comerciales relativos al traspaso del delantero Neymar al Barcelona, acordado en 2011 y concretado en mayo del a\\u00f1o pasado. El recurso a la Justicia fue anunciado por el presidente en ejercicio del club, Odilio Rodrigues, despu\\u00e9s\",\"inLanguage\":\"es-ES\",\"isPartOf\":{\"@id\":\"https:\\\/\\\/www.eldigitaldeasturias.com\\\/noticias\\\/#website\"},\"breadcrumb\":{\"@id\":\"https:\\\/\\\/www.eldigitaldeasturias.com\\\/noticias\\\/el-santos-recurre-a-la-justicia-por-acuerdos-del-padre-de-neymar-con-el-barca\\\/#breadcrumblist\"},\"author\":{\"@id\":\"https:\\\/\\\/www.eldigitaldeasturias.com\\\/noticias\\\/author\\\/admin\\\/#author\"},\"creator\":{\"@id\":\"https:\\\/\\\/www.eldigitaldeasturias.com\\\/noticias\\\/author\\\/admin\\\/#author\"},\"image\":{\"@type\":\"ImageObject\",\"url\":440328,\"@id\":\"https:\\\/\\\/www.eldigitaldeasturias.com\\\/noticias\\\/el-santos-recurre-a-la-justicia-por-acuerdos-del-padre-de-neymar-con-el-barca\\\/#mainImage\"},\"primaryImageOfPage\":{\"@id\":\"https:\\\/\\\/www.eldigitaldeasturias.com\\\/noticias\\\/el-santos-recurre-a-la-justicia-por-acuerdos-del-padre-de-neymar-con-el-barca\\\/#mainImage\"},\"datePublished\":\"2014-01-30T23:09:58+01:00\",\"dateModified\":\"2014-01-30T23:09:58+01:00\"},{\"@type\":\"WebSite\",\"@id\":\"https:\\\/\\\/www.eldigitaldeasturias.com\\\/noticias\\\/#website\",\"url\":\"https:\\\/\\\/www.eldigitaldeasturias.com\\\/noticias\\\/\",\"name\":\"El Digital de Asturias - Diario de actualidad y noticias\",\"alternateName\":\"El Digital de Asturias - Diario de actualidad y noticias\",\"description\":\"Hemeroteca\",\"inLanguage\":\"es-ES\",\"publisher\":{\"@id\":\"https:\\\/\\\/www.eldigitaldeasturias.com\\\/noticias\\\/#organization\"}}]}\n\t\t<\/script>\n\t\t<!-- All in One SEO Pro -->\r\n\t\t<title>El Santos recurre a la Justicia por acuerdos del padre de Neymar con el Bar\u00e7a - El Digital de Asturias<\/title>\n\n","aioseo_head_json":{"title":"El Santos recurre a la Justicia por acuerdos del padre de Neymar con el Bar\u00e7a - El Digital de Asturias","description":"Santos (Brasil), 30 ene (dpa) - El Santos brasile\u00f1o decidi\u00f3 recurrir a la Justicia para acceder a los acuerdos comerciales relativos al traspaso del delantero Neymar al Barcelona, acordado en 2011 y concretado en mayo del a\u00f1o pasado. El recurso a la Justicia fue anunciado por el presidente en ejercicio del club, Odilio Rodrigues, despu\u00e9s","canonical_url":"https:\/\/www.eldigitaldeasturias.com\/noticias\/el-santos-recurre-a-la-justicia-por-acuerdos-del-padre-de-neymar-con-el-barca\/","robots":"max-image-preview:large","keywords":"actualidad","webmasterTools":{"google-site-verification":"UA-38556648-1","msvalidate.01":"7dfe9f3f1b24437ab69f4f2559babe99","miscellaneous":""},"schema":{"@context":"https:\/\/schema.org","@graph":[{"@type":"BlogPosting","@id":"https:\/\/www.eldigitaldeasturias.com\/noticias\/el-santos-recurre-a-la-justicia-por-acuerdos-del-padre-de-neymar-con-el-barca\/#blogposting","name":"El Santos recurre a la Justicia por acuerdos del padre de Neymar con el Bar\u00e7a - El Digital de Asturias","headline":"El Santos recurre a la Justicia por acuerdos del padre de Neymar con el Bar\u00e7a","author":{"@id":"https:\/\/www.eldigitaldeasturias.com\/noticias\/author\/admin\/#author"},"publisher":{"@id":"https:\/\/www.eldigitaldeasturias.com\/noticias\/#organization"},"image":{"@type":"ImageObject","url":440328},"datePublished":"2014-01-30T23:09:58+01:00","dateModified":"2014-01-30T23:09:58+01:00","inLanguage":"es-ES","mainEntityOfPage":{"@id":"https:\/\/www.eldigitaldeasturias.com\/noticias\/el-santos-recurre-a-la-justicia-por-acuerdos-del-padre-de-neymar-con-el-barca\/#webpage"},"isPartOf":{"@id":"https:\/\/www.eldigitaldeasturias.com\/noticias\/el-santos-recurre-a-la-justicia-por-acuerdos-del-padre-de-neymar-con-el-barca\/#webpage"},"articleSection":"Actualidad"},{"@type":"BreadcrumbList","@id":"https:\/\/www.eldigitaldeasturias.com\/noticias\/el-santos-recurre-a-la-justicia-por-acuerdos-del-padre-de-neymar-con-el-barca\/#breadcrumblist","itemListElement":[{"@type":"ListItem","@id":"https:\/\/www.eldigitaldeasturias.com\/noticias#listItem","position":1,"name":"Home","item":"https:\/\/www.eldigitaldeasturias.com\/noticias","nextItem":{"@type":"ListItem","@id":"https:\/\/www.eldigitaldeasturias.com\/noticias\/category\/actualidad\/#listItem","name":"Actualidad"}},{"@type":"ListItem","@id":"https:\/\/www.eldigitaldeasturias.com\/noticias\/category\/actualidad\/#listItem","position":2,"name":"Actualidad","item":"https:\/\/www.eldigitaldeasturias.com\/noticias\/category\/actualidad\/","nextItem":{"@type":"ListItem","@id":"https:\/\/www.eldigitaldeasturias.com\/noticias\/el-santos-recurre-a-la-justicia-por-acuerdos-del-padre-de-neymar-con-el-barca\/#listItem","name":"El Santos recurre a la Justicia por acuerdos del padre de Neymar con el Bar\u00e7a"},"previousItem":{"@type":"ListItem","@id":"https:\/\/www.eldigitaldeasturias.com\/noticias#listItem","name":"Home"}},{"@type":"ListItem","@id":"https:\/\/www.eldigitaldeasturias.com\/noticias\/el-santos-recurre-a-la-justicia-por-acuerdos-del-padre-de-neymar-con-el-barca\/#listItem","position":3,"name":"El Santos recurre a la Justicia por acuerdos del padre de Neymar con el Bar\u00e7a","previousItem":{"@type":"ListItem","@id":"https:\/\/www.eldigitaldeasturias.com\/noticias\/category\/actualidad\/#listItem","name":"Actualidad"}}]},{"@type":"Organization","@id":"https:\/\/www.eldigitaldeasturias.com\/noticias\/#organization","name":"El Digital de Asturias","description":"Hemeroteca","url":"https:\/\/www.eldigitaldeasturias.com\/noticias\/","email":"info@eldigitaldeasturias.com","telephone":"+34652131393","logo":{"@type":"ImageObject","url":"https:\/\/www.eldigitaldeasturias.com\/noticias\/wp-content\/uploads\/2020\/12\/EDA.jpg","@id":"https:\/\/www.eldigitaldeasturias.com\/noticias\/el-santos-recurre-a-la-justicia-por-acuerdos-del-padre-de-neymar-con-el-barca\/#organizationLogo"},"image":{"@id":"https:\/\/www.eldigitaldeasturias.com\/noticias\/el-santos-recurre-a-la-justicia-por-acuerdos-del-padre-de-neymar-con-el-barca\/#organizationLogo"},"sameAs":["https:\/\/facebook.com\/eldigitaldeasturias","https:\/\/www.youtube.com\/channel\/UCZP-2wLEB9Rv6erhFmqVnvg"],"address":{"@id":"https:\/\/www.eldigitaldeasturias.com\/noticias\/#postaladdress","@type":"PostalAddress","streetAddress":"san antonio 4","postalCode":"33430","addressLocality":"Cand\u00e1s","addressRegion":"Asturias","addressCountry":"ES"}},{"@type":"Person","@id":"https:\/\/www.eldigitaldeasturias.com\/noticias\/author\/admin\/#author","url":"https:\/\/www.eldigitaldeasturias.com\/noticias\/author\/admin\/","name":"El Digital de Asturias","image":{"@type":"ImageObject","@id":"https:\/\/www.eldigitaldeasturias.com\/noticias\/el-santos-recurre-a-la-justicia-por-acuerdos-del-padre-de-neymar-con-el-barca\/#authorImage","url":"https:\/\/secure.gravatar.com\/avatar\/df2aeffc32bcd13f8d26072ef8a91b623d677766deac7f97ca815868cd41bf5e?s=96&d=mm&r=g","width":96,"height":96,"caption":"El Digital de Asturias"}},{"@type":"WebPage","@id":"https:\/\/www.eldigitaldeasturias.com\/noticias\/el-santos-recurre-a-la-justicia-por-acuerdos-del-padre-de-neymar-con-el-barca\/#webpage","url":"https:\/\/www.eldigitaldeasturias.com\/noticias\/el-santos-recurre-a-la-justicia-por-acuerdos-del-padre-de-neymar-con-el-barca\/","name":"El Santos recurre a la Justicia por acuerdos del padre de Neymar con el Bar\u00e7a - El Digital de Asturias","description":"Santos (Brasil), 30 ene (dpa) - El Santos brasile\u00f1o decidi\u00f3 recurrir a la Justicia para acceder a los acuerdos comerciales relativos al traspaso del delantero Neymar al Barcelona, acordado en 2011 y concretado en mayo del a\u00f1o pasado. El recurso a la Justicia fue anunciado por el presidente en ejercicio del club, Odilio Rodrigues, despu\u00e9s","inLanguage":"es-ES","isPartOf":{"@id":"https:\/\/www.eldigitaldeasturias.com\/noticias\/#website"},"breadcrumb":{"@id":"https:\/\/www.eldigitaldeasturias.com\/noticias\/el-santos-recurre-a-la-justicia-por-acuerdos-del-padre-de-neymar-con-el-barca\/#breadcrumblist"},"author":{"@id":"https:\/\/www.eldigitaldeasturias.com\/noticias\/author\/admin\/#author"},"creator":{"@id":"https:\/\/www.eldigitaldeasturias.com\/noticias\/author\/admin\/#author"},"image":{"@type":"ImageObject","url":440328,"@id":"https:\/\/www.eldigitaldeasturias.com\/noticias\/el-santos-recurre-a-la-justicia-por-acuerdos-del-padre-de-neymar-con-el-barca\/#mainImage"},"primaryImageOfPage":{"@id":"https:\/\/www.eldigitaldeasturias.com\/noticias\/el-santos-recurre-a-la-justicia-por-acuerdos-del-padre-de-neymar-con-el-barca\/#mainImage"},"datePublished":"2014-01-30T23:09:58+01:00","dateModified":"2014-01-30T23:09:58+01:00"},{"@type":"WebSite","@id":"https:\/\/www.eldigitaldeasturias.com\/noticias\/#website","url":"https:\/\/www.eldigitaldeasturias.com\/noticias\/","name":"El Digital de Asturias - Diario de actualidad y noticias","alternateName":"El Digital de Asturias - Diario de actualidad y noticias","description":"Hemeroteca","inLanguage":"es-ES","publisher":{"@id":"https:\/\/www.eldigitaldeasturias.com\/noticias\/#organization"}}]},"og:locale":"es_ES","og:site_name":"El Digital de Asturias","og:type":"article","og:title":"El Santos recurre a la Justicia por acuerdos del padre de Neymar con el Bar\u00e7a - El Digital de Asturias","og:description":"Santos (Brasil), 30 ene (dpa) - El Santos brasile\u00f1o decidi\u00f3 recurrir a la Justicia para acceder a los acuerdos comerciales relativos al traspaso del delantero Neymar al Barcelona, acordado en 2011 y concretado en mayo del a\u00f1o pasado. El recurso a la Justicia fue anunciado por el presidente en ejercicio del club, Odilio Rodrigues, despu\u00e9s","og:url":"https:\/\/www.eldigitaldeasturias.com\/noticias\/el-santos-recurre-a-la-justicia-por-acuerdos-del-padre-de-neymar-con-el-barca\/","article:tag":["actualidad"],"article:published_time":"2014-01-31T00:09:58+00:00","article:modified_time":"2014-01-31T00:09:58+00:00","article:publisher":"https:\/\/facebook.com\/eldigitaldeasturias","twitter:card":"summary_large_image","twitter:title":"El Santos recurre a la Justicia por acuerdos del padre de Neymar con el Bar\u00e7a - El Digital de Asturias","twitter:description":"Santos (Brasil), 30 ene (dpa) - El Santos brasile\u00f1o decidi\u00f3 recurrir a la Justicia para acceder a los acuerdos comerciales relativos al traspaso del delantero Neymar al Barcelona, acordado en 2011 y concretado en mayo del a\u00f1o pasado. El recurso a la Justicia fue anunciado por el presidente en ejercicio del club, Odilio Rodrigues, despu\u00e9s","twitter:label1":"Escrito por","twitter:data1":"El Digital de Asturias","twitter:label2":"Tiempo de lectura estimado","twitter:data2":"2 minutos"},"aioseo_meta_data":{"post_id":"480677","title":null,"description":null,"keywords":null,"keyphrases":null,"primary_term":null,"canonical_url":null,"og_title":null,"og_description":null,"og_object_type":"default","og_image_type":"default","og_image_url":null,"og_image_width":null,"og_image_height":null,"og_image_custom_url":null,"og_image_custom_fields":null,"og_video":null,"og_custom_url":null,"og_article_section":null,"og_article_tags":null,"twitter_use_og":true,"twitter_card":"default","twitter_image_type":"default","twitter_image_url":null,"twitter_image_custom_url":null,"twitter_image_custom_fields":null,"twitter_title":null,"twitter_description":null,"schema":{"blockGraphs":[],"customGraphs":[],"default":{"data":{"Article":[],"Course":[],"Dataset":[],"FAQPage":[],"Movie":[],"Person":[],"Product":[],"ProductReview":[],"Car":[],"Recipe":[],"Service":[],"SoftwareApplication":[],"WebPage":[]},"graphName":"","isEnabled":true},"graphs":[],"defaultGraph":"","defaultPostTypeGraph":""},"schema_type":null,"schema_type_options":null,"pillar_content":false,"robots_default":true,"robots_noindex":false,"robots_noarchive":false,"robots_nosnippet":false,"robots_nofollow":false,"robots_noimageindex":false,"robots_noodp":false,"robots_notranslate":false,"robots_max_snippet":null,"robots_max_videopreview":null,"robots_max_imagepreview":"none","priority":null,"frequency":null,"local_seo":null,"seo_analyzer_scan_date":"2026-06-02 04:31:50","breadcrumb_settings":null,"limit_modified_date":false,"open_ai":null,"ai":null,"created":"2020-11-14 22:54:14","updated":"2026-06-02 04:31:50","focus_keyword":null,"additional_keywords":null,"truseo_locale":null},"aioseo_breadcrumb":"<div class=\"aioseo-breadcrumbs\"><span class=\"aioseo-breadcrumb\">\n\t<a href=\"https:\/\/www.eldigitaldeasturias.com\/noticias\" title=\"Home\">Home<\/a>\n<\/span><span class=\"aioseo-breadcrumb-separator\">\u2013<\/span><span class=\"aioseo-breadcrumb\">\n\t<a href=\"https:\/\/www.eldigitaldeasturias.com\/noticias\/category\/actualidad\/\" title=\"Actualidad\">Actualidad<\/a>\n<\/span><span class=\"aioseo-breadcrumb-separator\">\u2013<\/span><span class=\"aioseo-breadcrumb\">\n\t<a href=\"https:\/\/www.eldigitaldeasturias.com\/noticias\/el-santos-recurre-a-la-justicia-por-acuerdos-del-padre-de-neymar-con-el-barca\/\" title=\"El Santos recurre a la Justicia por acuerdos del padre de Neymar con el Bar\u00e7a\">El Santos recurre a la Justicia por acuerdos del padre de Neymar con el Bar\u00e7a<\/a>\n<\/span><\/div>","aioseo_breadcrumb_json":[{"label":"Home","link":"https:\/\/www.eldigitaldeasturias.com\/noticias"},{"label":"Actualidad","link":"https:\/\/www.eldigitaldeasturias.com\/noticias\/category\/actualidad\/"},{"label":"El Santos recurre a la Justicia por acuerdos del padre de Neymar con el Bar\u00e7a","link":"https:\/\/www.eldigitaldeasturias.com\/noticias\/el-santos-recurre-a-la-justicia-por-acuerdos-del-padre-de-neymar-con-el-barca\/"}],"_links":{"self":[{"href":"https:\/\/www.eldigitaldeasturias.com\/noticias\/wp-json\/wp\/v2\/posts\/480677","targetHints":{"allow":["GET"]}}],"collection":[{"href":"https:\/\/www.eldigitaldeasturias.com\/noticias\/wp-json\/wp\/v2\/posts"}],"about":[{"href":"https:\/\/www.eldigitaldeasturias.com\/noticias\/wp-json\/wp\/v2\/types\/post"}],"author":[{"embeddable":true,"href":"https:\/\/www.eldigitaldeasturias.com\/noticias\/wp-json\/wp\/v2\/users\/1"}],"replies":[{"embeddable":true,"href":"https:\/\/www.eldigitaldeasturias.com\/noticias\/wp-json\/wp\/v2\/comments?post=480677"}],"version-history":[{"count":0,"href":"https:\/\/www.eldigitaldeasturias.com\/noticias\/wp-json\/wp\/v2\/posts\/480677\/revisions"}],"wp:attachment":[{"href":"https:\/\/www.eldigitaldeasturias.com\/noticias\/wp-json\/wp\/v2\/media?parent=480677"}],"wp:term":[{"taxonomy":"category","embeddable":true,"href":"https:\/\/www.eldigitaldeasturias.com\/noticias\/wp-json\/wp\/v2\/categories?post=480677"},{"taxonomy":"post_tag","embeddable":true,"href":"https:\/\/www.eldigitaldeasturias.com\/noticias\/wp-json\/wp\/v2\/tags?post=480677"}],"curies":[{"name":"wp","href":"https:\/\/api.w.org\/{rel}","templated":true}]}}