{"id":480671,"date":"2014-01-30T22:59:48","date_gmt":"2014-01-30T23:59:48","guid":{"rendered":"http:\/\/www.eldigitaldeasturias.com\/noticias\/?p=480671"},"modified":"2014-01-30T22:59:48","modified_gmt":"2014-01-30T23:59:48","slug":"la-cumbre-historica-de-cuba-una-cita-de-acuerdos-minimos","status":"publish","type":"post","link":"https:\/\/www.eldigitaldeasturias.com\/noticias\/la-cumbre-historica-de-cuba-una-cita-de-acuerdos-minimos\/","title":{"rendered":"La \u00abcumbre hist\u00f3rica\u00bb de Cuba, una cita de acuerdos m\u00ednimos"},"content":{"rendered":"<p><img loading=\"lazy\" decoding=\"async\" class=\"alignleft size-medium wp-image-480096\" alt=\"5885578w\" src=\"https:\/\/www.eldigitaldeasturias.com\/noticias\/wp-content\/uploads\/2014\/01\/5885578w-360x235.jpg\" width=\"360\" height=\"235\" \/>La Habana, 30 ene (dpa) &#8211; M\u00e1s de 30 pa\u00edses, un solo bloque: la segunda cumbre de la CELAC cerrada el mi\u00e9rcoles en La Habana pasar\u00e1 a la historia no s\u00f3lo como una cita calificada de \u00abhist\u00f3rica\u00bb por todos los pa\u00edses latinoamericanos, sino como un encuentro que dej\u00f3 tambi\u00e9n patente la dif\u00edcil b\u00fasqueda de consensos en el continente. \u00abHasta Pi\u00f1era est\u00e1 de acuerdo\u00bb, coment\u00f3 en alg\u00fan momento del pleno el presidente anfitri\u00f3n, el veterano socialista cubano Ra\u00fal Castro, para mostrar su buena sinton\u00eda con el presidente de Chile, el conservador Sebasti\u00e1n Pi\u00f1era.<\/p>\n<p>El l\u00edder cubano se mostr\u00f3 siempre de buen \u00e1nimo en la cumbre que llev\u00f3 a la isla a 29 jefes de Estado y de gobierno.<\/p>\n<p>La segunda cumbre de la Comunidad de Estados Latinoamericanos y Caribe\u00f1os (CELAC) reuni\u00f3 en Cuba a 33 pa\u00edses del continente americano, todos con excepci\u00f3n de Estados Unidos y Canad\u00e1.<\/p>\n<p>La cita hab\u00eda sido interpretada de antemano como un espaldarazo al castrismo frente al embargo econ\u00f3mico al que Estados Unidos somete a la isla desde hace m\u00e1s de medio siglo. Todos los asistentes rechazaron las sanciones \u00abanacr\u00f3nicas\u00bb contra La Habana.<\/p>\n<p>\u00abNo habr\u00e1 verdadera integraci\u00f3n econ\u00f3mica en Am\u00e9rica Latina y el Caribe sin Cuba\u00bb, dijo la presidenta de Brasil, Dilma Rousseff, una de las m\u00e1s enf\u00e1ticas al defender al castrismo. Tambi\u00e9n el texto final de la cumbre, la Declaraci\u00f3n de La Habana, incluye la exigencia a Washington de que ponga fin al \u00abbloqueo\u00bb a Cuba.<\/p>\n<p>En otros puntos, sin embargo, prim\u00f3 una mayor cautela que refleja un acuerdo de m\u00ednimos en el bloque. Venezuela se hab\u00eda pronunciado antes de la cita por la incorporaci\u00f3n a la CELAC de Puerto Rico, un estado libre asociado de Estados Unidos, un tema que la declaraci\u00f3n recoge de manera mucho m\u00e1s comedida.<\/p>\n<p>\u00abReiteramos que (Puerto Rico) es asunto de inter\u00e9s de CELAC\u00bb, indica el texto tras reconocer a la isla caribe\u00f1a \u00fanicamente su \u00abcar\u00e1cter latinoamericano\u00bb.<\/p>\n<p>Otros participantes se distanciaron durante la sesi\u00f3n plenaria de la contraposici\u00f3n de la CELAC como alternativa a la Organizaci\u00f3n de Estados Americanos (OEA), el organismo hemisf\u00e9rico con sede en Washington al que sobre todos los pa\u00edses del eje bolivariano del ALBA acusan de ser un \u00abinstrumento de dominaci\u00f3n\u00bb de Estados Unidos. \u00abLa misi\u00f3n de CELAC no es oponerse ni competir con otras entidades existentes\u00bb, sostuvo durante su intervenci\u00f3n la presidenta de Costa Rica, Laura Chinchilla. El bloque \u00abno existe para buscar necesariamente enemigos sino para desarrollar iniciativas y desarrollar tambi\u00e9n mejores aliados\u00bb. Entre los asistentes a la cumbre estuvieron adem\u00e1s del secretario general de la ONU, Ban Ki-moon, el l\u00edder de la OEA, el chileno Jos\u00e9 Miguel Insulza, que mantuvo todo el tiempo un perfil bajo pese a celebrar un encuentro con Ra\u00fal Castro.<\/p>\n<p>Entre los \u00abimportantes acuerdos sobre temas trascendentales\u00bb destacados por el l\u00edder cubano en su discurso de clausura est\u00e1 la declaraci\u00f3n de Am\u00e9rica Latina como \u00abzona de paz\u00bb.<\/p>\n<p>La \u00abproclama\u00bb subraya el compromiso de los pa\u00edses de la CELAC de \u00abno intervenir directa o indirectamente\u00bb en asuntos internos de otros pa\u00edses y el respeto del \u00abderecho inalienable\u00bb de cada Estado a elegir su sistema pol\u00edtico.<\/p>\n<p>El texto satisface sobre todo las posiciones de Cuba, que acusa habitualmente a Estados Unidos de buscar el cambio de r\u00e9gimen en la isla y a los disidentes de ser \u00abmercenarios\u00bb financiados desde el extranjero para desestabilizar el pa\u00eds.<\/p>\n<p>En los d\u00edas previos, la oposici\u00f3n cubana report\u00f3 la detenci\u00f3n de decenas de activistas en medidas para evitar protestas durante la cita de la CELAC, seg\u00fan la Comisi\u00f3n Cubana de Derechos Humanos y Reconciliaci\u00f3n Nacional (CCDHRN).<\/p>\n<p>El grupo opositor fue recibido el mi\u00e9rcoles por diplom\u00e1ticos de Costa Rica, el \u00fanico pa\u00eds que respondi\u00f3 a una solicitud enviada antes de la cumbre a pa\u00edses como M\u00e9xico, Colombia, Uruguay y Chile, seg\u00fan la CCDHRN.<\/p>\n<p>Fue sobre todo en el plano bilateral donde se pudo ver resultados m\u00e1s concretos. La Habana sirvi\u00f3 de escenario para el primer encuentro cara a cara entre los presidentes de Chile, Sebasti\u00e1n Pi\u00f1era, y de Per\u00fa, Ollanta Humala, despu\u00e9s del fallo de la Corte Internacional de Justicia de La Haya que determin\u00f3 que Lima y Santiago deben volver a trazar su frontera mar\u00edtima.<\/p>\n<p>Ambos pa\u00edses, que tienen una vieja rivalidad desde la Guerra del Pac\u00edfico en el siglo XIX, se comprometieron durante una comparecencia conjunta a aplicar el fallo \u00aben los plazos m\u00e1s breves\u00bb y de \u00abforma gradual.<\/p>\n<p>Por Isaac Risco<\/p>\n","protected":false},"excerpt":{"rendered":"<p>La Habana, 30 ene (dpa) &#8211; M\u00e1s de 30 pa\u00edses, un solo bloque: la segunda cumbre de la CELAC cerrada el mi\u00e9rcoles en La Habana pasar\u00e1 a la historia no s\u00f3lo como una cita calificada de \u00abhist\u00f3rica\u00bb por todos los pa\u00edses latinoamericanos, sino como un encuentro que dej\u00f3 tambi\u00e9n patente la dif\u00edcil b\u00fasqueda de consensos [&hellip;]<\/p>\n","protected":false},"author":1,"featured_media":1132184,"comment_status":"closed","ping_status":"open","sticky":false,"template":"","format":"standard","meta":{"footnotes":""},"categories":[1],"tags":[],"class_list":["post-480671","post","type-post","status-publish","format-standard","has-post-thumbnail","hentry","category-actualidad"],"aioseo_notices":[],"aioseo_head":"\n\t\t<!-- All in One SEO Pro 5.0.1 - aioseo.com -->\n\t<meta name=\"description\" content=\"La Habana, 30 ene (dpa) - M\u00e1s de 30 pa\u00edses, un solo bloque: la segunda cumbre de la CELAC cerrada el mi\u00e9rcoles en La Habana pasar\u00e1 a la historia no s\u00f3lo como una cita calificada de &quot;hist\u00f3rica&quot; por todos los pa\u00edses latinoamericanos, sino como un encuentro que dej\u00f3 tambi\u00e9n patente la dif\u00edcil b\u00fasqueda de consensos\" \/>\n\t<meta name=\"robots\" content=\"max-image-preview:large\" \/>\n\t<meta name=\"author\" content=\"El Digital de Asturias\"\/>\n\t<meta name=\"google-site-verification\" content=\"UA-38556648-1\" \/>\n\t<meta name=\"msvalidate.01\" content=\"7dfe9f3f1b24437ab69f4f2559babe99\" \/>\n\t<meta name=\"keywords\" content=\"actualidad\" \/>\n\t<link rel=\"canonical\" href=\"https:\/\/www.eldigitaldeasturias.com\/noticias\/la-cumbre-historica-de-cuba-una-cita-de-acuerdos-minimos\/\" \/>\n\t<meta name=\"generator\" content=\"All in One SEO Pro (AIOSEO) 5.0.1\" \/>\n\t\t<meta property=\"og:locale\" content=\"es_ES\" \/>\n\t\t<meta property=\"og:site_name\" content=\"El Digital de Asturias\" \/>\n\t\t<meta property=\"og:type\" content=\"article\" \/>\n\t\t<meta property=\"og:title\" content=\"La \u00abcumbre hist\u00f3rica\u00bb de Cuba, una cita de acuerdos m\u00ednimos - El Digital de Asturias\" \/>\n\t\t<meta property=\"og:description\" content=\"La Habana, 30 ene (dpa) - M\u00e1s de 30 pa\u00edses, un solo bloque: la segunda cumbre de la CELAC cerrada el mi\u00e9rcoles en La Habana pasar\u00e1 a la historia no s\u00f3lo como una cita calificada de &quot;hist\u00f3rica&quot; por todos los pa\u00edses latinoamericanos, sino como un encuentro que dej\u00f3 tambi\u00e9n patente la dif\u00edcil b\u00fasqueda de consensos\" \/>\n\t\t<meta property=\"og:url\" content=\"https:\/\/www.eldigitaldeasturias.com\/noticias\/la-cumbre-historica-de-cuba-una-cita-de-acuerdos-minimos\/\" \/>\n\t\t<meta property=\"og:image\" content=\"https:\/\/www.eldigitaldeasturias.com\/noticias\/wp-content\/uploads\/2026\/06\/Contenidos.jpg\" \/>\n\t\t<meta property=\"og:image:secure_url\" content=\"https:\/\/www.eldigitaldeasturias.com\/noticias\/wp-content\/uploads\/2026\/06\/Contenidos.jpg\" \/>\n\t\t<meta property=\"og:image:width\" content=\"1265\" \/>\n\t\t<meta property=\"og:image:height\" content=\"697\" \/>\n\t\t<meta property=\"article:tag\" content=\"actualidad\" \/>\n\t\t<meta property=\"article:published_time\" content=\"2014-01-30T23:59:48+00:00\" \/>\n\t\t<meta property=\"article:modified_time\" content=\"2014-01-30T23:59:48+00:00\" \/>\n\t\t<meta property=\"article:publisher\" content=\"https:\/\/facebook.com\/eldigitaldeasturias\" \/>\n\t\t<meta name=\"twitter:card\" content=\"summary_large_image\" \/>\n\t\t<meta name=\"twitter:title\" content=\"La \u00abcumbre hist\u00f3rica\u00bb de Cuba, una cita de acuerdos m\u00ednimos - El Digital de Asturias\" \/>\n\t\t<meta name=\"twitter:description\" content=\"La Habana, 30 ene (dpa) - M\u00e1s de 30 pa\u00edses, un solo bloque: la segunda cumbre de la CELAC cerrada el mi\u00e9rcoles en La Habana pasar\u00e1 a la historia no s\u00f3lo como una cita calificada de &quot;hist\u00f3rica&quot; por todos los pa\u00edses latinoamericanos, sino como un encuentro que dej\u00f3 tambi\u00e9n patente la dif\u00edcil b\u00fasqueda de consensos\" \/>\n\t\t<meta name=\"twitter:image\" content=\"https:\/\/www.eldigitaldeasturias.com\/noticias\/wp-content\/uploads\/2026\/06\/Contenidos.jpg\" \/>\n\t\t<meta name=\"twitter:label1\" content=\"Escrito por\" \/>\n\t\t<meta name=\"twitter:data1\" content=\"El Digital de Asturias\" \/>\n\t\t<meta name=\"twitter:label2\" content=\"Tiempo de lectura estimado\" \/>\n\t\t<meta name=\"twitter:data2\" content=\"4 minutos\" \/>\n\t\t<script type=\"application\/ld+json\" class=\"aioseo-schema\">\n\t\t\t{\"@context\":\"https:\\\/\\\/schema.org\",\"@graph\":[{\"@type\":\"BlogPosting\",\"@id\":\"https:\\\/\\\/www.eldigitaldeasturias.com\\\/noticias\\\/la-cumbre-historica-de-cuba-una-cita-de-acuerdos-minimos\\\/#blogposting\",\"name\":\"La \\u00abcumbre hist\\u00f3rica\\u00bb de Cuba, una cita de acuerdos m\\u00ednimos - El Digital de Asturias\",\"headline\":\"La \\u00abcumbre hist\\u00f3rica\\u00bb de Cuba, una cita de acuerdos m\\u00ednimos\",\"author\":{\"@id\":\"https:\\\/\\\/www.eldigitaldeasturias.com\\\/noticias\\\/author\\\/admin\\\/#author\"},\"publisher\":{\"@id\":\"https:\\\/\\\/www.eldigitaldeasturias.com\\\/noticias\\\/#organization\"},\"image\":{\"@type\":\"ImageObject\",\"url\":\"https:\\\/\\\/www.eldigitaldeasturias.com\\\/noticias\\\/wp-content\\\/uploads\\\/2026\\\/06\\\/Contenidos.jpg\",\"width\":1265,\"height\":697,\"caption\":\"Contenidos\"},\"datePublished\":\"2014-01-30T22:59:48+01:00\",\"dateModified\":\"2014-01-30T22:59:48+01:00\",\"inLanguage\":\"es-ES\",\"mainEntityOfPage\":{\"@id\":\"https:\\\/\\\/www.eldigitaldeasturias.com\\\/noticias\\\/la-cumbre-historica-de-cuba-una-cita-de-acuerdos-minimos\\\/#webpage\"},\"isPartOf\":{\"@id\":\"https:\\\/\\\/www.eldigitaldeasturias.com\\\/noticias\\\/la-cumbre-historica-de-cuba-una-cita-de-acuerdos-minimos\\\/#webpage\"},\"articleSection\":\"Actualidad\"},{\"@type\":\"BreadcrumbList\",\"@id\":\"https:\\\/\\\/www.eldigitaldeasturias.com\\\/noticias\\\/la-cumbre-historica-de-cuba-una-cita-de-acuerdos-minimos\\\/#breadcrumblist\",\"itemListElement\":[{\"@type\":\"ListItem\",\"@id\":\"https:\\\/\\\/www.eldigitaldeasturias.com\\\/noticias#listItem\",\"position\":1,\"name\":\"Home\",\"item\":\"https:\\\/\\\/www.eldigitaldeasturias.com\\\/noticias\",\"nextItem\":{\"@type\":\"ListItem\",\"@id\":\"https:\\\/\\\/www.eldigitaldeasturias.com\\\/noticias\\\/category\\\/actualidad\\\/#listItem\",\"name\":\"Actualidad\"}},{\"@type\":\"ListItem\",\"@id\":\"https:\\\/\\\/www.eldigitaldeasturias.com\\\/noticias\\\/category\\\/actualidad\\\/#listItem\",\"position\":2,\"name\":\"Actualidad\",\"item\":\"https:\\\/\\\/www.eldigitaldeasturias.com\\\/noticias\\\/category\\\/actualidad\\\/\",\"nextItem\":{\"@type\":\"ListItem\",\"@id\":\"https:\\\/\\\/www.eldigitaldeasturias.com\\\/noticias\\\/la-cumbre-historica-de-cuba-una-cita-de-acuerdos-minimos\\\/#listItem\",\"name\":\"La \\u00abcumbre hist\\u00f3rica\\u00bb de Cuba, una cita de acuerdos m\\u00ednimos\"},\"previousItem\":{\"@type\":\"ListItem\",\"@id\":\"https:\\\/\\\/www.eldigitaldeasturias.com\\\/noticias#listItem\",\"name\":\"Home\"}},{\"@type\":\"ListItem\",\"@id\":\"https:\\\/\\\/www.eldigitaldeasturias.com\\\/noticias\\\/la-cumbre-historica-de-cuba-una-cita-de-acuerdos-minimos\\\/#listItem\",\"position\":3,\"name\":\"La \\u00abcumbre hist\\u00f3rica\\u00bb de Cuba, una cita de acuerdos m\\u00ednimos\",\"previousItem\":{\"@type\":\"ListItem\",\"@id\":\"https:\\\/\\\/www.eldigitaldeasturias.com\\\/noticias\\\/category\\\/actualidad\\\/#listItem\",\"name\":\"Actualidad\"}}]},{\"@type\":\"Organization\",\"@id\":\"https:\\\/\\\/www.eldigitaldeasturias.com\\\/noticias\\\/#organization\",\"name\":\"El Digital de Asturias\",\"description\":\"Hemeroteca\",\"url\":\"https:\\\/\\\/www.eldigitaldeasturias.com\\\/noticias\\\/\",\"email\":\"info@eldigitaldeasturias.com\",\"telephone\":\"+34652131393\",\"logo\":{\"@type\":\"ImageObject\",\"url\":\"https:\\\/\\\/www.eldigitaldeasturias.com\\\/noticias\\\/wp-content\\\/uploads\\\/2020\\\/12\\\/EDA.jpg\",\"@id\":\"https:\\\/\\\/www.eldigitaldeasturias.com\\\/noticias\\\/la-cumbre-historica-de-cuba-una-cita-de-acuerdos-minimos\\\/#organizationLogo\"},\"image\":{\"@id\":\"https:\\\/\\\/www.eldigitaldeasturias.com\\\/noticias\\\/la-cumbre-historica-de-cuba-una-cita-de-acuerdos-minimos\\\/#organizationLogo\"},\"sameAs\":[\"https:\\\/\\\/facebook.com\\\/eldigitaldeasturias\",\"https:\\\/\\\/www.youtube.com\\\/channel\\\/UCZP-2wLEB9Rv6erhFmqVnvg\"],\"address\":{\"@id\":\"https:\\\/\\\/www.eldigitaldeasturias.com\\\/noticias\\\/#postaladdress\",\"@type\":\"PostalAddress\",\"streetAddress\":\"san antonio 4\",\"postalCode\":\"33430\",\"addressLocality\":\"Cand\\u00e1s\",\"addressRegion\":\"Asturias\",\"addressCountry\":\"ES\"}},{\"@type\":\"Person\",\"@id\":\"https:\\\/\\\/www.eldigitaldeasturias.com\\\/noticias\\\/author\\\/admin\\\/#author\",\"url\":\"https:\\\/\\\/www.eldigitaldeasturias.com\\\/noticias\\\/author\\\/admin\\\/\",\"name\":\"El Digital de Asturias\",\"image\":{\"@type\":\"ImageObject\",\"@id\":\"https:\\\/\\\/www.eldigitaldeasturias.com\\\/noticias\\\/la-cumbre-historica-de-cuba-una-cita-de-acuerdos-minimos\\\/#authorImage\",\"url\":\"https:\\\/\\\/secure.gravatar.com\\\/avatar\\\/df2aeffc32bcd13f8d26072ef8a91b623d677766deac7f97ca815868cd41bf5e?s=96&d=mm&r=g\",\"width\":96,\"height\":96,\"caption\":\"El Digital de Asturias\"}},{\"@type\":\"WebPage\",\"@id\":\"https:\\\/\\\/www.eldigitaldeasturias.com\\\/noticias\\\/la-cumbre-historica-de-cuba-una-cita-de-acuerdos-minimos\\\/#webpage\",\"url\":\"https:\\\/\\\/www.eldigitaldeasturias.com\\\/noticias\\\/la-cumbre-historica-de-cuba-una-cita-de-acuerdos-minimos\\\/\",\"name\":\"La \\u00abcumbre hist\\u00f3rica\\u00bb de Cuba, una cita de acuerdos m\\u00ednimos - El Digital de Asturias\",\"description\":\"La Habana, 30 ene (dpa) - M\\u00e1s de 30 pa\\u00edses, un solo bloque: la segunda cumbre de la CELAC cerrada el mi\\u00e9rcoles en La Habana pasar\\u00e1 a la historia no s\\u00f3lo como una cita calificada de \\\"hist\\u00f3rica\\\" por todos los pa\\u00edses latinoamericanos, sino como un encuentro que dej\\u00f3 tambi\\u00e9n patente la dif\\u00edcil b\\u00fasqueda de consensos\",\"inLanguage\":\"es-ES\",\"isPartOf\":{\"@id\":\"https:\\\/\\\/www.eldigitaldeasturias.com\\\/noticias\\\/#website\"},\"breadcrumb\":{\"@id\":\"https:\\\/\\\/www.eldigitaldeasturias.com\\\/noticias\\\/la-cumbre-historica-de-cuba-una-cita-de-acuerdos-minimos\\\/#breadcrumblist\"},\"author\":{\"@id\":\"https:\\\/\\\/www.eldigitaldeasturias.com\\\/noticias\\\/author\\\/admin\\\/#author\"},\"creator\":{\"@id\":\"https:\\\/\\\/www.eldigitaldeasturias.com\\\/noticias\\\/author\\\/admin\\\/#author\"},\"image\":{\"@type\":\"ImageObject\",\"url\":\"https:\\\/\\\/www.eldigitaldeasturias.com\\\/noticias\\\/wp-content\\\/uploads\\\/2026\\\/06\\\/Contenidos.jpg\",\"@id\":\"https:\\\/\\\/www.eldigitaldeasturias.com\\\/noticias\\\/la-cumbre-historica-de-cuba-una-cita-de-acuerdos-minimos\\\/#mainImage\",\"width\":1265,\"height\":697,\"caption\":\"Contenidos\"},\"primaryImageOfPage\":{\"@id\":\"https:\\\/\\\/www.eldigitaldeasturias.com\\\/noticias\\\/la-cumbre-historica-de-cuba-una-cita-de-acuerdos-minimos\\\/#mainImage\"},\"datePublished\":\"2014-01-30T22:59:48+01:00\",\"dateModified\":\"2014-01-30T22:59:48+01:00\"},{\"@type\":\"WebSite\",\"@id\":\"https:\\\/\\\/www.eldigitaldeasturias.com\\\/noticias\\\/#website\",\"url\":\"https:\\\/\\\/www.eldigitaldeasturias.com\\\/noticias\\\/\",\"name\":\"El Digital de Asturias - Diario de actualidad y noticias\",\"alternateName\":\"El Digital de Asturias - Diario de actualidad y noticias\",\"description\":\"Hemeroteca\",\"inLanguage\":\"es-ES\",\"publisher\":{\"@id\":\"https:\\\/\\\/www.eldigitaldeasturias.com\\\/noticias\\\/#organization\"}}]}\n\t\t<\/script>\n\t\t<!-- All in One SEO Pro -->\r\n\t\t<title>La \u00abcumbre hist\u00f3rica\u00bb de Cuba, una cita de acuerdos m\u00ednimos - El Digital de Asturias<\/title>\n\n","aioseo_head_json":{"title":"La \u00abcumbre hist\u00f3rica\u00bb de Cuba, una cita de acuerdos m\u00ednimos - El Digital de Asturias","description":"La Habana, 30 ene (dpa) - M\u00e1s de 30 pa\u00edses, un solo bloque: la segunda cumbre de la CELAC cerrada el mi\u00e9rcoles en La Habana pasar\u00e1 a la historia no s\u00f3lo como una cita calificada de \"hist\u00f3rica\" por todos los pa\u00edses latinoamericanos, sino como un encuentro que dej\u00f3 tambi\u00e9n patente la dif\u00edcil b\u00fasqueda de consensos","canonical_url":"https:\/\/www.eldigitaldeasturias.com\/noticias\/la-cumbre-historica-de-cuba-una-cita-de-acuerdos-minimos\/","robots":"max-image-preview:large","keywords":"actualidad","webmasterTools":{"google-site-verification":"UA-38556648-1","msvalidate.01":"7dfe9f3f1b24437ab69f4f2559babe99","miscellaneous":""},"schema":{"@context":"https:\/\/schema.org","@graph":[{"@type":"BlogPosting","@id":"https:\/\/www.eldigitaldeasturias.com\/noticias\/la-cumbre-historica-de-cuba-una-cita-de-acuerdos-minimos\/#blogposting","name":"La \u00abcumbre hist\u00f3rica\u00bb de Cuba, una cita de acuerdos m\u00ednimos - El Digital de Asturias","headline":"La \u00abcumbre hist\u00f3rica\u00bb de Cuba, una cita de acuerdos m\u00ednimos","author":{"@id":"https:\/\/www.eldigitaldeasturias.com\/noticias\/author\/admin\/#author"},"publisher":{"@id":"https:\/\/www.eldigitaldeasturias.com\/noticias\/#organization"},"image":{"@type":"ImageObject","url":"https:\/\/www.eldigitaldeasturias.com\/noticias\/wp-content\/uploads\/2026\/06\/Contenidos.jpg","width":1265,"height":697,"caption":"Contenidos"},"datePublished":"2014-01-30T22:59:48+01:00","dateModified":"2014-01-30T22:59:48+01:00","inLanguage":"es-ES","mainEntityOfPage":{"@id":"https:\/\/www.eldigitaldeasturias.com\/noticias\/la-cumbre-historica-de-cuba-una-cita-de-acuerdos-minimos\/#webpage"},"isPartOf":{"@id":"https:\/\/www.eldigitaldeasturias.com\/noticias\/la-cumbre-historica-de-cuba-una-cita-de-acuerdos-minimos\/#webpage"},"articleSection":"Actualidad"},{"@type":"BreadcrumbList","@id":"https:\/\/www.eldigitaldeasturias.com\/noticias\/la-cumbre-historica-de-cuba-una-cita-de-acuerdos-minimos\/#breadcrumblist","itemListElement":[{"@type":"ListItem","@id":"https:\/\/www.eldigitaldeasturias.com\/noticias#listItem","position":1,"name":"Home","item":"https:\/\/www.eldigitaldeasturias.com\/noticias","nextItem":{"@type":"ListItem","@id":"https:\/\/www.eldigitaldeasturias.com\/noticias\/category\/actualidad\/#listItem","name":"Actualidad"}},{"@type":"ListItem","@id":"https:\/\/www.eldigitaldeasturias.com\/noticias\/category\/actualidad\/#listItem","position":2,"name":"Actualidad","item":"https:\/\/www.eldigitaldeasturias.com\/noticias\/category\/actualidad\/","nextItem":{"@type":"ListItem","@id":"https:\/\/www.eldigitaldeasturias.com\/noticias\/la-cumbre-historica-de-cuba-una-cita-de-acuerdos-minimos\/#listItem","name":"La \u00abcumbre hist\u00f3rica\u00bb de Cuba, una cita de acuerdos m\u00ednimos"},"previousItem":{"@type":"ListItem","@id":"https:\/\/www.eldigitaldeasturias.com\/noticias#listItem","name":"Home"}},{"@type":"ListItem","@id":"https:\/\/www.eldigitaldeasturias.com\/noticias\/la-cumbre-historica-de-cuba-una-cita-de-acuerdos-minimos\/#listItem","position":3,"name":"La \u00abcumbre hist\u00f3rica\u00bb de Cuba, una cita de acuerdos m\u00ednimos","previousItem":{"@type":"ListItem","@id":"https:\/\/www.eldigitaldeasturias.com\/noticias\/category\/actualidad\/#listItem","name":"Actualidad"}}]},{"@type":"Organization","@id":"https:\/\/www.eldigitaldeasturias.com\/noticias\/#organization","name":"El Digital de Asturias","description":"Hemeroteca","url":"https:\/\/www.eldigitaldeasturias.com\/noticias\/","email":"info@eldigitaldeasturias.com","telephone":"+34652131393","logo":{"@type":"ImageObject","url":"https:\/\/www.eldigitaldeasturias.com\/noticias\/wp-content\/uploads\/2020\/12\/EDA.jpg","@id":"https:\/\/www.eldigitaldeasturias.com\/noticias\/la-cumbre-historica-de-cuba-una-cita-de-acuerdos-minimos\/#organizationLogo"},"image":{"@id":"https:\/\/www.eldigitaldeasturias.com\/noticias\/la-cumbre-historica-de-cuba-una-cita-de-acuerdos-minimos\/#organizationLogo"},"sameAs":["https:\/\/facebook.com\/eldigitaldeasturias","https:\/\/www.youtube.com\/channel\/UCZP-2wLEB9Rv6erhFmqVnvg"],"address":{"@id":"https:\/\/www.eldigitaldeasturias.com\/noticias\/#postaladdress","@type":"PostalAddress","streetAddress":"san antonio 4","postalCode":"33430","addressLocality":"Cand\u00e1s","addressRegion":"Asturias","addressCountry":"ES"}},{"@type":"Person","@id":"https:\/\/www.eldigitaldeasturias.com\/noticias\/author\/admin\/#author","url":"https:\/\/www.eldigitaldeasturias.com\/noticias\/author\/admin\/","name":"El Digital de Asturias","image":{"@type":"ImageObject","@id":"https:\/\/www.eldigitaldeasturias.com\/noticias\/la-cumbre-historica-de-cuba-una-cita-de-acuerdos-minimos\/#authorImage","url":"https:\/\/secure.gravatar.com\/avatar\/df2aeffc32bcd13f8d26072ef8a91b623d677766deac7f97ca815868cd41bf5e?s=96&d=mm&r=g","width":96,"height":96,"caption":"El Digital de Asturias"}},{"@type":"WebPage","@id":"https:\/\/www.eldigitaldeasturias.com\/noticias\/la-cumbre-historica-de-cuba-una-cita-de-acuerdos-minimos\/#webpage","url":"https:\/\/www.eldigitaldeasturias.com\/noticias\/la-cumbre-historica-de-cuba-una-cita-de-acuerdos-minimos\/","name":"La \u00abcumbre hist\u00f3rica\u00bb de Cuba, una cita de acuerdos m\u00ednimos - El Digital de Asturias","description":"La Habana, 30 ene (dpa) - M\u00e1s de 30 pa\u00edses, un solo bloque: la segunda cumbre de la CELAC cerrada el mi\u00e9rcoles en La Habana pasar\u00e1 a la historia no s\u00f3lo como una cita calificada de \"hist\u00f3rica\" por todos los pa\u00edses latinoamericanos, sino como un encuentro que dej\u00f3 tambi\u00e9n patente la dif\u00edcil b\u00fasqueda de consensos","inLanguage":"es-ES","isPartOf":{"@id":"https:\/\/www.eldigitaldeasturias.com\/noticias\/#website"},"breadcrumb":{"@id":"https:\/\/www.eldigitaldeasturias.com\/noticias\/la-cumbre-historica-de-cuba-una-cita-de-acuerdos-minimos\/#breadcrumblist"},"author":{"@id":"https:\/\/www.eldigitaldeasturias.com\/noticias\/author\/admin\/#author"},"creator":{"@id":"https:\/\/www.eldigitaldeasturias.com\/noticias\/author\/admin\/#author"},"image":{"@type":"ImageObject","url":"https:\/\/www.eldigitaldeasturias.com\/noticias\/wp-content\/uploads\/2026\/06\/Contenidos.jpg","@id":"https:\/\/www.eldigitaldeasturias.com\/noticias\/la-cumbre-historica-de-cuba-una-cita-de-acuerdos-minimos\/#mainImage","width":1265,"height":697,"caption":"Contenidos"},"primaryImageOfPage":{"@id":"https:\/\/www.eldigitaldeasturias.com\/noticias\/la-cumbre-historica-de-cuba-una-cita-de-acuerdos-minimos\/#mainImage"},"datePublished":"2014-01-30T22:59:48+01:00","dateModified":"2014-01-30T22:59:48+01:00"},{"@type":"WebSite","@id":"https:\/\/www.eldigitaldeasturias.com\/noticias\/#website","url":"https:\/\/www.eldigitaldeasturias.com\/noticias\/","name":"El Digital de Asturias - Diario de actualidad y noticias","alternateName":"El Digital de Asturias - Diario de actualidad y noticias","description":"Hemeroteca","inLanguage":"es-ES","publisher":{"@id":"https:\/\/www.eldigitaldeasturias.com\/noticias\/#organization"}}]},"og:locale":"es_ES","og:site_name":"El Digital de Asturias","og:type":"article","og:title":"La \u00abcumbre hist\u00f3rica\u00bb de Cuba, una cita de acuerdos m\u00ednimos - El Digital de Asturias","og:description":"La Habana, 30 ene (dpa) - M\u00e1s de 30 pa\u00edses, un solo bloque: la segunda cumbre de la CELAC cerrada el mi\u00e9rcoles en La Habana pasar\u00e1 a la historia no s\u00f3lo como una cita calificada de &quot;hist\u00f3rica&quot; por todos los pa\u00edses latinoamericanos, sino como un encuentro que dej\u00f3 tambi\u00e9n patente la dif\u00edcil b\u00fasqueda de consensos","og:url":"https:\/\/www.eldigitaldeasturias.com\/noticias\/la-cumbre-historica-de-cuba-una-cita-de-acuerdos-minimos\/","og:image":"https:\/\/www.eldigitaldeasturias.com\/noticias\/wp-content\/uploads\/2026\/06\/Contenidos.jpg","og:image:secure_url":"https:\/\/www.eldigitaldeasturias.com\/noticias\/wp-content\/uploads\/2026\/06\/Contenidos.jpg","og:image:width":1265,"og:image:height":697,"article:tag":["actualidad"],"article:published_time":"2014-01-30T23:59:48+00:00","article:modified_time":"2014-01-30T23:59:48+00:00","article:publisher":"https:\/\/facebook.com\/eldigitaldeasturias","twitter:card":"summary_large_image","twitter:title":"La \u00abcumbre hist\u00f3rica\u00bb de Cuba, una cita de acuerdos m\u00ednimos - El Digital de Asturias","twitter:description":"La Habana, 30 ene (dpa) - M\u00e1s de 30 pa\u00edses, un solo bloque: la segunda cumbre de la CELAC cerrada el mi\u00e9rcoles en La Habana pasar\u00e1 a la historia no s\u00f3lo como una cita calificada de &quot;hist\u00f3rica&quot; por todos los pa\u00edses latinoamericanos, sino como un encuentro que dej\u00f3 tambi\u00e9n patente la dif\u00edcil b\u00fasqueda de consensos","twitter:image":"https:\/\/www.eldigitaldeasturias.com\/noticias\/wp-content\/uploads\/2026\/06\/Contenidos.jpg","twitter:label1":"Escrito por","twitter:data1":"El Digital de Asturias","twitter:label2":"Tiempo de lectura estimado","twitter:data2":"4 minutos"},"aioseo_meta_data":{"post_id":"480671","title":null,"description":null,"keywords":null,"keyphrases":null,"primary_term":null,"canonical_url":null,"og_title":null,"og_description":null,"og_object_type":"default","og_image_type":"default","og_image_url":null,"og_image_width":null,"og_image_height":null,"og_image_custom_url":null,"og_image_custom_fields":null,"og_video":null,"og_custom_url":null,"og_article_section":null,"og_article_tags":null,"twitter_use_og":true,"twitter_card":"default","twitter_image_type":"default","twitter_image_url":null,"twitter_image_custom_url":null,"twitter_image_custom_fields":null,"twitter_title":null,"twitter_description":null,"schema":{"blockGraphs":[],"customGraphs":[],"default":{"data":{"Article":[],"Course":[],"Dataset":[],"FAQPage":[],"Movie":[],"Person":[],"Product":[],"ProductReview":[],"Car":[],"Recipe":[],"Service":[],"SoftwareApplication":[],"WebPage":[]},"graphName":"","isEnabled":true},"graphs":[],"defaultGraph":"","defaultPostTypeGraph":""},"schema_type":null,"schema_type_options":null,"pillar_content":false,"robots_default":true,"robots_noindex":false,"robots_noarchive":false,"robots_nosnippet":false,"robots_nofollow":false,"robots_noimageindex":false,"robots_noodp":false,"robots_notranslate":false,"robots_max_snippet":null,"robots_max_videopreview":null,"robots_max_imagepreview":"none","priority":null,"frequency":null,"local_seo":null,"seo_analyzer_scan_date":"2026-06-02 04:29:54","breadcrumb_settings":null,"limit_modified_date":false,"open_ai":null,"ai":null,"created":"2020-11-14 22:54:14","updated":"2026-06-02 04:29:54","focus_keyword":null,"additional_keywords":null,"truseo_locale":null},"aioseo_breadcrumb":"<div class=\"aioseo-breadcrumbs\"><span class=\"aioseo-breadcrumb\">\n\t<a href=\"https:\/\/www.eldigitaldeasturias.com\/noticias\" title=\"Home\">Home<\/a>\n<\/span><span class=\"aioseo-breadcrumb-separator\">\u2013<\/span><span class=\"aioseo-breadcrumb\">\n\t<a href=\"https:\/\/www.eldigitaldeasturias.com\/noticias\/category\/actualidad\/\" title=\"Actualidad\">Actualidad<\/a>\n<\/span><span class=\"aioseo-breadcrumb-separator\">\u2013<\/span><span class=\"aioseo-breadcrumb\">\n\t<a href=\"https:\/\/www.eldigitaldeasturias.com\/noticias\/la-cumbre-historica-de-cuba-una-cita-de-acuerdos-minimos\/\" title=\"La \u00abcumbre hist\u00f3rica\u00bb de Cuba, una cita de acuerdos m\u00ednimos\">La \u00abcumbre hist\u00f3rica\u00bb de Cuba, una cita de acuerdos m\u00ednimos<\/a>\n<\/span><\/div>","aioseo_breadcrumb_json":[{"label":"Home","link":"https:\/\/www.eldigitaldeasturias.com\/noticias"},{"label":"Actualidad","link":"https:\/\/www.eldigitaldeasturias.com\/noticias\/category\/actualidad\/"},{"label":"La \u00abcumbre hist\u00f3rica\u00bb de Cuba, una cita de acuerdos m\u00ednimos","link":"https:\/\/www.eldigitaldeasturias.com\/noticias\/la-cumbre-historica-de-cuba-una-cita-de-acuerdos-minimos\/"}],"_links":{"self":[{"href":"https:\/\/www.eldigitaldeasturias.com\/noticias\/wp-json\/wp\/v2\/posts\/480671","targetHints":{"allow":["GET"]}}],"collection":[{"href":"https:\/\/www.eldigitaldeasturias.com\/noticias\/wp-json\/wp\/v2\/posts"}],"about":[{"href":"https:\/\/www.eldigitaldeasturias.com\/noticias\/wp-json\/wp\/v2\/types\/post"}],"author":[{"embeddable":true,"href":"https:\/\/www.eldigitaldeasturias.com\/noticias\/wp-json\/wp\/v2\/users\/1"}],"replies":[{"embeddable":true,"href":"https:\/\/www.eldigitaldeasturias.com\/noticias\/wp-json\/wp\/v2\/comments?post=480671"}],"version-history":[{"count":0,"href":"https:\/\/www.eldigitaldeasturias.com\/noticias\/wp-json\/wp\/v2\/posts\/480671\/revisions"}],"wp:featuredmedia":[{"embeddable":true,"href":"https:\/\/www.eldigitaldeasturias.com\/noticias\/wp-json\/wp\/v2\/media\/1132184"}],"wp:attachment":[{"href":"https:\/\/www.eldigitaldeasturias.com\/noticias\/wp-json\/wp\/v2\/media?parent=480671"}],"wp:term":[{"taxonomy":"category","embeddable":true,"href":"https:\/\/www.eldigitaldeasturias.com\/noticias\/wp-json\/wp\/v2\/categories?post=480671"},{"taxonomy":"post_tag","embeddable":true,"href":"https:\/\/www.eldigitaldeasturias.com\/noticias\/wp-json\/wp\/v2\/tags?post=480671"}],"curies":[{"name":"wp","href":"https:\/\/api.w.org\/{rel}","templated":true}]}}