{"id":480669,"date":"2014-01-30T22:57:41","date_gmt":"2014-01-30T23:57:41","guid":{"rendered":"http:\/\/www.eldigitaldeasturias.com\/noticias\/?p=480669"},"modified":"2014-01-30T22:57:41","modified_gmt":"2014-01-30T23:57:41","slug":"la-oposicion-ucraniana-se-niega-a-abandonar-edificios-ocupados","status":"publish","type":"post","link":"https:\/\/www.eldigitaldeasturias.com\/noticias\/la-oposicion-ucraniana-se-niega-a-abandonar-edificios-ocupados\/","title":{"rendered":"La oposici\u00f3n ucraniana se niega a abandonar edificios ocupados"},"content":{"rendered":"<p><img loading=\"lazy\" decoding=\"async\" class=\"alignleft size-medium wp-image-476167\" alt=\"ucrania\" src=\"https:\/\/www.eldigitaldeasturias.com\/noticias\/wp-content\/uploads\/2014\/01\/ucrania-360x226.jpg\" width=\"360\" height=\"226\" \/>Kiev, 30 ene (dpa) &#8211; La oposici\u00f3n ucraniana ignora por el momento las condiciones impuestas a cambio de una amnist\u00eda para los manifestantes detenidos y no ha abandonado ninguno de los edificios ocupados.<\/p>\n<p>El Parlamento del pa\u00eds aprob\u00f3 la amnist\u00eda pero para que entre en vigor exige la liberaci\u00f3n de los edificios p\u00fablicos. Pese a ello, los opositores al presidente Viktor Yanukovich anunciaron que seguir\u00e1n con sus protestas.<\/p>\n<p>El grupo opositor en torno al ex campe\u00f3n mundial de boxeo Vitali Klitschko boicote\u00f3 la votaci\u00f3n de la amnist\u00eda en la tarde del mi\u00e9rcoles y exige la liberaci\u00f3n sin condiciones de los m\u00e1s de 100 detenidos.<\/p>\n<p>Mientras tanto, se conoci\u00f3 que el presidente Yanukovich tuvo que ser llevado al hospital por sufrir una fiebre muy alta. El mandatario tiene una fuerte gripe, asegur\u00f3 el m\u00e9dico Alexander Orda en un comunicado.<\/p>\n<p>En un escrito publicado hoy en el diario alem\u00e1n \u00abBild\u00bb, Klitschko reclam\u00f3 sanciones de la Uni\u00f3n Europea (UE) contra el presidente. Entre otros reclama que se le proh\u00edba entrar en la UE mientras no se elimine la controvertida ley anti manifestaci\u00f3n y no se haya firmado la liberaci\u00f3n de los manifestantes.<\/p>\n<p>\u00abTengo la sensaci\u00f3n de que este hombre nos quiere enga\u00f1ar y s\u00f3lo intenta ganar tiempo para \u00e9l y para su sucia pol\u00edtica. Sin embargo, no lo permitiremos. Y esperamos que la UE imponga una prohibici\u00f3n de entrada contra Yanukovich y sus representantes de las instituciones hasta que el presidente no retire su ley dictatorial\u00bb, escribi\u00f3.<\/p>\n<p>Las protestas de la oposici\u00f3n estallaron en noviembre cuando Yanukovich se neg\u00f3 a firmar, por presi\u00f3n de Rusia, un acuerdo de asociaci\u00f3n con la UE. Klitschko y Yazeniuk acusaron al gobierno de quitarle al pueblo un posible futuro dentro de la UE.<\/p>\n<p>Cuando el gobierno aprob\u00f3 adicionalmente a mediados de enero leyes parecidas a las rusas para limitar las libertades democr\u00e1ticas sin un debate en el Parlamento, las protestas se radicalizaron, con al menos cuatro muertos la semana pasada.<\/p>\n","protected":false},"excerpt":{"rendered":"<p>Kiev, 30 ene (dpa) &#8211; La oposici\u00f3n ucraniana ignora por el momento las condiciones impuestas a cambio de una amnist\u00eda para los manifestantes detenidos y no ha abandonado ninguno de los edificios ocupados. El Parlamento del pa\u00eds aprob\u00f3 la amnist\u00eda pero para que entre en vigor exige la liberaci\u00f3n de los edificios p\u00fablicos. Pese a [&hellip;]<\/p>\n","protected":false},"author":1,"featured_media":1132184,"comment_status":"closed","ping_status":"open","sticky":false,"template":"","format":"standard","meta":{"footnotes":""},"categories":[1],"tags":[],"class_list":["post-480669","post","type-post","status-publish","format-standard","has-post-thumbnail","hentry","category-actualidad"],"aioseo_notices":[],"aioseo_head":"\n\t\t<!-- All in One SEO Pro 5.0.1 - aioseo.com -->\n\t<meta name=\"description\" content=\"Kiev, 30 ene (dpa) - La oposici\u00f3n ucraniana ignora por el momento las condiciones impuestas a cambio de una amnist\u00eda para los manifestantes detenidos y no ha abandonado ninguno de los edificios ocupados. El Parlamento del pa\u00eds aprob\u00f3 la amnist\u00eda pero para que entre en vigor exige la liberaci\u00f3n de los edificios p\u00fablicos. Pese a\" \/>\n\t<meta name=\"robots\" content=\"max-image-preview:large\" \/>\n\t<meta name=\"author\" content=\"El Digital de Asturias\"\/>\n\t<meta name=\"google-site-verification\" content=\"UA-38556648-1\" \/>\n\t<meta name=\"msvalidate.01\" content=\"7dfe9f3f1b24437ab69f4f2559babe99\" \/>\n\t<meta name=\"keywords\" content=\"actualidad\" \/>\n\t<link rel=\"canonical\" href=\"https:\/\/www.eldigitaldeasturias.com\/noticias\/la-oposicion-ucraniana-se-niega-a-abandonar-edificios-ocupados\/\" \/>\n\t<meta name=\"generator\" content=\"All in One SEO Pro (AIOSEO) 5.0.1\" \/>\n\t\t<meta property=\"og:locale\" content=\"es_ES\" \/>\n\t\t<meta property=\"og:site_name\" content=\"El Digital de Asturias\" \/>\n\t\t<meta property=\"og:type\" content=\"article\" \/>\n\t\t<meta property=\"og:title\" content=\"La oposici\u00f3n ucraniana se niega a abandonar edificios ocupados - El Digital de Asturias\" \/>\n\t\t<meta property=\"og:description\" content=\"Kiev, 30 ene (dpa) - La oposici\u00f3n ucraniana ignora por el momento las condiciones impuestas a cambio de una amnist\u00eda para los manifestantes detenidos y no ha abandonado ninguno de los edificios ocupados. El Parlamento del pa\u00eds aprob\u00f3 la amnist\u00eda pero para que entre en vigor exige la liberaci\u00f3n de los edificios p\u00fablicos. Pese a\" \/>\n\t\t<meta property=\"og:url\" content=\"https:\/\/www.eldigitaldeasturias.com\/noticias\/la-oposicion-ucraniana-se-niega-a-abandonar-edificios-ocupados\/\" \/>\n\t\t<meta property=\"og:image\" content=\"https:\/\/www.eldigitaldeasturias.com\/noticias\/wp-content\/uploads\/2026\/06\/Contenidos.jpg\" \/>\n\t\t<meta property=\"og:image:secure_url\" content=\"https:\/\/www.eldigitaldeasturias.com\/noticias\/wp-content\/uploads\/2026\/06\/Contenidos.jpg\" \/>\n\t\t<meta property=\"og:image:width\" content=\"1265\" \/>\n\t\t<meta property=\"og:image:height\" content=\"697\" \/>\n\t\t<meta property=\"article:tag\" content=\"actualidad\" \/>\n\t\t<meta property=\"article:published_time\" content=\"2014-01-30T23:57:41+00:00\" \/>\n\t\t<meta property=\"article:modified_time\" content=\"2014-01-30T23:57:41+00:00\" \/>\n\t\t<meta property=\"article:publisher\" content=\"https:\/\/facebook.com\/eldigitaldeasturias\" \/>\n\t\t<meta name=\"twitter:card\" content=\"summary_large_image\" \/>\n\t\t<meta name=\"twitter:title\" content=\"La oposici\u00f3n ucraniana se niega a abandonar edificios ocupados - El Digital de Asturias\" \/>\n\t\t<meta name=\"twitter:description\" content=\"Kiev, 30 ene (dpa) - La oposici\u00f3n ucraniana ignora por el momento las condiciones impuestas a cambio de una amnist\u00eda para los manifestantes detenidos y no ha abandonado ninguno de los edificios ocupados. El Parlamento del pa\u00eds aprob\u00f3 la amnist\u00eda pero para que entre en vigor exige la liberaci\u00f3n de los edificios p\u00fablicos. Pese a\" \/>\n\t\t<meta name=\"twitter:image\" content=\"https:\/\/www.eldigitaldeasturias.com\/noticias\/wp-content\/uploads\/2026\/06\/Contenidos.jpg\" \/>\n\t\t<meta name=\"twitter:label1\" content=\"Escrito por\" \/>\n\t\t<meta name=\"twitter:data1\" content=\"El Digital de Asturias\" \/>\n\t\t<meta name=\"twitter:label2\" content=\"Tiempo de lectura estimado\" \/>\n\t\t<meta name=\"twitter:data2\" content=\"2 minutos\" \/>\n\t\t<script type=\"application\/ld+json\" class=\"aioseo-schema\">\n\t\t\t{\"@context\":\"https:\\\/\\\/schema.org\",\"@graph\":[{\"@type\":\"BlogPosting\",\"@id\":\"https:\\\/\\\/www.eldigitaldeasturias.com\\\/noticias\\\/la-oposicion-ucraniana-se-niega-a-abandonar-edificios-ocupados\\\/#blogposting\",\"name\":\"La oposici\\u00f3n ucraniana se niega a abandonar edificios ocupados - El Digital de Asturias\",\"headline\":\"La oposici\\u00f3n ucraniana se niega a abandonar edificios ocupados\",\"author\":{\"@id\":\"https:\\\/\\\/www.eldigitaldeasturias.com\\\/noticias\\\/author\\\/admin\\\/#author\"},\"publisher\":{\"@id\":\"https:\\\/\\\/www.eldigitaldeasturias.com\\\/noticias\\\/#organization\"},\"image\":{\"@type\":\"ImageObject\",\"url\":\"https:\\\/\\\/www.eldigitaldeasturias.com\\\/noticias\\\/wp-content\\\/uploads\\\/2026\\\/06\\\/Contenidos.jpg\",\"width\":1265,\"height\":697,\"caption\":\"Contenidos\"},\"datePublished\":\"2014-01-30T22:57:41+01:00\",\"dateModified\":\"2014-01-30T22:57:41+01:00\",\"inLanguage\":\"es-ES\",\"mainEntityOfPage\":{\"@id\":\"https:\\\/\\\/www.eldigitaldeasturias.com\\\/noticias\\\/la-oposicion-ucraniana-se-niega-a-abandonar-edificios-ocupados\\\/#webpage\"},\"isPartOf\":{\"@id\":\"https:\\\/\\\/www.eldigitaldeasturias.com\\\/noticias\\\/la-oposicion-ucraniana-se-niega-a-abandonar-edificios-ocupados\\\/#webpage\"},\"articleSection\":\"Actualidad\"},{\"@type\":\"BreadcrumbList\",\"@id\":\"https:\\\/\\\/www.eldigitaldeasturias.com\\\/noticias\\\/la-oposicion-ucraniana-se-niega-a-abandonar-edificios-ocupados\\\/#breadcrumblist\",\"itemListElement\":[{\"@type\":\"ListItem\",\"@id\":\"https:\\\/\\\/www.eldigitaldeasturias.com\\\/noticias#listItem\",\"position\":1,\"name\":\"Home\",\"item\":\"https:\\\/\\\/www.eldigitaldeasturias.com\\\/noticias\",\"nextItem\":{\"@type\":\"ListItem\",\"@id\":\"https:\\\/\\\/www.eldigitaldeasturias.com\\\/noticias\\\/category\\\/actualidad\\\/#listItem\",\"name\":\"Actualidad\"}},{\"@type\":\"ListItem\",\"@id\":\"https:\\\/\\\/www.eldigitaldeasturias.com\\\/noticias\\\/category\\\/actualidad\\\/#listItem\",\"position\":2,\"name\":\"Actualidad\",\"item\":\"https:\\\/\\\/www.eldigitaldeasturias.com\\\/noticias\\\/category\\\/actualidad\\\/\",\"nextItem\":{\"@type\":\"ListItem\",\"@id\":\"https:\\\/\\\/www.eldigitaldeasturias.com\\\/noticias\\\/la-oposicion-ucraniana-se-niega-a-abandonar-edificios-ocupados\\\/#listItem\",\"name\":\"La oposici\\u00f3n ucraniana se niega a abandonar edificios ocupados\"},\"previousItem\":{\"@type\":\"ListItem\",\"@id\":\"https:\\\/\\\/www.eldigitaldeasturias.com\\\/noticias#listItem\",\"name\":\"Home\"}},{\"@type\":\"ListItem\",\"@id\":\"https:\\\/\\\/www.eldigitaldeasturias.com\\\/noticias\\\/la-oposicion-ucraniana-se-niega-a-abandonar-edificios-ocupados\\\/#listItem\",\"position\":3,\"name\":\"La oposici\\u00f3n ucraniana se niega a abandonar edificios ocupados\",\"previousItem\":{\"@type\":\"ListItem\",\"@id\":\"https:\\\/\\\/www.eldigitaldeasturias.com\\\/noticias\\\/category\\\/actualidad\\\/#listItem\",\"name\":\"Actualidad\"}}]},{\"@type\":\"Organization\",\"@id\":\"https:\\\/\\\/www.eldigitaldeasturias.com\\\/noticias\\\/#organization\",\"name\":\"El Digital de Asturias\",\"description\":\"Hemeroteca\",\"url\":\"https:\\\/\\\/www.eldigitaldeasturias.com\\\/noticias\\\/\",\"email\":\"info@eldigitaldeasturias.com\",\"telephone\":\"+34652131393\",\"logo\":{\"@type\":\"ImageObject\",\"url\":\"https:\\\/\\\/www.eldigitaldeasturias.com\\\/noticias\\\/wp-content\\\/uploads\\\/2020\\\/12\\\/EDA.jpg\",\"@id\":\"https:\\\/\\\/www.eldigitaldeasturias.com\\\/noticias\\\/la-oposicion-ucraniana-se-niega-a-abandonar-edificios-ocupados\\\/#organizationLogo\"},\"image\":{\"@id\":\"https:\\\/\\\/www.eldigitaldeasturias.com\\\/noticias\\\/la-oposicion-ucraniana-se-niega-a-abandonar-edificios-ocupados\\\/#organizationLogo\"},\"sameAs\":[\"https:\\\/\\\/facebook.com\\\/eldigitaldeasturias\",\"https:\\\/\\\/www.youtube.com\\\/channel\\\/UCZP-2wLEB9Rv6erhFmqVnvg\"],\"address\":{\"@id\":\"https:\\\/\\\/www.eldigitaldeasturias.com\\\/noticias\\\/#postaladdress\",\"@type\":\"PostalAddress\",\"streetAddress\":\"san antonio 4\",\"postalCode\":\"33430\",\"addressLocality\":\"Cand\\u00e1s\",\"addressRegion\":\"Asturias\",\"addressCountry\":\"ES\"}},{\"@type\":\"Person\",\"@id\":\"https:\\\/\\\/www.eldigitaldeasturias.com\\\/noticias\\\/author\\\/admin\\\/#author\",\"url\":\"https:\\\/\\\/www.eldigitaldeasturias.com\\\/noticias\\\/author\\\/admin\\\/\",\"name\":\"El Digital de Asturias\",\"image\":{\"@type\":\"ImageObject\",\"@id\":\"https:\\\/\\\/www.eldigitaldeasturias.com\\\/noticias\\\/la-oposicion-ucraniana-se-niega-a-abandonar-edificios-ocupados\\\/#authorImage\",\"url\":\"https:\\\/\\\/secure.gravatar.com\\\/avatar\\\/df2aeffc32bcd13f8d26072ef8a91b623d677766deac7f97ca815868cd41bf5e?s=96&d=mm&r=g\",\"width\":96,\"height\":96,\"caption\":\"El Digital de Asturias\"}},{\"@type\":\"WebPage\",\"@id\":\"https:\\\/\\\/www.eldigitaldeasturias.com\\\/noticias\\\/la-oposicion-ucraniana-se-niega-a-abandonar-edificios-ocupados\\\/#webpage\",\"url\":\"https:\\\/\\\/www.eldigitaldeasturias.com\\\/noticias\\\/la-oposicion-ucraniana-se-niega-a-abandonar-edificios-ocupados\\\/\",\"name\":\"La oposici\\u00f3n ucraniana se niega a abandonar edificios ocupados - El Digital de Asturias\",\"description\":\"Kiev, 30 ene (dpa) - La oposici\\u00f3n ucraniana ignora por el momento las condiciones impuestas a cambio de una amnist\\u00eda para los manifestantes detenidos y no ha abandonado ninguno de los edificios ocupados. El Parlamento del pa\\u00eds aprob\\u00f3 la amnist\\u00eda pero para que entre en vigor exige la liberaci\\u00f3n de los edificios p\\u00fablicos. Pese a\",\"inLanguage\":\"es-ES\",\"isPartOf\":{\"@id\":\"https:\\\/\\\/www.eldigitaldeasturias.com\\\/noticias\\\/#website\"},\"breadcrumb\":{\"@id\":\"https:\\\/\\\/www.eldigitaldeasturias.com\\\/noticias\\\/la-oposicion-ucraniana-se-niega-a-abandonar-edificios-ocupados\\\/#breadcrumblist\"},\"author\":{\"@id\":\"https:\\\/\\\/www.eldigitaldeasturias.com\\\/noticias\\\/author\\\/admin\\\/#author\"},\"creator\":{\"@id\":\"https:\\\/\\\/www.eldigitaldeasturias.com\\\/noticias\\\/author\\\/admin\\\/#author\"},\"image\":{\"@type\":\"ImageObject\",\"url\":\"https:\\\/\\\/www.eldigitaldeasturias.com\\\/noticias\\\/wp-content\\\/uploads\\\/2026\\\/06\\\/Contenidos.jpg\",\"@id\":\"https:\\\/\\\/www.eldigitaldeasturias.com\\\/noticias\\\/la-oposicion-ucraniana-se-niega-a-abandonar-edificios-ocupados\\\/#mainImage\",\"width\":1265,\"height\":697,\"caption\":\"Contenidos\"},\"primaryImageOfPage\":{\"@id\":\"https:\\\/\\\/www.eldigitaldeasturias.com\\\/noticias\\\/la-oposicion-ucraniana-se-niega-a-abandonar-edificios-ocupados\\\/#mainImage\"},\"datePublished\":\"2014-01-30T22:57:41+01:00\",\"dateModified\":\"2014-01-30T22:57:41+01:00\"},{\"@type\":\"WebSite\",\"@id\":\"https:\\\/\\\/www.eldigitaldeasturias.com\\\/noticias\\\/#website\",\"url\":\"https:\\\/\\\/www.eldigitaldeasturias.com\\\/noticias\\\/\",\"name\":\"El Digital de Asturias - Diario de actualidad y noticias\",\"alternateName\":\"El Digital de Asturias - Diario de actualidad y noticias\",\"description\":\"Hemeroteca\",\"inLanguage\":\"es-ES\",\"publisher\":{\"@id\":\"https:\\\/\\\/www.eldigitaldeasturias.com\\\/noticias\\\/#organization\"}}]}\n\t\t<\/script>\n\t\t<!-- All in One SEO Pro -->\r\n\t\t<title>La oposici\u00f3n ucraniana se niega a abandonar edificios ocupados - El Digital de Asturias<\/title>\n\n","aioseo_head_json":{"title":"La oposici\u00f3n ucraniana se niega a abandonar edificios ocupados - El Digital de Asturias","description":"Kiev, 30 ene (dpa) - La oposici\u00f3n ucraniana ignora por el momento las condiciones impuestas a cambio de una amnist\u00eda para los manifestantes detenidos y no ha abandonado ninguno de los edificios ocupados. El Parlamento del pa\u00eds aprob\u00f3 la amnist\u00eda pero para que entre en vigor exige la liberaci\u00f3n de los edificios p\u00fablicos. Pese a","canonical_url":"https:\/\/www.eldigitaldeasturias.com\/noticias\/la-oposicion-ucraniana-se-niega-a-abandonar-edificios-ocupados\/","robots":"max-image-preview:large","keywords":"actualidad","webmasterTools":{"google-site-verification":"UA-38556648-1","msvalidate.01":"7dfe9f3f1b24437ab69f4f2559babe99","miscellaneous":""},"schema":{"@context":"https:\/\/schema.org","@graph":[{"@type":"BlogPosting","@id":"https:\/\/www.eldigitaldeasturias.com\/noticias\/la-oposicion-ucraniana-se-niega-a-abandonar-edificios-ocupados\/#blogposting","name":"La oposici\u00f3n ucraniana se niega a abandonar edificios ocupados - El Digital de Asturias","headline":"La oposici\u00f3n ucraniana se niega a abandonar edificios ocupados","author":{"@id":"https:\/\/www.eldigitaldeasturias.com\/noticias\/author\/admin\/#author"},"publisher":{"@id":"https:\/\/www.eldigitaldeasturias.com\/noticias\/#organization"},"image":{"@type":"ImageObject","url":"https:\/\/www.eldigitaldeasturias.com\/noticias\/wp-content\/uploads\/2026\/06\/Contenidos.jpg","width":1265,"height":697,"caption":"Contenidos"},"datePublished":"2014-01-30T22:57:41+01:00","dateModified":"2014-01-30T22:57:41+01:00","inLanguage":"es-ES","mainEntityOfPage":{"@id":"https:\/\/www.eldigitaldeasturias.com\/noticias\/la-oposicion-ucraniana-se-niega-a-abandonar-edificios-ocupados\/#webpage"},"isPartOf":{"@id":"https:\/\/www.eldigitaldeasturias.com\/noticias\/la-oposicion-ucraniana-se-niega-a-abandonar-edificios-ocupados\/#webpage"},"articleSection":"Actualidad"},{"@type":"BreadcrumbList","@id":"https:\/\/www.eldigitaldeasturias.com\/noticias\/la-oposicion-ucraniana-se-niega-a-abandonar-edificios-ocupados\/#breadcrumblist","itemListElement":[{"@type":"ListItem","@id":"https:\/\/www.eldigitaldeasturias.com\/noticias#listItem","position":1,"name":"Home","item":"https:\/\/www.eldigitaldeasturias.com\/noticias","nextItem":{"@type":"ListItem","@id":"https:\/\/www.eldigitaldeasturias.com\/noticias\/category\/actualidad\/#listItem","name":"Actualidad"}},{"@type":"ListItem","@id":"https:\/\/www.eldigitaldeasturias.com\/noticias\/category\/actualidad\/#listItem","position":2,"name":"Actualidad","item":"https:\/\/www.eldigitaldeasturias.com\/noticias\/category\/actualidad\/","nextItem":{"@type":"ListItem","@id":"https:\/\/www.eldigitaldeasturias.com\/noticias\/la-oposicion-ucraniana-se-niega-a-abandonar-edificios-ocupados\/#listItem","name":"La oposici\u00f3n ucraniana se niega a abandonar edificios ocupados"},"previousItem":{"@type":"ListItem","@id":"https:\/\/www.eldigitaldeasturias.com\/noticias#listItem","name":"Home"}},{"@type":"ListItem","@id":"https:\/\/www.eldigitaldeasturias.com\/noticias\/la-oposicion-ucraniana-se-niega-a-abandonar-edificios-ocupados\/#listItem","position":3,"name":"La oposici\u00f3n ucraniana se niega a abandonar edificios ocupados","previousItem":{"@type":"ListItem","@id":"https:\/\/www.eldigitaldeasturias.com\/noticias\/category\/actualidad\/#listItem","name":"Actualidad"}}]},{"@type":"Organization","@id":"https:\/\/www.eldigitaldeasturias.com\/noticias\/#organization","name":"El Digital de Asturias","description":"Hemeroteca","url":"https:\/\/www.eldigitaldeasturias.com\/noticias\/","email":"info@eldigitaldeasturias.com","telephone":"+34652131393","logo":{"@type":"ImageObject","url":"https:\/\/www.eldigitaldeasturias.com\/noticias\/wp-content\/uploads\/2020\/12\/EDA.jpg","@id":"https:\/\/www.eldigitaldeasturias.com\/noticias\/la-oposicion-ucraniana-se-niega-a-abandonar-edificios-ocupados\/#organizationLogo"},"image":{"@id":"https:\/\/www.eldigitaldeasturias.com\/noticias\/la-oposicion-ucraniana-se-niega-a-abandonar-edificios-ocupados\/#organizationLogo"},"sameAs":["https:\/\/facebook.com\/eldigitaldeasturias","https:\/\/www.youtube.com\/channel\/UCZP-2wLEB9Rv6erhFmqVnvg"],"address":{"@id":"https:\/\/www.eldigitaldeasturias.com\/noticias\/#postaladdress","@type":"PostalAddress","streetAddress":"san antonio 4","postalCode":"33430","addressLocality":"Cand\u00e1s","addressRegion":"Asturias","addressCountry":"ES"}},{"@type":"Person","@id":"https:\/\/www.eldigitaldeasturias.com\/noticias\/author\/admin\/#author","url":"https:\/\/www.eldigitaldeasturias.com\/noticias\/author\/admin\/","name":"El Digital de Asturias","image":{"@type":"ImageObject","@id":"https:\/\/www.eldigitaldeasturias.com\/noticias\/la-oposicion-ucraniana-se-niega-a-abandonar-edificios-ocupados\/#authorImage","url":"https:\/\/secure.gravatar.com\/avatar\/df2aeffc32bcd13f8d26072ef8a91b623d677766deac7f97ca815868cd41bf5e?s=96&d=mm&r=g","width":96,"height":96,"caption":"El Digital de Asturias"}},{"@type":"WebPage","@id":"https:\/\/www.eldigitaldeasturias.com\/noticias\/la-oposicion-ucraniana-se-niega-a-abandonar-edificios-ocupados\/#webpage","url":"https:\/\/www.eldigitaldeasturias.com\/noticias\/la-oposicion-ucraniana-se-niega-a-abandonar-edificios-ocupados\/","name":"La oposici\u00f3n ucraniana se niega a abandonar edificios ocupados - El Digital de Asturias","description":"Kiev, 30 ene (dpa) - La oposici\u00f3n ucraniana ignora por el momento las condiciones impuestas a cambio de una amnist\u00eda para los manifestantes detenidos y no ha abandonado ninguno de los edificios ocupados. El Parlamento del pa\u00eds aprob\u00f3 la amnist\u00eda pero para que entre en vigor exige la liberaci\u00f3n de los edificios p\u00fablicos. Pese a","inLanguage":"es-ES","isPartOf":{"@id":"https:\/\/www.eldigitaldeasturias.com\/noticias\/#website"},"breadcrumb":{"@id":"https:\/\/www.eldigitaldeasturias.com\/noticias\/la-oposicion-ucraniana-se-niega-a-abandonar-edificios-ocupados\/#breadcrumblist"},"author":{"@id":"https:\/\/www.eldigitaldeasturias.com\/noticias\/author\/admin\/#author"},"creator":{"@id":"https:\/\/www.eldigitaldeasturias.com\/noticias\/author\/admin\/#author"},"image":{"@type":"ImageObject","url":"https:\/\/www.eldigitaldeasturias.com\/noticias\/wp-content\/uploads\/2026\/06\/Contenidos.jpg","@id":"https:\/\/www.eldigitaldeasturias.com\/noticias\/la-oposicion-ucraniana-se-niega-a-abandonar-edificios-ocupados\/#mainImage","width":1265,"height":697,"caption":"Contenidos"},"primaryImageOfPage":{"@id":"https:\/\/www.eldigitaldeasturias.com\/noticias\/la-oposicion-ucraniana-se-niega-a-abandonar-edificios-ocupados\/#mainImage"},"datePublished":"2014-01-30T22:57:41+01:00","dateModified":"2014-01-30T22:57:41+01:00"},{"@type":"WebSite","@id":"https:\/\/www.eldigitaldeasturias.com\/noticias\/#website","url":"https:\/\/www.eldigitaldeasturias.com\/noticias\/","name":"El Digital de Asturias - Diario de actualidad y noticias","alternateName":"El Digital de Asturias - Diario de actualidad y noticias","description":"Hemeroteca","inLanguage":"es-ES","publisher":{"@id":"https:\/\/www.eldigitaldeasturias.com\/noticias\/#organization"}}]},"og:locale":"es_ES","og:site_name":"El Digital de Asturias","og:type":"article","og:title":"La oposici\u00f3n ucraniana se niega a abandonar edificios ocupados - El Digital de Asturias","og:description":"Kiev, 30 ene (dpa) - La oposici\u00f3n ucraniana ignora por el momento las condiciones impuestas a cambio de una amnist\u00eda para los manifestantes detenidos y no ha abandonado ninguno de los edificios ocupados. El Parlamento del pa\u00eds aprob\u00f3 la amnist\u00eda pero para que entre en vigor exige la liberaci\u00f3n de los edificios p\u00fablicos. Pese a","og:url":"https:\/\/www.eldigitaldeasturias.com\/noticias\/la-oposicion-ucraniana-se-niega-a-abandonar-edificios-ocupados\/","og:image":"https:\/\/www.eldigitaldeasturias.com\/noticias\/wp-content\/uploads\/2026\/06\/Contenidos.jpg","og:image:secure_url":"https:\/\/www.eldigitaldeasturias.com\/noticias\/wp-content\/uploads\/2026\/06\/Contenidos.jpg","og:image:width":1265,"og:image:height":697,"article:tag":["actualidad"],"article:published_time":"2014-01-30T23:57:41+00:00","article:modified_time":"2014-01-30T23:57:41+00:00","article:publisher":"https:\/\/facebook.com\/eldigitaldeasturias","twitter:card":"summary_large_image","twitter:title":"La oposici\u00f3n ucraniana se niega a abandonar edificios ocupados - El Digital de Asturias","twitter:description":"Kiev, 30 ene (dpa) - La oposici\u00f3n ucraniana ignora por el momento las condiciones impuestas a cambio de una amnist\u00eda para los manifestantes detenidos y no ha abandonado ninguno de los edificios ocupados. El Parlamento del pa\u00eds aprob\u00f3 la amnist\u00eda pero para que entre en vigor exige la liberaci\u00f3n de los edificios p\u00fablicos. Pese a","twitter:image":"https:\/\/www.eldigitaldeasturias.com\/noticias\/wp-content\/uploads\/2026\/06\/Contenidos.jpg","twitter:label1":"Escrito por","twitter:data1":"El Digital de Asturias","twitter:label2":"Tiempo de lectura estimado","twitter:data2":"2 minutos"},"aioseo_meta_data":{"post_id":"480669","title":null,"description":null,"keywords":null,"keyphrases":null,"primary_term":null,"canonical_url":null,"og_title":null,"og_description":null,"og_object_type":"default","og_image_type":"default","og_image_url":null,"og_image_width":null,"og_image_height":null,"og_image_custom_url":null,"og_image_custom_fields":null,"og_video":null,"og_custom_url":null,"og_article_section":null,"og_article_tags":null,"twitter_use_og":true,"twitter_card":"default","twitter_image_type":"default","twitter_image_url":null,"twitter_image_custom_url":null,"twitter_image_custom_fields":null,"twitter_title":null,"twitter_description":null,"schema":{"blockGraphs":[],"customGraphs":[],"default":{"data":{"Article":[],"Course":[],"Dataset":[],"FAQPage":[],"Movie":[],"Person":[],"Product":[],"ProductReview":[],"Car":[],"Recipe":[],"Service":[],"SoftwareApplication":[],"WebPage":[]},"graphName":"","isEnabled":true},"graphs":[],"defaultGraph":"","defaultPostTypeGraph":""},"schema_type":null,"schema_type_options":null,"pillar_content":false,"robots_default":true,"robots_noindex":false,"robots_noarchive":false,"robots_nosnippet":false,"robots_nofollow":false,"robots_noimageindex":false,"robots_noodp":false,"robots_notranslate":false,"robots_max_snippet":null,"robots_max_videopreview":null,"robots_max_imagepreview":"none","priority":null,"frequency":null,"local_seo":null,"seo_analyzer_scan_date":"2026-06-02 04:29:53","breadcrumb_settings":null,"limit_modified_date":false,"open_ai":null,"ai":null,"created":"2020-11-14 22:54:14","updated":"2026-06-02 04:29:53","focus_keyword":null,"additional_keywords":null,"truseo_locale":null},"aioseo_breadcrumb":"<div class=\"aioseo-breadcrumbs\"><span class=\"aioseo-breadcrumb\">\n\t<a href=\"https:\/\/www.eldigitaldeasturias.com\/noticias\" title=\"Home\">Home<\/a>\n<\/span><span class=\"aioseo-breadcrumb-separator\">\u2013<\/span><span class=\"aioseo-breadcrumb\">\n\t<a href=\"https:\/\/www.eldigitaldeasturias.com\/noticias\/category\/actualidad\/\" title=\"Actualidad\">Actualidad<\/a>\n<\/span><span class=\"aioseo-breadcrumb-separator\">\u2013<\/span><span class=\"aioseo-breadcrumb\">\n\t<a href=\"https:\/\/www.eldigitaldeasturias.com\/noticias\/la-oposicion-ucraniana-se-niega-a-abandonar-edificios-ocupados\/\" title=\"La oposici\u00f3n ucraniana se niega a abandonar edificios ocupados\">La oposici\u00f3n ucraniana se niega a abandonar edificios ocupados<\/a>\n<\/span><\/div>","aioseo_breadcrumb_json":[{"label":"Home","link":"https:\/\/www.eldigitaldeasturias.com\/noticias"},{"label":"Actualidad","link":"https:\/\/www.eldigitaldeasturias.com\/noticias\/category\/actualidad\/"},{"label":"La oposici\u00f3n ucraniana se niega a abandonar edificios ocupados","link":"https:\/\/www.eldigitaldeasturias.com\/noticias\/la-oposicion-ucraniana-se-niega-a-abandonar-edificios-ocupados\/"}],"_links":{"self":[{"href":"https:\/\/www.eldigitaldeasturias.com\/noticias\/wp-json\/wp\/v2\/posts\/480669","targetHints":{"allow":["GET"]}}],"collection":[{"href":"https:\/\/www.eldigitaldeasturias.com\/noticias\/wp-json\/wp\/v2\/posts"}],"about":[{"href":"https:\/\/www.eldigitaldeasturias.com\/noticias\/wp-json\/wp\/v2\/types\/post"}],"author":[{"embeddable":true,"href":"https:\/\/www.eldigitaldeasturias.com\/noticias\/wp-json\/wp\/v2\/users\/1"}],"replies":[{"embeddable":true,"href":"https:\/\/www.eldigitaldeasturias.com\/noticias\/wp-json\/wp\/v2\/comments?post=480669"}],"version-history":[{"count":0,"href":"https:\/\/www.eldigitaldeasturias.com\/noticias\/wp-json\/wp\/v2\/posts\/480669\/revisions"}],"wp:featuredmedia":[{"embeddable":true,"href":"https:\/\/www.eldigitaldeasturias.com\/noticias\/wp-json\/wp\/v2\/media\/1132184"}],"wp:attachment":[{"href":"https:\/\/www.eldigitaldeasturias.com\/noticias\/wp-json\/wp\/v2\/media?parent=480669"}],"wp:term":[{"taxonomy":"category","embeddable":true,"href":"https:\/\/www.eldigitaldeasturias.com\/noticias\/wp-json\/wp\/v2\/categories?post=480669"},{"taxonomy":"post_tag","embeddable":true,"href":"https:\/\/www.eldigitaldeasturias.com\/noticias\/wp-json\/wp\/v2\/tags?post=480669"}],"curies":[{"name":"wp","href":"https:\/\/api.w.org\/{rel}","templated":true}]}}