{"id":480637,"date":"2014-01-30T20:50:47","date_gmt":"2014-01-30T21:50:47","guid":{"rendered":"http:\/\/www.eldigitaldeasturias.com\/noticias\/?p=480637"},"modified":"2014-01-30T20:50:47","modified_gmt":"2014-01-30T21:50:47","slug":"faustino-blanco-elogia-el-trabajo-de-la-fundacion-vinjoy","status":"publish","type":"post","link":"https:\/\/www.eldigitaldeasturias.com\/noticias\/faustino-blanco-elogia-el-trabajo-de-la-fundacion-vinjoy\/","title":{"rendered":"Faustino Blanco elogia el trabajo de la Fundaci\u00f3n Vinjoy"},"content":{"rendered":"<p><img loading=\"lazy\" decoding=\"async\" class=\"alignleft size-medium wp-image-480638\" alt=\"2014_01_3..\" src=\"https:\/\/www.eldigitaldeasturias.com\/noticias\/wp-content\/uploads\/2014\/01\/2014_01_3..-360x215.jpg\" width=\"360\" height=\"215\" \/>El consejero de Sanidad, Faustino Blanco, ha trasladado esta ma\u00f1ana a Adolfo Rivas, gerente de la Fundaci\u00f3n Vinjoy, y al conjunto de las personas que la integran el compromiso del Gobierno con esta entidad y su reconocimiento por la importante labor que hacen en el campo de la Sanidad, concretamente en el programa de detecci\u00f3n temprana del d\u00e9ficit auditivo y la plena inclusi\u00f3n en la sociedad de las personas con esta discapacidad. \u201cLa Fundaci\u00f3n Vinjoy significa mucho porque ocupa un espacio de cooperaci\u00f3n necesario para mejorar los resultados en materia de salud de los asturianos, pero tambi\u00e9n como elemento de inclusi\u00f3n social que permite que ciudadanos con menos posibilidades disfruten de unas mejores condiciones de vida y conseguir que esta sociedad sea m\u00e1s justa m\u00e1s solidaria y m\u00e1s inclusiva\u201d, ha asegurado Faustino Blanco.<\/p>\n<p>El titular de Sanidad y el gerente de la Fundaci\u00f3n junto con el director general de Salud P\u00fablica, Julio Bruno, han recorrido esta ma\u00f1ana las instalaciones de la Fundaci\u00f3n el Oviedo y han mantenido diferentes encuentros con los equipos de profesionales de la entidad, as\u00ed como con alumnos y usuarios del centro.<\/p>\n<p>La Fundaci\u00f3n Vinjoy y la Consejer\u00eda de Sanidad colaboran desde hace m\u00e1s de 10 a\u00f1os en la plena inclusi\u00f3n en la sociedad de las personas con d\u00e9ficit auditivo, prestando un servicio integral a los menores con d\u00e9ficit auditivo infantil y permitiendo su desarrollo integral como personas.<\/p>\n<p>El Programa de Atenci\u00f3n al D\u00e9ficit Auditivo Infantil (PADAI), adem\u00e1s de la detecci\u00f3n temprana, incluye servicios como, atenci\u00f3n especializada en sordera, gabinete de audiopr\u00f3tesis, atenci\u00f3n logop\u00e9dica, banco de audiopr\u00f3tesis, rehabilitaci\u00f3n de los ni\u00f1os y ni\u00f1as con implante coclear, atenci\u00f3n a las familias, valoraci\u00f3n psicol\u00f3gica y seguimiento de los ni\u00f1os escolarizados con hipoacusia en los que participa de una manera destacada Instituto de Atenci\u00f3n Temprana y Seguimiento de la Fundaci\u00f3n Vinjoy, referente en nuestra comunidad aut\u00f3noma para la deficiencia auditiva y que cada vez trata m\u00e1s casos de comunidades lim\u00edtrofes. Todo ello se hace adem\u00e1s en colaboraci\u00f3n con las Consejer\u00edas de Educaci\u00f3n y Bienestar Social.<\/p>\n<p>Es un programa que, seg\u00fan explic\u00f3 el Consejero, realiza un cribado a los 7.000 ni\u00f1os que nacen en el Principado para la detecci\u00f3n de la sordera infantil cong\u00e9nita. Esto permite que cada a\u00f1o se detecten entre 30 o 40 casos anuales con alg\u00fan tipo de sordera de los que entre cuatro y seis casos anuales son casos severos. \u201cGracias este programa podemos resolver esta situaci\u00f3n y darles una alternativa de vida m\u00e1s integradora. Y esto solo es posible en un sistema p\u00fablico, un sistema solidario que est\u00e1 pensando para que los sanos sean solidarios con los enfermos, los j\u00f3venes con los mayores y los ricos con los que no lo son tanto. Esto es lo que queremos reflejar: el compromiso de un Gobierno con unas pol\u00edtica sociales y con un derecho de garant\u00eda social como es la sanidad\u201d, ha asegurado Faustino Blanco.<\/p>\n","protected":false},"excerpt":{"rendered":"<p>El consejero de Sanidad, Faustino Blanco, ha trasladado esta ma\u00f1ana a Adolfo Rivas, gerente de la Fundaci\u00f3n Vinjoy, y al conjunto de las personas que la integran el compromiso del Gobierno con esta entidad y su reconocimiento por la importante labor que hacen en el campo de la Sanidad, concretamente en el programa de detecci\u00f3n [&hellip;]<\/p>\n","protected":false},"author":1,"featured_media":1132184,"comment_status":"closed","ping_status":"open","sticky":false,"template":"","format":"standard","meta":{"footnotes":""},"categories":[1,12],"tags":[],"class_list":["post-480637","post","type-post","status-publish","format-standard","has-post-thumbnail","hentry","category-actualidad","category-actualidad-asturias"],"aioseo_notices":[],"aioseo_head":"\n\t\t<!-- All in One SEO Pro 5.0.1 - aioseo.com -->\n\t<meta name=\"description\" content=\"El consejero de Sanidad, Faustino Blanco, ha trasladado esta ma\u00f1ana a Adolfo Rivas, gerente de la Fundaci\u00f3n Vinjoy, y al conjunto de las personas que la integran el compromiso del Gobierno con esta entidad y su reconocimiento por la importante labor que hacen en el campo de la Sanidad, concretamente en el programa de detecci\u00f3n\" \/>\n\t<meta name=\"robots\" content=\"max-image-preview:large\" \/>\n\t<meta name=\"author\" content=\"El Digital de Asturias\"\/>\n\t<meta name=\"google-site-verification\" content=\"UA-38556648-1\" \/>\n\t<meta name=\"msvalidate.01\" content=\"7dfe9f3f1b24437ab69f4f2559babe99\" \/>\n\t<meta name=\"keywords\" content=\"actualidad,actualidad asturias\" \/>\n\t<link rel=\"canonical\" href=\"https:\/\/www.eldigitaldeasturias.com\/noticias\/faustino-blanco-elogia-el-trabajo-de-la-fundacion-vinjoy\/\" \/>\n\t<meta name=\"generator\" content=\"All in One SEO Pro (AIOSEO) 5.0.1\" \/>\n\t\t<meta property=\"og:locale\" content=\"es_ES\" \/>\n\t\t<meta property=\"og:site_name\" content=\"El Digital de Asturias\" \/>\n\t\t<meta property=\"og:type\" content=\"article\" \/>\n\t\t<meta property=\"og:title\" content=\"Faustino Blanco elogia el trabajo de la Fundaci\u00f3n Vinjoy - El Digital de Asturias\" \/>\n\t\t<meta property=\"og:description\" content=\"El consejero de Sanidad, Faustino Blanco, ha trasladado esta ma\u00f1ana a Adolfo Rivas, gerente de la Fundaci\u00f3n Vinjoy, y al conjunto de las personas que la integran el compromiso del Gobierno con esta entidad y su reconocimiento por la importante labor que hacen en el campo de la Sanidad, concretamente en el programa de detecci\u00f3n\" \/>\n\t\t<meta property=\"og:url\" content=\"https:\/\/www.eldigitaldeasturias.com\/noticias\/faustino-blanco-elogia-el-trabajo-de-la-fundacion-vinjoy\/\" \/>\n\t\t<meta property=\"og:image\" content=\"https:\/\/www.eldigitaldeasturias.com\/noticias\/wp-content\/uploads\/2026\/06\/Contenidos.jpg\" \/>\n\t\t<meta property=\"og:image:secure_url\" content=\"https:\/\/www.eldigitaldeasturias.com\/noticias\/wp-content\/uploads\/2026\/06\/Contenidos.jpg\" \/>\n\t\t<meta property=\"og:image:width\" content=\"1265\" \/>\n\t\t<meta property=\"og:image:height\" content=\"697\" \/>\n\t\t<meta property=\"article:tag\" content=\"actualidad\" \/>\n\t\t<meta property=\"article:tag\" content=\"actualidad asturias\" \/>\n\t\t<meta property=\"article:published_time\" content=\"2014-01-30T21:50:47+00:00\" \/>\n\t\t<meta property=\"article:modified_time\" content=\"2014-01-30T21:50:47+00:00\" \/>\n\t\t<meta property=\"article:publisher\" content=\"https:\/\/facebook.com\/eldigitaldeasturias\" \/>\n\t\t<meta name=\"twitter:card\" content=\"summary_large_image\" \/>\n\t\t<meta name=\"twitter:title\" content=\"Faustino Blanco elogia el trabajo de la Fundaci\u00f3n Vinjoy - El Digital de Asturias\" \/>\n\t\t<meta name=\"twitter:description\" content=\"El consejero de Sanidad, Faustino Blanco, ha trasladado esta ma\u00f1ana a Adolfo Rivas, gerente de la Fundaci\u00f3n Vinjoy, y al conjunto de las personas que la integran el compromiso del Gobierno con esta entidad y su reconocimiento por la importante labor que hacen en el campo de la Sanidad, concretamente en el programa de detecci\u00f3n\" \/>\n\t\t<meta name=\"twitter:image\" content=\"https:\/\/www.eldigitaldeasturias.com\/noticias\/wp-content\/uploads\/2026\/06\/Contenidos.jpg\" \/>\n\t\t<meta name=\"twitter:label1\" content=\"Escrito por\" \/>\n\t\t<meta name=\"twitter:data1\" content=\"El Digital de Asturias\" \/>\n\t\t<meta name=\"twitter:label2\" content=\"Tiempo de lectura estimado\" \/>\n\t\t<meta name=\"twitter:data2\" content=\"3 minutos\" \/>\n\t\t<script type=\"application\/ld+json\" class=\"aioseo-schema\">\n\t\t\t{\"@context\":\"https:\\\/\\\/schema.org\",\"@graph\":[{\"@type\":\"BlogPosting\",\"@id\":\"https:\\\/\\\/www.eldigitaldeasturias.com\\\/noticias\\\/faustino-blanco-elogia-el-trabajo-de-la-fundacion-vinjoy\\\/#blogposting\",\"name\":\"Faustino Blanco elogia el trabajo de la Fundaci\\u00f3n Vinjoy - El Digital de Asturias\",\"headline\":\"Faustino Blanco elogia el trabajo de la Fundaci\\u00f3n Vinjoy\",\"author\":{\"@id\":\"https:\\\/\\\/www.eldigitaldeasturias.com\\\/noticias\\\/author\\\/admin\\\/#author\"},\"publisher\":{\"@id\":\"https:\\\/\\\/www.eldigitaldeasturias.com\\\/noticias\\\/#organization\"},\"image\":{\"@type\":\"ImageObject\",\"url\":\"https:\\\/\\\/www.eldigitaldeasturias.com\\\/noticias\\\/wp-content\\\/uploads\\\/2026\\\/06\\\/Contenidos.jpg\",\"width\":1265,\"height\":697,\"caption\":\"Contenidos\"},\"datePublished\":\"2014-01-30T20:50:47+01:00\",\"dateModified\":\"2014-01-30T20:50:47+01:00\",\"inLanguage\":\"es-ES\",\"mainEntityOfPage\":{\"@id\":\"https:\\\/\\\/www.eldigitaldeasturias.com\\\/noticias\\\/faustino-blanco-elogia-el-trabajo-de-la-fundacion-vinjoy\\\/#webpage\"},\"isPartOf\":{\"@id\":\"https:\\\/\\\/www.eldigitaldeasturias.com\\\/noticias\\\/faustino-blanco-elogia-el-trabajo-de-la-fundacion-vinjoy\\\/#webpage\"},\"articleSection\":\"Actualidad, Actualidad Asturias\"},{\"@type\":\"BreadcrumbList\",\"@id\":\"https:\\\/\\\/www.eldigitaldeasturias.com\\\/noticias\\\/faustino-blanco-elogia-el-trabajo-de-la-fundacion-vinjoy\\\/#breadcrumblist\",\"itemListElement\":[{\"@type\":\"ListItem\",\"@id\":\"https:\\\/\\\/www.eldigitaldeasturias.com\\\/noticias#listItem\",\"position\":1,\"name\":\"Home\",\"item\":\"https:\\\/\\\/www.eldigitaldeasturias.com\\\/noticias\",\"nextItem\":{\"@type\":\"ListItem\",\"@id\":\"https:\\\/\\\/www.eldigitaldeasturias.com\\\/noticias\\\/category\\\/actualidad\\\/#listItem\",\"name\":\"Actualidad\"}},{\"@type\":\"ListItem\",\"@id\":\"https:\\\/\\\/www.eldigitaldeasturias.com\\\/noticias\\\/category\\\/actualidad\\\/#listItem\",\"position\":2,\"name\":\"Actualidad\",\"item\":\"https:\\\/\\\/www.eldigitaldeasturias.com\\\/noticias\\\/category\\\/actualidad\\\/\",\"nextItem\":{\"@type\":\"ListItem\",\"@id\":\"https:\\\/\\\/www.eldigitaldeasturias.com\\\/noticias\\\/faustino-blanco-elogia-el-trabajo-de-la-fundacion-vinjoy\\\/#listItem\",\"name\":\"Faustino Blanco elogia el trabajo de la Fundaci\\u00f3n Vinjoy\"},\"previousItem\":{\"@type\":\"ListItem\",\"@id\":\"https:\\\/\\\/www.eldigitaldeasturias.com\\\/noticias#listItem\",\"name\":\"Home\"}},{\"@type\":\"ListItem\",\"@id\":\"https:\\\/\\\/www.eldigitaldeasturias.com\\\/noticias\\\/faustino-blanco-elogia-el-trabajo-de-la-fundacion-vinjoy\\\/#listItem\",\"position\":3,\"name\":\"Faustino Blanco elogia el trabajo de la Fundaci\\u00f3n Vinjoy\",\"previousItem\":{\"@type\":\"ListItem\",\"@id\":\"https:\\\/\\\/www.eldigitaldeasturias.com\\\/noticias\\\/category\\\/actualidad\\\/#listItem\",\"name\":\"Actualidad\"}}]},{\"@type\":\"Organization\",\"@id\":\"https:\\\/\\\/www.eldigitaldeasturias.com\\\/noticias\\\/#organization\",\"name\":\"El Digital de Asturias\",\"description\":\"Hemeroteca\",\"url\":\"https:\\\/\\\/www.eldigitaldeasturias.com\\\/noticias\\\/\",\"email\":\"info@eldigitaldeasturias.com\",\"telephone\":\"+34652131393\",\"logo\":{\"@type\":\"ImageObject\",\"url\":\"https:\\\/\\\/www.eldigitaldeasturias.com\\\/noticias\\\/wp-content\\\/uploads\\\/2020\\\/12\\\/EDA.jpg\",\"@id\":\"https:\\\/\\\/www.eldigitaldeasturias.com\\\/noticias\\\/faustino-blanco-elogia-el-trabajo-de-la-fundacion-vinjoy\\\/#organizationLogo\"},\"image\":{\"@id\":\"https:\\\/\\\/www.eldigitaldeasturias.com\\\/noticias\\\/faustino-blanco-elogia-el-trabajo-de-la-fundacion-vinjoy\\\/#organizationLogo\"},\"sameAs\":[\"https:\\\/\\\/facebook.com\\\/eldigitaldeasturias\",\"https:\\\/\\\/www.youtube.com\\\/channel\\\/UCZP-2wLEB9Rv6erhFmqVnvg\"],\"address\":{\"@id\":\"https:\\\/\\\/www.eldigitaldeasturias.com\\\/noticias\\\/#postaladdress\",\"@type\":\"PostalAddress\",\"streetAddress\":\"san antonio 4\",\"postalCode\":\"33430\",\"addressLocality\":\"Cand\\u00e1s\",\"addressRegion\":\"Asturias\",\"addressCountry\":\"ES\"}},{\"@type\":\"Person\",\"@id\":\"https:\\\/\\\/www.eldigitaldeasturias.com\\\/noticias\\\/author\\\/admin\\\/#author\",\"url\":\"https:\\\/\\\/www.eldigitaldeasturias.com\\\/noticias\\\/author\\\/admin\\\/\",\"name\":\"El Digital de Asturias\",\"image\":{\"@type\":\"ImageObject\",\"@id\":\"https:\\\/\\\/www.eldigitaldeasturias.com\\\/noticias\\\/faustino-blanco-elogia-el-trabajo-de-la-fundacion-vinjoy\\\/#authorImage\",\"url\":\"https:\\\/\\\/secure.gravatar.com\\\/avatar\\\/df2aeffc32bcd13f8d26072ef8a91b623d677766deac7f97ca815868cd41bf5e?s=96&d=mm&r=g\",\"width\":96,\"height\":96,\"caption\":\"El Digital de Asturias\"}},{\"@type\":\"WebPage\",\"@id\":\"https:\\\/\\\/www.eldigitaldeasturias.com\\\/noticias\\\/faustino-blanco-elogia-el-trabajo-de-la-fundacion-vinjoy\\\/#webpage\",\"url\":\"https:\\\/\\\/www.eldigitaldeasturias.com\\\/noticias\\\/faustino-blanco-elogia-el-trabajo-de-la-fundacion-vinjoy\\\/\",\"name\":\"Faustino Blanco elogia el trabajo de la Fundaci\\u00f3n Vinjoy - El Digital de Asturias\",\"description\":\"El consejero de Sanidad, Faustino Blanco, ha trasladado esta ma\\u00f1ana a Adolfo Rivas, gerente de la Fundaci\\u00f3n Vinjoy, y al conjunto de las personas que la integran el compromiso del Gobierno con esta entidad y su reconocimiento por la importante labor que hacen en el campo de la Sanidad, concretamente en el programa de detecci\\u00f3n\",\"inLanguage\":\"es-ES\",\"isPartOf\":{\"@id\":\"https:\\\/\\\/www.eldigitaldeasturias.com\\\/noticias\\\/#website\"},\"breadcrumb\":{\"@id\":\"https:\\\/\\\/www.eldigitaldeasturias.com\\\/noticias\\\/faustino-blanco-elogia-el-trabajo-de-la-fundacion-vinjoy\\\/#breadcrumblist\"},\"author\":{\"@id\":\"https:\\\/\\\/www.eldigitaldeasturias.com\\\/noticias\\\/author\\\/admin\\\/#author\"},\"creator\":{\"@id\":\"https:\\\/\\\/www.eldigitaldeasturias.com\\\/noticias\\\/author\\\/admin\\\/#author\"},\"image\":{\"@type\":\"ImageObject\",\"url\":\"https:\\\/\\\/www.eldigitaldeasturias.com\\\/noticias\\\/wp-content\\\/uploads\\\/2026\\\/06\\\/Contenidos.jpg\",\"@id\":\"https:\\\/\\\/www.eldigitaldeasturias.com\\\/noticias\\\/faustino-blanco-elogia-el-trabajo-de-la-fundacion-vinjoy\\\/#mainImage\",\"width\":1265,\"height\":697,\"caption\":\"Contenidos\"},\"primaryImageOfPage\":{\"@id\":\"https:\\\/\\\/www.eldigitaldeasturias.com\\\/noticias\\\/faustino-blanco-elogia-el-trabajo-de-la-fundacion-vinjoy\\\/#mainImage\"},\"datePublished\":\"2014-01-30T20:50:47+01:00\",\"dateModified\":\"2014-01-30T20:50:47+01:00\"},{\"@type\":\"WebSite\",\"@id\":\"https:\\\/\\\/www.eldigitaldeasturias.com\\\/noticias\\\/#website\",\"url\":\"https:\\\/\\\/www.eldigitaldeasturias.com\\\/noticias\\\/\",\"name\":\"El Digital de Asturias - Diario de actualidad y noticias\",\"alternateName\":\"El Digital de Asturias - Diario de actualidad y noticias\",\"description\":\"Hemeroteca\",\"inLanguage\":\"es-ES\",\"publisher\":{\"@id\":\"https:\\\/\\\/www.eldigitaldeasturias.com\\\/noticias\\\/#organization\"}}]}\n\t\t<\/script>\n\t\t<!-- All in One SEO Pro -->\r\n\t\t<title>Faustino Blanco elogia el trabajo de la Fundaci\u00f3n Vinjoy - El Digital de Asturias<\/title>\n\n","aioseo_head_json":{"title":"Faustino Blanco elogia el trabajo de la Fundaci\u00f3n Vinjoy - El Digital de Asturias","description":"El consejero de Sanidad, Faustino Blanco, ha trasladado esta ma\u00f1ana a Adolfo Rivas, gerente de la Fundaci\u00f3n Vinjoy, y al conjunto de las personas que la integran el compromiso del Gobierno con esta entidad y su reconocimiento por la importante labor que hacen en el campo de la Sanidad, concretamente en el programa de detecci\u00f3n","canonical_url":"https:\/\/www.eldigitaldeasturias.com\/noticias\/faustino-blanco-elogia-el-trabajo-de-la-fundacion-vinjoy\/","robots":"max-image-preview:large","keywords":"actualidad,actualidad asturias","webmasterTools":{"google-site-verification":"UA-38556648-1","msvalidate.01":"7dfe9f3f1b24437ab69f4f2559babe99","miscellaneous":""},"schema":{"@context":"https:\/\/schema.org","@graph":[{"@type":"BlogPosting","@id":"https:\/\/www.eldigitaldeasturias.com\/noticias\/faustino-blanco-elogia-el-trabajo-de-la-fundacion-vinjoy\/#blogposting","name":"Faustino Blanco elogia el trabajo de la Fundaci\u00f3n Vinjoy - El Digital de Asturias","headline":"Faustino Blanco elogia el trabajo de la Fundaci\u00f3n Vinjoy","author":{"@id":"https:\/\/www.eldigitaldeasturias.com\/noticias\/author\/admin\/#author"},"publisher":{"@id":"https:\/\/www.eldigitaldeasturias.com\/noticias\/#organization"},"image":{"@type":"ImageObject","url":"https:\/\/www.eldigitaldeasturias.com\/noticias\/wp-content\/uploads\/2026\/06\/Contenidos.jpg","width":1265,"height":697,"caption":"Contenidos"},"datePublished":"2014-01-30T20:50:47+01:00","dateModified":"2014-01-30T20:50:47+01:00","inLanguage":"es-ES","mainEntityOfPage":{"@id":"https:\/\/www.eldigitaldeasturias.com\/noticias\/faustino-blanco-elogia-el-trabajo-de-la-fundacion-vinjoy\/#webpage"},"isPartOf":{"@id":"https:\/\/www.eldigitaldeasturias.com\/noticias\/faustino-blanco-elogia-el-trabajo-de-la-fundacion-vinjoy\/#webpage"},"articleSection":"Actualidad, Actualidad Asturias"},{"@type":"BreadcrumbList","@id":"https:\/\/www.eldigitaldeasturias.com\/noticias\/faustino-blanco-elogia-el-trabajo-de-la-fundacion-vinjoy\/#breadcrumblist","itemListElement":[{"@type":"ListItem","@id":"https:\/\/www.eldigitaldeasturias.com\/noticias#listItem","position":1,"name":"Home","item":"https:\/\/www.eldigitaldeasturias.com\/noticias","nextItem":{"@type":"ListItem","@id":"https:\/\/www.eldigitaldeasturias.com\/noticias\/category\/actualidad\/#listItem","name":"Actualidad"}},{"@type":"ListItem","@id":"https:\/\/www.eldigitaldeasturias.com\/noticias\/category\/actualidad\/#listItem","position":2,"name":"Actualidad","item":"https:\/\/www.eldigitaldeasturias.com\/noticias\/category\/actualidad\/","nextItem":{"@type":"ListItem","@id":"https:\/\/www.eldigitaldeasturias.com\/noticias\/faustino-blanco-elogia-el-trabajo-de-la-fundacion-vinjoy\/#listItem","name":"Faustino Blanco elogia el trabajo de la Fundaci\u00f3n Vinjoy"},"previousItem":{"@type":"ListItem","@id":"https:\/\/www.eldigitaldeasturias.com\/noticias#listItem","name":"Home"}},{"@type":"ListItem","@id":"https:\/\/www.eldigitaldeasturias.com\/noticias\/faustino-blanco-elogia-el-trabajo-de-la-fundacion-vinjoy\/#listItem","position":3,"name":"Faustino Blanco elogia el trabajo de la Fundaci\u00f3n Vinjoy","previousItem":{"@type":"ListItem","@id":"https:\/\/www.eldigitaldeasturias.com\/noticias\/category\/actualidad\/#listItem","name":"Actualidad"}}]},{"@type":"Organization","@id":"https:\/\/www.eldigitaldeasturias.com\/noticias\/#organization","name":"El Digital de Asturias","description":"Hemeroteca","url":"https:\/\/www.eldigitaldeasturias.com\/noticias\/","email":"info@eldigitaldeasturias.com","telephone":"+34652131393","logo":{"@type":"ImageObject","url":"https:\/\/www.eldigitaldeasturias.com\/noticias\/wp-content\/uploads\/2020\/12\/EDA.jpg","@id":"https:\/\/www.eldigitaldeasturias.com\/noticias\/faustino-blanco-elogia-el-trabajo-de-la-fundacion-vinjoy\/#organizationLogo"},"image":{"@id":"https:\/\/www.eldigitaldeasturias.com\/noticias\/faustino-blanco-elogia-el-trabajo-de-la-fundacion-vinjoy\/#organizationLogo"},"sameAs":["https:\/\/facebook.com\/eldigitaldeasturias","https:\/\/www.youtube.com\/channel\/UCZP-2wLEB9Rv6erhFmqVnvg"],"address":{"@id":"https:\/\/www.eldigitaldeasturias.com\/noticias\/#postaladdress","@type":"PostalAddress","streetAddress":"san antonio 4","postalCode":"33430","addressLocality":"Cand\u00e1s","addressRegion":"Asturias","addressCountry":"ES"}},{"@type":"Person","@id":"https:\/\/www.eldigitaldeasturias.com\/noticias\/author\/admin\/#author","url":"https:\/\/www.eldigitaldeasturias.com\/noticias\/author\/admin\/","name":"El Digital de Asturias","image":{"@type":"ImageObject","@id":"https:\/\/www.eldigitaldeasturias.com\/noticias\/faustino-blanco-elogia-el-trabajo-de-la-fundacion-vinjoy\/#authorImage","url":"https:\/\/secure.gravatar.com\/avatar\/df2aeffc32bcd13f8d26072ef8a91b623d677766deac7f97ca815868cd41bf5e?s=96&d=mm&r=g","width":96,"height":96,"caption":"El Digital de Asturias"}},{"@type":"WebPage","@id":"https:\/\/www.eldigitaldeasturias.com\/noticias\/faustino-blanco-elogia-el-trabajo-de-la-fundacion-vinjoy\/#webpage","url":"https:\/\/www.eldigitaldeasturias.com\/noticias\/faustino-blanco-elogia-el-trabajo-de-la-fundacion-vinjoy\/","name":"Faustino Blanco elogia el trabajo de la Fundaci\u00f3n Vinjoy - El Digital de Asturias","description":"El consejero de Sanidad, Faustino Blanco, ha trasladado esta ma\u00f1ana a Adolfo Rivas, gerente de la Fundaci\u00f3n Vinjoy, y al conjunto de las personas que la integran el compromiso del Gobierno con esta entidad y su reconocimiento por la importante labor que hacen en el campo de la Sanidad, concretamente en el programa de detecci\u00f3n","inLanguage":"es-ES","isPartOf":{"@id":"https:\/\/www.eldigitaldeasturias.com\/noticias\/#website"},"breadcrumb":{"@id":"https:\/\/www.eldigitaldeasturias.com\/noticias\/faustino-blanco-elogia-el-trabajo-de-la-fundacion-vinjoy\/#breadcrumblist"},"author":{"@id":"https:\/\/www.eldigitaldeasturias.com\/noticias\/author\/admin\/#author"},"creator":{"@id":"https:\/\/www.eldigitaldeasturias.com\/noticias\/author\/admin\/#author"},"image":{"@type":"ImageObject","url":"https:\/\/www.eldigitaldeasturias.com\/noticias\/wp-content\/uploads\/2026\/06\/Contenidos.jpg","@id":"https:\/\/www.eldigitaldeasturias.com\/noticias\/faustino-blanco-elogia-el-trabajo-de-la-fundacion-vinjoy\/#mainImage","width":1265,"height":697,"caption":"Contenidos"},"primaryImageOfPage":{"@id":"https:\/\/www.eldigitaldeasturias.com\/noticias\/faustino-blanco-elogia-el-trabajo-de-la-fundacion-vinjoy\/#mainImage"},"datePublished":"2014-01-30T20:50:47+01:00","dateModified":"2014-01-30T20:50:47+01:00"},{"@type":"WebSite","@id":"https:\/\/www.eldigitaldeasturias.com\/noticias\/#website","url":"https:\/\/www.eldigitaldeasturias.com\/noticias\/","name":"El Digital de Asturias - Diario de actualidad y noticias","alternateName":"El Digital de Asturias - Diario de actualidad y noticias","description":"Hemeroteca","inLanguage":"es-ES","publisher":{"@id":"https:\/\/www.eldigitaldeasturias.com\/noticias\/#organization"}}]},"og:locale":"es_ES","og:site_name":"El Digital de Asturias","og:type":"article","og:title":"Faustino Blanco elogia el trabajo de la Fundaci\u00f3n Vinjoy - El Digital de Asturias","og:description":"El consejero de Sanidad, Faustino Blanco, ha trasladado esta ma\u00f1ana a Adolfo Rivas, gerente de la Fundaci\u00f3n Vinjoy, y al conjunto de las personas que la integran el compromiso del Gobierno con esta entidad y su reconocimiento por la importante labor que hacen en el campo de la Sanidad, concretamente en el programa de detecci\u00f3n","og:url":"https:\/\/www.eldigitaldeasturias.com\/noticias\/faustino-blanco-elogia-el-trabajo-de-la-fundacion-vinjoy\/","og:image":"https:\/\/www.eldigitaldeasturias.com\/noticias\/wp-content\/uploads\/2026\/06\/Contenidos.jpg","og:image:secure_url":"https:\/\/www.eldigitaldeasturias.com\/noticias\/wp-content\/uploads\/2026\/06\/Contenidos.jpg","og:image:width":1265,"og:image:height":697,"article:tag":["actualidad","actualidad asturias"],"article:published_time":"2014-01-30T21:50:47+00:00","article:modified_time":"2014-01-30T21:50:47+00:00","article:publisher":"https:\/\/facebook.com\/eldigitaldeasturias","twitter:card":"summary_large_image","twitter:title":"Faustino Blanco elogia el trabajo de la Fundaci\u00f3n Vinjoy - El Digital de Asturias","twitter:description":"El consejero de Sanidad, Faustino Blanco, ha trasladado esta ma\u00f1ana a Adolfo Rivas, gerente de la Fundaci\u00f3n Vinjoy, y al conjunto de las personas que la integran el compromiso del Gobierno con esta entidad y su reconocimiento por la importante labor que hacen en el campo de la Sanidad, concretamente en el programa de detecci\u00f3n","twitter:image":"https:\/\/www.eldigitaldeasturias.com\/noticias\/wp-content\/uploads\/2026\/06\/Contenidos.jpg","twitter:label1":"Escrito por","twitter:data1":"El Digital de Asturias","twitter:label2":"Tiempo de lectura estimado","twitter:data2":"3 minutos"},"aioseo_meta_data":{"post_id":"480637","title":null,"description":null,"keywords":null,"keyphrases":null,"primary_term":null,"canonical_url":null,"og_title":null,"og_description":null,"og_object_type":"default","og_image_type":"default","og_image_url":null,"og_image_width":null,"og_image_height":null,"og_image_custom_url":null,"og_image_custom_fields":null,"og_video":null,"og_custom_url":null,"og_article_section":null,"og_article_tags":null,"twitter_use_og":true,"twitter_card":"default","twitter_image_type":"default","twitter_image_url":null,"twitter_image_custom_url":null,"twitter_image_custom_fields":null,"twitter_title":null,"twitter_description":null,"schema":{"blockGraphs":[],"customGraphs":[],"default":{"data":{"Article":[],"Course":[],"Dataset":[],"FAQPage":[],"Movie":[],"Person":[],"Product":[],"ProductReview":[],"Car":[],"Recipe":[],"Service":[],"SoftwareApplication":[],"WebPage":[]},"graphName":"","isEnabled":true},"graphs":[],"defaultGraph":"","defaultPostTypeGraph":""},"schema_type":null,"schema_type_options":null,"pillar_content":false,"robots_default":true,"robots_noindex":false,"robots_noarchive":false,"robots_nosnippet":false,"robots_nofollow":false,"robots_noimageindex":false,"robots_noodp":false,"robots_notranslate":false,"robots_max_snippet":null,"robots_max_videopreview":null,"robots_max_imagepreview":"none","priority":null,"frequency":null,"local_seo":null,"seo_analyzer_scan_date":"2026-06-02 04:21:49","breadcrumb_settings":null,"limit_modified_date":false,"open_ai":null,"ai":null,"created":"2020-11-14 22:54:13","updated":"2026-06-02 04:21:49","focus_keyword":null,"additional_keywords":null,"truseo_locale":null},"aioseo_breadcrumb":"<div class=\"aioseo-breadcrumbs\"><span class=\"aioseo-breadcrumb\">\n\t<a href=\"https:\/\/www.eldigitaldeasturias.com\/noticias\" title=\"Home\">Home<\/a>\n<\/span><span class=\"aioseo-breadcrumb-separator\">\u2013<\/span><span class=\"aioseo-breadcrumb\">\n\t<a href=\"https:\/\/www.eldigitaldeasturias.com\/noticias\/category\/actualidad\/\" title=\"Actualidad\">Actualidad<\/a>\n<\/span><span class=\"aioseo-breadcrumb-separator\">\u2013<\/span><span class=\"aioseo-breadcrumb\">\n\t<a href=\"https:\/\/www.eldigitaldeasturias.com\/noticias\/faustino-blanco-elogia-el-trabajo-de-la-fundacion-vinjoy\/\" title=\"Faustino Blanco elogia el trabajo de la Fundaci\u00f3n Vinjoy\">Faustino Blanco elogia el trabajo de la Fundaci\u00f3n Vinjoy<\/a>\n<\/span><\/div>","aioseo_breadcrumb_json":[{"label":"Home","link":"https:\/\/www.eldigitaldeasturias.com\/noticias"},{"label":"Actualidad","link":"https:\/\/www.eldigitaldeasturias.com\/noticias\/category\/actualidad\/"},{"label":"Faustino Blanco elogia el trabajo de la Fundaci\u00f3n Vinjoy","link":"https:\/\/www.eldigitaldeasturias.com\/noticias\/faustino-blanco-elogia-el-trabajo-de-la-fundacion-vinjoy\/"}],"_links":{"self":[{"href":"https:\/\/www.eldigitaldeasturias.com\/noticias\/wp-json\/wp\/v2\/posts\/480637","targetHints":{"allow":["GET"]}}],"collection":[{"href":"https:\/\/www.eldigitaldeasturias.com\/noticias\/wp-json\/wp\/v2\/posts"}],"about":[{"href":"https:\/\/www.eldigitaldeasturias.com\/noticias\/wp-json\/wp\/v2\/types\/post"}],"author":[{"embeddable":true,"href":"https:\/\/www.eldigitaldeasturias.com\/noticias\/wp-json\/wp\/v2\/users\/1"}],"replies":[{"embeddable":true,"href":"https:\/\/www.eldigitaldeasturias.com\/noticias\/wp-json\/wp\/v2\/comments?post=480637"}],"version-history":[{"count":0,"href":"https:\/\/www.eldigitaldeasturias.com\/noticias\/wp-json\/wp\/v2\/posts\/480637\/revisions"}],"wp:featuredmedia":[{"embeddable":true,"href":"https:\/\/www.eldigitaldeasturias.com\/noticias\/wp-json\/wp\/v2\/media\/1132184"}],"wp:attachment":[{"href":"https:\/\/www.eldigitaldeasturias.com\/noticias\/wp-json\/wp\/v2\/media?parent=480637"}],"wp:term":[{"taxonomy":"category","embeddable":true,"href":"https:\/\/www.eldigitaldeasturias.com\/noticias\/wp-json\/wp\/v2\/categories?post=480637"},{"taxonomy":"post_tag","embeddable":true,"href":"https:\/\/www.eldigitaldeasturias.com\/noticias\/wp-json\/wp\/v2\/tags?post=480637"}],"curies":[{"name":"wp","href":"https:\/\/api.w.org\/{rel}","templated":true}]}}