{"id":480628,"date":"2014-01-30T20:41:30","date_gmt":"2014-01-30T21:41:30","guid":{"rendered":"http:\/\/www.eldigitaldeasturias.com\/noticias\/?p=480628"},"modified":"2014-01-30T20:41:30","modified_gmt":"2014-01-30T21:41:30","slug":"nacho-cases-seguira-cuatro-temporadas-mas-en-el-sporting","status":"publish","type":"post","link":"https:\/\/www.eldigitaldeasturias.com\/noticias\/nacho-cases-seguira-cuatro-temporadas-mas-en-el-sporting\/","title":{"rendered":"Nacho Cases seguir\u00e1 cuatro temporadas m\u00e1s en el Sporting"},"content":{"rendered":"<p><img loading=\"lazy\" decoding=\"async\" class=\"alignleft size-medium wp-image-480629\" alt=\"MOLINON\" src=\"https:\/\/www.eldigitaldeasturias.com\/noticias\/wp-content\/uploads\/2014\/01\/MOLINON-360x202.jpg\" width=\"360\" height=\"202\" \/>Gij\u00f3n, 30 ene (EFE).- El Sporting cerr\u00f3 la renovaci\u00f3n del centrocampista Nacho Cases por cuatro temporadas apenas 24 horas despu\u00e9s de haberlo hecho con el lateral Alberto Lora, dos hombres importantes y que disponen de muchos minutos poniendo de esta manera fin a los rumores que apuntaban la marcha de ambos.<\/p>\n<p>Cases tendr\u00e1 una cl\u00e1usula de rescisi\u00f3n de 3 millones de euros en Segunda divisi\u00f3n y de 12 en Primera, seg\u00fan los datos facilitados por el club gijon\u00e9s en el comunicado que anunciaba el acuerdo.<\/p>\n<p>Nacho Cases, el hombre que lleva la batuta del equipo en el centro del campo, se ha formado en las categor\u00edas inferiores del club, lo que le ha convertido en una de las referencias para la cantera tanto por su juego como por su implicaci\u00f3n en el equipo.<\/p>\n<p>El futbolista siempre hab\u00eda manifestado su deseo de continuar su vida deportiva en el Sporting pero las negociaciones no acababan de cerrarse, lo que se produjo esta ma\u00f1ana a plena satisfacci\u00f3n de ambas partes.<\/p>\n<p>Con la renovaci\u00f3n hoy de Cases y ayer la de Lora, el Sporting se asegura la continuidad de dos hombres importantes para todos los entrenadores que han pasado por el primer equipo en las \u00faltimas temporadas y que adem\u00e1s son de los preferidos por la afici\u00f3n por su entrega en cada partido.<\/p>\n<p>Mientras tanto la plantilla rojiblanca se ha ejercitado esta ma\u00f1ana en las instalaciones de Mareo para preparar el partido del pr\u00f3ximo domingo ante el Mallorca para el que Sandoval s\u00f3lo tendr\u00e1 la baja de Cristian Bustos, al que a\u00fan le quedan algunos d\u00edas para estar totalmente recuperado de su lesi\u00f3n.<\/p>\n<p>El entrenador rojiblanco recupera a cuatro jugadores -Cases, Lora, Iv\u00e1n Hern\u00e1ndez y Carmona-, para el partido ante el conjunto balear, y todo hace indicar que Nacho Cases recuperar\u00e1 un puesto en el equipo titular mientras que tambi\u00e9n tiene opciones de hacerlo Carmona en lugar de Santi Jara, algo que Sandoval ya baraj\u00f3 la pasada jornada ante el Recreativo de Huelva.<\/p>\n<p>Esta ma\u00f1ana ha visitado\u00a0 Mareo el ex-jugador del Sporting Alfredo Megido, ahora radicado en Cuba, y que se encuentra en Gij\u00f3n en una visita auspiciada por la Asociaci\u00f3n de Veteranos del Sporting para recibir tratamiento de una afecci\u00f3n de coraz\u00f3n que padece.<\/p>\n<p>Megido, que form\u00f3 parte del mejor Sporting de la historia, se ha reencontrado el que fuera su compa\u00f1ero en la delantera Enrique Castro \u00abQuini\u00bb, con el que ha recordado viejos tiempos y an\u00e9cdotas 30 a\u00f1os despu\u00e9s de que el exrojiblanco visitara por \u00faltima vez Gij\u00f3n, cuya ciudad ha encontrado completamente cambiado.<\/p>\n","protected":false},"excerpt":{"rendered":"<p>Gij\u00f3n, 30 ene (EFE).- El Sporting cerr\u00f3 la renovaci\u00f3n del centrocampista Nacho Cases por cuatro temporadas apenas 24 horas despu\u00e9s de haberlo hecho con el lateral Alberto Lora, dos hombres importantes y que disponen de muchos minutos poniendo de esta manera fin a los rumores que apuntaban la marcha de ambos. Cases tendr\u00e1 una cl\u00e1usula [&hellip;]<\/p>\n","protected":false},"author":1,"featured_media":1132184,"comment_status":"closed","ping_status":"open","sticky":false,"template":"","format":"standard","meta":{"footnotes":""},"categories":[1],"tags":[],"class_list":["post-480628","post","type-post","status-publish","format-standard","has-post-thumbnail","hentry","category-actualidad"],"aioseo_notices":[],"aioseo_head":"\n\t\t<!-- All in One SEO Pro 5.0.1 - aioseo.com -->\n\t<meta name=\"description\" content=\"Gij\u00f3n, 30 ene (EFE).- El Sporting cerr\u00f3 la renovaci\u00f3n del centrocampista Nacho Cases por cuatro temporadas apenas 24 horas despu\u00e9s de haberlo hecho con el lateral Alberto Lora, dos hombres importantes y que disponen de muchos minutos poniendo de esta manera fin a los rumores que apuntaban la marcha de ambos. Cases tendr\u00e1 una cl\u00e1usula\" \/>\n\t<meta name=\"robots\" content=\"max-image-preview:large\" \/>\n\t<meta name=\"author\" content=\"El Digital de Asturias\"\/>\n\t<meta name=\"google-site-verification\" content=\"UA-38556648-1\" \/>\n\t<meta name=\"msvalidate.01\" content=\"7dfe9f3f1b24437ab69f4f2559babe99\" \/>\n\t<meta name=\"keywords\" content=\"actualidad\" \/>\n\t<link rel=\"canonical\" href=\"https:\/\/www.eldigitaldeasturias.com\/noticias\/nacho-cases-seguira-cuatro-temporadas-mas-en-el-sporting\/\" \/>\n\t<meta name=\"generator\" content=\"All in One SEO Pro (AIOSEO) 5.0.1\" \/>\n\t\t<meta property=\"og:locale\" content=\"es_ES\" \/>\n\t\t<meta property=\"og:site_name\" content=\"El Digital de Asturias\" \/>\n\t\t<meta property=\"og:type\" content=\"article\" \/>\n\t\t<meta property=\"og:title\" content=\"Nacho Cases seguir\u00e1 cuatro temporadas m\u00e1s en el Sporting - El Digital de Asturias\" \/>\n\t\t<meta property=\"og:description\" content=\"Gij\u00f3n, 30 ene (EFE).- El Sporting cerr\u00f3 la renovaci\u00f3n del centrocampista Nacho Cases por cuatro temporadas apenas 24 horas despu\u00e9s de haberlo hecho con el lateral Alberto Lora, dos hombres importantes y que disponen de muchos minutos poniendo de esta manera fin a los rumores que apuntaban la marcha de ambos. Cases tendr\u00e1 una cl\u00e1usula\" \/>\n\t\t<meta property=\"og:url\" content=\"https:\/\/www.eldigitaldeasturias.com\/noticias\/nacho-cases-seguira-cuatro-temporadas-mas-en-el-sporting\/\" \/>\n\t\t<meta property=\"og:image\" content=\"https:\/\/www.eldigitaldeasturias.com\/noticias\/wp-content\/uploads\/2026\/06\/Contenidos.jpg\" \/>\n\t\t<meta property=\"og:image:secure_url\" content=\"https:\/\/www.eldigitaldeasturias.com\/noticias\/wp-content\/uploads\/2026\/06\/Contenidos.jpg\" \/>\n\t\t<meta property=\"og:image:width\" content=\"1265\" \/>\n\t\t<meta property=\"og:image:height\" content=\"697\" \/>\n\t\t<meta property=\"article:tag\" content=\"actualidad\" \/>\n\t\t<meta property=\"article:published_time\" content=\"2014-01-30T21:41:30+00:00\" \/>\n\t\t<meta property=\"article:modified_time\" content=\"2014-01-30T21:41:30+00:00\" \/>\n\t\t<meta property=\"article:publisher\" content=\"https:\/\/facebook.com\/eldigitaldeasturias\" \/>\n\t\t<meta name=\"twitter:card\" content=\"summary_large_image\" \/>\n\t\t<meta name=\"twitter:title\" content=\"Nacho Cases seguir\u00e1 cuatro temporadas m\u00e1s en el Sporting - El Digital de Asturias\" \/>\n\t\t<meta name=\"twitter:description\" content=\"Gij\u00f3n, 30 ene (EFE).- El Sporting cerr\u00f3 la renovaci\u00f3n del centrocampista Nacho Cases por cuatro temporadas apenas 24 horas despu\u00e9s de haberlo hecho con el lateral Alberto Lora, dos hombres importantes y que disponen de muchos minutos poniendo de esta manera fin a los rumores que apuntaban la marcha de ambos. Cases tendr\u00e1 una cl\u00e1usula\" \/>\n\t\t<meta name=\"twitter:image\" content=\"https:\/\/www.eldigitaldeasturias.com\/noticias\/wp-content\/uploads\/2026\/06\/Contenidos.jpg\" \/>\n\t\t<meta name=\"twitter:label1\" content=\"Escrito por\" \/>\n\t\t<meta name=\"twitter:data1\" content=\"El Digital de Asturias\" \/>\n\t\t<meta name=\"twitter:label2\" content=\"Tiempo de lectura estimado\" \/>\n\t\t<meta name=\"twitter:data2\" content=\"2 minutos\" \/>\n\t\t<script type=\"application\/ld+json\" class=\"aioseo-schema\">\n\t\t\t{\"@context\":\"https:\\\/\\\/schema.org\",\"@graph\":[{\"@type\":\"BlogPosting\",\"@id\":\"https:\\\/\\\/www.eldigitaldeasturias.com\\\/noticias\\\/nacho-cases-seguira-cuatro-temporadas-mas-en-el-sporting\\\/#blogposting\",\"name\":\"Nacho Cases seguir\\u00e1 cuatro temporadas m\\u00e1s en el Sporting - El Digital de Asturias\",\"headline\":\"Nacho Cases seguir\\u00e1 cuatro temporadas m\\u00e1s en el Sporting\",\"author\":{\"@id\":\"https:\\\/\\\/www.eldigitaldeasturias.com\\\/noticias\\\/author\\\/admin\\\/#author\"},\"publisher\":{\"@id\":\"https:\\\/\\\/www.eldigitaldeasturias.com\\\/noticias\\\/#organization\"},\"image\":{\"@type\":\"ImageObject\",\"url\":\"https:\\\/\\\/www.eldigitaldeasturias.com\\\/noticias\\\/wp-content\\\/uploads\\\/2026\\\/06\\\/Contenidos.jpg\",\"width\":1265,\"height\":697,\"caption\":\"Contenidos\"},\"datePublished\":\"2014-01-30T20:41:30+01:00\",\"dateModified\":\"2014-01-30T20:41:30+01:00\",\"inLanguage\":\"es-ES\",\"mainEntityOfPage\":{\"@id\":\"https:\\\/\\\/www.eldigitaldeasturias.com\\\/noticias\\\/nacho-cases-seguira-cuatro-temporadas-mas-en-el-sporting\\\/#webpage\"},\"isPartOf\":{\"@id\":\"https:\\\/\\\/www.eldigitaldeasturias.com\\\/noticias\\\/nacho-cases-seguira-cuatro-temporadas-mas-en-el-sporting\\\/#webpage\"},\"articleSection\":\"Actualidad\"},{\"@type\":\"BreadcrumbList\",\"@id\":\"https:\\\/\\\/www.eldigitaldeasturias.com\\\/noticias\\\/nacho-cases-seguira-cuatro-temporadas-mas-en-el-sporting\\\/#breadcrumblist\",\"itemListElement\":[{\"@type\":\"ListItem\",\"@id\":\"https:\\\/\\\/www.eldigitaldeasturias.com\\\/noticias#listItem\",\"position\":1,\"name\":\"Home\",\"item\":\"https:\\\/\\\/www.eldigitaldeasturias.com\\\/noticias\",\"nextItem\":{\"@type\":\"ListItem\",\"@id\":\"https:\\\/\\\/www.eldigitaldeasturias.com\\\/noticias\\\/category\\\/actualidad\\\/#listItem\",\"name\":\"Actualidad\"}},{\"@type\":\"ListItem\",\"@id\":\"https:\\\/\\\/www.eldigitaldeasturias.com\\\/noticias\\\/category\\\/actualidad\\\/#listItem\",\"position\":2,\"name\":\"Actualidad\",\"item\":\"https:\\\/\\\/www.eldigitaldeasturias.com\\\/noticias\\\/category\\\/actualidad\\\/\",\"nextItem\":{\"@type\":\"ListItem\",\"@id\":\"https:\\\/\\\/www.eldigitaldeasturias.com\\\/noticias\\\/nacho-cases-seguira-cuatro-temporadas-mas-en-el-sporting\\\/#listItem\",\"name\":\"Nacho Cases seguir\\u00e1 cuatro temporadas m\\u00e1s en el Sporting\"},\"previousItem\":{\"@type\":\"ListItem\",\"@id\":\"https:\\\/\\\/www.eldigitaldeasturias.com\\\/noticias#listItem\",\"name\":\"Home\"}},{\"@type\":\"ListItem\",\"@id\":\"https:\\\/\\\/www.eldigitaldeasturias.com\\\/noticias\\\/nacho-cases-seguira-cuatro-temporadas-mas-en-el-sporting\\\/#listItem\",\"position\":3,\"name\":\"Nacho Cases seguir\\u00e1 cuatro temporadas m\\u00e1s en el Sporting\",\"previousItem\":{\"@type\":\"ListItem\",\"@id\":\"https:\\\/\\\/www.eldigitaldeasturias.com\\\/noticias\\\/category\\\/actualidad\\\/#listItem\",\"name\":\"Actualidad\"}}]},{\"@type\":\"Organization\",\"@id\":\"https:\\\/\\\/www.eldigitaldeasturias.com\\\/noticias\\\/#organization\",\"name\":\"El Digital de Asturias\",\"description\":\"Hemeroteca\",\"url\":\"https:\\\/\\\/www.eldigitaldeasturias.com\\\/noticias\\\/\",\"email\":\"info@eldigitaldeasturias.com\",\"telephone\":\"+34652131393\",\"logo\":{\"@type\":\"ImageObject\",\"url\":\"https:\\\/\\\/www.eldigitaldeasturias.com\\\/noticias\\\/wp-content\\\/uploads\\\/2020\\\/12\\\/EDA.jpg\",\"@id\":\"https:\\\/\\\/www.eldigitaldeasturias.com\\\/noticias\\\/nacho-cases-seguira-cuatro-temporadas-mas-en-el-sporting\\\/#organizationLogo\"},\"image\":{\"@id\":\"https:\\\/\\\/www.eldigitaldeasturias.com\\\/noticias\\\/nacho-cases-seguira-cuatro-temporadas-mas-en-el-sporting\\\/#organizationLogo\"},\"sameAs\":[\"https:\\\/\\\/facebook.com\\\/eldigitaldeasturias\",\"https:\\\/\\\/www.youtube.com\\\/channel\\\/UCZP-2wLEB9Rv6erhFmqVnvg\"],\"address\":{\"@id\":\"https:\\\/\\\/www.eldigitaldeasturias.com\\\/noticias\\\/#postaladdress\",\"@type\":\"PostalAddress\",\"streetAddress\":\"san antonio 4\",\"postalCode\":\"33430\",\"addressLocality\":\"Cand\\u00e1s\",\"addressRegion\":\"Asturias\",\"addressCountry\":\"ES\"}},{\"@type\":\"Person\",\"@id\":\"https:\\\/\\\/www.eldigitaldeasturias.com\\\/noticias\\\/author\\\/admin\\\/#author\",\"url\":\"https:\\\/\\\/www.eldigitaldeasturias.com\\\/noticias\\\/author\\\/admin\\\/\",\"name\":\"El Digital de Asturias\",\"image\":{\"@type\":\"ImageObject\",\"@id\":\"https:\\\/\\\/www.eldigitaldeasturias.com\\\/noticias\\\/nacho-cases-seguira-cuatro-temporadas-mas-en-el-sporting\\\/#authorImage\",\"url\":\"https:\\\/\\\/secure.gravatar.com\\\/avatar\\\/df2aeffc32bcd13f8d26072ef8a91b623d677766deac7f97ca815868cd41bf5e?s=96&d=mm&r=g\",\"width\":96,\"height\":96,\"caption\":\"El Digital de Asturias\"}},{\"@type\":\"WebPage\",\"@id\":\"https:\\\/\\\/www.eldigitaldeasturias.com\\\/noticias\\\/nacho-cases-seguira-cuatro-temporadas-mas-en-el-sporting\\\/#webpage\",\"url\":\"https:\\\/\\\/www.eldigitaldeasturias.com\\\/noticias\\\/nacho-cases-seguira-cuatro-temporadas-mas-en-el-sporting\\\/\",\"name\":\"Nacho Cases seguir\\u00e1 cuatro temporadas m\\u00e1s en el Sporting - El Digital de Asturias\",\"description\":\"Gij\\u00f3n, 30 ene (EFE).- El Sporting cerr\\u00f3 la renovaci\\u00f3n del centrocampista Nacho Cases por cuatro temporadas apenas 24 horas despu\\u00e9s de haberlo hecho con el lateral Alberto Lora, dos hombres importantes y que disponen de muchos minutos poniendo de esta manera fin a los rumores que apuntaban la marcha de ambos. Cases tendr\\u00e1 una cl\\u00e1usula\",\"inLanguage\":\"es-ES\",\"isPartOf\":{\"@id\":\"https:\\\/\\\/www.eldigitaldeasturias.com\\\/noticias\\\/#website\"},\"breadcrumb\":{\"@id\":\"https:\\\/\\\/www.eldigitaldeasturias.com\\\/noticias\\\/nacho-cases-seguira-cuatro-temporadas-mas-en-el-sporting\\\/#breadcrumblist\"},\"author\":{\"@id\":\"https:\\\/\\\/www.eldigitaldeasturias.com\\\/noticias\\\/author\\\/admin\\\/#author\"},\"creator\":{\"@id\":\"https:\\\/\\\/www.eldigitaldeasturias.com\\\/noticias\\\/author\\\/admin\\\/#author\"},\"image\":{\"@type\":\"ImageObject\",\"url\":\"https:\\\/\\\/www.eldigitaldeasturias.com\\\/noticias\\\/wp-content\\\/uploads\\\/2026\\\/06\\\/Contenidos.jpg\",\"@id\":\"https:\\\/\\\/www.eldigitaldeasturias.com\\\/noticias\\\/nacho-cases-seguira-cuatro-temporadas-mas-en-el-sporting\\\/#mainImage\",\"width\":1265,\"height\":697,\"caption\":\"Contenidos\"},\"primaryImageOfPage\":{\"@id\":\"https:\\\/\\\/www.eldigitaldeasturias.com\\\/noticias\\\/nacho-cases-seguira-cuatro-temporadas-mas-en-el-sporting\\\/#mainImage\"},\"datePublished\":\"2014-01-30T20:41:30+01:00\",\"dateModified\":\"2014-01-30T20:41:30+01:00\"},{\"@type\":\"WebSite\",\"@id\":\"https:\\\/\\\/www.eldigitaldeasturias.com\\\/noticias\\\/#website\",\"url\":\"https:\\\/\\\/www.eldigitaldeasturias.com\\\/noticias\\\/\",\"name\":\"El Digital de Asturias - Diario de actualidad y noticias\",\"alternateName\":\"El Digital de Asturias - Diario de actualidad y noticias\",\"description\":\"Hemeroteca\",\"inLanguage\":\"es-ES\",\"publisher\":{\"@id\":\"https:\\\/\\\/www.eldigitaldeasturias.com\\\/noticias\\\/#organization\"}}]}\n\t\t<\/script>\n\t\t<!-- All in One SEO Pro -->\r\n\t\t<title>Nacho Cases seguir\u00e1 cuatro temporadas m\u00e1s en el Sporting - El Digital de Asturias<\/title>\n\n","aioseo_head_json":{"title":"Nacho Cases seguir\u00e1 cuatro temporadas m\u00e1s en el Sporting - El Digital de Asturias","description":"Gij\u00f3n, 30 ene (EFE).- El Sporting cerr\u00f3 la renovaci\u00f3n del centrocampista Nacho Cases por cuatro temporadas apenas 24 horas despu\u00e9s de haberlo hecho con el lateral Alberto Lora, dos hombres importantes y que disponen de muchos minutos poniendo de esta manera fin a los rumores que apuntaban la marcha de ambos. Cases tendr\u00e1 una cl\u00e1usula","canonical_url":"https:\/\/www.eldigitaldeasturias.com\/noticias\/nacho-cases-seguira-cuatro-temporadas-mas-en-el-sporting\/","robots":"max-image-preview:large","keywords":"actualidad","webmasterTools":{"google-site-verification":"UA-38556648-1","msvalidate.01":"7dfe9f3f1b24437ab69f4f2559babe99","miscellaneous":""},"schema":{"@context":"https:\/\/schema.org","@graph":[{"@type":"BlogPosting","@id":"https:\/\/www.eldigitaldeasturias.com\/noticias\/nacho-cases-seguira-cuatro-temporadas-mas-en-el-sporting\/#blogposting","name":"Nacho Cases seguir\u00e1 cuatro temporadas m\u00e1s en el Sporting - El Digital de Asturias","headline":"Nacho Cases seguir\u00e1 cuatro temporadas m\u00e1s en el Sporting","author":{"@id":"https:\/\/www.eldigitaldeasturias.com\/noticias\/author\/admin\/#author"},"publisher":{"@id":"https:\/\/www.eldigitaldeasturias.com\/noticias\/#organization"},"image":{"@type":"ImageObject","url":"https:\/\/www.eldigitaldeasturias.com\/noticias\/wp-content\/uploads\/2026\/06\/Contenidos.jpg","width":1265,"height":697,"caption":"Contenidos"},"datePublished":"2014-01-30T20:41:30+01:00","dateModified":"2014-01-30T20:41:30+01:00","inLanguage":"es-ES","mainEntityOfPage":{"@id":"https:\/\/www.eldigitaldeasturias.com\/noticias\/nacho-cases-seguira-cuatro-temporadas-mas-en-el-sporting\/#webpage"},"isPartOf":{"@id":"https:\/\/www.eldigitaldeasturias.com\/noticias\/nacho-cases-seguira-cuatro-temporadas-mas-en-el-sporting\/#webpage"},"articleSection":"Actualidad"},{"@type":"BreadcrumbList","@id":"https:\/\/www.eldigitaldeasturias.com\/noticias\/nacho-cases-seguira-cuatro-temporadas-mas-en-el-sporting\/#breadcrumblist","itemListElement":[{"@type":"ListItem","@id":"https:\/\/www.eldigitaldeasturias.com\/noticias#listItem","position":1,"name":"Home","item":"https:\/\/www.eldigitaldeasturias.com\/noticias","nextItem":{"@type":"ListItem","@id":"https:\/\/www.eldigitaldeasturias.com\/noticias\/category\/actualidad\/#listItem","name":"Actualidad"}},{"@type":"ListItem","@id":"https:\/\/www.eldigitaldeasturias.com\/noticias\/category\/actualidad\/#listItem","position":2,"name":"Actualidad","item":"https:\/\/www.eldigitaldeasturias.com\/noticias\/category\/actualidad\/","nextItem":{"@type":"ListItem","@id":"https:\/\/www.eldigitaldeasturias.com\/noticias\/nacho-cases-seguira-cuatro-temporadas-mas-en-el-sporting\/#listItem","name":"Nacho Cases seguir\u00e1 cuatro temporadas m\u00e1s en el Sporting"},"previousItem":{"@type":"ListItem","@id":"https:\/\/www.eldigitaldeasturias.com\/noticias#listItem","name":"Home"}},{"@type":"ListItem","@id":"https:\/\/www.eldigitaldeasturias.com\/noticias\/nacho-cases-seguira-cuatro-temporadas-mas-en-el-sporting\/#listItem","position":3,"name":"Nacho Cases seguir\u00e1 cuatro temporadas m\u00e1s en el Sporting","previousItem":{"@type":"ListItem","@id":"https:\/\/www.eldigitaldeasturias.com\/noticias\/category\/actualidad\/#listItem","name":"Actualidad"}}]},{"@type":"Organization","@id":"https:\/\/www.eldigitaldeasturias.com\/noticias\/#organization","name":"El Digital de Asturias","description":"Hemeroteca","url":"https:\/\/www.eldigitaldeasturias.com\/noticias\/","email":"info@eldigitaldeasturias.com","telephone":"+34652131393","logo":{"@type":"ImageObject","url":"https:\/\/www.eldigitaldeasturias.com\/noticias\/wp-content\/uploads\/2020\/12\/EDA.jpg","@id":"https:\/\/www.eldigitaldeasturias.com\/noticias\/nacho-cases-seguira-cuatro-temporadas-mas-en-el-sporting\/#organizationLogo"},"image":{"@id":"https:\/\/www.eldigitaldeasturias.com\/noticias\/nacho-cases-seguira-cuatro-temporadas-mas-en-el-sporting\/#organizationLogo"},"sameAs":["https:\/\/facebook.com\/eldigitaldeasturias","https:\/\/www.youtube.com\/channel\/UCZP-2wLEB9Rv6erhFmqVnvg"],"address":{"@id":"https:\/\/www.eldigitaldeasturias.com\/noticias\/#postaladdress","@type":"PostalAddress","streetAddress":"san antonio 4","postalCode":"33430","addressLocality":"Cand\u00e1s","addressRegion":"Asturias","addressCountry":"ES"}},{"@type":"Person","@id":"https:\/\/www.eldigitaldeasturias.com\/noticias\/author\/admin\/#author","url":"https:\/\/www.eldigitaldeasturias.com\/noticias\/author\/admin\/","name":"El Digital de Asturias","image":{"@type":"ImageObject","@id":"https:\/\/www.eldigitaldeasturias.com\/noticias\/nacho-cases-seguira-cuatro-temporadas-mas-en-el-sporting\/#authorImage","url":"https:\/\/secure.gravatar.com\/avatar\/df2aeffc32bcd13f8d26072ef8a91b623d677766deac7f97ca815868cd41bf5e?s=96&d=mm&r=g","width":96,"height":96,"caption":"El Digital de Asturias"}},{"@type":"WebPage","@id":"https:\/\/www.eldigitaldeasturias.com\/noticias\/nacho-cases-seguira-cuatro-temporadas-mas-en-el-sporting\/#webpage","url":"https:\/\/www.eldigitaldeasturias.com\/noticias\/nacho-cases-seguira-cuatro-temporadas-mas-en-el-sporting\/","name":"Nacho Cases seguir\u00e1 cuatro temporadas m\u00e1s en el Sporting - El Digital de Asturias","description":"Gij\u00f3n, 30 ene (EFE).- El Sporting cerr\u00f3 la renovaci\u00f3n del centrocampista Nacho Cases por cuatro temporadas apenas 24 horas despu\u00e9s de haberlo hecho con el lateral Alberto Lora, dos hombres importantes y que disponen de muchos minutos poniendo de esta manera fin a los rumores que apuntaban la marcha de ambos. Cases tendr\u00e1 una cl\u00e1usula","inLanguage":"es-ES","isPartOf":{"@id":"https:\/\/www.eldigitaldeasturias.com\/noticias\/#website"},"breadcrumb":{"@id":"https:\/\/www.eldigitaldeasturias.com\/noticias\/nacho-cases-seguira-cuatro-temporadas-mas-en-el-sporting\/#breadcrumblist"},"author":{"@id":"https:\/\/www.eldigitaldeasturias.com\/noticias\/author\/admin\/#author"},"creator":{"@id":"https:\/\/www.eldigitaldeasturias.com\/noticias\/author\/admin\/#author"},"image":{"@type":"ImageObject","url":"https:\/\/www.eldigitaldeasturias.com\/noticias\/wp-content\/uploads\/2026\/06\/Contenidos.jpg","@id":"https:\/\/www.eldigitaldeasturias.com\/noticias\/nacho-cases-seguira-cuatro-temporadas-mas-en-el-sporting\/#mainImage","width":1265,"height":697,"caption":"Contenidos"},"primaryImageOfPage":{"@id":"https:\/\/www.eldigitaldeasturias.com\/noticias\/nacho-cases-seguira-cuatro-temporadas-mas-en-el-sporting\/#mainImage"},"datePublished":"2014-01-30T20:41:30+01:00","dateModified":"2014-01-30T20:41:30+01:00"},{"@type":"WebSite","@id":"https:\/\/www.eldigitaldeasturias.com\/noticias\/#website","url":"https:\/\/www.eldigitaldeasturias.com\/noticias\/","name":"El Digital de Asturias - Diario de actualidad y noticias","alternateName":"El Digital de Asturias - Diario de actualidad y noticias","description":"Hemeroteca","inLanguage":"es-ES","publisher":{"@id":"https:\/\/www.eldigitaldeasturias.com\/noticias\/#organization"}}]},"og:locale":"es_ES","og:site_name":"El Digital de Asturias","og:type":"article","og:title":"Nacho Cases seguir\u00e1 cuatro temporadas m\u00e1s en el Sporting - El Digital de Asturias","og:description":"Gij\u00f3n, 30 ene (EFE).- El Sporting cerr\u00f3 la renovaci\u00f3n del centrocampista Nacho Cases por cuatro temporadas apenas 24 horas despu\u00e9s de haberlo hecho con el lateral Alberto Lora, dos hombres importantes y que disponen de muchos minutos poniendo de esta manera fin a los rumores que apuntaban la marcha de ambos. Cases tendr\u00e1 una cl\u00e1usula","og:url":"https:\/\/www.eldigitaldeasturias.com\/noticias\/nacho-cases-seguira-cuatro-temporadas-mas-en-el-sporting\/","og:image":"https:\/\/www.eldigitaldeasturias.com\/noticias\/wp-content\/uploads\/2026\/06\/Contenidos.jpg","og:image:secure_url":"https:\/\/www.eldigitaldeasturias.com\/noticias\/wp-content\/uploads\/2026\/06\/Contenidos.jpg","og:image:width":1265,"og:image:height":697,"article:tag":["actualidad"],"article:published_time":"2014-01-30T21:41:30+00:00","article:modified_time":"2014-01-30T21:41:30+00:00","article:publisher":"https:\/\/facebook.com\/eldigitaldeasturias","twitter:card":"summary_large_image","twitter:title":"Nacho Cases seguir\u00e1 cuatro temporadas m\u00e1s en el Sporting - El Digital de Asturias","twitter:description":"Gij\u00f3n, 30 ene (EFE).- El Sporting cerr\u00f3 la renovaci\u00f3n del centrocampista Nacho Cases por cuatro temporadas apenas 24 horas despu\u00e9s de haberlo hecho con el lateral Alberto Lora, dos hombres importantes y que disponen de muchos minutos poniendo de esta manera fin a los rumores que apuntaban la marcha de ambos. Cases tendr\u00e1 una cl\u00e1usula","twitter:image":"https:\/\/www.eldigitaldeasturias.com\/noticias\/wp-content\/uploads\/2026\/06\/Contenidos.jpg","twitter:label1":"Escrito por","twitter:data1":"El Digital de Asturias","twitter:label2":"Tiempo de lectura estimado","twitter:data2":"2 minutos"},"aioseo_meta_data":{"post_id":"480628","title":null,"description":null,"keywords":null,"keyphrases":null,"primary_term":null,"canonical_url":null,"og_title":null,"og_description":null,"og_object_type":"default","og_image_type":"default","og_image_url":null,"og_image_width":null,"og_image_height":null,"og_image_custom_url":null,"og_image_custom_fields":null,"og_video":null,"og_custom_url":null,"og_article_section":null,"og_article_tags":null,"twitter_use_og":true,"twitter_card":"default","twitter_image_type":"default","twitter_image_url":null,"twitter_image_custom_url":null,"twitter_image_custom_fields":null,"twitter_title":null,"twitter_description":null,"schema":{"blockGraphs":[],"customGraphs":[],"default":{"data":{"Article":[],"Course":[],"Dataset":[],"FAQPage":[],"Movie":[],"Person":[],"Product":[],"ProductReview":[],"Car":[],"Recipe":[],"Service":[],"SoftwareApplication":[],"WebPage":[]},"graphName":"","isEnabled":true},"graphs":[],"defaultGraph":"","defaultPostTypeGraph":""},"schema_type":null,"schema_type_options":null,"pillar_content":false,"robots_default":true,"robots_noindex":false,"robots_noarchive":false,"robots_nosnippet":false,"robots_nofollow":false,"robots_noimageindex":false,"robots_noodp":false,"robots_notranslate":false,"robots_max_snippet":null,"robots_max_videopreview":null,"robots_max_imagepreview":"none","priority":null,"frequency":null,"local_seo":null,"seo_analyzer_scan_date":"2026-06-02 04:19:59","breadcrumb_settings":null,"limit_modified_date":false,"open_ai":null,"ai":null,"created":"2020-11-14 22:54:13","updated":"2026-06-02 04:19:59","focus_keyword":null,"additional_keywords":null,"truseo_locale":null},"aioseo_breadcrumb":"<div class=\"aioseo-breadcrumbs\"><span class=\"aioseo-breadcrumb\">\n\t<a href=\"https:\/\/www.eldigitaldeasturias.com\/noticias\" title=\"Home\">Home<\/a>\n<\/span><span class=\"aioseo-breadcrumb-separator\">\u2013<\/span><span class=\"aioseo-breadcrumb\">\n\t<a href=\"https:\/\/www.eldigitaldeasturias.com\/noticias\/category\/actualidad\/\" title=\"Actualidad\">Actualidad<\/a>\n<\/span><span class=\"aioseo-breadcrumb-separator\">\u2013<\/span><span class=\"aioseo-breadcrumb\">\n\t<a href=\"https:\/\/www.eldigitaldeasturias.com\/noticias\/nacho-cases-seguira-cuatro-temporadas-mas-en-el-sporting\/\" title=\"Nacho Cases seguir\u00e1 cuatro temporadas m\u00e1s en el Sporting\">Nacho Cases seguir\u00e1 cuatro temporadas m\u00e1s en el Sporting<\/a>\n<\/span><\/div>","aioseo_breadcrumb_json":[{"label":"Home","link":"https:\/\/www.eldigitaldeasturias.com\/noticias"},{"label":"Actualidad","link":"https:\/\/www.eldigitaldeasturias.com\/noticias\/category\/actualidad\/"},{"label":"Nacho Cases seguir\u00e1 cuatro temporadas m\u00e1s en el Sporting","link":"https:\/\/www.eldigitaldeasturias.com\/noticias\/nacho-cases-seguira-cuatro-temporadas-mas-en-el-sporting\/"}],"_links":{"self":[{"href":"https:\/\/www.eldigitaldeasturias.com\/noticias\/wp-json\/wp\/v2\/posts\/480628","targetHints":{"allow":["GET"]}}],"collection":[{"href":"https:\/\/www.eldigitaldeasturias.com\/noticias\/wp-json\/wp\/v2\/posts"}],"about":[{"href":"https:\/\/www.eldigitaldeasturias.com\/noticias\/wp-json\/wp\/v2\/types\/post"}],"author":[{"embeddable":true,"href":"https:\/\/www.eldigitaldeasturias.com\/noticias\/wp-json\/wp\/v2\/users\/1"}],"replies":[{"embeddable":true,"href":"https:\/\/www.eldigitaldeasturias.com\/noticias\/wp-json\/wp\/v2\/comments?post=480628"}],"version-history":[{"count":0,"href":"https:\/\/www.eldigitaldeasturias.com\/noticias\/wp-json\/wp\/v2\/posts\/480628\/revisions"}],"wp:featuredmedia":[{"embeddable":true,"href":"https:\/\/www.eldigitaldeasturias.com\/noticias\/wp-json\/wp\/v2\/media\/1132184"}],"wp:attachment":[{"href":"https:\/\/www.eldigitaldeasturias.com\/noticias\/wp-json\/wp\/v2\/media?parent=480628"}],"wp:term":[{"taxonomy":"category","embeddable":true,"href":"https:\/\/www.eldigitaldeasturias.com\/noticias\/wp-json\/wp\/v2\/categories?post=480628"},{"taxonomy":"post_tag","embeddable":true,"href":"https:\/\/www.eldigitaldeasturias.com\/noticias\/wp-json\/wp\/v2\/tags?post=480628"}],"curies":[{"name":"wp","href":"https:\/\/api.w.org\/{rel}","templated":true}]}}