{"id":480605,"date":"2014-01-30T19:15:21","date_gmt":"2014-01-30T20:15:21","guid":{"rendered":"http:\/\/www.eldigitaldeasturias.com\/noticias\/?p=480605"},"modified":"2014-01-30T19:15:21","modified_gmt":"2014-01-30T20:15:21","slug":"el-gobierno-andaluz-indignado-por-las-mentiras-del-pp-sobre-la-sanidad-publica","status":"publish","type":"post","link":"https:\/\/www.eldigitaldeasturias.com\/noticias\/el-gobierno-andaluz-indignado-por-las-mentiras-del-pp-sobre-la-sanidad-publica\/","title":{"rendered":"El Gobierno andaluz, \u00abindignado\u00bb por las \u00abmentiras del PP\u00bb sobre la sanidad p\u00fablica"},"content":{"rendered":"<p><img loading=\"lazy\" decoding=\"async\" class=\"alignleft size-medium wp-image-480606\" alt=\"5890942w\" src=\"https:\/\/www.eldigitaldeasturias.com\/noticias\/wp-content\/uploads\/2014\/01\/5890942w-360x239.jpg\" width=\"360\" height=\"239\" \/>Sevilla, 30 ene (EFE).- La consejera de Salud, Mar\u00eda Jos\u00e9 S\u00e1nchez Rubio, ha expresado la \u00ababsoluta indignaci\u00f3n del Gobierno andaluz\u00bb por las \u00abmentiras del PP sobre la sanidad p\u00fablica andaluza\u00bb y ha asegurado que los 47 hospitales y 1.500 centros de salud p\u00fablicos de Andaluc\u00eda tienen una gesti\u00f3n plenamente p\u00fablica.<\/p>\n<p>Igualmente sucede con los 100.000 trabajadores p\u00fablicos del sistema sanitario andaluz, seg\u00fan la consejera, que ha asegurado que el 96,4 % de los servicios sanitarios que integran el sistema p\u00fablico andaluz son de gesti\u00f3n p\u00fablica y que s\u00f3lo el 3,6 % est\u00e1n concertados.<\/p>\n<p>Esos conciertos se refieren a servicios sanitarios concretos, como es el caso de los que se mantienen con 17 centros privados, como el San Juan de Dios de Sevilla o el San Rafael de C\u00e1diz.<\/p>\n<p>Ese porcentaje del 3,6 % del total de servicios del sistema es ahora menor que hace unos a\u00f1os y su reducci\u00f3n ha sido progresiva durante los a\u00f1os de crisis, seg\u00fan ha dicho S\u00e1nchez Rubio en una conferencia de prensa en la que ha insistido en que \u00abtodas las personas tienen garantizada la asistencia universal y p\u00fablica en Andaluc\u00eda\u00bb, segunda comunidad con menos listas de espera de Espa\u00f1a, tras el Pa\u00eds Vasco.<\/p>\n<p>Esos convenios con centros privados se refieren a servicios concretos como di\u00e1lisis, enfermos cr\u00f3nicos o alguna cirug\u00eda, seg\u00fan la consejera, quien ha asegurado que Andaluc\u00eda mantiene \u00abla mayor cartera de servicios\u00bb del pa\u00eds con una inversi\u00f3n de unos mil euros por habitante, lo que ha logrado con una mayor eficiencia del sistema y el trabajo y esfuerzo del personal sanitario.<\/p>\n<p>S\u00e1nchez Rubio ha pedido al PP que \u00abasuma el fracaso en la privatizaci\u00f3n de la sanidad p\u00fablica madrile\u00f1a\u00bb, ante el cual \u00abse dedica a atacar a Andaluc\u00eda y crear una sombra sobre la sanidad p\u00fablica andaluza para tapar sus verg\u00fcenzas por haber quitado la universalidad del sistema, y por el proceso de privatizaci\u00f3n que inician donde gobiernan\u00bb.<\/p>\n<p>Del dirigente del PP Carlos Floriano ha asegurado que \u00abmiente sin pudor\u00bb cuando iguala con Andaluc\u00eda lo que se ha pretendido hacer en Madrid, y al PP le ha recordado que el sistema sanitario espa\u00f1ol era referencia internacional y que el Consejo de Europa ha advertido que \u00ablo ilegal es dejar sin asistencia a personas\u00bb.<\/p>\n","protected":false},"excerpt":{"rendered":"<p>Sevilla, 30 ene (EFE).- La consejera de Salud, Mar\u00eda Jos\u00e9 S\u00e1nchez Rubio, ha expresado la \u00ababsoluta indignaci\u00f3n del Gobierno andaluz\u00bb por las \u00abmentiras del PP sobre la sanidad p\u00fablica andaluza\u00bb y ha asegurado que los 47 hospitales y 1.500 centros de salud p\u00fablicos de Andaluc\u00eda tienen una gesti\u00f3n plenamente p\u00fablica. Igualmente sucede con los 100.000 [&hellip;]<\/p>\n","protected":false},"author":1,"featured_media":1132184,"comment_status":"closed","ping_status":"open","sticky":false,"template":"","format":"standard","meta":{"footnotes":""},"categories":[1],"tags":[],"class_list":["post-480605","post","type-post","status-publish","format-standard","has-post-thumbnail","hentry","category-actualidad"],"aioseo_notices":[],"aioseo_head":"\n\t\t<!-- All in One SEO Pro 5.0.1 - aioseo.com -->\n\t<meta name=\"description\" content=\"Sevilla, 30 ene (EFE).- La consejera de Salud, Mar\u00eda Jos\u00e9 S\u00e1nchez Rubio, ha expresado la &quot;absoluta indignaci\u00f3n del Gobierno andaluz&quot; por las &quot;mentiras del PP sobre la sanidad p\u00fablica andaluza&quot; y ha asegurado que los 47 hospitales y 1.500 centros de salud p\u00fablicos de Andaluc\u00eda tienen una gesti\u00f3n plenamente p\u00fablica. Igualmente sucede con los 100.000\" \/>\n\t<meta name=\"robots\" content=\"max-image-preview:large\" \/>\n\t<meta name=\"author\" content=\"El Digital de Asturias\"\/>\n\t<meta name=\"google-site-verification\" content=\"UA-38556648-1\" \/>\n\t<meta name=\"msvalidate.01\" content=\"7dfe9f3f1b24437ab69f4f2559babe99\" \/>\n\t<meta name=\"keywords\" content=\"actualidad\" \/>\n\t<link rel=\"canonical\" href=\"https:\/\/www.eldigitaldeasturias.com\/noticias\/el-gobierno-andaluz-indignado-por-las-mentiras-del-pp-sobre-la-sanidad-publica\/\" \/>\n\t<meta name=\"generator\" content=\"All in One SEO Pro (AIOSEO) 5.0.1\" \/>\n\t\t<meta property=\"og:locale\" content=\"es_ES\" \/>\n\t\t<meta property=\"og:site_name\" content=\"El Digital de Asturias\" \/>\n\t\t<meta property=\"og:type\" content=\"article\" \/>\n\t\t<meta property=\"og:title\" content=\"El Gobierno andaluz, \u00abindignado\u00bb por las \u00abmentiras del PP\u00bb sobre la sanidad p\u00fablica - El Digital de Asturias\" \/>\n\t\t<meta property=\"og:description\" content=\"Sevilla, 30 ene (EFE).- La consejera de Salud, Mar\u00eda Jos\u00e9 S\u00e1nchez Rubio, ha expresado la &quot;absoluta indignaci\u00f3n del Gobierno andaluz&quot; por las &quot;mentiras del PP sobre la sanidad p\u00fablica andaluza&quot; y ha asegurado que los 47 hospitales y 1.500 centros de salud p\u00fablicos de Andaluc\u00eda tienen una gesti\u00f3n plenamente p\u00fablica. Igualmente sucede con los 100.000\" \/>\n\t\t<meta property=\"og:url\" content=\"https:\/\/www.eldigitaldeasturias.com\/noticias\/el-gobierno-andaluz-indignado-por-las-mentiras-del-pp-sobre-la-sanidad-publica\/\" \/>\n\t\t<meta property=\"og:image\" content=\"https:\/\/www.eldigitaldeasturias.com\/noticias\/wp-content\/uploads\/2026\/06\/Contenidos.jpg\" \/>\n\t\t<meta property=\"og:image:secure_url\" content=\"https:\/\/www.eldigitaldeasturias.com\/noticias\/wp-content\/uploads\/2026\/06\/Contenidos.jpg\" \/>\n\t\t<meta property=\"og:image:width\" content=\"1265\" \/>\n\t\t<meta property=\"og:image:height\" content=\"697\" \/>\n\t\t<meta property=\"article:tag\" content=\"actualidad\" \/>\n\t\t<meta property=\"article:published_time\" content=\"2014-01-30T20:15:21+00:00\" \/>\n\t\t<meta property=\"article:modified_time\" content=\"2014-01-30T20:15:21+00:00\" \/>\n\t\t<meta property=\"article:publisher\" content=\"https:\/\/facebook.com\/eldigitaldeasturias\" \/>\n\t\t<meta name=\"twitter:card\" content=\"summary_large_image\" \/>\n\t\t<meta name=\"twitter:title\" content=\"El Gobierno andaluz, \u00abindignado\u00bb por las \u00abmentiras del PP\u00bb sobre la sanidad p\u00fablica - El Digital de Asturias\" \/>\n\t\t<meta name=\"twitter:description\" content=\"Sevilla, 30 ene (EFE).- La consejera de Salud, Mar\u00eda Jos\u00e9 S\u00e1nchez Rubio, ha expresado la &quot;absoluta indignaci\u00f3n del Gobierno andaluz&quot; por las &quot;mentiras del PP sobre la sanidad p\u00fablica andaluza&quot; y ha asegurado que los 47 hospitales y 1.500 centros de salud p\u00fablicos de Andaluc\u00eda tienen una gesti\u00f3n plenamente p\u00fablica. Igualmente sucede con los 100.000\" \/>\n\t\t<meta name=\"twitter:image\" content=\"https:\/\/www.eldigitaldeasturias.com\/noticias\/wp-content\/uploads\/2026\/06\/Contenidos.jpg\" \/>\n\t\t<meta name=\"twitter:label1\" content=\"Escrito por\" \/>\n\t\t<meta name=\"twitter:data1\" content=\"El Digital de Asturias\" \/>\n\t\t<meta name=\"twitter:label2\" content=\"Tiempo de lectura estimado\" \/>\n\t\t<meta name=\"twitter:data2\" content=\"2 minutos\" \/>\n\t\t<script type=\"application\/ld+json\" class=\"aioseo-schema\">\n\t\t\t{\"@context\":\"https:\\\/\\\/schema.org\",\"@graph\":[{\"@type\":\"BlogPosting\",\"@id\":\"https:\\\/\\\/www.eldigitaldeasturias.com\\\/noticias\\\/el-gobierno-andaluz-indignado-por-las-mentiras-del-pp-sobre-la-sanidad-publica\\\/#blogposting\",\"name\":\"El Gobierno andaluz, \\u00abindignado\\u00bb por las \\u00abmentiras del PP\\u00bb sobre la sanidad p\\u00fablica - El Digital de Asturias\",\"headline\":\"El Gobierno andaluz, \\u00abindignado\\u00bb por las \\u00abmentiras del PP\\u00bb sobre la sanidad p\\u00fablica\",\"author\":{\"@id\":\"https:\\\/\\\/www.eldigitaldeasturias.com\\\/noticias\\\/author\\\/admin\\\/#author\"},\"publisher\":{\"@id\":\"https:\\\/\\\/www.eldigitaldeasturias.com\\\/noticias\\\/#organization\"},\"image\":{\"@type\":\"ImageObject\",\"url\":\"https:\\\/\\\/www.eldigitaldeasturias.com\\\/noticias\\\/wp-content\\\/uploads\\\/2026\\\/06\\\/Contenidos.jpg\",\"width\":1265,\"height\":697,\"caption\":\"Contenidos\"},\"datePublished\":\"2014-01-30T19:15:21+01:00\",\"dateModified\":\"2014-01-30T19:15:21+01:00\",\"inLanguage\":\"es-ES\",\"mainEntityOfPage\":{\"@id\":\"https:\\\/\\\/www.eldigitaldeasturias.com\\\/noticias\\\/el-gobierno-andaluz-indignado-por-las-mentiras-del-pp-sobre-la-sanidad-publica\\\/#webpage\"},\"isPartOf\":{\"@id\":\"https:\\\/\\\/www.eldigitaldeasturias.com\\\/noticias\\\/el-gobierno-andaluz-indignado-por-las-mentiras-del-pp-sobre-la-sanidad-publica\\\/#webpage\"},\"articleSection\":\"Actualidad\"},{\"@type\":\"BreadcrumbList\",\"@id\":\"https:\\\/\\\/www.eldigitaldeasturias.com\\\/noticias\\\/el-gobierno-andaluz-indignado-por-las-mentiras-del-pp-sobre-la-sanidad-publica\\\/#breadcrumblist\",\"itemListElement\":[{\"@type\":\"ListItem\",\"@id\":\"https:\\\/\\\/www.eldigitaldeasturias.com\\\/noticias#listItem\",\"position\":1,\"name\":\"Home\",\"item\":\"https:\\\/\\\/www.eldigitaldeasturias.com\\\/noticias\",\"nextItem\":{\"@type\":\"ListItem\",\"@id\":\"https:\\\/\\\/www.eldigitaldeasturias.com\\\/noticias\\\/category\\\/actualidad\\\/#listItem\",\"name\":\"Actualidad\"}},{\"@type\":\"ListItem\",\"@id\":\"https:\\\/\\\/www.eldigitaldeasturias.com\\\/noticias\\\/category\\\/actualidad\\\/#listItem\",\"position\":2,\"name\":\"Actualidad\",\"item\":\"https:\\\/\\\/www.eldigitaldeasturias.com\\\/noticias\\\/category\\\/actualidad\\\/\",\"nextItem\":{\"@type\":\"ListItem\",\"@id\":\"https:\\\/\\\/www.eldigitaldeasturias.com\\\/noticias\\\/el-gobierno-andaluz-indignado-por-las-mentiras-del-pp-sobre-la-sanidad-publica\\\/#listItem\",\"name\":\"El Gobierno andaluz, \\u00abindignado\\u00bb por las \\u00abmentiras del PP\\u00bb sobre la sanidad p\\u00fablica\"},\"previousItem\":{\"@type\":\"ListItem\",\"@id\":\"https:\\\/\\\/www.eldigitaldeasturias.com\\\/noticias#listItem\",\"name\":\"Home\"}},{\"@type\":\"ListItem\",\"@id\":\"https:\\\/\\\/www.eldigitaldeasturias.com\\\/noticias\\\/el-gobierno-andaluz-indignado-por-las-mentiras-del-pp-sobre-la-sanidad-publica\\\/#listItem\",\"position\":3,\"name\":\"El Gobierno andaluz, \\u00abindignado\\u00bb por las \\u00abmentiras del PP\\u00bb sobre la sanidad p\\u00fablica\",\"previousItem\":{\"@type\":\"ListItem\",\"@id\":\"https:\\\/\\\/www.eldigitaldeasturias.com\\\/noticias\\\/category\\\/actualidad\\\/#listItem\",\"name\":\"Actualidad\"}}]},{\"@type\":\"Organization\",\"@id\":\"https:\\\/\\\/www.eldigitaldeasturias.com\\\/noticias\\\/#organization\",\"name\":\"El Digital de Asturias\",\"description\":\"Hemeroteca\",\"url\":\"https:\\\/\\\/www.eldigitaldeasturias.com\\\/noticias\\\/\",\"email\":\"info@eldigitaldeasturias.com\",\"telephone\":\"+34652131393\",\"logo\":{\"@type\":\"ImageObject\",\"url\":\"https:\\\/\\\/www.eldigitaldeasturias.com\\\/noticias\\\/wp-content\\\/uploads\\\/2020\\\/12\\\/EDA.jpg\",\"@id\":\"https:\\\/\\\/www.eldigitaldeasturias.com\\\/noticias\\\/el-gobierno-andaluz-indignado-por-las-mentiras-del-pp-sobre-la-sanidad-publica\\\/#organizationLogo\"},\"image\":{\"@id\":\"https:\\\/\\\/www.eldigitaldeasturias.com\\\/noticias\\\/el-gobierno-andaluz-indignado-por-las-mentiras-del-pp-sobre-la-sanidad-publica\\\/#organizationLogo\"},\"sameAs\":[\"https:\\\/\\\/facebook.com\\\/eldigitaldeasturias\",\"https:\\\/\\\/www.youtube.com\\\/channel\\\/UCZP-2wLEB9Rv6erhFmqVnvg\"],\"address\":{\"@id\":\"https:\\\/\\\/www.eldigitaldeasturias.com\\\/noticias\\\/#postaladdress\",\"@type\":\"PostalAddress\",\"streetAddress\":\"san antonio 4\",\"postalCode\":\"33430\",\"addressLocality\":\"Cand\\u00e1s\",\"addressRegion\":\"Asturias\",\"addressCountry\":\"ES\"}},{\"@type\":\"Person\",\"@id\":\"https:\\\/\\\/www.eldigitaldeasturias.com\\\/noticias\\\/author\\\/admin\\\/#author\",\"url\":\"https:\\\/\\\/www.eldigitaldeasturias.com\\\/noticias\\\/author\\\/admin\\\/\",\"name\":\"El Digital de Asturias\",\"image\":{\"@type\":\"ImageObject\",\"@id\":\"https:\\\/\\\/www.eldigitaldeasturias.com\\\/noticias\\\/el-gobierno-andaluz-indignado-por-las-mentiras-del-pp-sobre-la-sanidad-publica\\\/#authorImage\",\"url\":\"https:\\\/\\\/secure.gravatar.com\\\/avatar\\\/df2aeffc32bcd13f8d26072ef8a91b623d677766deac7f97ca815868cd41bf5e?s=96&d=mm&r=g\",\"width\":96,\"height\":96,\"caption\":\"El Digital de Asturias\"}},{\"@type\":\"WebPage\",\"@id\":\"https:\\\/\\\/www.eldigitaldeasturias.com\\\/noticias\\\/el-gobierno-andaluz-indignado-por-las-mentiras-del-pp-sobre-la-sanidad-publica\\\/#webpage\",\"url\":\"https:\\\/\\\/www.eldigitaldeasturias.com\\\/noticias\\\/el-gobierno-andaluz-indignado-por-las-mentiras-del-pp-sobre-la-sanidad-publica\\\/\",\"name\":\"El Gobierno andaluz, \\u00abindignado\\u00bb por las \\u00abmentiras del PP\\u00bb sobre la sanidad p\\u00fablica - El Digital de Asturias\",\"description\":\"Sevilla, 30 ene (EFE).- La consejera de Salud, Mar\\u00eda Jos\\u00e9 S\\u00e1nchez Rubio, ha expresado la \\\"absoluta indignaci\\u00f3n del Gobierno andaluz\\\" por las \\\"mentiras del PP sobre la sanidad p\\u00fablica andaluza\\\" y ha asegurado que los 47 hospitales y 1.500 centros de salud p\\u00fablicos de Andaluc\\u00eda tienen una gesti\\u00f3n plenamente p\\u00fablica. Igualmente sucede con los 100.000\",\"inLanguage\":\"es-ES\",\"isPartOf\":{\"@id\":\"https:\\\/\\\/www.eldigitaldeasturias.com\\\/noticias\\\/#website\"},\"breadcrumb\":{\"@id\":\"https:\\\/\\\/www.eldigitaldeasturias.com\\\/noticias\\\/el-gobierno-andaluz-indignado-por-las-mentiras-del-pp-sobre-la-sanidad-publica\\\/#breadcrumblist\"},\"author\":{\"@id\":\"https:\\\/\\\/www.eldigitaldeasturias.com\\\/noticias\\\/author\\\/admin\\\/#author\"},\"creator\":{\"@id\":\"https:\\\/\\\/www.eldigitaldeasturias.com\\\/noticias\\\/author\\\/admin\\\/#author\"},\"image\":{\"@type\":\"ImageObject\",\"url\":\"https:\\\/\\\/www.eldigitaldeasturias.com\\\/noticias\\\/wp-content\\\/uploads\\\/2026\\\/06\\\/Contenidos.jpg\",\"@id\":\"https:\\\/\\\/www.eldigitaldeasturias.com\\\/noticias\\\/el-gobierno-andaluz-indignado-por-las-mentiras-del-pp-sobre-la-sanidad-publica\\\/#mainImage\",\"width\":1265,\"height\":697,\"caption\":\"Contenidos\"},\"primaryImageOfPage\":{\"@id\":\"https:\\\/\\\/www.eldigitaldeasturias.com\\\/noticias\\\/el-gobierno-andaluz-indignado-por-las-mentiras-del-pp-sobre-la-sanidad-publica\\\/#mainImage\"},\"datePublished\":\"2014-01-30T19:15:21+01:00\",\"dateModified\":\"2014-01-30T19:15:21+01:00\"},{\"@type\":\"WebSite\",\"@id\":\"https:\\\/\\\/www.eldigitaldeasturias.com\\\/noticias\\\/#website\",\"url\":\"https:\\\/\\\/www.eldigitaldeasturias.com\\\/noticias\\\/\",\"name\":\"El Digital de Asturias - Diario de actualidad y noticias\",\"alternateName\":\"El Digital de Asturias - Diario de actualidad y noticias\",\"description\":\"Hemeroteca\",\"inLanguage\":\"es-ES\",\"publisher\":{\"@id\":\"https:\\\/\\\/www.eldigitaldeasturias.com\\\/noticias\\\/#organization\"}}]}\n\t\t<\/script>\n\t\t<!-- All in One SEO Pro -->\r\n\t\t<title>El Gobierno andaluz, \u00abindignado\u00bb por las \u00abmentiras del PP\u00bb sobre la sanidad p\u00fablica - El Digital de Asturias<\/title>\n\n","aioseo_head_json":{"title":"El Gobierno andaluz, \u00abindignado\u00bb por las \u00abmentiras del PP\u00bb sobre la sanidad p\u00fablica - El Digital de Asturias","description":"Sevilla, 30 ene (EFE).- La consejera de Salud, Mar\u00eda Jos\u00e9 S\u00e1nchez Rubio, ha expresado la \"absoluta indignaci\u00f3n del Gobierno andaluz\" por las \"mentiras del PP sobre la sanidad p\u00fablica andaluza\" y ha asegurado que los 47 hospitales y 1.500 centros de salud p\u00fablicos de Andaluc\u00eda tienen una gesti\u00f3n plenamente p\u00fablica. Igualmente sucede con los 100.000","canonical_url":"https:\/\/www.eldigitaldeasturias.com\/noticias\/el-gobierno-andaluz-indignado-por-las-mentiras-del-pp-sobre-la-sanidad-publica\/","robots":"max-image-preview:large","keywords":"actualidad","webmasterTools":{"google-site-verification":"UA-38556648-1","msvalidate.01":"7dfe9f3f1b24437ab69f4f2559babe99","miscellaneous":""},"schema":{"@context":"https:\/\/schema.org","@graph":[{"@type":"BlogPosting","@id":"https:\/\/www.eldigitaldeasturias.com\/noticias\/el-gobierno-andaluz-indignado-por-las-mentiras-del-pp-sobre-la-sanidad-publica\/#blogposting","name":"El Gobierno andaluz, \u00abindignado\u00bb por las \u00abmentiras del PP\u00bb sobre la sanidad p\u00fablica - El Digital de Asturias","headline":"El Gobierno andaluz, \u00abindignado\u00bb por las \u00abmentiras del PP\u00bb sobre la sanidad p\u00fablica","author":{"@id":"https:\/\/www.eldigitaldeasturias.com\/noticias\/author\/admin\/#author"},"publisher":{"@id":"https:\/\/www.eldigitaldeasturias.com\/noticias\/#organization"},"image":{"@type":"ImageObject","url":"https:\/\/www.eldigitaldeasturias.com\/noticias\/wp-content\/uploads\/2026\/06\/Contenidos.jpg","width":1265,"height":697,"caption":"Contenidos"},"datePublished":"2014-01-30T19:15:21+01:00","dateModified":"2014-01-30T19:15:21+01:00","inLanguage":"es-ES","mainEntityOfPage":{"@id":"https:\/\/www.eldigitaldeasturias.com\/noticias\/el-gobierno-andaluz-indignado-por-las-mentiras-del-pp-sobre-la-sanidad-publica\/#webpage"},"isPartOf":{"@id":"https:\/\/www.eldigitaldeasturias.com\/noticias\/el-gobierno-andaluz-indignado-por-las-mentiras-del-pp-sobre-la-sanidad-publica\/#webpage"},"articleSection":"Actualidad"},{"@type":"BreadcrumbList","@id":"https:\/\/www.eldigitaldeasturias.com\/noticias\/el-gobierno-andaluz-indignado-por-las-mentiras-del-pp-sobre-la-sanidad-publica\/#breadcrumblist","itemListElement":[{"@type":"ListItem","@id":"https:\/\/www.eldigitaldeasturias.com\/noticias#listItem","position":1,"name":"Home","item":"https:\/\/www.eldigitaldeasturias.com\/noticias","nextItem":{"@type":"ListItem","@id":"https:\/\/www.eldigitaldeasturias.com\/noticias\/category\/actualidad\/#listItem","name":"Actualidad"}},{"@type":"ListItem","@id":"https:\/\/www.eldigitaldeasturias.com\/noticias\/category\/actualidad\/#listItem","position":2,"name":"Actualidad","item":"https:\/\/www.eldigitaldeasturias.com\/noticias\/category\/actualidad\/","nextItem":{"@type":"ListItem","@id":"https:\/\/www.eldigitaldeasturias.com\/noticias\/el-gobierno-andaluz-indignado-por-las-mentiras-del-pp-sobre-la-sanidad-publica\/#listItem","name":"El Gobierno andaluz, \u00abindignado\u00bb por las \u00abmentiras del PP\u00bb sobre la sanidad p\u00fablica"},"previousItem":{"@type":"ListItem","@id":"https:\/\/www.eldigitaldeasturias.com\/noticias#listItem","name":"Home"}},{"@type":"ListItem","@id":"https:\/\/www.eldigitaldeasturias.com\/noticias\/el-gobierno-andaluz-indignado-por-las-mentiras-del-pp-sobre-la-sanidad-publica\/#listItem","position":3,"name":"El Gobierno andaluz, \u00abindignado\u00bb por las \u00abmentiras del PP\u00bb sobre la sanidad p\u00fablica","previousItem":{"@type":"ListItem","@id":"https:\/\/www.eldigitaldeasturias.com\/noticias\/category\/actualidad\/#listItem","name":"Actualidad"}}]},{"@type":"Organization","@id":"https:\/\/www.eldigitaldeasturias.com\/noticias\/#organization","name":"El Digital de Asturias","description":"Hemeroteca","url":"https:\/\/www.eldigitaldeasturias.com\/noticias\/","email":"info@eldigitaldeasturias.com","telephone":"+34652131393","logo":{"@type":"ImageObject","url":"https:\/\/www.eldigitaldeasturias.com\/noticias\/wp-content\/uploads\/2020\/12\/EDA.jpg","@id":"https:\/\/www.eldigitaldeasturias.com\/noticias\/el-gobierno-andaluz-indignado-por-las-mentiras-del-pp-sobre-la-sanidad-publica\/#organizationLogo"},"image":{"@id":"https:\/\/www.eldigitaldeasturias.com\/noticias\/el-gobierno-andaluz-indignado-por-las-mentiras-del-pp-sobre-la-sanidad-publica\/#organizationLogo"},"sameAs":["https:\/\/facebook.com\/eldigitaldeasturias","https:\/\/www.youtube.com\/channel\/UCZP-2wLEB9Rv6erhFmqVnvg"],"address":{"@id":"https:\/\/www.eldigitaldeasturias.com\/noticias\/#postaladdress","@type":"PostalAddress","streetAddress":"san antonio 4","postalCode":"33430","addressLocality":"Cand\u00e1s","addressRegion":"Asturias","addressCountry":"ES"}},{"@type":"Person","@id":"https:\/\/www.eldigitaldeasturias.com\/noticias\/author\/admin\/#author","url":"https:\/\/www.eldigitaldeasturias.com\/noticias\/author\/admin\/","name":"El Digital de Asturias","image":{"@type":"ImageObject","@id":"https:\/\/www.eldigitaldeasturias.com\/noticias\/el-gobierno-andaluz-indignado-por-las-mentiras-del-pp-sobre-la-sanidad-publica\/#authorImage","url":"https:\/\/secure.gravatar.com\/avatar\/df2aeffc32bcd13f8d26072ef8a91b623d677766deac7f97ca815868cd41bf5e?s=96&d=mm&r=g","width":96,"height":96,"caption":"El Digital de Asturias"}},{"@type":"WebPage","@id":"https:\/\/www.eldigitaldeasturias.com\/noticias\/el-gobierno-andaluz-indignado-por-las-mentiras-del-pp-sobre-la-sanidad-publica\/#webpage","url":"https:\/\/www.eldigitaldeasturias.com\/noticias\/el-gobierno-andaluz-indignado-por-las-mentiras-del-pp-sobre-la-sanidad-publica\/","name":"El Gobierno andaluz, \u00abindignado\u00bb por las \u00abmentiras del PP\u00bb sobre la sanidad p\u00fablica - El Digital de Asturias","description":"Sevilla, 30 ene (EFE).- La consejera de Salud, Mar\u00eda Jos\u00e9 S\u00e1nchez Rubio, ha expresado la \"absoluta indignaci\u00f3n del Gobierno andaluz\" por las \"mentiras del PP sobre la sanidad p\u00fablica andaluza\" y ha asegurado que los 47 hospitales y 1.500 centros de salud p\u00fablicos de Andaluc\u00eda tienen una gesti\u00f3n plenamente p\u00fablica. Igualmente sucede con los 100.000","inLanguage":"es-ES","isPartOf":{"@id":"https:\/\/www.eldigitaldeasturias.com\/noticias\/#website"},"breadcrumb":{"@id":"https:\/\/www.eldigitaldeasturias.com\/noticias\/el-gobierno-andaluz-indignado-por-las-mentiras-del-pp-sobre-la-sanidad-publica\/#breadcrumblist"},"author":{"@id":"https:\/\/www.eldigitaldeasturias.com\/noticias\/author\/admin\/#author"},"creator":{"@id":"https:\/\/www.eldigitaldeasturias.com\/noticias\/author\/admin\/#author"},"image":{"@type":"ImageObject","url":"https:\/\/www.eldigitaldeasturias.com\/noticias\/wp-content\/uploads\/2026\/06\/Contenidos.jpg","@id":"https:\/\/www.eldigitaldeasturias.com\/noticias\/el-gobierno-andaluz-indignado-por-las-mentiras-del-pp-sobre-la-sanidad-publica\/#mainImage","width":1265,"height":697,"caption":"Contenidos"},"primaryImageOfPage":{"@id":"https:\/\/www.eldigitaldeasturias.com\/noticias\/el-gobierno-andaluz-indignado-por-las-mentiras-del-pp-sobre-la-sanidad-publica\/#mainImage"},"datePublished":"2014-01-30T19:15:21+01:00","dateModified":"2014-01-30T19:15:21+01:00"},{"@type":"WebSite","@id":"https:\/\/www.eldigitaldeasturias.com\/noticias\/#website","url":"https:\/\/www.eldigitaldeasturias.com\/noticias\/","name":"El Digital de Asturias - Diario de actualidad y noticias","alternateName":"El Digital de Asturias - Diario de actualidad y noticias","description":"Hemeroteca","inLanguage":"es-ES","publisher":{"@id":"https:\/\/www.eldigitaldeasturias.com\/noticias\/#organization"}}]},"og:locale":"es_ES","og:site_name":"El Digital de Asturias","og:type":"article","og:title":"El Gobierno andaluz, \u00abindignado\u00bb por las \u00abmentiras del PP\u00bb sobre la sanidad p\u00fablica - El Digital de Asturias","og:description":"Sevilla, 30 ene (EFE).- La consejera de Salud, Mar\u00eda Jos\u00e9 S\u00e1nchez Rubio, ha expresado la &quot;absoluta indignaci\u00f3n del Gobierno andaluz&quot; por las &quot;mentiras del PP sobre la sanidad p\u00fablica andaluza&quot; y ha asegurado que los 47 hospitales y 1.500 centros de salud p\u00fablicos de Andaluc\u00eda tienen una gesti\u00f3n plenamente p\u00fablica. Igualmente sucede con los 100.000","og:url":"https:\/\/www.eldigitaldeasturias.com\/noticias\/el-gobierno-andaluz-indignado-por-las-mentiras-del-pp-sobre-la-sanidad-publica\/","og:image":"https:\/\/www.eldigitaldeasturias.com\/noticias\/wp-content\/uploads\/2026\/06\/Contenidos.jpg","og:image:secure_url":"https:\/\/www.eldigitaldeasturias.com\/noticias\/wp-content\/uploads\/2026\/06\/Contenidos.jpg","og:image:width":1265,"og:image:height":697,"article:tag":["actualidad"],"article:published_time":"2014-01-30T20:15:21+00:00","article:modified_time":"2014-01-30T20:15:21+00:00","article:publisher":"https:\/\/facebook.com\/eldigitaldeasturias","twitter:card":"summary_large_image","twitter:title":"El Gobierno andaluz, \u00abindignado\u00bb por las \u00abmentiras del PP\u00bb sobre la sanidad p\u00fablica - El Digital de Asturias","twitter:description":"Sevilla, 30 ene (EFE).- La consejera de Salud, Mar\u00eda Jos\u00e9 S\u00e1nchez Rubio, ha expresado la &quot;absoluta indignaci\u00f3n del Gobierno andaluz&quot; por las &quot;mentiras del PP sobre la sanidad p\u00fablica andaluza&quot; y ha asegurado que los 47 hospitales y 1.500 centros de salud p\u00fablicos de Andaluc\u00eda tienen una gesti\u00f3n plenamente p\u00fablica. Igualmente sucede con los 100.000","twitter:image":"https:\/\/www.eldigitaldeasturias.com\/noticias\/wp-content\/uploads\/2026\/06\/Contenidos.jpg","twitter:label1":"Escrito por","twitter:data1":"El Digital de Asturias","twitter:label2":"Tiempo de lectura estimado","twitter:data2":"2 minutos"},"aioseo_meta_data":{"post_id":"480605","title":null,"description":null,"keywords":null,"keyphrases":null,"primary_term":null,"canonical_url":null,"og_title":null,"og_description":null,"og_object_type":"default","og_image_type":"default","og_image_url":null,"og_image_width":null,"og_image_height":null,"og_image_custom_url":null,"og_image_custom_fields":null,"og_video":null,"og_custom_url":null,"og_article_section":null,"og_article_tags":null,"twitter_use_og":true,"twitter_card":"default","twitter_image_type":"default","twitter_image_url":null,"twitter_image_custom_url":null,"twitter_image_custom_fields":null,"twitter_title":null,"twitter_description":null,"schema":{"blockGraphs":[],"customGraphs":[],"default":{"data":{"Article":[],"Course":[],"Dataset":[],"FAQPage":[],"Movie":[],"Person":[],"Product":[],"ProductReview":[],"Car":[],"Recipe":[],"Service":[],"SoftwareApplication":[],"WebPage":[]},"graphName":"","isEnabled":true},"graphs":[],"defaultGraph":"","defaultPostTypeGraph":""},"schema_type":null,"schema_type_options":null,"pillar_content":false,"robots_default":true,"robots_noindex":false,"robots_noarchive":false,"robots_nosnippet":false,"robots_nofollow":false,"robots_noimageindex":false,"robots_noodp":false,"robots_notranslate":false,"robots_max_snippet":null,"robots_max_videopreview":null,"robots_max_imagepreview":"none","priority":null,"frequency":null,"local_seo":null,"seo_analyzer_scan_date":"2026-06-02 04:15:56","breadcrumb_settings":null,"limit_modified_date":false,"open_ai":null,"ai":null,"created":"2020-11-14 22:54:13","updated":"2026-06-02 04:15:56","focus_keyword":null,"additional_keywords":null,"truseo_locale":null},"aioseo_breadcrumb":"<div class=\"aioseo-breadcrumbs\"><span class=\"aioseo-breadcrumb\">\n\t<a href=\"https:\/\/www.eldigitaldeasturias.com\/noticias\" title=\"Home\">Home<\/a>\n<\/span><span class=\"aioseo-breadcrumb-separator\">\u2013<\/span><span class=\"aioseo-breadcrumb\">\n\t<a href=\"https:\/\/www.eldigitaldeasturias.com\/noticias\/category\/actualidad\/\" title=\"Actualidad\">Actualidad<\/a>\n<\/span><span class=\"aioseo-breadcrumb-separator\">\u2013<\/span><span class=\"aioseo-breadcrumb\">\n\t<a href=\"https:\/\/www.eldigitaldeasturias.com\/noticias\/el-gobierno-andaluz-indignado-por-las-mentiras-del-pp-sobre-la-sanidad-publica\/\" title=\"El Gobierno andaluz, \u00abindignado\u00bb por las \u00abmentiras del PP\u00bb sobre la sanidad p\u00fablica\">El Gobierno andaluz, \u00abindignado\u00bb por las \u00abmentiras del PP\u00bb sobre la sanidad p\u00fablica<\/a>\n<\/span><\/div>","aioseo_breadcrumb_json":[{"label":"Home","link":"https:\/\/www.eldigitaldeasturias.com\/noticias"},{"label":"Actualidad","link":"https:\/\/www.eldigitaldeasturias.com\/noticias\/category\/actualidad\/"},{"label":"El Gobierno andaluz, \u00abindignado\u00bb por las \u00abmentiras del PP\u00bb sobre la sanidad p\u00fablica","link":"https:\/\/www.eldigitaldeasturias.com\/noticias\/el-gobierno-andaluz-indignado-por-las-mentiras-del-pp-sobre-la-sanidad-publica\/"}],"_links":{"self":[{"href":"https:\/\/www.eldigitaldeasturias.com\/noticias\/wp-json\/wp\/v2\/posts\/480605","targetHints":{"allow":["GET"]}}],"collection":[{"href":"https:\/\/www.eldigitaldeasturias.com\/noticias\/wp-json\/wp\/v2\/posts"}],"about":[{"href":"https:\/\/www.eldigitaldeasturias.com\/noticias\/wp-json\/wp\/v2\/types\/post"}],"author":[{"embeddable":true,"href":"https:\/\/www.eldigitaldeasturias.com\/noticias\/wp-json\/wp\/v2\/users\/1"}],"replies":[{"embeddable":true,"href":"https:\/\/www.eldigitaldeasturias.com\/noticias\/wp-json\/wp\/v2\/comments?post=480605"}],"version-history":[{"count":0,"href":"https:\/\/www.eldigitaldeasturias.com\/noticias\/wp-json\/wp\/v2\/posts\/480605\/revisions"}],"wp:featuredmedia":[{"embeddable":true,"href":"https:\/\/www.eldigitaldeasturias.com\/noticias\/wp-json\/wp\/v2\/media\/1132184"}],"wp:attachment":[{"href":"https:\/\/www.eldigitaldeasturias.com\/noticias\/wp-json\/wp\/v2\/media?parent=480605"}],"wp:term":[{"taxonomy":"category","embeddable":true,"href":"https:\/\/www.eldigitaldeasturias.com\/noticias\/wp-json\/wp\/v2\/categories?post=480605"},{"taxonomy":"post_tag","embeddable":true,"href":"https:\/\/www.eldigitaldeasturias.com\/noticias\/wp-json\/wp\/v2\/tags?post=480605"}],"curies":[{"name":"wp","href":"https:\/\/api.w.org\/{rel}","templated":true}]}}