{"id":480592,"date":"2014-01-30T19:06:46","date_gmt":"2014-01-30T20:06:46","guid":{"rendered":"http:\/\/www.eldigitaldeasturias.com\/noticias\/?p=480592"},"modified":"2014-01-30T19:06:46","modified_gmt":"2014-01-30T20:06:46","slug":"gallardon-afirma-que-aznar-esta-con-nosotros-y-contribuye-con-las-faes-a-construir-el-pp","status":"publish","type":"post","link":"https:\/\/www.eldigitaldeasturias.com\/noticias\/gallardon-afirma-que-aznar-esta-con-nosotros-y-contribuye-con-las-faes-a-construir-el-pp\/","title":{"rendered":"Gallard\u00f3n afirma que Aznar \u00abest\u00e1 con nosotros\u00bb y contribuye con las FAES a construir el PP"},"content":{"rendered":"<p><img loading=\"lazy\" decoding=\"async\" class=\"alignleft size-medium wp-image-480593\" alt=\"5890871w\" src=\"https:\/\/www.eldigitaldeasturias.com\/noticias\/wp-content\/uploads\/2014\/01\/5890871w-360x222.jpg\" width=\"360\" height=\"222\" \/>Madrid, 30 ene (EFE).- El ministro de Justicia, Alberto Ruiz-Gallard\u00f3n, ha asegurado hoy que el presidente de honor del PP, Jos\u00e9 Mar\u00eda Aznar, est\u00e1 con el partido y contribuye \u00aben el presente\u00bb y a trav\u00e9s de FAES a construir el discurso y la acci\u00f3n de los populares.<\/p>\n<p>Gallard\u00f3n lo ha expresado as\u00ed a los periodistas tras inaugurar en la Casa \u00c1rabe de Madrid el I Congreso Internacional sobre Gesti\u00f3n del Pluralismo Religioso y en referencia a la ausencia del expresidente del Gobierno en la convenci\u00f3n nacional del partido que se celebrar\u00e1 en Valladolid el fin de semana.<\/p>\n<p>\u00abYo les puedo asegurar a ustedes que el presidente de honor del PP, Jos\u00e9 Mar\u00eda Aznar, est\u00e1 con nosotros en su labor cotidiana, en esa espl\u00e9ndida labor que se realiza desde la Fundaci\u00f3n para el An\u00e1lisis y los Estudios Sociales\u00bb, ha se\u00f1alado Gallard\u00f3n en referencia al informe, titulado \u00ab20 preguntas con respuesta sobre la secesi\u00f3n de Catalu\u00f1a\u00bb, que ha publicado FAES.<\/p>\n<p>De esta forma, el ministro de Justicia ha restado importancia a la ausencia del expresidente y ha explicado que la aportaci\u00f3n de Aznar no es solamente del pasado sino que es del presente pues a trav\u00e9s de FAES ayuda a construir el pensamiento, el discurso y la acci\u00f3n del partido.<\/p>\n<p>Asimismo, el ministro ha expresado su confianza en que la convenci\u00f3n nacional sirva para que \u00abel PP construya un discurso de respuesta a las preocupaciones que tiene la sociedad espa\u00f1ola\u00bb.<\/p>\n<p>\u00abEn Valladolid, desde nuestra unidad, desde nuestra fortaleza, desde nuestro inmenso respeto a la labor que durante tantos a\u00f1os tanta gente ha hecho por Espa\u00f1a, vamos a construir de verdad las respuestas que necesitamos para volver a ocupar un lugar de preferencia en Europa\u00bb, ha resumido.<\/p>\n<p>A modo de conclusi\u00f3n, el ministro ha vuelto a agradecer a los espa\u00f1oles y especialmente a aquellos sectores m\u00e1s perjudicados por la crisis su esfuerzo por superar la dif\u00edcil situaci\u00f3n econ\u00f3mica.<\/p>\n","protected":false},"excerpt":{"rendered":"<p>Madrid, 30 ene (EFE).- El ministro de Justicia, Alberto Ruiz-Gallard\u00f3n, ha asegurado hoy que el presidente de honor del PP, Jos\u00e9 Mar\u00eda Aznar, est\u00e1 con el partido y contribuye \u00aben el presente\u00bb y a trav\u00e9s de FAES a construir el discurso y la acci\u00f3n de los populares. Gallard\u00f3n lo ha expresado as\u00ed a los periodistas [&hellip;]<\/p>\n","protected":false},"author":1,"featured_media":1132184,"comment_status":"closed","ping_status":"open","sticky":false,"template":"","format":"standard","meta":{"footnotes":""},"categories":[1],"tags":[],"class_list":["post-480592","post","type-post","status-publish","format-standard","has-post-thumbnail","hentry","category-actualidad"],"aioseo_notices":[],"aioseo_head":"\n\t\t<!-- All in One SEO Pro 5.0.1 - aioseo.com -->\n\t<meta name=\"description\" content=\"Madrid, 30 ene (EFE).- El ministro de Justicia, Alberto Ruiz-Gallard\u00f3n, ha asegurado hoy que el presidente de honor del PP, Jos\u00e9 Mar\u00eda Aznar, est\u00e1 con el partido y contribuye &quot;en el presente&quot; y a trav\u00e9s de FAES a construir el discurso y la acci\u00f3n de los populares. Gallard\u00f3n lo ha expresado as\u00ed a los periodistas\" \/>\n\t<meta name=\"robots\" content=\"max-image-preview:large\" \/>\n\t<meta name=\"author\" content=\"El Digital de Asturias\"\/>\n\t<meta name=\"google-site-verification\" content=\"UA-38556648-1\" \/>\n\t<meta name=\"msvalidate.01\" content=\"7dfe9f3f1b24437ab69f4f2559babe99\" \/>\n\t<meta name=\"keywords\" content=\"actualidad\" \/>\n\t<link rel=\"canonical\" href=\"https:\/\/www.eldigitaldeasturias.com\/noticias\/gallardon-afirma-que-aznar-esta-con-nosotros-y-contribuye-con-las-faes-a-construir-el-pp\/\" \/>\n\t<meta name=\"generator\" content=\"All in One SEO Pro (AIOSEO) 5.0.1\" \/>\n\t\t<meta property=\"og:locale\" content=\"es_ES\" \/>\n\t\t<meta property=\"og:site_name\" content=\"El Digital de Asturias\" \/>\n\t\t<meta property=\"og:type\" content=\"article\" \/>\n\t\t<meta property=\"og:title\" content=\"Gallard\u00f3n afirma que Aznar \u00abest\u00e1 con nosotros\u00bb y contribuye con las FAES a construir el PP - El Digital de Asturias\" \/>\n\t\t<meta property=\"og:description\" content=\"Madrid, 30 ene (EFE).- El ministro de Justicia, Alberto Ruiz-Gallard\u00f3n, ha asegurado hoy que el presidente de honor del PP, Jos\u00e9 Mar\u00eda Aznar, est\u00e1 con el partido y contribuye &quot;en el presente&quot; y a trav\u00e9s de FAES a construir el discurso y la acci\u00f3n de los populares. Gallard\u00f3n lo ha expresado as\u00ed a los periodistas\" \/>\n\t\t<meta property=\"og:url\" content=\"https:\/\/www.eldigitaldeasturias.com\/noticias\/gallardon-afirma-que-aznar-esta-con-nosotros-y-contribuye-con-las-faes-a-construir-el-pp\/\" \/>\n\t\t<meta property=\"og:image\" content=\"https:\/\/www.eldigitaldeasturias.com\/noticias\/wp-content\/uploads\/2026\/06\/Contenidos.jpg\" \/>\n\t\t<meta property=\"og:image:secure_url\" content=\"https:\/\/www.eldigitaldeasturias.com\/noticias\/wp-content\/uploads\/2026\/06\/Contenidos.jpg\" \/>\n\t\t<meta property=\"og:image:width\" content=\"1265\" \/>\n\t\t<meta property=\"og:image:height\" content=\"697\" \/>\n\t\t<meta property=\"article:tag\" content=\"actualidad\" \/>\n\t\t<meta property=\"article:published_time\" content=\"2014-01-30T20:06:46+00:00\" \/>\n\t\t<meta property=\"article:modified_time\" content=\"2014-01-30T20:06:46+00:00\" \/>\n\t\t<meta property=\"article:publisher\" content=\"https:\/\/facebook.com\/eldigitaldeasturias\" \/>\n\t\t<meta name=\"twitter:card\" content=\"summary_large_image\" \/>\n\t\t<meta name=\"twitter:title\" content=\"Gallard\u00f3n afirma que Aznar \u00abest\u00e1 con nosotros\u00bb y contribuye con las FAES a construir el PP - El Digital de Asturias\" \/>\n\t\t<meta name=\"twitter:description\" content=\"Madrid, 30 ene (EFE).- El ministro de Justicia, Alberto Ruiz-Gallard\u00f3n, ha asegurado hoy que el presidente de honor del PP, Jos\u00e9 Mar\u00eda Aznar, est\u00e1 con el partido y contribuye &quot;en el presente&quot; y a trav\u00e9s de FAES a construir el discurso y la acci\u00f3n de los populares. Gallard\u00f3n lo ha expresado as\u00ed a los periodistas\" \/>\n\t\t<meta name=\"twitter:image\" content=\"https:\/\/www.eldigitaldeasturias.com\/noticias\/wp-content\/uploads\/2026\/06\/Contenidos.jpg\" \/>\n\t\t<meta name=\"twitter:label1\" content=\"Escrito por\" \/>\n\t\t<meta name=\"twitter:data1\" content=\"El Digital de Asturias\" \/>\n\t\t<meta name=\"twitter:label2\" content=\"Tiempo de lectura estimado\" \/>\n\t\t<meta name=\"twitter:data2\" content=\"2 minutos\" \/>\n\t\t<script type=\"application\/ld+json\" class=\"aioseo-schema\">\n\t\t\t{\"@context\":\"https:\\\/\\\/schema.org\",\"@graph\":[{\"@type\":\"BlogPosting\",\"@id\":\"https:\\\/\\\/www.eldigitaldeasturias.com\\\/noticias\\\/gallardon-afirma-que-aznar-esta-con-nosotros-y-contribuye-con-las-faes-a-construir-el-pp\\\/#blogposting\",\"name\":\"Gallard\\u00f3n afirma que Aznar \\u00abest\\u00e1 con nosotros\\u00bb y contribuye con las FAES a construir el PP - El Digital de Asturias\",\"headline\":\"Gallard\\u00f3n afirma que Aznar \\u00abest\\u00e1 con nosotros\\u00bb y contribuye con las FAES a construir el PP\",\"author\":{\"@id\":\"https:\\\/\\\/www.eldigitaldeasturias.com\\\/noticias\\\/author\\\/admin\\\/#author\"},\"publisher\":{\"@id\":\"https:\\\/\\\/www.eldigitaldeasturias.com\\\/noticias\\\/#organization\"},\"image\":{\"@type\":\"ImageObject\",\"url\":\"https:\\\/\\\/www.eldigitaldeasturias.com\\\/noticias\\\/wp-content\\\/uploads\\\/2026\\\/06\\\/Contenidos.jpg\",\"width\":1265,\"height\":697,\"caption\":\"Contenidos\"},\"datePublished\":\"2014-01-30T19:06:46+01:00\",\"dateModified\":\"2014-01-30T19:06:46+01:00\",\"inLanguage\":\"es-ES\",\"mainEntityOfPage\":{\"@id\":\"https:\\\/\\\/www.eldigitaldeasturias.com\\\/noticias\\\/gallardon-afirma-que-aznar-esta-con-nosotros-y-contribuye-con-las-faes-a-construir-el-pp\\\/#webpage\"},\"isPartOf\":{\"@id\":\"https:\\\/\\\/www.eldigitaldeasturias.com\\\/noticias\\\/gallardon-afirma-que-aznar-esta-con-nosotros-y-contribuye-con-las-faes-a-construir-el-pp\\\/#webpage\"},\"articleSection\":\"Actualidad\"},{\"@type\":\"BreadcrumbList\",\"@id\":\"https:\\\/\\\/www.eldigitaldeasturias.com\\\/noticias\\\/gallardon-afirma-que-aznar-esta-con-nosotros-y-contribuye-con-las-faes-a-construir-el-pp\\\/#breadcrumblist\",\"itemListElement\":[{\"@type\":\"ListItem\",\"@id\":\"https:\\\/\\\/www.eldigitaldeasturias.com\\\/noticias#listItem\",\"position\":1,\"name\":\"Home\",\"item\":\"https:\\\/\\\/www.eldigitaldeasturias.com\\\/noticias\",\"nextItem\":{\"@type\":\"ListItem\",\"@id\":\"https:\\\/\\\/www.eldigitaldeasturias.com\\\/noticias\\\/category\\\/actualidad\\\/#listItem\",\"name\":\"Actualidad\"}},{\"@type\":\"ListItem\",\"@id\":\"https:\\\/\\\/www.eldigitaldeasturias.com\\\/noticias\\\/category\\\/actualidad\\\/#listItem\",\"position\":2,\"name\":\"Actualidad\",\"item\":\"https:\\\/\\\/www.eldigitaldeasturias.com\\\/noticias\\\/category\\\/actualidad\\\/\",\"nextItem\":{\"@type\":\"ListItem\",\"@id\":\"https:\\\/\\\/www.eldigitaldeasturias.com\\\/noticias\\\/gallardon-afirma-que-aznar-esta-con-nosotros-y-contribuye-con-las-faes-a-construir-el-pp\\\/#listItem\",\"name\":\"Gallard\\u00f3n afirma que Aznar \\u00abest\\u00e1 con nosotros\\u00bb y contribuye con las FAES a construir el PP\"},\"previousItem\":{\"@type\":\"ListItem\",\"@id\":\"https:\\\/\\\/www.eldigitaldeasturias.com\\\/noticias#listItem\",\"name\":\"Home\"}},{\"@type\":\"ListItem\",\"@id\":\"https:\\\/\\\/www.eldigitaldeasturias.com\\\/noticias\\\/gallardon-afirma-que-aznar-esta-con-nosotros-y-contribuye-con-las-faes-a-construir-el-pp\\\/#listItem\",\"position\":3,\"name\":\"Gallard\\u00f3n afirma que Aznar \\u00abest\\u00e1 con nosotros\\u00bb y contribuye con las FAES a construir el PP\",\"previousItem\":{\"@type\":\"ListItem\",\"@id\":\"https:\\\/\\\/www.eldigitaldeasturias.com\\\/noticias\\\/category\\\/actualidad\\\/#listItem\",\"name\":\"Actualidad\"}}]},{\"@type\":\"Organization\",\"@id\":\"https:\\\/\\\/www.eldigitaldeasturias.com\\\/noticias\\\/#organization\",\"name\":\"El Digital de Asturias\",\"description\":\"Hemeroteca\",\"url\":\"https:\\\/\\\/www.eldigitaldeasturias.com\\\/noticias\\\/\",\"email\":\"info@eldigitaldeasturias.com\",\"telephone\":\"+34652131393\",\"logo\":{\"@type\":\"ImageObject\",\"url\":\"https:\\\/\\\/www.eldigitaldeasturias.com\\\/noticias\\\/wp-content\\\/uploads\\\/2020\\\/12\\\/EDA.jpg\",\"@id\":\"https:\\\/\\\/www.eldigitaldeasturias.com\\\/noticias\\\/gallardon-afirma-que-aznar-esta-con-nosotros-y-contribuye-con-las-faes-a-construir-el-pp\\\/#organizationLogo\"},\"image\":{\"@id\":\"https:\\\/\\\/www.eldigitaldeasturias.com\\\/noticias\\\/gallardon-afirma-que-aznar-esta-con-nosotros-y-contribuye-con-las-faes-a-construir-el-pp\\\/#organizationLogo\"},\"sameAs\":[\"https:\\\/\\\/facebook.com\\\/eldigitaldeasturias\",\"https:\\\/\\\/www.youtube.com\\\/channel\\\/UCZP-2wLEB9Rv6erhFmqVnvg\"],\"address\":{\"@id\":\"https:\\\/\\\/www.eldigitaldeasturias.com\\\/noticias\\\/#postaladdress\",\"@type\":\"PostalAddress\",\"streetAddress\":\"san antonio 4\",\"postalCode\":\"33430\",\"addressLocality\":\"Cand\\u00e1s\",\"addressRegion\":\"Asturias\",\"addressCountry\":\"ES\"}},{\"@type\":\"Person\",\"@id\":\"https:\\\/\\\/www.eldigitaldeasturias.com\\\/noticias\\\/author\\\/admin\\\/#author\",\"url\":\"https:\\\/\\\/www.eldigitaldeasturias.com\\\/noticias\\\/author\\\/admin\\\/\",\"name\":\"El Digital de Asturias\",\"image\":{\"@type\":\"ImageObject\",\"@id\":\"https:\\\/\\\/www.eldigitaldeasturias.com\\\/noticias\\\/gallardon-afirma-que-aznar-esta-con-nosotros-y-contribuye-con-las-faes-a-construir-el-pp\\\/#authorImage\",\"url\":\"https:\\\/\\\/secure.gravatar.com\\\/avatar\\\/df2aeffc32bcd13f8d26072ef8a91b623d677766deac7f97ca815868cd41bf5e?s=96&d=mm&r=g\",\"width\":96,\"height\":96,\"caption\":\"El Digital de Asturias\"}},{\"@type\":\"WebPage\",\"@id\":\"https:\\\/\\\/www.eldigitaldeasturias.com\\\/noticias\\\/gallardon-afirma-que-aznar-esta-con-nosotros-y-contribuye-con-las-faes-a-construir-el-pp\\\/#webpage\",\"url\":\"https:\\\/\\\/www.eldigitaldeasturias.com\\\/noticias\\\/gallardon-afirma-que-aznar-esta-con-nosotros-y-contribuye-con-las-faes-a-construir-el-pp\\\/\",\"name\":\"Gallard\\u00f3n afirma que Aznar \\u00abest\\u00e1 con nosotros\\u00bb y contribuye con las FAES a construir el PP - El Digital de Asturias\",\"description\":\"Madrid, 30 ene (EFE).- El ministro de Justicia, Alberto Ruiz-Gallard\\u00f3n, ha asegurado hoy que el presidente de honor del PP, Jos\\u00e9 Mar\\u00eda Aznar, est\\u00e1 con el partido y contribuye \\\"en el presente\\\" y a trav\\u00e9s de FAES a construir el discurso y la acci\\u00f3n de los populares. Gallard\\u00f3n lo ha expresado as\\u00ed a los periodistas\",\"inLanguage\":\"es-ES\",\"isPartOf\":{\"@id\":\"https:\\\/\\\/www.eldigitaldeasturias.com\\\/noticias\\\/#website\"},\"breadcrumb\":{\"@id\":\"https:\\\/\\\/www.eldigitaldeasturias.com\\\/noticias\\\/gallardon-afirma-que-aznar-esta-con-nosotros-y-contribuye-con-las-faes-a-construir-el-pp\\\/#breadcrumblist\"},\"author\":{\"@id\":\"https:\\\/\\\/www.eldigitaldeasturias.com\\\/noticias\\\/author\\\/admin\\\/#author\"},\"creator\":{\"@id\":\"https:\\\/\\\/www.eldigitaldeasturias.com\\\/noticias\\\/author\\\/admin\\\/#author\"},\"image\":{\"@type\":\"ImageObject\",\"url\":\"https:\\\/\\\/www.eldigitaldeasturias.com\\\/noticias\\\/wp-content\\\/uploads\\\/2026\\\/06\\\/Contenidos.jpg\",\"@id\":\"https:\\\/\\\/www.eldigitaldeasturias.com\\\/noticias\\\/gallardon-afirma-que-aznar-esta-con-nosotros-y-contribuye-con-las-faes-a-construir-el-pp\\\/#mainImage\",\"width\":1265,\"height\":697,\"caption\":\"Contenidos\"},\"primaryImageOfPage\":{\"@id\":\"https:\\\/\\\/www.eldigitaldeasturias.com\\\/noticias\\\/gallardon-afirma-que-aznar-esta-con-nosotros-y-contribuye-con-las-faes-a-construir-el-pp\\\/#mainImage\"},\"datePublished\":\"2014-01-30T19:06:46+01:00\",\"dateModified\":\"2014-01-30T19:06:46+01:00\"},{\"@type\":\"WebSite\",\"@id\":\"https:\\\/\\\/www.eldigitaldeasturias.com\\\/noticias\\\/#website\",\"url\":\"https:\\\/\\\/www.eldigitaldeasturias.com\\\/noticias\\\/\",\"name\":\"El Digital de Asturias - Diario de actualidad y noticias\",\"alternateName\":\"El Digital de Asturias - Diario de actualidad y noticias\",\"description\":\"Hemeroteca\",\"inLanguage\":\"es-ES\",\"publisher\":{\"@id\":\"https:\\\/\\\/www.eldigitaldeasturias.com\\\/noticias\\\/#organization\"}}]}\n\t\t<\/script>\n\t\t<!-- All in One SEO Pro -->\r\n\t\t<title>Gallard\u00f3n afirma que Aznar \u00abest\u00e1 con nosotros\u00bb y contribuye con las FAES a construir el PP - El Digital de Asturias<\/title>\n\n","aioseo_head_json":{"title":"Gallard\u00f3n afirma que Aznar \u00abest\u00e1 con nosotros\u00bb y contribuye con las FAES a construir el PP - El Digital de Asturias","description":"Madrid, 30 ene (EFE).- El ministro de Justicia, Alberto Ruiz-Gallard\u00f3n, ha asegurado hoy que el presidente de honor del PP, Jos\u00e9 Mar\u00eda Aznar, est\u00e1 con el partido y contribuye \"en el presente\" y a trav\u00e9s de FAES a construir el discurso y la acci\u00f3n de los populares. Gallard\u00f3n lo ha expresado as\u00ed a los periodistas","canonical_url":"https:\/\/www.eldigitaldeasturias.com\/noticias\/gallardon-afirma-que-aznar-esta-con-nosotros-y-contribuye-con-las-faes-a-construir-el-pp\/","robots":"max-image-preview:large","keywords":"actualidad","webmasterTools":{"google-site-verification":"UA-38556648-1","msvalidate.01":"7dfe9f3f1b24437ab69f4f2559babe99","miscellaneous":""},"schema":{"@context":"https:\/\/schema.org","@graph":[{"@type":"BlogPosting","@id":"https:\/\/www.eldigitaldeasturias.com\/noticias\/gallardon-afirma-que-aznar-esta-con-nosotros-y-contribuye-con-las-faes-a-construir-el-pp\/#blogposting","name":"Gallard\u00f3n afirma que Aznar \u00abest\u00e1 con nosotros\u00bb y contribuye con las FAES a construir el PP - El Digital de Asturias","headline":"Gallard\u00f3n afirma que Aznar \u00abest\u00e1 con nosotros\u00bb y contribuye con las FAES a construir el PP","author":{"@id":"https:\/\/www.eldigitaldeasturias.com\/noticias\/author\/admin\/#author"},"publisher":{"@id":"https:\/\/www.eldigitaldeasturias.com\/noticias\/#organization"},"image":{"@type":"ImageObject","url":"https:\/\/www.eldigitaldeasturias.com\/noticias\/wp-content\/uploads\/2026\/06\/Contenidos.jpg","width":1265,"height":697,"caption":"Contenidos"},"datePublished":"2014-01-30T19:06:46+01:00","dateModified":"2014-01-30T19:06:46+01:00","inLanguage":"es-ES","mainEntityOfPage":{"@id":"https:\/\/www.eldigitaldeasturias.com\/noticias\/gallardon-afirma-que-aznar-esta-con-nosotros-y-contribuye-con-las-faes-a-construir-el-pp\/#webpage"},"isPartOf":{"@id":"https:\/\/www.eldigitaldeasturias.com\/noticias\/gallardon-afirma-que-aznar-esta-con-nosotros-y-contribuye-con-las-faes-a-construir-el-pp\/#webpage"},"articleSection":"Actualidad"},{"@type":"BreadcrumbList","@id":"https:\/\/www.eldigitaldeasturias.com\/noticias\/gallardon-afirma-que-aznar-esta-con-nosotros-y-contribuye-con-las-faes-a-construir-el-pp\/#breadcrumblist","itemListElement":[{"@type":"ListItem","@id":"https:\/\/www.eldigitaldeasturias.com\/noticias#listItem","position":1,"name":"Home","item":"https:\/\/www.eldigitaldeasturias.com\/noticias","nextItem":{"@type":"ListItem","@id":"https:\/\/www.eldigitaldeasturias.com\/noticias\/category\/actualidad\/#listItem","name":"Actualidad"}},{"@type":"ListItem","@id":"https:\/\/www.eldigitaldeasturias.com\/noticias\/category\/actualidad\/#listItem","position":2,"name":"Actualidad","item":"https:\/\/www.eldigitaldeasturias.com\/noticias\/category\/actualidad\/","nextItem":{"@type":"ListItem","@id":"https:\/\/www.eldigitaldeasturias.com\/noticias\/gallardon-afirma-que-aznar-esta-con-nosotros-y-contribuye-con-las-faes-a-construir-el-pp\/#listItem","name":"Gallard\u00f3n afirma que Aznar \u00abest\u00e1 con nosotros\u00bb y contribuye con las FAES a construir el PP"},"previousItem":{"@type":"ListItem","@id":"https:\/\/www.eldigitaldeasturias.com\/noticias#listItem","name":"Home"}},{"@type":"ListItem","@id":"https:\/\/www.eldigitaldeasturias.com\/noticias\/gallardon-afirma-que-aznar-esta-con-nosotros-y-contribuye-con-las-faes-a-construir-el-pp\/#listItem","position":3,"name":"Gallard\u00f3n afirma que Aznar \u00abest\u00e1 con nosotros\u00bb y contribuye con las FAES a construir el PP","previousItem":{"@type":"ListItem","@id":"https:\/\/www.eldigitaldeasturias.com\/noticias\/category\/actualidad\/#listItem","name":"Actualidad"}}]},{"@type":"Organization","@id":"https:\/\/www.eldigitaldeasturias.com\/noticias\/#organization","name":"El Digital de Asturias","description":"Hemeroteca","url":"https:\/\/www.eldigitaldeasturias.com\/noticias\/","email":"info@eldigitaldeasturias.com","telephone":"+34652131393","logo":{"@type":"ImageObject","url":"https:\/\/www.eldigitaldeasturias.com\/noticias\/wp-content\/uploads\/2020\/12\/EDA.jpg","@id":"https:\/\/www.eldigitaldeasturias.com\/noticias\/gallardon-afirma-que-aznar-esta-con-nosotros-y-contribuye-con-las-faes-a-construir-el-pp\/#organizationLogo"},"image":{"@id":"https:\/\/www.eldigitaldeasturias.com\/noticias\/gallardon-afirma-que-aznar-esta-con-nosotros-y-contribuye-con-las-faes-a-construir-el-pp\/#organizationLogo"},"sameAs":["https:\/\/facebook.com\/eldigitaldeasturias","https:\/\/www.youtube.com\/channel\/UCZP-2wLEB9Rv6erhFmqVnvg"],"address":{"@id":"https:\/\/www.eldigitaldeasturias.com\/noticias\/#postaladdress","@type":"PostalAddress","streetAddress":"san antonio 4","postalCode":"33430","addressLocality":"Cand\u00e1s","addressRegion":"Asturias","addressCountry":"ES"}},{"@type":"Person","@id":"https:\/\/www.eldigitaldeasturias.com\/noticias\/author\/admin\/#author","url":"https:\/\/www.eldigitaldeasturias.com\/noticias\/author\/admin\/","name":"El Digital de Asturias","image":{"@type":"ImageObject","@id":"https:\/\/www.eldigitaldeasturias.com\/noticias\/gallardon-afirma-que-aznar-esta-con-nosotros-y-contribuye-con-las-faes-a-construir-el-pp\/#authorImage","url":"https:\/\/secure.gravatar.com\/avatar\/df2aeffc32bcd13f8d26072ef8a91b623d677766deac7f97ca815868cd41bf5e?s=96&d=mm&r=g","width":96,"height":96,"caption":"El Digital de Asturias"}},{"@type":"WebPage","@id":"https:\/\/www.eldigitaldeasturias.com\/noticias\/gallardon-afirma-que-aznar-esta-con-nosotros-y-contribuye-con-las-faes-a-construir-el-pp\/#webpage","url":"https:\/\/www.eldigitaldeasturias.com\/noticias\/gallardon-afirma-que-aznar-esta-con-nosotros-y-contribuye-con-las-faes-a-construir-el-pp\/","name":"Gallard\u00f3n afirma que Aznar \u00abest\u00e1 con nosotros\u00bb y contribuye con las FAES a construir el PP - El Digital de Asturias","description":"Madrid, 30 ene (EFE).- El ministro de Justicia, Alberto Ruiz-Gallard\u00f3n, ha asegurado hoy que el presidente de honor del PP, Jos\u00e9 Mar\u00eda Aznar, est\u00e1 con el partido y contribuye \"en el presente\" y a trav\u00e9s de FAES a construir el discurso y la acci\u00f3n de los populares. Gallard\u00f3n lo ha expresado as\u00ed a los periodistas","inLanguage":"es-ES","isPartOf":{"@id":"https:\/\/www.eldigitaldeasturias.com\/noticias\/#website"},"breadcrumb":{"@id":"https:\/\/www.eldigitaldeasturias.com\/noticias\/gallardon-afirma-que-aznar-esta-con-nosotros-y-contribuye-con-las-faes-a-construir-el-pp\/#breadcrumblist"},"author":{"@id":"https:\/\/www.eldigitaldeasturias.com\/noticias\/author\/admin\/#author"},"creator":{"@id":"https:\/\/www.eldigitaldeasturias.com\/noticias\/author\/admin\/#author"},"image":{"@type":"ImageObject","url":"https:\/\/www.eldigitaldeasturias.com\/noticias\/wp-content\/uploads\/2026\/06\/Contenidos.jpg","@id":"https:\/\/www.eldigitaldeasturias.com\/noticias\/gallardon-afirma-que-aznar-esta-con-nosotros-y-contribuye-con-las-faes-a-construir-el-pp\/#mainImage","width":1265,"height":697,"caption":"Contenidos"},"primaryImageOfPage":{"@id":"https:\/\/www.eldigitaldeasturias.com\/noticias\/gallardon-afirma-que-aznar-esta-con-nosotros-y-contribuye-con-las-faes-a-construir-el-pp\/#mainImage"},"datePublished":"2014-01-30T19:06:46+01:00","dateModified":"2014-01-30T19:06:46+01:00"},{"@type":"WebSite","@id":"https:\/\/www.eldigitaldeasturias.com\/noticias\/#website","url":"https:\/\/www.eldigitaldeasturias.com\/noticias\/","name":"El Digital de Asturias - Diario de actualidad y noticias","alternateName":"El Digital de Asturias - Diario de actualidad y noticias","description":"Hemeroteca","inLanguage":"es-ES","publisher":{"@id":"https:\/\/www.eldigitaldeasturias.com\/noticias\/#organization"}}]},"og:locale":"es_ES","og:site_name":"El Digital de Asturias","og:type":"article","og:title":"Gallard\u00f3n afirma que Aznar \u00abest\u00e1 con nosotros\u00bb y contribuye con las FAES a construir el PP - El Digital de Asturias","og:description":"Madrid, 30 ene (EFE).- El ministro de Justicia, Alberto Ruiz-Gallard\u00f3n, ha asegurado hoy que el presidente de honor del PP, Jos\u00e9 Mar\u00eda Aznar, est\u00e1 con el partido y contribuye &quot;en el presente&quot; y a trav\u00e9s de FAES a construir el discurso y la acci\u00f3n de los populares. Gallard\u00f3n lo ha expresado as\u00ed a los periodistas","og:url":"https:\/\/www.eldigitaldeasturias.com\/noticias\/gallardon-afirma-que-aznar-esta-con-nosotros-y-contribuye-con-las-faes-a-construir-el-pp\/","og:image":"https:\/\/www.eldigitaldeasturias.com\/noticias\/wp-content\/uploads\/2026\/06\/Contenidos.jpg","og:image:secure_url":"https:\/\/www.eldigitaldeasturias.com\/noticias\/wp-content\/uploads\/2026\/06\/Contenidos.jpg","og:image:width":1265,"og:image:height":697,"article:tag":["actualidad"],"article:published_time":"2014-01-30T20:06:46+00:00","article:modified_time":"2014-01-30T20:06:46+00:00","article:publisher":"https:\/\/facebook.com\/eldigitaldeasturias","twitter:card":"summary_large_image","twitter:title":"Gallard\u00f3n afirma que Aznar \u00abest\u00e1 con nosotros\u00bb y contribuye con las FAES a construir el PP - El Digital de Asturias","twitter:description":"Madrid, 30 ene (EFE).- El ministro de Justicia, Alberto Ruiz-Gallard\u00f3n, ha asegurado hoy que el presidente de honor del PP, Jos\u00e9 Mar\u00eda Aznar, est\u00e1 con el partido y contribuye &quot;en el presente&quot; y a trav\u00e9s de FAES a construir el discurso y la acci\u00f3n de los populares. Gallard\u00f3n lo ha expresado as\u00ed a los periodistas","twitter:image":"https:\/\/www.eldigitaldeasturias.com\/noticias\/wp-content\/uploads\/2026\/06\/Contenidos.jpg","twitter:label1":"Escrito por","twitter:data1":"El Digital de Asturias","twitter:label2":"Tiempo de lectura estimado","twitter:data2":"2 minutos"},"aioseo_meta_data":{"post_id":"480592","title":null,"description":null,"keywords":null,"keyphrases":null,"primary_term":null,"canonical_url":null,"og_title":null,"og_description":null,"og_object_type":"default","og_image_type":"default","og_image_url":null,"og_image_width":null,"og_image_height":null,"og_image_custom_url":null,"og_image_custom_fields":null,"og_video":null,"og_custom_url":null,"og_article_section":null,"og_article_tags":null,"twitter_use_og":true,"twitter_card":"default","twitter_image_type":"default","twitter_image_url":null,"twitter_image_custom_url":null,"twitter_image_custom_fields":null,"twitter_title":null,"twitter_description":null,"schema":{"blockGraphs":[],"customGraphs":[],"default":{"data":{"Article":[],"Course":[],"Dataset":[],"FAQPage":[],"Movie":[],"Person":[],"Product":[],"ProductReview":[],"Car":[],"Recipe":[],"Service":[],"SoftwareApplication":[],"WebPage":[]},"graphName":"","isEnabled":true},"graphs":[],"defaultGraph":"","defaultPostTypeGraph":""},"schema_type":null,"schema_type_options":null,"pillar_content":false,"robots_default":true,"robots_noindex":false,"robots_noarchive":false,"robots_nosnippet":false,"robots_nofollow":false,"robots_noimageindex":false,"robots_noodp":false,"robots_notranslate":false,"robots_max_snippet":null,"robots_max_videopreview":null,"robots_max_imagepreview":"none","priority":null,"frequency":null,"local_seo":null,"seo_analyzer_scan_date":"2026-06-02 04:13:55","breadcrumb_settings":null,"limit_modified_date":false,"open_ai":null,"ai":null,"created":"2020-11-14 22:54:13","updated":"2026-06-02 04:13:55","focus_keyword":null,"additional_keywords":null,"truseo_locale":null},"aioseo_breadcrumb":"<div class=\"aioseo-breadcrumbs\"><span class=\"aioseo-breadcrumb\">\n\t<a href=\"https:\/\/www.eldigitaldeasturias.com\/noticias\" title=\"Home\">Home<\/a>\n<\/span><span class=\"aioseo-breadcrumb-separator\">\u2013<\/span><span class=\"aioseo-breadcrumb\">\n\t<a href=\"https:\/\/www.eldigitaldeasturias.com\/noticias\/category\/actualidad\/\" title=\"Actualidad\">Actualidad<\/a>\n<\/span><span class=\"aioseo-breadcrumb-separator\">\u2013<\/span><span class=\"aioseo-breadcrumb\">\n\t<a href=\"https:\/\/www.eldigitaldeasturias.com\/noticias\/gallardon-afirma-que-aznar-esta-con-nosotros-y-contribuye-con-las-faes-a-construir-el-pp\/\" title=\"Gallard\u00f3n afirma que Aznar \u00abest\u00e1 con nosotros\u00bb y contribuye con las FAES a construir el PP\">Gallard\u00f3n afirma que Aznar \u00abest\u00e1 con nosotros\u00bb y contribuye con las FAES a construir el PP<\/a>\n<\/span><\/div>","aioseo_breadcrumb_json":[{"label":"Home","link":"https:\/\/www.eldigitaldeasturias.com\/noticias"},{"label":"Actualidad","link":"https:\/\/www.eldigitaldeasturias.com\/noticias\/category\/actualidad\/"},{"label":"Gallard\u00f3n afirma que Aznar \u00abest\u00e1 con nosotros\u00bb y contribuye con las FAES a construir el PP","link":"https:\/\/www.eldigitaldeasturias.com\/noticias\/gallardon-afirma-que-aznar-esta-con-nosotros-y-contribuye-con-las-faes-a-construir-el-pp\/"}],"_links":{"self":[{"href":"https:\/\/www.eldigitaldeasturias.com\/noticias\/wp-json\/wp\/v2\/posts\/480592","targetHints":{"allow":["GET"]}}],"collection":[{"href":"https:\/\/www.eldigitaldeasturias.com\/noticias\/wp-json\/wp\/v2\/posts"}],"about":[{"href":"https:\/\/www.eldigitaldeasturias.com\/noticias\/wp-json\/wp\/v2\/types\/post"}],"author":[{"embeddable":true,"href":"https:\/\/www.eldigitaldeasturias.com\/noticias\/wp-json\/wp\/v2\/users\/1"}],"replies":[{"embeddable":true,"href":"https:\/\/www.eldigitaldeasturias.com\/noticias\/wp-json\/wp\/v2\/comments?post=480592"}],"version-history":[{"count":0,"href":"https:\/\/www.eldigitaldeasturias.com\/noticias\/wp-json\/wp\/v2\/posts\/480592\/revisions"}],"wp:featuredmedia":[{"embeddable":true,"href":"https:\/\/www.eldigitaldeasturias.com\/noticias\/wp-json\/wp\/v2\/media\/1132184"}],"wp:attachment":[{"href":"https:\/\/www.eldigitaldeasturias.com\/noticias\/wp-json\/wp\/v2\/media?parent=480592"}],"wp:term":[{"taxonomy":"category","embeddable":true,"href":"https:\/\/www.eldigitaldeasturias.com\/noticias\/wp-json\/wp\/v2\/categories?post=480592"},{"taxonomy":"post_tag","embeddable":true,"href":"https:\/\/www.eldigitaldeasturias.com\/noticias\/wp-json\/wp\/v2\/tags?post=480592"}],"curies":[{"name":"wp","href":"https:\/\/api.w.org\/{rel}","templated":true}]}}