{"id":480589,"date":"2014-01-30T19:05:17","date_gmt":"2014-01-30T20:05:17","guid":{"rendered":"http:\/\/www.eldigitaldeasturias.com\/noticias\/?p=480589"},"modified":"2014-01-30T19:05:17","modified_gmt":"2014-01-30T20:05:17","slug":"el-city-pendiente-del-alcance-de-la-lesion-de-sergio-aguero","status":"publish","type":"post","link":"https:\/\/www.eldigitaldeasturias.com\/noticias\/el-city-pendiente-del-alcance-de-la-lesion-de-sergio-aguero\/","title":{"rendered":"El City, pendiente del alcance de la lesi\u00f3n de Sergio Ag\u00fcero"},"content":{"rendered":"<p><img loading=\"lazy\" decoding=\"async\" class=\"alignleft size-medium wp-image-480590\" alt=\"5890864w\" src=\"https:\/\/www.eldigitaldeasturias.com\/noticias\/wp-content\/uploads\/2014\/01\/5890864w-360x235.jpg\" width=\"360\" height=\"235\" \/>Londres, 30 ene (EFE).- El Manchester City, nuevo l\u00edder de la Premier inglesa, espera conocer hoy el alcance de la lesi\u00f3n que sufri\u00f3 Sergio Ag\u00fcero en el partido de ayer ante el Tottenham, a menos de tres semanas de la cita de Liga de Campeones con el FC Barcelona.<\/p>\n<p>El delantero argentino tuvo que retirarse antes del descanso al notar un pinchazo en el muslo, despu\u00e9s de anotar su gol n\u00famero 50 en 81 partidos de liga y abrir el marcador en la contundente victoria ante los Spurs anoche en Londres (1-5).<\/p>\n<p>El \u00abKun\u00bb, de 25 a\u00f1os, se perder\u00e1 casi con toda seguridad el duelo liguero frente el Chelsea de Jos\u00e9 Mourinho el pr\u00f3ximo lunes, pero los \u00abcitizens\u00bb conf\u00edan en que estar\u00e1 recuperado para disputar la primera eliminatoria de \u00abChampions\u00bb ante el Barcelona el 18 de febrero.<\/p>\n<p>\u00abNot\u00e9 algo de dolor en el muslo derecho y me retir\u00e9 solo por precauci\u00f3n. Los ex\u00e1menes dir\u00e1n cual es el alcance de la lesi\u00f3n\u00bb, escribi\u00f3 Ag\u00fcero en su cuenta de Twitter respecto a lo que parece una rotura fibrilar.<\/p>\n<p>\u00abLo llevo bien al saber que el equipo est\u00e1 en lo m\u00e1s alto\u00bb, dijo despu\u00e9s de que el City arrebatase el liderato al Arsenal a la conclusi\u00f3n de la vig\u00e9simo tercera jornada de liga.<\/p>\n<p>\u00abSon malas noticias\u00bb, apunt\u00f3 el capit\u00e1n del Manchester, Vincent Kompany, quien, no obstante, destac\u00f3 la buena actuaci\u00f3n del sustituto de Ag\u00fcero, Stevan Jovetic, autor del cuarto gol en White Hart Lane.<\/p>\n<p>\u00abTenemos que esperar y ver. No sabemos a\u00fan su gravedad, pero confiamos en que volver\u00e1 muy pronto\u00bb, agreg\u00f3 Kompany.<\/p>\n<p>Invicto durante 20 partidos en todas las competiciones, con 68 goles en 23 encuentros, el City tiene en el \u00abKun\u00bb a su m\u00e1ximo artillero.<\/p>\n<p>Segundo con 15 tantos en la tabla de goleadores, a ocho del uruguayo del Liverpool Luis Su\u00e1rez, Ag\u00fcero sum\u00f3 anoche 50 dianas en la Premier en 81 partidos y se convierte en el quinto jugador que lo logra con menos encuentros.<\/p>\n<p>S\u00f3lo Fernando Torres, Ruud van Nistelrooy, Alan Shearer y Andy Cole lo hicieron antes.<\/p>\n","protected":false},"excerpt":{"rendered":"<p>Londres, 30 ene (EFE).- El Manchester City, nuevo l\u00edder de la Premier inglesa, espera conocer hoy el alcance de la lesi\u00f3n que sufri\u00f3 Sergio Ag\u00fcero en el partido de ayer ante el Tottenham, a menos de tres semanas de la cita de Liga de Campeones con el FC Barcelona. El delantero argentino tuvo que retirarse [&hellip;]<\/p>\n","protected":false},"author":1,"featured_media":1132184,"comment_status":"closed","ping_status":"open","sticky":false,"template":"","format":"standard","meta":{"footnotes":""},"categories":[1],"tags":[],"class_list":["post-480589","post","type-post","status-publish","format-standard","has-post-thumbnail","hentry","category-actualidad"],"aioseo_notices":[],"aioseo_head":"\n\t\t<!-- All in One SEO Pro 5.0.1 - aioseo.com -->\n\t<meta name=\"description\" content=\"Londres, 30 ene (EFE).- El Manchester City, nuevo l\u00edder de la Premier inglesa, espera conocer hoy el alcance de la lesi\u00f3n que sufri\u00f3 Sergio Ag\u00fcero en el partido de ayer ante el Tottenham, a menos de tres semanas de la cita de Liga de Campeones con el FC Barcelona. El delantero argentino tuvo que retirarse\" \/>\n\t<meta name=\"robots\" content=\"max-image-preview:large\" \/>\n\t<meta name=\"author\" content=\"El Digital de Asturias\"\/>\n\t<meta name=\"google-site-verification\" content=\"UA-38556648-1\" \/>\n\t<meta name=\"msvalidate.01\" content=\"7dfe9f3f1b24437ab69f4f2559babe99\" \/>\n\t<meta name=\"keywords\" content=\"actualidad\" \/>\n\t<link rel=\"canonical\" href=\"https:\/\/www.eldigitaldeasturias.com\/noticias\/el-city-pendiente-del-alcance-de-la-lesion-de-sergio-aguero\/\" \/>\n\t<meta name=\"generator\" content=\"All in One SEO Pro (AIOSEO) 5.0.1\" \/>\n\t\t<meta property=\"og:locale\" content=\"es_ES\" \/>\n\t\t<meta property=\"og:site_name\" content=\"El Digital de Asturias\" \/>\n\t\t<meta property=\"og:type\" content=\"article\" \/>\n\t\t<meta property=\"og:title\" content=\"El City, pendiente del alcance de la lesi\u00f3n de Sergio Ag\u00fcero - El Digital de Asturias\" \/>\n\t\t<meta property=\"og:description\" content=\"Londres, 30 ene (EFE).- El Manchester City, nuevo l\u00edder de la Premier inglesa, espera conocer hoy el alcance de la lesi\u00f3n que sufri\u00f3 Sergio Ag\u00fcero en el partido de ayer ante el Tottenham, a menos de tres semanas de la cita de Liga de Campeones con el FC Barcelona. El delantero argentino tuvo que retirarse\" \/>\n\t\t<meta property=\"og:url\" content=\"https:\/\/www.eldigitaldeasturias.com\/noticias\/el-city-pendiente-del-alcance-de-la-lesion-de-sergio-aguero\/\" \/>\n\t\t<meta property=\"og:image\" content=\"https:\/\/www.eldigitaldeasturias.com\/noticias\/wp-content\/uploads\/2026\/06\/Contenidos.jpg\" \/>\n\t\t<meta property=\"og:image:secure_url\" content=\"https:\/\/www.eldigitaldeasturias.com\/noticias\/wp-content\/uploads\/2026\/06\/Contenidos.jpg\" \/>\n\t\t<meta property=\"og:image:width\" content=\"1265\" \/>\n\t\t<meta property=\"og:image:height\" content=\"697\" \/>\n\t\t<meta property=\"article:tag\" content=\"actualidad\" \/>\n\t\t<meta property=\"article:published_time\" content=\"2014-01-30T20:05:17+00:00\" \/>\n\t\t<meta property=\"article:modified_time\" content=\"2014-01-30T20:05:17+00:00\" \/>\n\t\t<meta property=\"article:publisher\" content=\"https:\/\/facebook.com\/eldigitaldeasturias\" \/>\n\t\t<meta name=\"twitter:card\" content=\"summary_large_image\" \/>\n\t\t<meta name=\"twitter:title\" content=\"El City, pendiente del alcance de la lesi\u00f3n de Sergio Ag\u00fcero - El Digital de Asturias\" \/>\n\t\t<meta name=\"twitter:description\" content=\"Londres, 30 ene (EFE).- El Manchester City, nuevo l\u00edder de la Premier inglesa, espera conocer hoy el alcance de la lesi\u00f3n que sufri\u00f3 Sergio Ag\u00fcero en el partido de ayer ante el Tottenham, a menos de tres semanas de la cita de Liga de Campeones con el FC Barcelona. El delantero argentino tuvo que retirarse\" \/>\n\t\t<meta name=\"twitter:image\" content=\"https:\/\/www.eldigitaldeasturias.com\/noticias\/wp-content\/uploads\/2026\/06\/Contenidos.jpg\" \/>\n\t\t<meta name=\"twitter:label1\" content=\"Escrito por\" \/>\n\t\t<meta name=\"twitter:data1\" content=\"El Digital de Asturias\" \/>\n\t\t<meta name=\"twitter:label2\" content=\"Tiempo de lectura estimado\" \/>\n\t\t<meta name=\"twitter:data2\" content=\"2 minutos\" \/>\n\t\t<script type=\"application\/ld+json\" class=\"aioseo-schema\">\n\t\t\t{\"@context\":\"https:\\\/\\\/schema.org\",\"@graph\":[{\"@type\":\"BlogPosting\",\"@id\":\"https:\\\/\\\/www.eldigitaldeasturias.com\\\/noticias\\\/el-city-pendiente-del-alcance-de-la-lesion-de-sergio-aguero\\\/#blogposting\",\"name\":\"El City, pendiente del alcance de la lesi\\u00f3n de Sergio Ag\\u00fcero - El Digital de Asturias\",\"headline\":\"El City, pendiente del alcance de la lesi\\u00f3n de Sergio Ag\\u00fcero\",\"author\":{\"@id\":\"https:\\\/\\\/www.eldigitaldeasturias.com\\\/noticias\\\/author\\\/admin\\\/#author\"},\"publisher\":{\"@id\":\"https:\\\/\\\/www.eldigitaldeasturias.com\\\/noticias\\\/#organization\"},\"image\":{\"@type\":\"ImageObject\",\"url\":\"https:\\\/\\\/www.eldigitaldeasturias.com\\\/noticias\\\/wp-content\\\/uploads\\\/2026\\\/06\\\/Contenidos.jpg\",\"width\":1265,\"height\":697,\"caption\":\"Contenidos\"},\"datePublished\":\"2014-01-30T19:05:17+01:00\",\"dateModified\":\"2014-01-30T19:05:17+01:00\",\"inLanguage\":\"es-ES\",\"mainEntityOfPage\":{\"@id\":\"https:\\\/\\\/www.eldigitaldeasturias.com\\\/noticias\\\/el-city-pendiente-del-alcance-de-la-lesion-de-sergio-aguero\\\/#webpage\"},\"isPartOf\":{\"@id\":\"https:\\\/\\\/www.eldigitaldeasturias.com\\\/noticias\\\/el-city-pendiente-del-alcance-de-la-lesion-de-sergio-aguero\\\/#webpage\"},\"articleSection\":\"Actualidad\"},{\"@type\":\"BreadcrumbList\",\"@id\":\"https:\\\/\\\/www.eldigitaldeasturias.com\\\/noticias\\\/el-city-pendiente-del-alcance-de-la-lesion-de-sergio-aguero\\\/#breadcrumblist\",\"itemListElement\":[{\"@type\":\"ListItem\",\"@id\":\"https:\\\/\\\/www.eldigitaldeasturias.com\\\/noticias#listItem\",\"position\":1,\"name\":\"Home\",\"item\":\"https:\\\/\\\/www.eldigitaldeasturias.com\\\/noticias\",\"nextItem\":{\"@type\":\"ListItem\",\"@id\":\"https:\\\/\\\/www.eldigitaldeasturias.com\\\/noticias\\\/category\\\/actualidad\\\/#listItem\",\"name\":\"Actualidad\"}},{\"@type\":\"ListItem\",\"@id\":\"https:\\\/\\\/www.eldigitaldeasturias.com\\\/noticias\\\/category\\\/actualidad\\\/#listItem\",\"position\":2,\"name\":\"Actualidad\",\"item\":\"https:\\\/\\\/www.eldigitaldeasturias.com\\\/noticias\\\/category\\\/actualidad\\\/\",\"nextItem\":{\"@type\":\"ListItem\",\"@id\":\"https:\\\/\\\/www.eldigitaldeasturias.com\\\/noticias\\\/el-city-pendiente-del-alcance-de-la-lesion-de-sergio-aguero\\\/#listItem\",\"name\":\"El City, pendiente del alcance de la lesi\\u00f3n de Sergio Ag\\u00fcero\"},\"previousItem\":{\"@type\":\"ListItem\",\"@id\":\"https:\\\/\\\/www.eldigitaldeasturias.com\\\/noticias#listItem\",\"name\":\"Home\"}},{\"@type\":\"ListItem\",\"@id\":\"https:\\\/\\\/www.eldigitaldeasturias.com\\\/noticias\\\/el-city-pendiente-del-alcance-de-la-lesion-de-sergio-aguero\\\/#listItem\",\"position\":3,\"name\":\"El City, pendiente del alcance de la lesi\\u00f3n de Sergio Ag\\u00fcero\",\"previousItem\":{\"@type\":\"ListItem\",\"@id\":\"https:\\\/\\\/www.eldigitaldeasturias.com\\\/noticias\\\/category\\\/actualidad\\\/#listItem\",\"name\":\"Actualidad\"}}]},{\"@type\":\"Organization\",\"@id\":\"https:\\\/\\\/www.eldigitaldeasturias.com\\\/noticias\\\/#organization\",\"name\":\"El Digital de Asturias\",\"description\":\"Hemeroteca\",\"url\":\"https:\\\/\\\/www.eldigitaldeasturias.com\\\/noticias\\\/\",\"email\":\"info@eldigitaldeasturias.com\",\"telephone\":\"+34652131393\",\"logo\":{\"@type\":\"ImageObject\",\"url\":\"https:\\\/\\\/www.eldigitaldeasturias.com\\\/noticias\\\/wp-content\\\/uploads\\\/2020\\\/12\\\/EDA.jpg\",\"@id\":\"https:\\\/\\\/www.eldigitaldeasturias.com\\\/noticias\\\/el-city-pendiente-del-alcance-de-la-lesion-de-sergio-aguero\\\/#organizationLogo\"},\"image\":{\"@id\":\"https:\\\/\\\/www.eldigitaldeasturias.com\\\/noticias\\\/el-city-pendiente-del-alcance-de-la-lesion-de-sergio-aguero\\\/#organizationLogo\"},\"sameAs\":[\"https:\\\/\\\/facebook.com\\\/eldigitaldeasturias\",\"https:\\\/\\\/www.youtube.com\\\/channel\\\/UCZP-2wLEB9Rv6erhFmqVnvg\"],\"address\":{\"@id\":\"https:\\\/\\\/www.eldigitaldeasturias.com\\\/noticias\\\/#postaladdress\",\"@type\":\"PostalAddress\",\"streetAddress\":\"san antonio 4\",\"postalCode\":\"33430\",\"addressLocality\":\"Cand\\u00e1s\",\"addressRegion\":\"Asturias\",\"addressCountry\":\"ES\"}},{\"@type\":\"Person\",\"@id\":\"https:\\\/\\\/www.eldigitaldeasturias.com\\\/noticias\\\/author\\\/admin\\\/#author\",\"url\":\"https:\\\/\\\/www.eldigitaldeasturias.com\\\/noticias\\\/author\\\/admin\\\/\",\"name\":\"El Digital de Asturias\",\"image\":{\"@type\":\"ImageObject\",\"@id\":\"https:\\\/\\\/www.eldigitaldeasturias.com\\\/noticias\\\/el-city-pendiente-del-alcance-de-la-lesion-de-sergio-aguero\\\/#authorImage\",\"url\":\"https:\\\/\\\/secure.gravatar.com\\\/avatar\\\/df2aeffc32bcd13f8d26072ef8a91b623d677766deac7f97ca815868cd41bf5e?s=96&d=mm&r=g\",\"width\":96,\"height\":96,\"caption\":\"El Digital de Asturias\"}},{\"@type\":\"WebPage\",\"@id\":\"https:\\\/\\\/www.eldigitaldeasturias.com\\\/noticias\\\/el-city-pendiente-del-alcance-de-la-lesion-de-sergio-aguero\\\/#webpage\",\"url\":\"https:\\\/\\\/www.eldigitaldeasturias.com\\\/noticias\\\/el-city-pendiente-del-alcance-de-la-lesion-de-sergio-aguero\\\/\",\"name\":\"El City, pendiente del alcance de la lesi\\u00f3n de Sergio Ag\\u00fcero - El Digital de Asturias\",\"description\":\"Londres, 30 ene (EFE).- El Manchester City, nuevo l\\u00edder de la Premier inglesa, espera conocer hoy el alcance de la lesi\\u00f3n que sufri\\u00f3 Sergio Ag\\u00fcero en el partido de ayer ante el Tottenham, a menos de tres semanas de la cita de Liga de Campeones con el FC Barcelona. El delantero argentino tuvo que retirarse\",\"inLanguage\":\"es-ES\",\"isPartOf\":{\"@id\":\"https:\\\/\\\/www.eldigitaldeasturias.com\\\/noticias\\\/#website\"},\"breadcrumb\":{\"@id\":\"https:\\\/\\\/www.eldigitaldeasturias.com\\\/noticias\\\/el-city-pendiente-del-alcance-de-la-lesion-de-sergio-aguero\\\/#breadcrumblist\"},\"author\":{\"@id\":\"https:\\\/\\\/www.eldigitaldeasturias.com\\\/noticias\\\/author\\\/admin\\\/#author\"},\"creator\":{\"@id\":\"https:\\\/\\\/www.eldigitaldeasturias.com\\\/noticias\\\/author\\\/admin\\\/#author\"},\"image\":{\"@type\":\"ImageObject\",\"url\":\"https:\\\/\\\/www.eldigitaldeasturias.com\\\/noticias\\\/wp-content\\\/uploads\\\/2026\\\/06\\\/Contenidos.jpg\",\"@id\":\"https:\\\/\\\/www.eldigitaldeasturias.com\\\/noticias\\\/el-city-pendiente-del-alcance-de-la-lesion-de-sergio-aguero\\\/#mainImage\",\"width\":1265,\"height\":697,\"caption\":\"Contenidos\"},\"primaryImageOfPage\":{\"@id\":\"https:\\\/\\\/www.eldigitaldeasturias.com\\\/noticias\\\/el-city-pendiente-del-alcance-de-la-lesion-de-sergio-aguero\\\/#mainImage\"},\"datePublished\":\"2014-01-30T19:05:17+01:00\",\"dateModified\":\"2014-01-30T19:05:17+01:00\"},{\"@type\":\"WebSite\",\"@id\":\"https:\\\/\\\/www.eldigitaldeasturias.com\\\/noticias\\\/#website\",\"url\":\"https:\\\/\\\/www.eldigitaldeasturias.com\\\/noticias\\\/\",\"name\":\"El Digital de Asturias - Diario de actualidad y noticias\",\"alternateName\":\"El Digital de Asturias - Diario de actualidad y noticias\",\"description\":\"Hemeroteca\",\"inLanguage\":\"es-ES\",\"publisher\":{\"@id\":\"https:\\\/\\\/www.eldigitaldeasturias.com\\\/noticias\\\/#organization\"}}]}\n\t\t<\/script>\n\t\t<!-- All in One SEO Pro -->\r\n\t\t<title>El City, pendiente del alcance de la lesi\u00f3n de Sergio Ag\u00fcero - El Digital de Asturias<\/title>\n\n","aioseo_head_json":{"title":"El City, pendiente del alcance de la lesi\u00f3n de Sergio Ag\u00fcero - El Digital de Asturias","description":"Londres, 30 ene (EFE).- El Manchester City, nuevo l\u00edder de la Premier inglesa, espera conocer hoy el alcance de la lesi\u00f3n que sufri\u00f3 Sergio Ag\u00fcero en el partido de ayer ante el Tottenham, a menos de tres semanas de la cita de Liga de Campeones con el FC Barcelona. El delantero argentino tuvo que retirarse","canonical_url":"https:\/\/www.eldigitaldeasturias.com\/noticias\/el-city-pendiente-del-alcance-de-la-lesion-de-sergio-aguero\/","robots":"max-image-preview:large","keywords":"actualidad","webmasterTools":{"google-site-verification":"UA-38556648-1","msvalidate.01":"7dfe9f3f1b24437ab69f4f2559babe99","miscellaneous":""},"schema":{"@context":"https:\/\/schema.org","@graph":[{"@type":"BlogPosting","@id":"https:\/\/www.eldigitaldeasturias.com\/noticias\/el-city-pendiente-del-alcance-de-la-lesion-de-sergio-aguero\/#blogposting","name":"El City, pendiente del alcance de la lesi\u00f3n de Sergio Ag\u00fcero - El Digital de Asturias","headline":"El City, pendiente del alcance de la lesi\u00f3n de Sergio Ag\u00fcero","author":{"@id":"https:\/\/www.eldigitaldeasturias.com\/noticias\/author\/admin\/#author"},"publisher":{"@id":"https:\/\/www.eldigitaldeasturias.com\/noticias\/#organization"},"image":{"@type":"ImageObject","url":"https:\/\/www.eldigitaldeasturias.com\/noticias\/wp-content\/uploads\/2026\/06\/Contenidos.jpg","width":1265,"height":697,"caption":"Contenidos"},"datePublished":"2014-01-30T19:05:17+01:00","dateModified":"2014-01-30T19:05:17+01:00","inLanguage":"es-ES","mainEntityOfPage":{"@id":"https:\/\/www.eldigitaldeasturias.com\/noticias\/el-city-pendiente-del-alcance-de-la-lesion-de-sergio-aguero\/#webpage"},"isPartOf":{"@id":"https:\/\/www.eldigitaldeasturias.com\/noticias\/el-city-pendiente-del-alcance-de-la-lesion-de-sergio-aguero\/#webpage"},"articleSection":"Actualidad"},{"@type":"BreadcrumbList","@id":"https:\/\/www.eldigitaldeasturias.com\/noticias\/el-city-pendiente-del-alcance-de-la-lesion-de-sergio-aguero\/#breadcrumblist","itemListElement":[{"@type":"ListItem","@id":"https:\/\/www.eldigitaldeasturias.com\/noticias#listItem","position":1,"name":"Home","item":"https:\/\/www.eldigitaldeasturias.com\/noticias","nextItem":{"@type":"ListItem","@id":"https:\/\/www.eldigitaldeasturias.com\/noticias\/category\/actualidad\/#listItem","name":"Actualidad"}},{"@type":"ListItem","@id":"https:\/\/www.eldigitaldeasturias.com\/noticias\/category\/actualidad\/#listItem","position":2,"name":"Actualidad","item":"https:\/\/www.eldigitaldeasturias.com\/noticias\/category\/actualidad\/","nextItem":{"@type":"ListItem","@id":"https:\/\/www.eldigitaldeasturias.com\/noticias\/el-city-pendiente-del-alcance-de-la-lesion-de-sergio-aguero\/#listItem","name":"El City, pendiente del alcance de la lesi\u00f3n de Sergio Ag\u00fcero"},"previousItem":{"@type":"ListItem","@id":"https:\/\/www.eldigitaldeasturias.com\/noticias#listItem","name":"Home"}},{"@type":"ListItem","@id":"https:\/\/www.eldigitaldeasturias.com\/noticias\/el-city-pendiente-del-alcance-de-la-lesion-de-sergio-aguero\/#listItem","position":3,"name":"El City, pendiente del alcance de la lesi\u00f3n de Sergio Ag\u00fcero","previousItem":{"@type":"ListItem","@id":"https:\/\/www.eldigitaldeasturias.com\/noticias\/category\/actualidad\/#listItem","name":"Actualidad"}}]},{"@type":"Organization","@id":"https:\/\/www.eldigitaldeasturias.com\/noticias\/#organization","name":"El Digital de Asturias","description":"Hemeroteca","url":"https:\/\/www.eldigitaldeasturias.com\/noticias\/","email":"info@eldigitaldeasturias.com","telephone":"+34652131393","logo":{"@type":"ImageObject","url":"https:\/\/www.eldigitaldeasturias.com\/noticias\/wp-content\/uploads\/2020\/12\/EDA.jpg","@id":"https:\/\/www.eldigitaldeasturias.com\/noticias\/el-city-pendiente-del-alcance-de-la-lesion-de-sergio-aguero\/#organizationLogo"},"image":{"@id":"https:\/\/www.eldigitaldeasturias.com\/noticias\/el-city-pendiente-del-alcance-de-la-lesion-de-sergio-aguero\/#organizationLogo"},"sameAs":["https:\/\/facebook.com\/eldigitaldeasturias","https:\/\/www.youtube.com\/channel\/UCZP-2wLEB9Rv6erhFmqVnvg"],"address":{"@id":"https:\/\/www.eldigitaldeasturias.com\/noticias\/#postaladdress","@type":"PostalAddress","streetAddress":"san antonio 4","postalCode":"33430","addressLocality":"Cand\u00e1s","addressRegion":"Asturias","addressCountry":"ES"}},{"@type":"Person","@id":"https:\/\/www.eldigitaldeasturias.com\/noticias\/author\/admin\/#author","url":"https:\/\/www.eldigitaldeasturias.com\/noticias\/author\/admin\/","name":"El Digital de Asturias","image":{"@type":"ImageObject","@id":"https:\/\/www.eldigitaldeasturias.com\/noticias\/el-city-pendiente-del-alcance-de-la-lesion-de-sergio-aguero\/#authorImage","url":"https:\/\/secure.gravatar.com\/avatar\/df2aeffc32bcd13f8d26072ef8a91b623d677766deac7f97ca815868cd41bf5e?s=96&d=mm&r=g","width":96,"height":96,"caption":"El Digital de Asturias"}},{"@type":"WebPage","@id":"https:\/\/www.eldigitaldeasturias.com\/noticias\/el-city-pendiente-del-alcance-de-la-lesion-de-sergio-aguero\/#webpage","url":"https:\/\/www.eldigitaldeasturias.com\/noticias\/el-city-pendiente-del-alcance-de-la-lesion-de-sergio-aguero\/","name":"El City, pendiente del alcance de la lesi\u00f3n de Sergio Ag\u00fcero - El Digital de Asturias","description":"Londres, 30 ene (EFE).- El Manchester City, nuevo l\u00edder de la Premier inglesa, espera conocer hoy el alcance de la lesi\u00f3n que sufri\u00f3 Sergio Ag\u00fcero en el partido de ayer ante el Tottenham, a menos de tres semanas de la cita de Liga de Campeones con el FC Barcelona. El delantero argentino tuvo que retirarse","inLanguage":"es-ES","isPartOf":{"@id":"https:\/\/www.eldigitaldeasturias.com\/noticias\/#website"},"breadcrumb":{"@id":"https:\/\/www.eldigitaldeasturias.com\/noticias\/el-city-pendiente-del-alcance-de-la-lesion-de-sergio-aguero\/#breadcrumblist"},"author":{"@id":"https:\/\/www.eldigitaldeasturias.com\/noticias\/author\/admin\/#author"},"creator":{"@id":"https:\/\/www.eldigitaldeasturias.com\/noticias\/author\/admin\/#author"},"image":{"@type":"ImageObject","url":"https:\/\/www.eldigitaldeasturias.com\/noticias\/wp-content\/uploads\/2026\/06\/Contenidos.jpg","@id":"https:\/\/www.eldigitaldeasturias.com\/noticias\/el-city-pendiente-del-alcance-de-la-lesion-de-sergio-aguero\/#mainImage","width":1265,"height":697,"caption":"Contenidos"},"primaryImageOfPage":{"@id":"https:\/\/www.eldigitaldeasturias.com\/noticias\/el-city-pendiente-del-alcance-de-la-lesion-de-sergio-aguero\/#mainImage"},"datePublished":"2014-01-30T19:05:17+01:00","dateModified":"2014-01-30T19:05:17+01:00"},{"@type":"WebSite","@id":"https:\/\/www.eldigitaldeasturias.com\/noticias\/#website","url":"https:\/\/www.eldigitaldeasturias.com\/noticias\/","name":"El Digital de Asturias - Diario de actualidad y noticias","alternateName":"El Digital de Asturias - Diario de actualidad y noticias","description":"Hemeroteca","inLanguage":"es-ES","publisher":{"@id":"https:\/\/www.eldigitaldeasturias.com\/noticias\/#organization"}}]},"og:locale":"es_ES","og:site_name":"El Digital de Asturias","og:type":"article","og:title":"El City, pendiente del alcance de la lesi\u00f3n de Sergio Ag\u00fcero - El Digital de Asturias","og:description":"Londres, 30 ene (EFE).- El Manchester City, nuevo l\u00edder de la Premier inglesa, espera conocer hoy el alcance de la lesi\u00f3n que sufri\u00f3 Sergio Ag\u00fcero en el partido de ayer ante el Tottenham, a menos de tres semanas de la cita de Liga de Campeones con el FC Barcelona. El delantero argentino tuvo que retirarse","og:url":"https:\/\/www.eldigitaldeasturias.com\/noticias\/el-city-pendiente-del-alcance-de-la-lesion-de-sergio-aguero\/","og:image":"https:\/\/www.eldigitaldeasturias.com\/noticias\/wp-content\/uploads\/2026\/06\/Contenidos.jpg","og:image:secure_url":"https:\/\/www.eldigitaldeasturias.com\/noticias\/wp-content\/uploads\/2026\/06\/Contenidos.jpg","og:image:width":1265,"og:image:height":697,"article:tag":["actualidad"],"article:published_time":"2014-01-30T20:05:17+00:00","article:modified_time":"2014-01-30T20:05:17+00:00","article:publisher":"https:\/\/facebook.com\/eldigitaldeasturias","twitter:card":"summary_large_image","twitter:title":"El City, pendiente del alcance de la lesi\u00f3n de Sergio Ag\u00fcero - El Digital de Asturias","twitter:description":"Londres, 30 ene (EFE).- El Manchester City, nuevo l\u00edder de la Premier inglesa, espera conocer hoy el alcance de la lesi\u00f3n que sufri\u00f3 Sergio Ag\u00fcero en el partido de ayer ante el Tottenham, a menos de tres semanas de la cita de Liga de Campeones con el FC Barcelona. El delantero argentino tuvo que retirarse","twitter:image":"https:\/\/www.eldigitaldeasturias.com\/noticias\/wp-content\/uploads\/2026\/06\/Contenidos.jpg","twitter:label1":"Escrito por","twitter:data1":"El Digital de Asturias","twitter:label2":"Tiempo de lectura estimado","twitter:data2":"2 minutos"},"aioseo_meta_data":{"post_id":"480589","title":null,"description":null,"keywords":null,"keyphrases":null,"primary_term":null,"canonical_url":null,"og_title":null,"og_description":null,"og_object_type":"default","og_image_type":"default","og_image_url":null,"og_image_width":null,"og_image_height":null,"og_image_custom_url":null,"og_image_custom_fields":null,"og_video":null,"og_custom_url":null,"og_article_section":null,"og_article_tags":null,"twitter_use_og":true,"twitter_card":"default","twitter_image_type":"default","twitter_image_url":null,"twitter_image_custom_url":null,"twitter_image_custom_fields":null,"twitter_title":null,"twitter_description":null,"schema":{"blockGraphs":[],"customGraphs":[],"default":{"data":{"Article":[],"Course":[],"Dataset":[],"FAQPage":[],"Movie":[],"Person":[],"Product":[],"ProductReview":[],"Car":[],"Recipe":[],"Service":[],"SoftwareApplication":[],"WebPage":[]},"graphName":"","isEnabled":true},"graphs":[],"defaultGraph":"","defaultPostTypeGraph":""},"schema_type":null,"schema_type_options":null,"pillar_content":false,"robots_default":true,"robots_noindex":false,"robots_noarchive":false,"robots_nosnippet":false,"robots_nofollow":false,"robots_noimageindex":false,"robots_noodp":false,"robots_notranslate":false,"robots_max_snippet":null,"robots_max_videopreview":null,"robots_max_imagepreview":"none","priority":null,"frequency":null,"local_seo":null,"seo_analyzer_scan_date":"2026-06-02 04:13:54","breadcrumb_settings":null,"limit_modified_date":false,"open_ai":null,"ai":null,"created":"2020-11-14 22:54:13","updated":"2026-06-02 04:13:54","focus_keyword":null,"additional_keywords":null,"truseo_locale":null},"aioseo_breadcrumb":"<div class=\"aioseo-breadcrumbs\"><span class=\"aioseo-breadcrumb\">\n\t<a href=\"https:\/\/www.eldigitaldeasturias.com\/noticias\" title=\"Home\">Home<\/a>\n<\/span><span class=\"aioseo-breadcrumb-separator\">\u2013<\/span><span class=\"aioseo-breadcrumb\">\n\t<a href=\"https:\/\/www.eldigitaldeasturias.com\/noticias\/category\/actualidad\/\" title=\"Actualidad\">Actualidad<\/a>\n<\/span><span class=\"aioseo-breadcrumb-separator\">\u2013<\/span><span class=\"aioseo-breadcrumb\">\n\t<a href=\"https:\/\/www.eldigitaldeasturias.com\/noticias\/el-city-pendiente-del-alcance-de-la-lesion-de-sergio-aguero\/\" title=\"El City, pendiente del alcance de la lesi\u00f3n de Sergio Ag\u00fcero\">El City, pendiente del alcance de la lesi\u00f3n de Sergio Ag\u00fcero<\/a>\n<\/span><\/div>","aioseo_breadcrumb_json":[{"label":"Home","link":"https:\/\/www.eldigitaldeasturias.com\/noticias"},{"label":"Actualidad","link":"https:\/\/www.eldigitaldeasturias.com\/noticias\/category\/actualidad\/"},{"label":"El City, pendiente del alcance de la lesi\u00f3n de Sergio Ag\u00fcero","link":"https:\/\/www.eldigitaldeasturias.com\/noticias\/el-city-pendiente-del-alcance-de-la-lesion-de-sergio-aguero\/"}],"_links":{"self":[{"href":"https:\/\/www.eldigitaldeasturias.com\/noticias\/wp-json\/wp\/v2\/posts\/480589","targetHints":{"allow":["GET"]}}],"collection":[{"href":"https:\/\/www.eldigitaldeasturias.com\/noticias\/wp-json\/wp\/v2\/posts"}],"about":[{"href":"https:\/\/www.eldigitaldeasturias.com\/noticias\/wp-json\/wp\/v2\/types\/post"}],"author":[{"embeddable":true,"href":"https:\/\/www.eldigitaldeasturias.com\/noticias\/wp-json\/wp\/v2\/users\/1"}],"replies":[{"embeddable":true,"href":"https:\/\/www.eldigitaldeasturias.com\/noticias\/wp-json\/wp\/v2\/comments?post=480589"}],"version-history":[{"count":0,"href":"https:\/\/www.eldigitaldeasturias.com\/noticias\/wp-json\/wp\/v2\/posts\/480589\/revisions"}],"wp:featuredmedia":[{"embeddable":true,"href":"https:\/\/www.eldigitaldeasturias.com\/noticias\/wp-json\/wp\/v2\/media\/1132184"}],"wp:attachment":[{"href":"https:\/\/www.eldigitaldeasturias.com\/noticias\/wp-json\/wp\/v2\/media?parent=480589"}],"wp:term":[{"taxonomy":"category","embeddable":true,"href":"https:\/\/www.eldigitaldeasturias.com\/noticias\/wp-json\/wp\/v2\/categories?post=480589"},{"taxonomy":"post_tag","embeddable":true,"href":"https:\/\/www.eldigitaldeasturias.com\/noticias\/wp-json\/wp\/v2\/tags?post=480589"}],"curies":[{"name":"wp","href":"https:\/\/api.w.org\/{rel}","templated":true}]}}