{"id":480583,"date":"2014-01-30T18:57:23","date_gmt":"2014-01-30T19:57:23","guid":{"rendered":"http:\/\/www.eldigitaldeasturias.com\/noticias\/?p=480583"},"modified":"2014-01-30T18:57:23","modified_gmt":"2014-01-30T19:57:23","slug":"el-bayern-aumenta-su-ventaja-antes-de-que-se-inicie-la-decimonovena-jornada","status":"publish","type":"post","link":"https:\/\/www.eldigitaldeasturias.com\/noticias\/el-bayern-aumenta-su-ventaja-antes-de-que-se-inicie-la-decimonovena-jornada\/","title":{"rendered":"El Bayern aumenta su ventaja antes de que se inicie la decimonovena jornada"},"content":{"rendered":"<p><img loading=\"lazy\" decoding=\"async\" class=\"alignleft size-medium wp-image-480584\" alt=\"5890857w\" src=\"https:\/\/www.eldigitaldeasturias.com\/noticias\/wp-content\/uploads\/2014\/01\/5890857w-360x261.jpg\" width=\"360\" height=\"261\" \/>Berl\u00edn, 30 ene (EFE).- El Borussia de Dortmund de J\u00fcrgen Klopp abrir\u00e1 ma\u00f1ana la decimonovena jornada de la Bundesliga contra el Eintracht Braunschweig, en una competici\u00f3n que parece vista para sentencia despu\u00e9s de que el Bayern de M\u00fanich ganase ayer al Stuttgart en el encuentro aplazado por el mundial de clubes.<\/p>\n<p>El Bayern del t\u00e9cnico espa\u00f1ol Pep Guardiola ampli\u00f3 su ventaja sobre el Bayer Leverkusen, segundo clasificado con 37 puntos, hasta los 13 puntos, tras vencer ayer por 2 a 1 al Stuttgart con un gol de Thiago Alc\u00e1ntara en el minuto 93.<\/p>\n<p>El Stuttgart, duod\u00e9cimo en la tabla clasificatoria, puso m\u00e1s dificultades de las esperadas ante el Bayern, l\u00edder invicto en las 18 jornadas que se llevan disputadas, y se adelant\u00f3 en el marcador en el minuto 29 por medio del delantero Vedad Ibisevic.<\/p>\n<p>Posteriormente, el atacante peruano Claudio Pizarro en el 76 y el hispanobrasile\u00f1o Thiago con una hermosa media chilena cuando ya se daba por bueno el empate dieron la victoria al club del sur de Alemania.<\/p>\n<p>As\u00ed las cosas, tanto al Leverkusen, que recibir\u00e1 el s\u00e1bado al mismo Stuttgart, como al Dortmund s\u00f3lo les queda ganar para no perder a\u00fan m\u00e1s comba con el l\u00edder y meter presi\u00f3n a sus competidores en la lucha por el segundo puesto del campeonato alem\u00e1n.<\/p>\n<p>Por su parte, el Borussia M\u00f6nchengladbach, cuarto clasificado empatado a 33 puntos con el Dortmund y convertido en uno de los equipos revelaci\u00f3n de la Bundesliga, tratar\u00e1 de continuar con su buena l\u00ednea en su vista al Hannover 96, d\u00e9cimo actualmente.<\/p>\n<p>El s\u00e1bado tambi\u00e9n se enfrentar\u00e1n Schalke 04 y Wolfsburgo, quinto y sexto clasificado con 31 y 30 puntos respectivamente, que tratar\u00e1n de engancharse a la lucha por los puestos que dan acceso a la pr\u00f3xima edici\u00f3n de la liga de campeones.<\/p>\n<p>Finalmente, el propio Bayern ser\u00e1 el encargado de cerrar la jornada del campeonato dom\u00e9stico el domingo en el encuentro que llevar\u00e1 al Eintracht Frankfurt, situado en la parte baja de la clasificaci\u00f3n, al Allianz Arena en lo que deber\u00eda ser una nueva victoria del equipo b\u00e1varo en su avance hacia el t\u00edtulo de liga.<\/p>\n","protected":false},"excerpt":{"rendered":"<p>Berl\u00edn, 30 ene (EFE).- El Borussia de Dortmund de J\u00fcrgen Klopp abrir\u00e1 ma\u00f1ana la decimonovena jornada de la Bundesliga contra el Eintracht Braunschweig, en una competici\u00f3n que parece vista para sentencia despu\u00e9s de que el Bayern de M\u00fanich ganase ayer al Stuttgart en el encuentro aplazado por el mundial de clubes. El Bayern del t\u00e9cnico [&hellip;]<\/p>\n","protected":false},"author":1,"featured_media":1132184,"comment_status":"closed","ping_status":"open","sticky":false,"template":"","format":"standard","meta":{"footnotes":""},"categories":[1],"tags":[],"class_list":["post-480583","post","type-post","status-publish","format-standard","has-post-thumbnail","hentry","category-actualidad"],"aioseo_notices":[],"aioseo_head":"\n\t\t<!-- All in One SEO Pro 5.0.1 - aioseo.com -->\n\t<meta name=\"description\" content=\"Berl\u00edn, 30 ene (EFE).- El Borussia de Dortmund de J\u00fcrgen Klopp abrir\u00e1 ma\u00f1ana la decimonovena jornada de la Bundesliga contra el Eintracht Braunschweig, en una competici\u00f3n que parece vista para sentencia despu\u00e9s de que el Bayern de M\u00fanich ganase ayer al Stuttgart en el encuentro aplazado por el mundial de clubes. El Bayern del t\u00e9cnico\" \/>\n\t<meta name=\"robots\" content=\"max-image-preview:large\" \/>\n\t<meta name=\"author\" content=\"El Digital de Asturias\"\/>\n\t<meta name=\"google-site-verification\" content=\"UA-38556648-1\" \/>\n\t<meta name=\"msvalidate.01\" content=\"7dfe9f3f1b24437ab69f4f2559babe99\" \/>\n\t<meta name=\"keywords\" content=\"actualidad\" \/>\n\t<link rel=\"canonical\" href=\"https:\/\/www.eldigitaldeasturias.com\/noticias\/el-bayern-aumenta-su-ventaja-antes-de-que-se-inicie-la-decimonovena-jornada\/\" \/>\n\t<meta name=\"generator\" content=\"All in One SEO Pro (AIOSEO) 5.0.1\" \/>\n\t\t<meta property=\"og:locale\" content=\"es_ES\" \/>\n\t\t<meta property=\"og:site_name\" content=\"El Digital de Asturias\" \/>\n\t\t<meta property=\"og:type\" content=\"article\" \/>\n\t\t<meta property=\"og:title\" content=\"El Bayern aumenta su ventaja antes de que se inicie la decimonovena jornada - El Digital de Asturias\" \/>\n\t\t<meta property=\"og:description\" content=\"Berl\u00edn, 30 ene (EFE).- El Borussia de Dortmund de J\u00fcrgen Klopp abrir\u00e1 ma\u00f1ana la decimonovena jornada de la Bundesliga contra el Eintracht Braunschweig, en una competici\u00f3n que parece vista para sentencia despu\u00e9s de que el Bayern de M\u00fanich ganase ayer al Stuttgart en el encuentro aplazado por el mundial de clubes. El Bayern del t\u00e9cnico\" \/>\n\t\t<meta property=\"og:url\" content=\"https:\/\/www.eldigitaldeasturias.com\/noticias\/el-bayern-aumenta-su-ventaja-antes-de-que-se-inicie-la-decimonovena-jornada\/\" \/>\n\t\t<meta property=\"og:image\" content=\"https:\/\/www.eldigitaldeasturias.com\/noticias\/wp-content\/uploads\/2026\/06\/Contenidos.jpg\" \/>\n\t\t<meta property=\"og:image:secure_url\" content=\"https:\/\/www.eldigitaldeasturias.com\/noticias\/wp-content\/uploads\/2026\/06\/Contenidos.jpg\" \/>\n\t\t<meta property=\"og:image:width\" content=\"1265\" \/>\n\t\t<meta property=\"og:image:height\" content=\"697\" \/>\n\t\t<meta property=\"article:tag\" content=\"actualidad\" \/>\n\t\t<meta property=\"article:published_time\" content=\"2014-01-30T19:57:23+00:00\" \/>\n\t\t<meta property=\"article:modified_time\" content=\"2014-01-30T19:57:23+00:00\" \/>\n\t\t<meta property=\"article:publisher\" content=\"https:\/\/facebook.com\/eldigitaldeasturias\" \/>\n\t\t<meta name=\"twitter:card\" content=\"summary_large_image\" \/>\n\t\t<meta name=\"twitter:title\" content=\"El Bayern aumenta su ventaja antes de que se inicie la decimonovena jornada - El Digital de Asturias\" \/>\n\t\t<meta name=\"twitter:description\" content=\"Berl\u00edn, 30 ene (EFE).- El Borussia de Dortmund de J\u00fcrgen Klopp abrir\u00e1 ma\u00f1ana la decimonovena jornada de la Bundesliga contra el Eintracht Braunschweig, en una competici\u00f3n que parece vista para sentencia despu\u00e9s de que el Bayern de M\u00fanich ganase ayer al Stuttgart en el encuentro aplazado por el mundial de clubes. El Bayern del t\u00e9cnico\" \/>\n\t\t<meta name=\"twitter:image\" content=\"https:\/\/www.eldigitaldeasturias.com\/noticias\/wp-content\/uploads\/2026\/06\/Contenidos.jpg\" \/>\n\t\t<meta name=\"twitter:label1\" content=\"Escrito por\" \/>\n\t\t<meta name=\"twitter:data1\" content=\"El Digital de Asturias\" \/>\n\t\t<meta name=\"twitter:label2\" content=\"Tiempo de lectura estimado\" \/>\n\t\t<meta name=\"twitter:data2\" content=\"2 minutos\" \/>\n\t\t<script type=\"application\/ld+json\" class=\"aioseo-schema\">\n\t\t\t{\"@context\":\"https:\\\/\\\/schema.org\",\"@graph\":[{\"@type\":\"BlogPosting\",\"@id\":\"https:\\\/\\\/www.eldigitaldeasturias.com\\\/noticias\\\/el-bayern-aumenta-su-ventaja-antes-de-que-se-inicie-la-decimonovena-jornada\\\/#blogposting\",\"name\":\"El Bayern aumenta su ventaja antes de que se inicie la decimonovena jornada - El Digital de Asturias\",\"headline\":\"El Bayern aumenta su ventaja antes de que se inicie la decimonovena jornada\",\"author\":{\"@id\":\"https:\\\/\\\/www.eldigitaldeasturias.com\\\/noticias\\\/author\\\/admin\\\/#author\"},\"publisher\":{\"@id\":\"https:\\\/\\\/www.eldigitaldeasturias.com\\\/noticias\\\/#organization\"},\"image\":{\"@type\":\"ImageObject\",\"url\":\"https:\\\/\\\/www.eldigitaldeasturias.com\\\/noticias\\\/wp-content\\\/uploads\\\/2026\\\/06\\\/Contenidos.jpg\",\"width\":1265,\"height\":697,\"caption\":\"Contenidos\"},\"datePublished\":\"2014-01-30T18:57:23+01:00\",\"dateModified\":\"2014-01-30T18:57:23+01:00\",\"inLanguage\":\"es-ES\",\"mainEntityOfPage\":{\"@id\":\"https:\\\/\\\/www.eldigitaldeasturias.com\\\/noticias\\\/el-bayern-aumenta-su-ventaja-antes-de-que-se-inicie-la-decimonovena-jornada\\\/#webpage\"},\"isPartOf\":{\"@id\":\"https:\\\/\\\/www.eldigitaldeasturias.com\\\/noticias\\\/el-bayern-aumenta-su-ventaja-antes-de-que-se-inicie-la-decimonovena-jornada\\\/#webpage\"},\"articleSection\":\"Actualidad\"},{\"@type\":\"BreadcrumbList\",\"@id\":\"https:\\\/\\\/www.eldigitaldeasturias.com\\\/noticias\\\/el-bayern-aumenta-su-ventaja-antes-de-que-se-inicie-la-decimonovena-jornada\\\/#breadcrumblist\",\"itemListElement\":[{\"@type\":\"ListItem\",\"@id\":\"https:\\\/\\\/www.eldigitaldeasturias.com\\\/noticias#listItem\",\"position\":1,\"name\":\"Home\",\"item\":\"https:\\\/\\\/www.eldigitaldeasturias.com\\\/noticias\",\"nextItem\":{\"@type\":\"ListItem\",\"@id\":\"https:\\\/\\\/www.eldigitaldeasturias.com\\\/noticias\\\/category\\\/actualidad\\\/#listItem\",\"name\":\"Actualidad\"}},{\"@type\":\"ListItem\",\"@id\":\"https:\\\/\\\/www.eldigitaldeasturias.com\\\/noticias\\\/category\\\/actualidad\\\/#listItem\",\"position\":2,\"name\":\"Actualidad\",\"item\":\"https:\\\/\\\/www.eldigitaldeasturias.com\\\/noticias\\\/category\\\/actualidad\\\/\",\"nextItem\":{\"@type\":\"ListItem\",\"@id\":\"https:\\\/\\\/www.eldigitaldeasturias.com\\\/noticias\\\/el-bayern-aumenta-su-ventaja-antes-de-que-se-inicie-la-decimonovena-jornada\\\/#listItem\",\"name\":\"El Bayern aumenta su ventaja antes de que se inicie la decimonovena jornada\"},\"previousItem\":{\"@type\":\"ListItem\",\"@id\":\"https:\\\/\\\/www.eldigitaldeasturias.com\\\/noticias#listItem\",\"name\":\"Home\"}},{\"@type\":\"ListItem\",\"@id\":\"https:\\\/\\\/www.eldigitaldeasturias.com\\\/noticias\\\/el-bayern-aumenta-su-ventaja-antes-de-que-se-inicie-la-decimonovena-jornada\\\/#listItem\",\"position\":3,\"name\":\"El Bayern aumenta su ventaja antes de que se inicie la decimonovena jornada\",\"previousItem\":{\"@type\":\"ListItem\",\"@id\":\"https:\\\/\\\/www.eldigitaldeasturias.com\\\/noticias\\\/category\\\/actualidad\\\/#listItem\",\"name\":\"Actualidad\"}}]},{\"@type\":\"Organization\",\"@id\":\"https:\\\/\\\/www.eldigitaldeasturias.com\\\/noticias\\\/#organization\",\"name\":\"El Digital de Asturias\",\"description\":\"Hemeroteca\",\"url\":\"https:\\\/\\\/www.eldigitaldeasturias.com\\\/noticias\\\/\",\"email\":\"info@eldigitaldeasturias.com\",\"telephone\":\"+34652131393\",\"logo\":{\"@type\":\"ImageObject\",\"url\":\"https:\\\/\\\/www.eldigitaldeasturias.com\\\/noticias\\\/wp-content\\\/uploads\\\/2020\\\/12\\\/EDA.jpg\",\"@id\":\"https:\\\/\\\/www.eldigitaldeasturias.com\\\/noticias\\\/el-bayern-aumenta-su-ventaja-antes-de-que-se-inicie-la-decimonovena-jornada\\\/#organizationLogo\"},\"image\":{\"@id\":\"https:\\\/\\\/www.eldigitaldeasturias.com\\\/noticias\\\/el-bayern-aumenta-su-ventaja-antes-de-que-se-inicie-la-decimonovena-jornada\\\/#organizationLogo\"},\"sameAs\":[\"https:\\\/\\\/facebook.com\\\/eldigitaldeasturias\",\"https:\\\/\\\/www.youtube.com\\\/channel\\\/UCZP-2wLEB9Rv6erhFmqVnvg\"],\"address\":{\"@id\":\"https:\\\/\\\/www.eldigitaldeasturias.com\\\/noticias\\\/#postaladdress\",\"@type\":\"PostalAddress\",\"streetAddress\":\"san antonio 4\",\"postalCode\":\"33430\",\"addressLocality\":\"Cand\\u00e1s\",\"addressRegion\":\"Asturias\",\"addressCountry\":\"ES\"}},{\"@type\":\"Person\",\"@id\":\"https:\\\/\\\/www.eldigitaldeasturias.com\\\/noticias\\\/author\\\/admin\\\/#author\",\"url\":\"https:\\\/\\\/www.eldigitaldeasturias.com\\\/noticias\\\/author\\\/admin\\\/\",\"name\":\"El Digital de Asturias\",\"image\":{\"@type\":\"ImageObject\",\"@id\":\"https:\\\/\\\/www.eldigitaldeasturias.com\\\/noticias\\\/el-bayern-aumenta-su-ventaja-antes-de-que-se-inicie-la-decimonovena-jornada\\\/#authorImage\",\"url\":\"https:\\\/\\\/secure.gravatar.com\\\/avatar\\\/df2aeffc32bcd13f8d26072ef8a91b623d677766deac7f97ca815868cd41bf5e?s=96&d=mm&r=g\",\"width\":96,\"height\":96,\"caption\":\"El Digital de Asturias\"}},{\"@type\":\"WebPage\",\"@id\":\"https:\\\/\\\/www.eldigitaldeasturias.com\\\/noticias\\\/el-bayern-aumenta-su-ventaja-antes-de-que-se-inicie-la-decimonovena-jornada\\\/#webpage\",\"url\":\"https:\\\/\\\/www.eldigitaldeasturias.com\\\/noticias\\\/el-bayern-aumenta-su-ventaja-antes-de-que-se-inicie-la-decimonovena-jornada\\\/\",\"name\":\"El Bayern aumenta su ventaja antes de que se inicie la decimonovena jornada - El Digital de Asturias\",\"description\":\"Berl\\u00edn, 30 ene (EFE).- El Borussia de Dortmund de J\\u00fcrgen Klopp abrir\\u00e1 ma\\u00f1ana la decimonovena jornada de la Bundesliga contra el Eintracht Braunschweig, en una competici\\u00f3n que parece vista para sentencia despu\\u00e9s de que el Bayern de M\\u00fanich ganase ayer al Stuttgart en el encuentro aplazado por el mundial de clubes. El Bayern del t\\u00e9cnico\",\"inLanguage\":\"es-ES\",\"isPartOf\":{\"@id\":\"https:\\\/\\\/www.eldigitaldeasturias.com\\\/noticias\\\/#website\"},\"breadcrumb\":{\"@id\":\"https:\\\/\\\/www.eldigitaldeasturias.com\\\/noticias\\\/el-bayern-aumenta-su-ventaja-antes-de-que-se-inicie-la-decimonovena-jornada\\\/#breadcrumblist\"},\"author\":{\"@id\":\"https:\\\/\\\/www.eldigitaldeasturias.com\\\/noticias\\\/author\\\/admin\\\/#author\"},\"creator\":{\"@id\":\"https:\\\/\\\/www.eldigitaldeasturias.com\\\/noticias\\\/author\\\/admin\\\/#author\"},\"image\":{\"@type\":\"ImageObject\",\"url\":\"https:\\\/\\\/www.eldigitaldeasturias.com\\\/noticias\\\/wp-content\\\/uploads\\\/2026\\\/06\\\/Contenidos.jpg\",\"@id\":\"https:\\\/\\\/www.eldigitaldeasturias.com\\\/noticias\\\/el-bayern-aumenta-su-ventaja-antes-de-que-se-inicie-la-decimonovena-jornada\\\/#mainImage\",\"width\":1265,\"height\":697,\"caption\":\"Contenidos\"},\"primaryImageOfPage\":{\"@id\":\"https:\\\/\\\/www.eldigitaldeasturias.com\\\/noticias\\\/el-bayern-aumenta-su-ventaja-antes-de-que-se-inicie-la-decimonovena-jornada\\\/#mainImage\"},\"datePublished\":\"2014-01-30T18:57:23+01:00\",\"dateModified\":\"2014-01-30T18:57:23+01:00\"},{\"@type\":\"WebSite\",\"@id\":\"https:\\\/\\\/www.eldigitaldeasturias.com\\\/noticias\\\/#website\",\"url\":\"https:\\\/\\\/www.eldigitaldeasturias.com\\\/noticias\\\/\",\"name\":\"El Digital de Asturias - Diario de actualidad y noticias\",\"alternateName\":\"El Digital de Asturias - Diario de actualidad y noticias\",\"description\":\"Hemeroteca\",\"inLanguage\":\"es-ES\",\"publisher\":{\"@id\":\"https:\\\/\\\/www.eldigitaldeasturias.com\\\/noticias\\\/#organization\"}}]}\n\t\t<\/script>\n\t\t<!-- All in One SEO Pro -->\r\n\t\t<title>El Bayern aumenta su ventaja antes de que se inicie la decimonovena jornada - El Digital de Asturias<\/title>\n\n","aioseo_head_json":{"title":"El Bayern aumenta su ventaja antes de que se inicie la decimonovena jornada - El Digital de Asturias","description":"Berl\u00edn, 30 ene (EFE).- El Borussia de Dortmund de J\u00fcrgen Klopp abrir\u00e1 ma\u00f1ana la decimonovena jornada de la Bundesliga contra el Eintracht Braunschweig, en una competici\u00f3n que parece vista para sentencia despu\u00e9s de que el Bayern de M\u00fanich ganase ayer al Stuttgart en el encuentro aplazado por el mundial de clubes. El Bayern del t\u00e9cnico","canonical_url":"https:\/\/www.eldigitaldeasturias.com\/noticias\/el-bayern-aumenta-su-ventaja-antes-de-que-se-inicie-la-decimonovena-jornada\/","robots":"max-image-preview:large","keywords":"actualidad","webmasterTools":{"google-site-verification":"UA-38556648-1","msvalidate.01":"7dfe9f3f1b24437ab69f4f2559babe99","miscellaneous":""},"schema":{"@context":"https:\/\/schema.org","@graph":[{"@type":"BlogPosting","@id":"https:\/\/www.eldigitaldeasturias.com\/noticias\/el-bayern-aumenta-su-ventaja-antes-de-que-se-inicie-la-decimonovena-jornada\/#blogposting","name":"El Bayern aumenta su ventaja antes de que se inicie la decimonovena jornada - El Digital de Asturias","headline":"El Bayern aumenta su ventaja antes de que se inicie la decimonovena jornada","author":{"@id":"https:\/\/www.eldigitaldeasturias.com\/noticias\/author\/admin\/#author"},"publisher":{"@id":"https:\/\/www.eldigitaldeasturias.com\/noticias\/#organization"},"image":{"@type":"ImageObject","url":"https:\/\/www.eldigitaldeasturias.com\/noticias\/wp-content\/uploads\/2026\/06\/Contenidos.jpg","width":1265,"height":697,"caption":"Contenidos"},"datePublished":"2014-01-30T18:57:23+01:00","dateModified":"2014-01-30T18:57:23+01:00","inLanguage":"es-ES","mainEntityOfPage":{"@id":"https:\/\/www.eldigitaldeasturias.com\/noticias\/el-bayern-aumenta-su-ventaja-antes-de-que-se-inicie-la-decimonovena-jornada\/#webpage"},"isPartOf":{"@id":"https:\/\/www.eldigitaldeasturias.com\/noticias\/el-bayern-aumenta-su-ventaja-antes-de-que-se-inicie-la-decimonovena-jornada\/#webpage"},"articleSection":"Actualidad"},{"@type":"BreadcrumbList","@id":"https:\/\/www.eldigitaldeasturias.com\/noticias\/el-bayern-aumenta-su-ventaja-antes-de-que-se-inicie-la-decimonovena-jornada\/#breadcrumblist","itemListElement":[{"@type":"ListItem","@id":"https:\/\/www.eldigitaldeasturias.com\/noticias#listItem","position":1,"name":"Home","item":"https:\/\/www.eldigitaldeasturias.com\/noticias","nextItem":{"@type":"ListItem","@id":"https:\/\/www.eldigitaldeasturias.com\/noticias\/category\/actualidad\/#listItem","name":"Actualidad"}},{"@type":"ListItem","@id":"https:\/\/www.eldigitaldeasturias.com\/noticias\/category\/actualidad\/#listItem","position":2,"name":"Actualidad","item":"https:\/\/www.eldigitaldeasturias.com\/noticias\/category\/actualidad\/","nextItem":{"@type":"ListItem","@id":"https:\/\/www.eldigitaldeasturias.com\/noticias\/el-bayern-aumenta-su-ventaja-antes-de-que-se-inicie-la-decimonovena-jornada\/#listItem","name":"El Bayern aumenta su ventaja antes de que se inicie la decimonovena jornada"},"previousItem":{"@type":"ListItem","@id":"https:\/\/www.eldigitaldeasturias.com\/noticias#listItem","name":"Home"}},{"@type":"ListItem","@id":"https:\/\/www.eldigitaldeasturias.com\/noticias\/el-bayern-aumenta-su-ventaja-antes-de-que-se-inicie-la-decimonovena-jornada\/#listItem","position":3,"name":"El Bayern aumenta su ventaja antes de que se inicie la decimonovena jornada","previousItem":{"@type":"ListItem","@id":"https:\/\/www.eldigitaldeasturias.com\/noticias\/category\/actualidad\/#listItem","name":"Actualidad"}}]},{"@type":"Organization","@id":"https:\/\/www.eldigitaldeasturias.com\/noticias\/#organization","name":"El Digital de Asturias","description":"Hemeroteca","url":"https:\/\/www.eldigitaldeasturias.com\/noticias\/","email":"info@eldigitaldeasturias.com","telephone":"+34652131393","logo":{"@type":"ImageObject","url":"https:\/\/www.eldigitaldeasturias.com\/noticias\/wp-content\/uploads\/2020\/12\/EDA.jpg","@id":"https:\/\/www.eldigitaldeasturias.com\/noticias\/el-bayern-aumenta-su-ventaja-antes-de-que-se-inicie-la-decimonovena-jornada\/#organizationLogo"},"image":{"@id":"https:\/\/www.eldigitaldeasturias.com\/noticias\/el-bayern-aumenta-su-ventaja-antes-de-que-se-inicie-la-decimonovena-jornada\/#organizationLogo"},"sameAs":["https:\/\/facebook.com\/eldigitaldeasturias","https:\/\/www.youtube.com\/channel\/UCZP-2wLEB9Rv6erhFmqVnvg"],"address":{"@id":"https:\/\/www.eldigitaldeasturias.com\/noticias\/#postaladdress","@type":"PostalAddress","streetAddress":"san antonio 4","postalCode":"33430","addressLocality":"Cand\u00e1s","addressRegion":"Asturias","addressCountry":"ES"}},{"@type":"Person","@id":"https:\/\/www.eldigitaldeasturias.com\/noticias\/author\/admin\/#author","url":"https:\/\/www.eldigitaldeasturias.com\/noticias\/author\/admin\/","name":"El Digital de Asturias","image":{"@type":"ImageObject","@id":"https:\/\/www.eldigitaldeasturias.com\/noticias\/el-bayern-aumenta-su-ventaja-antes-de-que-se-inicie-la-decimonovena-jornada\/#authorImage","url":"https:\/\/secure.gravatar.com\/avatar\/df2aeffc32bcd13f8d26072ef8a91b623d677766deac7f97ca815868cd41bf5e?s=96&d=mm&r=g","width":96,"height":96,"caption":"El Digital de Asturias"}},{"@type":"WebPage","@id":"https:\/\/www.eldigitaldeasturias.com\/noticias\/el-bayern-aumenta-su-ventaja-antes-de-que-se-inicie-la-decimonovena-jornada\/#webpage","url":"https:\/\/www.eldigitaldeasturias.com\/noticias\/el-bayern-aumenta-su-ventaja-antes-de-que-se-inicie-la-decimonovena-jornada\/","name":"El Bayern aumenta su ventaja antes de que se inicie la decimonovena jornada - El Digital de Asturias","description":"Berl\u00edn, 30 ene (EFE).- El Borussia de Dortmund de J\u00fcrgen Klopp abrir\u00e1 ma\u00f1ana la decimonovena jornada de la Bundesliga contra el Eintracht Braunschweig, en una competici\u00f3n que parece vista para sentencia despu\u00e9s de que el Bayern de M\u00fanich ganase ayer al Stuttgart en el encuentro aplazado por el mundial de clubes. El Bayern del t\u00e9cnico","inLanguage":"es-ES","isPartOf":{"@id":"https:\/\/www.eldigitaldeasturias.com\/noticias\/#website"},"breadcrumb":{"@id":"https:\/\/www.eldigitaldeasturias.com\/noticias\/el-bayern-aumenta-su-ventaja-antes-de-que-se-inicie-la-decimonovena-jornada\/#breadcrumblist"},"author":{"@id":"https:\/\/www.eldigitaldeasturias.com\/noticias\/author\/admin\/#author"},"creator":{"@id":"https:\/\/www.eldigitaldeasturias.com\/noticias\/author\/admin\/#author"},"image":{"@type":"ImageObject","url":"https:\/\/www.eldigitaldeasturias.com\/noticias\/wp-content\/uploads\/2026\/06\/Contenidos.jpg","@id":"https:\/\/www.eldigitaldeasturias.com\/noticias\/el-bayern-aumenta-su-ventaja-antes-de-que-se-inicie-la-decimonovena-jornada\/#mainImage","width":1265,"height":697,"caption":"Contenidos"},"primaryImageOfPage":{"@id":"https:\/\/www.eldigitaldeasturias.com\/noticias\/el-bayern-aumenta-su-ventaja-antes-de-que-se-inicie-la-decimonovena-jornada\/#mainImage"},"datePublished":"2014-01-30T18:57:23+01:00","dateModified":"2014-01-30T18:57:23+01:00"},{"@type":"WebSite","@id":"https:\/\/www.eldigitaldeasturias.com\/noticias\/#website","url":"https:\/\/www.eldigitaldeasturias.com\/noticias\/","name":"El Digital de Asturias - Diario de actualidad y noticias","alternateName":"El Digital de Asturias - Diario de actualidad y noticias","description":"Hemeroteca","inLanguage":"es-ES","publisher":{"@id":"https:\/\/www.eldigitaldeasturias.com\/noticias\/#organization"}}]},"og:locale":"es_ES","og:site_name":"El Digital de Asturias","og:type":"article","og:title":"El Bayern aumenta su ventaja antes de que se inicie la decimonovena jornada - El Digital de Asturias","og:description":"Berl\u00edn, 30 ene (EFE).- El Borussia de Dortmund de J\u00fcrgen Klopp abrir\u00e1 ma\u00f1ana la decimonovena jornada de la Bundesliga contra el Eintracht Braunschweig, en una competici\u00f3n que parece vista para sentencia despu\u00e9s de que el Bayern de M\u00fanich ganase ayer al Stuttgart en el encuentro aplazado por el mundial de clubes. El Bayern del t\u00e9cnico","og:url":"https:\/\/www.eldigitaldeasturias.com\/noticias\/el-bayern-aumenta-su-ventaja-antes-de-que-se-inicie-la-decimonovena-jornada\/","og:image":"https:\/\/www.eldigitaldeasturias.com\/noticias\/wp-content\/uploads\/2026\/06\/Contenidos.jpg","og:image:secure_url":"https:\/\/www.eldigitaldeasturias.com\/noticias\/wp-content\/uploads\/2026\/06\/Contenidos.jpg","og:image:width":1265,"og:image:height":697,"article:tag":["actualidad"],"article:published_time":"2014-01-30T19:57:23+00:00","article:modified_time":"2014-01-30T19:57:23+00:00","article:publisher":"https:\/\/facebook.com\/eldigitaldeasturias","twitter:card":"summary_large_image","twitter:title":"El Bayern aumenta su ventaja antes de que se inicie la decimonovena jornada - El Digital de Asturias","twitter:description":"Berl\u00edn, 30 ene (EFE).- El Borussia de Dortmund de J\u00fcrgen Klopp abrir\u00e1 ma\u00f1ana la decimonovena jornada de la Bundesliga contra el Eintracht Braunschweig, en una competici\u00f3n que parece vista para sentencia despu\u00e9s de que el Bayern de M\u00fanich ganase ayer al Stuttgart en el encuentro aplazado por el mundial de clubes. El Bayern del t\u00e9cnico","twitter:image":"https:\/\/www.eldigitaldeasturias.com\/noticias\/wp-content\/uploads\/2026\/06\/Contenidos.jpg","twitter:label1":"Escrito por","twitter:data1":"El Digital de Asturias","twitter:label2":"Tiempo de lectura estimado","twitter:data2":"2 minutos"},"aioseo_meta_data":{"post_id":"480583","title":null,"description":null,"keywords":null,"keyphrases":null,"primary_term":null,"canonical_url":null,"og_title":null,"og_description":null,"og_object_type":"default","og_image_type":"default","og_image_url":null,"og_image_width":null,"og_image_height":null,"og_image_custom_url":null,"og_image_custom_fields":null,"og_video":null,"og_custom_url":null,"og_article_section":null,"og_article_tags":null,"twitter_use_og":true,"twitter_card":"default","twitter_image_type":"default","twitter_image_url":null,"twitter_image_custom_url":null,"twitter_image_custom_fields":null,"twitter_title":null,"twitter_description":null,"schema":{"blockGraphs":[],"customGraphs":[],"default":{"data":{"Article":[],"Course":[],"Dataset":[],"FAQPage":[],"Movie":[],"Person":[],"Product":[],"ProductReview":[],"Car":[],"Recipe":[],"Service":[],"SoftwareApplication":[],"WebPage":[]},"graphName":"","isEnabled":true},"graphs":[],"defaultGraph":"","defaultPostTypeGraph":""},"schema_type":null,"schema_type_options":null,"pillar_content":false,"robots_default":true,"robots_noindex":false,"robots_noarchive":false,"robots_nosnippet":false,"robots_nofollow":false,"robots_noimageindex":false,"robots_noodp":false,"robots_notranslate":false,"robots_max_snippet":null,"robots_max_videopreview":null,"robots_max_imagepreview":"none","priority":null,"frequency":null,"local_seo":null,"seo_analyzer_scan_date":"2026-06-02 04:11:51","breadcrumb_settings":null,"limit_modified_date":false,"open_ai":null,"ai":null,"created":"2020-11-14 22:54:13","updated":"2026-06-02 04:11:51","focus_keyword":null,"additional_keywords":null,"truseo_locale":null},"aioseo_breadcrumb":"<div class=\"aioseo-breadcrumbs\"><span class=\"aioseo-breadcrumb\">\n\t<a href=\"https:\/\/www.eldigitaldeasturias.com\/noticias\" title=\"Home\">Home<\/a>\n<\/span><span class=\"aioseo-breadcrumb-separator\">\u2013<\/span><span class=\"aioseo-breadcrumb\">\n\t<a href=\"https:\/\/www.eldigitaldeasturias.com\/noticias\/category\/actualidad\/\" title=\"Actualidad\">Actualidad<\/a>\n<\/span><span class=\"aioseo-breadcrumb-separator\">\u2013<\/span><span class=\"aioseo-breadcrumb\">\n\t<a href=\"https:\/\/www.eldigitaldeasturias.com\/noticias\/el-bayern-aumenta-su-ventaja-antes-de-que-se-inicie-la-decimonovena-jornada\/\" title=\"El Bayern aumenta su ventaja antes de que se inicie la decimonovena jornada\">El Bayern aumenta su ventaja antes de que se inicie la decimonovena jornada<\/a>\n<\/span><\/div>","aioseo_breadcrumb_json":[{"label":"Home","link":"https:\/\/www.eldigitaldeasturias.com\/noticias"},{"label":"Actualidad","link":"https:\/\/www.eldigitaldeasturias.com\/noticias\/category\/actualidad\/"},{"label":"El Bayern aumenta su ventaja antes de que se inicie la decimonovena jornada","link":"https:\/\/www.eldigitaldeasturias.com\/noticias\/el-bayern-aumenta-su-ventaja-antes-de-que-se-inicie-la-decimonovena-jornada\/"}],"_links":{"self":[{"href":"https:\/\/www.eldigitaldeasturias.com\/noticias\/wp-json\/wp\/v2\/posts\/480583","targetHints":{"allow":["GET"]}}],"collection":[{"href":"https:\/\/www.eldigitaldeasturias.com\/noticias\/wp-json\/wp\/v2\/posts"}],"about":[{"href":"https:\/\/www.eldigitaldeasturias.com\/noticias\/wp-json\/wp\/v2\/types\/post"}],"author":[{"embeddable":true,"href":"https:\/\/www.eldigitaldeasturias.com\/noticias\/wp-json\/wp\/v2\/users\/1"}],"replies":[{"embeddable":true,"href":"https:\/\/www.eldigitaldeasturias.com\/noticias\/wp-json\/wp\/v2\/comments?post=480583"}],"version-history":[{"count":0,"href":"https:\/\/www.eldigitaldeasturias.com\/noticias\/wp-json\/wp\/v2\/posts\/480583\/revisions"}],"wp:featuredmedia":[{"embeddable":true,"href":"https:\/\/www.eldigitaldeasturias.com\/noticias\/wp-json\/wp\/v2\/media\/1132184"}],"wp:attachment":[{"href":"https:\/\/www.eldigitaldeasturias.com\/noticias\/wp-json\/wp\/v2\/media?parent=480583"}],"wp:term":[{"taxonomy":"category","embeddable":true,"href":"https:\/\/www.eldigitaldeasturias.com\/noticias\/wp-json\/wp\/v2\/categories?post=480583"},{"taxonomy":"post_tag","embeddable":true,"href":"https:\/\/www.eldigitaldeasturias.com\/noticias\/wp-json\/wp\/v2\/tags?post=480583"}],"curies":[{"name":"wp","href":"https:\/\/api.w.org\/{rel}","templated":true}]}}