{"id":480574,"date":"2014-01-30T18:53:33","date_gmt":"2014-01-30T19:53:33","guid":{"rendered":"http:\/\/www.eldigitaldeasturias.com\/noticias\/?p=480574"},"modified":"2014-01-30T18:53:33","modified_gmt":"2014-01-30T19:53:33","slug":"ciu-y-erc-vetan-la-comparecencia-de-espadaler-en-el-parlament-sobre-el-cesicat","status":"publish","type":"post","link":"https:\/\/www.eldigitaldeasturias.com\/noticias\/ciu-y-erc-vetan-la-comparecencia-de-espadaler-en-el-parlament-sobre-el-cesicat\/","title":{"rendered":"CiU y ERC vetan la comparecencia de Espadaler en el Parlament sobre el Cesicat"},"content":{"rendered":"<p><img loading=\"lazy\" decoding=\"async\" class=\"alignleft size-medium wp-image-480575\" alt=\"5890739w\" src=\"https:\/\/www.eldigitaldeasturias.com\/noticias\/wp-content\/uploads\/2014\/01\/5890739w-360x239.jpg\" width=\"360\" height=\"239\" \/>Barcelona, 30 ene (EFE).- Los grupos de CiU y de ERC han vetado hoy la comparecencia en el Parlament del conseller de Interior, Ramon Espadaler, para que d\u00e9 explicaciones sobre la actividad del Centro de Seguridad de la Informaci\u00f3n de Catalu\u00f1a (Cesicat), que entre 2012 y 2013 elabor\u00f3 50 informes sobre activistas sociales.<\/p>\n<p>En la Comisi\u00f3n de Interior del Parlament, los grupos de CiU y de ERC han sumado sus votos para impedir que prosperara una solicitud presentada por el PP, que ha contado con el apoyo del resto de la oposici\u00f3n, para que Espadaler tuviera que dar explicaciones sobre el Cesicat, que depende del departamento de Empresa.<\/p>\n<p>Precisamente, el conseller de Empresa, Felip Puig (que estuvo al frente de Interior en la pasada legislatura), admiti\u00f3 el pasado viernes en una comparecencia en la C\u00e1mara catalana que el Cesicat elabor\u00f3 entre 2012 y 2013 unos 50 informes de seguimiento de personas y movimientos sociales por razones de \u00abseguridad\u00bb y no \u00abideolog\u00eda\u00bb, a petici\u00f3n de los Mossos d&#8217;Esquadra.<\/p>\n<p>El diputado del PP Pere Calb\u00f3 ha defendido la necesidad de que Espadaler comparezca en la c\u00e1mara catalana porque entiende que las explicaciones que dio Puig la semana pasada no fueron suficientes y porque hay puntos que afectar\u00edan directamente a la intervenci\u00f3n de Interior que todav\u00eda quedan por aclarar.<\/p>\n<p>Calb\u00f3 ha denunciado que desde el Cesicat se han hecho seguimiento a activistas en redes sociales por contenidos pol\u00edticos, lo que cree que no es aceptable en un sistema democr\u00e1tico y ha afeado a ERC que con su voto hoy haya avalado este tipo de pr\u00e1cticas.<\/p>\n<p>Por contra, Llu\u00eds Guino (CiU) ha asegurado que Puig dio en el Parlament \u00ablas explicaciones necesarias\u00bb sobre la cuesti\u00f3n, por lo que forzar ahora una nueva comparecencia ser\u00eda una \u00abreiteraci\u00f3n\u00bb.<\/p>\n<p>En nombre de ERC, Oriol Amor\u00f3s ha justificado su rechazo a la comparecencia de Espadaler alegando que el Cesicat depende del departamento de Empresa y que si hay alg\u00fan elemento que puede afectar a Interior lo puede responder el propio Puig por la \u00abresponsabilidad compartida\u00bb que se da en el gobierno catal\u00e1n.<\/p>\n<p>Adem\u00e1s, Amor\u00f3s ha afeado al PPC que s\u00f3lo tiene inter\u00e9s en crear un \u00abalboroto medi\u00e1tico\u00bb pero no en aclarar los hechos, como cree que ha quedado demostrado con el caso M\u00e9todo 3, despu\u00e9s de que la l\u00edder popular Alicia S\u00e1nchez-Camacho se negara ayer a comparecer en el Parlament para dar explicaciones sobre esta cuesti\u00f3n.<\/p>\n<p>Los grupos del PSC, ICV-EUiA, C&#8217;s y la CUP han votado tambi\u00e9n a favor de la propuesta del PPC, en aras de la transparencia.<\/p>\n","protected":false},"excerpt":{"rendered":"<p>Barcelona, 30 ene (EFE).- Los grupos de CiU y de ERC han vetado hoy la comparecencia en el Parlament del conseller de Interior, Ramon Espadaler, para que d\u00e9 explicaciones sobre la actividad del Centro de Seguridad de la Informaci\u00f3n de Catalu\u00f1a (Cesicat), que entre 2012 y 2013 elabor\u00f3 50 informes sobre activistas sociales. En la [&hellip;]<\/p>\n","protected":false},"author":1,"featured_media":1132184,"comment_status":"closed","ping_status":"open","sticky":false,"template":"","format":"standard","meta":{"footnotes":""},"categories":[1],"tags":[],"class_list":["post-480574","post","type-post","status-publish","format-standard","has-post-thumbnail","hentry","category-actualidad"],"aioseo_notices":[],"aioseo_head":"\n\t\t<!-- All in One SEO Pro 5.0.1 - aioseo.com -->\n\t<meta name=\"description\" content=\"Barcelona, 30 ene (EFE).- Los grupos de CiU y de ERC han vetado hoy la comparecencia en el Parlament del conseller de Interior, Ramon Espadaler, para que d\u00e9 explicaciones sobre la actividad del Centro de Seguridad de la Informaci\u00f3n de Catalu\u00f1a (Cesicat), que entre 2012 y 2013 elabor\u00f3 50 informes sobre activistas sociales. En la\" \/>\n\t<meta name=\"robots\" content=\"max-image-preview:large\" \/>\n\t<meta name=\"author\" content=\"El Digital de Asturias\"\/>\n\t<meta name=\"google-site-verification\" content=\"UA-38556648-1\" \/>\n\t<meta name=\"msvalidate.01\" content=\"7dfe9f3f1b24437ab69f4f2559babe99\" \/>\n\t<meta name=\"keywords\" content=\"actualidad\" \/>\n\t<link rel=\"canonical\" href=\"https:\/\/www.eldigitaldeasturias.com\/noticias\/ciu-y-erc-vetan-la-comparecencia-de-espadaler-en-el-parlament-sobre-el-cesicat\/\" \/>\n\t<meta name=\"generator\" content=\"All in One SEO Pro (AIOSEO) 5.0.1\" \/>\n\t\t<meta property=\"og:locale\" content=\"es_ES\" \/>\n\t\t<meta property=\"og:site_name\" content=\"El Digital de Asturias\" \/>\n\t\t<meta property=\"og:type\" content=\"article\" \/>\n\t\t<meta property=\"og:title\" content=\"CiU y ERC vetan la comparecencia de Espadaler en el Parlament sobre el Cesicat - El Digital de Asturias\" \/>\n\t\t<meta property=\"og:description\" content=\"Barcelona, 30 ene (EFE).- Los grupos de CiU y de ERC han vetado hoy la comparecencia en el Parlament del conseller de Interior, Ramon Espadaler, para que d\u00e9 explicaciones sobre la actividad del Centro de Seguridad de la Informaci\u00f3n de Catalu\u00f1a (Cesicat), que entre 2012 y 2013 elabor\u00f3 50 informes sobre activistas sociales. En la\" \/>\n\t\t<meta property=\"og:url\" content=\"https:\/\/www.eldigitaldeasturias.com\/noticias\/ciu-y-erc-vetan-la-comparecencia-de-espadaler-en-el-parlament-sobre-el-cesicat\/\" \/>\n\t\t<meta property=\"og:image\" content=\"https:\/\/www.eldigitaldeasturias.com\/noticias\/wp-content\/uploads\/2026\/06\/Contenidos.jpg\" \/>\n\t\t<meta property=\"og:image:secure_url\" content=\"https:\/\/www.eldigitaldeasturias.com\/noticias\/wp-content\/uploads\/2026\/06\/Contenidos.jpg\" \/>\n\t\t<meta property=\"og:image:width\" content=\"1265\" \/>\n\t\t<meta property=\"og:image:height\" content=\"697\" \/>\n\t\t<meta property=\"article:tag\" content=\"actualidad\" \/>\n\t\t<meta property=\"article:published_time\" content=\"2014-01-30T19:53:33+00:00\" \/>\n\t\t<meta property=\"article:modified_time\" content=\"2014-01-30T19:53:33+00:00\" \/>\n\t\t<meta property=\"article:publisher\" content=\"https:\/\/facebook.com\/eldigitaldeasturias\" \/>\n\t\t<meta name=\"twitter:card\" content=\"summary_large_image\" \/>\n\t\t<meta name=\"twitter:title\" content=\"CiU y ERC vetan la comparecencia de Espadaler en el Parlament sobre el Cesicat - El Digital de Asturias\" \/>\n\t\t<meta name=\"twitter:description\" content=\"Barcelona, 30 ene (EFE).- Los grupos de CiU y de ERC han vetado hoy la comparecencia en el Parlament del conseller de Interior, Ramon Espadaler, para que d\u00e9 explicaciones sobre la actividad del Centro de Seguridad de la Informaci\u00f3n de Catalu\u00f1a (Cesicat), que entre 2012 y 2013 elabor\u00f3 50 informes sobre activistas sociales. En la\" \/>\n\t\t<meta name=\"twitter:image\" content=\"https:\/\/www.eldigitaldeasturias.com\/noticias\/wp-content\/uploads\/2026\/06\/Contenidos.jpg\" \/>\n\t\t<meta name=\"twitter:label1\" content=\"Escrito por\" \/>\n\t\t<meta name=\"twitter:data1\" content=\"El Digital de Asturias\" \/>\n\t\t<meta name=\"twitter:label2\" content=\"Tiempo de lectura estimado\" \/>\n\t\t<meta name=\"twitter:data2\" content=\"2 minutos\" \/>\n\t\t<script type=\"application\/ld+json\" class=\"aioseo-schema\">\n\t\t\t{\"@context\":\"https:\\\/\\\/schema.org\",\"@graph\":[{\"@type\":\"BlogPosting\",\"@id\":\"https:\\\/\\\/www.eldigitaldeasturias.com\\\/noticias\\\/ciu-y-erc-vetan-la-comparecencia-de-espadaler-en-el-parlament-sobre-el-cesicat\\\/#blogposting\",\"name\":\"CiU y ERC vetan la comparecencia de Espadaler en el Parlament sobre el Cesicat - El Digital de Asturias\",\"headline\":\"CiU y ERC vetan la comparecencia de Espadaler en el Parlament sobre el Cesicat\",\"author\":{\"@id\":\"https:\\\/\\\/www.eldigitaldeasturias.com\\\/noticias\\\/author\\\/admin\\\/#author\"},\"publisher\":{\"@id\":\"https:\\\/\\\/www.eldigitaldeasturias.com\\\/noticias\\\/#organization\"},\"image\":{\"@type\":\"ImageObject\",\"url\":\"https:\\\/\\\/www.eldigitaldeasturias.com\\\/noticias\\\/wp-content\\\/uploads\\\/2026\\\/06\\\/Contenidos.jpg\",\"width\":1265,\"height\":697,\"caption\":\"Contenidos\"},\"datePublished\":\"2014-01-30T18:53:33+01:00\",\"dateModified\":\"2014-01-30T18:53:33+01:00\",\"inLanguage\":\"es-ES\",\"mainEntityOfPage\":{\"@id\":\"https:\\\/\\\/www.eldigitaldeasturias.com\\\/noticias\\\/ciu-y-erc-vetan-la-comparecencia-de-espadaler-en-el-parlament-sobre-el-cesicat\\\/#webpage\"},\"isPartOf\":{\"@id\":\"https:\\\/\\\/www.eldigitaldeasturias.com\\\/noticias\\\/ciu-y-erc-vetan-la-comparecencia-de-espadaler-en-el-parlament-sobre-el-cesicat\\\/#webpage\"},\"articleSection\":\"Actualidad\"},{\"@type\":\"BreadcrumbList\",\"@id\":\"https:\\\/\\\/www.eldigitaldeasturias.com\\\/noticias\\\/ciu-y-erc-vetan-la-comparecencia-de-espadaler-en-el-parlament-sobre-el-cesicat\\\/#breadcrumblist\",\"itemListElement\":[{\"@type\":\"ListItem\",\"@id\":\"https:\\\/\\\/www.eldigitaldeasturias.com\\\/noticias#listItem\",\"position\":1,\"name\":\"Home\",\"item\":\"https:\\\/\\\/www.eldigitaldeasturias.com\\\/noticias\",\"nextItem\":{\"@type\":\"ListItem\",\"@id\":\"https:\\\/\\\/www.eldigitaldeasturias.com\\\/noticias\\\/category\\\/actualidad\\\/#listItem\",\"name\":\"Actualidad\"}},{\"@type\":\"ListItem\",\"@id\":\"https:\\\/\\\/www.eldigitaldeasturias.com\\\/noticias\\\/category\\\/actualidad\\\/#listItem\",\"position\":2,\"name\":\"Actualidad\",\"item\":\"https:\\\/\\\/www.eldigitaldeasturias.com\\\/noticias\\\/category\\\/actualidad\\\/\",\"nextItem\":{\"@type\":\"ListItem\",\"@id\":\"https:\\\/\\\/www.eldigitaldeasturias.com\\\/noticias\\\/ciu-y-erc-vetan-la-comparecencia-de-espadaler-en-el-parlament-sobre-el-cesicat\\\/#listItem\",\"name\":\"CiU y ERC vetan la comparecencia de Espadaler en el Parlament sobre el Cesicat\"},\"previousItem\":{\"@type\":\"ListItem\",\"@id\":\"https:\\\/\\\/www.eldigitaldeasturias.com\\\/noticias#listItem\",\"name\":\"Home\"}},{\"@type\":\"ListItem\",\"@id\":\"https:\\\/\\\/www.eldigitaldeasturias.com\\\/noticias\\\/ciu-y-erc-vetan-la-comparecencia-de-espadaler-en-el-parlament-sobre-el-cesicat\\\/#listItem\",\"position\":3,\"name\":\"CiU y ERC vetan la comparecencia de Espadaler en el Parlament sobre el Cesicat\",\"previousItem\":{\"@type\":\"ListItem\",\"@id\":\"https:\\\/\\\/www.eldigitaldeasturias.com\\\/noticias\\\/category\\\/actualidad\\\/#listItem\",\"name\":\"Actualidad\"}}]},{\"@type\":\"Organization\",\"@id\":\"https:\\\/\\\/www.eldigitaldeasturias.com\\\/noticias\\\/#organization\",\"name\":\"El Digital de Asturias\",\"description\":\"Hemeroteca\",\"url\":\"https:\\\/\\\/www.eldigitaldeasturias.com\\\/noticias\\\/\",\"email\":\"info@eldigitaldeasturias.com\",\"telephone\":\"+34652131393\",\"logo\":{\"@type\":\"ImageObject\",\"url\":\"https:\\\/\\\/www.eldigitaldeasturias.com\\\/noticias\\\/wp-content\\\/uploads\\\/2020\\\/12\\\/EDA.jpg\",\"@id\":\"https:\\\/\\\/www.eldigitaldeasturias.com\\\/noticias\\\/ciu-y-erc-vetan-la-comparecencia-de-espadaler-en-el-parlament-sobre-el-cesicat\\\/#organizationLogo\"},\"image\":{\"@id\":\"https:\\\/\\\/www.eldigitaldeasturias.com\\\/noticias\\\/ciu-y-erc-vetan-la-comparecencia-de-espadaler-en-el-parlament-sobre-el-cesicat\\\/#organizationLogo\"},\"sameAs\":[\"https:\\\/\\\/facebook.com\\\/eldigitaldeasturias\",\"https:\\\/\\\/www.youtube.com\\\/channel\\\/UCZP-2wLEB9Rv6erhFmqVnvg\"],\"address\":{\"@id\":\"https:\\\/\\\/www.eldigitaldeasturias.com\\\/noticias\\\/#postaladdress\",\"@type\":\"PostalAddress\",\"streetAddress\":\"san antonio 4\",\"postalCode\":\"33430\",\"addressLocality\":\"Cand\\u00e1s\",\"addressRegion\":\"Asturias\",\"addressCountry\":\"ES\"}},{\"@type\":\"Person\",\"@id\":\"https:\\\/\\\/www.eldigitaldeasturias.com\\\/noticias\\\/author\\\/admin\\\/#author\",\"url\":\"https:\\\/\\\/www.eldigitaldeasturias.com\\\/noticias\\\/author\\\/admin\\\/\",\"name\":\"El Digital de Asturias\",\"image\":{\"@type\":\"ImageObject\",\"@id\":\"https:\\\/\\\/www.eldigitaldeasturias.com\\\/noticias\\\/ciu-y-erc-vetan-la-comparecencia-de-espadaler-en-el-parlament-sobre-el-cesicat\\\/#authorImage\",\"url\":\"https:\\\/\\\/secure.gravatar.com\\\/avatar\\\/df2aeffc32bcd13f8d26072ef8a91b623d677766deac7f97ca815868cd41bf5e?s=96&d=mm&r=g\",\"width\":96,\"height\":96,\"caption\":\"El Digital de Asturias\"}},{\"@type\":\"WebPage\",\"@id\":\"https:\\\/\\\/www.eldigitaldeasturias.com\\\/noticias\\\/ciu-y-erc-vetan-la-comparecencia-de-espadaler-en-el-parlament-sobre-el-cesicat\\\/#webpage\",\"url\":\"https:\\\/\\\/www.eldigitaldeasturias.com\\\/noticias\\\/ciu-y-erc-vetan-la-comparecencia-de-espadaler-en-el-parlament-sobre-el-cesicat\\\/\",\"name\":\"CiU y ERC vetan la comparecencia de Espadaler en el Parlament sobre el Cesicat - El Digital de Asturias\",\"description\":\"Barcelona, 30 ene (EFE).- Los grupos de CiU y de ERC han vetado hoy la comparecencia en el Parlament del conseller de Interior, Ramon Espadaler, para que d\\u00e9 explicaciones sobre la actividad del Centro de Seguridad de la Informaci\\u00f3n de Catalu\\u00f1a (Cesicat), que entre 2012 y 2013 elabor\\u00f3 50 informes sobre activistas sociales. En la\",\"inLanguage\":\"es-ES\",\"isPartOf\":{\"@id\":\"https:\\\/\\\/www.eldigitaldeasturias.com\\\/noticias\\\/#website\"},\"breadcrumb\":{\"@id\":\"https:\\\/\\\/www.eldigitaldeasturias.com\\\/noticias\\\/ciu-y-erc-vetan-la-comparecencia-de-espadaler-en-el-parlament-sobre-el-cesicat\\\/#breadcrumblist\"},\"author\":{\"@id\":\"https:\\\/\\\/www.eldigitaldeasturias.com\\\/noticias\\\/author\\\/admin\\\/#author\"},\"creator\":{\"@id\":\"https:\\\/\\\/www.eldigitaldeasturias.com\\\/noticias\\\/author\\\/admin\\\/#author\"},\"image\":{\"@type\":\"ImageObject\",\"url\":\"https:\\\/\\\/www.eldigitaldeasturias.com\\\/noticias\\\/wp-content\\\/uploads\\\/2026\\\/06\\\/Contenidos.jpg\",\"@id\":\"https:\\\/\\\/www.eldigitaldeasturias.com\\\/noticias\\\/ciu-y-erc-vetan-la-comparecencia-de-espadaler-en-el-parlament-sobre-el-cesicat\\\/#mainImage\",\"width\":1265,\"height\":697,\"caption\":\"Contenidos\"},\"primaryImageOfPage\":{\"@id\":\"https:\\\/\\\/www.eldigitaldeasturias.com\\\/noticias\\\/ciu-y-erc-vetan-la-comparecencia-de-espadaler-en-el-parlament-sobre-el-cesicat\\\/#mainImage\"},\"datePublished\":\"2014-01-30T18:53:33+01:00\",\"dateModified\":\"2014-01-30T18:53:33+01:00\"},{\"@type\":\"WebSite\",\"@id\":\"https:\\\/\\\/www.eldigitaldeasturias.com\\\/noticias\\\/#website\",\"url\":\"https:\\\/\\\/www.eldigitaldeasturias.com\\\/noticias\\\/\",\"name\":\"El Digital de Asturias - Diario de actualidad y noticias\",\"alternateName\":\"El Digital de Asturias - Diario de actualidad y noticias\",\"description\":\"Hemeroteca\",\"inLanguage\":\"es-ES\",\"publisher\":{\"@id\":\"https:\\\/\\\/www.eldigitaldeasturias.com\\\/noticias\\\/#organization\"}}]}\n\t\t<\/script>\n\t\t<!-- All in One SEO Pro -->\r\n\t\t<title>CiU y ERC vetan la comparecencia de Espadaler en el Parlament sobre el Cesicat - El Digital de Asturias<\/title>\n\n","aioseo_head_json":{"title":"CiU y ERC vetan la comparecencia de Espadaler en el Parlament sobre el Cesicat - El Digital de Asturias","description":"Barcelona, 30 ene (EFE).- Los grupos de CiU y de ERC han vetado hoy la comparecencia en el Parlament del conseller de Interior, Ramon Espadaler, para que d\u00e9 explicaciones sobre la actividad del Centro de Seguridad de la Informaci\u00f3n de Catalu\u00f1a (Cesicat), que entre 2012 y 2013 elabor\u00f3 50 informes sobre activistas sociales. En la","canonical_url":"https:\/\/www.eldigitaldeasturias.com\/noticias\/ciu-y-erc-vetan-la-comparecencia-de-espadaler-en-el-parlament-sobre-el-cesicat\/","robots":"max-image-preview:large","keywords":"actualidad","webmasterTools":{"google-site-verification":"UA-38556648-1","msvalidate.01":"7dfe9f3f1b24437ab69f4f2559babe99","miscellaneous":""},"schema":{"@context":"https:\/\/schema.org","@graph":[{"@type":"BlogPosting","@id":"https:\/\/www.eldigitaldeasturias.com\/noticias\/ciu-y-erc-vetan-la-comparecencia-de-espadaler-en-el-parlament-sobre-el-cesicat\/#blogposting","name":"CiU y ERC vetan la comparecencia de Espadaler en el Parlament sobre el Cesicat - El Digital de Asturias","headline":"CiU y ERC vetan la comparecencia de Espadaler en el Parlament sobre el Cesicat","author":{"@id":"https:\/\/www.eldigitaldeasturias.com\/noticias\/author\/admin\/#author"},"publisher":{"@id":"https:\/\/www.eldigitaldeasturias.com\/noticias\/#organization"},"image":{"@type":"ImageObject","url":"https:\/\/www.eldigitaldeasturias.com\/noticias\/wp-content\/uploads\/2026\/06\/Contenidos.jpg","width":1265,"height":697,"caption":"Contenidos"},"datePublished":"2014-01-30T18:53:33+01:00","dateModified":"2014-01-30T18:53:33+01:00","inLanguage":"es-ES","mainEntityOfPage":{"@id":"https:\/\/www.eldigitaldeasturias.com\/noticias\/ciu-y-erc-vetan-la-comparecencia-de-espadaler-en-el-parlament-sobre-el-cesicat\/#webpage"},"isPartOf":{"@id":"https:\/\/www.eldigitaldeasturias.com\/noticias\/ciu-y-erc-vetan-la-comparecencia-de-espadaler-en-el-parlament-sobre-el-cesicat\/#webpage"},"articleSection":"Actualidad"},{"@type":"BreadcrumbList","@id":"https:\/\/www.eldigitaldeasturias.com\/noticias\/ciu-y-erc-vetan-la-comparecencia-de-espadaler-en-el-parlament-sobre-el-cesicat\/#breadcrumblist","itemListElement":[{"@type":"ListItem","@id":"https:\/\/www.eldigitaldeasturias.com\/noticias#listItem","position":1,"name":"Home","item":"https:\/\/www.eldigitaldeasturias.com\/noticias","nextItem":{"@type":"ListItem","@id":"https:\/\/www.eldigitaldeasturias.com\/noticias\/category\/actualidad\/#listItem","name":"Actualidad"}},{"@type":"ListItem","@id":"https:\/\/www.eldigitaldeasturias.com\/noticias\/category\/actualidad\/#listItem","position":2,"name":"Actualidad","item":"https:\/\/www.eldigitaldeasturias.com\/noticias\/category\/actualidad\/","nextItem":{"@type":"ListItem","@id":"https:\/\/www.eldigitaldeasturias.com\/noticias\/ciu-y-erc-vetan-la-comparecencia-de-espadaler-en-el-parlament-sobre-el-cesicat\/#listItem","name":"CiU y ERC vetan la comparecencia de Espadaler en el Parlament sobre el Cesicat"},"previousItem":{"@type":"ListItem","@id":"https:\/\/www.eldigitaldeasturias.com\/noticias#listItem","name":"Home"}},{"@type":"ListItem","@id":"https:\/\/www.eldigitaldeasturias.com\/noticias\/ciu-y-erc-vetan-la-comparecencia-de-espadaler-en-el-parlament-sobre-el-cesicat\/#listItem","position":3,"name":"CiU y ERC vetan la comparecencia de Espadaler en el Parlament sobre el Cesicat","previousItem":{"@type":"ListItem","@id":"https:\/\/www.eldigitaldeasturias.com\/noticias\/category\/actualidad\/#listItem","name":"Actualidad"}}]},{"@type":"Organization","@id":"https:\/\/www.eldigitaldeasturias.com\/noticias\/#organization","name":"El Digital de Asturias","description":"Hemeroteca","url":"https:\/\/www.eldigitaldeasturias.com\/noticias\/","email":"info@eldigitaldeasturias.com","telephone":"+34652131393","logo":{"@type":"ImageObject","url":"https:\/\/www.eldigitaldeasturias.com\/noticias\/wp-content\/uploads\/2020\/12\/EDA.jpg","@id":"https:\/\/www.eldigitaldeasturias.com\/noticias\/ciu-y-erc-vetan-la-comparecencia-de-espadaler-en-el-parlament-sobre-el-cesicat\/#organizationLogo"},"image":{"@id":"https:\/\/www.eldigitaldeasturias.com\/noticias\/ciu-y-erc-vetan-la-comparecencia-de-espadaler-en-el-parlament-sobre-el-cesicat\/#organizationLogo"},"sameAs":["https:\/\/facebook.com\/eldigitaldeasturias","https:\/\/www.youtube.com\/channel\/UCZP-2wLEB9Rv6erhFmqVnvg"],"address":{"@id":"https:\/\/www.eldigitaldeasturias.com\/noticias\/#postaladdress","@type":"PostalAddress","streetAddress":"san antonio 4","postalCode":"33430","addressLocality":"Cand\u00e1s","addressRegion":"Asturias","addressCountry":"ES"}},{"@type":"Person","@id":"https:\/\/www.eldigitaldeasturias.com\/noticias\/author\/admin\/#author","url":"https:\/\/www.eldigitaldeasturias.com\/noticias\/author\/admin\/","name":"El Digital de Asturias","image":{"@type":"ImageObject","@id":"https:\/\/www.eldigitaldeasturias.com\/noticias\/ciu-y-erc-vetan-la-comparecencia-de-espadaler-en-el-parlament-sobre-el-cesicat\/#authorImage","url":"https:\/\/secure.gravatar.com\/avatar\/df2aeffc32bcd13f8d26072ef8a91b623d677766deac7f97ca815868cd41bf5e?s=96&d=mm&r=g","width":96,"height":96,"caption":"El Digital de Asturias"}},{"@type":"WebPage","@id":"https:\/\/www.eldigitaldeasturias.com\/noticias\/ciu-y-erc-vetan-la-comparecencia-de-espadaler-en-el-parlament-sobre-el-cesicat\/#webpage","url":"https:\/\/www.eldigitaldeasturias.com\/noticias\/ciu-y-erc-vetan-la-comparecencia-de-espadaler-en-el-parlament-sobre-el-cesicat\/","name":"CiU y ERC vetan la comparecencia de Espadaler en el Parlament sobre el Cesicat - El Digital de Asturias","description":"Barcelona, 30 ene (EFE).- Los grupos de CiU y de ERC han vetado hoy la comparecencia en el Parlament del conseller de Interior, Ramon Espadaler, para que d\u00e9 explicaciones sobre la actividad del Centro de Seguridad de la Informaci\u00f3n de Catalu\u00f1a (Cesicat), que entre 2012 y 2013 elabor\u00f3 50 informes sobre activistas sociales. En la","inLanguage":"es-ES","isPartOf":{"@id":"https:\/\/www.eldigitaldeasturias.com\/noticias\/#website"},"breadcrumb":{"@id":"https:\/\/www.eldigitaldeasturias.com\/noticias\/ciu-y-erc-vetan-la-comparecencia-de-espadaler-en-el-parlament-sobre-el-cesicat\/#breadcrumblist"},"author":{"@id":"https:\/\/www.eldigitaldeasturias.com\/noticias\/author\/admin\/#author"},"creator":{"@id":"https:\/\/www.eldigitaldeasturias.com\/noticias\/author\/admin\/#author"},"image":{"@type":"ImageObject","url":"https:\/\/www.eldigitaldeasturias.com\/noticias\/wp-content\/uploads\/2026\/06\/Contenidos.jpg","@id":"https:\/\/www.eldigitaldeasturias.com\/noticias\/ciu-y-erc-vetan-la-comparecencia-de-espadaler-en-el-parlament-sobre-el-cesicat\/#mainImage","width":1265,"height":697,"caption":"Contenidos"},"primaryImageOfPage":{"@id":"https:\/\/www.eldigitaldeasturias.com\/noticias\/ciu-y-erc-vetan-la-comparecencia-de-espadaler-en-el-parlament-sobre-el-cesicat\/#mainImage"},"datePublished":"2014-01-30T18:53:33+01:00","dateModified":"2014-01-30T18:53:33+01:00"},{"@type":"WebSite","@id":"https:\/\/www.eldigitaldeasturias.com\/noticias\/#website","url":"https:\/\/www.eldigitaldeasturias.com\/noticias\/","name":"El Digital de Asturias - Diario de actualidad y noticias","alternateName":"El Digital de Asturias - Diario de actualidad y noticias","description":"Hemeroteca","inLanguage":"es-ES","publisher":{"@id":"https:\/\/www.eldigitaldeasturias.com\/noticias\/#organization"}}]},"og:locale":"es_ES","og:site_name":"El Digital de Asturias","og:type":"article","og:title":"CiU y ERC vetan la comparecencia de Espadaler en el Parlament sobre el Cesicat - El Digital de Asturias","og:description":"Barcelona, 30 ene (EFE).- Los grupos de CiU y de ERC han vetado hoy la comparecencia en el Parlament del conseller de Interior, Ramon Espadaler, para que d\u00e9 explicaciones sobre la actividad del Centro de Seguridad de la Informaci\u00f3n de Catalu\u00f1a (Cesicat), que entre 2012 y 2013 elabor\u00f3 50 informes sobre activistas sociales. En la","og:url":"https:\/\/www.eldigitaldeasturias.com\/noticias\/ciu-y-erc-vetan-la-comparecencia-de-espadaler-en-el-parlament-sobre-el-cesicat\/","og:image":"https:\/\/www.eldigitaldeasturias.com\/noticias\/wp-content\/uploads\/2026\/06\/Contenidos.jpg","og:image:secure_url":"https:\/\/www.eldigitaldeasturias.com\/noticias\/wp-content\/uploads\/2026\/06\/Contenidos.jpg","og:image:width":1265,"og:image:height":697,"article:tag":["actualidad"],"article:published_time":"2014-01-30T19:53:33+00:00","article:modified_time":"2014-01-30T19:53:33+00:00","article:publisher":"https:\/\/facebook.com\/eldigitaldeasturias","twitter:card":"summary_large_image","twitter:title":"CiU y ERC vetan la comparecencia de Espadaler en el Parlament sobre el Cesicat - El Digital de Asturias","twitter:description":"Barcelona, 30 ene (EFE).- Los grupos de CiU y de ERC han vetado hoy la comparecencia en el Parlament del conseller de Interior, Ramon Espadaler, para que d\u00e9 explicaciones sobre la actividad del Centro de Seguridad de la Informaci\u00f3n de Catalu\u00f1a (Cesicat), que entre 2012 y 2013 elabor\u00f3 50 informes sobre activistas sociales. En la","twitter:image":"https:\/\/www.eldigitaldeasturias.com\/noticias\/wp-content\/uploads\/2026\/06\/Contenidos.jpg","twitter:label1":"Escrito por","twitter:data1":"El Digital de Asturias","twitter:label2":"Tiempo de lectura estimado","twitter:data2":"2 minutos"},"aioseo_meta_data":{"post_id":"480574","title":null,"description":null,"keywords":null,"keyphrases":null,"primary_term":null,"canonical_url":null,"og_title":null,"og_description":null,"og_object_type":"default","og_image_type":"default","og_image_url":null,"og_image_width":null,"og_image_height":null,"og_image_custom_url":null,"og_image_custom_fields":null,"og_video":null,"og_custom_url":null,"og_article_section":null,"og_article_tags":null,"twitter_use_og":true,"twitter_card":"default","twitter_image_type":"default","twitter_image_url":null,"twitter_image_custom_url":null,"twitter_image_custom_fields":null,"twitter_title":null,"twitter_description":null,"schema":{"blockGraphs":[],"customGraphs":[],"default":{"data":{"Article":[],"Course":[],"Dataset":[],"FAQPage":[],"Movie":[],"Person":[],"Product":[],"ProductReview":[],"Car":[],"Recipe":[],"Service":[],"SoftwareApplication":[],"WebPage":[]},"graphName":"","isEnabled":true},"graphs":[],"defaultGraph":"","defaultPostTypeGraph":""},"schema_type":null,"schema_type_options":null,"pillar_content":false,"robots_default":true,"robots_noindex":false,"robots_noarchive":false,"robots_nosnippet":false,"robots_nofollow":false,"robots_noimageindex":false,"robots_noodp":false,"robots_notranslate":false,"robots_max_snippet":null,"robots_max_videopreview":null,"robots_max_imagepreview":"none","priority":null,"frequency":null,"local_seo":null,"seo_analyzer_scan_date":"2026-06-02 04:11:49","breadcrumb_settings":null,"limit_modified_date":false,"open_ai":null,"ai":null,"created":"2020-11-14 22:54:13","updated":"2026-06-02 04:11:49","focus_keyword":null,"additional_keywords":null,"truseo_locale":null},"aioseo_breadcrumb":"<div class=\"aioseo-breadcrumbs\"><span class=\"aioseo-breadcrumb\">\n\t<a href=\"https:\/\/www.eldigitaldeasturias.com\/noticias\" title=\"Home\">Home<\/a>\n<\/span><span class=\"aioseo-breadcrumb-separator\">\u2013<\/span><span class=\"aioseo-breadcrumb\">\n\t<a href=\"https:\/\/www.eldigitaldeasturias.com\/noticias\/category\/actualidad\/\" title=\"Actualidad\">Actualidad<\/a>\n<\/span><span class=\"aioseo-breadcrumb-separator\">\u2013<\/span><span class=\"aioseo-breadcrumb\">\n\t<a href=\"https:\/\/www.eldigitaldeasturias.com\/noticias\/ciu-y-erc-vetan-la-comparecencia-de-espadaler-en-el-parlament-sobre-el-cesicat\/\" title=\"CiU y ERC vetan la comparecencia de Espadaler en el Parlament sobre el Cesicat\">CiU y ERC vetan la comparecencia de Espadaler en el Parlament sobre el Cesicat<\/a>\n<\/span><\/div>","aioseo_breadcrumb_json":[{"label":"Home","link":"https:\/\/www.eldigitaldeasturias.com\/noticias"},{"label":"Actualidad","link":"https:\/\/www.eldigitaldeasturias.com\/noticias\/category\/actualidad\/"},{"label":"CiU y ERC vetan la comparecencia de Espadaler en el Parlament sobre el Cesicat","link":"https:\/\/www.eldigitaldeasturias.com\/noticias\/ciu-y-erc-vetan-la-comparecencia-de-espadaler-en-el-parlament-sobre-el-cesicat\/"}],"_links":{"self":[{"href":"https:\/\/www.eldigitaldeasturias.com\/noticias\/wp-json\/wp\/v2\/posts\/480574","targetHints":{"allow":["GET"]}}],"collection":[{"href":"https:\/\/www.eldigitaldeasturias.com\/noticias\/wp-json\/wp\/v2\/posts"}],"about":[{"href":"https:\/\/www.eldigitaldeasturias.com\/noticias\/wp-json\/wp\/v2\/types\/post"}],"author":[{"embeddable":true,"href":"https:\/\/www.eldigitaldeasturias.com\/noticias\/wp-json\/wp\/v2\/users\/1"}],"replies":[{"embeddable":true,"href":"https:\/\/www.eldigitaldeasturias.com\/noticias\/wp-json\/wp\/v2\/comments?post=480574"}],"version-history":[{"count":0,"href":"https:\/\/www.eldigitaldeasturias.com\/noticias\/wp-json\/wp\/v2\/posts\/480574\/revisions"}],"wp:featuredmedia":[{"embeddable":true,"href":"https:\/\/www.eldigitaldeasturias.com\/noticias\/wp-json\/wp\/v2\/media\/1132184"}],"wp:attachment":[{"href":"https:\/\/www.eldigitaldeasturias.com\/noticias\/wp-json\/wp\/v2\/media?parent=480574"}],"wp:term":[{"taxonomy":"category","embeddable":true,"href":"https:\/\/www.eldigitaldeasturias.com\/noticias\/wp-json\/wp\/v2\/categories?post=480574"},{"taxonomy":"post_tag","embeddable":true,"href":"https:\/\/www.eldigitaldeasturias.com\/noticias\/wp-json\/wp\/v2\/tags?post=480574"}],"curies":[{"name":"wp","href":"https:\/\/api.w.org\/{rel}","templated":true}]}}