{"id":480571,"date":"2014-01-30T18:51:55","date_gmt":"2014-01-30T19:51:55","guid":{"rendered":"http:\/\/www.eldigitaldeasturias.com\/noticias\/?p=480571"},"modified":"2014-01-30T18:51:55","modified_gmt":"2014-01-30T19:51:55","slug":"la-confianza-economica-siguio-al-alza-en-enero-en-la-zona-euro-y-en-la-ue","status":"publish","type":"post","link":"https:\/\/www.eldigitaldeasturias.com\/noticias\/la-confianza-economica-siguio-al-alza-en-enero-en-la-zona-euro-y-en-la-ue\/","title":{"rendered":"La confianza econ\u00f3mica sigui\u00f3 al alza en enero en la zona euro y en la UE"},"content":{"rendered":"<p><img loading=\"lazy\" decoding=\"async\" class=\"alignleft size-medium wp-image-480572\" alt=\"5890734w\" src=\"https:\/\/www.eldigitaldeasturias.com\/noticias\/wp-content\/uploads\/2014\/01\/5890734w-360x273.jpg\" width=\"360\" height=\"273\" \/>Bruselas, 30 ene (EFE).- La confianza en la situaci\u00f3n econ\u00f3mica de la zona euro y del conjunto de la Uni\u00f3n Europea (UE) volvi\u00f3 a mejorar en enero, mientras que el Indicador del Clima Empresarial en los pa\u00edses de la moneda \u00fanica se mantuvo estable, inform\u00f3 hoy el Ejecutivo comunitario.<\/p>\n<p>El indicador creci\u00f3 0,5 puntos en los pa\u00edses de la moneda \u00fanica hasta alcanzar los 100,91, mientras que en el conjunto de los Veintisiete aument\u00f3 0,9 puntos, hasta los 104,7, lo que supone el retorno de la confianza en la econom\u00eda a los niveles que presentaba en el verano de 2011.<\/p>\n<p>Se mantiene la tendencia al alza iniciada el pasado mayo, aunque la magnitud y el alcance de la mejor\u00eda de la confianza en determinados sectores \u00abse ha moderado\u00bb, seg\u00fan destac\u00f3 la Comisi\u00f3n en un comunicado.<\/p>\n<p>En Espa\u00f1a, el indicador se situ\u00f3 en enero en 100,3 puntos, una ligera bajada con respecto a diciembre (100,5) y tras la subida significativa de ese mes en comparaci\u00f3n con noviembre (96,4).<\/p>\n<p>La confianza aument\u00f3 en dos de las grandes econom\u00edas de la zona euro, Francia (1,1 puntos m\u00e1s) y Alemania (0,7), mientras que se mantuvo pr\u00e1cticamente estable en Italia y se deterior\u00f3 en Holanda (-1,0).<\/p>\n<p>La confianza creci\u00f3 debido principalmente al alza registrada en el sector servicios, en el comercio minorista y entre los consumidores mientras que empeor\u00f3 en la industria y en la construcci\u00f3n.<\/p>\n<p>Asimismo, el Indicador de Clima Empresarial (ICE) se mantuvo pr\u00e1cticamente sin cambios en 0,19 puntos en enero, tras situarse en 0,20 en diciembre y confirmar ese mes el regreso a las cifras en positivo despu\u00e9s de permanecer en rojo desde marzo de 2012.<\/p>\n<p>El ICE reflej\u00f3 una mejora en las expectativas de producci\u00f3n de los responsables empresariales, mientras sus perspectivas sobre las exportaciones y sobre la demanda se mantuvieron estables y empeor\u00f3 su evaluaci\u00f3n sobre los \u00abstocks\u00bb de productos terminados.<\/p>\n","protected":false},"excerpt":{"rendered":"<p>Bruselas, 30 ene (EFE).- La confianza en la situaci\u00f3n econ\u00f3mica de la zona euro y del conjunto de la Uni\u00f3n Europea (UE) volvi\u00f3 a mejorar en enero, mientras que el Indicador del Clima Empresarial en los pa\u00edses de la moneda \u00fanica se mantuvo estable, inform\u00f3 hoy el Ejecutivo comunitario. El indicador creci\u00f3 0,5 puntos en [&hellip;]<\/p>\n","protected":false},"author":1,"featured_media":1132184,"comment_status":"closed","ping_status":"open","sticky":false,"template":"","format":"standard","meta":{"footnotes":""},"categories":[1],"tags":[],"class_list":["post-480571","post","type-post","status-publish","format-standard","has-post-thumbnail","hentry","category-actualidad"],"aioseo_notices":[],"aioseo_head":"\n\t\t<!-- All in One SEO Pro 5.0.1 - aioseo.com -->\n\t<meta name=\"description\" content=\"Bruselas, 30 ene (EFE).- La confianza en la situaci\u00f3n econ\u00f3mica de la zona euro y del conjunto de la Uni\u00f3n Europea (UE) volvi\u00f3 a mejorar en enero, mientras que el Indicador del Clima Empresarial en los pa\u00edses de la moneda \u00fanica se mantuvo estable, inform\u00f3 hoy el Ejecutivo comunitario. El indicador creci\u00f3 0,5 puntos en\" \/>\n\t<meta name=\"robots\" content=\"max-image-preview:large\" \/>\n\t<meta name=\"author\" content=\"El Digital de Asturias\"\/>\n\t<meta name=\"google-site-verification\" content=\"UA-38556648-1\" \/>\n\t<meta name=\"msvalidate.01\" content=\"7dfe9f3f1b24437ab69f4f2559babe99\" \/>\n\t<meta name=\"keywords\" content=\"actualidad\" \/>\n\t<link rel=\"canonical\" href=\"https:\/\/www.eldigitaldeasturias.com\/noticias\/la-confianza-economica-siguio-al-alza-en-enero-en-la-zona-euro-y-en-la-ue\/\" \/>\n\t<meta name=\"generator\" content=\"All in One SEO Pro (AIOSEO) 5.0.1\" \/>\n\t\t<meta property=\"og:locale\" content=\"es_ES\" \/>\n\t\t<meta property=\"og:site_name\" content=\"El Digital de Asturias\" \/>\n\t\t<meta property=\"og:type\" content=\"article\" \/>\n\t\t<meta property=\"og:title\" content=\"La confianza econ\u00f3mica sigui\u00f3 al alza en enero en la zona euro y en la UE - El Digital de Asturias\" \/>\n\t\t<meta property=\"og:description\" content=\"Bruselas, 30 ene (EFE).- La confianza en la situaci\u00f3n econ\u00f3mica de la zona euro y del conjunto de la Uni\u00f3n Europea (UE) volvi\u00f3 a mejorar en enero, mientras que el Indicador del Clima Empresarial en los pa\u00edses de la moneda \u00fanica se mantuvo estable, inform\u00f3 hoy el Ejecutivo comunitario. El indicador creci\u00f3 0,5 puntos en\" \/>\n\t\t<meta property=\"og:url\" content=\"https:\/\/www.eldigitaldeasturias.com\/noticias\/la-confianza-economica-siguio-al-alza-en-enero-en-la-zona-euro-y-en-la-ue\/\" \/>\n\t\t<meta property=\"og:image\" content=\"https:\/\/www.eldigitaldeasturias.com\/noticias\/wp-content\/uploads\/2026\/06\/Contenidos.jpg\" \/>\n\t\t<meta property=\"og:image:secure_url\" content=\"https:\/\/www.eldigitaldeasturias.com\/noticias\/wp-content\/uploads\/2026\/06\/Contenidos.jpg\" \/>\n\t\t<meta property=\"og:image:width\" content=\"1265\" \/>\n\t\t<meta property=\"og:image:height\" content=\"697\" \/>\n\t\t<meta property=\"article:tag\" content=\"actualidad\" \/>\n\t\t<meta property=\"article:published_time\" content=\"2014-01-30T19:51:55+00:00\" \/>\n\t\t<meta property=\"article:modified_time\" content=\"2014-01-30T19:51:55+00:00\" \/>\n\t\t<meta property=\"article:publisher\" content=\"https:\/\/facebook.com\/eldigitaldeasturias\" \/>\n\t\t<meta name=\"twitter:card\" content=\"summary_large_image\" \/>\n\t\t<meta name=\"twitter:title\" content=\"La confianza econ\u00f3mica sigui\u00f3 al alza en enero en la zona euro y en la UE - El Digital de Asturias\" \/>\n\t\t<meta name=\"twitter:description\" content=\"Bruselas, 30 ene (EFE).- La confianza en la situaci\u00f3n econ\u00f3mica de la zona euro y del conjunto de la Uni\u00f3n Europea (UE) volvi\u00f3 a mejorar en enero, mientras que el Indicador del Clima Empresarial en los pa\u00edses de la moneda \u00fanica se mantuvo estable, inform\u00f3 hoy el Ejecutivo comunitario. El indicador creci\u00f3 0,5 puntos en\" \/>\n\t\t<meta name=\"twitter:image\" content=\"https:\/\/www.eldigitaldeasturias.com\/noticias\/wp-content\/uploads\/2026\/06\/Contenidos.jpg\" \/>\n\t\t<meta name=\"twitter:label1\" content=\"Escrito por\" \/>\n\t\t<meta name=\"twitter:data1\" content=\"El Digital de Asturias\" \/>\n\t\t<meta name=\"twitter:label2\" content=\"Tiempo de lectura estimado\" \/>\n\t\t<meta name=\"twitter:data2\" content=\"2 minutos\" \/>\n\t\t<script type=\"application\/ld+json\" class=\"aioseo-schema\">\n\t\t\t{\"@context\":\"https:\\\/\\\/schema.org\",\"@graph\":[{\"@type\":\"BlogPosting\",\"@id\":\"https:\\\/\\\/www.eldigitaldeasturias.com\\\/noticias\\\/la-confianza-economica-siguio-al-alza-en-enero-en-la-zona-euro-y-en-la-ue\\\/#blogposting\",\"name\":\"La confianza econ\\u00f3mica sigui\\u00f3 al alza en enero en la zona euro y en la UE - El Digital de Asturias\",\"headline\":\"La confianza econ\\u00f3mica sigui\\u00f3 al alza en enero en la zona euro y en la UE\",\"author\":{\"@id\":\"https:\\\/\\\/www.eldigitaldeasturias.com\\\/noticias\\\/author\\\/admin\\\/#author\"},\"publisher\":{\"@id\":\"https:\\\/\\\/www.eldigitaldeasturias.com\\\/noticias\\\/#organization\"},\"image\":{\"@type\":\"ImageObject\",\"url\":\"https:\\\/\\\/www.eldigitaldeasturias.com\\\/noticias\\\/wp-content\\\/uploads\\\/2026\\\/06\\\/Contenidos.jpg\",\"width\":1265,\"height\":697,\"caption\":\"Contenidos\"},\"datePublished\":\"2014-01-30T18:51:55+01:00\",\"dateModified\":\"2014-01-30T18:51:55+01:00\",\"inLanguage\":\"es-ES\",\"mainEntityOfPage\":{\"@id\":\"https:\\\/\\\/www.eldigitaldeasturias.com\\\/noticias\\\/la-confianza-economica-siguio-al-alza-en-enero-en-la-zona-euro-y-en-la-ue\\\/#webpage\"},\"isPartOf\":{\"@id\":\"https:\\\/\\\/www.eldigitaldeasturias.com\\\/noticias\\\/la-confianza-economica-siguio-al-alza-en-enero-en-la-zona-euro-y-en-la-ue\\\/#webpage\"},\"articleSection\":\"Actualidad\"},{\"@type\":\"BreadcrumbList\",\"@id\":\"https:\\\/\\\/www.eldigitaldeasturias.com\\\/noticias\\\/la-confianza-economica-siguio-al-alza-en-enero-en-la-zona-euro-y-en-la-ue\\\/#breadcrumblist\",\"itemListElement\":[{\"@type\":\"ListItem\",\"@id\":\"https:\\\/\\\/www.eldigitaldeasturias.com\\\/noticias#listItem\",\"position\":1,\"name\":\"Home\",\"item\":\"https:\\\/\\\/www.eldigitaldeasturias.com\\\/noticias\",\"nextItem\":{\"@type\":\"ListItem\",\"@id\":\"https:\\\/\\\/www.eldigitaldeasturias.com\\\/noticias\\\/category\\\/actualidad\\\/#listItem\",\"name\":\"Actualidad\"}},{\"@type\":\"ListItem\",\"@id\":\"https:\\\/\\\/www.eldigitaldeasturias.com\\\/noticias\\\/category\\\/actualidad\\\/#listItem\",\"position\":2,\"name\":\"Actualidad\",\"item\":\"https:\\\/\\\/www.eldigitaldeasturias.com\\\/noticias\\\/category\\\/actualidad\\\/\",\"nextItem\":{\"@type\":\"ListItem\",\"@id\":\"https:\\\/\\\/www.eldigitaldeasturias.com\\\/noticias\\\/la-confianza-economica-siguio-al-alza-en-enero-en-la-zona-euro-y-en-la-ue\\\/#listItem\",\"name\":\"La confianza econ\\u00f3mica sigui\\u00f3 al alza en enero en la zona euro y en la UE\"},\"previousItem\":{\"@type\":\"ListItem\",\"@id\":\"https:\\\/\\\/www.eldigitaldeasturias.com\\\/noticias#listItem\",\"name\":\"Home\"}},{\"@type\":\"ListItem\",\"@id\":\"https:\\\/\\\/www.eldigitaldeasturias.com\\\/noticias\\\/la-confianza-economica-siguio-al-alza-en-enero-en-la-zona-euro-y-en-la-ue\\\/#listItem\",\"position\":3,\"name\":\"La confianza econ\\u00f3mica sigui\\u00f3 al alza en enero en la zona euro y en la UE\",\"previousItem\":{\"@type\":\"ListItem\",\"@id\":\"https:\\\/\\\/www.eldigitaldeasturias.com\\\/noticias\\\/category\\\/actualidad\\\/#listItem\",\"name\":\"Actualidad\"}}]},{\"@type\":\"Organization\",\"@id\":\"https:\\\/\\\/www.eldigitaldeasturias.com\\\/noticias\\\/#organization\",\"name\":\"El Digital de Asturias\",\"description\":\"Hemeroteca\",\"url\":\"https:\\\/\\\/www.eldigitaldeasturias.com\\\/noticias\\\/\",\"email\":\"info@eldigitaldeasturias.com\",\"telephone\":\"+34652131393\",\"logo\":{\"@type\":\"ImageObject\",\"url\":\"https:\\\/\\\/www.eldigitaldeasturias.com\\\/noticias\\\/wp-content\\\/uploads\\\/2020\\\/12\\\/EDA.jpg\",\"@id\":\"https:\\\/\\\/www.eldigitaldeasturias.com\\\/noticias\\\/la-confianza-economica-siguio-al-alza-en-enero-en-la-zona-euro-y-en-la-ue\\\/#organizationLogo\"},\"image\":{\"@id\":\"https:\\\/\\\/www.eldigitaldeasturias.com\\\/noticias\\\/la-confianza-economica-siguio-al-alza-en-enero-en-la-zona-euro-y-en-la-ue\\\/#organizationLogo\"},\"sameAs\":[\"https:\\\/\\\/facebook.com\\\/eldigitaldeasturias\",\"https:\\\/\\\/www.youtube.com\\\/channel\\\/UCZP-2wLEB9Rv6erhFmqVnvg\"],\"address\":{\"@id\":\"https:\\\/\\\/www.eldigitaldeasturias.com\\\/noticias\\\/#postaladdress\",\"@type\":\"PostalAddress\",\"streetAddress\":\"san antonio 4\",\"postalCode\":\"33430\",\"addressLocality\":\"Cand\\u00e1s\",\"addressRegion\":\"Asturias\",\"addressCountry\":\"ES\"}},{\"@type\":\"Person\",\"@id\":\"https:\\\/\\\/www.eldigitaldeasturias.com\\\/noticias\\\/author\\\/admin\\\/#author\",\"url\":\"https:\\\/\\\/www.eldigitaldeasturias.com\\\/noticias\\\/author\\\/admin\\\/\",\"name\":\"El Digital de Asturias\",\"image\":{\"@type\":\"ImageObject\",\"@id\":\"https:\\\/\\\/www.eldigitaldeasturias.com\\\/noticias\\\/la-confianza-economica-siguio-al-alza-en-enero-en-la-zona-euro-y-en-la-ue\\\/#authorImage\",\"url\":\"https:\\\/\\\/secure.gravatar.com\\\/avatar\\\/df2aeffc32bcd13f8d26072ef8a91b623d677766deac7f97ca815868cd41bf5e?s=96&d=mm&r=g\",\"width\":96,\"height\":96,\"caption\":\"El Digital de Asturias\"}},{\"@type\":\"WebPage\",\"@id\":\"https:\\\/\\\/www.eldigitaldeasturias.com\\\/noticias\\\/la-confianza-economica-siguio-al-alza-en-enero-en-la-zona-euro-y-en-la-ue\\\/#webpage\",\"url\":\"https:\\\/\\\/www.eldigitaldeasturias.com\\\/noticias\\\/la-confianza-economica-siguio-al-alza-en-enero-en-la-zona-euro-y-en-la-ue\\\/\",\"name\":\"La confianza econ\\u00f3mica sigui\\u00f3 al alza en enero en la zona euro y en la UE - El Digital de Asturias\",\"description\":\"Bruselas, 30 ene (EFE).- La confianza en la situaci\\u00f3n econ\\u00f3mica de la zona euro y del conjunto de la Uni\\u00f3n Europea (UE) volvi\\u00f3 a mejorar en enero, mientras que el Indicador del Clima Empresarial en los pa\\u00edses de la moneda \\u00fanica se mantuvo estable, inform\\u00f3 hoy el Ejecutivo comunitario. El indicador creci\\u00f3 0,5 puntos en\",\"inLanguage\":\"es-ES\",\"isPartOf\":{\"@id\":\"https:\\\/\\\/www.eldigitaldeasturias.com\\\/noticias\\\/#website\"},\"breadcrumb\":{\"@id\":\"https:\\\/\\\/www.eldigitaldeasturias.com\\\/noticias\\\/la-confianza-economica-siguio-al-alza-en-enero-en-la-zona-euro-y-en-la-ue\\\/#breadcrumblist\"},\"author\":{\"@id\":\"https:\\\/\\\/www.eldigitaldeasturias.com\\\/noticias\\\/author\\\/admin\\\/#author\"},\"creator\":{\"@id\":\"https:\\\/\\\/www.eldigitaldeasturias.com\\\/noticias\\\/author\\\/admin\\\/#author\"},\"image\":{\"@type\":\"ImageObject\",\"url\":\"https:\\\/\\\/www.eldigitaldeasturias.com\\\/noticias\\\/wp-content\\\/uploads\\\/2026\\\/06\\\/Contenidos.jpg\",\"@id\":\"https:\\\/\\\/www.eldigitaldeasturias.com\\\/noticias\\\/la-confianza-economica-siguio-al-alza-en-enero-en-la-zona-euro-y-en-la-ue\\\/#mainImage\",\"width\":1265,\"height\":697,\"caption\":\"Contenidos\"},\"primaryImageOfPage\":{\"@id\":\"https:\\\/\\\/www.eldigitaldeasturias.com\\\/noticias\\\/la-confianza-economica-siguio-al-alza-en-enero-en-la-zona-euro-y-en-la-ue\\\/#mainImage\"},\"datePublished\":\"2014-01-30T18:51:55+01:00\",\"dateModified\":\"2014-01-30T18:51:55+01:00\"},{\"@type\":\"WebSite\",\"@id\":\"https:\\\/\\\/www.eldigitaldeasturias.com\\\/noticias\\\/#website\",\"url\":\"https:\\\/\\\/www.eldigitaldeasturias.com\\\/noticias\\\/\",\"name\":\"El Digital de Asturias - Diario de actualidad y noticias\",\"alternateName\":\"El Digital de Asturias - Diario de actualidad y noticias\",\"description\":\"Hemeroteca\",\"inLanguage\":\"es-ES\",\"publisher\":{\"@id\":\"https:\\\/\\\/www.eldigitaldeasturias.com\\\/noticias\\\/#organization\"}}]}\n\t\t<\/script>\n\t\t<!-- All in One SEO Pro -->\r\n\t\t<title>La confianza econ\u00f3mica sigui\u00f3 al alza en enero en la zona euro y en la UE - El Digital de Asturias<\/title>\n\n","aioseo_head_json":{"title":"La confianza econ\u00f3mica sigui\u00f3 al alza en enero en la zona euro y en la UE - El Digital de Asturias","description":"Bruselas, 30 ene (EFE).- La confianza en la situaci\u00f3n econ\u00f3mica de la zona euro y del conjunto de la Uni\u00f3n Europea (UE) volvi\u00f3 a mejorar en enero, mientras que el Indicador del Clima Empresarial en los pa\u00edses de la moneda \u00fanica se mantuvo estable, inform\u00f3 hoy el Ejecutivo comunitario. El indicador creci\u00f3 0,5 puntos en","canonical_url":"https:\/\/www.eldigitaldeasturias.com\/noticias\/la-confianza-economica-siguio-al-alza-en-enero-en-la-zona-euro-y-en-la-ue\/","robots":"max-image-preview:large","keywords":"actualidad","webmasterTools":{"google-site-verification":"UA-38556648-1","msvalidate.01":"7dfe9f3f1b24437ab69f4f2559babe99","miscellaneous":""},"schema":{"@context":"https:\/\/schema.org","@graph":[{"@type":"BlogPosting","@id":"https:\/\/www.eldigitaldeasturias.com\/noticias\/la-confianza-economica-siguio-al-alza-en-enero-en-la-zona-euro-y-en-la-ue\/#blogposting","name":"La confianza econ\u00f3mica sigui\u00f3 al alza en enero en la zona euro y en la UE - El Digital de Asturias","headline":"La confianza econ\u00f3mica sigui\u00f3 al alza en enero en la zona euro y en la UE","author":{"@id":"https:\/\/www.eldigitaldeasturias.com\/noticias\/author\/admin\/#author"},"publisher":{"@id":"https:\/\/www.eldigitaldeasturias.com\/noticias\/#organization"},"image":{"@type":"ImageObject","url":"https:\/\/www.eldigitaldeasturias.com\/noticias\/wp-content\/uploads\/2026\/06\/Contenidos.jpg","width":1265,"height":697,"caption":"Contenidos"},"datePublished":"2014-01-30T18:51:55+01:00","dateModified":"2014-01-30T18:51:55+01:00","inLanguage":"es-ES","mainEntityOfPage":{"@id":"https:\/\/www.eldigitaldeasturias.com\/noticias\/la-confianza-economica-siguio-al-alza-en-enero-en-la-zona-euro-y-en-la-ue\/#webpage"},"isPartOf":{"@id":"https:\/\/www.eldigitaldeasturias.com\/noticias\/la-confianza-economica-siguio-al-alza-en-enero-en-la-zona-euro-y-en-la-ue\/#webpage"},"articleSection":"Actualidad"},{"@type":"BreadcrumbList","@id":"https:\/\/www.eldigitaldeasturias.com\/noticias\/la-confianza-economica-siguio-al-alza-en-enero-en-la-zona-euro-y-en-la-ue\/#breadcrumblist","itemListElement":[{"@type":"ListItem","@id":"https:\/\/www.eldigitaldeasturias.com\/noticias#listItem","position":1,"name":"Home","item":"https:\/\/www.eldigitaldeasturias.com\/noticias","nextItem":{"@type":"ListItem","@id":"https:\/\/www.eldigitaldeasturias.com\/noticias\/category\/actualidad\/#listItem","name":"Actualidad"}},{"@type":"ListItem","@id":"https:\/\/www.eldigitaldeasturias.com\/noticias\/category\/actualidad\/#listItem","position":2,"name":"Actualidad","item":"https:\/\/www.eldigitaldeasturias.com\/noticias\/category\/actualidad\/","nextItem":{"@type":"ListItem","@id":"https:\/\/www.eldigitaldeasturias.com\/noticias\/la-confianza-economica-siguio-al-alza-en-enero-en-la-zona-euro-y-en-la-ue\/#listItem","name":"La confianza econ\u00f3mica sigui\u00f3 al alza en enero en la zona euro y en la UE"},"previousItem":{"@type":"ListItem","@id":"https:\/\/www.eldigitaldeasturias.com\/noticias#listItem","name":"Home"}},{"@type":"ListItem","@id":"https:\/\/www.eldigitaldeasturias.com\/noticias\/la-confianza-economica-siguio-al-alza-en-enero-en-la-zona-euro-y-en-la-ue\/#listItem","position":3,"name":"La confianza econ\u00f3mica sigui\u00f3 al alza en enero en la zona euro y en la UE","previousItem":{"@type":"ListItem","@id":"https:\/\/www.eldigitaldeasturias.com\/noticias\/category\/actualidad\/#listItem","name":"Actualidad"}}]},{"@type":"Organization","@id":"https:\/\/www.eldigitaldeasturias.com\/noticias\/#organization","name":"El Digital de Asturias","description":"Hemeroteca","url":"https:\/\/www.eldigitaldeasturias.com\/noticias\/","email":"info@eldigitaldeasturias.com","telephone":"+34652131393","logo":{"@type":"ImageObject","url":"https:\/\/www.eldigitaldeasturias.com\/noticias\/wp-content\/uploads\/2020\/12\/EDA.jpg","@id":"https:\/\/www.eldigitaldeasturias.com\/noticias\/la-confianza-economica-siguio-al-alza-en-enero-en-la-zona-euro-y-en-la-ue\/#organizationLogo"},"image":{"@id":"https:\/\/www.eldigitaldeasturias.com\/noticias\/la-confianza-economica-siguio-al-alza-en-enero-en-la-zona-euro-y-en-la-ue\/#organizationLogo"},"sameAs":["https:\/\/facebook.com\/eldigitaldeasturias","https:\/\/www.youtube.com\/channel\/UCZP-2wLEB9Rv6erhFmqVnvg"],"address":{"@id":"https:\/\/www.eldigitaldeasturias.com\/noticias\/#postaladdress","@type":"PostalAddress","streetAddress":"san antonio 4","postalCode":"33430","addressLocality":"Cand\u00e1s","addressRegion":"Asturias","addressCountry":"ES"}},{"@type":"Person","@id":"https:\/\/www.eldigitaldeasturias.com\/noticias\/author\/admin\/#author","url":"https:\/\/www.eldigitaldeasturias.com\/noticias\/author\/admin\/","name":"El Digital de Asturias","image":{"@type":"ImageObject","@id":"https:\/\/www.eldigitaldeasturias.com\/noticias\/la-confianza-economica-siguio-al-alza-en-enero-en-la-zona-euro-y-en-la-ue\/#authorImage","url":"https:\/\/secure.gravatar.com\/avatar\/df2aeffc32bcd13f8d26072ef8a91b623d677766deac7f97ca815868cd41bf5e?s=96&d=mm&r=g","width":96,"height":96,"caption":"El Digital de Asturias"}},{"@type":"WebPage","@id":"https:\/\/www.eldigitaldeasturias.com\/noticias\/la-confianza-economica-siguio-al-alza-en-enero-en-la-zona-euro-y-en-la-ue\/#webpage","url":"https:\/\/www.eldigitaldeasturias.com\/noticias\/la-confianza-economica-siguio-al-alza-en-enero-en-la-zona-euro-y-en-la-ue\/","name":"La confianza econ\u00f3mica sigui\u00f3 al alza en enero en la zona euro y en la UE - El Digital de Asturias","description":"Bruselas, 30 ene (EFE).- La confianza en la situaci\u00f3n econ\u00f3mica de la zona euro y del conjunto de la Uni\u00f3n Europea (UE) volvi\u00f3 a mejorar en enero, mientras que el Indicador del Clima Empresarial en los pa\u00edses de la moneda \u00fanica se mantuvo estable, inform\u00f3 hoy el Ejecutivo comunitario. El indicador creci\u00f3 0,5 puntos en","inLanguage":"es-ES","isPartOf":{"@id":"https:\/\/www.eldigitaldeasturias.com\/noticias\/#website"},"breadcrumb":{"@id":"https:\/\/www.eldigitaldeasturias.com\/noticias\/la-confianza-economica-siguio-al-alza-en-enero-en-la-zona-euro-y-en-la-ue\/#breadcrumblist"},"author":{"@id":"https:\/\/www.eldigitaldeasturias.com\/noticias\/author\/admin\/#author"},"creator":{"@id":"https:\/\/www.eldigitaldeasturias.com\/noticias\/author\/admin\/#author"},"image":{"@type":"ImageObject","url":"https:\/\/www.eldigitaldeasturias.com\/noticias\/wp-content\/uploads\/2026\/06\/Contenidos.jpg","@id":"https:\/\/www.eldigitaldeasturias.com\/noticias\/la-confianza-economica-siguio-al-alza-en-enero-en-la-zona-euro-y-en-la-ue\/#mainImage","width":1265,"height":697,"caption":"Contenidos"},"primaryImageOfPage":{"@id":"https:\/\/www.eldigitaldeasturias.com\/noticias\/la-confianza-economica-siguio-al-alza-en-enero-en-la-zona-euro-y-en-la-ue\/#mainImage"},"datePublished":"2014-01-30T18:51:55+01:00","dateModified":"2014-01-30T18:51:55+01:00"},{"@type":"WebSite","@id":"https:\/\/www.eldigitaldeasturias.com\/noticias\/#website","url":"https:\/\/www.eldigitaldeasturias.com\/noticias\/","name":"El Digital de Asturias - Diario de actualidad y noticias","alternateName":"El Digital de Asturias - Diario de actualidad y noticias","description":"Hemeroteca","inLanguage":"es-ES","publisher":{"@id":"https:\/\/www.eldigitaldeasturias.com\/noticias\/#organization"}}]},"og:locale":"es_ES","og:site_name":"El Digital de Asturias","og:type":"article","og:title":"La confianza econ\u00f3mica sigui\u00f3 al alza en enero en la zona euro y en la UE - El Digital de Asturias","og:description":"Bruselas, 30 ene (EFE).- La confianza en la situaci\u00f3n econ\u00f3mica de la zona euro y del conjunto de la Uni\u00f3n Europea (UE) volvi\u00f3 a mejorar en enero, mientras que el Indicador del Clima Empresarial en los pa\u00edses de la moneda \u00fanica se mantuvo estable, inform\u00f3 hoy el Ejecutivo comunitario. El indicador creci\u00f3 0,5 puntos en","og:url":"https:\/\/www.eldigitaldeasturias.com\/noticias\/la-confianza-economica-siguio-al-alza-en-enero-en-la-zona-euro-y-en-la-ue\/","og:image":"https:\/\/www.eldigitaldeasturias.com\/noticias\/wp-content\/uploads\/2026\/06\/Contenidos.jpg","og:image:secure_url":"https:\/\/www.eldigitaldeasturias.com\/noticias\/wp-content\/uploads\/2026\/06\/Contenidos.jpg","og:image:width":1265,"og:image:height":697,"article:tag":["actualidad"],"article:published_time":"2014-01-30T19:51:55+00:00","article:modified_time":"2014-01-30T19:51:55+00:00","article:publisher":"https:\/\/facebook.com\/eldigitaldeasturias","twitter:card":"summary_large_image","twitter:title":"La confianza econ\u00f3mica sigui\u00f3 al alza en enero en la zona euro y en la UE - El Digital de Asturias","twitter:description":"Bruselas, 30 ene (EFE).- La confianza en la situaci\u00f3n econ\u00f3mica de la zona euro y del conjunto de la Uni\u00f3n Europea (UE) volvi\u00f3 a mejorar en enero, mientras que el Indicador del Clima Empresarial en los pa\u00edses de la moneda \u00fanica se mantuvo estable, inform\u00f3 hoy el Ejecutivo comunitario. El indicador creci\u00f3 0,5 puntos en","twitter:image":"https:\/\/www.eldigitaldeasturias.com\/noticias\/wp-content\/uploads\/2026\/06\/Contenidos.jpg","twitter:label1":"Escrito por","twitter:data1":"El Digital de Asturias","twitter:label2":"Tiempo de lectura estimado","twitter:data2":"2 minutos"},"aioseo_meta_data":{"post_id":"480571","title":null,"description":null,"keywords":null,"keyphrases":null,"primary_term":null,"canonical_url":null,"og_title":null,"og_description":null,"og_object_type":"default","og_image_type":"default","og_image_url":null,"og_image_width":null,"og_image_height":null,"og_image_custom_url":null,"og_image_custom_fields":null,"og_video":null,"og_custom_url":null,"og_article_section":null,"og_article_tags":null,"twitter_use_og":true,"twitter_card":"default","twitter_image_type":"default","twitter_image_url":null,"twitter_image_custom_url":null,"twitter_image_custom_fields":null,"twitter_title":null,"twitter_description":null,"schema":{"blockGraphs":[],"customGraphs":[],"default":{"data":{"Article":[],"Course":[],"Dataset":[],"FAQPage":[],"Movie":[],"Person":[],"Product":[],"ProductReview":[],"Car":[],"Recipe":[],"Service":[],"SoftwareApplication":[],"WebPage":[]},"graphName":"","isEnabled":true},"graphs":[],"defaultGraph":"","defaultPostTypeGraph":""},"schema_type":null,"schema_type_options":null,"pillar_content":false,"robots_default":true,"robots_noindex":false,"robots_noarchive":false,"robots_nosnippet":false,"robots_nofollow":false,"robots_noimageindex":false,"robots_noodp":false,"robots_notranslate":false,"robots_max_snippet":null,"robots_max_videopreview":null,"robots_max_imagepreview":"none","priority":null,"frequency":null,"local_seo":null,"seo_analyzer_scan_date":"2026-06-02 04:09:47","breadcrumb_settings":null,"limit_modified_date":false,"open_ai":null,"ai":null,"created":"2020-11-14 22:54:13","updated":"2026-06-02 04:09:47","focus_keyword":null,"additional_keywords":null,"truseo_locale":null},"aioseo_breadcrumb":"<div class=\"aioseo-breadcrumbs\"><span class=\"aioseo-breadcrumb\">\n\t<a href=\"https:\/\/www.eldigitaldeasturias.com\/noticias\" title=\"Home\">Home<\/a>\n<\/span><span class=\"aioseo-breadcrumb-separator\">\u2013<\/span><span class=\"aioseo-breadcrumb\">\n\t<a href=\"https:\/\/www.eldigitaldeasturias.com\/noticias\/category\/actualidad\/\" title=\"Actualidad\">Actualidad<\/a>\n<\/span><span class=\"aioseo-breadcrumb-separator\">\u2013<\/span><span class=\"aioseo-breadcrumb\">\n\t<a href=\"https:\/\/www.eldigitaldeasturias.com\/noticias\/la-confianza-economica-siguio-al-alza-en-enero-en-la-zona-euro-y-en-la-ue\/\" title=\"La confianza econ\u00f3mica sigui\u00f3 al alza en enero en la zona euro y en la UE\">La confianza econ\u00f3mica sigui\u00f3 al alza en enero en la zona euro y en la UE<\/a>\n<\/span><\/div>","aioseo_breadcrumb_json":[{"label":"Home","link":"https:\/\/www.eldigitaldeasturias.com\/noticias"},{"label":"Actualidad","link":"https:\/\/www.eldigitaldeasturias.com\/noticias\/category\/actualidad\/"},{"label":"La confianza econ\u00f3mica sigui\u00f3 al alza en enero en la zona euro y en la UE","link":"https:\/\/www.eldigitaldeasturias.com\/noticias\/la-confianza-economica-siguio-al-alza-en-enero-en-la-zona-euro-y-en-la-ue\/"}],"_links":{"self":[{"href":"https:\/\/www.eldigitaldeasturias.com\/noticias\/wp-json\/wp\/v2\/posts\/480571","targetHints":{"allow":["GET"]}}],"collection":[{"href":"https:\/\/www.eldigitaldeasturias.com\/noticias\/wp-json\/wp\/v2\/posts"}],"about":[{"href":"https:\/\/www.eldigitaldeasturias.com\/noticias\/wp-json\/wp\/v2\/types\/post"}],"author":[{"embeddable":true,"href":"https:\/\/www.eldigitaldeasturias.com\/noticias\/wp-json\/wp\/v2\/users\/1"}],"replies":[{"embeddable":true,"href":"https:\/\/www.eldigitaldeasturias.com\/noticias\/wp-json\/wp\/v2\/comments?post=480571"}],"version-history":[{"count":0,"href":"https:\/\/www.eldigitaldeasturias.com\/noticias\/wp-json\/wp\/v2\/posts\/480571\/revisions"}],"wp:featuredmedia":[{"embeddable":true,"href":"https:\/\/www.eldigitaldeasturias.com\/noticias\/wp-json\/wp\/v2\/media\/1132184"}],"wp:attachment":[{"href":"https:\/\/www.eldigitaldeasturias.com\/noticias\/wp-json\/wp\/v2\/media?parent=480571"}],"wp:term":[{"taxonomy":"category","embeddable":true,"href":"https:\/\/www.eldigitaldeasturias.com\/noticias\/wp-json\/wp\/v2\/categories?post=480571"},{"taxonomy":"post_tag","embeddable":true,"href":"https:\/\/www.eldigitaldeasturias.com\/noticias\/wp-json\/wp\/v2\/tags?post=480571"}],"curies":[{"name":"wp","href":"https:\/\/api.w.org\/{rel}","templated":true}]}}