{"id":480568,"date":"2014-01-30T18:50:19","date_gmt":"2014-01-30T19:50:19","guid":{"rendered":"http:\/\/www.eldigitaldeasturias.com\/noticias\/?p=480568"},"modified":"2014-01-30T18:50:19","modified_gmt":"2014-01-30T19:50:19","slug":"mueren-dos-policias-en-un-atentado-suicida-con-coche-bomba-en-afganistan","status":"publish","type":"post","link":"https:\/\/www.eldigitaldeasturias.com\/noticias\/mueren-dos-policias-en-un-atentado-suicida-con-coche-bomba-en-afganistan\/","title":{"rendered":"Mueren dos polic\u00edas en un atentado suicida con coche bomba en Afganist\u00e1n"},"content":{"rendered":"<p><img loading=\"lazy\" decoding=\"async\" class=\"alignleft size-medium wp-image-480569\" alt=\"5890632w\" src=\"https:\/\/www.eldigitaldeasturias.com\/noticias\/wp-content\/uploads\/2014\/01\/5890632w-360x239.jpg\" width=\"360\" height=\"239\" \/>Kabul, 30 ene (EFE).- Al menos dos polic\u00edas murieron y otros tres resultaron heridos hoy en un atentado suicida con un coche cargado de explosivos cerca de un complejo de seguridad en la provincia oriental afgana de Nangarhar, inform\u00f3 a Efe una fuente policial.<\/p>\n<p>El ataque tuvo lugar esta ma\u00f1ana (hora local) en el distrito de Pacher Agam, fronterizo con Pakist\u00e1n, afirm\u00f3 el portavoz de la Polic\u00eda regional, Hazrat Hussian Mashriqiwal.<\/p>\n<p>Seg\u00fan el portavoz policial, adem\u00e1s se produjo hoy otro intento de atentado en la capital provincial, Jalalabad, cuando un atacante suicida intent\u00f3 detonar los explosivos que portaba en un chaleco, pero unos agentes lo reconocieron y lo abatieron a tiros.<\/p>\n<p>El objetivo de ese ataque era un pol\u00edtico local, Farid Mohamed, que sali\u00f3 ileso, de acuerdo con Mashriqiwal.<\/p>\n<p>Ning\u00fan grupo armado ha reivindicado de momento esas acciones, aunque son del tipo que ejecuta la insurgencia talib\u00e1n, que tiene uno de sus principales bastiones en el arco suroriental fronterizo con Pakist\u00e1n.<\/p>\n<p>El conflicto afgano se halla en uno de sus momentos m\u00e1s sangrientos desde la invasi\u00f3n de EE. UU. que propici\u00f3 la ca\u00edda del r\u00e9gimen talib\u00e1n hace doce a\u00f1os.<\/p>\n<p>El presente a\u00f1o es el \u00faltimo con presencia de tropas de la OTAN en Afganist\u00e1n, de acuerdo con un calendario de retirada gradual que concluir\u00e1 en diciembre pr\u00f3ximo, cuando las fuerzas locales asumir\u00e1n la seguridad en todo el territorio.<\/p>\n","protected":false},"excerpt":{"rendered":"<p>Kabul, 30 ene (EFE).- Al menos dos polic\u00edas murieron y otros tres resultaron heridos hoy en un atentado suicida con un coche cargado de explosivos cerca de un complejo de seguridad en la provincia oriental afgana de Nangarhar, inform\u00f3 a Efe una fuente policial. El ataque tuvo lugar esta ma\u00f1ana (hora local) en el distrito [&hellip;]<\/p>\n","protected":false},"author":1,"featured_media":1132184,"comment_status":"closed","ping_status":"open","sticky":false,"template":"","format":"standard","meta":{"footnotes":""},"categories":[1],"tags":[],"class_list":["post-480568","post","type-post","status-publish","format-standard","has-post-thumbnail","hentry","category-actualidad"],"aioseo_notices":[],"aioseo_head":"\n\t\t<!-- All in One SEO Pro 5.0.1 - aioseo.com -->\n\t<meta name=\"description\" content=\"Kabul, 30 ene (EFE).- Al menos dos polic\u00edas murieron y otros tres resultaron heridos hoy en un atentado suicida con un coche cargado de explosivos cerca de un complejo de seguridad en la provincia oriental afgana de Nangarhar, inform\u00f3 a Efe una fuente policial. El ataque tuvo lugar esta ma\u00f1ana (hora local) en el distrito\" \/>\n\t<meta name=\"robots\" content=\"max-image-preview:large\" \/>\n\t<meta name=\"author\" content=\"El Digital de Asturias\"\/>\n\t<meta name=\"google-site-verification\" content=\"UA-38556648-1\" \/>\n\t<meta name=\"msvalidate.01\" content=\"7dfe9f3f1b24437ab69f4f2559babe99\" \/>\n\t<meta name=\"keywords\" content=\"actualidad\" \/>\n\t<link rel=\"canonical\" href=\"https:\/\/www.eldigitaldeasturias.com\/noticias\/mueren-dos-policias-en-un-atentado-suicida-con-coche-bomba-en-afganistan\/\" \/>\n\t<meta name=\"generator\" content=\"All in One SEO Pro (AIOSEO) 5.0.1\" \/>\n\t\t<meta property=\"og:locale\" content=\"es_ES\" \/>\n\t\t<meta property=\"og:site_name\" content=\"El Digital de Asturias\" \/>\n\t\t<meta property=\"og:type\" content=\"article\" \/>\n\t\t<meta property=\"og:title\" content=\"Mueren dos polic\u00edas en un atentado suicida con coche bomba en Afganist\u00e1n - El Digital de Asturias\" \/>\n\t\t<meta property=\"og:description\" content=\"Kabul, 30 ene (EFE).- Al menos dos polic\u00edas murieron y otros tres resultaron heridos hoy en un atentado suicida con un coche cargado de explosivos cerca de un complejo de seguridad en la provincia oriental afgana de Nangarhar, inform\u00f3 a Efe una fuente policial. El ataque tuvo lugar esta ma\u00f1ana (hora local) en el distrito\" \/>\n\t\t<meta property=\"og:url\" content=\"https:\/\/www.eldigitaldeasturias.com\/noticias\/mueren-dos-policias-en-un-atentado-suicida-con-coche-bomba-en-afganistan\/\" \/>\n\t\t<meta property=\"og:image\" content=\"https:\/\/www.eldigitaldeasturias.com\/noticias\/wp-content\/uploads\/2026\/06\/Contenidos.jpg\" \/>\n\t\t<meta property=\"og:image:secure_url\" content=\"https:\/\/www.eldigitaldeasturias.com\/noticias\/wp-content\/uploads\/2026\/06\/Contenidos.jpg\" \/>\n\t\t<meta property=\"og:image:width\" content=\"1265\" \/>\n\t\t<meta property=\"og:image:height\" content=\"697\" \/>\n\t\t<meta property=\"article:tag\" content=\"actualidad\" \/>\n\t\t<meta property=\"article:published_time\" content=\"2014-01-30T19:50:19+00:00\" \/>\n\t\t<meta property=\"article:modified_time\" content=\"2014-01-30T19:50:19+00:00\" \/>\n\t\t<meta property=\"article:publisher\" content=\"https:\/\/facebook.com\/eldigitaldeasturias\" \/>\n\t\t<meta name=\"twitter:card\" content=\"summary_large_image\" \/>\n\t\t<meta name=\"twitter:title\" content=\"Mueren dos polic\u00edas en un atentado suicida con coche bomba en Afganist\u00e1n - El Digital de Asturias\" \/>\n\t\t<meta name=\"twitter:description\" content=\"Kabul, 30 ene (EFE).- Al menos dos polic\u00edas murieron y otros tres resultaron heridos hoy en un atentado suicida con un coche cargado de explosivos cerca de un complejo de seguridad en la provincia oriental afgana de Nangarhar, inform\u00f3 a Efe una fuente policial. El ataque tuvo lugar esta ma\u00f1ana (hora local) en el distrito\" \/>\n\t\t<meta name=\"twitter:image\" content=\"https:\/\/www.eldigitaldeasturias.com\/noticias\/wp-content\/uploads\/2026\/06\/Contenidos.jpg\" \/>\n\t\t<meta name=\"twitter:label1\" content=\"Escrito por\" \/>\n\t\t<meta name=\"twitter:data1\" content=\"El Digital de Asturias\" \/>\n\t\t<meta name=\"twitter:label2\" content=\"Tiempo de lectura estimado\" \/>\n\t\t<meta name=\"twitter:data2\" content=\"1 minuto\" \/>\n\t\t<script type=\"application\/ld+json\" class=\"aioseo-schema\">\n\t\t\t{\"@context\":\"https:\\\/\\\/schema.org\",\"@graph\":[{\"@type\":\"BlogPosting\",\"@id\":\"https:\\\/\\\/www.eldigitaldeasturias.com\\\/noticias\\\/mueren-dos-policias-en-un-atentado-suicida-con-coche-bomba-en-afganistan\\\/#blogposting\",\"name\":\"Mueren dos polic\\u00edas en un atentado suicida con coche bomba en Afganist\\u00e1n - El Digital de Asturias\",\"headline\":\"Mueren dos polic\\u00edas en un atentado suicida con coche bomba en Afganist\\u00e1n\",\"author\":{\"@id\":\"https:\\\/\\\/www.eldigitaldeasturias.com\\\/noticias\\\/author\\\/admin\\\/#author\"},\"publisher\":{\"@id\":\"https:\\\/\\\/www.eldigitaldeasturias.com\\\/noticias\\\/#organization\"},\"image\":{\"@type\":\"ImageObject\",\"url\":\"https:\\\/\\\/www.eldigitaldeasturias.com\\\/noticias\\\/wp-content\\\/uploads\\\/2026\\\/06\\\/Contenidos.jpg\",\"width\":1265,\"height\":697,\"caption\":\"Contenidos\"},\"datePublished\":\"2014-01-30T18:50:19+01:00\",\"dateModified\":\"2014-01-30T18:50:19+01:00\",\"inLanguage\":\"es-ES\",\"mainEntityOfPage\":{\"@id\":\"https:\\\/\\\/www.eldigitaldeasturias.com\\\/noticias\\\/mueren-dos-policias-en-un-atentado-suicida-con-coche-bomba-en-afganistan\\\/#webpage\"},\"isPartOf\":{\"@id\":\"https:\\\/\\\/www.eldigitaldeasturias.com\\\/noticias\\\/mueren-dos-policias-en-un-atentado-suicida-con-coche-bomba-en-afganistan\\\/#webpage\"},\"articleSection\":\"Actualidad\"},{\"@type\":\"BreadcrumbList\",\"@id\":\"https:\\\/\\\/www.eldigitaldeasturias.com\\\/noticias\\\/mueren-dos-policias-en-un-atentado-suicida-con-coche-bomba-en-afganistan\\\/#breadcrumblist\",\"itemListElement\":[{\"@type\":\"ListItem\",\"@id\":\"https:\\\/\\\/www.eldigitaldeasturias.com\\\/noticias#listItem\",\"position\":1,\"name\":\"Home\",\"item\":\"https:\\\/\\\/www.eldigitaldeasturias.com\\\/noticias\",\"nextItem\":{\"@type\":\"ListItem\",\"@id\":\"https:\\\/\\\/www.eldigitaldeasturias.com\\\/noticias\\\/category\\\/actualidad\\\/#listItem\",\"name\":\"Actualidad\"}},{\"@type\":\"ListItem\",\"@id\":\"https:\\\/\\\/www.eldigitaldeasturias.com\\\/noticias\\\/category\\\/actualidad\\\/#listItem\",\"position\":2,\"name\":\"Actualidad\",\"item\":\"https:\\\/\\\/www.eldigitaldeasturias.com\\\/noticias\\\/category\\\/actualidad\\\/\",\"nextItem\":{\"@type\":\"ListItem\",\"@id\":\"https:\\\/\\\/www.eldigitaldeasturias.com\\\/noticias\\\/mueren-dos-policias-en-un-atentado-suicida-con-coche-bomba-en-afganistan\\\/#listItem\",\"name\":\"Mueren dos polic\\u00edas en un atentado suicida con coche bomba en Afganist\\u00e1n\"},\"previousItem\":{\"@type\":\"ListItem\",\"@id\":\"https:\\\/\\\/www.eldigitaldeasturias.com\\\/noticias#listItem\",\"name\":\"Home\"}},{\"@type\":\"ListItem\",\"@id\":\"https:\\\/\\\/www.eldigitaldeasturias.com\\\/noticias\\\/mueren-dos-policias-en-un-atentado-suicida-con-coche-bomba-en-afganistan\\\/#listItem\",\"position\":3,\"name\":\"Mueren dos polic\\u00edas en un atentado suicida con coche bomba en Afganist\\u00e1n\",\"previousItem\":{\"@type\":\"ListItem\",\"@id\":\"https:\\\/\\\/www.eldigitaldeasturias.com\\\/noticias\\\/category\\\/actualidad\\\/#listItem\",\"name\":\"Actualidad\"}}]},{\"@type\":\"Organization\",\"@id\":\"https:\\\/\\\/www.eldigitaldeasturias.com\\\/noticias\\\/#organization\",\"name\":\"El Digital de Asturias\",\"description\":\"Hemeroteca\",\"url\":\"https:\\\/\\\/www.eldigitaldeasturias.com\\\/noticias\\\/\",\"email\":\"info@eldigitaldeasturias.com\",\"telephone\":\"+34652131393\",\"logo\":{\"@type\":\"ImageObject\",\"url\":\"https:\\\/\\\/www.eldigitaldeasturias.com\\\/noticias\\\/wp-content\\\/uploads\\\/2020\\\/12\\\/EDA.jpg\",\"@id\":\"https:\\\/\\\/www.eldigitaldeasturias.com\\\/noticias\\\/mueren-dos-policias-en-un-atentado-suicida-con-coche-bomba-en-afganistan\\\/#organizationLogo\"},\"image\":{\"@id\":\"https:\\\/\\\/www.eldigitaldeasturias.com\\\/noticias\\\/mueren-dos-policias-en-un-atentado-suicida-con-coche-bomba-en-afganistan\\\/#organizationLogo\"},\"sameAs\":[\"https:\\\/\\\/facebook.com\\\/eldigitaldeasturias\",\"https:\\\/\\\/www.youtube.com\\\/channel\\\/UCZP-2wLEB9Rv6erhFmqVnvg\"],\"address\":{\"@id\":\"https:\\\/\\\/www.eldigitaldeasturias.com\\\/noticias\\\/#postaladdress\",\"@type\":\"PostalAddress\",\"streetAddress\":\"san antonio 4\",\"postalCode\":\"33430\",\"addressLocality\":\"Cand\\u00e1s\",\"addressRegion\":\"Asturias\",\"addressCountry\":\"ES\"}},{\"@type\":\"Person\",\"@id\":\"https:\\\/\\\/www.eldigitaldeasturias.com\\\/noticias\\\/author\\\/admin\\\/#author\",\"url\":\"https:\\\/\\\/www.eldigitaldeasturias.com\\\/noticias\\\/author\\\/admin\\\/\",\"name\":\"El Digital de Asturias\",\"image\":{\"@type\":\"ImageObject\",\"@id\":\"https:\\\/\\\/www.eldigitaldeasturias.com\\\/noticias\\\/mueren-dos-policias-en-un-atentado-suicida-con-coche-bomba-en-afganistan\\\/#authorImage\",\"url\":\"https:\\\/\\\/secure.gravatar.com\\\/avatar\\\/df2aeffc32bcd13f8d26072ef8a91b623d677766deac7f97ca815868cd41bf5e?s=96&d=mm&r=g\",\"width\":96,\"height\":96,\"caption\":\"El Digital de Asturias\"}},{\"@type\":\"WebPage\",\"@id\":\"https:\\\/\\\/www.eldigitaldeasturias.com\\\/noticias\\\/mueren-dos-policias-en-un-atentado-suicida-con-coche-bomba-en-afganistan\\\/#webpage\",\"url\":\"https:\\\/\\\/www.eldigitaldeasturias.com\\\/noticias\\\/mueren-dos-policias-en-un-atentado-suicida-con-coche-bomba-en-afganistan\\\/\",\"name\":\"Mueren dos polic\\u00edas en un atentado suicida con coche bomba en Afganist\\u00e1n - El Digital de Asturias\",\"description\":\"Kabul, 30 ene (EFE).- Al menos dos polic\\u00edas murieron y otros tres resultaron heridos hoy en un atentado suicida con un coche cargado de explosivos cerca de un complejo de seguridad en la provincia oriental afgana de Nangarhar, inform\\u00f3 a Efe una fuente policial. El ataque tuvo lugar esta ma\\u00f1ana (hora local) en el distrito\",\"inLanguage\":\"es-ES\",\"isPartOf\":{\"@id\":\"https:\\\/\\\/www.eldigitaldeasturias.com\\\/noticias\\\/#website\"},\"breadcrumb\":{\"@id\":\"https:\\\/\\\/www.eldigitaldeasturias.com\\\/noticias\\\/mueren-dos-policias-en-un-atentado-suicida-con-coche-bomba-en-afganistan\\\/#breadcrumblist\"},\"author\":{\"@id\":\"https:\\\/\\\/www.eldigitaldeasturias.com\\\/noticias\\\/author\\\/admin\\\/#author\"},\"creator\":{\"@id\":\"https:\\\/\\\/www.eldigitaldeasturias.com\\\/noticias\\\/author\\\/admin\\\/#author\"},\"image\":{\"@type\":\"ImageObject\",\"url\":\"https:\\\/\\\/www.eldigitaldeasturias.com\\\/noticias\\\/wp-content\\\/uploads\\\/2026\\\/06\\\/Contenidos.jpg\",\"@id\":\"https:\\\/\\\/www.eldigitaldeasturias.com\\\/noticias\\\/mueren-dos-policias-en-un-atentado-suicida-con-coche-bomba-en-afganistan\\\/#mainImage\",\"width\":1265,\"height\":697,\"caption\":\"Contenidos\"},\"primaryImageOfPage\":{\"@id\":\"https:\\\/\\\/www.eldigitaldeasturias.com\\\/noticias\\\/mueren-dos-policias-en-un-atentado-suicida-con-coche-bomba-en-afganistan\\\/#mainImage\"},\"datePublished\":\"2014-01-30T18:50:19+01:00\",\"dateModified\":\"2014-01-30T18:50:19+01:00\"},{\"@type\":\"WebSite\",\"@id\":\"https:\\\/\\\/www.eldigitaldeasturias.com\\\/noticias\\\/#website\",\"url\":\"https:\\\/\\\/www.eldigitaldeasturias.com\\\/noticias\\\/\",\"name\":\"El Digital de Asturias - Diario de actualidad y noticias\",\"alternateName\":\"El Digital de Asturias - Diario de actualidad y noticias\",\"description\":\"Hemeroteca\",\"inLanguage\":\"es-ES\",\"publisher\":{\"@id\":\"https:\\\/\\\/www.eldigitaldeasturias.com\\\/noticias\\\/#organization\"}}]}\n\t\t<\/script>\n\t\t<!-- All in One SEO Pro -->\r\n\t\t<title>Mueren dos polic\u00edas en un atentado suicida con coche bomba en Afganist\u00e1n - El Digital de Asturias<\/title>\n\n","aioseo_head_json":{"title":"Mueren dos polic\u00edas en un atentado suicida con coche bomba en Afganist\u00e1n - El Digital de Asturias","description":"Kabul, 30 ene (EFE).- Al menos dos polic\u00edas murieron y otros tres resultaron heridos hoy en un atentado suicida con un coche cargado de explosivos cerca de un complejo de seguridad en la provincia oriental afgana de Nangarhar, inform\u00f3 a Efe una fuente policial. El ataque tuvo lugar esta ma\u00f1ana (hora local) en el distrito","canonical_url":"https:\/\/www.eldigitaldeasturias.com\/noticias\/mueren-dos-policias-en-un-atentado-suicida-con-coche-bomba-en-afganistan\/","robots":"max-image-preview:large","keywords":"actualidad","webmasterTools":{"google-site-verification":"UA-38556648-1","msvalidate.01":"7dfe9f3f1b24437ab69f4f2559babe99","miscellaneous":""},"schema":{"@context":"https:\/\/schema.org","@graph":[{"@type":"BlogPosting","@id":"https:\/\/www.eldigitaldeasturias.com\/noticias\/mueren-dos-policias-en-un-atentado-suicida-con-coche-bomba-en-afganistan\/#blogposting","name":"Mueren dos polic\u00edas en un atentado suicida con coche bomba en Afganist\u00e1n - El Digital de Asturias","headline":"Mueren dos polic\u00edas en un atentado suicida con coche bomba en Afganist\u00e1n","author":{"@id":"https:\/\/www.eldigitaldeasturias.com\/noticias\/author\/admin\/#author"},"publisher":{"@id":"https:\/\/www.eldigitaldeasturias.com\/noticias\/#organization"},"image":{"@type":"ImageObject","url":"https:\/\/www.eldigitaldeasturias.com\/noticias\/wp-content\/uploads\/2026\/06\/Contenidos.jpg","width":1265,"height":697,"caption":"Contenidos"},"datePublished":"2014-01-30T18:50:19+01:00","dateModified":"2014-01-30T18:50:19+01:00","inLanguage":"es-ES","mainEntityOfPage":{"@id":"https:\/\/www.eldigitaldeasturias.com\/noticias\/mueren-dos-policias-en-un-atentado-suicida-con-coche-bomba-en-afganistan\/#webpage"},"isPartOf":{"@id":"https:\/\/www.eldigitaldeasturias.com\/noticias\/mueren-dos-policias-en-un-atentado-suicida-con-coche-bomba-en-afganistan\/#webpage"},"articleSection":"Actualidad"},{"@type":"BreadcrumbList","@id":"https:\/\/www.eldigitaldeasturias.com\/noticias\/mueren-dos-policias-en-un-atentado-suicida-con-coche-bomba-en-afganistan\/#breadcrumblist","itemListElement":[{"@type":"ListItem","@id":"https:\/\/www.eldigitaldeasturias.com\/noticias#listItem","position":1,"name":"Home","item":"https:\/\/www.eldigitaldeasturias.com\/noticias","nextItem":{"@type":"ListItem","@id":"https:\/\/www.eldigitaldeasturias.com\/noticias\/category\/actualidad\/#listItem","name":"Actualidad"}},{"@type":"ListItem","@id":"https:\/\/www.eldigitaldeasturias.com\/noticias\/category\/actualidad\/#listItem","position":2,"name":"Actualidad","item":"https:\/\/www.eldigitaldeasturias.com\/noticias\/category\/actualidad\/","nextItem":{"@type":"ListItem","@id":"https:\/\/www.eldigitaldeasturias.com\/noticias\/mueren-dos-policias-en-un-atentado-suicida-con-coche-bomba-en-afganistan\/#listItem","name":"Mueren dos polic\u00edas en un atentado suicida con coche bomba en Afganist\u00e1n"},"previousItem":{"@type":"ListItem","@id":"https:\/\/www.eldigitaldeasturias.com\/noticias#listItem","name":"Home"}},{"@type":"ListItem","@id":"https:\/\/www.eldigitaldeasturias.com\/noticias\/mueren-dos-policias-en-un-atentado-suicida-con-coche-bomba-en-afganistan\/#listItem","position":3,"name":"Mueren dos polic\u00edas en un atentado suicida con coche bomba en Afganist\u00e1n","previousItem":{"@type":"ListItem","@id":"https:\/\/www.eldigitaldeasturias.com\/noticias\/category\/actualidad\/#listItem","name":"Actualidad"}}]},{"@type":"Organization","@id":"https:\/\/www.eldigitaldeasturias.com\/noticias\/#organization","name":"El Digital de Asturias","description":"Hemeroteca","url":"https:\/\/www.eldigitaldeasturias.com\/noticias\/","email":"info@eldigitaldeasturias.com","telephone":"+34652131393","logo":{"@type":"ImageObject","url":"https:\/\/www.eldigitaldeasturias.com\/noticias\/wp-content\/uploads\/2020\/12\/EDA.jpg","@id":"https:\/\/www.eldigitaldeasturias.com\/noticias\/mueren-dos-policias-en-un-atentado-suicida-con-coche-bomba-en-afganistan\/#organizationLogo"},"image":{"@id":"https:\/\/www.eldigitaldeasturias.com\/noticias\/mueren-dos-policias-en-un-atentado-suicida-con-coche-bomba-en-afganistan\/#organizationLogo"},"sameAs":["https:\/\/facebook.com\/eldigitaldeasturias","https:\/\/www.youtube.com\/channel\/UCZP-2wLEB9Rv6erhFmqVnvg"],"address":{"@id":"https:\/\/www.eldigitaldeasturias.com\/noticias\/#postaladdress","@type":"PostalAddress","streetAddress":"san antonio 4","postalCode":"33430","addressLocality":"Cand\u00e1s","addressRegion":"Asturias","addressCountry":"ES"}},{"@type":"Person","@id":"https:\/\/www.eldigitaldeasturias.com\/noticias\/author\/admin\/#author","url":"https:\/\/www.eldigitaldeasturias.com\/noticias\/author\/admin\/","name":"El Digital de Asturias","image":{"@type":"ImageObject","@id":"https:\/\/www.eldigitaldeasturias.com\/noticias\/mueren-dos-policias-en-un-atentado-suicida-con-coche-bomba-en-afganistan\/#authorImage","url":"https:\/\/secure.gravatar.com\/avatar\/df2aeffc32bcd13f8d26072ef8a91b623d677766deac7f97ca815868cd41bf5e?s=96&d=mm&r=g","width":96,"height":96,"caption":"El Digital de Asturias"}},{"@type":"WebPage","@id":"https:\/\/www.eldigitaldeasturias.com\/noticias\/mueren-dos-policias-en-un-atentado-suicida-con-coche-bomba-en-afganistan\/#webpage","url":"https:\/\/www.eldigitaldeasturias.com\/noticias\/mueren-dos-policias-en-un-atentado-suicida-con-coche-bomba-en-afganistan\/","name":"Mueren dos polic\u00edas en un atentado suicida con coche bomba en Afganist\u00e1n - El Digital de Asturias","description":"Kabul, 30 ene (EFE).- Al menos dos polic\u00edas murieron y otros tres resultaron heridos hoy en un atentado suicida con un coche cargado de explosivos cerca de un complejo de seguridad en la provincia oriental afgana de Nangarhar, inform\u00f3 a Efe una fuente policial. El ataque tuvo lugar esta ma\u00f1ana (hora local) en el distrito","inLanguage":"es-ES","isPartOf":{"@id":"https:\/\/www.eldigitaldeasturias.com\/noticias\/#website"},"breadcrumb":{"@id":"https:\/\/www.eldigitaldeasturias.com\/noticias\/mueren-dos-policias-en-un-atentado-suicida-con-coche-bomba-en-afganistan\/#breadcrumblist"},"author":{"@id":"https:\/\/www.eldigitaldeasturias.com\/noticias\/author\/admin\/#author"},"creator":{"@id":"https:\/\/www.eldigitaldeasturias.com\/noticias\/author\/admin\/#author"},"image":{"@type":"ImageObject","url":"https:\/\/www.eldigitaldeasturias.com\/noticias\/wp-content\/uploads\/2026\/06\/Contenidos.jpg","@id":"https:\/\/www.eldigitaldeasturias.com\/noticias\/mueren-dos-policias-en-un-atentado-suicida-con-coche-bomba-en-afganistan\/#mainImage","width":1265,"height":697,"caption":"Contenidos"},"primaryImageOfPage":{"@id":"https:\/\/www.eldigitaldeasturias.com\/noticias\/mueren-dos-policias-en-un-atentado-suicida-con-coche-bomba-en-afganistan\/#mainImage"},"datePublished":"2014-01-30T18:50:19+01:00","dateModified":"2014-01-30T18:50:19+01:00"},{"@type":"WebSite","@id":"https:\/\/www.eldigitaldeasturias.com\/noticias\/#website","url":"https:\/\/www.eldigitaldeasturias.com\/noticias\/","name":"El Digital de Asturias - Diario de actualidad y noticias","alternateName":"El Digital de Asturias - Diario de actualidad y noticias","description":"Hemeroteca","inLanguage":"es-ES","publisher":{"@id":"https:\/\/www.eldigitaldeasturias.com\/noticias\/#organization"}}]},"og:locale":"es_ES","og:site_name":"El Digital de Asturias","og:type":"article","og:title":"Mueren dos polic\u00edas en un atentado suicida con coche bomba en Afganist\u00e1n - El Digital de Asturias","og:description":"Kabul, 30 ene (EFE).- Al menos dos polic\u00edas murieron y otros tres resultaron heridos hoy en un atentado suicida con un coche cargado de explosivos cerca de un complejo de seguridad en la provincia oriental afgana de Nangarhar, inform\u00f3 a Efe una fuente policial. El ataque tuvo lugar esta ma\u00f1ana (hora local) en el distrito","og:url":"https:\/\/www.eldigitaldeasturias.com\/noticias\/mueren-dos-policias-en-un-atentado-suicida-con-coche-bomba-en-afganistan\/","og:image":"https:\/\/www.eldigitaldeasturias.com\/noticias\/wp-content\/uploads\/2026\/06\/Contenidos.jpg","og:image:secure_url":"https:\/\/www.eldigitaldeasturias.com\/noticias\/wp-content\/uploads\/2026\/06\/Contenidos.jpg","og:image:width":1265,"og:image:height":697,"article:tag":["actualidad"],"article:published_time":"2014-01-30T19:50:19+00:00","article:modified_time":"2014-01-30T19:50:19+00:00","article:publisher":"https:\/\/facebook.com\/eldigitaldeasturias","twitter:card":"summary_large_image","twitter:title":"Mueren dos polic\u00edas en un atentado suicida con coche bomba en Afganist\u00e1n - El Digital de Asturias","twitter:description":"Kabul, 30 ene (EFE).- Al menos dos polic\u00edas murieron y otros tres resultaron heridos hoy en un atentado suicida con un coche cargado de explosivos cerca de un complejo de seguridad en la provincia oriental afgana de Nangarhar, inform\u00f3 a Efe una fuente policial. El ataque tuvo lugar esta ma\u00f1ana (hora local) en el distrito","twitter:image":"https:\/\/www.eldigitaldeasturias.com\/noticias\/wp-content\/uploads\/2026\/06\/Contenidos.jpg","twitter:label1":"Escrito por","twitter:data1":"El Digital de Asturias","twitter:label2":"Tiempo de lectura estimado","twitter:data2":"1 minuto"},"aioseo_meta_data":{"post_id":"480568","title":null,"description":null,"keywords":null,"keyphrases":null,"primary_term":null,"canonical_url":null,"og_title":null,"og_description":null,"og_object_type":"default","og_image_type":"default","og_image_url":null,"og_image_width":null,"og_image_height":null,"og_image_custom_url":null,"og_image_custom_fields":null,"og_video":null,"og_custom_url":null,"og_article_section":null,"og_article_tags":null,"twitter_use_og":true,"twitter_card":"default","twitter_image_type":"default","twitter_image_url":null,"twitter_image_custom_url":null,"twitter_image_custom_fields":null,"twitter_title":null,"twitter_description":null,"schema":{"blockGraphs":[],"customGraphs":[],"default":{"data":{"Article":[],"Course":[],"Dataset":[],"FAQPage":[],"Movie":[],"Person":[],"Product":[],"ProductReview":[],"Car":[],"Recipe":[],"Service":[],"SoftwareApplication":[],"WebPage":[]},"graphName":"","isEnabled":true},"graphs":[],"defaultGraph":"","defaultPostTypeGraph":""},"schema_type":null,"schema_type_options":null,"pillar_content":false,"robots_default":true,"robots_noindex":false,"robots_noarchive":false,"robots_nosnippet":false,"robots_nofollow":false,"robots_noimageindex":false,"robots_noodp":false,"robots_notranslate":false,"robots_max_snippet":null,"robots_max_videopreview":null,"robots_max_imagepreview":"none","priority":null,"frequency":null,"local_seo":null,"seo_analyzer_scan_date":"2026-06-02 04:09:47","breadcrumb_settings":null,"limit_modified_date":false,"open_ai":null,"ai":null,"created":"2020-11-14 22:54:13","updated":"2026-06-02 04:09:47","focus_keyword":null,"additional_keywords":null,"truseo_locale":null},"aioseo_breadcrumb":"<div class=\"aioseo-breadcrumbs\"><span class=\"aioseo-breadcrumb\">\n\t<a href=\"https:\/\/www.eldigitaldeasturias.com\/noticias\" title=\"Home\">Home<\/a>\n<\/span><span class=\"aioseo-breadcrumb-separator\">\u2013<\/span><span class=\"aioseo-breadcrumb\">\n\t<a href=\"https:\/\/www.eldigitaldeasturias.com\/noticias\/category\/actualidad\/\" title=\"Actualidad\">Actualidad<\/a>\n<\/span><span class=\"aioseo-breadcrumb-separator\">\u2013<\/span><span class=\"aioseo-breadcrumb\">\n\t<a href=\"https:\/\/www.eldigitaldeasturias.com\/noticias\/mueren-dos-policias-en-un-atentado-suicida-con-coche-bomba-en-afganistan\/\" title=\"Mueren dos polic\u00edas en un atentado suicida con coche bomba en Afganist\u00e1n\">Mueren dos polic\u00edas en un atentado suicida con coche bomba en Afganist\u00e1n<\/a>\n<\/span><\/div>","aioseo_breadcrumb_json":[{"label":"Home","link":"https:\/\/www.eldigitaldeasturias.com\/noticias"},{"label":"Actualidad","link":"https:\/\/www.eldigitaldeasturias.com\/noticias\/category\/actualidad\/"},{"label":"Mueren dos polic\u00edas en un atentado suicida con coche bomba en Afganist\u00e1n","link":"https:\/\/www.eldigitaldeasturias.com\/noticias\/mueren-dos-policias-en-un-atentado-suicida-con-coche-bomba-en-afganistan\/"}],"_links":{"self":[{"href":"https:\/\/www.eldigitaldeasturias.com\/noticias\/wp-json\/wp\/v2\/posts\/480568","targetHints":{"allow":["GET"]}}],"collection":[{"href":"https:\/\/www.eldigitaldeasturias.com\/noticias\/wp-json\/wp\/v2\/posts"}],"about":[{"href":"https:\/\/www.eldigitaldeasturias.com\/noticias\/wp-json\/wp\/v2\/types\/post"}],"author":[{"embeddable":true,"href":"https:\/\/www.eldigitaldeasturias.com\/noticias\/wp-json\/wp\/v2\/users\/1"}],"replies":[{"embeddable":true,"href":"https:\/\/www.eldigitaldeasturias.com\/noticias\/wp-json\/wp\/v2\/comments?post=480568"}],"version-history":[{"count":0,"href":"https:\/\/www.eldigitaldeasturias.com\/noticias\/wp-json\/wp\/v2\/posts\/480568\/revisions"}],"wp:featuredmedia":[{"embeddable":true,"href":"https:\/\/www.eldigitaldeasturias.com\/noticias\/wp-json\/wp\/v2\/media\/1132184"}],"wp:attachment":[{"href":"https:\/\/www.eldigitaldeasturias.com\/noticias\/wp-json\/wp\/v2\/media?parent=480568"}],"wp:term":[{"taxonomy":"category","embeddable":true,"href":"https:\/\/www.eldigitaldeasturias.com\/noticias\/wp-json\/wp\/v2\/categories?post=480568"},{"taxonomy":"post_tag","embeddable":true,"href":"https:\/\/www.eldigitaldeasturias.com\/noticias\/wp-json\/wp\/v2\/tags?post=480568"}],"curies":[{"name":"wp","href":"https:\/\/api.w.org\/{rel}","templated":true}]}}