{"id":480562,"date":"2014-01-30T18:46:48","date_gmt":"2014-01-30T19:46:48","guid":{"rendered":"http:\/\/www.eldigitaldeasturias.com\/noticias\/?p=480562"},"modified":"2014-01-30T18:46:48","modified_gmt":"2014-01-30T19:46:48","slug":"una-organizacion-cristiana-alquilo-ninos-a-su-cargo-a-pederastas-en-australia","status":"publish","type":"post","link":"https:\/\/www.eldigitaldeasturias.com\/noticias\/una-organizacion-cristiana-alquilo-ninos-a-su-cargo-a-pederastas-en-australia\/","title":{"rendered":"Una organizaci\u00f3n cristiana \u00abalquil\u00f3\u00bb ni\u00f1os a su cargo a pederastas en Australia"},"content":{"rendered":"<p><img loading=\"lazy\" decoding=\"async\" class=\"alignleft size-medium wp-image-480563\" alt=\"5890659w\" src=\"https:\/\/www.eldigitaldeasturias.com\/noticias\/wp-content\/uploads\/2014\/01\/5890659w-360x239.jpg\" width=\"360\" height=\"239\" \/>S\u00eddney (Australia), 30 ene (EFE).- Ni\u00f1os al cuidado de una organizaci\u00f3n cristiana australiana fueron \u00abalquilados\u00bb a pederastas, seg\u00fan denunci\u00f3 hoy un testigo ante la comisi\u00f3n que investiga los abusos sexuales de menores cometidos en instituciones del pa\u00eds.<\/p>\n<p>La comisi\u00f3n, que analiza la gesti\u00f3n del \u00abEj\u00e9rcito de Salvaci\u00f3n\u00bb en cuatro de sus centro entre 1966 y 1977, se centr\u00f3 en el hogar de Bexley que la organizaci\u00f3n de beneficencia tiene en S\u00eddney donde la Polic\u00eda investiga presuntos abusos a menores desde 1990.<\/p>\n<p>El inspector Rick Cunningham explic\u00f3 el caso de un hombre, identificado como F.V., que en 1974 denunci\u00f3 a la Polic\u00eda c\u00f3mo el superintendente de Bexley, Lawrence Wilson, le present\u00f3 a una mujer vestida con el uniforme de la organizaci\u00f3n acompa\u00f1ada de un hombre.<\/p>\n<p>La pareja se llev\u00f3 a casa al entonces ni\u00f1o y lo violaron, una agresi\u00f3n que F.V. denunci\u00f3 a Wilson, quien ignor\u00f3 la queja y azot\u00f3 varias veces al menor como represalia, declar\u00f3 Cunningham seg\u00fan inform\u00f3 la cadena ABC.<\/p>\n<p>Al ser preguntado por los abogados del \u00abEj\u00e9rcito de Salvaci\u00f3n\u00bb sobre la existencia de una red de pederastas en la casa de acogida, Cunningham dijo que \u00abla informaci\u00f3n de varios antiguos residentes es que iban a casas durante los fines de semana, que recib\u00edan visitas en Bexley\u00bb.<\/p>\n<p>Las pruebas dadas por F.V. derivaron en una imputaci\u00f3n contra Wilson por sodom\u00eda, agresi\u00f3n com\u00fan y asalto indecente, cargos de los que fue exculpado en 1997, 11 a\u00f1os antes de su muerte.<\/p>\n<p>En la comisi\u00f3n, que hasta la pr\u00f3xima semana analiza al \u00abEj\u00e9rcito de Salvaci\u00f3n\u00bb, tambi\u00e9n se acus\u00f3 a trabajadores de la organizaci\u00f3n cristiana y a internos de mayor edad de abusar sexualmente de internos m\u00e1s j\u00f3venes.<\/p>\n<p>La creaci\u00f3n de esta comisi\u00f3n fue anunciada en noviembre de 2012 despu\u00e9s de que la Polic\u00eda de Nueva Gales del Sur acusara a la Iglesia cat\u00f3lica de encubrir casos de pederastia presuntamente organizada, tratar de silenciar las investigaciones y de destruir pruebas cruciales para evitar procesos judiciales.<\/p>\n<p>La comisi\u00f3n de seis miembros comenz\u00f3 las audiencias en abril y deber\u00e1 emitir un informe a finales de junio, antes de concluir su trabajo en diciembre de 2014.<\/p>\n","protected":false},"excerpt":{"rendered":"<p>S\u00eddney (Australia), 30 ene (EFE).- Ni\u00f1os al cuidado de una organizaci\u00f3n cristiana australiana fueron \u00abalquilados\u00bb a pederastas, seg\u00fan denunci\u00f3 hoy un testigo ante la comisi\u00f3n que investiga los abusos sexuales de menores cometidos en instituciones del pa\u00eds. La comisi\u00f3n, que analiza la gesti\u00f3n del \u00abEj\u00e9rcito de Salvaci\u00f3n\u00bb en cuatro de sus centro entre 1966 y [&hellip;]<\/p>\n","protected":false},"author":1,"featured_media":1132184,"comment_status":"closed","ping_status":"open","sticky":false,"template":"","format":"standard","meta":{"footnotes":""},"categories":[1,5],"tags":[],"class_list":["post-480562","post","type-post","status-publish","format-standard","has-post-thumbnail","hentry","category-actualidad","category-sucesos"],"aioseo_notices":[],"aioseo_head":"\n\t\t<!-- All in One SEO Pro 5.0.1 - aioseo.com -->\n\t<meta name=\"description\" content=\"S\u00eddney (Australia), 30 ene (EFE).- Ni\u00f1os al cuidado de una organizaci\u00f3n cristiana australiana fueron &quot;alquilados&quot; a pederastas, seg\u00fan denunci\u00f3 hoy un testigo ante la comisi\u00f3n que investiga los abusos sexuales de menores cometidos en instituciones del pa\u00eds. La comisi\u00f3n, que analiza la gesti\u00f3n del &quot;Ej\u00e9rcito de Salvaci\u00f3n&quot; en cuatro de sus centro entre 1966 y\" \/>\n\t<meta name=\"robots\" content=\"max-image-preview:large\" \/>\n\t<meta name=\"author\" content=\"El Digital de Asturias\"\/>\n\t<meta name=\"google-site-verification\" content=\"UA-38556648-1\" \/>\n\t<meta name=\"msvalidate.01\" content=\"7dfe9f3f1b24437ab69f4f2559babe99\" \/>\n\t<meta name=\"keywords\" content=\"actualidad,sucesos\" \/>\n\t<link rel=\"canonical\" href=\"https:\/\/www.eldigitaldeasturias.com\/noticias\/una-organizacion-cristiana-alquilo-ninos-a-su-cargo-a-pederastas-en-australia\/\" \/>\n\t<meta name=\"generator\" content=\"All in One SEO Pro (AIOSEO) 5.0.1\" \/>\n\t\t<meta property=\"og:locale\" content=\"es_ES\" \/>\n\t\t<meta property=\"og:site_name\" content=\"El Digital de Asturias\" \/>\n\t\t<meta property=\"og:type\" content=\"article\" \/>\n\t\t<meta property=\"og:title\" content=\"Una organizaci\u00f3n cristiana \u00abalquil\u00f3\u00bb ni\u00f1os a su cargo a pederastas en Australia - El Digital de Asturias\" \/>\n\t\t<meta property=\"og:description\" content=\"S\u00eddney (Australia), 30 ene (EFE).- Ni\u00f1os al cuidado de una organizaci\u00f3n cristiana australiana fueron &quot;alquilados&quot; a pederastas, seg\u00fan denunci\u00f3 hoy un testigo ante la comisi\u00f3n que investiga los abusos sexuales de menores cometidos en instituciones del pa\u00eds. La comisi\u00f3n, que analiza la gesti\u00f3n del &quot;Ej\u00e9rcito de Salvaci\u00f3n&quot; en cuatro de sus centro entre 1966 y\" \/>\n\t\t<meta property=\"og:url\" content=\"https:\/\/www.eldigitaldeasturias.com\/noticias\/una-organizacion-cristiana-alquilo-ninos-a-su-cargo-a-pederastas-en-australia\/\" \/>\n\t\t<meta property=\"og:image\" content=\"https:\/\/www.eldigitaldeasturias.com\/noticias\/wp-content\/uploads\/2026\/06\/Contenidos.jpg\" \/>\n\t\t<meta property=\"og:image:secure_url\" content=\"https:\/\/www.eldigitaldeasturias.com\/noticias\/wp-content\/uploads\/2026\/06\/Contenidos.jpg\" \/>\n\t\t<meta property=\"og:image:width\" content=\"1265\" \/>\n\t\t<meta property=\"og:image:height\" content=\"697\" \/>\n\t\t<meta property=\"article:tag\" content=\"actualidad\" \/>\n\t\t<meta property=\"article:tag\" content=\"sucesos\" \/>\n\t\t<meta property=\"article:published_time\" content=\"2014-01-30T19:46:48+00:00\" \/>\n\t\t<meta property=\"article:modified_time\" content=\"2014-01-30T19:46:48+00:00\" \/>\n\t\t<meta property=\"article:publisher\" content=\"https:\/\/facebook.com\/eldigitaldeasturias\" \/>\n\t\t<meta name=\"twitter:card\" content=\"summary_large_image\" \/>\n\t\t<meta name=\"twitter:title\" content=\"Una organizaci\u00f3n cristiana \u00abalquil\u00f3\u00bb ni\u00f1os a su cargo a pederastas en Australia - El Digital de Asturias\" \/>\n\t\t<meta name=\"twitter:description\" content=\"S\u00eddney (Australia), 30 ene (EFE).- Ni\u00f1os al cuidado de una organizaci\u00f3n cristiana australiana fueron &quot;alquilados&quot; a pederastas, seg\u00fan denunci\u00f3 hoy un testigo ante la comisi\u00f3n que investiga los abusos sexuales de menores cometidos en instituciones del pa\u00eds. La comisi\u00f3n, que analiza la gesti\u00f3n del &quot;Ej\u00e9rcito de Salvaci\u00f3n&quot; en cuatro de sus centro entre 1966 y\" \/>\n\t\t<meta name=\"twitter:image\" content=\"https:\/\/www.eldigitaldeasturias.com\/noticias\/wp-content\/uploads\/2026\/06\/Contenidos.jpg\" \/>\n\t\t<meta name=\"twitter:label1\" content=\"Escrito por\" \/>\n\t\t<meta name=\"twitter:data1\" content=\"El Digital de Asturias\" \/>\n\t\t<meta name=\"twitter:label2\" content=\"Tiempo de lectura estimado\" \/>\n\t\t<meta name=\"twitter:data2\" content=\"2 minutos\" \/>\n\t\t<script type=\"application\/ld+json\" class=\"aioseo-schema\">\n\t\t\t{\"@context\":\"https:\\\/\\\/schema.org\",\"@graph\":[{\"@type\":\"BlogPosting\",\"@id\":\"https:\\\/\\\/www.eldigitaldeasturias.com\\\/noticias\\\/una-organizacion-cristiana-alquilo-ninos-a-su-cargo-a-pederastas-en-australia\\\/#blogposting\",\"name\":\"Una organizaci\\u00f3n cristiana \\u00abalquil\\u00f3\\u00bb ni\\u00f1os a su cargo a pederastas en Australia - El Digital de Asturias\",\"headline\":\"Una organizaci\\u00f3n cristiana \\u00abalquil\\u00f3\\u00bb ni\\u00f1os a su cargo a pederastas en Australia\",\"author\":{\"@id\":\"https:\\\/\\\/www.eldigitaldeasturias.com\\\/noticias\\\/author\\\/admin\\\/#author\"},\"publisher\":{\"@id\":\"https:\\\/\\\/www.eldigitaldeasturias.com\\\/noticias\\\/#organization\"},\"image\":{\"@type\":\"ImageObject\",\"url\":\"https:\\\/\\\/www.eldigitaldeasturias.com\\\/noticias\\\/wp-content\\\/uploads\\\/2026\\\/06\\\/Contenidos.jpg\",\"width\":1265,\"height\":697,\"caption\":\"Contenidos\"},\"datePublished\":\"2014-01-30T18:46:48+01:00\",\"dateModified\":\"2014-01-30T18:46:48+01:00\",\"inLanguage\":\"es-ES\",\"mainEntityOfPage\":{\"@id\":\"https:\\\/\\\/www.eldigitaldeasturias.com\\\/noticias\\\/una-organizacion-cristiana-alquilo-ninos-a-su-cargo-a-pederastas-en-australia\\\/#webpage\"},\"isPartOf\":{\"@id\":\"https:\\\/\\\/www.eldigitaldeasturias.com\\\/noticias\\\/una-organizacion-cristiana-alquilo-ninos-a-su-cargo-a-pederastas-en-australia\\\/#webpage\"},\"articleSection\":\"Actualidad, Sucesos\"},{\"@type\":\"BreadcrumbList\",\"@id\":\"https:\\\/\\\/www.eldigitaldeasturias.com\\\/noticias\\\/una-organizacion-cristiana-alquilo-ninos-a-su-cargo-a-pederastas-en-australia\\\/#breadcrumblist\",\"itemListElement\":[{\"@type\":\"ListItem\",\"@id\":\"https:\\\/\\\/www.eldigitaldeasturias.com\\\/noticias#listItem\",\"position\":1,\"name\":\"Home\",\"item\":\"https:\\\/\\\/www.eldigitaldeasturias.com\\\/noticias\",\"nextItem\":{\"@type\":\"ListItem\",\"@id\":\"https:\\\/\\\/www.eldigitaldeasturias.com\\\/noticias\\\/category\\\/actualidad\\\/#listItem\",\"name\":\"Actualidad\"}},{\"@type\":\"ListItem\",\"@id\":\"https:\\\/\\\/www.eldigitaldeasturias.com\\\/noticias\\\/category\\\/actualidad\\\/#listItem\",\"position\":2,\"name\":\"Actualidad\",\"item\":\"https:\\\/\\\/www.eldigitaldeasturias.com\\\/noticias\\\/category\\\/actualidad\\\/\",\"nextItem\":{\"@type\":\"ListItem\",\"@id\":\"https:\\\/\\\/www.eldigitaldeasturias.com\\\/noticias\\\/una-organizacion-cristiana-alquilo-ninos-a-su-cargo-a-pederastas-en-australia\\\/#listItem\",\"name\":\"Una organizaci\\u00f3n cristiana \\u00abalquil\\u00f3\\u00bb ni\\u00f1os a su cargo a pederastas en Australia\"},\"previousItem\":{\"@type\":\"ListItem\",\"@id\":\"https:\\\/\\\/www.eldigitaldeasturias.com\\\/noticias#listItem\",\"name\":\"Home\"}},{\"@type\":\"ListItem\",\"@id\":\"https:\\\/\\\/www.eldigitaldeasturias.com\\\/noticias\\\/una-organizacion-cristiana-alquilo-ninos-a-su-cargo-a-pederastas-en-australia\\\/#listItem\",\"position\":3,\"name\":\"Una organizaci\\u00f3n cristiana \\u00abalquil\\u00f3\\u00bb ni\\u00f1os a su cargo a pederastas en Australia\",\"previousItem\":{\"@type\":\"ListItem\",\"@id\":\"https:\\\/\\\/www.eldigitaldeasturias.com\\\/noticias\\\/category\\\/actualidad\\\/#listItem\",\"name\":\"Actualidad\"}}]},{\"@type\":\"Organization\",\"@id\":\"https:\\\/\\\/www.eldigitaldeasturias.com\\\/noticias\\\/#organization\",\"name\":\"El Digital de Asturias\",\"description\":\"Hemeroteca\",\"url\":\"https:\\\/\\\/www.eldigitaldeasturias.com\\\/noticias\\\/\",\"email\":\"info@eldigitaldeasturias.com\",\"telephone\":\"+34652131393\",\"logo\":{\"@type\":\"ImageObject\",\"url\":\"https:\\\/\\\/www.eldigitaldeasturias.com\\\/noticias\\\/wp-content\\\/uploads\\\/2020\\\/12\\\/EDA.jpg\",\"@id\":\"https:\\\/\\\/www.eldigitaldeasturias.com\\\/noticias\\\/una-organizacion-cristiana-alquilo-ninos-a-su-cargo-a-pederastas-en-australia\\\/#organizationLogo\"},\"image\":{\"@id\":\"https:\\\/\\\/www.eldigitaldeasturias.com\\\/noticias\\\/una-organizacion-cristiana-alquilo-ninos-a-su-cargo-a-pederastas-en-australia\\\/#organizationLogo\"},\"sameAs\":[\"https:\\\/\\\/facebook.com\\\/eldigitaldeasturias\",\"https:\\\/\\\/www.youtube.com\\\/channel\\\/UCZP-2wLEB9Rv6erhFmqVnvg\"],\"address\":{\"@id\":\"https:\\\/\\\/www.eldigitaldeasturias.com\\\/noticias\\\/#postaladdress\",\"@type\":\"PostalAddress\",\"streetAddress\":\"san antonio 4\",\"postalCode\":\"33430\",\"addressLocality\":\"Cand\\u00e1s\",\"addressRegion\":\"Asturias\",\"addressCountry\":\"ES\"}},{\"@type\":\"Person\",\"@id\":\"https:\\\/\\\/www.eldigitaldeasturias.com\\\/noticias\\\/author\\\/admin\\\/#author\",\"url\":\"https:\\\/\\\/www.eldigitaldeasturias.com\\\/noticias\\\/author\\\/admin\\\/\",\"name\":\"El Digital de Asturias\",\"image\":{\"@type\":\"ImageObject\",\"@id\":\"https:\\\/\\\/www.eldigitaldeasturias.com\\\/noticias\\\/una-organizacion-cristiana-alquilo-ninos-a-su-cargo-a-pederastas-en-australia\\\/#authorImage\",\"url\":\"https:\\\/\\\/secure.gravatar.com\\\/avatar\\\/df2aeffc32bcd13f8d26072ef8a91b623d677766deac7f97ca815868cd41bf5e?s=96&d=mm&r=g\",\"width\":96,\"height\":96,\"caption\":\"El Digital de Asturias\"}},{\"@type\":\"WebPage\",\"@id\":\"https:\\\/\\\/www.eldigitaldeasturias.com\\\/noticias\\\/una-organizacion-cristiana-alquilo-ninos-a-su-cargo-a-pederastas-en-australia\\\/#webpage\",\"url\":\"https:\\\/\\\/www.eldigitaldeasturias.com\\\/noticias\\\/una-organizacion-cristiana-alquilo-ninos-a-su-cargo-a-pederastas-en-australia\\\/\",\"name\":\"Una organizaci\\u00f3n cristiana \\u00abalquil\\u00f3\\u00bb ni\\u00f1os a su cargo a pederastas en Australia - El Digital de Asturias\",\"description\":\"S\\u00eddney (Australia), 30 ene (EFE).- Ni\\u00f1os al cuidado de una organizaci\\u00f3n cristiana australiana fueron \\\"alquilados\\\" a pederastas, seg\\u00fan denunci\\u00f3 hoy un testigo ante la comisi\\u00f3n que investiga los abusos sexuales de menores cometidos en instituciones del pa\\u00eds. La comisi\\u00f3n, que analiza la gesti\\u00f3n del \\\"Ej\\u00e9rcito de Salvaci\\u00f3n\\\" en cuatro de sus centro entre 1966 y\",\"inLanguage\":\"es-ES\",\"isPartOf\":{\"@id\":\"https:\\\/\\\/www.eldigitaldeasturias.com\\\/noticias\\\/#website\"},\"breadcrumb\":{\"@id\":\"https:\\\/\\\/www.eldigitaldeasturias.com\\\/noticias\\\/una-organizacion-cristiana-alquilo-ninos-a-su-cargo-a-pederastas-en-australia\\\/#breadcrumblist\"},\"author\":{\"@id\":\"https:\\\/\\\/www.eldigitaldeasturias.com\\\/noticias\\\/author\\\/admin\\\/#author\"},\"creator\":{\"@id\":\"https:\\\/\\\/www.eldigitaldeasturias.com\\\/noticias\\\/author\\\/admin\\\/#author\"},\"image\":{\"@type\":\"ImageObject\",\"url\":\"https:\\\/\\\/www.eldigitaldeasturias.com\\\/noticias\\\/wp-content\\\/uploads\\\/2026\\\/06\\\/Contenidos.jpg\",\"@id\":\"https:\\\/\\\/www.eldigitaldeasturias.com\\\/noticias\\\/una-organizacion-cristiana-alquilo-ninos-a-su-cargo-a-pederastas-en-australia\\\/#mainImage\",\"width\":1265,\"height\":697,\"caption\":\"Contenidos\"},\"primaryImageOfPage\":{\"@id\":\"https:\\\/\\\/www.eldigitaldeasturias.com\\\/noticias\\\/una-organizacion-cristiana-alquilo-ninos-a-su-cargo-a-pederastas-en-australia\\\/#mainImage\"},\"datePublished\":\"2014-01-30T18:46:48+01:00\",\"dateModified\":\"2014-01-30T18:46:48+01:00\"},{\"@type\":\"WebSite\",\"@id\":\"https:\\\/\\\/www.eldigitaldeasturias.com\\\/noticias\\\/#website\",\"url\":\"https:\\\/\\\/www.eldigitaldeasturias.com\\\/noticias\\\/\",\"name\":\"El Digital de Asturias - Diario de actualidad y noticias\",\"alternateName\":\"El Digital de Asturias - Diario de actualidad y noticias\",\"description\":\"Hemeroteca\",\"inLanguage\":\"es-ES\",\"publisher\":{\"@id\":\"https:\\\/\\\/www.eldigitaldeasturias.com\\\/noticias\\\/#organization\"}}]}\n\t\t<\/script>\n\t\t<!-- All in One SEO Pro -->\r\n\t\t<title>Una organizaci\u00f3n cristiana \u00abalquil\u00f3\u00bb ni\u00f1os a su cargo a pederastas en Australia - El Digital de Asturias<\/title>\n\n","aioseo_head_json":{"title":"Una organizaci\u00f3n cristiana \u00abalquil\u00f3\u00bb ni\u00f1os a su cargo a pederastas en Australia - El Digital de Asturias","description":"S\u00eddney (Australia), 30 ene (EFE).- Ni\u00f1os al cuidado de una organizaci\u00f3n cristiana australiana fueron \"alquilados\" a pederastas, seg\u00fan denunci\u00f3 hoy un testigo ante la comisi\u00f3n que investiga los abusos sexuales de menores cometidos en instituciones del pa\u00eds. La comisi\u00f3n, que analiza la gesti\u00f3n del \"Ej\u00e9rcito de Salvaci\u00f3n\" en cuatro de sus centro entre 1966 y","canonical_url":"https:\/\/www.eldigitaldeasturias.com\/noticias\/una-organizacion-cristiana-alquilo-ninos-a-su-cargo-a-pederastas-en-australia\/","robots":"max-image-preview:large","keywords":"actualidad,sucesos","webmasterTools":{"google-site-verification":"UA-38556648-1","msvalidate.01":"7dfe9f3f1b24437ab69f4f2559babe99","miscellaneous":""},"schema":{"@context":"https:\/\/schema.org","@graph":[{"@type":"BlogPosting","@id":"https:\/\/www.eldigitaldeasturias.com\/noticias\/una-organizacion-cristiana-alquilo-ninos-a-su-cargo-a-pederastas-en-australia\/#blogposting","name":"Una organizaci\u00f3n cristiana \u00abalquil\u00f3\u00bb ni\u00f1os a su cargo a pederastas en Australia - El Digital de Asturias","headline":"Una organizaci\u00f3n cristiana \u00abalquil\u00f3\u00bb ni\u00f1os a su cargo a pederastas en Australia","author":{"@id":"https:\/\/www.eldigitaldeasturias.com\/noticias\/author\/admin\/#author"},"publisher":{"@id":"https:\/\/www.eldigitaldeasturias.com\/noticias\/#organization"},"image":{"@type":"ImageObject","url":"https:\/\/www.eldigitaldeasturias.com\/noticias\/wp-content\/uploads\/2026\/06\/Contenidos.jpg","width":1265,"height":697,"caption":"Contenidos"},"datePublished":"2014-01-30T18:46:48+01:00","dateModified":"2014-01-30T18:46:48+01:00","inLanguage":"es-ES","mainEntityOfPage":{"@id":"https:\/\/www.eldigitaldeasturias.com\/noticias\/una-organizacion-cristiana-alquilo-ninos-a-su-cargo-a-pederastas-en-australia\/#webpage"},"isPartOf":{"@id":"https:\/\/www.eldigitaldeasturias.com\/noticias\/una-organizacion-cristiana-alquilo-ninos-a-su-cargo-a-pederastas-en-australia\/#webpage"},"articleSection":"Actualidad, Sucesos"},{"@type":"BreadcrumbList","@id":"https:\/\/www.eldigitaldeasturias.com\/noticias\/una-organizacion-cristiana-alquilo-ninos-a-su-cargo-a-pederastas-en-australia\/#breadcrumblist","itemListElement":[{"@type":"ListItem","@id":"https:\/\/www.eldigitaldeasturias.com\/noticias#listItem","position":1,"name":"Home","item":"https:\/\/www.eldigitaldeasturias.com\/noticias","nextItem":{"@type":"ListItem","@id":"https:\/\/www.eldigitaldeasturias.com\/noticias\/category\/actualidad\/#listItem","name":"Actualidad"}},{"@type":"ListItem","@id":"https:\/\/www.eldigitaldeasturias.com\/noticias\/category\/actualidad\/#listItem","position":2,"name":"Actualidad","item":"https:\/\/www.eldigitaldeasturias.com\/noticias\/category\/actualidad\/","nextItem":{"@type":"ListItem","@id":"https:\/\/www.eldigitaldeasturias.com\/noticias\/una-organizacion-cristiana-alquilo-ninos-a-su-cargo-a-pederastas-en-australia\/#listItem","name":"Una organizaci\u00f3n cristiana \u00abalquil\u00f3\u00bb ni\u00f1os a su cargo a pederastas en Australia"},"previousItem":{"@type":"ListItem","@id":"https:\/\/www.eldigitaldeasturias.com\/noticias#listItem","name":"Home"}},{"@type":"ListItem","@id":"https:\/\/www.eldigitaldeasturias.com\/noticias\/una-organizacion-cristiana-alquilo-ninos-a-su-cargo-a-pederastas-en-australia\/#listItem","position":3,"name":"Una organizaci\u00f3n cristiana \u00abalquil\u00f3\u00bb ni\u00f1os a su cargo a pederastas en Australia","previousItem":{"@type":"ListItem","@id":"https:\/\/www.eldigitaldeasturias.com\/noticias\/category\/actualidad\/#listItem","name":"Actualidad"}}]},{"@type":"Organization","@id":"https:\/\/www.eldigitaldeasturias.com\/noticias\/#organization","name":"El Digital de Asturias","description":"Hemeroteca","url":"https:\/\/www.eldigitaldeasturias.com\/noticias\/","email":"info@eldigitaldeasturias.com","telephone":"+34652131393","logo":{"@type":"ImageObject","url":"https:\/\/www.eldigitaldeasturias.com\/noticias\/wp-content\/uploads\/2020\/12\/EDA.jpg","@id":"https:\/\/www.eldigitaldeasturias.com\/noticias\/una-organizacion-cristiana-alquilo-ninos-a-su-cargo-a-pederastas-en-australia\/#organizationLogo"},"image":{"@id":"https:\/\/www.eldigitaldeasturias.com\/noticias\/una-organizacion-cristiana-alquilo-ninos-a-su-cargo-a-pederastas-en-australia\/#organizationLogo"},"sameAs":["https:\/\/facebook.com\/eldigitaldeasturias","https:\/\/www.youtube.com\/channel\/UCZP-2wLEB9Rv6erhFmqVnvg"],"address":{"@id":"https:\/\/www.eldigitaldeasturias.com\/noticias\/#postaladdress","@type":"PostalAddress","streetAddress":"san antonio 4","postalCode":"33430","addressLocality":"Cand\u00e1s","addressRegion":"Asturias","addressCountry":"ES"}},{"@type":"Person","@id":"https:\/\/www.eldigitaldeasturias.com\/noticias\/author\/admin\/#author","url":"https:\/\/www.eldigitaldeasturias.com\/noticias\/author\/admin\/","name":"El Digital de Asturias","image":{"@type":"ImageObject","@id":"https:\/\/www.eldigitaldeasturias.com\/noticias\/una-organizacion-cristiana-alquilo-ninos-a-su-cargo-a-pederastas-en-australia\/#authorImage","url":"https:\/\/secure.gravatar.com\/avatar\/df2aeffc32bcd13f8d26072ef8a91b623d677766deac7f97ca815868cd41bf5e?s=96&d=mm&r=g","width":96,"height":96,"caption":"El Digital de Asturias"}},{"@type":"WebPage","@id":"https:\/\/www.eldigitaldeasturias.com\/noticias\/una-organizacion-cristiana-alquilo-ninos-a-su-cargo-a-pederastas-en-australia\/#webpage","url":"https:\/\/www.eldigitaldeasturias.com\/noticias\/una-organizacion-cristiana-alquilo-ninos-a-su-cargo-a-pederastas-en-australia\/","name":"Una organizaci\u00f3n cristiana \u00abalquil\u00f3\u00bb ni\u00f1os a su cargo a pederastas en Australia - El Digital de Asturias","description":"S\u00eddney (Australia), 30 ene (EFE).- Ni\u00f1os al cuidado de una organizaci\u00f3n cristiana australiana fueron \"alquilados\" a pederastas, seg\u00fan denunci\u00f3 hoy un testigo ante la comisi\u00f3n que investiga los abusos sexuales de menores cometidos en instituciones del pa\u00eds. La comisi\u00f3n, que analiza la gesti\u00f3n del \"Ej\u00e9rcito de Salvaci\u00f3n\" en cuatro de sus centro entre 1966 y","inLanguage":"es-ES","isPartOf":{"@id":"https:\/\/www.eldigitaldeasturias.com\/noticias\/#website"},"breadcrumb":{"@id":"https:\/\/www.eldigitaldeasturias.com\/noticias\/una-organizacion-cristiana-alquilo-ninos-a-su-cargo-a-pederastas-en-australia\/#breadcrumblist"},"author":{"@id":"https:\/\/www.eldigitaldeasturias.com\/noticias\/author\/admin\/#author"},"creator":{"@id":"https:\/\/www.eldigitaldeasturias.com\/noticias\/author\/admin\/#author"},"image":{"@type":"ImageObject","url":"https:\/\/www.eldigitaldeasturias.com\/noticias\/wp-content\/uploads\/2026\/06\/Contenidos.jpg","@id":"https:\/\/www.eldigitaldeasturias.com\/noticias\/una-organizacion-cristiana-alquilo-ninos-a-su-cargo-a-pederastas-en-australia\/#mainImage","width":1265,"height":697,"caption":"Contenidos"},"primaryImageOfPage":{"@id":"https:\/\/www.eldigitaldeasturias.com\/noticias\/una-organizacion-cristiana-alquilo-ninos-a-su-cargo-a-pederastas-en-australia\/#mainImage"},"datePublished":"2014-01-30T18:46:48+01:00","dateModified":"2014-01-30T18:46:48+01:00"},{"@type":"WebSite","@id":"https:\/\/www.eldigitaldeasturias.com\/noticias\/#website","url":"https:\/\/www.eldigitaldeasturias.com\/noticias\/","name":"El Digital de Asturias - Diario de actualidad y noticias","alternateName":"El Digital de Asturias - Diario de actualidad y noticias","description":"Hemeroteca","inLanguage":"es-ES","publisher":{"@id":"https:\/\/www.eldigitaldeasturias.com\/noticias\/#organization"}}]},"og:locale":"es_ES","og:site_name":"El Digital de Asturias","og:type":"article","og:title":"Una organizaci\u00f3n cristiana \u00abalquil\u00f3\u00bb ni\u00f1os a su cargo a pederastas en Australia - El Digital de Asturias","og:description":"S\u00eddney (Australia), 30 ene (EFE).- Ni\u00f1os al cuidado de una organizaci\u00f3n cristiana australiana fueron &quot;alquilados&quot; a pederastas, seg\u00fan denunci\u00f3 hoy un testigo ante la comisi\u00f3n que investiga los abusos sexuales de menores cometidos en instituciones del pa\u00eds. La comisi\u00f3n, que analiza la gesti\u00f3n del &quot;Ej\u00e9rcito de Salvaci\u00f3n&quot; en cuatro de sus centro entre 1966 y","og:url":"https:\/\/www.eldigitaldeasturias.com\/noticias\/una-organizacion-cristiana-alquilo-ninos-a-su-cargo-a-pederastas-en-australia\/","og:image":"https:\/\/www.eldigitaldeasturias.com\/noticias\/wp-content\/uploads\/2026\/06\/Contenidos.jpg","og:image:secure_url":"https:\/\/www.eldigitaldeasturias.com\/noticias\/wp-content\/uploads\/2026\/06\/Contenidos.jpg","og:image:width":1265,"og:image:height":697,"article:tag":["actualidad","sucesos"],"article:published_time":"2014-01-30T19:46:48+00:00","article:modified_time":"2014-01-30T19:46:48+00:00","article:publisher":"https:\/\/facebook.com\/eldigitaldeasturias","twitter:card":"summary_large_image","twitter:title":"Una organizaci\u00f3n cristiana \u00abalquil\u00f3\u00bb ni\u00f1os a su cargo a pederastas en Australia - El Digital de Asturias","twitter:description":"S\u00eddney (Australia), 30 ene (EFE).- Ni\u00f1os al cuidado de una organizaci\u00f3n cristiana australiana fueron &quot;alquilados&quot; a pederastas, seg\u00fan denunci\u00f3 hoy un testigo ante la comisi\u00f3n que investiga los abusos sexuales de menores cometidos en instituciones del pa\u00eds. La comisi\u00f3n, que analiza la gesti\u00f3n del &quot;Ej\u00e9rcito de Salvaci\u00f3n&quot; en cuatro de sus centro entre 1966 y","twitter:image":"https:\/\/www.eldigitaldeasturias.com\/noticias\/wp-content\/uploads\/2026\/06\/Contenidos.jpg","twitter:label1":"Escrito por","twitter:data1":"El Digital de Asturias","twitter:label2":"Tiempo de lectura estimado","twitter:data2":"2 minutos"},"aioseo_meta_data":{"post_id":"480562","title":null,"description":null,"keywords":null,"keyphrases":null,"primary_term":null,"canonical_url":null,"og_title":null,"og_description":null,"og_object_type":"default","og_image_type":"default","og_image_url":null,"og_image_width":null,"og_image_height":null,"og_image_custom_url":null,"og_image_custom_fields":null,"og_video":null,"og_custom_url":null,"og_article_section":null,"og_article_tags":null,"twitter_use_og":true,"twitter_card":"default","twitter_image_type":"default","twitter_image_url":null,"twitter_image_custom_url":null,"twitter_image_custom_fields":null,"twitter_title":null,"twitter_description":null,"schema":{"blockGraphs":[],"customGraphs":[],"default":{"data":{"Article":[],"Course":[],"Dataset":[],"FAQPage":[],"Movie":[],"Person":[],"Product":[],"ProductReview":[],"Car":[],"Recipe":[],"Service":[],"SoftwareApplication":[],"WebPage":[]},"graphName":"","isEnabled":true},"graphs":[],"defaultGraph":"","defaultPostTypeGraph":""},"schema_type":null,"schema_type_options":null,"pillar_content":false,"robots_default":true,"robots_noindex":false,"robots_noarchive":false,"robots_nosnippet":false,"robots_nofollow":false,"robots_noimageindex":false,"robots_noodp":false,"robots_notranslate":false,"robots_max_snippet":null,"robots_max_videopreview":null,"robots_max_imagepreview":"none","priority":null,"frequency":null,"local_seo":null,"seo_analyzer_scan_date":"2026-06-02 04:09:46","breadcrumb_settings":null,"limit_modified_date":false,"open_ai":null,"ai":null,"created":"2020-11-14 22:54:13","updated":"2026-06-02 04:09:46","focus_keyword":null,"additional_keywords":null,"truseo_locale":null},"aioseo_breadcrumb":"<div class=\"aioseo-breadcrumbs\"><span class=\"aioseo-breadcrumb\">\n\t<a href=\"https:\/\/www.eldigitaldeasturias.com\/noticias\" title=\"Home\">Home<\/a>\n<\/span><span class=\"aioseo-breadcrumb-separator\">\u2013<\/span><span class=\"aioseo-breadcrumb\">\n\t<a href=\"https:\/\/www.eldigitaldeasturias.com\/noticias\/category\/actualidad\/\" title=\"Actualidad\">Actualidad<\/a>\n<\/span><span class=\"aioseo-breadcrumb-separator\">\u2013<\/span><span class=\"aioseo-breadcrumb\">\n\t<a href=\"https:\/\/www.eldigitaldeasturias.com\/noticias\/una-organizacion-cristiana-alquilo-ninos-a-su-cargo-a-pederastas-en-australia\/\" title=\"Una organizaci\u00f3n cristiana \u00abalquil\u00f3\u00bb ni\u00f1os a su cargo a pederastas en Australia\">Una organizaci\u00f3n cristiana \u00abalquil\u00f3\u00bb ni\u00f1os a su cargo a pederastas en Australia<\/a>\n<\/span><\/div>","aioseo_breadcrumb_json":[{"label":"Home","link":"https:\/\/www.eldigitaldeasturias.com\/noticias"},{"label":"Actualidad","link":"https:\/\/www.eldigitaldeasturias.com\/noticias\/category\/actualidad\/"},{"label":"Una organizaci\u00f3n cristiana \u00abalquil\u00f3\u00bb ni\u00f1os a su cargo a pederastas en Australia","link":"https:\/\/www.eldigitaldeasturias.com\/noticias\/una-organizacion-cristiana-alquilo-ninos-a-su-cargo-a-pederastas-en-australia\/"}],"_links":{"self":[{"href":"https:\/\/www.eldigitaldeasturias.com\/noticias\/wp-json\/wp\/v2\/posts\/480562","targetHints":{"allow":["GET"]}}],"collection":[{"href":"https:\/\/www.eldigitaldeasturias.com\/noticias\/wp-json\/wp\/v2\/posts"}],"about":[{"href":"https:\/\/www.eldigitaldeasturias.com\/noticias\/wp-json\/wp\/v2\/types\/post"}],"author":[{"embeddable":true,"href":"https:\/\/www.eldigitaldeasturias.com\/noticias\/wp-json\/wp\/v2\/users\/1"}],"replies":[{"embeddable":true,"href":"https:\/\/www.eldigitaldeasturias.com\/noticias\/wp-json\/wp\/v2\/comments?post=480562"}],"version-history":[{"count":0,"href":"https:\/\/www.eldigitaldeasturias.com\/noticias\/wp-json\/wp\/v2\/posts\/480562\/revisions"}],"wp:featuredmedia":[{"embeddable":true,"href":"https:\/\/www.eldigitaldeasturias.com\/noticias\/wp-json\/wp\/v2\/media\/1132184"}],"wp:attachment":[{"href":"https:\/\/www.eldigitaldeasturias.com\/noticias\/wp-json\/wp\/v2\/media?parent=480562"}],"wp:term":[{"taxonomy":"category","embeddable":true,"href":"https:\/\/www.eldigitaldeasturias.com\/noticias\/wp-json\/wp\/v2\/categories?post=480562"},{"taxonomy":"post_tag","embeddable":true,"href":"https:\/\/www.eldigitaldeasturias.com\/noticias\/wp-json\/wp\/v2\/tags?post=480562"}],"curies":[{"name":"wp","href":"https:\/\/api.w.org\/{rel}","templated":true}]}}