{"id":480550,"date":"2014-01-30T18:24:49","date_gmt":"2014-01-30T19:24:49","guid":{"rendered":"http:\/\/www.eldigitaldeasturias.com\/noticias\/?p=480550"},"modified":"2014-01-30T18:24:49","modified_gmt":"2014-01-30T19:24:49","slug":"valenciano-ve-a-rajoy-maniatado-para-gobernar-por-las-contradicciones-del-pp","status":"publish","type":"post","link":"https:\/\/www.eldigitaldeasturias.com\/noticias\/valenciano-ve-a-rajoy-maniatado-para-gobernar-por-las-contradicciones-del-pp\/","title":{"rendered":"Valenciano ve a Rajoy maniatado para gobernar por las contradicciones del PP"},"content":{"rendered":"<p><img loading=\"lazy\" decoding=\"async\" class=\"alignleft size-medium wp-image-480551\" alt=\"5890531w\" src=\"https:\/\/www.eldigitaldeasturias.com\/noticias\/wp-content\/uploads\/2014\/01\/5890531w-308x320.jpg\" width=\"308\" height=\"320\" \/>Madrid, 30 ene (EFE).- La vicesecretaria general del PSOE, Elena Valenciano, ha considerado hoy que el presidente del Gobierno, Mariano Rajoy, se encuentra \u00abmaniatado\u00bb para gobernar \u00abcomo dios manda\u00bb, entre otras cosas por las \u00abcontradicciones tremendas, casi insalvables\u00bb que, seg\u00fan ha dicho, existen en el PP.<\/p>\n<p>En una entrevista en RNE, recogida por Efe, Valenciano ha se\u00f1alado que la marcha de Alejo Vidal-Quadras del PP y el anuncio de Jaime Mayor Oreja de no repetir como cabeza de lista al Parlamento Europeo ha generado un \u00abboquete muy importante\u00bb en ese partido y lo m\u00e1s probable, de acuerdo con su criterio, es que quieran \u00abrellenarlo pronto\u00bb.<\/p>\n<p>Valenciano ha juzgado que esas noticias han venido a remover m\u00e1s al PP y a un Gobierno \u00ablleno de contradicciones\u00bb, que toma decisiones que no siguen ni en las comunidades en las que gobiernan, de tal manera que Rajoy est\u00e1 \u00abcompletamente maniatado\u00bb y ha decidido esperar a ver si \u00abamaina\u00bb.<\/p>\n<p>Con todo, ha definido a Rajoy como un pol\u00edtico cuya forma de gobernar es \u00abno hacer nada\u00bb.<\/p>\n<p>Tambi\u00e9n ha indicado que la sanidad y la educaci\u00f3n son \u00abel paradigma del fracaso del PP en el Gobierno\u00bb, despu\u00e9s de la renuncia de la Comunidad de Madrid al proceso de privatizaci\u00f3n sanitaria o la decisi\u00f3n del Ministerio de Educaci\u00f3n de aplazar parte del desarrollo de la Ley de Educaci\u00f3n (Lomce).<\/p>\n","protected":false},"excerpt":{"rendered":"<p>Madrid, 30 ene (EFE).- La vicesecretaria general del PSOE, Elena Valenciano, ha considerado hoy que el presidente del Gobierno, Mariano Rajoy, se encuentra \u00abmaniatado\u00bb para gobernar \u00abcomo dios manda\u00bb, entre otras cosas por las \u00abcontradicciones tremendas, casi insalvables\u00bb que, seg\u00fan ha dicho, existen en el PP. En una entrevista en RNE, recogida por Efe, Valenciano [&hellip;]<\/p>\n","protected":false},"author":1,"featured_media":1132184,"comment_status":"closed","ping_status":"open","sticky":false,"template":"","format":"standard","meta":{"footnotes":""},"categories":[1],"tags":[],"class_list":["post-480550","post","type-post","status-publish","format-standard","has-post-thumbnail","hentry","category-actualidad"],"aioseo_notices":[],"aioseo_head":"\n\t\t<!-- All in One SEO Pro 5.0.1 - aioseo.com -->\n\t<meta name=\"description\" content=\"Madrid, 30 ene (EFE).- La vicesecretaria general del PSOE, Elena Valenciano, ha considerado hoy que el presidente del Gobierno, Mariano Rajoy, se encuentra &quot;maniatado&quot; para gobernar &quot;como dios manda&quot;, entre otras cosas por las &quot;contradicciones tremendas, casi insalvables&quot; que, seg\u00fan ha dicho, existen en el PP. En una entrevista en RNE, recogida por Efe, Valenciano\" \/>\n\t<meta name=\"robots\" content=\"max-image-preview:large\" \/>\n\t<meta name=\"author\" content=\"El Digital de Asturias\"\/>\n\t<meta name=\"google-site-verification\" content=\"UA-38556648-1\" \/>\n\t<meta name=\"msvalidate.01\" content=\"7dfe9f3f1b24437ab69f4f2559babe99\" \/>\n\t<meta name=\"keywords\" content=\"actualidad\" \/>\n\t<link rel=\"canonical\" href=\"https:\/\/www.eldigitaldeasturias.com\/noticias\/valenciano-ve-a-rajoy-maniatado-para-gobernar-por-las-contradicciones-del-pp\/\" \/>\n\t<meta name=\"generator\" content=\"All in One SEO Pro (AIOSEO) 5.0.1\" \/>\n\t\t<meta property=\"og:locale\" content=\"es_ES\" \/>\n\t\t<meta property=\"og:site_name\" content=\"El Digital de Asturias\" \/>\n\t\t<meta property=\"og:type\" content=\"article\" \/>\n\t\t<meta property=\"og:title\" content=\"Valenciano ve a Rajoy maniatado para gobernar por las contradicciones del PP - El Digital de Asturias\" \/>\n\t\t<meta property=\"og:description\" content=\"Madrid, 30 ene (EFE).- La vicesecretaria general del PSOE, Elena Valenciano, ha considerado hoy que el presidente del Gobierno, Mariano Rajoy, se encuentra &quot;maniatado&quot; para gobernar &quot;como dios manda&quot;, entre otras cosas por las &quot;contradicciones tremendas, casi insalvables&quot; que, seg\u00fan ha dicho, existen en el PP. En una entrevista en RNE, recogida por Efe, Valenciano\" \/>\n\t\t<meta property=\"og:url\" content=\"https:\/\/www.eldigitaldeasturias.com\/noticias\/valenciano-ve-a-rajoy-maniatado-para-gobernar-por-las-contradicciones-del-pp\/\" \/>\n\t\t<meta property=\"og:image\" content=\"https:\/\/www.eldigitaldeasturias.com\/noticias\/wp-content\/uploads\/2026\/06\/Contenidos.jpg\" \/>\n\t\t<meta property=\"og:image:secure_url\" content=\"https:\/\/www.eldigitaldeasturias.com\/noticias\/wp-content\/uploads\/2026\/06\/Contenidos.jpg\" \/>\n\t\t<meta property=\"og:image:width\" content=\"1265\" \/>\n\t\t<meta property=\"og:image:height\" content=\"697\" \/>\n\t\t<meta property=\"article:tag\" content=\"actualidad\" \/>\n\t\t<meta property=\"article:published_time\" content=\"2014-01-30T19:24:49+00:00\" \/>\n\t\t<meta property=\"article:modified_time\" content=\"2014-01-30T19:24:49+00:00\" \/>\n\t\t<meta property=\"article:publisher\" content=\"https:\/\/facebook.com\/eldigitaldeasturias\" \/>\n\t\t<meta name=\"twitter:card\" content=\"summary_large_image\" \/>\n\t\t<meta name=\"twitter:title\" content=\"Valenciano ve a Rajoy maniatado para gobernar por las contradicciones del PP - El Digital de Asturias\" \/>\n\t\t<meta name=\"twitter:description\" content=\"Madrid, 30 ene (EFE).- La vicesecretaria general del PSOE, Elena Valenciano, ha considerado hoy que el presidente del Gobierno, Mariano Rajoy, se encuentra &quot;maniatado&quot; para gobernar &quot;como dios manda&quot;, entre otras cosas por las &quot;contradicciones tremendas, casi insalvables&quot; que, seg\u00fan ha dicho, existen en el PP. En una entrevista en RNE, recogida por Efe, Valenciano\" \/>\n\t\t<meta name=\"twitter:image\" content=\"https:\/\/www.eldigitaldeasturias.com\/noticias\/wp-content\/uploads\/2026\/06\/Contenidos.jpg\" \/>\n\t\t<meta name=\"twitter:label1\" content=\"Escrito por\" \/>\n\t\t<meta name=\"twitter:data1\" content=\"El Digital de Asturias\" \/>\n\t\t<meta name=\"twitter:label2\" content=\"Tiempo de lectura estimado\" \/>\n\t\t<meta name=\"twitter:data2\" content=\"1 minuto\" \/>\n\t\t<script type=\"application\/ld+json\" class=\"aioseo-schema\">\n\t\t\t{\"@context\":\"https:\\\/\\\/schema.org\",\"@graph\":[{\"@type\":\"BlogPosting\",\"@id\":\"https:\\\/\\\/www.eldigitaldeasturias.com\\\/noticias\\\/valenciano-ve-a-rajoy-maniatado-para-gobernar-por-las-contradicciones-del-pp\\\/#blogposting\",\"name\":\"Valenciano ve a Rajoy maniatado para gobernar por las contradicciones del PP - El Digital de Asturias\",\"headline\":\"Valenciano ve a Rajoy maniatado para gobernar por las contradicciones del PP\",\"author\":{\"@id\":\"https:\\\/\\\/www.eldigitaldeasturias.com\\\/noticias\\\/author\\\/admin\\\/#author\"},\"publisher\":{\"@id\":\"https:\\\/\\\/www.eldigitaldeasturias.com\\\/noticias\\\/#organization\"},\"image\":{\"@type\":\"ImageObject\",\"url\":\"https:\\\/\\\/www.eldigitaldeasturias.com\\\/noticias\\\/wp-content\\\/uploads\\\/2026\\\/06\\\/Contenidos.jpg\",\"width\":1265,\"height\":697,\"caption\":\"Contenidos\"},\"datePublished\":\"2014-01-30T18:24:49+01:00\",\"dateModified\":\"2014-01-30T18:24:49+01:00\",\"inLanguage\":\"es-ES\",\"mainEntityOfPage\":{\"@id\":\"https:\\\/\\\/www.eldigitaldeasturias.com\\\/noticias\\\/valenciano-ve-a-rajoy-maniatado-para-gobernar-por-las-contradicciones-del-pp\\\/#webpage\"},\"isPartOf\":{\"@id\":\"https:\\\/\\\/www.eldigitaldeasturias.com\\\/noticias\\\/valenciano-ve-a-rajoy-maniatado-para-gobernar-por-las-contradicciones-del-pp\\\/#webpage\"},\"articleSection\":\"Actualidad\"},{\"@type\":\"BreadcrumbList\",\"@id\":\"https:\\\/\\\/www.eldigitaldeasturias.com\\\/noticias\\\/valenciano-ve-a-rajoy-maniatado-para-gobernar-por-las-contradicciones-del-pp\\\/#breadcrumblist\",\"itemListElement\":[{\"@type\":\"ListItem\",\"@id\":\"https:\\\/\\\/www.eldigitaldeasturias.com\\\/noticias#listItem\",\"position\":1,\"name\":\"Home\",\"item\":\"https:\\\/\\\/www.eldigitaldeasturias.com\\\/noticias\",\"nextItem\":{\"@type\":\"ListItem\",\"@id\":\"https:\\\/\\\/www.eldigitaldeasturias.com\\\/noticias\\\/category\\\/actualidad\\\/#listItem\",\"name\":\"Actualidad\"}},{\"@type\":\"ListItem\",\"@id\":\"https:\\\/\\\/www.eldigitaldeasturias.com\\\/noticias\\\/category\\\/actualidad\\\/#listItem\",\"position\":2,\"name\":\"Actualidad\",\"item\":\"https:\\\/\\\/www.eldigitaldeasturias.com\\\/noticias\\\/category\\\/actualidad\\\/\",\"nextItem\":{\"@type\":\"ListItem\",\"@id\":\"https:\\\/\\\/www.eldigitaldeasturias.com\\\/noticias\\\/valenciano-ve-a-rajoy-maniatado-para-gobernar-por-las-contradicciones-del-pp\\\/#listItem\",\"name\":\"Valenciano ve a Rajoy maniatado para gobernar por las contradicciones del PP\"},\"previousItem\":{\"@type\":\"ListItem\",\"@id\":\"https:\\\/\\\/www.eldigitaldeasturias.com\\\/noticias#listItem\",\"name\":\"Home\"}},{\"@type\":\"ListItem\",\"@id\":\"https:\\\/\\\/www.eldigitaldeasturias.com\\\/noticias\\\/valenciano-ve-a-rajoy-maniatado-para-gobernar-por-las-contradicciones-del-pp\\\/#listItem\",\"position\":3,\"name\":\"Valenciano ve a Rajoy maniatado para gobernar por las contradicciones del PP\",\"previousItem\":{\"@type\":\"ListItem\",\"@id\":\"https:\\\/\\\/www.eldigitaldeasturias.com\\\/noticias\\\/category\\\/actualidad\\\/#listItem\",\"name\":\"Actualidad\"}}]},{\"@type\":\"Organization\",\"@id\":\"https:\\\/\\\/www.eldigitaldeasturias.com\\\/noticias\\\/#organization\",\"name\":\"El Digital de Asturias\",\"description\":\"Hemeroteca\",\"url\":\"https:\\\/\\\/www.eldigitaldeasturias.com\\\/noticias\\\/\",\"email\":\"info@eldigitaldeasturias.com\",\"telephone\":\"+34652131393\",\"logo\":{\"@type\":\"ImageObject\",\"url\":\"https:\\\/\\\/www.eldigitaldeasturias.com\\\/noticias\\\/wp-content\\\/uploads\\\/2020\\\/12\\\/EDA.jpg\",\"@id\":\"https:\\\/\\\/www.eldigitaldeasturias.com\\\/noticias\\\/valenciano-ve-a-rajoy-maniatado-para-gobernar-por-las-contradicciones-del-pp\\\/#organizationLogo\"},\"image\":{\"@id\":\"https:\\\/\\\/www.eldigitaldeasturias.com\\\/noticias\\\/valenciano-ve-a-rajoy-maniatado-para-gobernar-por-las-contradicciones-del-pp\\\/#organizationLogo\"},\"sameAs\":[\"https:\\\/\\\/facebook.com\\\/eldigitaldeasturias\",\"https:\\\/\\\/www.youtube.com\\\/channel\\\/UCZP-2wLEB9Rv6erhFmqVnvg\"],\"address\":{\"@id\":\"https:\\\/\\\/www.eldigitaldeasturias.com\\\/noticias\\\/#postaladdress\",\"@type\":\"PostalAddress\",\"streetAddress\":\"san antonio 4\",\"postalCode\":\"33430\",\"addressLocality\":\"Cand\\u00e1s\",\"addressRegion\":\"Asturias\",\"addressCountry\":\"ES\"}},{\"@type\":\"Person\",\"@id\":\"https:\\\/\\\/www.eldigitaldeasturias.com\\\/noticias\\\/author\\\/admin\\\/#author\",\"url\":\"https:\\\/\\\/www.eldigitaldeasturias.com\\\/noticias\\\/author\\\/admin\\\/\",\"name\":\"El Digital de Asturias\",\"image\":{\"@type\":\"ImageObject\",\"@id\":\"https:\\\/\\\/www.eldigitaldeasturias.com\\\/noticias\\\/valenciano-ve-a-rajoy-maniatado-para-gobernar-por-las-contradicciones-del-pp\\\/#authorImage\",\"url\":\"https:\\\/\\\/secure.gravatar.com\\\/avatar\\\/df2aeffc32bcd13f8d26072ef8a91b623d677766deac7f97ca815868cd41bf5e?s=96&d=mm&r=g\",\"width\":96,\"height\":96,\"caption\":\"El Digital de Asturias\"}},{\"@type\":\"WebPage\",\"@id\":\"https:\\\/\\\/www.eldigitaldeasturias.com\\\/noticias\\\/valenciano-ve-a-rajoy-maniatado-para-gobernar-por-las-contradicciones-del-pp\\\/#webpage\",\"url\":\"https:\\\/\\\/www.eldigitaldeasturias.com\\\/noticias\\\/valenciano-ve-a-rajoy-maniatado-para-gobernar-por-las-contradicciones-del-pp\\\/\",\"name\":\"Valenciano ve a Rajoy maniatado para gobernar por las contradicciones del PP - El Digital de Asturias\",\"description\":\"Madrid, 30 ene (EFE).- La vicesecretaria general del PSOE, Elena Valenciano, ha considerado hoy que el presidente del Gobierno, Mariano Rajoy, se encuentra \\\"maniatado\\\" para gobernar \\\"como dios manda\\\", entre otras cosas por las \\\"contradicciones tremendas, casi insalvables\\\" que, seg\\u00fan ha dicho, existen en el PP. En una entrevista en RNE, recogida por Efe, Valenciano\",\"inLanguage\":\"es-ES\",\"isPartOf\":{\"@id\":\"https:\\\/\\\/www.eldigitaldeasturias.com\\\/noticias\\\/#website\"},\"breadcrumb\":{\"@id\":\"https:\\\/\\\/www.eldigitaldeasturias.com\\\/noticias\\\/valenciano-ve-a-rajoy-maniatado-para-gobernar-por-las-contradicciones-del-pp\\\/#breadcrumblist\"},\"author\":{\"@id\":\"https:\\\/\\\/www.eldigitaldeasturias.com\\\/noticias\\\/author\\\/admin\\\/#author\"},\"creator\":{\"@id\":\"https:\\\/\\\/www.eldigitaldeasturias.com\\\/noticias\\\/author\\\/admin\\\/#author\"},\"image\":{\"@type\":\"ImageObject\",\"url\":\"https:\\\/\\\/www.eldigitaldeasturias.com\\\/noticias\\\/wp-content\\\/uploads\\\/2026\\\/06\\\/Contenidos.jpg\",\"@id\":\"https:\\\/\\\/www.eldigitaldeasturias.com\\\/noticias\\\/valenciano-ve-a-rajoy-maniatado-para-gobernar-por-las-contradicciones-del-pp\\\/#mainImage\",\"width\":1265,\"height\":697,\"caption\":\"Contenidos\"},\"primaryImageOfPage\":{\"@id\":\"https:\\\/\\\/www.eldigitaldeasturias.com\\\/noticias\\\/valenciano-ve-a-rajoy-maniatado-para-gobernar-por-las-contradicciones-del-pp\\\/#mainImage\"},\"datePublished\":\"2014-01-30T18:24:49+01:00\",\"dateModified\":\"2014-01-30T18:24:49+01:00\"},{\"@type\":\"WebSite\",\"@id\":\"https:\\\/\\\/www.eldigitaldeasturias.com\\\/noticias\\\/#website\",\"url\":\"https:\\\/\\\/www.eldigitaldeasturias.com\\\/noticias\\\/\",\"name\":\"El Digital de Asturias - Diario de actualidad y noticias\",\"alternateName\":\"El Digital de Asturias - Diario de actualidad y noticias\",\"description\":\"Hemeroteca\",\"inLanguage\":\"es-ES\",\"publisher\":{\"@id\":\"https:\\\/\\\/www.eldigitaldeasturias.com\\\/noticias\\\/#organization\"}}]}\n\t\t<\/script>\n\t\t<!-- All in One SEO Pro -->\r\n\t\t<title>Valenciano ve a Rajoy maniatado para gobernar por las contradicciones del PP - El Digital de Asturias<\/title>\n\n","aioseo_head_json":{"title":"Valenciano ve a Rajoy maniatado para gobernar por las contradicciones del PP - El Digital de Asturias","description":"Madrid, 30 ene (EFE).- La vicesecretaria general del PSOE, Elena Valenciano, ha considerado hoy que el presidente del Gobierno, Mariano Rajoy, se encuentra \"maniatado\" para gobernar \"como dios manda\", entre otras cosas por las \"contradicciones tremendas, casi insalvables\" que, seg\u00fan ha dicho, existen en el PP. En una entrevista en RNE, recogida por Efe, Valenciano","canonical_url":"https:\/\/www.eldigitaldeasturias.com\/noticias\/valenciano-ve-a-rajoy-maniatado-para-gobernar-por-las-contradicciones-del-pp\/","robots":"max-image-preview:large","keywords":"actualidad","webmasterTools":{"google-site-verification":"UA-38556648-1","msvalidate.01":"7dfe9f3f1b24437ab69f4f2559babe99","miscellaneous":""},"schema":{"@context":"https:\/\/schema.org","@graph":[{"@type":"BlogPosting","@id":"https:\/\/www.eldigitaldeasturias.com\/noticias\/valenciano-ve-a-rajoy-maniatado-para-gobernar-por-las-contradicciones-del-pp\/#blogposting","name":"Valenciano ve a Rajoy maniatado para gobernar por las contradicciones del PP - El Digital de Asturias","headline":"Valenciano ve a Rajoy maniatado para gobernar por las contradicciones del PP","author":{"@id":"https:\/\/www.eldigitaldeasturias.com\/noticias\/author\/admin\/#author"},"publisher":{"@id":"https:\/\/www.eldigitaldeasturias.com\/noticias\/#organization"},"image":{"@type":"ImageObject","url":"https:\/\/www.eldigitaldeasturias.com\/noticias\/wp-content\/uploads\/2026\/06\/Contenidos.jpg","width":1265,"height":697,"caption":"Contenidos"},"datePublished":"2014-01-30T18:24:49+01:00","dateModified":"2014-01-30T18:24:49+01:00","inLanguage":"es-ES","mainEntityOfPage":{"@id":"https:\/\/www.eldigitaldeasturias.com\/noticias\/valenciano-ve-a-rajoy-maniatado-para-gobernar-por-las-contradicciones-del-pp\/#webpage"},"isPartOf":{"@id":"https:\/\/www.eldigitaldeasturias.com\/noticias\/valenciano-ve-a-rajoy-maniatado-para-gobernar-por-las-contradicciones-del-pp\/#webpage"},"articleSection":"Actualidad"},{"@type":"BreadcrumbList","@id":"https:\/\/www.eldigitaldeasturias.com\/noticias\/valenciano-ve-a-rajoy-maniatado-para-gobernar-por-las-contradicciones-del-pp\/#breadcrumblist","itemListElement":[{"@type":"ListItem","@id":"https:\/\/www.eldigitaldeasturias.com\/noticias#listItem","position":1,"name":"Home","item":"https:\/\/www.eldigitaldeasturias.com\/noticias","nextItem":{"@type":"ListItem","@id":"https:\/\/www.eldigitaldeasturias.com\/noticias\/category\/actualidad\/#listItem","name":"Actualidad"}},{"@type":"ListItem","@id":"https:\/\/www.eldigitaldeasturias.com\/noticias\/category\/actualidad\/#listItem","position":2,"name":"Actualidad","item":"https:\/\/www.eldigitaldeasturias.com\/noticias\/category\/actualidad\/","nextItem":{"@type":"ListItem","@id":"https:\/\/www.eldigitaldeasturias.com\/noticias\/valenciano-ve-a-rajoy-maniatado-para-gobernar-por-las-contradicciones-del-pp\/#listItem","name":"Valenciano ve a Rajoy maniatado para gobernar por las contradicciones del PP"},"previousItem":{"@type":"ListItem","@id":"https:\/\/www.eldigitaldeasturias.com\/noticias#listItem","name":"Home"}},{"@type":"ListItem","@id":"https:\/\/www.eldigitaldeasturias.com\/noticias\/valenciano-ve-a-rajoy-maniatado-para-gobernar-por-las-contradicciones-del-pp\/#listItem","position":3,"name":"Valenciano ve a Rajoy maniatado para gobernar por las contradicciones del PP","previousItem":{"@type":"ListItem","@id":"https:\/\/www.eldigitaldeasturias.com\/noticias\/category\/actualidad\/#listItem","name":"Actualidad"}}]},{"@type":"Organization","@id":"https:\/\/www.eldigitaldeasturias.com\/noticias\/#organization","name":"El Digital de Asturias","description":"Hemeroteca","url":"https:\/\/www.eldigitaldeasturias.com\/noticias\/","email":"info@eldigitaldeasturias.com","telephone":"+34652131393","logo":{"@type":"ImageObject","url":"https:\/\/www.eldigitaldeasturias.com\/noticias\/wp-content\/uploads\/2020\/12\/EDA.jpg","@id":"https:\/\/www.eldigitaldeasturias.com\/noticias\/valenciano-ve-a-rajoy-maniatado-para-gobernar-por-las-contradicciones-del-pp\/#organizationLogo"},"image":{"@id":"https:\/\/www.eldigitaldeasturias.com\/noticias\/valenciano-ve-a-rajoy-maniatado-para-gobernar-por-las-contradicciones-del-pp\/#organizationLogo"},"sameAs":["https:\/\/facebook.com\/eldigitaldeasturias","https:\/\/www.youtube.com\/channel\/UCZP-2wLEB9Rv6erhFmqVnvg"],"address":{"@id":"https:\/\/www.eldigitaldeasturias.com\/noticias\/#postaladdress","@type":"PostalAddress","streetAddress":"san antonio 4","postalCode":"33430","addressLocality":"Cand\u00e1s","addressRegion":"Asturias","addressCountry":"ES"}},{"@type":"Person","@id":"https:\/\/www.eldigitaldeasturias.com\/noticias\/author\/admin\/#author","url":"https:\/\/www.eldigitaldeasturias.com\/noticias\/author\/admin\/","name":"El Digital de Asturias","image":{"@type":"ImageObject","@id":"https:\/\/www.eldigitaldeasturias.com\/noticias\/valenciano-ve-a-rajoy-maniatado-para-gobernar-por-las-contradicciones-del-pp\/#authorImage","url":"https:\/\/secure.gravatar.com\/avatar\/df2aeffc32bcd13f8d26072ef8a91b623d677766deac7f97ca815868cd41bf5e?s=96&d=mm&r=g","width":96,"height":96,"caption":"El Digital de Asturias"}},{"@type":"WebPage","@id":"https:\/\/www.eldigitaldeasturias.com\/noticias\/valenciano-ve-a-rajoy-maniatado-para-gobernar-por-las-contradicciones-del-pp\/#webpage","url":"https:\/\/www.eldigitaldeasturias.com\/noticias\/valenciano-ve-a-rajoy-maniatado-para-gobernar-por-las-contradicciones-del-pp\/","name":"Valenciano ve a Rajoy maniatado para gobernar por las contradicciones del PP - El Digital de Asturias","description":"Madrid, 30 ene (EFE).- La vicesecretaria general del PSOE, Elena Valenciano, ha considerado hoy que el presidente del Gobierno, Mariano Rajoy, se encuentra \"maniatado\" para gobernar \"como dios manda\", entre otras cosas por las \"contradicciones tremendas, casi insalvables\" que, seg\u00fan ha dicho, existen en el PP. En una entrevista en RNE, recogida por Efe, Valenciano","inLanguage":"es-ES","isPartOf":{"@id":"https:\/\/www.eldigitaldeasturias.com\/noticias\/#website"},"breadcrumb":{"@id":"https:\/\/www.eldigitaldeasturias.com\/noticias\/valenciano-ve-a-rajoy-maniatado-para-gobernar-por-las-contradicciones-del-pp\/#breadcrumblist"},"author":{"@id":"https:\/\/www.eldigitaldeasturias.com\/noticias\/author\/admin\/#author"},"creator":{"@id":"https:\/\/www.eldigitaldeasturias.com\/noticias\/author\/admin\/#author"},"image":{"@type":"ImageObject","url":"https:\/\/www.eldigitaldeasturias.com\/noticias\/wp-content\/uploads\/2026\/06\/Contenidos.jpg","@id":"https:\/\/www.eldigitaldeasturias.com\/noticias\/valenciano-ve-a-rajoy-maniatado-para-gobernar-por-las-contradicciones-del-pp\/#mainImage","width":1265,"height":697,"caption":"Contenidos"},"primaryImageOfPage":{"@id":"https:\/\/www.eldigitaldeasturias.com\/noticias\/valenciano-ve-a-rajoy-maniatado-para-gobernar-por-las-contradicciones-del-pp\/#mainImage"},"datePublished":"2014-01-30T18:24:49+01:00","dateModified":"2014-01-30T18:24:49+01:00"},{"@type":"WebSite","@id":"https:\/\/www.eldigitaldeasturias.com\/noticias\/#website","url":"https:\/\/www.eldigitaldeasturias.com\/noticias\/","name":"El Digital de Asturias - Diario de actualidad y noticias","alternateName":"El Digital de Asturias - Diario de actualidad y noticias","description":"Hemeroteca","inLanguage":"es-ES","publisher":{"@id":"https:\/\/www.eldigitaldeasturias.com\/noticias\/#organization"}}]},"og:locale":"es_ES","og:site_name":"El Digital de Asturias","og:type":"article","og:title":"Valenciano ve a Rajoy maniatado para gobernar por las contradicciones del PP - El Digital de Asturias","og:description":"Madrid, 30 ene (EFE).- La vicesecretaria general del PSOE, Elena Valenciano, ha considerado hoy que el presidente del Gobierno, Mariano Rajoy, se encuentra &quot;maniatado&quot; para gobernar &quot;como dios manda&quot;, entre otras cosas por las &quot;contradicciones tremendas, casi insalvables&quot; que, seg\u00fan ha dicho, existen en el PP. En una entrevista en RNE, recogida por Efe, Valenciano","og:url":"https:\/\/www.eldigitaldeasturias.com\/noticias\/valenciano-ve-a-rajoy-maniatado-para-gobernar-por-las-contradicciones-del-pp\/","og:image":"https:\/\/www.eldigitaldeasturias.com\/noticias\/wp-content\/uploads\/2026\/06\/Contenidos.jpg","og:image:secure_url":"https:\/\/www.eldigitaldeasturias.com\/noticias\/wp-content\/uploads\/2026\/06\/Contenidos.jpg","og:image:width":1265,"og:image:height":697,"article:tag":["actualidad"],"article:published_time":"2014-01-30T19:24:49+00:00","article:modified_time":"2014-01-30T19:24:49+00:00","article:publisher":"https:\/\/facebook.com\/eldigitaldeasturias","twitter:card":"summary_large_image","twitter:title":"Valenciano ve a Rajoy maniatado para gobernar por las contradicciones del PP - El Digital de Asturias","twitter:description":"Madrid, 30 ene (EFE).- La vicesecretaria general del PSOE, Elena Valenciano, ha considerado hoy que el presidente del Gobierno, Mariano Rajoy, se encuentra &quot;maniatado&quot; para gobernar &quot;como dios manda&quot;, entre otras cosas por las &quot;contradicciones tremendas, casi insalvables&quot; que, seg\u00fan ha dicho, existen en el PP. En una entrevista en RNE, recogida por Efe, Valenciano","twitter:image":"https:\/\/www.eldigitaldeasturias.com\/noticias\/wp-content\/uploads\/2026\/06\/Contenidos.jpg","twitter:label1":"Escrito por","twitter:data1":"El Digital de Asturias","twitter:label2":"Tiempo de lectura estimado","twitter:data2":"1 minuto"},"aioseo_meta_data":{"post_id":"480550","title":null,"description":null,"keywords":null,"keyphrases":null,"primary_term":null,"canonical_url":null,"og_title":null,"og_description":null,"og_object_type":"default","og_image_type":"default","og_image_url":null,"og_image_width":null,"og_image_height":null,"og_image_custom_url":null,"og_image_custom_fields":null,"og_video":null,"og_custom_url":null,"og_article_section":null,"og_article_tags":null,"twitter_use_og":true,"twitter_card":"default","twitter_image_type":"default","twitter_image_url":null,"twitter_image_custom_url":null,"twitter_image_custom_fields":null,"twitter_title":null,"twitter_description":null,"schema":{"blockGraphs":[],"customGraphs":[],"default":{"data":{"Article":[],"Course":[],"Dataset":[],"FAQPage":[],"Movie":[],"Person":[],"Product":[],"ProductReview":[],"Car":[],"Recipe":[],"Service":[],"SoftwareApplication":[],"WebPage":[]},"graphName":"","isEnabled":true},"graphs":[],"defaultGraph":"","defaultPostTypeGraph":""},"schema_type":null,"schema_type_options":null,"pillar_content":false,"robots_default":true,"robots_noindex":false,"robots_noarchive":false,"robots_nosnippet":false,"robots_nofollow":false,"robots_noimageindex":false,"robots_noodp":false,"robots_notranslate":false,"robots_max_snippet":null,"robots_max_videopreview":null,"robots_max_imagepreview":"none","priority":null,"frequency":null,"local_seo":null,"seo_analyzer_scan_date":"2026-06-02 04:07:48","breadcrumb_settings":null,"limit_modified_date":false,"open_ai":null,"ai":null,"created":"2020-11-14 22:54:13","updated":"2026-06-02 04:07:48","focus_keyword":null,"additional_keywords":null,"truseo_locale":null},"aioseo_breadcrumb":"<div class=\"aioseo-breadcrumbs\"><span class=\"aioseo-breadcrumb\">\n\t<a href=\"https:\/\/www.eldigitaldeasturias.com\/noticias\" title=\"Home\">Home<\/a>\n<\/span><span class=\"aioseo-breadcrumb-separator\">\u2013<\/span><span class=\"aioseo-breadcrumb\">\n\t<a href=\"https:\/\/www.eldigitaldeasturias.com\/noticias\/category\/actualidad\/\" title=\"Actualidad\">Actualidad<\/a>\n<\/span><span class=\"aioseo-breadcrumb-separator\">\u2013<\/span><span class=\"aioseo-breadcrumb\">\n\t<a href=\"https:\/\/www.eldigitaldeasturias.com\/noticias\/valenciano-ve-a-rajoy-maniatado-para-gobernar-por-las-contradicciones-del-pp\/\" title=\"Valenciano ve a Rajoy maniatado para gobernar por las contradicciones del PP\">Valenciano ve a Rajoy maniatado para gobernar por las contradicciones del PP<\/a>\n<\/span><\/div>","aioseo_breadcrumb_json":[{"label":"Home","link":"https:\/\/www.eldigitaldeasturias.com\/noticias"},{"label":"Actualidad","link":"https:\/\/www.eldigitaldeasturias.com\/noticias\/category\/actualidad\/"},{"label":"Valenciano ve a Rajoy maniatado para gobernar por las contradicciones del PP","link":"https:\/\/www.eldigitaldeasturias.com\/noticias\/valenciano-ve-a-rajoy-maniatado-para-gobernar-por-las-contradicciones-del-pp\/"}],"_links":{"self":[{"href":"https:\/\/www.eldigitaldeasturias.com\/noticias\/wp-json\/wp\/v2\/posts\/480550","targetHints":{"allow":["GET"]}}],"collection":[{"href":"https:\/\/www.eldigitaldeasturias.com\/noticias\/wp-json\/wp\/v2\/posts"}],"about":[{"href":"https:\/\/www.eldigitaldeasturias.com\/noticias\/wp-json\/wp\/v2\/types\/post"}],"author":[{"embeddable":true,"href":"https:\/\/www.eldigitaldeasturias.com\/noticias\/wp-json\/wp\/v2\/users\/1"}],"replies":[{"embeddable":true,"href":"https:\/\/www.eldigitaldeasturias.com\/noticias\/wp-json\/wp\/v2\/comments?post=480550"}],"version-history":[{"count":0,"href":"https:\/\/www.eldigitaldeasturias.com\/noticias\/wp-json\/wp\/v2\/posts\/480550\/revisions"}],"wp:featuredmedia":[{"embeddable":true,"href":"https:\/\/www.eldigitaldeasturias.com\/noticias\/wp-json\/wp\/v2\/media\/1132184"}],"wp:attachment":[{"href":"https:\/\/www.eldigitaldeasturias.com\/noticias\/wp-json\/wp\/v2\/media?parent=480550"}],"wp:term":[{"taxonomy":"category","embeddable":true,"href":"https:\/\/www.eldigitaldeasturias.com\/noticias\/wp-json\/wp\/v2\/categories?post=480550"},{"taxonomy":"post_tag","embeddable":true,"href":"https:\/\/www.eldigitaldeasturias.com\/noticias\/wp-json\/wp\/v2\/tags?post=480550"}],"curies":[{"name":"wp","href":"https:\/\/api.w.org\/{rel}","templated":true}]}}