{"id":480432,"date":"2014-01-30T09:11:50","date_gmt":"2014-01-30T10:11:50","guid":{"rendered":"http:\/\/www.eldigitaldeasturias.com\/noticias\/?p=480432"},"modified":"2014-01-30T09:11:50","modified_gmt":"2014-01-30T10:11:50","slug":"el-lider-opositor-ucraniano-dice-que-los-edificios-administrativos-seguiran-ocupados","status":"publish","type":"post","link":"https:\/\/www.eldigitaldeasturias.com\/noticias\/el-lider-opositor-ucraniano-dice-que-los-edificios-administrativos-seguiran-ocupados\/","title":{"rendered":"El l\u00edder opositor ucraniano dice que los edificios administrativos seguir\u00e1n ocupados"},"content":{"rendered":"<p><img loading=\"lazy\" decoding=\"async\" class=\"alignleft size-medium wp-image-480433\" alt=\"5890282w\" src=\"https:\/\/www.eldigitaldeasturias.com\/noticias\/wp-content\/uploads\/2014\/01\/5890282w-360x272.jpg\" width=\"360\" height=\"272\" \/>Kiev, 30 ene (EFE).- El l\u00edder del partido nacionalista ucraniano Svoboda (Libertad), Oleg Tiagnibok, afirm\u00f3 hoy que los manifestantes no abandonar\u00e1n los edificios administrativos ocupados para que entre en vigor la ley de amnist\u00eda aprobada anoche por la mayor\u00eda oficialista en el Parlamento.<\/p>\n<p>\u00abDesde luego que no\u00bb, contest\u00f3 Tiagnibok a la pregunta de los periodistas de si los manifestantes estaban dispuesto a cumplir la condici\u00f3n impuesta por el Parlamento para la entrada en vigor de la amnist\u00eda.<\/p>\n<p>El l\u00edder nacionalista denunci\u00f3 que la amnist\u00eda, aprobada con los votos del oficialista Partido de las Regiones, y de los comunistas, convierte en rehenes a los manifestantes detenidos.<\/p>\n<p>Adem\u00e1s, Tiagnibok subray\u00f3 que la ley de amnist\u00eda fue aprobada incumpliendo el reglamento, pues fue votada sin debate previo.<\/p>\n<p>Los grupos parlamentarios opositores, que exig\u00eda la aprobaci\u00f3n de un amnist\u00eda sin ning\u00fan tipo de condiciones, no participaron en la votaci\u00f3n.<\/p>\n<p>\u00abLa oposici\u00f3n se siente enga\u00f1ada. Los manifestantes no abandonar\u00e1n el Maid\u00e1n (la plaza de la Independencia) ni los edificios administrativos\u00bb, declar\u00f3 el diputado del partido opositor Batkivshina (Patria) Andr\u00e9i Porubi.<\/p>\n<p>Las protestas opositoras estallaron hace poco m\u00e1s de dos meses despu\u00e9s de que el Gobierno del presidente de Ucrania, V\u00edktor Yanuk\u00f3vich, aplazara de manera indefinida la firma del Acuerdo de Asociaci\u00f3n con la Uni\u00f3n Europea (UE), prevista para fines de noviembre del a\u00f1o pasado.<\/p>\n<p>Antes las creciente manifestaciones europe\u00edstas en el centro de Kiev, ocupado por la oposici\u00f3n, la mayor\u00eda parlamentaria oficialista aprob\u00f3 el pasado d\u00eda 16 una serie de leyes para restringir el derecho de reuni\u00f3n y otras libertades civiles.<\/p>\n<p>Tres d\u00edas despu\u00e9s, la capital ucraniana se convirti\u00f3 en escenario de violentos choques entre manifestantes y polic\u00edas antidisturbios que se cobraron varios muertos -seis, seg\u00fan la oposici\u00f3n; tres, de acuerdo a la versi\u00f3n oficial- y centenares de heridos.<\/p>\n<p>El 23 de enero, ante la gravedad de la situaci\u00f3n, las autoridades y los l\u00edderes opositores acordaron una tregua e iniciaron un proceso de negociaciones, en el que la oposici\u00f3n ha conseguido pr\u00e1cticamente todos sus objetivos, salvo la convocatoria de elecciones presidenciales y parlamentarias anticipadas.<\/p>\n","protected":false},"excerpt":{"rendered":"<p>Kiev, 30 ene (EFE).- El l\u00edder del partido nacionalista ucraniano Svoboda (Libertad), Oleg Tiagnibok, afirm\u00f3 hoy que los manifestantes no abandonar\u00e1n los edificios administrativos ocupados para que entre en vigor la ley de amnist\u00eda aprobada anoche por la mayor\u00eda oficialista en el Parlamento. \u00abDesde luego que no\u00bb, contest\u00f3 Tiagnibok a la pregunta de los periodistas [&hellip;]<\/p>\n","protected":false},"author":1,"featured_media":1132184,"comment_status":"closed","ping_status":"open","sticky":false,"template":"","format":"standard","meta":{"footnotes":""},"categories":[1],"tags":[],"class_list":["post-480432","post","type-post","status-publish","format-standard","has-post-thumbnail","hentry","category-actualidad"],"aioseo_notices":[],"aioseo_head":"\n\t\t<!-- All in One SEO Pro 5.0.1 - aioseo.com -->\n\t<meta name=\"description\" content=\"Kiev, 30 ene (EFE).- El l\u00edder del partido nacionalista ucraniano Svoboda (Libertad), Oleg Tiagnibok, afirm\u00f3 hoy que los manifestantes no abandonar\u00e1n los edificios administrativos ocupados para que entre en vigor la ley de amnist\u00eda aprobada anoche por la mayor\u00eda oficialista en el Parlamento. &quot;Desde luego que no&quot;, contest\u00f3 Tiagnibok a la pregunta de los periodistas\" \/>\n\t<meta name=\"robots\" content=\"max-image-preview:large\" \/>\n\t<meta name=\"author\" content=\"El Digital de Asturias\"\/>\n\t<meta name=\"google-site-verification\" content=\"UA-38556648-1\" \/>\n\t<meta name=\"msvalidate.01\" content=\"7dfe9f3f1b24437ab69f4f2559babe99\" \/>\n\t<meta name=\"keywords\" content=\"actualidad\" \/>\n\t<link rel=\"canonical\" href=\"https:\/\/www.eldigitaldeasturias.com\/noticias\/el-lider-opositor-ucraniano-dice-que-los-edificios-administrativos-seguiran-ocupados\/\" \/>\n\t<meta name=\"generator\" content=\"All in One SEO Pro (AIOSEO) 5.0.1\" \/>\n\t\t<meta property=\"og:locale\" content=\"es_ES\" \/>\n\t\t<meta property=\"og:site_name\" content=\"El Digital de Asturias\" \/>\n\t\t<meta property=\"og:type\" content=\"article\" \/>\n\t\t<meta property=\"og:title\" content=\"El l\u00edder opositor ucraniano dice que los edificios administrativos seguir\u00e1n ocupados - El Digital de Asturias\" \/>\n\t\t<meta property=\"og:description\" content=\"Kiev, 30 ene (EFE).- El l\u00edder del partido nacionalista ucraniano Svoboda (Libertad), Oleg Tiagnibok, afirm\u00f3 hoy que los manifestantes no abandonar\u00e1n los edificios administrativos ocupados para que entre en vigor la ley de amnist\u00eda aprobada anoche por la mayor\u00eda oficialista en el Parlamento. &quot;Desde luego que no&quot;, contest\u00f3 Tiagnibok a la pregunta de los periodistas\" \/>\n\t\t<meta property=\"og:url\" content=\"https:\/\/www.eldigitaldeasturias.com\/noticias\/el-lider-opositor-ucraniano-dice-que-los-edificios-administrativos-seguiran-ocupados\/\" \/>\n\t\t<meta property=\"og:image\" content=\"https:\/\/www.eldigitaldeasturias.com\/noticias\/wp-content\/uploads\/2026\/06\/Contenidos.jpg\" \/>\n\t\t<meta property=\"og:image:secure_url\" content=\"https:\/\/www.eldigitaldeasturias.com\/noticias\/wp-content\/uploads\/2026\/06\/Contenidos.jpg\" \/>\n\t\t<meta property=\"og:image:width\" content=\"1265\" \/>\n\t\t<meta property=\"og:image:height\" content=\"697\" \/>\n\t\t<meta property=\"article:tag\" content=\"actualidad\" \/>\n\t\t<meta property=\"article:published_time\" content=\"2014-01-30T10:11:50+00:00\" \/>\n\t\t<meta property=\"article:modified_time\" content=\"2014-01-30T10:11:50+00:00\" \/>\n\t\t<meta property=\"article:publisher\" content=\"https:\/\/facebook.com\/eldigitaldeasturias\" \/>\n\t\t<meta name=\"twitter:card\" content=\"summary_large_image\" \/>\n\t\t<meta name=\"twitter:title\" content=\"El l\u00edder opositor ucraniano dice que los edificios administrativos seguir\u00e1n ocupados - El Digital de Asturias\" \/>\n\t\t<meta name=\"twitter:description\" content=\"Kiev, 30 ene (EFE).- El l\u00edder del partido nacionalista ucraniano Svoboda (Libertad), Oleg Tiagnibok, afirm\u00f3 hoy que los manifestantes no abandonar\u00e1n los edificios administrativos ocupados para que entre en vigor la ley de amnist\u00eda aprobada anoche por la mayor\u00eda oficialista en el Parlamento. &quot;Desde luego que no&quot;, contest\u00f3 Tiagnibok a la pregunta de los periodistas\" \/>\n\t\t<meta name=\"twitter:image\" content=\"https:\/\/www.eldigitaldeasturias.com\/noticias\/wp-content\/uploads\/2026\/06\/Contenidos.jpg\" \/>\n\t\t<meta name=\"twitter:label1\" content=\"Escrito por\" \/>\n\t\t<meta name=\"twitter:data1\" content=\"El Digital de Asturias\" \/>\n\t\t<meta name=\"twitter:label2\" content=\"Tiempo de lectura estimado\" \/>\n\t\t<meta name=\"twitter:data2\" content=\"2 minutos\" \/>\n\t\t<script type=\"application\/ld+json\" class=\"aioseo-schema\">\n\t\t\t{\"@context\":\"https:\\\/\\\/schema.org\",\"@graph\":[{\"@type\":\"BlogPosting\",\"@id\":\"https:\\\/\\\/www.eldigitaldeasturias.com\\\/noticias\\\/el-lider-opositor-ucraniano-dice-que-los-edificios-administrativos-seguiran-ocupados\\\/#blogposting\",\"name\":\"El l\\u00edder opositor ucraniano dice que los edificios administrativos seguir\\u00e1n ocupados - El Digital de Asturias\",\"headline\":\"El l\\u00edder opositor ucraniano dice que los edificios administrativos seguir\\u00e1n ocupados\",\"author\":{\"@id\":\"https:\\\/\\\/www.eldigitaldeasturias.com\\\/noticias\\\/author\\\/admin\\\/#author\"},\"publisher\":{\"@id\":\"https:\\\/\\\/www.eldigitaldeasturias.com\\\/noticias\\\/#organization\"},\"image\":{\"@type\":\"ImageObject\",\"url\":\"https:\\\/\\\/www.eldigitaldeasturias.com\\\/noticias\\\/wp-content\\\/uploads\\\/2026\\\/06\\\/Contenidos.jpg\",\"width\":1265,\"height\":697,\"caption\":\"Contenidos\"},\"datePublished\":\"2014-01-30T09:11:50+01:00\",\"dateModified\":\"2014-01-30T09:11:50+01:00\",\"inLanguage\":\"es-ES\",\"mainEntityOfPage\":{\"@id\":\"https:\\\/\\\/www.eldigitaldeasturias.com\\\/noticias\\\/el-lider-opositor-ucraniano-dice-que-los-edificios-administrativos-seguiran-ocupados\\\/#webpage\"},\"isPartOf\":{\"@id\":\"https:\\\/\\\/www.eldigitaldeasturias.com\\\/noticias\\\/el-lider-opositor-ucraniano-dice-que-los-edificios-administrativos-seguiran-ocupados\\\/#webpage\"},\"articleSection\":\"Actualidad\"},{\"@type\":\"BreadcrumbList\",\"@id\":\"https:\\\/\\\/www.eldigitaldeasturias.com\\\/noticias\\\/el-lider-opositor-ucraniano-dice-que-los-edificios-administrativos-seguiran-ocupados\\\/#breadcrumblist\",\"itemListElement\":[{\"@type\":\"ListItem\",\"@id\":\"https:\\\/\\\/www.eldigitaldeasturias.com\\\/noticias#listItem\",\"position\":1,\"name\":\"Home\",\"item\":\"https:\\\/\\\/www.eldigitaldeasturias.com\\\/noticias\",\"nextItem\":{\"@type\":\"ListItem\",\"@id\":\"https:\\\/\\\/www.eldigitaldeasturias.com\\\/noticias\\\/category\\\/actualidad\\\/#listItem\",\"name\":\"Actualidad\"}},{\"@type\":\"ListItem\",\"@id\":\"https:\\\/\\\/www.eldigitaldeasturias.com\\\/noticias\\\/category\\\/actualidad\\\/#listItem\",\"position\":2,\"name\":\"Actualidad\",\"item\":\"https:\\\/\\\/www.eldigitaldeasturias.com\\\/noticias\\\/category\\\/actualidad\\\/\",\"nextItem\":{\"@type\":\"ListItem\",\"@id\":\"https:\\\/\\\/www.eldigitaldeasturias.com\\\/noticias\\\/el-lider-opositor-ucraniano-dice-que-los-edificios-administrativos-seguiran-ocupados\\\/#listItem\",\"name\":\"El l\\u00edder opositor ucraniano dice que los edificios administrativos seguir\\u00e1n ocupados\"},\"previousItem\":{\"@type\":\"ListItem\",\"@id\":\"https:\\\/\\\/www.eldigitaldeasturias.com\\\/noticias#listItem\",\"name\":\"Home\"}},{\"@type\":\"ListItem\",\"@id\":\"https:\\\/\\\/www.eldigitaldeasturias.com\\\/noticias\\\/el-lider-opositor-ucraniano-dice-que-los-edificios-administrativos-seguiran-ocupados\\\/#listItem\",\"position\":3,\"name\":\"El l\\u00edder opositor ucraniano dice que los edificios administrativos seguir\\u00e1n ocupados\",\"previousItem\":{\"@type\":\"ListItem\",\"@id\":\"https:\\\/\\\/www.eldigitaldeasturias.com\\\/noticias\\\/category\\\/actualidad\\\/#listItem\",\"name\":\"Actualidad\"}}]},{\"@type\":\"Organization\",\"@id\":\"https:\\\/\\\/www.eldigitaldeasturias.com\\\/noticias\\\/#organization\",\"name\":\"El Digital de Asturias\",\"description\":\"Hemeroteca\",\"url\":\"https:\\\/\\\/www.eldigitaldeasturias.com\\\/noticias\\\/\",\"email\":\"info@eldigitaldeasturias.com\",\"telephone\":\"+34652131393\",\"logo\":{\"@type\":\"ImageObject\",\"url\":\"https:\\\/\\\/www.eldigitaldeasturias.com\\\/noticias\\\/wp-content\\\/uploads\\\/2020\\\/12\\\/EDA.jpg\",\"@id\":\"https:\\\/\\\/www.eldigitaldeasturias.com\\\/noticias\\\/el-lider-opositor-ucraniano-dice-que-los-edificios-administrativos-seguiran-ocupados\\\/#organizationLogo\"},\"image\":{\"@id\":\"https:\\\/\\\/www.eldigitaldeasturias.com\\\/noticias\\\/el-lider-opositor-ucraniano-dice-que-los-edificios-administrativos-seguiran-ocupados\\\/#organizationLogo\"},\"sameAs\":[\"https:\\\/\\\/facebook.com\\\/eldigitaldeasturias\",\"https:\\\/\\\/www.youtube.com\\\/channel\\\/UCZP-2wLEB9Rv6erhFmqVnvg\"],\"address\":{\"@id\":\"https:\\\/\\\/www.eldigitaldeasturias.com\\\/noticias\\\/#postaladdress\",\"@type\":\"PostalAddress\",\"streetAddress\":\"san antonio 4\",\"postalCode\":\"33430\",\"addressLocality\":\"Cand\\u00e1s\",\"addressRegion\":\"Asturias\",\"addressCountry\":\"ES\"}},{\"@type\":\"Person\",\"@id\":\"https:\\\/\\\/www.eldigitaldeasturias.com\\\/noticias\\\/author\\\/admin\\\/#author\",\"url\":\"https:\\\/\\\/www.eldigitaldeasturias.com\\\/noticias\\\/author\\\/admin\\\/\",\"name\":\"El Digital de Asturias\",\"image\":{\"@type\":\"ImageObject\",\"@id\":\"https:\\\/\\\/www.eldigitaldeasturias.com\\\/noticias\\\/el-lider-opositor-ucraniano-dice-que-los-edificios-administrativos-seguiran-ocupados\\\/#authorImage\",\"url\":\"https:\\\/\\\/secure.gravatar.com\\\/avatar\\\/df2aeffc32bcd13f8d26072ef8a91b623d677766deac7f97ca815868cd41bf5e?s=96&d=mm&r=g\",\"width\":96,\"height\":96,\"caption\":\"El Digital de Asturias\"}},{\"@type\":\"WebPage\",\"@id\":\"https:\\\/\\\/www.eldigitaldeasturias.com\\\/noticias\\\/el-lider-opositor-ucraniano-dice-que-los-edificios-administrativos-seguiran-ocupados\\\/#webpage\",\"url\":\"https:\\\/\\\/www.eldigitaldeasturias.com\\\/noticias\\\/el-lider-opositor-ucraniano-dice-que-los-edificios-administrativos-seguiran-ocupados\\\/\",\"name\":\"El l\\u00edder opositor ucraniano dice que los edificios administrativos seguir\\u00e1n ocupados - El Digital de Asturias\",\"description\":\"Kiev, 30 ene (EFE).- El l\\u00edder del partido nacionalista ucraniano Svoboda (Libertad), Oleg Tiagnibok, afirm\\u00f3 hoy que los manifestantes no abandonar\\u00e1n los edificios administrativos ocupados para que entre en vigor la ley de amnist\\u00eda aprobada anoche por la mayor\\u00eda oficialista en el Parlamento. \\\"Desde luego que no\\\", contest\\u00f3 Tiagnibok a la pregunta de los periodistas\",\"inLanguage\":\"es-ES\",\"isPartOf\":{\"@id\":\"https:\\\/\\\/www.eldigitaldeasturias.com\\\/noticias\\\/#website\"},\"breadcrumb\":{\"@id\":\"https:\\\/\\\/www.eldigitaldeasturias.com\\\/noticias\\\/el-lider-opositor-ucraniano-dice-que-los-edificios-administrativos-seguiran-ocupados\\\/#breadcrumblist\"},\"author\":{\"@id\":\"https:\\\/\\\/www.eldigitaldeasturias.com\\\/noticias\\\/author\\\/admin\\\/#author\"},\"creator\":{\"@id\":\"https:\\\/\\\/www.eldigitaldeasturias.com\\\/noticias\\\/author\\\/admin\\\/#author\"},\"image\":{\"@type\":\"ImageObject\",\"url\":\"https:\\\/\\\/www.eldigitaldeasturias.com\\\/noticias\\\/wp-content\\\/uploads\\\/2026\\\/06\\\/Contenidos.jpg\",\"@id\":\"https:\\\/\\\/www.eldigitaldeasturias.com\\\/noticias\\\/el-lider-opositor-ucraniano-dice-que-los-edificios-administrativos-seguiran-ocupados\\\/#mainImage\",\"width\":1265,\"height\":697,\"caption\":\"Contenidos\"},\"primaryImageOfPage\":{\"@id\":\"https:\\\/\\\/www.eldigitaldeasturias.com\\\/noticias\\\/el-lider-opositor-ucraniano-dice-que-los-edificios-administrativos-seguiran-ocupados\\\/#mainImage\"},\"datePublished\":\"2014-01-30T09:11:50+01:00\",\"dateModified\":\"2014-01-30T09:11:50+01:00\"},{\"@type\":\"WebSite\",\"@id\":\"https:\\\/\\\/www.eldigitaldeasturias.com\\\/noticias\\\/#website\",\"url\":\"https:\\\/\\\/www.eldigitaldeasturias.com\\\/noticias\\\/\",\"name\":\"El Digital de Asturias - Diario de actualidad y noticias\",\"alternateName\":\"El Digital de Asturias - Diario de actualidad y noticias\",\"description\":\"Hemeroteca\",\"inLanguage\":\"es-ES\",\"publisher\":{\"@id\":\"https:\\\/\\\/www.eldigitaldeasturias.com\\\/noticias\\\/#organization\"}}]}\n\t\t<\/script>\n\t\t<!-- All in One SEO Pro -->\r\n\t\t<title>El l\u00edder opositor ucraniano dice que los edificios administrativos seguir\u00e1n ocupados - El Digital de Asturias<\/title>\n\n","aioseo_head_json":{"title":"El l\u00edder opositor ucraniano dice que los edificios administrativos seguir\u00e1n ocupados - El Digital de Asturias","description":"Kiev, 30 ene (EFE).- El l\u00edder del partido nacionalista ucraniano Svoboda (Libertad), Oleg Tiagnibok, afirm\u00f3 hoy que los manifestantes no abandonar\u00e1n los edificios administrativos ocupados para que entre en vigor la ley de amnist\u00eda aprobada anoche por la mayor\u00eda oficialista en el Parlamento. \"Desde luego que no\", contest\u00f3 Tiagnibok a la pregunta de los periodistas","canonical_url":"https:\/\/www.eldigitaldeasturias.com\/noticias\/el-lider-opositor-ucraniano-dice-que-los-edificios-administrativos-seguiran-ocupados\/","robots":"max-image-preview:large","keywords":"actualidad","webmasterTools":{"google-site-verification":"UA-38556648-1","msvalidate.01":"7dfe9f3f1b24437ab69f4f2559babe99","miscellaneous":""},"schema":{"@context":"https:\/\/schema.org","@graph":[{"@type":"BlogPosting","@id":"https:\/\/www.eldigitaldeasturias.com\/noticias\/el-lider-opositor-ucraniano-dice-que-los-edificios-administrativos-seguiran-ocupados\/#blogposting","name":"El l\u00edder opositor ucraniano dice que los edificios administrativos seguir\u00e1n ocupados - El Digital de Asturias","headline":"El l\u00edder opositor ucraniano dice que los edificios administrativos seguir\u00e1n ocupados","author":{"@id":"https:\/\/www.eldigitaldeasturias.com\/noticias\/author\/admin\/#author"},"publisher":{"@id":"https:\/\/www.eldigitaldeasturias.com\/noticias\/#organization"},"image":{"@type":"ImageObject","url":"https:\/\/www.eldigitaldeasturias.com\/noticias\/wp-content\/uploads\/2026\/06\/Contenidos.jpg","width":1265,"height":697,"caption":"Contenidos"},"datePublished":"2014-01-30T09:11:50+01:00","dateModified":"2014-01-30T09:11:50+01:00","inLanguage":"es-ES","mainEntityOfPage":{"@id":"https:\/\/www.eldigitaldeasturias.com\/noticias\/el-lider-opositor-ucraniano-dice-que-los-edificios-administrativos-seguiran-ocupados\/#webpage"},"isPartOf":{"@id":"https:\/\/www.eldigitaldeasturias.com\/noticias\/el-lider-opositor-ucraniano-dice-que-los-edificios-administrativos-seguiran-ocupados\/#webpage"},"articleSection":"Actualidad"},{"@type":"BreadcrumbList","@id":"https:\/\/www.eldigitaldeasturias.com\/noticias\/el-lider-opositor-ucraniano-dice-que-los-edificios-administrativos-seguiran-ocupados\/#breadcrumblist","itemListElement":[{"@type":"ListItem","@id":"https:\/\/www.eldigitaldeasturias.com\/noticias#listItem","position":1,"name":"Home","item":"https:\/\/www.eldigitaldeasturias.com\/noticias","nextItem":{"@type":"ListItem","@id":"https:\/\/www.eldigitaldeasturias.com\/noticias\/category\/actualidad\/#listItem","name":"Actualidad"}},{"@type":"ListItem","@id":"https:\/\/www.eldigitaldeasturias.com\/noticias\/category\/actualidad\/#listItem","position":2,"name":"Actualidad","item":"https:\/\/www.eldigitaldeasturias.com\/noticias\/category\/actualidad\/","nextItem":{"@type":"ListItem","@id":"https:\/\/www.eldigitaldeasturias.com\/noticias\/el-lider-opositor-ucraniano-dice-que-los-edificios-administrativos-seguiran-ocupados\/#listItem","name":"El l\u00edder opositor ucraniano dice que los edificios administrativos seguir\u00e1n ocupados"},"previousItem":{"@type":"ListItem","@id":"https:\/\/www.eldigitaldeasturias.com\/noticias#listItem","name":"Home"}},{"@type":"ListItem","@id":"https:\/\/www.eldigitaldeasturias.com\/noticias\/el-lider-opositor-ucraniano-dice-que-los-edificios-administrativos-seguiran-ocupados\/#listItem","position":3,"name":"El l\u00edder opositor ucraniano dice que los edificios administrativos seguir\u00e1n ocupados","previousItem":{"@type":"ListItem","@id":"https:\/\/www.eldigitaldeasturias.com\/noticias\/category\/actualidad\/#listItem","name":"Actualidad"}}]},{"@type":"Organization","@id":"https:\/\/www.eldigitaldeasturias.com\/noticias\/#organization","name":"El Digital de Asturias","description":"Hemeroteca","url":"https:\/\/www.eldigitaldeasturias.com\/noticias\/","email":"info@eldigitaldeasturias.com","telephone":"+34652131393","logo":{"@type":"ImageObject","url":"https:\/\/www.eldigitaldeasturias.com\/noticias\/wp-content\/uploads\/2020\/12\/EDA.jpg","@id":"https:\/\/www.eldigitaldeasturias.com\/noticias\/el-lider-opositor-ucraniano-dice-que-los-edificios-administrativos-seguiran-ocupados\/#organizationLogo"},"image":{"@id":"https:\/\/www.eldigitaldeasturias.com\/noticias\/el-lider-opositor-ucraniano-dice-que-los-edificios-administrativos-seguiran-ocupados\/#organizationLogo"},"sameAs":["https:\/\/facebook.com\/eldigitaldeasturias","https:\/\/www.youtube.com\/channel\/UCZP-2wLEB9Rv6erhFmqVnvg"],"address":{"@id":"https:\/\/www.eldigitaldeasturias.com\/noticias\/#postaladdress","@type":"PostalAddress","streetAddress":"san antonio 4","postalCode":"33430","addressLocality":"Cand\u00e1s","addressRegion":"Asturias","addressCountry":"ES"}},{"@type":"Person","@id":"https:\/\/www.eldigitaldeasturias.com\/noticias\/author\/admin\/#author","url":"https:\/\/www.eldigitaldeasturias.com\/noticias\/author\/admin\/","name":"El Digital de Asturias","image":{"@type":"ImageObject","@id":"https:\/\/www.eldigitaldeasturias.com\/noticias\/el-lider-opositor-ucraniano-dice-que-los-edificios-administrativos-seguiran-ocupados\/#authorImage","url":"https:\/\/secure.gravatar.com\/avatar\/df2aeffc32bcd13f8d26072ef8a91b623d677766deac7f97ca815868cd41bf5e?s=96&d=mm&r=g","width":96,"height":96,"caption":"El Digital de Asturias"}},{"@type":"WebPage","@id":"https:\/\/www.eldigitaldeasturias.com\/noticias\/el-lider-opositor-ucraniano-dice-que-los-edificios-administrativos-seguiran-ocupados\/#webpage","url":"https:\/\/www.eldigitaldeasturias.com\/noticias\/el-lider-opositor-ucraniano-dice-que-los-edificios-administrativos-seguiran-ocupados\/","name":"El l\u00edder opositor ucraniano dice que los edificios administrativos seguir\u00e1n ocupados - El Digital de Asturias","description":"Kiev, 30 ene (EFE).- El l\u00edder del partido nacionalista ucraniano Svoboda (Libertad), Oleg Tiagnibok, afirm\u00f3 hoy que los manifestantes no abandonar\u00e1n los edificios administrativos ocupados para que entre en vigor la ley de amnist\u00eda aprobada anoche por la mayor\u00eda oficialista en el Parlamento. \"Desde luego que no\", contest\u00f3 Tiagnibok a la pregunta de los periodistas","inLanguage":"es-ES","isPartOf":{"@id":"https:\/\/www.eldigitaldeasturias.com\/noticias\/#website"},"breadcrumb":{"@id":"https:\/\/www.eldigitaldeasturias.com\/noticias\/el-lider-opositor-ucraniano-dice-que-los-edificios-administrativos-seguiran-ocupados\/#breadcrumblist"},"author":{"@id":"https:\/\/www.eldigitaldeasturias.com\/noticias\/author\/admin\/#author"},"creator":{"@id":"https:\/\/www.eldigitaldeasturias.com\/noticias\/author\/admin\/#author"},"image":{"@type":"ImageObject","url":"https:\/\/www.eldigitaldeasturias.com\/noticias\/wp-content\/uploads\/2026\/06\/Contenidos.jpg","@id":"https:\/\/www.eldigitaldeasturias.com\/noticias\/el-lider-opositor-ucraniano-dice-que-los-edificios-administrativos-seguiran-ocupados\/#mainImage","width":1265,"height":697,"caption":"Contenidos"},"primaryImageOfPage":{"@id":"https:\/\/www.eldigitaldeasturias.com\/noticias\/el-lider-opositor-ucraniano-dice-que-los-edificios-administrativos-seguiran-ocupados\/#mainImage"},"datePublished":"2014-01-30T09:11:50+01:00","dateModified":"2014-01-30T09:11:50+01:00"},{"@type":"WebSite","@id":"https:\/\/www.eldigitaldeasturias.com\/noticias\/#website","url":"https:\/\/www.eldigitaldeasturias.com\/noticias\/","name":"El Digital de Asturias - Diario de actualidad y noticias","alternateName":"El Digital de Asturias - Diario de actualidad y noticias","description":"Hemeroteca","inLanguage":"es-ES","publisher":{"@id":"https:\/\/www.eldigitaldeasturias.com\/noticias\/#organization"}}]},"og:locale":"es_ES","og:site_name":"El Digital de Asturias","og:type":"article","og:title":"El l\u00edder opositor ucraniano dice que los edificios administrativos seguir\u00e1n ocupados - El Digital de Asturias","og:description":"Kiev, 30 ene (EFE).- El l\u00edder del partido nacionalista ucraniano Svoboda (Libertad), Oleg Tiagnibok, afirm\u00f3 hoy que los manifestantes no abandonar\u00e1n los edificios administrativos ocupados para que entre en vigor la ley de amnist\u00eda aprobada anoche por la mayor\u00eda oficialista en el Parlamento. &quot;Desde luego que no&quot;, contest\u00f3 Tiagnibok a la pregunta de los periodistas","og:url":"https:\/\/www.eldigitaldeasturias.com\/noticias\/el-lider-opositor-ucraniano-dice-que-los-edificios-administrativos-seguiran-ocupados\/","og:image":"https:\/\/www.eldigitaldeasturias.com\/noticias\/wp-content\/uploads\/2026\/06\/Contenidos.jpg","og:image:secure_url":"https:\/\/www.eldigitaldeasturias.com\/noticias\/wp-content\/uploads\/2026\/06\/Contenidos.jpg","og:image:width":1265,"og:image:height":697,"article:tag":["actualidad"],"article:published_time":"2014-01-30T10:11:50+00:00","article:modified_time":"2014-01-30T10:11:50+00:00","article:publisher":"https:\/\/facebook.com\/eldigitaldeasturias","twitter:card":"summary_large_image","twitter:title":"El l\u00edder opositor ucraniano dice que los edificios administrativos seguir\u00e1n ocupados - El Digital de Asturias","twitter:description":"Kiev, 30 ene (EFE).- El l\u00edder del partido nacionalista ucraniano Svoboda (Libertad), Oleg Tiagnibok, afirm\u00f3 hoy que los manifestantes no abandonar\u00e1n los edificios administrativos ocupados para que entre en vigor la ley de amnist\u00eda aprobada anoche por la mayor\u00eda oficialista en el Parlamento. &quot;Desde luego que no&quot;, contest\u00f3 Tiagnibok a la pregunta de los periodistas","twitter:image":"https:\/\/www.eldigitaldeasturias.com\/noticias\/wp-content\/uploads\/2026\/06\/Contenidos.jpg","twitter:label1":"Escrito por","twitter:data1":"El Digital de Asturias","twitter:label2":"Tiempo de lectura estimado","twitter:data2":"2 minutos"},"aioseo_meta_data":{"post_id":"480432","title":null,"description":null,"keywords":null,"keyphrases":null,"primary_term":null,"canonical_url":null,"og_title":null,"og_description":null,"og_object_type":"default","og_image_type":"default","og_image_url":null,"og_image_width":null,"og_image_height":null,"og_image_custom_url":null,"og_image_custom_fields":null,"og_video":null,"og_custom_url":null,"og_article_section":null,"og_article_tags":null,"twitter_use_og":true,"twitter_card":"default","twitter_image_type":"default","twitter_image_url":null,"twitter_image_custom_url":null,"twitter_image_custom_fields":null,"twitter_title":null,"twitter_description":null,"schema":{"blockGraphs":[],"customGraphs":[],"default":{"data":{"Article":[],"Course":[],"Dataset":[],"FAQPage":[],"Movie":[],"Person":[],"Product":[],"ProductReview":[],"Car":[],"Recipe":[],"Service":[],"SoftwareApplication":[],"WebPage":[]},"graphName":"","isEnabled":true},"graphs":[],"defaultGraph":"","defaultPostTypeGraph":""},"schema_type":null,"schema_type_options":null,"pillar_content":false,"robots_default":true,"robots_noindex":false,"robots_noarchive":false,"robots_nosnippet":false,"robots_nofollow":false,"robots_noimageindex":false,"robots_noodp":false,"robots_notranslate":false,"robots_max_snippet":null,"robots_max_videopreview":null,"robots_max_imagepreview":"none","priority":null,"frequency":null,"local_seo":null,"seo_analyzer_scan_date":"2026-06-02 03:41:46","breadcrumb_settings":null,"limit_modified_date":false,"open_ai":null,"ai":null,"created":"2020-11-14 22:54:12","updated":"2026-06-02 03:41:46","focus_keyword":null,"additional_keywords":null,"truseo_locale":null},"aioseo_breadcrumb":"<div class=\"aioseo-breadcrumbs\"><span class=\"aioseo-breadcrumb\">\n\t<a href=\"https:\/\/www.eldigitaldeasturias.com\/noticias\" title=\"Home\">Home<\/a>\n<\/span><span class=\"aioseo-breadcrumb-separator\">\u2013<\/span><span class=\"aioseo-breadcrumb\">\n\t<a href=\"https:\/\/www.eldigitaldeasturias.com\/noticias\/category\/actualidad\/\" title=\"Actualidad\">Actualidad<\/a>\n<\/span><span class=\"aioseo-breadcrumb-separator\">\u2013<\/span><span class=\"aioseo-breadcrumb\">\n\t<a href=\"https:\/\/www.eldigitaldeasturias.com\/noticias\/el-lider-opositor-ucraniano-dice-que-los-edificios-administrativos-seguiran-ocupados\/\" title=\"El l\u00edder opositor ucraniano dice que los edificios administrativos seguir\u00e1n ocupados\">El l\u00edder opositor ucraniano dice que los edificios administrativos seguir\u00e1n ocupados<\/a>\n<\/span><\/div>","aioseo_breadcrumb_json":[{"label":"Home","link":"https:\/\/www.eldigitaldeasturias.com\/noticias"},{"label":"Actualidad","link":"https:\/\/www.eldigitaldeasturias.com\/noticias\/category\/actualidad\/"},{"label":"El l\u00edder opositor ucraniano dice que los edificios administrativos seguir\u00e1n ocupados","link":"https:\/\/www.eldigitaldeasturias.com\/noticias\/el-lider-opositor-ucraniano-dice-que-los-edificios-administrativos-seguiran-ocupados\/"}],"_links":{"self":[{"href":"https:\/\/www.eldigitaldeasturias.com\/noticias\/wp-json\/wp\/v2\/posts\/480432","targetHints":{"allow":["GET"]}}],"collection":[{"href":"https:\/\/www.eldigitaldeasturias.com\/noticias\/wp-json\/wp\/v2\/posts"}],"about":[{"href":"https:\/\/www.eldigitaldeasturias.com\/noticias\/wp-json\/wp\/v2\/types\/post"}],"author":[{"embeddable":true,"href":"https:\/\/www.eldigitaldeasturias.com\/noticias\/wp-json\/wp\/v2\/users\/1"}],"replies":[{"embeddable":true,"href":"https:\/\/www.eldigitaldeasturias.com\/noticias\/wp-json\/wp\/v2\/comments?post=480432"}],"version-history":[{"count":0,"href":"https:\/\/www.eldigitaldeasturias.com\/noticias\/wp-json\/wp\/v2\/posts\/480432\/revisions"}],"wp:featuredmedia":[{"embeddable":true,"href":"https:\/\/www.eldigitaldeasturias.com\/noticias\/wp-json\/wp\/v2\/media\/1132184"}],"wp:attachment":[{"href":"https:\/\/www.eldigitaldeasturias.com\/noticias\/wp-json\/wp\/v2\/media?parent=480432"}],"wp:term":[{"taxonomy":"category","embeddable":true,"href":"https:\/\/www.eldigitaldeasturias.com\/noticias\/wp-json\/wp\/v2\/categories?post=480432"},{"taxonomy":"post_tag","embeddable":true,"href":"https:\/\/www.eldigitaldeasturias.com\/noticias\/wp-json\/wp\/v2\/tags?post=480432"}],"curies":[{"name":"wp","href":"https:\/\/api.w.org\/{rel}","templated":true}]}}