{"id":480429,"date":"2014-01-30T09:10:43","date_gmt":"2014-01-30T10:10:43","guid":{"rendered":"http:\/\/www.eldigitaldeasturias.com\/noticias\/?p=480429"},"modified":"2014-01-30T09:10:43","modified_gmt":"2014-01-30T10:10:43","slug":"la-unesco-avisa-de-que-latinoamerica-no-alcanzara-los-objetivos-de-2015-en-educacion","status":"publish","type":"post","link":"https:\/\/www.eldigitaldeasturias.com\/noticias\/la-unesco-avisa-de-que-latinoamerica-no-alcanzara-los-objetivos-de-2015-en-educacion\/","title":{"rendered":"La Unesco avisa de que Latinoam\u00e9rica no alcanzar\u00e1 los objetivos de 2015 en educaci\u00f3n"},"content":{"rendered":"<p><img loading=\"lazy\" decoding=\"async\" class=\"alignleft size-medium wp-image-480430\" alt=\"5890281w\" src=\"https:\/\/www.eldigitaldeasturias.com\/noticias\/wp-content\/uploads\/2014\/01\/5890281w-360x241.jpg\" width=\"360\" height=\"241\" \/>M\u00e9xico, 30 ene (EFE).- Tener una educaci\u00f3n de calidad es uno de los logros que no alcanzar\u00e1n la mayor\u00eda de los pa\u00edses de Latinoam\u00e9rica como parte de los Objetivos de Desarrollo del Milenio fijados por la ONU para 2015, seg\u00fan destacaron este mi\u00e9rcoles expertos de la Unesco.<\/p>\n<p>\u00abEn primaria y secundaria la investigaci\u00f3n demuestra que los estudiantes no est\u00e1n adquiriendo los conocimientos b\u00e1sicos que se necesitan para continuar\u00bb, dijo en una conferencia de prensa el director de la Unesco en Chile, Jorge Sequeira.<\/p>\n<p>Ante esta situaci\u00f3n, tanto M\u00e9xico como el resto de pa\u00edses de Latinoam\u00e9rica tendr\u00e1n que seguir luchando por este objetivo m\u00e1s all\u00e1 del a\u00f1o 2015, as\u00ed como por la alfabetizaci\u00f3n de adultos, para poner fin al analfabetismo funcional predominante en la regi\u00f3n.<\/p>\n<p>\u00abEstos analfabetos funcionales son personas al margen de la sociedad, que forman parte de ese tercio de econom\u00eda informal que caracteriza a toda Am\u00e9rica Latina\u00bb, asegur\u00f3 Sequeira, quien explic\u00f3 que la econom\u00eda informal y la pobreza est\u00e1n muy ligadas al analfabetismo.<\/p>\n<p>La Unesco present\u00f3 hoy el informe \u00abEnse\u00f1anza y aprendizaje: Lograr la calidad para todos\u00bb en el que se apunta que, pese a que Latinoam\u00e9rica y el Caribe est\u00e1n cerca de lograr una matriculaci\u00f3n universal en educaci\u00f3n primaria con una tasa del 95 %, todav\u00eda hay 2,5 millones de ni\u00f1os fuera de la escuela y los escolarizados no est\u00e1n recibiendo una educaci\u00f3n de calidad.<\/p>\n<p>Sequeira destac\u00f3 que hay \u00abuna crisis del aprendizaje\u00bb en toda la regi\u00f3n y puntualiz\u00f3 que en el caso de M\u00e9xico \u00abcerca del 50 % de los estudiantes no est\u00e1n adquiriendo las competencias b\u00e1sicas\u00bb, una situaci\u00f3n que \u00abse observa en todos los pa\u00edses de la regi\u00f3n que participan en los estudios internacionales de evaluaci\u00f3n de alumnos\u00bb.<\/p>\n<p>El informe de la Unesco destaca, adem\u00e1s, que esta crisis tiene un costo no s\u00f3lo con lo que respecta a las ambiciones futuras de los ni\u00f1os, sino tambi\u00e9n para las finanzas de los gobiernos.<\/p>\n<p>As\u00ed, el costo de que 250 millones de ni\u00f1os en todo el mundo no adquieran las nociones b\u00e1sicas es equivalente a 129.000 millones de d\u00f3lares, es decir, el 10 % del gasto mundial en ense\u00f1anza primaria.<\/p>\n<p>En este sentido, Sequeira responsabiliz\u00f3 a los ministerios de Educaci\u00f3n de cada pa\u00eds y dijo que son ellos los encargados de que haya \u00abuna gesti\u00f3n delicada, justa, equitativa\u00bb que evite que los presupuestos en educaci\u00f3n se desperdicien.<\/p>\n<p>\u00abEn muchos pa\u00edses el informe prueba que una gran mayor\u00eda del presupuesto que se da al sector de Educaci\u00f3n se va en cosas como son los salarios de los docentes y queda muy poco espacio para el desarrollo educacional, para la innovaci\u00f3n, para lograr la calidad desde el aula o introducir nuevos instrumentos\u00bb, agreg\u00f3.<\/p>\n<p>\u00abNo necesariamente es m\u00e1s plata, sino mejor plata, en el sentido de invertirla en ciertos sectores donde a largo y mediano plazo hay impacto positivo\u00bb, asever\u00f3, como son la peque\u00f1a infancia o la formaci\u00f3n de docentes.<\/p>\n<p>En la presentaci\u00f3n del informe participaron otras autoridades de la Unesco, como la directora de la oficina en M\u00e9xico, Nuria Sanz, adem\u00e1s del secretario de Educaci\u00f3n P\u00fablica mexicano, Emilio Chuayffet, y el investigador Carlos Beca.<\/p>\n<p>Seg\u00fan explic\u00f3 este \u00faltimo, los aspectos en los que se debe enfocar la regi\u00f3n para mejorar son la formaci\u00f3n inicial, la formaci\u00f3n continua, la carrera docente y las instituciones que la llevan a cabo.<\/p>\n<p>Sobre todo, a\u00f1adi\u00f3, hay que hacer \u00e9nfasis en cosas como \u00abla regulaci\u00f3n de la calidad de los programas de formaci\u00f3n y de los egresados\u00bb porque hay \u00aben muchos pa\u00edses gran oferta de la educaci\u00f3n privada o incluso de la publica que no tiene esa regulaci\u00f3n\u00bb.<\/p>\n<p>Asimismo, el experto enfatiz\u00f3 que es importante fortalecer la formaci\u00f3n continua asegur\u00e1ndola con un derecho que se estipule por ley.<\/p>\n","protected":false},"excerpt":{"rendered":"<p>M\u00e9xico, 30 ene (EFE).- Tener una educaci\u00f3n de calidad es uno de los logros que no alcanzar\u00e1n la mayor\u00eda de los pa\u00edses de Latinoam\u00e9rica como parte de los Objetivos de Desarrollo del Milenio fijados por la ONU para 2015, seg\u00fan destacaron este mi\u00e9rcoles expertos de la Unesco. \u00abEn primaria y secundaria la investigaci\u00f3n demuestra que [&hellip;]<\/p>\n","protected":false},"author":1,"featured_media":1132184,"comment_status":"closed","ping_status":"open","sticky":false,"template":"","format":"standard","meta":{"footnotes":""},"categories":[1],"tags":[],"class_list":["post-480429","post","type-post","status-publish","format-standard","has-post-thumbnail","hentry","category-actualidad"],"aioseo_notices":[],"aioseo_head":"\n\t\t<!-- All in One SEO Pro 5.0.1 - aioseo.com -->\n\t<meta name=\"description\" content=\"M\u00e9xico, 30 ene (EFE).- Tener una educaci\u00f3n de calidad es uno de los logros que no alcanzar\u00e1n la mayor\u00eda de los pa\u00edses de Latinoam\u00e9rica como parte de los Objetivos de Desarrollo del Milenio fijados por la ONU para 2015, seg\u00fan destacaron este mi\u00e9rcoles expertos de la Unesco. &quot;En primaria y secundaria la investigaci\u00f3n demuestra que\" \/>\n\t<meta name=\"robots\" content=\"max-image-preview:large\" \/>\n\t<meta name=\"author\" content=\"El Digital de Asturias\"\/>\n\t<meta name=\"google-site-verification\" content=\"UA-38556648-1\" \/>\n\t<meta name=\"msvalidate.01\" content=\"7dfe9f3f1b24437ab69f4f2559babe99\" \/>\n\t<meta name=\"keywords\" content=\"actualidad\" \/>\n\t<link rel=\"canonical\" href=\"https:\/\/www.eldigitaldeasturias.com\/noticias\/la-unesco-avisa-de-que-latinoamerica-no-alcanzara-los-objetivos-de-2015-en-educacion\/\" \/>\n\t<meta name=\"generator\" content=\"All in One SEO Pro (AIOSEO) 5.0.1\" \/>\n\t\t<meta property=\"og:locale\" content=\"es_ES\" \/>\n\t\t<meta property=\"og:site_name\" content=\"El Digital de Asturias\" \/>\n\t\t<meta property=\"og:type\" content=\"article\" \/>\n\t\t<meta property=\"og:title\" content=\"La Unesco avisa de que Latinoam\u00e9rica no alcanzar\u00e1 los objetivos de 2015 en educaci\u00f3n - El Digital de Asturias\" \/>\n\t\t<meta property=\"og:description\" content=\"M\u00e9xico, 30 ene (EFE).- Tener una educaci\u00f3n de calidad es uno de los logros que no alcanzar\u00e1n la mayor\u00eda de los pa\u00edses de Latinoam\u00e9rica como parte de los Objetivos de Desarrollo del Milenio fijados por la ONU para 2015, seg\u00fan destacaron este mi\u00e9rcoles expertos de la Unesco. &quot;En primaria y secundaria la investigaci\u00f3n demuestra que\" \/>\n\t\t<meta property=\"og:url\" content=\"https:\/\/www.eldigitaldeasturias.com\/noticias\/la-unesco-avisa-de-que-latinoamerica-no-alcanzara-los-objetivos-de-2015-en-educacion\/\" \/>\n\t\t<meta property=\"og:image\" content=\"https:\/\/www.eldigitaldeasturias.com\/noticias\/wp-content\/uploads\/2026\/06\/Contenidos.jpg\" \/>\n\t\t<meta property=\"og:image:secure_url\" content=\"https:\/\/www.eldigitaldeasturias.com\/noticias\/wp-content\/uploads\/2026\/06\/Contenidos.jpg\" \/>\n\t\t<meta property=\"og:image:width\" content=\"1265\" \/>\n\t\t<meta property=\"og:image:height\" content=\"697\" \/>\n\t\t<meta property=\"article:tag\" content=\"actualidad\" \/>\n\t\t<meta property=\"article:published_time\" content=\"2014-01-30T10:10:43+00:00\" \/>\n\t\t<meta property=\"article:modified_time\" content=\"2014-01-30T10:10:43+00:00\" \/>\n\t\t<meta property=\"article:publisher\" content=\"https:\/\/facebook.com\/eldigitaldeasturias\" \/>\n\t\t<meta name=\"twitter:card\" content=\"summary_large_image\" \/>\n\t\t<meta name=\"twitter:title\" content=\"La Unesco avisa de que Latinoam\u00e9rica no alcanzar\u00e1 los objetivos de 2015 en educaci\u00f3n - El Digital de Asturias\" \/>\n\t\t<meta name=\"twitter:description\" content=\"M\u00e9xico, 30 ene (EFE).- Tener una educaci\u00f3n de calidad es uno de los logros que no alcanzar\u00e1n la mayor\u00eda de los pa\u00edses de Latinoam\u00e9rica como parte de los Objetivos de Desarrollo del Milenio fijados por la ONU para 2015, seg\u00fan destacaron este mi\u00e9rcoles expertos de la Unesco. &quot;En primaria y secundaria la investigaci\u00f3n demuestra que\" \/>\n\t\t<meta name=\"twitter:image\" content=\"https:\/\/www.eldigitaldeasturias.com\/noticias\/wp-content\/uploads\/2026\/06\/Contenidos.jpg\" \/>\n\t\t<meta name=\"twitter:label1\" content=\"Escrito por\" \/>\n\t\t<meta name=\"twitter:data1\" content=\"El Digital de Asturias\" \/>\n\t\t<meta name=\"twitter:label2\" content=\"Tiempo de lectura estimado\" \/>\n\t\t<meta name=\"twitter:data2\" content=\"3 minutos\" \/>\n\t\t<script type=\"application\/ld+json\" class=\"aioseo-schema\">\n\t\t\t{\"@context\":\"https:\\\/\\\/schema.org\",\"@graph\":[{\"@type\":\"BlogPosting\",\"@id\":\"https:\\\/\\\/www.eldigitaldeasturias.com\\\/noticias\\\/la-unesco-avisa-de-que-latinoamerica-no-alcanzara-los-objetivos-de-2015-en-educacion\\\/#blogposting\",\"name\":\"La Unesco avisa de que Latinoam\\u00e9rica no alcanzar\\u00e1 los objetivos de 2015 en educaci\\u00f3n - El Digital de Asturias\",\"headline\":\"La Unesco avisa de que Latinoam\\u00e9rica no alcanzar\\u00e1 los objetivos de 2015 en educaci\\u00f3n\",\"author\":{\"@id\":\"https:\\\/\\\/www.eldigitaldeasturias.com\\\/noticias\\\/author\\\/admin\\\/#author\"},\"publisher\":{\"@id\":\"https:\\\/\\\/www.eldigitaldeasturias.com\\\/noticias\\\/#organization\"},\"image\":{\"@type\":\"ImageObject\",\"url\":\"https:\\\/\\\/www.eldigitaldeasturias.com\\\/noticias\\\/wp-content\\\/uploads\\\/2026\\\/06\\\/Contenidos.jpg\",\"width\":1265,\"height\":697,\"caption\":\"Contenidos\"},\"datePublished\":\"2014-01-30T09:10:43+01:00\",\"dateModified\":\"2014-01-30T09:10:43+01:00\",\"inLanguage\":\"es-ES\",\"mainEntityOfPage\":{\"@id\":\"https:\\\/\\\/www.eldigitaldeasturias.com\\\/noticias\\\/la-unesco-avisa-de-que-latinoamerica-no-alcanzara-los-objetivos-de-2015-en-educacion\\\/#webpage\"},\"isPartOf\":{\"@id\":\"https:\\\/\\\/www.eldigitaldeasturias.com\\\/noticias\\\/la-unesco-avisa-de-que-latinoamerica-no-alcanzara-los-objetivos-de-2015-en-educacion\\\/#webpage\"},\"articleSection\":\"Actualidad\"},{\"@type\":\"BreadcrumbList\",\"@id\":\"https:\\\/\\\/www.eldigitaldeasturias.com\\\/noticias\\\/la-unesco-avisa-de-que-latinoamerica-no-alcanzara-los-objetivos-de-2015-en-educacion\\\/#breadcrumblist\",\"itemListElement\":[{\"@type\":\"ListItem\",\"@id\":\"https:\\\/\\\/www.eldigitaldeasturias.com\\\/noticias#listItem\",\"position\":1,\"name\":\"Home\",\"item\":\"https:\\\/\\\/www.eldigitaldeasturias.com\\\/noticias\",\"nextItem\":{\"@type\":\"ListItem\",\"@id\":\"https:\\\/\\\/www.eldigitaldeasturias.com\\\/noticias\\\/category\\\/actualidad\\\/#listItem\",\"name\":\"Actualidad\"}},{\"@type\":\"ListItem\",\"@id\":\"https:\\\/\\\/www.eldigitaldeasturias.com\\\/noticias\\\/category\\\/actualidad\\\/#listItem\",\"position\":2,\"name\":\"Actualidad\",\"item\":\"https:\\\/\\\/www.eldigitaldeasturias.com\\\/noticias\\\/category\\\/actualidad\\\/\",\"nextItem\":{\"@type\":\"ListItem\",\"@id\":\"https:\\\/\\\/www.eldigitaldeasturias.com\\\/noticias\\\/la-unesco-avisa-de-que-latinoamerica-no-alcanzara-los-objetivos-de-2015-en-educacion\\\/#listItem\",\"name\":\"La Unesco avisa de que Latinoam\\u00e9rica no alcanzar\\u00e1 los objetivos de 2015 en educaci\\u00f3n\"},\"previousItem\":{\"@type\":\"ListItem\",\"@id\":\"https:\\\/\\\/www.eldigitaldeasturias.com\\\/noticias#listItem\",\"name\":\"Home\"}},{\"@type\":\"ListItem\",\"@id\":\"https:\\\/\\\/www.eldigitaldeasturias.com\\\/noticias\\\/la-unesco-avisa-de-que-latinoamerica-no-alcanzara-los-objetivos-de-2015-en-educacion\\\/#listItem\",\"position\":3,\"name\":\"La Unesco avisa de que Latinoam\\u00e9rica no alcanzar\\u00e1 los objetivos de 2015 en educaci\\u00f3n\",\"previousItem\":{\"@type\":\"ListItem\",\"@id\":\"https:\\\/\\\/www.eldigitaldeasturias.com\\\/noticias\\\/category\\\/actualidad\\\/#listItem\",\"name\":\"Actualidad\"}}]},{\"@type\":\"Organization\",\"@id\":\"https:\\\/\\\/www.eldigitaldeasturias.com\\\/noticias\\\/#organization\",\"name\":\"El Digital de Asturias\",\"description\":\"Hemeroteca\",\"url\":\"https:\\\/\\\/www.eldigitaldeasturias.com\\\/noticias\\\/\",\"email\":\"info@eldigitaldeasturias.com\",\"telephone\":\"+34652131393\",\"logo\":{\"@type\":\"ImageObject\",\"url\":\"https:\\\/\\\/www.eldigitaldeasturias.com\\\/noticias\\\/wp-content\\\/uploads\\\/2020\\\/12\\\/EDA.jpg\",\"@id\":\"https:\\\/\\\/www.eldigitaldeasturias.com\\\/noticias\\\/la-unesco-avisa-de-que-latinoamerica-no-alcanzara-los-objetivos-de-2015-en-educacion\\\/#organizationLogo\"},\"image\":{\"@id\":\"https:\\\/\\\/www.eldigitaldeasturias.com\\\/noticias\\\/la-unesco-avisa-de-que-latinoamerica-no-alcanzara-los-objetivos-de-2015-en-educacion\\\/#organizationLogo\"},\"sameAs\":[\"https:\\\/\\\/facebook.com\\\/eldigitaldeasturias\",\"https:\\\/\\\/www.youtube.com\\\/channel\\\/UCZP-2wLEB9Rv6erhFmqVnvg\"],\"address\":{\"@id\":\"https:\\\/\\\/www.eldigitaldeasturias.com\\\/noticias\\\/#postaladdress\",\"@type\":\"PostalAddress\",\"streetAddress\":\"san antonio 4\",\"postalCode\":\"33430\",\"addressLocality\":\"Cand\\u00e1s\",\"addressRegion\":\"Asturias\",\"addressCountry\":\"ES\"}},{\"@type\":\"Person\",\"@id\":\"https:\\\/\\\/www.eldigitaldeasturias.com\\\/noticias\\\/author\\\/admin\\\/#author\",\"url\":\"https:\\\/\\\/www.eldigitaldeasturias.com\\\/noticias\\\/author\\\/admin\\\/\",\"name\":\"El Digital de Asturias\",\"image\":{\"@type\":\"ImageObject\",\"@id\":\"https:\\\/\\\/www.eldigitaldeasturias.com\\\/noticias\\\/la-unesco-avisa-de-que-latinoamerica-no-alcanzara-los-objetivos-de-2015-en-educacion\\\/#authorImage\",\"url\":\"https:\\\/\\\/secure.gravatar.com\\\/avatar\\\/df2aeffc32bcd13f8d26072ef8a91b623d677766deac7f97ca815868cd41bf5e?s=96&d=mm&r=g\",\"width\":96,\"height\":96,\"caption\":\"El Digital de Asturias\"}},{\"@type\":\"WebPage\",\"@id\":\"https:\\\/\\\/www.eldigitaldeasturias.com\\\/noticias\\\/la-unesco-avisa-de-que-latinoamerica-no-alcanzara-los-objetivos-de-2015-en-educacion\\\/#webpage\",\"url\":\"https:\\\/\\\/www.eldigitaldeasturias.com\\\/noticias\\\/la-unesco-avisa-de-que-latinoamerica-no-alcanzara-los-objetivos-de-2015-en-educacion\\\/\",\"name\":\"La Unesco avisa de que Latinoam\\u00e9rica no alcanzar\\u00e1 los objetivos de 2015 en educaci\\u00f3n - El Digital de Asturias\",\"description\":\"M\\u00e9xico, 30 ene (EFE).- Tener una educaci\\u00f3n de calidad es uno de los logros que no alcanzar\\u00e1n la mayor\\u00eda de los pa\\u00edses de Latinoam\\u00e9rica como parte de los Objetivos de Desarrollo del Milenio fijados por la ONU para 2015, seg\\u00fan destacaron este mi\\u00e9rcoles expertos de la Unesco. \\\"En primaria y secundaria la investigaci\\u00f3n demuestra que\",\"inLanguage\":\"es-ES\",\"isPartOf\":{\"@id\":\"https:\\\/\\\/www.eldigitaldeasturias.com\\\/noticias\\\/#website\"},\"breadcrumb\":{\"@id\":\"https:\\\/\\\/www.eldigitaldeasturias.com\\\/noticias\\\/la-unesco-avisa-de-que-latinoamerica-no-alcanzara-los-objetivos-de-2015-en-educacion\\\/#breadcrumblist\"},\"author\":{\"@id\":\"https:\\\/\\\/www.eldigitaldeasturias.com\\\/noticias\\\/author\\\/admin\\\/#author\"},\"creator\":{\"@id\":\"https:\\\/\\\/www.eldigitaldeasturias.com\\\/noticias\\\/author\\\/admin\\\/#author\"},\"image\":{\"@type\":\"ImageObject\",\"url\":\"https:\\\/\\\/www.eldigitaldeasturias.com\\\/noticias\\\/wp-content\\\/uploads\\\/2026\\\/06\\\/Contenidos.jpg\",\"@id\":\"https:\\\/\\\/www.eldigitaldeasturias.com\\\/noticias\\\/la-unesco-avisa-de-que-latinoamerica-no-alcanzara-los-objetivos-de-2015-en-educacion\\\/#mainImage\",\"width\":1265,\"height\":697,\"caption\":\"Contenidos\"},\"primaryImageOfPage\":{\"@id\":\"https:\\\/\\\/www.eldigitaldeasturias.com\\\/noticias\\\/la-unesco-avisa-de-que-latinoamerica-no-alcanzara-los-objetivos-de-2015-en-educacion\\\/#mainImage\"},\"datePublished\":\"2014-01-30T09:10:43+01:00\",\"dateModified\":\"2014-01-30T09:10:43+01:00\"},{\"@type\":\"WebSite\",\"@id\":\"https:\\\/\\\/www.eldigitaldeasturias.com\\\/noticias\\\/#website\",\"url\":\"https:\\\/\\\/www.eldigitaldeasturias.com\\\/noticias\\\/\",\"name\":\"El Digital de Asturias - Diario de actualidad y noticias\",\"alternateName\":\"El Digital de Asturias - Diario de actualidad y noticias\",\"description\":\"Hemeroteca\",\"inLanguage\":\"es-ES\",\"publisher\":{\"@id\":\"https:\\\/\\\/www.eldigitaldeasturias.com\\\/noticias\\\/#organization\"}}]}\n\t\t<\/script>\n\t\t<!-- All in One SEO Pro -->\r\n\t\t<title>La Unesco avisa de que Latinoam\u00e9rica no alcanzar\u00e1 los objetivos de 2015 en educaci\u00f3n - El Digital de Asturias<\/title>\n\n","aioseo_head_json":{"title":"La Unesco avisa de que Latinoam\u00e9rica no alcanzar\u00e1 los objetivos de 2015 en educaci\u00f3n - El Digital de Asturias","description":"M\u00e9xico, 30 ene (EFE).- Tener una educaci\u00f3n de calidad es uno de los logros que no alcanzar\u00e1n la mayor\u00eda de los pa\u00edses de Latinoam\u00e9rica como parte de los Objetivos de Desarrollo del Milenio fijados por la ONU para 2015, seg\u00fan destacaron este mi\u00e9rcoles expertos de la Unesco. \"En primaria y secundaria la investigaci\u00f3n demuestra que","canonical_url":"https:\/\/www.eldigitaldeasturias.com\/noticias\/la-unesco-avisa-de-que-latinoamerica-no-alcanzara-los-objetivos-de-2015-en-educacion\/","robots":"max-image-preview:large","keywords":"actualidad","webmasterTools":{"google-site-verification":"UA-38556648-1","msvalidate.01":"7dfe9f3f1b24437ab69f4f2559babe99","miscellaneous":""},"schema":{"@context":"https:\/\/schema.org","@graph":[{"@type":"BlogPosting","@id":"https:\/\/www.eldigitaldeasturias.com\/noticias\/la-unesco-avisa-de-que-latinoamerica-no-alcanzara-los-objetivos-de-2015-en-educacion\/#blogposting","name":"La Unesco avisa de que Latinoam\u00e9rica no alcanzar\u00e1 los objetivos de 2015 en educaci\u00f3n - El Digital de Asturias","headline":"La Unesco avisa de que Latinoam\u00e9rica no alcanzar\u00e1 los objetivos de 2015 en educaci\u00f3n","author":{"@id":"https:\/\/www.eldigitaldeasturias.com\/noticias\/author\/admin\/#author"},"publisher":{"@id":"https:\/\/www.eldigitaldeasturias.com\/noticias\/#organization"},"image":{"@type":"ImageObject","url":"https:\/\/www.eldigitaldeasturias.com\/noticias\/wp-content\/uploads\/2026\/06\/Contenidos.jpg","width":1265,"height":697,"caption":"Contenidos"},"datePublished":"2014-01-30T09:10:43+01:00","dateModified":"2014-01-30T09:10:43+01:00","inLanguage":"es-ES","mainEntityOfPage":{"@id":"https:\/\/www.eldigitaldeasturias.com\/noticias\/la-unesco-avisa-de-que-latinoamerica-no-alcanzara-los-objetivos-de-2015-en-educacion\/#webpage"},"isPartOf":{"@id":"https:\/\/www.eldigitaldeasturias.com\/noticias\/la-unesco-avisa-de-que-latinoamerica-no-alcanzara-los-objetivos-de-2015-en-educacion\/#webpage"},"articleSection":"Actualidad"},{"@type":"BreadcrumbList","@id":"https:\/\/www.eldigitaldeasturias.com\/noticias\/la-unesco-avisa-de-que-latinoamerica-no-alcanzara-los-objetivos-de-2015-en-educacion\/#breadcrumblist","itemListElement":[{"@type":"ListItem","@id":"https:\/\/www.eldigitaldeasturias.com\/noticias#listItem","position":1,"name":"Home","item":"https:\/\/www.eldigitaldeasturias.com\/noticias","nextItem":{"@type":"ListItem","@id":"https:\/\/www.eldigitaldeasturias.com\/noticias\/category\/actualidad\/#listItem","name":"Actualidad"}},{"@type":"ListItem","@id":"https:\/\/www.eldigitaldeasturias.com\/noticias\/category\/actualidad\/#listItem","position":2,"name":"Actualidad","item":"https:\/\/www.eldigitaldeasturias.com\/noticias\/category\/actualidad\/","nextItem":{"@type":"ListItem","@id":"https:\/\/www.eldigitaldeasturias.com\/noticias\/la-unesco-avisa-de-que-latinoamerica-no-alcanzara-los-objetivos-de-2015-en-educacion\/#listItem","name":"La Unesco avisa de que Latinoam\u00e9rica no alcanzar\u00e1 los objetivos de 2015 en educaci\u00f3n"},"previousItem":{"@type":"ListItem","@id":"https:\/\/www.eldigitaldeasturias.com\/noticias#listItem","name":"Home"}},{"@type":"ListItem","@id":"https:\/\/www.eldigitaldeasturias.com\/noticias\/la-unesco-avisa-de-que-latinoamerica-no-alcanzara-los-objetivos-de-2015-en-educacion\/#listItem","position":3,"name":"La Unesco avisa de que Latinoam\u00e9rica no alcanzar\u00e1 los objetivos de 2015 en educaci\u00f3n","previousItem":{"@type":"ListItem","@id":"https:\/\/www.eldigitaldeasturias.com\/noticias\/category\/actualidad\/#listItem","name":"Actualidad"}}]},{"@type":"Organization","@id":"https:\/\/www.eldigitaldeasturias.com\/noticias\/#organization","name":"El Digital de Asturias","description":"Hemeroteca","url":"https:\/\/www.eldigitaldeasturias.com\/noticias\/","email":"info@eldigitaldeasturias.com","telephone":"+34652131393","logo":{"@type":"ImageObject","url":"https:\/\/www.eldigitaldeasturias.com\/noticias\/wp-content\/uploads\/2020\/12\/EDA.jpg","@id":"https:\/\/www.eldigitaldeasturias.com\/noticias\/la-unesco-avisa-de-que-latinoamerica-no-alcanzara-los-objetivos-de-2015-en-educacion\/#organizationLogo"},"image":{"@id":"https:\/\/www.eldigitaldeasturias.com\/noticias\/la-unesco-avisa-de-que-latinoamerica-no-alcanzara-los-objetivos-de-2015-en-educacion\/#organizationLogo"},"sameAs":["https:\/\/facebook.com\/eldigitaldeasturias","https:\/\/www.youtube.com\/channel\/UCZP-2wLEB9Rv6erhFmqVnvg"],"address":{"@id":"https:\/\/www.eldigitaldeasturias.com\/noticias\/#postaladdress","@type":"PostalAddress","streetAddress":"san antonio 4","postalCode":"33430","addressLocality":"Cand\u00e1s","addressRegion":"Asturias","addressCountry":"ES"}},{"@type":"Person","@id":"https:\/\/www.eldigitaldeasturias.com\/noticias\/author\/admin\/#author","url":"https:\/\/www.eldigitaldeasturias.com\/noticias\/author\/admin\/","name":"El Digital de Asturias","image":{"@type":"ImageObject","@id":"https:\/\/www.eldigitaldeasturias.com\/noticias\/la-unesco-avisa-de-que-latinoamerica-no-alcanzara-los-objetivos-de-2015-en-educacion\/#authorImage","url":"https:\/\/secure.gravatar.com\/avatar\/df2aeffc32bcd13f8d26072ef8a91b623d677766deac7f97ca815868cd41bf5e?s=96&d=mm&r=g","width":96,"height":96,"caption":"El Digital de Asturias"}},{"@type":"WebPage","@id":"https:\/\/www.eldigitaldeasturias.com\/noticias\/la-unesco-avisa-de-que-latinoamerica-no-alcanzara-los-objetivos-de-2015-en-educacion\/#webpage","url":"https:\/\/www.eldigitaldeasturias.com\/noticias\/la-unesco-avisa-de-que-latinoamerica-no-alcanzara-los-objetivos-de-2015-en-educacion\/","name":"La Unesco avisa de que Latinoam\u00e9rica no alcanzar\u00e1 los objetivos de 2015 en educaci\u00f3n - El Digital de Asturias","description":"M\u00e9xico, 30 ene (EFE).- Tener una educaci\u00f3n de calidad es uno de los logros que no alcanzar\u00e1n la mayor\u00eda de los pa\u00edses de Latinoam\u00e9rica como parte de los Objetivos de Desarrollo del Milenio fijados por la ONU para 2015, seg\u00fan destacaron este mi\u00e9rcoles expertos de la Unesco. \"En primaria y secundaria la investigaci\u00f3n demuestra que","inLanguage":"es-ES","isPartOf":{"@id":"https:\/\/www.eldigitaldeasturias.com\/noticias\/#website"},"breadcrumb":{"@id":"https:\/\/www.eldigitaldeasturias.com\/noticias\/la-unesco-avisa-de-que-latinoamerica-no-alcanzara-los-objetivos-de-2015-en-educacion\/#breadcrumblist"},"author":{"@id":"https:\/\/www.eldigitaldeasturias.com\/noticias\/author\/admin\/#author"},"creator":{"@id":"https:\/\/www.eldigitaldeasturias.com\/noticias\/author\/admin\/#author"},"image":{"@type":"ImageObject","url":"https:\/\/www.eldigitaldeasturias.com\/noticias\/wp-content\/uploads\/2026\/06\/Contenidos.jpg","@id":"https:\/\/www.eldigitaldeasturias.com\/noticias\/la-unesco-avisa-de-que-latinoamerica-no-alcanzara-los-objetivos-de-2015-en-educacion\/#mainImage","width":1265,"height":697,"caption":"Contenidos"},"primaryImageOfPage":{"@id":"https:\/\/www.eldigitaldeasturias.com\/noticias\/la-unesco-avisa-de-que-latinoamerica-no-alcanzara-los-objetivos-de-2015-en-educacion\/#mainImage"},"datePublished":"2014-01-30T09:10:43+01:00","dateModified":"2014-01-30T09:10:43+01:00"},{"@type":"WebSite","@id":"https:\/\/www.eldigitaldeasturias.com\/noticias\/#website","url":"https:\/\/www.eldigitaldeasturias.com\/noticias\/","name":"El Digital de Asturias - Diario de actualidad y noticias","alternateName":"El Digital de Asturias - Diario de actualidad y noticias","description":"Hemeroteca","inLanguage":"es-ES","publisher":{"@id":"https:\/\/www.eldigitaldeasturias.com\/noticias\/#organization"}}]},"og:locale":"es_ES","og:site_name":"El Digital de Asturias","og:type":"article","og:title":"La Unesco avisa de que Latinoam\u00e9rica no alcanzar\u00e1 los objetivos de 2015 en educaci\u00f3n - El Digital de Asturias","og:description":"M\u00e9xico, 30 ene (EFE).- Tener una educaci\u00f3n de calidad es uno de los logros que no alcanzar\u00e1n la mayor\u00eda de los pa\u00edses de Latinoam\u00e9rica como parte de los Objetivos de Desarrollo del Milenio fijados por la ONU para 2015, seg\u00fan destacaron este mi\u00e9rcoles expertos de la Unesco. &quot;En primaria y secundaria la investigaci\u00f3n demuestra que","og:url":"https:\/\/www.eldigitaldeasturias.com\/noticias\/la-unesco-avisa-de-que-latinoamerica-no-alcanzara-los-objetivos-de-2015-en-educacion\/","og:image":"https:\/\/www.eldigitaldeasturias.com\/noticias\/wp-content\/uploads\/2026\/06\/Contenidos.jpg","og:image:secure_url":"https:\/\/www.eldigitaldeasturias.com\/noticias\/wp-content\/uploads\/2026\/06\/Contenidos.jpg","og:image:width":1265,"og:image:height":697,"article:tag":["actualidad"],"article:published_time":"2014-01-30T10:10:43+00:00","article:modified_time":"2014-01-30T10:10:43+00:00","article:publisher":"https:\/\/facebook.com\/eldigitaldeasturias","twitter:card":"summary_large_image","twitter:title":"La Unesco avisa de que Latinoam\u00e9rica no alcanzar\u00e1 los objetivos de 2015 en educaci\u00f3n - El Digital de Asturias","twitter:description":"M\u00e9xico, 30 ene (EFE).- Tener una educaci\u00f3n de calidad es uno de los logros que no alcanzar\u00e1n la mayor\u00eda de los pa\u00edses de Latinoam\u00e9rica como parte de los Objetivos de Desarrollo del Milenio fijados por la ONU para 2015, seg\u00fan destacaron este mi\u00e9rcoles expertos de la Unesco. &quot;En primaria y secundaria la investigaci\u00f3n demuestra que","twitter:image":"https:\/\/www.eldigitaldeasturias.com\/noticias\/wp-content\/uploads\/2026\/06\/Contenidos.jpg","twitter:label1":"Escrito por","twitter:data1":"El Digital de Asturias","twitter:label2":"Tiempo de lectura estimado","twitter:data2":"3 minutos"},"aioseo_meta_data":{"post_id":"480429","title":null,"description":null,"keywords":null,"keyphrases":null,"primary_term":null,"canonical_url":null,"og_title":null,"og_description":null,"og_object_type":"default","og_image_type":"default","og_image_url":null,"og_image_width":null,"og_image_height":null,"og_image_custom_url":null,"og_image_custom_fields":null,"og_video":null,"og_custom_url":null,"og_article_section":null,"og_article_tags":null,"twitter_use_og":true,"twitter_card":"default","twitter_image_type":"default","twitter_image_url":null,"twitter_image_custom_url":null,"twitter_image_custom_fields":null,"twitter_title":null,"twitter_description":null,"schema":{"blockGraphs":[],"customGraphs":[],"default":{"data":{"Article":[],"Course":[],"Dataset":[],"FAQPage":[],"Movie":[],"Person":[],"Product":[],"ProductReview":[],"Car":[],"Recipe":[],"Service":[],"SoftwareApplication":[],"WebPage":[]},"graphName":"","isEnabled":true},"graphs":[],"defaultGraph":"","defaultPostTypeGraph":""},"schema_type":null,"schema_type_options":null,"pillar_content":false,"robots_default":true,"robots_noindex":false,"robots_noarchive":false,"robots_nosnippet":false,"robots_nofollow":false,"robots_noimageindex":false,"robots_noodp":false,"robots_notranslate":false,"robots_max_snippet":null,"robots_max_videopreview":null,"robots_max_imagepreview":"none","priority":null,"frequency":null,"local_seo":null,"seo_analyzer_scan_date":"2026-06-02 03:41:45","breadcrumb_settings":null,"limit_modified_date":false,"open_ai":null,"ai":null,"created":"2020-11-14 22:54:12","updated":"2026-06-02 03:41:45","focus_keyword":null,"additional_keywords":null,"truseo_locale":null},"aioseo_breadcrumb":"<div class=\"aioseo-breadcrumbs\"><span class=\"aioseo-breadcrumb\">\n\t<a href=\"https:\/\/www.eldigitaldeasturias.com\/noticias\" title=\"Home\">Home<\/a>\n<\/span><span class=\"aioseo-breadcrumb-separator\">\u2013<\/span><span class=\"aioseo-breadcrumb\">\n\t<a href=\"https:\/\/www.eldigitaldeasturias.com\/noticias\/category\/actualidad\/\" title=\"Actualidad\">Actualidad<\/a>\n<\/span><span class=\"aioseo-breadcrumb-separator\">\u2013<\/span><span class=\"aioseo-breadcrumb\">\n\t<a href=\"https:\/\/www.eldigitaldeasturias.com\/noticias\/la-unesco-avisa-de-que-latinoamerica-no-alcanzara-los-objetivos-de-2015-en-educacion\/\" title=\"La Unesco avisa de que Latinoam\u00e9rica no alcanzar\u00e1 los objetivos de 2015 en educaci\u00f3n\">La Unesco avisa de que Latinoam\u00e9rica no alcanzar\u00e1 los objetivos de 2015 en educaci\u00f3n<\/a>\n<\/span><\/div>","aioseo_breadcrumb_json":[{"label":"Home","link":"https:\/\/www.eldigitaldeasturias.com\/noticias"},{"label":"Actualidad","link":"https:\/\/www.eldigitaldeasturias.com\/noticias\/category\/actualidad\/"},{"label":"La Unesco avisa de que Latinoam\u00e9rica no alcanzar\u00e1 los objetivos de 2015 en educaci\u00f3n","link":"https:\/\/www.eldigitaldeasturias.com\/noticias\/la-unesco-avisa-de-que-latinoamerica-no-alcanzara-los-objetivos-de-2015-en-educacion\/"}],"_links":{"self":[{"href":"https:\/\/www.eldigitaldeasturias.com\/noticias\/wp-json\/wp\/v2\/posts\/480429","targetHints":{"allow":["GET"]}}],"collection":[{"href":"https:\/\/www.eldigitaldeasturias.com\/noticias\/wp-json\/wp\/v2\/posts"}],"about":[{"href":"https:\/\/www.eldigitaldeasturias.com\/noticias\/wp-json\/wp\/v2\/types\/post"}],"author":[{"embeddable":true,"href":"https:\/\/www.eldigitaldeasturias.com\/noticias\/wp-json\/wp\/v2\/users\/1"}],"replies":[{"embeddable":true,"href":"https:\/\/www.eldigitaldeasturias.com\/noticias\/wp-json\/wp\/v2\/comments?post=480429"}],"version-history":[{"count":0,"href":"https:\/\/www.eldigitaldeasturias.com\/noticias\/wp-json\/wp\/v2\/posts\/480429\/revisions"}],"wp:featuredmedia":[{"embeddable":true,"href":"https:\/\/www.eldigitaldeasturias.com\/noticias\/wp-json\/wp\/v2\/media\/1132184"}],"wp:attachment":[{"href":"https:\/\/www.eldigitaldeasturias.com\/noticias\/wp-json\/wp\/v2\/media?parent=480429"}],"wp:term":[{"taxonomy":"category","embeddable":true,"href":"https:\/\/www.eldigitaldeasturias.com\/noticias\/wp-json\/wp\/v2\/categories?post=480429"},{"taxonomy":"post_tag","embeddable":true,"href":"https:\/\/www.eldigitaldeasturias.com\/noticias\/wp-json\/wp\/v2\/tags?post=480429"}],"curies":[{"name":"wp","href":"https:\/\/api.w.org\/{rel}","templated":true}]}}