{"id":480426,"date":"2014-01-30T09:09:52","date_gmt":"2014-01-30T10:09:52","guid":{"rendered":"http:\/\/www.eldigitaldeasturias.com\/noticias\/?p=480426"},"modified":"2014-01-30T09:09:52","modified_gmt":"2014-01-30T10:09:52","slug":"la-cumbre-de-la-celac-eclipsa-la-primera-visita-de-estado-de-pena-nieto-a-cuba","status":"publish","type":"post","link":"https:\/\/www.eldigitaldeasturias.com\/noticias\/la-cumbre-de-la-celac-eclipsa-la-primera-visita-de-estado-de-pena-nieto-a-cuba\/","title":{"rendered":"La Cumbre de la Celac eclipsa la primera visita de Estado de Pe\u00f1a Nieto a Cuba"},"content":{"rendered":"<p><img loading=\"lazy\" decoding=\"async\" class=\"alignleft size-medium wp-image-480427\" alt=\"5890277w\" src=\"https:\/\/www.eldigitaldeasturias.com\/noticias\/wp-content\/uploads\/2014\/01\/5890277w-360x270.jpg\" width=\"360\" height=\"270\" \/>La Habana, 30 ene (EFE).- El presidente de M\u00e9xico, Enrique Pe\u00f1a Nieto, realiz\u00f3 su primera visita a Cuba, que se vio eclipsada por la II Cumbre de la Comunidad de Estados Latinoamericanos y Caribe\u00f1os (Celac), que concluy\u00f3 mucho m\u00e1s tarde de lo previsto.<\/p>\n<p>Pe\u00f1a Nieto sostuvo una reuni\u00f3n y cen\u00f3 en el Palacio de la Revoluci\u00f3n con su hom\u00f3logo cubano, Ra\u00fal Castro, cita que empez\u00f3 cinco horas m\u00e1s tarde de lo anunciado en la agenda oficial porque se prolongaron los discursos de los gobernantes y la clausura de la cumbre regional.<\/p>\n<p>El mandatario mexicano se apart\u00f3 de las sesiones del evento de la Celac para emitir un mensaje a los medios de comunicaci\u00f3n que lo acompa\u00f1an en su viaje y realizar actividades privadas, seg\u00fan fuentes de Los Pinos.<\/p>\n<p>En la tarde se reuni\u00f3 con el l\u00edder cubano Fidel Castro en su residencia para saludarle y reafirmar la \u00abvocaci\u00f3n y esp\u00edritu\u00bb que anima a M\u00e9xico a estrechar \u00ablos lazos de amistad y hermandad con Cuba\u00bb, seg\u00fan coment\u00f3 el propio Pe\u00f1a Nieto antes del encuentro.<\/p>\n<p>Despu\u00e9s sostuvo un encuentro con Ra\u00fal Castro, el segundo despu\u00e9s del celebrado el 27 de enero de 2013 en la I Cumbre de Celac en Chile, y del que no han trascendido a\u00fan detalles.<\/p>\n<p>En sus declaraciones a la prensa, Pe\u00f1a Nieto dijo hoy que su visita a Cuba permitir\u00e1 ganar confianza para fortalecer los lazos bilaterales, apoyar el proceso de actualizaci\u00f3n econ\u00f3mica y social de la isla e impulsar la inversi\u00f3n mexicana en este pa\u00eds.<\/p>\n<p>Seg\u00fan cifras oficiales, la inversi\u00f3n de M\u00e9xico en Cuba asciende a 730 millones de d\u00f3lares, mientras que el comercio bilateral sum\u00f3 280 millones de d\u00f3lares entre enero y septiembre de 2013.<\/p>\n<p>El secretario mexicano de Econom\u00eda, Ildefonso Guajardo, encabezar\u00e1 en febrero o marzo pr\u00f3ximo una misi\u00f3n de alto nivel en la que participar\u00e1n representantes financieros y empresarios que han expresado su inter\u00e9s en explorar oportunidades de inversi\u00f3n en la isla.<\/p>\n<p>Guajardo ha dicho que ya ha recibido llamadas de empresarios varios sectores, entre ellos el tur\u00edstico, interesados participar en la visita comercial.<\/p>\n<p>\u00abHay una gran expectativa. Gracias a la decisi\u00f3n del Gobierno cubano hay oportunidades de inversi\u00f3n para empresarios mexicanos\u00bb, dijo en un reciente encuentro con periodistas en Ciudad de M\u00e9xico.<\/p>\n<p>Los cambios econ\u00f3micos impulsados en la isla de manera paulatina y el acuerdo alcanzado en noviembre pasado sobre una deuda que Cuba manten\u00eda con M\u00e9xico desde hace muchos a\u00f1os permiti\u00f3 destrabar las relaciones bilaterales.<\/p>\n<p>Seg\u00fan el convenio firmado por ambos pa\u00edses, M\u00e9xico condon\u00f3 a la isla el 70 % de una deuda por 487 millones de d\u00f3lares que La Habana contrajo con el estatal Banco Nacional de Comercio Exterior (Bancomext) a\u00f1os atr\u00e1s y el resto ser\u00e1 pagado en un periodo de diez a\u00f1os.<\/p>\n<p>En opini\u00f3n de Guajardo, la soluci\u00f3n a esa deuda fue \u00abestrat\u00e9gica\u00bb porque estorbaba en la relaci\u00f3n en un momento que Cuba \u00abempieza a incorporarse seriamente en los mercados\u00bb.<\/p>\n<p>El viaje de Pe\u00f1a Nieto a La Habana fue precedido de visitas rec\u00edprocas de los cancilleres de los dos pa\u00edses, la \u00faltima de ellas del cubano Bruno Rodr\u00edguez, en noviembre pasado, cuando los dos pa\u00edses firmaron ocho acuerdos para fortalecer sus lazos.<\/p>\n<p>Los documentos firmados en los \u00faltimos meses fortalecieron el Acuerdo de Complementaci\u00f3n Econ\u00f3mica para incluir m\u00e1s de 3.200 productos adicionales y se adoptaron pasos para la financiaci\u00f3n de exportaciones.<\/p>\n<p>Estaba previsto que Pe\u00f1a Nieto y Ra\u00fal Castro revisaran estos acuerdos y otros temas del marco jur\u00eddico en su reuni\u00f3n de hoy.<\/p>\n<p>La visita de Pe\u00f1a Nieto sigue a la que realiz\u00f3 su predecesor, Felipe Calder\u00f3n, en abril de 2012, lo que puso final a varios a\u00f1os de tensiones entre los dos pa\u00edses, especialmente durante la gesti\u00f3n de Vicente Fox (2000-2006).<\/p>\n","protected":false},"excerpt":{"rendered":"<p>La Habana, 30 ene (EFE).- El presidente de M\u00e9xico, Enrique Pe\u00f1a Nieto, realiz\u00f3 su primera visita a Cuba, que se vio eclipsada por la II Cumbre de la Comunidad de Estados Latinoamericanos y Caribe\u00f1os (Celac), que concluy\u00f3 mucho m\u00e1s tarde de lo previsto. Pe\u00f1a Nieto sostuvo una reuni\u00f3n y cen\u00f3 en el Palacio de la [&hellip;]<\/p>\n","protected":false},"author":1,"featured_media":1132184,"comment_status":"closed","ping_status":"open","sticky":false,"template":"","format":"standard","meta":{"footnotes":""},"categories":[1],"tags":[],"class_list":["post-480426","post","type-post","status-publish","format-standard","has-post-thumbnail","hentry","category-actualidad"],"aioseo_notices":[],"aioseo_head":"\n\t\t<!-- All in One SEO Pro 5.0.1 - aioseo.com -->\n\t<meta name=\"description\" content=\"La Habana, 30 ene (EFE).- El presidente de M\u00e9xico, Enrique Pe\u00f1a Nieto, realiz\u00f3 su primera visita a Cuba, que se vio eclipsada por la II Cumbre de la Comunidad de Estados Latinoamericanos y Caribe\u00f1os (Celac), que concluy\u00f3 mucho m\u00e1s tarde de lo previsto. Pe\u00f1a Nieto sostuvo una reuni\u00f3n y cen\u00f3 en el Palacio de la\" \/>\n\t<meta name=\"robots\" content=\"max-image-preview:large\" \/>\n\t<meta name=\"author\" content=\"El Digital de Asturias\"\/>\n\t<meta name=\"google-site-verification\" content=\"UA-38556648-1\" \/>\n\t<meta name=\"msvalidate.01\" content=\"7dfe9f3f1b24437ab69f4f2559babe99\" \/>\n\t<meta name=\"keywords\" content=\"actualidad\" \/>\n\t<link rel=\"canonical\" href=\"https:\/\/www.eldigitaldeasturias.com\/noticias\/la-cumbre-de-la-celac-eclipsa-la-primera-visita-de-estado-de-pena-nieto-a-cuba\/\" \/>\n\t<meta name=\"generator\" content=\"All in One SEO Pro (AIOSEO) 5.0.1\" \/>\n\t\t<meta property=\"og:locale\" content=\"es_ES\" \/>\n\t\t<meta property=\"og:site_name\" content=\"El Digital de Asturias\" \/>\n\t\t<meta property=\"og:type\" content=\"article\" \/>\n\t\t<meta property=\"og:title\" content=\"La Cumbre de la Celac eclipsa la primera visita de Estado de Pe\u00f1a Nieto a Cuba - El Digital de Asturias\" \/>\n\t\t<meta property=\"og:description\" content=\"La Habana, 30 ene (EFE).- El presidente de M\u00e9xico, Enrique Pe\u00f1a Nieto, realiz\u00f3 su primera visita a Cuba, que se vio eclipsada por la II Cumbre de la Comunidad de Estados Latinoamericanos y Caribe\u00f1os (Celac), que concluy\u00f3 mucho m\u00e1s tarde de lo previsto. Pe\u00f1a Nieto sostuvo una reuni\u00f3n y cen\u00f3 en el Palacio de la\" \/>\n\t\t<meta property=\"og:url\" content=\"https:\/\/www.eldigitaldeasturias.com\/noticias\/la-cumbre-de-la-celac-eclipsa-la-primera-visita-de-estado-de-pena-nieto-a-cuba\/\" \/>\n\t\t<meta property=\"og:image\" content=\"https:\/\/www.eldigitaldeasturias.com\/noticias\/wp-content\/uploads\/2026\/06\/Contenidos.jpg\" \/>\n\t\t<meta property=\"og:image:secure_url\" content=\"https:\/\/www.eldigitaldeasturias.com\/noticias\/wp-content\/uploads\/2026\/06\/Contenidos.jpg\" \/>\n\t\t<meta property=\"og:image:width\" content=\"1265\" \/>\n\t\t<meta property=\"og:image:height\" content=\"697\" \/>\n\t\t<meta property=\"article:tag\" content=\"actualidad\" \/>\n\t\t<meta property=\"article:published_time\" content=\"2014-01-30T10:09:52+00:00\" \/>\n\t\t<meta property=\"article:modified_time\" content=\"2014-01-30T10:09:52+00:00\" \/>\n\t\t<meta property=\"article:publisher\" content=\"https:\/\/facebook.com\/eldigitaldeasturias\" \/>\n\t\t<meta name=\"twitter:card\" content=\"summary_large_image\" \/>\n\t\t<meta name=\"twitter:title\" content=\"La Cumbre de la Celac eclipsa la primera visita de Estado de Pe\u00f1a Nieto a Cuba - El Digital de Asturias\" \/>\n\t\t<meta name=\"twitter:description\" content=\"La Habana, 30 ene (EFE).- El presidente de M\u00e9xico, Enrique Pe\u00f1a Nieto, realiz\u00f3 su primera visita a Cuba, que se vio eclipsada por la II Cumbre de la Comunidad de Estados Latinoamericanos y Caribe\u00f1os (Celac), que concluy\u00f3 mucho m\u00e1s tarde de lo previsto. Pe\u00f1a Nieto sostuvo una reuni\u00f3n y cen\u00f3 en el Palacio de la\" \/>\n\t\t<meta name=\"twitter:image\" content=\"https:\/\/www.eldigitaldeasturias.com\/noticias\/wp-content\/uploads\/2026\/06\/Contenidos.jpg\" \/>\n\t\t<meta name=\"twitter:label1\" content=\"Escrito por\" \/>\n\t\t<meta name=\"twitter:data1\" content=\"El Digital de Asturias\" \/>\n\t\t<meta name=\"twitter:label2\" content=\"Tiempo de lectura estimado\" \/>\n\t\t<meta name=\"twitter:data2\" content=\"3 minutos\" \/>\n\t\t<script type=\"application\/ld+json\" class=\"aioseo-schema\">\n\t\t\t{\"@context\":\"https:\\\/\\\/schema.org\",\"@graph\":[{\"@type\":\"BlogPosting\",\"@id\":\"https:\\\/\\\/www.eldigitaldeasturias.com\\\/noticias\\\/la-cumbre-de-la-celac-eclipsa-la-primera-visita-de-estado-de-pena-nieto-a-cuba\\\/#blogposting\",\"name\":\"La Cumbre de la Celac eclipsa la primera visita de Estado de Pe\\u00f1a Nieto a Cuba - El Digital de Asturias\",\"headline\":\"La Cumbre de la Celac eclipsa la primera visita de Estado de Pe\\u00f1a Nieto a Cuba\",\"author\":{\"@id\":\"https:\\\/\\\/www.eldigitaldeasturias.com\\\/noticias\\\/author\\\/admin\\\/#author\"},\"publisher\":{\"@id\":\"https:\\\/\\\/www.eldigitaldeasturias.com\\\/noticias\\\/#organization\"},\"image\":{\"@type\":\"ImageObject\",\"url\":\"https:\\\/\\\/www.eldigitaldeasturias.com\\\/noticias\\\/wp-content\\\/uploads\\\/2026\\\/06\\\/Contenidos.jpg\",\"width\":1265,\"height\":697,\"caption\":\"Contenidos\"},\"datePublished\":\"2014-01-30T09:09:52+01:00\",\"dateModified\":\"2014-01-30T09:09:52+01:00\",\"inLanguage\":\"es-ES\",\"mainEntityOfPage\":{\"@id\":\"https:\\\/\\\/www.eldigitaldeasturias.com\\\/noticias\\\/la-cumbre-de-la-celac-eclipsa-la-primera-visita-de-estado-de-pena-nieto-a-cuba\\\/#webpage\"},\"isPartOf\":{\"@id\":\"https:\\\/\\\/www.eldigitaldeasturias.com\\\/noticias\\\/la-cumbre-de-la-celac-eclipsa-la-primera-visita-de-estado-de-pena-nieto-a-cuba\\\/#webpage\"},\"articleSection\":\"Actualidad\"},{\"@type\":\"BreadcrumbList\",\"@id\":\"https:\\\/\\\/www.eldigitaldeasturias.com\\\/noticias\\\/la-cumbre-de-la-celac-eclipsa-la-primera-visita-de-estado-de-pena-nieto-a-cuba\\\/#breadcrumblist\",\"itemListElement\":[{\"@type\":\"ListItem\",\"@id\":\"https:\\\/\\\/www.eldigitaldeasturias.com\\\/noticias#listItem\",\"position\":1,\"name\":\"Home\",\"item\":\"https:\\\/\\\/www.eldigitaldeasturias.com\\\/noticias\",\"nextItem\":{\"@type\":\"ListItem\",\"@id\":\"https:\\\/\\\/www.eldigitaldeasturias.com\\\/noticias\\\/category\\\/actualidad\\\/#listItem\",\"name\":\"Actualidad\"}},{\"@type\":\"ListItem\",\"@id\":\"https:\\\/\\\/www.eldigitaldeasturias.com\\\/noticias\\\/category\\\/actualidad\\\/#listItem\",\"position\":2,\"name\":\"Actualidad\",\"item\":\"https:\\\/\\\/www.eldigitaldeasturias.com\\\/noticias\\\/category\\\/actualidad\\\/\",\"nextItem\":{\"@type\":\"ListItem\",\"@id\":\"https:\\\/\\\/www.eldigitaldeasturias.com\\\/noticias\\\/la-cumbre-de-la-celac-eclipsa-la-primera-visita-de-estado-de-pena-nieto-a-cuba\\\/#listItem\",\"name\":\"La Cumbre de la Celac eclipsa la primera visita de Estado de Pe\\u00f1a Nieto a Cuba\"},\"previousItem\":{\"@type\":\"ListItem\",\"@id\":\"https:\\\/\\\/www.eldigitaldeasturias.com\\\/noticias#listItem\",\"name\":\"Home\"}},{\"@type\":\"ListItem\",\"@id\":\"https:\\\/\\\/www.eldigitaldeasturias.com\\\/noticias\\\/la-cumbre-de-la-celac-eclipsa-la-primera-visita-de-estado-de-pena-nieto-a-cuba\\\/#listItem\",\"position\":3,\"name\":\"La Cumbre de la Celac eclipsa la primera visita de Estado de Pe\\u00f1a Nieto a Cuba\",\"previousItem\":{\"@type\":\"ListItem\",\"@id\":\"https:\\\/\\\/www.eldigitaldeasturias.com\\\/noticias\\\/category\\\/actualidad\\\/#listItem\",\"name\":\"Actualidad\"}}]},{\"@type\":\"Organization\",\"@id\":\"https:\\\/\\\/www.eldigitaldeasturias.com\\\/noticias\\\/#organization\",\"name\":\"El Digital de Asturias\",\"description\":\"Hemeroteca\",\"url\":\"https:\\\/\\\/www.eldigitaldeasturias.com\\\/noticias\\\/\",\"email\":\"info@eldigitaldeasturias.com\",\"telephone\":\"+34652131393\",\"logo\":{\"@type\":\"ImageObject\",\"url\":\"https:\\\/\\\/www.eldigitaldeasturias.com\\\/noticias\\\/wp-content\\\/uploads\\\/2020\\\/12\\\/EDA.jpg\",\"@id\":\"https:\\\/\\\/www.eldigitaldeasturias.com\\\/noticias\\\/la-cumbre-de-la-celac-eclipsa-la-primera-visita-de-estado-de-pena-nieto-a-cuba\\\/#organizationLogo\"},\"image\":{\"@id\":\"https:\\\/\\\/www.eldigitaldeasturias.com\\\/noticias\\\/la-cumbre-de-la-celac-eclipsa-la-primera-visita-de-estado-de-pena-nieto-a-cuba\\\/#organizationLogo\"},\"sameAs\":[\"https:\\\/\\\/facebook.com\\\/eldigitaldeasturias\",\"https:\\\/\\\/www.youtube.com\\\/channel\\\/UCZP-2wLEB9Rv6erhFmqVnvg\"],\"address\":{\"@id\":\"https:\\\/\\\/www.eldigitaldeasturias.com\\\/noticias\\\/#postaladdress\",\"@type\":\"PostalAddress\",\"streetAddress\":\"san antonio 4\",\"postalCode\":\"33430\",\"addressLocality\":\"Cand\\u00e1s\",\"addressRegion\":\"Asturias\",\"addressCountry\":\"ES\"}},{\"@type\":\"Person\",\"@id\":\"https:\\\/\\\/www.eldigitaldeasturias.com\\\/noticias\\\/author\\\/admin\\\/#author\",\"url\":\"https:\\\/\\\/www.eldigitaldeasturias.com\\\/noticias\\\/author\\\/admin\\\/\",\"name\":\"El Digital de Asturias\",\"image\":{\"@type\":\"ImageObject\",\"@id\":\"https:\\\/\\\/www.eldigitaldeasturias.com\\\/noticias\\\/la-cumbre-de-la-celac-eclipsa-la-primera-visita-de-estado-de-pena-nieto-a-cuba\\\/#authorImage\",\"url\":\"https:\\\/\\\/secure.gravatar.com\\\/avatar\\\/df2aeffc32bcd13f8d26072ef8a91b623d677766deac7f97ca815868cd41bf5e?s=96&d=mm&r=g\",\"width\":96,\"height\":96,\"caption\":\"El Digital de Asturias\"}},{\"@type\":\"WebPage\",\"@id\":\"https:\\\/\\\/www.eldigitaldeasturias.com\\\/noticias\\\/la-cumbre-de-la-celac-eclipsa-la-primera-visita-de-estado-de-pena-nieto-a-cuba\\\/#webpage\",\"url\":\"https:\\\/\\\/www.eldigitaldeasturias.com\\\/noticias\\\/la-cumbre-de-la-celac-eclipsa-la-primera-visita-de-estado-de-pena-nieto-a-cuba\\\/\",\"name\":\"La Cumbre de la Celac eclipsa la primera visita de Estado de Pe\\u00f1a Nieto a Cuba - El Digital de Asturias\",\"description\":\"La Habana, 30 ene (EFE).- El presidente de M\\u00e9xico, Enrique Pe\\u00f1a Nieto, realiz\\u00f3 su primera visita a Cuba, que se vio eclipsada por la II Cumbre de la Comunidad de Estados Latinoamericanos y Caribe\\u00f1os (Celac), que concluy\\u00f3 mucho m\\u00e1s tarde de lo previsto. Pe\\u00f1a Nieto sostuvo una reuni\\u00f3n y cen\\u00f3 en el Palacio de la\",\"inLanguage\":\"es-ES\",\"isPartOf\":{\"@id\":\"https:\\\/\\\/www.eldigitaldeasturias.com\\\/noticias\\\/#website\"},\"breadcrumb\":{\"@id\":\"https:\\\/\\\/www.eldigitaldeasturias.com\\\/noticias\\\/la-cumbre-de-la-celac-eclipsa-la-primera-visita-de-estado-de-pena-nieto-a-cuba\\\/#breadcrumblist\"},\"author\":{\"@id\":\"https:\\\/\\\/www.eldigitaldeasturias.com\\\/noticias\\\/author\\\/admin\\\/#author\"},\"creator\":{\"@id\":\"https:\\\/\\\/www.eldigitaldeasturias.com\\\/noticias\\\/author\\\/admin\\\/#author\"},\"image\":{\"@type\":\"ImageObject\",\"url\":\"https:\\\/\\\/www.eldigitaldeasturias.com\\\/noticias\\\/wp-content\\\/uploads\\\/2026\\\/06\\\/Contenidos.jpg\",\"@id\":\"https:\\\/\\\/www.eldigitaldeasturias.com\\\/noticias\\\/la-cumbre-de-la-celac-eclipsa-la-primera-visita-de-estado-de-pena-nieto-a-cuba\\\/#mainImage\",\"width\":1265,\"height\":697,\"caption\":\"Contenidos\"},\"primaryImageOfPage\":{\"@id\":\"https:\\\/\\\/www.eldigitaldeasturias.com\\\/noticias\\\/la-cumbre-de-la-celac-eclipsa-la-primera-visita-de-estado-de-pena-nieto-a-cuba\\\/#mainImage\"},\"datePublished\":\"2014-01-30T09:09:52+01:00\",\"dateModified\":\"2014-01-30T09:09:52+01:00\"},{\"@type\":\"WebSite\",\"@id\":\"https:\\\/\\\/www.eldigitaldeasturias.com\\\/noticias\\\/#website\",\"url\":\"https:\\\/\\\/www.eldigitaldeasturias.com\\\/noticias\\\/\",\"name\":\"El Digital de Asturias - Diario de actualidad y noticias\",\"alternateName\":\"El Digital de Asturias - Diario de actualidad y noticias\",\"description\":\"Hemeroteca\",\"inLanguage\":\"es-ES\",\"publisher\":{\"@id\":\"https:\\\/\\\/www.eldigitaldeasturias.com\\\/noticias\\\/#organization\"}}]}\n\t\t<\/script>\n\t\t<!-- All in One SEO Pro -->\r\n\t\t<title>La Cumbre de la Celac eclipsa la primera visita de Estado de Pe\u00f1a Nieto a Cuba - El Digital de Asturias<\/title>\n\n","aioseo_head_json":{"title":"La Cumbre de la Celac eclipsa la primera visita de Estado de Pe\u00f1a Nieto a Cuba - El Digital de Asturias","description":"La Habana, 30 ene (EFE).- El presidente de M\u00e9xico, Enrique Pe\u00f1a Nieto, realiz\u00f3 su primera visita a Cuba, que se vio eclipsada por la II Cumbre de la Comunidad de Estados Latinoamericanos y Caribe\u00f1os (Celac), que concluy\u00f3 mucho m\u00e1s tarde de lo previsto. Pe\u00f1a Nieto sostuvo una reuni\u00f3n y cen\u00f3 en el Palacio de la","canonical_url":"https:\/\/www.eldigitaldeasturias.com\/noticias\/la-cumbre-de-la-celac-eclipsa-la-primera-visita-de-estado-de-pena-nieto-a-cuba\/","robots":"max-image-preview:large","keywords":"actualidad","webmasterTools":{"google-site-verification":"UA-38556648-1","msvalidate.01":"7dfe9f3f1b24437ab69f4f2559babe99","miscellaneous":""},"schema":{"@context":"https:\/\/schema.org","@graph":[{"@type":"BlogPosting","@id":"https:\/\/www.eldigitaldeasturias.com\/noticias\/la-cumbre-de-la-celac-eclipsa-la-primera-visita-de-estado-de-pena-nieto-a-cuba\/#blogposting","name":"La Cumbre de la Celac eclipsa la primera visita de Estado de Pe\u00f1a Nieto a Cuba - El Digital de Asturias","headline":"La Cumbre de la Celac eclipsa la primera visita de Estado de Pe\u00f1a Nieto a Cuba","author":{"@id":"https:\/\/www.eldigitaldeasturias.com\/noticias\/author\/admin\/#author"},"publisher":{"@id":"https:\/\/www.eldigitaldeasturias.com\/noticias\/#organization"},"image":{"@type":"ImageObject","url":"https:\/\/www.eldigitaldeasturias.com\/noticias\/wp-content\/uploads\/2026\/06\/Contenidos.jpg","width":1265,"height":697,"caption":"Contenidos"},"datePublished":"2014-01-30T09:09:52+01:00","dateModified":"2014-01-30T09:09:52+01:00","inLanguage":"es-ES","mainEntityOfPage":{"@id":"https:\/\/www.eldigitaldeasturias.com\/noticias\/la-cumbre-de-la-celac-eclipsa-la-primera-visita-de-estado-de-pena-nieto-a-cuba\/#webpage"},"isPartOf":{"@id":"https:\/\/www.eldigitaldeasturias.com\/noticias\/la-cumbre-de-la-celac-eclipsa-la-primera-visita-de-estado-de-pena-nieto-a-cuba\/#webpage"},"articleSection":"Actualidad"},{"@type":"BreadcrumbList","@id":"https:\/\/www.eldigitaldeasturias.com\/noticias\/la-cumbre-de-la-celac-eclipsa-la-primera-visita-de-estado-de-pena-nieto-a-cuba\/#breadcrumblist","itemListElement":[{"@type":"ListItem","@id":"https:\/\/www.eldigitaldeasturias.com\/noticias#listItem","position":1,"name":"Home","item":"https:\/\/www.eldigitaldeasturias.com\/noticias","nextItem":{"@type":"ListItem","@id":"https:\/\/www.eldigitaldeasturias.com\/noticias\/category\/actualidad\/#listItem","name":"Actualidad"}},{"@type":"ListItem","@id":"https:\/\/www.eldigitaldeasturias.com\/noticias\/category\/actualidad\/#listItem","position":2,"name":"Actualidad","item":"https:\/\/www.eldigitaldeasturias.com\/noticias\/category\/actualidad\/","nextItem":{"@type":"ListItem","@id":"https:\/\/www.eldigitaldeasturias.com\/noticias\/la-cumbre-de-la-celac-eclipsa-la-primera-visita-de-estado-de-pena-nieto-a-cuba\/#listItem","name":"La Cumbre de la Celac eclipsa la primera visita de Estado de Pe\u00f1a Nieto a Cuba"},"previousItem":{"@type":"ListItem","@id":"https:\/\/www.eldigitaldeasturias.com\/noticias#listItem","name":"Home"}},{"@type":"ListItem","@id":"https:\/\/www.eldigitaldeasturias.com\/noticias\/la-cumbre-de-la-celac-eclipsa-la-primera-visita-de-estado-de-pena-nieto-a-cuba\/#listItem","position":3,"name":"La Cumbre de la Celac eclipsa la primera visita de Estado de Pe\u00f1a Nieto a Cuba","previousItem":{"@type":"ListItem","@id":"https:\/\/www.eldigitaldeasturias.com\/noticias\/category\/actualidad\/#listItem","name":"Actualidad"}}]},{"@type":"Organization","@id":"https:\/\/www.eldigitaldeasturias.com\/noticias\/#organization","name":"El Digital de Asturias","description":"Hemeroteca","url":"https:\/\/www.eldigitaldeasturias.com\/noticias\/","email":"info@eldigitaldeasturias.com","telephone":"+34652131393","logo":{"@type":"ImageObject","url":"https:\/\/www.eldigitaldeasturias.com\/noticias\/wp-content\/uploads\/2020\/12\/EDA.jpg","@id":"https:\/\/www.eldigitaldeasturias.com\/noticias\/la-cumbre-de-la-celac-eclipsa-la-primera-visita-de-estado-de-pena-nieto-a-cuba\/#organizationLogo"},"image":{"@id":"https:\/\/www.eldigitaldeasturias.com\/noticias\/la-cumbre-de-la-celac-eclipsa-la-primera-visita-de-estado-de-pena-nieto-a-cuba\/#organizationLogo"},"sameAs":["https:\/\/facebook.com\/eldigitaldeasturias","https:\/\/www.youtube.com\/channel\/UCZP-2wLEB9Rv6erhFmqVnvg"],"address":{"@id":"https:\/\/www.eldigitaldeasturias.com\/noticias\/#postaladdress","@type":"PostalAddress","streetAddress":"san antonio 4","postalCode":"33430","addressLocality":"Cand\u00e1s","addressRegion":"Asturias","addressCountry":"ES"}},{"@type":"Person","@id":"https:\/\/www.eldigitaldeasturias.com\/noticias\/author\/admin\/#author","url":"https:\/\/www.eldigitaldeasturias.com\/noticias\/author\/admin\/","name":"El Digital de Asturias","image":{"@type":"ImageObject","@id":"https:\/\/www.eldigitaldeasturias.com\/noticias\/la-cumbre-de-la-celac-eclipsa-la-primera-visita-de-estado-de-pena-nieto-a-cuba\/#authorImage","url":"https:\/\/secure.gravatar.com\/avatar\/df2aeffc32bcd13f8d26072ef8a91b623d677766deac7f97ca815868cd41bf5e?s=96&d=mm&r=g","width":96,"height":96,"caption":"El Digital de Asturias"}},{"@type":"WebPage","@id":"https:\/\/www.eldigitaldeasturias.com\/noticias\/la-cumbre-de-la-celac-eclipsa-la-primera-visita-de-estado-de-pena-nieto-a-cuba\/#webpage","url":"https:\/\/www.eldigitaldeasturias.com\/noticias\/la-cumbre-de-la-celac-eclipsa-la-primera-visita-de-estado-de-pena-nieto-a-cuba\/","name":"La Cumbre de la Celac eclipsa la primera visita de Estado de Pe\u00f1a Nieto a Cuba - El Digital de Asturias","description":"La Habana, 30 ene (EFE).- El presidente de M\u00e9xico, Enrique Pe\u00f1a Nieto, realiz\u00f3 su primera visita a Cuba, que se vio eclipsada por la II Cumbre de la Comunidad de Estados Latinoamericanos y Caribe\u00f1os (Celac), que concluy\u00f3 mucho m\u00e1s tarde de lo previsto. Pe\u00f1a Nieto sostuvo una reuni\u00f3n y cen\u00f3 en el Palacio de la","inLanguage":"es-ES","isPartOf":{"@id":"https:\/\/www.eldigitaldeasturias.com\/noticias\/#website"},"breadcrumb":{"@id":"https:\/\/www.eldigitaldeasturias.com\/noticias\/la-cumbre-de-la-celac-eclipsa-la-primera-visita-de-estado-de-pena-nieto-a-cuba\/#breadcrumblist"},"author":{"@id":"https:\/\/www.eldigitaldeasturias.com\/noticias\/author\/admin\/#author"},"creator":{"@id":"https:\/\/www.eldigitaldeasturias.com\/noticias\/author\/admin\/#author"},"image":{"@type":"ImageObject","url":"https:\/\/www.eldigitaldeasturias.com\/noticias\/wp-content\/uploads\/2026\/06\/Contenidos.jpg","@id":"https:\/\/www.eldigitaldeasturias.com\/noticias\/la-cumbre-de-la-celac-eclipsa-la-primera-visita-de-estado-de-pena-nieto-a-cuba\/#mainImage","width":1265,"height":697,"caption":"Contenidos"},"primaryImageOfPage":{"@id":"https:\/\/www.eldigitaldeasturias.com\/noticias\/la-cumbre-de-la-celac-eclipsa-la-primera-visita-de-estado-de-pena-nieto-a-cuba\/#mainImage"},"datePublished":"2014-01-30T09:09:52+01:00","dateModified":"2014-01-30T09:09:52+01:00"},{"@type":"WebSite","@id":"https:\/\/www.eldigitaldeasturias.com\/noticias\/#website","url":"https:\/\/www.eldigitaldeasturias.com\/noticias\/","name":"El Digital de Asturias - Diario de actualidad y noticias","alternateName":"El Digital de Asturias - Diario de actualidad y noticias","description":"Hemeroteca","inLanguage":"es-ES","publisher":{"@id":"https:\/\/www.eldigitaldeasturias.com\/noticias\/#organization"}}]},"og:locale":"es_ES","og:site_name":"El Digital de Asturias","og:type":"article","og:title":"La Cumbre de la Celac eclipsa la primera visita de Estado de Pe\u00f1a Nieto a Cuba - El Digital de Asturias","og:description":"La Habana, 30 ene (EFE).- El presidente de M\u00e9xico, Enrique Pe\u00f1a Nieto, realiz\u00f3 su primera visita a Cuba, que se vio eclipsada por la II Cumbre de la Comunidad de Estados Latinoamericanos y Caribe\u00f1os (Celac), que concluy\u00f3 mucho m\u00e1s tarde de lo previsto. Pe\u00f1a Nieto sostuvo una reuni\u00f3n y cen\u00f3 en el Palacio de la","og:url":"https:\/\/www.eldigitaldeasturias.com\/noticias\/la-cumbre-de-la-celac-eclipsa-la-primera-visita-de-estado-de-pena-nieto-a-cuba\/","og:image":"https:\/\/www.eldigitaldeasturias.com\/noticias\/wp-content\/uploads\/2026\/06\/Contenidos.jpg","og:image:secure_url":"https:\/\/www.eldigitaldeasturias.com\/noticias\/wp-content\/uploads\/2026\/06\/Contenidos.jpg","og:image:width":1265,"og:image:height":697,"article:tag":["actualidad"],"article:published_time":"2014-01-30T10:09:52+00:00","article:modified_time":"2014-01-30T10:09:52+00:00","article:publisher":"https:\/\/facebook.com\/eldigitaldeasturias","twitter:card":"summary_large_image","twitter:title":"La Cumbre de la Celac eclipsa la primera visita de Estado de Pe\u00f1a Nieto a Cuba - El Digital de Asturias","twitter:description":"La Habana, 30 ene (EFE).- El presidente de M\u00e9xico, Enrique Pe\u00f1a Nieto, realiz\u00f3 su primera visita a Cuba, que se vio eclipsada por la II Cumbre de la Comunidad de Estados Latinoamericanos y Caribe\u00f1os (Celac), que concluy\u00f3 mucho m\u00e1s tarde de lo previsto. Pe\u00f1a Nieto sostuvo una reuni\u00f3n y cen\u00f3 en el Palacio de la","twitter:image":"https:\/\/www.eldigitaldeasturias.com\/noticias\/wp-content\/uploads\/2026\/06\/Contenidos.jpg","twitter:label1":"Escrito por","twitter:data1":"El Digital de Asturias","twitter:label2":"Tiempo de lectura estimado","twitter:data2":"3 minutos"},"aioseo_meta_data":{"post_id":"480426","title":null,"description":null,"keywords":null,"keyphrases":null,"primary_term":null,"canonical_url":null,"og_title":null,"og_description":null,"og_object_type":"default","og_image_type":"default","og_image_url":null,"og_image_width":null,"og_image_height":null,"og_image_custom_url":null,"og_image_custom_fields":null,"og_video":null,"og_custom_url":null,"og_article_section":null,"og_article_tags":null,"twitter_use_og":true,"twitter_card":"default","twitter_image_type":"default","twitter_image_url":null,"twitter_image_custom_url":null,"twitter_image_custom_fields":null,"twitter_title":null,"twitter_description":null,"schema":{"blockGraphs":[],"customGraphs":[],"default":{"data":{"Article":[],"Course":[],"Dataset":[],"FAQPage":[],"Movie":[],"Person":[],"Product":[],"ProductReview":[],"Car":[],"Recipe":[],"Service":[],"SoftwareApplication":[],"WebPage":[]},"graphName":"","isEnabled":true},"graphs":[],"defaultGraph":"","defaultPostTypeGraph":""},"schema_type":null,"schema_type_options":null,"pillar_content":false,"robots_default":true,"robots_noindex":false,"robots_noarchive":false,"robots_nosnippet":false,"robots_nofollow":false,"robots_noimageindex":false,"robots_noodp":false,"robots_notranslate":false,"robots_max_snippet":null,"robots_max_videopreview":null,"robots_max_imagepreview":"none","priority":null,"frequency":null,"local_seo":null,"seo_analyzer_scan_date":"2026-06-02 03:39:47","breadcrumb_settings":null,"limit_modified_date":false,"open_ai":null,"ai":null,"created":"2020-11-14 22:54:12","updated":"2026-06-02 03:39:47","focus_keyword":null,"additional_keywords":null,"truseo_locale":null},"aioseo_breadcrumb":"<div class=\"aioseo-breadcrumbs\"><span class=\"aioseo-breadcrumb\">\n\t<a href=\"https:\/\/www.eldigitaldeasturias.com\/noticias\" title=\"Home\">Home<\/a>\n<\/span><span class=\"aioseo-breadcrumb-separator\">\u2013<\/span><span class=\"aioseo-breadcrumb\">\n\t<a href=\"https:\/\/www.eldigitaldeasturias.com\/noticias\/category\/actualidad\/\" title=\"Actualidad\">Actualidad<\/a>\n<\/span><span class=\"aioseo-breadcrumb-separator\">\u2013<\/span><span class=\"aioseo-breadcrumb\">\n\t<a href=\"https:\/\/www.eldigitaldeasturias.com\/noticias\/la-cumbre-de-la-celac-eclipsa-la-primera-visita-de-estado-de-pena-nieto-a-cuba\/\" title=\"La Cumbre de la Celac eclipsa la primera visita de Estado de Pe\u00f1a Nieto a Cuba\">La Cumbre de la Celac eclipsa la primera visita de Estado de Pe\u00f1a Nieto a Cuba<\/a>\n<\/span><\/div>","aioseo_breadcrumb_json":[{"label":"Home","link":"https:\/\/www.eldigitaldeasturias.com\/noticias"},{"label":"Actualidad","link":"https:\/\/www.eldigitaldeasturias.com\/noticias\/category\/actualidad\/"},{"label":"La Cumbre de la Celac eclipsa la primera visita de Estado de Pe\u00f1a Nieto a Cuba","link":"https:\/\/www.eldigitaldeasturias.com\/noticias\/la-cumbre-de-la-celac-eclipsa-la-primera-visita-de-estado-de-pena-nieto-a-cuba\/"}],"_links":{"self":[{"href":"https:\/\/www.eldigitaldeasturias.com\/noticias\/wp-json\/wp\/v2\/posts\/480426","targetHints":{"allow":["GET"]}}],"collection":[{"href":"https:\/\/www.eldigitaldeasturias.com\/noticias\/wp-json\/wp\/v2\/posts"}],"about":[{"href":"https:\/\/www.eldigitaldeasturias.com\/noticias\/wp-json\/wp\/v2\/types\/post"}],"author":[{"embeddable":true,"href":"https:\/\/www.eldigitaldeasturias.com\/noticias\/wp-json\/wp\/v2\/users\/1"}],"replies":[{"embeddable":true,"href":"https:\/\/www.eldigitaldeasturias.com\/noticias\/wp-json\/wp\/v2\/comments?post=480426"}],"version-history":[{"count":0,"href":"https:\/\/www.eldigitaldeasturias.com\/noticias\/wp-json\/wp\/v2\/posts\/480426\/revisions"}],"wp:featuredmedia":[{"embeddable":true,"href":"https:\/\/www.eldigitaldeasturias.com\/noticias\/wp-json\/wp\/v2\/media\/1132184"}],"wp:attachment":[{"href":"https:\/\/www.eldigitaldeasturias.com\/noticias\/wp-json\/wp\/v2\/media?parent=480426"}],"wp:term":[{"taxonomy":"category","embeddable":true,"href":"https:\/\/www.eldigitaldeasturias.com\/noticias\/wp-json\/wp\/v2\/categories?post=480426"},{"taxonomy":"post_tag","embeddable":true,"href":"https:\/\/www.eldigitaldeasturias.com\/noticias\/wp-json\/wp\/v2\/tags?post=480426"}],"curies":[{"name":"wp","href":"https:\/\/api.w.org\/{rel}","templated":true}]}}