{"id":480420,"date":"2014-01-30T09:06:39","date_gmt":"2014-01-30T10:06:39","guid":{"rendered":"http:\/\/www.eldigitaldeasturias.com\/noticias\/?p=480420"},"modified":"2014-01-30T09:06:39","modified_gmt":"2014-01-30T10:06:39","slug":"america-latina-y-el-caribe-acuerdan-resolver-pacificamente-sus-diferencias","status":"publish","type":"post","link":"https:\/\/www.eldigitaldeasturias.com\/noticias\/america-latina-y-el-caribe-acuerdan-resolver-pacificamente-sus-diferencias\/","title":{"rendered":"Am\u00e9rica Latina y el Caribe acuerdan resolver pac\u00edficamente sus diferencias"},"content":{"rendered":"<p><img loading=\"lazy\" decoding=\"async\" class=\"alignleft size-medium wp-image-480421\" alt=\"5890265w\" src=\"https:\/\/www.eldigitaldeasturias.com\/noticias\/wp-content\/uploads\/2014\/01\/5890265w-360x229.jpg\" width=\"360\" height=\"229\" \/>La Habana, 30 ene (EFE).- Los pa\u00edses latinoamericanos y caribe\u00f1os se comprometieron a resolver pac\u00edficamente sus diferencias y a \u00abdesterrar para siempre\u00bb la amenaza y el uso de la fuerza en la regi\u00f3n en la II Cumbre de la Celac que concluy\u00f3 este mi\u00e9rcoles en La Habana.<\/p>\n<p>Los jefes de Estado y de Gobierno de los 33 pa\u00edses que integran el bloque, que no incluye a Estados Unidos ni Canad\u00e1, acordaron consolidar la paz en el continente bajo el presupuesto de \u00abno intervenir directa o indirectamente\u00bb en sus asuntos internos y fomentar la cooperaci\u00f3n e integraci\u00f3n.<\/p>\n<p>El establecimiento de la regi\u00f3n como \u00abzona de paz\u00bb se convirti\u00f3 as\u00ed en uno de los puntos m\u00e1s destacados de la Declaraci\u00f3n de La Habana, consensuada en esta cumbre de la Comunidad de Estados Latinoamericanos y Caribe\u00f1os (Celac) y que contiene 83 puntos.<\/p>\n<p>El documento, en el que trabajaron durante tres d\u00edas coordinadores y cancilleres hasta su aprobaci\u00f3n definitiva este mi\u00e9rcoles por los mandatarios, se caracteriza por promover pactos que impulsen la unidad en medio de la diversidad del bloque.<\/p>\n<p>\u00abLa unidad y la integraci\u00f3n de nuestra regi\u00f3n debe construirse gradualmente, con flexibilidad, con respeto al pluralismo, a la diversidad y al derecho soberano de cada uno de nuestros pueblos para escoger su forma de organizaci\u00f3n pol\u00edtica y econ\u00f3mica\u00bb, subraya la declaraci\u00f3n.<\/p>\n<p>El texto tambi\u00e9n indica que el fortalecimiento del organismo como \u00abactor pol\u00edtico internacional\u00bb debe ser prioridad, y en ese sentido celebra el establecimiento del Foro Celac-China y del Mecanismo de Di\u00e1logo con Rusia como elementos positivos para la comunidad.<\/p>\n<p>La reconstrucci\u00f3n y desarrollo de Hait\u00ed, el reconocimiento de los peligros del cambio clim\u00e1tico para el Caribe insular, el apoyo a la iniciativa de una regi\u00f3n sin hambre en 2025 y el recuerdo al fallecido presidente venezolano Hugo Ch\u00e1vez tambi\u00e9n fueron incorporados.<\/p>\n<p>Adem\u00e1s, los dirigentes del bloque respaldaron el reclamo de Argentina por la soberan\u00eda de las Islas Malvinas, el proceso de paz entre el Gobierno colombiano y la guerrilla de las FARC, y el fin del bloqueo econ\u00f3mico que Estados Unidos aplica a Cuba desde 1962.<\/p>\n<p>Sobre un posible ingreso al bloque de Puerto Rico, opci\u00f3n que el presidente venezolano, Nicol\u00e1s Maduro, coment\u00f3 en los d\u00edas previos a la cumbre, la declaraci\u00f3n se limit\u00f3 hoy a reiterar su \u00abcar\u00e1cter latinoamericano y caribe\u00f1o\u00bb.<\/p>\n<p>Puerto Rico mantiene el estatus de Estado Libre Asociado a Estados Unidos desde 1952, lo que limita su autonom\u00eda en varios asuntos, como las relaciones internacionales.<\/p>\n<p>Por otra parte, el foro insisti\u00f3 en impulsar los ritmos de crecimiento econ\u00f3mico de sus pa\u00edses, teniendo en cuenta un \u00abtratamiento favorable a las econom\u00edas peque\u00f1as y vulnerables\u00bb.<\/p>\n<p>Los problemas migratorios, la seguridad alimentaria, la necesaria contribuci\u00f3n de la sociedad civil y del sector privado, el reforzamiento de la democracia y los derechos humanos, y la importancia de la inversi\u00f3n extranjera directa en la regi\u00f3n fueron otros asuntos abordados por el documento.<\/p>\n<p>Sobre el \u00faltimo punto, la Celac decidi\u00f3 \u00abevaluar\u00bb la posibilidad de que la regi\u00f3n \u00abse dote de mecanismos apropiados para la soluci\u00f3n de controversias con inversionistas extranjeros\u00bb.<\/p>\n<p>La segunda cumbre de la Celac cerr\u00f3 hoy con el traspaso de la presidencia temporal del bloque de Cuba a Costa Rica, y convertida en una cita \u00abhist\u00f3rica\u00bb, el calificativo m\u00e1s usado por los gobernantes participantes para describir el foro que supuso la total reinserci\u00f3n regional de la isla.<\/p>\n<p>El c\u00f3nclave, en la que participaron todos los jefes de Estado y de Gobierno de Am\u00e9rica Latina y el Caribe, salvo los de El Salvador y Panam\u00e1, subi\u00f3 su perfil con invitados como el secretario general de la ONU, Ban Ki-moon, y el de la OEA, Jos\u00e9 Miguel Insulza.<\/p>\n<p>Anett R\u00edos<\/p>\n","protected":false},"excerpt":{"rendered":"<p>La Habana, 30 ene (EFE).- Los pa\u00edses latinoamericanos y caribe\u00f1os se comprometieron a resolver pac\u00edficamente sus diferencias y a \u00abdesterrar para siempre\u00bb la amenaza y el uso de la fuerza en la regi\u00f3n en la II Cumbre de la Celac que concluy\u00f3 este mi\u00e9rcoles en La Habana. Los jefes de Estado y de Gobierno de [&hellip;]<\/p>\n","protected":false},"author":1,"featured_media":1132184,"comment_status":"closed","ping_status":"open","sticky":false,"template":"","format":"standard","meta":{"footnotes":""},"categories":[1],"tags":[],"class_list":["post-480420","post","type-post","status-publish","format-standard","has-post-thumbnail","hentry","category-actualidad"],"aioseo_notices":[],"aioseo_head":"\n\t\t<!-- All in One SEO Pro 5.0.1 - aioseo.com -->\n\t<meta name=\"description\" content=\"La Habana, 30 ene (EFE).- Los pa\u00edses latinoamericanos y caribe\u00f1os se comprometieron a resolver pac\u00edficamente sus diferencias y a &quot;desterrar para siempre&quot; la amenaza y el uso de la fuerza en la regi\u00f3n en la II Cumbre de la Celac que concluy\u00f3 este mi\u00e9rcoles en La Habana. Los jefes de Estado y de Gobierno de\" \/>\n\t<meta name=\"robots\" content=\"max-image-preview:large\" \/>\n\t<meta name=\"author\" content=\"El Digital de Asturias\"\/>\n\t<meta name=\"google-site-verification\" content=\"UA-38556648-1\" \/>\n\t<meta name=\"msvalidate.01\" content=\"7dfe9f3f1b24437ab69f4f2559babe99\" \/>\n\t<meta name=\"keywords\" content=\"actualidad\" \/>\n\t<link rel=\"canonical\" href=\"https:\/\/www.eldigitaldeasturias.com\/noticias\/america-latina-y-el-caribe-acuerdan-resolver-pacificamente-sus-diferencias\/\" \/>\n\t<meta name=\"generator\" content=\"All in One SEO Pro (AIOSEO) 5.0.1\" \/>\n\t\t<meta property=\"og:locale\" content=\"es_ES\" \/>\n\t\t<meta property=\"og:site_name\" content=\"El Digital de Asturias\" \/>\n\t\t<meta property=\"og:type\" content=\"article\" \/>\n\t\t<meta property=\"og:title\" content=\"Am\u00e9rica Latina y el Caribe acuerdan resolver pac\u00edficamente sus diferencias - El Digital de Asturias\" \/>\n\t\t<meta property=\"og:description\" content=\"La Habana, 30 ene (EFE).- Los pa\u00edses latinoamericanos y caribe\u00f1os se comprometieron a resolver pac\u00edficamente sus diferencias y a &quot;desterrar para siempre&quot; la amenaza y el uso de la fuerza en la regi\u00f3n en la II Cumbre de la Celac que concluy\u00f3 este mi\u00e9rcoles en La Habana. Los jefes de Estado y de Gobierno de\" \/>\n\t\t<meta property=\"og:url\" content=\"https:\/\/www.eldigitaldeasturias.com\/noticias\/america-latina-y-el-caribe-acuerdan-resolver-pacificamente-sus-diferencias\/\" \/>\n\t\t<meta property=\"og:image\" content=\"https:\/\/www.eldigitaldeasturias.com\/noticias\/wp-content\/uploads\/2026\/06\/Contenidos.jpg\" \/>\n\t\t<meta property=\"og:image:secure_url\" content=\"https:\/\/www.eldigitaldeasturias.com\/noticias\/wp-content\/uploads\/2026\/06\/Contenidos.jpg\" \/>\n\t\t<meta property=\"og:image:width\" content=\"1265\" \/>\n\t\t<meta property=\"og:image:height\" content=\"697\" \/>\n\t\t<meta property=\"article:tag\" content=\"actualidad\" \/>\n\t\t<meta property=\"article:published_time\" content=\"2014-01-30T10:06:39+00:00\" \/>\n\t\t<meta property=\"article:modified_time\" content=\"2014-01-30T10:06:39+00:00\" \/>\n\t\t<meta property=\"article:publisher\" content=\"https:\/\/facebook.com\/eldigitaldeasturias\" \/>\n\t\t<meta name=\"twitter:card\" content=\"summary_large_image\" \/>\n\t\t<meta name=\"twitter:title\" content=\"Am\u00e9rica Latina y el Caribe acuerdan resolver pac\u00edficamente sus diferencias - El Digital de Asturias\" \/>\n\t\t<meta name=\"twitter:description\" content=\"La Habana, 30 ene (EFE).- Los pa\u00edses latinoamericanos y caribe\u00f1os se comprometieron a resolver pac\u00edficamente sus diferencias y a &quot;desterrar para siempre&quot; la amenaza y el uso de la fuerza en la regi\u00f3n en la II Cumbre de la Celac que concluy\u00f3 este mi\u00e9rcoles en La Habana. Los jefes de Estado y de Gobierno de\" \/>\n\t\t<meta name=\"twitter:image\" content=\"https:\/\/www.eldigitaldeasturias.com\/noticias\/wp-content\/uploads\/2026\/06\/Contenidos.jpg\" \/>\n\t\t<meta name=\"twitter:label1\" content=\"Escrito por\" \/>\n\t\t<meta name=\"twitter:data1\" content=\"El Digital de Asturias\" \/>\n\t\t<meta name=\"twitter:label2\" content=\"Tiempo de lectura estimado\" \/>\n\t\t<meta name=\"twitter:data2\" content=\"3 minutos\" \/>\n\t\t<script type=\"application\/ld+json\" class=\"aioseo-schema\">\n\t\t\t{\"@context\":\"https:\\\/\\\/schema.org\",\"@graph\":[{\"@type\":\"BlogPosting\",\"@id\":\"https:\\\/\\\/www.eldigitaldeasturias.com\\\/noticias\\\/america-latina-y-el-caribe-acuerdan-resolver-pacificamente-sus-diferencias\\\/#blogposting\",\"name\":\"Am\\u00e9rica Latina y el Caribe acuerdan resolver pac\\u00edficamente sus diferencias - El Digital de Asturias\",\"headline\":\"Am\\u00e9rica Latina y el Caribe acuerdan resolver pac\\u00edficamente sus diferencias\",\"author\":{\"@id\":\"https:\\\/\\\/www.eldigitaldeasturias.com\\\/noticias\\\/author\\\/admin\\\/#author\"},\"publisher\":{\"@id\":\"https:\\\/\\\/www.eldigitaldeasturias.com\\\/noticias\\\/#organization\"},\"image\":{\"@type\":\"ImageObject\",\"url\":\"https:\\\/\\\/www.eldigitaldeasturias.com\\\/noticias\\\/wp-content\\\/uploads\\\/2026\\\/06\\\/Contenidos.jpg\",\"width\":1265,\"height\":697,\"caption\":\"Contenidos\"},\"datePublished\":\"2014-01-30T09:06:39+01:00\",\"dateModified\":\"2014-01-30T09:06:39+01:00\",\"inLanguage\":\"es-ES\",\"mainEntityOfPage\":{\"@id\":\"https:\\\/\\\/www.eldigitaldeasturias.com\\\/noticias\\\/america-latina-y-el-caribe-acuerdan-resolver-pacificamente-sus-diferencias\\\/#webpage\"},\"isPartOf\":{\"@id\":\"https:\\\/\\\/www.eldigitaldeasturias.com\\\/noticias\\\/america-latina-y-el-caribe-acuerdan-resolver-pacificamente-sus-diferencias\\\/#webpage\"},\"articleSection\":\"Actualidad\"},{\"@type\":\"BreadcrumbList\",\"@id\":\"https:\\\/\\\/www.eldigitaldeasturias.com\\\/noticias\\\/america-latina-y-el-caribe-acuerdan-resolver-pacificamente-sus-diferencias\\\/#breadcrumblist\",\"itemListElement\":[{\"@type\":\"ListItem\",\"@id\":\"https:\\\/\\\/www.eldigitaldeasturias.com\\\/noticias#listItem\",\"position\":1,\"name\":\"Home\",\"item\":\"https:\\\/\\\/www.eldigitaldeasturias.com\\\/noticias\",\"nextItem\":{\"@type\":\"ListItem\",\"@id\":\"https:\\\/\\\/www.eldigitaldeasturias.com\\\/noticias\\\/category\\\/actualidad\\\/#listItem\",\"name\":\"Actualidad\"}},{\"@type\":\"ListItem\",\"@id\":\"https:\\\/\\\/www.eldigitaldeasturias.com\\\/noticias\\\/category\\\/actualidad\\\/#listItem\",\"position\":2,\"name\":\"Actualidad\",\"item\":\"https:\\\/\\\/www.eldigitaldeasturias.com\\\/noticias\\\/category\\\/actualidad\\\/\",\"nextItem\":{\"@type\":\"ListItem\",\"@id\":\"https:\\\/\\\/www.eldigitaldeasturias.com\\\/noticias\\\/america-latina-y-el-caribe-acuerdan-resolver-pacificamente-sus-diferencias\\\/#listItem\",\"name\":\"Am\\u00e9rica Latina y el Caribe acuerdan resolver pac\\u00edficamente sus diferencias\"},\"previousItem\":{\"@type\":\"ListItem\",\"@id\":\"https:\\\/\\\/www.eldigitaldeasturias.com\\\/noticias#listItem\",\"name\":\"Home\"}},{\"@type\":\"ListItem\",\"@id\":\"https:\\\/\\\/www.eldigitaldeasturias.com\\\/noticias\\\/america-latina-y-el-caribe-acuerdan-resolver-pacificamente-sus-diferencias\\\/#listItem\",\"position\":3,\"name\":\"Am\\u00e9rica Latina y el Caribe acuerdan resolver pac\\u00edficamente sus diferencias\",\"previousItem\":{\"@type\":\"ListItem\",\"@id\":\"https:\\\/\\\/www.eldigitaldeasturias.com\\\/noticias\\\/category\\\/actualidad\\\/#listItem\",\"name\":\"Actualidad\"}}]},{\"@type\":\"Organization\",\"@id\":\"https:\\\/\\\/www.eldigitaldeasturias.com\\\/noticias\\\/#organization\",\"name\":\"El Digital de Asturias\",\"description\":\"Hemeroteca\",\"url\":\"https:\\\/\\\/www.eldigitaldeasturias.com\\\/noticias\\\/\",\"email\":\"info@eldigitaldeasturias.com\",\"telephone\":\"+34652131393\",\"logo\":{\"@type\":\"ImageObject\",\"url\":\"https:\\\/\\\/www.eldigitaldeasturias.com\\\/noticias\\\/wp-content\\\/uploads\\\/2020\\\/12\\\/EDA.jpg\",\"@id\":\"https:\\\/\\\/www.eldigitaldeasturias.com\\\/noticias\\\/america-latina-y-el-caribe-acuerdan-resolver-pacificamente-sus-diferencias\\\/#organizationLogo\"},\"image\":{\"@id\":\"https:\\\/\\\/www.eldigitaldeasturias.com\\\/noticias\\\/america-latina-y-el-caribe-acuerdan-resolver-pacificamente-sus-diferencias\\\/#organizationLogo\"},\"sameAs\":[\"https:\\\/\\\/facebook.com\\\/eldigitaldeasturias\",\"https:\\\/\\\/www.youtube.com\\\/channel\\\/UCZP-2wLEB9Rv6erhFmqVnvg\"],\"address\":{\"@id\":\"https:\\\/\\\/www.eldigitaldeasturias.com\\\/noticias\\\/#postaladdress\",\"@type\":\"PostalAddress\",\"streetAddress\":\"san antonio 4\",\"postalCode\":\"33430\",\"addressLocality\":\"Cand\\u00e1s\",\"addressRegion\":\"Asturias\",\"addressCountry\":\"ES\"}},{\"@type\":\"Person\",\"@id\":\"https:\\\/\\\/www.eldigitaldeasturias.com\\\/noticias\\\/author\\\/admin\\\/#author\",\"url\":\"https:\\\/\\\/www.eldigitaldeasturias.com\\\/noticias\\\/author\\\/admin\\\/\",\"name\":\"El Digital de Asturias\",\"image\":{\"@type\":\"ImageObject\",\"@id\":\"https:\\\/\\\/www.eldigitaldeasturias.com\\\/noticias\\\/america-latina-y-el-caribe-acuerdan-resolver-pacificamente-sus-diferencias\\\/#authorImage\",\"url\":\"https:\\\/\\\/secure.gravatar.com\\\/avatar\\\/df2aeffc32bcd13f8d26072ef8a91b623d677766deac7f97ca815868cd41bf5e?s=96&d=mm&r=g\",\"width\":96,\"height\":96,\"caption\":\"El Digital de Asturias\"}},{\"@type\":\"WebPage\",\"@id\":\"https:\\\/\\\/www.eldigitaldeasturias.com\\\/noticias\\\/america-latina-y-el-caribe-acuerdan-resolver-pacificamente-sus-diferencias\\\/#webpage\",\"url\":\"https:\\\/\\\/www.eldigitaldeasturias.com\\\/noticias\\\/america-latina-y-el-caribe-acuerdan-resolver-pacificamente-sus-diferencias\\\/\",\"name\":\"Am\\u00e9rica Latina y el Caribe acuerdan resolver pac\\u00edficamente sus diferencias - El Digital de Asturias\",\"description\":\"La Habana, 30 ene (EFE).- Los pa\\u00edses latinoamericanos y caribe\\u00f1os se comprometieron a resolver pac\\u00edficamente sus diferencias y a \\\"desterrar para siempre\\\" la amenaza y el uso de la fuerza en la regi\\u00f3n en la II Cumbre de la Celac que concluy\\u00f3 este mi\\u00e9rcoles en La Habana. Los jefes de Estado y de Gobierno de\",\"inLanguage\":\"es-ES\",\"isPartOf\":{\"@id\":\"https:\\\/\\\/www.eldigitaldeasturias.com\\\/noticias\\\/#website\"},\"breadcrumb\":{\"@id\":\"https:\\\/\\\/www.eldigitaldeasturias.com\\\/noticias\\\/america-latina-y-el-caribe-acuerdan-resolver-pacificamente-sus-diferencias\\\/#breadcrumblist\"},\"author\":{\"@id\":\"https:\\\/\\\/www.eldigitaldeasturias.com\\\/noticias\\\/author\\\/admin\\\/#author\"},\"creator\":{\"@id\":\"https:\\\/\\\/www.eldigitaldeasturias.com\\\/noticias\\\/author\\\/admin\\\/#author\"},\"image\":{\"@type\":\"ImageObject\",\"url\":\"https:\\\/\\\/www.eldigitaldeasturias.com\\\/noticias\\\/wp-content\\\/uploads\\\/2026\\\/06\\\/Contenidos.jpg\",\"@id\":\"https:\\\/\\\/www.eldigitaldeasturias.com\\\/noticias\\\/america-latina-y-el-caribe-acuerdan-resolver-pacificamente-sus-diferencias\\\/#mainImage\",\"width\":1265,\"height\":697,\"caption\":\"Contenidos\"},\"primaryImageOfPage\":{\"@id\":\"https:\\\/\\\/www.eldigitaldeasturias.com\\\/noticias\\\/america-latina-y-el-caribe-acuerdan-resolver-pacificamente-sus-diferencias\\\/#mainImage\"},\"datePublished\":\"2014-01-30T09:06:39+01:00\",\"dateModified\":\"2014-01-30T09:06:39+01:00\"},{\"@type\":\"WebSite\",\"@id\":\"https:\\\/\\\/www.eldigitaldeasturias.com\\\/noticias\\\/#website\",\"url\":\"https:\\\/\\\/www.eldigitaldeasturias.com\\\/noticias\\\/\",\"name\":\"El Digital de Asturias - Diario de actualidad y noticias\",\"alternateName\":\"El Digital de Asturias - Diario de actualidad y noticias\",\"description\":\"Hemeroteca\",\"inLanguage\":\"es-ES\",\"publisher\":{\"@id\":\"https:\\\/\\\/www.eldigitaldeasturias.com\\\/noticias\\\/#organization\"}}]}\n\t\t<\/script>\n\t\t<!-- All in One SEO Pro -->\r\n\t\t<title>Am\u00e9rica Latina y el Caribe acuerdan resolver pac\u00edficamente sus diferencias - El Digital de Asturias<\/title>\n\n","aioseo_head_json":{"title":"Am\u00e9rica Latina y el Caribe acuerdan resolver pac\u00edficamente sus diferencias - El Digital de Asturias","description":"La Habana, 30 ene (EFE).- Los pa\u00edses latinoamericanos y caribe\u00f1os se comprometieron a resolver pac\u00edficamente sus diferencias y a \"desterrar para siempre\" la amenaza y el uso de la fuerza en la regi\u00f3n en la II Cumbre de la Celac que concluy\u00f3 este mi\u00e9rcoles en La Habana. Los jefes de Estado y de Gobierno de","canonical_url":"https:\/\/www.eldigitaldeasturias.com\/noticias\/america-latina-y-el-caribe-acuerdan-resolver-pacificamente-sus-diferencias\/","robots":"max-image-preview:large","keywords":"actualidad","webmasterTools":{"google-site-verification":"UA-38556648-1","msvalidate.01":"7dfe9f3f1b24437ab69f4f2559babe99","miscellaneous":""},"schema":{"@context":"https:\/\/schema.org","@graph":[{"@type":"BlogPosting","@id":"https:\/\/www.eldigitaldeasturias.com\/noticias\/america-latina-y-el-caribe-acuerdan-resolver-pacificamente-sus-diferencias\/#blogposting","name":"Am\u00e9rica Latina y el Caribe acuerdan resolver pac\u00edficamente sus diferencias - El Digital de Asturias","headline":"Am\u00e9rica Latina y el Caribe acuerdan resolver pac\u00edficamente sus diferencias","author":{"@id":"https:\/\/www.eldigitaldeasturias.com\/noticias\/author\/admin\/#author"},"publisher":{"@id":"https:\/\/www.eldigitaldeasturias.com\/noticias\/#organization"},"image":{"@type":"ImageObject","url":"https:\/\/www.eldigitaldeasturias.com\/noticias\/wp-content\/uploads\/2026\/06\/Contenidos.jpg","width":1265,"height":697,"caption":"Contenidos"},"datePublished":"2014-01-30T09:06:39+01:00","dateModified":"2014-01-30T09:06:39+01:00","inLanguage":"es-ES","mainEntityOfPage":{"@id":"https:\/\/www.eldigitaldeasturias.com\/noticias\/america-latina-y-el-caribe-acuerdan-resolver-pacificamente-sus-diferencias\/#webpage"},"isPartOf":{"@id":"https:\/\/www.eldigitaldeasturias.com\/noticias\/america-latina-y-el-caribe-acuerdan-resolver-pacificamente-sus-diferencias\/#webpage"},"articleSection":"Actualidad"},{"@type":"BreadcrumbList","@id":"https:\/\/www.eldigitaldeasturias.com\/noticias\/america-latina-y-el-caribe-acuerdan-resolver-pacificamente-sus-diferencias\/#breadcrumblist","itemListElement":[{"@type":"ListItem","@id":"https:\/\/www.eldigitaldeasturias.com\/noticias#listItem","position":1,"name":"Home","item":"https:\/\/www.eldigitaldeasturias.com\/noticias","nextItem":{"@type":"ListItem","@id":"https:\/\/www.eldigitaldeasturias.com\/noticias\/category\/actualidad\/#listItem","name":"Actualidad"}},{"@type":"ListItem","@id":"https:\/\/www.eldigitaldeasturias.com\/noticias\/category\/actualidad\/#listItem","position":2,"name":"Actualidad","item":"https:\/\/www.eldigitaldeasturias.com\/noticias\/category\/actualidad\/","nextItem":{"@type":"ListItem","@id":"https:\/\/www.eldigitaldeasturias.com\/noticias\/america-latina-y-el-caribe-acuerdan-resolver-pacificamente-sus-diferencias\/#listItem","name":"Am\u00e9rica Latina y el Caribe acuerdan resolver pac\u00edficamente sus diferencias"},"previousItem":{"@type":"ListItem","@id":"https:\/\/www.eldigitaldeasturias.com\/noticias#listItem","name":"Home"}},{"@type":"ListItem","@id":"https:\/\/www.eldigitaldeasturias.com\/noticias\/america-latina-y-el-caribe-acuerdan-resolver-pacificamente-sus-diferencias\/#listItem","position":3,"name":"Am\u00e9rica Latina y el Caribe acuerdan resolver pac\u00edficamente sus diferencias","previousItem":{"@type":"ListItem","@id":"https:\/\/www.eldigitaldeasturias.com\/noticias\/category\/actualidad\/#listItem","name":"Actualidad"}}]},{"@type":"Organization","@id":"https:\/\/www.eldigitaldeasturias.com\/noticias\/#organization","name":"El Digital de Asturias","description":"Hemeroteca","url":"https:\/\/www.eldigitaldeasturias.com\/noticias\/","email":"info@eldigitaldeasturias.com","telephone":"+34652131393","logo":{"@type":"ImageObject","url":"https:\/\/www.eldigitaldeasturias.com\/noticias\/wp-content\/uploads\/2020\/12\/EDA.jpg","@id":"https:\/\/www.eldigitaldeasturias.com\/noticias\/america-latina-y-el-caribe-acuerdan-resolver-pacificamente-sus-diferencias\/#organizationLogo"},"image":{"@id":"https:\/\/www.eldigitaldeasturias.com\/noticias\/america-latina-y-el-caribe-acuerdan-resolver-pacificamente-sus-diferencias\/#organizationLogo"},"sameAs":["https:\/\/facebook.com\/eldigitaldeasturias","https:\/\/www.youtube.com\/channel\/UCZP-2wLEB9Rv6erhFmqVnvg"],"address":{"@id":"https:\/\/www.eldigitaldeasturias.com\/noticias\/#postaladdress","@type":"PostalAddress","streetAddress":"san antonio 4","postalCode":"33430","addressLocality":"Cand\u00e1s","addressRegion":"Asturias","addressCountry":"ES"}},{"@type":"Person","@id":"https:\/\/www.eldigitaldeasturias.com\/noticias\/author\/admin\/#author","url":"https:\/\/www.eldigitaldeasturias.com\/noticias\/author\/admin\/","name":"El Digital de Asturias","image":{"@type":"ImageObject","@id":"https:\/\/www.eldigitaldeasturias.com\/noticias\/america-latina-y-el-caribe-acuerdan-resolver-pacificamente-sus-diferencias\/#authorImage","url":"https:\/\/secure.gravatar.com\/avatar\/df2aeffc32bcd13f8d26072ef8a91b623d677766deac7f97ca815868cd41bf5e?s=96&d=mm&r=g","width":96,"height":96,"caption":"El Digital de Asturias"}},{"@type":"WebPage","@id":"https:\/\/www.eldigitaldeasturias.com\/noticias\/america-latina-y-el-caribe-acuerdan-resolver-pacificamente-sus-diferencias\/#webpage","url":"https:\/\/www.eldigitaldeasturias.com\/noticias\/america-latina-y-el-caribe-acuerdan-resolver-pacificamente-sus-diferencias\/","name":"Am\u00e9rica Latina y el Caribe acuerdan resolver pac\u00edficamente sus diferencias - El Digital de Asturias","description":"La Habana, 30 ene (EFE).- Los pa\u00edses latinoamericanos y caribe\u00f1os se comprometieron a resolver pac\u00edficamente sus diferencias y a \"desterrar para siempre\" la amenaza y el uso de la fuerza en la regi\u00f3n en la II Cumbre de la Celac que concluy\u00f3 este mi\u00e9rcoles en La Habana. Los jefes de Estado y de Gobierno de","inLanguage":"es-ES","isPartOf":{"@id":"https:\/\/www.eldigitaldeasturias.com\/noticias\/#website"},"breadcrumb":{"@id":"https:\/\/www.eldigitaldeasturias.com\/noticias\/america-latina-y-el-caribe-acuerdan-resolver-pacificamente-sus-diferencias\/#breadcrumblist"},"author":{"@id":"https:\/\/www.eldigitaldeasturias.com\/noticias\/author\/admin\/#author"},"creator":{"@id":"https:\/\/www.eldigitaldeasturias.com\/noticias\/author\/admin\/#author"},"image":{"@type":"ImageObject","url":"https:\/\/www.eldigitaldeasturias.com\/noticias\/wp-content\/uploads\/2026\/06\/Contenidos.jpg","@id":"https:\/\/www.eldigitaldeasturias.com\/noticias\/america-latina-y-el-caribe-acuerdan-resolver-pacificamente-sus-diferencias\/#mainImage","width":1265,"height":697,"caption":"Contenidos"},"primaryImageOfPage":{"@id":"https:\/\/www.eldigitaldeasturias.com\/noticias\/america-latina-y-el-caribe-acuerdan-resolver-pacificamente-sus-diferencias\/#mainImage"},"datePublished":"2014-01-30T09:06:39+01:00","dateModified":"2014-01-30T09:06:39+01:00"},{"@type":"WebSite","@id":"https:\/\/www.eldigitaldeasturias.com\/noticias\/#website","url":"https:\/\/www.eldigitaldeasturias.com\/noticias\/","name":"El Digital de Asturias - Diario de actualidad y noticias","alternateName":"El Digital de Asturias - Diario de actualidad y noticias","description":"Hemeroteca","inLanguage":"es-ES","publisher":{"@id":"https:\/\/www.eldigitaldeasturias.com\/noticias\/#organization"}}]},"og:locale":"es_ES","og:site_name":"El Digital de Asturias","og:type":"article","og:title":"Am\u00e9rica Latina y el Caribe acuerdan resolver pac\u00edficamente sus diferencias - El Digital de Asturias","og:description":"La Habana, 30 ene (EFE).- Los pa\u00edses latinoamericanos y caribe\u00f1os se comprometieron a resolver pac\u00edficamente sus diferencias y a &quot;desterrar para siempre&quot; la amenaza y el uso de la fuerza en la regi\u00f3n en la II Cumbre de la Celac que concluy\u00f3 este mi\u00e9rcoles en La Habana. Los jefes de Estado y de Gobierno de","og:url":"https:\/\/www.eldigitaldeasturias.com\/noticias\/america-latina-y-el-caribe-acuerdan-resolver-pacificamente-sus-diferencias\/","og:image":"https:\/\/www.eldigitaldeasturias.com\/noticias\/wp-content\/uploads\/2026\/06\/Contenidos.jpg","og:image:secure_url":"https:\/\/www.eldigitaldeasturias.com\/noticias\/wp-content\/uploads\/2026\/06\/Contenidos.jpg","og:image:width":1265,"og:image:height":697,"article:tag":["actualidad"],"article:published_time":"2014-01-30T10:06:39+00:00","article:modified_time":"2014-01-30T10:06:39+00:00","article:publisher":"https:\/\/facebook.com\/eldigitaldeasturias","twitter:card":"summary_large_image","twitter:title":"Am\u00e9rica Latina y el Caribe acuerdan resolver pac\u00edficamente sus diferencias - El Digital de Asturias","twitter:description":"La Habana, 30 ene (EFE).- Los pa\u00edses latinoamericanos y caribe\u00f1os se comprometieron a resolver pac\u00edficamente sus diferencias y a &quot;desterrar para siempre&quot; la amenaza y el uso de la fuerza en la regi\u00f3n en la II Cumbre de la Celac que concluy\u00f3 este mi\u00e9rcoles en La Habana. Los jefes de Estado y de Gobierno de","twitter:image":"https:\/\/www.eldigitaldeasturias.com\/noticias\/wp-content\/uploads\/2026\/06\/Contenidos.jpg","twitter:label1":"Escrito por","twitter:data1":"El Digital de Asturias","twitter:label2":"Tiempo de lectura estimado","twitter:data2":"3 minutos"},"aioseo_meta_data":{"post_id":"480420","title":null,"description":null,"keywords":null,"keyphrases":null,"primary_term":null,"canonical_url":null,"og_title":null,"og_description":null,"og_object_type":"default","og_image_type":"default","og_image_url":null,"og_image_width":null,"og_image_height":null,"og_image_custom_url":null,"og_image_custom_fields":null,"og_video":null,"og_custom_url":null,"og_article_section":null,"og_article_tags":null,"twitter_use_og":true,"twitter_card":"default","twitter_image_type":"default","twitter_image_url":null,"twitter_image_custom_url":null,"twitter_image_custom_fields":null,"twitter_title":null,"twitter_description":null,"schema":{"blockGraphs":[],"customGraphs":[],"default":{"data":{"Article":[],"Course":[],"Dataset":[],"FAQPage":[],"Movie":[],"Person":[],"Product":[],"ProductReview":[],"Car":[],"Recipe":[],"Service":[],"SoftwareApplication":[],"WebPage":[]},"graphName":"","isEnabled":true},"graphs":[],"defaultGraph":"","defaultPostTypeGraph":""},"schema_type":null,"schema_type_options":null,"pillar_content":false,"robots_default":true,"robots_noindex":false,"robots_noarchive":false,"robots_nosnippet":false,"robots_nofollow":false,"robots_noimageindex":false,"robots_noodp":false,"robots_notranslate":false,"robots_max_snippet":null,"robots_max_videopreview":null,"robots_max_imagepreview":"none","priority":null,"frequency":null,"local_seo":null,"seo_analyzer_scan_date":"2026-06-02 03:39:46","breadcrumb_settings":null,"limit_modified_date":false,"open_ai":null,"ai":null,"created":"2020-11-14 22:54:12","updated":"2026-06-02 03:39:46","focus_keyword":null,"additional_keywords":null,"truseo_locale":null},"aioseo_breadcrumb":"<div class=\"aioseo-breadcrumbs\"><span class=\"aioseo-breadcrumb\">\n\t<a href=\"https:\/\/www.eldigitaldeasturias.com\/noticias\" title=\"Home\">Home<\/a>\n<\/span><span class=\"aioseo-breadcrumb-separator\">\u2013<\/span><span class=\"aioseo-breadcrumb\">\n\t<a href=\"https:\/\/www.eldigitaldeasturias.com\/noticias\/category\/actualidad\/\" title=\"Actualidad\">Actualidad<\/a>\n<\/span><span class=\"aioseo-breadcrumb-separator\">\u2013<\/span><span class=\"aioseo-breadcrumb\">\n\t<a href=\"https:\/\/www.eldigitaldeasturias.com\/noticias\/america-latina-y-el-caribe-acuerdan-resolver-pacificamente-sus-diferencias\/\" title=\"Am\u00e9rica Latina y el Caribe acuerdan resolver pac\u00edficamente sus diferencias\">Am\u00e9rica Latina y el Caribe acuerdan resolver pac\u00edficamente sus diferencias<\/a>\n<\/span><\/div>","aioseo_breadcrumb_json":[{"label":"Home","link":"https:\/\/www.eldigitaldeasturias.com\/noticias"},{"label":"Actualidad","link":"https:\/\/www.eldigitaldeasturias.com\/noticias\/category\/actualidad\/"},{"label":"Am\u00e9rica Latina y el Caribe acuerdan resolver pac\u00edficamente sus diferencias","link":"https:\/\/www.eldigitaldeasturias.com\/noticias\/america-latina-y-el-caribe-acuerdan-resolver-pacificamente-sus-diferencias\/"}],"_links":{"self":[{"href":"https:\/\/www.eldigitaldeasturias.com\/noticias\/wp-json\/wp\/v2\/posts\/480420","targetHints":{"allow":["GET"]}}],"collection":[{"href":"https:\/\/www.eldigitaldeasturias.com\/noticias\/wp-json\/wp\/v2\/posts"}],"about":[{"href":"https:\/\/www.eldigitaldeasturias.com\/noticias\/wp-json\/wp\/v2\/types\/post"}],"author":[{"embeddable":true,"href":"https:\/\/www.eldigitaldeasturias.com\/noticias\/wp-json\/wp\/v2\/users\/1"}],"replies":[{"embeddable":true,"href":"https:\/\/www.eldigitaldeasturias.com\/noticias\/wp-json\/wp\/v2\/comments?post=480420"}],"version-history":[{"count":0,"href":"https:\/\/www.eldigitaldeasturias.com\/noticias\/wp-json\/wp\/v2\/posts\/480420\/revisions"}],"wp:featuredmedia":[{"embeddable":true,"href":"https:\/\/www.eldigitaldeasturias.com\/noticias\/wp-json\/wp\/v2\/media\/1132184"}],"wp:attachment":[{"href":"https:\/\/www.eldigitaldeasturias.com\/noticias\/wp-json\/wp\/v2\/media?parent=480420"}],"wp:term":[{"taxonomy":"category","embeddable":true,"href":"https:\/\/www.eldigitaldeasturias.com\/noticias\/wp-json\/wp\/v2\/categories?post=480420"},{"taxonomy":"post_tag","embeddable":true,"href":"https:\/\/www.eldigitaldeasturias.com\/noticias\/wp-json\/wp\/v2\/tags?post=480420"}],"curies":[{"name":"wp","href":"https:\/\/api.w.org\/{rel}","templated":true}]}}