{"id":480414,"date":"2014-01-30T09:02:48","date_gmt":"2014-01-30T10:02:48","guid":{"rendered":"http:\/\/www.eldigitaldeasturias.com\/noticias\/?p=480414"},"modified":"2014-01-30T09:02:48","modified_gmt":"2014-01-30T10:02:48","slug":"los-candidatos-salvadorenos-culminan-su-campana-confiados-en-ganar-en-la-primera-vuelta","status":"publish","type":"post","link":"https:\/\/www.eldigitaldeasturias.com\/noticias\/los-candidatos-salvadorenos-culminan-su-campana-confiados-en-ganar-en-la-primera-vuelta\/","title":{"rendered":"Los candidatos salvadore\u00f1os culminan su campa\u00f1a confiados en ganar en la primera vuelta"},"content":{"rendered":"<p><img loading=\"lazy\" decoding=\"async\" class=\"alignleft size-medium wp-image-480415\" alt=\"5890046w\" src=\"https:\/\/www.eldigitaldeasturias.com\/noticias\/wp-content\/uploads\/2014\/01\/5890046w-360x243.jpg\" width=\"360\" height=\"243\" \/>San Salvador, 30 ene (EFE).- La campa\u00f1a para las elecciones del domingo en El Salvador culmin\u00f3 hoy sin un claro favorito, aunque los dos principales candidatos aseguraron que ganar\u00e1n sin necesidad de ir a una segunda vuelta como anticipan las encuestas.<\/p>\n<p>El candidato presidencial opositor, Norman Quijano, de Alianza Republicana Nacionalista (ARENA, derecha), cerr\u00f3 su campa\u00f1a hoy coincidiendo con el \u00faltimo d\u00eda permitido por la ley para hacer proselitismo.<\/p>\n<p>\u00abEl 2 de febrero, nos vamos a alzar con una victoria en primera vuelta\u00bb, proclam\u00f3 Quijano.<\/p>\n<p>El candidato opositor subray\u00f3 que \u00abmi principal compromiso como presidente de la Rep\u00fablica ser\u00e1 trabajar por tu seguridad y la de tu familia\u00bb, al dirigirse a los salvadore\u00f1os en su discurso en un acto masivo en la Plaza Libertad, en el sector c\u00e9ntrico de San Salvador.<\/p>\n<p>Por su parte, Salvador S\u00e1nchez Cer\u00e9n, del gobernante Frente Farabundo Mart\u00ed para la Liberaci\u00f3n Nacional (FMLN, izquierda), aunque cerr\u00f3 oficialmente su campa\u00f1a el s\u00e1bado anterior, celebr\u00f3 hoy una concentraci\u00f3n en Soyapango, a unos seis kil\u00f3metros al este de San Salvador.<\/p>\n<p>\u00abVamos a triunfar en primera vuelta\u00bb, reafirm\u00f3 el candidato del FMLN en su discurso, y destac\u00f3 que si gana los comicios le dar\u00e1 continuidad y ampliar\u00e1 \u00abesta nueva era de transformaciones\u00bb que vive el pa\u00eds en el Gobierno del presidente Mauricio Funes.<\/p>\n<p>S\u00e1nchez Cer\u00e9n, actual vicepresidente salvadore\u00f1o y excomandante guerrillero, reiter\u00f3 que ARENA no volver\u00e1 al poder que ocup\u00f3 durante 20 a\u00f1os consecutivos, entre 1989 y 2009.<\/p>\n<p>Quijano y S\u00e1nchez Cer\u00e9n figuran como favoritos entre los cinco candidatos, pero ninguno llega al 50 % m\u00e1s uno de las preferencias para ganar en primera vuelta, seg\u00fan los sondeos.<\/p>\n<p>Tras culminar hoy la campa\u00f1a, desde ma\u00f1ana ning\u00fan partido pol\u00edtico podr\u00e1 pedir el voto, insisti\u00f3 a Efe el magistrado del Tribunal Supremo Electoral, Eduardo Urquilla.<\/p>\n<p>Subray\u00f3 que durante los pr\u00f3ximos tres d\u00edas habr\u00e1 \u00abun per\u00edodo de reflexi\u00f3n\u00bb en el que los salvadore\u00f1os podr\u00e1n analizar \u00aba qui\u00e9n van a favorecer con el ejercicio del sufragio\u00bb.<\/p>\n<p>Los \u00faltimos d\u00edas de la campa\u00f1a se han caracterizado por la profusi\u00f3n de anuncios pol\u00edticos a trav\u00e9s de los medios de comunicaci\u00f3n y de actos proselitistas de los candidatos.<\/p>\n<p>Horas antes de su concentraci\u00f3n de cierre, Quijano se mostr\u00f3 tan seguro del triunfo que present\u00f3 en un acto p\u00fablico a un grupo de pol\u00edticos y profesionales de su partido que le asesorar\u00e1 en la conformaci\u00f3n de su eventual gabinete de Gobierno.<\/p>\n<p>Quijano, alcalde de San Salvador, afirm\u00f3 a los periodistas que ser\u00e1 \u00abun presidente cercano a las familias m\u00e1s humildes, m\u00e1s necesitadas\u00bb.<\/p>\n<p>\u00abSeremos los m\u00e1s poderosos aliados en la lucha contra la pobreza y las desigualdad\u00bb, asever\u00f3.<\/p>\n<p>El pol\u00edtico opositor afirm\u00f3 que se preocupar\u00e1 por \u00abla calidad de vida\u00bb de los salvadore\u00f1os, \u00abpero sobre todo de garantizarles la vida\u00bb, porque \u00abno van a tener a un presidente negociando con maras, con delincuentes\u00bb.<\/p>\n<p>Quijano aludi\u00f3 as\u00ed a que supuestamente el Gobierno de Funes negoci\u00f3 con las pandillas m\u00e1s violentas de El Salvador una \u00abtregua\u00bb o pacto de no agresi\u00f3n que, seg\u00fan las autoridades, ha bajado los homicidios en un 52 % desde marzo de 2012.<\/p>\n<p>El Gobierno niega haber negociado con los pandilleros y sostiene que s\u00f3lo es un \u00abfacilitador\u00bb de la \u00abtregua\u00bb.<\/p>\n<p>\u00abLos mareros mandan e imponen su propia ley en colonias y comunidades del pa\u00eds\u00bb porque \u00abeste Gobierno, como no pudo vencer al enemigo, se uni\u00f3 a ellos\u00bb, sostuvo Quijano.<\/p>\n<p>El expresidente El\u00edas Antonio Saca (2004-2009), candidato del movimiento Unidad, un grupo de tres partidos minoritarios de derecha, tambi\u00e9n celebr\u00f3 hoy distintas actividades de cierre de campa\u00f1a, incluida una reuni\u00f3n con un grupo de excombatientes de la guerra civil (1980-1992) que le prometieron su apoyo.<\/p>\n<p>Ren\u00e9 Rodr\u00edguez y Oscar Lemus, candidatos de los minoritarios Partido Salvadore\u00f1o Progresista y Fraternidad Patriota Salvadore\u00f1a, respectivamente, tambi\u00e9n concluyeron hoy sus campa\u00f1as.<\/p>\n<p>Quijano y Saca, junto a sus compa\u00f1eros de f\u00f3rmula y dirigentes de sus partidos, tambi\u00e9n tendr\u00e1n esta noche sendas comparecencias a trav\u00e9s de cadenas locales de radio para hacer los \u00faltimos llamamientos a sus votantes.<\/p>\n<p>Un total de 4.955.107 salvadore\u00f1os est\u00e1n convocados para elegir al sucesor de Funes, el primer presidente de izquierda que ha tenido el pa\u00eds.<\/p>\n","protected":false},"excerpt":{"rendered":"<p>San Salvador, 30 ene (EFE).- La campa\u00f1a para las elecciones del domingo en El Salvador culmin\u00f3 hoy sin un claro favorito, aunque los dos principales candidatos aseguraron que ganar\u00e1n sin necesidad de ir a una segunda vuelta como anticipan las encuestas. El candidato presidencial opositor, Norman Quijano, de Alianza Republicana Nacionalista (ARENA, derecha), cerr\u00f3 su [&hellip;]<\/p>\n","protected":false},"author":1,"featured_media":1132184,"comment_status":"closed","ping_status":"open","sticky":false,"template":"","format":"standard","meta":{"footnotes":""},"categories":[1],"tags":[],"class_list":["post-480414","post","type-post","status-publish","format-standard","has-post-thumbnail","hentry","category-actualidad"],"aioseo_notices":[],"aioseo_head":"\n\t\t<!-- All in One SEO Pro 5.0.1 - aioseo.com -->\n\t<meta name=\"description\" content=\"San Salvador, 30 ene (EFE).- La campa\u00f1a para las elecciones del domingo en El Salvador culmin\u00f3 hoy sin un claro favorito, aunque los dos principales candidatos aseguraron que ganar\u00e1n sin necesidad de ir a una segunda vuelta como anticipan las encuestas. El candidato presidencial opositor, Norman Quijano, de Alianza Republicana Nacionalista (ARENA, derecha), cerr\u00f3 su\" \/>\n\t<meta name=\"robots\" content=\"max-image-preview:large\" \/>\n\t<meta name=\"author\" content=\"El Digital de Asturias\"\/>\n\t<meta name=\"google-site-verification\" content=\"UA-38556648-1\" \/>\n\t<meta name=\"msvalidate.01\" content=\"7dfe9f3f1b24437ab69f4f2559babe99\" \/>\n\t<meta name=\"keywords\" content=\"actualidad\" \/>\n\t<link rel=\"canonical\" href=\"https:\/\/www.eldigitaldeasturias.com\/noticias\/los-candidatos-salvadorenos-culminan-su-campana-confiados-en-ganar-en-la-primera-vuelta\/\" \/>\n\t<meta name=\"generator\" content=\"All in One SEO Pro (AIOSEO) 5.0.1\" \/>\n\t\t<meta property=\"og:locale\" content=\"es_ES\" \/>\n\t\t<meta property=\"og:site_name\" content=\"El Digital de Asturias\" \/>\n\t\t<meta property=\"og:type\" content=\"article\" \/>\n\t\t<meta property=\"og:title\" content=\"Los candidatos salvadore\u00f1os culminan su campa\u00f1a confiados en ganar en la primera vuelta - El Digital de Asturias\" \/>\n\t\t<meta property=\"og:description\" content=\"San Salvador, 30 ene (EFE).- La campa\u00f1a para las elecciones del domingo en El Salvador culmin\u00f3 hoy sin un claro favorito, aunque los dos principales candidatos aseguraron que ganar\u00e1n sin necesidad de ir a una segunda vuelta como anticipan las encuestas. El candidato presidencial opositor, Norman Quijano, de Alianza Republicana Nacionalista (ARENA, derecha), cerr\u00f3 su\" \/>\n\t\t<meta property=\"og:url\" content=\"https:\/\/www.eldigitaldeasturias.com\/noticias\/los-candidatos-salvadorenos-culminan-su-campana-confiados-en-ganar-en-la-primera-vuelta\/\" \/>\n\t\t<meta property=\"og:image\" content=\"https:\/\/www.eldigitaldeasturias.com\/noticias\/wp-content\/uploads\/2026\/06\/Contenidos.jpg\" \/>\n\t\t<meta property=\"og:image:secure_url\" content=\"https:\/\/www.eldigitaldeasturias.com\/noticias\/wp-content\/uploads\/2026\/06\/Contenidos.jpg\" \/>\n\t\t<meta property=\"og:image:width\" content=\"1265\" \/>\n\t\t<meta property=\"og:image:height\" content=\"697\" \/>\n\t\t<meta property=\"article:tag\" content=\"actualidad\" \/>\n\t\t<meta property=\"article:published_time\" content=\"2014-01-30T10:02:48+00:00\" \/>\n\t\t<meta property=\"article:modified_time\" content=\"2014-01-30T10:02:48+00:00\" \/>\n\t\t<meta property=\"article:publisher\" content=\"https:\/\/facebook.com\/eldigitaldeasturias\" \/>\n\t\t<meta name=\"twitter:card\" content=\"summary_large_image\" \/>\n\t\t<meta name=\"twitter:title\" content=\"Los candidatos salvadore\u00f1os culminan su campa\u00f1a confiados en ganar en la primera vuelta - El Digital de Asturias\" \/>\n\t\t<meta name=\"twitter:description\" content=\"San Salvador, 30 ene (EFE).- La campa\u00f1a para las elecciones del domingo en El Salvador culmin\u00f3 hoy sin un claro favorito, aunque los dos principales candidatos aseguraron que ganar\u00e1n sin necesidad de ir a una segunda vuelta como anticipan las encuestas. El candidato presidencial opositor, Norman Quijano, de Alianza Republicana Nacionalista (ARENA, derecha), cerr\u00f3 su\" \/>\n\t\t<meta name=\"twitter:image\" content=\"https:\/\/www.eldigitaldeasturias.com\/noticias\/wp-content\/uploads\/2026\/06\/Contenidos.jpg\" \/>\n\t\t<meta name=\"twitter:label1\" content=\"Escrito por\" \/>\n\t\t<meta name=\"twitter:data1\" content=\"El Digital de Asturias\" \/>\n\t\t<meta name=\"twitter:label2\" content=\"Tiempo de lectura estimado\" \/>\n\t\t<meta name=\"twitter:data2\" content=\"4 minutos\" \/>\n\t\t<script type=\"application\/ld+json\" class=\"aioseo-schema\">\n\t\t\t{\"@context\":\"https:\\\/\\\/schema.org\",\"@graph\":[{\"@type\":\"BlogPosting\",\"@id\":\"https:\\\/\\\/www.eldigitaldeasturias.com\\\/noticias\\\/los-candidatos-salvadorenos-culminan-su-campana-confiados-en-ganar-en-la-primera-vuelta\\\/#blogposting\",\"name\":\"Los candidatos salvadore\\u00f1os culminan su campa\\u00f1a confiados en ganar en la primera vuelta - El Digital de Asturias\",\"headline\":\"Los candidatos salvadore\\u00f1os culminan su campa\\u00f1a confiados en ganar en la primera vuelta\",\"author\":{\"@id\":\"https:\\\/\\\/www.eldigitaldeasturias.com\\\/noticias\\\/author\\\/admin\\\/#author\"},\"publisher\":{\"@id\":\"https:\\\/\\\/www.eldigitaldeasturias.com\\\/noticias\\\/#organization\"},\"image\":{\"@type\":\"ImageObject\",\"url\":\"https:\\\/\\\/www.eldigitaldeasturias.com\\\/noticias\\\/wp-content\\\/uploads\\\/2026\\\/06\\\/Contenidos.jpg\",\"width\":1265,\"height\":697,\"caption\":\"Contenidos\"},\"datePublished\":\"2014-01-30T09:02:48+01:00\",\"dateModified\":\"2014-01-30T09:02:48+01:00\",\"inLanguage\":\"es-ES\",\"mainEntityOfPage\":{\"@id\":\"https:\\\/\\\/www.eldigitaldeasturias.com\\\/noticias\\\/los-candidatos-salvadorenos-culminan-su-campana-confiados-en-ganar-en-la-primera-vuelta\\\/#webpage\"},\"isPartOf\":{\"@id\":\"https:\\\/\\\/www.eldigitaldeasturias.com\\\/noticias\\\/los-candidatos-salvadorenos-culminan-su-campana-confiados-en-ganar-en-la-primera-vuelta\\\/#webpage\"},\"articleSection\":\"Actualidad\"},{\"@type\":\"BreadcrumbList\",\"@id\":\"https:\\\/\\\/www.eldigitaldeasturias.com\\\/noticias\\\/los-candidatos-salvadorenos-culminan-su-campana-confiados-en-ganar-en-la-primera-vuelta\\\/#breadcrumblist\",\"itemListElement\":[{\"@type\":\"ListItem\",\"@id\":\"https:\\\/\\\/www.eldigitaldeasturias.com\\\/noticias#listItem\",\"position\":1,\"name\":\"Home\",\"item\":\"https:\\\/\\\/www.eldigitaldeasturias.com\\\/noticias\",\"nextItem\":{\"@type\":\"ListItem\",\"@id\":\"https:\\\/\\\/www.eldigitaldeasturias.com\\\/noticias\\\/category\\\/actualidad\\\/#listItem\",\"name\":\"Actualidad\"}},{\"@type\":\"ListItem\",\"@id\":\"https:\\\/\\\/www.eldigitaldeasturias.com\\\/noticias\\\/category\\\/actualidad\\\/#listItem\",\"position\":2,\"name\":\"Actualidad\",\"item\":\"https:\\\/\\\/www.eldigitaldeasturias.com\\\/noticias\\\/category\\\/actualidad\\\/\",\"nextItem\":{\"@type\":\"ListItem\",\"@id\":\"https:\\\/\\\/www.eldigitaldeasturias.com\\\/noticias\\\/los-candidatos-salvadorenos-culminan-su-campana-confiados-en-ganar-en-la-primera-vuelta\\\/#listItem\",\"name\":\"Los candidatos salvadore\\u00f1os culminan su campa\\u00f1a confiados en ganar en la primera vuelta\"},\"previousItem\":{\"@type\":\"ListItem\",\"@id\":\"https:\\\/\\\/www.eldigitaldeasturias.com\\\/noticias#listItem\",\"name\":\"Home\"}},{\"@type\":\"ListItem\",\"@id\":\"https:\\\/\\\/www.eldigitaldeasturias.com\\\/noticias\\\/los-candidatos-salvadorenos-culminan-su-campana-confiados-en-ganar-en-la-primera-vuelta\\\/#listItem\",\"position\":3,\"name\":\"Los candidatos salvadore\\u00f1os culminan su campa\\u00f1a confiados en ganar en la primera vuelta\",\"previousItem\":{\"@type\":\"ListItem\",\"@id\":\"https:\\\/\\\/www.eldigitaldeasturias.com\\\/noticias\\\/category\\\/actualidad\\\/#listItem\",\"name\":\"Actualidad\"}}]},{\"@type\":\"Organization\",\"@id\":\"https:\\\/\\\/www.eldigitaldeasturias.com\\\/noticias\\\/#organization\",\"name\":\"El Digital de Asturias\",\"description\":\"Hemeroteca\",\"url\":\"https:\\\/\\\/www.eldigitaldeasturias.com\\\/noticias\\\/\",\"email\":\"info@eldigitaldeasturias.com\",\"telephone\":\"+34652131393\",\"logo\":{\"@type\":\"ImageObject\",\"url\":\"https:\\\/\\\/www.eldigitaldeasturias.com\\\/noticias\\\/wp-content\\\/uploads\\\/2020\\\/12\\\/EDA.jpg\",\"@id\":\"https:\\\/\\\/www.eldigitaldeasturias.com\\\/noticias\\\/los-candidatos-salvadorenos-culminan-su-campana-confiados-en-ganar-en-la-primera-vuelta\\\/#organizationLogo\"},\"image\":{\"@id\":\"https:\\\/\\\/www.eldigitaldeasturias.com\\\/noticias\\\/los-candidatos-salvadorenos-culminan-su-campana-confiados-en-ganar-en-la-primera-vuelta\\\/#organizationLogo\"},\"sameAs\":[\"https:\\\/\\\/facebook.com\\\/eldigitaldeasturias\",\"https:\\\/\\\/www.youtube.com\\\/channel\\\/UCZP-2wLEB9Rv6erhFmqVnvg\"],\"address\":{\"@id\":\"https:\\\/\\\/www.eldigitaldeasturias.com\\\/noticias\\\/#postaladdress\",\"@type\":\"PostalAddress\",\"streetAddress\":\"san antonio 4\",\"postalCode\":\"33430\",\"addressLocality\":\"Cand\\u00e1s\",\"addressRegion\":\"Asturias\",\"addressCountry\":\"ES\"}},{\"@type\":\"Person\",\"@id\":\"https:\\\/\\\/www.eldigitaldeasturias.com\\\/noticias\\\/author\\\/admin\\\/#author\",\"url\":\"https:\\\/\\\/www.eldigitaldeasturias.com\\\/noticias\\\/author\\\/admin\\\/\",\"name\":\"El Digital de Asturias\",\"image\":{\"@type\":\"ImageObject\",\"@id\":\"https:\\\/\\\/www.eldigitaldeasturias.com\\\/noticias\\\/los-candidatos-salvadorenos-culminan-su-campana-confiados-en-ganar-en-la-primera-vuelta\\\/#authorImage\",\"url\":\"https:\\\/\\\/secure.gravatar.com\\\/avatar\\\/df2aeffc32bcd13f8d26072ef8a91b623d677766deac7f97ca815868cd41bf5e?s=96&d=mm&r=g\",\"width\":96,\"height\":96,\"caption\":\"El Digital de Asturias\"}},{\"@type\":\"WebPage\",\"@id\":\"https:\\\/\\\/www.eldigitaldeasturias.com\\\/noticias\\\/los-candidatos-salvadorenos-culminan-su-campana-confiados-en-ganar-en-la-primera-vuelta\\\/#webpage\",\"url\":\"https:\\\/\\\/www.eldigitaldeasturias.com\\\/noticias\\\/los-candidatos-salvadorenos-culminan-su-campana-confiados-en-ganar-en-la-primera-vuelta\\\/\",\"name\":\"Los candidatos salvadore\\u00f1os culminan su campa\\u00f1a confiados en ganar en la primera vuelta - El Digital de Asturias\",\"description\":\"San Salvador, 30 ene (EFE).- La campa\\u00f1a para las elecciones del domingo en El Salvador culmin\\u00f3 hoy sin un claro favorito, aunque los dos principales candidatos aseguraron que ganar\\u00e1n sin necesidad de ir a una segunda vuelta como anticipan las encuestas. El candidato presidencial opositor, Norman Quijano, de Alianza Republicana Nacionalista (ARENA, derecha), cerr\\u00f3 su\",\"inLanguage\":\"es-ES\",\"isPartOf\":{\"@id\":\"https:\\\/\\\/www.eldigitaldeasturias.com\\\/noticias\\\/#website\"},\"breadcrumb\":{\"@id\":\"https:\\\/\\\/www.eldigitaldeasturias.com\\\/noticias\\\/los-candidatos-salvadorenos-culminan-su-campana-confiados-en-ganar-en-la-primera-vuelta\\\/#breadcrumblist\"},\"author\":{\"@id\":\"https:\\\/\\\/www.eldigitaldeasturias.com\\\/noticias\\\/author\\\/admin\\\/#author\"},\"creator\":{\"@id\":\"https:\\\/\\\/www.eldigitaldeasturias.com\\\/noticias\\\/author\\\/admin\\\/#author\"},\"image\":{\"@type\":\"ImageObject\",\"url\":\"https:\\\/\\\/www.eldigitaldeasturias.com\\\/noticias\\\/wp-content\\\/uploads\\\/2026\\\/06\\\/Contenidos.jpg\",\"@id\":\"https:\\\/\\\/www.eldigitaldeasturias.com\\\/noticias\\\/los-candidatos-salvadorenos-culminan-su-campana-confiados-en-ganar-en-la-primera-vuelta\\\/#mainImage\",\"width\":1265,\"height\":697,\"caption\":\"Contenidos\"},\"primaryImageOfPage\":{\"@id\":\"https:\\\/\\\/www.eldigitaldeasturias.com\\\/noticias\\\/los-candidatos-salvadorenos-culminan-su-campana-confiados-en-ganar-en-la-primera-vuelta\\\/#mainImage\"},\"datePublished\":\"2014-01-30T09:02:48+01:00\",\"dateModified\":\"2014-01-30T09:02:48+01:00\"},{\"@type\":\"WebSite\",\"@id\":\"https:\\\/\\\/www.eldigitaldeasturias.com\\\/noticias\\\/#website\",\"url\":\"https:\\\/\\\/www.eldigitaldeasturias.com\\\/noticias\\\/\",\"name\":\"El Digital de Asturias - Diario de actualidad y noticias\",\"alternateName\":\"El Digital de Asturias - Diario de actualidad y noticias\",\"description\":\"Hemeroteca\",\"inLanguage\":\"es-ES\",\"publisher\":{\"@id\":\"https:\\\/\\\/www.eldigitaldeasturias.com\\\/noticias\\\/#organization\"}}]}\n\t\t<\/script>\n\t\t<!-- All in One SEO Pro -->\r\n\t\t<title>Los candidatos salvadore\u00f1os culminan su campa\u00f1a confiados en ganar en la primera vuelta - El Digital de Asturias<\/title>\n\n","aioseo_head_json":{"title":"Los candidatos salvadore\u00f1os culminan su campa\u00f1a confiados en ganar en la primera vuelta - El Digital de Asturias","description":"San Salvador, 30 ene (EFE).- La campa\u00f1a para las elecciones del domingo en El Salvador culmin\u00f3 hoy sin un claro favorito, aunque los dos principales candidatos aseguraron que ganar\u00e1n sin necesidad de ir a una segunda vuelta como anticipan las encuestas. El candidato presidencial opositor, Norman Quijano, de Alianza Republicana Nacionalista (ARENA, derecha), cerr\u00f3 su","canonical_url":"https:\/\/www.eldigitaldeasturias.com\/noticias\/los-candidatos-salvadorenos-culminan-su-campana-confiados-en-ganar-en-la-primera-vuelta\/","robots":"max-image-preview:large","keywords":"actualidad","webmasterTools":{"google-site-verification":"UA-38556648-1","msvalidate.01":"7dfe9f3f1b24437ab69f4f2559babe99","miscellaneous":""},"schema":{"@context":"https:\/\/schema.org","@graph":[{"@type":"BlogPosting","@id":"https:\/\/www.eldigitaldeasturias.com\/noticias\/los-candidatos-salvadorenos-culminan-su-campana-confiados-en-ganar-en-la-primera-vuelta\/#blogposting","name":"Los candidatos salvadore\u00f1os culminan su campa\u00f1a confiados en ganar en la primera vuelta - El Digital de Asturias","headline":"Los candidatos salvadore\u00f1os culminan su campa\u00f1a confiados en ganar en la primera vuelta","author":{"@id":"https:\/\/www.eldigitaldeasturias.com\/noticias\/author\/admin\/#author"},"publisher":{"@id":"https:\/\/www.eldigitaldeasturias.com\/noticias\/#organization"},"image":{"@type":"ImageObject","url":"https:\/\/www.eldigitaldeasturias.com\/noticias\/wp-content\/uploads\/2026\/06\/Contenidos.jpg","width":1265,"height":697,"caption":"Contenidos"},"datePublished":"2014-01-30T09:02:48+01:00","dateModified":"2014-01-30T09:02:48+01:00","inLanguage":"es-ES","mainEntityOfPage":{"@id":"https:\/\/www.eldigitaldeasturias.com\/noticias\/los-candidatos-salvadorenos-culminan-su-campana-confiados-en-ganar-en-la-primera-vuelta\/#webpage"},"isPartOf":{"@id":"https:\/\/www.eldigitaldeasturias.com\/noticias\/los-candidatos-salvadorenos-culminan-su-campana-confiados-en-ganar-en-la-primera-vuelta\/#webpage"},"articleSection":"Actualidad"},{"@type":"BreadcrumbList","@id":"https:\/\/www.eldigitaldeasturias.com\/noticias\/los-candidatos-salvadorenos-culminan-su-campana-confiados-en-ganar-en-la-primera-vuelta\/#breadcrumblist","itemListElement":[{"@type":"ListItem","@id":"https:\/\/www.eldigitaldeasturias.com\/noticias#listItem","position":1,"name":"Home","item":"https:\/\/www.eldigitaldeasturias.com\/noticias","nextItem":{"@type":"ListItem","@id":"https:\/\/www.eldigitaldeasturias.com\/noticias\/category\/actualidad\/#listItem","name":"Actualidad"}},{"@type":"ListItem","@id":"https:\/\/www.eldigitaldeasturias.com\/noticias\/category\/actualidad\/#listItem","position":2,"name":"Actualidad","item":"https:\/\/www.eldigitaldeasturias.com\/noticias\/category\/actualidad\/","nextItem":{"@type":"ListItem","@id":"https:\/\/www.eldigitaldeasturias.com\/noticias\/los-candidatos-salvadorenos-culminan-su-campana-confiados-en-ganar-en-la-primera-vuelta\/#listItem","name":"Los candidatos salvadore\u00f1os culminan su campa\u00f1a confiados en ganar en la primera vuelta"},"previousItem":{"@type":"ListItem","@id":"https:\/\/www.eldigitaldeasturias.com\/noticias#listItem","name":"Home"}},{"@type":"ListItem","@id":"https:\/\/www.eldigitaldeasturias.com\/noticias\/los-candidatos-salvadorenos-culminan-su-campana-confiados-en-ganar-en-la-primera-vuelta\/#listItem","position":3,"name":"Los candidatos salvadore\u00f1os culminan su campa\u00f1a confiados en ganar en la primera vuelta","previousItem":{"@type":"ListItem","@id":"https:\/\/www.eldigitaldeasturias.com\/noticias\/category\/actualidad\/#listItem","name":"Actualidad"}}]},{"@type":"Organization","@id":"https:\/\/www.eldigitaldeasturias.com\/noticias\/#organization","name":"El Digital de Asturias","description":"Hemeroteca","url":"https:\/\/www.eldigitaldeasturias.com\/noticias\/","email":"info@eldigitaldeasturias.com","telephone":"+34652131393","logo":{"@type":"ImageObject","url":"https:\/\/www.eldigitaldeasturias.com\/noticias\/wp-content\/uploads\/2020\/12\/EDA.jpg","@id":"https:\/\/www.eldigitaldeasturias.com\/noticias\/los-candidatos-salvadorenos-culminan-su-campana-confiados-en-ganar-en-la-primera-vuelta\/#organizationLogo"},"image":{"@id":"https:\/\/www.eldigitaldeasturias.com\/noticias\/los-candidatos-salvadorenos-culminan-su-campana-confiados-en-ganar-en-la-primera-vuelta\/#organizationLogo"},"sameAs":["https:\/\/facebook.com\/eldigitaldeasturias","https:\/\/www.youtube.com\/channel\/UCZP-2wLEB9Rv6erhFmqVnvg"],"address":{"@id":"https:\/\/www.eldigitaldeasturias.com\/noticias\/#postaladdress","@type":"PostalAddress","streetAddress":"san antonio 4","postalCode":"33430","addressLocality":"Cand\u00e1s","addressRegion":"Asturias","addressCountry":"ES"}},{"@type":"Person","@id":"https:\/\/www.eldigitaldeasturias.com\/noticias\/author\/admin\/#author","url":"https:\/\/www.eldigitaldeasturias.com\/noticias\/author\/admin\/","name":"El Digital de Asturias","image":{"@type":"ImageObject","@id":"https:\/\/www.eldigitaldeasturias.com\/noticias\/los-candidatos-salvadorenos-culminan-su-campana-confiados-en-ganar-en-la-primera-vuelta\/#authorImage","url":"https:\/\/secure.gravatar.com\/avatar\/df2aeffc32bcd13f8d26072ef8a91b623d677766deac7f97ca815868cd41bf5e?s=96&d=mm&r=g","width":96,"height":96,"caption":"El Digital de Asturias"}},{"@type":"WebPage","@id":"https:\/\/www.eldigitaldeasturias.com\/noticias\/los-candidatos-salvadorenos-culminan-su-campana-confiados-en-ganar-en-la-primera-vuelta\/#webpage","url":"https:\/\/www.eldigitaldeasturias.com\/noticias\/los-candidatos-salvadorenos-culminan-su-campana-confiados-en-ganar-en-la-primera-vuelta\/","name":"Los candidatos salvadore\u00f1os culminan su campa\u00f1a confiados en ganar en la primera vuelta - El Digital de Asturias","description":"San Salvador, 30 ene (EFE).- La campa\u00f1a para las elecciones del domingo en El Salvador culmin\u00f3 hoy sin un claro favorito, aunque los dos principales candidatos aseguraron que ganar\u00e1n sin necesidad de ir a una segunda vuelta como anticipan las encuestas. El candidato presidencial opositor, Norman Quijano, de Alianza Republicana Nacionalista (ARENA, derecha), cerr\u00f3 su","inLanguage":"es-ES","isPartOf":{"@id":"https:\/\/www.eldigitaldeasturias.com\/noticias\/#website"},"breadcrumb":{"@id":"https:\/\/www.eldigitaldeasturias.com\/noticias\/los-candidatos-salvadorenos-culminan-su-campana-confiados-en-ganar-en-la-primera-vuelta\/#breadcrumblist"},"author":{"@id":"https:\/\/www.eldigitaldeasturias.com\/noticias\/author\/admin\/#author"},"creator":{"@id":"https:\/\/www.eldigitaldeasturias.com\/noticias\/author\/admin\/#author"},"image":{"@type":"ImageObject","url":"https:\/\/www.eldigitaldeasturias.com\/noticias\/wp-content\/uploads\/2026\/06\/Contenidos.jpg","@id":"https:\/\/www.eldigitaldeasturias.com\/noticias\/los-candidatos-salvadorenos-culminan-su-campana-confiados-en-ganar-en-la-primera-vuelta\/#mainImage","width":1265,"height":697,"caption":"Contenidos"},"primaryImageOfPage":{"@id":"https:\/\/www.eldigitaldeasturias.com\/noticias\/los-candidatos-salvadorenos-culminan-su-campana-confiados-en-ganar-en-la-primera-vuelta\/#mainImage"},"datePublished":"2014-01-30T09:02:48+01:00","dateModified":"2014-01-30T09:02:48+01:00"},{"@type":"WebSite","@id":"https:\/\/www.eldigitaldeasturias.com\/noticias\/#website","url":"https:\/\/www.eldigitaldeasturias.com\/noticias\/","name":"El Digital de Asturias - Diario de actualidad y noticias","alternateName":"El Digital de Asturias - Diario de actualidad y noticias","description":"Hemeroteca","inLanguage":"es-ES","publisher":{"@id":"https:\/\/www.eldigitaldeasturias.com\/noticias\/#organization"}}]},"og:locale":"es_ES","og:site_name":"El Digital de Asturias","og:type":"article","og:title":"Los candidatos salvadore\u00f1os culminan su campa\u00f1a confiados en ganar en la primera vuelta - El Digital de Asturias","og:description":"San Salvador, 30 ene (EFE).- La campa\u00f1a para las elecciones del domingo en El Salvador culmin\u00f3 hoy sin un claro favorito, aunque los dos principales candidatos aseguraron que ganar\u00e1n sin necesidad de ir a una segunda vuelta como anticipan las encuestas. El candidato presidencial opositor, Norman Quijano, de Alianza Republicana Nacionalista (ARENA, derecha), cerr\u00f3 su","og:url":"https:\/\/www.eldigitaldeasturias.com\/noticias\/los-candidatos-salvadorenos-culminan-su-campana-confiados-en-ganar-en-la-primera-vuelta\/","og:image":"https:\/\/www.eldigitaldeasturias.com\/noticias\/wp-content\/uploads\/2026\/06\/Contenidos.jpg","og:image:secure_url":"https:\/\/www.eldigitaldeasturias.com\/noticias\/wp-content\/uploads\/2026\/06\/Contenidos.jpg","og:image:width":1265,"og:image:height":697,"article:tag":["actualidad"],"article:published_time":"2014-01-30T10:02:48+00:00","article:modified_time":"2014-01-30T10:02:48+00:00","article:publisher":"https:\/\/facebook.com\/eldigitaldeasturias","twitter:card":"summary_large_image","twitter:title":"Los candidatos salvadore\u00f1os culminan su campa\u00f1a confiados en ganar en la primera vuelta - El Digital de Asturias","twitter:description":"San Salvador, 30 ene (EFE).- La campa\u00f1a para las elecciones del domingo en El Salvador culmin\u00f3 hoy sin un claro favorito, aunque los dos principales candidatos aseguraron que ganar\u00e1n sin necesidad de ir a una segunda vuelta como anticipan las encuestas. El candidato presidencial opositor, Norman Quijano, de Alianza Republicana Nacionalista (ARENA, derecha), cerr\u00f3 su","twitter:image":"https:\/\/www.eldigitaldeasturias.com\/noticias\/wp-content\/uploads\/2026\/06\/Contenidos.jpg","twitter:label1":"Escrito por","twitter:data1":"El Digital de Asturias","twitter:label2":"Tiempo de lectura estimado","twitter:data2":"4 minutos"},"aioseo_meta_data":{"post_id":"480414","title":null,"description":null,"keywords":null,"keyphrases":null,"primary_term":null,"canonical_url":null,"og_title":null,"og_description":null,"og_object_type":"default","og_image_type":"default","og_image_url":null,"og_image_width":null,"og_image_height":null,"og_image_custom_url":null,"og_image_custom_fields":null,"og_video":null,"og_custom_url":null,"og_article_section":null,"og_article_tags":null,"twitter_use_og":true,"twitter_card":"default","twitter_image_type":"default","twitter_image_url":null,"twitter_image_custom_url":null,"twitter_image_custom_fields":null,"twitter_title":null,"twitter_description":null,"schema":{"blockGraphs":[],"customGraphs":[],"default":{"data":{"Article":[],"Course":[],"Dataset":[],"FAQPage":[],"Movie":[],"Person":[],"Product":[],"ProductReview":[],"Car":[],"Recipe":[],"Service":[],"SoftwareApplication":[],"WebPage":[]},"graphName":"","isEnabled":true},"graphs":[],"defaultGraph":"","defaultPostTypeGraph":""},"schema_type":null,"schema_type_options":null,"pillar_content":false,"robots_default":true,"robots_noindex":false,"robots_noarchive":false,"robots_nosnippet":false,"robots_nofollow":false,"robots_noimageindex":false,"robots_noodp":false,"robots_notranslate":false,"robots_max_snippet":null,"robots_max_videopreview":null,"robots_max_imagepreview":"none","priority":null,"frequency":null,"local_seo":null,"seo_analyzer_scan_date":"2026-06-02 03:37:54","breadcrumb_settings":null,"limit_modified_date":false,"open_ai":null,"ai":null,"created":"2020-11-14 22:54:12","updated":"2026-06-02 03:37:54","focus_keyword":null,"additional_keywords":null,"truseo_locale":null},"aioseo_breadcrumb":"<div class=\"aioseo-breadcrumbs\"><span class=\"aioseo-breadcrumb\">\n\t<a href=\"https:\/\/www.eldigitaldeasturias.com\/noticias\" title=\"Home\">Home<\/a>\n<\/span><span class=\"aioseo-breadcrumb-separator\">\u2013<\/span><span class=\"aioseo-breadcrumb\">\n\t<a href=\"https:\/\/www.eldigitaldeasturias.com\/noticias\/category\/actualidad\/\" title=\"Actualidad\">Actualidad<\/a>\n<\/span><span class=\"aioseo-breadcrumb-separator\">\u2013<\/span><span class=\"aioseo-breadcrumb\">\n\t<a href=\"https:\/\/www.eldigitaldeasturias.com\/noticias\/los-candidatos-salvadorenos-culminan-su-campana-confiados-en-ganar-en-la-primera-vuelta\/\" title=\"Los candidatos salvadore\u00f1os culminan su campa\u00f1a confiados en ganar en la primera vuelta\">Los candidatos salvadore\u00f1os culminan su campa\u00f1a confiados en ganar en la primera vuelta<\/a>\n<\/span><\/div>","aioseo_breadcrumb_json":[{"label":"Home","link":"https:\/\/www.eldigitaldeasturias.com\/noticias"},{"label":"Actualidad","link":"https:\/\/www.eldigitaldeasturias.com\/noticias\/category\/actualidad\/"},{"label":"Los candidatos salvadore\u00f1os culminan su campa\u00f1a confiados en ganar en la primera vuelta","link":"https:\/\/www.eldigitaldeasturias.com\/noticias\/los-candidatos-salvadorenos-culminan-su-campana-confiados-en-ganar-en-la-primera-vuelta\/"}],"_links":{"self":[{"href":"https:\/\/www.eldigitaldeasturias.com\/noticias\/wp-json\/wp\/v2\/posts\/480414","targetHints":{"allow":["GET"]}}],"collection":[{"href":"https:\/\/www.eldigitaldeasturias.com\/noticias\/wp-json\/wp\/v2\/posts"}],"about":[{"href":"https:\/\/www.eldigitaldeasturias.com\/noticias\/wp-json\/wp\/v2\/types\/post"}],"author":[{"embeddable":true,"href":"https:\/\/www.eldigitaldeasturias.com\/noticias\/wp-json\/wp\/v2\/users\/1"}],"replies":[{"embeddable":true,"href":"https:\/\/www.eldigitaldeasturias.com\/noticias\/wp-json\/wp\/v2\/comments?post=480414"}],"version-history":[{"count":0,"href":"https:\/\/www.eldigitaldeasturias.com\/noticias\/wp-json\/wp\/v2\/posts\/480414\/revisions"}],"wp:featuredmedia":[{"embeddable":true,"href":"https:\/\/www.eldigitaldeasturias.com\/noticias\/wp-json\/wp\/v2\/media\/1132184"}],"wp:attachment":[{"href":"https:\/\/www.eldigitaldeasturias.com\/noticias\/wp-json\/wp\/v2\/media?parent=480414"}],"wp:term":[{"taxonomy":"category","embeddable":true,"href":"https:\/\/www.eldigitaldeasturias.com\/noticias\/wp-json\/wp\/v2\/categories?post=480414"},{"taxonomy":"post_tag","embeddable":true,"href":"https:\/\/www.eldigitaldeasturias.com\/noticias\/wp-json\/wp\/v2\/tags?post=480414"}],"curies":[{"name":"wp","href":"https:\/\/api.w.org\/{rel}","templated":true}]}}