{"id":480399,"date":"2014-01-30T08:56:55","date_gmt":"2014-01-30T09:56:55","guid":{"rendered":"http:\/\/www.eldigitaldeasturias.com\/noticias\/?p=480399"},"modified":"2014-01-30T08:56:55","modified_gmt":"2014-01-30T09:56:55","slug":"cuba-pasa-el-testigo-a-costa-rica-y-se-anota-un-exito-diplomatico-con-su-cumbre","status":"publish","type":"post","link":"https:\/\/www.eldigitaldeasturias.com\/noticias\/cuba-pasa-el-testigo-a-costa-rica-y-se-anota-un-exito-diplomatico-con-su-cumbre\/","title":{"rendered":"Cuba pasa el testigo a Costa Rica y se anota un \u00e9xito diplom\u00e1tico con su cumbre"},"content":{"rendered":"<p><img loading=\"lazy\" decoding=\"async\" class=\"alignleft size-medium wp-image-480400\" alt=\"5890231w\" src=\"https:\/\/www.eldigitaldeasturias.com\/noticias\/wp-content\/uploads\/2014\/01\/5890231w-360x264.jpg\" width=\"360\" height=\"264\" \/>La Habana, 29 ene (EFE).- Costa Rica asumi\u00f3 hoy en La Habana la presidencia de la Comunidad de Estados Latinoamericanos y Caribe\u00f1os (Celac) en una concurrida cumbre con la que Cuba se ha anotado un \u00e9xito diplom\u00e1tico y en la que Chile y Per\u00fa certificaron el fin de sus diferencias fronterizas.<\/p>\n<p>La Cumbre de La Habana, donde han participado todos los presidentes y jefes de Gobierno del bloque menos los de Panam\u00e1 y El Salvador, se clausur\u00f3 con el traspaso de la presidencia a Costa Rica, que liderar\u00e1 el foro en 2014 con el objetivo de generar \u00abcooperaci\u00f3n y entendimiento, visi\u00f3n y confianza\u00bb.<\/p>\n<p>Ese compromiso ser\u00e1 asumido por el Gobierno que salga de las elecciones que Costa Rica celebrar\u00e1 el domingo, seg\u00fan garantiz\u00f3 la presidenta Laura Chinchilla.<\/p>\n<p>Cuba deja la presidencia de la Celac por la puerta grande como anfitriona de una cumbre que ha recibido felicitaciones y parabienes de la mayor\u00eda de los asistentes y que varios calificaron de \u00abhist\u00f3rica\u00bb.<\/p>\n<p>El c\u00f3nclave aprob\u00f3 una \u00abDeclaraci\u00f3n de La Habana\u00bb donde el acuerdo m\u00e1s destacado es la proclamaci\u00f3n de Am\u00e9rica Latina y el Caribe como \u00abzona de paz\u00bb con el compromiso de \u00abdesterrar para siempre\u00bb el uso de la fuerza y solucionar las controversias de forma pac\u00edfica.<\/p>\n<p>En coincidencia con esas intenciones, la cita sirvi\u00f3 de escenario para que Per\u00fa y Chile certificaran el fin de sus disputas fronterizas tras el reciente fallo de la Corte Internacional de Justicia (CIJ) de La Haya sobre los l\u00edmites mar\u00edtimos de ambos pa\u00edses tras la demanda interpuesta por Lima.<\/p>\n<p>Per\u00fa dio por cerrado \u00abpara siempre\u00bb el cap\u00edtulo de delimitaci\u00f3n de sus fronteras, seg\u00fan anunci\u00f3 ante la Celac el presidente Ollanta Humala, quien destac\u00f3 que Lima y Santiago dan \u00abun ejemplo a la comunidad internacional\u00bb al superar sus diferencias de la manera \u00abm\u00e1s constructiva posible\u00bb.<\/p>\n<p>En La Habana lleg\u00f3 la esperada imagen de Humala y el chileno Sebasti\u00e1n Pi\u00f1era juntos ante los medios, tras celebrar una reuni\u00f3n en la que tambi\u00e9n estuvo la presidenta electa de Chile, Michelle Bachelet.<\/p>\n<p>Este fue uno de los m\u00faltiples encuentros bilaterales auspiciados por la cumbre, que alg\u00fan presidente, como el mexicano Enrique Pe\u00f1a Nieto, ha aprovechado para cursar su primera visita de Estado a la isla.<\/p>\n<p>Y quien ha tenido una intensa actividad con motivo del c\u00f3nclave sin participar directamente en \u00e9l ha sido el expresidente Fidel Castro, de 87 a\u00f1os y retirado del poder desde 2006, que no ha parado de recibir visitas en su residencia habanera.<\/p>\n<p>En estos d\u00edas, el l\u00edder cubano se ha visto con el secretario general de la ONU, Ban Ki-moon; las presidentas de Argentina, Cristina Fern\u00e1ndez; Brasil, Dilma Rousseff; y la primera ministra de Jamaica, Portia Simpson-Miller.<\/p>\n<p>Hoy mi\u00e9rcoles se reuni\u00f3 con el mexicano Pe\u00f1a Nieto y recibi\u00f3 juntos a los presidentes de Bolivia, Evo Morales; Ecuador, Rafael Correa, y Nicaragua, Daniel Ortega.<\/p>\n<p>En cuanto al contenido de la cumbre, la nota dominante de los discursos fue el apoyo a la integraci\u00f3n regional y la defensa de la Celac como un mecanismo \u00abde unidad dentro de la diversidad\u00bb, seg\u00fan se empe\u00f1\u00f3 en recordar el presidente cubano, Ra\u00fal Castro.<\/p>\n<p>Hubo coincidencias en la necesidad de dotar de mayor eficacia a la Celac para afrontar los desaf\u00edos de la regi\u00f3n, el m\u00e1s importante la reducci\u00f3n de las desigualdades y la pobreza.<\/p>\n<p>La cumbre de la Celac respald\u00f3 adem\u00e1s el proceso de paz colombiano que tiene su sede permanente en Cuba.<\/p>\n<p>Durante el evento, aunque de forma colateral, el espinoso asunto de los derechos humanos en Cuba sali\u00f3 a colaci\u00f3n por boca del secretario general de la ONU, que pidi\u00f3 al Gobierno de la isla que ratifique los pactos internacionales en esa materia.<\/p>\n<p>La disidencia cubana ha denunciado una ola de arrestos y detenciones durante la cita regional y d\u00edas previos y algunos grupos opositores pidieron reunirse con representantes de pa\u00edses de la Celac, sin demasiado \u00e9xito.<\/p>\n<p>Solo Costa Rica respondi\u00f3 a la solicitud de la opositora Comisi\u00f3n Cubana de Derechos Humanos y Reconciliaci\u00f3n Nacional (CCDHRN) y una de las funcionarias de su delegaci\u00f3n se reuni\u00f3 hoy con el l\u00edder del grupo, Elizardo S\u00e1nchez.<\/p>\n<p>Durante este mi\u00e9rcoles, la parte p\u00fablica de la cumbre se limit\u00f3 la sucesi\u00f3n de discursos sin apenas intercambios o debates: la \u00fanica controversia fue el enfado del presidente de Rep\u00fablica Dominicana, Danilo Medina, cuando el primer ministro de San Vicente y las Granadinas, Ralph Gonsalves, acus\u00f3 a Santo Domingo de violar los derechos de los haitianos.<\/p>\n<p>No faltaron propuestas curiosas como la del boliviano Evo Morales al sugerir a sus colegas de la Celac espiar todos a Estados Unidos.<\/p>\n<p>\u00abSi hay que hacer espionaje para una cuesti\u00f3n de seguridad de la comunidad internacional, les propondr\u00eda a ustedes que todos hagamos espionaje a (el presidente estadounidense Barack) Obama y a su Gobierno, y as\u00ed habr\u00e1 seguridad mundial\u00bb, dijo.<\/p>\n<p>A pesar de la expectaci\u00f3n generada por la visita a la isla del secretario general de la OEA, Jos\u00e9 Miguel Insulza, la primera en m\u00e1s de medio siglo de un responsable de este organismo, su paso por Cuba fue discreto aunque pudo conversar 10 minutos con Ra\u00fal Castro.<\/p>\n<p>La Comunidad de Estados Latinoamericanos y Caribe\u00f1os naci\u00f3 en diciembre de 2011, bajo el impulso del fallecido presidente venezolano, Hugo Ch\u00e1vez, quien ha sido recordado por el bloque en la cita de La Habana.<\/p>\n","protected":false},"excerpt":{"rendered":"<p>La Habana, 29 ene (EFE).- Costa Rica asumi\u00f3 hoy en La Habana la presidencia de la Comunidad de Estados Latinoamericanos y Caribe\u00f1os (Celac) en una concurrida cumbre con la que Cuba se ha anotado un \u00e9xito diplom\u00e1tico y en la que Chile y Per\u00fa certificaron el fin de sus diferencias fronterizas. La Cumbre de La [&hellip;]<\/p>\n","protected":false},"author":1,"featured_media":1132184,"comment_status":"closed","ping_status":"open","sticky":false,"template":"","format":"standard","meta":{"footnotes":""},"categories":[1],"tags":[],"class_list":["post-480399","post","type-post","status-publish","format-standard","has-post-thumbnail","hentry","category-actualidad"],"aioseo_notices":[],"aioseo_head":"\n\t\t<!-- All in One SEO Pro 5.0.1 - aioseo.com -->\n\t<meta name=\"description\" content=\"La Habana, 29 ene (EFE).- Costa Rica asumi\u00f3 hoy en La Habana la presidencia de la Comunidad de Estados Latinoamericanos y Caribe\u00f1os (Celac) en una concurrida cumbre con la que Cuba se ha anotado un \u00e9xito diplom\u00e1tico y en la que Chile y Per\u00fa certificaron el fin de sus diferencias fronterizas. La Cumbre de La\" \/>\n\t<meta name=\"robots\" content=\"max-image-preview:large\" \/>\n\t<meta name=\"author\" content=\"El Digital de Asturias\"\/>\n\t<meta name=\"google-site-verification\" content=\"UA-38556648-1\" \/>\n\t<meta name=\"msvalidate.01\" content=\"7dfe9f3f1b24437ab69f4f2559babe99\" \/>\n\t<meta name=\"keywords\" content=\"actualidad\" \/>\n\t<link rel=\"canonical\" href=\"https:\/\/www.eldigitaldeasturias.com\/noticias\/cuba-pasa-el-testigo-a-costa-rica-y-se-anota-un-exito-diplomatico-con-su-cumbre\/\" \/>\n\t<meta name=\"generator\" content=\"All in One SEO Pro (AIOSEO) 5.0.1\" \/>\n\t\t<meta property=\"og:locale\" content=\"es_ES\" \/>\n\t\t<meta property=\"og:site_name\" content=\"El Digital de Asturias\" \/>\n\t\t<meta property=\"og:type\" content=\"article\" \/>\n\t\t<meta property=\"og:title\" content=\"Cuba pasa el testigo a Costa Rica y se anota un \u00e9xito diplom\u00e1tico con su cumbre - El Digital de Asturias\" \/>\n\t\t<meta property=\"og:description\" content=\"La Habana, 29 ene (EFE).- Costa Rica asumi\u00f3 hoy en La Habana la presidencia de la Comunidad de Estados Latinoamericanos y Caribe\u00f1os (Celac) en una concurrida cumbre con la que Cuba se ha anotado un \u00e9xito diplom\u00e1tico y en la que Chile y Per\u00fa certificaron el fin de sus diferencias fronterizas. La Cumbre de La\" \/>\n\t\t<meta property=\"og:url\" content=\"https:\/\/www.eldigitaldeasturias.com\/noticias\/cuba-pasa-el-testigo-a-costa-rica-y-se-anota-un-exito-diplomatico-con-su-cumbre\/\" \/>\n\t\t<meta property=\"og:image\" content=\"https:\/\/www.eldigitaldeasturias.com\/noticias\/wp-content\/uploads\/2026\/06\/Contenidos.jpg\" \/>\n\t\t<meta property=\"og:image:secure_url\" content=\"https:\/\/www.eldigitaldeasturias.com\/noticias\/wp-content\/uploads\/2026\/06\/Contenidos.jpg\" \/>\n\t\t<meta property=\"og:image:width\" content=\"1265\" \/>\n\t\t<meta property=\"og:image:height\" content=\"697\" \/>\n\t\t<meta property=\"article:tag\" content=\"actualidad\" \/>\n\t\t<meta property=\"article:published_time\" content=\"2014-01-30T09:56:55+00:00\" \/>\n\t\t<meta property=\"article:modified_time\" content=\"2014-01-30T09:56:55+00:00\" \/>\n\t\t<meta property=\"article:publisher\" content=\"https:\/\/facebook.com\/eldigitaldeasturias\" \/>\n\t\t<meta name=\"twitter:card\" content=\"summary_large_image\" \/>\n\t\t<meta name=\"twitter:title\" content=\"Cuba pasa el testigo a Costa Rica y se anota un \u00e9xito diplom\u00e1tico con su cumbre - El Digital de Asturias\" \/>\n\t\t<meta name=\"twitter:description\" content=\"La Habana, 29 ene (EFE).- Costa Rica asumi\u00f3 hoy en La Habana la presidencia de la Comunidad de Estados Latinoamericanos y Caribe\u00f1os (Celac) en una concurrida cumbre con la que Cuba se ha anotado un \u00e9xito diplom\u00e1tico y en la que Chile y Per\u00fa certificaron el fin de sus diferencias fronterizas. La Cumbre de La\" \/>\n\t\t<meta name=\"twitter:image\" content=\"https:\/\/www.eldigitaldeasturias.com\/noticias\/wp-content\/uploads\/2026\/06\/Contenidos.jpg\" \/>\n\t\t<meta name=\"twitter:label1\" content=\"Escrito por\" \/>\n\t\t<meta name=\"twitter:data1\" content=\"El Digital de Asturias\" \/>\n\t\t<meta name=\"twitter:label2\" content=\"Tiempo de lectura estimado\" \/>\n\t\t<meta name=\"twitter:data2\" content=\"5 minutos\" \/>\n\t\t<script type=\"application\/ld+json\" class=\"aioseo-schema\">\n\t\t\t{\"@context\":\"https:\\\/\\\/schema.org\",\"@graph\":[{\"@type\":\"BlogPosting\",\"@id\":\"https:\\\/\\\/www.eldigitaldeasturias.com\\\/noticias\\\/cuba-pasa-el-testigo-a-costa-rica-y-se-anota-un-exito-diplomatico-con-su-cumbre\\\/#blogposting\",\"name\":\"Cuba pasa el testigo a Costa Rica y se anota un \\u00e9xito diplom\\u00e1tico con su cumbre - El Digital de Asturias\",\"headline\":\"Cuba pasa el testigo a Costa Rica y se anota un \\u00e9xito diplom\\u00e1tico con su cumbre\",\"author\":{\"@id\":\"https:\\\/\\\/www.eldigitaldeasturias.com\\\/noticias\\\/author\\\/admin\\\/#author\"},\"publisher\":{\"@id\":\"https:\\\/\\\/www.eldigitaldeasturias.com\\\/noticias\\\/#organization\"},\"image\":{\"@type\":\"ImageObject\",\"url\":\"https:\\\/\\\/www.eldigitaldeasturias.com\\\/noticias\\\/wp-content\\\/uploads\\\/2026\\\/06\\\/Contenidos.jpg\",\"width\":1265,\"height\":697,\"caption\":\"Contenidos\"},\"datePublished\":\"2014-01-30T08:56:55+01:00\",\"dateModified\":\"2014-01-30T08:56:55+01:00\",\"inLanguage\":\"es-ES\",\"mainEntityOfPage\":{\"@id\":\"https:\\\/\\\/www.eldigitaldeasturias.com\\\/noticias\\\/cuba-pasa-el-testigo-a-costa-rica-y-se-anota-un-exito-diplomatico-con-su-cumbre\\\/#webpage\"},\"isPartOf\":{\"@id\":\"https:\\\/\\\/www.eldigitaldeasturias.com\\\/noticias\\\/cuba-pasa-el-testigo-a-costa-rica-y-se-anota-un-exito-diplomatico-con-su-cumbre\\\/#webpage\"},\"articleSection\":\"Actualidad\"},{\"@type\":\"BreadcrumbList\",\"@id\":\"https:\\\/\\\/www.eldigitaldeasturias.com\\\/noticias\\\/cuba-pasa-el-testigo-a-costa-rica-y-se-anota-un-exito-diplomatico-con-su-cumbre\\\/#breadcrumblist\",\"itemListElement\":[{\"@type\":\"ListItem\",\"@id\":\"https:\\\/\\\/www.eldigitaldeasturias.com\\\/noticias#listItem\",\"position\":1,\"name\":\"Home\",\"item\":\"https:\\\/\\\/www.eldigitaldeasturias.com\\\/noticias\",\"nextItem\":{\"@type\":\"ListItem\",\"@id\":\"https:\\\/\\\/www.eldigitaldeasturias.com\\\/noticias\\\/category\\\/actualidad\\\/#listItem\",\"name\":\"Actualidad\"}},{\"@type\":\"ListItem\",\"@id\":\"https:\\\/\\\/www.eldigitaldeasturias.com\\\/noticias\\\/category\\\/actualidad\\\/#listItem\",\"position\":2,\"name\":\"Actualidad\",\"item\":\"https:\\\/\\\/www.eldigitaldeasturias.com\\\/noticias\\\/category\\\/actualidad\\\/\",\"nextItem\":{\"@type\":\"ListItem\",\"@id\":\"https:\\\/\\\/www.eldigitaldeasturias.com\\\/noticias\\\/cuba-pasa-el-testigo-a-costa-rica-y-se-anota-un-exito-diplomatico-con-su-cumbre\\\/#listItem\",\"name\":\"Cuba pasa el testigo a Costa Rica y se anota un \\u00e9xito diplom\\u00e1tico con su cumbre\"},\"previousItem\":{\"@type\":\"ListItem\",\"@id\":\"https:\\\/\\\/www.eldigitaldeasturias.com\\\/noticias#listItem\",\"name\":\"Home\"}},{\"@type\":\"ListItem\",\"@id\":\"https:\\\/\\\/www.eldigitaldeasturias.com\\\/noticias\\\/cuba-pasa-el-testigo-a-costa-rica-y-se-anota-un-exito-diplomatico-con-su-cumbre\\\/#listItem\",\"position\":3,\"name\":\"Cuba pasa el testigo a Costa Rica y se anota un \\u00e9xito diplom\\u00e1tico con su cumbre\",\"previousItem\":{\"@type\":\"ListItem\",\"@id\":\"https:\\\/\\\/www.eldigitaldeasturias.com\\\/noticias\\\/category\\\/actualidad\\\/#listItem\",\"name\":\"Actualidad\"}}]},{\"@type\":\"Organization\",\"@id\":\"https:\\\/\\\/www.eldigitaldeasturias.com\\\/noticias\\\/#organization\",\"name\":\"El Digital de Asturias\",\"description\":\"Hemeroteca\",\"url\":\"https:\\\/\\\/www.eldigitaldeasturias.com\\\/noticias\\\/\",\"email\":\"info@eldigitaldeasturias.com\",\"telephone\":\"+34652131393\",\"logo\":{\"@type\":\"ImageObject\",\"url\":\"https:\\\/\\\/www.eldigitaldeasturias.com\\\/noticias\\\/wp-content\\\/uploads\\\/2020\\\/12\\\/EDA.jpg\",\"@id\":\"https:\\\/\\\/www.eldigitaldeasturias.com\\\/noticias\\\/cuba-pasa-el-testigo-a-costa-rica-y-se-anota-un-exito-diplomatico-con-su-cumbre\\\/#organizationLogo\"},\"image\":{\"@id\":\"https:\\\/\\\/www.eldigitaldeasturias.com\\\/noticias\\\/cuba-pasa-el-testigo-a-costa-rica-y-se-anota-un-exito-diplomatico-con-su-cumbre\\\/#organizationLogo\"},\"sameAs\":[\"https:\\\/\\\/facebook.com\\\/eldigitaldeasturias\",\"https:\\\/\\\/www.youtube.com\\\/channel\\\/UCZP-2wLEB9Rv6erhFmqVnvg\"],\"address\":{\"@id\":\"https:\\\/\\\/www.eldigitaldeasturias.com\\\/noticias\\\/#postaladdress\",\"@type\":\"PostalAddress\",\"streetAddress\":\"san antonio 4\",\"postalCode\":\"33430\",\"addressLocality\":\"Cand\\u00e1s\",\"addressRegion\":\"Asturias\",\"addressCountry\":\"ES\"}},{\"@type\":\"Person\",\"@id\":\"https:\\\/\\\/www.eldigitaldeasturias.com\\\/noticias\\\/author\\\/admin\\\/#author\",\"url\":\"https:\\\/\\\/www.eldigitaldeasturias.com\\\/noticias\\\/author\\\/admin\\\/\",\"name\":\"El Digital de Asturias\",\"image\":{\"@type\":\"ImageObject\",\"@id\":\"https:\\\/\\\/www.eldigitaldeasturias.com\\\/noticias\\\/cuba-pasa-el-testigo-a-costa-rica-y-se-anota-un-exito-diplomatico-con-su-cumbre\\\/#authorImage\",\"url\":\"https:\\\/\\\/secure.gravatar.com\\\/avatar\\\/df2aeffc32bcd13f8d26072ef8a91b623d677766deac7f97ca815868cd41bf5e?s=96&d=mm&r=g\",\"width\":96,\"height\":96,\"caption\":\"El Digital de Asturias\"}},{\"@type\":\"WebPage\",\"@id\":\"https:\\\/\\\/www.eldigitaldeasturias.com\\\/noticias\\\/cuba-pasa-el-testigo-a-costa-rica-y-se-anota-un-exito-diplomatico-con-su-cumbre\\\/#webpage\",\"url\":\"https:\\\/\\\/www.eldigitaldeasturias.com\\\/noticias\\\/cuba-pasa-el-testigo-a-costa-rica-y-se-anota-un-exito-diplomatico-con-su-cumbre\\\/\",\"name\":\"Cuba pasa el testigo a Costa Rica y se anota un \\u00e9xito diplom\\u00e1tico con su cumbre - El Digital de Asturias\",\"description\":\"La Habana, 29 ene (EFE).- Costa Rica asumi\\u00f3 hoy en La Habana la presidencia de la Comunidad de Estados Latinoamericanos y Caribe\\u00f1os (Celac) en una concurrida cumbre con la que Cuba se ha anotado un \\u00e9xito diplom\\u00e1tico y en la que Chile y Per\\u00fa certificaron el fin de sus diferencias fronterizas. La Cumbre de La\",\"inLanguage\":\"es-ES\",\"isPartOf\":{\"@id\":\"https:\\\/\\\/www.eldigitaldeasturias.com\\\/noticias\\\/#website\"},\"breadcrumb\":{\"@id\":\"https:\\\/\\\/www.eldigitaldeasturias.com\\\/noticias\\\/cuba-pasa-el-testigo-a-costa-rica-y-se-anota-un-exito-diplomatico-con-su-cumbre\\\/#breadcrumblist\"},\"author\":{\"@id\":\"https:\\\/\\\/www.eldigitaldeasturias.com\\\/noticias\\\/author\\\/admin\\\/#author\"},\"creator\":{\"@id\":\"https:\\\/\\\/www.eldigitaldeasturias.com\\\/noticias\\\/author\\\/admin\\\/#author\"},\"image\":{\"@type\":\"ImageObject\",\"url\":\"https:\\\/\\\/www.eldigitaldeasturias.com\\\/noticias\\\/wp-content\\\/uploads\\\/2026\\\/06\\\/Contenidos.jpg\",\"@id\":\"https:\\\/\\\/www.eldigitaldeasturias.com\\\/noticias\\\/cuba-pasa-el-testigo-a-costa-rica-y-se-anota-un-exito-diplomatico-con-su-cumbre\\\/#mainImage\",\"width\":1265,\"height\":697,\"caption\":\"Contenidos\"},\"primaryImageOfPage\":{\"@id\":\"https:\\\/\\\/www.eldigitaldeasturias.com\\\/noticias\\\/cuba-pasa-el-testigo-a-costa-rica-y-se-anota-un-exito-diplomatico-con-su-cumbre\\\/#mainImage\"},\"datePublished\":\"2014-01-30T08:56:55+01:00\",\"dateModified\":\"2014-01-30T08:56:55+01:00\"},{\"@type\":\"WebSite\",\"@id\":\"https:\\\/\\\/www.eldigitaldeasturias.com\\\/noticias\\\/#website\",\"url\":\"https:\\\/\\\/www.eldigitaldeasturias.com\\\/noticias\\\/\",\"name\":\"El Digital de Asturias - Diario de actualidad y noticias\",\"alternateName\":\"El Digital de Asturias - Diario de actualidad y noticias\",\"description\":\"Hemeroteca\",\"inLanguage\":\"es-ES\",\"publisher\":{\"@id\":\"https:\\\/\\\/www.eldigitaldeasturias.com\\\/noticias\\\/#organization\"}}]}\n\t\t<\/script>\n\t\t<!-- All in One SEO Pro -->\r\n\t\t<title>Cuba pasa el testigo a Costa Rica y se anota un \u00e9xito diplom\u00e1tico con su cumbre - El Digital de Asturias<\/title>\n\n","aioseo_head_json":{"title":"Cuba pasa el testigo a Costa Rica y se anota un \u00e9xito diplom\u00e1tico con su cumbre - El Digital de Asturias","description":"La Habana, 29 ene (EFE).- Costa Rica asumi\u00f3 hoy en La Habana la presidencia de la Comunidad de Estados Latinoamericanos y Caribe\u00f1os (Celac) en una concurrida cumbre con la que Cuba se ha anotado un \u00e9xito diplom\u00e1tico y en la que Chile y Per\u00fa certificaron el fin de sus diferencias fronterizas. La Cumbre de La","canonical_url":"https:\/\/www.eldigitaldeasturias.com\/noticias\/cuba-pasa-el-testigo-a-costa-rica-y-se-anota-un-exito-diplomatico-con-su-cumbre\/","robots":"max-image-preview:large","keywords":"actualidad","webmasterTools":{"google-site-verification":"UA-38556648-1","msvalidate.01":"7dfe9f3f1b24437ab69f4f2559babe99","miscellaneous":""},"schema":{"@context":"https:\/\/schema.org","@graph":[{"@type":"BlogPosting","@id":"https:\/\/www.eldigitaldeasturias.com\/noticias\/cuba-pasa-el-testigo-a-costa-rica-y-se-anota-un-exito-diplomatico-con-su-cumbre\/#blogposting","name":"Cuba pasa el testigo a Costa Rica y se anota un \u00e9xito diplom\u00e1tico con su cumbre - El Digital de Asturias","headline":"Cuba pasa el testigo a Costa Rica y se anota un \u00e9xito diplom\u00e1tico con su cumbre","author":{"@id":"https:\/\/www.eldigitaldeasturias.com\/noticias\/author\/admin\/#author"},"publisher":{"@id":"https:\/\/www.eldigitaldeasturias.com\/noticias\/#organization"},"image":{"@type":"ImageObject","url":"https:\/\/www.eldigitaldeasturias.com\/noticias\/wp-content\/uploads\/2026\/06\/Contenidos.jpg","width":1265,"height":697,"caption":"Contenidos"},"datePublished":"2014-01-30T08:56:55+01:00","dateModified":"2014-01-30T08:56:55+01:00","inLanguage":"es-ES","mainEntityOfPage":{"@id":"https:\/\/www.eldigitaldeasturias.com\/noticias\/cuba-pasa-el-testigo-a-costa-rica-y-se-anota-un-exito-diplomatico-con-su-cumbre\/#webpage"},"isPartOf":{"@id":"https:\/\/www.eldigitaldeasturias.com\/noticias\/cuba-pasa-el-testigo-a-costa-rica-y-se-anota-un-exito-diplomatico-con-su-cumbre\/#webpage"},"articleSection":"Actualidad"},{"@type":"BreadcrumbList","@id":"https:\/\/www.eldigitaldeasturias.com\/noticias\/cuba-pasa-el-testigo-a-costa-rica-y-se-anota-un-exito-diplomatico-con-su-cumbre\/#breadcrumblist","itemListElement":[{"@type":"ListItem","@id":"https:\/\/www.eldigitaldeasturias.com\/noticias#listItem","position":1,"name":"Home","item":"https:\/\/www.eldigitaldeasturias.com\/noticias","nextItem":{"@type":"ListItem","@id":"https:\/\/www.eldigitaldeasturias.com\/noticias\/category\/actualidad\/#listItem","name":"Actualidad"}},{"@type":"ListItem","@id":"https:\/\/www.eldigitaldeasturias.com\/noticias\/category\/actualidad\/#listItem","position":2,"name":"Actualidad","item":"https:\/\/www.eldigitaldeasturias.com\/noticias\/category\/actualidad\/","nextItem":{"@type":"ListItem","@id":"https:\/\/www.eldigitaldeasturias.com\/noticias\/cuba-pasa-el-testigo-a-costa-rica-y-se-anota-un-exito-diplomatico-con-su-cumbre\/#listItem","name":"Cuba pasa el testigo a Costa Rica y se anota un \u00e9xito diplom\u00e1tico con su cumbre"},"previousItem":{"@type":"ListItem","@id":"https:\/\/www.eldigitaldeasturias.com\/noticias#listItem","name":"Home"}},{"@type":"ListItem","@id":"https:\/\/www.eldigitaldeasturias.com\/noticias\/cuba-pasa-el-testigo-a-costa-rica-y-se-anota-un-exito-diplomatico-con-su-cumbre\/#listItem","position":3,"name":"Cuba pasa el testigo a Costa Rica y se anota un \u00e9xito diplom\u00e1tico con su cumbre","previousItem":{"@type":"ListItem","@id":"https:\/\/www.eldigitaldeasturias.com\/noticias\/category\/actualidad\/#listItem","name":"Actualidad"}}]},{"@type":"Organization","@id":"https:\/\/www.eldigitaldeasturias.com\/noticias\/#organization","name":"El Digital de Asturias","description":"Hemeroteca","url":"https:\/\/www.eldigitaldeasturias.com\/noticias\/","email":"info@eldigitaldeasturias.com","telephone":"+34652131393","logo":{"@type":"ImageObject","url":"https:\/\/www.eldigitaldeasturias.com\/noticias\/wp-content\/uploads\/2020\/12\/EDA.jpg","@id":"https:\/\/www.eldigitaldeasturias.com\/noticias\/cuba-pasa-el-testigo-a-costa-rica-y-se-anota-un-exito-diplomatico-con-su-cumbre\/#organizationLogo"},"image":{"@id":"https:\/\/www.eldigitaldeasturias.com\/noticias\/cuba-pasa-el-testigo-a-costa-rica-y-se-anota-un-exito-diplomatico-con-su-cumbre\/#organizationLogo"},"sameAs":["https:\/\/facebook.com\/eldigitaldeasturias","https:\/\/www.youtube.com\/channel\/UCZP-2wLEB9Rv6erhFmqVnvg"],"address":{"@id":"https:\/\/www.eldigitaldeasturias.com\/noticias\/#postaladdress","@type":"PostalAddress","streetAddress":"san antonio 4","postalCode":"33430","addressLocality":"Cand\u00e1s","addressRegion":"Asturias","addressCountry":"ES"}},{"@type":"Person","@id":"https:\/\/www.eldigitaldeasturias.com\/noticias\/author\/admin\/#author","url":"https:\/\/www.eldigitaldeasturias.com\/noticias\/author\/admin\/","name":"El Digital de Asturias","image":{"@type":"ImageObject","@id":"https:\/\/www.eldigitaldeasturias.com\/noticias\/cuba-pasa-el-testigo-a-costa-rica-y-se-anota-un-exito-diplomatico-con-su-cumbre\/#authorImage","url":"https:\/\/secure.gravatar.com\/avatar\/df2aeffc32bcd13f8d26072ef8a91b623d677766deac7f97ca815868cd41bf5e?s=96&d=mm&r=g","width":96,"height":96,"caption":"El Digital de Asturias"}},{"@type":"WebPage","@id":"https:\/\/www.eldigitaldeasturias.com\/noticias\/cuba-pasa-el-testigo-a-costa-rica-y-se-anota-un-exito-diplomatico-con-su-cumbre\/#webpage","url":"https:\/\/www.eldigitaldeasturias.com\/noticias\/cuba-pasa-el-testigo-a-costa-rica-y-se-anota-un-exito-diplomatico-con-su-cumbre\/","name":"Cuba pasa el testigo a Costa Rica y se anota un \u00e9xito diplom\u00e1tico con su cumbre - El Digital de Asturias","description":"La Habana, 29 ene (EFE).- Costa Rica asumi\u00f3 hoy en La Habana la presidencia de la Comunidad de Estados Latinoamericanos y Caribe\u00f1os (Celac) en una concurrida cumbre con la que Cuba se ha anotado un \u00e9xito diplom\u00e1tico y en la que Chile y Per\u00fa certificaron el fin de sus diferencias fronterizas. La Cumbre de La","inLanguage":"es-ES","isPartOf":{"@id":"https:\/\/www.eldigitaldeasturias.com\/noticias\/#website"},"breadcrumb":{"@id":"https:\/\/www.eldigitaldeasturias.com\/noticias\/cuba-pasa-el-testigo-a-costa-rica-y-se-anota-un-exito-diplomatico-con-su-cumbre\/#breadcrumblist"},"author":{"@id":"https:\/\/www.eldigitaldeasturias.com\/noticias\/author\/admin\/#author"},"creator":{"@id":"https:\/\/www.eldigitaldeasturias.com\/noticias\/author\/admin\/#author"},"image":{"@type":"ImageObject","url":"https:\/\/www.eldigitaldeasturias.com\/noticias\/wp-content\/uploads\/2026\/06\/Contenidos.jpg","@id":"https:\/\/www.eldigitaldeasturias.com\/noticias\/cuba-pasa-el-testigo-a-costa-rica-y-se-anota-un-exito-diplomatico-con-su-cumbre\/#mainImage","width":1265,"height":697,"caption":"Contenidos"},"primaryImageOfPage":{"@id":"https:\/\/www.eldigitaldeasturias.com\/noticias\/cuba-pasa-el-testigo-a-costa-rica-y-se-anota-un-exito-diplomatico-con-su-cumbre\/#mainImage"},"datePublished":"2014-01-30T08:56:55+01:00","dateModified":"2014-01-30T08:56:55+01:00"},{"@type":"WebSite","@id":"https:\/\/www.eldigitaldeasturias.com\/noticias\/#website","url":"https:\/\/www.eldigitaldeasturias.com\/noticias\/","name":"El Digital de Asturias - Diario de actualidad y noticias","alternateName":"El Digital de Asturias - Diario de actualidad y noticias","description":"Hemeroteca","inLanguage":"es-ES","publisher":{"@id":"https:\/\/www.eldigitaldeasturias.com\/noticias\/#organization"}}]},"og:locale":"es_ES","og:site_name":"El Digital de Asturias","og:type":"article","og:title":"Cuba pasa el testigo a Costa Rica y se anota un \u00e9xito diplom\u00e1tico con su cumbre - El Digital de Asturias","og:description":"La Habana, 29 ene (EFE).- Costa Rica asumi\u00f3 hoy en La Habana la presidencia de la Comunidad de Estados Latinoamericanos y Caribe\u00f1os (Celac) en una concurrida cumbre con la que Cuba se ha anotado un \u00e9xito diplom\u00e1tico y en la que Chile y Per\u00fa certificaron el fin de sus diferencias fronterizas. La Cumbre de La","og:url":"https:\/\/www.eldigitaldeasturias.com\/noticias\/cuba-pasa-el-testigo-a-costa-rica-y-se-anota-un-exito-diplomatico-con-su-cumbre\/","og:image":"https:\/\/www.eldigitaldeasturias.com\/noticias\/wp-content\/uploads\/2026\/06\/Contenidos.jpg","og:image:secure_url":"https:\/\/www.eldigitaldeasturias.com\/noticias\/wp-content\/uploads\/2026\/06\/Contenidos.jpg","og:image:width":1265,"og:image:height":697,"article:tag":["actualidad"],"article:published_time":"2014-01-30T09:56:55+00:00","article:modified_time":"2014-01-30T09:56:55+00:00","article:publisher":"https:\/\/facebook.com\/eldigitaldeasturias","twitter:card":"summary_large_image","twitter:title":"Cuba pasa el testigo a Costa Rica y se anota un \u00e9xito diplom\u00e1tico con su cumbre - El Digital de Asturias","twitter:description":"La Habana, 29 ene (EFE).- Costa Rica asumi\u00f3 hoy en La Habana la presidencia de la Comunidad de Estados Latinoamericanos y Caribe\u00f1os (Celac) en una concurrida cumbre con la que Cuba se ha anotado un \u00e9xito diplom\u00e1tico y en la que Chile y Per\u00fa certificaron el fin de sus diferencias fronterizas. La Cumbre de La","twitter:image":"https:\/\/www.eldigitaldeasturias.com\/noticias\/wp-content\/uploads\/2026\/06\/Contenidos.jpg","twitter:label1":"Escrito por","twitter:data1":"El Digital de Asturias","twitter:label2":"Tiempo de lectura estimado","twitter:data2":"5 minutos"},"aioseo_meta_data":{"post_id":"480399","title":null,"description":null,"keywords":null,"keyphrases":null,"primary_term":null,"canonical_url":null,"og_title":null,"og_description":null,"og_object_type":"default","og_image_type":"default","og_image_url":null,"og_image_width":null,"og_image_height":null,"og_image_custom_url":null,"og_image_custom_fields":null,"og_video":null,"og_custom_url":null,"og_article_section":null,"og_article_tags":null,"twitter_use_og":true,"twitter_card":"default","twitter_image_type":"default","twitter_image_url":null,"twitter_image_custom_url":null,"twitter_image_custom_fields":null,"twitter_title":null,"twitter_description":null,"schema":{"blockGraphs":[],"customGraphs":[],"default":{"data":{"Article":[],"Course":[],"Dataset":[],"FAQPage":[],"Movie":[],"Person":[],"Product":[],"ProductReview":[],"Car":[],"Recipe":[],"Service":[],"SoftwareApplication":[],"WebPage":[]},"graphName":"","isEnabled":true},"graphs":[]},"schema_type":null,"schema_type_options":null,"pillar_content":false,"robots_default":true,"robots_noindex":false,"robots_noarchive":false,"robots_nosnippet":false,"robots_nofollow":false,"robots_noimageindex":false,"robots_noodp":false,"robots_notranslate":false,"robots_max_snippet":null,"robots_max_videopreview":null,"robots_max_imagepreview":"none","priority":null,"frequency":null,"local_seo":null,"seo_analyzer_scan_date":"2026-06-02 03:36:02","breadcrumb_settings":null,"limit_modified_date":false,"open_ai":null,"ai":null,"created":"2020-11-14 22:54:10","updated":"2026-06-02 03:36:02","focus_keyword":null,"additional_keywords":null,"truseo_locale":null},"aioseo_breadcrumb":"<div class=\"aioseo-breadcrumbs\"><span class=\"aioseo-breadcrumb\">\n\t<a href=\"https:\/\/www.eldigitaldeasturias.com\/noticias\" title=\"Home\">Home<\/a>\n<\/span><span class=\"aioseo-breadcrumb-separator\">\u2013<\/span><span class=\"aioseo-breadcrumb\">\n\t<a href=\"https:\/\/www.eldigitaldeasturias.com\/noticias\/category\/actualidad\/\" title=\"Actualidad\">Actualidad<\/a>\n<\/span><span class=\"aioseo-breadcrumb-separator\">\u2013<\/span><span class=\"aioseo-breadcrumb\">\n\t<a href=\"https:\/\/www.eldigitaldeasturias.com\/noticias\/cuba-pasa-el-testigo-a-costa-rica-y-se-anota-un-exito-diplomatico-con-su-cumbre\/\" title=\"Cuba pasa el testigo a Costa Rica y se anota un \u00e9xito diplom\u00e1tico con su cumbre\">Cuba pasa el testigo a Costa Rica y se anota un \u00e9xito diplom\u00e1tico con su cumbre<\/a>\n<\/span><\/div>","aioseo_breadcrumb_json":[{"label":"Home","link":"https:\/\/www.eldigitaldeasturias.com\/noticias"},{"label":"Actualidad","link":"https:\/\/www.eldigitaldeasturias.com\/noticias\/category\/actualidad\/"},{"label":"Cuba pasa el testigo a Costa Rica y se anota un \u00e9xito diplom\u00e1tico con su cumbre","link":"https:\/\/www.eldigitaldeasturias.com\/noticias\/cuba-pasa-el-testigo-a-costa-rica-y-se-anota-un-exito-diplomatico-con-su-cumbre\/"}],"_links":{"self":[{"href":"https:\/\/www.eldigitaldeasturias.com\/noticias\/wp-json\/wp\/v2\/posts\/480399","targetHints":{"allow":["GET"]}}],"collection":[{"href":"https:\/\/www.eldigitaldeasturias.com\/noticias\/wp-json\/wp\/v2\/posts"}],"about":[{"href":"https:\/\/www.eldigitaldeasturias.com\/noticias\/wp-json\/wp\/v2\/types\/post"}],"author":[{"embeddable":true,"href":"https:\/\/www.eldigitaldeasturias.com\/noticias\/wp-json\/wp\/v2\/users\/1"}],"replies":[{"embeddable":true,"href":"https:\/\/www.eldigitaldeasturias.com\/noticias\/wp-json\/wp\/v2\/comments?post=480399"}],"version-history":[{"count":0,"href":"https:\/\/www.eldigitaldeasturias.com\/noticias\/wp-json\/wp\/v2\/posts\/480399\/revisions"}],"wp:featuredmedia":[{"embeddable":true,"href":"https:\/\/www.eldigitaldeasturias.com\/noticias\/wp-json\/wp\/v2\/media\/1132184"}],"wp:attachment":[{"href":"https:\/\/www.eldigitaldeasturias.com\/noticias\/wp-json\/wp\/v2\/media?parent=480399"}],"wp:term":[{"taxonomy":"category","embeddable":true,"href":"https:\/\/www.eldigitaldeasturias.com\/noticias\/wp-json\/wp\/v2\/categories?post=480399"},{"taxonomy":"post_tag","embeddable":true,"href":"https:\/\/www.eldigitaldeasturias.com\/noticias\/wp-json\/wp\/v2\/tags?post=480399"}],"curies":[{"name":"wp","href":"https:\/\/api.w.org\/{rel}","templated":true}]}}