{"id":480337,"date":"2014-01-30T00:51:20","date_gmt":"2014-01-30T01:51:20","guid":{"rendered":"http:\/\/www.eldigitaldeasturias.com\/noticias\/?p=480337"},"modified":"2014-01-30T00:51:20","modified_gmt":"2014-01-30T01:51:20","slug":"la-fractura-del-pp-amenaza-a-rajoy","status":"publish","type":"post","link":"https:\/\/www.eldigitaldeasturias.com\/noticias\/la-fractura-del-pp-amenaza-a-rajoy\/","title":{"rendered":"La fractura del PP amenaza a Rajoy"},"content":{"rendered":"<p><img loading=\"lazy\" decoding=\"async\" class=\"alignleft size-medium wp-image-439691\" alt=\"rajoy\" src=\"https:\/\/www.eldigitaldeasturias.com\/noticias\/wp-content\/uploads\/2013\/10\/rajoy-360x240.jpg\" width=\"360\" height=\"240\" \/>Madrid, 29 ene (dpa) &#8211; El presidente del gobierno espa\u00f1ol, Mariano Rajoy, se enfrenta a uno de los mayores retos internos desde que est\u00e1 al frente del Partido Popular (PP): evitar que se consume la fractura que se ha abierto en la formaci\u00f3n espa\u00f1ola y que protagoniza su ala m\u00e1s conservadora.<\/p>\n<p>Las cr\u00edticas de tibieza frente al desaf\u00edo independentista en Catalu\u00f1a y a una ETA derrotada que ya no mata pero conserva armas y estructura se transformaron en los \u00faltimos d\u00edas en deserciones.<\/p>\n<p>Y todo ello abre la inc\u00f3gnita de una posible escisi\u00f3n en un partido que integra desde un sector de la extrema derecha hasta un sector centrista, liberal en lo econ\u00f3mico y progresista en determinadas cuestiones sociales.<\/p>\n<p>En las \u00faltimas semanas, miembros del PP lo abandonaron para irse a una nueva formaci\u00f3n, Vox, impulsada por Jos\u00e9 Antonio Ortega Lara, v\u00edctima del secuestro m\u00e1s largo en la historia de ETA.<\/p>\n<p>Uno de ellos es el vicepresidente del Parlamento Europeo Alejo Vidal-Cuadras, que hizo el anuncio esta semana. Justo el d\u00eda en el que el vasco Jaime Mayor Oreja, ministro del Interior con Jos\u00e9 Mar\u00eda Aznar y una de las figuras emblem\u00e1ticas de la lucha contra ETA, anunciaba p\u00fablicamente su renuncia a volver a encabezar la lista electoral del PP en los comicios europeos de mayo.<\/p>\n<p>Su decisi\u00f3n \u00abha dejado al descubierto en toda su rotundidad las discrepancias que existen entre una facci\u00f3n del partido en la que militan hist\u00f3ricos &#8216;pata negra&#8217; y el nuevo PP, plegado a la pol\u00edtica &#8216;sin garra\u00bb que le achacan los cr\u00edticos, escrib\u00eda hoy el diario \u00abEl Mundo\u00bb.<\/p>\n<p>El propio Aznar, presidente de honor del PP, confirmaba la fractura al anunciar el martes que no acudir\u00e1 a la Convenci\u00f3n Nacional del partido este fin de semana en Valladolid, donde estaba prevista su intervenci\u00f3n en la apertura.<\/p>\n<p>Un plant\u00f3n a Rajoy, el delf\u00edn que eligi\u00f3 como sucesor pero del que desde muy pronto se apart\u00f3 con sus cr\u00edticas, primero cuando era jefe de la oposici\u00f3n y luego ya siendo jefe del Ejecutivo.<\/p>\n<p>La secretaria general del PP, Mar\u00eda Dolores de Cospedal, trat\u00f3 hoy de minimizar el asunto reduci\u00e9ndolo a \u00abuna cuesti\u00f3n de agenda\u00bb. Pero, a tenor del espacio dedicado al tema en digitales, radios y televisiones, no tuvo mucho \u00e9xito en su empresa. \u00abUna agenda no se puede transformar en una ruptura de partido\u00bb, defendi\u00f3 Cospedal.<\/p>\n<p>El vaso del ala m\u00e1s conservadora se llen\u00f3 en estos algo m\u00e1s de dos a\u00f1os que Rajoy lleva al frente del gobierno. Su pol\u00edtica fiscal, con la que incumpli\u00f3 el programa electoral al subir impuestos, sent\u00f3 mal. El propio Aznar lo hizo saber en varias ocasiones.<\/p>\n<p>Luego lleg\u00f3 el desaf\u00edo independentista de Catalu\u00f1a, donde el jefe del gobierno regional, Artur Mas, pretende celebrar un refer\u00e9ndum de autodeterminaci\u00f3n el 9 de noviembre. Los m\u00e1s conservadores achacan tibieza a Rajoy por ir dejando pasar el tiempo, fiel a su estilo, sin la respuesta contundente que les gustar\u00eda.<\/p>\n<p>Y a ello se suma el tema de ETA, en el que recriminan al jefe del Ejecutivo haber acatado sin m\u00e1s el fallo del Tribunal Europeo de Derechos Humanos que oblig\u00f3 a la excarcelaci\u00f3n de etarras a los que de forma retroactiva se les hab\u00edan aplicado medidas para evitar su salida de prisi\u00f3n una vez cumplida la condena.<\/p>\n<p>El acatamiento de ese fallo y de decisiones de la Justicia como la que permiti\u00f3 este mes a los excarcelados reunirse en un acto p\u00fablico en el Pa\u00eds Vasco alimentaron las cr\u00edticas.<\/p>\n<p>Y tambi\u00e9n la tensi\u00f3n con el gobierno de asociaciones de v\u00edctimas del terrorismo que no hace tantos a\u00f1os sal\u00edan a la calle con Rajoy protestando por la pol\u00edtica antiterrorista del socialista Jos\u00e9 Luis Rodr\u00edguez Zapatero y su malogrado di\u00e1logo con ETA. \u00abEste gobierno ni ha negociado ni va a negociar con ETA\u00bb, manifest\u00f3 hoy Cospedal.<\/p>\n<p>Rajoy ha intentado sin \u00e9xito ganarse con la pol\u00e9mica reforma del aborto a ese sector m\u00e1s duro.<\/p>\n<p>Un sector del que \u00e9l mismo proviene como delf\u00edn de Aznar pero del que se apart\u00f3 definitivamente en 2008. En medio del cuestionamiento de su liderazgo tras la segunda derrota electoral consecutiva frente a Zapatero, aquel a\u00f1o dio el pu\u00f1etazo en la mesa con una profunda remodelaci\u00f3n que dej\u00f3 fuera de la direcci\u00f3n a muchos aznaristas.<\/p>\n<p>La restrictiva reforma del aborto, que no llegar\u00e1 al Parlamento hasta despu\u00e9s de las elecciones europeas, ha contentado quiz\u00e1 a los m\u00e1s conservadores, pero ha provocado pol\u00e9mica y cr\u00edtica en la sociedad espa\u00f1ola, pero tambi\u00e9n en el sector centrista del propio PP.<\/p>\n<p>La grieta interna en el partido se extiende justo en el momento en el que el Ejecutivo est\u00e1 m\u00e1s confiando en la salida de Espa\u00f1a de la grave crisis econ\u00f3mica, el gran reto de Rajoy desde que lleg\u00f3 a La Moncloa en 2011 y cuya gesti\u00f3n, con duros ajustes y recortes, ha pasado al partido cara factura en las encuestas.<\/p>\n<p>Ahora habr\u00e1 que ver c\u00f3mo influye todo en el resultado del PP en las elecciones europeas de mayo. \u00abLas grietas son muy importantes y llegan en un momento dif\u00edcil para Espa\u00f1a. Rajoy tiene que hacer algo cuanto antes\u00bb, cit\u00f3 \u00abEl Pa\u00eds\u00bb a un veterano del partido.<\/p>\n<p>Por Sara Barderas<\/p>\n","protected":false},"excerpt":{"rendered":"<p>Madrid, 29 ene (dpa) &#8211; El presidente del gobierno espa\u00f1ol, Mariano Rajoy, se enfrenta a uno de los mayores retos internos desde que est\u00e1 al frente del Partido Popular (PP): evitar que se consume la fractura que se ha abierto en la formaci\u00f3n espa\u00f1ola y que protagoniza su ala m\u00e1s conservadora. Las cr\u00edticas de tibieza [&hellip;]<\/p>\n","protected":false},"author":1,"featured_media":439691,"comment_status":"closed","ping_status":"open","sticky":false,"template":"","format":"standard","meta":{"footnotes":""},"categories":[1],"tags":[],"class_list":["post-480337","post","type-post","status-publish","format-standard","has-post-thumbnail","hentry","category-actualidad"],"aioseo_notices":[],"aioseo_head":"\n\t\t<!-- All in One SEO Pro 5.0.1 - aioseo.com -->\n\t<meta name=\"description\" content=\"Madrid, 29 ene (dpa) - El presidente del gobierno espa\u00f1ol, Mariano Rajoy, se enfrenta a uno de los mayores retos internos desde que est\u00e1 al frente del Partido Popular (PP): evitar que se consume la fractura que se ha abierto en la formaci\u00f3n espa\u00f1ola y que protagoniza su ala m\u00e1s conservadora. Las cr\u00edticas de tibieza\" \/>\n\t<meta name=\"robots\" content=\"max-image-preview:large\" \/>\n\t<meta name=\"author\" content=\"El Digital de Asturias\"\/>\n\t<meta name=\"google-site-verification\" content=\"UA-38556648-1\" \/>\n\t<meta name=\"msvalidate.01\" content=\"7dfe9f3f1b24437ab69f4f2559babe99\" \/>\n\t<meta name=\"keywords\" content=\"actualidad\" \/>\n\t<link rel=\"canonical\" href=\"https:\/\/www.eldigitaldeasturias.com\/noticias\/la-fractura-del-pp-amenaza-a-rajoy\/\" \/>\n\t<meta name=\"generator\" content=\"All in One SEO Pro (AIOSEO) 5.0.1\" \/>\n\t\t<meta property=\"og:locale\" content=\"es_ES\" \/>\n\t\t<meta property=\"og:site_name\" content=\"El Digital de Asturias\" \/>\n\t\t<meta property=\"og:type\" content=\"article\" \/>\n\t\t<meta property=\"og:title\" content=\"La fractura del PP amenaza a Rajoy - El Digital de Asturias\" \/>\n\t\t<meta property=\"og:description\" content=\"Madrid, 29 ene (dpa) - El presidente del gobierno espa\u00f1ol, Mariano Rajoy, se enfrenta a uno de los mayores retos internos desde que est\u00e1 al frente del Partido Popular (PP): evitar que se consume la fractura que se ha abierto en la formaci\u00f3n espa\u00f1ola y que protagoniza su ala m\u00e1s conservadora. Las cr\u00edticas de tibieza\" \/>\n\t\t<meta property=\"og:url\" content=\"https:\/\/www.eldigitaldeasturias.com\/noticias\/la-fractura-del-pp-amenaza-a-rajoy\/\" \/>\n\t\t<meta property=\"article:tag\" content=\"actualidad\" \/>\n\t\t<meta property=\"article:published_time\" content=\"2014-01-30T01:51:20+00:00\" \/>\n\t\t<meta property=\"article:modified_time\" content=\"2014-01-30T01:51:20+00:00\" \/>\n\t\t<meta property=\"article:publisher\" content=\"https:\/\/facebook.com\/eldigitaldeasturias\" \/>\n\t\t<meta name=\"twitter:card\" content=\"summary_large_image\" \/>\n\t\t<meta name=\"twitter:title\" content=\"La fractura del PP amenaza a Rajoy - El Digital de Asturias\" \/>\n\t\t<meta name=\"twitter:description\" content=\"Madrid, 29 ene (dpa) - El presidente del gobierno espa\u00f1ol, Mariano Rajoy, se enfrenta a uno de los mayores retos internos desde que est\u00e1 al frente del Partido Popular (PP): evitar que se consume la fractura que se ha abierto en la formaci\u00f3n espa\u00f1ola y que protagoniza su ala m\u00e1s conservadora. Las cr\u00edticas de tibieza\" \/>\n\t\t<meta name=\"twitter:label1\" content=\"Escrito por\" \/>\n\t\t<meta name=\"twitter:data1\" content=\"El Digital de Asturias\" \/>\n\t\t<meta name=\"twitter:label2\" content=\"Tiempo de lectura estimado\" \/>\n\t\t<meta name=\"twitter:data2\" content=\"5 minutos\" \/>\n\t\t<script type=\"application\/ld+json\" class=\"aioseo-schema\">\n\t\t\t{\"@context\":\"https:\\\/\\\/schema.org\",\"@graph\":[{\"@type\":\"BlogPosting\",\"@id\":\"https:\\\/\\\/www.eldigitaldeasturias.com\\\/noticias\\\/la-fractura-del-pp-amenaza-a-rajoy\\\/#blogposting\",\"name\":\"La fractura del PP amenaza a Rajoy - El Digital de Asturias\",\"headline\":\"La fractura del PP amenaza a Rajoy\",\"author\":{\"@id\":\"https:\\\/\\\/www.eldigitaldeasturias.com\\\/noticias\\\/author\\\/admin\\\/#author\"},\"publisher\":{\"@id\":\"https:\\\/\\\/www.eldigitaldeasturias.com\\\/noticias\\\/#organization\"},\"image\":{\"@type\":\"ImageObject\",\"url\":439691},\"datePublished\":\"2014-01-30T00:51:20+01:00\",\"dateModified\":\"2014-01-30T00:51:20+01:00\",\"inLanguage\":\"es-ES\",\"mainEntityOfPage\":{\"@id\":\"https:\\\/\\\/www.eldigitaldeasturias.com\\\/noticias\\\/la-fractura-del-pp-amenaza-a-rajoy\\\/#webpage\"},\"isPartOf\":{\"@id\":\"https:\\\/\\\/www.eldigitaldeasturias.com\\\/noticias\\\/la-fractura-del-pp-amenaza-a-rajoy\\\/#webpage\"},\"articleSection\":\"Actualidad\"},{\"@type\":\"BreadcrumbList\",\"@id\":\"https:\\\/\\\/www.eldigitaldeasturias.com\\\/noticias\\\/la-fractura-del-pp-amenaza-a-rajoy\\\/#breadcrumblist\",\"itemListElement\":[{\"@type\":\"ListItem\",\"@id\":\"https:\\\/\\\/www.eldigitaldeasturias.com\\\/noticias#listItem\",\"position\":1,\"name\":\"Home\",\"item\":\"https:\\\/\\\/www.eldigitaldeasturias.com\\\/noticias\",\"nextItem\":{\"@type\":\"ListItem\",\"@id\":\"https:\\\/\\\/www.eldigitaldeasturias.com\\\/noticias\\\/category\\\/actualidad\\\/#listItem\",\"name\":\"Actualidad\"}},{\"@type\":\"ListItem\",\"@id\":\"https:\\\/\\\/www.eldigitaldeasturias.com\\\/noticias\\\/category\\\/actualidad\\\/#listItem\",\"position\":2,\"name\":\"Actualidad\",\"item\":\"https:\\\/\\\/www.eldigitaldeasturias.com\\\/noticias\\\/category\\\/actualidad\\\/\",\"nextItem\":{\"@type\":\"ListItem\",\"@id\":\"https:\\\/\\\/www.eldigitaldeasturias.com\\\/noticias\\\/la-fractura-del-pp-amenaza-a-rajoy\\\/#listItem\",\"name\":\"La fractura del PP amenaza a Rajoy\"},\"previousItem\":{\"@type\":\"ListItem\",\"@id\":\"https:\\\/\\\/www.eldigitaldeasturias.com\\\/noticias#listItem\",\"name\":\"Home\"}},{\"@type\":\"ListItem\",\"@id\":\"https:\\\/\\\/www.eldigitaldeasturias.com\\\/noticias\\\/la-fractura-del-pp-amenaza-a-rajoy\\\/#listItem\",\"position\":3,\"name\":\"La fractura del PP amenaza a Rajoy\",\"previousItem\":{\"@type\":\"ListItem\",\"@id\":\"https:\\\/\\\/www.eldigitaldeasturias.com\\\/noticias\\\/category\\\/actualidad\\\/#listItem\",\"name\":\"Actualidad\"}}]},{\"@type\":\"Organization\",\"@id\":\"https:\\\/\\\/www.eldigitaldeasturias.com\\\/noticias\\\/#organization\",\"name\":\"El Digital de Asturias\",\"description\":\"Hemeroteca\",\"url\":\"https:\\\/\\\/www.eldigitaldeasturias.com\\\/noticias\\\/\",\"email\":\"info@eldigitaldeasturias.com\",\"telephone\":\"+34652131393\",\"logo\":{\"@type\":\"ImageObject\",\"url\":\"https:\\\/\\\/www.eldigitaldeasturias.com\\\/noticias\\\/wp-content\\\/uploads\\\/2020\\\/12\\\/EDA.jpg\",\"@id\":\"https:\\\/\\\/www.eldigitaldeasturias.com\\\/noticias\\\/la-fractura-del-pp-amenaza-a-rajoy\\\/#organizationLogo\"},\"image\":{\"@id\":\"https:\\\/\\\/www.eldigitaldeasturias.com\\\/noticias\\\/la-fractura-del-pp-amenaza-a-rajoy\\\/#organizationLogo\"},\"sameAs\":[\"https:\\\/\\\/facebook.com\\\/eldigitaldeasturias\",\"https:\\\/\\\/www.youtube.com\\\/channel\\\/UCZP-2wLEB9Rv6erhFmqVnvg\"],\"address\":{\"@id\":\"https:\\\/\\\/www.eldigitaldeasturias.com\\\/noticias\\\/#postaladdress\",\"@type\":\"PostalAddress\",\"streetAddress\":\"san antonio 4\",\"postalCode\":\"33430\",\"addressLocality\":\"Cand\\u00e1s\",\"addressRegion\":\"Asturias\",\"addressCountry\":\"ES\"}},{\"@type\":\"Person\",\"@id\":\"https:\\\/\\\/www.eldigitaldeasturias.com\\\/noticias\\\/author\\\/admin\\\/#author\",\"url\":\"https:\\\/\\\/www.eldigitaldeasturias.com\\\/noticias\\\/author\\\/admin\\\/\",\"name\":\"El Digital de Asturias\",\"image\":{\"@type\":\"ImageObject\",\"@id\":\"https:\\\/\\\/www.eldigitaldeasturias.com\\\/noticias\\\/la-fractura-del-pp-amenaza-a-rajoy\\\/#authorImage\",\"url\":\"https:\\\/\\\/secure.gravatar.com\\\/avatar\\\/df2aeffc32bcd13f8d26072ef8a91b623d677766deac7f97ca815868cd41bf5e?s=96&d=mm&r=g\",\"width\":96,\"height\":96,\"caption\":\"El Digital de Asturias\"}},{\"@type\":\"WebPage\",\"@id\":\"https:\\\/\\\/www.eldigitaldeasturias.com\\\/noticias\\\/la-fractura-del-pp-amenaza-a-rajoy\\\/#webpage\",\"url\":\"https:\\\/\\\/www.eldigitaldeasturias.com\\\/noticias\\\/la-fractura-del-pp-amenaza-a-rajoy\\\/\",\"name\":\"La fractura del PP amenaza a Rajoy - El Digital de Asturias\",\"description\":\"Madrid, 29 ene (dpa) - El presidente del gobierno espa\\u00f1ol, Mariano Rajoy, se enfrenta a uno de los mayores retos internos desde que est\\u00e1 al frente del Partido Popular (PP): evitar que se consume la fractura que se ha abierto en la formaci\\u00f3n espa\\u00f1ola y que protagoniza su ala m\\u00e1s conservadora. Las cr\\u00edticas de tibieza\",\"inLanguage\":\"es-ES\",\"isPartOf\":{\"@id\":\"https:\\\/\\\/www.eldigitaldeasturias.com\\\/noticias\\\/#website\"},\"breadcrumb\":{\"@id\":\"https:\\\/\\\/www.eldigitaldeasturias.com\\\/noticias\\\/la-fractura-del-pp-amenaza-a-rajoy\\\/#breadcrumblist\"},\"author\":{\"@id\":\"https:\\\/\\\/www.eldigitaldeasturias.com\\\/noticias\\\/author\\\/admin\\\/#author\"},\"creator\":{\"@id\":\"https:\\\/\\\/www.eldigitaldeasturias.com\\\/noticias\\\/author\\\/admin\\\/#author\"},\"image\":{\"@type\":\"ImageObject\",\"url\":439691,\"@id\":\"https:\\\/\\\/www.eldigitaldeasturias.com\\\/noticias\\\/la-fractura-del-pp-amenaza-a-rajoy\\\/#mainImage\"},\"primaryImageOfPage\":{\"@id\":\"https:\\\/\\\/www.eldigitaldeasturias.com\\\/noticias\\\/la-fractura-del-pp-amenaza-a-rajoy\\\/#mainImage\"},\"datePublished\":\"2014-01-30T00:51:20+01:00\",\"dateModified\":\"2014-01-30T00:51:20+01:00\"},{\"@type\":\"WebSite\",\"@id\":\"https:\\\/\\\/www.eldigitaldeasturias.com\\\/noticias\\\/#website\",\"url\":\"https:\\\/\\\/www.eldigitaldeasturias.com\\\/noticias\\\/\",\"name\":\"El Digital de Asturias - Diario de actualidad y noticias\",\"alternateName\":\"El Digital de Asturias - Diario de actualidad y noticias\",\"description\":\"Hemeroteca\",\"inLanguage\":\"es-ES\",\"publisher\":{\"@id\":\"https:\\\/\\\/www.eldigitaldeasturias.com\\\/noticias\\\/#organization\"}}]}\n\t\t<\/script>\n\t\t<!-- All in One SEO Pro -->\r\n\t\t<title>La fractura del PP amenaza a Rajoy - El Digital de Asturias<\/title>\n\n","aioseo_head_json":{"title":"La fractura del PP amenaza a Rajoy - El Digital de Asturias","description":"Madrid, 29 ene (dpa) - El presidente del gobierno espa\u00f1ol, Mariano Rajoy, se enfrenta a uno de los mayores retos internos desde que est\u00e1 al frente del Partido Popular (PP): evitar que se consume la fractura que se ha abierto en la formaci\u00f3n espa\u00f1ola y que protagoniza su ala m\u00e1s conservadora. Las cr\u00edticas de tibieza","canonical_url":"https:\/\/www.eldigitaldeasturias.com\/noticias\/la-fractura-del-pp-amenaza-a-rajoy\/","robots":"max-image-preview:large","keywords":"actualidad","webmasterTools":{"google-site-verification":"UA-38556648-1","msvalidate.01":"7dfe9f3f1b24437ab69f4f2559babe99","miscellaneous":""},"schema":{"@context":"https:\/\/schema.org","@graph":[{"@type":"BlogPosting","@id":"https:\/\/www.eldigitaldeasturias.com\/noticias\/la-fractura-del-pp-amenaza-a-rajoy\/#blogposting","name":"La fractura del PP amenaza a Rajoy - El Digital de Asturias","headline":"La fractura del PP amenaza a Rajoy","author":{"@id":"https:\/\/www.eldigitaldeasturias.com\/noticias\/author\/admin\/#author"},"publisher":{"@id":"https:\/\/www.eldigitaldeasturias.com\/noticias\/#organization"},"image":{"@type":"ImageObject","url":439691},"datePublished":"2014-01-30T00:51:20+01:00","dateModified":"2014-01-30T00:51:20+01:00","inLanguage":"es-ES","mainEntityOfPage":{"@id":"https:\/\/www.eldigitaldeasturias.com\/noticias\/la-fractura-del-pp-amenaza-a-rajoy\/#webpage"},"isPartOf":{"@id":"https:\/\/www.eldigitaldeasturias.com\/noticias\/la-fractura-del-pp-amenaza-a-rajoy\/#webpage"},"articleSection":"Actualidad"},{"@type":"BreadcrumbList","@id":"https:\/\/www.eldigitaldeasturias.com\/noticias\/la-fractura-del-pp-amenaza-a-rajoy\/#breadcrumblist","itemListElement":[{"@type":"ListItem","@id":"https:\/\/www.eldigitaldeasturias.com\/noticias#listItem","position":1,"name":"Home","item":"https:\/\/www.eldigitaldeasturias.com\/noticias","nextItem":{"@type":"ListItem","@id":"https:\/\/www.eldigitaldeasturias.com\/noticias\/category\/actualidad\/#listItem","name":"Actualidad"}},{"@type":"ListItem","@id":"https:\/\/www.eldigitaldeasturias.com\/noticias\/category\/actualidad\/#listItem","position":2,"name":"Actualidad","item":"https:\/\/www.eldigitaldeasturias.com\/noticias\/category\/actualidad\/","nextItem":{"@type":"ListItem","@id":"https:\/\/www.eldigitaldeasturias.com\/noticias\/la-fractura-del-pp-amenaza-a-rajoy\/#listItem","name":"La fractura del PP amenaza a Rajoy"},"previousItem":{"@type":"ListItem","@id":"https:\/\/www.eldigitaldeasturias.com\/noticias#listItem","name":"Home"}},{"@type":"ListItem","@id":"https:\/\/www.eldigitaldeasturias.com\/noticias\/la-fractura-del-pp-amenaza-a-rajoy\/#listItem","position":3,"name":"La fractura del PP amenaza a Rajoy","previousItem":{"@type":"ListItem","@id":"https:\/\/www.eldigitaldeasturias.com\/noticias\/category\/actualidad\/#listItem","name":"Actualidad"}}]},{"@type":"Organization","@id":"https:\/\/www.eldigitaldeasturias.com\/noticias\/#organization","name":"El Digital de Asturias","description":"Hemeroteca","url":"https:\/\/www.eldigitaldeasturias.com\/noticias\/","email":"info@eldigitaldeasturias.com","telephone":"+34652131393","logo":{"@type":"ImageObject","url":"https:\/\/www.eldigitaldeasturias.com\/noticias\/wp-content\/uploads\/2020\/12\/EDA.jpg","@id":"https:\/\/www.eldigitaldeasturias.com\/noticias\/la-fractura-del-pp-amenaza-a-rajoy\/#organizationLogo"},"image":{"@id":"https:\/\/www.eldigitaldeasturias.com\/noticias\/la-fractura-del-pp-amenaza-a-rajoy\/#organizationLogo"},"sameAs":["https:\/\/facebook.com\/eldigitaldeasturias","https:\/\/www.youtube.com\/channel\/UCZP-2wLEB9Rv6erhFmqVnvg"],"address":{"@id":"https:\/\/www.eldigitaldeasturias.com\/noticias\/#postaladdress","@type":"PostalAddress","streetAddress":"san antonio 4","postalCode":"33430","addressLocality":"Cand\u00e1s","addressRegion":"Asturias","addressCountry":"ES"}},{"@type":"Person","@id":"https:\/\/www.eldigitaldeasturias.com\/noticias\/author\/admin\/#author","url":"https:\/\/www.eldigitaldeasturias.com\/noticias\/author\/admin\/","name":"El Digital de Asturias","image":{"@type":"ImageObject","@id":"https:\/\/www.eldigitaldeasturias.com\/noticias\/la-fractura-del-pp-amenaza-a-rajoy\/#authorImage","url":"https:\/\/secure.gravatar.com\/avatar\/df2aeffc32bcd13f8d26072ef8a91b623d677766deac7f97ca815868cd41bf5e?s=96&d=mm&r=g","width":96,"height":96,"caption":"El Digital de Asturias"}},{"@type":"WebPage","@id":"https:\/\/www.eldigitaldeasturias.com\/noticias\/la-fractura-del-pp-amenaza-a-rajoy\/#webpage","url":"https:\/\/www.eldigitaldeasturias.com\/noticias\/la-fractura-del-pp-amenaza-a-rajoy\/","name":"La fractura del PP amenaza a Rajoy - El Digital de Asturias","description":"Madrid, 29 ene (dpa) - El presidente del gobierno espa\u00f1ol, Mariano Rajoy, se enfrenta a uno de los mayores retos internos desde que est\u00e1 al frente del Partido Popular (PP): evitar que se consume la fractura que se ha abierto en la formaci\u00f3n espa\u00f1ola y que protagoniza su ala m\u00e1s conservadora. Las cr\u00edticas de tibieza","inLanguage":"es-ES","isPartOf":{"@id":"https:\/\/www.eldigitaldeasturias.com\/noticias\/#website"},"breadcrumb":{"@id":"https:\/\/www.eldigitaldeasturias.com\/noticias\/la-fractura-del-pp-amenaza-a-rajoy\/#breadcrumblist"},"author":{"@id":"https:\/\/www.eldigitaldeasturias.com\/noticias\/author\/admin\/#author"},"creator":{"@id":"https:\/\/www.eldigitaldeasturias.com\/noticias\/author\/admin\/#author"},"image":{"@type":"ImageObject","url":439691,"@id":"https:\/\/www.eldigitaldeasturias.com\/noticias\/la-fractura-del-pp-amenaza-a-rajoy\/#mainImage"},"primaryImageOfPage":{"@id":"https:\/\/www.eldigitaldeasturias.com\/noticias\/la-fractura-del-pp-amenaza-a-rajoy\/#mainImage"},"datePublished":"2014-01-30T00:51:20+01:00","dateModified":"2014-01-30T00:51:20+01:00"},{"@type":"WebSite","@id":"https:\/\/www.eldigitaldeasturias.com\/noticias\/#website","url":"https:\/\/www.eldigitaldeasturias.com\/noticias\/","name":"El Digital de Asturias - Diario de actualidad y noticias","alternateName":"El Digital de Asturias - Diario de actualidad y noticias","description":"Hemeroteca","inLanguage":"es-ES","publisher":{"@id":"https:\/\/www.eldigitaldeasturias.com\/noticias\/#organization"}}]},"og:locale":"es_ES","og:site_name":"El Digital de Asturias","og:type":"article","og:title":"La fractura del PP amenaza a Rajoy - El Digital de Asturias","og:description":"Madrid, 29 ene (dpa) - El presidente del gobierno espa\u00f1ol, Mariano Rajoy, se enfrenta a uno de los mayores retos internos desde que est\u00e1 al frente del Partido Popular (PP): evitar que se consume la fractura que se ha abierto en la formaci\u00f3n espa\u00f1ola y que protagoniza su ala m\u00e1s conservadora. Las cr\u00edticas de tibieza","og:url":"https:\/\/www.eldigitaldeasturias.com\/noticias\/la-fractura-del-pp-amenaza-a-rajoy\/","article:tag":["actualidad"],"article:published_time":"2014-01-30T01:51:20+00:00","article:modified_time":"2014-01-30T01:51:20+00:00","article:publisher":"https:\/\/facebook.com\/eldigitaldeasturias","twitter:card":"summary_large_image","twitter:title":"La fractura del PP amenaza a Rajoy - El Digital de Asturias","twitter:description":"Madrid, 29 ene (dpa) - El presidente del gobierno espa\u00f1ol, Mariano Rajoy, se enfrenta a uno de los mayores retos internos desde que est\u00e1 al frente del Partido Popular (PP): evitar que se consume la fractura que se ha abierto en la formaci\u00f3n espa\u00f1ola y que protagoniza su ala m\u00e1s conservadora. Las cr\u00edticas de tibieza","twitter:label1":"Escrito por","twitter:data1":"El Digital de Asturias","twitter:label2":"Tiempo de lectura estimado","twitter:data2":"5 minutos"},"aioseo_meta_data":{"post_id":"480337","title":null,"description":null,"keywords":null,"keyphrases":null,"primary_term":null,"canonical_url":null,"og_title":null,"og_description":null,"og_object_type":"default","og_image_type":"default","og_image_url":null,"og_image_width":null,"og_image_height":null,"og_image_custom_url":null,"og_image_custom_fields":null,"og_video":null,"og_custom_url":null,"og_article_section":null,"og_article_tags":null,"twitter_use_og":true,"twitter_card":"default","twitter_image_type":"default","twitter_image_url":null,"twitter_image_custom_url":null,"twitter_image_custom_fields":null,"twitter_title":null,"twitter_description":null,"schema":{"blockGraphs":[],"customGraphs":[],"default":{"data":{"Article":[],"Course":[],"Dataset":[],"FAQPage":[],"Movie":[],"Person":[],"Product":[],"ProductReview":[],"Car":[],"Recipe":[],"Service":[],"SoftwareApplication":[],"WebPage":[]},"graphName":"","isEnabled":true},"graphs":[],"defaultGraph":"","defaultPostTypeGraph":""},"schema_type":null,"schema_type_options":null,"pillar_content":false,"robots_default":true,"robots_noindex":false,"robots_noarchive":false,"robots_nosnippet":false,"robots_nofollow":false,"robots_noimageindex":false,"robots_noodp":false,"robots_notranslate":false,"robots_max_snippet":null,"robots_max_videopreview":null,"robots_max_imagepreview":"none","priority":null,"frequency":null,"local_seo":null,"seo_analyzer_scan_date":"2026-06-02 03:25:47","breadcrumb_settings":null,"limit_modified_date":false,"open_ai":null,"ai":null,"created":"2020-11-14 22:54:10","updated":"2026-06-02 03:25:47","focus_keyword":null,"additional_keywords":null,"truseo_locale":null},"aioseo_breadcrumb":"<div class=\"aioseo-breadcrumbs\"><span class=\"aioseo-breadcrumb\">\n\t<a href=\"https:\/\/www.eldigitaldeasturias.com\/noticias\" title=\"Home\">Home<\/a>\n<\/span><span class=\"aioseo-breadcrumb-separator\">\u2013<\/span><span class=\"aioseo-breadcrumb\">\n\t<a href=\"https:\/\/www.eldigitaldeasturias.com\/noticias\/category\/actualidad\/\" title=\"Actualidad\">Actualidad<\/a>\n<\/span><span class=\"aioseo-breadcrumb-separator\">\u2013<\/span><span class=\"aioseo-breadcrumb\">\n\t<a href=\"https:\/\/www.eldigitaldeasturias.com\/noticias\/la-fractura-del-pp-amenaza-a-rajoy\/\" title=\"La fractura del PP amenaza a Rajoy\">La fractura del PP amenaza a Rajoy<\/a>\n<\/span><\/div>","aioseo_breadcrumb_json":[{"label":"Home","link":"https:\/\/www.eldigitaldeasturias.com\/noticias"},{"label":"Actualidad","link":"https:\/\/www.eldigitaldeasturias.com\/noticias\/category\/actualidad\/"},{"label":"La fractura del PP amenaza a Rajoy","link":"https:\/\/www.eldigitaldeasturias.com\/noticias\/la-fractura-del-pp-amenaza-a-rajoy\/"}],"_links":{"self":[{"href":"https:\/\/www.eldigitaldeasturias.com\/noticias\/wp-json\/wp\/v2\/posts\/480337","targetHints":{"allow":["GET"]}}],"collection":[{"href":"https:\/\/www.eldigitaldeasturias.com\/noticias\/wp-json\/wp\/v2\/posts"}],"about":[{"href":"https:\/\/www.eldigitaldeasturias.com\/noticias\/wp-json\/wp\/v2\/types\/post"}],"author":[{"embeddable":true,"href":"https:\/\/www.eldigitaldeasturias.com\/noticias\/wp-json\/wp\/v2\/users\/1"}],"replies":[{"embeddable":true,"href":"https:\/\/www.eldigitaldeasturias.com\/noticias\/wp-json\/wp\/v2\/comments?post=480337"}],"version-history":[{"count":0,"href":"https:\/\/www.eldigitaldeasturias.com\/noticias\/wp-json\/wp\/v2\/posts\/480337\/revisions"}],"wp:attachment":[{"href":"https:\/\/www.eldigitaldeasturias.com\/noticias\/wp-json\/wp\/v2\/media?parent=480337"}],"wp:term":[{"taxonomy":"category","embeddable":true,"href":"https:\/\/www.eldigitaldeasturias.com\/noticias\/wp-json\/wp\/v2\/categories?post=480337"},{"taxonomy":"post_tag","embeddable":true,"href":"https:\/\/www.eldigitaldeasturias.com\/noticias\/wp-json\/wp\/v2\/tags?post=480337"}],"curies":[{"name":"wp","href":"https:\/\/api.w.org\/{rel}","templated":true}]}}